{"id":44395,"date":"2025-07-18T10:52:39","date_gmt":"2025-07-18T08:52:39","guid":{"rendered":"https:\/\/digidem-bayern.de\/?p=44395"},"modified":"2025-07-18T11:07:10","modified_gmt":"2025-07-18T09:07:10","slug":"sehverlust-als-risikofaktor-fuer-demenz","status":"publish","type":"post","link":"https:\/\/digidem-bayern.de\/en\/sehverlust-als-risikofaktor-fuer-demenz\/","title":{"rendered":"Sehverlust als Risikofaktor f\u00fcr Demenz"},"content":{"rendered":"<p>In den vergangenen Jahren hat sich das Wissen \u00fcber Risikofaktoren f\u00fcr Demenzerkrankungen wesentlich vergr\u00f6\u00dfert. Dabei standen lange Zeit Faktoren wie Bluthochdruck, Bewegungsmangel oder Rauchen im Vordergrund. Aktuelle Forschungsergebnisse werfen nun ein neues Licht auf oft untersch\u00e4tzte Risikofaktoren wie Sehbeeintr\u00e4chtigungen und Augenerkrankungen.&nbsp;<\/p>\n\n\n\n<p>So hat 2024&nbsp;ein internationales Team von Demenzexpertinnen und Demenzexperten,&nbsp;die renommierte Lancet Kommission, Sehbeeintr\u00e4chtigungen als einen ver\u00e4nderbaren Risikofaktor f\u00fcr Demenz eingestuft. Das bedeutet, dass regelm\u00e4\u00dfige Augenuntersuchungen und die Behandlung von Sehbeeintr\u00e4chtigungen nicht nur das t\u00e4gliche Leben erleichtern, sondern auch einen Beitrag zur langfristigen kognitiven Gesundheit leisten k\u00f6nnen.<\/p>\n\n\n\n<p>Dr. El\u017cbieta Ku\u017ama ist wissenschaftliche Mitarbeiterin im Albertinen Krankenhaus\/Albertinen Haus gGmbH, ein akademisches Lehrkrankenhaus der medizinischen Fakult\u00e4t der Universit\u00e4t Hamburg und eine Einrichtung der Immanuel Albertinen Diakonie. Zudem ist sie Mitherausgeberin des<em>&nbsp;Journal of Alzheimer&#8217;s Disease.&nbsp;<\/em>Im Rahmen einer wissenschaftlichen \u00dcbersichtsarbeit hat sich Dr. El\u017cbieta Ku\u017ama intensiv mit dem Zusammenhang zwischen Sehbeeintr\u00e4chtigungen und Demenzrisiko befasst. In diesem Webinar spricht sie \u00fcber die aktuellen wissenschaftlichen Erkenntnisse.&nbsp;<\/p>\n\n\n\n<figure class=\"wp-block-embed is-type-video is-provider-youtube wp-block-embed-youtube wp-embed-aspect-16-9 wp-has-aspect-ratio\"><div class=\"wp-block-embed__wrapper\">\n<iframe loading=\"lazy\" title=\"Webinar: Sehverlust als Risikofaktor f\u00fcr Demenz\" width=\"1223\" height=\"688\" src=\"https:\/\/www.youtube.com\/embed\/wTzhKB5Q2ZQ?feature=oembed\" frameborder=\"0\" allow=\"accelerometer; autoplay; clipboard-write; encrypted-media; gyroscope; picture-in-picture; web-share\" referrerpolicy=\"strict-origin-when-cross-origin\" allowfullscreen><\/iframe>\n<\/div><\/figure>\n\n\n\n<p><\/p>\n\n\n\n<p class=\"has-text-align-center\"><a href=\"https:\/\/digidem-bayern.de\/wp-content\/uploads\/2025\/07\/2025-07-15_digiDEM-Webinar_Nr72_Copyright.pdf\" data-type=\"link\" data-id=\"https:\/\/digidem-bayern.de\/wp-content\/uploads\/2024\/11\/2024-11-12_digiDEM-Webinar_Nr63_Copyright.pdf\"><strong>Hier gibt es das Webinar als PDF zum&nbsp;Download<\/strong>.<\/a><\/p>\n\n\n\n<p><\/p>\n\n\n\n<p><\/p>\n\n\n\n<div class=\"wp-block-stackable-columns stk-block-columns stk-block stk-1abb464\" data-block-id=\"1abb464\"><div class=\"stk-row stk-inner-blocks stk-block-content stk-content-align stk-1abb464-column\">\n<div class=\"wp-block-stackable-column stk-block-column stk-column stk-block stk-38a7c84\" data-v=\"4\" data-block-id=\"38a7c84\"><div class=\"stk-column-wrapper stk-block-column__content stk-container stk-38a7c84-container stk--no-background stk--no-padding\"><div class=\"stk-block-content stk-inner-blocks stk-38a7c84-inner-blocks\">\n<div class=\"wp-block-uagb-team uagb-team__image-position-above uagb-team__align-center uagb-team__stack-tablet uagb-block-df5b540b\"><div class=\"uagb-team__content\"><img decoding=\"async\" class=\"uagb-team__image-crop-circle\" src=\"https:\/\/digidem-bayern.de\/wp-content\/uploads\/2022\/11\/AKE_NEU_Qudarat.jpg\" alt=\"\" height=\"120\" width=\"120\" loading=\"lazy\"\/><h3 class=\"uagb-team__title\">Anne Keefer, M. Sc.<\/h3><span class=\"uagb-team__prefix\">Wissenschaftliche Mitarbeiterin <\/span><p class=\"uagb-team__desc\">Moderation<\/p><\/div><\/div>\n<\/div><\/div><\/div>\n\n\n\n<div class=\"wp-block-stackable-column stk-block-column stk-column stk-block stk-3aae72b\" data-v=\"4\" data-block-id=\"3aae72b\"><div class=\"stk-column-wrapper stk-block-column__content stk-container stk-3aae72b-container stk--no-background stk--no-padding\"><div class=\"stk-block-content stk-inner-blocks stk-3aae72b-inner-blocks\">\n<div class=\"wp-block-uagb-team uagb-team__image-position-above uagb-team__align-center uagb-team__stack-tablet uagb-block-7e64a8eb\"><div class=\"uagb-team__content\"><img decoding=\"async\" class=\"uagb-team__image-crop-circle\" src=\"https:\/\/digidem-bayern.de\/wp-content\/uploads\/2022\/11\/JRUe_NEU_Quadrat.jpg\" alt=\"\" height=\"120\" width=\"120\" loading=\"lazy\"\/><h3 class=\"uagb-team__title\">Jana R\u00fchl, M. Sc.<\/h3><span class=\"uagb-team__prefix\">Wissenschaftliche Mitarbeiterin <\/span><p class=\"uagb-team__desc\">Chatroom und Betreuung<\/p><\/div><\/div>\n<\/div><\/div><\/div>\n<\/div><\/div>\n\n\n\n<p><\/p>","protected":false},"excerpt":{"rendered":"<p>In den vergangenen Jahren hat sich das Wissen \u00fcber Risikofaktoren f\u00fcr Demenzerkrankungen wesentlich vergr\u00f6\u00dfert. Dabei standen lange Zeit Faktoren wie Bluthochdruck, Bewegungsmangel oder Rauchen im Vordergrund. Aktuelle Forschungsergebnisse werfen nun ein neues Licht auf oft untersch\u00e4tzte Risikofaktoren wie Sehbeeintr\u00e4chtigungen und Augenerkrankungen.&nbsp; So hat 2024&nbsp;ein internationales Team von Demenzexpertinnen und Demenzexperten,&nbsp;die &hellip;<\/p>","protected":false},"author":7,"featured_media":44007,"comment_status":"open","ping_status":"closed","sticky":false,"template":"","format":"standard","meta":{"qubely_global_settings":"true","qubely_interactions":"","_uag_custom_page_level_css":"","footnotes":""},"categories":[123],"tags":[1657,13,1638,12,38,14,55,1656,1113,1579,1654,1636,1658],"class_list":["post-44395","post","type-post","status-publish","format-standard","has-post-thumbnail","hentry","category-sciene-watch-live-archiv","tag-albertinen-krankenhaus","tag-alzheimer","tag-augenarzt","tag-demenz-2","tag-demenzregister","tag-digidem","tag-digitales-demenzregister-bayern","tag-elzbieta-kuzma-2","tag-medical-valley-emn-e-v","tag-praeventiven-moeglichkeiten","tag-sehen","tag-sehverlust","tag-universitaet-hamburg"],"qubely_featured_image_url":{"full":["https:\/\/digidem-bayern.de\/wp-content\/uploads\/2025\/07\/Sehbeeintraechtigungen-shutterstock_1829781122.jpg",1000,667,false],"landscape":["https:\/\/digidem-bayern.de\/wp-content\/uploads\/2025\/07\/Sehbeeintraechtigungen-shutterstock_1829781122.jpg",1000,667,false],"portraits":["https:\/\/digidem-bayern.de\/wp-content\/uploads\/2025\/07\/Sehbeeintraechtigungen-shutterstock_1829781122-540x320.jpg",540,320,true],"thumbnail":["https:\/\/digidem-bayern.de\/wp-content\/uploads\/2025\/07\/Sehbeeintraechtigungen-shutterstock_1829781122-80x80.jpg",80,80,true],"medium":["https:\/\/digidem-bayern.de\/wp-content\/uploads\/2025\/07\/Sehbeeintraechtigungen-shutterstock_1829781122-300x200.jpg",300,200,true],"medium_large":["https:\/\/digidem-bayern.de\/wp-content\/uploads\/2025\/07\/Sehbeeintraechtigungen-shutterstock_1829781122-768x512.jpg",768,512,true],"large":["https:\/\/digidem-bayern.de\/wp-content\/uploads\/2025\/07\/Sehbeeintraechtigungen-shutterstock_1829781122.jpg",1000,667,false],"1536x1536":["https:\/\/digidem-bayern.de\/wp-content\/uploads\/2025\/07\/Sehbeeintraechtigungen-shutterstock_1829781122.jpg",1000,667,false],"2048x2048":["https:\/\/digidem-bayern.de\/wp-content\/uploads\/2025\/07\/Sehbeeintraechtigungen-shutterstock_1829781122.jpg",1000,667,false],"trp-custom-language-flag":["https:\/\/digidem-bayern.de\/wp-content\/uploads\/2025\/07\/Sehbeeintraechtigungen-shutterstock_1829781122.jpg",18,12,false],"qubely_landscape":["https:\/\/digidem-bayern.de\/wp-content\/uploads\/2025\/07\/Sehbeeintraechtigungen-shutterstock_1829781122.jpg",1000,667,false],"qubely_portrait":["https:\/\/digidem-bayern.de\/wp-content\/uploads\/2025\/07\/Sehbeeintraechtigungen-shutterstock_1829781122-540x320.jpg",540,320,true],"qubely_thumbnail":["https:\/\/digidem-bayern.de\/wp-content\/uploads\/2025\/07\/Sehbeeintraechtigungen-shutterstock_1829781122-140x100.jpg",140,100,true],"post-thumbnail":["https:\/\/digidem-bayern.de\/wp-content\/uploads\/2025\/07\/Sehbeeintraechtigungen-shutterstock_1829781122-525x350.jpg",525,350,true],"kahuna-featured":["https:\/\/digidem-bayern.de\/wp-content\/uploads\/2025\/07\/Sehbeeintraechtigungen-shutterstock_1829781122-734x350.jpg",734,350,true],"kahuna-featured-lp":["https:\/\/digidem-bayern.de\/wp-content\/uploads\/2025\/07\/Sehbeeintraechtigungen-shutterstock_1829781122-520x350.jpg",520,350,true],"kahuna-featured-half":["https:\/\/digidem-bayern.de\/wp-content\/uploads\/2025\/07\/Sehbeeintraechtigungen-shutterstock_1829781122-800x350.jpg",800,350,true],"kahuna-featured-third":["https:\/\/digidem-bayern.de\/wp-content\/uploads\/2025\/07\/Sehbeeintraechtigungen-shutterstock_1829781122-512x350.jpg",512,350,true],"kahuna-lpbox-1":["https:\/\/digidem-bayern.de\/wp-content\/uploads\/2025\/07\/Sehbeeintraechtigungen-shutterstock_1829781122-520x300.jpg",520,300,true],"kahuna-lpbox-2":["https:\/\/digidem-bayern.de\/wp-content\/uploads\/2025\/07\/Sehbeeintraechtigungen-shutterstock_1829781122-520x350.jpg",520,350,true],"demand-language-flag":["https:\/\/digidem-bayern.de\/wp-content\/uploads\/2025\/07\/Sehbeeintraechtigungen-shutterstock_1829781122-36x36.jpg",36,36,true],"dddkt-language-flag":["https:\/\/digidem-bayern.de\/wp-content\/uploads\/2025\/07\/Sehbeeintraechtigungen-shutterstock_1829781122-36x36.jpg",36,36,true],"ddiqc-language-flag":["https:\/\/digidem-bayern.de\/wp-content\/uploads\/2025\/07\/Sehbeeintraechtigungen-shutterstock_1829781122-36x36.jpg",36,36,true],"ddtl-language-flag":["https:\/\/digidem-bayern.de\/wp-content\/uploads\/2025\/07\/Sehbeeintraechtigungen-shutterstock_1829781122-36x36.jpg",36,36,true],"mailpoet_newsletter_max":["https:\/\/digidem-bayern.de\/wp-content\/uploads\/2025\/07\/Sehbeeintraechtigungen-shutterstock_1829781122.jpg",1000,667,false],"kahuna-lpbox-3":["https:\/\/digidem-bayern.de\/wp-content\/uploads\/2025\/07\/Sehbeeintraechtigungen-shutterstock_1829781122-520x350.jpg",520,350,true],"kahuna-featured-square":["https:\/\/digidem-bayern.de\/wp-content\/uploads\/2025\/07\/Sehbeeintraechtigungen-shutterstock_1829781122-512x512.jpg",512,512,true],"kahuna-featured-square-large":["https:\/\/digidem-bayern.de\/wp-content\/uploads\/2025\/07\/Sehbeeintraechtigungen-shutterstock_1829781122.jpg",1000,667,false]},"qubely_author":{"display_name":"Anne Keefer","author_link":"https:\/\/digidem-bayern.de\/en\/author\/ag-webinar\/"},"qubely_comment":63,"qubely_category":"<a href=\"https:\/\/digidem-bayern.de\/en\/category\/sciene-watch-live-archiv\/\" rel=\"category tag\">Sciene Watch Live ARCHIV<\/a>","qubely_excerpt":"In den vergangenen Jahren hat sich das Wissen \u00fcber Risikofaktoren f\u00fcr Demenzerkrankungen wesentlich vergr\u00f6\u00dfert. Dabei standen lange Zeit Faktoren wie Bluthochdruck, Bewegungsmangel oder Rauchen im Vordergrund. Aktuelle Forschungsergebnisse werfen nun ein neues Licht auf oft untersch\u00e4tzte Risikofaktoren wie Sehbeeintr\u00e4chtigungen und Augenerkrankungen.&nbsp; So hat 2024&nbsp;ein internationales Team von Demenzexpertinnen und Demenzexperten,&nbsp;die &hellip;","featured_image_urls_v2":{"full":["https:\/\/digidem-bayern.de\/wp-content\/uploads\/2025\/07\/Sehbeeintraechtigungen-shutterstock_1829781122.jpg",1000,667,false],"thumbnail":["https:\/\/digidem-bayern.de\/wp-content\/uploads\/2025\/07\/Sehbeeintraechtigungen-shutterstock_1829781122-80x80.jpg",80,80,true],"medium":["https:\/\/digidem-bayern.de\/wp-content\/uploads\/2025\/07\/Sehbeeintraechtigungen-shutterstock_1829781122-300x200.jpg",300,200,true],"medium_large":["https:\/\/digidem-bayern.de\/wp-content\/uploads\/2025\/07\/Sehbeeintraechtigungen-shutterstock_1829781122-768x512.jpg",768,512,true],"large":["https:\/\/digidem-bayern.de\/wp-content\/uploads\/2025\/07\/Sehbeeintraechtigungen-shutterstock_1829781122.jpg",1000,667,false],"1536x1536":["https:\/\/digidem-bayern.de\/wp-content\/uploads\/2025\/07\/Sehbeeintraechtigungen-shutterstock_1829781122.jpg",1000,667,false],"2048x2048":["https:\/\/digidem-bayern.de\/wp-content\/uploads\/2025\/07\/Sehbeeintraechtigungen-shutterstock_1829781122.jpg",1000,667,false],"trp-custom-language-flag":["https:\/\/digidem-bayern.de\/wp-content\/uploads\/2025\/07\/Sehbeeintraechtigungen-shutterstock_1829781122.jpg",18,12,false],"qubely_landscape":["https:\/\/digidem-bayern.de\/wp-content\/uploads\/2025\/07\/Sehbeeintraechtigungen-shutterstock_1829781122.jpg",1000,667,false],"qubely_portrait":["https:\/\/digidem-bayern.de\/wp-content\/uploads\/2025\/07\/Sehbeeintraechtigungen-shutterstock_1829781122-540x320.jpg",540,320,true],"qubely_thumbnail":["https:\/\/digidem-bayern.de\/wp-content\/uploads\/2025\/07\/Sehbeeintraechtigungen-shutterstock_1829781122-140x100.jpg",140,100,true],"post-thumbnail":["https:\/\/digidem-bayern.de\/wp-content\/uploads\/2025\/07\/Sehbeeintraechtigungen-shutterstock_1829781122-525x350.jpg",525,350,true],"kahuna-featured":["https:\/\/digidem-bayern.de\/wp-content\/uploads\/2025\/07\/Sehbeeintraechtigungen-shutterstock_1829781122-734x350.jpg",734,350,true],"kahuna-featured-lp":["https:\/\/digidem-bayern.de\/wp-content\/uploads\/2025\/07\/Sehbeeintraechtigungen-shutterstock_1829781122-520x350.jpg",520,350,true],"kahuna-featured-half":["https:\/\/digidem-bayern.de\/wp-content\/uploads\/2025\/07\/Sehbeeintraechtigungen-shutterstock_1829781122-800x350.jpg",800,350,true],"kahuna-featured-third":["https:\/\/digidem-bayern.de\/wp-content\/uploads\/2025\/07\/Sehbeeintraechtigungen-shutterstock_1829781122-512x350.jpg",512,350,true],"kahuna-lpbox-1":["https:\/\/digidem-bayern.de\/wp-content\/uploads\/2025\/07\/Sehbeeintraechtigungen-shutterstock_1829781122-520x300.jpg",520,300,true],"kahuna-lpbox-2":["https:\/\/digidem-bayern.de\/wp-content\/uploads\/2025\/07\/Sehbeeintraechtigungen-shutterstock_1829781122-520x350.jpg",520,350,true],"demand-language-flag":["https:\/\/digidem-bayern.de\/wp-content\/uploads\/2025\/07\/Sehbeeintraechtigungen-shutterstock_1829781122-36x36.jpg",36,36,true],"dddkt-language-flag":["https:\/\/digidem-bayern.de\/wp-content\/uploads\/2025\/07\/Sehbeeintraechtigungen-shutterstock_1829781122-36x36.jpg",36,36,true],"ddiqc-language-flag":["https:\/\/digidem-bayern.de\/wp-content\/uploads\/2025\/07\/Sehbeeintraechtigungen-shutterstock_1829781122-36x36.jpg",36,36,true],"ddtl-language-flag":["https:\/\/digidem-bayern.de\/wp-content\/uploads\/2025\/07\/Sehbeeintraechtigungen-shutterstock_1829781122-36x36.jpg",36,36,true],"mailpoet_newsletter_max":["https:\/\/digidem-bayern.de\/wp-content\/uploads\/2025\/07\/Sehbeeintraechtigungen-shutterstock_1829781122.jpg",1000,667,false],"kahuna-lpbox-3":["https:\/\/digidem-bayern.de\/wp-content\/uploads\/2025\/07\/Sehbeeintraechtigungen-shutterstock_1829781122-520x350.jpg",520,350,true],"kahuna-featured-square":["https:\/\/digidem-bayern.de\/wp-content\/uploads\/2025\/07\/Sehbeeintraechtigungen-shutterstock_1829781122-512x512.jpg",512,512,true],"kahuna-featured-square-large":["https:\/\/digidem-bayern.de\/wp-content\/uploads\/2025\/07\/Sehbeeintraechtigungen-shutterstock_1829781122.jpg",1000,667,false]},"post_excerpt_stackable_v2":"<p>In den vergangenen Jahren hat sich das Wissen \u00fcber Risikofaktoren f\u00fcr Demenzerkrankungen wesentlich vergr\u00f6\u00dfert. Dabei standen lange Zeit Faktoren wie Bluthochdruck, Bewegungsmangel oder Rauchen im Vordergrund. Aktuelle Forschungsergebnisse werfen nun ein neues Licht auf oft untersch\u00e4tzte Risikofaktoren wie Sehbeeintr\u00e4chtigungen und Augenerkrankungen.&nbsp; So hat 2024&nbsp;ein internationales Team von Demenzexpertinnen und Demenzexperten,&nbsp;die renommierte Lancet Kommission, Sehbeeintr\u00e4chtigungen als einen ver\u00e4nderbaren Risikofaktor f\u00fcr Demenz eingestuft. Das bedeutet, dass regelm\u00e4\u00dfige Augenuntersuchungen und die Behandlung von Sehbeeintr\u00e4chtigungen nicht nur das t\u00e4gliche Leben erleichtern, sondern auch einen Beitrag zur langfristigen kognitiven Gesundheit leisten k\u00f6nnen. Dr. El\u017cbieta Ku\u017ama ist wissenschaftliche Mitarbeiterin im Albertinen Krankenhaus\/Albertinen Haus gGmbH, ein akademisches&hellip;<\/p>\n","category_list_v2":"<a href=\"https:\/\/digidem-bayern.de\/en\/category\/sciene-watch-live-archiv\/\" rel=\"category tag\">Sciene Watch Live ARCHIV<\/a>","author_info_v2":{"name":"Anne Keefer","url":"https:\/\/digidem-bayern.de\/en\/author\/ag-webinar\/"},"comments_num_v2":"0 comments","yoast_head":"<!-- This site is optimized with the Yoast SEO plugin v27.4 - https:\/\/yoast.com\/product\/yoast-seo-wordpress\/ -->\n<title>Sehverlust als Risikofaktor f\u00fcr Demenz - digiDEM Bayern<\/title>\n<meta name=\"description\" content=\"Im Webinar &quot;digiDEM Bayern Science Watch LIVE&quot; behandeln Wissenschaftler ein Thema aus der Demenzforschung und stehen live f\u00fcr Fragen zur Verf\u00fcgung.\" \/>\n<meta name=\"robots\" content=\"index, follow, max-snippet:-1, max-image-preview:large, max-video-preview:-1\" \/>\n<link rel=\"canonical\" href=\"https:\/\/digidem-bayern.de\/en\/sehverlust-als-risikofaktor-fuer-demenz\/\" \/>\n<meta property=\"og:locale\" content=\"en_US\" \/>\n<meta property=\"og:type\" content=\"article\" \/>\n<meta property=\"og:title\" content=\"Sehverlust als Risikofaktor f\u00fcr Demenz - digiDEM Bayern\" \/>\n<meta property=\"og:description\" content=\"Im Webinar &quot;digiDEM Bayern Science Watch LIVE&quot; behandeln Wissenschaftler ein Thema aus der Demenzforschung und stehen live f\u00fcr Fragen zur Verf\u00fcgung.\" \/>\n<meta property=\"og:url\" content=\"https:\/\/digidem-bayern.de\/en\/sehverlust-als-risikofaktor-fuer-demenz\/\" \/>\n<meta property=\"og:site_name\" content=\"digiDEM Bayern\" \/>\n<meta property=\"article:publisher\" content=\"https:\/\/www.facebook.com\/digiDEMBayern\/\" \/>\n<meta property=\"article:published_time\" content=\"2025-07-18T08:52:39+00:00\" \/>\n<meta property=\"article:modified_time\" content=\"2025-07-18T09:07:10+00:00\" \/>\n<meta property=\"og:image\" content=\"https:\/\/digidem-bayern.de\/wp-content\/uploads\/2025\/07\/Sehbeeintraechtigungen-shutterstock_1829781122.jpg\" \/>\n\t<meta property=\"og:image:width\" content=\"1000\" \/>\n\t<meta property=\"og:image:height\" content=\"667\" \/>\n\t<meta property=\"og:image:type\" content=\"image\/jpeg\" \/>\n<meta name=\"author\" content=\"Anne Keefer\" \/>\n<meta name=\"twitter:label1\" content=\"Written by\" \/>\n\t<meta name=\"twitter:data1\" content=\"Anne Keefer\" \/>\n\t<meta name=\"twitter:label2\" content=\"Est. reading time\" \/>\n\t<meta name=\"twitter:data2\" content=\"2 minutes\" \/>\n<script type=\"application\/ld+json\" class=\"yoast-schema-graph\">{\"@context\":\"https:\\\/\\\/schema.org\",\"@graph\":[{\"@type\":\"Article\",\"@id\":\"https:\\\/\\\/digidem-bayern.de\\\/sehverlust-als-risikofaktor-fuer-demenz\\\/#article\",\"isPartOf\":{\"@id\":\"https:\\\/\\\/digidem-bayern.de\\\/sehverlust-als-risikofaktor-fuer-demenz\\\/\"},\"author\":{\"name\":\"Anne Keefer\",\"@id\":\"\\\/#\\\/schema\\\/person\\\/0e8781e0653d1a8e57ca55bd2c3cb01f\"},\"headline\":\"Sehverlust als Risikofaktor f\u00fcr Demenz\",\"datePublished\":\"2025-07-18T08:52:39+00:00\",\"dateModified\":\"2025-07-18T09:07:10+00:00\",\"mainEntityOfPage\":{\"@id\":\"https:\\\/\\\/digidem-bayern.de\\\/sehverlust-als-risikofaktor-fuer-demenz\\\/\"},\"wordCount\":218,\"commentCount\":0,\"publisher\":{\"@id\":\"\\\/#organization\"},\"image\":{\"@id\":\"https:\\\/\\\/digidem-bayern.de\\\/sehverlust-als-risikofaktor-fuer-demenz\\\/#primaryimage\"},\"thumbnailUrl\":\"https:\\\/\\\/digidem-bayern.de\\\/wp-content\\\/uploads\\\/2025\\\/07\\\/Sehbeeintraechtigungen-shutterstock_1829781122.jpg\",\"keywords\":[\"Albertinen Krankenhaus\",\"Alzheimer\",\"Augenarzt\",\"Demenz\",\"Demenzregister\",\"digidem\",\"Digitales Demenzregister Bayern\",\"Elzbieta Kuzma\",\"Medical Valley EMN e.V.\",\"pr\u00e4ventiven M\u00f6glichkeiten\",\"Sehen\",\"Sehverlust\",\"Universit\u00e4t Hamburg\"],\"articleSection\":[\"Sciene Watch Live ARCHIV\"],\"inLanguage\":\"en-US\",\"potentialAction\":[{\"@type\":\"CommentAction\",\"name\":\"Comment\",\"target\":[\"https:\\\/\\\/digidem-bayern.de\\\/sehverlust-als-risikofaktor-fuer-demenz\\\/#respond\"]}]},{\"@type\":\"WebPage\",\"@id\":\"https:\\\/\\\/digidem-bayern.de\\\/sehverlust-als-risikofaktor-fuer-demenz\\\/\",\"url\":\"https:\\\/\\\/digidem-bayern.de\\\/sehverlust-als-risikofaktor-fuer-demenz\\\/\",\"name\":\"Sehverlust als Risikofaktor f\u00fcr Demenz - digiDEM Bayern\",\"isPartOf\":{\"@id\":\"\\\/#website\"},\"primaryImageOfPage\":{\"@id\":\"https:\\\/\\\/digidem-bayern.de\\\/sehverlust-als-risikofaktor-fuer-demenz\\\/#primaryimage\"},\"image\":{\"@id\":\"https:\\\/\\\/digidem-bayern.de\\\/sehverlust-als-risikofaktor-fuer-demenz\\\/#primaryimage\"},\"thumbnailUrl\":\"https:\\\/\\\/digidem-bayern.de\\\/wp-content\\\/uploads\\\/2025\\\/07\\\/Sehbeeintraechtigungen-shutterstock_1829781122.jpg\",\"datePublished\":\"2025-07-18T08:52:39+00:00\",\"dateModified\":\"2025-07-18T09:07:10+00:00\",\"description\":\"Im Webinar \\\"digiDEM Bayern Science Watch LIVE\\\" behandeln Wissenschaftler ein Thema aus der Demenzforschung und stehen live f\u00fcr Fragen zur Verf\u00fcgung.\",\"breadcrumb\":{\"@id\":\"https:\\\/\\\/digidem-bayern.de\\\/sehverlust-als-risikofaktor-fuer-demenz\\\/#breadcrumb\"},\"inLanguage\":\"en-US\",\"potentialAction\":[{\"@type\":\"ReadAction\",\"target\":[\"https:\\\/\\\/digidem-bayern.de\\\/sehverlust-als-risikofaktor-fuer-demenz\\\/\"]}]},{\"@type\":\"ImageObject\",\"inLanguage\":\"en-US\",\"@id\":\"https:\\\/\\\/digidem-bayern.de\\\/sehverlust-als-risikofaktor-fuer-demenz\\\/#primaryimage\",\"url\":\"https:\\\/\\\/digidem-bayern.de\\\/wp-content\\\/uploads\\\/2025\\\/07\\\/Sehbeeintraechtigungen-shutterstock_1829781122.jpg\",\"contentUrl\":\"https:\\\/\\\/digidem-bayern.de\\\/wp-content\\\/uploads\\\/2025\\\/07\\\/Sehbeeintraechtigungen-shutterstock_1829781122.jpg\",\"width\":1000,\"height\":667,\"caption\":\"Foto: Shutterstock\"},{\"@type\":\"BreadcrumbList\",\"@id\":\"https:\\\/\\\/digidem-bayern.de\\\/sehverlust-als-risikofaktor-fuer-demenz\\\/#breadcrumb\",\"itemListElement\":[{\"@type\":\"ListItem\",\"position\":1,\"name\":\"Startseite\",\"item\":\"https:\\\/\\\/digidem-bayern.de\\\/\"},{\"@type\":\"ListItem\",\"position\":2,\"name\":\"Sehverlust als Risikofaktor f\u00fcr Demenz\"}]},{\"@type\":\"WebSite\",\"@id\":\"\\\/#website\",\"url\":\"\\\/\",\"name\":\"digiDEM Bayern\",\"description\":\"Das digitale Demenzregister Bayern erforscht und verbessert die Angebotsstuktur f\u00fcr Menschen mit Demenz und deren Angeh\u00f6rige\",\"publisher\":{\"@id\":\"\\\/#organization\"},\"potentialAction\":[{\"@type\":\"SearchAction\",\"target\":{\"@type\":\"EntryPoint\",\"urlTemplate\":\"\\\/?s={search_term_string}\"},\"query-input\":{\"@type\":\"PropertyValueSpecification\",\"valueRequired\":true,\"valueName\":\"search_term_string\"}}],\"inLanguage\":\"en-US\"},{\"@type\":\"Organization\",\"@id\":\"\\\/#organization\",\"name\":\"digiDEM Bayern\",\"url\":\"\\\/\",\"logo\":{\"@type\":\"ImageObject\",\"inLanguage\":\"en-US\",\"@id\":\"\\\/#\\\/schema\\\/logo\\\/image\\\/\",\"url\":\"https:\\\/\\\/digidem-bayern.de\\\/wp-content\\\/uploads\\\/2022\\\/03\\\/cropped-Allgemeines_digiDEMLOGO-removebg-preview.png\",\"contentUrl\":\"https:\\\/\\\/digidem-bayern.de\\\/wp-content\\\/uploads\\\/2022\\\/03\\\/cropped-Allgemeines_digiDEMLOGO-removebg-preview.png\",\"width\":612,\"height\":357,\"caption\":\"digiDEM Bayern\"},\"image\":{\"@id\":\"\\\/#\\\/schema\\\/logo\\\/image\\\/\"},\"sameAs\":[\"https:\\\/\\\/www.facebook.com\\\/digiDEMBayern\\\/\",\"https:\\\/\\\/x.com\\\/digidem_bayern\",\"https:\\\/\\\/www.instagram.com\\\/digidem.bayern\",\"https:\\\/\\\/www.linkedin.com\\\/company\\\/digidem-bayern\\\/\"]},{\"@type\":\"Person\",\"@id\":\"\\\/#\\\/schema\\\/person\\\/0e8781e0653d1a8e57ca55bd2c3cb01f\",\"name\":\"Anne Keefer\",\"url\":\"https:\\\/\\\/digidem-bayern.de\\\/en\\\/author\\\/ag-webinar\\\/\"}]}<\/script>\n<!-- \/ Yoast SEO plugin. -->","yoast_head_json":{"title":"Sehverlust als Risikofaktor f\u00fcr Demenz - digiDEM Bayern","description":"Im Webinar \"digiDEM Bayern Science Watch LIVE\" behandeln Wissenschaftler ein Thema aus der Demenzforschung und stehen live f\u00fcr Fragen zur Verf\u00fcgung.","robots":{"index":"index","follow":"follow","max-snippet":"max-snippet:-1","max-image-preview":"max-image-preview:large","max-video-preview":"max-video-preview:-1"},"canonical":"https:\/\/digidem-bayern.de\/en\/sehverlust-als-risikofaktor-fuer-demenz\/","og_locale":"en_US","og_type":"article","og_title":"Sehverlust als Risikofaktor f\u00fcr Demenz - digiDEM Bayern","og_description":"Im Webinar \"digiDEM Bayern Science Watch LIVE\" behandeln Wissenschaftler ein Thema aus der Demenzforschung und stehen live f\u00fcr Fragen zur Verf\u00fcgung.","og_url":"https:\/\/digidem-bayern.de\/en\/sehverlust-als-risikofaktor-fuer-demenz\/","og_site_name":"digiDEM Bayern","article_publisher":"https:\/\/www.facebook.com\/digiDEMBayern\/","article_published_time":"2025-07-18T08:52:39+00:00","article_modified_time":"2025-07-18T09:07:10+00:00","og_image":[{"width":1000,"height":667,"url":"https:\/\/digidem-bayern.de\/wp-content\/uploads\/2025\/07\/Sehbeeintraechtigungen-shutterstock_1829781122.jpg","type":"image\/jpeg"}],"author":"Anne Keefer","twitter_misc":{"Written by":"Anne Keefer","Est. reading time":"2 minutes"},"schema":{"@context":"https:\/\/schema.org","@graph":[{"@type":"Article","@id":"https:\/\/digidem-bayern.de\/sehverlust-als-risikofaktor-fuer-demenz\/#article","isPartOf":{"@id":"https:\/\/digidem-bayern.de\/sehverlust-als-risikofaktor-fuer-demenz\/"},"author":{"name":"Anne Keefer","@id":"\/#\/schema\/person\/0e8781e0653d1a8e57ca55bd2c3cb01f"},"headline":"Sehverlust als Risikofaktor f\u00fcr Demenz","datePublished":"2025-07-18T08:52:39+00:00","dateModified":"2025-07-18T09:07:10+00:00","mainEntityOfPage":{"@id":"https:\/\/digidem-bayern.de\/sehverlust-als-risikofaktor-fuer-demenz\/"},"wordCount":218,"commentCount":0,"publisher":{"@id":"\/#organization"},"image":{"@id":"https:\/\/digidem-bayern.de\/sehverlust-als-risikofaktor-fuer-demenz\/#primaryimage"},"thumbnailUrl":"https:\/\/digidem-bayern.de\/wp-content\/uploads\/2025\/07\/Sehbeeintraechtigungen-shutterstock_1829781122.jpg","keywords":["Albertinen Krankenhaus","Alzheimer","Augenarzt","Demenz","Demenzregister","digidem","Digitales Demenzregister Bayern","Elzbieta Kuzma","Medical Valley EMN e.V.","pr\u00e4ventiven M\u00f6glichkeiten","Sehen","Sehverlust","Universit\u00e4t Hamburg"],"articleSection":["Sciene Watch Live ARCHIV"],"inLanguage":"en-US","potentialAction":[{"@type":"CommentAction","name":"Comment","target":["https:\/\/digidem-bayern.de\/sehverlust-als-risikofaktor-fuer-demenz\/#respond"]}]},{"@type":"WebPage","@id":"https:\/\/digidem-bayern.de\/sehverlust-als-risikofaktor-fuer-demenz\/","url":"https:\/\/digidem-bayern.de\/sehverlust-als-risikofaktor-fuer-demenz\/","name":"Sehverlust als Risikofaktor f\u00fcr Demenz - digiDEM Bayern","isPartOf":{"@id":"\/#website"},"primaryImageOfPage":{"@id":"https:\/\/digidem-bayern.de\/sehverlust-als-risikofaktor-fuer-demenz\/#primaryimage"},"image":{"@id":"https:\/\/digidem-bayern.de\/sehverlust-als-risikofaktor-fuer-demenz\/#primaryimage"},"thumbnailUrl":"https:\/\/digidem-bayern.de\/wp-content\/uploads\/2025\/07\/Sehbeeintraechtigungen-shutterstock_1829781122.jpg","datePublished":"2025-07-18T08:52:39+00:00","dateModified":"2025-07-18T09:07:10+00:00","description":"Im Webinar \"digiDEM Bayern Science Watch LIVE\" behandeln Wissenschaftler ein Thema aus der Demenzforschung und stehen live f\u00fcr Fragen zur Verf\u00fcgung.","breadcrumb":{"@id":"https:\/\/digidem-bayern.de\/sehverlust-als-risikofaktor-fuer-demenz\/#breadcrumb"},"inLanguage":"en-US","potentialAction":[{"@type":"ReadAction","target":["https:\/\/digidem-bayern.de\/sehverlust-als-risikofaktor-fuer-demenz\/"]}]},{"@type":"ImageObject","inLanguage":"en-US","@id":"https:\/\/digidem-bayern.de\/sehverlust-als-risikofaktor-fuer-demenz\/#primaryimage","url":"https:\/\/digidem-bayern.de\/wp-content\/uploads\/2025\/07\/Sehbeeintraechtigungen-shutterstock_1829781122.jpg","contentUrl":"https:\/\/digidem-bayern.de\/wp-content\/uploads\/2025\/07\/Sehbeeintraechtigungen-shutterstock_1829781122.jpg","width":1000,"height":667,"caption":"Foto: Shutterstock"},{"@type":"BreadcrumbList","@id":"https:\/\/digidem-bayern.de\/sehverlust-als-risikofaktor-fuer-demenz\/#breadcrumb","itemListElement":[{"@type":"ListItem","position":1,"name":"Startseite","item":"https:\/\/digidem-bayern.de\/"},{"@type":"ListItem","position":2,"name":"Sehverlust als Risikofaktor f\u00fcr Demenz"}]},{"@type":"WebSite","@id":"\/#website","url":"\/","name":"digiDEM Bavaria","description":"The digital dementia register in Bavaria researches and improves the structure of services for people with dementia and their relatives","publisher":{"@id":"\/#organization"},"potentialAction":[{"@type":"SearchAction","target":{"@type":"EntryPoint","urlTemplate":"\/?s={search_term_string}"},"query-input":{"@type":"PropertyValueSpecification","valueRequired":true,"valueName":"search_term_string"}}],"inLanguage":"en-US"},{"@type":"Organization","@id":"\/#organization","name":"digiDEM Bavaria","url":"\/","logo":{"@type":"ImageObject","inLanguage":"en-US","@id":"\/#\/schema\/logo\/image\/","url":"https:\/\/digidem-bayern.de\/wp-content\/uploads\/2022\/03\/cropped-Allgemeines_digiDEMLOGO-removebg-preview.png","contentUrl":"https:\/\/digidem-bayern.de\/wp-content\/uploads\/2022\/03\/cropped-Allgemeines_digiDEMLOGO-removebg-preview.png","width":612,"height":357,"caption":"digiDEM Bayern"},"image":{"@id":"\/#\/schema\/logo\/image\/"},"sameAs":["https:\/\/www.facebook.com\/digiDEMBayern\/","https:\/\/x.com\/digidem_bayern","https:\/\/www.instagram.com\/digidem.bayern","https:\/\/www.linkedin.com\/company\/digidem-bayern\/"]},{"@type":"Person","@id":"\/#\/schema\/person\/0e8781e0653d1a8e57ca55bd2c3cb01f","name":"Anne Keefer","url":"https:\/\/digidem-bayern.de\/en\/author\/ag-webinar\/"}]}},"uagb_featured_image_src":{"full":["https:\/\/digidem-bayern.de\/wp-content\/uploads\/2025\/07\/Sehbeeintraechtigungen-shutterstock_1829781122.jpg",1000,667,false],"thumbnail":["https:\/\/digidem-bayern.de\/wp-content\/uploads\/2025\/07\/Sehbeeintraechtigungen-shutterstock_1829781122-80x80.jpg",80,80,true],"medium":["https:\/\/digidem-bayern.de\/wp-content\/uploads\/2025\/07\/Sehbeeintraechtigungen-shutterstock_1829781122-300x200.jpg",300,200,true],"medium_large":["https:\/\/digidem-bayern.de\/wp-content\/uploads\/2025\/07\/Sehbeeintraechtigungen-shutterstock_1829781122-768x512.jpg",768,512,true],"large":["https:\/\/digidem-bayern.de\/wp-content\/uploads\/2025\/07\/Sehbeeintraechtigungen-shutterstock_1829781122.jpg",1000,667,false],"1536x1536":["https:\/\/digidem-bayern.de\/wp-content\/uploads\/2025\/07\/Sehbeeintraechtigungen-shutterstock_1829781122.jpg",1000,667,false],"2048x2048":["https:\/\/digidem-bayern.de\/wp-content\/uploads\/2025\/07\/Sehbeeintraechtigungen-shutterstock_1829781122.jpg",1000,667,false],"trp-custom-language-flag":["https:\/\/digidem-bayern.de\/wp-content\/uploads\/2025\/07\/Sehbeeintraechtigungen-shutterstock_1829781122.jpg",18,12,false],"qubely_landscape":["https:\/\/digidem-bayern.de\/wp-content\/uploads\/2025\/07\/Sehbeeintraechtigungen-shutterstock_1829781122.jpg",1000,667,false],"qubely_portrait":["https:\/\/digidem-bayern.de\/wp-content\/uploads\/2025\/07\/Sehbeeintraechtigungen-shutterstock_1829781122-540x320.jpg",540,320,true],"qubely_thumbnail":["https:\/\/digidem-bayern.de\/wp-content\/uploads\/2025\/07\/Sehbeeintraechtigungen-shutterstock_1829781122-140x100.jpg",140,100,true],"post-thumbnail":["https:\/\/digidem-bayern.de\/wp-content\/uploads\/2025\/07\/Sehbeeintraechtigungen-shutterstock_1829781122-525x350.jpg",525,350,true],"kahuna-featured":["https:\/\/digidem-bayern.de\/wp-content\/uploads\/2025\/07\/Sehbeeintraechtigungen-shutterstock_1829781122-734x350.jpg",734,350,true],"kahuna-featured-lp":["https:\/\/digidem-bayern.de\/wp-content\/uploads\/2025\/07\/Sehbeeintraechtigungen-shutterstock_1829781122-520x350.jpg",520,350,true],"kahuna-featured-half":["https:\/\/digidem-bayern.de\/wp-content\/uploads\/2025\/07\/Sehbeeintraechtigungen-shutterstock_1829781122-800x350.jpg",800,350,true],"kahuna-featured-third":["https:\/\/digidem-bayern.de\/wp-content\/uploads\/2025\/07\/Sehbeeintraechtigungen-shutterstock_1829781122-512x350.jpg",512,350,true],"kahuna-lpbox-1":["https:\/\/digidem-bayern.de\/wp-content\/uploads\/2025\/07\/Sehbeeintraechtigungen-shutterstock_1829781122-520x300.jpg",520,300,true],"kahuna-lpbox-2":["https:\/\/digidem-bayern.de\/wp-content\/uploads\/2025\/07\/Sehbeeintraechtigungen-shutterstock_1829781122-520x350.jpg",520,350,true],"demand-language-flag":["https:\/\/digidem-bayern.de\/wp-content\/uploads\/2025\/07\/Sehbeeintraechtigungen-shutterstock_1829781122-36x36.jpg",36,36,true],"dddkt-language-flag":["https:\/\/digidem-bayern.de\/wp-content\/uploads\/2025\/07\/Sehbeeintraechtigungen-shutterstock_1829781122-36x36.jpg",36,36,true],"ddiqc-language-flag":["https:\/\/digidem-bayern.de\/wp-content\/uploads\/2025\/07\/Sehbeeintraechtigungen-shutterstock_1829781122-36x36.jpg",36,36,true],"ddtl-language-flag":["https:\/\/digidem-bayern.de\/wp-content\/uploads\/2025\/07\/Sehbeeintraechtigungen-shutterstock_1829781122-36x36.jpg",36,36,true],"mailpoet_newsletter_max":["https:\/\/digidem-bayern.de\/wp-content\/uploads\/2025\/07\/Sehbeeintraechtigungen-shutterstock_1829781122.jpg",1000,667,false],"kahuna-lpbox-3":["https:\/\/digidem-bayern.de\/wp-content\/uploads\/2025\/07\/Sehbeeintraechtigungen-shutterstock_1829781122-520x350.jpg",520,350,true],"kahuna-featured-square":["https:\/\/digidem-bayern.de\/wp-content\/uploads\/2025\/07\/Sehbeeintraechtigungen-shutterstock_1829781122-512x512.jpg",512,512,true],"kahuna-featured-square-large":["https:\/\/digidem-bayern.de\/wp-content\/uploads\/2025\/07\/Sehbeeintraechtigungen-shutterstock_1829781122.jpg",1000,667,false]},"uagb_author_info":{"display_name":"Anne Keefer","author_link":"https:\/\/digidem-bayern.de\/en\/author\/ag-webinar\/"},"uagb_comment_info":63,"uagb_excerpt":"In den vergangenen Jahren hat sich das Wissen \u00fcber Risikofaktoren f\u00fcr Demenzerkrankungen wesentlich vergr\u00f6\u00dfert. Dabei standen lange Zeit Faktoren wie Bluthochdruck, Bewegungsmangel oder Rauchen im Vordergrund. Aktuelle Forschungsergebnisse werfen nun ein neues Licht auf oft untersch\u00e4tzte Risikofaktoren wie Sehbeeintr\u00e4chtigungen und Augenerkrankungen.&nbsp; So hat 2024&nbsp;ein internationales Team von Demenzexpertinnen und Demenzexperten,&nbsp;die &hellip;","_links":{"self":[{"href":"https:\/\/digidem-bayern.de\/en\/wp-json\/wp\/v2\/posts\/44395","targetHints":{"allow":["GET"]}}],"collection":[{"href":"https:\/\/digidem-bayern.de\/en\/wp-json\/wp\/v2\/posts"}],"about":[{"href":"https:\/\/digidem-bayern.de\/en\/wp-json\/wp\/v2\/types\/post"}],"author":[{"embeddable":true,"href":"https:\/\/digidem-bayern.de\/en\/wp-json\/wp\/v2\/users\/7"}],"replies":[{"embeddable":true,"href":"https:\/\/digidem-bayern.de\/en\/wp-json\/wp\/v2\/comments?post=44395"}],"version-history":[{"count":3,"href":"https:\/\/digidem-bayern.de\/en\/wp-json\/wp\/v2\/posts\/44395\/revisions"}],"predecessor-version":[{"id":44400,"href":"https:\/\/digidem-bayern.de\/en\/wp-json\/wp\/v2\/posts\/44395\/revisions\/44400"}],"wp:featuredmedia":[{"embeddable":true,"href":"https:\/\/digidem-bayern.de\/en\/wp-json\/wp\/v2\/media\/44007"}],"wp:attachment":[{"href":"https:\/\/digidem-bayern.de\/en\/wp-json\/wp\/v2\/media?parent=44395"}],"wp:term":[{"taxonomy":"category","embeddable":true,"href":"https:\/\/digidem-bayern.de\/en\/wp-json\/wp\/v2\/categories?post=44395"},{"taxonomy":"post_tag","embeddable":true,"href":"https:\/\/digidem-bayern.de\/en\/wp-json\/wp\/v2\/tags?post=44395"}],"curies":[{"name":"wp","href":"https:\/\/api.w.org\/{rel}","templated":true}]}}