{"id":44295,"date":"2025-07-15T08:11:45","date_gmt":"2025-07-15T06:11:45","guid":{"rendered":"https:\/\/digidem-bayern.de\/?p=44295"},"modified":"2025-07-15T08:55:45","modified_gmt":"2025-07-15T06:55:45","slug":"demenzpflege-mit-digitalen-anwendungen-entlasten","status":"publish","type":"post","link":"https:\/\/digidem-bayern.de\/en\/demenzpflege-mit-digitalen-anwendungen-entlasten\/","title":{"rendered":"Demenzpflege: mit digitalen Anwendungen entlasten"},"content":{"rendered":"<p>Unruhe, Aggressionen oder Halluzinationen \u2013 sogenannte\u00a0verhaltensbezogene und psychologische Symptome bei Demenz (\u201eBehavioral and Psychological Symptoms of Dementia\u201c, kurz BPSD) treten bei rund 90 Prozent der Betroffenen auf. Sowohl f\u00fcr Menschen mit Demenz als auch ihre pflegenden An- und Zugeh\u00f6rigen stellt dies eine gro\u00dfe Belastung dar. Doch inwiefern k\u00f6nnen digitale Hilfsmittel wie zum Beispiel Apps und nicht-pharmakologische, technologiegest\u00fctzte Behandlungen f\u00fcr Entlastung bei pflegenden An- und Zugeh\u00f6rigen und eine Verbesserung des Wohlbefindens gef\u00e4hrdeter Zielgruppen sorgen? Wie wirksam sind sie, welches Potenzial steckt in ihnen? Mit diesen Fragestellungen haben sich zwei wissenschaftliche Publikationen befasst \u2013 eine Pilotstudie aus den USA und eine Studie aus Korea.\u00a0<\/p>\n\n\n\n<p>In einer Pilotstudie untersuchten Wissenschaftlerinnen und Wissenschaftler aus den USA die App Brain CareNotes, eine neuartige telemedizinische Anwendung. Die App bietet rund um die Uhr Informationen, Unterst\u00fctzung und die M\u00f6glichkeit, mit Pflegecoaches Kontakt aufzunehmen \u2013 f\u00fcr den Umgang <span style=\"color: #0f0f0ffc;\" class=\"stk-highlight\">mit<a>&nbsp;<\/a>herausfordernden Verhaltensweisen wie Unruh<\/span>e oder Aggression und psychischen Symptomen, die bei Demenz h\u00e4ufig auftreten.&nbsp;<\/p>\n\n\n\n<p>An der Studie nahmen 53 sogenannte Dyaden &#8211; bestehend aus einer Person mit Demenz und einer pflegenden Bezugsperson &#8211; teil. Die Teilnehmenden wurden in zwei Gruppen eingeteilt: Eine Gruppe erhielt die \u00fcbliche Versorgung, die andere erhielt die Brain CareNotes-App. Die Studie lief \u00fcber sechs Monate.<\/p>\n\n\n\n<p>Die Ergebnisse zeigten, dass die App gut angenommen wurde. Auf einer Skala von Null bis 100 lag die Benutzerfreundlichkeit der App nach sechsmonatiger Nutzung bei knapp \u00fcber 72, was einer Bewertung von \u201egut bis exzellent\u201c entspricht. Die meisten pflegenden An- und Zugeh\u00f6rigen fanden sie einfach zu bedienen. Zwischen 85 und 90 Prozent der pflegenden An- und Zugeh\u00f6rigen gaben an, die App auch in den n\u00e4chsten sechs Monaten nutzen zu wollen. Besonders hilfreich war die Kombination aus digitalen Informationen und pers\u00f6nlicher Unterst\u00fctzung durch eine Pflegefachkraft (Care Coach).<\/p>\n\n\n\n<p>Die Forschenden haben zudem eine Verringerung der Belastung nach Nutzung der App nachgewiesen, sowohl bei den pflegenden An- und Zugeh\u00f6rigen als auch hinsichtlich der\u00a0verhaltensbezogenen und psychologischen\u00a0Symptome der erkrankten Personen. Die Ergebnisse waren allerdings nicht signifikant.<\/p>\n\n\n\n<p>In der Studie betonten die Forschenden, dass die App ein gro\u00dfes Potenzial habe. Sie ist kosteng\u00fcnstig, ortsunabh\u00e4ngig einsetzbar und k\u00f6nnte fl\u00e4chendeckend vielen Pflegenden den Alltag erleichtern. Nach Ansicht der Forschenden sind allerdings weitere Studien mit gr\u00f6\u00dferen Teilnehmendenzahlen n\u00f6tig, um zu erforschen, ob die App Brain CareNotes langfristig helfen kann, Belastung und Stress bei der Demenzpflege zu reduzieren.<\/p>\n\n\n\n<div style=\"height:10px\" aria-hidden=\"true\" class=\"wp-block-spacer\"><\/div>\n\n\n\n<div class=\"wp-block-columns is-layout-flex wp-container-core-columns-is-layout-9d6595d7 wp-block-columns-is-layout-flex\">\n<div class=\"wp-block-column is-layout-flow wp-block-column-is-layout-flow\" style=\"flex-basis:20%\"><\/div>\n\n\n\n<div class=\"wp-block-column is-layout-flow wp-block-column-is-layout-flow\" style=\"flex-basis:60%\">\n<p class=\"has-text-align-center\"><strong>\u201e<strong><strong><strong><strong><strong><strong><strong>Digitale Helfer\u00a0k\u00f6nnen\u00a0verhaltensbezogene und psychologische<\/strong>\u00a0<strong>Symptome bei Menschen mit Demenz lindern und bei pflegenden An- und Zugeh\u00f6rigen Stress und Belastung reduziere<\/strong>n<\/strong><\/strong><\/strong><\/strong><\/strong>.<\/strong><span style=\"caret-color: rgb(0, 0, 0); color: rgb(0, 0, 0); font-family: -webkit-standard; font-size: medium; font-weight: 400; text-align: start; white-space: normal;\"><\/span>\u201c<\/strong><\/p>\n\n\n\n<p class=\"has-text-align-center\"><strong><strong>Dr. Michael Zeiler<\/strong>, digiDEM Bayern-Wissenschaftler<\/strong><\/p>\n<\/div>\n\n\n\n<div class=\"wp-block-column is-layout-flow wp-block-column-is-layout-flow\" style=\"flex-basis:20%\"><\/div>\n<\/div>\n\n\n\n<div style=\"height:10px\" aria-hidden=\"true\" class=\"wp-block-spacer\"><\/div>\n\n\n\n<p>Auch die Studie koreanischer Forschender untersuchte die\u00a0Wirksamkeit von digitalen Ma\u00dfnahmen bei\u00a0verhaltensbezogenen und psychologischen\u00a0Symptomen\u00a0von Demenz. In ihrer systematischen \u00dcbersichtsarbeit analysierten die Forschenden 16 sogenannte randomisiert kontrollierte Studien\u00a0aus Europa, Ozeanien, den Vereinigten Staaten und Asien. Dazu geh\u00f6rten Behandlungsma\u00dfnahmen wie zum Beispiel digitale Anwendungen f\u00fcr die Musik- und Reminiszenztherapie, soziale Interventionen mittels Roboter, um die soziale Einbindung zu f\u00f6rdern oder telemedizinische Coaching- und Beratungsprogramme f\u00fcr Betroffene und ihre pflegenden An- und Zugeh\u00f6rigen.\u00a0<\/p>\n\n\n\n<p>Durchgef\u00fchrt wurden die Studien in station\u00e4ren Langzeitpflegeeinrichtungen, Gemeinschaftseinrichtungen einschlie\u00dflich Tagespflegen, Begegnungszentren, aber auch zu Hause oder sowohl in Tagespflegezentren als auch zu Hause.&nbsp;<\/p>\n\n\n\n<p>Im Hauptergebnis wiesen die Wissenschaftler nach, dass\u00a0nicht-pharmakologische Interventionen, gest\u00fctzt von Informations- und Kommunikationstechnologien (IKT), wirksam sind und geeignet sein k\u00f6nnen, um\u00a0verhaltensbezogene und psychologische\u00a0Symptome\u00a0von Demenz zu lindern.\u00a0<\/p>\n\n\n\n<p>Dabei zeigten sich jedoch Unterschiede zwischen den Symptomen. Einen gro\u00dfen Effekt hatten die IKT-unterst\u00fctzten Ma\u00dfnahmen auf Depressionen, w\u00e4hrend der Effekt auf die&nbsp;psychologischen und verhaltensbezogenen Symptome insgesamt&nbsp;sowie auf Agitation (Unruhe) im Speziellen moderat war. Wissenschaftlich nicht signifikant nachgewiesen werden konnte ein Einfluss auf andere neuropsychiatrische Symptome wie Angstzust\u00e4nde und Apathie. Es bleibt also unklar, ob die Ergebnisse nur f\u00fcr diese Studie gelten oder generell \u00fcbertragbar sind. Dies erkl\u00e4rten die Forschenden mit der geringen Anzahl der untersuchten Studien in diesen speziellen Bereichen.<\/p>\n\n\n\n<p>Ein wichtiger Faktor, der die Wirksamkeit beeinflusste, war das Alter der Studienteilnehmenden. Bei j\u00fcngeren Demenzpatienten zeigten die IKT-gest\u00fctzten Behandlungsma\u00dfnahmen eine h\u00f6here Wirksamkeit als bei \u00e4lteren Betroffenen. Die Forschenden begr\u00fcndeten diesen Effekt damit, dass \u00e4ltere Patienten oft st\u00e4rkere sensorische, kognitive und motorische Einschr\u00e4nkungen haben, die die Nutzung der Technologien erschweren.<\/p>\n\n\n\n<p><strong>Tipp f\u00fcr die Praxis:<\/strong><\/p>\n\n\n\n<p>Technologiegest\u00fctzte Ma\u00dfnahmen k\u00f6nnen beim Umgang mit\u00a0verhaltensbezogenen und psychologischen\u00a0Symptomen der Demenz helfen. Wichtig ist, sich im Vorhinein \u00fcber die Wirksamkeit spezifischer Ma\u00dfnahmen zu informieren.<\/p>\n\n\n\n<p>Hier gelangen Sie zu den beiden Studien:<\/p>\n\n\n\n<p><a href=\"https:\/\/agsjournals.onlinelibrary.wiley.com\/doi\/10.1111\/jgs.18591\">Technology caregiver intervention for Alzheimer&#8217;s disease (I-CARE): Feasibility and preliminary efficacy of Brain CareNotes<\/a><\/p>\n\n\n\n<p><a href=\"https:\/\/www.sciencedirect.com\/science\/article\/pii\/S0020748922002218?via%3Dihub\">The effectiveness of non-pharmacological interventions using information and communication technologies for behavioral and psychological symptoms of dementia: A systematic review and meta-analysis<\/a><\/p>\n\n\n\n<p style=\"font-size:20px\">digiDEM Bayern entwickelt digitale Angebote f\u00fcr Menschen mit kognitiven Einschr\u00e4nkungen und Demenz sowie f\u00fcr pflegende An- und Zugeh\u00f6rige und ehrenamtliche Helfende und stellt die Angebote auf <a href=\"https:\/\/digidem-bayern.de\/en\/digitale-angebote\/\">digiDEM-Bayern.de<\/a> zur Verf\u00fcgung.<\/p>\n\n\n\n<p><strong>Unser Tipp: <\/strong><\/p>\n\n\n\n<p>Wer Menschen mit Ged\u00e4chtnisproblemen pflegt, hat oftmals vielf\u00e4ltige Herausforderungen im Alltag zu bew\u00e4ltigen. \u00dcberpr\u00fcfen Sie mit der&nbsp;<strong>digiDEM Bayern-Angeh\u00f6rigenampel<\/strong>&nbsp;Ihre k\u00f6rperliche und seelische (psychische) Belastung. Dies k\u00f6nnen Sie mit einem einfachen Selbsttest herausfinden. Zehn Fragen helfen dabei, die eigene Belastung zu erkennen und abzusch\u00e4tzen, welche gesundheitlichen Folgen damit verbunden sein k\u00f6nnen. Je nach Ihrem pers\u00f6nlichen Ergebnis geben wir Ihnen Empfehlungen, wie Sie Ihre Situation als Pflegende bzw. Pflegender verbessern k\u00f6nnen.<\/p>\n\n\n\n<p><a href=\"https:\/\/digidem-bayern.de\/en\/angehoerigenampel\/\">Hier geht\u2019s zu unserem Online-Angebot&nbsp;<strong>\u201eAngeh\u00f6rigenampel\u201c<\/strong>.<\/a> Sie k\u00f6nnen die Angeh\u00f6rigenampel ganz unkompliziert gerne auch auf Ihrer Webseite einbinden.&nbsp;<\/p>\n\n\n\n<p><\/p>\n\n\n\n<p>Alle Newsletter, die bisher erschienen sind, k\u00f6nnen Sie auch Nachlesen:&nbsp;<a href=\"https:\/\/digidem-bayern.de\/en\/newsletter-archiv\/\">Hier geht\u2019s zu unserem Newsletter-Archiv.<\/a><\/p>\n\n\n\n<p>Nutzen Sie auch unseren digitalen Fragebogen &#8222;digiDEM Bayern DEMAND\u00ae&#8220; und empfehlen Sie ihn weiter. Er hilft pflegenden An- und Zugeh\u00f6rigen, die eigenen Versorgungsbedarfe zu erkennen, wenn der Pflegebedarf von Menschen mit Demenz steigt.&nbsp;<a href=\"https:\/\/digidem-bayern.de\/en\/digitales-angebot-demand\/\">Hier gelangen Sie zum Fragebogen &#8222;digiDEM Bayern DEMAND\u00ae&#8220;.<\/a><\/p>\n\n\n\n<p><a href=\"https:\/\/digidem-bayern.de\/en\/newsletter-archiv\/\">Hier geht\u2019s zu den bisherigen Ausgaben unseres Newsletters <em>digiDEM Bayern DIGITAL UPDATE.<\/em><\/a><\/p>\n\n\n\n<p><\/p>\n\n\n\n<div style=\"height:20px\" aria-hidden=\"true\" class=\"wp-block-spacer\"><\/div>\n\n\n\n<div style=\"height:20px\" aria-hidden=\"true\" class=\"wp-block-spacer\"><\/div>","protected":false},"excerpt":{"rendered":"<p>Unruhe, Aggressionen oder Halluzinationen \u2013 sogenannte\u00a0verhaltensbezogene und psychologische Symptome bei Demenz (\u201eBehavioral and Psychological Symptoms of Dementia\u201c, kurz BPSD) treten bei rund 90 Prozent der Betroffenen auf. Sowohl f\u00fcr Menschen mit Demenz als auch ihre pflegenden An- und Zugeh\u00f6rigen stellt dies eine gro\u00dfe Belastung dar. Doch inwiefern k\u00f6nnen digitale Hilfsmittel &hellip;<\/p>","protected":false},"author":12,"featured_media":44298,"comment_status":"open","ping_status":"closed","sticky":false,"template":"","format":"standard","meta":{"qubely_global_settings":"","qubely_interactions":"","_uag_custom_page_level_css":"","footnotes":""},"categories":[8,5],"tags":[1648,1649,13,406,1061,850,1650,302,843,1651,1652,803,12,868,177,17,919,918,55,20,851,1653,616],"class_list":["post-44295","post","type-post","status-publish","format-standard","has-post-thumbnail","hentry","category-aktuelles-zu-digidem","category-wissenschaft-forschung","tag-unruhe-2","tag-aggressionen","tag-alzheimer","tag-alzheimer-demenz","tag-angstzustaende","tag-apathie","tag-aepp","tag-belastung","tag-bpsd","tag-brain-carenotes","tag-coaching","tag-demand","tag-demenz-2","tag-demenz-frueherkennung","tag-demenzrisiko","tag-digidem-bayern","tag-digidem-bayern-digital-update","tag-digital-update","tag-digitales-demenzregister-bayern","tag-digitalisierung","tag-halluzinationen","tag-ikt","tag-stress"],"qubely_featured_image_url":{"full":["https:\/\/digidem-bayern.de\/wp-content\/uploads\/2025\/07\/Demenzpflege.png",1080,1080,false],"landscape":["https:\/\/digidem-bayern.de\/wp-content\/uploads\/2025\/07\/Demenzpflege-1080x750.png",1080,750,true],"portraits":["https:\/\/digidem-bayern.de\/wp-content\/uploads\/2025\/07\/Demenzpflege-540x320.png",540,320,true],"thumbnail":["https:\/\/digidem-bayern.de\/wp-content\/uploads\/2025\/07\/Demenzpflege-80x80.png",80,80,true],"medium":["https:\/\/digidem-bayern.de\/wp-content\/uploads\/2025\/07\/Demenzpflege-300x300.png",300,300,true],"medium_large":["https:\/\/digidem-bayern.de\/wp-content\/uploads\/2025\/07\/Demenzpflege-768x768.png",768,768,true],"large":["https:\/\/digidem-bayern.de\/wp-content\/uploads\/2025\/07\/Demenzpflege-1030x1030.png",1030,1030,true],"1536x1536":["https:\/\/digidem-bayern.de\/wp-content\/uploads\/2025\/07\/Demenzpflege.png",1080,1080,false],"2048x2048":["https:\/\/digidem-bayern.de\/wp-content\/uploads\/2025\/07\/Demenzpflege.png",1080,1080,false],"trp-custom-language-flag":["https:\/\/digidem-bayern.de\/wp-content\/uploads\/2025\/07\/Demenzpflege.png",12,12,false],"qubely_landscape":["https:\/\/digidem-bayern.de\/wp-content\/uploads\/2025\/07\/Demenzpflege-1080x750.png",1080,750,true],"qubely_portrait":["https:\/\/digidem-bayern.de\/wp-content\/uploads\/2025\/07\/Demenzpflege-540x320.png",540,320,true],"qubely_thumbnail":["https:\/\/digidem-bayern.de\/wp-content\/uploads\/2025\/07\/Demenzpflege-140x100.png",140,100,true],"post-thumbnail":["https:\/\/digidem-bayern.de\/wp-content\/uploads\/2025\/07\/Demenzpflege-350x350.png",350,350,true],"kahuna-featured":["https:\/\/digidem-bayern.de\/wp-content\/uploads\/2025\/07\/Demenzpflege-734x350.png",734,350,true],"kahuna-featured-lp":["https:\/\/digidem-bayern.de\/wp-content\/uploads\/2025\/07\/Demenzpflege-520x350.png",520,350,true],"kahuna-featured-half":["https:\/\/digidem-bayern.de\/wp-content\/uploads\/2025\/07\/Demenzpflege-800x350.png",800,350,true],"kahuna-featured-third":["https:\/\/digidem-bayern.de\/wp-content\/uploads\/2025\/07\/Demenzpflege-512x350.png",512,350,true],"kahuna-lpbox-1":["https:\/\/digidem-bayern.de\/wp-content\/uploads\/2025\/07\/Demenzpflege-520x300.png",520,300,true],"kahuna-lpbox-2":["https:\/\/digidem-bayern.de\/wp-content\/uploads\/2025\/07\/Demenzpflege-520x350.png",520,350,true],"demand-language-flag":["https:\/\/digidem-bayern.de\/wp-content\/uploads\/2025\/07\/Demenzpflege-36x36.png",36,36,true],"dddkt-language-flag":["https:\/\/digidem-bayern.de\/wp-content\/uploads\/2025\/07\/Demenzpflege-36x36.png",36,36,true],"ddiqc-language-flag":["https:\/\/digidem-bayern.de\/wp-content\/uploads\/2025\/07\/Demenzpflege-36x36.png",36,36,true],"ddtl-language-flag":["https:\/\/digidem-bayern.de\/wp-content\/uploads\/2025\/07\/Demenzpflege-36x36.png",36,36,true],"mailpoet_newsletter_max":["https:\/\/digidem-bayern.de\/wp-content\/uploads\/2025\/07\/Demenzpflege.png",1080,1080,false],"kahuna-lpbox-3":["https:\/\/digidem-bayern.de\/wp-content\/uploads\/2025\/07\/Demenzpflege-520x350.png",520,350,true],"kahuna-featured-square":["https:\/\/digidem-bayern.de\/wp-content\/uploads\/2025\/07\/Demenzpflege-512x512.png",512,512,true],"kahuna-featured-square-large":["https:\/\/digidem-bayern.de\/wp-content\/uploads\/2025\/07\/Demenzpflege-1024x1024.png",1024,1024,true]},"qubely_author":{"display_name":"Ilona H\u00f6rath","author_link":"https:\/\/digidem-bayern.de\/en\/author\/hoeratia\/"},"qubely_comment":72,"qubely_category":"<a href=\"https:\/\/digidem-bayern.de\/en\/category\/aktuelles-zu-digidem\/\" rel=\"category tag\">Aktuelles zu digiDEM<\/a> <a href=\"https:\/\/digidem-bayern.de\/en\/category\/wissenschaft-forschung\/\" rel=\"category tag\">Wissenschaft &amp; Forschung<\/a>","qubely_excerpt":"Unruhe, Aggressionen oder Halluzinationen \u2013 sogenannte\u00a0verhaltensbezogene und psychologische Symptome bei Demenz (\u201eBehavioral and Psychological Symptoms of Dementia\u201c, kurz BPSD) treten bei rund 90 Prozent der Betroffenen auf. Sowohl f\u00fcr Menschen mit Demenz als auch ihre pflegenden An- und Zugeh\u00f6rigen stellt dies eine gro\u00dfe Belastung dar. Doch inwiefern k\u00f6nnen digitale Hilfsmittel &hellip;","featured_image_urls_v2":{"full":["https:\/\/digidem-bayern.de\/wp-content\/uploads\/2025\/07\/Demenzpflege.png",1080,1080,false],"thumbnail":["https:\/\/digidem-bayern.de\/wp-content\/uploads\/2025\/07\/Demenzpflege-80x80.png",80,80,true],"medium":["https:\/\/digidem-bayern.de\/wp-content\/uploads\/2025\/07\/Demenzpflege-300x300.png",300,300,true],"medium_large":["https:\/\/digidem-bayern.de\/wp-content\/uploads\/2025\/07\/Demenzpflege-768x768.png",768,768,true],"large":["https:\/\/digidem-bayern.de\/wp-content\/uploads\/2025\/07\/Demenzpflege-1030x1030.png",1030,1030,true],"1536x1536":["https:\/\/digidem-bayern.de\/wp-content\/uploads\/2025\/07\/Demenzpflege.png",1080,1080,false],"2048x2048":["https:\/\/digidem-bayern.de\/wp-content\/uploads\/2025\/07\/Demenzpflege.png",1080,1080,false],"trp-custom-language-flag":["https:\/\/digidem-bayern.de\/wp-content\/uploads\/2025\/07\/Demenzpflege.png",12,12,false],"qubely_landscape":["https:\/\/digidem-bayern.de\/wp-content\/uploads\/2025\/07\/Demenzpflege-1080x750.png",1080,750,true],"qubely_portrait":["https:\/\/digidem-bayern.de\/wp-content\/uploads\/2025\/07\/Demenzpflege-540x320.png",540,320,true],"qubely_thumbnail":["https:\/\/digidem-bayern.de\/wp-content\/uploads\/2025\/07\/Demenzpflege-140x100.png",140,100,true],"post-thumbnail":["https:\/\/digidem-bayern.de\/wp-content\/uploads\/2025\/07\/Demenzpflege-350x350.png",350,350,true],"kahuna-featured":["https:\/\/digidem-bayern.de\/wp-content\/uploads\/2025\/07\/Demenzpflege-734x350.png",734,350,true],"kahuna-featured-lp":["https:\/\/digidem-bayern.de\/wp-content\/uploads\/2025\/07\/Demenzpflege-520x350.png",520,350,true],"kahuna-featured-half":["https:\/\/digidem-bayern.de\/wp-content\/uploads\/2025\/07\/Demenzpflege-800x350.png",800,350,true],"kahuna-featured-third":["https:\/\/digidem-bayern.de\/wp-content\/uploads\/2025\/07\/Demenzpflege-512x350.png",512,350,true],"kahuna-lpbox-1":["https:\/\/digidem-bayern.de\/wp-content\/uploads\/2025\/07\/Demenzpflege-520x300.png",520,300,true],"kahuna-lpbox-2":["https:\/\/digidem-bayern.de\/wp-content\/uploads\/2025\/07\/Demenzpflege-520x350.png",520,350,true],"demand-language-flag":["https:\/\/digidem-bayern.de\/wp-content\/uploads\/2025\/07\/Demenzpflege-36x36.png",36,36,true],"dddkt-language-flag":["https:\/\/digidem-bayern.de\/wp-content\/uploads\/2025\/07\/Demenzpflege-36x36.png",36,36,true],"ddiqc-language-flag":["https:\/\/digidem-bayern.de\/wp-content\/uploads\/2025\/07\/Demenzpflege-36x36.png",36,36,true],"ddtl-language-flag":["https:\/\/digidem-bayern.de\/wp-content\/uploads\/2025\/07\/Demenzpflege-36x36.png",36,36,true],"mailpoet_newsletter_max":["https:\/\/digidem-bayern.de\/wp-content\/uploads\/2025\/07\/Demenzpflege.png",1080,1080,false],"kahuna-lpbox-3":["https:\/\/digidem-bayern.de\/wp-content\/uploads\/2025\/07\/Demenzpflege-520x350.png",520,350,true],"kahuna-featured-square":["https:\/\/digidem-bayern.de\/wp-content\/uploads\/2025\/07\/Demenzpflege-512x512.png",512,512,true],"kahuna-featured-square-large":["https:\/\/digidem-bayern.de\/wp-content\/uploads\/2025\/07\/Demenzpflege-1024x1024.png",1024,1024,true]},"post_excerpt_stackable_v2":"<p>Unruhe, Aggressionen oder Halluzinationen \u2013 sogenannte\u00a0verhaltensbezogene und psychologische Symptome bei Demenz (\u201eBehavioral and Psychological Symptoms of Dementia\u201c, kurz BPSD) treten bei rund 90 Prozent der Betroffenen auf. Sowohl f\u00fcr Menschen mit Demenz als auch ihre pflegenden An- und Zugeh\u00f6rigen stellt dies eine gro\u00dfe Belastung dar. Doch inwiefern k\u00f6nnen digitale Hilfsmittel wie zum Beispiel Apps und nicht-pharmakologische, technologiegest\u00fctzte Behandlungen f\u00fcr Entlastung bei pflegenden An- und Zugeh\u00f6rigen und eine Verbesserung des Wohlbefindens gef\u00e4hrdeter Zielgruppen sorgen? Wie wirksam sind sie, welches Potenzial steckt in ihnen? Mit diesen Fragestellungen haben sich zwei wissenschaftliche Publikationen befasst \u2013 eine Pilotstudie aus den USA und eine Studie&hellip;<\/p>\n","category_list_v2":"<a href=\"https:\/\/digidem-bayern.de\/en\/category\/aktuelles-zu-digidem\/\" rel=\"category tag\">Aktuelles zu digiDEM<\/a>, <a href=\"https:\/\/digidem-bayern.de\/en\/category\/wissenschaft-forschung\/\" rel=\"category tag\">Wissenschaft &amp; Forschung<\/a>","author_info_v2":{"name":"Ilona H\u00f6rath","url":"https:\/\/digidem-bayern.de\/en\/author\/hoeratia\/"},"comments_num_v2":"0 comments","yoast_head":"<!-- This site is optimized with the Yoast SEO plugin v27.4 - https:\/\/yoast.com\/product\/yoast-seo-wordpress\/ -->\n<title>Demenzpflege: mit digitalen Anwendungen entlasten - digiDEM Bayern<\/title>\n<meta name=\"description\" content=\"Der Bayerische Landesapothekerkammer unterst\u00fctzt digiDEM Bayern mit Hilfe des Netzwerks &quot;Demenzfreundliche Apotheken&quot;.\" \/>\n<meta name=\"robots\" content=\"index, follow, max-snippet:-1, max-image-preview:large, max-video-preview:-1\" \/>\n<link rel=\"canonical\" href=\"https:\/\/digidem-bayern.de\/en\/demenzpflege-mit-digitalen-anwendungen-entlasten\/\" \/>\n<meta property=\"og:locale\" content=\"en_US\" \/>\n<meta property=\"og:type\" content=\"article\" \/>\n<meta property=\"og:title\" content=\"Demenzpflege: mit digitalen Anwendungen entlasten - digiDEM Bayern\" \/>\n<meta property=\"og:description\" content=\"Der Bayerische Landesapothekerkammer unterst\u00fctzt digiDEM Bayern mit Hilfe des Netzwerks &quot;Demenzfreundliche Apotheken&quot;.\" \/>\n<meta property=\"og:url\" content=\"https:\/\/digidem-bayern.de\/en\/demenzpflege-mit-digitalen-anwendungen-entlasten\/\" \/>\n<meta property=\"og:site_name\" content=\"digiDEM Bayern\" \/>\n<meta property=\"article:publisher\" content=\"https:\/\/www.facebook.com\/digiDEMBayern\/\" \/>\n<meta property=\"article:published_time\" content=\"2025-07-15T06:11:45+00:00\" \/>\n<meta property=\"article:modified_time\" content=\"2025-07-15T06:55:45+00:00\" \/>\n<meta property=\"og:image\" content=\"https:\/\/digidem-bayern.de\/wp-content\/uploads\/2025\/07\/Demenzpflege.png\" \/>\n\t<meta property=\"og:image:width\" content=\"1080\" \/>\n\t<meta property=\"og:image:height\" content=\"1080\" \/>\n\t<meta property=\"og:image:type\" content=\"image\/png\" \/>\n<meta name=\"author\" content=\"Ilona H\u00f6rath\" \/>\n<meta name=\"twitter:label1\" content=\"Written by\" \/>\n\t<meta name=\"twitter:data1\" content=\"Ilona H\u00f6rath\" \/>\n\t<meta name=\"twitter:label2\" content=\"Est. reading time\" \/>\n\t<meta name=\"twitter:data2\" content=\"2 minutes\" \/>\n<script type=\"application\/ld+json\" class=\"yoast-schema-graph\">{\"@context\":\"https:\\\/\\\/schema.org\",\"@graph\":[{\"@type\":\"Article\",\"@id\":\"https:\\\/\\\/digidem-bayern.de\\\/demenzpflege-mit-digitalen-anwendungen-entlasten\\\/#article\",\"isPartOf\":{\"@id\":\"https:\\\/\\\/digidem-bayern.de\\\/demenzpflege-mit-digitalen-anwendungen-entlasten\\\/\"},\"author\":{\"name\":\"Ilona H\u00f6rath\",\"@id\":\"\\\/#\\\/schema\\\/person\\\/0bc1494f46fc2a051c761322a80e0941\"},\"headline\":\"Demenzpflege: mit digitalen Anwendungen entlasten\",\"datePublished\":\"2025-07-15T06:11:45+00:00\",\"dateModified\":\"2025-07-15T06:55:45+00:00\",\"mainEntityOfPage\":{\"@id\":\"https:\\\/\\\/digidem-bayern.de\\\/demenzpflege-mit-digitalen-anwendungen-entlasten\\\/\"},\"wordCount\":1015,\"commentCount\":0,\"publisher\":{\"@id\":\"\\\/#organization\"},\"image\":{\"@id\":\"https:\\\/\\\/digidem-bayern.de\\\/demenzpflege-mit-digitalen-anwendungen-entlasten\\\/#primaryimage\"},\"thumbnailUrl\":\"https:\\\/\\\/digidem-bayern.de\\\/wp-content\\\/uploads\\\/2025\\\/07\\\/Demenzpflege.png\",\"keywords\":[\"#Unruhe\",\"Aggressionen\",\"Alzheimer\",\"Alzheimer-Demenz\",\"Angstzust\u00e4nde\",\"Apathie\",\"\u00c4pp\",\"Belastung\",\"BPSD\",\"Brain CareNotes\",\"Coaching\",\"Demand\",\"Demenz\",\"Demenz-Fr\u00fcherkennung\",\"Demenzrisiko\",\"digidem Bayern\",\"digiDEM Bayern DIGITAL UPDATE\",\"DIGITAL UPDATE\",\"Digitales Demenzregister Bayern\",\"Digitalisierung\",\"Halluzinationen\",\"IKT\",\"Stress\"],\"articleSection\":[\"Aktuelles zu digiDEM\",\"Wissenschaft &amp; Forschung\"],\"inLanguage\":\"en-US\",\"potentialAction\":[{\"@type\":\"CommentAction\",\"name\":\"Comment\",\"target\":[\"https:\\\/\\\/digidem-bayern.de\\\/demenzpflege-mit-digitalen-anwendungen-entlasten\\\/#respond\"]}]},{\"@type\":\"WebPage\",\"@id\":\"https:\\\/\\\/digidem-bayern.de\\\/demenzpflege-mit-digitalen-anwendungen-entlasten\\\/\",\"url\":\"https:\\\/\\\/digidem-bayern.de\\\/demenzpflege-mit-digitalen-anwendungen-entlasten\\\/\",\"name\":\"Demenzpflege: mit digitalen Anwendungen entlasten - digiDEM Bayern\",\"isPartOf\":{\"@id\":\"\\\/#website\"},\"primaryImageOfPage\":{\"@id\":\"https:\\\/\\\/digidem-bayern.de\\\/demenzpflege-mit-digitalen-anwendungen-entlasten\\\/#primaryimage\"},\"image\":{\"@id\":\"https:\\\/\\\/digidem-bayern.de\\\/demenzpflege-mit-digitalen-anwendungen-entlasten\\\/#primaryimage\"},\"thumbnailUrl\":\"https:\\\/\\\/digidem-bayern.de\\\/wp-content\\\/uploads\\\/2025\\\/07\\\/Demenzpflege.png\",\"datePublished\":\"2025-07-15T06:11:45+00:00\",\"dateModified\":\"2025-07-15T06:55:45+00:00\",\"description\":\"Der Bayerische Landesapothekerkammer unterst\u00fctzt digiDEM Bayern mit Hilfe des Netzwerks \\\"Demenzfreundliche Apotheken\\\".\",\"breadcrumb\":{\"@id\":\"https:\\\/\\\/digidem-bayern.de\\\/demenzpflege-mit-digitalen-anwendungen-entlasten\\\/#breadcrumb\"},\"inLanguage\":\"en-US\",\"potentialAction\":[{\"@type\":\"ReadAction\",\"target\":[\"https:\\\/\\\/digidem-bayern.de\\\/demenzpflege-mit-digitalen-anwendungen-entlasten\\\/\"]}]},{\"@type\":\"ImageObject\",\"inLanguage\":\"en-US\",\"@id\":\"https:\\\/\\\/digidem-bayern.de\\\/demenzpflege-mit-digitalen-anwendungen-entlasten\\\/#primaryimage\",\"url\":\"https:\\\/\\\/digidem-bayern.de\\\/wp-content\\\/uploads\\\/2025\\\/07\\\/Demenzpflege.png\",\"contentUrl\":\"https:\\\/\\\/digidem-bayern.de\\\/wp-content\\\/uploads\\\/2025\\\/07\\\/Demenzpflege.png\",\"width\":1080,\"height\":1080,\"caption\":\"Inwiefern k\u00f6nnen digitale Hilfsmittel wie zum Beispiel Apps und nicht-pharmakologische, technologiegest\u00fctzte Behandlungen f\u00fcr Entlastung bei pflegenden An- und Zugeh\u00f6rigen und eine Verbesserung des Wohlbefindens gef\u00e4hrdeter Zielgruppen sorgen?\"},{\"@type\":\"BreadcrumbList\",\"@id\":\"https:\\\/\\\/digidem-bayern.de\\\/demenzpflege-mit-digitalen-anwendungen-entlasten\\\/#breadcrumb\",\"itemListElement\":[{\"@type\":\"ListItem\",\"position\":1,\"name\":\"Startseite\",\"item\":\"https:\\\/\\\/digidem-bayern.de\\\/\"},{\"@type\":\"ListItem\",\"position\":2,\"name\":\"Demenzpflege: mit digitalen Anwendungen entlasten\"}]},{\"@type\":\"WebSite\",\"@id\":\"\\\/#website\",\"url\":\"\\\/\",\"name\":\"digiDEM Bayern\",\"description\":\"Das digitale Demenzregister Bayern erforscht und verbessert die Angebotsstuktur f\u00fcr Menschen mit Demenz und deren Angeh\u00f6rige\",\"publisher\":{\"@id\":\"\\\/#organization\"},\"potentialAction\":[{\"@type\":\"SearchAction\",\"target\":{\"@type\":\"EntryPoint\",\"urlTemplate\":\"\\\/?s={search_term_string}\"},\"query-input\":{\"@type\":\"PropertyValueSpecification\",\"valueRequired\":true,\"valueName\":\"search_term_string\"}}],\"inLanguage\":\"en-US\"},{\"@type\":\"Organization\",\"@id\":\"\\\/#organization\",\"name\":\"digiDEM Bayern\",\"url\":\"\\\/\",\"logo\":{\"@type\":\"ImageObject\",\"inLanguage\":\"en-US\",\"@id\":\"\\\/#\\\/schema\\\/logo\\\/image\\\/\",\"url\":\"https:\\\/\\\/digidem-bayern.de\\\/wp-content\\\/uploads\\\/2022\\\/03\\\/cropped-Allgemeines_digiDEMLOGO-removebg-preview.png\",\"contentUrl\":\"https:\\\/\\\/digidem-bayern.de\\\/wp-content\\\/uploads\\\/2022\\\/03\\\/cropped-Allgemeines_digiDEMLOGO-removebg-preview.png\",\"width\":612,\"height\":357,\"caption\":\"digiDEM Bayern\"},\"image\":{\"@id\":\"\\\/#\\\/schema\\\/logo\\\/image\\\/\"},\"sameAs\":[\"https:\\\/\\\/www.facebook.com\\\/digiDEMBayern\\\/\",\"https:\\\/\\\/x.com\\\/digidem_bayern\",\"https:\\\/\\\/www.instagram.com\\\/digidem.bayern\",\"https:\\\/\\\/www.linkedin.com\\\/company\\\/digidem-bayern\\\/\"]},{\"@type\":\"Person\",\"@id\":\"\\\/#\\\/schema\\\/person\\\/0bc1494f46fc2a051c761322a80e0941\",\"name\":\"Ilona H\u00f6rath\",\"url\":\"https:\\\/\\\/digidem-bayern.de\\\/en\\\/author\\\/hoeratia\\\/\"}]}<\/script>\n<!-- \/ Yoast SEO plugin. -->","yoast_head_json":{"title":"Demenzpflege: mit digitalen Anwendungen entlasten - digiDEM Bayern","description":"Der Bayerische Landesapothekerkammer unterst\u00fctzt digiDEM Bayern mit Hilfe des Netzwerks \"Demenzfreundliche Apotheken\".","robots":{"index":"index","follow":"follow","max-snippet":"max-snippet:-1","max-image-preview":"max-image-preview:large","max-video-preview":"max-video-preview:-1"},"canonical":"https:\/\/digidem-bayern.de\/en\/demenzpflege-mit-digitalen-anwendungen-entlasten\/","og_locale":"en_US","og_type":"article","og_title":"Demenzpflege: mit digitalen Anwendungen entlasten - digiDEM Bayern","og_description":"Der Bayerische Landesapothekerkammer unterst\u00fctzt digiDEM Bayern mit Hilfe des Netzwerks \"Demenzfreundliche Apotheken\".","og_url":"https:\/\/digidem-bayern.de\/en\/demenzpflege-mit-digitalen-anwendungen-entlasten\/","og_site_name":"digiDEM Bayern","article_publisher":"https:\/\/www.facebook.com\/digiDEMBayern\/","article_published_time":"2025-07-15T06:11:45+00:00","article_modified_time":"2025-07-15T06:55:45+00:00","og_image":[{"width":1080,"height":1080,"url":"https:\/\/digidem-bayern.de\/wp-content\/uploads\/2025\/07\/Demenzpflege.png","type":"image\/png"}],"author":"Ilona H\u00f6rath","twitter_misc":{"Written by":"Ilona H\u00f6rath","Est. reading time":"2 minutes"},"schema":{"@context":"https:\/\/schema.org","@graph":[{"@type":"Article","@id":"https:\/\/digidem-bayern.de\/demenzpflege-mit-digitalen-anwendungen-entlasten\/#article","isPartOf":{"@id":"https:\/\/digidem-bayern.de\/demenzpflege-mit-digitalen-anwendungen-entlasten\/"},"author":{"name":"Ilona H\u00f6rath","@id":"\/#\/schema\/person\/0bc1494f46fc2a051c761322a80e0941"},"headline":"Demenzpflege: mit digitalen Anwendungen entlasten","datePublished":"2025-07-15T06:11:45+00:00","dateModified":"2025-07-15T06:55:45+00:00","mainEntityOfPage":{"@id":"https:\/\/digidem-bayern.de\/demenzpflege-mit-digitalen-anwendungen-entlasten\/"},"wordCount":1015,"commentCount":0,"publisher":{"@id":"\/#organization"},"image":{"@id":"https:\/\/digidem-bayern.de\/demenzpflege-mit-digitalen-anwendungen-entlasten\/#primaryimage"},"thumbnailUrl":"https:\/\/digidem-bayern.de\/wp-content\/uploads\/2025\/07\/Demenzpflege.png","keywords":["#Unruhe","Aggressionen","Alzheimer","Alzheimer-Demenz","Angstzust\u00e4nde","Apathie","\u00c4pp","Belastung","BPSD","Brain CareNotes","Coaching","Demand","Demenz","Demenz-Fr\u00fcherkennung","Demenzrisiko","digidem Bayern","digiDEM Bayern DIGITAL UPDATE","DIGITAL UPDATE","Digitales Demenzregister Bayern","Digitalisierung","Halluzinationen","IKT","Stress"],"articleSection":["Aktuelles zu digiDEM","Wissenschaft &amp; Forschung"],"inLanguage":"en-US","potentialAction":[{"@type":"CommentAction","name":"Comment","target":["https:\/\/digidem-bayern.de\/demenzpflege-mit-digitalen-anwendungen-entlasten\/#respond"]}]},{"@type":"WebPage","@id":"https:\/\/digidem-bayern.de\/demenzpflege-mit-digitalen-anwendungen-entlasten\/","url":"https:\/\/digidem-bayern.de\/demenzpflege-mit-digitalen-anwendungen-entlasten\/","name":"Demenzpflege: mit digitalen Anwendungen entlasten - digiDEM Bayern","isPartOf":{"@id":"\/#website"},"primaryImageOfPage":{"@id":"https:\/\/digidem-bayern.de\/demenzpflege-mit-digitalen-anwendungen-entlasten\/#primaryimage"},"image":{"@id":"https:\/\/digidem-bayern.de\/demenzpflege-mit-digitalen-anwendungen-entlasten\/#primaryimage"},"thumbnailUrl":"https:\/\/digidem-bayern.de\/wp-content\/uploads\/2025\/07\/Demenzpflege.png","datePublished":"2025-07-15T06:11:45+00:00","dateModified":"2025-07-15T06:55:45+00:00","description":"Der Bayerische Landesapothekerkammer unterst\u00fctzt digiDEM Bayern mit Hilfe des Netzwerks \"Demenzfreundliche Apotheken\".","breadcrumb":{"@id":"https:\/\/digidem-bayern.de\/demenzpflege-mit-digitalen-anwendungen-entlasten\/#breadcrumb"},"inLanguage":"en-US","potentialAction":[{"@type":"ReadAction","target":["https:\/\/digidem-bayern.de\/demenzpflege-mit-digitalen-anwendungen-entlasten\/"]}]},{"@type":"ImageObject","inLanguage":"en-US","@id":"https:\/\/digidem-bayern.de\/demenzpflege-mit-digitalen-anwendungen-entlasten\/#primaryimage","url":"https:\/\/digidem-bayern.de\/wp-content\/uploads\/2025\/07\/Demenzpflege.png","contentUrl":"https:\/\/digidem-bayern.de\/wp-content\/uploads\/2025\/07\/Demenzpflege.png","width":1080,"height":1080,"caption":"Inwiefern k\u00f6nnen digitale Hilfsmittel wie zum Beispiel Apps und nicht-pharmakologische, technologiegest\u00fctzte Behandlungen f\u00fcr Entlastung bei pflegenden An- und Zugeh\u00f6rigen und eine Verbesserung des Wohlbefindens gef\u00e4hrdeter Zielgruppen sorgen?"},{"@type":"BreadcrumbList","@id":"https:\/\/digidem-bayern.de\/demenzpflege-mit-digitalen-anwendungen-entlasten\/#breadcrumb","itemListElement":[{"@type":"ListItem","position":1,"name":"Startseite","item":"https:\/\/digidem-bayern.de\/"},{"@type":"ListItem","position":2,"name":"Demenzpflege: mit digitalen Anwendungen entlasten"}]},{"@type":"WebSite","@id":"\/#website","url":"\/","name":"digiDEM Bavaria","description":"The digital dementia register in Bavaria researches and improves the structure of services for people with dementia and their relatives","publisher":{"@id":"\/#organization"},"potentialAction":[{"@type":"SearchAction","target":{"@type":"EntryPoint","urlTemplate":"\/?s={search_term_string}"},"query-input":{"@type":"PropertyValueSpecification","valueRequired":true,"valueName":"search_term_string"}}],"inLanguage":"en-US"},{"@type":"Organization","@id":"\/#organization","name":"digiDEM Bavaria","url":"\/","logo":{"@type":"ImageObject","inLanguage":"en-US","@id":"\/#\/schema\/logo\/image\/","url":"https:\/\/digidem-bayern.de\/wp-content\/uploads\/2022\/03\/cropped-Allgemeines_digiDEMLOGO-removebg-preview.png","contentUrl":"https:\/\/digidem-bayern.de\/wp-content\/uploads\/2022\/03\/cropped-Allgemeines_digiDEMLOGO-removebg-preview.png","width":612,"height":357,"caption":"digiDEM Bayern"},"image":{"@id":"\/#\/schema\/logo\/image\/"},"sameAs":["https:\/\/www.facebook.com\/digiDEMBayern\/","https:\/\/x.com\/digidem_bayern","https:\/\/www.instagram.com\/digidem.bayern","https:\/\/www.linkedin.com\/company\/digidem-bayern\/"]},{"@type":"Person","@id":"\/#\/schema\/person\/0bc1494f46fc2a051c761322a80e0941","name":"Ilona H\u00f6rath","url":"https:\/\/digidem-bayern.de\/en\/author\/hoeratia\/"}]}},"uagb_featured_image_src":{"full":["https:\/\/digidem-bayern.de\/wp-content\/uploads\/2025\/07\/Demenzpflege.png",1080,1080,false],"thumbnail":["https:\/\/digidem-bayern.de\/wp-content\/uploads\/2025\/07\/Demenzpflege-80x80.png",80,80,true],"medium":["https:\/\/digidem-bayern.de\/wp-content\/uploads\/2025\/07\/Demenzpflege-300x300.png",300,300,true],"medium_large":["https:\/\/digidem-bayern.de\/wp-content\/uploads\/2025\/07\/Demenzpflege-768x768.png",768,768,true],"large":["https:\/\/digidem-bayern.de\/wp-content\/uploads\/2025\/07\/Demenzpflege-1030x1030.png",1030,1030,true],"1536x1536":["https:\/\/digidem-bayern.de\/wp-content\/uploads\/2025\/07\/Demenzpflege.png",1080,1080,false],"2048x2048":["https:\/\/digidem-bayern.de\/wp-content\/uploads\/2025\/07\/Demenzpflege.png",1080,1080,false],"trp-custom-language-flag":["https:\/\/digidem-bayern.de\/wp-content\/uploads\/2025\/07\/Demenzpflege.png",12,12,false],"qubely_landscape":["https:\/\/digidem-bayern.de\/wp-content\/uploads\/2025\/07\/Demenzpflege-1080x750.png",1080,750,true],"qubely_portrait":["https:\/\/digidem-bayern.de\/wp-content\/uploads\/2025\/07\/Demenzpflege-540x320.png",540,320,true],"qubely_thumbnail":["https:\/\/digidem-bayern.de\/wp-content\/uploads\/2025\/07\/Demenzpflege-140x100.png",140,100,true],"post-thumbnail":["https:\/\/digidem-bayern.de\/wp-content\/uploads\/2025\/07\/Demenzpflege-350x350.png",350,350,true],"kahuna-featured":["https:\/\/digidem-bayern.de\/wp-content\/uploads\/2025\/07\/Demenzpflege-734x350.png",734,350,true],"kahuna-featured-lp":["https:\/\/digidem-bayern.de\/wp-content\/uploads\/2025\/07\/Demenzpflege-520x350.png",520,350,true],"kahuna-featured-half":["https:\/\/digidem-bayern.de\/wp-content\/uploads\/2025\/07\/Demenzpflege-800x350.png",800,350,true],"kahuna-featured-third":["https:\/\/digidem-bayern.de\/wp-content\/uploads\/2025\/07\/Demenzpflege-512x350.png",512,350,true],"kahuna-lpbox-1":["https:\/\/digidem-bayern.de\/wp-content\/uploads\/2025\/07\/Demenzpflege-520x300.png",520,300,true],"kahuna-lpbox-2":["https:\/\/digidem-bayern.de\/wp-content\/uploads\/2025\/07\/Demenzpflege-520x350.png",520,350,true],"demand-language-flag":["https:\/\/digidem-bayern.de\/wp-content\/uploads\/2025\/07\/Demenzpflege-36x36.png",36,36,true],"dddkt-language-flag":["https:\/\/digidem-bayern.de\/wp-content\/uploads\/2025\/07\/Demenzpflege-36x36.png",36,36,true],"ddiqc-language-flag":["https:\/\/digidem-bayern.de\/wp-content\/uploads\/2025\/07\/Demenzpflege-36x36.png",36,36,true],"ddtl-language-flag":["https:\/\/digidem-bayern.de\/wp-content\/uploads\/2025\/07\/Demenzpflege-36x36.png",36,36,true],"mailpoet_newsletter_max":["https:\/\/digidem-bayern.de\/wp-content\/uploads\/2025\/07\/Demenzpflege.png",1080,1080,false],"kahuna-lpbox-3":["https:\/\/digidem-bayern.de\/wp-content\/uploads\/2025\/07\/Demenzpflege-520x350.png",520,350,true],"kahuna-featured-square":["https:\/\/digidem-bayern.de\/wp-content\/uploads\/2025\/07\/Demenzpflege-512x512.png",512,512,true],"kahuna-featured-square-large":["https:\/\/digidem-bayern.de\/wp-content\/uploads\/2025\/07\/Demenzpflege-1024x1024.png",1024,1024,true]},"uagb_author_info":{"display_name":"Ilona H\u00f6rath","author_link":"https:\/\/digidem-bayern.de\/en\/author\/hoeratia\/"},"uagb_comment_info":72,"uagb_excerpt":"Unruhe, Aggressionen oder Halluzinationen \u2013 sogenannte\u00a0verhaltensbezogene und psychologische Symptome bei Demenz (\u201eBehavioral and Psychological Symptoms of Dementia\u201c, kurz BPSD) treten bei rund 90 Prozent der Betroffenen auf. Sowohl f\u00fcr Menschen mit Demenz als auch ihre pflegenden An- und Zugeh\u00f6rigen stellt dies eine gro\u00dfe Belastung dar. Doch inwiefern k\u00f6nnen digitale Hilfsmittel &hellip;","_links":{"self":[{"href":"https:\/\/digidem-bayern.de\/en\/wp-json\/wp\/v2\/posts\/44295","targetHints":{"allow":["GET"]}}],"collection":[{"href":"https:\/\/digidem-bayern.de\/en\/wp-json\/wp\/v2\/posts"}],"about":[{"href":"https:\/\/digidem-bayern.de\/en\/wp-json\/wp\/v2\/types\/post"}],"author":[{"embeddable":true,"href":"https:\/\/digidem-bayern.de\/en\/wp-json\/wp\/v2\/users\/12"}],"replies":[{"embeddable":true,"href":"https:\/\/digidem-bayern.de\/en\/wp-json\/wp\/v2\/comments?post=44295"}],"version-history":[{"count":2,"href":"https:\/\/digidem-bayern.de\/en\/wp-json\/wp\/v2\/posts\/44295\/revisions"}],"predecessor-version":[{"id":44300,"href":"https:\/\/digidem-bayern.de\/en\/wp-json\/wp\/v2\/posts\/44295\/revisions\/44300"}],"wp:featuredmedia":[{"embeddable":true,"href":"https:\/\/digidem-bayern.de\/en\/wp-json\/wp\/v2\/media\/44298"}],"wp:attachment":[{"href":"https:\/\/digidem-bayern.de\/en\/wp-json\/wp\/v2\/media?parent=44295"}],"wp:term":[{"taxonomy":"category","embeddable":true,"href":"https:\/\/digidem-bayern.de\/en\/wp-json\/wp\/v2\/categories?post=44295"},{"taxonomy":"post_tag","embeddable":true,"href":"https:\/\/digidem-bayern.de\/en\/wp-json\/wp\/v2\/tags?post=44295"}],"curies":[{"name":"wp","href":"https:\/\/api.w.org\/{rel}","templated":true}]}}