{"id":43898,"date":"2025-06-25T09:50:00","date_gmt":"2025-06-25T07:50:00","guid":{"rendered":"https:\/\/digidem-bayern.de\/?p=43898"},"modified":"2025-06-25T10:14:17","modified_gmt":"2025-06-25T08:14:17","slug":"neugierig-sein-gesund-altern","status":"publish","type":"post","link":"https:\/\/digidem-bayern.de\/en\/neugierig-sein-gesund-altern\/","title":{"rendered":"Neugierig sein \u2013 gesund altern"},"content":{"rendered":"<p><strong><strong><strong><strong><strong><strong><strong><strong><strong><strong><strong><strong><strong><strong><strong><strong><strong><strong><strong><strong><strong><strong>Eine Studie aus den USA, Deutschland und Japan f\u00f6rderte interessante Erkenntnisse zutage: Die Forschenden haben Hinweise darauf entdeckt,&nbsp;dass Neugier sich mit zunehmendem Alter ver\u00e4ndern kann.&nbsp;Neugier kann dabei ein Vorhersagefaktor f\u00fcr erfolgreiches Altern sein.&nbsp;<\/strong><\/strong><\/strong><\/strong><\/strong><\/strong><\/strong><\/strong><\/strong><\/strong><\/strong><\/strong><\/strong><\/strong><\/strong><\/strong><\/strong><\/strong><\/strong><\/strong><\/strong><\/strong><span style=\"caret-color: rgb(0, 0, 0); color: rgb(0, 0, 0); font-family: -webkit-standard; font-size: medium; white-space: normal;\"><\/span><span style=\"caret-color: rgb(0, 0, 0); color: rgb(0, 0, 0); font-family: -webkit-standard; font-size: medium; white-space: normal;\"><\/span><\/p>\n\n\n\n<p>Seit Jahrhunderten ergr\u00fcnden Psychologen und Philosophen das \u201eKonstrukt Neugier\u201c. \u201eSie ist eine motivierende Kraft, die uns dazu bringt, Hobbys nachzugehen, Bildung zu verfolgen und zu reisen, um Neues zu erleben\u201c, hei\u00dft es in der Studie.<\/p>\n\n\n\n<p><strong>Zwei Arten von Neugier<\/strong><\/p>\n\n\n<div class=\"wp-block-image\">\n<figure class=\"alignright size-full is-resized\"><img loading=\"lazy\" decoding=\"async\" width=\"1000\" height=\"667\" src=\"https:\/\/digidem-bayern.de\/wp-content\/uploads\/2025\/06\/02-Neugier-shutterstock_1991305085.jpg\" alt=\"Neugier kann dabei ein Vorhersagefaktor f\u00fcr erfolgreiches Altern sein.\" class=\"wp-image-43925\" style=\"width:495px;height:auto\" srcset=\"https:\/\/digidem-bayern.de\/wp-content\/uploads\/2025\/06\/02-Neugier-shutterstock_1991305085.jpg 1000w, https:\/\/digidem-bayern.de\/wp-content\/uploads\/2025\/06\/02-Neugier-shutterstock_1991305085-300x200.jpg 300w, https:\/\/digidem-bayern.de\/wp-content\/uploads\/2025\/06\/02-Neugier-shutterstock_1991305085-768x512.jpg 768w, https:\/\/digidem-bayern.de\/wp-content\/uploads\/2025\/06\/02-Neugier-shutterstock_1991305085-525x350.jpg 525w\" sizes=\"auto, (max-width: 1000px) 100vw, 1000px\" \/><figcaption class=\"wp-element-caption\">Foto: Shutterstock<\/figcaption><\/figure>\n<\/div>\n\n\n<p>Die Forschung unterscheidet dabei zwischen zwei Arten von Neugier. Demnach bezeichnet \u201estate curiosity\u201c einen Zustand bzw. eine situative Neugier, die durch ein spontanes Interesse an neuen Informationen gekennzeichnet ist und variieren kann. Bei \u201etrait curiosity\u201c hingegen handelt es sich um ein relativ stabiles Pers\u00f6nlichkeitsmerkmal.&nbsp;<\/p>\n\n\n\n<p><strong>Bewertung mittels Trivia-Fragen<\/strong><\/p>\n\n\n\n<p>\u201eUm Einblicke in den Zusammenhang zwischen Alter und Zustands- sowie Eigenschaftsneugier zu gewinnen, f\u00fchrten wir eine Pilotstudie durch, in der wir die \u201estate curiosity\u201c und die \u201etrait curiosity\u201c ma\u00dfen\u201c, schreiben die Forschenden. Die Anzahl der Teilnehmenden betrug 193 Personen, 1.218 nahmen an einer gr\u00f6\u00dferen Hauptstudie teil. Gemessen wurde die Zustandsneugier mit einer Vielzahl sogenannter Trivia-Fragen, da Menschen besonders neugierig auf Informationen seien, zu denen sie bereits Vorwissen haben. Die Eigenschaftsneugier wurde mittels dreier Frageb\u00f6gen erfasst.&nbsp;<\/p>\n\n\n\n<p><strong>Gemischte Ergebnisse<\/strong><\/p>\n\n\n\n<p>Die Forschenden fanden in ihrer im Mai 2025 ver\u00f6ffentlichten Studie heraus: Zwischen der situativen Neugier und der Neugier als Pers\u00f6nlichkeitseigenschaft gibt es einen positiven Zusammenhang. Dennoch gab es ein entgegengesetztes Ergebnis: Die situative Neugier hat einen positiven Einfluss auf das Alter, w\u00e4hrend die \u201ePers\u00f6nlichkeitsneugier\u201c negativ mit dem Alter zusammenh\u00e4ngt.&nbsp;Wer \u00fcber eine h\u00f6here Neugier als Eigenschaft verf\u00fcgt, hat auch eine h\u00f6here situative Neugier. Doch w\u00e4hrend die Neugier als positives Pers\u00f6nlichkeitsmerkmal mit dem Alter abnimmt, nimmt die situative Neugier zu.<\/p>\n\n\n\n<p>Es stellte sich auch heraus, dass die situative Neugier bei Menschen im mittleren Alter leicht abnimmt, dann aber im h\u00f6heren Alter deutlich wieder ansteigt. Bei der Neugier als Eigenschaft war dieser Verlauf nicht festzustellen. Dies unterstreiche, so die Forschenden, dass beide Formen der Neugier unterschiedliche psychologische Prozesse widerspiegeln, die sich im Laufe der Lebensspanne unterschiedlich entwickeln k\u00f6nnen.<\/p>\n\n\n\n<p><strong>Positive Effekte auf die kognitive Gesundheit<\/strong><\/p>\n\n\n\n<p>Insgesamt legen die Ergebnisse nahe, dass Neugier bei \u00e4lteren Erwachsenen m\u00f6glicherweise gezielter und selektiver entsteht \u2013 besonders in Bereichen, die f\u00fcr sie pers\u00f6nlich relevant sind. Dies kann zu positiven Effekten auf das Wohlbefinden und die kognitive Gesundheit f\u00fchren, vermuten die Forschenden. In der Studie erl\u00e4utern die Wissenschaftler ein besonderes Beispiel. Ist ein \u00e4lterer Erwachsener neugierig auf Gartenarbeit, liest er vielleicht h\u00e4ufiger Gartenzeitschriften oder lernt eine neue Gartentechnik. \u201eDie Besch\u00e4ftigung mit solchen Aktivit\u00e4ten kann das allgemeine Wohlbefinden und die kognitiven F\u00e4higkeiten im Alter f\u00f6rdern, zum Beispiel durch die F\u00f6rderung sozialer Kontakte und das Erlernen komplexer neuer F\u00e4higkeiten.\u201c&nbsp;<\/p>\n\n\n\n<p>Zusammenfassend bilanziert die Studie: \u201eEs k\u00f6nnte daher wichtig sein, spezifische Neugierbereiche bei \u00e4lteren Erwachsenen zu erkennen und zu f\u00f6rdern, anstatt sich nur auf Ma\u00dfe der Eigenschaftsneugier zu konzentrieren.\u201c<\/p>\n\n\n\n<p><strong>Tipp f\u00fcr die Praxis:<\/strong>&nbsp;&nbsp;Es lohnt sich auch im Erwachsenenalter, neugierig zu sein. Interessieren Sie sich, erweitern Sie Ihr Wissen, lernen Sie dazu: Geistig anregende Aktivit\u00e4ten k\u00f6nnen altersbedingtem kognitivem Abbau entgegenwirken.<span style=\"caret-color: rgb(0, 0, 0); color: rgb(0, 0, 0); font-family: -webkit-standard; font-size: medium; white-space: normal;\"><\/span><\/p>\n\n\n\n<p>Hier geht&#8217;s zur Studie:<\/p>\n\n\n\n<p><a href=\"https:\/\/journals.plos.org\/plosone\/article?id=10.1371\/journal.pone.0320600\">Curiosity across the adult lifespan: Age-related differences in state and trait curiosity<\/a><\/p>\n\n\n\n<p><\/p>\n\n\n\n<p><\/p>\n\n\n\n<p><\/p>\n\n\n\n<p><\/p>\n\n\n\n<p><\/p>\n\n\n\n<p><\/p>\n\n\n\n<div style=\"height:20px\" aria-hidden=\"true\" class=\"wp-block-spacer\"><\/div>\n\n\n\n<p><\/p>","protected":false},"excerpt":{"rendered":"<p>Eine Studie aus den USA, Deutschland und Japan f\u00f6rderte interessante Erkenntnisse zutage: Die Forschenden haben Hinweise darauf entdeckt,&nbsp;dass Neugier sich mit zunehmendem Alter ver\u00e4ndern kann.&nbsp;Neugier kann dabei ein Vorhersagefaktor f\u00fcr erfolgreiches Altern sein.&nbsp; Seit Jahrhunderten ergr\u00fcnden Psychologen und Philosophen das \u201eKonstrukt Neugier\u201c. \u201eSie ist eine motivierende Kraft, die uns dazu &hellip;<\/p>","protected":false},"author":12,"featured_media":43925,"comment_status":"open","ping_status":"closed","sticky":false,"template":"","format":"standard","meta":{"qubely_global_settings":"","qubely_interactions":"","_uag_custom_page_level_css":"","footnotes":""},"categories":[8,5],"tags":[13,406,12,112,1433,177,1576,14,17,55,1610,400,486,1609,1607,1606,1348,1608,449],"class_list":["post-43898","post","type-post","status-publish","format-standard","has-post-thumbnail","hentry","category-aktuelles-zu-digidem","category-wissenschaft-forschung","tag-alzheimer","tag-alzheimer-demenz","tag-demenz-2","tag-demenzdiagnose","tag-demenzerkrankungen","tag-demenzrisiko","tag-deutschland","tag-digidem","tag-digidem-bayern","tag-digitales-demenzregister-bayern","tag-erwachsenenalter","tag-kognitive-faehigkeiten","tag-lebensqualitaet","tag-lebensspanne","tag-neugierde","tag-neugierig","tag-soziale-kontakte","tag-trivia-fragen","tag-wohlbefinden"],"qubely_featured_image_url":{"full":["https:\/\/digidem-bayern.de\/wp-content\/uploads\/2025\/06\/02-Neugier-shutterstock_1991305085.jpg",1000,667,false],"landscape":["https:\/\/digidem-bayern.de\/wp-content\/uploads\/2025\/06\/02-Neugier-shutterstock_1991305085.jpg",1000,667,false],"portraits":["https:\/\/digidem-bayern.de\/wp-content\/uploads\/2025\/06\/02-Neugier-shutterstock_1991305085-540x320.jpg",540,320,true],"thumbnail":["https:\/\/digidem-bayern.de\/wp-content\/uploads\/2025\/06\/02-Neugier-shutterstock_1991305085-80x80.jpg",80,80,true],"medium":["https:\/\/digidem-bayern.de\/wp-content\/uploads\/2025\/06\/02-Neugier-shutterstock_1991305085-300x200.jpg",300,200,true],"medium_large":["https:\/\/digidem-bayern.de\/wp-content\/uploads\/2025\/06\/02-Neugier-shutterstock_1991305085-768x512.jpg",768,512,true],"large":["https:\/\/digidem-bayern.de\/wp-content\/uploads\/2025\/06\/02-Neugier-shutterstock_1991305085.jpg",1000,667,false],"1536x1536":["https:\/\/digidem-bayern.de\/wp-content\/uploads\/2025\/06\/02-Neugier-shutterstock_1991305085.jpg",1000,667,false],"2048x2048":["https:\/\/digidem-bayern.de\/wp-content\/uploads\/2025\/06\/02-Neugier-shutterstock_1991305085.jpg",1000,667,false],"trp-custom-language-flag":["https:\/\/digidem-bayern.de\/wp-content\/uploads\/2025\/06\/02-Neugier-shutterstock_1991305085.jpg",18,12,false],"qubely_landscape":["https:\/\/digidem-bayern.de\/wp-content\/uploads\/2025\/06\/02-Neugier-shutterstock_1991305085.jpg",1000,667,false],"qubely_portrait":["https:\/\/digidem-bayern.de\/wp-content\/uploads\/2025\/06\/02-Neugier-shutterstock_1991305085-540x320.jpg",540,320,true],"qubely_thumbnail":["https:\/\/digidem-bayern.de\/wp-content\/uploads\/2025\/06\/02-Neugier-shutterstock_1991305085-140x100.jpg",140,100,true],"post-thumbnail":["https:\/\/digidem-bayern.de\/wp-content\/uploads\/2025\/06\/02-Neugier-shutterstock_1991305085-525x350.jpg",525,350,true],"kahuna-featured":["https:\/\/digidem-bayern.de\/wp-content\/uploads\/2025\/06\/02-Neugier-shutterstock_1991305085-734x350.jpg",734,350,true],"kahuna-featured-lp":["https:\/\/digidem-bayern.de\/wp-content\/uploads\/2025\/06\/02-Neugier-shutterstock_1991305085-520x350.jpg",520,350,true],"kahuna-featured-half":["https:\/\/digidem-bayern.de\/wp-content\/uploads\/2025\/06\/02-Neugier-shutterstock_1991305085-800x350.jpg",800,350,true],"kahuna-featured-third":["https:\/\/digidem-bayern.de\/wp-content\/uploads\/2025\/06\/02-Neugier-shutterstock_1991305085-512x350.jpg",512,350,true],"kahuna-lpbox-1":["https:\/\/digidem-bayern.de\/wp-content\/uploads\/2025\/06\/02-Neugier-shutterstock_1991305085-520x300.jpg",520,300,true],"kahuna-lpbox-2":["https:\/\/digidem-bayern.de\/wp-content\/uploads\/2025\/06\/02-Neugier-shutterstock_1991305085-520x350.jpg",520,350,true],"demand-language-flag":["https:\/\/digidem-bayern.de\/wp-content\/uploads\/2025\/06\/02-Neugier-shutterstock_1991305085-36x36.jpg",36,36,true],"dddkt-language-flag":["https:\/\/digidem-bayern.de\/wp-content\/uploads\/2025\/06\/02-Neugier-shutterstock_1991305085-36x36.jpg",36,36,true],"ddiqc-language-flag":["https:\/\/digidem-bayern.de\/wp-content\/uploads\/2025\/06\/02-Neugier-shutterstock_1991305085-36x36.jpg",36,36,true],"ddtl-language-flag":["https:\/\/digidem-bayern.de\/wp-content\/uploads\/2025\/06\/02-Neugier-shutterstock_1991305085-36x36.jpg",36,36,true],"mailpoet_newsletter_max":["https:\/\/digidem-bayern.de\/wp-content\/uploads\/2025\/06\/02-Neugier-shutterstock_1991305085.jpg",1000,667,false],"kahuna-lpbox-3":["https:\/\/digidem-bayern.de\/wp-content\/uploads\/2025\/06\/02-Neugier-shutterstock_1991305085-520x350.jpg",520,350,true],"kahuna-featured-square":["https:\/\/digidem-bayern.de\/wp-content\/uploads\/2025\/06\/02-Neugier-shutterstock_1991305085-512x512.jpg",512,512,true],"kahuna-featured-square-large":["https:\/\/digidem-bayern.de\/wp-content\/uploads\/2025\/06\/02-Neugier-shutterstock_1991305085.jpg",1000,667,false]},"qubely_author":{"display_name":"Ilona H\u00f6rath","author_link":"https:\/\/digidem-bayern.de\/en\/author\/hoeratia\/"},"qubely_comment":20,"qubely_category":"<a href=\"https:\/\/digidem-bayern.de\/en\/category\/aktuelles-zu-digidem\/\" rel=\"category tag\">Aktuelles zu digiDEM<\/a> <a href=\"https:\/\/digidem-bayern.de\/en\/category\/wissenschaft-forschung\/\" rel=\"category tag\">Wissenschaft &amp; Forschung<\/a>","qubely_excerpt":"Eine Studie aus den USA, Deutschland und Japan f\u00f6rderte interessante Erkenntnisse zutage: Die Forschenden haben Hinweise darauf entdeckt,&nbsp;dass Neugier sich mit zunehmendem Alter ver\u00e4ndern kann.&nbsp;Neugier kann dabei ein Vorhersagefaktor f\u00fcr erfolgreiches Altern sein.&nbsp; Seit Jahrhunderten ergr\u00fcnden Psychologen und Philosophen das \u201eKonstrukt Neugier\u201c. \u201eSie ist eine motivierende Kraft, die uns dazu &hellip;","featured_image_urls_v2":{"full":["https:\/\/digidem-bayern.de\/wp-content\/uploads\/2025\/06\/02-Neugier-shutterstock_1991305085.jpg",1000,667,false],"thumbnail":["https:\/\/digidem-bayern.de\/wp-content\/uploads\/2025\/06\/02-Neugier-shutterstock_1991305085-80x80.jpg",80,80,true],"medium":["https:\/\/digidem-bayern.de\/wp-content\/uploads\/2025\/06\/02-Neugier-shutterstock_1991305085-300x200.jpg",300,200,true],"medium_large":["https:\/\/digidem-bayern.de\/wp-content\/uploads\/2025\/06\/02-Neugier-shutterstock_1991305085-768x512.jpg",768,512,true],"large":["https:\/\/digidem-bayern.de\/wp-content\/uploads\/2025\/06\/02-Neugier-shutterstock_1991305085.jpg",1000,667,false],"1536x1536":["https:\/\/digidem-bayern.de\/wp-content\/uploads\/2025\/06\/02-Neugier-shutterstock_1991305085.jpg",1000,667,false],"2048x2048":["https:\/\/digidem-bayern.de\/wp-content\/uploads\/2025\/06\/02-Neugier-shutterstock_1991305085.jpg",1000,667,false],"trp-custom-language-flag":["https:\/\/digidem-bayern.de\/wp-content\/uploads\/2025\/06\/02-Neugier-shutterstock_1991305085.jpg",18,12,false],"qubely_landscape":["https:\/\/digidem-bayern.de\/wp-content\/uploads\/2025\/06\/02-Neugier-shutterstock_1991305085.jpg",1000,667,false],"qubely_portrait":["https:\/\/digidem-bayern.de\/wp-content\/uploads\/2025\/06\/02-Neugier-shutterstock_1991305085-540x320.jpg",540,320,true],"qubely_thumbnail":["https:\/\/digidem-bayern.de\/wp-content\/uploads\/2025\/06\/02-Neugier-shutterstock_1991305085-140x100.jpg",140,100,true],"post-thumbnail":["https:\/\/digidem-bayern.de\/wp-content\/uploads\/2025\/06\/02-Neugier-shutterstock_1991305085-525x350.jpg",525,350,true],"kahuna-featured":["https:\/\/digidem-bayern.de\/wp-content\/uploads\/2025\/06\/02-Neugier-shutterstock_1991305085-734x350.jpg",734,350,true],"kahuna-featured-lp":["https:\/\/digidem-bayern.de\/wp-content\/uploads\/2025\/06\/02-Neugier-shutterstock_1991305085-520x350.jpg",520,350,true],"kahuna-featured-half":["https:\/\/digidem-bayern.de\/wp-content\/uploads\/2025\/06\/02-Neugier-shutterstock_1991305085-800x350.jpg",800,350,true],"kahuna-featured-third":["https:\/\/digidem-bayern.de\/wp-content\/uploads\/2025\/06\/02-Neugier-shutterstock_1991305085-512x350.jpg",512,350,true],"kahuna-lpbox-1":["https:\/\/digidem-bayern.de\/wp-content\/uploads\/2025\/06\/02-Neugier-shutterstock_1991305085-520x300.jpg",520,300,true],"kahuna-lpbox-2":["https:\/\/digidem-bayern.de\/wp-content\/uploads\/2025\/06\/02-Neugier-shutterstock_1991305085-520x350.jpg",520,350,true],"demand-language-flag":["https:\/\/digidem-bayern.de\/wp-content\/uploads\/2025\/06\/02-Neugier-shutterstock_1991305085-36x36.jpg",36,36,true],"dddkt-language-flag":["https:\/\/digidem-bayern.de\/wp-content\/uploads\/2025\/06\/02-Neugier-shutterstock_1991305085-36x36.jpg",36,36,true],"ddiqc-language-flag":["https:\/\/digidem-bayern.de\/wp-content\/uploads\/2025\/06\/02-Neugier-shutterstock_1991305085-36x36.jpg",36,36,true],"ddtl-language-flag":["https:\/\/digidem-bayern.de\/wp-content\/uploads\/2025\/06\/02-Neugier-shutterstock_1991305085-36x36.jpg",36,36,true],"mailpoet_newsletter_max":["https:\/\/digidem-bayern.de\/wp-content\/uploads\/2025\/06\/02-Neugier-shutterstock_1991305085.jpg",1000,667,false],"kahuna-lpbox-3":["https:\/\/digidem-bayern.de\/wp-content\/uploads\/2025\/06\/02-Neugier-shutterstock_1991305085-520x350.jpg",520,350,true],"kahuna-featured-square":["https:\/\/digidem-bayern.de\/wp-content\/uploads\/2025\/06\/02-Neugier-shutterstock_1991305085-512x512.jpg",512,512,true],"kahuna-featured-square-large":["https:\/\/digidem-bayern.de\/wp-content\/uploads\/2025\/06\/02-Neugier-shutterstock_1991305085.jpg",1000,667,false]},"post_excerpt_stackable_v2":"<p>Eine Studie aus den USA, Deutschland und Japan f\u00f6rderte interessante Erkenntnisse zutage: Die Forschenden haben Hinweise darauf entdeckt,&nbsp;dass Neugier sich mit zunehmendem Alter ver\u00e4ndern kann.&nbsp;Neugier kann dabei ein Vorhersagefaktor f\u00fcr erfolgreiches Altern sein.&nbsp; Seit Jahrhunderten ergr\u00fcnden Psychologen und Philosophen das \u201eKonstrukt Neugier\u201c. \u201eSie ist eine motivierende Kraft, die uns dazu bringt, Hobbys nachzugehen, Bildung zu verfolgen und zu reisen, um Neues zu erleben\u201c, hei\u00dft es in der Studie. Zwei Arten von Neugier Foto: Shutterstock Die Forschung unterscheidet dabei zwischen zwei Arten von Neugier. Demnach bezeichnet \u201estate curiosity\u201c einen Zustand bzw. eine situative Neugier, die durch ein spontanes Interesse an neuen&hellip;<\/p>\n","category_list_v2":"<a href=\"https:\/\/digidem-bayern.de\/en\/category\/aktuelles-zu-digidem\/\" rel=\"category tag\">Aktuelles zu digiDEM<\/a>, <a href=\"https:\/\/digidem-bayern.de\/en\/category\/wissenschaft-forschung\/\" rel=\"category tag\">Wissenschaft &amp; Forschung<\/a>","author_info_v2":{"name":"Ilona H\u00f6rath","url":"https:\/\/digidem-bayern.de\/en\/author\/hoeratia\/"},"comments_num_v2":"0 comments","yoast_head":"<!-- This site is optimized with the Yoast SEO plugin v27.5 - https:\/\/yoast.com\/product\/yoast-seo-wordpress\/ -->\n<title>Neugierig sein \u2013 gesund altern - digiDEM Bayern<\/title>\n<meta name=\"description\" content=\"Der Bayerische Landesapothekerkammer unterst\u00fctzt digiDEM Bayern mit Hilfe des Netzwerks &quot;Demenzfreundliche Apotheken&quot;.\" \/>\n<meta name=\"robots\" content=\"index, follow, max-snippet:-1, max-image-preview:large, max-video-preview:-1\" \/>\n<link rel=\"canonical\" href=\"https:\/\/digidem-bayern.de\/en\/neugierig-sein-gesund-altern\/\" \/>\n<meta property=\"og:locale\" content=\"en_US\" \/>\n<meta property=\"og:type\" content=\"article\" \/>\n<meta property=\"og:title\" content=\"Neugierig sein \u2013 gesund altern - digiDEM Bayern\" \/>\n<meta property=\"og:description\" content=\"Der Bayerische Landesapothekerkammer unterst\u00fctzt digiDEM Bayern mit Hilfe des Netzwerks &quot;Demenzfreundliche Apotheken&quot;.\" \/>\n<meta property=\"og:url\" content=\"https:\/\/digidem-bayern.de\/en\/neugierig-sein-gesund-altern\/\" \/>\n<meta property=\"og:site_name\" content=\"digiDEM Bayern\" \/>\n<meta property=\"article:publisher\" content=\"https:\/\/www.facebook.com\/digiDEMBayern\/\" \/>\n<meta property=\"article:published_time\" content=\"2025-06-25T07:50:00+00:00\" \/>\n<meta property=\"article:modified_time\" content=\"2025-06-25T08:14:17+00:00\" \/>\n<meta property=\"og:image\" content=\"https:\/\/digidem-bayern.de\/wp-content\/uploads\/2025\/06\/02-Neugier-shutterstock_1991305085.jpg\" \/>\n\t<meta property=\"og:image:width\" content=\"1000\" \/>\n\t<meta property=\"og:image:height\" content=\"667\" \/>\n\t<meta property=\"og:image:type\" content=\"image\/jpeg\" \/>\n<meta name=\"author\" content=\"Ilona H\u00f6rath\" \/>\n<meta name=\"twitter:label1\" content=\"Written by\" \/>\n\t<meta name=\"twitter:data1\" content=\"Ilona H\u00f6rath\" \/>\n\t<meta name=\"twitter:label2\" content=\"Est. reading time\" \/>\n\t<meta name=\"twitter:data2\" content=\"2 minutes\" \/>\n<script type=\"application\/ld+json\" class=\"yoast-schema-graph\">{\"@context\":\"https:\\\/\\\/schema.org\",\"@graph\":[{\"@type\":\"Article\",\"@id\":\"https:\\\/\\\/digidem-bayern.de\\\/neugierig-sein-gesund-altern\\\/#article\",\"isPartOf\":{\"@id\":\"https:\\\/\\\/digidem-bayern.de\\\/neugierig-sein-gesund-altern\\\/\"},\"author\":{\"name\":\"Ilona H\u00f6rath\",\"@id\":\"\\\/#\\\/schema\\\/person\\\/0bc1494f46fc2a051c761322a80e0941\"},\"headline\":\"Neugierig sein \u2013 gesund altern\",\"datePublished\":\"2025-06-25T07:50:00+00:00\",\"dateModified\":\"2025-06-25T08:14:17+00:00\",\"mainEntityOfPage\":{\"@id\":\"https:\\\/\\\/digidem-bayern.de\\\/neugierig-sein-gesund-altern\\\/\"},\"wordCount\":563,\"commentCount\":0,\"publisher\":{\"@id\":\"\\\/#organization\"},\"image\":{\"@id\":\"https:\\\/\\\/digidem-bayern.de\\\/neugierig-sein-gesund-altern\\\/#primaryimage\"},\"thumbnailUrl\":\"https:\\\/\\\/digidem-bayern.de\\\/wp-content\\\/uploads\\\/2025\\\/06\\\/02-Neugier-shutterstock_1991305085.jpg\",\"keywords\":[\"Alzheimer\",\"Alzheimer-Demenz\",\"Demenz\",\"Demenzdiagnose\",\"Demenzerkrankungen\",\"Demenzrisiko\",\"Deutschland\",\"digidem\",\"digidem Bayern\",\"Digitales Demenzregister Bayern\",\"Erwachsenenalter\",\"Kognitive F\u00e4higkeiten\",\"Lebensqualit\u00e4t\",\"Lebensspanne\",\"Neugierde\",\"Neugierig\",\"soziale Kontakte\",\"Trivia-Fragen\",\"Wohlbefinden\"],\"articleSection\":[\"Aktuelles zu digiDEM\",\"Wissenschaft &amp; Forschung\"],\"inLanguage\":\"en-US\",\"potentialAction\":[{\"@type\":\"CommentAction\",\"name\":\"Comment\",\"target\":[\"https:\\\/\\\/digidem-bayern.de\\\/neugierig-sein-gesund-altern\\\/#respond\"]}]},{\"@type\":\"WebPage\",\"@id\":\"https:\\\/\\\/digidem-bayern.de\\\/neugierig-sein-gesund-altern\\\/\",\"url\":\"https:\\\/\\\/digidem-bayern.de\\\/neugierig-sein-gesund-altern\\\/\",\"name\":\"Neugierig sein \u2013 gesund altern - digiDEM Bayern\",\"isPartOf\":{\"@id\":\"\\\/#website\"},\"primaryImageOfPage\":{\"@id\":\"https:\\\/\\\/digidem-bayern.de\\\/neugierig-sein-gesund-altern\\\/#primaryimage\"},\"image\":{\"@id\":\"https:\\\/\\\/digidem-bayern.de\\\/neugierig-sein-gesund-altern\\\/#primaryimage\"},\"thumbnailUrl\":\"https:\\\/\\\/digidem-bayern.de\\\/wp-content\\\/uploads\\\/2025\\\/06\\\/02-Neugier-shutterstock_1991305085.jpg\",\"datePublished\":\"2025-06-25T07:50:00+00:00\",\"dateModified\":\"2025-06-25T08:14:17+00:00\",\"description\":\"Der Bayerische Landesapothekerkammer unterst\u00fctzt digiDEM Bayern mit Hilfe des Netzwerks \\\"Demenzfreundliche Apotheken\\\".\",\"breadcrumb\":{\"@id\":\"https:\\\/\\\/digidem-bayern.de\\\/neugierig-sein-gesund-altern\\\/#breadcrumb\"},\"inLanguage\":\"en-US\",\"potentialAction\":[{\"@type\":\"ReadAction\",\"target\":[\"https:\\\/\\\/digidem-bayern.de\\\/neugierig-sein-gesund-altern\\\/\"]}]},{\"@type\":\"ImageObject\",\"inLanguage\":\"en-US\",\"@id\":\"https:\\\/\\\/digidem-bayern.de\\\/neugierig-sein-gesund-altern\\\/#primaryimage\",\"url\":\"https:\\\/\\\/digidem-bayern.de\\\/wp-content\\\/uploads\\\/2025\\\/06\\\/02-Neugier-shutterstock_1991305085.jpg\",\"contentUrl\":\"https:\\\/\\\/digidem-bayern.de\\\/wp-content\\\/uploads\\\/2025\\\/06\\\/02-Neugier-shutterstock_1991305085.jpg\",\"width\":1000,\"height\":667,\"caption\":\"Foto: Shutterstock\"},{\"@type\":\"BreadcrumbList\",\"@id\":\"https:\\\/\\\/digidem-bayern.de\\\/neugierig-sein-gesund-altern\\\/#breadcrumb\",\"itemListElement\":[{\"@type\":\"ListItem\",\"position\":1,\"name\":\"Startseite\",\"item\":\"https:\\\/\\\/digidem-bayern.de\\\/\"},{\"@type\":\"ListItem\",\"position\":2,\"name\":\"Neugierig sein \u2013 gesund altern\"}]},{\"@type\":\"WebSite\",\"@id\":\"\\\/#website\",\"url\":\"\\\/\",\"name\":\"digiDEM Bayern\",\"description\":\"Das digitale Demenzregister Bayern erforscht und verbessert die Angebotsstuktur f\u00fcr Menschen mit Demenz und deren Angeh\u00f6rige\",\"publisher\":{\"@id\":\"\\\/#organization\"},\"potentialAction\":[{\"@type\":\"SearchAction\",\"target\":{\"@type\":\"EntryPoint\",\"urlTemplate\":\"\\\/?s={search_term_string}\"},\"query-input\":{\"@type\":\"PropertyValueSpecification\",\"valueRequired\":true,\"valueName\":\"search_term_string\"}}],\"inLanguage\":\"en-US\"},{\"@type\":\"Organization\",\"@id\":\"\\\/#organization\",\"name\":\"digiDEM Bayern\",\"url\":\"\\\/\",\"logo\":{\"@type\":\"ImageObject\",\"inLanguage\":\"en-US\",\"@id\":\"\\\/#\\\/schema\\\/logo\\\/image\\\/\",\"url\":\"https:\\\/\\\/digidem-bayern.de\\\/wp-content\\\/uploads\\\/2022\\\/03\\\/cropped-Allgemeines_digiDEMLOGO-removebg-preview.png\",\"contentUrl\":\"https:\\\/\\\/digidem-bayern.de\\\/wp-content\\\/uploads\\\/2022\\\/03\\\/cropped-Allgemeines_digiDEMLOGO-removebg-preview.png\",\"width\":612,\"height\":357,\"caption\":\"digiDEM Bayern\"},\"image\":{\"@id\":\"\\\/#\\\/schema\\\/logo\\\/image\\\/\"},\"sameAs\":[\"https:\\\/\\\/www.facebook.com\\\/digiDEMBayern\\\/\",\"https:\\\/\\\/x.com\\\/digidem_bayern\",\"https:\\\/\\\/www.instagram.com\\\/digidem.bayern\",\"https:\\\/\\\/www.linkedin.com\\\/company\\\/digidem-bayern\\\/\"]},{\"@type\":\"Person\",\"@id\":\"\\\/#\\\/schema\\\/person\\\/0bc1494f46fc2a051c761322a80e0941\",\"name\":\"Ilona H\u00f6rath\",\"url\":\"https:\\\/\\\/digidem-bayern.de\\\/en\\\/author\\\/hoeratia\\\/\"}]}<\/script>\n<!-- \/ Yoast SEO plugin. -->","yoast_head_json":{"title":"Neugierig sein \u2013 gesund altern - digiDEM Bayern","description":"Der Bayerische Landesapothekerkammer unterst\u00fctzt digiDEM Bayern mit Hilfe des Netzwerks \"Demenzfreundliche Apotheken\".","robots":{"index":"index","follow":"follow","max-snippet":"max-snippet:-1","max-image-preview":"max-image-preview:large","max-video-preview":"max-video-preview:-1"},"canonical":"https:\/\/digidem-bayern.de\/en\/neugierig-sein-gesund-altern\/","og_locale":"en_US","og_type":"article","og_title":"Neugierig sein \u2013 gesund altern - digiDEM Bayern","og_description":"Der Bayerische Landesapothekerkammer unterst\u00fctzt digiDEM Bayern mit Hilfe des Netzwerks \"Demenzfreundliche Apotheken\".","og_url":"https:\/\/digidem-bayern.de\/en\/neugierig-sein-gesund-altern\/","og_site_name":"digiDEM Bayern","article_publisher":"https:\/\/www.facebook.com\/digiDEMBayern\/","article_published_time":"2025-06-25T07:50:00+00:00","article_modified_time":"2025-06-25T08:14:17+00:00","og_image":[{"width":1000,"height":667,"url":"https:\/\/digidem-bayern.de\/wp-content\/uploads\/2025\/06\/02-Neugier-shutterstock_1991305085.jpg","type":"image\/jpeg"}],"author":"Ilona H\u00f6rath","twitter_misc":{"Written by":"Ilona H\u00f6rath","Est. reading time":"2 minutes"},"schema":{"@context":"https:\/\/schema.org","@graph":[{"@type":"Article","@id":"https:\/\/digidem-bayern.de\/neugierig-sein-gesund-altern\/#article","isPartOf":{"@id":"https:\/\/digidem-bayern.de\/neugierig-sein-gesund-altern\/"},"author":{"name":"Ilona H\u00f6rath","@id":"\/#\/schema\/person\/0bc1494f46fc2a051c761322a80e0941"},"headline":"Neugierig sein \u2013 gesund altern","datePublished":"2025-06-25T07:50:00+00:00","dateModified":"2025-06-25T08:14:17+00:00","mainEntityOfPage":{"@id":"https:\/\/digidem-bayern.de\/neugierig-sein-gesund-altern\/"},"wordCount":563,"commentCount":0,"publisher":{"@id":"\/#organization"},"image":{"@id":"https:\/\/digidem-bayern.de\/neugierig-sein-gesund-altern\/#primaryimage"},"thumbnailUrl":"https:\/\/digidem-bayern.de\/wp-content\/uploads\/2025\/06\/02-Neugier-shutterstock_1991305085.jpg","keywords":["Alzheimer","Alzheimer-Demenz","Demenz","Demenzdiagnose","Demenzerkrankungen","Demenzrisiko","Deutschland","digidem","digidem Bayern","Digitales Demenzregister Bayern","Erwachsenenalter","Kognitive F\u00e4higkeiten","Lebensqualit\u00e4t","Lebensspanne","Neugierde","Neugierig","soziale Kontakte","Trivia-Fragen","Wohlbefinden"],"articleSection":["Aktuelles zu digiDEM","Wissenschaft &amp; Forschung"],"inLanguage":"en-US","potentialAction":[{"@type":"CommentAction","name":"Comment","target":["https:\/\/digidem-bayern.de\/neugierig-sein-gesund-altern\/#respond"]}]},{"@type":"WebPage","@id":"https:\/\/digidem-bayern.de\/neugierig-sein-gesund-altern\/","url":"https:\/\/digidem-bayern.de\/neugierig-sein-gesund-altern\/","name":"Neugierig sein \u2013 gesund altern - digiDEM Bayern","isPartOf":{"@id":"\/#website"},"primaryImageOfPage":{"@id":"https:\/\/digidem-bayern.de\/neugierig-sein-gesund-altern\/#primaryimage"},"image":{"@id":"https:\/\/digidem-bayern.de\/neugierig-sein-gesund-altern\/#primaryimage"},"thumbnailUrl":"https:\/\/digidem-bayern.de\/wp-content\/uploads\/2025\/06\/02-Neugier-shutterstock_1991305085.jpg","datePublished":"2025-06-25T07:50:00+00:00","dateModified":"2025-06-25T08:14:17+00:00","description":"Der Bayerische Landesapothekerkammer unterst\u00fctzt digiDEM Bayern mit Hilfe des Netzwerks \"Demenzfreundliche Apotheken\".","breadcrumb":{"@id":"https:\/\/digidem-bayern.de\/neugierig-sein-gesund-altern\/#breadcrumb"},"inLanguage":"en-US","potentialAction":[{"@type":"ReadAction","target":["https:\/\/digidem-bayern.de\/neugierig-sein-gesund-altern\/"]}]},{"@type":"ImageObject","inLanguage":"en-US","@id":"https:\/\/digidem-bayern.de\/neugierig-sein-gesund-altern\/#primaryimage","url":"https:\/\/digidem-bayern.de\/wp-content\/uploads\/2025\/06\/02-Neugier-shutterstock_1991305085.jpg","contentUrl":"https:\/\/digidem-bayern.de\/wp-content\/uploads\/2025\/06\/02-Neugier-shutterstock_1991305085.jpg","width":1000,"height":667,"caption":"Foto: Shutterstock"},{"@type":"BreadcrumbList","@id":"https:\/\/digidem-bayern.de\/neugierig-sein-gesund-altern\/#breadcrumb","itemListElement":[{"@type":"ListItem","position":1,"name":"Startseite","item":"https:\/\/digidem-bayern.de\/"},{"@type":"ListItem","position":2,"name":"Neugierig sein \u2013 gesund altern"}]},{"@type":"WebSite","@id":"\/#website","url":"\/","name":"digiDEM Bavaria","description":"The digital dementia register in Bavaria researches and improves the structure of services for people with dementia and their relatives","publisher":{"@id":"\/#organization"},"potentialAction":[{"@type":"SearchAction","target":{"@type":"EntryPoint","urlTemplate":"\/?s={search_term_string}"},"query-input":{"@type":"PropertyValueSpecification","valueRequired":true,"valueName":"search_term_string"}}],"inLanguage":"en-US"},{"@type":"Organization","@id":"\/#organization","name":"digiDEM Bavaria","url":"\/","logo":{"@type":"ImageObject","inLanguage":"en-US","@id":"\/#\/schema\/logo\/image\/","url":"https:\/\/digidem-bayern.de\/wp-content\/uploads\/2022\/03\/cropped-Allgemeines_digiDEMLOGO-removebg-preview.png","contentUrl":"https:\/\/digidem-bayern.de\/wp-content\/uploads\/2022\/03\/cropped-Allgemeines_digiDEMLOGO-removebg-preview.png","width":612,"height":357,"caption":"digiDEM Bayern"},"image":{"@id":"\/#\/schema\/logo\/image\/"},"sameAs":["https:\/\/www.facebook.com\/digiDEMBayern\/","https:\/\/x.com\/digidem_bayern","https:\/\/www.instagram.com\/digidem.bayern","https:\/\/www.linkedin.com\/company\/digidem-bayern\/"]},{"@type":"Person","@id":"\/#\/schema\/person\/0bc1494f46fc2a051c761322a80e0941","name":"Ilona H\u00f6rath","url":"https:\/\/digidem-bayern.de\/en\/author\/hoeratia\/"}]}},"uagb_featured_image_src":{"full":["https:\/\/digidem-bayern.de\/wp-content\/uploads\/2025\/06\/02-Neugier-shutterstock_1991305085.jpg",1000,667,false],"thumbnail":["https:\/\/digidem-bayern.de\/wp-content\/uploads\/2025\/06\/02-Neugier-shutterstock_1991305085-80x80.jpg",80,80,true],"medium":["https:\/\/digidem-bayern.de\/wp-content\/uploads\/2025\/06\/02-Neugier-shutterstock_1991305085-300x200.jpg",300,200,true],"medium_large":["https:\/\/digidem-bayern.de\/wp-content\/uploads\/2025\/06\/02-Neugier-shutterstock_1991305085-768x512.jpg",768,512,true],"large":["https:\/\/digidem-bayern.de\/wp-content\/uploads\/2025\/06\/02-Neugier-shutterstock_1991305085.jpg",1000,667,false],"1536x1536":["https:\/\/digidem-bayern.de\/wp-content\/uploads\/2025\/06\/02-Neugier-shutterstock_1991305085.jpg",1000,667,false],"2048x2048":["https:\/\/digidem-bayern.de\/wp-content\/uploads\/2025\/06\/02-Neugier-shutterstock_1991305085.jpg",1000,667,false],"trp-custom-language-flag":["https:\/\/digidem-bayern.de\/wp-content\/uploads\/2025\/06\/02-Neugier-shutterstock_1991305085.jpg",18,12,false],"qubely_landscape":["https:\/\/digidem-bayern.de\/wp-content\/uploads\/2025\/06\/02-Neugier-shutterstock_1991305085.jpg",1000,667,false],"qubely_portrait":["https:\/\/digidem-bayern.de\/wp-content\/uploads\/2025\/06\/02-Neugier-shutterstock_1991305085-540x320.jpg",540,320,true],"qubely_thumbnail":["https:\/\/digidem-bayern.de\/wp-content\/uploads\/2025\/06\/02-Neugier-shutterstock_1991305085-140x100.jpg",140,100,true],"post-thumbnail":["https:\/\/digidem-bayern.de\/wp-content\/uploads\/2025\/06\/02-Neugier-shutterstock_1991305085-525x350.jpg",525,350,true],"kahuna-featured":["https:\/\/digidem-bayern.de\/wp-content\/uploads\/2025\/06\/02-Neugier-shutterstock_1991305085-734x350.jpg",734,350,true],"kahuna-featured-lp":["https:\/\/digidem-bayern.de\/wp-content\/uploads\/2025\/06\/02-Neugier-shutterstock_1991305085-520x350.jpg",520,350,true],"kahuna-featured-half":["https:\/\/digidem-bayern.de\/wp-content\/uploads\/2025\/06\/02-Neugier-shutterstock_1991305085-800x350.jpg",800,350,true],"kahuna-featured-third":["https:\/\/digidem-bayern.de\/wp-content\/uploads\/2025\/06\/02-Neugier-shutterstock_1991305085-512x350.jpg",512,350,true],"kahuna-lpbox-1":["https:\/\/digidem-bayern.de\/wp-content\/uploads\/2025\/06\/02-Neugier-shutterstock_1991305085-520x300.jpg",520,300,true],"kahuna-lpbox-2":["https:\/\/digidem-bayern.de\/wp-content\/uploads\/2025\/06\/02-Neugier-shutterstock_1991305085-520x350.jpg",520,350,true],"demand-language-flag":["https:\/\/digidem-bayern.de\/wp-content\/uploads\/2025\/06\/02-Neugier-shutterstock_1991305085-36x36.jpg",36,36,true],"dddkt-language-flag":["https:\/\/digidem-bayern.de\/wp-content\/uploads\/2025\/06\/02-Neugier-shutterstock_1991305085-36x36.jpg",36,36,true],"ddiqc-language-flag":["https:\/\/digidem-bayern.de\/wp-content\/uploads\/2025\/06\/02-Neugier-shutterstock_1991305085-36x36.jpg",36,36,true],"ddtl-language-flag":["https:\/\/digidem-bayern.de\/wp-content\/uploads\/2025\/06\/02-Neugier-shutterstock_1991305085-36x36.jpg",36,36,true],"mailpoet_newsletter_max":["https:\/\/digidem-bayern.de\/wp-content\/uploads\/2025\/06\/02-Neugier-shutterstock_1991305085.jpg",1000,667,false],"kahuna-lpbox-3":["https:\/\/digidem-bayern.de\/wp-content\/uploads\/2025\/06\/02-Neugier-shutterstock_1991305085-520x350.jpg",520,350,true],"kahuna-featured-square":["https:\/\/digidem-bayern.de\/wp-content\/uploads\/2025\/06\/02-Neugier-shutterstock_1991305085-512x512.jpg",512,512,true],"kahuna-featured-square-large":["https:\/\/digidem-bayern.de\/wp-content\/uploads\/2025\/06\/02-Neugier-shutterstock_1991305085.jpg",1000,667,false]},"uagb_author_info":{"display_name":"Ilona H\u00f6rath","author_link":"https:\/\/digidem-bayern.de\/en\/author\/hoeratia\/"},"uagb_comment_info":20,"uagb_excerpt":"Eine Studie aus den USA, Deutschland und Japan f\u00f6rderte interessante Erkenntnisse zutage: Die Forschenden haben Hinweise darauf entdeckt,&nbsp;dass Neugier sich mit zunehmendem Alter ver\u00e4ndern kann.&nbsp;Neugier kann dabei ein Vorhersagefaktor f\u00fcr erfolgreiches Altern sein.&nbsp; Seit Jahrhunderten ergr\u00fcnden Psychologen und Philosophen das \u201eKonstrukt Neugier\u201c. \u201eSie ist eine motivierende Kraft, die uns dazu &hellip;","_links":{"self":[{"href":"https:\/\/digidem-bayern.de\/en\/wp-json\/wp\/v2\/posts\/43898","targetHints":{"allow":["GET"]}}],"collection":[{"href":"https:\/\/digidem-bayern.de\/en\/wp-json\/wp\/v2\/posts"}],"about":[{"href":"https:\/\/digidem-bayern.de\/en\/wp-json\/wp\/v2\/types\/post"}],"author":[{"embeddable":true,"href":"https:\/\/digidem-bayern.de\/en\/wp-json\/wp\/v2\/users\/12"}],"replies":[{"embeddable":true,"href":"https:\/\/digidem-bayern.de\/en\/wp-json\/wp\/v2\/comments?post=43898"}],"version-history":[{"count":4,"href":"https:\/\/digidem-bayern.de\/en\/wp-json\/wp\/v2\/posts\/43898\/revisions"}],"predecessor-version":[{"id":43932,"href":"https:\/\/digidem-bayern.de\/en\/wp-json\/wp\/v2\/posts\/43898\/revisions\/43932"}],"wp:featuredmedia":[{"embeddable":true,"href":"https:\/\/digidem-bayern.de\/en\/wp-json\/wp\/v2\/media\/43925"}],"wp:attachment":[{"href":"https:\/\/digidem-bayern.de\/en\/wp-json\/wp\/v2\/media?parent=43898"}],"wp:term":[{"taxonomy":"category","embeddable":true,"href":"https:\/\/digidem-bayern.de\/en\/wp-json\/wp\/v2\/categories?post=43898"},{"taxonomy":"post_tag","embeddable":true,"href":"https:\/\/digidem-bayern.de\/en\/wp-json\/wp\/v2\/tags?post=43898"}],"curies":[{"name":"wp","href":"https:\/\/api.w.org\/{rel}","templated":true}]}}