{"id":43759,"date":"2025-06-17T09:30:00","date_gmt":"2025-06-17T07:30:00","guid":{"rendered":"https:\/\/digidem-bayern.de\/?p=43759"},"modified":"2025-06-17T10:04:11","modified_gmt":"2025-06-17T08:04:11","slug":"demenzrisiko-mit-smartphone-daten-erkennen","status":"publish","type":"post","link":"https:\/\/digidem-bayern.de\/en\/demenzrisiko-mit-smartphone-daten-erkennen\/","title":{"rendered":"Demenzrisiko mittels Smartphone-Daten erkennen"},"content":{"rendered":"<p>Menschen mit kognitiven Beeintr\u00e4chtigungen f\u00e4llt es h\u00e4ufig schwer, sich r\u00e4umlich zu orientieren und problemlos von A nach B zu gelangen. Dabei sind diese oft\u00a0mit einer Demenz verbundenen kognitiven Ver\u00e4nderungen entscheidend, um die Erkrankung fr\u00fchzeitig zu erkennen und behandeln zu k\u00f6nnen.\u00a0Wie sich mit Hilfe von speziellen Smartphone-Daten erste Anzeichen f\u00fcr ein\u00a0erh\u00f6htes Demenzrisiko erkennen lassen, haben Forschende aus Magdeburg und T\u00fcbingen gezeigt. Sie entwickelten eine neue Smartphone-App, mit der die Studienteilnehmenden\u00a0auf dem medizinischen Campus der Universit\u00e4t Magdeburg\u00a0verschiedene Orte finden mussten.\u00a0<\/p>\n\n\n\n<p>An der Studie nahmen insgesamt 72 Personen teil: 24 j\u00fcngere Erwachsene, 25 kognitiv unauff\u00e4llig \u00e4ltere Erwachsene und 23 \u00e4ltere Personen mit sogenannter \u201esubjektiver kognitiver Beeintr\u00e4chtigung\u201c (SCD). Dies bedeutet, dass diese Teilnehmenden selbst \u00fcber Ged\u00e4chtnisprobleme berichteten, aber in wissenschaftlich basierten Ged\u00e4chtnistests noch keine Auff\u00e4lligkeiten zeigten.&nbsp;<\/p>\n\n\n\n<p>Die App zeigte den Teilnehmenden eine Karte mit ihrem Standort und dem jeweiligen Ziel an, das sie zu Fu\u00df erreichen mussten. Die f\u00fcnf markanten Geb\u00e4ude auf&nbsp;dem Campusgel\u00e4nde des Deutschen Zentrums f\u00fcr Neurodegenerative Erkrankungen (DZNE) in Magdeburg, die erreicht werden sollten,&nbsp;waren den Teilnehmenden zuvor nicht bekannt und geh\u00f6rten normalerweise nicht zu ihren allt\u00e4glichen Strecken. W\u00e4hrend des Gehens auf der rund 800 Meter langen Route wurden verschiedene Daten gesammelt: die zur\u00fcckgelegte Strecke, die ben\u00f6tigte Zeit, die Gehgeschwindigkeit, wie oft sie auf die Karte schauten und dabei eine digitale Hilfefunktion auf dem Smartphone aufriefen und sogenannte Orientierungsstopps, also wie oft sie kurz stehen blieben, um sich zu orientieren.<\/p>\n\n\n\n<div style=\"height:10px\" aria-hidden=\"true\" class=\"wp-block-spacer\"><\/div>\n\n\n\n<div class=\"wp-block-columns is-layout-flex wp-container-core-columns-is-layout-9d6595d7 wp-block-columns-is-layout-flex\">\n<div class=\"wp-block-column is-layout-flow wp-block-column-is-layout-flow\" style=\"flex-basis:20%\"><\/div>\n\n\n\n<div class=\"wp-block-column is-layout-flow wp-block-column-is-layout-flow\" style=\"flex-basis:60%\">\n<p class=\"has-text-align-center\"><strong>\u201e<strong><strong><strong><strong><strong><strong>Kognitive Beeintr\u00e4chtigungen k\u00f6nnen durch die Auswertung von Smartphone-Daten fr\u00fchzeitig identifiziert werden<\/strong><\/strong><\/strong><\/strong><\/strong>.<\/strong><span style=\"caret-color: rgb(0, 0, 0); color: rgb(0, 0, 0); font-family: -webkit-standard; font-size: medium; font-weight: 400; text-align: start; white-space: normal;\"><\/span>\u201c<\/strong><\/p>\n\n\n\n<p class=\"has-text-align-center\"><strong><strong>Anne Keefer<\/strong>, digiDEM Bayern-Wissenschaftlerin<\/strong><\/p>\n<\/div>\n\n\n\n<div class=\"wp-block-column is-layout-flow wp-block-column-is-layout-flow\" style=\"flex-basis:20%\"><\/div>\n<\/div>\n\n\n\n<div style=\"height:10px\" aria-hidden=\"true\" class=\"wp-block-spacer\"><\/div>\n\n\n\n<p>Die j\u00fcngeren Erwachsenen schnitten bei allen Aufgaben am besten ab: Sie gingen k\u00fcrzere Wege, brauchten weniger Zeit, schauten seltener auf die Karte und blieben kaum stehen. Zwischen den beiden Gruppen mit \u00e4lteren Erwachsenen gab es jedoch einen wichtigen Unterschied: Die Menschen mit SCD blieben deutlich h\u00e4ufiger stehen, um sich zu orientieren, als die gesunden \u00e4lteren Erwachsenen.<\/p>\n\n\n\n<p>Besonders die Anzahl der Orientierungsstopps war ein wichtiger Hinweis darauf, ob eine Person zur SCD-Gruppe geh\u00f6rte. Mit Hilfe der gesammelten Smartphone-Daten konnten die Forschenden in etwa zwei Dritteln der F\u00e4lle richtig vorhersagen, ob ein \u00e4lterer Mensch zur SCD-Gruppe geh\u00f6rte oder nicht. Die Analyse zeigte, dass die SCD-Gruppe besonders an Kreuzungen und an Orten mit vielen Abzweigungen h\u00e4ufiger stehen blieb.<\/p>\n\n\n\n<p>Im Ergebnis zeigte die Studie: Mit sogenannten&nbsp;digitalen Markern, die&nbsp;w\u00e4hrend des sogenannten Wegfindungstests in weniger als einer halben Stunde in einer realen Umgebung&nbsp;aus Smartphone-Daten gewonnen wurden, k\u00f6nnen \u00e4ltere Menschen identifiziert werden, die ein erh\u00f6htes Demenzrisiko haben.&nbsp;<\/p>\n\n\n\n<p>\u201eF\u00fcr die Entwicklung krankheitsmodifizierender Interventionen und Behandlungen ist die Erkennung kognitiver Ver\u00e4nderungen in den fr\u00fchesten Krankheitsstadien entscheidend\u201c, schreiben die Forschenden.&nbsp;Die App k\u00f6nne als Screening-Tool eingesetzt werden und in Zukunft dazu beitragen, betroffene Menschen fr\u00fchzeitig zu identifizieren und ihnen gezielte Unterst\u00fctzung anzubieten.&nbsp;Die Studie stelle einen \u201evielversprechenden Ansatz zur Erkennung kognitiver Beeintr\u00e4chtigungen unter Verwendung digitaler Daten dar.\u201c<\/p>\n\n\n\n<p><strong>Tipp f\u00fcr die Praxis:<\/strong><\/p>\n\n\n\n<p>Die Auswertung von Smartphone-Daten zur Orientierung&nbsp;k\u00f6nnte zuk\u00fcnftig zur Demenz-Fr\u00fcherkennung beitragen, indem ein ver\u00e4ndertes Orientierungsverhalten erkannt wird. Das w\u00fcrde es erm\u00f6glichen, Betroffene und \u00c4rztinnen und \u00c4rzte fr\u00fchzeitig auf ein erh\u00f6htes Demenzrisiko aufmerksam zu machen und schneller zu handeln.<\/p>\n\n\n\n<p><a href=\"https:\/\/journals.plos.org\/digitalhealth\/article?id=10.1371\/journal.pdig.0000613\">Hier gelangen Sie zur Studie.<\/a><\/p>\n\n\n\n<p style=\"font-size:20px\">digiDEM Bayern entwickelt digitale Angebote f\u00fcr Menschen mit kognitiven Einschr\u00e4nkungen und Demenz sowie f\u00fcr pflegende An- und Zugeh\u00f6rige und ehrenamtliche Helfende und stellt die Angebote auf <a href=\"https:\/\/digidem-bayern.de\/en\/digitale-angebote\/\">digiDEM-Bayern.de<\/a> zur Verf\u00fcgung.<\/p>\n\n\n\n<p>Unser Tipp: Die digiDEM Bayern Demenzbibliothek<strong><sup>\u00ae<\/sup><\/strong>&nbsp;ist unser&nbsp;umfassendes Wissensportal rund um das Thema Demenz. Sie bietet eine vielf\u00e4ltige Wissenssammlung, die speziell darauf ausgerichtet ist, Betroffene, An- und Zugeh\u00f6rige, Fachkr\u00e4fte und Entscheider im Gesundheitswesen, Ehrenamtliche sowie B\u00fcrger zu unterst\u00fctzen. Ob Sie nach wissenschaftlichen Studien oder praxisorientierten Tipps suchen: Hier finden Sie von den digiDEM Bayern-Wissenschaftlern ausgew\u00e4hlte und gepr\u00fcfte Informationen. Diese qualit\u00e4tsgesicherten Informationen sollen Ihnen helfen, das komplexe Thema Demenz besser zu verstehen und den Alltag mit der Erkrankung zu bew\u00e4ltigen. Die digiDEM Bayern Demenzbibliothek<strong><sup>\u00ae<\/sup><\/strong>&nbsp;umfasst eine umfangreiche Auswahl von frei zug\u00e4nglichen eigenen und (inter-)nationalen wissenschaftlichen Ver\u00f6ffentlichungen sowie aufgezeichneten Webinaren.&nbsp;<\/p>\n\n\n\n<p><a href=\"https:\/\/digidem-bayern.de\/en\/online-demenzbibliothek\/\">Hier gelangen Sie&nbsp;digiDEM Bayern Demenzbibliothek<strong><sup>\u00ae<\/sup><\/strong>.<\/a><\/p>\n\n\n\n<p>Alle Newsletter, die bisher erschienen sind, k\u00f6nnen Sie auch Nachlesen:&nbsp;<a href=\"https:\/\/digidem-bayern.de\/en\/newsletter-archiv\/\">Hier geht\u2019s zu unserem Newsletter-Archiv.<\/a><\/p>\n\n\n\n<p>Nutzen Sie auch unseren digitalen Fragebogen &#8222;digiDEM Bayern DEMAND\u00ae&#8220; und empfehlen Sie ihn weiter. Er hilft pflegenden An- und Zugeh\u00f6rigen, die eigenen Versorgungsbedarfe zu erkennen, wenn der Pflegebedarf von Menschen mit Demenz steigt.&nbsp;<a href=\"https:\/\/digidem-bayern.de\/en\/digitales-angebot-demand\/\">Hier gelangen Sie zum Fragebogen &#8222;digiDEM Bayern DEMAND\u00ae&#8220;.<\/a><\/p>\n\n\n\n<p><a href=\"https:\/\/digidem-bayern.de\/en\/newsletter-archiv\/\">Hier geht\u2019s zu den bisherigen Ausgaben unseres Newsletters <em>digiDEM Bayern DIGITAL UPDATE.<\/em><\/a><\/p>\n\n\n\n<p><\/p>\n\n\n\n<div style=\"height:20px\" aria-hidden=\"true\" class=\"wp-block-spacer\"><\/div>\n\n\n\n<div style=\"height:20px\" aria-hidden=\"true\" class=\"wp-block-spacer\"><\/div>","protected":false},"excerpt":{"rendered":"<p>Menschen mit kognitiven Beeintr\u00e4chtigungen f\u00e4llt es h\u00e4ufig schwer, sich r\u00e4umlich zu orientieren und problemlos von A nach B zu gelangen. Dabei sind diese oft\u00a0mit einer Demenz verbundenen kognitiven Ver\u00e4nderungen entscheidend, um die Erkrankung fr\u00fchzeitig zu erkennen und behandeln zu k\u00f6nnen.\u00a0Wie sich mit Hilfe von speziellen Smartphone-Daten erste Anzeichen f\u00fcr ein\u00a0erh\u00f6htes &hellip;<\/p>","protected":false},"author":12,"featured_media":43774,"comment_status":"open","ping_status":"closed","sticky":false,"template":"","format":"standard","meta":{"qubely_global_settings":"","qubely_interactions":"","_uag_custom_page_level_css":"","footnotes":""},"categories":[8,5],"tags":[13,406,803,12,868,177,17,919,918,1599,55,20,1596,509,757,119,1595,275,1601,1285,1594,1602,1598],"class_list":["post-43759","post","type-post","status-publish","format-standard","has-post-thumbnail","hentry","category-aktuelles-zu-digidem","category-wissenschaft-forschung","tag-alzheimer","tag-alzheimer-demenz","tag-demand","tag-demenz-2","tag-demenz-frueherkennung","tag-demenzrisiko","tag-digidem-bayern","tag-digidem-bayern-digital-update","tag-digital-update","tag-digitale-marker","tag-digitales-demenzregister-bayern","tag-digitalisierung","tag-dzne","tag-frueherkennung","tag-kognition","tag-kognitive-beeintraechtigungen","tag-magdeburg","tag-orientierung","tag-screening-tool","tag-smartphone","tag-smartphonedaten","tag-tuebingen","tag-wegfindung"],"qubely_featured_image_url":{"full":["https:\/\/digidem-bayern.de\/wp-content\/uploads\/2025\/06\/Demenzrisiko-mittels-Smartphonedaten.png",1080,1080,false],"landscape":["https:\/\/digidem-bayern.de\/wp-content\/uploads\/2025\/06\/Demenzrisiko-mittels-Smartphonedaten-1080x750.png",1080,750,true],"portraits":["https:\/\/digidem-bayern.de\/wp-content\/uploads\/2025\/06\/Demenzrisiko-mittels-Smartphonedaten-540x320.png",540,320,true],"thumbnail":["https:\/\/digidem-bayern.de\/wp-content\/uploads\/2025\/06\/Demenzrisiko-mittels-Smartphonedaten-80x80.png",80,80,true],"medium":["https:\/\/digidem-bayern.de\/wp-content\/uploads\/2025\/06\/Demenzrisiko-mittels-Smartphonedaten-300x300.png",300,300,true],"medium_large":["https:\/\/digidem-bayern.de\/wp-content\/uploads\/2025\/06\/Demenzrisiko-mittels-Smartphonedaten-768x768.png",768,768,true],"large":["https:\/\/digidem-bayern.de\/wp-content\/uploads\/2025\/06\/Demenzrisiko-mittels-Smartphonedaten-1030x1030.png",1030,1030,true],"1536x1536":["https:\/\/digidem-bayern.de\/wp-content\/uploads\/2025\/06\/Demenzrisiko-mittels-Smartphonedaten.png",1080,1080,false],"2048x2048":["https:\/\/digidem-bayern.de\/wp-content\/uploads\/2025\/06\/Demenzrisiko-mittels-Smartphonedaten.png",1080,1080,false],"trp-custom-language-flag":["https:\/\/digidem-bayern.de\/wp-content\/uploads\/2025\/06\/Demenzrisiko-mittels-Smartphonedaten.png",12,12,false],"qubely_landscape":["https:\/\/digidem-bayern.de\/wp-content\/uploads\/2025\/06\/Demenzrisiko-mittels-Smartphonedaten-1080x750.png",1080,750,true],"qubely_portrait":["https:\/\/digidem-bayern.de\/wp-content\/uploads\/2025\/06\/Demenzrisiko-mittels-Smartphonedaten-540x320.png",540,320,true],"qubely_thumbnail":["https:\/\/digidem-bayern.de\/wp-content\/uploads\/2025\/06\/Demenzrisiko-mittels-Smartphonedaten-140x100.png",140,100,true],"post-thumbnail":["https:\/\/digidem-bayern.de\/wp-content\/uploads\/2025\/06\/Demenzrisiko-mittels-Smartphonedaten-350x350.png",350,350,true],"kahuna-featured":["https:\/\/digidem-bayern.de\/wp-content\/uploads\/2025\/06\/Demenzrisiko-mittels-Smartphonedaten-734x350.png",734,350,true],"kahuna-featured-lp":["https:\/\/digidem-bayern.de\/wp-content\/uploads\/2025\/06\/Demenzrisiko-mittels-Smartphonedaten-520x350.png",520,350,true],"kahuna-featured-half":["https:\/\/digidem-bayern.de\/wp-content\/uploads\/2025\/06\/Demenzrisiko-mittels-Smartphonedaten-800x350.png",800,350,true],"kahuna-featured-third":["https:\/\/digidem-bayern.de\/wp-content\/uploads\/2025\/06\/Demenzrisiko-mittels-Smartphonedaten-512x350.png",512,350,true],"kahuna-lpbox-1":["https:\/\/digidem-bayern.de\/wp-content\/uploads\/2025\/06\/Demenzrisiko-mittels-Smartphonedaten-520x300.png",520,300,true],"kahuna-lpbox-2":["https:\/\/digidem-bayern.de\/wp-content\/uploads\/2025\/06\/Demenzrisiko-mittels-Smartphonedaten-520x350.png",520,350,true],"demand-language-flag":["https:\/\/digidem-bayern.de\/wp-content\/uploads\/2025\/06\/Demenzrisiko-mittels-Smartphonedaten-36x36.png",36,36,true],"dddkt-language-flag":["https:\/\/digidem-bayern.de\/wp-content\/uploads\/2025\/06\/Demenzrisiko-mittels-Smartphonedaten-36x36.png",36,36,true],"ddiqc-language-flag":["https:\/\/digidem-bayern.de\/wp-content\/uploads\/2025\/06\/Demenzrisiko-mittels-Smartphonedaten-36x36.png",36,36,true],"ddtl-language-flag":["https:\/\/digidem-bayern.de\/wp-content\/uploads\/2025\/06\/Demenzrisiko-mittels-Smartphonedaten-36x36.png",36,36,true],"mailpoet_newsletter_max":["https:\/\/digidem-bayern.de\/wp-content\/uploads\/2025\/06\/Demenzrisiko-mittels-Smartphonedaten.png",1080,1080,false],"kahuna-lpbox-3":["https:\/\/digidem-bayern.de\/wp-content\/uploads\/2025\/06\/Demenzrisiko-mittels-Smartphonedaten-520x350.png",520,350,true],"kahuna-featured-square":["https:\/\/digidem-bayern.de\/wp-content\/uploads\/2025\/06\/Demenzrisiko-mittels-Smartphonedaten-512x512.png",512,512,true],"kahuna-featured-square-large":["https:\/\/digidem-bayern.de\/wp-content\/uploads\/2025\/06\/Demenzrisiko-mittels-Smartphonedaten-1024x1024.png",1024,1024,true]},"qubely_author":{"display_name":"Ilona H\u00f6rath","author_link":"https:\/\/digidem-bayern.de\/en\/author\/hoeratia\/"},"qubely_comment":13,"qubely_category":"<a href=\"https:\/\/digidem-bayern.de\/en\/category\/aktuelles-zu-digidem\/\" rel=\"category tag\">Aktuelles zu digiDEM<\/a> <a href=\"https:\/\/digidem-bayern.de\/en\/category\/wissenschaft-forschung\/\" rel=\"category tag\">Wissenschaft &amp; Forschung<\/a>","qubely_excerpt":"Menschen mit kognitiven Beeintr\u00e4chtigungen f\u00e4llt es h\u00e4ufig schwer, sich r\u00e4umlich zu orientieren und problemlos von A nach B zu gelangen. Dabei sind diese oft\u00a0mit einer Demenz verbundenen kognitiven Ver\u00e4nderungen entscheidend, um die Erkrankung fr\u00fchzeitig zu erkennen und behandeln zu k\u00f6nnen.\u00a0Wie sich mit Hilfe von speziellen Smartphone-Daten erste Anzeichen f\u00fcr ein\u00a0erh\u00f6htes &hellip;","featured_image_urls_v2":{"full":["https:\/\/digidem-bayern.de\/wp-content\/uploads\/2025\/06\/Demenzrisiko-mittels-Smartphonedaten.png",1080,1080,false],"thumbnail":["https:\/\/digidem-bayern.de\/wp-content\/uploads\/2025\/06\/Demenzrisiko-mittels-Smartphonedaten-80x80.png",80,80,true],"medium":["https:\/\/digidem-bayern.de\/wp-content\/uploads\/2025\/06\/Demenzrisiko-mittels-Smartphonedaten-300x300.png",300,300,true],"medium_large":["https:\/\/digidem-bayern.de\/wp-content\/uploads\/2025\/06\/Demenzrisiko-mittels-Smartphonedaten-768x768.png",768,768,true],"large":["https:\/\/digidem-bayern.de\/wp-content\/uploads\/2025\/06\/Demenzrisiko-mittels-Smartphonedaten-1030x1030.png",1030,1030,true],"1536x1536":["https:\/\/digidem-bayern.de\/wp-content\/uploads\/2025\/06\/Demenzrisiko-mittels-Smartphonedaten.png",1080,1080,false],"2048x2048":["https:\/\/digidem-bayern.de\/wp-content\/uploads\/2025\/06\/Demenzrisiko-mittels-Smartphonedaten.png",1080,1080,false],"trp-custom-language-flag":["https:\/\/digidem-bayern.de\/wp-content\/uploads\/2025\/06\/Demenzrisiko-mittels-Smartphonedaten.png",12,12,false],"qubely_landscape":["https:\/\/digidem-bayern.de\/wp-content\/uploads\/2025\/06\/Demenzrisiko-mittels-Smartphonedaten-1080x750.png",1080,750,true],"qubely_portrait":["https:\/\/digidem-bayern.de\/wp-content\/uploads\/2025\/06\/Demenzrisiko-mittels-Smartphonedaten-540x320.png",540,320,true],"qubely_thumbnail":["https:\/\/digidem-bayern.de\/wp-content\/uploads\/2025\/06\/Demenzrisiko-mittels-Smartphonedaten-140x100.png",140,100,true],"post-thumbnail":["https:\/\/digidem-bayern.de\/wp-content\/uploads\/2025\/06\/Demenzrisiko-mittels-Smartphonedaten-350x350.png",350,350,true],"kahuna-featured":["https:\/\/digidem-bayern.de\/wp-content\/uploads\/2025\/06\/Demenzrisiko-mittels-Smartphonedaten-734x350.png",734,350,true],"kahuna-featured-lp":["https:\/\/digidem-bayern.de\/wp-content\/uploads\/2025\/06\/Demenzrisiko-mittels-Smartphonedaten-520x350.png",520,350,true],"kahuna-featured-half":["https:\/\/digidem-bayern.de\/wp-content\/uploads\/2025\/06\/Demenzrisiko-mittels-Smartphonedaten-800x350.png",800,350,true],"kahuna-featured-third":["https:\/\/digidem-bayern.de\/wp-content\/uploads\/2025\/06\/Demenzrisiko-mittels-Smartphonedaten-512x350.png",512,350,true],"kahuna-lpbox-1":["https:\/\/digidem-bayern.de\/wp-content\/uploads\/2025\/06\/Demenzrisiko-mittels-Smartphonedaten-520x300.png",520,300,true],"kahuna-lpbox-2":["https:\/\/digidem-bayern.de\/wp-content\/uploads\/2025\/06\/Demenzrisiko-mittels-Smartphonedaten-520x350.png",520,350,true],"demand-language-flag":["https:\/\/digidem-bayern.de\/wp-content\/uploads\/2025\/06\/Demenzrisiko-mittels-Smartphonedaten-36x36.png",36,36,true],"dddkt-language-flag":["https:\/\/digidem-bayern.de\/wp-content\/uploads\/2025\/06\/Demenzrisiko-mittels-Smartphonedaten-36x36.png",36,36,true],"ddiqc-language-flag":["https:\/\/digidem-bayern.de\/wp-content\/uploads\/2025\/06\/Demenzrisiko-mittels-Smartphonedaten-36x36.png",36,36,true],"ddtl-language-flag":["https:\/\/digidem-bayern.de\/wp-content\/uploads\/2025\/06\/Demenzrisiko-mittels-Smartphonedaten-36x36.png",36,36,true],"mailpoet_newsletter_max":["https:\/\/digidem-bayern.de\/wp-content\/uploads\/2025\/06\/Demenzrisiko-mittels-Smartphonedaten.png",1080,1080,false],"kahuna-lpbox-3":["https:\/\/digidem-bayern.de\/wp-content\/uploads\/2025\/06\/Demenzrisiko-mittels-Smartphonedaten-520x350.png",520,350,true],"kahuna-featured-square":["https:\/\/digidem-bayern.de\/wp-content\/uploads\/2025\/06\/Demenzrisiko-mittels-Smartphonedaten-512x512.png",512,512,true],"kahuna-featured-square-large":["https:\/\/digidem-bayern.de\/wp-content\/uploads\/2025\/06\/Demenzrisiko-mittels-Smartphonedaten-1024x1024.png",1024,1024,true]},"post_excerpt_stackable_v2":"<p>Menschen mit kognitiven Beeintr\u00e4chtigungen f\u00e4llt es h\u00e4ufig schwer, sich r\u00e4umlich zu orientieren und problemlos von A nach B zu gelangen. Dabei sind diese oft\u00a0mit einer Demenz verbundenen kognitiven Ver\u00e4nderungen entscheidend, um die Erkrankung fr\u00fchzeitig zu erkennen und behandeln zu k\u00f6nnen.\u00a0Wie sich mit Hilfe von speziellen Smartphone-Daten erste Anzeichen f\u00fcr ein\u00a0erh\u00f6htes Demenzrisiko erkennen lassen, haben Forschende aus Magdeburg und T\u00fcbingen gezeigt. Sie entwickelten eine neue Smartphone-App, mit der die Studienteilnehmenden\u00a0auf dem medizinischen Campus der Universit\u00e4t Magdeburg\u00a0verschiedene Orte finden mussten.\u00a0 An der Studie nahmen insgesamt 72 Personen teil: 24 j\u00fcngere Erwachsene, 25 kognitiv unauff\u00e4llig \u00e4ltere Erwachsene und 23 \u00e4ltere Personen mit sogenannter&hellip;<\/p>\n","category_list_v2":"<a href=\"https:\/\/digidem-bayern.de\/en\/category\/aktuelles-zu-digidem\/\" rel=\"category tag\">Aktuelles zu digiDEM<\/a>, <a href=\"https:\/\/digidem-bayern.de\/en\/category\/wissenschaft-forschung\/\" rel=\"category tag\">Wissenschaft &amp; Forschung<\/a>","author_info_v2":{"name":"Ilona H\u00f6rath","url":"https:\/\/digidem-bayern.de\/en\/author\/hoeratia\/"},"comments_num_v2":"0 comments","yoast_head":"<!-- This site is optimized with the Yoast SEO plugin v27.5 - https:\/\/yoast.com\/product\/yoast-seo-wordpress\/ -->\n<title>Demenzrisiko mittels Smartphone-Daten erkennen - digiDEM Bayern<\/title>\n<meta name=\"description\" content=\"Der Bayerische Landesapothekerkammer unterst\u00fctzt digiDEM Bayern mit Hilfe des Netzwerks &quot;Demenzfreundliche Apotheken&quot;.\" \/>\n<meta name=\"robots\" content=\"index, follow, max-snippet:-1, max-image-preview:large, max-video-preview:-1\" \/>\n<link rel=\"canonical\" href=\"https:\/\/digidem-bayern.de\/en\/demenzrisiko-mit-smartphone-daten-erkennen\/\" \/>\n<meta property=\"og:locale\" content=\"en_US\" \/>\n<meta property=\"og:type\" content=\"article\" \/>\n<meta property=\"og:title\" content=\"Demenzrisiko mittels Smartphone-Daten erkennen - digiDEM Bayern\" \/>\n<meta property=\"og:description\" content=\"Der Bayerische Landesapothekerkammer unterst\u00fctzt digiDEM Bayern mit Hilfe des Netzwerks &quot;Demenzfreundliche Apotheken&quot;.\" \/>\n<meta property=\"og:url\" content=\"https:\/\/digidem-bayern.de\/en\/demenzrisiko-mit-smartphone-daten-erkennen\/\" \/>\n<meta property=\"og:site_name\" content=\"digiDEM Bayern\" \/>\n<meta property=\"article:publisher\" content=\"https:\/\/www.facebook.com\/digiDEMBayern\/\" \/>\n<meta property=\"article:published_time\" content=\"2025-06-17T07:30:00+00:00\" \/>\n<meta property=\"article:modified_time\" content=\"2025-06-17T08:04:11+00:00\" \/>\n<meta property=\"og:image\" content=\"https:\/\/digidem-bayern.de\/wp-content\/uploads\/2025\/06\/Demenzrisiko-mittels-Smartphonedaten.png\" \/>\n\t<meta property=\"og:image:width\" content=\"1080\" \/>\n\t<meta property=\"og:image:height\" content=\"1080\" \/>\n\t<meta property=\"og:image:type\" content=\"image\/png\" \/>\n<meta name=\"author\" content=\"Ilona H\u00f6rath\" \/>\n<meta name=\"twitter:label1\" content=\"Written by\" \/>\n\t<meta name=\"twitter:data1\" content=\"Ilona H\u00f6rath\" \/>\n\t<meta name=\"twitter:label2\" content=\"Est. reading time\" \/>\n\t<meta name=\"twitter:data2\" content=\"2 minutes\" \/>\n<script type=\"application\/ld+json\" class=\"yoast-schema-graph\">{\"@context\":\"https:\\\/\\\/schema.org\",\"@graph\":[{\"@type\":\"Article\",\"@id\":\"https:\\\/\\\/digidem-bayern.de\\\/demenzrisiko-mit-smartphone-daten-erkennen\\\/#article\",\"isPartOf\":{\"@id\":\"https:\\\/\\\/digidem-bayern.de\\\/demenzrisiko-mit-smartphone-daten-erkennen\\\/\"},\"author\":{\"name\":\"Ilona H\u00f6rath\",\"@id\":\"\\\/#\\\/schema\\\/person\\\/0bc1494f46fc2a051c761322a80e0941\"},\"headline\":\"Demenzrisiko mittels Smartphone-Daten erkennen\",\"datePublished\":\"2025-06-17T07:30:00+00:00\",\"dateModified\":\"2025-06-17T08:04:11+00:00\",\"mainEntityOfPage\":{\"@id\":\"https:\\\/\\\/digidem-bayern.de\\\/demenzrisiko-mit-smartphone-daten-erkennen\\\/\"},\"wordCount\":801,\"commentCount\":0,\"publisher\":{\"@id\":\"\\\/#organization\"},\"image\":{\"@id\":\"https:\\\/\\\/digidem-bayern.de\\\/demenzrisiko-mit-smartphone-daten-erkennen\\\/#primaryimage\"},\"thumbnailUrl\":\"https:\\\/\\\/digidem-bayern.de\\\/wp-content\\\/uploads\\\/2025\\\/06\\\/Demenzrisiko-mittels-Smartphonedaten.png\",\"keywords\":[\"Alzheimer\",\"Alzheimer-Demenz\",\"Demand\",\"Demenz\",\"Demenz-Fr\u00fcherkennung\",\"Demenzrisiko\",\"digidem Bayern\",\"digiDEM Bayern DIGITAL UPDATE\",\"DIGITAL UPDATE\",\"digitale Marker\",\"Digitales Demenzregister Bayern\",\"Digitalisierung\",\"DZNE\",\"Fr\u00fcherkennung\",\"Kognition\",\"kognitive Beeintr\u00e4chtigungen\",\"Magdeburg\",\"Orientierung\",\"Screening-Tool\",\"Smartphone\",\"Smartphonedaten\",\"T\u00fcbingen\",\"Wegfindung\"],\"articleSection\":[\"Aktuelles zu digiDEM\",\"Wissenschaft &amp; Forschung\"],\"inLanguage\":\"en-US\",\"potentialAction\":[{\"@type\":\"CommentAction\",\"name\":\"Comment\",\"target\":[\"https:\\\/\\\/digidem-bayern.de\\\/demenzrisiko-mit-smartphone-daten-erkennen\\\/#respond\"]}]},{\"@type\":\"WebPage\",\"@id\":\"https:\\\/\\\/digidem-bayern.de\\\/demenzrisiko-mit-smartphone-daten-erkennen\\\/\",\"url\":\"https:\\\/\\\/digidem-bayern.de\\\/demenzrisiko-mit-smartphone-daten-erkennen\\\/\",\"name\":\"Demenzrisiko mittels Smartphone-Daten erkennen - digiDEM Bayern\",\"isPartOf\":{\"@id\":\"\\\/#website\"},\"primaryImageOfPage\":{\"@id\":\"https:\\\/\\\/digidem-bayern.de\\\/demenzrisiko-mit-smartphone-daten-erkennen\\\/#primaryimage\"},\"image\":{\"@id\":\"https:\\\/\\\/digidem-bayern.de\\\/demenzrisiko-mit-smartphone-daten-erkennen\\\/#primaryimage\"},\"thumbnailUrl\":\"https:\\\/\\\/digidem-bayern.de\\\/wp-content\\\/uploads\\\/2025\\\/06\\\/Demenzrisiko-mittels-Smartphonedaten.png\",\"datePublished\":\"2025-06-17T07:30:00+00:00\",\"dateModified\":\"2025-06-17T08:04:11+00:00\",\"description\":\"Der Bayerische Landesapothekerkammer unterst\u00fctzt digiDEM Bayern mit Hilfe des Netzwerks \\\"Demenzfreundliche Apotheken\\\".\",\"breadcrumb\":{\"@id\":\"https:\\\/\\\/digidem-bayern.de\\\/demenzrisiko-mit-smartphone-daten-erkennen\\\/#breadcrumb\"},\"inLanguage\":\"en-US\",\"potentialAction\":[{\"@type\":\"ReadAction\",\"target\":[\"https:\\\/\\\/digidem-bayern.de\\\/demenzrisiko-mit-smartphone-daten-erkennen\\\/\"]}]},{\"@type\":\"ImageObject\",\"inLanguage\":\"en-US\",\"@id\":\"https:\\\/\\\/digidem-bayern.de\\\/demenzrisiko-mit-smartphone-daten-erkennen\\\/#primaryimage\",\"url\":\"https:\\\/\\\/digidem-bayern.de\\\/wp-content\\\/uploads\\\/2025\\\/06\\\/Demenzrisiko-mittels-Smartphonedaten.png\",\"contentUrl\":\"https:\\\/\\\/digidem-bayern.de\\\/wp-content\\\/uploads\\\/2025\\\/06\\\/Demenzrisiko-mittels-Smartphonedaten.png\",\"width\":1080,\"height\":1080,\"caption\":\"Sie entwickelten eine neue Smartphone-App, mit der die Studienteilnehmenden auf dem medizinischen Campus der Universit\u00e4t Magdeburg verschiedene Orte finden mussten. Aufgrund der gesammelten Smartphone-Daten konnten \u00e4ltere Menschen identifiziert werden, die ein erh\u00f6htes Demenzrisiko haben.\"},{\"@type\":\"BreadcrumbList\",\"@id\":\"https:\\\/\\\/digidem-bayern.de\\\/demenzrisiko-mit-smartphone-daten-erkennen\\\/#breadcrumb\",\"itemListElement\":[{\"@type\":\"ListItem\",\"position\":1,\"name\":\"Startseite\",\"item\":\"https:\\\/\\\/digidem-bayern.de\\\/\"},{\"@type\":\"ListItem\",\"position\":2,\"name\":\"Demenzrisiko mittels Smartphone-Daten erkennen\"}]},{\"@type\":\"WebSite\",\"@id\":\"\\\/#website\",\"url\":\"\\\/\",\"name\":\"digiDEM Bayern\",\"description\":\"Das digitale Demenzregister Bayern erforscht und verbessert die Angebotsstuktur f\u00fcr Menschen mit Demenz und deren Angeh\u00f6rige\",\"publisher\":{\"@id\":\"\\\/#organization\"},\"potentialAction\":[{\"@type\":\"SearchAction\",\"target\":{\"@type\":\"EntryPoint\",\"urlTemplate\":\"\\\/?s={search_term_string}\"},\"query-input\":{\"@type\":\"PropertyValueSpecification\",\"valueRequired\":true,\"valueName\":\"search_term_string\"}}],\"inLanguage\":\"en-US\"},{\"@type\":\"Organization\",\"@id\":\"\\\/#organization\",\"name\":\"digiDEM Bayern\",\"url\":\"\\\/\",\"logo\":{\"@type\":\"ImageObject\",\"inLanguage\":\"en-US\",\"@id\":\"\\\/#\\\/schema\\\/logo\\\/image\\\/\",\"url\":\"https:\\\/\\\/digidem-bayern.de\\\/wp-content\\\/uploads\\\/2022\\\/03\\\/cropped-Allgemeines_digiDEMLOGO-removebg-preview.png\",\"contentUrl\":\"https:\\\/\\\/digidem-bayern.de\\\/wp-content\\\/uploads\\\/2022\\\/03\\\/cropped-Allgemeines_digiDEMLOGO-removebg-preview.png\",\"width\":612,\"height\":357,\"caption\":\"digiDEM Bayern\"},\"image\":{\"@id\":\"\\\/#\\\/schema\\\/logo\\\/image\\\/\"},\"sameAs\":[\"https:\\\/\\\/www.facebook.com\\\/digiDEMBayern\\\/\",\"https:\\\/\\\/x.com\\\/digidem_bayern\",\"https:\\\/\\\/www.instagram.com\\\/digidem.bayern\",\"https:\\\/\\\/www.linkedin.com\\\/company\\\/digidem-bayern\\\/\"]},{\"@type\":\"Person\",\"@id\":\"\\\/#\\\/schema\\\/person\\\/0bc1494f46fc2a051c761322a80e0941\",\"name\":\"Ilona H\u00f6rath\",\"url\":\"https:\\\/\\\/digidem-bayern.de\\\/en\\\/author\\\/hoeratia\\\/\"}]}<\/script>\n<!-- \/ Yoast SEO plugin. -->","yoast_head_json":{"title":"Demenzrisiko mittels Smartphone-Daten erkennen - digiDEM Bayern","description":"Der Bayerische Landesapothekerkammer unterst\u00fctzt digiDEM Bayern mit Hilfe des Netzwerks \"Demenzfreundliche Apotheken\".","robots":{"index":"index","follow":"follow","max-snippet":"max-snippet:-1","max-image-preview":"max-image-preview:large","max-video-preview":"max-video-preview:-1"},"canonical":"https:\/\/digidem-bayern.de\/en\/demenzrisiko-mit-smartphone-daten-erkennen\/","og_locale":"en_US","og_type":"article","og_title":"Demenzrisiko mittels Smartphone-Daten erkennen - digiDEM Bayern","og_description":"Der Bayerische Landesapothekerkammer unterst\u00fctzt digiDEM Bayern mit Hilfe des Netzwerks \"Demenzfreundliche Apotheken\".","og_url":"https:\/\/digidem-bayern.de\/en\/demenzrisiko-mit-smartphone-daten-erkennen\/","og_site_name":"digiDEM Bayern","article_publisher":"https:\/\/www.facebook.com\/digiDEMBayern\/","article_published_time":"2025-06-17T07:30:00+00:00","article_modified_time":"2025-06-17T08:04:11+00:00","og_image":[{"width":1080,"height":1080,"url":"https:\/\/digidem-bayern.de\/wp-content\/uploads\/2025\/06\/Demenzrisiko-mittels-Smartphonedaten.png","type":"image\/png"}],"author":"Ilona H\u00f6rath","twitter_misc":{"Written by":"Ilona H\u00f6rath","Est. reading time":"2 minutes"},"schema":{"@context":"https:\/\/schema.org","@graph":[{"@type":"Article","@id":"https:\/\/digidem-bayern.de\/demenzrisiko-mit-smartphone-daten-erkennen\/#article","isPartOf":{"@id":"https:\/\/digidem-bayern.de\/demenzrisiko-mit-smartphone-daten-erkennen\/"},"author":{"name":"Ilona H\u00f6rath","@id":"\/#\/schema\/person\/0bc1494f46fc2a051c761322a80e0941"},"headline":"Demenzrisiko mittels Smartphone-Daten erkennen","datePublished":"2025-06-17T07:30:00+00:00","dateModified":"2025-06-17T08:04:11+00:00","mainEntityOfPage":{"@id":"https:\/\/digidem-bayern.de\/demenzrisiko-mit-smartphone-daten-erkennen\/"},"wordCount":801,"commentCount":0,"publisher":{"@id":"\/#organization"},"image":{"@id":"https:\/\/digidem-bayern.de\/demenzrisiko-mit-smartphone-daten-erkennen\/#primaryimage"},"thumbnailUrl":"https:\/\/digidem-bayern.de\/wp-content\/uploads\/2025\/06\/Demenzrisiko-mittels-Smartphonedaten.png","keywords":["Alzheimer","Alzheimer-Demenz","Demand","Demenz","Demenz-Fr\u00fcherkennung","Demenzrisiko","digidem Bayern","digiDEM Bayern DIGITAL UPDATE","DIGITAL UPDATE","digitale Marker","Digitales Demenzregister Bayern","Digitalisierung","DZNE","Fr\u00fcherkennung","Kognition","kognitive Beeintr\u00e4chtigungen","Magdeburg","Orientierung","Screening-Tool","Smartphone","Smartphonedaten","T\u00fcbingen","Wegfindung"],"articleSection":["Aktuelles zu digiDEM","Wissenschaft &amp; Forschung"],"inLanguage":"en-US","potentialAction":[{"@type":"CommentAction","name":"Comment","target":["https:\/\/digidem-bayern.de\/demenzrisiko-mit-smartphone-daten-erkennen\/#respond"]}]},{"@type":"WebPage","@id":"https:\/\/digidem-bayern.de\/demenzrisiko-mit-smartphone-daten-erkennen\/","url":"https:\/\/digidem-bayern.de\/demenzrisiko-mit-smartphone-daten-erkennen\/","name":"Demenzrisiko mittels Smartphone-Daten erkennen - digiDEM Bayern","isPartOf":{"@id":"\/#website"},"primaryImageOfPage":{"@id":"https:\/\/digidem-bayern.de\/demenzrisiko-mit-smartphone-daten-erkennen\/#primaryimage"},"image":{"@id":"https:\/\/digidem-bayern.de\/demenzrisiko-mit-smartphone-daten-erkennen\/#primaryimage"},"thumbnailUrl":"https:\/\/digidem-bayern.de\/wp-content\/uploads\/2025\/06\/Demenzrisiko-mittels-Smartphonedaten.png","datePublished":"2025-06-17T07:30:00+00:00","dateModified":"2025-06-17T08:04:11+00:00","description":"Der Bayerische Landesapothekerkammer unterst\u00fctzt digiDEM Bayern mit Hilfe des Netzwerks \"Demenzfreundliche Apotheken\".","breadcrumb":{"@id":"https:\/\/digidem-bayern.de\/demenzrisiko-mit-smartphone-daten-erkennen\/#breadcrumb"},"inLanguage":"en-US","potentialAction":[{"@type":"ReadAction","target":["https:\/\/digidem-bayern.de\/demenzrisiko-mit-smartphone-daten-erkennen\/"]}]},{"@type":"ImageObject","inLanguage":"en-US","@id":"https:\/\/digidem-bayern.de\/demenzrisiko-mit-smartphone-daten-erkennen\/#primaryimage","url":"https:\/\/digidem-bayern.de\/wp-content\/uploads\/2025\/06\/Demenzrisiko-mittels-Smartphonedaten.png","contentUrl":"https:\/\/digidem-bayern.de\/wp-content\/uploads\/2025\/06\/Demenzrisiko-mittels-Smartphonedaten.png","width":1080,"height":1080,"caption":"Sie entwickelten eine neue Smartphone-App, mit der die Studienteilnehmenden auf dem medizinischen Campus der Universit\u00e4t Magdeburg verschiedene Orte finden mussten. Aufgrund der gesammelten Smartphone-Daten konnten \u00e4ltere Menschen identifiziert werden, die ein erh\u00f6htes Demenzrisiko haben."},{"@type":"BreadcrumbList","@id":"https:\/\/digidem-bayern.de\/demenzrisiko-mit-smartphone-daten-erkennen\/#breadcrumb","itemListElement":[{"@type":"ListItem","position":1,"name":"Startseite","item":"https:\/\/digidem-bayern.de\/"},{"@type":"ListItem","position":2,"name":"Demenzrisiko mittels Smartphone-Daten erkennen"}]},{"@type":"WebSite","@id":"\/#website","url":"\/","name":"digiDEM Bavaria","description":"The digital dementia register in Bavaria researches and improves the structure of services for people with dementia and their relatives","publisher":{"@id":"\/#organization"},"potentialAction":[{"@type":"SearchAction","target":{"@type":"EntryPoint","urlTemplate":"\/?s={search_term_string}"},"query-input":{"@type":"PropertyValueSpecification","valueRequired":true,"valueName":"search_term_string"}}],"inLanguage":"en-US"},{"@type":"Organization","@id":"\/#organization","name":"digiDEM Bavaria","url":"\/","logo":{"@type":"ImageObject","inLanguage":"en-US","@id":"\/#\/schema\/logo\/image\/","url":"https:\/\/digidem-bayern.de\/wp-content\/uploads\/2022\/03\/cropped-Allgemeines_digiDEMLOGO-removebg-preview.png","contentUrl":"https:\/\/digidem-bayern.de\/wp-content\/uploads\/2022\/03\/cropped-Allgemeines_digiDEMLOGO-removebg-preview.png","width":612,"height":357,"caption":"digiDEM Bayern"},"image":{"@id":"\/#\/schema\/logo\/image\/"},"sameAs":["https:\/\/www.facebook.com\/digiDEMBayern\/","https:\/\/x.com\/digidem_bayern","https:\/\/www.instagram.com\/digidem.bayern","https:\/\/www.linkedin.com\/company\/digidem-bayern\/"]},{"@type":"Person","@id":"\/#\/schema\/person\/0bc1494f46fc2a051c761322a80e0941","name":"Ilona H\u00f6rath","url":"https:\/\/digidem-bayern.de\/en\/author\/hoeratia\/"}]}},"uagb_featured_image_src":{"full":["https:\/\/digidem-bayern.de\/wp-content\/uploads\/2025\/06\/Demenzrisiko-mittels-Smartphonedaten.png",1080,1080,false],"thumbnail":["https:\/\/digidem-bayern.de\/wp-content\/uploads\/2025\/06\/Demenzrisiko-mittels-Smartphonedaten-80x80.png",80,80,true],"medium":["https:\/\/digidem-bayern.de\/wp-content\/uploads\/2025\/06\/Demenzrisiko-mittels-Smartphonedaten-300x300.png",300,300,true],"medium_large":["https:\/\/digidem-bayern.de\/wp-content\/uploads\/2025\/06\/Demenzrisiko-mittels-Smartphonedaten-768x768.png",768,768,true],"large":["https:\/\/digidem-bayern.de\/wp-content\/uploads\/2025\/06\/Demenzrisiko-mittels-Smartphonedaten-1030x1030.png",1030,1030,true],"1536x1536":["https:\/\/digidem-bayern.de\/wp-content\/uploads\/2025\/06\/Demenzrisiko-mittels-Smartphonedaten.png",1080,1080,false],"2048x2048":["https:\/\/digidem-bayern.de\/wp-content\/uploads\/2025\/06\/Demenzrisiko-mittels-Smartphonedaten.png",1080,1080,false],"trp-custom-language-flag":["https:\/\/digidem-bayern.de\/wp-content\/uploads\/2025\/06\/Demenzrisiko-mittels-Smartphonedaten.png",12,12,false],"qubely_landscape":["https:\/\/digidem-bayern.de\/wp-content\/uploads\/2025\/06\/Demenzrisiko-mittels-Smartphonedaten-1080x750.png",1080,750,true],"qubely_portrait":["https:\/\/digidem-bayern.de\/wp-content\/uploads\/2025\/06\/Demenzrisiko-mittels-Smartphonedaten-540x320.png",540,320,true],"qubely_thumbnail":["https:\/\/digidem-bayern.de\/wp-content\/uploads\/2025\/06\/Demenzrisiko-mittels-Smartphonedaten-140x100.png",140,100,true],"post-thumbnail":["https:\/\/digidem-bayern.de\/wp-content\/uploads\/2025\/06\/Demenzrisiko-mittels-Smartphonedaten-350x350.png",350,350,true],"kahuna-featured":["https:\/\/digidem-bayern.de\/wp-content\/uploads\/2025\/06\/Demenzrisiko-mittels-Smartphonedaten-734x350.png",734,350,true],"kahuna-featured-lp":["https:\/\/digidem-bayern.de\/wp-content\/uploads\/2025\/06\/Demenzrisiko-mittels-Smartphonedaten-520x350.png",520,350,true],"kahuna-featured-half":["https:\/\/digidem-bayern.de\/wp-content\/uploads\/2025\/06\/Demenzrisiko-mittels-Smartphonedaten-800x350.png",800,350,true],"kahuna-featured-third":["https:\/\/digidem-bayern.de\/wp-content\/uploads\/2025\/06\/Demenzrisiko-mittels-Smartphonedaten-512x350.png",512,350,true],"kahuna-lpbox-1":["https:\/\/digidem-bayern.de\/wp-content\/uploads\/2025\/06\/Demenzrisiko-mittels-Smartphonedaten-520x300.png",520,300,true],"kahuna-lpbox-2":["https:\/\/digidem-bayern.de\/wp-content\/uploads\/2025\/06\/Demenzrisiko-mittels-Smartphonedaten-520x350.png",520,350,true],"demand-language-flag":["https:\/\/digidem-bayern.de\/wp-content\/uploads\/2025\/06\/Demenzrisiko-mittels-Smartphonedaten-36x36.png",36,36,true],"dddkt-language-flag":["https:\/\/digidem-bayern.de\/wp-content\/uploads\/2025\/06\/Demenzrisiko-mittels-Smartphonedaten-36x36.png",36,36,true],"ddiqc-language-flag":["https:\/\/digidem-bayern.de\/wp-content\/uploads\/2025\/06\/Demenzrisiko-mittels-Smartphonedaten-36x36.png",36,36,true],"ddtl-language-flag":["https:\/\/digidem-bayern.de\/wp-content\/uploads\/2025\/06\/Demenzrisiko-mittels-Smartphonedaten-36x36.png",36,36,true],"mailpoet_newsletter_max":["https:\/\/digidem-bayern.de\/wp-content\/uploads\/2025\/06\/Demenzrisiko-mittels-Smartphonedaten.png",1080,1080,false],"kahuna-lpbox-3":["https:\/\/digidem-bayern.de\/wp-content\/uploads\/2025\/06\/Demenzrisiko-mittels-Smartphonedaten-520x350.png",520,350,true],"kahuna-featured-square":["https:\/\/digidem-bayern.de\/wp-content\/uploads\/2025\/06\/Demenzrisiko-mittels-Smartphonedaten-512x512.png",512,512,true],"kahuna-featured-square-large":["https:\/\/digidem-bayern.de\/wp-content\/uploads\/2025\/06\/Demenzrisiko-mittels-Smartphonedaten-1024x1024.png",1024,1024,true]},"uagb_author_info":{"display_name":"Ilona H\u00f6rath","author_link":"https:\/\/digidem-bayern.de\/en\/author\/hoeratia\/"},"uagb_comment_info":13,"uagb_excerpt":"Menschen mit kognitiven Beeintr\u00e4chtigungen f\u00e4llt es h\u00e4ufig schwer, sich r\u00e4umlich zu orientieren und problemlos von A nach B zu gelangen. Dabei sind diese oft\u00a0mit einer Demenz verbundenen kognitiven Ver\u00e4nderungen entscheidend, um die Erkrankung fr\u00fchzeitig zu erkennen und behandeln zu k\u00f6nnen.\u00a0Wie sich mit Hilfe von speziellen Smartphone-Daten erste Anzeichen f\u00fcr ein\u00a0erh\u00f6htes &hellip;","_links":{"self":[{"href":"https:\/\/digidem-bayern.de\/en\/wp-json\/wp\/v2\/posts\/43759","targetHints":{"allow":["GET"]}}],"collection":[{"href":"https:\/\/digidem-bayern.de\/en\/wp-json\/wp\/v2\/posts"}],"about":[{"href":"https:\/\/digidem-bayern.de\/en\/wp-json\/wp\/v2\/types\/post"}],"author":[{"embeddable":true,"href":"https:\/\/digidem-bayern.de\/en\/wp-json\/wp\/v2\/users\/12"}],"replies":[{"embeddable":true,"href":"https:\/\/digidem-bayern.de\/en\/wp-json\/wp\/v2\/comments?post=43759"}],"version-history":[{"count":7,"href":"https:\/\/digidem-bayern.de\/en\/wp-json\/wp\/v2\/posts\/43759\/revisions"}],"predecessor-version":[{"id":43773,"href":"https:\/\/digidem-bayern.de\/en\/wp-json\/wp\/v2\/posts\/43759\/revisions\/43773"}],"wp:featuredmedia":[{"embeddable":true,"href":"https:\/\/digidem-bayern.de\/en\/wp-json\/wp\/v2\/media\/43774"}],"wp:attachment":[{"href":"https:\/\/digidem-bayern.de\/en\/wp-json\/wp\/v2\/media?parent=43759"}],"wp:term":[{"taxonomy":"category","embeddable":true,"href":"https:\/\/digidem-bayern.de\/en\/wp-json\/wp\/v2\/categories?post=43759"},{"taxonomy":"post_tag","embeddable":true,"href":"https:\/\/digidem-bayern.de\/en\/wp-json\/wp\/v2\/tags?post=43759"}],"curies":[{"name":"wp","href":"https:\/\/api.w.org\/{rel}","templated":true}]}}