{"id":43682,"date":"2025-06-10T08:30:26","date_gmt":"2025-06-10T06:30:26","guid":{"rendered":"https:\/\/digidem-bayern.de\/?p=43682"},"modified":"2025-06-10T08:30:27","modified_gmt":"2025-06-10T06:30:27","slug":"bayerns-gesundheitsministerin-judith-gerlach-beim-demenz-screeningtag-in-hoesbach","status":"publish","type":"post","link":"https:\/\/digidem-bayern.de\/en\/bayerns-gesundheitsministerin-judith-gerlach-beim-demenz-screeningtag-in-hoesbach\/","title":{"rendered":"Bayerns Gesundheitsministerin Judith Gerlach beim Demenz-Screeningtag in H\u00f6sbach"},"content":{"rendered":"<p><strong>Die Bayerische Staatsministerin f\u00fcr Gesundheit, Pflege und Pr\u00e4vention, Judith Gerlach, hat den ersten digiDEM Bayern-Demenz-Screeningtag im unterfr\u00e4nkischen H\u00f6sbach er\u00f6ffnet. Das Interesse der B\u00fcrgerinnen und B\u00fcrger, die Ged\u00e4chtnisleistung pr\u00fcfen zu lassen, war riesig: Der Testtag war ausgebucht.<\/strong><\/p>\n\n\n\n<p>In ihrer&nbsp;Begr\u00fc\u00dfung im Bibliothekszentrum H\u00f6sbach, in dem der Testtag stattfand, hob die Gesundheitsministerin hervor, wie wichtig Demenz-Fr\u00fcherkennung ist.&nbsp;\u201eBeim Thema Demenz gilt das Motto: Vertrauen ist gut, Vorsorge ist besser. Der Demenz-Screening-Tag ist ein daf\u00fcr hervorragendes Angebot, auf kurzem Weg die eigene Ged\u00e4chtnisleistung kostenfrei \u00fcberpr\u00fcfen zu lassen. Bayerns Demenzregister (DigiDEM Bayern) ist eines der gr\u00f6\u00dften in der Europ\u00e4ischen Union. Es f\u00fchrt seit 2022 sogenannte Screeningtage durch und hat damit echte Pionierarbeit geleistet\u201c, sagte Judith Gerlach.&nbsp;<\/p>\n\n\n<div class=\"wp-block-image\">\n<figure class=\"alignright size-large is-resized\"><img loading=\"lazy\" decoding=\"async\" width=\"1030\" height=\"773\" src=\"https:\/\/digidem-bayern.de\/wp-content\/uploads\/2025\/06\/01-Judith-Gerlach-und-Peter-Kolominsky-Rabas_Foto-Ilona-Hoerath-1030x773.jpeg\" alt=\"\" class=\"wp-image-43679\" style=\"width:473px;height:auto\" srcset=\"https:\/\/digidem-bayern.de\/wp-content\/uploads\/2025\/06\/01-Judith-Gerlach-und-Peter-Kolominsky-Rabas_Foto-Ilona-Hoerath-1030x773.jpeg 1030w, https:\/\/digidem-bayern.de\/wp-content\/uploads\/2025\/06\/01-Judith-Gerlach-und-Peter-Kolominsky-Rabas_Foto-Ilona-Hoerath-300x225.jpeg 300w, https:\/\/digidem-bayern.de\/wp-content\/uploads\/2025\/06\/01-Judith-Gerlach-und-Peter-Kolominsky-Rabas_Foto-Ilona-Hoerath-768x576.jpeg 768w, https:\/\/digidem-bayern.de\/wp-content\/uploads\/2025\/06\/01-Judith-Gerlach-und-Peter-Kolominsky-Rabas_Foto-Ilona-Hoerath-1536x1152.jpeg 1536w, https:\/\/digidem-bayern.de\/wp-content\/uploads\/2025\/06\/01-Judith-Gerlach-und-Peter-Kolominsky-Rabas_Foto-Ilona-Hoerath-2048x1536.jpeg 2048w, https:\/\/digidem-bayern.de\/wp-content\/uploads\/2025\/06\/01-Judith-Gerlach-und-Peter-Kolominsky-Rabas_Foto-Ilona-Hoerath-467x350.jpeg 467w, https:\/\/digidem-bayern.de\/wp-content\/uploads\/2025\/06\/01-Judith-Gerlach-und-Peter-Kolominsky-Rabas_Foto-Ilona-Hoerath-1320x990.jpeg 1320w, https:\/\/digidem-bayern.de\/wp-content\/uploads\/2025\/06\/01-Judith-Gerlach-und-Peter-Kolominsky-Rabas_Foto-Ilona-Hoerath.jpeg 1600w\" sizes=\"auto, (max-width: 1030px) 100vw, 1030px\" \/><figcaption class=\"wp-element-caption\">Gemeinsam f\u00fcr die St\u00e4rkung der Demenz-Fr\u00fcherkennung: Judith Gerlach, die Bayerische Staatsministerin f\u00fcr Gesundheit, Pflege und Pr\u00e4vention, und digiDEM Bayern-Projektleiter Prof. Dr. Peter Kolominsky-Rabas beim ersten Demenz-Screeningtag in H\u00f6sbach. Foto: Ilona H\u00f6rath\/digiDEM Bayern<\/figcaption><\/figure>\n<\/div>\n\n\n<p>Seit Sommer 2022 haben bayernweit fast 4.000 B\u00fcrgerinnen und B\u00fcrger in Bayern ihre Ged\u00e4chtnisleistung \u00fcberpr\u00fcfen lassen &#8211; an insgesamt mehr als 130 digiDEM Bayern-Screeningtagen.<\/p>\n\n\n\n<p><strong>Ein wichtiger Baustein<\/strong><\/p>\n\n\n\n<p>\u201eDas Demenz-Screening ist ein wichtiger Baustein des Digitalen Demenzregisters Bayern, das darauf abzielt, die Lebensbedingungen von Menschen mit Demenz und ihren pflegenden Angeh\u00f6rigen in Bayern nachhaltig zu verbessern \u2013 besonders im l\u00e4ndlichen Raum. DigiDEM Bayern ist auch ein Beispiel daf\u00fcr, wie hilfreich Digitalisierung sein kann. Es zeigt, wie wir durch die Erhebung von Daten die Versorgung von Betroffenen verbessern k\u00f6nnen \u2013 aber auch, wie digitale Plattformen und Tools Menschen mit Demenz und ihr soziales Umfeld unterst\u00fctzen k\u00f6nnen.\u201c<\/p>\n\n\n\n<p>digiDEM Bayern unternimmt derzeit einen gro\u00dfen Schritt in Richtung digitale Demenzfr\u00fcherkennung und entwickelt einen&nbsp;neuartigen Ged\u00e4chtnistest in Form einer App, wie&nbsp;digiDEM Bayern-Projektleiter&nbsp;Prof. Dr. Peter Kolominsky-Rabas sagte.&nbsp;Mit der App soll die geistige Leistungsf\u00e4higkeit jederzeit kostenfrei von zu Hause aus getestet werden k\u00f6nnen \u2013 also orts- und zeitunabh\u00e4ngig. So lassen sich Anzeichen einer Beeintr\u00e4chtigung des Ged\u00e4chtnisses feststellen.<\/p>\n\n\n\n<p>Der Testtag in H\u00f6sbach war eine gemeinsame Aktion mit der Gesundheitsregion<sup>plus<\/sup>&nbsp;Landkreis und Stadt Aschaffenburg. Das Interesse der B\u00fcrgerinnen und B\u00fcrger, die Ged\u00e4chtnisleistung pr\u00fcfen zu lassen, war riesig: Der Testtag war ausgebucht.<\/p>\n\n\n\n<p><\/p>\n\n\n<div class=\"wp-block-image\">\n<figure class=\"alignleft size-large is-resized\"><img loading=\"lazy\" decoding=\"async\" width=\"1030\" height=\"781\" src=\"https:\/\/digidem-bayern.de\/wp-content\/uploads\/2025\/06\/2025-06-06-grosse-Gruppe-Foto-LA-Aschaffenburg-1030x781.jpeg\" alt=\"\" class=\"wp-image-43680\" style=\"width:718px;height:auto\" srcset=\"https:\/\/digidem-bayern.de\/wp-content\/uploads\/2025\/06\/2025-06-06-grosse-Gruppe-Foto-LA-Aschaffenburg-1030x781.jpeg 1030w, https:\/\/digidem-bayern.de\/wp-content\/uploads\/2025\/06\/2025-06-06-grosse-Gruppe-Foto-LA-Aschaffenburg-300x228.jpeg 300w, https:\/\/digidem-bayern.de\/wp-content\/uploads\/2025\/06\/2025-06-06-grosse-Gruppe-Foto-LA-Aschaffenburg-768x583.jpeg 768w, https:\/\/digidem-bayern.de\/wp-content\/uploads\/2025\/06\/2025-06-06-grosse-Gruppe-Foto-LA-Aschaffenburg-1536x1165.jpeg 1536w, https:\/\/digidem-bayern.de\/wp-content\/uploads\/2025\/06\/2025-06-06-grosse-Gruppe-Foto-LA-Aschaffenburg-2048x1554.jpeg 2048w, https:\/\/digidem-bayern.de\/wp-content\/uploads\/2025\/06\/2025-06-06-grosse-Gruppe-Foto-LA-Aschaffenburg-461x350.jpeg 461w, https:\/\/digidem-bayern.de\/wp-content\/uploads\/2025\/06\/2025-06-06-grosse-Gruppe-Foto-LA-Aschaffenburg-1320x1001.jpeg 1320w, https:\/\/digidem-bayern.de\/wp-content\/uploads\/2025\/06\/2025-06-06-grosse-Gruppe-Foto-LA-Aschaffenburg.jpeg 1600w\" sizes=\"auto, (max-width: 1030px) 100vw, 1030px\" \/><figcaption class=\"wp-element-caption\">Bayern Gesundheitsministerium Judith Gerlach (Mitte), Prof. Dr. Peter Kolominsky-Rabas (digiDEM Bayern-Projektleiter, 3. v. li.), Michael Baumann (stellv. Landrat des Landkreises Aschaffenburg, re.), Peter Maisa (Leiter des Bibliothekszentrums des Landkreises Aschaffenburg, le.) und in den blauen T-Shirts das digiDEM Bayern-Team. Foto: Landratsamt Aschaffenburg<\/figcaption><\/figure>\n<\/div>\n\n\n<p><\/p>\n\n\n\n<div style=\"height:20px\" aria-hidden=\"true\" class=\"wp-block-spacer\"><\/div>\n\n\n<div class=\"wp-block-image\">\n<figure class=\"alignleft size-large is-resized\"><img loading=\"lazy\" decoding=\"async\" width=\"1030\" height=\"773\" src=\"https:\/\/digidem-bayern.de\/wp-content\/uploads\/2025\/06\/03-Gruppe-Redner_Foto-Ilona-Hoerath-1030x773.jpeg\" alt=\"\" class=\"wp-image-43681\" style=\"width:703px;height:auto\" srcset=\"https:\/\/digidem-bayern.de\/wp-content\/uploads\/2025\/06\/03-Gruppe-Redner_Foto-Ilona-Hoerath-1030x773.jpeg 1030w, https:\/\/digidem-bayern.de\/wp-content\/uploads\/2025\/06\/03-Gruppe-Redner_Foto-Ilona-Hoerath-300x225.jpeg 300w, https:\/\/digidem-bayern.de\/wp-content\/uploads\/2025\/06\/03-Gruppe-Redner_Foto-Ilona-Hoerath-768x576.jpeg 768w, https:\/\/digidem-bayern.de\/wp-content\/uploads\/2025\/06\/03-Gruppe-Redner_Foto-Ilona-Hoerath-1536x1152.jpeg 1536w, https:\/\/digidem-bayern.de\/wp-content\/uploads\/2025\/06\/03-Gruppe-Redner_Foto-Ilona-Hoerath-2048x1536.jpeg 2048w, https:\/\/digidem-bayern.de\/wp-content\/uploads\/2025\/06\/03-Gruppe-Redner_Foto-Ilona-Hoerath-467x350.jpeg 467w, https:\/\/digidem-bayern.de\/wp-content\/uploads\/2025\/06\/03-Gruppe-Redner_Foto-Ilona-Hoerath-1320x990.jpeg 1320w, https:\/\/digidem-bayern.de\/wp-content\/uploads\/2025\/06\/03-Gruppe-Redner_Foto-Ilona-Hoerath.jpeg 1600w\" sizes=\"auto, (max-width: 1030px) 100vw, 1030px\" \/><figcaption class=\"wp-element-caption\">Sie freuen sich \u00fcber den ausgebuchten Screeningtag: (v.li.) Dr. Jan Dorr, Chefarzt der Klinik f\u00fcr Akutgeriatrie und Geriatrische Fr\u00fchrehabilitation am Klinikum Aschaffenburg-Alzenau und digiDEM Bayern-Forschungspartner, digiDEM Bayern-Projektleiter Prof. Dr. Peter Kolominsky-Rabas, Bayerns Gesundheitsministerin Judith Gerlach, Monika Gabel, Gesch\u00e4ftsstellenleiterin der Gesundheitsregionplus Landkreis und Stadt Aschaffenburg, und der stellvertretende Landrat des Landkreises Aschaffenburg, Michael Baumann. Foto: Ilona H\u00f6rath\/digiDEM Bayern<\/figcaption><\/figure>\n<\/div>","protected":false},"excerpt":{"rendered":"<p>Die Bayerische Staatsministerin f\u00fcr Gesundheit, Pflege und Pr\u00e4vention, Judith Gerlach, hat den ersten digiDEM Bayern-Demenz-Screeningtag im unterfr\u00e4nkischen H\u00f6sbach er\u00f6ffnet. Das Interesse der B\u00fcrgerinnen und B\u00fcrger, die Ged\u00e4chtnisleistung pr\u00fcfen zu lassen, war riesig: Der Testtag war ausgebucht. In ihrer&nbsp;Begr\u00fc\u00dfung im Bibliothekszentrum H\u00f6sbach, in dem der Testtag stattfand, hob die Gesundheitsministerin hervor, &hellip;<\/p>","protected":false},"author":12,"featured_media":43679,"comment_status":"open","ping_status":"closed","sticky":false,"template":"","format":"standard","meta":{"qubely_global_settings":"","qubely_interactions":"","_uag_custom_page_level_css":"","footnotes":""},"categories":[8,5],"tags":[1561,13,406,1583,455,12,868,1560,112,474,14,17,1558,55,464,1585,454,1584,777,915,119,1586,77,1587],"class_list":["post-43682","post","type-post","status-publish","format-standard","has-post-thumbnail","hentry","category-aktuelles-zu-digidem","category-wissenschaft-forschung","tag-alltagstipps","tag-alzheimer","tag-alzheimer-demenz","tag-aschaffenburg","tag-bayerisches-staatsministerium-fuer-gesundheit-und-pflege","tag-demenz-2","tag-demenz-frueherkennung","tag-demenz-wissensportal","tag-demenzdiagnose","tag-demenzwissen","tag-digidem","tag-digidem-bayern","tag-digidem-bayern-demenzbibliothek","tag-digitales-demenzregister-bayern","tag-gesundheitskompetenz","tag-gesundheitsregion-plus-aschaffenburg","tag-haeusliche-pflege","tag-hoesbach","tag-internet","tag-judith-gerlach","tag-kognitive-beeintraechtigungen","tag-landkreis-aschaffenburg","tag-peter-kolominsky-rabas","tag-pionierarbeit"],"qubely_featured_image_url":{"full":["https:\/\/digidem-bayern.de\/wp-content\/uploads\/2025\/06\/01-Judith-Gerlach-und-Peter-Kolominsky-Rabas_Foto-Ilona-Hoerath.jpeg",1600,1200,false],"landscape":["https:\/\/digidem-bayern.de\/wp-content\/uploads\/2025\/06\/01-Judith-Gerlach-und-Peter-Kolominsky-Rabas_Foto-Ilona-Hoerath-1200x750.jpeg",1200,750,true],"portraits":["https:\/\/digidem-bayern.de\/wp-content\/uploads\/2025\/06\/01-Judith-Gerlach-und-Peter-Kolominsky-Rabas_Foto-Ilona-Hoerath-540x320.jpeg",540,320,true],"thumbnail":["https:\/\/digidem-bayern.de\/wp-content\/uploads\/2025\/06\/01-Judith-Gerlach-und-Peter-Kolominsky-Rabas_Foto-Ilona-Hoerath-80x80.jpeg",80,80,true],"medium":["https:\/\/digidem-bayern.de\/wp-content\/uploads\/2025\/06\/01-Judith-Gerlach-und-Peter-Kolominsky-Rabas_Foto-Ilona-Hoerath-300x225.jpeg",300,225,true],"medium_large":["https:\/\/digidem-bayern.de\/wp-content\/uploads\/2025\/06\/01-Judith-Gerlach-und-Peter-Kolominsky-Rabas_Foto-Ilona-Hoerath-768x576.jpeg",768,576,true],"large":["https:\/\/digidem-bayern.de\/wp-content\/uploads\/2025\/06\/01-Judith-Gerlach-und-Peter-Kolominsky-Rabas_Foto-Ilona-Hoerath-1030x773.jpeg",1030,773,true],"1536x1536":["https:\/\/digidem-bayern.de\/wp-content\/uploads\/2025\/06\/01-Judith-Gerlach-und-Peter-Kolominsky-Rabas_Foto-Ilona-Hoerath-1536x1152.jpeg",1536,1152,true],"2048x2048":["https:\/\/digidem-bayern.de\/wp-content\/uploads\/2025\/06\/01-Judith-Gerlach-und-Peter-Kolominsky-Rabas_Foto-Ilona-Hoerath-2048x1536.jpeg",2048,1536,true],"trp-custom-language-flag":["https:\/\/digidem-bayern.de\/wp-content\/uploads\/2025\/06\/01-Judith-Gerlach-und-Peter-Kolominsky-Rabas_Foto-Ilona-Hoerath.jpeg",16,12,false],"qubely_landscape":["https:\/\/digidem-bayern.de\/wp-content\/uploads\/2025\/06\/01-Judith-Gerlach-und-Peter-Kolominsky-Rabas_Foto-Ilona-Hoerath-1200x750.jpeg",1200,750,true],"qubely_portrait":["https:\/\/digidem-bayern.de\/wp-content\/uploads\/2025\/06\/01-Judith-Gerlach-und-Peter-Kolominsky-Rabas_Foto-Ilona-Hoerath-540x320.jpeg",540,320,true],"qubely_thumbnail":["https:\/\/digidem-bayern.de\/wp-content\/uploads\/2025\/06\/01-Judith-Gerlach-und-Peter-Kolominsky-Rabas_Foto-Ilona-Hoerath-140x100.jpeg",140,100,true],"post-thumbnail":["https:\/\/digidem-bayern.de\/wp-content\/uploads\/2025\/06\/01-Judith-Gerlach-und-Peter-Kolominsky-Rabas_Foto-Ilona-Hoerath-467x350.jpeg",467,350,true],"kahuna-featured":["https:\/\/digidem-bayern.de\/wp-content\/uploads\/2025\/06\/01-Judith-Gerlach-und-Peter-Kolominsky-Rabas_Foto-Ilona-Hoerath-734x350.jpeg",734,350,true],"kahuna-featured-lp":["https:\/\/digidem-bayern.de\/wp-content\/uploads\/2025\/06\/01-Judith-Gerlach-und-Peter-Kolominsky-Rabas_Foto-Ilona-Hoerath-520x350.jpeg",520,350,true],"kahuna-featured-half":["https:\/\/digidem-bayern.de\/wp-content\/uploads\/2025\/06\/01-Judith-Gerlach-und-Peter-Kolominsky-Rabas_Foto-Ilona-Hoerath-800x350.jpeg",800,350,true],"kahuna-featured-third":["https:\/\/digidem-bayern.de\/wp-content\/uploads\/2025\/06\/01-Judith-Gerlach-und-Peter-Kolominsky-Rabas_Foto-Ilona-Hoerath-512x350.jpeg",512,350,true],"kahuna-lpbox-1":["https:\/\/digidem-bayern.de\/wp-content\/uploads\/2025\/06\/01-Judith-Gerlach-und-Peter-Kolominsky-Rabas_Foto-Ilona-Hoerath-520x300.jpeg",520,300,true],"kahuna-lpbox-2":["https:\/\/digidem-bayern.de\/wp-content\/uploads\/2025\/06\/01-Judith-Gerlach-und-Peter-Kolominsky-Rabas_Foto-Ilona-Hoerath-520x350.jpeg",520,350,true],"demand-language-flag":["https:\/\/digidem-bayern.de\/wp-content\/uploads\/2025\/06\/01-Judith-Gerlach-und-Peter-Kolominsky-Rabas_Foto-Ilona-Hoerath-36x36.jpeg",36,36,true],"dddkt-language-flag":["https:\/\/digidem-bayern.de\/wp-content\/uploads\/2025\/06\/01-Judith-Gerlach-und-Peter-Kolominsky-Rabas_Foto-Ilona-Hoerath-36x36.jpeg",36,36,true],"ddiqc-language-flag":["https:\/\/digidem-bayern.de\/wp-content\/uploads\/2025\/06\/01-Judith-Gerlach-und-Peter-Kolominsky-Rabas_Foto-Ilona-Hoerath-36x36.jpeg",36,36,true],"ddtl-language-flag":["https:\/\/digidem-bayern.de\/wp-content\/uploads\/2025\/06\/01-Judith-Gerlach-und-Peter-Kolominsky-Rabas_Foto-Ilona-Hoerath-36x36.jpeg",36,36,true],"mailpoet_newsletter_max":["https:\/\/digidem-bayern.de\/wp-content\/uploads\/2025\/06\/01-Judith-Gerlach-und-Peter-Kolominsky-Rabas_Foto-Ilona-Hoerath-1320x990.jpeg",1320,990,true],"kahuna-lpbox-3":["https:\/\/digidem-bayern.de\/wp-content\/uploads\/2025\/06\/01-Judith-Gerlach-und-Peter-Kolominsky-Rabas_Foto-Ilona-Hoerath-520x350.jpeg",520,350,true],"kahuna-featured-square":["https:\/\/digidem-bayern.de\/wp-content\/uploads\/2025\/06\/01-Judith-Gerlach-und-Peter-Kolominsky-Rabas_Foto-Ilona-Hoerath-512x512.jpeg",512,512,true],"kahuna-featured-square-large":["https:\/\/digidem-bayern.de\/wp-content\/uploads\/2025\/06\/01-Judith-Gerlach-und-Peter-Kolominsky-Rabas_Foto-Ilona-Hoerath-1024x1024.jpeg",1024,1024,true]},"qubely_author":{"display_name":"Ilona H\u00f6rath","author_link":"https:\/\/digidem-bayern.de\/en\/author\/hoeratia\/"},"qubely_comment":4,"qubely_category":"<a href=\"https:\/\/digidem-bayern.de\/en\/category\/aktuelles-zu-digidem\/\" rel=\"category tag\">Aktuelles zu digiDEM<\/a> <a href=\"https:\/\/digidem-bayern.de\/en\/category\/wissenschaft-forschung\/\" rel=\"category tag\">Wissenschaft &amp; Forschung<\/a>","qubely_excerpt":"Die Bayerische Staatsministerin f\u00fcr Gesundheit, Pflege und Pr\u00e4vention, Judith Gerlach, hat den ersten digiDEM Bayern-Demenz-Screeningtag im unterfr\u00e4nkischen H\u00f6sbach er\u00f6ffnet. Das Interesse der B\u00fcrgerinnen und B\u00fcrger, die Ged\u00e4chtnisleistung pr\u00fcfen zu lassen, war riesig: Der Testtag war ausgebucht. In ihrer&nbsp;Begr\u00fc\u00dfung im Bibliothekszentrum H\u00f6sbach, in dem der Testtag stattfand, hob die Gesundheitsministerin hervor, &hellip;","featured_image_urls_v2":{"full":["https:\/\/digidem-bayern.de\/wp-content\/uploads\/2025\/06\/01-Judith-Gerlach-und-Peter-Kolominsky-Rabas_Foto-Ilona-Hoerath.jpeg",1600,1200,false],"thumbnail":["https:\/\/digidem-bayern.de\/wp-content\/uploads\/2025\/06\/01-Judith-Gerlach-und-Peter-Kolominsky-Rabas_Foto-Ilona-Hoerath-80x80.jpeg",80,80,true],"medium":["https:\/\/digidem-bayern.de\/wp-content\/uploads\/2025\/06\/01-Judith-Gerlach-und-Peter-Kolominsky-Rabas_Foto-Ilona-Hoerath-300x225.jpeg",300,225,true],"medium_large":["https:\/\/digidem-bayern.de\/wp-content\/uploads\/2025\/06\/01-Judith-Gerlach-und-Peter-Kolominsky-Rabas_Foto-Ilona-Hoerath-768x576.jpeg",768,576,true],"large":["https:\/\/digidem-bayern.de\/wp-content\/uploads\/2025\/06\/01-Judith-Gerlach-und-Peter-Kolominsky-Rabas_Foto-Ilona-Hoerath-1030x773.jpeg",1030,773,true],"1536x1536":["https:\/\/digidem-bayern.de\/wp-content\/uploads\/2025\/06\/01-Judith-Gerlach-und-Peter-Kolominsky-Rabas_Foto-Ilona-Hoerath-1536x1152.jpeg",1536,1152,true],"2048x2048":["https:\/\/digidem-bayern.de\/wp-content\/uploads\/2025\/06\/01-Judith-Gerlach-und-Peter-Kolominsky-Rabas_Foto-Ilona-Hoerath-2048x1536.jpeg",2048,1536,true],"trp-custom-language-flag":["https:\/\/digidem-bayern.de\/wp-content\/uploads\/2025\/06\/01-Judith-Gerlach-und-Peter-Kolominsky-Rabas_Foto-Ilona-Hoerath.jpeg",16,12,false],"qubely_landscape":["https:\/\/digidem-bayern.de\/wp-content\/uploads\/2025\/06\/01-Judith-Gerlach-und-Peter-Kolominsky-Rabas_Foto-Ilona-Hoerath-1200x750.jpeg",1200,750,true],"qubely_portrait":["https:\/\/digidem-bayern.de\/wp-content\/uploads\/2025\/06\/01-Judith-Gerlach-und-Peter-Kolominsky-Rabas_Foto-Ilona-Hoerath-540x320.jpeg",540,320,true],"qubely_thumbnail":["https:\/\/digidem-bayern.de\/wp-content\/uploads\/2025\/06\/01-Judith-Gerlach-und-Peter-Kolominsky-Rabas_Foto-Ilona-Hoerath-140x100.jpeg",140,100,true],"post-thumbnail":["https:\/\/digidem-bayern.de\/wp-content\/uploads\/2025\/06\/01-Judith-Gerlach-und-Peter-Kolominsky-Rabas_Foto-Ilona-Hoerath-467x350.jpeg",467,350,true],"kahuna-featured":["https:\/\/digidem-bayern.de\/wp-content\/uploads\/2025\/06\/01-Judith-Gerlach-und-Peter-Kolominsky-Rabas_Foto-Ilona-Hoerath-734x350.jpeg",734,350,true],"kahuna-featured-lp":["https:\/\/digidem-bayern.de\/wp-content\/uploads\/2025\/06\/01-Judith-Gerlach-und-Peter-Kolominsky-Rabas_Foto-Ilona-Hoerath-520x350.jpeg",520,350,true],"kahuna-featured-half":["https:\/\/digidem-bayern.de\/wp-content\/uploads\/2025\/06\/01-Judith-Gerlach-und-Peter-Kolominsky-Rabas_Foto-Ilona-Hoerath-800x350.jpeg",800,350,true],"kahuna-featured-third":["https:\/\/digidem-bayern.de\/wp-content\/uploads\/2025\/06\/01-Judith-Gerlach-und-Peter-Kolominsky-Rabas_Foto-Ilona-Hoerath-512x350.jpeg",512,350,true],"kahuna-lpbox-1":["https:\/\/digidem-bayern.de\/wp-content\/uploads\/2025\/06\/01-Judith-Gerlach-und-Peter-Kolominsky-Rabas_Foto-Ilona-Hoerath-520x300.jpeg",520,300,true],"kahuna-lpbox-2":["https:\/\/digidem-bayern.de\/wp-content\/uploads\/2025\/06\/01-Judith-Gerlach-und-Peter-Kolominsky-Rabas_Foto-Ilona-Hoerath-520x350.jpeg",520,350,true],"demand-language-flag":["https:\/\/digidem-bayern.de\/wp-content\/uploads\/2025\/06\/01-Judith-Gerlach-und-Peter-Kolominsky-Rabas_Foto-Ilona-Hoerath-36x36.jpeg",36,36,true],"dddkt-language-flag":["https:\/\/digidem-bayern.de\/wp-content\/uploads\/2025\/06\/01-Judith-Gerlach-und-Peter-Kolominsky-Rabas_Foto-Ilona-Hoerath-36x36.jpeg",36,36,true],"ddiqc-language-flag":["https:\/\/digidem-bayern.de\/wp-content\/uploads\/2025\/06\/01-Judith-Gerlach-und-Peter-Kolominsky-Rabas_Foto-Ilona-Hoerath-36x36.jpeg",36,36,true],"ddtl-language-flag":["https:\/\/digidem-bayern.de\/wp-content\/uploads\/2025\/06\/01-Judith-Gerlach-und-Peter-Kolominsky-Rabas_Foto-Ilona-Hoerath-36x36.jpeg",36,36,true],"mailpoet_newsletter_max":["https:\/\/digidem-bayern.de\/wp-content\/uploads\/2025\/06\/01-Judith-Gerlach-und-Peter-Kolominsky-Rabas_Foto-Ilona-Hoerath-1320x990.jpeg",1320,990,true],"kahuna-lpbox-3":["https:\/\/digidem-bayern.de\/wp-content\/uploads\/2025\/06\/01-Judith-Gerlach-und-Peter-Kolominsky-Rabas_Foto-Ilona-Hoerath-520x350.jpeg",520,350,true],"kahuna-featured-square":["https:\/\/digidem-bayern.de\/wp-content\/uploads\/2025\/06\/01-Judith-Gerlach-und-Peter-Kolominsky-Rabas_Foto-Ilona-Hoerath-512x512.jpeg",512,512,true],"kahuna-featured-square-large":["https:\/\/digidem-bayern.de\/wp-content\/uploads\/2025\/06\/01-Judith-Gerlach-und-Peter-Kolominsky-Rabas_Foto-Ilona-Hoerath-1024x1024.jpeg",1024,1024,true]},"post_excerpt_stackable_v2":"<p>Die Bayerische Staatsministerin f\u00fcr Gesundheit, Pflege und Pr\u00e4vention, Judith Gerlach, hat den ersten digiDEM Bayern-Demenz-Screeningtag im unterfr\u00e4nkischen H\u00f6sbach er\u00f6ffnet. Das Interesse der B\u00fcrgerinnen und B\u00fcrger, die Ged\u00e4chtnisleistung pr\u00fcfen zu lassen, war riesig: Der Testtag war ausgebucht. In ihrer&nbsp;Begr\u00fc\u00dfung im Bibliothekszentrum H\u00f6sbach, in dem der Testtag stattfand, hob die Gesundheitsministerin hervor, wie wichtig Demenz-Fr\u00fcherkennung ist.&nbsp;\u201eBeim Thema Demenz gilt das Motto: Vertrauen ist gut, Vorsorge ist besser. Der Demenz-Screening-Tag ist ein daf\u00fcr hervorragendes Angebot, auf kurzem Weg die eigene Ged\u00e4chtnisleistung kostenfrei \u00fcberpr\u00fcfen zu lassen. Bayerns Demenzregister (DigiDEM Bayern) ist eines der gr\u00f6\u00dften in der Europ\u00e4ischen Union. Es f\u00fchrt seit 2022 sogenannte Screeningtage&hellip;<\/p>\n","category_list_v2":"<a href=\"https:\/\/digidem-bayern.de\/en\/category\/aktuelles-zu-digidem\/\" rel=\"category tag\">Aktuelles zu digiDEM<\/a>, <a href=\"https:\/\/digidem-bayern.de\/en\/category\/wissenschaft-forschung\/\" rel=\"category tag\">Wissenschaft &amp; Forschung<\/a>","author_info_v2":{"name":"Ilona H\u00f6rath","url":"https:\/\/digidem-bayern.de\/en\/author\/hoeratia\/"},"comments_num_v2":"0 comments","yoast_head":"<!-- This site is optimized with the Yoast SEO plugin v27.4 - https:\/\/yoast.com\/product\/yoast-seo-wordpress\/ -->\n<title>Bayerns Gesundheitsministerin Judith Gerlach beim Demenz-Screeningtag in H\u00f6sbach - digiDEM Bayern<\/title>\n<meta name=\"description\" content=\"Der Bayerische Landesapothekerkammer unterst\u00fctzt digiDEM Bayern mit Hilfe des Netzwerks &quot;Demenzfreundliche Apotheken&quot;.\" \/>\n<meta name=\"robots\" content=\"index, follow, max-snippet:-1, max-image-preview:large, max-video-preview:-1\" \/>\n<link rel=\"canonical\" href=\"https:\/\/digidem-bayern.de\/en\/bayerns-gesundheitsministerin-judith-gerlach-beim-demenz-screeningtag-in-hoesbach\/\" \/>\n<meta property=\"og:locale\" content=\"en_US\" \/>\n<meta property=\"og:type\" content=\"article\" \/>\n<meta property=\"og:title\" content=\"Bayerns Gesundheitsministerin Judith Gerlach beim Demenz-Screeningtag in H\u00f6sbach - digiDEM Bayern\" \/>\n<meta property=\"og:description\" content=\"Der Bayerische Landesapothekerkammer unterst\u00fctzt digiDEM Bayern mit Hilfe des Netzwerks &quot;Demenzfreundliche Apotheken&quot;.\" \/>\n<meta property=\"og:url\" content=\"https:\/\/digidem-bayern.de\/en\/bayerns-gesundheitsministerin-judith-gerlach-beim-demenz-screeningtag-in-hoesbach\/\" \/>\n<meta property=\"og:site_name\" content=\"digiDEM Bayern\" \/>\n<meta property=\"article:publisher\" content=\"https:\/\/www.facebook.com\/digiDEMBayern\/\" \/>\n<meta property=\"article:published_time\" content=\"2025-06-10T06:30:26+00:00\" \/>\n<meta property=\"article:modified_time\" content=\"2025-06-10T06:30:27+00:00\" \/>\n<meta property=\"og:image\" content=\"https:\/\/digidem-bayern.de\/wp-content\/uploads\/2025\/06\/01-Judith-Gerlach-und-Peter-Kolominsky-Rabas_Foto-Ilona-Hoerath-1030x773.jpeg\" \/>\n\t<meta property=\"og:image:width\" content=\"1030\" \/>\n\t<meta property=\"og:image:height\" content=\"773\" \/>\n\t<meta property=\"og:image:type\" content=\"image\/jpeg\" \/>\n<meta name=\"author\" content=\"Ilona H\u00f6rath\" \/>\n<meta name=\"twitter:label1\" content=\"Written by\" \/>\n\t<meta name=\"twitter:data1\" content=\"Ilona H\u00f6rath\" \/>\n\t<meta name=\"twitter:label2\" content=\"Est. reading time\" \/>\n\t<meta name=\"twitter:data2\" content=\"2 minutes\" \/>\n<script type=\"application\/ld+json\" class=\"yoast-schema-graph\">{\"@context\":\"https:\\\/\\\/schema.org\",\"@graph\":[{\"@type\":\"Article\",\"@id\":\"https:\\\/\\\/digidem-bayern.de\\\/bayerns-gesundheitsministerin-judith-gerlach-beim-demenz-screeningtag-in-hoesbach\\\/#article\",\"isPartOf\":{\"@id\":\"https:\\\/\\\/digidem-bayern.de\\\/bayerns-gesundheitsministerin-judith-gerlach-beim-demenz-screeningtag-in-hoesbach\\\/\"},\"author\":{\"name\":\"Ilona H\u00f6rath\",\"@id\":\"\\\/#\\\/schema\\\/person\\\/0bc1494f46fc2a051c761322a80e0941\"},\"headline\":\"Bayerns Gesundheitsministerin Judith Gerlach beim Demenz-Screeningtag in H\u00f6sbach\",\"datePublished\":\"2025-06-10T06:30:26+00:00\",\"dateModified\":\"2025-06-10T06:30:27+00:00\",\"mainEntityOfPage\":{\"@id\":\"https:\\\/\\\/digidem-bayern.de\\\/bayerns-gesundheitsministerin-judith-gerlach-beim-demenz-screeningtag-in-hoesbach\\\/\"},\"wordCount\":501,\"commentCount\":0,\"publisher\":{\"@id\":\"\\\/#organization\"},\"image\":{\"@id\":\"https:\\\/\\\/digidem-bayern.de\\\/bayerns-gesundheitsministerin-judith-gerlach-beim-demenz-screeningtag-in-hoesbach\\\/#primaryimage\"},\"thumbnailUrl\":\"https:\\\/\\\/digidem-bayern.de\\\/wp-content\\\/uploads\\\/2025\\\/06\\\/01-Judith-Gerlach-und-Peter-Kolominsky-Rabas_Foto-Ilona-Hoerath.jpeg\",\"keywords\":[\"Alltagstipps\",\"Alzheimer\",\"Alzheimer-Demenz\",\"Aschaffenburg\",\"Bayerisches Staatsministerium f\u00fcr Gesundheit und Pflege\",\"Demenz\",\"Demenz-Fr\u00fcherkennung\",\"Demenz-Wissensportal\",\"Demenzdiagnose\",\"Demenzwissen\",\"digidem\",\"digidem Bayern\",\"digiDEM Bayern Demenzbibliothek\",\"Digitales Demenzregister Bayern\",\"Gesundheitskompetenz\",\"Gesundheitsregion plus Aschaffenburg\",\"H\u00e4usliche Pflege\",\"H\u00f6sbach\",\"Internet\",\"Judith Gerlach\",\"kognitive Beeintr\u00e4chtigungen\",\"Landkreis Aschaffenburg\",\"Peter Kolominsky-Rabas\",\"Pionierarbeit\"],\"articleSection\":[\"Aktuelles zu digiDEM\",\"Wissenschaft &amp; Forschung\"],\"inLanguage\":\"en-US\",\"potentialAction\":[{\"@type\":\"CommentAction\",\"name\":\"Comment\",\"target\":[\"https:\\\/\\\/digidem-bayern.de\\\/bayerns-gesundheitsministerin-judith-gerlach-beim-demenz-screeningtag-in-hoesbach\\\/#respond\"]}]},{\"@type\":\"WebPage\",\"@id\":\"https:\\\/\\\/digidem-bayern.de\\\/bayerns-gesundheitsministerin-judith-gerlach-beim-demenz-screeningtag-in-hoesbach\\\/\",\"url\":\"https:\\\/\\\/digidem-bayern.de\\\/bayerns-gesundheitsministerin-judith-gerlach-beim-demenz-screeningtag-in-hoesbach\\\/\",\"name\":\"Bayerns Gesundheitsministerin Judith Gerlach beim Demenz-Screeningtag in H\u00f6sbach - digiDEM Bayern\",\"isPartOf\":{\"@id\":\"\\\/#website\"},\"primaryImageOfPage\":{\"@id\":\"https:\\\/\\\/digidem-bayern.de\\\/bayerns-gesundheitsministerin-judith-gerlach-beim-demenz-screeningtag-in-hoesbach\\\/#primaryimage\"},\"image\":{\"@id\":\"https:\\\/\\\/digidem-bayern.de\\\/bayerns-gesundheitsministerin-judith-gerlach-beim-demenz-screeningtag-in-hoesbach\\\/#primaryimage\"},\"thumbnailUrl\":\"https:\\\/\\\/digidem-bayern.de\\\/wp-content\\\/uploads\\\/2025\\\/06\\\/01-Judith-Gerlach-und-Peter-Kolominsky-Rabas_Foto-Ilona-Hoerath.jpeg\",\"datePublished\":\"2025-06-10T06:30:26+00:00\",\"dateModified\":\"2025-06-10T06:30:27+00:00\",\"description\":\"Der Bayerische Landesapothekerkammer unterst\u00fctzt digiDEM Bayern mit Hilfe des Netzwerks \\\"Demenzfreundliche Apotheken\\\".\",\"breadcrumb\":{\"@id\":\"https:\\\/\\\/digidem-bayern.de\\\/bayerns-gesundheitsministerin-judith-gerlach-beim-demenz-screeningtag-in-hoesbach\\\/#breadcrumb\"},\"inLanguage\":\"en-US\",\"potentialAction\":[{\"@type\":\"ReadAction\",\"target\":[\"https:\\\/\\\/digidem-bayern.de\\\/bayerns-gesundheitsministerin-judith-gerlach-beim-demenz-screeningtag-in-hoesbach\\\/\"]}]},{\"@type\":\"ImageObject\",\"inLanguage\":\"en-US\",\"@id\":\"https:\\\/\\\/digidem-bayern.de\\\/bayerns-gesundheitsministerin-judith-gerlach-beim-demenz-screeningtag-in-hoesbach\\\/#primaryimage\",\"url\":\"https:\\\/\\\/digidem-bayern.de\\\/wp-content\\\/uploads\\\/2025\\\/06\\\/01-Judith-Gerlach-und-Peter-Kolominsky-Rabas_Foto-Ilona-Hoerath.jpeg\",\"contentUrl\":\"https:\\\/\\\/digidem-bayern.de\\\/wp-content\\\/uploads\\\/2025\\\/06\\\/01-Judith-Gerlach-und-Peter-Kolominsky-Rabas_Foto-Ilona-Hoerath.jpeg\",\"width\":1600,\"height\":1200,\"caption\":\"Gemeinsam f\u00fcr die St\u00e4rkung der Demenz-Fr\u00fcherkennung: Judith Gerlach, die Bayerische Staatsministerin f\u00fcr Gesundheit, Pflege und Pr\u00e4vention, und digiDEM Bayern-Projektleiter Prof. Dr. Peter Kolominsky-Rabas beim ersten Demenz-Screeningtag in H\u00f6sbach. Foto: Ilona H\u00f6rath\\\/digiDEM Bayern\"},{\"@type\":\"BreadcrumbList\",\"@id\":\"https:\\\/\\\/digidem-bayern.de\\\/bayerns-gesundheitsministerin-judith-gerlach-beim-demenz-screeningtag-in-hoesbach\\\/#breadcrumb\",\"itemListElement\":[{\"@type\":\"ListItem\",\"position\":1,\"name\":\"Startseite\",\"item\":\"https:\\\/\\\/digidem-bayern.de\\\/\"},{\"@type\":\"ListItem\",\"position\":2,\"name\":\"Bayerns Gesundheitsministerin Judith Gerlach beim Demenz-Screeningtag in H\u00f6sbach\"}]},{\"@type\":\"WebSite\",\"@id\":\"\\\/#website\",\"url\":\"\\\/\",\"name\":\"digiDEM Bayern\",\"description\":\"Das digitale Demenzregister Bayern erforscht und verbessert die Angebotsstuktur f\u00fcr Menschen mit Demenz und deren Angeh\u00f6rige\",\"publisher\":{\"@id\":\"\\\/#organization\"},\"potentialAction\":[{\"@type\":\"SearchAction\",\"target\":{\"@type\":\"EntryPoint\",\"urlTemplate\":\"\\\/?s={search_term_string}\"},\"query-input\":{\"@type\":\"PropertyValueSpecification\",\"valueRequired\":true,\"valueName\":\"search_term_string\"}}],\"inLanguage\":\"en-US\"},{\"@type\":\"Organization\",\"@id\":\"\\\/#organization\",\"name\":\"digiDEM Bayern\",\"url\":\"\\\/\",\"logo\":{\"@type\":\"ImageObject\",\"inLanguage\":\"en-US\",\"@id\":\"\\\/#\\\/schema\\\/logo\\\/image\\\/\",\"url\":\"https:\\\/\\\/digidem-bayern.de\\\/wp-content\\\/uploads\\\/2022\\\/03\\\/cropped-Allgemeines_digiDEMLOGO-removebg-preview.png\",\"contentUrl\":\"https:\\\/\\\/digidem-bayern.de\\\/wp-content\\\/uploads\\\/2022\\\/03\\\/cropped-Allgemeines_digiDEMLOGO-removebg-preview.png\",\"width\":612,\"height\":357,\"caption\":\"digiDEM Bayern\"},\"image\":{\"@id\":\"\\\/#\\\/schema\\\/logo\\\/image\\\/\"},\"sameAs\":[\"https:\\\/\\\/www.facebook.com\\\/digiDEMBayern\\\/\",\"https:\\\/\\\/x.com\\\/digidem_bayern\",\"https:\\\/\\\/www.instagram.com\\\/digidem.bayern\",\"https:\\\/\\\/www.linkedin.com\\\/company\\\/digidem-bayern\\\/\"]},{\"@type\":\"Person\",\"@id\":\"\\\/#\\\/schema\\\/person\\\/0bc1494f46fc2a051c761322a80e0941\",\"name\":\"Ilona H\u00f6rath\",\"url\":\"https:\\\/\\\/digidem-bayern.de\\\/en\\\/author\\\/hoeratia\\\/\"}]}<\/script>\n<!-- \/ Yoast SEO plugin. -->","yoast_head_json":{"title":"Bayerns Gesundheitsministerin Judith Gerlach beim Demenz-Screeningtag in H\u00f6sbach - digiDEM Bayern","description":"Der Bayerische Landesapothekerkammer unterst\u00fctzt digiDEM Bayern mit Hilfe des Netzwerks \"Demenzfreundliche Apotheken\".","robots":{"index":"index","follow":"follow","max-snippet":"max-snippet:-1","max-image-preview":"max-image-preview:large","max-video-preview":"max-video-preview:-1"},"canonical":"https:\/\/digidem-bayern.de\/en\/bayerns-gesundheitsministerin-judith-gerlach-beim-demenz-screeningtag-in-hoesbach\/","og_locale":"en_US","og_type":"article","og_title":"Bayerns Gesundheitsministerin Judith Gerlach beim Demenz-Screeningtag in H\u00f6sbach - digiDEM Bayern","og_description":"Der Bayerische Landesapothekerkammer unterst\u00fctzt digiDEM Bayern mit Hilfe des Netzwerks \"Demenzfreundliche Apotheken\".","og_url":"https:\/\/digidem-bayern.de\/en\/bayerns-gesundheitsministerin-judith-gerlach-beim-demenz-screeningtag-in-hoesbach\/","og_site_name":"digiDEM Bayern","article_publisher":"https:\/\/www.facebook.com\/digiDEMBayern\/","article_published_time":"2025-06-10T06:30:26+00:00","article_modified_time":"2025-06-10T06:30:27+00:00","og_image":[{"width":1030,"height":773,"url":"https:\/\/digidem-bayern.de\/wp-content\/uploads\/2025\/06\/01-Judith-Gerlach-und-Peter-Kolominsky-Rabas_Foto-Ilona-Hoerath-1030x773.jpeg","type":"image\/jpeg"}],"author":"Ilona H\u00f6rath","twitter_misc":{"Written by":"Ilona H\u00f6rath","Est. reading time":"2 minutes"},"schema":{"@context":"https:\/\/schema.org","@graph":[{"@type":"Article","@id":"https:\/\/digidem-bayern.de\/bayerns-gesundheitsministerin-judith-gerlach-beim-demenz-screeningtag-in-hoesbach\/#article","isPartOf":{"@id":"https:\/\/digidem-bayern.de\/bayerns-gesundheitsministerin-judith-gerlach-beim-demenz-screeningtag-in-hoesbach\/"},"author":{"name":"Ilona H\u00f6rath","@id":"\/#\/schema\/person\/0bc1494f46fc2a051c761322a80e0941"},"headline":"Bayerns Gesundheitsministerin Judith Gerlach beim Demenz-Screeningtag in H\u00f6sbach","datePublished":"2025-06-10T06:30:26+00:00","dateModified":"2025-06-10T06:30:27+00:00","mainEntityOfPage":{"@id":"https:\/\/digidem-bayern.de\/bayerns-gesundheitsministerin-judith-gerlach-beim-demenz-screeningtag-in-hoesbach\/"},"wordCount":501,"commentCount":0,"publisher":{"@id":"\/#organization"},"image":{"@id":"https:\/\/digidem-bayern.de\/bayerns-gesundheitsministerin-judith-gerlach-beim-demenz-screeningtag-in-hoesbach\/#primaryimage"},"thumbnailUrl":"https:\/\/digidem-bayern.de\/wp-content\/uploads\/2025\/06\/01-Judith-Gerlach-und-Peter-Kolominsky-Rabas_Foto-Ilona-Hoerath.jpeg","keywords":["Alltagstipps","Alzheimer","Alzheimer-Demenz","Aschaffenburg","Bayerisches Staatsministerium f\u00fcr Gesundheit und Pflege","Demenz","Demenz-Fr\u00fcherkennung","Demenz-Wissensportal","Demenzdiagnose","Demenzwissen","digidem","digidem Bayern","digiDEM Bayern Demenzbibliothek","Digitales Demenzregister Bayern","Gesundheitskompetenz","Gesundheitsregion plus Aschaffenburg","H\u00e4usliche Pflege","H\u00f6sbach","Internet","Judith Gerlach","kognitive Beeintr\u00e4chtigungen","Landkreis Aschaffenburg","Peter Kolominsky-Rabas","Pionierarbeit"],"articleSection":["Aktuelles zu digiDEM","Wissenschaft &amp; Forschung"],"inLanguage":"en-US","potentialAction":[{"@type":"CommentAction","name":"Comment","target":["https:\/\/digidem-bayern.de\/bayerns-gesundheitsministerin-judith-gerlach-beim-demenz-screeningtag-in-hoesbach\/#respond"]}]},{"@type":"WebPage","@id":"https:\/\/digidem-bayern.de\/bayerns-gesundheitsministerin-judith-gerlach-beim-demenz-screeningtag-in-hoesbach\/","url":"https:\/\/digidem-bayern.de\/bayerns-gesundheitsministerin-judith-gerlach-beim-demenz-screeningtag-in-hoesbach\/","name":"Bayerns Gesundheitsministerin Judith Gerlach beim Demenz-Screeningtag in H\u00f6sbach - digiDEM Bayern","isPartOf":{"@id":"\/#website"},"primaryImageOfPage":{"@id":"https:\/\/digidem-bayern.de\/bayerns-gesundheitsministerin-judith-gerlach-beim-demenz-screeningtag-in-hoesbach\/#primaryimage"},"image":{"@id":"https:\/\/digidem-bayern.de\/bayerns-gesundheitsministerin-judith-gerlach-beim-demenz-screeningtag-in-hoesbach\/#primaryimage"},"thumbnailUrl":"https:\/\/digidem-bayern.de\/wp-content\/uploads\/2025\/06\/01-Judith-Gerlach-und-Peter-Kolominsky-Rabas_Foto-Ilona-Hoerath.jpeg","datePublished":"2025-06-10T06:30:26+00:00","dateModified":"2025-06-10T06:30:27+00:00","description":"Der Bayerische Landesapothekerkammer unterst\u00fctzt digiDEM Bayern mit Hilfe des Netzwerks \"Demenzfreundliche Apotheken\".","breadcrumb":{"@id":"https:\/\/digidem-bayern.de\/bayerns-gesundheitsministerin-judith-gerlach-beim-demenz-screeningtag-in-hoesbach\/#breadcrumb"},"inLanguage":"en-US","potentialAction":[{"@type":"ReadAction","target":["https:\/\/digidem-bayern.de\/bayerns-gesundheitsministerin-judith-gerlach-beim-demenz-screeningtag-in-hoesbach\/"]}]},{"@type":"ImageObject","inLanguage":"en-US","@id":"https:\/\/digidem-bayern.de\/bayerns-gesundheitsministerin-judith-gerlach-beim-demenz-screeningtag-in-hoesbach\/#primaryimage","url":"https:\/\/digidem-bayern.de\/wp-content\/uploads\/2025\/06\/01-Judith-Gerlach-und-Peter-Kolominsky-Rabas_Foto-Ilona-Hoerath.jpeg","contentUrl":"https:\/\/digidem-bayern.de\/wp-content\/uploads\/2025\/06\/01-Judith-Gerlach-und-Peter-Kolominsky-Rabas_Foto-Ilona-Hoerath.jpeg","width":1600,"height":1200,"caption":"Gemeinsam f\u00fcr die St\u00e4rkung der Demenz-Fr\u00fcherkennung: Judith Gerlach, die Bayerische Staatsministerin f\u00fcr Gesundheit, Pflege und Pr\u00e4vention, und digiDEM Bayern-Projektleiter Prof. Dr. Peter Kolominsky-Rabas beim ersten Demenz-Screeningtag in H\u00f6sbach. Foto: Ilona H\u00f6rath\/digiDEM Bayern"},{"@type":"BreadcrumbList","@id":"https:\/\/digidem-bayern.de\/bayerns-gesundheitsministerin-judith-gerlach-beim-demenz-screeningtag-in-hoesbach\/#breadcrumb","itemListElement":[{"@type":"ListItem","position":1,"name":"Startseite","item":"https:\/\/digidem-bayern.de\/"},{"@type":"ListItem","position":2,"name":"Bayerns Gesundheitsministerin Judith Gerlach beim Demenz-Screeningtag in H\u00f6sbach"}]},{"@type":"WebSite","@id":"\/#website","url":"\/","name":"digiDEM Bavaria","description":"The digital dementia register in Bavaria researches and improves the structure of services for people with dementia and their relatives","publisher":{"@id":"\/#organization"},"potentialAction":[{"@type":"SearchAction","target":{"@type":"EntryPoint","urlTemplate":"\/?s={search_term_string}"},"query-input":{"@type":"PropertyValueSpecification","valueRequired":true,"valueName":"search_term_string"}}],"inLanguage":"en-US"},{"@type":"Organization","@id":"\/#organization","name":"digiDEM Bavaria","url":"\/","logo":{"@type":"ImageObject","inLanguage":"en-US","@id":"\/#\/schema\/logo\/image\/","url":"https:\/\/digidem-bayern.de\/wp-content\/uploads\/2022\/03\/cropped-Allgemeines_digiDEMLOGO-removebg-preview.png","contentUrl":"https:\/\/digidem-bayern.de\/wp-content\/uploads\/2022\/03\/cropped-Allgemeines_digiDEMLOGO-removebg-preview.png","width":612,"height":357,"caption":"digiDEM Bayern"},"image":{"@id":"\/#\/schema\/logo\/image\/"},"sameAs":["https:\/\/www.facebook.com\/digiDEMBayern\/","https:\/\/x.com\/digidem_bayern","https:\/\/www.instagram.com\/digidem.bayern","https:\/\/www.linkedin.com\/company\/digidem-bayern\/"]},{"@type":"Person","@id":"\/#\/schema\/person\/0bc1494f46fc2a051c761322a80e0941","name":"Ilona H\u00f6rath","url":"https:\/\/digidem-bayern.de\/en\/author\/hoeratia\/"}]}},"uagb_featured_image_src":{"full":["https:\/\/digidem-bayern.de\/wp-content\/uploads\/2025\/06\/01-Judith-Gerlach-und-Peter-Kolominsky-Rabas_Foto-Ilona-Hoerath.jpeg",1600,1200,false],"thumbnail":["https:\/\/digidem-bayern.de\/wp-content\/uploads\/2025\/06\/01-Judith-Gerlach-und-Peter-Kolominsky-Rabas_Foto-Ilona-Hoerath-80x80.jpeg",80,80,true],"medium":["https:\/\/digidem-bayern.de\/wp-content\/uploads\/2025\/06\/01-Judith-Gerlach-und-Peter-Kolominsky-Rabas_Foto-Ilona-Hoerath-300x225.jpeg",300,225,true],"medium_large":["https:\/\/digidem-bayern.de\/wp-content\/uploads\/2025\/06\/01-Judith-Gerlach-und-Peter-Kolominsky-Rabas_Foto-Ilona-Hoerath-768x576.jpeg",768,576,true],"large":["https:\/\/digidem-bayern.de\/wp-content\/uploads\/2025\/06\/01-Judith-Gerlach-und-Peter-Kolominsky-Rabas_Foto-Ilona-Hoerath-1030x773.jpeg",1030,773,true],"1536x1536":["https:\/\/digidem-bayern.de\/wp-content\/uploads\/2025\/06\/01-Judith-Gerlach-und-Peter-Kolominsky-Rabas_Foto-Ilona-Hoerath-1536x1152.jpeg",1536,1152,true],"2048x2048":["https:\/\/digidem-bayern.de\/wp-content\/uploads\/2025\/06\/01-Judith-Gerlach-und-Peter-Kolominsky-Rabas_Foto-Ilona-Hoerath-2048x1536.jpeg",2048,1536,true],"trp-custom-language-flag":["https:\/\/digidem-bayern.de\/wp-content\/uploads\/2025\/06\/01-Judith-Gerlach-und-Peter-Kolominsky-Rabas_Foto-Ilona-Hoerath.jpeg",16,12,false],"qubely_landscape":["https:\/\/digidem-bayern.de\/wp-content\/uploads\/2025\/06\/01-Judith-Gerlach-und-Peter-Kolominsky-Rabas_Foto-Ilona-Hoerath-1200x750.jpeg",1200,750,true],"qubely_portrait":["https:\/\/digidem-bayern.de\/wp-content\/uploads\/2025\/06\/01-Judith-Gerlach-und-Peter-Kolominsky-Rabas_Foto-Ilona-Hoerath-540x320.jpeg",540,320,true],"qubely_thumbnail":["https:\/\/digidem-bayern.de\/wp-content\/uploads\/2025\/06\/01-Judith-Gerlach-und-Peter-Kolominsky-Rabas_Foto-Ilona-Hoerath-140x100.jpeg",140,100,true],"post-thumbnail":["https:\/\/digidem-bayern.de\/wp-content\/uploads\/2025\/06\/01-Judith-Gerlach-und-Peter-Kolominsky-Rabas_Foto-Ilona-Hoerath-467x350.jpeg",467,350,true],"kahuna-featured":["https:\/\/digidem-bayern.de\/wp-content\/uploads\/2025\/06\/01-Judith-Gerlach-und-Peter-Kolominsky-Rabas_Foto-Ilona-Hoerath-734x350.jpeg",734,350,true],"kahuna-featured-lp":["https:\/\/digidem-bayern.de\/wp-content\/uploads\/2025\/06\/01-Judith-Gerlach-und-Peter-Kolominsky-Rabas_Foto-Ilona-Hoerath-520x350.jpeg",520,350,true],"kahuna-featured-half":["https:\/\/digidem-bayern.de\/wp-content\/uploads\/2025\/06\/01-Judith-Gerlach-und-Peter-Kolominsky-Rabas_Foto-Ilona-Hoerath-800x350.jpeg",800,350,true],"kahuna-featured-third":["https:\/\/digidem-bayern.de\/wp-content\/uploads\/2025\/06\/01-Judith-Gerlach-und-Peter-Kolominsky-Rabas_Foto-Ilona-Hoerath-512x350.jpeg",512,350,true],"kahuna-lpbox-1":["https:\/\/digidem-bayern.de\/wp-content\/uploads\/2025\/06\/01-Judith-Gerlach-und-Peter-Kolominsky-Rabas_Foto-Ilona-Hoerath-520x300.jpeg",520,300,true],"kahuna-lpbox-2":["https:\/\/digidem-bayern.de\/wp-content\/uploads\/2025\/06\/01-Judith-Gerlach-und-Peter-Kolominsky-Rabas_Foto-Ilona-Hoerath-520x350.jpeg",520,350,true],"demand-language-flag":["https:\/\/digidem-bayern.de\/wp-content\/uploads\/2025\/06\/01-Judith-Gerlach-und-Peter-Kolominsky-Rabas_Foto-Ilona-Hoerath-36x36.jpeg",36,36,true],"dddkt-language-flag":["https:\/\/digidem-bayern.de\/wp-content\/uploads\/2025\/06\/01-Judith-Gerlach-und-Peter-Kolominsky-Rabas_Foto-Ilona-Hoerath-36x36.jpeg",36,36,true],"ddiqc-language-flag":["https:\/\/digidem-bayern.de\/wp-content\/uploads\/2025\/06\/01-Judith-Gerlach-und-Peter-Kolominsky-Rabas_Foto-Ilona-Hoerath-36x36.jpeg",36,36,true],"ddtl-language-flag":["https:\/\/digidem-bayern.de\/wp-content\/uploads\/2025\/06\/01-Judith-Gerlach-und-Peter-Kolominsky-Rabas_Foto-Ilona-Hoerath-36x36.jpeg",36,36,true],"mailpoet_newsletter_max":["https:\/\/digidem-bayern.de\/wp-content\/uploads\/2025\/06\/01-Judith-Gerlach-und-Peter-Kolominsky-Rabas_Foto-Ilona-Hoerath-1320x990.jpeg",1320,990,true],"kahuna-lpbox-3":["https:\/\/digidem-bayern.de\/wp-content\/uploads\/2025\/06\/01-Judith-Gerlach-und-Peter-Kolominsky-Rabas_Foto-Ilona-Hoerath-520x350.jpeg",520,350,true],"kahuna-featured-square":["https:\/\/digidem-bayern.de\/wp-content\/uploads\/2025\/06\/01-Judith-Gerlach-und-Peter-Kolominsky-Rabas_Foto-Ilona-Hoerath-512x512.jpeg",512,512,true],"kahuna-featured-square-large":["https:\/\/digidem-bayern.de\/wp-content\/uploads\/2025\/06\/01-Judith-Gerlach-und-Peter-Kolominsky-Rabas_Foto-Ilona-Hoerath-1024x1024.jpeg",1024,1024,true]},"uagb_author_info":{"display_name":"Ilona H\u00f6rath","author_link":"https:\/\/digidem-bayern.de\/en\/author\/hoeratia\/"},"uagb_comment_info":4,"uagb_excerpt":"Die Bayerische Staatsministerin f\u00fcr Gesundheit, Pflege und Pr\u00e4vention, Judith Gerlach, hat den ersten digiDEM Bayern-Demenz-Screeningtag im unterfr\u00e4nkischen H\u00f6sbach er\u00f6ffnet. Das Interesse der B\u00fcrgerinnen und B\u00fcrger, die Ged\u00e4chtnisleistung pr\u00fcfen zu lassen, war riesig: Der Testtag war ausgebucht. In ihrer&nbsp;Begr\u00fc\u00dfung im Bibliothekszentrum H\u00f6sbach, in dem der Testtag stattfand, hob die Gesundheitsministerin hervor, &hellip;","_links":{"self":[{"href":"https:\/\/digidem-bayern.de\/en\/wp-json\/wp\/v2\/posts\/43682","targetHints":{"allow":["GET"]}}],"collection":[{"href":"https:\/\/digidem-bayern.de\/en\/wp-json\/wp\/v2\/posts"}],"about":[{"href":"https:\/\/digidem-bayern.de\/en\/wp-json\/wp\/v2\/types\/post"}],"author":[{"embeddable":true,"href":"https:\/\/digidem-bayern.de\/en\/wp-json\/wp\/v2\/users\/12"}],"replies":[{"embeddable":true,"href":"https:\/\/digidem-bayern.de\/en\/wp-json\/wp\/v2\/comments?post=43682"}],"version-history":[{"count":3,"href":"https:\/\/digidem-bayern.de\/en\/wp-json\/wp\/v2\/posts\/43682\/revisions"}],"predecessor-version":[{"id":43685,"href":"https:\/\/digidem-bayern.de\/en\/wp-json\/wp\/v2\/posts\/43682\/revisions\/43685"}],"wp:featuredmedia":[{"embeddable":true,"href":"https:\/\/digidem-bayern.de\/en\/wp-json\/wp\/v2\/media\/43679"}],"wp:attachment":[{"href":"https:\/\/digidem-bayern.de\/en\/wp-json\/wp\/v2\/media?parent=43682"}],"wp:term":[{"taxonomy":"category","embeddable":true,"href":"https:\/\/digidem-bayern.de\/en\/wp-json\/wp\/v2\/categories?post=43682"},{"taxonomy":"post_tag","embeddable":true,"href":"https:\/\/digidem-bayern.de\/en\/wp-json\/wp\/v2\/tags?post=43682"}],"curies":[{"name":"wp","href":"https:\/\/api.w.org\/{rel}","templated":true}]}}