{"id":4347,"date":"2020-01-14T11:39:34","date_gmt":"2020-01-14T10:39:34","guid":{"rendered":"https:\/\/digidem-bayern.de\/?p=4347"},"modified":"2021-02-08T09:30:52","modified_gmt":"2021-02-08T08:30:52","slug":"informationen-ueber-hoerbeeintraechtigungen-aus-dem-nahen-umfeld-und-demenzrisiko","status":"publish","type":"post","link":"https:\/\/digidem-bayern.de\/en\/informationen-ueber-hoerbeeintraechtigungen-aus-dem-nahen-umfeld-und-demenzrisiko\/","title":{"rendered":"H\u00f6ren und Demenz: Welche Rolle spielen Berichte aus dem Umfeld?"},"content":{"rendered":"<h4 class=\"wp-block-heading\">Probleme beim H\u00f6ren zeigen sich bei \u00e4lteren Menschen oft erst allm\u00e4hlich. Um sie selbst wahrnehmen zu k\u00f6nnen, sind ausgepr\u00e4gte kognitive Funktionen erforderlich. Durch den Zusammenhang von kognitiven und H\u00f6rbeeintr\u00e4chtigungen sind diese jedoch zum Teil nicht mehr gegeben. Daher hat eine Studie den Fokus auf H\u00f6r-Schwierigkeiten gelegt, die zum Beispiel von Ehepartnern berichtet werden, und die Verbindung mit leichten kognitiven Einschr\u00e4nkungen und Demenz untersucht. <\/h4>\n\n\n\n<div class=\"wp-block-image\"><figure class=\"alignleft size-medium\"><img loading=\"lazy\" decoding=\"async\" width=\"300\" height=\"225\" src=\"https:\/\/test.digidem-bayern.de\/wp-content\/uploads\/2020\/01\/senior-3336451_1280-300x225.jpg\" alt=\"\u00c4lteres Paar beim Spaziergang, von hinten.\" class=\"wp-image-4349\" srcset=\"https:\/\/digidem-bayern.de\/wp-content\/uploads\/2020\/01\/senior-3336451_1280-300x225.jpg 300w, https:\/\/digidem-bayern.de\/wp-content\/uploads\/2020\/01\/senior-3336451_1280-1030x773.jpg 1030w, https:\/\/digidem-bayern.de\/wp-content\/uploads\/2020\/01\/senior-3336451_1280-768x576.jpg 768w, https:\/\/digidem-bayern.de\/wp-content\/uploads\/2020\/01\/senior-3336451_1280-467x350.jpg 467w, https:\/\/digidem-bayern.de\/wp-content\/uploads\/2020\/01\/senior-3336451_1280.jpg 1280w\" sizes=\"auto, (max-width: 300px) 100vw, 300px\" \/><\/figure><\/div>\n\n\n\n<p>Ein nachlassendes H\u00f6rverm\u00f6gen wurde\nbereits in zahlreichen Studien mit leichten kognitiven Einschr\u00e4nkungen (mild\ncognitive impairment, MCI) und mit Demenz in Zusammenhang gebracht.&nbsp; Diese bezogen sich jedoch gr\u00f6\u00dftenteils auf\nselbst berichtete H\u00f6rbeeintr\u00e4chtigungen. Forscher aus den USA wollten\nherausfinden, ob H\u00f6r-Probleme, die t\u00e4gliche Aktivit\u00e4ten einschr\u00e4nken und aus\ndem nahen Umfeld der Betroffenen berichtet werden, mit dem Risiko f\u00fcr MCI und\nDemenz zusammenh\u00e4ngen. <\/p>\n\n\n\n<p><strong>Kommunikationsschwierigkeiten zeigen sich vor\nallem im Alltag <\/strong><\/p>\n\n\n\n<p>Ihre \u00dcberlegung: Selbst wenn sich\nMenschen mit H\u00f6rbeeintr\u00e4chtigungen von Fach\u00e4rzten untersuchen lassen, spiegeln\ndie audiometrischen Werte nicht immer die Kommunikationsschwierigkeiten wider,\ndie die Betroffenen im Alltag haben, denn daf\u00fcr ist mehr als die H\u00f6he von T\u00f6nen\nrelevant. Informationen aus dem nahen Umfeld hingegen, zum Beispiel von\nPartnern, beruhten nicht auf einer einzigen Beurteilung, sondern ber\u00fccksichtigten\ndie gesammelte Alltags-Erfahrung. F\u00fcr ihre Studie untersuchten die\nWissenschaftler*innen Daten von 4.812 Probanden, die anfangs nicht an Demenz\nerkrankt waren (zum Teil aber an MCI). Sie waren im Mittel 73,7 Jahre alt. Die\nAnalyse umfasste zu Beginn und danach alle 15 Monate kognitive Bewertungen und\nBerichte aus dem Umfeld (in der Regel Berichte der Ehepartner) \u00fcber\nH\u00f6r-Probleme der Probanden, die Aktivit\u00e4ten des t\u00e4glichen Lebens\nbeeintr\u00e4chtigten. <\/p>\n\n\n\n<p>Die Forscher*innen fanden heraus, dass\nMenschen mit H\u00f6r-Problemen, die aus dem nahen Umfeld berichtet werden, ein\nh\u00f6heres Risiko f\u00fcr MCI und Demenz hatten. Diese Ergebnisse best\u00e4tigen die\nbisherigen Erkenntnisse \u00fcber den Zusammenhang zwischen kognitiven und H\u00f6reinschr\u00e4nkungen.\n<\/p>\n\n\n\n<p>Die Autor*innen betonen die Bedeutung dieses\nZusammenhangs f\u00fcr die \u00f6ffentliche Gesundheit, da das Problem von H\u00f6rverlust und\nDemenz mit der alternden Bev\u00f6lkerung zunehmen werde und mit einer hohen\npers\u00f6nlichen, sozialen und wirtschaftlichen Belastung einhergehe. Informationen\naus dem nahen Umfeld von Betroffenen seien leicht zu erhalten und k\u00f6nnten zur\nFr\u00fcherkennung von Schwerh\u00f6rigkeit bei Menschen beitragen, die ein Risiko f\u00fcr MCI\noder Demenz haben. Dies k\u00f6nnte wiederum zu Behandlungen f\u00fchren, solange die Betroffenen\nnoch nicht oder nur leicht beeintr\u00e4chtigt seien.<\/p>\n\n\n\n<p><em>Weitere Informationen finden Sie hier:<\/em><\/p>\n\n\n\n<p><a href=\"https:\/\/academic.oup.com\/ageing\/article\/48\/6\/888\/5552990\">https:\/\/academic.oup.com\/ageing\/article\/48\/6\/888\/5552990<\/a><\/p>","protected":false},"excerpt":{"rendered":"<p>Probleme beim H\u00f6ren zeigen sich bei \u00e4lteren Menschen oft erst allm\u00e4hlich. Um sie selbst wahrnehmen zu k\u00f6nnen, sind ausgepr\u00e4gte kognitive Funktionen erforderlich. Durch den Zusammenhang von kognitiven und H\u00f6rbeeintr\u00e4chtigungen sind diese jedoch zum Teil nicht mehr gegeben. Daher hat eine Studie den Fokus auf H\u00f6r-Schwierigkeiten gelegt, die zum Beispiel von &hellip;<\/p>","protected":false},"author":11,"featured_media":4349,"comment_status":"open","ping_status":"closed","sticky":false,"template":"","format":"standard","meta":{"qubely_global_settings":"","qubely_interactions":"","_uag_custom_page_level_css":"","footnotes":""},"categories":[5],"tags":[11,14,17,55,56],"class_list":["post-4347","post","type-post","status-publish","format-standard","has-post-thumbnail","hentry","category-wissenschaft-forschung","tag-demenz","tag-digidem","tag-digidem-bayern","tag-digitales-demenzregister-bayern","tag-hoerbehinderung"],"qubely_featured_image_url":{"full":["https:\/\/digidem-bayern.de\/wp-content\/uploads\/2020\/01\/senior-3336451_1280.jpg",1280,960,false],"landscape":["https:\/\/digidem-bayern.de\/wp-content\/uploads\/2020\/01\/senior-3336451_1280-1200x750.jpg",1200,750,true],"portraits":["https:\/\/digidem-bayern.de\/wp-content\/uploads\/2020\/01\/senior-3336451_1280-540x320.jpg",540,320,true],"thumbnail":["https:\/\/digidem-bayern.de\/wp-content\/uploads\/2020\/01\/senior-3336451_1280-80x80.jpg",80,80,true],"medium":["https:\/\/digidem-bayern.de\/wp-content\/uploads\/2020\/01\/senior-3336451_1280-300x225.jpg",300,225,true],"medium_large":["https:\/\/digidem-bayern.de\/wp-content\/uploads\/2020\/01\/senior-3336451_1280-768x576.jpg",768,576,true],"large":["https:\/\/digidem-bayern.de\/wp-content\/uploads\/2020\/01\/senior-3336451_1280-1030x773.jpg",1030,773,true],"1536x1536":["https:\/\/digidem-bayern.de\/wp-content\/uploads\/2020\/01\/senior-3336451_1280.jpg",1280,960,false],"2048x2048":["https:\/\/digidem-bayern.de\/wp-content\/uploads\/2020\/01\/senior-3336451_1280.jpg",1280,960,false],"trp-custom-language-flag":["https:\/\/digidem-bayern.de\/wp-content\/uploads\/2020\/01\/senior-3336451_1280.jpg",16,12,false],"qubely_landscape":["https:\/\/digidem-bayern.de\/wp-content\/uploads\/2020\/01\/senior-3336451_1280-1200x750.jpg",1200,750,true],"qubely_portrait":["https:\/\/digidem-bayern.de\/wp-content\/uploads\/2020\/01\/senior-3336451_1280-540x320.jpg",540,320,true],"qubely_thumbnail":["https:\/\/digidem-bayern.de\/wp-content\/uploads\/2020\/01\/senior-3336451_1280-140x100.jpg",140,100,true],"post-thumbnail":["https:\/\/digidem-bayern.de\/wp-content\/uploads\/2020\/01\/senior-3336451_1280-467x350.jpg",467,350,true],"kahuna-featured":["https:\/\/digidem-bayern.de\/wp-content\/uploads\/2020\/01\/senior-3336451_1280-495x350.jpg",495,350,true],"kahuna-featured-lp":["https:\/\/digidem-bayern.de\/wp-content\/uploads\/2020\/01\/senior-3336451_1280-690x350.jpg",520,264,true],"kahuna-featured-half":["https:\/\/digidem-bayern.de\/wp-content\/uploads\/2020\/01\/senior-3336451_1280-800x350.jpg",800,350,true],"kahuna-featured-third":["https:\/\/digidem-bayern.de\/wp-content\/uploads\/2020\/01\/senior-3336451_1280-512x350.jpg",512,350,true],"kahuna-lpbox-1":["https:\/\/digidem-bayern.de\/wp-content\/uploads\/2020\/01\/senior-3336451_1280-460x350.jpg",394,300,true],"kahuna-lpbox-2":["https:\/\/digidem-bayern.de\/wp-content\/uploads\/2020\/01\/senior-3336451_1280-460x350.jpg",460,350,true],"demand-language-flag":["https:\/\/digidem-bayern.de\/wp-content\/uploads\/2020\/01\/senior-3336451_1280.jpg",36,27,false],"dddkt-language-flag":["https:\/\/digidem-bayern.de\/wp-content\/uploads\/2020\/01\/senior-3336451_1280.jpg",36,27,false],"ddiqc-language-flag":["https:\/\/digidem-bayern.de\/wp-content\/uploads\/2020\/01\/senior-3336451_1280.jpg",36,27,false],"ddtl-language-flag":["https:\/\/digidem-bayern.de\/wp-content\/uploads\/2020\/01\/senior-3336451_1280.jpg",36,27,false],"mailpoet_newsletter_max":["https:\/\/digidem-bayern.de\/wp-content\/uploads\/2020\/01\/senior-3336451_1280.jpg",1280,960,false],"kahuna-lpbox-3":["https:\/\/digidem-bayern.de\/wp-content\/uploads\/2020\/01\/senior-3336451_1280-460x350.jpg",460,350,true],"kahuna-featured-square":["https:\/\/digidem-bayern.de\/wp-content\/uploads\/2020\/01\/senior-3336451_1280-512x512.jpg",512,512,true],"kahuna-featured-square-large":["https:\/\/digidem-bayern.de\/wp-content\/uploads\/2020\/01\/senior-3336451_1280-1024x960.jpg",1024,960,true]},"qubely_author":{"display_name":"Michael Zeiler","author_link":"https:\/\/digidem-bayern.de\/en\/author\/michael-zeiler\/"},"qubely_comment":0,"qubely_category":"<a href=\"https:\/\/digidem-bayern.de\/en\/category\/wissenschaft-forschung\/\" rel=\"category tag\">Wissenschaft &amp; Forschung<\/a>","qubely_excerpt":"Probleme beim H\u00f6ren zeigen sich bei \u00e4lteren Menschen oft erst allm\u00e4hlich. Um sie selbst wahrnehmen zu k\u00f6nnen, sind ausgepr\u00e4gte kognitive Funktionen erforderlich. Durch den Zusammenhang von kognitiven und H\u00f6rbeeintr\u00e4chtigungen sind diese jedoch zum Teil nicht mehr gegeben. Daher hat eine Studie den Fokus auf H\u00f6r-Schwierigkeiten gelegt, die zum Beispiel von &hellip;","featured_image_urls_v2":{"full":["https:\/\/digidem-bayern.de\/wp-content\/uploads\/2020\/01\/senior-3336451_1280.jpg",1280,960,false],"thumbnail":["https:\/\/digidem-bayern.de\/wp-content\/uploads\/2020\/01\/senior-3336451_1280-80x80.jpg",80,80,true],"medium":["https:\/\/digidem-bayern.de\/wp-content\/uploads\/2020\/01\/senior-3336451_1280-300x225.jpg",300,225,true],"medium_large":["https:\/\/digidem-bayern.de\/wp-content\/uploads\/2020\/01\/senior-3336451_1280-768x576.jpg",768,576,true],"large":["https:\/\/digidem-bayern.de\/wp-content\/uploads\/2020\/01\/senior-3336451_1280-1030x773.jpg",1030,773,true],"1536x1536":["https:\/\/digidem-bayern.de\/wp-content\/uploads\/2020\/01\/senior-3336451_1280.jpg",1280,960,false],"2048x2048":["https:\/\/digidem-bayern.de\/wp-content\/uploads\/2020\/01\/senior-3336451_1280.jpg",1280,960,false],"trp-custom-language-flag":["https:\/\/digidem-bayern.de\/wp-content\/uploads\/2020\/01\/senior-3336451_1280.jpg",16,12,false],"qubely_landscape":["https:\/\/digidem-bayern.de\/wp-content\/uploads\/2020\/01\/senior-3336451_1280-1200x750.jpg",1200,750,true],"qubely_portrait":["https:\/\/digidem-bayern.de\/wp-content\/uploads\/2020\/01\/senior-3336451_1280-540x320.jpg",540,320,true],"qubely_thumbnail":["https:\/\/digidem-bayern.de\/wp-content\/uploads\/2020\/01\/senior-3336451_1280-140x100.jpg",140,100,true],"post-thumbnail":["https:\/\/digidem-bayern.de\/wp-content\/uploads\/2020\/01\/senior-3336451_1280-467x350.jpg",467,350,true],"kahuna-featured":["https:\/\/digidem-bayern.de\/wp-content\/uploads\/2020\/01\/senior-3336451_1280-495x350.jpg",495,350,true],"kahuna-featured-lp":["https:\/\/digidem-bayern.de\/wp-content\/uploads\/2020\/01\/senior-3336451_1280-690x350.jpg",520,264,true],"kahuna-featured-half":["https:\/\/digidem-bayern.de\/wp-content\/uploads\/2020\/01\/senior-3336451_1280-800x350.jpg",800,350,true],"kahuna-featured-third":["https:\/\/digidem-bayern.de\/wp-content\/uploads\/2020\/01\/senior-3336451_1280-512x350.jpg",512,350,true],"kahuna-lpbox-1":["https:\/\/digidem-bayern.de\/wp-content\/uploads\/2020\/01\/senior-3336451_1280-460x350.jpg",394,300,true],"kahuna-lpbox-2":["https:\/\/digidem-bayern.de\/wp-content\/uploads\/2020\/01\/senior-3336451_1280-460x350.jpg",460,350,true],"demand-language-flag":["https:\/\/digidem-bayern.de\/wp-content\/uploads\/2020\/01\/senior-3336451_1280.jpg",36,27,false],"dddkt-language-flag":["https:\/\/digidem-bayern.de\/wp-content\/uploads\/2020\/01\/senior-3336451_1280.jpg",36,27,false],"ddiqc-language-flag":["https:\/\/digidem-bayern.de\/wp-content\/uploads\/2020\/01\/senior-3336451_1280.jpg",36,27,false],"ddtl-language-flag":["https:\/\/digidem-bayern.de\/wp-content\/uploads\/2020\/01\/senior-3336451_1280.jpg",36,27,false],"mailpoet_newsletter_max":["https:\/\/digidem-bayern.de\/wp-content\/uploads\/2020\/01\/senior-3336451_1280.jpg",1280,960,false],"kahuna-lpbox-3":["https:\/\/digidem-bayern.de\/wp-content\/uploads\/2020\/01\/senior-3336451_1280-460x350.jpg",460,350,true],"kahuna-featured-square":["https:\/\/digidem-bayern.de\/wp-content\/uploads\/2020\/01\/senior-3336451_1280-512x512.jpg",512,512,true],"kahuna-featured-square-large":["https:\/\/digidem-bayern.de\/wp-content\/uploads\/2020\/01\/senior-3336451_1280-1024x960.jpg",1024,960,true]},"post_excerpt_stackable_v2":"<p>Probleme beim H\u00f6ren zeigen sich bei \u00e4lteren Menschen oft erst allm\u00e4hlich. Um sie selbst wahrnehmen zu k\u00f6nnen, sind ausgepr\u00e4gte kognitive Funktionen erforderlich. Durch den Zusammenhang von kognitiven und H\u00f6rbeeintr\u00e4chtigungen sind diese jedoch zum Teil nicht mehr gegeben. Daher hat eine Studie den Fokus auf H\u00f6r-Schwierigkeiten gelegt, die zum Beispiel von Ehepartnern berichtet werden, und die Verbindung mit leichten kognitiven Einschr\u00e4nkungen und Demenz untersucht. Ein nachlassendes H\u00f6rverm\u00f6gen wurde bereits in zahlreichen Studien mit leichten kognitiven Einschr\u00e4nkungen (mild cognitive impairment, MCI) und mit Demenz in Zusammenhang gebracht.&nbsp; Diese bezogen sich jedoch gr\u00f6\u00dftenteils auf selbst berichtete H\u00f6rbeeintr\u00e4chtigungen. Forscher aus den USA wollten herausfinden,&hellip;<\/p>\n","category_list_v2":"<a href=\"https:\/\/digidem-bayern.de\/en\/category\/wissenschaft-forschung\/\" rel=\"category tag\">Wissenschaft &amp; Forschung<\/a>","author_info_v2":{"name":"Michael Zeiler","url":"https:\/\/digidem-bayern.de\/en\/author\/michael-zeiler\/"},"comments_num_v2":"0 comments","yoast_head":"<!-- This site is optimized with the Yoast SEO plugin v27.4 - https:\/\/yoast.com\/product\/yoast-seo-wordpress\/ -->\n<title>H\u00f6ren und Demenz: Welche Rolle spielen Berichte aus dem Umfeld? - digiDEM Bayern<\/title>\n<meta name=\"description\" content=\"Probleme beim H\u00f6ren zeigen sich bei \u00e4lteren Menschen oft erst allm\u00e4hlich. Eine Studie hat den Zusammenhang zwischen Berichten \u00fcber H\u00f6r-Schwierigkeiten aus dem nahen Umfeld und Demenz untersucht.\" \/>\n<meta name=\"robots\" content=\"index, follow, max-snippet:-1, max-image-preview:large, max-video-preview:-1\" \/>\n<link rel=\"canonical\" href=\"https:\/\/digidem-bayern.de\/en\/informationen-ueber-hoerbeeintraechtigungen-aus-dem-nahen-umfeld-und-demenzrisiko\/\" \/>\n<meta property=\"og:locale\" content=\"en_US\" \/>\n<meta property=\"og:type\" content=\"article\" \/>\n<meta property=\"og:title\" content=\"H\u00f6ren und Demenz: Welche Rolle spielen Berichte aus dem Umfeld? - digiDEM Bayern\" \/>\n<meta property=\"og:description\" content=\"Probleme beim H\u00f6ren zeigen sich bei \u00e4lteren Menschen oft erst allm\u00e4hlich. Eine Studie hat den Zusammenhang zwischen Berichten \u00fcber H\u00f6r-Schwierigkeiten aus dem nahen Umfeld und Demenz untersucht.\" \/>\n<meta property=\"og:url\" content=\"https:\/\/digidem-bayern.de\/en\/informationen-ueber-hoerbeeintraechtigungen-aus-dem-nahen-umfeld-und-demenzrisiko\/\" \/>\n<meta property=\"og:site_name\" content=\"digiDEM Bayern\" \/>\n<meta property=\"article:publisher\" content=\"https:\/\/www.facebook.com\/digiDEMBayern\/\" \/>\n<meta property=\"article:published_time\" content=\"2020-01-14T10:39:34+00:00\" \/>\n<meta property=\"article:modified_time\" content=\"2021-02-08T08:30:52+00:00\" \/>\n<meta property=\"og:image\" content=\"https:\/\/digidem-bayern.de\/wp-content\/uploads\/2020\/01\/senior-3336451_1280.jpg\" \/>\n\t<meta property=\"og:image:width\" content=\"1280\" \/>\n\t<meta property=\"og:image:height\" content=\"960\" \/>\n\t<meta property=\"og:image:type\" content=\"image\/jpeg\" \/>\n<meta name=\"author\" content=\"Michael Zeiler\" \/>\n<meta name=\"twitter:label1\" content=\"Written by\" \/>\n\t<meta name=\"twitter:data1\" content=\"Michael Zeiler\" \/>\n\t<meta name=\"twitter:label2\" content=\"Est. reading time\" \/>\n\t<meta name=\"twitter:data2\" content=\"2 minutes\" \/>\n<script type=\"application\/ld+json\" class=\"yoast-schema-graph\">{\"@context\":\"https:\\\/\\\/schema.org\",\"@graph\":[{\"@type\":\"Article\",\"@id\":\"https:\\\/\\\/digidem-bayern.de\\\/informationen-ueber-hoerbeeintraechtigungen-aus-dem-nahen-umfeld-und-demenzrisiko\\\/#article\",\"isPartOf\":{\"@id\":\"https:\\\/\\\/digidem-bayern.de\\\/informationen-ueber-hoerbeeintraechtigungen-aus-dem-nahen-umfeld-und-demenzrisiko\\\/\"},\"author\":{\"name\":\"Michael Zeiler\",\"@id\":\"\\\/#\\\/schema\\\/person\\\/92754ad381f49b3c358d1d8d2c4f90b8\"},\"headline\":\"H\u00f6ren und Demenz: Welche Rolle spielen Berichte aus dem Umfeld?\",\"datePublished\":\"2020-01-14T10:39:34+00:00\",\"dateModified\":\"2021-02-08T08:30:52+00:00\",\"mainEntityOfPage\":{\"@id\":\"https:\\\/\\\/digidem-bayern.de\\\/informationen-ueber-hoerbeeintraechtigungen-aus-dem-nahen-umfeld-und-demenzrisiko\\\/\"},\"wordCount\":436,\"commentCount\":0,\"publisher\":{\"@id\":\"\\\/#organization\"},\"image\":{\"@id\":\"https:\\\/\\\/digidem-bayern.de\\\/informationen-ueber-hoerbeeintraechtigungen-aus-dem-nahen-umfeld-und-demenzrisiko\\\/#primaryimage\"},\"thumbnailUrl\":\"https:\\\/\\\/digidem-bayern.de\\\/wp-content\\\/uploads\\\/2020\\\/01\\\/senior-3336451_1280.jpg\",\"keywords\":[\"Demenz.\",\"digidem\",\"digidem Bayern\",\"Digitales Demenzregister Bayern\",\"H\u00f6rbehinderung\"],\"articleSection\":[\"Wissenschaft &amp; Forschung\"],\"inLanguage\":\"en-US\",\"potentialAction\":[{\"@type\":\"CommentAction\",\"name\":\"Comment\",\"target\":[\"https:\\\/\\\/digidem-bayern.de\\\/informationen-ueber-hoerbeeintraechtigungen-aus-dem-nahen-umfeld-und-demenzrisiko\\\/#respond\"]}]},{\"@type\":\"WebPage\",\"@id\":\"https:\\\/\\\/digidem-bayern.de\\\/informationen-ueber-hoerbeeintraechtigungen-aus-dem-nahen-umfeld-und-demenzrisiko\\\/\",\"url\":\"https:\\\/\\\/digidem-bayern.de\\\/informationen-ueber-hoerbeeintraechtigungen-aus-dem-nahen-umfeld-und-demenzrisiko\\\/\",\"name\":\"H\u00f6ren und Demenz: Welche Rolle spielen Berichte aus dem Umfeld? - digiDEM Bayern\",\"isPartOf\":{\"@id\":\"\\\/#website\"},\"primaryImageOfPage\":{\"@id\":\"https:\\\/\\\/digidem-bayern.de\\\/informationen-ueber-hoerbeeintraechtigungen-aus-dem-nahen-umfeld-und-demenzrisiko\\\/#primaryimage\"},\"image\":{\"@id\":\"https:\\\/\\\/digidem-bayern.de\\\/informationen-ueber-hoerbeeintraechtigungen-aus-dem-nahen-umfeld-und-demenzrisiko\\\/#primaryimage\"},\"thumbnailUrl\":\"https:\\\/\\\/digidem-bayern.de\\\/wp-content\\\/uploads\\\/2020\\\/01\\\/senior-3336451_1280.jpg\",\"datePublished\":\"2020-01-14T10:39:34+00:00\",\"dateModified\":\"2021-02-08T08:30:52+00:00\",\"description\":\"Probleme beim H\u00f6ren zeigen sich bei \u00e4lteren Menschen oft erst allm\u00e4hlich. Eine Studie hat den Zusammenhang zwischen Berichten \u00fcber H\u00f6r-Schwierigkeiten aus dem nahen Umfeld und Demenz untersucht.\",\"breadcrumb\":{\"@id\":\"https:\\\/\\\/digidem-bayern.de\\\/informationen-ueber-hoerbeeintraechtigungen-aus-dem-nahen-umfeld-und-demenzrisiko\\\/#breadcrumb\"},\"inLanguage\":\"en-US\",\"potentialAction\":[{\"@type\":\"ReadAction\",\"target\":[\"https:\\\/\\\/digidem-bayern.de\\\/informationen-ueber-hoerbeeintraechtigungen-aus-dem-nahen-umfeld-und-demenzrisiko\\\/\"]}]},{\"@type\":\"ImageObject\",\"inLanguage\":\"en-US\",\"@id\":\"https:\\\/\\\/digidem-bayern.de\\\/informationen-ueber-hoerbeeintraechtigungen-aus-dem-nahen-umfeld-und-demenzrisiko\\\/#primaryimage\",\"url\":\"https:\\\/\\\/digidem-bayern.de\\\/wp-content\\\/uploads\\\/2020\\\/01\\\/senior-3336451_1280.jpg\",\"contentUrl\":\"https:\\\/\\\/digidem-bayern.de\\\/wp-content\\\/uploads\\\/2020\\\/01\\\/senior-3336451_1280.jpg\",\"width\":1280,\"height\":960,\"caption\":\"\u00c4lteres Paar beim Spaziergang, von hinten.\"},{\"@type\":\"BreadcrumbList\",\"@id\":\"https:\\\/\\\/digidem-bayern.de\\\/informationen-ueber-hoerbeeintraechtigungen-aus-dem-nahen-umfeld-und-demenzrisiko\\\/#breadcrumb\",\"itemListElement\":[{\"@type\":\"ListItem\",\"position\":1,\"name\":\"Startseite\",\"item\":\"https:\\\/\\\/digidem-bayern.de\\\/\"},{\"@type\":\"ListItem\",\"position\":2,\"name\":\"H\u00f6ren und Demenz: Welche Rolle spielen Berichte aus dem Umfeld?\"}]},{\"@type\":\"WebSite\",\"@id\":\"\\\/#website\",\"url\":\"\\\/\",\"name\":\"digiDEM Bayern\",\"description\":\"Das digitale Demenzregister Bayern erforscht und verbessert die Angebotsstuktur f\u00fcr Menschen mit Demenz und deren Angeh\u00f6rige\",\"publisher\":{\"@id\":\"\\\/#organization\"},\"potentialAction\":[{\"@type\":\"SearchAction\",\"target\":{\"@type\":\"EntryPoint\",\"urlTemplate\":\"\\\/?s={search_term_string}\"},\"query-input\":{\"@type\":\"PropertyValueSpecification\",\"valueRequired\":true,\"valueName\":\"search_term_string\"}}],\"inLanguage\":\"en-US\"},{\"@type\":\"Organization\",\"@id\":\"\\\/#organization\",\"name\":\"digiDEM Bayern\",\"url\":\"\\\/\",\"logo\":{\"@type\":\"ImageObject\",\"inLanguage\":\"en-US\",\"@id\":\"\\\/#\\\/schema\\\/logo\\\/image\\\/\",\"url\":\"https:\\\/\\\/digidem-bayern.de\\\/wp-content\\\/uploads\\\/2022\\\/03\\\/cropped-Allgemeines_digiDEMLOGO-removebg-preview.png\",\"contentUrl\":\"https:\\\/\\\/digidem-bayern.de\\\/wp-content\\\/uploads\\\/2022\\\/03\\\/cropped-Allgemeines_digiDEMLOGO-removebg-preview.png\",\"width\":612,\"height\":357,\"caption\":\"digiDEM Bayern\"},\"image\":{\"@id\":\"\\\/#\\\/schema\\\/logo\\\/image\\\/\"},\"sameAs\":[\"https:\\\/\\\/www.facebook.com\\\/digiDEMBayern\\\/\",\"https:\\\/\\\/x.com\\\/digidem_bayern\",\"https:\\\/\\\/www.instagram.com\\\/digidem.bayern\",\"https:\\\/\\\/www.linkedin.com\\\/company\\\/digidem-bayern\\\/\"]},{\"@type\":\"Person\",\"@id\":\"\\\/#\\\/schema\\\/person\\\/92754ad381f49b3c358d1d8d2c4f90b8\",\"name\":\"Michael Zeiler\",\"url\":\"https:\\\/\\\/digidem-bayern.de\\\/en\\\/author\\\/michael-zeiler\\\/\"}]}<\/script>\n<!-- \/ Yoast SEO plugin. -->","yoast_head_json":{"title":"H\u00f6ren und Demenz: Welche Rolle spielen Berichte aus dem Umfeld? - digiDEM Bayern","description":"Probleme beim H\u00f6ren zeigen sich bei \u00e4lteren Menschen oft erst allm\u00e4hlich. Eine Studie hat den Zusammenhang zwischen Berichten \u00fcber H\u00f6r-Schwierigkeiten aus dem nahen Umfeld und Demenz untersucht.","robots":{"index":"index","follow":"follow","max-snippet":"max-snippet:-1","max-image-preview":"max-image-preview:large","max-video-preview":"max-video-preview:-1"},"canonical":"https:\/\/digidem-bayern.de\/en\/informationen-ueber-hoerbeeintraechtigungen-aus-dem-nahen-umfeld-und-demenzrisiko\/","og_locale":"en_US","og_type":"article","og_title":"H\u00f6ren und Demenz: Welche Rolle spielen Berichte aus dem Umfeld? - digiDEM Bayern","og_description":"Probleme beim H\u00f6ren zeigen sich bei \u00e4lteren Menschen oft erst allm\u00e4hlich. Eine Studie hat den Zusammenhang zwischen Berichten \u00fcber H\u00f6r-Schwierigkeiten aus dem nahen Umfeld und Demenz untersucht.","og_url":"https:\/\/digidem-bayern.de\/en\/informationen-ueber-hoerbeeintraechtigungen-aus-dem-nahen-umfeld-und-demenzrisiko\/","og_site_name":"digiDEM Bayern","article_publisher":"https:\/\/www.facebook.com\/digiDEMBayern\/","article_published_time":"2020-01-14T10:39:34+00:00","article_modified_time":"2021-02-08T08:30:52+00:00","og_image":[{"width":1280,"height":960,"url":"https:\/\/digidem-bayern.de\/wp-content\/uploads\/2020\/01\/senior-3336451_1280.jpg","type":"image\/jpeg"}],"author":"Michael Zeiler","twitter_misc":{"Written by":"Michael Zeiler","Est. reading time":"2 minutes"},"schema":{"@context":"https:\/\/schema.org","@graph":[{"@type":"Article","@id":"https:\/\/digidem-bayern.de\/informationen-ueber-hoerbeeintraechtigungen-aus-dem-nahen-umfeld-und-demenzrisiko\/#article","isPartOf":{"@id":"https:\/\/digidem-bayern.de\/informationen-ueber-hoerbeeintraechtigungen-aus-dem-nahen-umfeld-und-demenzrisiko\/"},"author":{"name":"Michael Zeiler","@id":"\/#\/schema\/person\/92754ad381f49b3c358d1d8d2c4f90b8"},"headline":"H\u00f6ren und Demenz: Welche Rolle spielen Berichte aus dem Umfeld?","datePublished":"2020-01-14T10:39:34+00:00","dateModified":"2021-02-08T08:30:52+00:00","mainEntityOfPage":{"@id":"https:\/\/digidem-bayern.de\/informationen-ueber-hoerbeeintraechtigungen-aus-dem-nahen-umfeld-und-demenzrisiko\/"},"wordCount":436,"commentCount":0,"publisher":{"@id":"\/#organization"},"image":{"@id":"https:\/\/digidem-bayern.de\/informationen-ueber-hoerbeeintraechtigungen-aus-dem-nahen-umfeld-und-demenzrisiko\/#primaryimage"},"thumbnailUrl":"https:\/\/digidem-bayern.de\/wp-content\/uploads\/2020\/01\/senior-3336451_1280.jpg","keywords":["Demenz.","digidem","digidem Bayern","Digitales Demenzregister Bayern","H\u00f6rbehinderung"],"articleSection":["Wissenschaft &amp; Forschung"],"inLanguage":"en-US","potentialAction":[{"@type":"CommentAction","name":"Comment","target":["https:\/\/digidem-bayern.de\/informationen-ueber-hoerbeeintraechtigungen-aus-dem-nahen-umfeld-und-demenzrisiko\/#respond"]}]},{"@type":"WebPage","@id":"https:\/\/digidem-bayern.de\/informationen-ueber-hoerbeeintraechtigungen-aus-dem-nahen-umfeld-und-demenzrisiko\/","url":"https:\/\/digidem-bayern.de\/informationen-ueber-hoerbeeintraechtigungen-aus-dem-nahen-umfeld-und-demenzrisiko\/","name":"H\u00f6ren und Demenz: Welche Rolle spielen Berichte aus dem Umfeld? - digiDEM Bayern","isPartOf":{"@id":"\/#website"},"primaryImageOfPage":{"@id":"https:\/\/digidem-bayern.de\/informationen-ueber-hoerbeeintraechtigungen-aus-dem-nahen-umfeld-und-demenzrisiko\/#primaryimage"},"image":{"@id":"https:\/\/digidem-bayern.de\/informationen-ueber-hoerbeeintraechtigungen-aus-dem-nahen-umfeld-und-demenzrisiko\/#primaryimage"},"thumbnailUrl":"https:\/\/digidem-bayern.de\/wp-content\/uploads\/2020\/01\/senior-3336451_1280.jpg","datePublished":"2020-01-14T10:39:34+00:00","dateModified":"2021-02-08T08:30:52+00:00","description":"Probleme beim H\u00f6ren zeigen sich bei \u00e4lteren Menschen oft erst allm\u00e4hlich. Eine Studie hat den Zusammenhang zwischen Berichten \u00fcber H\u00f6r-Schwierigkeiten aus dem nahen Umfeld und Demenz untersucht.","breadcrumb":{"@id":"https:\/\/digidem-bayern.de\/informationen-ueber-hoerbeeintraechtigungen-aus-dem-nahen-umfeld-und-demenzrisiko\/#breadcrumb"},"inLanguage":"en-US","potentialAction":[{"@type":"ReadAction","target":["https:\/\/digidem-bayern.de\/informationen-ueber-hoerbeeintraechtigungen-aus-dem-nahen-umfeld-und-demenzrisiko\/"]}]},{"@type":"ImageObject","inLanguage":"en-US","@id":"https:\/\/digidem-bayern.de\/informationen-ueber-hoerbeeintraechtigungen-aus-dem-nahen-umfeld-und-demenzrisiko\/#primaryimage","url":"https:\/\/digidem-bayern.de\/wp-content\/uploads\/2020\/01\/senior-3336451_1280.jpg","contentUrl":"https:\/\/digidem-bayern.de\/wp-content\/uploads\/2020\/01\/senior-3336451_1280.jpg","width":1280,"height":960,"caption":"\u00c4lteres Paar beim Spaziergang, von hinten."},{"@type":"BreadcrumbList","@id":"https:\/\/digidem-bayern.de\/informationen-ueber-hoerbeeintraechtigungen-aus-dem-nahen-umfeld-und-demenzrisiko\/#breadcrumb","itemListElement":[{"@type":"ListItem","position":1,"name":"Startseite","item":"https:\/\/digidem-bayern.de\/"},{"@type":"ListItem","position":2,"name":"H\u00f6ren und Demenz: Welche Rolle spielen Berichte aus dem Umfeld?"}]},{"@type":"WebSite","@id":"\/#website","url":"\/","name":"digiDEM Bavaria","description":"The digital dementia register in Bavaria researches and improves the structure of services for people with dementia and their relatives","publisher":{"@id":"\/#organization"},"potentialAction":[{"@type":"SearchAction","target":{"@type":"EntryPoint","urlTemplate":"\/?s={search_term_string}"},"query-input":{"@type":"PropertyValueSpecification","valueRequired":true,"valueName":"search_term_string"}}],"inLanguage":"en-US"},{"@type":"Organization","@id":"\/#organization","name":"digiDEM Bavaria","url":"\/","logo":{"@type":"ImageObject","inLanguage":"en-US","@id":"\/#\/schema\/logo\/image\/","url":"https:\/\/digidem-bayern.de\/wp-content\/uploads\/2022\/03\/cropped-Allgemeines_digiDEMLOGO-removebg-preview.png","contentUrl":"https:\/\/digidem-bayern.de\/wp-content\/uploads\/2022\/03\/cropped-Allgemeines_digiDEMLOGO-removebg-preview.png","width":612,"height":357,"caption":"digiDEM Bayern"},"image":{"@id":"\/#\/schema\/logo\/image\/"},"sameAs":["https:\/\/www.facebook.com\/digiDEMBayern\/","https:\/\/x.com\/digidem_bayern","https:\/\/www.instagram.com\/digidem.bayern","https:\/\/www.linkedin.com\/company\/digidem-bayern\/"]},{"@type":"Person","@id":"\/#\/schema\/person\/92754ad381f49b3c358d1d8d2c4f90b8","name":"Michael Zeiler","url":"https:\/\/digidem-bayern.de\/en\/author\/michael-zeiler\/"}]}},"uagb_featured_image_src":{"full":["https:\/\/digidem-bayern.de\/wp-content\/uploads\/2020\/01\/senior-3336451_1280.jpg",1280,960,false],"thumbnail":["https:\/\/digidem-bayern.de\/wp-content\/uploads\/2020\/01\/senior-3336451_1280-80x80.jpg",80,80,true],"medium":["https:\/\/digidem-bayern.de\/wp-content\/uploads\/2020\/01\/senior-3336451_1280-300x225.jpg",300,225,true],"medium_large":["https:\/\/digidem-bayern.de\/wp-content\/uploads\/2020\/01\/senior-3336451_1280-768x576.jpg",768,576,true],"large":["https:\/\/digidem-bayern.de\/wp-content\/uploads\/2020\/01\/senior-3336451_1280-1030x773.jpg",1030,773,true],"1536x1536":["https:\/\/digidem-bayern.de\/wp-content\/uploads\/2020\/01\/senior-3336451_1280.jpg",1280,960,false],"2048x2048":["https:\/\/digidem-bayern.de\/wp-content\/uploads\/2020\/01\/senior-3336451_1280.jpg",1280,960,false],"trp-custom-language-flag":["https:\/\/digidem-bayern.de\/wp-content\/uploads\/2020\/01\/senior-3336451_1280.jpg",16,12,false],"qubely_landscape":["https:\/\/digidem-bayern.de\/wp-content\/uploads\/2020\/01\/senior-3336451_1280-1200x750.jpg",1200,750,true],"qubely_portrait":["https:\/\/digidem-bayern.de\/wp-content\/uploads\/2020\/01\/senior-3336451_1280-540x320.jpg",540,320,true],"qubely_thumbnail":["https:\/\/digidem-bayern.de\/wp-content\/uploads\/2020\/01\/senior-3336451_1280-140x100.jpg",140,100,true],"post-thumbnail":["https:\/\/digidem-bayern.de\/wp-content\/uploads\/2020\/01\/senior-3336451_1280-467x350.jpg",467,350,true],"kahuna-featured":["https:\/\/digidem-bayern.de\/wp-content\/uploads\/2020\/01\/senior-3336451_1280-495x350.jpg",495,350,true],"kahuna-featured-lp":["https:\/\/digidem-bayern.de\/wp-content\/uploads\/2020\/01\/senior-3336451_1280-690x350.jpg",520,264,true],"kahuna-featured-half":["https:\/\/digidem-bayern.de\/wp-content\/uploads\/2020\/01\/senior-3336451_1280-800x350.jpg",800,350,true],"kahuna-featured-third":["https:\/\/digidem-bayern.de\/wp-content\/uploads\/2020\/01\/senior-3336451_1280-512x350.jpg",512,350,true],"kahuna-lpbox-1":["https:\/\/digidem-bayern.de\/wp-content\/uploads\/2020\/01\/senior-3336451_1280-460x350.jpg",394,300,true],"kahuna-lpbox-2":["https:\/\/digidem-bayern.de\/wp-content\/uploads\/2020\/01\/senior-3336451_1280-460x350.jpg",460,350,true],"demand-language-flag":["https:\/\/digidem-bayern.de\/wp-content\/uploads\/2020\/01\/senior-3336451_1280.jpg",36,27,false],"dddkt-language-flag":["https:\/\/digidem-bayern.de\/wp-content\/uploads\/2020\/01\/senior-3336451_1280.jpg",36,27,false],"ddiqc-language-flag":["https:\/\/digidem-bayern.de\/wp-content\/uploads\/2020\/01\/senior-3336451_1280.jpg",36,27,false],"ddtl-language-flag":["https:\/\/digidem-bayern.de\/wp-content\/uploads\/2020\/01\/senior-3336451_1280.jpg",36,27,false],"mailpoet_newsletter_max":["https:\/\/digidem-bayern.de\/wp-content\/uploads\/2020\/01\/senior-3336451_1280.jpg",1280,960,false],"kahuna-lpbox-3":["https:\/\/digidem-bayern.de\/wp-content\/uploads\/2020\/01\/senior-3336451_1280-460x350.jpg",460,350,true],"kahuna-featured-square":["https:\/\/digidem-bayern.de\/wp-content\/uploads\/2020\/01\/senior-3336451_1280-512x512.jpg",512,512,true],"kahuna-featured-square-large":["https:\/\/digidem-bayern.de\/wp-content\/uploads\/2020\/01\/senior-3336451_1280-1024x960.jpg",1024,960,true]},"uagb_author_info":{"display_name":"Michael Zeiler","author_link":"https:\/\/digidem-bayern.de\/en\/author\/michael-zeiler\/"},"uagb_comment_info":0,"uagb_excerpt":"Probleme beim H\u00f6ren zeigen sich bei \u00e4lteren Menschen oft erst allm\u00e4hlich. Um sie selbst wahrnehmen zu k\u00f6nnen, sind ausgepr\u00e4gte kognitive Funktionen erforderlich. Durch den Zusammenhang von kognitiven und H\u00f6rbeeintr\u00e4chtigungen sind diese jedoch zum Teil nicht mehr gegeben. Daher hat eine Studie den Fokus auf H\u00f6r-Schwierigkeiten gelegt, die zum Beispiel von &hellip;","_links":{"self":[{"href":"https:\/\/digidem-bayern.de\/en\/wp-json\/wp\/v2\/posts\/4347","targetHints":{"allow":["GET"]}}],"collection":[{"href":"https:\/\/digidem-bayern.de\/en\/wp-json\/wp\/v2\/posts"}],"about":[{"href":"https:\/\/digidem-bayern.de\/en\/wp-json\/wp\/v2\/types\/post"}],"author":[{"embeddable":true,"href":"https:\/\/digidem-bayern.de\/en\/wp-json\/wp\/v2\/users\/11"}],"replies":[{"embeddable":true,"href":"https:\/\/digidem-bayern.de\/en\/wp-json\/wp\/v2\/comments?post=4347"}],"version-history":[{"count":1,"href":"https:\/\/digidem-bayern.de\/en\/wp-json\/wp\/v2\/posts\/4347\/revisions"}],"predecessor-version":[{"id":10326,"href":"https:\/\/digidem-bayern.de\/en\/wp-json\/wp\/v2\/posts\/4347\/revisions\/10326"}],"wp:featuredmedia":[{"embeddable":true,"href":"https:\/\/digidem-bayern.de\/en\/wp-json\/wp\/v2\/media\/4349"}],"wp:attachment":[{"href":"https:\/\/digidem-bayern.de\/en\/wp-json\/wp\/v2\/media?parent=4347"}],"wp:term":[{"taxonomy":"category","embeddable":true,"href":"https:\/\/digidem-bayern.de\/en\/wp-json\/wp\/v2\/categories?post=4347"},{"taxonomy":"post_tag","embeddable":true,"href":"https:\/\/digidem-bayern.de\/en\/wp-json\/wp\/v2\/tags?post=4347"}],"curies":[{"name":"wp","href":"https:\/\/api.w.org\/{rel}","templated":true}]}}