{"id":43453,"date":"2025-05-22T09:02:00","date_gmt":"2025-05-22T07:02:00","guid":{"rendered":"https:\/\/digidem-bayern.de\/?p=43453"},"modified":"2025-05-22T09:15:47","modified_gmt":"2025-05-22T07:15:47","slug":"luftschadstoffe-praeventiv-reduzieren","status":"publish","type":"post","link":"https:\/\/digidem-bayern.de\/en\/luftschadstoffe-praeventiv-reduzieren\/","title":{"rendered":"Luftschadstoffe pr\u00e4ventiv reduzieren\u00a0"},"content":{"rendered":"<p><strong><strong><strong><strong><strong><strong><strong><strong><strong><strong><strong><strong><strong><strong><strong><strong><strong><strong><strong>Wie wirken sich Luftverschmutzung und Klimawandel in der Zukunft auf die H\u00e4ufigkeit von Demenzneuerkrankungen aus? Dieser Frage gingen Forschende aus Spanien auf den Grund.&nbsp;<\/strong><\/strong><\/strong><\/strong><\/strong><\/strong><\/strong><\/strong><\/strong><\/strong><\/strong><\/strong><\/strong><\/strong><\/strong><\/strong><\/strong><\/strong><\/strong><span style=\"caret-color: rgb(0, 0, 0); color: rgb(0, 0, 0); font-family: -webkit-standard; font-size: medium; white-space: normal;\"><\/span><span style=\"caret-color: rgb(0, 0, 0); color: rgb(0, 0, 0); font-family: -webkit-standard; font-size: medium; white-space: normal;\"><\/span><\/p>\n\n\n\n<p>Luftverschmutzung ist ein zentrales Gesundheitsrisiko, das durch den Klimawandel verst\u00e4rkt wird. So zeigten unterschiedliche Studien Zusammenh\u00e4nge zwischen Schadstoffen wie zum Beispiel Feinstaub und Stickstoffdioxid und Alzheimer auf. Angesichts einer alternden Bev\u00f6lkerung in Europa \u2013 bis 2060 k\u00f6nnte ein Drittel aller Europ\u00e4er \u00fcber 65 Jahre alt sein \u2013 wird dies zunehmend relevant.<strong><\/strong><\/p>\n\n\n\n<p>Dennoch sind wissenschaftliche Erkenntnisse zum Einfluss von Luftschadstoffen auf Demenzerkrankungen begrenzt. Der Klimawandel kann die Konzentrationen und Dynamik von Luftschadstoffen ver\u00e4ndern \u2013 doch die m\u00f6glichen Auswirkungen des Klimawandels auf neurodegenerative Erkrankungen wurden bislang noch nicht untersucht. Dies war f\u00fcr die Forschenden aus Spanien wesentlich, dieser zentralen Frage auf den Grund zu gehen.&nbsp;<strong><\/strong><\/p>\n\n\n<div class=\"wp-block-image\">\n<figure class=\"alignright size-full is-resized\"><img loading=\"lazy\" decoding=\"async\" width=\"1000\" height=\"667\" src=\"https:\/\/digidem-bayern.de\/wp-content\/uploads\/2025\/05\/04-Luftschadstoffe-reduzieren-shutterstock_2296284683.jpg\" alt=\"Luftverschmutzung ist ein zentrales Gesundheitsrisiko, das durch den Klimawandel verst\u00e4rkt wird. Hauptverantwortlich f\u00fcr die Belastung sind Stickstoffdioxid, eine chemische Verbindung, und Feinstaub, wobei Stickstoffdioxid ein h\u00f6heres Demenzrisiko darstellt.\" class=\"wp-image-43462\" style=\"width:491px;height:auto\" srcset=\"https:\/\/digidem-bayern.de\/wp-content\/uploads\/2025\/05\/04-Luftschadstoffe-reduzieren-shutterstock_2296284683.jpg 1000w, https:\/\/digidem-bayern.de\/wp-content\/uploads\/2025\/05\/04-Luftschadstoffe-reduzieren-shutterstock_2296284683-300x200.jpg 300w, https:\/\/digidem-bayern.de\/wp-content\/uploads\/2025\/05\/04-Luftschadstoffe-reduzieren-shutterstock_2296284683-768x512.jpg 768w, https:\/\/digidem-bayern.de\/wp-content\/uploads\/2025\/05\/04-Luftschadstoffe-reduzieren-shutterstock_2296284683-525x350.jpg 525w\" sizes=\"auto, (max-width: 1000px) 100vw, 1000px\" \/><figcaption class=\"wp-element-caption\">Foto: Shutterstock<\/figcaption><\/figure>\n<\/div>\n\n\n<p><strong>Belastung durch Stickstoffdioxid und Feinstaub am gr\u00f6\u00dften<\/strong><strong><\/strong><\/p>\n\n\n\n<p>Zun\u00e4chst bewerteten sie den Zusammenhang zwischen Luftverschmutzung und der&nbsp;H\u00e4ufigkeit von Alzheimer-Erkrankungen und von nicht n\u00e4her bezeichneten Demenzen f\u00fcr den Klimazeitraum von 1991 bis 2010. In einem weiteren Schritt entwarfen sie ein Zukunftsszenario, wie sich die H\u00e4ufigkeit der Demenzneuerkrankungen zwischen 2031 und 2050 gestalten k\u00f6nnte.&nbsp;<strong><\/strong><\/p>\n\n\n\n<p>So sind in Europa aktuell gesch\u00e4tzt j\u00e4hrlich 498.000 neu auftretende F\u00e4lle von Alzheimer-Erkrankungen und 314.000 neu auftretende F\u00e4lle von nicht n\u00e4her bezeichneten Demenzen auf Luftverschmutzung zur\u00fcckzuf\u00fchren. Hauptverantwortlich f\u00fcr die Belastung sind Stickstoffdioxid, eine chemische Verbindung, und Feinstaub, wobei Stickstoffdioxid ein h\u00f6heres Demenzrisiko darstellt.<strong><\/strong><\/p>\n\n\n\n<p><strong>Zukunftsprogose bis 2025<\/strong><strong><\/strong><\/p>\n\n\n\n<p>Demgegen\u00fcber lautet die&nbsp;Zukunftsprognose bis 2050,&nbsp;dass die&nbsp;Neuerkrankungsrate pro Jahr um 72 Prozent \u2013 auf 860.000 neue Alzheimer- und 541.000 neue nicht n\u00e4her bezeichnete Demenzf\u00e4lle \u2013 steigen wird. Nach Aussage der Forschenden deuten ihre Ergebnisse darauf hin, dass 4,8 Prozent dieser sogenannten Gesamtinzidenzrate von Alzheimer in der Gegenwart und 9,7 Prozent in der Zukunft auf die Belastung durch Luftverschmutzung zur\u00fcckzuf\u00fchren sein k\u00f6nnten. Gleichzeitig betonen die Autoren, dass diese zuk\u00fcnftigen Neuerkrankungsraten im Wesentlichen auch durch eine alternde Bev\u00f6lkerung verursacht werden: Bis 2050 wird ein Drittel der EU-Bev\u00f6lkerung \u00fcber 65 Jahre alt sein.<strong><\/strong><\/p>\n\n\n\n<p><strong>Auch Deutschland stark betroffen<\/strong><\/p>\n\n\n\n<p>Ob in der Gegenwart oder in der Zukunft: Als Gebiete, die in Europa am st\u00e4rksten betroffen sind, gelten unter anderem die mittel- und westeurop\u00e4ischen L\u00e4nder wie&nbsp;Deutschland, die Niederlande, Frankreich und England. In diesen Regionen treffen hohe Schadstoffwerte auf eine hohe Bev\u00f6lkerungsdichte. Durch den demografischen Wandel werden diese L\u00e4nder auch in Zukunft mit am st\u00e4rksten betroffen sein, auch im Falle sinkender Luftverschmutzung. Umso wichtiger sei es, so die Autorinnen und Autoren, die die Belastung durch Luftschadstoffe zu verringern und pr\u00e4ventiv Gesundheitsstrategien zu entwickeln und umzusetzen.<\/p>\n\n\n\n<p><strong>Tipp f\u00fcr die Praxis:<\/strong>&nbsp;Eine verschmutzte Luft kann das Demenzrisiko erh\u00f6hen. Deshalb sollten Sie versuchen, sich vor Schadstoffen wie Feinstaub bestm\u00f6glich zu sch\u00fctzen, zum Beispiel durch Luftfilter gegen Feinstaub in Wohnr\u00e4umen oder der Vermeidung zus\u00e4tzlicher Schadstoffquellen wie Zigaretten oder Kamin\u00f6fen in Innenr\u00e4umen.<span style=\"caret-color: rgb(0, 0, 0); color: rgb(0, 0, 0); font-family: -webkit-standard; font-size: medium; white-space: normal;\"><\/span><\/p>\n\n\n\n<p>Hier geht&#8217;s zur Studie:<\/p>\n\n\n\n<p><a href=\"https:\/\/www.sciencedirect.com\/science\/article\/pii\/S0013935121013074\">Effects of air pollution on dementia over Europe for present and future climate change scenarios<\/a><\/p>\n\n\n\n<p><\/p>\n\n\n\n<p><\/p>\n\n\n\n<p><\/p>\n\n\n\n<p><\/p>\n\n\n\n<p><\/p>\n\n\n\n<p><\/p>\n\n\n\n<div style=\"height:20px\" aria-hidden=\"true\" class=\"wp-block-spacer\"><\/div>\n\n\n\n<p><\/p>","protected":false},"excerpt":{"rendered":"<p>Wie wirken sich Luftverschmutzung und Klimawandel in der Zukunft auf die H\u00e4ufigkeit von Demenzneuerkrankungen aus? Dieser Frage gingen Forschende aus Spanien auf den Grund.&nbsp; Luftverschmutzung ist ein zentrales Gesundheitsrisiko, das durch den Klimawandel verst\u00e4rkt wird. So zeigten unterschiedliche Studien Zusammenh\u00e4nge zwischen Schadstoffen wie zum Beispiel Feinstaub und Stickstoffdioxid und Alzheimer &hellip;<\/p>","protected":false},"author":12,"featured_media":43462,"comment_status":"open","ping_status":"closed","sticky":false,"template":"","format":"standard","meta":{"qubely_global_settings":"","qubely_interactions":"","_uag_custom_page_level_css":"","footnotes":""},"categories":[8,5],"tags":[13,406,1570,12,112,1433,177,1576,14,17,55,98,1562,1573,1574,757,1572,1568,1566,97,118,196,1569,104,1563,1571,1547,1564,1565,1575],"class_list":["post-43453","post","type-post","status-publish","format-standard","has-post-thumbnail","hentry","category-aktuelles-zu-digidem","category-wissenschaft-forschung","tag-alzheimer","tag-alzheimer-demenz","tag-autoabgase","tag-demenz-2","tag-demenzdiagnose","tag-demenzerkrankungen","tag-demenzrisiko","tag-deutschland","tag-digidem","tag-digidem-bayern","tag-digitales-demenzregister-bayern","tag-feinstaub","tag-feinstaubbelastung","tag-gruenflaechen","tag-klimawandel","tag-kognition","tag-kohlenmonoxid","tag-lancet-commission","tag-luftqualitaet","tag-luftverschmutzung","tag-mci","tag-mild-cognitive-impairment","tag-pestizide","tag-risikofaktoren","tag-schadstoffe","tag-stickoxid","tag-stickstoffdioxid","tag-umweltbelastung","tag-umweltverschmutzung","tag-zukunftsprognose"],"qubely_featured_image_url":{"full":["https:\/\/digidem-bayern.de\/wp-content\/uploads\/2025\/05\/04-Luftschadstoffe-reduzieren-shutterstock_2296284683.jpg",1000,667,false],"landscape":["https:\/\/digidem-bayern.de\/wp-content\/uploads\/2025\/05\/04-Luftschadstoffe-reduzieren-shutterstock_2296284683.jpg",1000,667,false],"portraits":["https:\/\/digidem-bayern.de\/wp-content\/uploads\/2025\/05\/04-Luftschadstoffe-reduzieren-shutterstock_2296284683-540x320.jpg",540,320,true],"thumbnail":["https:\/\/digidem-bayern.de\/wp-content\/uploads\/2025\/05\/04-Luftschadstoffe-reduzieren-shutterstock_2296284683-80x80.jpg",80,80,true],"medium":["https:\/\/digidem-bayern.de\/wp-content\/uploads\/2025\/05\/04-Luftschadstoffe-reduzieren-shutterstock_2296284683-300x200.jpg",300,200,true],"medium_large":["https:\/\/digidem-bayern.de\/wp-content\/uploads\/2025\/05\/04-Luftschadstoffe-reduzieren-shutterstock_2296284683-768x512.jpg",768,512,true],"large":["https:\/\/digidem-bayern.de\/wp-content\/uploads\/2025\/05\/04-Luftschadstoffe-reduzieren-shutterstock_2296284683.jpg",1000,667,false],"1536x1536":["https:\/\/digidem-bayern.de\/wp-content\/uploads\/2025\/05\/04-Luftschadstoffe-reduzieren-shutterstock_2296284683.jpg",1000,667,false],"2048x2048":["https:\/\/digidem-bayern.de\/wp-content\/uploads\/2025\/05\/04-Luftschadstoffe-reduzieren-shutterstock_2296284683.jpg",1000,667,false],"trp-custom-language-flag":["https:\/\/digidem-bayern.de\/wp-content\/uploads\/2025\/05\/04-Luftschadstoffe-reduzieren-shutterstock_2296284683.jpg",18,12,false],"qubely_landscape":["https:\/\/digidem-bayern.de\/wp-content\/uploads\/2025\/05\/04-Luftschadstoffe-reduzieren-shutterstock_2296284683.jpg",1000,667,false],"qubely_portrait":["https:\/\/digidem-bayern.de\/wp-content\/uploads\/2025\/05\/04-Luftschadstoffe-reduzieren-shutterstock_2296284683-540x320.jpg",540,320,true],"qubely_thumbnail":["https:\/\/digidem-bayern.de\/wp-content\/uploads\/2025\/05\/04-Luftschadstoffe-reduzieren-shutterstock_2296284683-140x100.jpg",140,100,true],"post-thumbnail":["https:\/\/digidem-bayern.de\/wp-content\/uploads\/2025\/05\/04-Luftschadstoffe-reduzieren-shutterstock_2296284683-525x350.jpg",525,350,true],"kahuna-featured":["https:\/\/digidem-bayern.de\/wp-content\/uploads\/2025\/05\/04-Luftschadstoffe-reduzieren-shutterstock_2296284683-734x350.jpg",734,350,true],"kahuna-featured-lp":["https:\/\/digidem-bayern.de\/wp-content\/uploads\/2025\/05\/04-Luftschadstoffe-reduzieren-shutterstock_2296284683-520x350.jpg",520,350,true],"kahuna-featured-half":["https:\/\/digidem-bayern.de\/wp-content\/uploads\/2025\/05\/04-Luftschadstoffe-reduzieren-shutterstock_2296284683-800x350.jpg",800,350,true],"kahuna-featured-third":["https:\/\/digidem-bayern.de\/wp-content\/uploads\/2025\/05\/04-Luftschadstoffe-reduzieren-shutterstock_2296284683-512x350.jpg",512,350,true],"kahuna-lpbox-1":["https:\/\/digidem-bayern.de\/wp-content\/uploads\/2025\/05\/04-Luftschadstoffe-reduzieren-shutterstock_2296284683-520x300.jpg",520,300,true],"kahuna-lpbox-2":["https:\/\/digidem-bayern.de\/wp-content\/uploads\/2025\/05\/04-Luftschadstoffe-reduzieren-shutterstock_2296284683-520x350.jpg",520,350,true],"demand-language-flag":["https:\/\/digidem-bayern.de\/wp-content\/uploads\/2025\/05\/04-Luftschadstoffe-reduzieren-shutterstock_2296284683-36x36.jpg",36,36,true],"dddkt-language-flag":["https:\/\/digidem-bayern.de\/wp-content\/uploads\/2025\/05\/04-Luftschadstoffe-reduzieren-shutterstock_2296284683-36x36.jpg",36,36,true],"ddiqc-language-flag":["https:\/\/digidem-bayern.de\/wp-content\/uploads\/2025\/05\/04-Luftschadstoffe-reduzieren-shutterstock_2296284683-36x36.jpg",36,36,true],"ddtl-language-flag":["https:\/\/digidem-bayern.de\/wp-content\/uploads\/2025\/05\/04-Luftschadstoffe-reduzieren-shutterstock_2296284683-36x36.jpg",36,36,true],"mailpoet_newsletter_max":["https:\/\/digidem-bayern.de\/wp-content\/uploads\/2025\/05\/04-Luftschadstoffe-reduzieren-shutterstock_2296284683.jpg",1000,667,false],"kahuna-lpbox-3":["https:\/\/digidem-bayern.de\/wp-content\/uploads\/2025\/05\/04-Luftschadstoffe-reduzieren-shutterstock_2296284683-520x350.jpg",520,350,true],"kahuna-featured-square":["https:\/\/digidem-bayern.de\/wp-content\/uploads\/2025\/05\/04-Luftschadstoffe-reduzieren-shutterstock_2296284683-512x512.jpg",512,512,true],"kahuna-featured-square-large":["https:\/\/digidem-bayern.de\/wp-content\/uploads\/2025\/05\/04-Luftschadstoffe-reduzieren-shutterstock_2296284683.jpg",1000,667,false]},"qubely_author":{"display_name":"Ilona H\u00f6rath","author_link":"https:\/\/digidem-bayern.de\/en\/author\/hoeratia\/"},"qubely_comment":33,"qubely_category":"<a href=\"https:\/\/digidem-bayern.de\/en\/category\/aktuelles-zu-digidem\/\" rel=\"category tag\">Aktuelles zu digiDEM<\/a> <a href=\"https:\/\/digidem-bayern.de\/en\/category\/wissenschaft-forschung\/\" rel=\"category tag\">Wissenschaft &amp; Forschung<\/a>","qubely_excerpt":"Wie wirken sich Luftverschmutzung und Klimawandel in der Zukunft auf die H\u00e4ufigkeit von Demenzneuerkrankungen aus? Dieser Frage gingen Forschende aus Spanien auf den Grund.&nbsp; Luftverschmutzung ist ein zentrales Gesundheitsrisiko, das durch den Klimawandel verst\u00e4rkt wird. So zeigten unterschiedliche Studien Zusammenh\u00e4nge zwischen Schadstoffen wie zum Beispiel Feinstaub und Stickstoffdioxid und Alzheimer &hellip;","featured_image_urls_v2":{"full":["https:\/\/digidem-bayern.de\/wp-content\/uploads\/2025\/05\/04-Luftschadstoffe-reduzieren-shutterstock_2296284683.jpg",1000,667,false],"thumbnail":["https:\/\/digidem-bayern.de\/wp-content\/uploads\/2025\/05\/04-Luftschadstoffe-reduzieren-shutterstock_2296284683-80x80.jpg",80,80,true],"medium":["https:\/\/digidem-bayern.de\/wp-content\/uploads\/2025\/05\/04-Luftschadstoffe-reduzieren-shutterstock_2296284683-300x200.jpg",300,200,true],"medium_large":["https:\/\/digidem-bayern.de\/wp-content\/uploads\/2025\/05\/04-Luftschadstoffe-reduzieren-shutterstock_2296284683-768x512.jpg",768,512,true],"large":["https:\/\/digidem-bayern.de\/wp-content\/uploads\/2025\/05\/04-Luftschadstoffe-reduzieren-shutterstock_2296284683.jpg",1000,667,false],"1536x1536":["https:\/\/digidem-bayern.de\/wp-content\/uploads\/2025\/05\/04-Luftschadstoffe-reduzieren-shutterstock_2296284683.jpg",1000,667,false],"2048x2048":["https:\/\/digidem-bayern.de\/wp-content\/uploads\/2025\/05\/04-Luftschadstoffe-reduzieren-shutterstock_2296284683.jpg",1000,667,false],"trp-custom-language-flag":["https:\/\/digidem-bayern.de\/wp-content\/uploads\/2025\/05\/04-Luftschadstoffe-reduzieren-shutterstock_2296284683.jpg",18,12,false],"qubely_landscape":["https:\/\/digidem-bayern.de\/wp-content\/uploads\/2025\/05\/04-Luftschadstoffe-reduzieren-shutterstock_2296284683.jpg",1000,667,false],"qubely_portrait":["https:\/\/digidem-bayern.de\/wp-content\/uploads\/2025\/05\/04-Luftschadstoffe-reduzieren-shutterstock_2296284683-540x320.jpg",540,320,true],"qubely_thumbnail":["https:\/\/digidem-bayern.de\/wp-content\/uploads\/2025\/05\/04-Luftschadstoffe-reduzieren-shutterstock_2296284683-140x100.jpg",140,100,true],"post-thumbnail":["https:\/\/digidem-bayern.de\/wp-content\/uploads\/2025\/05\/04-Luftschadstoffe-reduzieren-shutterstock_2296284683-525x350.jpg",525,350,true],"kahuna-featured":["https:\/\/digidem-bayern.de\/wp-content\/uploads\/2025\/05\/04-Luftschadstoffe-reduzieren-shutterstock_2296284683-734x350.jpg",734,350,true],"kahuna-featured-lp":["https:\/\/digidem-bayern.de\/wp-content\/uploads\/2025\/05\/04-Luftschadstoffe-reduzieren-shutterstock_2296284683-520x350.jpg",520,350,true],"kahuna-featured-half":["https:\/\/digidem-bayern.de\/wp-content\/uploads\/2025\/05\/04-Luftschadstoffe-reduzieren-shutterstock_2296284683-800x350.jpg",800,350,true],"kahuna-featured-third":["https:\/\/digidem-bayern.de\/wp-content\/uploads\/2025\/05\/04-Luftschadstoffe-reduzieren-shutterstock_2296284683-512x350.jpg",512,350,true],"kahuna-lpbox-1":["https:\/\/digidem-bayern.de\/wp-content\/uploads\/2025\/05\/04-Luftschadstoffe-reduzieren-shutterstock_2296284683-520x300.jpg",520,300,true],"kahuna-lpbox-2":["https:\/\/digidem-bayern.de\/wp-content\/uploads\/2025\/05\/04-Luftschadstoffe-reduzieren-shutterstock_2296284683-520x350.jpg",520,350,true],"demand-language-flag":["https:\/\/digidem-bayern.de\/wp-content\/uploads\/2025\/05\/04-Luftschadstoffe-reduzieren-shutterstock_2296284683-36x36.jpg",36,36,true],"dddkt-language-flag":["https:\/\/digidem-bayern.de\/wp-content\/uploads\/2025\/05\/04-Luftschadstoffe-reduzieren-shutterstock_2296284683-36x36.jpg",36,36,true],"ddiqc-language-flag":["https:\/\/digidem-bayern.de\/wp-content\/uploads\/2025\/05\/04-Luftschadstoffe-reduzieren-shutterstock_2296284683-36x36.jpg",36,36,true],"ddtl-language-flag":["https:\/\/digidem-bayern.de\/wp-content\/uploads\/2025\/05\/04-Luftschadstoffe-reduzieren-shutterstock_2296284683-36x36.jpg",36,36,true],"mailpoet_newsletter_max":["https:\/\/digidem-bayern.de\/wp-content\/uploads\/2025\/05\/04-Luftschadstoffe-reduzieren-shutterstock_2296284683.jpg",1000,667,false],"kahuna-lpbox-3":["https:\/\/digidem-bayern.de\/wp-content\/uploads\/2025\/05\/04-Luftschadstoffe-reduzieren-shutterstock_2296284683-520x350.jpg",520,350,true],"kahuna-featured-square":["https:\/\/digidem-bayern.de\/wp-content\/uploads\/2025\/05\/04-Luftschadstoffe-reduzieren-shutterstock_2296284683-512x512.jpg",512,512,true],"kahuna-featured-square-large":["https:\/\/digidem-bayern.de\/wp-content\/uploads\/2025\/05\/04-Luftschadstoffe-reduzieren-shutterstock_2296284683.jpg",1000,667,false]},"post_excerpt_stackable_v2":"<p>Wie wirken sich Luftverschmutzung und Klimawandel in der Zukunft auf die H\u00e4ufigkeit von Demenzneuerkrankungen aus? Dieser Frage gingen Forschende aus Spanien auf den Grund.&nbsp; Luftverschmutzung ist ein zentrales Gesundheitsrisiko, das durch den Klimawandel verst\u00e4rkt wird. So zeigten unterschiedliche Studien Zusammenh\u00e4nge zwischen Schadstoffen wie zum Beispiel Feinstaub und Stickstoffdioxid und Alzheimer auf. Angesichts einer alternden Bev\u00f6lkerung in Europa \u2013 bis 2060 k\u00f6nnte ein Drittel aller Europ\u00e4er \u00fcber 65 Jahre alt sein \u2013 wird dies zunehmend relevant. Dennoch sind wissenschaftliche Erkenntnisse zum Einfluss von Luftschadstoffen auf Demenzerkrankungen begrenzt. Der Klimawandel kann die Konzentrationen und Dynamik von Luftschadstoffen ver\u00e4ndern \u2013 doch die m\u00f6glichen&hellip;<\/p>\n","category_list_v2":"<a href=\"https:\/\/digidem-bayern.de\/en\/category\/aktuelles-zu-digidem\/\" rel=\"category tag\">Aktuelles zu digiDEM<\/a>, <a href=\"https:\/\/digidem-bayern.de\/en\/category\/wissenschaft-forschung\/\" rel=\"category tag\">Wissenschaft &amp; Forschung<\/a>","author_info_v2":{"name":"Ilona H\u00f6rath","url":"https:\/\/digidem-bayern.de\/en\/author\/hoeratia\/"},"comments_num_v2":"0 comments","yoast_head":"<!-- This site is optimized with the Yoast SEO plugin v27.5 - https:\/\/yoast.com\/product\/yoast-seo-wordpress\/ -->\n<title>Luftschadstoffe pr\u00e4ventiv reduzieren\u00a0 - digiDEM Bayern<\/title>\n<meta name=\"description\" content=\"Der Bayerische Landesapothekerkammer unterst\u00fctzt digiDEM Bayern mit Hilfe des Netzwerks &quot;Demenzfreundliche Apotheken&quot;.\" \/>\n<meta name=\"robots\" content=\"index, follow, max-snippet:-1, max-image-preview:large, max-video-preview:-1\" \/>\n<link rel=\"canonical\" href=\"https:\/\/digidem-bayern.de\/en\/luftschadstoffe-praeventiv-reduzieren\/\" \/>\n<meta property=\"og:locale\" content=\"en_US\" \/>\n<meta property=\"og:type\" content=\"article\" \/>\n<meta property=\"og:title\" content=\"Luftschadstoffe pr\u00e4ventiv reduzieren\u00a0 - digiDEM Bayern\" \/>\n<meta property=\"og:description\" content=\"Der Bayerische Landesapothekerkammer unterst\u00fctzt digiDEM Bayern mit Hilfe des Netzwerks &quot;Demenzfreundliche Apotheken&quot;.\" \/>\n<meta property=\"og:url\" content=\"https:\/\/digidem-bayern.de\/en\/luftschadstoffe-praeventiv-reduzieren\/\" \/>\n<meta property=\"og:site_name\" content=\"digiDEM Bayern\" \/>\n<meta property=\"article:publisher\" content=\"https:\/\/www.facebook.com\/digiDEMBayern\/\" \/>\n<meta property=\"article:published_time\" content=\"2025-05-22T07:02:00+00:00\" \/>\n<meta property=\"article:modified_time\" content=\"2025-05-22T07:15:47+00:00\" \/>\n<meta property=\"og:image\" content=\"https:\/\/digidem-bayern.de\/wp-content\/uploads\/2025\/05\/04-Luftschadstoffe-reduzieren-shutterstock_2296284683.jpg\" \/>\n\t<meta property=\"og:image:width\" content=\"1000\" \/>\n\t<meta property=\"og:image:height\" content=\"667\" \/>\n\t<meta property=\"og:image:type\" content=\"image\/jpeg\" \/>\n<meta name=\"author\" content=\"Ilona H\u00f6rath\" \/>\n<meta name=\"twitter:label1\" content=\"Written by\" \/>\n\t<meta name=\"twitter:data1\" content=\"Ilona H\u00f6rath\" \/>\n\t<meta name=\"twitter:label2\" content=\"Est. reading time\" \/>\n\t<meta name=\"twitter:data2\" content=\"2 minutes\" \/>\n<script type=\"application\/ld+json\" class=\"yoast-schema-graph\">{\"@context\":\"https:\\\/\\\/schema.org\",\"@graph\":[{\"@type\":\"Article\",\"@id\":\"https:\\\/\\\/digidem-bayern.de\\\/luftschadstoffe-praeventiv-reduzieren\\\/#article\",\"isPartOf\":{\"@id\":\"https:\\\/\\\/digidem-bayern.de\\\/luftschadstoffe-praeventiv-reduzieren\\\/\"},\"author\":{\"name\":\"Ilona H\u00f6rath\",\"@id\":\"\\\/#\\\/schema\\\/person\\\/0bc1494f46fc2a051c761322a80e0941\"},\"headline\":\"Luftschadstoffe pr\u00e4ventiv reduzieren\u00a0\",\"datePublished\":\"2025-05-22T07:02:00+00:00\",\"dateModified\":\"2025-05-22T07:15:47+00:00\",\"mainEntityOfPage\":{\"@id\":\"https:\\\/\\\/digidem-bayern.de\\\/luftschadstoffe-praeventiv-reduzieren\\\/\"},\"wordCount\":510,\"commentCount\":0,\"publisher\":{\"@id\":\"\\\/#organization\"},\"image\":{\"@id\":\"https:\\\/\\\/digidem-bayern.de\\\/luftschadstoffe-praeventiv-reduzieren\\\/#primaryimage\"},\"thumbnailUrl\":\"https:\\\/\\\/digidem-bayern.de\\\/wp-content\\\/uploads\\\/2025\\\/05\\\/04-Luftschadstoffe-reduzieren-shutterstock_2296284683.jpg\",\"keywords\":[\"Alzheimer\",\"Alzheimer-Demenz\",\"Autoabgase\",\"Demenz\",\"Demenzdiagnose\",\"Demenzerkrankungen\",\"Demenzrisiko\",\"Deutschland\",\"digidem\",\"digidem Bayern\",\"Digitales Demenzregister Bayern\",\"Feinstaub\",\"Feinstaubbelastung\",\"Gr\u00fcnfl\u00e4chen\",\"Klimawandel\",\"Kognition\",\"Kohlenmonoxid\",\"Lancet Commission\",\"Luftqualit\u00e4t\",\"Luftverschmutzung\",\"MCI\",\"mild cognitive impairment\",\"Pestizide\",\"Risikofaktoren\",\"Schadstoffe\",\"Stickoxid\",\"Stickstoffdioxid\",\"Umweltbelastung\",\"Umweltverschmutzung\",\"Zukunftsprognose\"],\"articleSection\":[\"Aktuelles zu digiDEM\",\"Wissenschaft &amp; Forschung\"],\"inLanguage\":\"en-US\",\"potentialAction\":[{\"@type\":\"CommentAction\",\"name\":\"Comment\",\"target\":[\"https:\\\/\\\/digidem-bayern.de\\\/luftschadstoffe-praeventiv-reduzieren\\\/#respond\"]}]},{\"@type\":\"WebPage\",\"@id\":\"https:\\\/\\\/digidem-bayern.de\\\/luftschadstoffe-praeventiv-reduzieren\\\/\",\"url\":\"https:\\\/\\\/digidem-bayern.de\\\/luftschadstoffe-praeventiv-reduzieren\\\/\",\"name\":\"Luftschadstoffe pr\u00e4ventiv reduzieren\u00a0 - digiDEM Bayern\",\"isPartOf\":{\"@id\":\"\\\/#website\"},\"primaryImageOfPage\":{\"@id\":\"https:\\\/\\\/digidem-bayern.de\\\/luftschadstoffe-praeventiv-reduzieren\\\/#primaryimage\"},\"image\":{\"@id\":\"https:\\\/\\\/digidem-bayern.de\\\/luftschadstoffe-praeventiv-reduzieren\\\/#primaryimage\"},\"thumbnailUrl\":\"https:\\\/\\\/digidem-bayern.de\\\/wp-content\\\/uploads\\\/2025\\\/05\\\/04-Luftschadstoffe-reduzieren-shutterstock_2296284683.jpg\",\"datePublished\":\"2025-05-22T07:02:00+00:00\",\"dateModified\":\"2025-05-22T07:15:47+00:00\",\"description\":\"Der Bayerische Landesapothekerkammer unterst\u00fctzt digiDEM Bayern mit Hilfe des Netzwerks \\\"Demenzfreundliche Apotheken\\\".\",\"breadcrumb\":{\"@id\":\"https:\\\/\\\/digidem-bayern.de\\\/luftschadstoffe-praeventiv-reduzieren\\\/#breadcrumb\"},\"inLanguage\":\"en-US\",\"potentialAction\":[{\"@type\":\"ReadAction\",\"target\":[\"https:\\\/\\\/digidem-bayern.de\\\/luftschadstoffe-praeventiv-reduzieren\\\/\"]}]},{\"@type\":\"ImageObject\",\"inLanguage\":\"en-US\",\"@id\":\"https:\\\/\\\/digidem-bayern.de\\\/luftschadstoffe-praeventiv-reduzieren\\\/#primaryimage\",\"url\":\"https:\\\/\\\/digidem-bayern.de\\\/wp-content\\\/uploads\\\/2025\\\/05\\\/04-Luftschadstoffe-reduzieren-shutterstock_2296284683.jpg\",\"contentUrl\":\"https:\\\/\\\/digidem-bayern.de\\\/wp-content\\\/uploads\\\/2025\\\/05\\\/04-Luftschadstoffe-reduzieren-shutterstock_2296284683.jpg\",\"width\":1000,\"height\":667,\"caption\":\"Foto: Shutterstock\"},{\"@type\":\"BreadcrumbList\",\"@id\":\"https:\\\/\\\/digidem-bayern.de\\\/luftschadstoffe-praeventiv-reduzieren\\\/#breadcrumb\",\"itemListElement\":[{\"@type\":\"ListItem\",\"position\":1,\"name\":\"Startseite\",\"item\":\"https:\\\/\\\/digidem-bayern.de\\\/\"},{\"@type\":\"ListItem\",\"position\":2,\"name\":\"Luftschadstoffe pr\u00e4ventiv reduzieren\u00a0\"}]},{\"@type\":\"WebSite\",\"@id\":\"\\\/#website\",\"url\":\"\\\/\",\"name\":\"digiDEM Bayern\",\"description\":\"Das digitale Demenzregister Bayern erforscht und verbessert die Angebotsstuktur f\u00fcr Menschen mit Demenz und deren Angeh\u00f6rige\",\"publisher\":{\"@id\":\"\\\/#organization\"},\"potentialAction\":[{\"@type\":\"SearchAction\",\"target\":{\"@type\":\"EntryPoint\",\"urlTemplate\":\"\\\/?s={search_term_string}\"},\"query-input\":{\"@type\":\"PropertyValueSpecification\",\"valueRequired\":true,\"valueName\":\"search_term_string\"}}],\"inLanguage\":\"en-US\"},{\"@type\":\"Organization\",\"@id\":\"\\\/#organization\",\"name\":\"digiDEM Bayern\",\"url\":\"\\\/\",\"logo\":{\"@type\":\"ImageObject\",\"inLanguage\":\"en-US\",\"@id\":\"\\\/#\\\/schema\\\/logo\\\/image\\\/\",\"url\":\"https:\\\/\\\/digidem-bayern.de\\\/wp-content\\\/uploads\\\/2022\\\/03\\\/cropped-Allgemeines_digiDEMLOGO-removebg-preview.png\",\"contentUrl\":\"https:\\\/\\\/digidem-bayern.de\\\/wp-content\\\/uploads\\\/2022\\\/03\\\/cropped-Allgemeines_digiDEMLOGO-removebg-preview.png\",\"width\":612,\"height\":357,\"caption\":\"digiDEM Bayern\"},\"image\":{\"@id\":\"\\\/#\\\/schema\\\/logo\\\/image\\\/\"},\"sameAs\":[\"https:\\\/\\\/www.facebook.com\\\/digiDEMBayern\\\/\",\"https:\\\/\\\/x.com\\\/digidem_bayern\",\"https:\\\/\\\/www.instagram.com\\\/digidem.bayern\",\"https:\\\/\\\/www.linkedin.com\\\/company\\\/digidem-bayern\\\/\"]},{\"@type\":\"Person\",\"@id\":\"\\\/#\\\/schema\\\/person\\\/0bc1494f46fc2a051c761322a80e0941\",\"name\":\"Ilona H\u00f6rath\",\"url\":\"https:\\\/\\\/digidem-bayern.de\\\/en\\\/author\\\/hoeratia\\\/\"}]}<\/script>\n<!-- \/ Yoast SEO plugin. -->","yoast_head_json":{"title":"Luftschadstoffe pr\u00e4ventiv reduzieren\u00a0 - digiDEM Bayern","description":"Der Bayerische Landesapothekerkammer unterst\u00fctzt digiDEM Bayern mit Hilfe des Netzwerks \"Demenzfreundliche Apotheken\".","robots":{"index":"index","follow":"follow","max-snippet":"max-snippet:-1","max-image-preview":"max-image-preview:large","max-video-preview":"max-video-preview:-1"},"canonical":"https:\/\/digidem-bayern.de\/en\/luftschadstoffe-praeventiv-reduzieren\/","og_locale":"en_US","og_type":"article","og_title":"Luftschadstoffe pr\u00e4ventiv reduzieren\u00a0 - digiDEM Bayern","og_description":"Der Bayerische Landesapothekerkammer unterst\u00fctzt digiDEM Bayern mit Hilfe des Netzwerks \"Demenzfreundliche Apotheken\".","og_url":"https:\/\/digidem-bayern.de\/en\/luftschadstoffe-praeventiv-reduzieren\/","og_site_name":"digiDEM Bayern","article_publisher":"https:\/\/www.facebook.com\/digiDEMBayern\/","article_published_time":"2025-05-22T07:02:00+00:00","article_modified_time":"2025-05-22T07:15:47+00:00","og_image":[{"width":1000,"height":667,"url":"https:\/\/digidem-bayern.de\/wp-content\/uploads\/2025\/05\/04-Luftschadstoffe-reduzieren-shutterstock_2296284683.jpg","type":"image\/jpeg"}],"author":"Ilona H\u00f6rath","twitter_misc":{"Written by":"Ilona H\u00f6rath","Est. reading time":"2 minutes"},"schema":{"@context":"https:\/\/schema.org","@graph":[{"@type":"Article","@id":"https:\/\/digidem-bayern.de\/luftschadstoffe-praeventiv-reduzieren\/#article","isPartOf":{"@id":"https:\/\/digidem-bayern.de\/luftschadstoffe-praeventiv-reduzieren\/"},"author":{"name":"Ilona H\u00f6rath","@id":"\/#\/schema\/person\/0bc1494f46fc2a051c761322a80e0941"},"headline":"Luftschadstoffe pr\u00e4ventiv reduzieren\u00a0","datePublished":"2025-05-22T07:02:00+00:00","dateModified":"2025-05-22T07:15:47+00:00","mainEntityOfPage":{"@id":"https:\/\/digidem-bayern.de\/luftschadstoffe-praeventiv-reduzieren\/"},"wordCount":510,"commentCount":0,"publisher":{"@id":"\/#organization"},"image":{"@id":"https:\/\/digidem-bayern.de\/luftschadstoffe-praeventiv-reduzieren\/#primaryimage"},"thumbnailUrl":"https:\/\/digidem-bayern.de\/wp-content\/uploads\/2025\/05\/04-Luftschadstoffe-reduzieren-shutterstock_2296284683.jpg","keywords":["Alzheimer","Alzheimer-Demenz","Autoabgase","Demenz","Demenzdiagnose","Demenzerkrankungen","Demenzrisiko","Deutschland","digidem","digidem Bayern","Digitales Demenzregister Bayern","Feinstaub","Feinstaubbelastung","Gr\u00fcnfl\u00e4chen","Klimawandel","Kognition","Kohlenmonoxid","Lancet Commission","Luftqualit\u00e4t","Luftverschmutzung","MCI","mild cognitive impairment","Pestizide","Risikofaktoren","Schadstoffe","Stickoxid","Stickstoffdioxid","Umweltbelastung","Umweltverschmutzung","Zukunftsprognose"],"articleSection":["Aktuelles zu digiDEM","Wissenschaft &amp; Forschung"],"inLanguage":"en-US","potentialAction":[{"@type":"CommentAction","name":"Comment","target":["https:\/\/digidem-bayern.de\/luftschadstoffe-praeventiv-reduzieren\/#respond"]}]},{"@type":"WebPage","@id":"https:\/\/digidem-bayern.de\/luftschadstoffe-praeventiv-reduzieren\/","url":"https:\/\/digidem-bayern.de\/luftschadstoffe-praeventiv-reduzieren\/","name":"Luftschadstoffe pr\u00e4ventiv reduzieren\u00a0 - digiDEM Bayern","isPartOf":{"@id":"\/#website"},"primaryImageOfPage":{"@id":"https:\/\/digidem-bayern.de\/luftschadstoffe-praeventiv-reduzieren\/#primaryimage"},"image":{"@id":"https:\/\/digidem-bayern.de\/luftschadstoffe-praeventiv-reduzieren\/#primaryimage"},"thumbnailUrl":"https:\/\/digidem-bayern.de\/wp-content\/uploads\/2025\/05\/04-Luftschadstoffe-reduzieren-shutterstock_2296284683.jpg","datePublished":"2025-05-22T07:02:00+00:00","dateModified":"2025-05-22T07:15:47+00:00","description":"Der Bayerische Landesapothekerkammer unterst\u00fctzt digiDEM Bayern mit Hilfe des Netzwerks \"Demenzfreundliche Apotheken\".","breadcrumb":{"@id":"https:\/\/digidem-bayern.de\/luftschadstoffe-praeventiv-reduzieren\/#breadcrumb"},"inLanguage":"en-US","potentialAction":[{"@type":"ReadAction","target":["https:\/\/digidem-bayern.de\/luftschadstoffe-praeventiv-reduzieren\/"]}]},{"@type":"ImageObject","inLanguage":"en-US","@id":"https:\/\/digidem-bayern.de\/luftschadstoffe-praeventiv-reduzieren\/#primaryimage","url":"https:\/\/digidem-bayern.de\/wp-content\/uploads\/2025\/05\/04-Luftschadstoffe-reduzieren-shutterstock_2296284683.jpg","contentUrl":"https:\/\/digidem-bayern.de\/wp-content\/uploads\/2025\/05\/04-Luftschadstoffe-reduzieren-shutterstock_2296284683.jpg","width":1000,"height":667,"caption":"Foto: Shutterstock"},{"@type":"BreadcrumbList","@id":"https:\/\/digidem-bayern.de\/luftschadstoffe-praeventiv-reduzieren\/#breadcrumb","itemListElement":[{"@type":"ListItem","position":1,"name":"Startseite","item":"https:\/\/digidem-bayern.de\/"},{"@type":"ListItem","position":2,"name":"Luftschadstoffe pr\u00e4ventiv reduzieren\u00a0"}]},{"@type":"WebSite","@id":"\/#website","url":"\/","name":"digiDEM Bavaria","description":"The digital dementia register in Bavaria researches and improves the structure of services for people with dementia and their relatives","publisher":{"@id":"\/#organization"},"potentialAction":[{"@type":"SearchAction","target":{"@type":"EntryPoint","urlTemplate":"\/?s={search_term_string}"},"query-input":{"@type":"PropertyValueSpecification","valueRequired":true,"valueName":"search_term_string"}}],"inLanguage":"en-US"},{"@type":"Organization","@id":"\/#organization","name":"digiDEM Bavaria","url":"\/","logo":{"@type":"ImageObject","inLanguage":"en-US","@id":"\/#\/schema\/logo\/image\/","url":"https:\/\/digidem-bayern.de\/wp-content\/uploads\/2022\/03\/cropped-Allgemeines_digiDEMLOGO-removebg-preview.png","contentUrl":"https:\/\/digidem-bayern.de\/wp-content\/uploads\/2022\/03\/cropped-Allgemeines_digiDEMLOGO-removebg-preview.png","width":612,"height":357,"caption":"digiDEM Bayern"},"image":{"@id":"\/#\/schema\/logo\/image\/"},"sameAs":["https:\/\/www.facebook.com\/digiDEMBayern\/","https:\/\/x.com\/digidem_bayern","https:\/\/www.instagram.com\/digidem.bayern","https:\/\/www.linkedin.com\/company\/digidem-bayern\/"]},{"@type":"Person","@id":"\/#\/schema\/person\/0bc1494f46fc2a051c761322a80e0941","name":"Ilona H\u00f6rath","url":"https:\/\/digidem-bayern.de\/en\/author\/hoeratia\/"}]}},"uagb_featured_image_src":{"full":["https:\/\/digidem-bayern.de\/wp-content\/uploads\/2025\/05\/04-Luftschadstoffe-reduzieren-shutterstock_2296284683.jpg",1000,667,false],"thumbnail":["https:\/\/digidem-bayern.de\/wp-content\/uploads\/2025\/05\/04-Luftschadstoffe-reduzieren-shutterstock_2296284683-80x80.jpg",80,80,true],"medium":["https:\/\/digidem-bayern.de\/wp-content\/uploads\/2025\/05\/04-Luftschadstoffe-reduzieren-shutterstock_2296284683-300x200.jpg",300,200,true],"medium_large":["https:\/\/digidem-bayern.de\/wp-content\/uploads\/2025\/05\/04-Luftschadstoffe-reduzieren-shutterstock_2296284683-768x512.jpg",768,512,true],"large":["https:\/\/digidem-bayern.de\/wp-content\/uploads\/2025\/05\/04-Luftschadstoffe-reduzieren-shutterstock_2296284683.jpg",1000,667,false],"1536x1536":["https:\/\/digidem-bayern.de\/wp-content\/uploads\/2025\/05\/04-Luftschadstoffe-reduzieren-shutterstock_2296284683.jpg",1000,667,false],"2048x2048":["https:\/\/digidem-bayern.de\/wp-content\/uploads\/2025\/05\/04-Luftschadstoffe-reduzieren-shutterstock_2296284683.jpg",1000,667,false],"trp-custom-language-flag":["https:\/\/digidem-bayern.de\/wp-content\/uploads\/2025\/05\/04-Luftschadstoffe-reduzieren-shutterstock_2296284683.jpg",18,12,false],"qubely_landscape":["https:\/\/digidem-bayern.de\/wp-content\/uploads\/2025\/05\/04-Luftschadstoffe-reduzieren-shutterstock_2296284683.jpg",1000,667,false],"qubely_portrait":["https:\/\/digidem-bayern.de\/wp-content\/uploads\/2025\/05\/04-Luftschadstoffe-reduzieren-shutterstock_2296284683-540x320.jpg",540,320,true],"qubely_thumbnail":["https:\/\/digidem-bayern.de\/wp-content\/uploads\/2025\/05\/04-Luftschadstoffe-reduzieren-shutterstock_2296284683-140x100.jpg",140,100,true],"post-thumbnail":["https:\/\/digidem-bayern.de\/wp-content\/uploads\/2025\/05\/04-Luftschadstoffe-reduzieren-shutterstock_2296284683-525x350.jpg",525,350,true],"kahuna-featured":["https:\/\/digidem-bayern.de\/wp-content\/uploads\/2025\/05\/04-Luftschadstoffe-reduzieren-shutterstock_2296284683-734x350.jpg",734,350,true],"kahuna-featured-lp":["https:\/\/digidem-bayern.de\/wp-content\/uploads\/2025\/05\/04-Luftschadstoffe-reduzieren-shutterstock_2296284683-520x350.jpg",520,350,true],"kahuna-featured-half":["https:\/\/digidem-bayern.de\/wp-content\/uploads\/2025\/05\/04-Luftschadstoffe-reduzieren-shutterstock_2296284683-800x350.jpg",800,350,true],"kahuna-featured-third":["https:\/\/digidem-bayern.de\/wp-content\/uploads\/2025\/05\/04-Luftschadstoffe-reduzieren-shutterstock_2296284683-512x350.jpg",512,350,true],"kahuna-lpbox-1":["https:\/\/digidem-bayern.de\/wp-content\/uploads\/2025\/05\/04-Luftschadstoffe-reduzieren-shutterstock_2296284683-520x300.jpg",520,300,true],"kahuna-lpbox-2":["https:\/\/digidem-bayern.de\/wp-content\/uploads\/2025\/05\/04-Luftschadstoffe-reduzieren-shutterstock_2296284683-520x350.jpg",520,350,true],"demand-language-flag":["https:\/\/digidem-bayern.de\/wp-content\/uploads\/2025\/05\/04-Luftschadstoffe-reduzieren-shutterstock_2296284683-36x36.jpg",36,36,true],"dddkt-language-flag":["https:\/\/digidem-bayern.de\/wp-content\/uploads\/2025\/05\/04-Luftschadstoffe-reduzieren-shutterstock_2296284683-36x36.jpg",36,36,true],"ddiqc-language-flag":["https:\/\/digidem-bayern.de\/wp-content\/uploads\/2025\/05\/04-Luftschadstoffe-reduzieren-shutterstock_2296284683-36x36.jpg",36,36,true],"ddtl-language-flag":["https:\/\/digidem-bayern.de\/wp-content\/uploads\/2025\/05\/04-Luftschadstoffe-reduzieren-shutterstock_2296284683-36x36.jpg",36,36,true],"mailpoet_newsletter_max":["https:\/\/digidem-bayern.de\/wp-content\/uploads\/2025\/05\/04-Luftschadstoffe-reduzieren-shutterstock_2296284683.jpg",1000,667,false],"kahuna-lpbox-3":["https:\/\/digidem-bayern.de\/wp-content\/uploads\/2025\/05\/04-Luftschadstoffe-reduzieren-shutterstock_2296284683-520x350.jpg",520,350,true],"kahuna-featured-square":["https:\/\/digidem-bayern.de\/wp-content\/uploads\/2025\/05\/04-Luftschadstoffe-reduzieren-shutterstock_2296284683-512x512.jpg",512,512,true],"kahuna-featured-square-large":["https:\/\/digidem-bayern.de\/wp-content\/uploads\/2025\/05\/04-Luftschadstoffe-reduzieren-shutterstock_2296284683.jpg",1000,667,false]},"uagb_author_info":{"display_name":"Ilona H\u00f6rath","author_link":"https:\/\/digidem-bayern.de\/en\/author\/hoeratia\/"},"uagb_comment_info":33,"uagb_excerpt":"Wie wirken sich Luftverschmutzung und Klimawandel in der Zukunft auf die H\u00e4ufigkeit von Demenzneuerkrankungen aus? Dieser Frage gingen Forschende aus Spanien auf den Grund.&nbsp; Luftverschmutzung ist ein zentrales Gesundheitsrisiko, das durch den Klimawandel verst\u00e4rkt wird. So zeigten unterschiedliche Studien Zusammenh\u00e4nge zwischen Schadstoffen wie zum Beispiel Feinstaub und Stickstoffdioxid und Alzheimer &hellip;","_links":{"self":[{"href":"https:\/\/digidem-bayern.de\/en\/wp-json\/wp\/v2\/posts\/43453","targetHints":{"allow":["GET"]}}],"collection":[{"href":"https:\/\/digidem-bayern.de\/en\/wp-json\/wp\/v2\/posts"}],"about":[{"href":"https:\/\/digidem-bayern.de\/en\/wp-json\/wp\/v2\/types\/post"}],"author":[{"embeddable":true,"href":"https:\/\/digidem-bayern.de\/en\/wp-json\/wp\/v2\/users\/12"}],"replies":[{"embeddable":true,"href":"https:\/\/digidem-bayern.de\/en\/wp-json\/wp\/v2\/comments?post=43453"}],"version-history":[{"count":4,"href":"https:\/\/digidem-bayern.de\/en\/wp-json\/wp\/v2\/posts\/43453\/revisions"}],"predecessor-version":[{"id":43469,"href":"https:\/\/digidem-bayern.de\/en\/wp-json\/wp\/v2\/posts\/43453\/revisions\/43469"}],"wp:featuredmedia":[{"embeddable":true,"href":"https:\/\/digidem-bayern.de\/en\/wp-json\/wp\/v2\/media\/43462"}],"wp:attachment":[{"href":"https:\/\/digidem-bayern.de\/en\/wp-json\/wp\/v2\/media?parent=43453"}],"wp:term":[{"taxonomy":"category","embeddable":true,"href":"https:\/\/digidem-bayern.de\/en\/wp-json\/wp\/v2\/categories?post=43453"},{"taxonomy":"post_tag","embeddable":true,"href":"https:\/\/digidem-bayern.de\/en\/wp-json\/wp\/v2\/tags?post=43453"}],"curies":[{"name":"wp","href":"https:\/\/api.w.org\/{rel}","templated":true}]}}