{"id":43275,"date":"2025-05-20T08:43:45","date_gmt":"2025-05-20T06:43:45","guid":{"rendered":"https:\/\/digidem-bayern.de\/?p=43275"},"modified":"2025-05-20T08:43:46","modified_gmt":"2025-05-20T06:43:46","slug":"neue-digidem-bayern-demenzbibliothek-demenz-wissensportal-als-schluessel-fuer-eine-groessere-gesundheitskompetenz","status":"publish","type":"post","link":"https:\/\/digidem-bayern.de\/en\/neue-digidem-bayern-demenzbibliothek-demenz-wissensportal-als-schluessel-fuer-eine-groessere-gesundheitskompetenz\/","title":{"rendered":"Neue\u00a0digiDEM Bayern Demenzbibliothek\u00ae: Demenz-Wissensportal als Schl\u00fcssel f\u00fcr eine gr\u00f6\u00dfere Gesundheitskompetenz\u00a0"},"content":{"rendered":"<p><strong><strong><strong><strong><strong><strong><strong><strong><strong><strong><strong><strong><strong><strong><strong><strong><strong><strong>Wissen erwerben, Demenz fr\u00fch erkennen, die Lebensqualit\u00e4t verbessern: Mit dem neuen Angebot, der&nbsp;<em>digiDEM Bayern Demenzbibliothek<\/em><sup>\u00ae<\/sup>, steht nun ein umfassendes und frei zug\u00e4ngliches Wissensportal bereit, das fundierte, wissenschaftlich abgesicherte und allgemeinverst\u00e4ndlich aufbereitete Informationen rund um das Thema Demenz einem breiten Publikum zur Verf\u00fcgung stellt. Ziel des neuen Angebots von digiDEM Bayern ist es, die Gesundheitskompetenz in der Bev\u00f6lkerung zu st\u00e4rken, \u00fcber Demenzrisiken aufzukl\u00e4ren, aber auch zur Demenz-Fr\u00fcherkennung beizutragen und die Versorgungssituation von Menschen mit Demenz und ihren pflegenden An- und Zugeh\u00f6rigen zu verbessern.&nbsp;<\/strong><\/strong><\/strong><\/strong><\/strong><\/strong><\/strong><\/strong><\/strong><\/strong><\/strong><\/strong><\/strong><\/strong><\/strong><\/strong><\/strong><\/strong><span style=\"caret-color: rgb(0, 0, 0); color: rgb(0, 0, 0); font-family: -webkit-standard; font-size: medium; white-space: normal;\"><\/span><\/p>\n\n\n\n<p>Die&nbsp;<em>digiDEM Bayern Demenzbibliothek<\/em><strong><sup>\u00ae<\/sup><\/strong>&nbsp;richtet sich an Menschen mit leichten kognitiven Beeintr\u00e4chtigungen und Demenz, pflegende An- und Zugeh\u00f6rige, Fachkr\u00e4fte, ehrenamtlich Engagierte, Entscheidungstr\u00e4ger im Gesundheitswesen sowie alle interessierten B\u00fcrgerinnen und B\u00fcrger. Ob praxisnahe Alltagstipps oder neueste wissenschaftliche Erkenntnisse \u2013 das Angebot b\u00fcndelt wissenschaftlich gepr\u00fcfte, qualit\u00e4tsgesicherte Inhalte, die von&nbsp;den digiDEM Bayern-Wissenschaftlern&nbsp;sorgf\u00e4ltig ausgew\u00e4hlt und allgemeinverst\u00e4ndlich aufbereitet wurden.<\/p>\n\n\n<div class=\"wp-block-image\">\n<figure class=\"alignright size-full is-resized\"><img loading=\"lazy\" decoding=\"async\" width=\"856\" height=\"571\" src=\"https:\/\/digidem-bayern.de\/wp-content\/uploads\/2025\/05\/Demenzbibliothek-shutterstock_2527801413-e1747583236489.jpg\" alt=\"Die digiDEM Bayern Demenzbibliothek stellt fundierte, wissenschaftlich abgesicherte und allgemeinverst\u00e4ndlich aufbereitete Informationen rund um das Thema Demenz einem breiten Publikum zur Verf\u00fcgung.\" class=\"wp-image-43272\" style=\"width:508px;height:auto\" srcset=\"https:\/\/digidem-bayern.de\/wp-content\/uploads\/2025\/05\/Demenzbibliothek-shutterstock_2527801413-e1747583236489.jpg 856w, https:\/\/digidem-bayern.de\/wp-content\/uploads\/2025\/05\/Demenzbibliothek-shutterstock_2527801413-e1747583236489-300x200.jpg 300w, https:\/\/digidem-bayern.de\/wp-content\/uploads\/2025\/05\/Demenzbibliothek-shutterstock_2527801413-e1747583236489-768x512.jpg 768w, https:\/\/digidem-bayern.de\/wp-content\/uploads\/2025\/05\/Demenzbibliothek-shutterstock_2527801413-e1747583236489-525x350.jpg 525w\" sizes=\"auto, (max-width: 856px) 100vw, 856px\" \/><figcaption class=\"wp-element-caption\">Foto: Shutterstock<\/figcaption><\/figure>\n<\/div>\n\n\n<p><strong>Spezialisiertes Wissen f\u00fcr alle&nbsp;<\/strong><\/p>\n\n\n\n<p>Neben zahlreichen aktuellen Meldungen aus der nationalen und internationalen Wissenschaft und Forschung sind in der&nbsp;<em>digiDEM Bayern Demenzbibliothek<\/em><strong><sup>\u00ae<\/sup><\/strong>&nbsp;auch die&nbsp;aufgezeichneten digiDEM Bayern-Science Watch-Live-Webinare zu finden, in denen hochkar\u00e4tige Fachexperten ihr Wissen teilen. Zudem sind die wissenschaftlichen Publikationen und Kongressbeitr\u00e4ge der digiDEM Bayern-Forschenden abrufbar.&nbsp;Die&nbsp;Forschungsergebnisse flie\u00dfen direkt in die Inhalte der Online-Bibliothek ein und sorgen daf\u00fcr, dass Nutzerinnen und Nutzer stets auf dem neuesten Stand der Wissenschaft bleiben. \u201eSo wird spezialisiertes Wissen f\u00fcr alle zug\u00e4nglich \u2013 unabh\u00e4ngig von Vorwissen oder beruflichem Hintergrund\u201c, unterstreicht&nbsp;der Versorgungsforscher und digiDEM Bayern-Projektleiter Prof. Dr. Elmar Gr\u00e4\u00dfel.<\/p>\n\n\n\n<p><strong>Gesundheitskompetenz erwerben und st\u00e4rken<\/strong><\/p>\n\n\n\n<p>\u201eDie&nbsp;<em>digiDEM Bayern Demenzbibliothek<\/em><strong><sup>\u00ae<\/sup><\/strong>&nbsp;gibt jedem die M\u00f6glichkeit, die komplexe und herausfordernde Krankheit Demenz besser zu verstehen. Sie tr\u00e4gt dazu bei, wertvolle&nbsp;Einblicke zu gewinnen, sich rundum zu informieren und sich weiterzubilden\u201c, sagt&nbsp;Prof. Dr. Peter Kolominsky-Rabas, Neurologe und digiDEM Bayern-Projektleiter.&nbsp;Die digiDEM Bayern Demenzbibliothek<strong><sup>\u00ae<\/sup><\/strong>&nbsp;unterst\u00fctzt dabei, das eigene Demenzwissen zu erweitern, Demenzrisiken besser einzusch\u00e4tzen und aktiv pr\u00e4ventive Ma\u00dfnahmen zu ergreifen.&nbsp;<\/p>\n\n\n\n<p>So k\u00f6nnen Betroffene und ihre Familien schneller die n\u00f6tige Unterst\u00fctzung erhalten und den Alltag besser meistern.\u201eWer sich \u00fcber&nbsp;Gesundheitsthemen kundig macht, lernt zuverl\u00e4ssig Informationen zu bewerten und im&nbsp;t\u00e4glichen Leben anzuwenden. Das bedeutet, einen entscheidenden Schritt zu unternehmen,&nbsp;besser auf die eigene Gesundheit zu achten\u201c, erl\u00e4utert Prof. Dr. Elmar Gr\u00e4\u00dfel.&nbsp;Denn wer sich informiert, kann nicht nur besser mit Erkrankungen umgehen, sondern auch aktiv zur Pr\u00e4vention beitragen.&nbsp;<\/p>\n\n\n\n<p><strong>Demenz entstigmatisieren<\/strong><\/p>\n\n\n\n<p>Die&nbsp;<em>digiDEM Bayern Demenzbibliothek<\/em><strong><sup>\u00ae<\/sup><\/strong>&nbsp;soll der Stigmatisierung von Demenz in unserer Gesellschaft entgegenwirken. Aufgrund der riesigen Vielfalt von Themen und Texten wird das Thema Demenz enttabuisiert. \u201eWir verfolgen das Ziel der Aufkl\u00e4rung im klassischen Sinn und m\u00f6chten zur Demenz-Fr\u00fcherkennung beitragen\u201c, betont&nbsp;Prof. Dr. Peter Kolominsky-Rabas. Das Portal bietet nicht nur Fakten zu Risikofaktoren und Krankheitsverlauf, sondern gibt auch praktische Tipps und Empfehlungen f\u00fcr den Alltag.<\/p>\n\n\n\n<p><strong>Mehr Lebensqualit\u00e4t<\/strong><\/p>\n\n\n\n<p>digiDEM Bayern verfolgt das Ziel, die Versorgungssituation und Lebensqualit\u00e4t von Menschen mit Demenz und ihren pflegenden An- und Zugeh\u00f6rigen zu verbessern, insbesondere im h\u00e4uslichen Umfeld. Die neue Online-Demenzbibliothek ist ein zentraler Baustein auf dem Weg zu mehr Aufkl\u00e4rung, Pr\u00e4vention und gesellschaftlicher Teilhabe \u2013 und f\u00fcr weniger Ber\u00fchrungs\u00e4ngste in der Gesellschaft, im Beruf und im privaten Umfeld.<\/p>\n\n\n\n<p>Gef\u00f6rdert wird digiDEM Bayern vom Bayerischen Staatsministerium f\u00fcr Gesundheit, Pflege und Pr\u00e4vention (StMGP).<\/p>\n\n\n\n<p><a href=\"https:\/\/digidem-bayern.de\/en\/online-demenzbibliothek\/\"><strong>Hier geht\u2019s zur digiDEM Bayern Demenzbibliothek<sup>\u00ae<\/sup><\/strong>.<\/a><\/p>\n\n\n\n<p><\/p>\n\n\n\n<p><a href=\"https:\/\/digidem-bayern.de\/en\/digitales-angebot-demand\/\">Zu unserem Online-Fragebogen digiDEM Bayern DEMAND<strong><sup>\u00ae<\/sup><\/strong> gelangen Sie hier.<\/a><\/p>\n\n\n\n<div style=\"height:20px\" aria-hidden=\"true\" class=\"wp-block-spacer\"><\/div>\n\n\n\n<p><\/p>","protected":false},"excerpt":{"rendered":"<p>Wissen erwerben, Demenz fr\u00fch erkennen, die Lebensqualit\u00e4t verbessern: Mit dem neuen Angebot, der&nbsp;digiDEM Bayern Demenzbibliothek\u00ae, steht nun ein umfassendes und frei zug\u00e4ngliches Wissensportal bereit, das fundierte, wissenschaftlich abgesicherte und allgemeinverst\u00e4ndlich aufbereitete Informationen rund um das Thema Demenz einem breiten Publikum zur Verf\u00fcgung stellt. Ziel des neuen Angebots von digiDEM Bayern &hellip;<\/p>","protected":false},"author":12,"featured_media":43272,"comment_status":"open","ping_status":"closed","sticky":false,"template":"","format":"standard","meta":{"qubely_global_settings":"","qubely_interactions":"","_uag_custom_page_level_css":"","footnotes":""},"categories":[8,443,5],"tags":[1561,13,406,1096,1543,691,12,868,1560,1557,112,474,541,14,17,1558,55,1485,464,454,119,118,23,234,1559],"class_list":["post-43275","post","type-post","status-publish","format-standard","has-post-thumbnail","hentry","category-aktuelles-zu-digidem","category-pressemitteilungen","category-wissenschaft-forschung","tag-alltagstipps","tag-alzheimer","tag-alzheimer-demenz","tag-ambulante-pflege","tag-ambulante-unterstuetzung","tag-aufklaerung","tag-demenz-2","tag-demenz-frueherkennung","tag-demenz-wissensportal","tag-demenzbibliothek","tag-demenzdiagnose","tag-demenzwissen","tag-depression","tag-digidem","tag-digidem-bayern","tag-digidem-bayern-demenzbibliothek","tag-digitales-demenzregister-bayern","tag-geistige-leistungsfaehigkeit","tag-gesundheitskompetenz","tag-haeusliche-pflege","tag-kognitive-beeintraechtigungen","tag-mci","tag-praevention","tag-unterstuetzungsangebote","tag-wissensportal"],"qubely_featured_image_url":{"full":["https:\/\/digidem-bayern.de\/wp-content\/uploads\/2025\/05\/Demenzbibliothek-shutterstock_2527801413-e1747583236489.jpg",856,571,false],"landscape":["https:\/\/digidem-bayern.de\/wp-content\/uploads\/2025\/05\/Demenzbibliothek-shutterstock_2527801413-e1747583236489.jpg",856,571,false],"portraits":["https:\/\/digidem-bayern.de\/wp-content\/uploads\/2025\/05\/Demenzbibliothek-shutterstock_2527801413-e1747583236489-540x320.jpg",540,320,true],"thumbnail":["https:\/\/digidem-bayern.de\/wp-content\/uploads\/2025\/05\/Demenzbibliothek-shutterstock_2527801413-e1747583236489-80x80.jpg",80,80,true],"medium":["https:\/\/digidem-bayern.de\/wp-content\/uploads\/2025\/05\/Demenzbibliothek-shutterstock_2527801413-e1747583236489-300x200.jpg",300,200,true],"medium_large":["https:\/\/digidem-bayern.de\/wp-content\/uploads\/2025\/05\/Demenzbibliothek-shutterstock_2527801413-e1747583236489-768x512.jpg",768,512,true],"large":["https:\/\/digidem-bayern.de\/wp-content\/uploads\/2025\/05\/Demenzbibliothek-shutterstock_2527801413-e1747583236489.jpg",856,571,false],"1536x1536":["https:\/\/digidem-bayern.de\/wp-content\/uploads\/2025\/05\/Demenzbibliothek-shutterstock_2527801413-e1747583236489.jpg",856,571,false],"2048x2048":["https:\/\/digidem-bayern.de\/wp-content\/uploads\/2025\/05\/Demenzbibliothek-shutterstock_2527801413-e1747583236489.jpg",856,571,false],"trp-custom-language-flag":["https:\/\/digidem-bayern.de\/wp-content\/uploads\/2025\/05\/Demenzbibliothek-shutterstock_2527801413-e1747583236489.jpg",18,12,false],"qubely_landscape":["https:\/\/digidem-bayern.de\/wp-content\/uploads\/2025\/05\/Demenzbibliothek-shutterstock_2527801413-e1747583236489.jpg",856,571,false],"qubely_portrait":["https:\/\/digidem-bayern.de\/wp-content\/uploads\/2025\/05\/Demenzbibliothek-shutterstock_2527801413-e1747583236489-540x320.jpg",540,320,true],"qubely_thumbnail":["https:\/\/digidem-bayern.de\/wp-content\/uploads\/2025\/05\/Demenzbibliothek-shutterstock_2527801413-e1747583236489-140x100.jpg",140,100,true],"post-thumbnail":["https:\/\/digidem-bayern.de\/wp-content\/uploads\/2025\/05\/Demenzbibliothek-shutterstock_2527801413-e1747583236489-525x350.jpg",525,350,true],"kahuna-featured":["https:\/\/digidem-bayern.de\/wp-content\/uploads\/2025\/05\/Demenzbibliothek-shutterstock_2527801413-e1747583236489-734x350.jpg",734,350,true],"kahuna-featured-lp":["https:\/\/digidem-bayern.de\/wp-content\/uploads\/2025\/05\/Demenzbibliothek-shutterstock_2527801413-e1747583236489-520x350.jpg",520,350,true],"kahuna-featured-half":["https:\/\/digidem-bayern.de\/wp-content\/uploads\/2025\/05\/Demenzbibliothek-shutterstock_2527801413-e1747583236489-800x350.jpg",800,350,true],"kahuna-featured-third":["https:\/\/digidem-bayern.de\/wp-content\/uploads\/2025\/05\/Demenzbibliothek-shutterstock_2527801413-e1747583236489-512x350.jpg",512,350,true],"kahuna-lpbox-1":["https:\/\/digidem-bayern.de\/wp-content\/uploads\/2025\/05\/Demenzbibliothek-shutterstock_2527801413-e1747583236489-520x300.jpg",520,300,true],"kahuna-lpbox-2":["https:\/\/digidem-bayern.de\/wp-content\/uploads\/2025\/05\/Demenzbibliothek-shutterstock_2527801413-e1747583236489-520x350.jpg",520,350,true],"demand-language-flag":["https:\/\/digidem-bayern.de\/wp-content\/uploads\/2025\/05\/Demenzbibliothek-shutterstock_2527801413-e1747583236489-36x36.jpg",36,36,true],"dddkt-language-flag":["https:\/\/digidem-bayern.de\/wp-content\/uploads\/2025\/05\/Demenzbibliothek-shutterstock_2527801413-e1747583236489-36x36.jpg",36,36,true],"ddiqc-language-flag":["https:\/\/digidem-bayern.de\/wp-content\/uploads\/2025\/05\/Demenzbibliothek-shutterstock_2527801413-e1747583236489-36x36.jpg",36,36,true],"ddtl-language-flag":["https:\/\/digidem-bayern.de\/wp-content\/uploads\/2025\/05\/Demenzbibliothek-shutterstock_2527801413-e1747583236489-36x36.jpg",36,36,true],"mailpoet_newsletter_max":["https:\/\/digidem-bayern.de\/wp-content\/uploads\/2025\/05\/Demenzbibliothek-shutterstock_2527801413-e1747583236489.jpg",856,571,false],"kahuna-lpbox-3":["https:\/\/digidem-bayern.de\/wp-content\/uploads\/2025\/05\/Demenzbibliothek-shutterstock_2527801413-e1747583236489-520x350.jpg",520,350,true],"kahuna-featured-square":["https:\/\/digidem-bayern.de\/wp-content\/uploads\/2025\/05\/Demenzbibliothek-shutterstock_2527801413-e1747583236489-512x512.jpg",512,512,true],"kahuna-featured-square-large":["https:\/\/digidem-bayern.de\/wp-content\/uploads\/2025\/05\/Demenzbibliothek-shutterstock_2527801413-e1747583236489.jpg",856,571,false]},"qubely_author":{"display_name":"Ilona H\u00f6rath","author_link":"https:\/\/digidem-bayern.de\/en\/author\/hoeratia\/"},"qubely_comment":25,"qubely_category":"<a href=\"https:\/\/digidem-bayern.de\/en\/category\/aktuelles-zu-digidem\/\" rel=\"category tag\">Aktuelles zu digiDEM<\/a> <a href=\"https:\/\/digidem-bayern.de\/en\/category\/pressemitteilungen\/\" rel=\"category tag\">Pressemitteilungen<\/a> <a href=\"https:\/\/digidem-bayern.de\/en\/category\/wissenschaft-forschung\/\" rel=\"category tag\">Wissenschaft &amp; Forschung<\/a>","qubely_excerpt":"Wissen erwerben, Demenz fr\u00fch erkennen, die Lebensqualit\u00e4t verbessern: Mit dem neuen Angebot, der&nbsp;digiDEM Bayern Demenzbibliothek\u00ae, steht nun ein umfassendes und frei zug\u00e4ngliches Wissensportal bereit, das fundierte, wissenschaftlich abgesicherte und allgemeinverst\u00e4ndlich aufbereitete Informationen rund um das Thema Demenz einem breiten Publikum zur Verf\u00fcgung stellt. Ziel des neuen Angebots von digiDEM Bayern &hellip;","featured_image_urls_v2":{"full":["https:\/\/digidem-bayern.de\/wp-content\/uploads\/2025\/05\/Demenzbibliothek-shutterstock_2527801413-e1747583236489.jpg",856,571,false],"thumbnail":["https:\/\/digidem-bayern.de\/wp-content\/uploads\/2025\/05\/Demenzbibliothek-shutterstock_2527801413-e1747583236489-80x80.jpg",80,80,true],"medium":["https:\/\/digidem-bayern.de\/wp-content\/uploads\/2025\/05\/Demenzbibliothek-shutterstock_2527801413-e1747583236489-300x200.jpg",300,200,true],"medium_large":["https:\/\/digidem-bayern.de\/wp-content\/uploads\/2025\/05\/Demenzbibliothek-shutterstock_2527801413-e1747583236489-768x512.jpg",768,512,true],"large":["https:\/\/digidem-bayern.de\/wp-content\/uploads\/2025\/05\/Demenzbibliothek-shutterstock_2527801413-e1747583236489.jpg",856,571,false],"1536x1536":["https:\/\/digidem-bayern.de\/wp-content\/uploads\/2025\/05\/Demenzbibliothek-shutterstock_2527801413-e1747583236489.jpg",856,571,false],"2048x2048":["https:\/\/digidem-bayern.de\/wp-content\/uploads\/2025\/05\/Demenzbibliothek-shutterstock_2527801413-e1747583236489.jpg",856,571,false],"trp-custom-language-flag":["https:\/\/digidem-bayern.de\/wp-content\/uploads\/2025\/05\/Demenzbibliothek-shutterstock_2527801413-e1747583236489.jpg",18,12,false],"qubely_landscape":["https:\/\/digidem-bayern.de\/wp-content\/uploads\/2025\/05\/Demenzbibliothek-shutterstock_2527801413-e1747583236489.jpg",856,571,false],"qubely_portrait":["https:\/\/digidem-bayern.de\/wp-content\/uploads\/2025\/05\/Demenzbibliothek-shutterstock_2527801413-e1747583236489-540x320.jpg",540,320,true],"qubely_thumbnail":["https:\/\/digidem-bayern.de\/wp-content\/uploads\/2025\/05\/Demenzbibliothek-shutterstock_2527801413-e1747583236489-140x100.jpg",140,100,true],"post-thumbnail":["https:\/\/digidem-bayern.de\/wp-content\/uploads\/2025\/05\/Demenzbibliothek-shutterstock_2527801413-e1747583236489-525x350.jpg",525,350,true],"kahuna-featured":["https:\/\/digidem-bayern.de\/wp-content\/uploads\/2025\/05\/Demenzbibliothek-shutterstock_2527801413-e1747583236489-734x350.jpg",734,350,true],"kahuna-featured-lp":["https:\/\/digidem-bayern.de\/wp-content\/uploads\/2025\/05\/Demenzbibliothek-shutterstock_2527801413-e1747583236489-520x350.jpg",520,350,true],"kahuna-featured-half":["https:\/\/digidem-bayern.de\/wp-content\/uploads\/2025\/05\/Demenzbibliothek-shutterstock_2527801413-e1747583236489-800x350.jpg",800,350,true],"kahuna-featured-third":["https:\/\/digidem-bayern.de\/wp-content\/uploads\/2025\/05\/Demenzbibliothek-shutterstock_2527801413-e1747583236489-512x350.jpg",512,350,true],"kahuna-lpbox-1":["https:\/\/digidem-bayern.de\/wp-content\/uploads\/2025\/05\/Demenzbibliothek-shutterstock_2527801413-e1747583236489-520x300.jpg",520,300,true],"kahuna-lpbox-2":["https:\/\/digidem-bayern.de\/wp-content\/uploads\/2025\/05\/Demenzbibliothek-shutterstock_2527801413-e1747583236489-520x350.jpg",520,350,true],"demand-language-flag":["https:\/\/digidem-bayern.de\/wp-content\/uploads\/2025\/05\/Demenzbibliothek-shutterstock_2527801413-e1747583236489-36x36.jpg",36,36,true],"dddkt-language-flag":["https:\/\/digidem-bayern.de\/wp-content\/uploads\/2025\/05\/Demenzbibliothek-shutterstock_2527801413-e1747583236489-36x36.jpg",36,36,true],"ddiqc-language-flag":["https:\/\/digidem-bayern.de\/wp-content\/uploads\/2025\/05\/Demenzbibliothek-shutterstock_2527801413-e1747583236489-36x36.jpg",36,36,true],"ddtl-language-flag":["https:\/\/digidem-bayern.de\/wp-content\/uploads\/2025\/05\/Demenzbibliothek-shutterstock_2527801413-e1747583236489-36x36.jpg",36,36,true],"mailpoet_newsletter_max":["https:\/\/digidem-bayern.de\/wp-content\/uploads\/2025\/05\/Demenzbibliothek-shutterstock_2527801413-e1747583236489.jpg",856,571,false],"kahuna-lpbox-3":["https:\/\/digidem-bayern.de\/wp-content\/uploads\/2025\/05\/Demenzbibliothek-shutterstock_2527801413-e1747583236489-520x350.jpg",520,350,true],"kahuna-featured-square":["https:\/\/digidem-bayern.de\/wp-content\/uploads\/2025\/05\/Demenzbibliothek-shutterstock_2527801413-e1747583236489-512x512.jpg",512,512,true],"kahuna-featured-square-large":["https:\/\/digidem-bayern.de\/wp-content\/uploads\/2025\/05\/Demenzbibliothek-shutterstock_2527801413-e1747583236489.jpg",856,571,false]},"post_excerpt_stackable_v2":"<p>Wissen erwerben, Demenz fr\u00fch erkennen, die Lebensqualit\u00e4t verbessern: Mit dem neuen Angebot, der&nbsp;digiDEM Bayern Demenzbibliothek\u00ae, steht nun ein umfassendes und frei zug\u00e4ngliches Wissensportal bereit, das fundierte, wissenschaftlich abgesicherte und allgemeinverst\u00e4ndlich aufbereitete Informationen rund um das Thema Demenz einem breiten Publikum zur Verf\u00fcgung stellt. Ziel des neuen Angebots von digiDEM Bayern ist es, die Gesundheitskompetenz in der Bev\u00f6lkerung zu st\u00e4rken, \u00fcber Demenzrisiken aufzukl\u00e4ren, aber auch zur Demenz-Fr\u00fcherkennung beizutragen und die Versorgungssituation von Menschen mit Demenz und ihren pflegenden An- und Zugeh\u00f6rigen zu verbessern.&nbsp; Die&nbsp;digiDEM Bayern Demenzbibliothek\u00ae&nbsp;richtet sich an Menschen mit leichten kognitiven Beeintr\u00e4chtigungen und Demenz, pflegende An- und Zugeh\u00f6rige, Fachkr\u00e4fte, ehrenamtlich&hellip;<\/p>\n","category_list_v2":"<a href=\"https:\/\/digidem-bayern.de\/en\/category\/aktuelles-zu-digidem\/\" rel=\"category tag\">Aktuelles zu digiDEM<\/a>, <a href=\"https:\/\/digidem-bayern.de\/en\/category\/pressemitteilungen\/\" rel=\"category tag\">Pressemitteilungen<\/a>, <a href=\"https:\/\/digidem-bayern.de\/en\/category\/wissenschaft-forschung\/\" rel=\"category tag\">Wissenschaft &amp; Forschung<\/a>","author_info_v2":{"name":"Ilona H\u00f6rath","url":"https:\/\/digidem-bayern.de\/en\/author\/hoeratia\/"},"comments_num_v2":"0 comments","yoast_head":"<!-- This site is optimized with the Yoast SEO plugin v27.5 - https:\/\/yoast.com\/product\/yoast-seo-wordpress\/ -->\n<title>Neue\u00a0digiDEM Bayern Demenzbibliothek\u00ae: Demenz-Wissensportal als Schl\u00fcssel f\u00fcr eine gr\u00f6\u00dfere Gesundheitskompetenz\u00a0 - digiDEM Bayern<\/title>\n<meta name=\"description\" content=\"Der Bayerische Landesapothekerkammer unterst\u00fctzt digiDEM Bayern mit Hilfe des Netzwerks &quot;Demenzfreundliche Apotheken&quot;.\" \/>\n<meta name=\"robots\" content=\"index, follow, max-snippet:-1, max-image-preview:large, max-video-preview:-1\" \/>\n<link rel=\"canonical\" href=\"https:\/\/digidem-bayern.de\/en\/neue-digidem-bayern-demenzbibliothek-demenz-wissensportal-als-schluessel-fuer-eine-groessere-gesundheitskompetenz\/\" \/>\n<meta property=\"og:locale\" content=\"en_US\" \/>\n<meta property=\"og:type\" content=\"article\" \/>\n<meta property=\"og:title\" content=\"Neue\u00a0digiDEM Bayern Demenzbibliothek\u00ae: Demenz-Wissensportal als Schl\u00fcssel f\u00fcr eine gr\u00f6\u00dfere Gesundheitskompetenz\u00a0 - digiDEM Bayern\" \/>\n<meta property=\"og:description\" content=\"Der Bayerische Landesapothekerkammer unterst\u00fctzt digiDEM Bayern mit Hilfe des Netzwerks &quot;Demenzfreundliche Apotheken&quot;.\" \/>\n<meta property=\"og:url\" content=\"https:\/\/digidem-bayern.de\/en\/neue-digidem-bayern-demenzbibliothek-demenz-wissensportal-als-schluessel-fuer-eine-groessere-gesundheitskompetenz\/\" \/>\n<meta property=\"og:site_name\" content=\"digiDEM Bayern\" \/>\n<meta property=\"article:publisher\" content=\"https:\/\/www.facebook.com\/digiDEMBayern\/\" \/>\n<meta property=\"article:published_time\" content=\"2025-05-20T06:43:45+00:00\" \/>\n<meta property=\"article:modified_time\" content=\"2025-05-20T06:43:46+00:00\" \/>\n<meta property=\"og:image\" content=\"https:\/\/digidem-bayern.de\/wp-content\/uploads\/2025\/05\/Demenzbibliothek-shutterstock_2527801413-e1747583236489.jpg\" \/>\n\t<meta property=\"og:image:width\" content=\"856\" \/>\n\t<meta property=\"og:image:height\" content=\"571\" \/>\n\t<meta property=\"og:image:type\" content=\"image\/jpeg\" \/>\n<meta name=\"author\" content=\"Ilona H\u00f6rath\" \/>\n<meta name=\"twitter:label1\" content=\"Written by\" \/>\n\t<meta name=\"twitter:data1\" content=\"Ilona H\u00f6rath\" \/>\n\t<meta name=\"twitter:label2\" content=\"Est. reading time\" \/>\n\t<meta name=\"twitter:data2\" content=\"2 minutes\" \/>\n<script type=\"application\/ld+json\" class=\"yoast-schema-graph\">{\"@context\":\"https:\\\/\\\/schema.org\",\"@graph\":[{\"@type\":\"Article\",\"@id\":\"https:\\\/\\\/digidem-bayern.de\\\/neue-digidem-bayern-demenzbibliothek-demenz-wissensportal-als-schluessel-fuer-eine-groessere-gesundheitskompetenz\\\/#article\",\"isPartOf\":{\"@id\":\"https:\\\/\\\/digidem-bayern.de\\\/neue-digidem-bayern-demenzbibliothek-demenz-wissensportal-als-schluessel-fuer-eine-groessere-gesundheitskompetenz\\\/\"},\"author\":{\"name\":\"Ilona H\u00f6rath\",\"@id\":\"\\\/#\\\/schema\\\/person\\\/0bc1494f46fc2a051c761322a80e0941\"},\"headline\":\"Neue\u00a0digiDEM Bayern Demenzbibliothek\u00ae: Demenz-Wissensportal als Schl\u00fcssel f\u00fcr eine gr\u00f6\u00dfere Gesundheitskompetenz\u00a0\",\"datePublished\":\"2025-05-20T06:43:45+00:00\",\"dateModified\":\"2025-05-20T06:43:46+00:00\",\"mainEntityOfPage\":{\"@id\":\"https:\\\/\\\/digidem-bayern.de\\\/neue-digidem-bayern-demenzbibliothek-demenz-wissensportal-als-schluessel-fuer-eine-groessere-gesundheitskompetenz\\\/\"},\"wordCount\":626,\"commentCount\":0,\"publisher\":{\"@id\":\"\\\/#organization\"},\"image\":{\"@id\":\"https:\\\/\\\/digidem-bayern.de\\\/neue-digidem-bayern-demenzbibliothek-demenz-wissensportal-als-schluessel-fuer-eine-groessere-gesundheitskompetenz\\\/#primaryimage\"},\"thumbnailUrl\":\"https:\\\/\\\/digidem-bayern.de\\\/wp-content\\\/uploads\\\/2025\\\/05\\\/Demenzbibliothek-shutterstock_2527801413-e1747583236489.jpg\",\"keywords\":[\"Alltagstipps\",\"Alzheimer\",\"Alzheimer-Demenz\",\"ambulante Pflege\",\"ambulante Unterst\u00fctzung\",\"Aufkl\u00e4rung\",\"Demenz\",\"Demenz-Fr\u00fcherkennung\",\"Demenz-Wissensportal\",\"Demenzbibliothek\",\"Demenzdiagnose\",\"Demenzwissen\",\"Depression\",\"digidem\",\"digidem Bayern\",\"digiDEM Bayern Demenzbibliothek\",\"Digitales Demenzregister Bayern\",\"geistige Leistungsf\u00e4higkeit\",\"Gesundheitskompetenz\",\"H\u00e4usliche Pflege\",\"kognitive Beeintr\u00e4chtigungen\",\"MCI\",\"Pr\u00e4vention\",\"Unterst\u00fctzungsangebote\",\"Wissensportal\"],\"articleSection\":[\"Aktuelles zu digiDEM\",\"Pressemitteilungen\",\"Wissenschaft &amp; Forschung\"],\"inLanguage\":\"en-US\",\"potentialAction\":[{\"@type\":\"CommentAction\",\"name\":\"Comment\",\"target\":[\"https:\\\/\\\/digidem-bayern.de\\\/neue-digidem-bayern-demenzbibliothek-demenz-wissensportal-als-schluessel-fuer-eine-groessere-gesundheitskompetenz\\\/#respond\"]}]},{\"@type\":\"WebPage\",\"@id\":\"https:\\\/\\\/digidem-bayern.de\\\/neue-digidem-bayern-demenzbibliothek-demenz-wissensportal-als-schluessel-fuer-eine-groessere-gesundheitskompetenz\\\/\",\"url\":\"https:\\\/\\\/digidem-bayern.de\\\/neue-digidem-bayern-demenzbibliothek-demenz-wissensportal-als-schluessel-fuer-eine-groessere-gesundheitskompetenz\\\/\",\"name\":\"Neue\u00a0digiDEM Bayern Demenzbibliothek\u00ae: Demenz-Wissensportal als Schl\u00fcssel f\u00fcr eine gr\u00f6\u00dfere Gesundheitskompetenz\u00a0 - digiDEM Bayern\",\"isPartOf\":{\"@id\":\"\\\/#website\"},\"primaryImageOfPage\":{\"@id\":\"https:\\\/\\\/digidem-bayern.de\\\/neue-digidem-bayern-demenzbibliothek-demenz-wissensportal-als-schluessel-fuer-eine-groessere-gesundheitskompetenz\\\/#primaryimage\"},\"image\":{\"@id\":\"https:\\\/\\\/digidem-bayern.de\\\/neue-digidem-bayern-demenzbibliothek-demenz-wissensportal-als-schluessel-fuer-eine-groessere-gesundheitskompetenz\\\/#primaryimage\"},\"thumbnailUrl\":\"https:\\\/\\\/digidem-bayern.de\\\/wp-content\\\/uploads\\\/2025\\\/05\\\/Demenzbibliothek-shutterstock_2527801413-e1747583236489.jpg\",\"datePublished\":\"2025-05-20T06:43:45+00:00\",\"dateModified\":\"2025-05-20T06:43:46+00:00\",\"description\":\"Der Bayerische Landesapothekerkammer unterst\u00fctzt digiDEM Bayern mit Hilfe des Netzwerks \\\"Demenzfreundliche Apotheken\\\".\",\"breadcrumb\":{\"@id\":\"https:\\\/\\\/digidem-bayern.de\\\/neue-digidem-bayern-demenzbibliothek-demenz-wissensportal-als-schluessel-fuer-eine-groessere-gesundheitskompetenz\\\/#breadcrumb\"},\"inLanguage\":\"en-US\",\"potentialAction\":[{\"@type\":\"ReadAction\",\"target\":[\"https:\\\/\\\/digidem-bayern.de\\\/neue-digidem-bayern-demenzbibliothek-demenz-wissensportal-als-schluessel-fuer-eine-groessere-gesundheitskompetenz\\\/\"]}]},{\"@type\":\"ImageObject\",\"inLanguage\":\"en-US\",\"@id\":\"https:\\\/\\\/digidem-bayern.de\\\/neue-digidem-bayern-demenzbibliothek-demenz-wissensportal-als-schluessel-fuer-eine-groessere-gesundheitskompetenz\\\/#primaryimage\",\"url\":\"https:\\\/\\\/digidem-bayern.de\\\/wp-content\\\/uploads\\\/2025\\\/05\\\/Demenzbibliothek-shutterstock_2527801413-e1747583236489.jpg\",\"contentUrl\":\"https:\\\/\\\/digidem-bayern.de\\\/wp-content\\\/uploads\\\/2025\\\/05\\\/Demenzbibliothek-shutterstock_2527801413-e1747583236489.jpg\",\"width\":856,\"height\":571,\"caption\":\"Foto: Shutterstock\"},{\"@type\":\"BreadcrumbList\",\"@id\":\"https:\\\/\\\/digidem-bayern.de\\\/neue-digidem-bayern-demenzbibliothek-demenz-wissensportal-als-schluessel-fuer-eine-groessere-gesundheitskompetenz\\\/#breadcrumb\",\"itemListElement\":[{\"@type\":\"ListItem\",\"position\":1,\"name\":\"Startseite\",\"item\":\"https:\\\/\\\/digidem-bayern.de\\\/\"},{\"@type\":\"ListItem\",\"position\":2,\"name\":\"Neue\u00a0digiDEM Bayern Demenzbibliothek\u00ae: Demenz-Wissensportal als Schl\u00fcssel f\u00fcr eine gr\u00f6\u00dfere Gesundheitskompetenz\u00a0\"}]},{\"@type\":\"WebSite\",\"@id\":\"\\\/#website\",\"url\":\"\\\/\",\"name\":\"digiDEM Bayern\",\"description\":\"Das digitale Demenzregister Bayern erforscht und verbessert die Angebotsstuktur f\u00fcr Menschen mit Demenz und deren Angeh\u00f6rige\",\"publisher\":{\"@id\":\"\\\/#organization\"},\"potentialAction\":[{\"@type\":\"SearchAction\",\"target\":{\"@type\":\"EntryPoint\",\"urlTemplate\":\"\\\/?s={search_term_string}\"},\"query-input\":{\"@type\":\"PropertyValueSpecification\",\"valueRequired\":true,\"valueName\":\"search_term_string\"}}],\"inLanguage\":\"en-US\"},{\"@type\":\"Organization\",\"@id\":\"\\\/#organization\",\"name\":\"digiDEM Bayern\",\"url\":\"\\\/\",\"logo\":{\"@type\":\"ImageObject\",\"inLanguage\":\"en-US\",\"@id\":\"\\\/#\\\/schema\\\/logo\\\/image\\\/\",\"url\":\"https:\\\/\\\/digidem-bayern.de\\\/wp-content\\\/uploads\\\/2022\\\/03\\\/cropped-Allgemeines_digiDEMLOGO-removebg-preview.png\",\"contentUrl\":\"https:\\\/\\\/digidem-bayern.de\\\/wp-content\\\/uploads\\\/2022\\\/03\\\/cropped-Allgemeines_digiDEMLOGO-removebg-preview.png\",\"width\":612,\"height\":357,\"caption\":\"digiDEM Bayern\"},\"image\":{\"@id\":\"\\\/#\\\/schema\\\/logo\\\/image\\\/\"},\"sameAs\":[\"https:\\\/\\\/www.facebook.com\\\/digiDEMBayern\\\/\",\"https:\\\/\\\/x.com\\\/digidem_bayern\",\"https:\\\/\\\/www.instagram.com\\\/digidem.bayern\",\"https:\\\/\\\/www.linkedin.com\\\/company\\\/digidem-bayern\\\/\"]},{\"@type\":\"Person\",\"@id\":\"\\\/#\\\/schema\\\/person\\\/0bc1494f46fc2a051c761322a80e0941\",\"name\":\"Ilona H\u00f6rath\",\"url\":\"https:\\\/\\\/digidem-bayern.de\\\/en\\\/author\\\/hoeratia\\\/\"}]}<\/script>\n<!-- \/ Yoast SEO plugin. -->","yoast_head_json":{"title":"Neue\u00a0digiDEM Bayern Demenzbibliothek\u00ae: Demenz-Wissensportal als Schl\u00fcssel f\u00fcr eine gr\u00f6\u00dfere Gesundheitskompetenz\u00a0 - digiDEM Bayern","description":"Der Bayerische Landesapothekerkammer unterst\u00fctzt digiDEM Bayern mit Hilfe des Netzwerks \"Demenzfreundliche Apotheken\".","robots":{"index":"index","follow":"follow","max-snippet":"max-snippet:-1","max-image-preview":"max-image-preview:large","max-video-preview":"max-video-preview:-1"},"canonical":"https:\/\/digidem-bayern.de\/en\/neue-digidem-bayern-demenzbibliothek-demenz-wissensportal-als-schluessel-fuer-eine-groessere-gesundheitskompetenz\/","og_locale":"en_US","og_type":"article","og_title":"Neue\u00a0digiDEM Bayern Demenzbibliothek\u00ae: Demenz-Wissensportal als Schl\u00fcssel f\u00fcr eine gr\u00f6\u00dfere Gesundheitskompetenz\u00a0 - digiDEM Bayern","og_description":"Der Bayerische Landesapothekerkammer unterst\u00fctzt digiDEM Bayern mit Hilfe des Netzwerks \"Demenzfreundliche Apotheken\".","og_url":"https:\/\/digidem-bayern.de\/en\/neue-digidem-bayern-demenzbibliothek-demenz-wissensportal-als-schluessel-fuer-eine-groessere-gesundheitskompetenz\/","og_site_name":"digiDEM Bayern","article_publisher":"https:\/\/www.facebook.com\/digiDEMBayern\/","article_published_time":"2025-05-20T06:43:45+00:00","article_modified_time":"2025-05-20T06:43:46+00:00","og_image":[{"width":856,"height":571,"url":"https:\/\/digidem-bayern.de\/wp-content\/uploads\/2025\/05\/Demenzbibliothek-shutterstock_2527801413-e1747583236489.jpg","type":"image\/jpeg"}],"author":"Ilona H\u00f6rath","twitter_misc":{"Written by":"Ilona H\u00f6rath","Est. reading time":"2 minutes"},"schema":{"@context":"https:\/\/schema.org","@graph":[{"@type":"Article","@id":"https:\/\/digidem-bayern.de\/neue-digidem-bayern-demenzbibliothek-demenz-wissensportal-als-schluessel-fuer-eine-groessere-gesundheitskompetenz\/#article","isPartOf":{"@id":"https:\/\/digidem-bayern.de\/neue-digidem-bayern-demenzbibliothek-demenz-wissensportal-als-schluessel-fuer-eine-groessere-gesundheitskompetenz\/"},"author":{"name":"Ilona H\u00f6rath","@id":"\/#\/schema\/person\/0bc1494f46fc2a051c761322a80e0941"},"headline":"Neue\u00a0digiDEM Bayern Demenzbibliothek\u00ae: Demenz-Wissensportal als Schl\u00fcssel f\u00fcr eine gr\u00f6\u00dfere Gesundheitskompetenz\u00a0","datePublished":"2025-05-20T06:43:45+00:00","dateModified":"2025-05-20T06:43:46+00:00","mainEntityOfPage":{"@id":"https:\/\/digidem-bayern.de\/neue-digidem-bayern-demenzbibliothek-demenz-wissensportal-als-schluessel-fuer-eine-groessere-gesundheitskompetenz\/"},"wordCount":626,"commentCount":0,"publisher":{"@id":"\/#organization"},"image":{"@id":"https:\/\/digidem-bayern.de\/neue-digidem-bayern-demenzbibliothek-demenz-wissensportal-als-schluessel-fuer-eine-groessere-gesundheitskompetenz\/#primaryimage"},"thumbnailUrl":"https:\/\/digidem-bayern.de\/wp-content\/uploads\/2025\/05\/Demenzbibliothek-shutterstock_2527801413-e1747583236489.jpg","keywords":["Alltagstipps","Alzheimer","Alzheimer-Demenz","ambulante Pflege","ambulante Unterst\u00fctzung","Aufkl\u00e4rung","Demenz","Demenz-Fr\u00fcherkennung","Demenz-Wissensportal","Demenzbibliothek","Demenzdiagnose","Demenzwissen","Depression","digidem","digidem Bayern","digiDEM Bayern Demenzbibliothek","Digitales Demenzregister Bayern","geistige Leistungsf\u00e4higkeit","Gesundheitskompetenz","H\u00e4usliche Pflege","kognitive Beeintr\u00e4chtigungen","MCI","Pr\u00e4vention","Unterst\u00fctzungsangebote","Wissensportal"],"articleSection":["Aktuelles zu digiDEM","Pressemitteilungen","Wissenschaft &amp; Forschung"],"inLanguage":"en-US","potentialAction":[{"@type":"CommentAction","name":"Comment","target":["https:\/\/digidem-bayern.de\/neue-digidem-bayern-demenzbibliothek-demenz-wissensportal-als-schluessel-fuer-eine-groessere-gesundheitskompetenz\/#respond"]}]},{"@type":"WebPage","@id":"https:\/\/digidem-bayern.de\/neue-digidem-bayern-demenzbibliothek-demenz-wissensportal-als-schluessel-fuer-eine-groessere-gesundheitskompetenz\/","url":"https:\/\/digidem-bayern.de\/neue-digidem-bayern-demenzbibliothek-demenz-wissensportal-als-schluessel-fuer-eine-groessere-gesundheitskompetenz\/","name":"Neue\u00a0digiDEM Bayern Demenzbibliothek\u00ae: Demenz-Wissensportal als Schl\u00fcssel f\u00fcr eine gr\u00f6\u00dfere Gesundheitskompetenz\u00a0 - digiDEM Bayern","isPartOf":{"@id":"\/#website"},"primaryImageOfPage":{"@id":"https:\/\/digidem-bayern.de\/neue-digidem-bayern-demenzbibliothek-demenz-wissensportal-als-schluessel-fuer-eine-groessere-gesundheitskompetenz\/#primaryimage"},"image":{"@id":"https:\/\/digidem-bayern.de\/neue-digidem-bayern-demenzbibliothek-demenz-wissensportal-als-schluessel-fuer-eine-groessere-gesundheitskompetenz\/#primaryimage"},"thumbnailUrl":"https:\/\/digidem-bayern.de\/wp-content\/uploads\/2025\/05\/Demenzbibliothek-shutterstock_2527801413-e1747583236489.jpg","datePublished":"2025-05-20T06:43:45+00:00","dateModified":"2025-05-20T06:43:46+00:00","description":"Der Bayerische Landesapothekerkammer unterst\u00fctzt digiDEM Bayern mit Hilfe des Netzwerks \"Demenzfreundliche Apotheken\".","breadcrumb":{"@id":"https:\/\/digidem-bayern.de\/neue-digidem-bayern-demenzbibliothek-demenz-wissensportal-als-schluessel-fuer-eine-groessere-gesundheitskompetenz\/#breadcrumb"},"inLanguage":"en-US","potentialAction":[{"@type":"ReadAction","target":["https:\/\/digidem-bayern.de\/neue-digidem-bayern-demenzbibliothek-demenz-wissensportal-als-schluessel-fuer-eine-groessere-gesundheitskompetenz\/"]}]},{"@type":"ImageObject","inLanguage":"en-US","@id":"https:\/\/digidem-bayern.de\/neue-digidem-bayern-demenzbibliothek-demenz-wissensportal-als-schluessel-fuer-eine-groessere-gesundheitskompetenz\/#primaryimage","url":"https:\/\/digidem-bayern.de\/wp-content\/uploads\/2025\/05\/Demenzbibliothek-shutterstock_2527801413-e1747583236489.jpg","contentUrl":"https:\/\/digidem-bayern.de\/wp-content\/uploads\/2025\/05\/Demenzbibliothek-shutterstock_2527801413-e1747583236489.jpg","width":856,"height":571,"caption":"Foto: Shutterstock"},{"@type":"BreadcrumbList","@id":"https:\/\/digidem-bayern.de\/neue-digidem-bayern-demenzbibliothek-demenz-wissensportal-als-schluessel-fuer-eine-groessere-gesundheitskompetenz\/#breadcrumb","itemListElement":[{"@type":"ListItem","position":1,"name":"Startseite","item":"https:\/\/digidem-bayern.de\/"},{"@type":"ListItem","position":2,"name":"Neue\u00a0digiDEM Bayern Demenzbibliothek\u00ae: Demenz-Wissensportal als Schl\u00fcssel f\u00fcr eine gr\u00f6\u00dfere Gesundheitskompetenz\u00a0"}]},{"@type":"WebSite","@id":"\/#website","url":"\/","name":"digiDEM Bavaria","description":"The digital dementia register in Bavaria researches and improves the structure of services for people with dementia and their relatives","publisher":{"@id":"\/#organization"},"potentialAction":[{"@type":"SearchAction","target":{"@type":"EntryPoint","urlTemplate":"\/?s={search_term_string}"},"query-input":{"@type":"PropertyValueSpecification","valueRequired":true,"valueName":"search_term_string"}}],"inLanguage":"en-US"},{"@type":"Organization","@id":"\/#organization","name":"digiDEM Bavaria","url":"\/","logo":{"@type":"ImageObject","inLanguage":"en-US","@id":"\/#\/schema\/logo\/image\/","url":"https:\/\/digidem-bayern.de\/wp-content\/uploads\/2022\/03\/cropped-Allgemeines_digiDEMLOGO-removebg-preview.png","contentUrl":"https:\/\/digidem-bayern.de\/wp-content\/uploads\/2022\/03\/cropped-Allgemeines_digiDEMLOGO-removebg-preview.png","width":612,"height":357,"caption":"digiDEM Bayern"},"image":{"@id":"\/#\/schema\/logo\/image\/"},"sameAs":["https:\/\/www.facebook.com\/digiDEMBayern\/","https:\/\/x.com\/digidem_bayern","https:\/\/www.instagram.com\/digidem.bayern","https:\/\/www.linkedin.com\/company\/digidem-bayern\/"]},{"@type":"Person","@id":"\/#\/schema\/person\/0bc1494f46fc2a051c761322a80e0941","name":"Ilona H\u00f6rath","url":"https:\/\/digidem-bayern.de\/en\/author\/hoeratia\/"}]}},"uagb_featured_image_src":{"full":["https:\/\/digidem-bayern.de\/wp-content\/uploads\/2025\/05\/Demenzbibliothek-shutterstock_2527801413-e1747583236489.jpg",856,571,false],"thumbnail":["https:\/\/digidem-bayern.de\/wp-content\/uploads\/2025\/05\/Demenzbibliothek-shutterstock_2527801413-e1747583236489-80x80.jpg",80,80,true],"medium":["https:\/\/digidem-bayern.de\/wp-content\/uploads\/2025\/05\/Demenzbibliothek-shutterstock_2527801413-e1747583236489-300x200.jpg",300,200,true],"medium_large":["https:\/\/digidem-bayern.de\/wp-content\/uploads\/2025\/05\/Demenzbibliothek-shutterstock_2527801413-e1747583236489-768x512.jpg",768,512,true],"large":["https:\/\/digidem-bayern.de\/wp-content\/uploads\/2025\/05\/Demenzbibliothek-shutterstock_2527801413-e1747583236489.jpg",856,571,false],"1536x1536":["https:\/\/digidem-bayern.de\/wp-content\/uploads\/2025\/05\/Demenzbibliothek-shutterstock_2527801413-e1747583236489.jpg",856,571,false],"2048x2048":["https:\/\/digidem-bayern.de\/wp-content\/uploads\/2025\/05\/Demenzbibliothek-shutterstock_2527801413-e1747583236489.jpg",856,571,false],"trp-custom-language-flag":["https:\/\/digidem-bayern.de\/wp-content\/uploads\/2025\/05\/Demenzbibliothek-shutterstock_2527801413-e1747583236489.jpg",18,12,false],"qubely_landscape":["https:\/\/digidem-bayern.de\/wp-content\/uploads\/2025\/05\/Demenzbibliothek-shutterstock_2527801413-e1747583236489.jpg",856,571,false],"qubely_portrait":["https:\/\/digidem-bayern.de\/wp-content\/uploads\/2025\/05\/Demenzbibliothek-shutterstock_2527801413-e1747583236489-540x320.jpg",540,320,true],"qubely_thumbnail":["https:\/\/digidem-bayern.de\/wp-content\/uploads\/2025\/05\/Demenzbibliothek-shutterstock_2527801413-e1747583236489-140x100.jpg",140,100,true],"post-thumbnail":["https:\/\/digidem-bayern.de\/wp-content\/uploads\/2025\/05\/Demenzbibliothek-shutterstock_2527801413-e1747583236489-525x350.jpg",525,350,true],"kahuna-featured":["https:\/\/digidem-bayern.de\/wp-content\/uploads\/2025\/05\/Demenzbibliothek-shutterstock_2527801413-e1747583236489-734x350.jpg",734,350,true],"kahuna-featured-lp":["https:\/\/digidem-bayern.de\/wp-content\/uploads\/2025\/05\/Demenzbibliothek-shutterstock_2527801413-e1747583236489-520x350.jpg",520,350,true],"kahuna-featured-half":["https:\/\/digidem-bayern.de\/wp-content\/uploads\/2025\/05\/Demenzbibliothek-shutterstock_2527801413-e1747583236489-800x350.jpg",800,350,true],"kahuna-featured-third":["https:\/\/digidem-bayern.de\/wp-content\/uploads\/2025\/05\/Demenzbibliothek-shutterstock_2527801413-e1747583236489-512x350.jpg",512,350,true],"kahuna-lpbox-1":["https:\/\/digidem-bayern.de\/wp-content\/uploads\/2025\/05\/Demenzbibliothek-shutterstock_2527801413-e1747583236489-520x300.jpg",520,300,true],"kahuna-lpbox-2":["https:\/\/digidem-bayern.de\/wp-content\/uploads\/2025\/05\/Demenzbibliothek-shutterstock_2527801413-e1747583236489-520x350.jpg",520,350,true],"demand-language-flag":["https:\/\/digidem-bayern.de\/wp-content\/uploads\/2025\/05\/Demenzbibliothek-shutterstock_2527801413-e1747583236489-36x36.jpg",36,36,true],"dddkt-language-flag":["https:\/\/digidem-bayern.de\/wp-content\/uploads\/2025\/05\/Demenzbibliothek-shutterstock_2527801413-e1747583236489-36x36.jpg",36,36,true],"ddiqc-language-flag":["https:\/\/digidem-bayern.de\/wp-content\/uploads\/2025\/05\/Demenzbibliothek-shutterstock_2527801413-e1747583236489-36x36.jpg",36,36,true],"ddtl-language-flag":["https:\/\/digidem-bayern.de\/wp-content\/uploads\/2025\/05\/Demenzbibliothek-shutterstock_2527801413-e1747583236489-36x36.jpg",36,36,true],"mailpoet_newsletter_max":["https:\/\/digidem-bayern.de\/wp-content\/uploads\/2025\/05\/Demenzbibliothek-shutterstock_2527801413-e1747583236489.jpg",856,571,false],"kahuna-lpbox-3":["https:\/\/digidem-bayern.de\/wp-content\/uploads\/2025\/05\/Demenzbibliothek-shutterstock_2527801413-e1747583236489-520x350.jpg",520,350,true],"kahuna-featured-square":["https:\/\/digidem-bayern.de\/wp-content\/uploads\/2025\/05\/Demenzbibliothek-shutterstock_2527801413-e1747583236489-512x512.jpg",512,512,true],"kahuna-featured-square-large":["https:\/\/digidem-bayern.de\/wp-content\/uploads\/2025\/05\/Demenzbibliothek-shutterstock_2527801413-e1747583236489.jpg",856,571,false]},"uagb_author_info":{"display_name":"Ilona H\u00f6rath","author_link":"https:\/\/digidem-bayern.de\/en\/author\/hoeratia\/"},"uagb_comment_info":25,"uagb_excerpt":"Wissen erwerben, Demenz fr\u00fch erkennen, die Lebensqualit\u00e4t verbessern: Mit dem neuen Angebot, der&nbsp;digiDEM Bayern Demenzbibliothek\u00ae, steht nun ein umfassendes und frei zug\u00e4ngliches Wissensportal bereit, das fundierte, wissenschaftlich abgesicherte und allgemeinverst\u00e4ndlich aufbereitete Informationen rund um das Thema Demenz einem breiten Publikum zur Verf\u00fcgung stellt. Ziel des neuen Angebots von digiDEM Bayern &hellip;","_links":{"self":[{"href":"https:\/\/digidem-bayern.de\/en\/wp-json\/wp\/v2\/posts\/43275","targetHints":{"allow":["GET"]}}],"collection":[{"href":"https:\/\/digidem-bayern.de\/en\/wp-json\/wp\/v2\/posts"}],"about":[{"href":"https:\/\/digidem-bayern.de\/en\/wp-json\/wp\/v2\/types\/post"}],"author":[{"embeddable":true,"href":"https:\/\/digidem-bayern.de\/en\/wp-json\/wp\/v2\/users\/12"}],"replies":[{"embeddable":true,"href":"https:\/\/digidem-bayern.de\/en\/wp-json\/wp\/v2\/comments?post=43275"}],"version-history":[{"count":4,"href":"https:\/\/digidem-bayern.de\/en\/wp-json\/wp\/v2\/posts\/43275\/revisions"}],"predecessor-version":[{"id":43423,"href":"https:\/\/digidem-bayern.de\/en\/wp-json\/wp\/v2\/posts\/43275\/revisions\/43423"}],"wp:featuredmedia":[{"embeddable":true,"href":"https:\/\/digidem-bayern.de\/en\/wp-json\/wp\/v2\/media\/43272"}],"wp:attachment":[{"href":"https:\/\/digidem-bayern.de\/en\/wp-json\/wp\/v2\/media?parent=43275"}],"wp:term":[{"taxonomy":"category","embeddable":true,"href":"https:\/\/digidem-bayern.de\/en\/wp-json\/wp\/v2\/categories?post=43275"},{"taxonomy":"post_tag","embeddable":true,"href":"https:\/\/digidem-bayern.de\/en\/wp-json\/wp\/v2\/tags?post=43275"}],"curies":[{"name":"wp","href":"https:\/\/api.w.org\/{rel}","templated":true}]}}