{"id":4325,"date":"2020-01-14T09:16:26","date_gmt":"2020-01-14T08:16:26","guid":{"rendered":"https:\/\/digidem-bayern.de\/?p=4325"},"modified":"2021-02-08T09:31:21","modified_gmt":"2021-02-08T08:31:21","slug":"kann-der-einsatz-von-hoergeraeten-eine-demenzdiagnose-verzoegern","status":"publish","type":"post","link":"https:\/\/digidem-bayern.de\/en\/kann-der-einsatz-von-hoergeraeten-eine-demenzdiagnose-verzoegern\/","title":{"rendered":"Kann der Einsatz von H\u00f6rger\u00e4ten eine Demenzdiagnose verz\u00f6gern?"},"content":{"rendered":"<h4 class=\"wp-block-heading\">Wenn H\u00f6rsch\u00e4digungen und Demenz zusammenh\u00e4ngen, welche Rolle k\u00f6nnen dann H\u00f6rger\u00e4te spielen? K\u00f6nnen sie bei schwerh\u00f6rigen Menschen die Diagnose einer Demenz verz\u00f6gern? Das haben Forscher aus Michigan\/USA untersucht. <\/h4>\n\n\n\n<div class=\"wp-block-image\"><figure class=\"alignleft size-medium\"><img loading=\"lazy\" decoding=\"async\" width=\"300\" height=\"200\" src=\"https:\/\/test.digidem-bayern.de\/wp-content\/uploads\/2020\/01\/hand-287292_1280-300x200.jpg\" alt=\"H\u00f6rger\u00e4t \" class=\"wp-image-4328\" srcset=\"https:\/\/digidem-bayern.de\/wp-content\/uploads\/2020\/01\/hand-287292_1280-300x200.jpg 300w, https:\/\/digidem-bayern.de\/wp-content\/uploads\/2020\/01\/hand-287292_1280-1030x686.jpg 1030w, https:\/\/digidem-bayern.de\/wp-content\/uploads\/2020\/01\/hand-287292_1280-768x511.jpg 768w, https:\/\/digidem-bayern.de\/wp-content\/uploads\/2020\/01\/hand-287292_1280-495x329.jpg 495w, https:\/\/digidem-bayern.de\/wp-content\/uploads\/2020\/01\/hand-287292_1280.jpg 1280w\" sizes=\"auto, (max-width: 300px) 100vw, 300px\" \/><\/figure><\/div>\n\n\n\n<p>Hintergrund\nder Studie, die im <em>Journal of the\nAmerican Geriatrics Society ver\u00f6ffentlicht wurde: <\/em>Trotz des Zusammenhangs\nzwischen H\u00f6rsch\u00e4digungen und Demenzerkrankungen und einer Zunahme von\nH\u00f6rsch\u00e4digungen bei \u00e4lteren Menschen in Folge des demografischen Wandels werden\nH\u00f6rger\u00e4te nach Einsch\u00e4tzung der Autoren eher selten und ungern verwendet. Als\nm\u00f6gliche Ursachen wurden in der Forschung diskutiert: mangelnde wahrgenommene\nNotwendigkeit, begrenzter offensichtlicher Nutzen, unangenehme Anpassung,\nStigmatisierung und Kosten.<\/p>\n\n\n\n<p><strong>Daten von\nknapp 115.000 US-B\u00fcrgern untersucht<\/strong><\/p>\n\n\n\n<p>Da\nfr\u00fchere Forschungsergebnisse auf einen starken Zusammenhang zwischen H\u00f6rsch\u00e4digung\nund negativen Lebensumst\u00e4nden wie soziale Isolation, Depression, kognitiver\nR\u00fcckgang, Verletzungen in Folge von St\u00fcrzen sowie reduzierte Lebensqualit\u00e4t\nhinwiesen, wollten die Forscher herausfinden, wie H\u00f6rger\u00e4te als Behandlungsintervention\nwirken k\u00f6nnen. In einer retrospektiven Studie untersuchten sie den Zusammenhang\nzwischen dem Tragen von H\u00f6rger\u00e4ten und der Zeit bis zur Diagnose von drei\naltersbedingten Erkrankungen, die mit H\u00f6rsch\u00e4digung assoziiert werden: Alzheimer\nund Demenz, Angstzust\u00e4nde und Depression sowie St\u00fcrze. Der Beobachtungszeitraum\nbetrug drei Jahre nach der Diagnose der Schwerh\u00f6rigkeit. Die Wissenschaftler\nuntersuchten die Daten von 114.862 US-amerikanischen Frauen und M\u00e4nnern aus dem\nZeitraum 2008 \u2013 2016. Sie waren 66 Jahre und \u00e4lter und hatten eine diagnostizierte\nH\u00f6rsch\u00e4digung.<\/p>\n\n\n\n<p><strong>Ethnische und\ngeschlechtsspezifische Unterschiede beim Tragen von H\u00f6rger\u00e4ten<\/strong><\/p>\n\n\n\n<p>Das Ergebnis\nder Studie: Die Verwendung von H\u00f6rger\u00e4ten ist mit einer verz\u00f6gerten Diagnose\nvon Alzheimer, Demenz, Depression, Angstzust\u00e4nden und St\u00fcrzen bei \u00e4lteren\nErwachsenen mit H\u00f6rsch\u00e4digung verbunden. Die Probanden, die H\u00f6rger\u00e4te trugen,\nhatten ein signifikant geringeres Risiko f\u00fcr eine Diagnose der drei\nuntersuchten Erkrankungen. Zudem zeigte die Analyse deutliche ethnische und\ngeschlechtsspezifische Unterschiede bei der Verwendung von H\u00f6rger\u00e4ten. So\nwurden sie von rund 11,3 Prozent der Frauen gegen\u00fcber 13,3 Prozent der M\u00e4nner\ngetragen. Ungef\u00e4hr 13,6 Prozent der wei\u00dfen Probanden verwendeten H\u00f6rger\u00e4te\ngegen\u00fcber 9,8 Prozent der schwarzen und 6,5 Prozent der hispanischen. <\/p>\n\n\n\n<p>Auf\nBasis dieser Ergebnisse betonen die Autoren die Bedeutung von H\u00f6rger\u00e4ten bei\nder Pr\u00e4vention von Demenz und gehen auch auf fr\u00fchere Studienergebnisse ein:\n\u201eL\u00e4ngere sensorische Deprivation aufgrund von H\u00f6r- oder Sehverlust wurde mit\nsozialer Isolation, Delirium und kognitivem R\u00fcckgang in Verbindung gebracht.\nUnsere Ergebnisse belegen zus\u00e4tzlich, dass H\u00f6rsch\u00e4digung ein modifizierbarer\nRisikofaktor (durch H\u00f6rger\u00e4te-Intervention) f\u00fcr Alzheimer oder Demenz sein\nkann.\u201c <\/p>\n\n\n\n<p><em>Weitere\nInformationen finden Sie hier:<\/em><\/p>\n\n\n\n<p><a href=\"https:\/\/onlinelibrary.wiley.com\/doi\/10.1111\/jgs.16109\">https:\/\/onlinelibrary.wiley.com\/doi\/10.1111\/jgs.16109<\/a><\/p>","protected":false},"excerpt":{"rendered":"<p>Wenn H\u00f6rsch\u00e4digungen und Demenz zusammenh\u00e4ngen, welche Rolle k\u00f6nnen dann H\u00f6rger\u00e4te spielen? K\u00f6nnen sie bei schwerh\u00f6rigen Menschen die Diagnose einer Demenz verz\u00f6gern? Das haben Forscher aus Michigan\/USA untersucht. Hintergrund der Studie, die im Journal of the American Geriatrics Society ver\u00f6ffentlicht wurde: Trotz des Zusammenhangs zwischen H\u00f6rsch\u00e4digungen und Demenzerkrankungen und einer Zunahme &hellip;<\/p>","protected":false},"author":11,"featured_media":10318,"comment_status":"open","ping_status":"closed","sticky":false,"template":"","format":"standard","meta":{"qubely_global_settings":"","qubely_interactions":"","_uag_custom_page_level_css":"","footnotes":""},"categories":[5],"tags":[13,11,14,17,55,60,58,61],"class_list":["post-4325","post","type-post","status-publish","format-standard","has-post-thumbnail","hentry","category-wissenschaft-forschung","tag-alzheimer","tag-demenz","tag-digidem","tag-digidem-bayern","tag-digitales-demenzregister-bayern","tag-hoerbeeintraechtigung","tag-hoergeraete","tag-schwerhoerigkeit"],"qubely_featured_image_url":{"full":["https:\/\/digidem-bayern.de\/wp-content\/uploads\/2020\/01\/hand-287294_1280.jpg",1280,852,false],"landscape":["https:\/\/digidem-bayern.de\/wp-content\/uploads\/2020\/01\/hand-287294_1280-1200x750.jpg",1200,750,true],"portraits":["https:\/\/digidem-bayern.de\/wp-content\/uploads\/2020\/01\/hand-287294_1280-540x320.jpg",540,320,true],"thumbnail":["https:\/\/digidem-bayern.de\/wp-content\/uploads\/2020\/01\/hand-287294_1280-80x80.jpg",80,80,true],"medium":["https:\/\/digidem-bayern.de\/wp-content\/uploads\/2020\/01\/hand-287294_1280-300x200.jpg",300,200,true],"medium_large":["https:\/\/digidem-bayern.de\/wp-content\/uploads\/2020\/01\/hand-287294_1280-768x511.jpg",768,511,true],"large":["https:\/\/digidem-bayern.de\/wp-content\/uploads\/2020\/01\/hand-287294_1280-1030x686.jpg",1030,686,true],"1536x1536":["https:\/\/digidem-bayern.de\/wp-content\/uploads\/2020\/01\/hand-287294_1280.jpg",1280,852,false],"2048x2048":["https:\/\/digidem-bayern.de\/wp-content\/uploads\/2020\/01\/hand-287294_1280.jpg",1280,852,false],"trp-custom-language-flag":["https:\/\/digidem-bayern.de\/wp-content\/uploads\/2020\/01\/hand-287294_1280.jpg",18,12,false],"qubely_landscape":["https:\/\/digidem-bayern.de\/wp-content\/uploads\/2020\/01\/hand-287294_1280-1200x750.jpg",1200,750,true],"qubely_portrait":["https:\/\/digidem-bayern.de\/wp-content\/uploads\/2020\/01\/hand-287294_1280-540x320.jpg",540,320,true],"qubely_thumbnail":["https:\/\/digidem-bayern.de\/wp-content\/uploads\/2020\/01\/hand-287294_1280-140x100.jpg",140,100,true],"post-thumbnail":["https:\/\/digidem-bayern.de\/wp-content\/uploads\/2020\/01\/hand-287294_1280-526x350.jpg",526,350,true],"kahuna-featured":["https:\/\/digidem-bayern.de\/wp-content\/uploads\/2020\/01\/hand-287294_1280-649x350.jpg",649,350,true],"kahuna-featured-lp":["https:\/\/digidem-bayern.de\/wp-content\/uploads\/2020\/01\/hand-287294_1280-460x350.jpg",460,350,true],"kahuna-featured-half":["https:\/\/digidem-bayern.de\/wp-content\/uploads\/2020\/01\/hand-287294_1280-800x350.jpg",800,350,true],"kahuna-featured-third":["https:\/\/digidem-bayern.de\/wp-content\/uploads\/2020\/01\/hand-287294_1280-512x350.jpg",512,350,true],"kahuna-lpbox-1":["https:\/\/digidem-bayern.de\/wp-content\/uploads\/2020\/01\/hand-287294_1280-460x350.jpg",394,300,true],"kahuna-lpbox-2":["https:\/\/digidem-bayern.de\/wp-content\/uploads\/2020\/01\/hand-287294_1280-460x350.jpg",460,350,true],"demand-language-flag":["https:\/\/digidem-bayern.de\/wp-content\/uploads\/2020\/01\/hand-287294_1280.jpg",36,24,false],"dddkt-language-flag":["https:\/\/digidem-bayern.de\/wp-content\/uploads\/2020\/01\/hand-287294_1280.jpg",36,24,false],"ddiqc-language-flag":["https:\/\/digidem-bayern.de\/wp-content\/uploads\/2020\/01\/hand-287294_1280.jpg",36,24,false],"ddtl-language-flag":["https:\/\/digidem-bayern.de\/wp-content\/uploads\/2020\/01\/hand-287294_1280.jpg",36,24,false],"mailpoet_newsletter_max":["https:\/\/digidem-bayern.de\/wp-content\/uploads\/2020\/01\/hand-287294_1280.jpg",1280,852,false],"kahuna-lpbox-3":["https:\/\/digidem-bayern.de\/wp-content\/uploads\/2020\/01\/hand-287294_1280-460x350.jpg",460,350,true],"kahuna-featured-square":["https:\/\/digidem-bayern.de\/wp-content\/uploads\/2020\/01\/hand-287294_1280-512x512.jpg",512,512,true],"kahuna-featured-square-large":["https:\/\/digidem-bayern.de\/wp-content\/uploads\/2020\/01\/hand-287294_1280-1024x852.jpg",1024,852,true]},"qubely_author":{"display_name":"Michael Zeiler","author_link":"https:\/\/digidem-bayern.de\/en\/author\/michael-zeiler\/"},"qubely_comment":4,"qubely_category":"<a href=\"https:\/\/digidem-bayern.de\/en\/category\/wissenschaft-forschung\/\" rel=\"category tag\">Wissenschaft &amp; Forschung<\/a>","qubely_excerpt":"Wenn H\u00f6rsch\u00e4digungen und Demenz zusammenh\u00e4ngen, welche Rolle k\u00f6nnen dann H\u00f6rger\u00e4te spielen? K\u00f6nnen sie bei schwerh\u00f6rigen Menschen die Diagnose einer Demenz verz\u00f6gern? Das haben Forscher aus Michigan\/USA untersucht. Hintergrund der Studie, die im Journal of the American Geriatrics Society ver\u00f6ffentlicht wurde: Trotz des Zusammenhangs zwischen H\u00f6rsch\u00e4digungen und Demenzerkrankungen und einer Zunahme &hellip;","featured_image_urls_v2":{"full":["https:\/\/digidem-bayern.de\/wp-content\/uploads\/2020\/01\/hand-287294_1280.jpg",1280,852,false],"thumbnail":["https:\/\/digidem-bayern.de\/wp-content\/uploads\/2020\/01\/hand-287294_1280-80x80.jpg",80,80,true],"medium":["https:\/\/digidem-bayern.de\/wp-content\/uploads\/2020\/01\/hand-287294_1280-300x200.jpg",300,200,true],"medium_large":["https:\/\/digidem-bayern.de\/wp-content\/uploads\/2020\/01\/hand-287294_1280-768x511.jpg",768,511,true],"large":["https:\/\/digidem-bayern.de\/wp-content\/uploads\/2020\/01\/hand-287294_1280-1030x686.jpg",1030,686,true],"1536x1536":["https:\/\/digidem-bayern.de\/wp-content\/uploads\/2020\/01\/hand-287294_1280.jpg",1280,852,false],"2048x2048":["https:\/\/digidem-bayern.de\/wp-content\/uploads\/2020\/01\/hand-287294_1280.jpg",1280,852,false],"trp-custom-language-flag":["https:\/\/digidem-bayern.de\/wp-content\/uploads\/2020\/01\/hand-287294_1280.jpg",18,12,false],"qubely_landscape":["https:\/\/digidem-bayern.de\/wp-content\/uploads\/2020\/01\/hand-287294_1280-1200x750.jpg",1200,750,true],"qubely_portrait":["https:\/\/digidem-bayern.de\/wp-content\/uploads\/2020\/01\/hand-287294_1280-540x320.jpg",540,320,true],"qubely_thumbnail":["https:\/\/digidem-bayern.de\/wp-content\/uploads\/2020\/01\/hand-287294_1280-140x100.jpg",140,100,true],"post-thumbnail":["https:\/\/digidem-bayern.de\/wp-content\/uploads\/2020\/01\/hand-287294_1280-526x350.jpg",526,350,true],"kahuna-featured":["https:\/\/digidem-bayern.de\/wp-content\/uploads\/2020\/01\/hand-287294_1280-649x350.jpg",649,350,true],"kahuna-featured-lp":["https:\/\/digidem-bayern.de\/wp-content\/uploads\/2020\/01\/hand-287294_1280-460x350.jpg",460,350,true],"kahuna-featured-half":["https:\/\/digidem-bayern.de\/wp-content\/uploads\/2020\/01\/hand-287294_1280-800x350.jpg",800,350,true],"kahuna-featured-third":["https:\/\/digidem-bayern.de\/wp-content\/uploads\/2020\/01\/hand-287294_1280-512x350.jpg",512,350,true],"kahuna-lpbox-1":["https:\/\/digidem-bayern.de\/wp-content\/uploads\/2020\/01\/hand-287294_1280-460x350.jpg",394,300,true],"kahuna-lpbox-2":["https:\/\/digidem-bayern.de\/wp-content\/uploads\/2020\/01\/hand-287294_1280-460x350.jpg",460,350,true],"demand-language-flag":["https:\/\/digidem-bayern.de\/wp-content\/uploads\/2020\/01\/hand-287294_1280.jpg",36,24,false],"dddkt-language-flag":["https:\/\/digidem-bayern.de\/wp-content\/uploads\/2020\/01\/hand-287294_1280.jpg",36,24,false],"ddiqc-language-flag":["https:\/\/digidem-bayern.de\/wp-content\/uploads\/2020\/01\/hand-287294_1280.jpg",36,24,false],"ddtl-language-flag":["https:\/\/digidem-bayern.de\/wp-content\/uploads\/2020\/01\/hand-287294_1280.jpg",36,24,false],"mailpoet_newsletter_max":["https:\/\/digidem-bayern.de\/wp-content\/uploads\/2020\/01\/hand-287294_1280.jpg",1280,852,false],"kahuna-lpbox-3":["https:\/\/digidem-bayern.de\/wp-content\/uploads\/2020\/01\/hand-287294_1280-460x350.jpg",460,350,true],"kahuna-featured-square":["https:\/\/digidem-bayern.de\/wp-content\/uploads\/2020\/01\/hand-287294_1280-512x512.jpg",512,512,true],"kahuna-featured-square-large":["https:\/\/digidem-bayern.de\/wp-content\/uploads\/2020\/01\/hand-287294_1280-1024x852.jpg",1024,852,true]},"post_excerpt_stackable_v2":"<p>Wenn H\u00f6rsch\u00e4digungen und Demenz zusammenh\u00e4ngen, welche Rolle k\u00f6nnen dann H\u00f6rger\u00e4te spielen? K\u00f6nnen sie bei schwerh\u00f6rigen Menschen die Diagnose einer Demenz verz\u00f6gern? Das haben Forscher aus Michigan\/USA untersucht. Hintergrund der Studie, die im Journal of the American Geriatrics Society ver\u00f6ffentlicht wurde: Trotz des Zusammenhangs zwischen H\u00f6rsch\u00e4digungen und Demenzerkrankungen und einer Zunahme von H\u00f6rsch\u00e4digungen bei \u00e4lteren Menschen in Folge des demografischen Wandels werden H\u00f6rger\u00e4te nach Einsch\u00e4tzung der Autoren eher selten und ungern verwendet. Als m\u00f6gliche Ursachen wurden in der Forschung diskutiert: mangelnde wahrgenommene Notwendigkeit, begrenzter offensichtlicher Nutzen, unangenehme Anpassung, Stigmatisierung und Kosten. Daten von knapp 115.000 US-B\u00fcrgern untersucht Da fr\u00fchere Forschungsergebnisse auf&hellip;<\/p>\n","category_list_v2":"<a href=\"https:\/\/digidem-bayern.de\/en\/category\/wissenschaft-forschung\/\" rel=\"category tag\">Wissenschaft &amp; Forschung<\/a>","author_info_v2":{"name":"Michael Zeiler","url":"https:\/\/digidem-bayern.de\/en\/author\/michael-zeiler\/"},"comments_num_v2":"2 comments","yoast_head":"<!-- This site is optimized with the Yoast SEO plugin v27.4 - https:\/\/yoast.com\/product\/yoast-seo-wordpress\/ -->\n<title>Kann der Einsatz von H\u00f6rger\u00e4ten eine Demenzdiagnose verz\u00f6gern? - digiDEM Bayern<\/title>\n<meta name=\"description\" content=\"K\u00f6nnen H\u00f6rger\u00e4te bei schwerh\u00f6rigen Menschen die Diagnose einer Demenz verz\u00f6gern? Das haben Forscher aus Michigan\/USA untersucht.\" \/>\n<meta name=\"robots\" content=\"index, follow, max-snippet:-1, max-image-preview:large, max-video-preview:-1\" \/>\n<link rel=\"canonical\" href=\"https:\/\/digidem-bayern.de\/en\/kann-der-einsatz-von-hoergeraeten-eine-demenzdiagnose-verzoegern\/\" \/>\n<meta property=\"og:locale\" content=\"en_US\" \/>\n<meta property=\"og:type\" content=\"article\" \/>\n<meta property=\"og:title\" content=\"Kann der Einsatz von H\u00f6rger\u00e4ten eine Demenzdiagnose verz\u00f6gern? - digiDEM Bayern\" \/>\n<meta property=\"og:description\" content=\"K\u00f6nnen H\u00f6rger\u00e4te bei schwerh\u00f6rigen Menschen die Diagnose einer Demenz verz\u00f6gern? Das haben Forscher aus Michigan\/USA untersucht.\" \/>\n<meta property=\"og:url\" content=\"https:\/\/digidem-bayern.de\/en\/kann-der-einsatz-von-hoergeraeten-eine-demenzdiagnose-verzoegern\/\" \/>\n<meta property=\"og:site_name\" content=\"digiDEM Bayern\" \/>\n<meta property=\"article:publisher\" content=\"https:\/\/www.facebook.com\/digiDEMBayern\/\" \/>\n<meta property=\"article:published_time\" content=\"2020-01-14T08:16:26+00:00\" \/>\n<meta property=\"article:modified_time\" content=\"2021-02-08T08:31:21+00:00\" \/>\n<meta property=\"og:image\" content=\"https:\/\/digidem-bayern.de\/wp-content\/uploads\/2020\/01\/hand-287294_1280.jpg\" \/>\n\t<meta property=\"og:image:width\" content=\"1280\" \/>\n\t<meta property=\"og:image:height\" content=\"852\" \/>\n\t<meta property=\"og:image:type\" content=\"image\/jpeg\" \/>\n<meta name=\"author\" content=\"Michael Zeiler\" \/>\n<meta name=\"twitter:label1\" content=\"Written by\" \/>\n\t<meta name=\"twitter:data1\" content=\"Michael Zeiler\" \/>\n\t<meta name=\"twitter:label2\" content=\"Est. reading time\" \/>\n\t<meta name=\"twitter:data2\" content=\"2 minutes\" \/>\n<script type=\"application\/ld+json\" class=\"yoast-schema-graph\">{\"@context\":\"https:\\\/\\\/schema.org\",\"@graph\":[{\"@type\":\"Article\",\"@id\":\"https:\\\/\\\/digidem-bayern.de\\\/kann-der-einsatz-von-hoergeraeten-eine-demenzdiagnose-verzoegern\\\/#article\",\"isPartOf\":{\"@id\":\"https:\\\/\\\/digidem-bayern.de\\\/kann-der-einsatz-von-hoergeraeten-eine-demenzdiagnose-verzoegern\\\/\"},\"author\":{\"name\":\"Michael Zeiler\",\"@id\":\"\\\/#\\\/schema\\\/person\\\/92754ad381f49b3c358d1d8d2c4f90b8\"},\"headline\":\"Kann der Einsatz von H\u00f6rger\u00e4ten eine Demenzdiagnose verz\u00f6gern?\",\"datePublished\":\"2020-01-14T08:16:26+00:00\",\"dateModified\":\"2021-02-08T08:31:21+00:00\",\"mainEntityOfPage\":{\"@id\":\"https:\\\/\\\/digidem-bayern.de\\\/kann-der-einsatz-von-hoergeraeten-eine-demenzdiagnose-verzoegern\\\/\"},\"wordCount\":449,\"commentCount\":2,\"publisher\":{\"@id\":\"\\\/#organization\"},\"image\":{\"@id\":\"https:\\\/\\\/digidem-bayern.de\\\/kann-der-einsatz-von-hoergeraeten-eine-demenzdiagnose-verzoegern\\\/#primaryimage\"},\"thumbnailUrl\":\"https:\\\/\\\/digidem-bayern.de\\\/wp-content\\\/uploads\\\/2020\\\/01\\\/hand-287294_1280.jpg\",\"keywords\":[\"Alzheimer\",\"Demenz.\",\"digidem\",\"digidem Bayern\",\"Digitales Demenzregister Bayern\",\"H\u00f6rbeeintr\u00e4chtigung\",\"H\u00f6rger\u00e4te\",\"Schwerh\u00f6rigkeit\"],\"articleSection\":[\"Wissenschaft &amp; Forschung\"],\"inLanguage\":\"en-US\",\"potentialAction\":[{\"@type\":\"CommentAction\",\"name\":\"Comment\",\"target\":[\"https:\\\/\\\/digidem-bayern.de\\\/kann-der-einsatz-von-hoergeraeten-eine-demenzdiagnose-verzoegern\\\/#respond\"]}]},{\"@type\":\"WebPage\",\"@id\":\"https:\\\/\\\/digidem-bayern.de\\\/kann-der-einsatz-von-hoergeraeten-eine-demenzdiagnose-verzoegern\\\/\",\"url\":\"https:\\\/\\\/digidem-bayern.de\\\/kann-der-einsatz-von-hoergeraeten-eine-demenzdiagnose-verzoegern\\\/\",\"name\":\"Kann der Einsatz von H\u00f6rger\u00e4ten eine Demenzdiagnose verz\u00f6gern? - digiDEM Bayern\",\"isPartOf\":{\"@id\":\"\\\/#website\"},\"primaryImageOfPage\":{\"@id\":\"https:\\\/\\\/digidem-bayern.de\\\/kann-der-einsatz-von-hoergeraeten-eine-demenzdiagnose-verzoegern\\\/#primaryimage\"},\"image\":{\"@id\":\"https:\\\/\\\/digidem-bayern.de\\\/kann-der-einsatz-von-hoergeraeten-eine-demenzdiagnose-verzoegern\\\/#primaryimage\"},\"thumbnailUrl\":\"https:\\\/\\\/digidem-bayern.de\\\/wp-content\\\/uploads\\\/2020\\\/01\\\/hand-287294_1280.jpg\",\"datePublished\":\"2020-01-14T08:16:26+00:00\",\"dateModified\":\"2021-02-08T08:31:21+00:00\",\"description\":\"K\u00f6nnen H\u00f6rger\u00e4te bei schwerh\u00f6rigen Menschen die Diagnose einer Demenz verz\u00f6gern? Das haben Forscher aus Michigan\\\/USA untersucht.\",\"breadcrumb\":{\"@id\":\"https:\\\/\\\/digidem-bayern.de\\\/kann-der-einsatz-von-hoergeraeten-eine-demenzdiagnose-verzoegern\\\/#breadcrumb\"},\"inLanguage\":\"en-US\",\"potentialAction\":[{\"@type\":\"ReadAction\",\"target\":[\"https:\\\/\\\/digidem-bayern.de\\\/kann-der-einsatz-von-hoergeraeten-eine-demenzdiagnose-verzoegern\\\/\"]}]},{\"@type\":\"ImageObject\",\"inLanguage\":\"en-US\",\"@id\":\"https:\\\/\\\/digidem-bayern.de\\\/kann-der-einsatz-von-hoergeraeten-eine-demenzdiagnose-verzoegern\\\/#primaryimage\",\"url\":\"https:\\\/\\\/digidem-bayern.de\\\/wp-content\\\/uploads\\\/2020\\\/01\\\/hand-287294_1280.jpg\",\"contentUrl\":\"https:\\\/\\\/digidem-bayern.de\\\/wp-content\\\/uploads\\\/2020\\\/01\\\/hand-287294_1280.jpg\",\"width\":1280,\"height\":852},{\"@type\":\"BreadcrumbList\",\"@id\":\"https:\\\/\\\/digidem-bayern.de\\\/kann-der-einsatz-von-hoergeraeten-eine-demenzdiagnose-verzoegern\\\/#breadcrumb\",\"itemListElement\":[{\"@type\":\"ListItem\",\"position\":1,\"name\":\"Startseite\",\"item\":\"https:\\\/\\\/digidem-bayern.de\\\/\"},{\"@type\":\"ListItem\",\"position\":2,\"name\":\"Kann der Einsatz von H\u00f6rger\u00e4ten eine Demenzdiagnose verz\u00f6gern?\"}]},{\"@type\":\"WebSite\",\"@id\":\"\\\/#website\",\"url\":\"\\\/\",\"name\":\"digiDEM Bayern\",\"description\":\"Das digitale Demenzregister Bayern erforscht und verbessert die Angebotsstuktur f\u00fcr Menschen mit Demenz und deren Angeh\u00f6rige\",\"publisher\":{\"@id\":\"\\\/#organization\"},\"potentialAction\":[{\"@type\":\"SearchAction\",\"target\":{\"@type\":\"EntryPoint\",\"urlTemplate\":\"\\\/?s={search_term_string}\"},\"query-input\":{\"@type\":\"PropertyValueSpecification\",\"valueRequired\":true,\"valueName\":\"search_term_string\"}}],\"inLanguage\":\"en-US\"},{\"@type\":\"Organization\",\"@id\":\"\\\/#organization\",\"name\":\"digiDEM Bayern\",\"url\":\"\\\/\",\"logo\":{\"@type\":\"ImageObject\",\"inLanguage\":\"en-US\",\"@id\":\"\\\/#\\\/schema\\\/logo\\\/image\\\/\",\"url\":\"https:\\\/\\\/digidem-bayern.de\\\/wp-content\\\/uploads\\\/2022\\\/03\\\/cropped-Allgemeines_digiDEMLOGO-removebg-preview.png\",\"contentUrl\":\"https:\\\/\\\/digidem-bayern.de\\\/wp-content\\\/uploads\\\/2022\\\/03\\\/cropped-Allgemeines_digiDEMLOGO-removebg-preview.png\",\"width\":612,\"height\":357,\"caption\":\"digiDEM Bayern\"},\"image\":{\"@id\":\"\\\/#\\\/schema\\\/logo\\\/image\\\/\"},\"sameAs\":[\"https:\\\/\\\/www.facebook.com\\\/digiDEMBayern\\\/\",\"https:\\\/\\\/x.com\\\/digidem_bayern\",\"https:\\\/\\\/www.instagram.com\\\/digidem.bayern\",\"https:\\\/\\\/www.linkedin.com\\\/company\\\/digidem-bayern\\\/\"]},{\"@type\":\"Person\",\"@id\":\"\\\/#\\\/schema\\\/person\\\/92754ad381f49b3c358d1d8d2c4f90b8\",\"name\":\"Michael Zeiler\",\"url\":\"https:\\\/\\\/digidem-bayern.de\\\/en\\\/author\\\/michael-zeiler\\\/\"}]}<\/script>\n<!-- \/ Yoast SEO plugin. -->","yoast_head_json":{"title":"Kann der Einsatz von H\u00f6rger\u00e4ten eine Demenzdiagnose verz\u00f6gern? - digiDEM Bayern","description":"K\u00f6nnen H\u00f6rger\u00e4te bei schwerh\u00f6rigen Menschen die Diagnose einer Demenz verz\u00f6gern? Das haben Forscher aus Michigan\/USA untersucht.","robots":{"index":"index","follow":"follow","max-snippet":"max-snippet:-1","max-image-preview":"max-image-preview:large","max-video-preview":"max-video-preview:-1"},"canonical":"https:\/\/digidem-bayern.de\/en\/kann-der-einsatz-von-hoergeraeten-eine-demenzdiagnose-verzoegern\/","og_locale":"en_US","og_type":"article","og_title":"Kann der Einsatz von H\u00f6rger\u00e4ten eine Demenzdiagnose verz\u00f6gern? - digiDEM Bayern","og_description":"K\u00f6nnen H\u00f6rger\u00e4te bei schwerh\u00f6rigen Menschen die Diagnose einer Demenz verz\u00f6gern? Das haben Forscher aus Michigan\/USA untersucht.","og_url":"https:\/\/digidem-bayern.de\/en\/kann-der-einsatz-von-hoergeraeten-eine-demenzdiagnose-verzoegern\/","og_site_name":"digiDEM Bayern","article_publisher":"https:\/\/www.facebook.com\/digiDEMBayern\/","article_published_time":"2020-01-14T08:16:26+00:00","article_modified_time":"2021-02-08T08:31:21+00:00","og_image":[{"width":1280,"height":852,"url":"https:\/\/digidem-bayern.de\/wp-content\/uploads\/2020\/01\/hand-287294_1280.jpg","type":"image\/jpeg"}],"author":"Michael Zeiler","twitter_misc":{"Written by":"Michael Zeiler","Est. reading time":"2 minutes"},"schema":{"@context":"https:\/\/schema.org","@graph":[{"@type":"Article","@id":"https:\/\/digidem-bayern.de\/kann-der-einsatz-von-hoergeraeten-eine-demenzdiagnose-verzoegern\/#article","isPartOf":{"@id":"https:\/\/digidem-bayern.de\/kann-der-einsatz-von-hoergeraeten-eine-demenzdiagnose-verzoegern\/"},"author":{"name":"Michael Zeiler","@id":"\/#\/schema\/person\/92754ad381f49b3c358d1d8d2c4f90b8"},"headline":"Kann der Einsatz von H\u00f6rger\u00e4ten eine Demenzdiagnose verz\u00f6gern?","datePublished":"2020-01-14T08:16:26+00:00","dateModified":"2021-02-08T08:31:21+00:00","mainEntityOfPage":{"@id":"https:\/\/digidem-bayern.de\/kann-der-einsatz-von-hoergeraeten-eine-demenzdiagnose-verzoegern\/"},"wordCount":449,"commentCount":2,"publisher":{"@id":"\/#organization"},"image":{"@id":"https:\/\/digidem-bayern.de\/kann-der-einsatz-von-hoergeraeten-eine-demenzdiagnose-verzoegern\/#primaryimage"},"thumbnailUrl":"https:\/\/digidem-bayern.de\/wp-content\/uploads\/2020\/01\/hand-287294_1280.jpg","keywords":["Alzheimer","Demenz.","digidem","digidem Bayern","Digitales Demenzregister Bayern","H\u00f6rbeeintr\u00e4chtigung","H\u00f6rger\u00e4te","Schwerh\u00f6rigkeit"],"articleSection":["Wissenschaft &amp; Forschung"],"inLanguage":"en-US","potentialAction":[{"@type":"CommentAction","name":"Comment","target":["https:\/\/digidem-bayern.de\/kann-der-einsatz-von-hoergeraeten-eine-demenzdiagnose-verzoegern\/#respond"]}]},{"@type":"WebPage","@id":"https:\/\/digidem-bayern.de\/kann-der-einsatz-von-hoergeraeten-eine-demenzdiagnose-verzoegern\/","url":"https:\/\/digidem-bayern.de\/kann-der-einsatz-von-hoergeraeten-eine-demenzdiagnose-verzoegern\/","name":"Kann der Einsatz von H\u00f6rger\u00e4ten eine Demenzdiagnose verz\u00f6gern? - digiDEM Bayern","isPartOf":{"@id":"\/#website"},"primaryImageOfPage":{"@id":"https:\/\/digidem-bayern.de\/kann-der-einsatz-von-hoergeraeten-eine-demenzdiagnose-verzoegern\/#primaryimage"},"image":{"@id":"https:\/\/digidem-bayern.de\/kann-der-einsatz-von-hoergeraeten-eine-demenzdiagnose-verzoegern\/#primaryimage"},"thumbnailUrl":"https:\/\/digidem-bayern.de\/wp-content\/uploads\/2020\/01\/hand-287294_1280.jpg","datePublished":"2020-01-14T08:16:26+00:00","dateModified":"2021-02-08T08:31:21+00:00","description":"K\u00f6nnen H\u00f6rger\u00e4te bei schwerh\u00f6rigen Menschen die Diagnose einer Demenz verz\u00f6gern? Das haben Forscher aus Michigan\/USA untersucht.","breadcrumb":{"@id":"https:\/\/digidem-bayern.de\/kann-der-einsatz-von-hoergeraeten-eine-demenzdiagnose-verzoegern\/#breadcrumb"},"inLanguage":"en-US","potentialAction":[{"@type":"ReadAction","target":["https:\/\/digidem-bayern.de\/kann-der-einsatz-von-hoergeraeten-eine-demenzdiagnose-verzoegern\/"]}]},{"@type":"ImageObject","inLanguage":"en-US","@id":"https:\/\/digidem-bayern.de\/kann-der-einsatz-von-hoergeraeten-eine-demenzdiagnose-verzoegern\/#primaryimage","url":"https:\/\/digidem-bayern.de\/wp-content\/uploads\/2020\/01\/hand-287294_1280.jpg","contentUrl":"https:\/\/digidem-bayern.de\/wp-content\/uploads\/2020\/01\/hand-287294_1280.jpg","width":1280,"height":852},{"@type":"BreadcrumbList","@id":"https:\/\/digidem-bayern.de\/kann-der-einsatz-von-hoergeraeten-eine-demenzdiagnose-verzoegern\/#breadcrumb","itemListElement":[{"@type":"ListItem","position":1,"name":"Startseite","item":"https:\/\/digidem-bayern.de\/"},{"@type":"ListItem","position":2,"name":"Kann der Einsatz von H\u00f6rger\u00e4ten eine Demenzdiagnose verz\u00f6gern?"}]},{"@type":"WebSite","@id":"\/#website","url":"\/","name":"digiDEM Bavaria","description":"The digital dementia register in Bavaria researches and improves the structure of services for people with dementia and their relatives","publisher":{"@id":"\/#organization"},"potentialAction":[{"@type":"SearchAction","target":{"@type":"EntryPoint","urlTemplate":"\/?s={search_term_string}"},"query-input":{"@type":"PropertyValueSpecification","valueRequired":true,"valueName":"search_term_string"}}],"inLanguage":"en-US"},{"@type":"Organization","@id":"\/#organization","name":"digiDEM Bavaria","url":"\/","logo":{"@type":"ImageObject","inLanguage":"en-US","@id":"\/#\/schema\/logo\/image\/","url":"https:\/\/digidem-bayern.de\/wp-content\/uploads\/2022\/03\/cropped-Allgemeines_digiDEMLOGO-removebg-preview.png","contentUrl":"https:\/\/digidem-bayern.de\/wp-content\/uploads\/2022\/03\/cropped-Allgemeines_digiDEMLOGO-removebg-preview.png","width":612,"height":357,"caption":"digiDEM Bayern"},"image":{"@id":"\/#\/schema\/logo\/image\/"},"sameAs":["https:\/\/www.facebook.com\/digiDEMBayern\/","https:\/\/x.com\/digidem_bayern","https:\/\/www.instagram.com\/digidem.bayern","https:\/\/www.linkedin.com\/company\/digidem-bayern\/"]},{"@type":"Person","@id":"\/#\/schema\/person\/92754ad381f49b3c358d1d8d2c4f90b8","name":"Michael Zeiler","url":"https:\/\/digidem-bayern.de\/en\/author\/michael-zeiler\/"}]}},"uagb_featured_image_src":{"full":["https:\/\/digidem-bayern.de\/wp-content\/uploads\/2020\/01\/hand-287294_1280.jpg",1280,852,false],"thumbnail":["https:\/\/digidem-bayern.de\/wp-content\/uploads\/2020\/01\/hand-287294_1280-80x80.jpg",80,80,true],"medium":["https:\/\/digidem-bayern.de\/wp-content\/uploads\/2020\/01\/hand-287294_1280-300x200.jpg",300,200,true],"medium_large":["https:\/\/digidem-bayern.de\/wp-content\/uploads\/2020\/01\/hand-287294_1280-768x511.jpg",768,511,true],"large":["https:\/\/digidem-bayern.de\/wp-content\/uploads\/2020\/01\/hand-287294_1280-1030x686.jpg",1030,686,true],"1536x1536":["https:\/\/digidem-bayern.de\/wp-content\/uploads\/2020\/01\/hand-287294_1280.jpg",1280,852,false],"2048x2048":["https:\/\/digidem-bayern.de\/wp-content\/uploads\/2020\/01\/hand-287294_1280.jpg",1280,852,false],"trp-custom-language-flag":["https:\/\/digidem-bayern.de\/wp-content\/uploads\/2020\/01\/hand-287294_1280.jpg",18,12,false],"qubely_landscape":["https:\/\/digidem-bayern.de\/wp-content\/uploads\/2020\/01\/hand-287294_1280-1200x750.jpg",1200,750,true],"qubely_portrait":["https:\/\/digidem-bayern.de\/wp-content\/uploads\/2020\/01\/hand-287294_1280-540x320.jpg",540,320,true],"qubely_thumbnail":["https:\/\/digidem-bayern.de\/wp-content\/uploads\/2020\/01\/hand-287294_1280-140x100.jpg",140,100,true],"post-thumbnail":["https:\/\/digidem-bayern.de\/wp-content\/uploads\/2020\/01\/hand-287294_1280-526x350.jpg",526,350,true],"kahuna-featured":["https:\/\/digidem-bayern.de\/wp-content\/uploads\/2020\/01\/hand-287294_1280-649x350.jpg",649,350,true],"kahuna-featured-lp":["https:\/\/digidem-bayern.de\/wp-content\/uploads\/2020\/01\/hand-287294_1280-460x350.jpg",460,350,true],"kahuna-featured-half":["https:\/\/digidem-bayern.de\/wp-content\/uploads\/2020\/01\/hand-287294_1280-800x350.jpg",800,350,true],"kahuna-featured-third":["https:\/\/digidem-bayern.de\/wp-content\/uploads\/2020\/01\/hand-287294_1280-512x350.jpg",512,350,true],"kahuna-lpbox-1":["https:\/\/digidem-bayern.de\/wp-content\/uploads\/2020\/01\/hand-287294_1280-460x350.jpg",394,300,true],"kahuna-lpbox-2":["https:\/\/digidem-bayern.de\/wp-content\/uploads\/2020\/01\/hand-287294_1280-460x350.jpg",460,350,true],"demand-language-flag":["https:\/\/digidem-bayern.de\/wp-content\/uploads\/2020\/01\/hand-287294_1280.jpg",36,24,false],"dddkt-language-flag":["https:\/\/digidem-bayern.de\/wp-content\/uploads\/2020\/01\/hand-287294_1280.jpg",36,24,false],"ddiqc-language-flag":["https:\/\/digidem-bayern.de\/wp-content\/uploads\/2020\/01\/hand-287294_1280.jpg",36,24,false],"ddtl-language-flag":["https:\/\/digidem-bayern.de\/wp-content\/uploads\/2020\/01\/hand-287294_1280.jpg",36,24,false],"mailpoet_newsletter_max":["https:\/\/digidem-bayern.de\/wp-content\/uploads\/2020\/01\/hand-287294_1280.jpg",1280,852,false],"kahuna-lpbox-3":["https:\/\/digidem-bayern.de\/wp-content\/uploads\/2020\/01\/hand-287294_1280-460x350.jpg",460,350,true],"kahuna-featured-square":["https:\/\/digidem-bayern.de\/wp-content\/uploads\/2020\/01\/hand-287294_1280-512x512.jpg",512,512,true],"kahuna-featured-square-large":["https:\/\/digidem-bayern.de\/wp-content\/uploads\/2020\/01\/hand-287294_1280-1024x852.jpg",1024,852,true]},"uagb_author_info":{"display_name":"Michael Zeiler","author_link":"https:\/\/digidem-bayern.de\/en\/author\/michael-zeiler\/"},"uagb_comment_info":4,"uagb_excerpt":"Wenn H\u00f6rsch\u00e4digungen und Demenz zusammenh\u00e4ngen, welche Rolle k\u00f6nnen dann H\u00f6rger\u00e4te spielen? K\u00f6nnen sie bei schwerh\u00f6rigen Menschen die Diagnose einer Demenz verz\u00f6gern? Das haben Forscher aus Michigan\/USA untersucht. Hintergrund der Studie, die im Journal of the American Geriatrics Society ver\u00f6ffentlicht wurde: Trotz des Zusammenhangs zwischen H\u00f6rsch\u00e4digungen und Demenzerkrankungen und einer Zunahme &hellip;","_links":{"self":[{"href":"https:\/\/digidem-bayern.de\/en\/wp-json\/wp\/v2\/posts\/4325","targetHints":{"allow":["GET"]}}],"collection":[{"href":"https:\/\/digidem-bayern.de\/en\/wp-json\/wp\/v2\/posts"}],"about":[{"href":"https:\/\/digidem-bayern.de\/en\/wp-json\/wp\/v2\/types\/post"}],"author":[{"embeddable":true,"href":"https:\/\/digidem-bayern.de\/en\/wp-json\/wp\/v2\/users\/11"}],"replies":[{"embeddable":true,"href":"https:\/\/digidem-bayern.de\/en\/wp-json\/wp\/v2\/comments?post=4325"}],"version-history":[{"count":1,"href":"https:\/\/digidem-bayern.de\/en\/wp-json\/wp\/v2\/posts\/4325\/revisions"}],"predecessor-version":[{"id":10320,"href":"https:\/\/digidem-bayern.de\/en\/wp-json\/wp\/v2\/posts\/4325\/revisions\/10320"}],"wp:featuredmedia":[{"embeddable":true,"href":"https:\/\/digidem-bayern.de\/en\/wp-json\/wp\/v2\/media\/10318"}],"wp:attachment":[{"href":"https:\/\/digidem-bayern.de\/en\/wp-json\/wp\/v2\/media?parent=4325"}],"wp:term":[{"taxonomy":"category","embeddable":true,"href":"https:\/\/digidem-bayern.de\/en\/wp-json\/wp\/v2\/categories?post=4325"},{"taxonomy":"post_tag","embeddable":true,"href":"https:\/\/digidem-bayern.de\/en\/wp-json\/wp\/v2\/tags?post=4325"}],"curies":[{"name":"wp","href":"https:\/\/api.w.org\/{rel}","templated":true}]}}