{"id":42906,"date":"2025-04-24T08:15:00","date_gmt":"2025-04-24T06:15:00","guid":{"rendered":"https:\/\/digidem-bayern.de\/?p=42906"},"modified":"2025-04-24T09:58:20","modified_gmt":"2025-04-24T07:58:20","slug":"das-apoe-gen-ein-genetischer-risikofaktor-fuer-alzheimer","status":"publish","type":"post","link":"https:\/\/digidem-bayern.de\/en\/das-apoe-gen-ein-genetischer-risikofaktor-fuer-alzheimer\/","title":{"rendered":"Das ApoE-Gen \u2013 ein genetischer Risikofaktor f\u00fcr Alzheimer"},"content":{"rendered":"<p><strong>Bei der Entstehung von Alzheimer k\u00f6nnen unsere Gene eine wesentliche Rolle spielen. W\u00e4hrend bestimmte Genmutationen in seltenen F\u00e4llen die Erkrankung direkt verursachen<\/strong><a href=\"https:\/\/digidem-bayern.de\/en\/familiaere-ad-text-von-ake\/\"><strong>&nbsp;(lesen Sie dazu unseren Beitrag&nbsp;<\/strong>Famili\u00e4re Alzheimer-Demenz: Seltene Gen-Mutationen als Ursache f\u00fcr Demenz<strong>)<\/strong><\/a><strong>, k\u00f6nnen verschiedene Genvarianten das Risiko, an Alzheimer zu erkranken, erh\u00f6hen. Eines der bedeutendsten Risiko-Gene ist dabei eine bestimmte Variante des sogenannten ApoE-Gens.<\/strong><span style=\"caret-color: rgb(0, 0, 0); color: rgb(0, 0, 0); font-family: -webkit-standard; font-size: medium; white-space: normal;\"><\/span><span style=\"caret-color: rgb(0, 0, 0); color: rgb(0, 0, 0); font-family: -webkit-standard; font-size: medium; white-space: normal;\"><\/span><\/p>\n\n\n\n<p><strong>Was ist das ApoE-Gen?<\/strong><strong><s><\/s><\/strong><\/p>\n\n\n\n<p><span style=\"color: #0f0f0f;\" class=\"stk-highlight\">Das ApoE-Gen <\/span>enth\u00e4lt den Bauplan f\u00fcr das sogenannte Apolipoprotein E (ApoE), ein bestimmtes Eiwei\u00df, das an der Regulation des Fettstoffwechsels und am Cholesterintransport beteiligt ist. Es bef\u00f6rdert wichtige N\u00e4hrstoffe wie beispielsweise unges\u00e4ttigte Fetts\u00e4uren zu den Nervenzellen. Au\u00dferdem ist es an der Reparatur und Beseitigung von Abfallprodukten in den Zellen beteiligt.&nbsp;<\/p>\n\n\n\n<p>ApoE tritt in verschiedenen Genvarianten auf. Am weitesten verbreitet sind die Varianten ApoE2, ApoE3 und ApoE4. Jeder Mensch erbt zwei Kopien des ApoE-Gens, jeweils eine von jedem Elternteil.&nbsp;<strong><s><\/s><\/strong><\/p>\n\n\n<div class=\"wp-block-image\">\n<figure class=\"alignright size-full is-resized\"><img loading=\"lazy\" decoding=\"async\" width=\"1000\" height=\"563\" src=\"https:\/\/digidem-bayern.de\/wp-content\/uploads\/2025\/04\/02-Genetik-ApoE-shutterstock_1938723097.jpg\" alt=\"Bei der Entstehung von Alzheimer k\u00f6nnen unsere Gene eine wesentliche Rolle spielen.\" class=\"wp-image-42929\" style=\"width:552px;height:auto\" srcset=\"https:\/\/digidem-bayern.de\/wp-content\/uploads\/2025\/04\/02-Genetik-ApoE-shutterstock_1938723097.jpg 1000w, https:\/\/digidem-bayern.de\/wp-content\/uploads\/2025\/04\/02-Genetik-ApoE-shutterstock_1938723097-300x169.jpg 300w, https:\/\/digidem-bayern.de\/wp-content\/uploads\/2025\/04\/02-Genetik-ApoE-shutterstock_1938723097-768x432.jpg 768w, https:\/\/digidem-bayern.de\/wp-content\/uploads\/2025\/04\/02-Genetik-ApoE-shutterstock_1938723097-622x350.jpg 622w\" sizes=\"auto, (max-width: 1000px) 100vw, 1000px\" \/><figcaption class=\"wp-element-caption\">Foto: Shutterstock<\/figcaption><\/figure>\n<\/div>\n\n\n<p>Menschen, die das ApoE4-Gen in sich tragen, haben ein erh\u00f6htes Risiko, an Alzheimer zu erkranken. Wie hoch das Risiko ist, h\u00e4ngt dabei von der Anzahl der ApoE4-Varianten ab. Personen, die eine einzige ApoE4-Kopietragen, haben ein drei- bis vierfach erh\u00f6htes Risiko, eine Alzheimer-Demenz zu entwickeln. Ein neun- bis 15-fach h\u00f6heres Risiko weisen hingegen jene auf, bei denen das ApoE4-Gen in doppelter Kopie vorliegt. Wie h\u00e4ufig das ApoE4-Gen vorhanden ist, wirkt sich auch auf den Zeitpunkt aus, an dem die Demenz auftritt: Je weniger Kopien vorliegen, desto sp\u00e4ter kann der Betroffene an Demenz erkranken.&nbsp;&nbsp;<\/p>\n\n\n\n<p>Die genauen Mechanismen, die dazu f\u00fchren, dass ApoE4 das Alzheimerrisiko erh\u00f6ht, sind komplex und derzeit noch nicht abschlie\u00dfend erforscht.&nbsp;Dennoch gibt es Hinweise, dass die genetische Veranlagung mit ApoE4 gegen\u00fcber anderen ApoE-Auspr\u00e4gungen die Entstehung von Alzheimer beg\u00fcnstigt.&nbsp;Dar\u00fcber hinaus tr\u00e4gt ApoE4 zur Entstehung von Entz\u00fcndungsprozessen im Gehirn bei, die Nervenzellen sch\u00e4digen k\u00f6nnen.<\/p>\n\n\n\n<p>Die neuen Antik\u00f6rpertherapien, zu denen Lecanemab geh\u00f6rt, zielen darauf ab, das sogenannte Beta-Amyloid \u2013 fleckf\u00f6rmige Ablagerungen im Gehirn \u2013 zu reduzieren. Auch diesbez\u00fcglich ist der ApoE-Genotyp bedeutsam.Denn die aktuelle Studienlage zeigt, dass die Wirksamkeit von Lecanemab bei ApoE4-Tr\u00e4gern erheblich geringer ist, als bei Tr\u00e4gern der anderen ApoE-Varianten. Dar\u00fcber hinaus wirkt sich der ApoE-Status auch auf das Auftreten von schweren Nebenwirkungen aus. Tr\u00e4ger des ApoE4-Gens haben ein deutlich erh\u00f6htes Risiko, im Verlauf der Therapie mit Lecanemab Hirnschwellungen und Hirnblutungen zu entwickeln. Der Empfehlung der Europ\u00e4ischen Arzneimittel-Agentur (EMA) zu Folge d\u00fcrften deshalb nur Menschen behandelt werden, die entweder KEINE oder h\u00f6chstens NUR EINE Kopie des sogenannten ApoE4-Gens aufweisen. Berechnungen des digiDEM Bayern-Forschungsteams (<a href=\"https:\/\/digidem-bayern.de\/en\/digidem-bayern-schlaglicht_08-neue-medikamente-gegen-demenz-behandlung-mit-lecanemab\/\">zu denen Sie in unserem Beitrag&nbsp;<strong>Neue Medikamente gegen Demenz: Behandlung mit Lecanemab&nbsp;<\/strong>mehr lesen<\/a>), gehen davon aus, dass von den rund 3.624.000 Menschen mit leichten kognitiven Beeintr\u00e4chtigungen in Deutschland sch\u00e4tzungsweise ca. 2.915.000 \u00fcber maximal eine Kopie des ApoE4-Gens verf\u00fcgen. Von den rund 593.000 in Deutschland lebenden Menschen mit einer leichten Alzheimer-Demenz d\u00fcrften ca. 494.000 maximal eine Kopie des ApoE4-Gens in sich tragen.<\/p>\n\n\n\n<p><strong>Quellen:<\/strong><\/p>\n\n\n\n<p><a href=\"https:\/\/advances.umw.edu.pl\/en\/article\/2023\/32\/9\/943\/\">Kurkinen M. (2023). Lecanemab (Leqembi) is not the right drug for patients with Alzheimer&#8217;s disease. Advances in clinical and experimental medicine : official organ Wroclaw Medical University, 32(9), 943\u2013947.<\/a><\/p>\n\n\n\n<p><a href=\"https:\/\/doi.org\/10.1186\/s13024-022-00574-4\">Raulin, AC., Doss, S.V., Trottier, Z.A. et al. ApoE in Alzheimer\u2019s disease: pathophysiology and therapeutic strategies.&nbsp;<em>Mol Neurodegeneration<\/em>&nbsp;<strong>17<\/strong>, 72 (2022).&nbsp;<\/a><span style=\"caret-color: rgb(0, 0, 0); color: rgb(0, 0, 0); font-family: -webkit-standard; font-size: medium; white-space: normal;\"><\/span><\/p>\n\n\n\n<p><a href=\"https:\/\/doi.org\/10.1038\/s41582-019-0228-7\">Yamazaki, Y., Zhao, N., Caulfield, T.R. et al. Apolipoprotein E and Alzheimer disease: pathobiology and targeting strategies.&nbsp;<em>Nat Rev Neurol<\/em>&nbsp;<strong>15<\/strong>, 501\u2013518 (2019).<\/a><\/p>\n\n\n\n<p><span style=\"color: #f50404;\" class=\"stk-highlight\"><strong>Unser Lese-Tipp:<\/strong>&nbsp;In unserer Reihe&nbsp;<em>SCHLAGLICHT \u2013 Neue Medikamente gegen Demenz<\/em>&nbsp;informieren wir Sie rund um neue Wirkstoffe zur Behandlung der Alzheimer-Erkrankung.&nbsp;\u201eSchlaglichtartig\u201c m\u00f6chten wir Ihnen dabei das facettenreiche Thema &#8222;Neue Demenz-Medikamente und Herausforderungen f\u00fcr die Alltagsversorgung&#8220; nahebringen. Die neuen Medikamente werden in der Wissenschaft und unter anerkannten Fachexperten aus der Medizin weltweit intensiv und kontrovers diskutiert.<\/span><\/p>\n\n\n\n<p><a href=\"https:\/\/digidem-bayern.de\/en\/digidem-bayern-schlaglicht_01-neue-medikamente-gegen-demenz\/\">SCHLAGLICHT_01:&nbsp;Neue Medikamente gegen Demenz&nbsp;<\/a><\/p>\n\n\n\n<p><a href=\"https:\/\/digidem-bayern.de\/en\/digidem-bayern-schlaglicht_02-neue-medikamente-gegen-demenz-ist-unser-gesundheitssystem-darauf-vorbereitet\/\">SCHLAGLICHT Nr. 02:&nbsp;Neue Medikamente gegen Demenz \u2013 Ist unser Gesundheitssystem darauf vorbereitet?<\/a><\/p>\n\n\n\n<p><a href=\"https:\/\/digidem-bayern.de\/en\/schlaglicht-03-neue-medikamente-gegen-demenz-hilfreiche-behandlungsalternative-oder-mogelpackung\/\">SCHLAGLICHT Nr. 03: Neue Medikamente gegen Demenz \u2013 Hilfreiche Behandlungsalternative oder Mogelpackung?<\/a><\/p>\n\n\n\n<p><a href=\"https:\/\/digidem-bayern.de\/en\/digidem-bayern-schlaglicht_04-neue-medikamente-gegen-demenz-sind-die-neuen-medikamente-bezahlbar\/\">SCHLAGLICHT NR. 04:&nbsp;Neue Medikamente gegen Demenz \u2013 Sind die neuen Medikamente bezahlbar?<\/a><\/p>\n\n\n\n<p><a href=\"https:\/\/digidem-bayern.de\/en\/digidem-bayern-schlaglicht_05-neue-medikamente-gegen-demenz-studienergebnisse-neu-bewerten\/\">SCHLAGLICHT_05: Neue Medikamente gegen Demenz \u2013 Studienergebnisse neu bewerten<\/a><\/p>\n\n\n\n<p><a href=\"https:\/\/digidem-bayern.de\/en\/digidem-bayern-schlaglicht_06-neue-medikamente-gegen-demenz-empfehlungen-fuer-die-aerztliche-verordnung\/\">SCHLAGLICHT NR. 06: Neue Medikamente gegen Demenz \u2013 Empfehlungen f\u00fcr die \u00e4rztliche Verordnung<\/a>&nbsp;<\/p>\n\n\n\n<p><a href=\"https:\/\/digidem-bayern.de\/en\/digidem-bayern-schlaglicht_07-neue-medikamente-gegen-demenz-ein-durchbruch-mit-nebenwirkungen\/\">SCHLAGLICHT Nr. 07: Neue Medikamente gegen Demenz \u2013 Ein \u201eDurchbruch mit Nebenwirkungen\u201c<\/a><\/p>\n\n\n\n<p><a href=\"https:\/\/digidem-bayern.de\/en\/digidem-bayern-schlaglicht_08-neue-medikamente-gegen-demenz-behandlung-mit-lecanemab\/)\/\">SCHLAGLICHT Nr. 08: Neue Medikamente gegen Demenz &#8211; Behandlung mit Lecanemab&nbsp;<\/a><\/p>\n\n\n\n<div style=\"height:20px\" aria-hidden=\"true\" class=\"wp-block-spacer\"><\/div>\n\n\n\n<p><\/p>","protected":false},"excerpt":{"rendered":"<p>Bei der Entstehung von Alzheimer k\u00f6nnen unsere Gene eine wesentliche Rolle spielen. W\u00e4hrend bestimmte Genmutationen in seltenen F\u00e4llen die Erkrankung direkt verursachen&nbsp;(lesen Sie dazu unseren Beitrag&nbsp;Famili\u00e4re Alzheimer-Demenz: Seltene Gen-Mutationen als Ursache f\u00fcr Demenz), k\u00f6nnen verschiedene Genvarianten das Risiko, an Alzheimer zu erkranken, erh\u00f6hen. Eines der bedeutendsten Risiko-Gene ist dabei eine &hellip;<\/p>","protected":false},"author":12,"featured_media":42929,"comment_status":"open","ping_status":"closed","sticky":false,"template":"","format":"standard","meta":{"qubely_global_settings":"","qubely_interactions":"","_uag_custom_page_level_css":"","footnotes":""},"categories":[8,5],"tags":[13,406,1314,1215,1519,12,112,1433,177,14,17,55,393,1527,1526,1523,621,1485,1524,1525,1528,1514,1530,757,1529,819,1463,1531,104,1520],"class_list":["post-42906","post","type-post","status-publish","format-standard","has-post-thumbnail","hentry","category-aktuelles-zu-digidem","category-wissenschaft-forschung","tag-alzheimer","tag-alzheimer-demenz","tag-apoe4","tag-apoe4-gen","tag-beta-amyloid-plaques","tag-demenz-2","tag-demenzdiagnose","tag-demenzerkrankungen","tag-demenzrisiko","tag-digidem","tag-digidem-bayern","tag-digitales-demenzregister-bayern","tag-ema","tag-erbkrankheit","tag-erblich","tag-familiaere-alzheimer-demenz","tag-frontotemporale-demenz","tag-geistige-leistungsfaehigkeit","tag-genetik","tag-genetische-faktoren","tag-genetisches-risiko","tag-genmutationen","tag-genvariante","tag-kognition","tag-lewy-koerperchen-demenz","tag-nebenwirkungen","tag-praeventionscoach","tag-risiko-gene","tag-risikofaktoren","tag-vererbung"],"qubely_featured_image_url":{"full":["https:\/\/digidem-bayern.de\/wp-content\/uploads\/2025\/04\/02-Genetik-ApoE-shutterstock_1938723097.jpg",1000,563,false],"landscape":["https:\/\/digidem-bayern.de\/wp-content\/uploads\/2025\/04\/02-Genetik-ApoE-shutterstock_1938723097.jpg",1000,563,false],"portraits":["https:\/\/digidem-bayern.de\/wp-content\/uploads\/2025\/04\/02-Genetik-ApoE-shutterstock_1938723097-540x320.jpg",540,320,true],"thumbnail":["https:\/\/digidem-bayern.de\/wp-content\/uploads\/2025\/04\/02-Genetik-ApoE-shutterstock_1938723097-80x80.jpg",80,80,true],"medium":["https:\/\/digidem-bayern.de\/wp-content\/uploads\/2025\/04\/02-Genetik-ApoE-shutterstock_1938723097-300x169.jpg",300,169,true],"medium_large":["https:\/\/digidem-bayern.de\/wp-content\/uploads\/2025\/04\/02-Genetik-ApoE-shutterstock_1938723097-768x432.jpg",768,432,true],"large":["https:\/\/digidem-bayern.de\/wp-content\/uploads\/2025\/04\/02-Genetik-ApoE-shutterstock_1938723097.jpg",1000,563,false],"1536x1536":["https:\/\/digidem-bayern.de\/wp-content\/uploads\/2025\/04\/02-Genetik-ApoE-shutterstock_1938723097.jpg",1000,563,false],"2048x2048":["https:\/\/digidem-bayern.de\/wp-content\/uploads\/2025\/04\/02-Genetik-ApoE-shutterstock_1938723097.jpg",1000,563,false],"trp-custom-language-flag":["https:\/\/digidem-bayern.de\/wp-content\/uploads\/2025\/04\/02-Genetik-ApoE-shutterstock_1938723097.jpg",18,10,false],"qubely_landscape":["https:\/\/digidem-bayern.de\/wp-content\/uploads\/2025\/04\/02-Genetik-ApoE-shutterstock_1938723097.jpg",1000,563,false],"qubely_portrait":["https:\/\/digidem-bayern.de\/wp-content\/uploads\/2025\/04\/02-Genetik-ApoE-shutterstock_1938723097-540x320.jpg",540,320,true],"qubely_thumbnail":["https:\/\/digidem-bayern.de\/wp-content\/uploads\/2025\/04\/02-Genetik-ApoE-shutterstock_1938723097-140x100.jpg",140,100,true],"post-thumbnail":["https:\/\/digidem-bayern.de\/wp-content\/uploads\/2025\/04\/02-Genetik-ApoE-shutterstock_1938723097-622x350.jpg",622,350,true],"kahuna-featured":["https:\/\/digidem-bayern.de\/wp-content\/uploads\/2025\/04\/02-Genetik-ApoE-shutterstock_1938723097-734x350.jpg",734,350,true],"kahuna-featured-lp":["https:\/\/digidem-bayern.de\/wp-content\/uploads\/2025\/04\/02-Genetik-ApoE-shutterstock_1938723097-520x350.jpg",520,350,true],"kahuna-featured-half":["https:\/\/digidem-bayern.de\/wp-content\/uploads\/2025\/04\/02-Genetik-ApoE-shutterstock_1938723097-800x350.jpg",800,350,true],"kahuna-featured-third":["https:\/\/digidem-bayern.de\/wp-content\/uploads\/2025\/04\/02-Genetik-ApoE-shutterstock_1938723097-512x350.jpg",512,350,true],"kahuna-lpbox-1":["https:\/\/digidem-bayern.de\/wp-content\/uploads\/2025\/04\/02-Genetik-ApoE-shutterstock_1938723097-520x300.jpg",520,300,true],"kahuna-lpbox-2":["https:\/\/digidem-bayern.de\/wp-content\/uploads\/2025\/04\/02-Genetik-ApoE-shutterstock_1938723097-520x350.jpg",520,350,true],"demand-language-flag":["https:\/\/digidem-bayern.de\/wp-content\/uploads\/2025\/04\/02-Genetik-ApoE-shutterstock_1938723097-36x36.jpg",36,36,true],"dddkt-language-flag":["https:\/\/digidem-bayern.de\/wp-content\/uploads\/2025\/04\/02-Genetik-ApoE-shutterstock_1938723097-36x36.jpg",36,36,true],"ddiqc-language-flag":["https:\/\/digidem-bayern.de\/wp-content\/uploads\/2025\/04\/02-Genetik-ApoE-shutterstock_1938723097-36x36.jpg",36,36,true],"ddtl-language-flag":["https:\/\/digidem-bayern.de\/wp-content\/uploads\/2025\/04\/02-Genetik-ApoE-shutterstock_1938723097-36x36.jpg",36,36,true],"mailpoet_newsletter_max":["https:\/\/digidem-bayern.de\/wp-content\/uploads\/2025\/04\/02-Genetik-ApoE-shutterstock_1938723097.jpg",1000,563,false],"kahuna-lpbox-3":["https:\/\/digidem-bayern.de\/wp-content\/uploads\/2025\/04\/02-Genetik-ApoE-shutterstock_1938723097-520x350.jpg",520,350,true],"kahuna-featured-square":["https:\/\/digidem-bayern.de\/wp-content\/uploads\/2025\/04\/02-Genetik-ApoE-shutterstock_1938723097-512x512.jpg",512,512,true],"kahuna-featured-square-large":["https:\/\/digidem-bayern.de\/wp-content\/uploads\/2025\/04\/02-Genetik-ApoE-shutterstock_1938723097.jpg",1000,563,false]},"qubely_author":{"display_name":"Ilona H\u00f6rath","author_link":"https:\/\/digidem-bayern.de\/en\/author\/hoeratia\/"},"qubely_comment":6,"qubely_category":"<a href=\"https:\/\/digidem-bayern.de\/en\/category\/aktuelles-zu-digidem\/\" rel=\"category tag\">Aktuelles zu digiDEM<\/a> <a href=\"https:\/\/digidem-bayern.de\/en\/category\/wissenschaft-forschung\/\" rel=\"category tag\">Wissenschaft &amp; Forschung<\/a>","qubely_excerpt":"Bei der Entstehung von Alzheimer k\u00f6nnen unsere Gene eine wesentliche Rolle spielen. W\u00e4hrend bestimmte Genmutationen in seltenen F\u00e4llen die Erkrankung direkt verursachen&nbsp;(lesen Sie dazu unseren Beitrag&nbsp;Famili\u00e4re Alzheimer-Demenz: Seltene Gen-Mutationen als Ursache f\u00fcr Demenz), k\u00f6nnen verschiedene Genvarianten das Risiko, an Alzheimer zu erkranken, erh\u00f6hen. Eines der bedeutendsten Risiko-Gene ist dabei eine &hellip;","featured_image_urls_v2":{"full":["https:\/\/digidem-bayern.de\/wp-content\/uploads\/2025\/04\/02-Genetik-ApoE-shutterstock_1938723097.jpg",1000,563,false],"thumbnail":["https:\/\/digidem-bayern.de\/wp-content\/uploads\/2025\/04\/02-Genetik-ApoE-shutterstock_1938723097-80x80.jpg",80,80,true],"medium":["https:\/\/digidem-bayern.de\/wp-content\/uploads\/2025\/04\/02-Genetik-ApoE-shutterstock_1938723097-300x169.jpg",300,169,true],"medium_large":["https:\/\/digidem-bayern.de\/wp-content\/uploads\/2025\/04\/02-Genetik-ApoE-shutterstock_1938723097-768x432.jpg",768,432,true],"large":["https:\/\/digidem-bayern.de\/wp-content\/uploads\/2025\/04\/02-Genetik-ApoE-shutterstock_1938723097.jpg",1000,563,false],"1536x1536":["https:\/\/digidem-bayern.de\/wp-content\/uploads\/2025\/04\/02-Genetik-ApoE-shutterstock_1938723097.jpg",1000,563,false],"2048x2048":["https:\/\/digidem-bayern.de\/wp-content\/uploads\/2025\/04\/02-Genetik-ApoE-shutterstock_1938723097.jpg",1000,563,false],"trp-custom-language-flag":["https:\/\/digidem-bayern.de\/wp-content\/uploads\/2025\/04\/02-Genetik-ApoE-shutterstock_1938723097.jpg",18,10,false],"qubely_landscape":["https:\/\/digidem-bayern.de\/wp-content\/uploads\/2025\/04\/02-Genetik-ApoE-shutterstock_1938723097.jpg",1000,563,false],"qubely_portrait":["https:\/\/digidem-bayern.de\/wp-content\/uploads\/2025\/04\/02-Genetik-ApoE-shutterstock_1938723097-540x320.jpg",540,320,true],"qubely_thumbnail":["https:\/\/digidem-bayern.de\/wp-content\/uploads\/2025\/04\/02-Genetik-ApoE-shutterstock_1938723097-140x100.jpg",140,100,true],"post-thumbnail":["https:\/\/digidem-bayern.de\/wp-content\/uploads\/2025\/04\/02-Genetik-ApoE-shutterstock_1938723097-622x350.jpg",622,350,true],"kahuna-featured":["https:\/\/digidem-bayern.de\/wp-content\/uploads\/2025\/04\/02-Genetik-ApoE-shutterstock_1938723097-734x350.jpg",734,350,true],"kahuna-featured-lp":["https:\/\/digidem-bayern.de\/wp-content\/uploads\/2025\/04\/02-Genetik-ApoE-shutterstock_1938723097-520x350.jpg",520,350,true],"kahuna-featured-half":["https:\/\/digidem-bayern.de\/wp-content\/uploads\/2025\/04\/02-Genetik-ApoE-shutterstock_1938723097-800x350.jpg",800,350,true],"kahuna-featured-third":["https:\/\/digidem-bayern.de\/wp-content\/uploads\/2025\/04\/02-Genetik-ApoE-shutterstock_1938723097-512x350.jpg",512,350,true],"kahuna-lpbox-1":["https:\/\/digidem-bayern.de\/wp-content\/uploads\/2025\/04\/02-Genetik-ApoE-shutterstock_1938723097-520x300.jpg",520,300,true],"kahuna-lpbox-2":["https:\/\/digidem-bayern.de\/wp-content\/uploads\/2025\/04\/02-Genetik-ApoE-shutterstock_1938723097-520x350.jpg",520,350,true],"demand-language-flag":["https:\/\/digidem-bayern.de\/wp-content\/uploads\/2025\/04\/02-Genetik-ApoE-shutterstock_1938723097-36x36.jpg",36,36,true],"dddkt-language-flag":["https:\/\/digidem-bayern.de\/wp-content\/uploads\/2025\/04\/02-Genetik-ApoE-shutterstock_1938723097-36x36.jpg",36,36,true],"ddiqc-language-flag":["https:\/\/digidem-bayern.de\/wp-content\/uploads\/2025\/04\/02-Genetik-ApoE-shutterstock_1938723097-36x36.jpg",36,36,true],"ddtl-language-flag":["https:\/\/digidem-bayern.de\/wp-content\/uploads\/2025\/04\/02-Genetik-ApoE-shutterstock_1938723097-36x36.jpg",36,36,true],"mailpoet_newsletter_max":["https:\/\/digidem-bayern.de\/wp-content\/uploads\/2025\/04\/02-Genetik-ApoE-shutterstock_1938723097.jpg",1000,563,false],"kahuna-lpbox-3":["https:\/\/digidem-bayern.de\/wp-content\/uploads\/2025\/04\/02-Genetik-ApoE-shutterstock_1938723097-520x350.jpg",520,350,true],"kahuna-featured-square":["https:\/\/digidem-bayern.de\/wp-content\/uploads\/2025\/04\/02-Genetik-ApoE-shutterstock_1938723097-512x512.jpg",512,512,true],"kahuna-featured-square-large":["https:\/\/digidem-bayern.de\/wp-content\/uploads\/2025\/04\/02-Genetik-ApoE-shutterstock_1938723097.jpg",1000,563,false]},"post_excerpt_stackable_v2":"<p>Bei der Entstehung von Alzheimer k\u00f6nnen unsere Gene eine wesentliche Rolle spielen. W\u00e4hrend bestimmte Genmutationen in seltenen F\u00e4llen die Erkrankung direkt verursachen&nbsp;(lesen Sie dazu unseren Beitrag&nbsp;Famili\u00e4re Alzheimer-Demenz: Seltene Gen-Mutationen als Ursache f\u00fcr Demenz), k\u00f6nnen verschiedene Genvarianten das Risiko, an Alzheimer zu erkranken, erh\u00f6hen. Eines der bedeutendsten Risiko-Gene ist dabei eine bestimmte Variante des sogenannten ApoE-Gens. Was ist das ApoE-Gen? Das ApoE-Gen enth\u00e4lt den Bauplan f\u00fcr das sogenannte Apolipoprotein E (ApoE), ein bestimmtes Eiwei\u00df, das an der Regulation des Fettstoffwechsels und am Cholesterintransport beteiligt ist. Es bef\u00f6rdert wichtige N\u00e4hrstoffe wie beispielsweise unges\u00e4ttigte Fetts\u00e4uren zu den Nervenzellen. Au\u00dferdem ist es an der&hellip;<\/p>\n","category_list_v2":"<a href=\"https:\/\/digidem-bayern.de\/en\/category\/aktuelles-zu-digidem\/\" rel=\"category tag\">Aktuelles zu digiDEM<\/a>, <a href=\"https:\/\/digidem-bayern.de\/en\/category\/wissenschaft-forschung\/\" rel=\"category tag\">Wissenschaft &amp; Forschung<\/a>","author_info_v2":{"name":"Ilona H\u00f6rath","url":"https:\/\/digidem-bayern.de\/en\/author\/hoeratia\/"},"comments_num_v2":"0 comments","yoast_head":"<!-- This site is optimized with the Yoast SEO plugin v27.4 - https:\/\/yoast.com\/product\/yoast-seo-wordpress\/ -->\n<title>Das ApoE-Gen \u2013 ein genetischer Risikofaktor f\u00fcr Alzheimer - digiDEM Bayern<\/title>\n<meta name=\"description\" content=\"Der Bayerische Landesapothekerkammer unterst\u00fctzt digiDEM Bayern mit Hilfe des Netzwerks &quot;Demenzfreundliche Apotheken&quot;.\" \/>\n<meta name=\"robots\" content=\"index, follow, max-snippet:-1, max-image-preview:large, max-video-preview:-1\" \/>\n<link rel=\"canonical\" href=\"https:\/\/digidem-bayern.de\/en\/das-apoe-gen-ein-genetischer-risikofaktor-fuer-alzheimer\/\" \/>\n<meta property=\"og:locale\" content=\"en_US\" \/>\n<meta property=\"og:type\" content=\"article\" \/>\n<meta property=\"og:title\" content=\"Das ApoE-Gen \u2013 ein genetischer Risikofaktor f\u00fcr Alzheimer - digiDEM Bayern\" \/>\n<meta property=\"og:description\" content=\"Der Bayerische Landesapothekerkammer unterst\u00fctzt digiDEM Bayern mit Hilfe des Netzwerks &quot;Demenzfreundliche Apotheken&quot;.\" \/>\n<meta property=\"og:url\" content=\"https:\/\/digidem-bayern.de\/en\/das-apoe-gen-ein-genetischer-risikofaktor-fuer-alzheimer\/\" \/>\n<meta property=\"og:site_name\" content=\"digiDEM Bayern\" \/>\n<meta property=\"article:publisher\" content=\"https:\/\/www.facebook.com\/digiDEMBayern\/\" \/>\n<meta property=\"article:published_time\" content=\"2025-04-24T06:15:00+00:00\" \/>\n<meta property=\"article:modified_time\" content=\"2025-04-24T07:58:20+00:00\" \/>\n<meta property=\"og:image\" content=\"https:\/\/digidem-bayern.de\/wp-content\/uploads\/2025\/04\/02-Genetik-ApoE-shutterstock_1938723097.jpg\" \/>\n\t<meta property=\"og:image:width\" content=\"1000\" \/>\n\t<meta property=\"og:image:height\" content=\"563\" \/>\n\t<meta property=\"og:image:type\" content=\"image\/jpeg\" \/>\n<meta name=\"author\" content=\"Ilona H\u00f6rath\" \/>\n<meta name=\"twitter:label1\" content=\"Written by\" \/>\n\t<meta name=\"twitter:data1\" content=\"Ilona H\u00f6rath\" \/>\n\t<meta name=\"twitter:label2\" content=\"Est. reading time\" \/>\n\t<meta name=\"twitter:data2\" content=\"2 minutes\" \/>\n<script type=\"application\/ld+json\" class=\"yoast-schema-graph\">{\"@context\":\"https:\\\/\\\/schema.org\",\"@graph\":[{\"@type\":\"Article\",\"@id\":\"https:\\\/\\\/digidem-bayern.de\\\/das-apoe-gen-ein-genetischer-risikofaktor-fuer-alzheimer\\\/#article\",\"isPartOf\":{\"@id\":\"https:\\\/\\\/digidem-bayern.de\\\/das-apoe-gen-ein-genetischer-risikofaktor-fuer-alzheimer\\\/\"},\"author\":{\"name\":\"Ilona H\u00f6rath\",\"@id\":\"\\\/#\\\/schema\\\/person\\\/0bc1494f46fc2a051c761322a80e0941\"},\"headline\":\"Das ApoE-Gen \u2013 ein genetischer Risikofaktor f\u00fcr Alzheimer\",\"datePublished\":\"2025-04-24T06:15:00+00:00\",\"dateModified\":\"2025-04-24T07:58:20+00:00\",\"mainEntityOfPage\":{\"@id\":\"https:\\\/\\\/digidem-bayern.de\\\/das-apoe-gen-ein-genetischer-risikofaktor-fuer-alzheimer\\\/\"},\"wordCount\":747,\"commentCount\":0,\"publisher\":{\"@id\":\"\\\/#organization\"},\"image\":{\"@id\":\"https:\\\/\\\/digidem-bayern.de\\\/das-apoe-gen-ein-genetischer-risikofaktor-fuer-alzheimer\\\/#primaryimage\"},\"thumbnailUrl\":\"https:\\\/\\\/digidem-bayern.de\\\/wp-content\\\/uploads\\\/2025\\\/04\\\/02-Genetik-ApoE-shutterstock_1938723097.jpg\",\"keywords\":[\"Alzheimer\",\"Alzheimer-Demenz\",\"ApoE4\",\"APOE4-Gen\",\"Beta-Amyloid-Plaques\",\"Demenz\",\"Demenzdiagnose\",\"Demenzerkrankungen\",\"Demenzrisiko\",\"digidem\",\"digidem Bayern\",\"Digitales Demenzregister Bayern\",\"EMA\",\"Erbkrankheit\",\"Erblich\",\"famili\u00e4re Alzheimer-Demenz\",\"Frontotemporale Demenz\",\"geistige Leistungsf\u00e4higkeit\",\"Genetik\",\"genetische faktoren\",\"genetisches Risiko\",\"Genmutationen\",\"Genvariante\",\"Kognition\",\"Lewy-K\u00f6rperchen-Demenz\",\"Nebenwirkungen\",\"Pr\u00e4ventionscoach\",\"Risiko-Gene\",\"Risikofaktoren\",\"Vererbung\"],\"articleSection\":[\"Aktuelles zu digiDEM\",\"Wissenschaft &amp; Forschung\"],\"inLanguage\":\"en-US\",\"potentialAction\":[{\"@type\":\"CommentAction\",\"name\":\"Comment\",\"target\":[\"https:\\\/\\\/digidem-bayern.de\\\/das-apoe-gen-ein-genetischer-risikofaktor-fuer-alzheimer\\\/#respond\"]}]},{\"@type\":\"WebPage\",\"@id\":\"https:\\\/\\\/digidem-bayern.de\\\/das-apoe-gen-ein-genetischer-risikofaktor-fuer-alzheimer\\\/\",\"url\":\"https:\\\/\\\/digidem-bayern.de\\\/das-apoe-gen-ein-genetischer-risikofaktor-fuer-alzheimer\\\/\",\"name\":\"Das ApoE-Gen \u2013 ein genetischer Risikofaktor f\u00fcr Alzheimer - digiDEM Bayern\",\"isPartOf\":{\"@id\":\"\\\/#website\"},\"primaryImageOfPage\":{\"@id\":\"https:\\\/\\\/digidem-bayern.de\\\/das-apoe-gen-ein-genetischer-risikofaktor-fuer-alzheimer\\\/#primaryimage\"},\"image\":{\"@id\":\"https:\\\/\\\/digidem-bayern.de\\\/das-apoe-gen-ein-genetischer-risikofaktor-fuer-alzheimer\\\/#primaryimage\"},\"thumbnailUrl\":\"https:\\\/\\\/digidem-bayern.de\\\/wp-content\\\/uploads\\\/2025\\\/04\\\/02-Genetik-ApoE-shutterstock_1938723097.jpg\",\"datePublished\":\"2025-04-24T06:15:00+00:00\",\"dateModified\":\"2025-04-24T07:58:20+00:00\",\"description\":\"Der Bayerische Landesapothekerkammer unterst\u00fctzt digiDEM Bayern mit Hilfe des Netzwerks \\\"Demenzfreundliche Apotheken\\\".\",\"breadcrumb\":{\"@id\":\"https:\\\/\\\/digidem-bayern.de\\\/das-apoe-gen-ein-genetischer-risikofaktor-fuer-alzheimer\\\/#breadcrumb\"},\"inLanguage\":\"en-US\",\"potentialAction\":[{\"@type\":\"ReadAction\",\"target\":[\"https:\\\/\\\/digidem-bayern.de\\\/das-apoe-gen-ein-genetischer-risikofaktor-fuer-alzheimer\\\/\"]}]},{\"@type\":\"ImageObject\",\"inLanguage\":\"en-US\",\"@id\":\"https:\\\/\\\/digidem-bayern.de\\\/das-apoe-gen-ein-genetischer-risikofaktor-fuer-alzheimer\\\/#primaryimage\",\"url\":\"https:\\\/\\\/digidem-bayern.de\\\/wp-content\\\/uploads\\\/2025\\\/04\\\/02-Genetik-ApoE-shutterstock_1938723097.jpg\",\"contentUrl\":\"https:\\\/\\\/digidem-bayern.de\\\/wp-content\\\/uploads\\\/2025\\\/04\\\/02-Genetik-ApoE-shutterstock_1938723097.jpg\",\"width\":1000,\"height\":563,\"caption\":\"Foto: Shutterstock\"},{\"@type\":\"BreadcrumbList\",\"@id\":\"https:\\\/\\\/digidem-bayern.de\\\/das-apoe-gen-ein-genetischer-risikofaktor-fuer-alzheimer\\\/#breadcrumb\",\"itemListElement\":[{\"@type\":\"ListItem\",\"position\":1,\"name\":\"Startseite\",\"item\":\"https:\\\/\\\/digidem-bayern.de\\\/\"},{\"@type\":\"ListItem\",\"position\":2,\"name\":\"Das ApoE-Gen \u2013 ein genetischer Risikofaktor f\u00fcr Alzheimer\"}]},{\"@type\":\"WebSite\",\"@id\":\"\\\/#website\",\"url\":\"\\\/\",\"name\":\"digiDEM Bayern\",\"description\":\"Das digitale Demenzregister Bayern erforscht und verbessert die Angebotsstuktur f\u00fcr Menschen mit Demenz und deren Angeh\u00f6rige\",\"publisher\":{\"@id\":\"\\\/#organization\"},\"potentialAction\":[{\"@type\":\"SearchAction\",\"target\":{\"@type\":\"EntryPoint\",\"urlTemplate\":\"\\\/?s={search_term_string}\"},\"query-input\":{\"@type\":\"PropertyValueSpecification\",\"valueRequired\":true,\"valueName\":\"search_term_string\"}}],\"inLanguage\":\"en-US\"},{\"@type\":\"Organization\",\"@id\":\"\\\/#organization\",\"name\":\"digiDEM Bayern\",\"url\":\"\\\/\",\"logo\":{\"@type\":\"ImageObject\",\"inLanguage\":\"en-US\",\"@id\":\"\\\/#\\\/schema\\\/logo\\\/image\\\/\",\"url\":\"https:\\\/\\\/digidem-bayern.de\\\/wp-content\\\/uploads\\\/2022\\\/03\\\/cropped-Allgemeines_digiDEMLOGO-removebg-preview.png\",\"contentUrl\":\"https:\\\/\\\/digidem-bayern.de\\\/wp-content\\\/uploads\\\/2022\\\/03\\\/cropped-Allgemeines_digiDEMLOGO-removebg-preview.png\",\"width\":612,\"height\":357,\"caption\":\"digiDEM Bayern\"},\"image\":{\"@id\":\"\\\/#\\\/schema\\\/logo\\\/image\\\/\"},\"sameAs\":[\"https:\\\/\\\/www.facebook.com\\\/digiDEMBayern\\\/\",\"https:\\\/\\\/x.com\\\/digidem_bayern\",\"https:\\\/\\\/www.instagram.com\\\/digidem.bayern\",\"https:\\\/\\\/www.linkedin.com\\\/company\\\/digidem-bayern\\\/\"]},{\"@type\":\"Person\",\"@id\":\"\\\/#\\\/schema\\\/person\\\/0bc1494f46fc2a051c761322a80e0941\",\"name\":\"Ilona H\u00f6rath\",\"url\":\"https:\\\/\\\/digidem-bayern.de\\\/en\\\/author\\\/hoeratia\\\/\"}]}<\/script>\n<!-- \/ Yoast SEO plugin. -->","yoast_head_json":{"title":"Das ApoE-Gen \u2013 ein genetischer Risikofaktor f\u00fcr Alzheimer - digiDEM Bayern","description":"Der Bayerische Landesapothekerkammer unterst\u00fctzt digiDEM Bayern mit Hilfe des Netzwerks \"Demenzfreundliche Apotheken\".","robots":{"index":"index","follow":"follow","max-snippet":"max-snippet:-1","max-image-preview":"max-image-preview:large","max-video-preview":"max-video-preview:-1"},"canonical":"https:\/\/digidem-bayern.de\/en\/das-apoe-gen-ein-genetischer-risikofaktor-fuer-alzheimer\/","og_locale":"en_US","og_type":"article","og_title":"Das ApoE-Gen \u2013 ein genetischer Risikofaktor f\u00fcr Alzheimer - digiDEM Bayern","og_description":"Der Bayerische Landesapothekerkammer unterst\u00fctzt digiDEM Bayern mit Hilfe des Netzwerks \"Demenzfreundliche Apotheken\".","og_url":"https:\/\/digidem-bayern.de\/en\/das-apoe-gen-ein-genetischer-risikofaktor-fuer-alzheimer\/","og_site_name":"digiDEM Bayern","article_publisher":"https:\/\/www.facebook.com\/digiDEMBayern\/","article_published_time":"2025-04-24T06:15:00+00:00","article_modified_time":"2025-04-24T07:58:20+00:00","og_image":[{"width":1000,"height":563,"url":"https:\/\/digidem-bayern.de\/wp-content\/uploads\/2025\/04\/02-Genetik-ApoE-shutterstock_1938723097.jpg","type":"image\/jpeg"}],"author":"Ilona H\u00f6rath","twitter_misc":{"Written by":"Ilona H\u00f6rath","Est. reading time":"2 minutes"},"schema":{"@context":"https:\/\/schema.org","@graph":[{"@type":"Article","@id":"https:\/\/digidem-bayern.de\/das-apoe-gen-ein-genetischer-risikofaktor-fuer-alzheimer\/#article","isPartOf":{"@id":"https:\/\/digidem-bayern.de\/das-apoe-gen-ein-genetischer-risikofaktor-fuer-alzheimer\/"},"author":{"name":"Ilona H\u00f6rath","@id":"\/#\/schema\/person\/0bc1494f46fc2a051c761322a80e0941"},"headline":"Das ApoE-Gen \u2013 ein genetischer Risikofaktor f\u00fcr Alzheimer","datePublished":"2025-04-24T06:15:00+00:00","dateModified":"2025-04-24T07:58:20+00:00","mainEntityOfPage":{"@id":"https:\/\/digidem-bayern.de\/das-apoe-gen-ein-genetischer-risikofaktor-fuer-alzheimer\/"},"wordCount":747,"commentCount":0,"publisher":{"@id":"\/#organization"},"image":{"@id":"https:\/\/digidem-bayern.de\/das-apoe-gen-ein-genetischer-risikofaktor-fuer-alzheimer\/#primaryimage"},"thumbnailUrl":"https:\/\/digidem-bayern.de\/wp-content\/uploads\/2025\/04\/02-Genetik-ApoE-shutterstock_1938723097.jpg","keywords":["Alzheimer","Alzheimer-Demenz","ApoE4","APOE4-Gen","Beta-Amyloid-Plaques","Demenz","Demenzdiagnose","Demenzerkrankungen","Demenzrisiko","digidem","digidem Bayern","Digitales Demenzregister Bayern","EMA","Erbkrankheit","Erblich","famili\u00e4re Alzheimer-Demenz","Frontotemporale Demenz","geistige Leistungsf\u00e4higkeit","Genetik","genetische faktoren","genetisches Risiko","Genmutationen","Genvariante","Kognition","Lewy-K\u00f6rperchen-Demenz","Nebenwirkungen","Pr\u00e4ventionscoach","Risiko-Gene","Risikofaktoren","Vererbung"],"articleSection":["Aktuelles zu digiDEM","Wissenschaft &amp; Forschung"],"inLanguage":"en-US","potentialAction":[{"@type":"CommentAction","name":"Comment","target":["https:\/\/digidem-bayern.de\/das-apoe-gen-ein-genetischer-risikofaktor-fuer-alzheimer\/#respond"]}]},{"@type":"WebPage","@id":"https:\/\/digidem-bayern.de\/das-apoe-gen-ein-genetischer-risikofaktor-fuer-alzheimer\/","url":"https:\/\/digidem-bayern.de\/das-apoe-gen-ein-genetischer-risikofaktor-fuer-alzheimer\/","name":"Das ApoE-Gen \u2013 ein genetischer Risikofaktor f\u00fcr Alzheimer - digiDEM Bayern","isPartOf":{"@id":"\/#website"},"primaryImageOfPage":{"@id":"https:\/\/digidem-bayern.de\/das-apoe-gen-ein-genetischer-risikofaktor-fuer-alzheimer\/#primaryimage"},"image":{"@id":"https:\/\/digidem-bayern.de\/das-apoe-gen-ein-genetischer-risikofaktor-fuer-alzheimer\/#primaryimage"},"thumbnailUrl":"https:\/\/digidem-bayern.de\/wp-content\/uploads\/2025\/04\/02-Genetik-ApoE-shutterstock_1938723097.jpg","datePublished":"2025-04-24T06:15:00+00:00","dateModified":"2025-04-24T07:58:20+00:00","description":"Der Bayerische Landesapothekerkammer unterst\u00fctzt digiDEM Bayern mit Hilfe des Netzwerks \"Demenzfreundliche Apotheken\".","breadcrumb":{"@id":"https:\/\/digidem-bayern.de\/das-apoe-gen-ein-genetischer-risikofaktor-fuer-alzheimer\/#breadcrumb"},"inLanguage":"en-US","potentialAction":[{"@type":"ReadAction","target":["https:\/\/digidem-bayern.de\/das-apoe-gen-ein-genetischer-risikofaktor-fuer-alzheimer\/"]}]},{"@type":"ImageObject","inLanguage":"en-US","@id":"https:\/\/digidem-bayern.de\/das-apoe-gen-ein-genetischer-risikofaktor-fuer-alzheimer\/#primaryimage","url":"https:\/\/digidem-bayern.de\/wp-content\/uploads\/2025\/04\/02-Genetik-ApoE-shutterstock_1938723097.jpg","contentUrl":"https:\/\/digidem-bayern.de\/wp-content\/uploads\/2025\/04\/02-Genetik-ApoE-shutterstock_1938723097.jpg","width":1000,"height":563,"caption":"Foto: Shutterstock"},{"@type":"BreadcrumbList","@id":"https:\/\/digidem-bayern.de\/das-apoe-gen-ein-genetischer-risikofaktor-fuer-alzheimer\/#breadcrumb","itemListElement":[{"@type":"ListItem","position":1,"name":"Startseite","item":"https:\/\/digidem-bayern.de\/"},{"@type":"ListItem","position":2,"name":"Das ApoE-Gen \u2013 ein genetischer Risikofaktor f\u00fcr Alzheimer"}]},{"@type":"WebSite","@id":"\/#website","url":"\/","name":"digiDEM Bavaria","description":"The digital dementia register in Bavaria researches and improves the structure of services for people with dementia and their relatives","publisher":{"@id":"\/#organization"},"potentialAction":[{"@type":"SearchAction","target":{"@type":"EntryPoint","urlTemplate":"\/?s={search_term_string}"},"query-input":{"@type":"PropertyValueSpecification","valueRequired":true,"valueName":"search_term_string"}}],"inLanguage":"en-US"},{"@type":"Organization","@id":"\/#organization","name":"digiDEM Bavaria","url":"\/","logo":{"@type":"ImageObject","inLanguage":"en-US","@id":"\/#\/schema\/logo\/image\/","url":"https:\/\/digidem-bayern.de\/wp-content\/uploads\/2022\/03\/cropped-Allgemeines_digiDEMLOGO-removebg-preview.png","contentUrl":"https:\/\/digidem-bayern.de\/wp-content\/uploads\/2022\/03\/cropped-Allgemeines_digiDEMLOGO-removebg-preview.png","width":612,"height":357,"caption":"digiDEM Bayern"},"image":{"@id":"\/#\/schema\/logo\/image\/"},"sameAs":["https:\/\/www.facebook.com\/digiDEMBayern\/","https:\/\/x.com\/digidem_bayern","https:\/\/www.instagram.com\/digidem.bayern","https:\/\/www.linkedin.com\/company\/digidem-bayern\/"]},{"@type":"Person","@id":"\/#\/schema\/person\/0bc1494f46fc2a051c761322a80e0941","name":"Ilona H\u00f6rath","url":"https:\/\/digidem-bayern.de\/en\/author\/hoeratia\/"}]}},"uagb_featured_image_src":{"full":["https:\/\/digidem-bayern.de\/wp-content\/uploads\/2025\/04\/02-Genetik-ApoE-shutterstock_1938723097.jpg",1000,563,false],"thumbnail":["https:\/\/digidem-bayern.de\/wp-content\/uploads\/2025\/04\/02-Genetik-ApoE-shutterstock_1938723097-80x80.jpg",80,80,true],"medium":["https:\/\/digidem-bayern.de\/wp-content\/uploads\/2025\/04\/02-Genetik-ApoE-shutterstock_1938723097-300x169.jpg",300,169,true],"medium_large":["https:\/\/digidem-bayern.de\/wp-content\/uploads\/2025\/04\/02-Genetik-ApoE-shutterstock_1938723097-768x432.jpg",768,432,true],"large":["https:\/\/digidem-bayern.de\/wp-content\/uploads\/2025\/04\/02-Genetik-ApoE-shutterstock_1938723097.jpg",1000,563,false],"1536x1536":["https:\/\/digidem-bayern.de\/wp-content\/uploads\/2025\/04\/02-Genetik-ApoE-shutterstock_1938723097.jpg",1000,563,false],"2048x2048":["https:\/\/digidem-bayern.de\/wp-content\/uploads\/2025\/04\/02-Genetik-ApoE-shutterstock_1938723097.jpg",1000,563,false],"trp-custom-language-flag":["https:\/\/digidem-bayern.de\/wp-content\/uploads\/2025\/04\/02-Genetik-ApoE-shutterstock_1938723097.jpg",18,10,false],"qubely_landscape":["https:\/\/digidem-bayern.de\/wp-content\/uploads\/2025\/04\/02-Genetik-ApoE-shutterstock_1938723097.jpg",1000,563,false],"qubely_portrait":["https:\/\/digidem-bayern.de\/wp-content\/uploads\/2025\/04\/02-Genetik-ApoE-shutterstock_1938723097-540x320.jpg",540,320,true],"qubely_thumbnail":["https:\/\/digidem-bayern.de\/wp-content\/uploads\/2025\/04\/02-Genetik-ApoE-shutterstock_1938723097-140x100.jpg",140,100,true],"post-thumbnail":["https:\/\/digidem-bayern.de\/wp-content\/uploads\/2025\/04\/02-Genetik-ApoE-shutterstock_1938723097-622x350.jpg",622,350,true],"kahuna-featured":["https:\/\/digidem-bayern.de\/wp-content\/uploads\/2025\/04\/02-Genetik-ApoE-shutterstock_1938723097-734x350.jpg",734,350,true],"kahuna-featured-lp":["https:\/\/digidem-bayern.de\/wp-content\/uploads\/2025\/04\/02-Genetik-ApoE-shutterstock_1938723097-520x350.jpg",520,350,true],"kahuna-featured-half":["https:\/\/digidem-bayern.de\/wp-content\/uploads\/2025\/04\/02-Genetik-ApoE-shutterstock_1938723097-800x350.jpg",800,350,true],"kahuna-featured-third":["https:\/\/digidem-bayern.de\/wp-content\/uploads\/2025\/04\/02-Genetik-ApoE-shutterstock_1938723097-512x350.jpg",512,350,true],"kahuna-lpbox-1":["https:\/\/digidem-bayern.de\/wp-content\/uploads\/2025\/04\/02-Genetik-ApoE-shutterstock_1938723097-520x300.jpg",520,300,true],"kahuna-lpbox-2":["https:\/\/digidem-bayern.de\/wp-content\/uploads\/2025\/04\/02-Genetik-ApoE-shutterstock_1938723097-520x350.jpg",520,350,true],"demand-language-flag":["https:\/\/digidem-bayern.de\/wp-content\/uploads\/2025\/04\/02-Genetik-ApoE-shutterstock_1938723097-36x36.jpg",36,36,true],"dddkt-language-flag":["https:\/\/digidem-bayern.de\/wp-content\/uploads\/2025\/04\/02-Genetik-ApoE-shutterstock_1938723097-36x36.jpg",36,36,true],"ddiqc-language-flag":["https:\/\/digidem-bayern.de\/wp-content\/uploads\/2025\/04\/02-Genetik-ApoE-shutterstock_1938723097-36x36.jpg",36,36,true],"ddtl-language-flag":["https:\/\/digidem-bayern.de\/wp-content\/uploads\/2025\/04\/02-Genetik-ApoE-shutterstock_1938723097-36x36.jpg",36,36,true],"mailpoet_newsletter_max":["https:\/\/digidem-bayern.de\/wp-content\/uploads\/2025\/04\/02-Genetik-ApoE-shutterstock_1938723097.jpg",1000,563,false],"kahuna-lpbox-3":["https:\/\/digidem-bayern.de\/wp-content\/uploads\/2025\/04\/02-Genetik-ApoE-shutterstock_1938723097-520x350.jpg",520,350,true],"kahuna-featured-square":["https:\/\/digidem-bayern.de\/wp-content\/uploads\/2025\/04\/02-Genetik-ApoE-shutterstock_1938723097-512x512.jpg",512,512,true],"kahuna-featured-square-large":["https:\/\/digidem-bayern.de\/wp-content\/uploads\/2025\/04\/02-Genetik-ApoE-shutterstock_1938723097.jpg",1000,563,false]},"uagb_author_info":{"display_name":"Ilona H\u00f6rath","author_link":"https:\/\/digidem-bayern.de\/en\/author\/hoeratia\/"},"uagb_comment_info":6,"uagb_excerpt":"Bei der Entstehung von Alzheimer k\u00f6nnen unsere Gene eine wesentliche Rolle spielen. W\u00e4hrend bestimmte Genmutationen in seltenen F\u00e4llen die Erkrankung direkt verursachen&nbsp;(lesen Sie dazu unseren Beitrag&nbsp;Famili\u00e4re Alzheimer-Demenz: Seltene Gen-Mutationen als Ursache f\u00fcr Demenz), k\u00f6nnen verschiedene Genvarianten das Risiko, an Alzheimer zu erkranken, erh\u00f6hen. Eines der bedeutendsten Risiko-Gene ist dabei eine &hellip;","_links":{"self":[{"href":"https:\/\/digidem-bayern.de\/en\/wp-json\/wp\/v2\/posts\/42906","targetHints":{"allow":["GET"]}}],"collection":[{"href":"https:\/\/digidem-bayern.de\/en\/wp-json\/wp\/v2\/posts"}],"about":[{"href":"https:\/\/digidem-bayern.de\/en\/wp-json\/wp\/v2\/types\/post"}],"author":[{"embeddable":true,"href":"https:\/\/digidem-bayern.de\/en\/wp-json\/wp\/v2\/users\/12"}],"replies":[{"embeddable":true,"href":"https:\/\/digidem-bayern.de\/en\/wp-json\/wp\/v2\/comments?post=42906"}],"version-history":[{"count":8,"href":"https:\/\/digidem-bayern.de\/en\/wp-json\/wp\/v2\/posts\/42906\/revisions"}],"predecessor-version":[{"id":42946,"href":"https:\/\/digidem-bayern.de\/en\/wp-json\/wp\/v2\/posts\/42906\/revisions\/42946"}],"wp:featuredmedia":[{"embeddable":true,"href":"https:\/\/digidem-bayern.de\/en\/wp-json\/wp\/v2\/media\/42929"}],"wp:attachment":[{"href":"https:\/\/digidem-bayern.de\/en\/wp-json\/wp\/v2\/media?parent=42906"}],"wp:term":[{"taxonomy":"category","embeddable":true,"href":"https:\/\/digidem-bayern.de\/en\/wp-json\/wp\/v2\/categories?post=42906"},{"taxonomy":"post_tag","embeddable":true,"href":"https:\/\/digidem-bayern.de\/en\/wp-json\/wp\/v2\/tags?post=42906"}],"curies":[{"name":"wp","href":"https:\/\/api.w.org\/{rel}","templated":true}]}}