{"id":4271,"date":"2019-12-03T14:34:41","date_gmt":"2019-12-03T13:34:41","guid":{"rendered":"https:\/\/digidem-bayern.de\/?p=4271"},"modified":"2019-12-03T14:43:07","modified_gmt":"2019-12-03T13:43:07","slug":"e-learning-als-unterstuetzung-fuer-pflegende-angehoerige","status":"publish","type":"post","link":"https:\/\/digidem-bayern.de\/en\/e-learning-als-unterstuetzung-fuer-pflegende-angehoerige\/","title":{"rendered":"E-Learning als Unterst\u00fctzung f\u00fcr pflegende Angeh\u00f6rige"},"content":{"rendered":"<h4 class=\"wp-block-heading\">Die Unterst\u00fctzung und Betreuung von Menschen mit Demenz stellt f\u00fcr pflegende Angeh\u00f6rige sowie professionelle Pflegekr\u00e4fte h\u00e4ufig eine gro\u00dfe Herausforderung dar. Eine Untersuchung hat nun gezeigt, dass E-Learning-Programme ihnen helfen k\u00f6nnen. Sie f\u00fchrten dazu, dass sich die Pflegenden sicherer in ihrer Rolle f\u00fchlten und weniger Stress empfanden. Zudem erh\u00f6hten sie die Empathie und das Verst\u00e4ndnis f\u00fcr die Betroffenen. <\/h4>\n\n\n\n<div class=\"wp-block-image\"><figure class=\"alignright size-medium\"><img loading=\"lazy\" decoding=\"async\" width=\"300\" height=\"200\" src=\"https:\/\/test.digidem-bayern.de\/wp-content\/uploads\/2019\/12\/student-849826_1280-300x200.jpg\" alt=\"Frau arbeitet an Laptop, zu sehe nsind nur ihre H\u00e4nde.\" class=\"wp-image-4276\" srcset=\"https:\/\/digidem-bayern.de\/wp-content\/uploads\/2019\/12\/student-849826_1280-300x200.jpg 300w, https:\/\/digidem-bayern.de\/wp-content\/uploads\/2019\/12\/student-849826_1280-1030x686.jpg 1030w, https:\/\/digidem-bayern.de\/wp-content\/uploads\/2019\/12\/student-849826_1280-768x512.jpg 768w, https:\/\/digidem-bayern.de\/wp-content\/uploads\/2019\/12\/student-849826_1280-495x330.jpg 495w, https:\/\/digidem-bayern.de\/wp-content\/uploads\/2019\/12\/student-849826_1280.jpg 1280w\" sizes=\"auto, (max-width: 300px) 100vw, 300px\" \/><\/figure><\/div>\n\n\n\n<p>Die Autoren Blanka Klimova und ihre\nKollegen betonen die Relevanz von E-Learning-Programmen insbesondere aufgrund\nder Tatsache, dass Menschen mit Demenz zunehmend zuhause von\nFamilienangeh\u00f6rigen betreut werden. Europaweit w\u00fcrden inzwischen rund 80\nProzent der Betroffenen von Angeh\u00f6rigen gepflegt. Dies f\u00fchre jedoch bei den\nPflegenden h\u00e4ufig zu einem Verlust an Lebensqualit\u00e4t, und sie litten, ebenso\nwie professionelle Pflegekr\u00e4fte, unter einer zunehmenden k\u00f6rperlichen, mentalen\nund finanziellen Belastung. Umso wichtiger seien Entlastungs- und\nUnterst\u00fctzungsangebote. E-Learning stelle hier eine M\u00f6glichkeit dar, die auch von\nder WHO unterst\u00fctzt werde.&nbsp; <\/p>\n\n\n\n<p>F\u00fcr ihre systematische \u00dcbersicht in der Zeitschrift <em>BMC Health Services Research<\/em> haben die Wissenschaftler sechs Studien aus den Jahren 2010 bis 2018 ausgewertet. Diese Studien definierten E-Learning gr\u00f6\u00dftenteils als internet-basierte Schulungsprogramme und untersuchten u.a. Ver\u00e4nderungen in Bezug auf die emotionale und psychologische Belastung der Pflegenden, ihr Wissen \u00fcber Demenz-Erkrankungen und ihre sozialen sowie kognitiven Kompetenzen.<\/p>\n\n\n\n<p><strong>Vielversprechende Unterst\u00fctzungsmethode besonders f\u00fcr pflegende Angeh\u00f6rige<\/strong><\/p>\n\n\n\n<p>In ihrer Auswertung kommen die Autoren\nzu folgendem Ergebnis: E-Learning-Programme sind im Umgang mit Menschen mit\nDemenz eine vielversprechende Unterst\u00fctzungsmethode, besonders f\u00fcr pflegende\nAngeh\u00f6rige. Teilnehmende aus allen Studien seien mit den E-Learning Programmen\nzufrieden gewesen, da sie ihnen geholfen h\u00e4tten, weniger Stress und mehr\nEmpathie zu empfinden. Als positiv wahrgenommen wurden auch die Flexibilit\u00e4t\nder Programme, ihre einfache orts- und zeitunabh\u00e4ngige Zug\u00e4nglichkeit, der\npersonalisierte Ansatz der Angebote, die Nutzerfreundlichkeit und der niedrigschwellige\nZugang. <\/p>\n\n\n\n<p>Die praktische Ausf\u00fchrung von E-Learning-Programmen erfordert nach Einsch\u00e4tzung der Wissenschaftler jedoch professionelle und regelm\u00e4\u00dfige Schulungen in der technischen Handhabung. Einschr\u00e4nkend zu ihren Ergebnissen verweisen die Autoren auf die geringe Anzahl verf\u00fcgbarer Studien zum Thema und empfehlen weitere Forschung dar\u00fcber.<\/p>\n\n\n\n<p><em>Weitere Informationen finden Sie\nhier:<\/em><\/p>\n\n\n\n<p><a href=\"https:\/\/bmchealthservres.biomedcentral.com\/articles\/10.1186\/s12913-019-4641-9\">https:\/\/bmchealthservres.biomedcentral.com\/articles\/10.1186\/s12913-019-4641-9<\/a><\/p>","protected":false},"excerpt":{"rendered":"<p>Die Unterst\u00fctzung und Betreuung von Menschen mit Demenz stellt f\u00fcr pflegende Angeh\u00f6rige sowie professionelle Pflegekr\u00e4fte h\u00e4ufig eine gro\u00dfe Herausforderung dar. Eine Untersuchung hat nun gezeigt, dass E-Learning-Programme ihnen helfen k\u00f6nnen. Sie f\u00fchrten dazu, dass sich die Pflegenden sicherer in ihrer Rolle f\u00fchlten und weniger Stress empfanden. Zudem erh\u00f6hten sie die &hellip;<\/p>","protected":false},"author":11,"featured_media":4276,"comment_status":"closed","ping_status":"closed","sticky":false,"template":"","format":"standard","meta":{"qubely_global_settings":"","qubely_interactions":"","_uag_custom_page_level_css":"","footnotes":""},"categories":[5],"tags":[13,11,14,17,20,18,51],"class_list":["post-4271","post","type-post","status-publish","format-standard","has-post-thumbnail","hentry","category-wissenschaft-forschung","tag-alzheimer","tag-demenz","tag-digidem","tag-digidem-bayern","tag-digitalisierung","tag-e-health","tag-e-learning"],"qubely_featured_image_url":{"full":["https:\/\/digidem-bayern.de\/wp-content\/uploads\/2019\/12\/student-849826_1280.jpg",1280,853,false],"landscape":["https:\/\/digidem-bayern.de\/wp-content\/uploads\/2019\/12\/student-849826_1280-1200x750.jpg",1200,750,true],"portraits":["https:\/\/digidem-bayern.de\/wp-content\/uploads\/2019\/12\/student-849826_1280-540x320.jpg",540,320,true],"thumbnail":["https:\/\/digidem-bayern.de\/wp-content\/uploads\/2019\/12\/student-849826_1280-80x80.jpg",80,80,true],"medium":["https:\/\/digidem-bayern.de\/wp-content\/uploads\/2019\/12\/student-849826_1280-300x200.jpg",300,200,true],"medium_large":["https:\/\/digidem-bayern.de\/wp-content\/uploads\/2019\/12\/student-849826_1280-768x512.jpg",768,512,true],"large":["https:\/\/digidem-bayern.de\/wp-content\/uploads\/2019\/12\/student-849826_1280-1030x686.jpg",1030,686,true],"1536x1536":["https:\/\/digidem-bayern.de\/wp-content\/uploads\/2019\/12\/student-849826_1280.jpg",1280,853,false],"2048x2048":["https:\/\/digidem-bayern.de\/wp-content\/uploads\/2019\/12\/student-849826_1280.jpg",1280,853,false],"trp-custom-language-flag":["https:\/\/digidem-bayern.de\/wp-content\/uploads\/2019\/12\/student-849826_1280.jpg",18,12,false],"qubely_landscape":["https:\/\/digidem-bayern.de\/wp-content\/uploads\/2019\/12\/student-849826_1280-1200x750.jpg",1200,750,true],"qubely_portrait":["https:\/\/digidem-bayern.de\/wp-content\/uploads\/2019\/12\/student-849826_1280-540x320.jpg",540,320,true],"qubely_thumbnail":["https:\/\/digidem-bayern.de\/wp-content\/uploads\/2019\/12\/student-849826_1280-140x100.jpg",140,100,true],"post-thumbnail":["https:\/\/digidem-bayern.de\/wp-content\/uploads\/2019\/12\/student-849826_1280-495x330.jpg",495,330,true],"kahuna-featured":["https:\/\/digidem-bayern.de\/wp-content\/uploads\/2019\/12\/student-849826_1280-495x350.jpg",495,350,true],"kahuna-featured-lp":["https:\/\/digidem-bayern.de\/wp-content\/uploads\/2019\/12\/student-849826_1280-690x350.jpg",520,264,true],"kahuna-featured-half":["https:\/\/digidem-bayern.de\/wp-content\/uploads\/2019\/12\/student-849826_1280-800x350.jpg",800,350,true],"kahuna-featured-third":["https:\/\/digidem-bayern.de\/wp-content\/uploads\/2019\/12\/student-849826_1280-512x350.jpg",512,350,true],"kahuna-lpbox-1":["https:\/\/digidem-bayern.de\/wp-content\/uploads\/2019\/12\/student-849826_1280-460x350.jpg",394,300,true],"kahuna-lpbox-2":["https:\/\/digidem-bayern.de\/wp-content\/uploads\/2019\/12\/student-849826_1280-460x350.jpg",460,350,true],"demand-language-flag":["https:\/\/digidem-bayern.de\/wp-content\/uploads\/2019\/12\/student-849826_1280.jpg",36,24,false],"dddkt-language-flag":["https:\/\/digidem-bayern.de\/wp-content\/uploads\/2019\/12\/student-849826_1280.jpg",36,24,false],"ddiqc-language-flag":["https:\/\/digidem-bayern.de\/wp-content\/uploads\/2019\/12\/student-849826_1280.jpg",36,24,false],"ddtl-language-flag":["https:\/\/digidem-bayern.de\/wp-content\/uploads\/2019\/12\/student-849826_1280.jpg",36,24,false],"mailpoet_newsletter_max":["https:\/\/digidem-bayern.de\/wp-content\/uploads\/2019\/12\/student-849826_1280.jpg",1280,853,false],"kahuna-lpbox-3":["https:\/\/digidem-bayern.de\/wp-content\/uploads\/2019\/12\/student-849826_1280-460x350.jpg",460,350,true],"kahuna-featured-square":["https:\/\/digidem-bayern.de\/wp-content\/uploads\/2019\/12\/student-849826_1280-512x512.jpg",512,512,true],"kahuna-featured-square-large":["https:\/\/digidem-bayern.de\/wp-content\/uploads\/2019\/12\/student-849826_1280-1024x853.jpg",1024,853,true]},"qubely_author":{"display_name":"Michael Zeiler","author_link":"https:\/\/digidem-bayern.de\/en\/author\/michael-zeiler\/"},"qubely_comment":0,"qubely_category":"<a href=\"https:\/\/digidem-bayern.de\/en\/category\/wissenschaft-forschung\/\" rel=\"category tag\">Wissenschaft &amp; Forschung<\/a>","qubely_excerpt":"Die Unterst\u00fctzung und Betreuung von Menschen mit Demenz stellt f\u00fcr pflegende Angeh\u00f6rige sowie professionelle Pflegekr\u00e4fte h\u00e4ufig eine gro\u00dfe Herausforderung dar. Eine Untersuchung hat nun gezeigt, dass E-Learning-Programme ihnen helfen k\u00f6nnen. Sie f\u00fchrten dazu, dass sich die Pflegenden sicherer in ihrer Rolle f\u00fchlten und weniger Stress empfanden. Zudem erh\u00f6hten sie die &hellip;","featured_image_urls_v2":{"full":["https:\/\/digidem-bayern.de\/wp-content\/uploads\/2019\/12\/student-849826_1280.jpg",1280,853,false],"thumbnail":["https:\/\/digidem-bayern.de\/wp-content\/uploads\/2019\/12\/student-849826_1280-80x80.jpg",80,80,true],"medium":["https:\/\/digidem-bayern.de\/wp-content\/uploads\/2019\/12\/student-849826_1280-300x200.jpg",300,200,true],"medium_large":["https:\/\/digidem-bayern.de\/wp-content\/uploads\/2019\/12\/student-849826_1280-768x512.jpg",768,512,true],"large":["https:\/\/digidem-bayern.de\/wp-content\/uploads\/2019\/12\/student-849826_1280-1030x686.jpg",1030,686,true],"1536x1536":["https:\/\/digidem-bayern.de\/wp-content\/uploads\/2019\/12\/student-849826_1280.jpg",1280,853,false],"2048x2048":["https:\/\/digidem-bayern.de\/wp-content\/uploads\/2019\/12\/student-849826_1280.jpg",1280,853,false],"trp-custom-language-flag":["https:\/\/digidem-bayern.de\/wp-content\/uploads\/2019\/12\/student-849826_1280.jpg",18,12,false],"qubely_landscape":["https:\/\/digidem-bayern.de\/wp-content\/uploads\/2019\/12\/student-849826_1280-1200x750.jpg",1200,750,true],"qubely_portrait":["https:\/\/digidem-bayern.de\/wp-content\/uploads\/2019\/12\/student-849826_1280-540x320.jpg",540,320,true],"qubely_thumbnail":["https:\/\/digidem-bayern.de\/wp-content\/uploads\/2019\/12\/student-849826_1280-140x100.jpg",140,100,true],"post-thumbnail":["https:\/\/digidem-bayern.de\/wp-content\/uploads\/2019\/12\/student-849826_1280-495x330.jpg",495,330,true],"kahuna-featured":["https:\/\/digidem-bayern.de\/wp-content\/uploads\/2019\/12\/student-849826_1280-495x350.jpg",495,350,true],"kahuna-featured-lp":["https:\/\/digidem-bayern.de\/wp-content\/uploads\/2019\/12\/student-849826_1280-690x350.jpg",520,264,true],"kahuna-featured-half":["https:\/\/digidem-bayern.de\/wp-content\/uploads\/2019\/12\/student-849826_1280-800x350.jpg",800,350,true],"kahuna-featured-third":["https:\/\/digidem-bayern.de\/wp-content\/uploads\/2019\/12\/student-849826_1280-512x350.jpg",512,350,true],"kahuna-lpbox-1":["https:\/\/digidem-bayern.de\/wp-content\/uploads\/2019\/12\/student-849826_1280-460x350.jpg",394,300,true],"kahuna-lpbox-2":["https:\/\/digidem-bayern.de\/wp-content\/uploads\/2019\/12\/student-849826_1280-460x350.jpg",460,350,true],"demand-language-flag":["https:\/\/digidem-bayern.de\/wp-content\/uploads\/2019\/12\/student-849826_1280.jpg",36,24,false],"dddkt-language-flag":["https:\/\/digidem-bayern.de\/wp-content\/uploads\/2019\/12\/student-849826_1280.jpg",36,24,false],"ddiqc-language-flag":["https:\/\/digidem-bayern.de\/wp-content\/uploads\/2019\/12\/student-849826_1280.jpg",36,24,false],"ddtl-language-flag":["https:\/\/digidem-bayern.de\/wp-content\/uploads\/2019\/12\/student-849826_1280.jpg",36,24,false],"mailpoet_newsletter_max":["https:\/\/digidem-bayern.de\/wp-content\/uploads\/2019\/12\/student-849826_1280.jpg",1280,853,false],"kahuna-lpbox-3":["https:\/\/digidem-bayern.de\/wp-content\/uploads\/2019\/12\/student-849826_1280-460x350.jpg",460,350,true],"kahuna-featured-square":["https:\/\/digidem-bayern.de\/wp-content\/uploads\/2019\/12\/student-849826_1280-512x512.jpg",512,512,true],"kahuna-featured-square-large":["https:\/\/digidem-bayern.de\/wp-content\/uploads\/2019\/12\/student-849826_1280-1024x853.jpg",1024,853,true]},"post_excerpt_stackable_v2":"<p>Die Unterst\u00fctzung und Betreuung von Menschen mit Demenz stellt f\u00fcr pflegende Angeh\u00f6rige sowie professionelle Pflegekr\u00e4fte h\u00e4ufig eine gro\u00dfe Herausforderung dar. Eine Untersuchung hat nun gezeigt, dass E-Learning-Programme ihnen helfen k\u00f6nnen. Sie f\u00fchrten dazu, dass sich die Pflegenden sicherer in ihrer Rolle f\u00fchlten und weniger Stress empfanden. Zudem erh\u00f6hten sie die Empathie und das Verst\u00e4ndnis f\u00fcr die Betroffenen. Die Autoren Blanka Klimova und ihre Kollegen betonen die Relevanz von E-Learning-Programmen insbesondere aufgrund der Tatsache, dass Menschen mit Demenz zunehmend zuhause von Familienangeh\u00f6rigen betreut werden. Europaweit w\u00fcrden inzwischen rund 80 Prozent der Betroffenen von Angeh\u00f6rigen gepflegt. Dies f\u00fchre jedoch bei den Pflegenden&hellip;<\/p>\n","category_list_v2":"<a href=\"https:\/\/digidem-bayern.de\/en\/category\/wissenschaft-forschung\/\" rel=\"category tag\">Wissenschaft &amp; Forschung<\/a>","author_info_v2":{"name":"Michael Zeiler","url":"https:\/\/digidem-bayern.de\/en\/author\/michael-zeiler\/"},"comments_num_v2":"0 comments","yoast_head":"<!-- This site is optimized with the Yoast SEO plugin v27.4 - https:\/\/yoast.com\/product\/yoast-seo-wordpress\/ -->\n<title>E-Learning als Unterst\u00fctzung f\u00fcr pflegende Angeh\u00f6rige - digiDEM Bayern<\/title>\n<meta name=\"description\" content=\"Die Unterst\u00fctzung und Betreuung von Menschen mit Demenz ist f\u00fcr pflegende Angeh\u00f6rige und Pflegekr\u00e4fte h\u00e4ufig eine gro\u00dfe Herausforderung. Eine Untersuchung hat nun gezeigt, dass E-Learning-Programme ihnen helfen k\u00f6nnen.\" \/>\n<meta name=\"robots\" content=\"index, follow, max-snippet:-1, max-image-preview:large, max-video-preview:-1\" \/>\n<link rel=\"canonical\" href=\"https:\/\/digidem-bayern.de\/en\/e-learning-als-unterstuetzung-fuer-pflegende-angehoerige\/\" \/>\n<meta property=\"og:locale\" content=\"en_US\" \/>\n<meta property=\"og:type\" content=\"article\" \/>\n<meta property=\"og:title\" content=\"E-Learning als Unterst\u00fctzung f\u00fcr pflegende Angeh\u00f6rige - digiDEM Bayern\" \/>\n<meta property=\"og:description\" content=\"Die Unterst\u00fctzung und Betreuung von Menschen mit Demenz ist f\u00fcr pflegende Angeh\u00f6rige und Pflegekr\u00e4fte h\u00e4ufig eine gro\u00dfe Herausforderung. Eine Untersuchung hat nun gezeigt, dass E-Learning-Programme ihnen helfen k\u00f6nnen.\" \/>\n<meta property=\"og:url\" content=\"https:\/\/digidem-bayern.de\/en\/e-learning-als-unterstuetzung-fuer-pflegende-angehoerige\/\" \/>\n<meta property=\"og:site_name\" content=\"digiDEM Bayern\" \/>\n<meta property=\"article:publisher\" content=\"https:\/\/www.facebook.com\/digiDEMBayern\/\" \/>\n<meta property=\"article:published_time\" content=\"2019-12-03T13:34:41+00:00\" \/>\n<meta property=\"article:modified_time\" content=\"2019-12-03T13:43:07+00:00\" \/>\n<meta property=\"og:image\" content=\"https:\/\/digidem-bayern.de\/wp-content\/uploads\/2019\/12\/student-849826_1280.jpg\" \/>\n\t<meta property=\"og:image:width\" content=\"1280\" \/>\n\t<meta property=\"og:image:height\" content=\"853\" \/>\n\t<meta property=\"og:image:type\" content=\"image\/jpeg\" \/>\n<meta name=\"author\" content=\"Michael Zeiler\" \/>\n<meta name=\"twitter:label1\" content=\"Written by\" \/>\n\t<meta name=\"twitter:data1\" content=\"Michael Zeiler\" \/>\n\t<meta name=\"twitter:label2\" content=\"Est. reading time\" \/>\n\t<meta name=\"twitter:data2\" content=\"2 minutes\" \/>\n<script type=\"application\/ld+json\" class=\"yoast-schema-graph\">{\"@context\":\"https:\\\/\\\/schema.org\",\"@graph\":[{\"@type\":\"Article\",\"@id\":\"https:\\\/\\\/digidem-bayern.de\\\/e-learning-als-unterstuetzung-fuer-pflegende-angehoerige\\\/#article\",\"isPartOf\":{\"@id\":\"https:\\\/\\\/digidem-bayern.de\\\/e-learning-als-unterstuetzung-fuer-pflegende-angehoerige\\\/\"},\"author\":{\"name\":\"Michael Zeiler\",\"@id\":\"\\\/#\\\/schema\\\/person\\\/92754ad381f49b3c358d1d8d2c4f90b8\"},\"headline\":\"E-Learning als Unterst\u00fctzung f\u00fcr pflegende Angeh\u00f6rige\",\"datePublished\":\"2019-12-03T13:34:41+00:00\",\"dateModified\":\"2019-12-03T13:43:07+00:00\",\"mainEntityOfPage\":{\"@id\":\"https:\\\/\\\/digidem-bayern.de\\\/e-learning-als-unterstuetzung-fuer-pflegende-angehoerige\\\/\"},\"wordCount\":377,\"publisher\":{\"@id\":\"\\\/#organization\"},\"image\":{\"@id\":\"https:\\\/\\\/digidem-bayern.de\\\/e-learning-als-unterstuetzung-fuer-pflegende-angehoerige\\\/#primaryimage\"},\"thumbnailUrl\":\"https:\\\/\\\/digidem-bayern.de\\\/wp-content\\\/uploads\\\/2019\\\/12\\\/student-849826_1280.jpg\",\"keywords\":[\"Alzheimer\",\"Demenz.\",\"digidem\",\"digidem Bayern\",\"Digitalisierung\",\"E-Health\",\"E-Learning\"],\"articleSection\":[\"Wissenschaft &amp; Forschung\"],\"inLanguage\":\"en-US\"},{\"@type\":\"WebPage\",\"@id\":\"https:\\\/\\\/digidem-bayern.de\\\/e-learning-als-unterstuetzung-fuer-pflegende-angehoerige\\\/\",\"url\":\"https:\\\/\\\/digidem-bayern.de\\\/e-learning-als-unterstuetzung-fuer-pflegende-angehoerige\\\/\",\"name\":\"E-Learning als Unterst\u00fctzung f\u00fcr pflegende Angeh\u00f6rige - digiDEM Bayern\",\"isPartOf\":{\"@id\":\"\\\/#website\"},\"primaryImageOfPage\":{\"@id\":\"https:\\\/\\\/digidem-bayern.de\\\/e-learning-als-unterstuetzung-fuer-pflegende-angehoerige\\\/#primaryimage\"},\"image\":{\"@id\":\"https:\\\/\\\/digidem-bayern.de\\\/e-learning-als-unterstuetzung-fuer-pflegende-angehoerige\\\/#primaryimage\"},\"thumbnailUrl\":\"https:\\\/\\\/digidem-bayern.de\\\/wp-content\\\/uploads\\\/2019\\\/12\\\/student-849826_1280.jpg\",\"datePublished\":\"2019-12-03T13:34:41+00:00\",\"dateModified\":\"2019-12-03T13:43:07+00:00\",\"description\":\"Die Unterst\u00fctzung und Betreuung von Menschen mit Demenz ist f\u00fcr pflegende Angeh\u00f6rige und Pflegekr\u00e4fte h\u00e4ufig eine gro\u00dfe Herausforderung. Eine Untersuchung hat nun gezeigt, dass E-Learning-Programme ihnen helfen k\u00f6nnen.\",\"breadcrumb\":{\"@id\":\"https:\\\/\\\/digidem-bayern.de\\\/e-learning-als-unterstuetzung-fuer-pflegende-angehoerige\\\/#breadcrumb\"},\"inLanguage\":\"en-US\",\"potentialAction\":[{\"@type\":\"ReadAction\",\"target\":[\"https:\\\/\\\/digidem-bayern.de\\\/e-learning-als-unterstuetzung-fuer-pflegende-angehoerige\\\/\"]}]},{\"@type\":\"ImageObject\",\"inLanguage\":\"en-US\",\"@id\":\"https:\\\/\\\/digidem-bayern.de\\\/e-learning-als-unterstuetzung-fuer-pflegende-angehoerige\\\/#primaryimage\",\"url\":\"https:\\\/\\\/digidem-bayern.de\\\/wp-content\\\/uploads\\\/2019\\\/12\\\/student-849826_1280.jpg\",\"contentUrl\":\"https:\\\/\\\/digidem-bayern.de\\\/wp-content\\\/uploads\\\/2019\\\/12\\\/student-849826_1280.jpg\",\"width\":1280,\"height\":853,\"caption\":\"Frau arbeitet an Laptop, zu sehen sind nur ihre H\u00e4nde.\"},{\"@type\":\"BreadcrumbList\",\"@id\":\"https:\\\/\\\/digidem-bayern.de\\\/e-learning-als-unterstuetzung-fuer-pflegende-angehoerige\\\/#breadcrumb\",\"itemListElement\":[{\"@type\":\"ListItem\",\"position\":1,\"name\":\"Startseite\",\"item\":\"https:\\\/\\\/digidem-bayern.de\\\/\"},{\"@type\":\"ListItem\",\"position\":2,\"name\":\"E-Learning als Unterst\u00fctzung f\u00fcr pflegende Angeh\u00f6rige\"}]},{\"@type\":\"WebSite\",\"@id\":\"\\\/#website\",\"url\":\"\\\/\",\"name\":\"digiDEM Bayern\",\"description\":\"Das digitale Demenzregister Bayern erforscht und verbessert die Angebotsstuktur f\u00fcr Menschen mit Demenz und deren Angeh\u00f6rige\",\"publisher\":{\"@id\":\"\\\/#organization\"},\"potentialAction\":[{\"@type\":\"SearchAction\",\"target\":{\"@type\":\"EntryPoint\",\"urlTemplate\":\"\\\/?s={search_term_string}\"},\"query-input\":{\"@type\":\"PropertyValueSpecification\",\"valueRequired\":true,\"valueName\":\"search_term_string\"}}],\"inLanguage\":\"en-US\"},{\"@type\":\"Organization\",\"@id\":\"\\\/#organization\",\"name\":\"digiDEM Bayern\",\"url\":\"\\\/\",\"logo\":{\"@type\":\"ImageObject\",\"inLanguage\":\"en-US\",\"@id\":\"\\\/#\\\/schema\\\/logo\\\/image\\\/\",\"url\":\"https:\\\/\\\/digidem-bayern.de\\\/wp-content\\\/uploads\\\/2022\\\/03\\\/cropped-Allgemeines_digiDEMLOGO-removebg-preview.png\",\"contentUrl\":\"https:\\\/\\\/digidem-bayern.de\\\/wp-content\\\/uploads\\\/2022\\\/03\\\/cropped-Allgemeines_digiDEMLOGO-removebg-preview.png\",\"width\":612,\"height\":357,\"caption\":\"digiDEM Bayern\"},\"image\":{\"@id\":\"\\\/#\\\/schema\\\/logo\\\/image\\\/\"},\"sameAs\":[\"https:\\\/\\\/www.facebook.com\\\/digiDEMBayern\\\/\",\"https:\\\/\\\/x.com\\\/digidem_bayern\",\"https:\\\/\\\/www.instagram.com\\\/digidem.bayern\",\"https:\\\/\\\/www.linkedin.com\\\/company\\\/digidem-bayern\\\/\"]},{\"@type\":\"Person\",\"@id\":\"\\\/#\\\/schema\\\/person\\\/92754ad381f49b3c358d1d8d2c4f90b8\",\"name\":\"Michael Zeiler\",\"url\":\"https:\\\/\\\/digidem-bayern.de\\\/en\\\/author\\\/michael-zeiler\\\/\"}]}<\/script>\n<!-- \/ Yoast SEO plugin. -->","yoast_head_json":{"title":"E-Learning als Unterst\u00fctzung f\u00fcr pflegende Angeh\u00f6rige - digiDEM Bayern","description":"Die Unterst\u00fctzung und Betreuung von Menschen mit Demenz ist f\u00fcr pflegende Angeh\u00f6rige und Pflegekr\u00e4fte h\u00e4ufig eine gro\u00dfe Herausforderung. Eine Untersuchung hat nun gezeigt, dass E-Learning-Programme ihnen helfen k\u00f6nnen.","robots":{"index":"index","follow":"follow","max-snippet":"max-snippet:-1","max-image-preview":"max-image-preview:large","max-video-preview":"max-video-preview:-1"},"canonical":"https:\/\/digidem-bayern.de\/en\/e-learning-als-unterstuetzung-fuer-pflegende-angehoerige\/","og_locale":"en_US","og_type":"article","og_title":"E-Learning als Unterst\u00fctzung f\u00fcr pflegende Angeh\u00f6rige - digiDEM Bayern","og_description":"Die Unterst\u00fctzung und Betreuung von Menschen mit Demenz ist f\u00fcr pflegende Angeh\u00f6rige und Pflegekr\u00e4fte h\u00e4ufig eine gro\u00dfe Herausforderung. Eine Untersuchung hat nun gezeigt, dass E-Learning-Programme ihnen helfen k\u00f6nnen.","og_url":"https:\/\/digidem-bayern.de\/en\/e-learning-als-unterstuetzung-fuer-pflegende-angehoerige\/","og_site_name":"digiDEM Bayern","article_publisher":"https:\/\/www.facebook.com\/digiDEMBayern\/","article_published_time":"2019-12-03T13:34:41+00:00","article_modified_time":"2019-12-03T13:43:07+00:00","og_image":[{"width":1280,"height":853,"url":"https:\/\/digidem-bayern.de\/wp-content\/uploads\/2019\/12\/student-849826_1280.jpg","type":"image\/jpeg"}],"author":"Michael Zeiler","twitter_misc":{"Written by":"Michael Zeiler","Est. reading time":"2 minutes"},"schema":{"@context":"https:\/\/schema.org","@graph":[{"@type":"Article","@id":"https:\/\/digidem-bayern.de\/e-learning-als-unterstuetzung-fuer-pflegende-angehoerige\/#article","isPartOf":{"@id":"https:\/\/digidem-bayern.de\/e-learning-als-unterstuetzung-fuer-pflegende-angehoerige\/"},"author":{"name":"Michael Zeiler","@id":"\/#\/schema\/person\/92754ad381f49b3c358d1d8d2c4f90b8"},"headline":"E-Learning als Unterst\u00fctzung f\u00fcr pflegende Angeh\u00f6rige","datePublished":"2019-12-03T13:34:41+00:00","dateModified":"2019-12-03T13:43:07+00:00","mainEntityOfPage":{"@id":"https:\/\/digidem-bayern.de\/e-learning-als-unterstuetzung-fuer-pflegende-angehoerige\/"},"wordCount":377,"publisher":{"@id":"\/#organization"},"image":{"@id":"https:\/\/digidem-bayern.de\/e-learning-als-unterstuetzung-fuer-pflegende-angehoerige\/#primaryimage"},"thumbnailUrl":"https:\/\/digidem-bayern.de\/wp-content\/uploads\/2019\/12\/student-849826_1280.jpg","keywords":["Alzheimer","Demenz.","digidem","digidem Bayern","Digitalisierung","E-Health","E-Learning"],"articleSection":["Wissenschaft &amp; Forschung"],"inLanguage":"en-US"},{"@type":"WebPage","@id":"https:\/\/digidem-bayern.de\/e-learning-als-unterstuetzung-fuer-pflegende-angehoerige\/","url":"https:\/\/digidem-bayern.de\/e-learning-als-unterstuetzung-fuer-pflegende-angehoerige\/","name":"E-Learning als Unterst\u00fctzung f\u00fcr pflegende Angeh\u00f6rige - digiDEM Bayern","isPartOf":{"@id":"\/#website"},"primaryImageOfPage":{"@id":"https:\/\/digidem-bayern.de\/e-learning-als-unterstuetzung-fuer-pflegende-angehoerige\/#primaryimage"},"image":{"@id":"https:\/\/digidem-bayern.de\/e-learning-als-unterstuetzung-fuer-pflegende-angehoerige\/#primaryimage"},"thumbnailUrl":"https:\/\/digidem-bayern.de\/wp-content\/uploads\/2019\/12\/student-849826_1280.jpg","datePublished":"2019-12-03T13:34:41+00:00","dateModified":"2019-12-03T13:43:07+00:00","description":"Die Unterst\u00fctzung und Betreuung von Menschen mit Demenz ist f\u00fcr pflegende Angeh\u00f6rige und Pflegekr\u00e4fte h\u00e4ufig eine gro\u00dfe Herausforderung. Eine Untersuchung hat nun gezeigt, dass E-Learning-Programme ihnen helfen k\u00f6nnen.","breadcrumb":{"@id":"https:\/\/digidem-bayern.de\/e-learning-als-unterstuetzung-fuer-pflegende-angehoerige\/#breadcrumb"},"inLanguage":"en-US","potentialAction":[{"@type":"ReadAction","target":["https:\/\/digidem-bayern.de\/e-learning-als-unterstuetzung-fuer-pflegende-angehoerige\/"]}]},{"@type":"ImageObject","inLanguage":"en-US","@id":"https:\/\/digidem-bayern.de\/e-learning-als-unterstuetzung-fuer-pflegende-angehoerige\/#primaryimage","url":"https:\/\/digidem-bayern.de\/wp-content\/uploads\/2019\/12\/student-849826_1280.jpg","contentUrl":"https:\/\/digidem-bayern.de\/wp-content\/uploads\/2019\/12\/student-849826_1280.jpg","width":1280,"height":853,"caption":"Frau arbeitet an Laptop, zu sehen sind nur ihre H\u00e4nde."},{"@type":"BreadcrumbList","@id":"https:\/\/digidem-bayern.de\/e-learning-als-unterstuetzung-fuer-pflegende-angehoerige\/#breadcrumb","itemListElement":[{"@type":"ListItem","position":1,"name":"Startseite","item":"https:\/\/digidem-bayern.de\/"},{"@type":"ListItem","position":2,"name":"E-Learning als Unterst\u00fctzung f\u00fcr pflegende Angeh\u00f6rige"}]},{"@type":"WebSite","@id":"\/#website","url":"\/","name":"digiDEM Bavaria","description":"The digital dementia register in Bavaria researches and improves the structure of services for people with dementia and their relatives","publisher":{"@id":"\/#organization"},"potentialAction":[{"@type":"SearchAction","target":{"@type":"EntryPoint","urlTemplate":"\/?s={search_term_string}"},"query-input":{"@type":"PropertyValueSpecification","valueRequired":true,"valueName":"search_term_string"}}],"inLanguage":"en-US"},{"@type":"Organization","@id":"\/#organization","name":"digiDEM Bavaria","url":"\/","logo":{"@type":"ImageObject","inLanguage":"en-US","@id":"\/#\/schema\/logo\/image\/","url":"https:\/\/digidem-bayern.de\/wp-content\/uploads\/2022\/03\/cropped-Allgemeines_digiDEMLOGO-removebg-preview.png","contentUrl":"https:\/\/digidem-bayern.de\/wp-content\/uploads\/2022\/03\/cropped-Allgemeines_digiDEMLOGO-removebg-preview.png","width":612,"height":357,"caption":"digiDEM Bayern"},"image":{"@id":"\/#\/schema\/logo\/image\/"},"sameAs":["https:\/\/www.facebook.com\/digiDEMBayern\/","https:\/\/x.com\/digidem_bayern","https:\/\/www.instagram.com\/digidem.bayern","https:\/\/www.linkedin.com\/company\/digidem-bayern\/"]},{"@type":"Person","@id":"\/#\/schema\/person\/92754ad381f49b3c358d1d8d2c4f90b8","name":"Michael Zeiler","url":"https:\/\/digidem-bayern.de\/en\/author\/michael-zeiler\/"}]}},"uagb_featured_image_src":{"full":["https:\/\/digidem-bayern.de\/wp-content\/uploads\/2019\/12\/student-849826_1280.jpg",1280,853,false],"thumbnail":["https:\/\/digidem-bayern.de\/wp-content\/uploads\/2019\/12\/student-849826_1280-80x80.jpg",80,80,true],"medium":["https:\/\/digidem-bayern.de\/wp-content\/uploads\/2019\/12\/student-849826_1280-300x200.jpg",300,200,true],"medium_large":["https:\/\/digidem-bayern.de\/wp-content\/uploads\/2019\/12\/student-849826_1280-768x512.jpg",768,512,true],"large":["https:\/\/digidem-bayern.de\/wp-content\/uploads\/2019\/12\/student-849826_1280-1030x686.jpg",1030,686,true],"1536x1536":["https:\/\/digidem-bayern.de\/wp-content\/uploads\/2019\/12\/student-849826_1280.jpg",1280,853,false],"2048x2048":["https:\/\/digidem-bayern.de\/wp-content\/uploads\/2019\/12\/student-849826_1280.jpg",1280,853,false],"trp-custom-language-flag":["https:\/\/digidem-bayern.de\/wp-content\/uploads\/2019\/12\/student-849826_1280.jpg",18,12,false],"qubely_landscape":["https:\/\/digidem-bayern.de\/wp-content\/uploads\/2019\/12\/student-849826_1280-1200x750.jpg",1200,750,true],"qubely_portrait":["https:\/\/digidem-bayern.de\/wp-content\/uploads\/2019\/12\/student-849826_1280-540x320.jpg",540,320,true],"qubely_thumbnail":["https:\/\/digidem-bayern.de\/wp-content\/uploads\/2019\/12\/student-849826_1280-140x100.jpg",140,100,true],"post-thumbnail":["https:\/\/digidem-bayern.de\/wp-content\/uploads\/2019\/12\/student-849826_1280-495x330.jpg",495,330,true],"kahuna-featured":["https:\/\/digidem-bayern.de\/wp-content\/uploads\/2019\/12\/student-849826_1280-495x350.jpg",495,350,true],"kahuna-featured-lp":["https:\/\/digidem-bayern.de\/wp-content\/uploads\/2019\/12\/student-849826_1280-690x350.jpg",520,264,true],"kahuna-featured-half":["https:\/\/digidem-bayern.de\/wp-content\/uploads\/2019\/12\/student-849826_1280-800x350.jpg",800,350,true],"kahuna-featured-third":["https:\/\/digidem-bayern.de\/wp-content\/uploads\/2019\/12\/student-849826_1280-512x350.jpg",512,350,true],"kahuna-lpbox-1":["https:\/\/digidem-bayern.de\/wp-content\/uploads\/2019\/12\/student-849826_1280-460x350.jpg",394,300,true],"kahuna-lpbox-2":["https:\/\/digidem-bayern.de\/wp-content\/uploads\/2019\/12\/student-849826_1280-460x350.jpg",460,350,true],"demand-language-flag":["https:\/\/digidem-bayern.de\/wp-content\/uploads\/2019\/12\/student-849826_1280.jpg",36,24,false],"dddkt-language-flag":["https:\/\/digidem-bayern.de\/wp-content\/uploads\/2019\/12\/student-849826_1280.jpg",36,24,false],"ddiqc-language-flag":["https:\/\/digidem-bayern.de\/wp-content\/uploads\/2019\/12\/student-849826_1280.jpg",36,24,false],"ddtl-language-flag":["https:\/\/digidem-bayern.de\/wp-content\/uploads\/2019\/12\/student-849826_1280.jpg",36,24,false],"mailpoet_newsletter_max":["https:\/\/digidem-bayern.de\/wp-content\/uploads\/2019\/12\/student-849826_1280.jpg",1280,853,false],"kahuna-lpbox-3":["https:\/\/digidem-bayern.de\/wp-content\/uploads\/2019\/12\/student-849826_1280-460x350.jpg",460,350,true],"kahuna-featured-square":["https:\/\/digidem-bayern.de\/wp-content\/uploads\/2019\/12\/student-849826_1280-512x512.jpg",512,512,true],"kahuna-featured-square-large":["https:\/\/digidem-bayern.de\/wp-content\/uploads\/2019\/12\/student-849826_1280-1024x853.jpg",1024,853,true]},"uagb_author_info":{"display_name":"Michael Zeiler","author_link":"https:\/\/digidem-bayern.de\/en\/author\/michael-zeiler\/"},"uagb_comment_info":0,"uagb_excerpt":"Die Unterst\u00fctzung und Betreuung von Menschen mit Demenz stellt f\u00fcr pflegende Angeh\u00f6rige sowie professionelle Pflegekr\u00e4fte h\u00e4ufig eine gro\u00dfe Herausforderung dar. Eine Untersuchung hat nun gezeigt, dass E-Learning-Programme ihnen helfen k\u00f6nnen. Sie f\u00fchrten dazu, dass sich die Pflegenden sicherer in ihrer Rolle f\u00fchlten und weniger Stress empfanden. Zudem erh\u00f6hten sie die &hellip;","_links":{"self":[{"href":"https:\/\/digidem-bayern.de\/en\/wp-json\/wp\/v2\/posts\/4271","targetHints":{"allow":["GET"]}}],"collection":[{"href":"https:\/\/digidem-bayern.de\/en\/wp-json\/wp\/v2\/posts"}],"about":[{"href":"https:\/\/digidem-bayern.de\/en\/wp-json\/wp\/v2\/types\/post"}],"author":[{"embeddable":true,"href":"https:\/\/digidem-bayern.de\/en\/wp-json\/wp\/v2\/users\/11"}],"replies":[{"embeddable":true,"href":"https:\/\/digidem-bayern.de\/en\/wp-json\/wp\/v2\/comments?post=4271"}],"version-history":[{"count":0,"href":"https:\/\/digidem-bayern.de\/en\/wp-json\/wp\/v2\/posts\/4271\/revisions"}],"wp:featuredmedia":[{"embeddable":true,"href":"https:\/\/digidem-bayern.de\/en\/wp-json\/wp\/v2\/media\/4276"}],"wp:attachment":[{"href":"https:\/\/digidem-bayern.de\/en\/wp-json\/wp\/v2\/media?parent=4271"}],"wp:term":[{"taxonomy":"category","embeddable":true,"href":"https:\/\/digidem-bayern.de\/en\/wp-json\/wp\/v2\/categories?post=4271"},{"taxonomy":"post_tag","embeddable":true,"href":"https:\/\/digidem-bayern.de\/en\/wp-json\/wp\/v2\/tags?post=4271"}],"curies":[{"name":"wp","href":"https:\/\/api.w.org\/{rel}","templated":true}]}}