{"id":4256,"date":"2019-12-03T14:09:44","date_gmt":"2019-12-03T13:09:44","guid":{"rendered":"https:\/\/digidem-bayern.de\/?p=4256"},"modified":"2019-12-03T14:18:09","modified_gmt":"2019-12-03T13:18:09","slug":"gespraechsstrategien-fuer-roboter-im-umgang-mit-menschen-mit-demenz","status":"publish","type":"post","link":"https:\/\/digidem-bayern.de\/en\/gespraechsstrategien-fuer-roboter-im-umgang-mit-menschen-mit-demenz\/","title":{"rendered":"Gespr\u00e4chsstrategien f\u00fcr Roboter im Umgang mit Menschen mit Demenz"},"content":{"rendered":"<h4 class=\"wp-block-heading\">Gespr\u00e4che zwischen Menschen mit Demenz und Robotern \u2013 bei vielen l\u00f6st dieses Bild ein mulmiges Gef\u00fchl aus. Eine Studie kommt allerdings zu positiven Ergebnissen: Insbesondere durch den Einsatz von Gespr\u00e4chsstrategien h\u00e4tten die Probanden die Unterhaltungen mit Robotern genossen und seien sogar zu l\u00e4ngeren Gespr\u00e4chen animiert worden. <\/h4>\n\n\n\n<div class=\"wp-block-image\"><figure class=\"alignright size-medium\"><img loading=\"lazy\" decoding=\"async\" width=\"300\" height=\"200\" src=\"https:\/\/test.digidem-bayern.de\/wp-content\/uploads\/2019\/12\/roboter_pixabay-300x200.jpg\" alt=\"Roboter\" class=\"wp-image-4260\" srcset=\"https:\/\/digidem-bayern.de\/wp-content\/uploads\/2019\/12\/roboter_pixabay-300x200.jpg 300w, https:\/\/digidem-bayern.de\/wp-content\/uploads\/2019\/12\/roboter_pixabay-1030x686.jpg 1030w, https:\/\/digidem-bayern.de\/wp-content\/uploads\/2019\/12\/roboter_pixabay-768x512.jpg 768w, https:\/\/digidem-bayern.de\/wp-content\/uploads\/2019\/12\/roboter_pixabay-495x330.jpg 495w, https:\/\/digidem-bayern.de\/wp-content\/uploads\/2019\/12\/roboter_pixabay.jpg 1280w\" sizes=\"auto, (max-width: 300px) 100vw, 300px\" \/><\/figure><\/div>\n\n\n\n<p>Grunds\u00e4tzlich\nhaben Roboter nach Ansicht der Autoren das Potenzial, Menschen mit Demenz im\nnicht-medikament\u00f6sen Bereich zu unterst\u00fctzen. Allerdings seien Gespr\u00e4che mit\nMenschen mit Demenz h\u00e4ufig eine Herausforderung. F\u00fcr ihre Studie, die in der\nZeitschrift <em>Dementia and Geriatric\nCognitive Disorders<\/em> ver\u00f6ffentlicht wurde, nutzten die Forscher Gespr\u00e4chsstrategien,\ndie urspr\u00fcnglich f\u00fcr den zwischenmenschlichen Kontakt mit Menschen mit Demenz\nentwickelt wurden und sich dort als erfolgreich erwiesen haben. Diese\nStrategien implementierten sie in Roboter.<\/p>\n\n\n\n<p><strong>Mehr und l\u00e4ngere Gespr\u00e4che bei Implementierung von Gespr\u00e4chsstrategien<\/strong><\/p>\n\n\n\n<p>Die Wissenschaftler f\u00fchrten ihre Analyse im A\/B-Test mit zw\u00f6lf Menschen mit leichter oder moderater Demenz durch, die im Mittel 80 Jahre alt waren. Diese besuchten 23 Gruppensitzungen, in denen Gespr\u00e4chstherapie und Musik eingesetzt wurde, beide eingebracht von Robotern. Der Fokus der Analyse lag auf der direkten Kommunikation zwischen den Menschen mit Demenz und dem Roboter und darauf, ob sie die Intervention sp\u00fcrbar genossen. <\/p>\n\n\n\n<p>Im Ergebnis\n\u00e4u\u00dferten sich die Menschen mit Demenz signifikant h\u00e4ufiger, wenn der Roboter \u00fcber\nGespr\u00e4chsstrategien verf\u00fcgte. Zudem dauerten die Gespr\u00e4che l\u00e4nger. Dar\u00fcber\nhinaus genossen die Betroffenen die Unterhaltungen mit dem Roboter genauso wie\nMusik zu h\u00f6ren. <\/p>\n\n\n\n<p>Die Autoren\nschlussfolgern, dass der Einsatz von Gespr\u00e4chsstrategien dazu beitr\u00e4gt, die\nInteraktion zwischen Menschen mit Demenz und Robotern zu steigern. Die\nErgebnisse belegen ihrer Ansicht nach, wie wichtig es ist, solche Strategien in\nRoboter zu implementieren, die die Pflege und soziale Stimulation von Menschen\nmit Demenz unterst\u00fctzen. <\/p>\n\n\n\n<p><em>Weitere Informationen gibt es hier:<\/em><\/p>\n\n\n\n<p><a href=\"https:\/\/www.karger.com\/Article\/Abstract\/497801\">https:\/\/www.karger.com\/Article\/Abstract\/497801<\/a><\/p>","protected":false},"excerpt":{"rendered":"<p>Gespr\u00e4che zwischen Menschen mit Demenz und Robotern \u2013 bei vielen l\u00f6st dieses Bild ein mulmiges Gef\u00fchl aus. Eine Studie kommt allerdings zu positiven Ergebnissen: Insbesondere durch den Einsatz von Gespr\u00e4chsstrategien h\u00e4tten die Probanden die Unterhaltungen mit Robotern genossen und seien sogar zu l\u00e4ngeren Gespr\u00e4chen animiert worden. Grunds\u00e4tzlich haben Roboter nach &hellip;<\/p>","protected":false},"author":11,"featured_media":4260,"comment_status":"closed","ping_status":"closed","sticky":false,"template":"","format":"standard","meta":{"qubely_global_settings":"","qubely_interactions":"","_uag_custom_page_level_css":"","footnotes":""},"categories":[5],"tags":[13,47,11,14,17,48,46],"class_list":["post-4256","post","type-post","status-publish","format-standard","has-post-thumbnail","hentry","category-wissenschaft-forschung","tag-alzheimer","tag-assistenz-roboter","tag-demenz","tag-digidem","tag-digidem-bayern","tag-pflegenotstand","tag-roboter"],"qubely_featured_image_url":{"full":["https:\/\/digidem-bayern.de\/wp-content\/uploads\/2019\/12\/roboter_pixabay.jpg",1280,853,false],"landscape":["https:\/\/digidem-bayern.de\/wp-content\/uploads\/2019\/12\/roboter_pixabay-1200x750.jpg",1200,750,true],"portraits":["https:\/\/digidem-bayern.de\/wp-content\/uploads\/2019\/12\/roboter_pixabay-540x320.jpg",540,320,true],"thumbnail":["https:\/\/digidem-bayern.de\/wp-content\/uploads\/2019\/12\/roboter_pixabay-80x80.jpg",80,80,true],"medium":["https:\/\/digidem-bayern.de\/wp-content\/uploads\/2019\/12\/roboter_pixabay-300x200.jpg",300,200,true],"medium_large":["https:\/\/digidem-bayern.de\/wp-content\/uploads\/2019\/12\/roboter_pixabay-768x512.jpg",768,512,true],"large":["https:\/\/digidem-bayern.de\/wp-content\/uploads\/2019\/12\/roboter_pixabay-1030x686.jpg",1030,686,true],"1536x1536":["https:\/\/digidem-bayern.de\/wp-content\/uploads\/2019\/12\/roboter_pixabay.jpg",1280,853,false],"2048x2048":["https:\/\/digidem-bayern.de\/wp-content\/uploads\/2019\/12\/roboter_pixabay.jpg",1280,853,false],"trp-custom-language-flag":["https:\/\/digidem-bayern.de\/wp-content\/uploads\/2019\/12\/roboter_pixabay.jpg",18,12,false],"qubely_landscape":["https:\/\/digidem-bayern.de\/wp-content\/uploads\/2019\/12\/roboter_pixabay-1200x750.jpg",1200,750,true],"qubely_portrait":["https:\/\/digidem-bayern.de\/wp-content\/uploads\/2019\/12\/roboter_pixabay-540x320.jpg",540,320,true],"qubely_thumbnail":["https:\/\/digidem-bayern.de\/wp-content\/uploads\/2019\/12\/roboter_pixabay-140x100.jpg",140,100,true],"post-thumbnail":["https:\/\/digidem-bayern.de\/wp-content\/uploads\/2019\/12\/roboter_pixabay-495x330.jpg",495,330,true],"kahuna-featured":["https:\/\/digidem-bayern.de\/wp-content\/uploads\/2019\/12\/roboter_pixabay-495x350.jpg",495,350,true],"kahuna-featured-lp":["https:\/\/digidem-bayern.de\/wp-content\/uploads\/2019\/12\/roboter_pixabay-690x350.jpg",520,264,true],"kahuna-featured-half":["https:\/\/digidem-bayern.de\/wp-content\/uploads\/2019\/12\/roboter_pixabay-800x350.jpg",800,350,true],"kahuna-featured-third":["https:\/\/digidem-bayern.de\/wp-content\/uploads\/2019\/12\/roboter_pixabay-512x350.jpg",512,350,true],"kahuna-lpbox-1":["https:\/\/digidem-bayern.de\/wp-content\/uploads\/2019\/12\/roboter_pixabay-460x350.jpg",394,300,true],"kahuna-lpbox-2":["https:\/\/digidem-bayern.de\/wp-content\/uploads\/2019\/12\/roboter_pixabay-460x350.jpg",460,350,true],"demand-language-flag":["https:\/\/digidem-bayern.de\/wp-content\/uploads\/2019\/12\/roboter_pixabay.jpg",36,24,false],"dddkt-language-flag":["https:\/\/digidem-bayern.de\/wp-content\/uploads\/2019\/12\/roboter_pixabay.jpg",36,24,false],"ddiqc-language-flag":["https:\/\/digidem-bayern.de\/wp-content\/uploads\/2019\/12\/roboter_pixabay.jpg",36,24,false],"ddtl-language-flag":["https:\/\/digidem-bayern.de\/wp-content\/uploads\/2019\/12\/roboter_pixabay.jpg",36,24,false],"mailpoet_newsletter_max":["https:\/\/digidem-bayern.de\/wp-content\/uploads\/2019\/12\/roboter_pixabay.jpg",1280,853,false],"kahuna-lpbox-3":["https:\/\/digidem-bayern.de\/wp-content\/uploads\/2019\/12\/roboter_pixabay-460x350.jpg",460,350,true],"kahuna-featured-square":["https:\/\/digidem-bayern.de\/wp-content\/uploads\/2019\/12\/roboter_pixabay-512x512.jpg",512,512,true],"kahuna-featured-square-large":["https:\/\/digidem-bayern.de\/wp-content\/uploads\/2019\/12\/roboter_pixabay-1024x853.jpg",1024,853,true]},"qubely_author":{"display_name":"Michael Zeiler","author_link":"https:\/\/digidem-bayern.de\/en\/author\/michael-zeiler\/"},"qubely_comment":0,"qubely_category":"<a href=\"https:\/\/digidem-bayern.de\/en\/category\/wissenschaft-forschung\/\" rel=\"category tag\">Wissenschaft &amp; Forschung<\/a>","qubely_excerpt":"Gespr\u00e4che zwischen Menschen mit Demenz und Robotern \u2013 bei vielen l\u00f6st dieses Bild ein mulmiges Gef\u00fchl aus. Eine Studie kommt allerdings zu positiven Ergebnissen: Insbesondere durch den Einsatz von Gespr\u00e4chsstrategien h\u00e4tten die Probanden die Unterhaltungen mit Robotern genossen und seien sogar zu l\u00e4ngeren Gespr\u00e4chen animiert worden. Grunds\u00e4tzlich haben Roboter nach &hellip;","featured_image_urls_v2":{"full":["https:\/\/digidem-bayern.de\/wp-content\/uploads\/2019\/12\/roboter_pixabay.jpg",1280,853,false],"thumbnail":["https:\/\/digidem-bayern.de\/wp-content\/uploads\/2019\/12\/roboter_pixabay-80x80.jpg",80,80,true],"medium":["https:\/\/digidem-bayern.de\/wp-content\/uploads\/2019\/12\/roboter_pixabay-300x200.jpg",300,200,true],"medium_large":["https:\/\/digidem-bayern.de\/wp-content\/uploads\/2019\/12\/roboter_pixabay-768x512.jpg",768,512,true],"large":["https:\/\/digidem-bayern.de\/wp-content\/uploads\/2019\/12\/roboter_pixabay-1030x686.jpg",1030,686,true],"1536x1536":["https:\/\/digidem-bayern.de\/wp-content\/uploads\/2019\/12\/roboter_pixabay.jpg",1280,853,false],"2048x2048":["https:\/\/digidem-bayern.de\/wp-content\/uploads\/2019\/12\/roboter_pixabay.jpg",1280,853,false],"trp-custom-language-flag":["https:\/\/digidem-bayern.de\/wp-content\/uploads\/2019\/12\/roboter_pixabay.jpg",18,12,false],"qubely_landscape":["https:\/\/digidem-bayern.de\/wp-content\/uploads\/2019\/12\/roboter_pixabay-1200x750.jpg",1200,750,true],"qubely_portrait":["https:\/\/digidem-bayern.de\/wp-content\/uploads\/2019\/12\/roboter_pixabay-540x320.jpg",540,320,true],"qubely_thumbnail":["https:\/\/digidem-bayern.de\/wp-content\/uploads\/2019\/12\/roboter_pixabay-140x100.jpg",140,100,true],"post-thumbnail":["https:\/\/digidem-bayern.de\/wp-content\/uploads\/2019\/12\/roboter_pixabay-495x330.jpg",495,330,true],"kahuna-featured":["https:\/\/digidem-bayern.de\/wp-content\/uploads\/2019\/12\/roboter_pixabay-495x350.jpg",495,350,true],"kahuna-featured-lp":["https:\/\/digidem-bayern.de\/wp-content\/uploads\/2019\/12\/roboter_pixabay-690x350.jpg",520,264,true],"kahuna-featured-half":["https:\/\/digidem-bayern.de\/wp-content\/uploads\/2019\/12\/roboter_pixabay-800x350.jpg",800,350,true],"kahuna-featured-third":["https:\/\/digidem-bayern.de\/wp-content\/uploads\/2019\/12\/roboter_pixabay-512x350.jpg",512,350,true],"kahuna-lpbox-1":["https:\/\/digidem-bayern.de\/wp-content\/uploads\/2019\/12\/roboter_pixabay-460x350.jpg",394,300,true],"kahuna-lpbox-2":["https:\/\/digidem-bayern.de\/wp-content\/uploads\/2019\/12\/roboter_pixabay-460x350.jpg",460,350,true],"demand-language-flag":["https:\/\/digidem-bayern.de\/wp-content\/uploads\/2019\/12\/roboter_pixabay.jpg",36,24,false],"dddkt-language-flag":["https:\/\/digidem-bayern.de\/wp-content\/uploads\/2019\/12\/roboter_pixabay.jpg",36,24,false],"ddiqc-language-flag":["https:\/\/digidem-bayern.de\/wp-content\/uploads\/2019\/12\/roboter_pixabay.jpg",36,24,false],"ddtl-language-flag":["https:\/\/digidem-bayern.de\/wp-content\/uploads\/2019\/12\/roboter_pixabay.jpg",36,24,false],"mailpoet_newsletter_max":["https:\/\/digidem-bayern.de\/wp-content\/uploads\/2019\/12\/roboter_pixabay.jpg",1280,853,false],"kahuna-lpbox-3":["https:\/\/digidem-bayern.de\/wp-content\/uploads\/2019\/12\/roboter_pixabay-460x350.jpg",460,350,true],"kahuna-featured-square":["https:\/\/digidem-bayern.de\/wp-content\/uploads\/2019\/12\/roboter_pixabay-512x512.jpg",512,512,true],"kahuna-featured-square-large":["https:\/\/digidem-bayern.de\/wp-content\/uploads\/2019\/12\/roboter_pixabay-1024x853.jpg",1024,853,true]},"post_excerpt_stackable_v2":"<p>Gespr\u00e4che zwischen Menschen mit Demenz und Robotern \u2013 bei vielen l\u00f6st dieses Bild ein mulmiges Gef\u00fchl aus. Eine Studie kommt allerdings zu positiven Ergebnissen: Insbesondere durch den Einsatz von Gespr\u00e4chsstrategien h\u00e4tten die Probanden die Unterhaltungen mit Robotern genossen und seien sogar zu l\u00e4ngeren Gespr\u00e4chen animiert worden. Grunds\u00e4tzlich haben Roboter nach Ansicht der Autoren das Potenzial, Menschen mit Demenz im nicht-medikament\u00f6sen Bereich zu unterst\u00fctzen. Allerdings seien Gespr\u00e4che mit Menschen mit Demenz h\u00e4ufig eine Herausforderung. F\u00fcr ihre Studie, die in der Zeitschrift Dementia and Geriatric Cognitive Disorders ver\u00f6ffentlicht wurde, nutzten die Forscher Gespr\u00e4chsstrategien, die urspr\u00fcnglich f\u00fcr den zwischenmenschlichen Kontakt mit Menschen mit&hellip;<\/p>\n","category_list_v2":"<a href=\"https:\/\/digidem-bayern.de\/en\/category\/wissenschaft-forschung\/\" rel=\"category tag\">Wissenschaft &amp; Forschung<\/a>","author_info_v2":{"name":"Michael Zeiler","url":"https:\/\/digidem-bayern.de\/en\/author\/michael-zeiler\/"},"comments_num_v2":"0 comments","yoast_head":"<!-- This site is optimized with the Yoast SEO plugin v27.4 - https:\/\/yoast.com\/product\/yoast-seo-wordpress\/ -->\n<title>Gespr\u00e4chsstrategien f\u00fcr Roboter im Umgang mit Menschen mit Demenz - digiDEM Bayern<\/title>\n<meta name=\"description\" content=\"Gespr\u00e4che zwischen Menschen mit Demenz und Robotern - bei vielen l\u00f6st dieses Bild ein mulmiges Gef\u00fchl aus. Eine Studie kommt allerdings zu positiven Ergebnissen.\" \/>\n<meta name=\"robots\" content=\"index, follow, max-snippet:-1, max-image-preview:large, max-video-preview:-1\" \/>\n<link rel=\"canonical\" href=\"https:\/\/digidem-bayern.de\/en\/gespraechsstrategien-fuer-roboter-im-umgang-mit-menschen-mit-demenz\/\" \/>\n<meta property=\"og:locale\" content=\"en_US\" \/>\n<meta property=\"og:type\" content=\"article\" \/>\n<meta property=\"og:title\" content=\"Gespr\u00e4chsstrategien f\u00fcr Roboter im Umgang mit Menschen mit Demenz - digiDEM Bayern\" \/>\n<meta property=\"og:description\" content=\"Gespr\u00e4che zwischen Menschen mit Demenz und Robotern - bei vielen l\u00f6st dieses Bild ein mulmiges Gef\u00fchl aus. Eine Studie kommt allerdings zu positiven Ergebnissen.\" \/>\n<meta property=\"og:url\" content=\"https:\/\/digidem-bayern.de\/en\/gespraechsstrategien-fuer-roboter-im-umgang-mit-menschen-mit-demenz\/\" \/>\n<meta property=\"og:site_name\" content=\"digiDEM Bayern\" \/>\n<meta property=\"article:publisher\" content=\"https:\/\/www.facebook.com\/digiDEMBayern\/\" \/>\n<meta property=\"article:published_time\" content=\"2019-12-03T13:09:44+00:00\" \/>\n<meta property=\"article:modified_time\" content=\"2019-12-03T13:18:09+00:00\" \/>\n<meta property=\"og:image\" content=\"https:\/\/digidem-bayern.de\/wp-content\/uploads\/2019\/12\/roboter_pixabay.jpg\" \/>\n\t<meta property=\"og:image:width\" content=\"1280\" \/>\n\t<meta property=\"og:image:height\" content=\"853\" \/>\n\t<meta property=\"og:image:type\" content=\"image\/jpeg\" \/>\n<meta name=\"author\" content=\"Michael Zeiler\" \/>\n<meta name=\"twitter:label1\" content=\"Written by\" \/>\n\t<meta name=\"twitter:data1\" content=\"Michael Zeiler\" \/>\n\t<meta name=\"twitter:label2\" content=\"Est. reading time\" \/>\n\t<meta name=\"twitter:data2\" content=\"2 minutes\" \/>\n<script type=\"application\/ld+json\" class=\"yoast-schema-graph\">{\"@context\":\"https:\\\/\\\/schema.org\",\"@graph\":[{\"@type\":\"Article\",\"@id\":\"https:\\\/\\\/digidem-bayern.de\\\/gespraechsstrategien-fuer-roboter-im-umgang-mit-menschen-mit-demenz\\\/#article\",\"isPartOf\":{\"@id\":\"https:\\\/\\\/digidem-bayern.de\\\/gespraechsstrategien-fuer-roboter-im-umgang-mit-menschen-mit-demenz\\\/\"},\"author\":{\"name\":\"Michael Zeiler\",\"@id\":\"\\\/#\\\/schema\\\/person\\\/92754ad381f49b3c358d1d8d2c4f90b8\"},\"headline\":\"Gespr\u00e4chsstrategien f\u00fcr Roboter im Umgang mit Menschen mit Demenz\",\"datePublished\":\"2019-12-03T13:09:44+00:00\",\"dateModified\":\"2019-12-03T13:18:09+00:00\",\"mainEntityOfPage\":{\"@id\":\"https:\\\/\\\/digidem-bayern.de\\\/gespraechsstrategien-fuer-roboter-im-umgang-mit-menschen-mit-demenz\\\/\"},\"wordCount\":325,\"publisher\":{\"@id\":\"\\\/#organization\"},\"image\":{\"@id\":\"https:\\\/\\\/digidem-bayern.de\\\/gespraechsstrategien-fuer-roboter-im-umgang-mit-menschen-mit-demenz\\\/#primaryimage\"},\"thumbnailUrl\":\"https:\\\/\\\/digidem-bayern.de\\\/wp-content\\\/uploads\\\/2019\\\/12\\\/roboter_pixabay.jpg\",\"keywords\":[\"Alzheimer\",\"Assistenz-Roboter\",\"Demenz.\",\"digidem\",\"digidem Bayern\",\"Pflegenotstand\",\"Roboter\"],\"articleSection\":[\"Wissenschaft &amp; Forschung\"],\"inLanguage\":\"en-US\"},{\"@type\":\"WebPage\",\"@id\":\"https:\\\/\\\/digidem-bayern.de\\\/gespraechsstrategien-fuer-roboter-im-umgang-mit-menschen-mit-demenz\\\/\",\"url\":\"https:\\\/\\\/digidem-bayern.de\\\/gespraechsstrategien-fuer-roboter-im-umgang-mit-menschen-mit-demenz\\\/\",\"name\":\"Gespr\u00e4chsstrategien f\u00fcr Roboter im Umgang mit Menschen mit Demenz - digiDEM Bayern\",\"isPartOf\":{\"@id\":\"\\\/#website\"},\"primaryImageOfPage\":{\"@id\":\"https:\\\/\\\/digidem-bayern.de\\\/gespraechsstrategien-fuer-roboter-im-umgang-mit-menschen-mit-demenz\\\/#primaryimage\"},\"image\":{\"@id\":\"https:\\\/\\\/digidem-bayern.de\\\/gespraechsstrategien-fuer-roboter-im-umgang-mit-menschen-mit-demenz\\\/#primaryimage\"},\"thumbnailUrl\":\"https:\\\/\\\/digidem-bayern.de\\\/wp-content\\\/uploads\\\/2019\\\/12\\\/roboter_pixabay.jpg\",\"datePublished\":\"2019-12-03T13:09:44+00:00\",\"dateModified\":\"2019-12-03T13:18:09+00:00\",\"description\":\"Gespr\u00e4che zwischen Menschen mit Demenz und Robotern - bei vielen l\u00f6st dieses Bild ein mulmiges Gef\u00fchl aus. Eine Studie kommt allerdings zu positiven Ergebnissen.\",\"breadcrumb\":{\"@id\":\"https:\\\/\\\/digidem-bayern.de\\\/gespraechsstrategien-fuer-roboter-im-umgang-mit-menschen-mit-demenz\\\/#breadcrumb\"},\"inLanguage\":\"en-US\",\"potentialAction\":[{\"@type\":\"ReadAction\",\"target\":[\"https:\\\/\\\/digidem-bayern.de\\\/gespraechsstrategien-fuer-roboter-im-umgang-mit-menschen-mit-demenz\\\/\"]}]},{\"@type\":\"ImageObject\",\"inLanguage\":\"en-US\",\"@id\":\"https:\\\/\\\/digidem-bayern.de\\\/gespraechsstrategien-fuer-roboter-im-umgang-mit-menschen-mit-demenz\\\/#primaryimage\",\"url\":\"https:\\\/\\\/digidem-bayern.de\\\/wp-content\\\/uploads\\\/2019\\\/12\\\/roboter_pixabay.jpg\",\"contentUrl\":\"https:\\\/\\\/digidem-bayern.de\\\/wp-content\\\/uploads\\\/2019\\\/12\\\/roboter_pixabay.jpg\",\"width\":1280,\"height\":853},{\"@type\":\"BreadcrumbList\",\"@id\":\"https:\\\/\\\/digidem-bayern.de\\\/gespraechsstrategien-fuer-roboter-im-umgang-mit-menschen-mit-demenz\\\/#breadcrumb\",\"itemListElement\":[{\"@type\":\"ListItem\",\"position\":1,\"name\":\"Startseite\",\"item\":\"https:\\\/\\\/digidem-bayern.de\\\/\"},{\"@type\":\"ListItem\",\"position\":2,\"name\":\"Gespr\u00e4chsstrategien f\u00fcr Roboter im Umgang mit Menschen mit Demenz\"}]},{\"@type\":\"WebSite\",\"@id\":\"\\\/#website\",\"url\":\"\\\/\",\"name\":\"digiDEM Bayern\",\"description\":\"Das digitale Demenzregister Bayern erforscht und verbessert die Angebotsstuktur f\u00fcr Menschen mit Demenz und deren Angeh\u00f6rige\",\"publisher\":{\"@id\":\"\\\/#organization\"},\"potentialAction\":[{\"@type\":\"SearchAction\",\"target\":{\"@type\":\"EntryPoint\",\"urlTemplate\":\"\\\/?s={search_term_string}\"},\"query-input\":{\"@type\":\"PropertyValueSpecification\",\"valueRequired\":true,\"valueName\":\"search_term_string\"}}],\"inLanguage\":\"en-US\"},{\"@type\":\"Organization\",\"@id\":\"\\\/#organization\",\"name\":\"digiDEM Bayern\",\"url\":\"\\\/\",\"logo\":{\"@type\":\"ImageObject\",\"inLanguage\":\"en-US\",\"@id\":\"\\\/#\\\/schema\\\/logo\\\/image\\\/\",\"url\":\"https:\\\/\\\/digidem-bayern.de\\\/wp-content\\\/uploads\\\/2022\\\/03\\\/cropped-Allgemeines_digiDEMLOGO-removebg-preview.png\",\"contentUrl\":\"https:\\\/\\\/digidem-bayern.de\\\/wp-content\\\/uploads\\\/2022\\\/03\\\/cropped-Allgemeines_digiDEMLOGO-removebg-preview.png\",\"width\":612,\"height\":357,\"caption\":\"digiDEM Bayern\"},\"image\":{\"@id\":\"\\\/#\\\/schema\\\/logo\\\/image\\\/\"},\"sameAs\":[\"https:\\\/\\\/www.facebook.com\\\/digiDEMBayern\\\/\",\"https:\\\/\\\/x.com\\\/digidem_bayern\",\"https:\\\/\\\/www.instagram.com\\\/digidem.bayern\",\"https:\\\/\\\/www.linkedin.com\\\/company\\\/digidem-bayern\\\/\"]},{\"@type\":\"Person\",\"@id\":\"\\\/#\\\/schema\\\/person\\\/92754ad381f49b3c358d1d8d2c4f90b8\",\"name\":\"Michael Zeiler\",\"url\":\"https:\\\/\\\/digidem-bayern.de\\\/en\\\/author\\\/michael-zeiler\\\/\"}]}<\/script>\n<!-- \/ Yoast SEO plugin. -->","yoast_head_json":{"title":"Gespr\u00e4chsstrategien f\u00fcr Roboter im Umgang mit Menschen mit Demenz - digiDEM Bayern","description":"Gespr\u00e4che zwischen Menschen mit Demenz und Robotern - bei vielen l\u00f6st dieses Bild ein mulmiges Gef\u00fchl aus. Eine Studie kommt allerdings zu positiven Ergebnissen.","robots":{"index":"index","follow":"follow","max-snippet":"max-snippet:-1","max-image-preview":"max-image-preview:large","max-video-preview":"max-video-preview:-1"},"canonical":"https:\/\/digidem-bayern.de\/en\/gespraechsstrategien-fuer-roboter-im-umgang-mit-menschen-mit-demenz\/","og_locale":"en_US","og_type":"article","og_title":"Gespr\u00e4chsstrategien f\u00fcr Roboter im Umgang mit Menschen mit Demenz - digiDEM Bayern","og_description":"Gespr\u00e4che zwischen Menschen mit Demenz und Robotern - bei vielen l\u00f6st dieses Bild ein mulmiges Gef\u00fchl aus. Eine Studie kommt allerdings zu positiven Ergebnissen.","og_url":"https:\/\/digidem-bayern.de\/en\/gespraechsstrategien-fuer-roboter-im-umgang-mit-menschen-mit-demenz\/","og_site_name":"digiDEM Bayern","article_publisher":"https:\/\/www.facebook.com\/digiDEMBayern\/","article_published_time":"2019-12-03T13:09:44+00:00","article_modified_time":"2019-12-03T13:18:09+00:00","og_image":[{"width":1280,"height":853,"url":"https:\/\/digidem-bayern.de\/wp-content\/uploads\/2019\/12\/roboter_pixabay.jpg","type":"image\/jpeg"}],"author":"Michael Zeiler","twitter_misc":{"Written by":"Michael Zeiler","Est. reading time":"2 minutes"},"schema":{"@context":"https:\/\/schema.org","@graph":[{"@type":"Article","@id":"https:\/\/digidem-bayern.de\/gespraechsstrategien-fuer-roboter-im-umgang-mit-menschen-mit-demenz\/#article","isPartOf":{"@id":"https:\/\/digidem-bayern.de\/gespraechsstrategien-fuer-roboter-im-umgang-mit-menschen-mit-demenz\/"},"author":{"name":"Michael Zeiler","@id":"\/#\/schema\/person\/92754ad381f49b3c358d1d8d2c4f90b8"},"headline":"Gespr\u00e4chsstrategien f\u00fcr Roboter im Umgang mit Menschen mit Demenz","datePublished":"2019-12-03T13:09:44+00:00","dateModified":"2019-12-03T13:18:09+00:00","mainEntityOfPage":{"@id":"https:\/\/digidem-bayern.de\/gespraechsstrategien-fuer-roboter-im-umgang-mit-menschen-mit-demenz\/"},"wordCount":325,"publisher":{"@id":"\/#organization"},"image":{"@id":"https:\/\/digidem-bayern.de\/gespraechsstrategien-fuer-roboter-im-umgang-mit-menschen-mit-demenz\/#primaryimage"},"thumbnailUrl":"https:\/\/digidem-bayern.de\/wp-content\/uploads\/2019\/12\/roboter_pixabay.jpg","keywords":["Alzheimer","Assistenz-Roboter","Demenz.","digidem","digidem Bayern","Pflegenotstand","Roboter"],"articleSection":["Wissenschaft &amp; Forschung"],"inLanguage":"en-US"},{"@type":"WebPage","@id":"https:\/\/digidem-bayern.de\/gespraechsstrategien-fuer-roboter-im-umgang-mit-menschen-mit-demenz\/","url":"https:\/\/digidem-bayern.de\/gespraechsstrategien-fuer-roboter-im-umgang-mit-menschen-mit-demenz\/","name":"Gespr\u00e4chsstrategien f\u00fcr Roboter im Umgang mit Menschen mit Demenz - digiDEM Bayern","isPartOf":{"@id":"\/#website"},"primaryImageOfPage":{"@id":"https:\/\/digidem-bayern.de\/gespraechsstrategien-fuer-roboter-im-umgang-mit-menschen-mit-demenz\/#primaryimage"},"image":{"@id":"https:\/\/digidem-bayern.de\/gespraechsstrategien-fuer-roboter-im-umgang-mit-menschen-mit-demenz\/#primaryimage"},"thumbnailUrl":"https:\/\/digidem-bayern.de\/wp-content\/uploads\/2019\/12\/roboter_pixabay.jpg","datePublished":"2019-12-03T13:09:44+00:00","dateModified":"2019-12-03T13:18:09+00:00","description":"Gespr\u00e4che zwischen Menschen mit Demenz und Robotern - bei vielen l\u00f6st dieses Bild ein mulmiges Gef\u00fchl aus. Eine Studie kommt allerdings zu positiven Ergebnissen.","breadcrumb":{"@id":"https:\/\/digidem-bayern.de\/gespraechsstrategien-fuer-roboter-im-umgang-mit-menschen-mit-demenz\/#breadcrumb"},"inLanguage":"en-US","potentialAction":[{"@type":"ReadAction","target":["https:\/\/digidem-bayern.de\/gespraechsstrategien-fuer-roboter-im-umgang-mit-menschen-mit-demenz\/"]}]},{"@type":"ImageObject","inLanguage":"en-US","@id":"https:\/\/digidem-bayern.de\/gespraechsstrategien-fuer-roboter-im-umgang-mit-menschen-mit-demenz\/#primaryimage","url":"https:\/\/digidem-bayern.de\/wp-content\/uploads\/2019\/12\/roboter_pixabay.jpg","contentUrl":"https:\/\/digidem-bayern.de\/wp-content\/uploads\/2019\/12\/roboter_pixabay.jpg","width":1280,"height":853},{"@type":"BreadcrumbList","@id":"https:\/\/digidem-bayern.de\/gespraechsstrategien-fuer-roboter-im-umgang-mit-menschen-mit-demenz\/#breadcrumb","itemListElement":[{"@type":"ListItem","position":1,"name":"Startseite","item":"https:\/\/digidem-bayern.de\/"},{"@type":"ListItem","position":2,"name":"Gespr\u00e4chsstrategien f\u00fcr Roboter im Umgang mit Menschen mit Demenz"}]},{"@type":"WebSite","@id":"\/#website","url":"\/","name":"digiDEM Bavaria","description":"The digital dementia register in Bavaria researches and improves the structure of services for people with dementia and their relatives","publisher":{"@id":"\/#organization"},"potentialAction":[{"@type":"SearchAction","target":{"@type":"EntryPoint","urlTemplate":"\/?s={search_term_string}"},"query-input":{"@type":"PropertyValueSpecification","valueRequired":true,"valueName":"search_term_string"}}],"inLanguage":"en-US"},{"@type":"Organization","@id":"\/#organization","name":"digiDEM Bavaria","url":"\/","logo":{"@type":"ImageObject","inLanguage":"en-US","@id":"\/#\/schema\/logo\/image\/","url":"https:\/\/digidem-bayern.de\/wp-content\/uploads\/2022\/03\/cropped-Allgemeines_digiDEMLOGO-removebg-preview.png","contentUrl":"https:\/\/digidem-bayern.de\/wp-content\/uploads\/2022\/03\/cropped-Allgemeines_digiDEMLOGO-removebg-preview.png","width":612,"height":357,"caption":"digiDEM Bayern"},"image":{"@id":"\/#\/schema\/logo\/image\/"},"sameAs":["https:\/\/www.facebook.com\/digiDEMBayern\/","https:\/\/x.com\/digidem_bayern","https:\/\/www.instagram.com\/digidem.bayern","https:\/\/www.linkedin.com\/company\/digidem-bayern\/"]},{"@type":"Person","@id":"\/#\/schema\/person\/92754ad381f49b3c358d1d8d2c4f90b8","name":"Michael Zeiler","url":"https:\/\/digidem-bayern.de\/en\/author\/michael-zeiler\/"}]}},"uagb_featured_image_src":{"full":["https:\/\/digidem-bayern.de\/wp-content\/uploads\/2019\/12\/roboter_pixabay.jpg",1280,853,false],"thumbnail":["https:\/\/digidem-bayern.de\/wp-content\/uploads\/2019\/12\/roboter_pixabay-80x80.jpg",80,80,true],"medium":["https:\/\/digidem-bayern.de\/wp-content\/uploads\/2019\/12\/roboter_pixabay-300x200.jpg",300,200,true],"medium_large":["https:\/\/digidem-bayern.de\/wp-content\/uploads\/2019\/12\/roboter_pixabay-768x512.jpg",768,512,true],"large":["https:\/\/digidem-bayern.de\/wp-content\/uploads\/2019\/12\/roboter_pixabay-1030x686.jpg",1030,686,true],"1536x1536":["https:\/\/digidem-bayern.de\/wp-content\/uploads\/2019\/12\/roboter_pixabay.jpg",1280,853,false],"2048x2048":["https:\/\/digidem-bayern.de\/wp-content\/uploads\/2019\/12\/roboter_pixabay.jpg",1280,853,false],"trp-custom-language-flag":["https:\/\/digidem-bayern.de\/wp-content\/uploads\/2019\/12\/roboter_pixabay.jpg",18,12,false],"qubely_landscape":["https:\/\/digidem-bayern.de\/wp-content\/uploads\/2019\/12\/roboter_pixabay-1200x750.jpg",1200,750,true],"qubely_portrait":["https:\/\/digidem-bayern.de\/wp-content\/uploads\/2019\/12\/roboter_pixabay-540x320.jpg",540,320,true],"qubely_thumbnail":["https:\/\/digidem-bayern.de\/wp-content\/uploads\/2019\/12\/roboter_pixabay-140x100.jpg",140,100,true],"post-thumbnail":["https:\/\/digidem-bayern.de\/wp-content\/uploads\/2019\/12\/roboter_pixabay-495x330.jpg",495,330,true],"kahuna-featured":["https:\/\/digidem-bayern.de\/wp-content\/uploads\/2019\/12\/roboter_pixabay-495x350.jpg",495,350,true],"kahuna-featured-lp":["https:\/\/digidem-bayern.de\/wp-content\/uploads\/2019\/12\/roboter_pixabay-690x350.jpg",520,264,true],"kahuna-featured-half":["https:\/\/digidem-bayern.de\/wp-content\/uploads\/2019\/12\/roboter_pixabay-800x350.jpg",800,350,true],"kahuna-featured-third":["https:\/\/digidem-bayern.de\/wp-content\/uploads\/2019\/12\/roboter_pixabay-512x350.jpg",512,350,true],"kahuna-lpbox-1":["https:\/\/digidem-bayern.de\/wp-content\/uploads\/2019\/12\/roboter_pixabay-460x350.jpg",394,300,true],"kahuna-lpbox-2":["https:\/\/digidem-bayern.de\/wp-content\/uploads\/2019\/12\/roboter_pixabay-460x350.jpg",460,350,true],"demand-language-flag":["https:\/\/digidem-bayern.de\/wp-content\/uploads\/2019\/12\/roboter_pixabay.jpg",36,24,false],"dddkt-language-flag":["https:\/\/digidem-bayern.de\/wp-content\/uploads\/2019\/12\/roboter_pixabay.jpg",36,24,false],"ddiqc-language-flag":["https:\/\/digidem-bayern.de\/wp-content\/uploads\/2019\/12\/roboter_pixabay.jpg",36,24,false],"ddtl-language-flag":["https:\/\/digidem-bayern.de\/wp-content\/uploads\/2019\/12\/roboter_pixabay.jpg",36,24,false],"mailpoet_newsletter_max":["https:\/\/digidem-bayern.de\/wp-content\/uploads\/2019\/12\/roboter_pixabay.jpg",1280,853,false],"kahuna-lpbox-3":["https:\/\/digidem-bayern.de\/wp-content\/uploads\/2019\/12\/roboter_pixabay-460x350.jpg",460,350,true],"kahuna-featured-square":["https:\/\/digidem-bayern.de\/wp-content\/uploads\/2019\/12\/roboter_pixabay-512x512.jpg",512,512,true],"kahuna-featured-square-large":["https:\/\/digidem-bayern.de\/wp-content\/uploads\/2019\/12\/roboter_pixabay-1024x853.jpg",1024,853,true]},"uagb_author_info":{"display_name":"Michael Zeiler","author_link":"https:\/\/digidem-bayern.de\/en\/author\/michael-zeiler\/"},"uagb_comment_info":0,"uagb_excerpt":"Gespr\u00e4che zwischen Menschen mit Demenz und Robotern \u2013 bei vielen l\u00f6st dieses Bild ein mulmiges Gef\u00fchl aus. Eine Studie kommt allerdings zu positiven Ergebnissen: Insbesondere durch den Einsatz von Gespr\u00e4chsstrategien h\u00e4tten die Probanden die Unterhaltungen mit Robotern genossen und seien sogar zu l\u00e4ngeren Gespr\u00e4chen animiert worden. Grunds\u00e4tzlich haben Roboter nach &hellip;","_links":{"self":[{"href":"https:\/\/digidem-bayern.de\/en\/wp-json\/wp\/v2\/posts\/4256","targetHints":{"allow":["GET"]}}],"collection":[{"href":"https:\/\/digidem-bayern.de\/en\/wp-json\/wp\/v2\/posts"}],"about":[{"href":"https:\/\/digidem-bayern.de\/en\/wp-json\/wp\/v2\/types\/post"}],"author":[{"embeddable":true,"href":"https:\/\/digidem-bayern.de\/en\/wp-json\/wp\/v2\/users\/11"}],"replies":[{"embeddable":true,"href":"https:\/\/digidem-bayern.de\/en\/wp-json\/wp\/v2\/comments?post=4256"}],"version-history":[{"count":0,"href":"https:\/\/digidem-bayern.de\/en\/wp-json\/wp\/v2\/posts\/4256\/revisions"}],"wp:featuredmedia":[{"embeddable":true,"href":"https:\/\/digidem-bayern.de\/en\/wp-json\/wp\/v2\/media\/4260"}],"wp:attachment":[{"href":"https:\/\/digidem-bayern.de\/en\/wp-json\/wp\/v2\/media?parent=4256"}],"wp:term":[{"taxonomy":"category","embeddable":true,"href":"https:\/\/digidem-bayern.de\/en\/wp-json\/wp\/v2\/categories?post=4256"},{"taxonomy":"post_tag","embeddable":true,"href":"https:\/\/digidem-bayern.de\/en\/wp-json\/wp\/v2\/tags?post=4256"}],"curies":[{"name":"wp","href":"https:\/\/api.w.org\/{rel}","templated":true}]}}