{"id":42507,"date":"2025-03-27T12:28:00","date_gmt":"2025-03-27T11:28:00","guid":{"rendered":"https:\/\/digidem-bayern.de\/?p=42507"},"modified":"2025-05-13T11:01:21","modified_gmt":"2025-05-13T09:01:21","slug":"kombinierte-psychopharmaka-koennen-demenzrisiko-erhoehen","status":"publish","type":"post","link":"https:\/\/digidem-bayern.de\/en\/kombinierte-psychopharmaka-koennen-demenzrisiko-erhoehen\/","title":{"rendered":"Kombinierte Psychopharmaka k\u00f6nnen Demenzrisiko erh\u00f6hen"},"content":{"rendered":"<p><strong><strong><strong><strong><strong><strong><strong><strong><strong><strong><strong><strong><strong><strong><strong>Benzodiazepine, Antidepressiva oder Antipsychotika: Forschende aus Kanada und Irland haben untersucht, wie sich Psychopharmaka auf die Kognition \u00e4lterer Erwachsene auswirken. Die Wissenschaftler haben dabei einen Zusammenhang zwischen einer regelm\u00e4\u00dfigen Anwendung von Benzodiazepinen, bestimmten Antidepressiva und Antipsychotika und dem kognitiven Abbau bei \u00e4lteren Erwachsenen identifiziert.&nbsp;<\/strong><\/strong><\/strong><\/strong><\/strong><\/strong><\/strong><\/strong><\/strong><\/strong><\/strong><\/strong><\/strong><\/strong><\/strong><span style=\"caret-color: rgb(0, 0, 0); color: rgb(0, 0, 0); font-family: -webkit-standard; font-size: medium; white-space: normal;\"><\/span><span style=\"caret-color: rgb(0, 0, 0); color: rgb(0, 0, 0); font-family: -webkit-standard; font-size: medium; white-space: normal;\"><\/span><\/p>\n\n\n\n<p>Wie die Forschenden aus Kanada und Irland berichten, leidet jeder vierte Mensch \u00fcber 65 Jahren an einer psychischen Erkrankung. Dabei treten Angstst\u00f6rungen am h\u00e4ufigsten auf. \u00c4lteren Erwachsenen werden daher h\u00e4ufig Psychopharmaka verschrieben. Ein Blick in die wissenschaftliche Literatur zeigt auch: Mit zunehmendem Alter erh\u00f6ht sich auch das Risiko, kognitiv abzubauen. Sowohl f\u00fcr die klinische Praxis als auch in der Wissenschaft spielt das Verst\u00e4ndnis der Auswirkungen von Psychopharmaka auf die Kognition \u00e4lterer Erwachsener daher eine entscheidende Rolle.<\/p>\n\n\n\n<p><strong>Einfluss von Psychopharmaka<\/strong><\/p>\n\n\n\n<p>\u201cUnsere Studie untersucht und vergleicht erstmals den Einfluss verschiedener Psychopharmaka auf die kognitive Leistungsf\u00e4higkeit von \u00e4lteren Erwachsenen\u201d, schreiben die Forschenden. In ihrer systematischen \u00dcbersichtsarbeit wurden unter anderem Antidepressiva, Antipsychotika, Benzodiazepine, Stimmungsstabilisatoren und\/oder eine Kombination dieser Medikamente ber\u00fccksichtigt.<\/p>\n\n\n<div class=\"wp-block-image\">\n<figure class=\"alignright size-full is-resized\"><img loading=\"lazy\" decoding=\"async\" width=\"1000\" height=\"667\" src=\"https:\/\/digidem-bayern.de\/wp-content\/uploads\/2025\/03\/05-shutterstock_Kombiination-Psychopharmaka-2493402613.jpg\" alt=\"In der 2024 ver\u00f6ffentlichten Publikation haben die Forschenden Hinweise darauf gefunden, dass die gemeinsame Einnahme von Benzodiazepinen und bestimmten Antidepressiva zu einem kognitiven Abbau bei \u00e4lteren Erwachsenen f\u00fchrte, die zuvor keine kognitiven Beeintr\u00e4chtigungen hatten. Auch die kombinierte Einnahme von Antipsychotika und anderer Psychopharmaka war mit einem R\u00fcckgang der geistigen Leistungsf\u00e4higkeit verbunden.\" class=\"wp-image-42518\" style=\"width:554px;height:auto\" srcset=\"https:\/\/digidem-bayern.de\/wp-content\/uploads\/2025\/03\/05-shutterstock_Kombiination-Psychopharmaka-2493402613.jpg 1000w, https:\/\/digidem-bayern.de\/wp-content\/uploads\/2025\/03\/05-shutterstock_Kombiination-Psychopharmaka-2493402613-300x200.jpg 300w, https:\/\/digidem-bayern.de\/wp-content\/uploads\/2025\/03\/05-shutterstock_Kombiination-Psychopharmaka-2493402613-768x512.jpg 768w, https:\/\/digidem-bayern.de\/wp-content\/uploads\/2025\/03\/05-shutterstock_Kombiination-Psychopharmaka-2493402613-525x350.jpg 525w\" sizes=\"auto, (max-width: 1000px) 100vw, 1000px\" \/><figcaption class=\"wp-element-caption\">Foto: Shutterstock<\/figcaption><\/figure>\n<\/div>\n\n\n<p>In der 2024 ver\u00f6ffentlichten Publikation haben die Forschenden Hinweise darauf gefunden, dass die gemeinsame Einnahme von Benzodiazepinen und bestimmten Antidepressiva zu einem kognitiven Abbau bei \u00e4lteren Erwachsenen f\u00fchrte, die zuvor keine kognitiven Beeintr\u00e4chtigungen hatten. Auch die kombinierte Einnahme von Antipsychotika und anderer Psychopharmaka war mit einem R\u00fcckgang der geistigen Leistungsf\u00e4higkeit verbunden.<\/p>\n\n\n\n<p><strong>Erh\u00f6htes Risiko f\u00fcr kognitiven Abbau durch die Einnahme von Antidepressiva<\/strong><\/p>\n\n\n\n<p>Die Untersuchung zeigte, dass gesunde Personen ohne anf\u00e4ngliche kognitive Beeintr\u00e4chtigungen ein h\u00f6heres Risiko f\u00fcr kognitiven Abbau haben, wenn sie Antidepressiva einnehmen, verglichen mit Personen, die bereits kognitive Beeintr\u00e4chtigungen hatten. Bei letzteren war der Einfluss der Antidepressiva auf die kognitiven F\u00e4higkeiten hingegen gering.<\/p>\n\n\n\n<p><strong>Auch Antipsychotika beeinflussen geistige Leistungsf\u00e4higkeit&nbsp;<\/strong><\/p>\n\n\n\n<p>Der Einfluss von Benzodiazepinen auf einen kognitiven R\u00fcckgang war hingegen gering, wie mehrere der analysierten Studien zeigten. Anders stellte sich die Situation bei Antipsychotika dar. Hier lie\u00df die geistige Leistungsf\u00e4higkeit bei \u00e4lteren Erwachsenen nach, wenn diese regelm\u00e4\u00dfig Antipsychotika einnahmen. Deutlicher machte sich hingegen der Einfluss von Stimmungsstabilisatoren bemerkbar: \u201cIn den ersten 12 Monaten der Anwendung wurde ein Verlust des Hirnvolumens festgestellt.\u201d<\/p>\n\n\n\n<p><strong>Mehr Demenzerkrankungen bei kombinierter Einnahme<\/strong><\/p>\n\n\n\n<p>Hinsichtlich einer Kombination von Psychopharmaka gelangten die Forschenden zu der Erkenntnis: \u201cBei der Anwendung von Antipsychotika und Benzodiazepine wurde ein signifikanter kognitiver R\u00fcckgang beobachtet.\u201d Unter den kognitiv gesunden Teilnehmenden, die \u201el\u00e4nger wirksame Benzodiazepine\u201c einnahmen, wurden h\u00e4ufiger Demenzdiagnosen gestellt als in der Vergleichsgruppe. Dies deutet darauf hin, so die Forschenden, \u201cdass die negativen kognitiven Auswirkungen wahrscheinlich auf die Einnahme von Psychopharmaka zur\u00fcckzuf\u00fchren sind.\u201d Davon besonders betroffen waren diejenigen, die eine Kombination aus Benzodiazepinen und anderen Psychopharmaka erhielten.Was die \u00dcbersichtsarbeit auszeichnete, waren der Nachbeobachtungszeitraum von mindestens sechs Monaten sowie analysierte Studien von hoher wissenschaftlicher Qualit\u00e4t.&nbsp;<span style=\"caret-color: rgb(0, 0, 0); color: rgb(0, 0, 0); font-family: -webkit-standard; font-size: medium; white-space: normal;\"><\/span><\/p>\n\n\n\n<p><strong>Tipp f\u00fcr die Praxis<\/strong>: F\u00fcr \u00c4rztinnen und \u00c4rzte, die \u00e4lteren Erwachsenen Psychopharmaka verschreiben, ist es unerl\u00e4sslich, sich \u00fcber die kognitiven Auswirkungen von Psychopharmaka eingehend zu informieren \u2013 insbesondere dann, wenn mehrere der Medikamente \u00fcber einen l\u00e4ngeren Zeitraum hinweg eingenommen werden.<\/p>\n\n\n\n<p>Hier geht&#8217;s zur Studie:<\/p>\n\n\n\n<p><a href=\"https:\/\/www.cambridge.org\/core\/services\/aop-cambridge-core\/content\/view\/94D8CE7C4E75B7B619CD2B9355B4A44A\/S1041610223000844a.pdf\/div-class-title-impact-of-psychotropic-medications-on-cognition-among-older-adults-a-systematic-review-div.pdf\">Impact of psychotropic medications on cognition among older adults: a systematic review<\/a><\/p>\n\n\n\n<p><\/p>\n\n\n\n<p><\/p>\n\n\n\n<p><\/p>\n\n\n\n<p><\/p>\n\n\n\n<p><\/p>\n\n\n\n<div style=\"height:20px\" aria-hidden=\"true\" class=\"wp-block-spacer\"><\/div>\n\n\n\n<p><\/p>","protected":false},"excerpt":{"rendered":"<p>Benzodiazepine, Antidepressiva oder Antipsychotika: Forschende aus Kanada und Irland haben untersucht, wie sich Psychopharmaka auf die Kognition \u00e4lterer Erwachsene auswirken. Die Wissenschaftler haben dabei einen Zusammenhang zwischen einer regelm\u00e4\u00dfigen Anwendung von Benzodiazepinen, bestimmten Antidepressiva und Antipsychotika und dem kognitiven Abbau bei \u00e4lteren Erwachsenen identifiziert.&nbsp; Wie die Forschenden aus Kanada und &hellip;<\/p>","protected":false},"author":12,"featured_media":42518,"comment_status":"open","ping_status":"closed","sticky":false,"template":"","format":"standard","meta":{"qubely_global_settings":"","qubely_interactions":"","_uag_custom_page_level_css":"","footnotes":""},"categories":[5],"tags":[13,406,301,1061,1472,1473,854,1495,12,112,1433,177,541,14,17,55,1485,757,359,1476,1471,1474,1496],"class_list":["post-42507","post","type-post","status-publish","format-standard","has-post-thumbnail","hentry","category-wissenschaft-forschung","tag-alzheimer","tag-alzheimer-demenz","tag-angststoerungen","tag-angstzustaende","tag-antidepressiva","tag-antipsychotika","tag-arzneimittel","tag-benzodiazepine","tag-demenz-2","tag-demenzdiagnose","tag-demenzerkrankungen","tag-demenzrisiko","tag-depression","tag-digidem","tag-digidem-bayern","tag-digitales-demenzregister-bayern","tag-geistige-leistungsfaehigkeit","tag-kognition","tag-medikament","tag-medikamenteneinnahme","tag-psychopharmaka","tag-psychopharmaka-und-demenz","tag-stimmungsstabilisatoren"],"qubely_featured_image_url":{"full":["https:\/\/digidem-bayern.de\/wp-content\/uploads\/2025\/03\/05-shutterstock_Kombiination-Psychopharmaka-2493402613.jpg",1000,667,false],"landscape":["https:\/\/digidem-bayern.de\/wp-content\/uploads\/2025\/03\/05-shutterstock_Kombiination-Psychopharmaka-2493402613.jpg",1000,667,false],"portraits":["https:\/\/digidem-bayern.de\/wp-content\/uploads\/2025\/03\/05-shutterstock_Kombiination-Psychopharmaka-2493402613-540x320.jpg",540,320,true],"thumbnail":["https:\/\/digidem-bayern.de\/wp-content\/uploads\/2025\/03\/05-shutterstock_Kombiination-Psychopharmaka-2493402613-80x80.jpg",80,80,true],"medium":["https:\/\/digidem-bayern.de\/wp-content\/uploads\/2025\/03\/05-shutterstock_Kombiination-Psychopharmaka-2493402613-300x200.jpg",300,200,true],"medium_large":["https:\/\/digidem-bayern.de\/wp-content\/uploads\/2025\/03\/05-shutterstock_Kombiination-Psychopharmaka-2493402613-768x512.jpg",768,512,true],"large":["https:\/\/digidem-bayern.de\/wp-content\/uploads\/2025\/03\/05-shutterstock_Kombiination-Psychopharmaka-2493402613.jpg",1000,667,false],"1536x1536":["https:\/\/digidem-bayern.de\/wp-content\/uploads\/2025\/03\/05-shutterstock_Kombiination-Psychopharmaka-2493402613.jpg",1000,667,false],"2048x2048":["https:\/\/digidem-bayern.de\/wp-content\/uploads\/2025\/03\/05-shutterstock_Kombiination-Psychopharmaka-2493402613.jpg",1000,667,false],"trp-custom-language-flag":["https:\/\/digidem-bayern.de\/wp-content\/uploads\/2025\/03\/05-shutterstock_Kombiination-Psychopharmaka-2493402613.jpg",18,12,false],"qubely_landscape":["https:\/\/digidem-bayern.de\/wp-content\/uploads\/2025\/03\/05-shutterstock_Kombiination-Psychopharmaka-2493402613.jpg",1000,667,false],"qubely_portrait":["https:\/\/digidem-bayern.de\/wp-content\/uploads\/2025\/03\/05-shutterstock_Kombiination-Psychopharmaka-2493402613-540x320.jpg",540,320,true],"qubely_thumbnail":["https:\/\/digidem-bayern.de\/wp-content\/uploads\/2025\/03\/05-shutterstock_Kombiination-Psychopharmaka-2493402613-140x100.jpg",140,100,true],"post-thumbnail":["https:\/\/digidem-bayern.de\/wp-content\/uploads\/2025\/03\/05-shutterstock_Kombiination-Psychopharmaka-2493402613-525x350.jpg",525,350,true],"kahuna-featured":["https:\/\/digidem-bayern.de\/wp-content\/uploads\/2025\/03\/05-shutterstock_Kombiination-Psychopharmaka-2493402613-734x350.jpg",734,350,true],"kahuna-featured-lp":["https:\/\/digidem-bayern.de\/wp-content\/uploads\/2025\/03\/05-shutterstock_Kombiination-Psychopharmaka-2493402613-520x350.jpg",520,350,true],"kahuna-featured-half":["https:\/\/digidem-bayern.de\/wp-content\/uploads\/2025\/03\/05-shutterstock_Kombiination-Psychopharmaka-2493402613-800x350.jpg",800,350,true],"kahuna-featured-third":["https:\/\/digidem-bayern.de\/wp-content\/uploads\/2025\/03\/05-shutterstock_Kombiination-Psychopharmaka-2493402613-512x350.jpg",512,350,true],"kahuna-lpbox-1":["https:\/\/digidem-bayern.de\/wp-content\/uploads\/2025\/03\/05-shutterstock_Kombiination-Psychopharmaka-2493402613-520x300.jpg",520,300,true],"kahuna-lpbox-2":["https:\/\/digidem-bayern.de\/wp-content\/uploads\/2025\/03\/05-shutterstock_Kombiination-Psychopharmaka-2493402613-520x350.jpg",520,350,true],"demand-language-flag":["https:\/\/digidem-bayern.de\/wp-content\/uploads\/2025\/03\/05-shutterstock_Kombiination-Psychopharmaka-2493402613-36x36.jpg",36,36,true],"dddkt-language-flag":["https:\/\/digidem-bayern.de\/wp-content\/uploads\/2025\/03\/05-shutterstock_Kombiination-Psychopharmaka-2493402613-36x36.jpg",36,36,true],"ddiqc-language-flag":["https:\/\/digidem-bayern.de\/wp-content\/uploads\/2025\/03\/05-shutterstock_Kombiination-Psychopharmaka-2493402613-36x36.jpg",36,36,true],"ddtl-language-flag":["https:\/\/digidem-bayern.de\/wp-content\/uploads\/2025\/03\/05-shutterstock_Kombiination-Psychopharmaka-2493402613-36x36.jpg",36,36,true],"mailpoet_newsletter_max":["https:\/\/digidem-bayern.de\/wp-content\/uploads\/2025\/03\/05-shutterstock_Kombiination-Psychopharmaka-2493402613.jpg",1000,667,false],"kahuna-lpbox-3":["https:\/\/digidem-bayern.de\/wp-content\/uploads\/2025\/03\/05-shutterstock_Kombiination-Psychopharmaka-2493402613-520x350.jpg",520,350,true],"kahuna-featured-square":["https:\/\/digidem-bayern.de\/wp-content\/uploads\/2025\/03\/05-shutterstock_Kombiination-Psychopharmaka-2493402613-512x512.jpg",512,512,true],"kahuna-featured-square-large":["https:\/\/digidem-bayern.de\/wp-content\/uploads\/2025\/03\/05-shutterstock_Kombiination-Psychopharmaka-2493402613.jpg",1000,667,false]},"qubely_author":{"display_name":"Ilona H\u00f6rath","author_link":"https:\/\/digidem-bayern.de\/en\/author\/hoeratia\/"},"qubely_comment":8,"qubely_category":"<a href=\"https:\/\/digidem-bayern.de\/en\/category\/wissenschaft-forschung\/\" rel=\"category tag\">Wissenschaft &amp; Forschung<\/a>","qubely_excerpt":"Benzodiazepine, Antidepressiva oder Antipsychotika: Forschende aus Kanada und Irland haben untersucht, wie sich Psychopharmaka auf die Kognition \u00e4lterer Erwachsene auswirken. Die Wissenschaftler haben dabei einen Zusammenhang zwischen einer regelm\u00e4\u00dfigen Anwendung von Benzodiazepinen, bestimmten Antidepressiva und Antipsychotika und dem kognitiven Abbau bei \u00e4lteren Erwachsenen identifiziert.&nbsp; Wie die Forschenden aus Kanada und &hellip;","featured_image_urls_v2":{"full":["https:\/\/digidem-bayern.de\/wp-content\/uploads\/2025\/03\/05-shutterstock_Kombiination-Psychopharmaka-2493402613.jpg",1000,667,false],"thumbnail":["https:\/\/digidem-bayern.de\/wp-content\/uploads\/2025\/03\/05-shutterstock_Kombiination-Psychopharmaka-2493402613-80x80.jpg",80,80,true],"medium":["https:\/\/digidem-bayern.de\/wp-content\/uploads\/2025\/03\/05-shutterstock_Kombiination-Psychopharmaka-2493402613-300x200.jpg",300,200,true],"medium_large":["https:\/\/digidem-bayern.de\/wp-content\/uploads\/2025\/03\/05-shutterstock_Kombiination-Psychopharmaka-2493402613-768x512.jpg",768,512,true],"large":["https:\/\/digidem-bayern.de\/wp-content\/uploads\/2025\/03\/05-shutterstock_Kombiination-Psychopharmaka-2493402613.jpg",1000,667,false],"1536x1536":["https:\/\/digidem-bayern.de\/wp-content\/uploads\/2025\/03\/05-shutterstock_Kombiination-Psychopharmaka-2493402613.jpg",1000,667,false],"2048x2048":["https:\/\/digidem-bayern.de\/wp-content\/uploads\/2025\/03\/05-shutterstock_Kombiination-Psychopharmaka-2493402613.jpg",1000,667,false],"trp-custom-language-flag":["https:\/\/digidem-bayern.de\/wp-content\/uploads\/2025\/03\/05-shutterstock_Kombiination-Psychopharmaka-2493402613.jpg",18,12,false],"qubely_landscape":["https:\/\/digidem-bayern.de\/wp-content\/uploads\/2025\/03\/05-shutterstock_Kombiination-Psychopharmaka-2493402613.jpg",1000,667,false],"qubely_portrait":["https:\/\/digidem-bayern.de\/wp-content\/uploads\/2025\/03\/05-shutterstock_Kombiination-Psychopharmaka-2493402613-540x320.jpg",540,320,true],"qubely_thumbnail":["https:\/\/digidem-bayern.de\/wp-content\/uploads\/2025\/03\/05-shutterstock_Kombiination-Psychopharmaka-2493402613-140x100.jpg",140,100,true],"post-thumbnail":["https:\/\/digidem-bayern.de\/wp-content\/uploads\/2025\/03\/05-shutterstock_Kombiination-Psychopharmaka-2493402613-525x350.jpg",525,350,true],"kahuna-featured":["https:\/\/digidem-bayern.de\/wp-content\/uploads\/2025\/03\/05-shutterstock_Kombiination-Psychopharmaka-2493402613-734x350.jpg",734,350,true],"kahuna-featured-lp":["https:\/\/digidem-bayern.de\/wp-content\/uploads\/2025\/03\/05-shutterstock_Kombiination-Psychopharmaka-2493402613-520x350.jpg",520,350,true],"kahuna-featured-half":["https:\/\/digidem-bayern.de\/wp-content\/uploads\/2025\/03\/05-shutterstock_Kombiination-Psychopharmaka-2493402613-800x350.jpg",800,350,true],"kahuna-featured-third":["https:\/\/digidem-bayern.de\/wp-content\/uploads\/2025\/03\/05-shutterstock_Kombiination-Psychopharmaka-2493402613-512x350.jpg",512,350,true],"kahuna-lpbox-1":["https:\/\/digidem-bayern.de\/wp-content\/uploads\/2025\/03\/05-shutterstock_Kombiination-Psychopharmaka-2493402613-520x300.jpg",520,300,true],"kahuna-lpbox-2":["https:\/\/digidem-bayern.de\/wp-content\/uploads\/2025\/03\/05-shutterstock_Kombiination-Psychopharmaka-2493402613-520x350.jpg",520,350,true],"demand-language-flag":["https:\/\/digidem-bayern.de\/wp-content\/uploads\/2025\/03\/05-shutterstock_Kombiination-Psychopharmaka-2493402613-36x36.jpg",36,36,true],"dddkt-language-flag":["https:\/\/digidem-bayern.de\/wp-content\/uploads\/2025\/03\/05-shutterstock_Kombiination-Psychopharmaka-2493402613-36x36.jpg",36,36,true],"ddiqc-language-flag":["https:\/\/digidem-bayern.de\/wp-content\/uploads\/2025\/03\/05-shutterstock_Kombiination-Psychopharmaka-2493402613-36x36.jpg",36,36,true],"ddtl-language-flag":["https:\/\/digidem-bayern.de\/wp-content\/uploads\/2025\/03\/05-shutterstock_Kombiination-Psychopharmaka-2493402613-36x36.jpg",36,36,true],"mailpoet_newsletter_max":["https:\/\/digidem-bayern.de\/wp-content\/uploads\/2025\/03\/05-shutterstock_Kombiination-Psychopharmaka-2493402613.jpg",1000,667,false],"kahuna-lpbox-3":["https:\/\/digidem-bayern.de\/wp-content\/uploads\/2025\/03\/05-shutterstock_Kombiination-Psychopharmaka-2493402613-520x350.jpg",520,350,true],"kahuna-featured-square":["https:\/\/digidem-bayern.de\/wp-content\/uploads\/2025\/03\/05-shutterstock_Kombiination-Psychopharmaka-2493402613-512x512.jpg",512,512,true],"kahuna-featured-square-large":["https:\/\/digidem-bayern.de\/wp-content\/uploads\/2025\/03\/05-shutterstock_Kombiination-Psychopharmaka-2493402613.jpg",1000,667,false]},"post_excerpt_stackable_v2":"<p>Benzodiazepine, Antidepressiva oder Antipsychotika: Forschende aus Kanada und Irland haben untersucht, wie sich Psychopharmaka auf die Kognition \u00e4lterer Erwachsene auswirken. Die Wissenschaftler haben dabei einen Zusammenhang zwischen einer regelm\u00e4\u00dfigen Anwendung von Benzodiazepinen, bestimmten Antidepressiva und Antipsychotika und dem kognitiven Abbau bei \u00e4lteren Erwachsenen identifiziert.&nbsp; Wie die Forschenden aus Kanada und Irland berichten, leidet jeder vierte Mensch \u00fcber 65 Jahren an einer psychischen Erkrankung. Dabei treten Angstst\u00f6rungen am h\u00e4ufigsten auf. \u00c4lteren Erwachsenen werden daher h\u00e4ufig Psychopharmaka verschrieben. Ein Blick in die wissenschaftliche Literatur zeigt auch: Mit zunehmendem Alter erh\u00f6ht sich auch das Risiko, kognitiv abzubauen. Sowohl f\u00fcr die klinische Praxis als&hellip;<\/p>\n","category_list_v2":"<a href=\"https:\/\/digidem-bayern.de\/en\/category\/wissenschaft-forschung\/\" rel=\"category tag\">Wissenschaft &amp; Forschung<\/a>","author_info_v2":{"name":"Ilona H\u00f6rath","url":"https:\/\/digidem-bayern.de\/en\/author\/hoeratia\/"},"comments_num_v2":"2 comments","yoast_head":"<!-- This site is optimized with the Yoast SEO plugin v27.5 - https:\/\/yoast.com\/product\/yoast-seo-wordpress\/ -->\n<title>Kombinierte Psychopharmaka k\u00f6nnen Demenzrisiko erh\u00f6hen - digiDEM Bayern<\/title>\n<meta name=\"description\" content=\"Der Bayerische Landesapothekerkammer unterst\u00fctzt digiDEM Bayern mit Hilfe des Netzwerks &quot;Demenzfreundliche Apotheken&quot;.\" \/>\n<meta name=\"robots\" content=\"index, follow, max-snippet:-1, max-image-preview:large, max-video-preview:-1\" \/>\n<link rel=\"canonical\" href=\"https:\/\/digidem-bayern.de\/en\/kombinierte-psychopharmaka-koennen-demenzrisiko-erhoehen\/\" \/>\n<meta property=\"og:locale\" content=\"en_US\" \/>\n<meta property=\"og:type\" content=\"article\" \/>\n<meta property=\"og:title\" content=\"Kombinierte Psychopharmaka k\u00f6nnen Demenzrisiko erh\u00f6hen - digiDEM Bayern\" \/>\n<meta property=\"og:description\" content=\"Der Bayerische Landesapothekerkammer unterst\u00fctzt digiDEM Bayern mit Hilfe des Netzwerks &quot;Demenzfreundliche Apotheken&quot;.\" \/>\n<meta property=\"og:url\" content=\"https:\/\/digidem-bayern.de\/en\/kombinierte-psychopharmaka-koennen-demenzrisiko-erhoehen\/\" \/>\n<meta property=\"og:site_name\" content=\"digiDEM Bayern\" \/>\n<meta property=\"article:publisher\" content=\"https:\/\/www.facebook.com\/digiDEMBayern\/\" \/>\n<meta property=\"article:published_time\" content=\"2025-03-27T11:28:00+00:00\" \/>\n<meta property=\"article:modified_time\" content=\"2025-05-13T09:01:21+00:00\" \/>\n<meta property=\"og:image\" content=\"https:\/\/digidem-bayern.de\/wp-content\/uploads\/2025\/03\/05-shutterstock_Kombiination-Psychopharmaka-2493402613.jpg\" \/>\n\t<meta property=\"og:image:width\" content=\"1000\" \/>\n\t<meta property=\"og:image:height\" content=\"667\" \/>\n\t<meta property=\"og:image:type\" content=\"image\/jpeg\" \/>\n<meta name=\"author\" content=\"Ilona H\u00f6rath\" \/>\n<meta name=\"twitter:label1\" content=\"Written by\" \/>\n\t<meta name=\"twitter:data1\" content=\"Ilona H\u00f6rath\" \/>\n\t<meta name=\"twitter:label2\" content=\"Est. reading time\" \/>\n\t<meta name=\"twitter:data2\" content=\"2 minutes\" \/>\n<script type=\"application\/ld+json\" class=\"yoast-schema-graph\">{\"@context\":\"https:\\\/\\\/schema.org\",\"@graph\":[{\"@type\":\"Article\",\"@id\":\"https:\\\/\\\/digidem-bayern.de\\\/kombinierte-psychopharmaka-koennen-demenzrisiko-erhoehen\\\/#article\",\"isPartOf\":{\"@id\":\"https:\\\/\\\/digidem-bayern.de\\\/kombinierte-psychopharmaka-koennen-demenzrisiko-erhoehen\\\/\"},\"author\":{\"name\":\"Ilona H\u00f6rath\",\"@id\":\"\\\/#\\\/schema\\\/person\\\/0bc1494f46fc2a051c761322a80e0941\"},\"headline\":\"Kombinierte Psychopharmaka k\u00f6nnen Demenzrisiko erh\u00f6hen\",\"datePublished\":\"2025-03-27T11:28:00+00:00\",\"dateModified\":\"2025-05-13T09:01:21+00:00\",\"mainEntityOfPage\":{\"@id\":\"https:\\\/\\\/digidem-bayern.de\\\/kombinierte-psychopharmaka-koennen-demenzrisiko-erhoehen\\\/\"},\"wordCount\":530,\"commentCount\":2,\"publisher\":{\"@id\":\"\\\/#organization\"},\"image\":{\"@id\":\"https:\\\/\\\/digidem-bayern.de\\\/kombinierte-psychopharmaka-koennen-demenzrisiko-erhoehen\\\/#primaryimage\"},\"thumbnailUrl\":\"https:\\\/\\\/digidem-bayern.de\\\/wp-content\\\/uploads\\\/2025\\\/03\\\/05-shutterstock_Kombiination-Psychopharmaka-2493402613.jpg\",\"keywords\":[\"Alzheimer\",\"Alzheimer-Demenz\",\"Angstst\u00f6rungen\",\"Angstzust\u00e4nde\",\"Antidepressiva\",\"Antipsychotika\",\"Arzneimittel\",\"Benzodiazepine\",\"Demenz\",\"Demenzdiagnose\",\"Demenzerkrankungen\",\"Demenzrisiko\",\"Depression\",\"digidem\",\"digidem Bayern\",\"Digitales Demenzregister Bayern\",\"geistige Leistungsf\u00e4higkeit\",\"Kognition\",\"Medikament\",\"Medikamenteneinnahme\",\"Psychopharmaka\",\"Psychopharmaka und Demenz\",\"Stimmungsstabilisatoren\"],\"articleSection\":[\"Wissenschaft &amp; Forschung\"],\"inLanguage\":\"en-US\",\"potentialAction\":[{\"@type\":\"CommentAction\",\"name\":\"Comment\",\"target\":[\"https:\\\/\\\/digidem-bayern.de\\\/kombinierte-psychopharmaka-koennen-demenzrisiko-erhoehen\\\/#respond\"]}]},{\"@type\":\"WebPage\",\"@id\":\"https:\\\/\\\/digidem-bayern.de\\\/kombinierte-psychopharmaka-koennen-demenzrisiko-erhoehen\\\/\",\"url\":\"https:\\\/\\\/digidem-bayern.de\\\/kombinierte-psychopharmaka-koennen-demenzrisiko-erhoehen\\\/\",\"name\":\"Kombinierte Psychopharmaka k\u00f6nnen Demenzrisiko erh\u00f6hen - digiDEM Bayern\",\"isPartOf\":{\"@id\":\"\\\/#website\"},\"primaryImageOfPage\":{\"@id\":\"https:\\\/\\\/digidem-bayern.de\\\/kombinierte-psychopharmaka-koennen-demenzrisiko-erhoehen\\\/#primaryimage\"},\"image\":{\"@id\":\"https:\\\/\\\/digidem-bayern.de\\\/kombinierte-psychopharmaka-koennen-demenzrisiko-erhoehen\\\/#primaryimage\"},\"thumbnailUrl\":\"https:\\\/\\\/digidem-bayern.de\\\/wp-content\\\/uploads\\\/2025\\\/03\\\/05-shutterstock_Kombiination-Psychopharmaka-2493402613.jpg\",\"datePublished\":\"2025-03-27T11:28:00+00:00\",\"dateModified\":\"2025-05-13T09:01:21+00:00\",\"description\":\"Der Bayerische Landesapothekerkammer unterst\u00fctzt digiDEM Bayern mit Hilfe des Netzwerks \\\"Demenzfreundliche Apotheken\\\".\",\"breadcrumb\":{\"@id\":\"https:\\\/\\\/digidem-bayern.de\\\/kombinierte-psychopharmaka-koennen-demenzrisiko-erhoehen\\\/#breadcrumb\"},\"inLanguage\":\"en-US\",\"potentialAction\":[{\"@type\":\"ReadAction\",\"target\":[\"https:\\\/\\\/digidem-bayern.de\\\/kombinierte-psychopharmaka-koennen-demenzrisiko-erhoehen\\\/\"]}]},{\"@type\":\"ImageObject\",\"inLanguage\":\"en-US\",\"@id\":\"https:\\\/\\\/digidem-bayern.de\\\/kombinierte-psychopharmaka-koennen-demenzrisiko-erhoehen\\\/#primaryimage\",\"url\":\"https:\\\/\\\/digidem-bayern.de\\\/wp-content\\\/uploads\\\/2025\\\/03\\\/05-shutterstock_Kombiination-Psychopharmaka-2493402613.jpg\",\"contentUrl\":\"https:\\\/\\\/digidem-bayern.de\\\/wp-content\\\/uploads\\\/2025\\\/03\\\/05-shutterstock_Kombiination-Psychopharmaka-2493402613.jpg\",\"width\":1000,\"height\":667,\"caption\":\"Foto: Shutterstock\"},{\"@type\":\"BreadcrumbList\",\"@id\":\"https:\\\/\\\/digidem-bayern.de\\\/kombinierte-psychopharmaka-koennen-demenzrisiko-erhoehen\\\/#breadcrumb\",\"itemListElement\":[{\"@type\":\"ListItem\",\"position\":1,\"name\":\"Startseite\",\"item\":\"https:\\\/\\\/digidem-bayern.de\\\/\"},{\"@type\":\"ListItem\",\"position\":2,\"name\":\"Kombinierte Psychopharmaka k\u00f6nnen Demenzrisiko erh\u00f6hen\"}]},{\"@type\":\"WebSite\",\"@id\":\"\\\/#website\",\"url\":\"\\\/\",\"name\":\"digiDEM Bayern\",\"description\":\"Das digitale Demenzregister Bayern erforscht und verbessert die Angebotsstuktur f\u00fcr Menschen mit Demenz und deren Angeh\u00f6rige\",\"publisher\":{\"@id\":\"\\\/#organization\"},\"potentialAction\":[{\"@type\":\"SearchAction\",\"target\":{\"@type\":\"EntryPoint\",\"urlTemplate\":\"\\\/?s={search_term_string}\"},\"query-input\":{\"@type\":\"PropertyValueSpecification\",\"valueRequired\":true,\"valueName\":\"search_term_string\"}}],\"inLanguage\":\"en-US\"},{\"@type\":\"Organization\",\"@id\":\"\\\/#organization\",\"name\":\"digiDEM Bayern\",\"url\":\"\\\/\",\"logo\":{\"@type\":\"ImageObject\",\"inLanguage\":\"en-US\",\"@id\":\"\\\/#\\\/schema\\\/logo\\\/image\\\/\",\"url\":\"https:\\\/\\\/digidem-bayern.de\\\/wp-content\\\/uploads\\\/2022\\\/03\\\/cropped-Allgemeines_digiDEMLOGO-removebg-preview.png\",\"contentUrl\":\"https:\\\/\\\/digidem-bayern.de\\\/wp-content\\\/uploads\\\/2022\\\/03\\\/cropped-Allgemeines_digiDEMLOGO-removebg-preview.png\",\"width\":612,\"height\":357,\"caption\":\"digiDEM Bayern\"},\"image\":{\"@id\":\"\\\/#\\\/schema\\\/logo\\\/image\\\/\"},\"sameAs\":[\"https:\\\/\\\/www.facebook.com\\\/digiDEMBayern\\\/\",\"https:\\\/\\\/x.com\\\/digidem_bayern\",\"https:\\\/\\\/www.instagram.com\\\/digidem.bayern\",\"https:\\\/\\\/www.linkedin.com\\\/company\\\/digidem-bayern\\\/\"]},{\"@type\":\"Person\",\"@id\":\"\\\/#\\\/schema\\\/person\\\/0bc1494f46fc2a051c761322a80e0941\",\"name\":\"Ilona H\u00f6rath\",\"url\":\"https:\\\/\\\/digidem-bayern.de\\\/en\\\/author\\\/hoeratia\\\/\"}]}<\/script>\n<!-- \/ Yoast SEO plugin. -->","yoast_head_json":{"title":"Kombinierte Psychopharmaka k\u00f6nnen Demenzrisiko erh\u00f6hen - digiDEM Bayern","description":"Der Bayerische Landesapothekerkammer unterst\u00fctzt digiDEM Bayern mit Hilfe des Netzwerks \"Demenzfreundliche Apotheken\".","robots":{"index":"index","follow":"follow","max-snippet":"max-snippet:-1","max-image-preview":"max-image-preview:large","max-video-preview":"max-video-preview:-1"},"canonical":"https:\/\/digidem-bayern.de\/en\/kombinierte-psychopharmaka-koennen-demenzrisiko-erhoehen\/","og_locale":"en_US","og_type":"article","og_title":"Kombinierte Psychopharmaka k\u00f6nnen Demenzrisiko erh\u00f6hen - digiDEM Bayern","og_description":"Der Bayerische Landesapothekerkammer unterst\u00fctzt digiDEM Bayern mit Hilfe des Netzwerks \"Demenzfreundliche Apotheken\".","og_url":"https:\/\/digidem-bayern.de\/en\/kombinierte-psychopharmaka-koennen-demenzrisiko-erhoehen\/","og_site_name":"digiDEM Bayern","article_publisher":"https:\/\/www.facebook.com\/digiDEMBayern\/","article_published_time":"2025-03-27T11:28:00+00:00","article_modified_time":"2025-05-13T09:01:21+00:00","og_image":[{"width":1000,"height":667,"url":"https:\/\/digidem-bayern.de\/wp-content\/uploads\/2025\/03\/05-shutterstock_Kombiination-Psychopharmaka-2493402613.jpg","type":"image\/jpeg"}],"author":"Ilona H\u00f6rath","twitter_misc":{"Written by":"Ilona H\u00f6rath","Est. reading time":"2 minutes"},"schema":{"@context":"https:\/\/schema.org","@graph":[{"@type":"Article","@id":"https:\/\/digidem-bayern.de\/kombinierte-psychopharmaka-koennen-demenzrisiko-erhoehen\/#article","isPartOf":{"@id":"https:\/\/digidem-bayern.de\/kombinierte-psychopharmaka-koennen-demenzrisiko-erhoehen\/"},"author":{"name":"Ilona H\u00f6rath","@id":"\/#\/schema\/person\/0bc1494f46fc2a051c761322a80e0941"},"headline":"Kombinierte Psychopharmaka k\u00f6nnen Demenzrisiko erh\u00f6hen","datePublished":"2025-03-27T11:28:00+00:00","dateModified":"2025-05-13T09:01:21+00:00","mainEntityOfPage":{"@id":"https:\/\/digidem-bayern.de\/kombinierte-psychopharmaka-koennen-demenzrisiko-erhoehen\/"},"wordCount":530,"commentCount":2,"publisher":{"@id":"\/#organization"},"image":{"@id":"https:\/\/digidem-bayern.de\/kombinierte-psychopharmaka-koennen-demenzrisiko-erhoehen\/#primaryimage"},"thumbnailUrl":"https:\/\/digidem-bayern.de\/wp-content\/uploads\/2025\/03\/05-shutterstock_Kombiination-Psychopharmaka-2493402613.jpg","keywords":["Alzheimer","Alzheimer-Demenz","Angstst\u00f6rungen","Angstzust\u00e4nde","Antidepressiva","Antipsychotika","Arzneimittel","Benzodiazepine","Demenz","Demenzdiagnose","Demenzerkrankungen","Demenzrisiko","Depression","digidem","digidem Bayern","Digitales Demenzregister Bayern","geistige Leistungsf\u00e4higkeit","Kognition","Medikament","Medikamenteneinnahme","Psychopharmaka","Psychopharmaka und Demenz","Stimmungsstabilisatoren"],"articleSection":["Wissenschaft &amp; Forschung"],"inLanguage":"en-US","potentialAction":[{"@type":"CommentAction","name":"Comment","target":["https:\/\/digidem-bayern.de\/kombinierte-psychopharmaka-koennen-demenzrisiko-erhoehen\/#respond"]}]},{"@type":"WebPage","@id":"https:\/\/digidem-bayern.de\/kombinierte-psychopharmaka-koennen-demenzrisiko-erhoehen\/","url":"https:\/\/digidem-bayern.de\/kombinierte-psychopharmaka-koennen-demenzrisiko-erhoehen\/","name":"Kombinierte Psychopharmaka k\u00f6nnen Demenzrisiko erh\u00f6hen - digiDEM Bayern","isPartOf":{"@id":"\/#website"},"primaryImageOfPage":{"@id":"https:\/\/digidem-bayern.de\/kombinierte-psychopharmaka-koennen-demenzrisiko-erhoehen\/#primaryimage"},"image":{"@id":"https:\/\/digidem-bayern.de\/kombinierte-psychopharmaka-koennen-demenzrisiko-erhoehen\/#primaryimage"},"thumbnailUrl":"https:\/\/digidem-bayern.de\/wp-content\/uploads\/2025\/03\/05-shutterstock_Kombiination-Psychopharmaka-2493402613.jpg","datePublished":"2025-03-27T11:28:00+00:00","dateModified":"2025-05-13T09:01:21+00:00","description":"Der Bayerische Landesapothekerkammer unterst\u00fctzt digiDEM Bayern mit Hilfe des Netzwerks \"Demenzfreundliche Apotheken\".","breadcrumb":{"@id":"https:\/\/digidem-bayern.de\/kombinierte-psychopharmaka-koennen-demenzrisiko-erhoehen\/#breadcrumb"},"inLanguage":"en-US","potentialAction":[{"@type":"ReadAction","target":["https:\/\/digidem-bayern.de\/kombinierte-psychopharmaka-koennen-demenzrisiko-erhoehen\/"]}]},{"@type":"ImageObject","inLanguage":"en-US","@id":"https:\/\/digidem-bayern.de\/kombinierte-psychopharmaka-koennen-demenzrisiko-erhoehen\/#primaryimage","url":"https:\/\/digidem-bayern.de\/wp-content\/uploads\/2025\/03\/05-shutterstock_Kombiination-Psychopharmaka-2493402613.jpg","contentUrl":"https:\/\/digidem-bayern.de\/wp-content\/uploads\/2025\/03\/05-shutterstock_Kombiination-Psychopharmaka-2493402613.jpg","width":1000,"height":667,"caption":"Foto: Shutterstock"},{"@type":"BreadcrumbList","@id":"https:\/\/digidem-bayern.de\/kombinierte-psychopharmaka-koennen-demenzrisiko-erhoehen\/#breadcrumb","itemListElement":[{"@type":"ListItem","position":1,"name":"Startseite","item":"https:\/\/digidem-bayern.de\/"},{"@type":"ListItem","position":2,"name":"Kombinierte Psychopharmaka k\u00f6nnen Demenzrisiko erh\u00f6hen"}]},{"@type":"WebSite","@id":"\/#website","url":"\/","name":"digiDEM Bavaria","description":"The digital dementia register in Bavaria researches and improves the structure of services for people with dementia and their relatives","publisher":{"@id":"\/#organization"},"potentialAction":[{"@type":"SearchAction","target":{"@type":"EntryPoint","urlTemplate":"\/?s={search_term_string}"},"query-input":{"@type":"PropertyValueSpecification","valueRequired":true,"valueName":"search_term_string"}}],"inLanguage":"en-US"},{"@type":"Organization","@id":"\/#organization","name":"digiDEM Bavaria","url":"\/","logo":{"@type":"ImageObject","inLanguage":"en-US","@id":"\/#\/schema\/logo\/image\/","url":"https:\/\/digidem-bayern.de\/wp-content\/uploads\/2022\/03\/cropped-Allgemeines_digiDEMLOGO-removebg-preview.png","contentUrl":"https:\/\/digidem-bayern.de\/wp-content\/uploads\/2022\/03\/cropped-Allgemeines_digiDEMLOGO-removebg-preview.png","width":612,"height":357,"caption":"digiDEM Bayern"},"image":{"@id":"\/#\/schema\/logo\/image\/"},"sameAs":["https:\/\/www.facebook.com\/digiDEMBayern\/","https:\/\/x.com\/digidem_bayern","https:\/\/www.instagram.com\/digidem.bayern","https:\/\/www.linkedin.com\/company\/digidem-bayern\/"]},{"@type":"Person","@id":"\/#\/schema\/person\/0bc1494f46fc2a051c761322a80e0941","name":"Ilona H\u00f6rath","url":"https:\/\/digidem-bayern.de\/en\/author\/hoeratia\/"}]}},"uagb_featured_image_src":{"full":["https:\/\/digidem-bayern.de\/wp-content\/uploads\/2025\/03\/05-shutterstock_Kombiination-Psychopharmaka-2493402613.jpg",1000,667,false],"thumbnail":["https:\/\/digidem-bayern.de\/wp-content\/uploads\/2025\/03\/05-shutterstock_Kombiination-Psychopharmaka-2493402613-80x80.jpg",80,80,true],"medium":["https:\/\/digidem-bayern.de\/wp-content\/uploads\/2025\/03\/05-shutterstock_Kombiination-Psychopharmaka-2493402613-300x200.jpg",300,200,true],"medium_large":["https:\/\/digidem-bayern.de\/wp-content\/uploads\/2025\/03\/05-shutterstock_Kombiination-Psychopharmaka-2493402613-768x512.jpg",768,512,true],"large":["https:\/\/digidem-bayern.de\/wp-content\/uploads\/2025\/03\/05-shutterstock_Kombiination-Psychopharmaka-2493402613.jpg",1000,667,false],"1536x1536":["https:\/\/digidem-bayern.de\/wp-content\/uploads\/2025\/03\/05-shutterstock_Kombiination-Psychopharmaka-2493402613.jpg",1000,667,false],"2048x2048":["https:\/\/digidem-bayern.de\/wp-content\/uploads\/2025\/03\/05-shutterstock_Kombiination-Psychopharmaka-2493402613.jpg",1000,667,false],"trp-custom-language-flag":["https:\/\/digidem-bayern.de\/wp-content\/uploads\/2025\/03\/05-shutterstock_Kombiination-Psychopharmaka-2493402613.jpg",18,12,false],"qubely_landscape":["https:\/\/digidem-bayern.de\/wp-content\/uploads\/2025\/03\/05-shutterstock_Kombiination-Psychopharmaka-2493402613.jpg",1000,667,false],"qubely_portrait":["https:\/\/digidem-bayern.de\/wp-content\/uploads\/2025\/03\/05-shutterstock_Kombiination-Psychopharmaka-2493402613-540x320.jpg",540,320,true],"qubely_thumbnail":["https:\/\/digidem-bayern.de\/wp-content\/uploads\/2025\/03\/05-shutterstock_Kombiination-Psychopharmaka-2493402613-140x100.jpg",140,100,true],"post-thumbnail":["https:\/\/digidem-bayern.de\/wp-content\/uploads\/2025\/03\/05-shutterstock_Kombiination-Psychopharmaka-2493402613-525x350.jpg",525,350,true],"kahuna-featured":["https:\/\/digidem-bayern.de\/wp-content\/uploads\/2025\/03\/05-shutterstock_Kombiination-Psychopharmaka-2493402613-734x350.jpg",734,350,true],"kahuna-featured-lp":["https:\/\/digidem-bayern.de\/wp-content\/uploads\/2025\/03\/05-shutterstock_Kombiination-Psychopharmaka-2493402613-520x350.jpg",520,350,true],"kahuna-featured-half":["https:\/\/digidem-bayern.de\/wp-content\/uploads\/2025\/03\/05-shutterstock_Kombiination-Psychopharmaka-2493402613-800x350.jpg",800,350,true],"kahuna-featured-third":["https:\/\/digidem-bayern.de\/wp-content\/uploads\/2025\/03\/05-shutterstock_Kombiination-Psychopharmaka-2493402613-512x350.jpg",512,350,true],"kahuna-lpbox-1":["https:\/\/digidem-bayern.de\/wp-content\/uploads\/2025\/03\/05-shutterstock_Kombiination-Psychopharmaka-2493402613-520x300.jpg",520,300,true],"kahuna-lpbox-2":["https:\/\/digidem-bayern.de\/wp-content\/uploads\/2025\/03\/05-shutterstock_Kombiination-Psychopharmaka-2493402613-520x350.jpg",520,350,true],"demand-language-flag":["https:\/\/digidem-bayern.de\/wp-content\/uploads\/2025\/03\/05-shutterstock_Kombiination-Psychopharmaka-2493402613-36x36.jpg",36,36,true],"dddkt-language-flag":["https:\/\/digidem-bayern.de\/wp-content\/uploads\/2025\/03\/05-shutterstock_Kombiination-Psychopharmaka-2493402613-36x36.jpg",36,36,true],"ddiqc-language-flag":["https:\/\/digidem-bayern.de\/wp-content\/uploads\/2025\/03\/05-shutterstock_Kombiination-Psychopharmaka-2493402613-36x36.jpg",36,36,true],"ddtl-language-flag":["https:\/\/digidem-bayern.de\/wp-content\/uploads\/2025\/03\/05-shutterstock_Kombiination-Psychopharmaka-2493402613-36x36.jpg",36,36,true],"mailpoet_newsletter_max":["https:\/\/digidem-bayern.de\/wp-content\/uploads\/2025\/03\/05-shutterstock_Kombiination-Psychopharmaka-2493402613.jpg",1000,667,false],"kahuna-lpbox-3":["https:\/\/digidem-bayern.de\/wp-content\/uploads\/2025\/03\/05-shutterstock_Kombiination-Psychopharmaka-2493402613-520x350.jpg",520,350,true],"kahuna-featured-square":["https:\/\/digidem-bayern.de\/wp-content\/uploads\/2025\/03\/05-shutterstock_Kombiination-Psychopharmaka-2493402613-512x512.jpg",512,512,true],"kahuna-featured-square-large":["https:\/\/digidem-bayern.de\/wp-content\/uploads\/2025\/03\/05-shutterstock_Kombiination-Psychopharmaka-2493402613.jpg",1000,667,false]},"uagb_author_info":{"display_name":"Ilona H\u00f6rath","author_link":"https:\/\/digidem-bayern.de\/en\/author\/hoeratia\/"},"uagb_comment_info":8,"uagb_excerpt":"Benzodiazepine, Antidepressiva oder Antipsychotika: Forschende aus Kanada und Irland haben untersucht, wie sich Psychopharmaka auf die Kognition \u00e4lterer Erwachsene auswirken. Die Wissenschaftler haben dabei einen Zusammenhang zwischen einer regelm\u00e4\u00dfigen Anwendung von Benzodiazepinen, bestimmten Antidepressiva und Antipsychotika und dem kognitiven Abbau bei \u00e4lteren Erwachsenen identifiziert.&nbsp; Wie die Forschenden aus Kanada und &hellip;","_links":{"self":[{"href":"https:\/\/digidem-bayern.de\/en\/wp-json\/wp\/v2\/posts\/42507","targetHints":{"allow":["GET"]}}],"collection":[{"href":"https:\/\/digidem-bayern.de\/en\/wp-json\/wp\/v2\/posts"}],"about":[{"href":"https:\/\/digidem-bayern.de\/en\/wp-json\/wp\/v2\/types\/post"}],"author":[{"embeddable":true,"href":"https:\/\/digidem-bayern.de\/en\/wp-json\/wp\/v2\/users\/12"}],"replies":[{"embeddable":true,"href":"https:\/\/digidem-bayern.de\/en\/wp-json\/wp\/v2\/comments?post=42507"}],"version-history":[{"count":3,"href":"https:\/\/digidem-bayern.de\/en\/wp-json\/wp\/v2\/posts\/42507\/revisions"}],"predecessor-version":[{"id":42527,"href":"https:\/\/digidem-bayern.de\/en\/wp-json\/wp\/v2\/posts\/42507\/revisions\/42527"}],"wp:featuredmedia":[{"embeddable":true,"href":"https:\/\/digidem-bayern.de\/en\/wp-json\/wp\/v2\/media\/42518"}],"wp:attachment":[{"href":"https:\/\/digidem-bayern.de\/en\/wp-json\/wp\/v2\/media?parent=42507"}],"wp:term":[{"taxonomy":"category","embeddable":true,"href":"https:\/\/digidem-bayern.de\/en\/wp-json\/wp\/v2\/categories?post=42507"},{"taxonomy":"post_tag","embeddable":true,"href":"https:\/\/digidem-bayern.de\/en\/wp-json\/wp\/v2\/tags?post=42507"}],"curies":[{"name":"wp","href":"https:\/\/api.w.org\/{rel}","templated":true}]}}