{"id":42505,"date":"2025-03-27T12:20:00","date_gmt":"2025-03-27T11:20:00","guid":{"rendered":"https:\/\/digidem-bayern.de\/?p=42505"},"modified":"2025-05-13T11:01:41","modified_gmt":"2025-05-13T09:01:41","slug":"cannabidol-reiches-oel-bei-neuropsychiatrischen-symptomen","status":"publish","type":"post","link":"https:\/\/digidem-bayern.de\/en\/cannabidol-reiches-oel-bei-neuropsychiatrischen-symptomen\/","title":{"rendered":"Cannabidol-reiches \u00d6l bei neuropsychiatrischen Symptomen\u00a0"},"content":{"rendered":"<p><strong><strong><strong><strong><strong><strong><strong><strong><strong><strong><strong><strong><strong><strong>Wie wirksam ist eine medizinische Cannabistherapie mit Cannabidiol (CBD), dem&nbsp;dem&nbsp;nichtberauschend wirkenden Bestandteil der Hanfpflanze,&nbsp;bei Erwachsenen mit neuropsychiatrischen Symptomen als Folge von Alzheimer-Demenz? Eine Studie aus Kolumbien kam zu dem Schluss, dass CBD-reiches \u00d6l sowohl den Schweregrad der Symptome bei Betroffenen als auch die emotionale und k\u00f6rperliche Pflegebelastung bei Angeh\u00f6rigen reduzieren kann.<\/strong><\/strong><\/strong><\/strong><\/strong><\/strong><\/strong><\/strong><\/strong><\/strong><\/strong><\/strong><\/strong><\/strong><span style=\"caret-color: rgb(0, 0, 0); color: rgb(0, 0, 0); font-family: -webkit-standard; font-size: medium; white-space: normal;\"><\/span><span style=\"caret-color: rgb(0, 0, 0); color: rgb(0, 0, 0); font-family: -webkit-standard; font-size: medium; white-space: normal;\"><\/span><\/p>\n\n\n\n<p>Halluzinationen, Angstzust\u00e4nde, Unruhe oder Apathie und Reizbarkeit: Mit einem fortschreitenden Krankheitsverlauf der Alzheimer-Demenz gehen in der Regel auch neuropsychiatrische Symptome (NPS) einher. Diese k\u00f6nnen f\u00fcr pflegende An- und Zugeh\u00f6rige belastend sein, da sie sich erschwerend auf die t\u00e4gliche Pfleget\u00e4tigkeit auswirken. Zudem k\u00f6nnen NPS dazu f\u00fchren, dass Betroffene \u00fcberm\u00e4\u00dfig viele Medikamente (Polypharmazie) verschrieben bekommen. Oft m\u00fcssen die Erkrankten dabei gleichzeitig und dauerhaft mehr als f\u00fcnf verschiedene Arzneimittel einnehmen.<\/p>\n\n\n<div class=\"wp-block-image\">\n<figure class=\"alignright size-full is-resized\"><img loading=\"lazy\" decoding=\"async\" width=\"1000\" height=\"667\" src=\"https:\/\/digidem-bayern.de\/wp-content\/uploads\/2025\/03\/04-shutterstock_Cannabidol-1458473945.jpg\" alt=\"Eine Studie aus Kolumbien kam zu dem Schluss, dass CBD-reiches \u00d6l sowohl den Schweregrad der Symptome bei Betroffenen als auch die emotionale und k\u00f6rperliche Pflegebelastung bei Angeh\u00f6rigen reduzieren kann.\" class=\"wp-image-42517\" style=\"width:535px;height:auto\" srcset=\"https:\/\/digidem-bayern.de\/wp-content\/uploads\/2025\/03\/04-shutterstock_Cannabidol-1458473945.jpg 1000w, https:\/\/digidem-bayern.de\/wp-content\/uploads\/2025\/03\/04-shutterstock_Cannabidol-1458473945-300x200.jpg 300w, https:\/\/digidem-bayern.de\/wp-content\/uploads\/2025\/03\/04-shutterstock_Cannabidol-1458473945-768x512.jpg 768w, https:\/\/digidem-bayern.de\/wp-content\/uploads\/2025\/03\/04-shutterstock_Cannabidol-1458473945-525x350.jpg 525w\" sizes=\"auto, (max-width: 1000px) 100vw, 1000px\" \/><figcaption class=\"wp-element-caption\">Foto: Shutterstock<\/figcaption><\/figure>\n<\/div>\n\n\n<p><strong>Wirksam und sicher<\/strong><\/p>\n\n\n\n<p>Um alternative Behandlungsans\u00e4tze zu finden, haben Forschende die Wirkung von sogenanntem CBD-\u00d6l bei Patienten und Patientinnen mit neuropsychiatrischen Symptomen untersucht. Das zentrale Ergebnis der Forschungsarbeit, die im September 2024 ver\u00f6ffentlicht wurde, macht deutlich: CBD-\u00d6l, das reich ist an dem&nbsp;<strong><u>nicht<\/u><\/strong>&nbsp;berauschend wirkenden Hanfpr\u00e4parat Cannabidol, kann als Therapie von NPS bei einer Tagesdosis von bis zu 111 mg als wirksam und sicher bewertet werden. Dies gelte unabh\u00e4ngig von Geschlecht, Alter, Dauer der Alzheimer-Demenz und Schweregrad der Symptome. Eine niedrige CBD-Dosis und eine langsame Anpassung der Dosis bei dem Patienten verbesserten zudem die Vertr\u00e4glichkeit der Therapie. Die beobachteten Verbesserungen blieben bis zu 24 Monate lang bestehen.<\/p>\n\n\n\n<p>Die Wirkung zeigte sich insbesondere in Bezug auf die Reduktion von Halluzinationen, Angstzust\u00e4nde, Unruhe, Apathie und Reizbarkeit. Die Studie wies aber auch Verbesserungen in den neuropsychiatrischen Symptomen Depression, Euphorie, Enthemmung, bei motorischen St\u00f6rungen, n\u00e4chtlichem Umherwandern und untypischem Essverhalten nach.&nbsp;<\/p>\n\n\n\n<p><strong>Belastung der Pflegenden wird reduziert<\/strong><\/p>\n\n\n\n<p>Aber auch die pflegenden An- und Zugeh\u00f6rigen profitieren von der Therapie. Dies best\u00e4tigten die Analyseergebnisse. Die Pflegebelastung der An- und Zugeh\u00f6rigen verringerte sich, sie empfanden weniger Stress. Zudem verringerte sich die finanzielle Belastung, die etwa durch Polypharmazie und die Verlegung der Betroffenen in eine station\u00e4re Pflegeeinrichtung entstanden war. Diese Ergebnisse k\u00f6nnten darauf hindeuten, schreiben die Forschenden, dass die Linderung der neuropsychiatrischen Symptome die t\u00e4gliche Pflege erleichtert und so die emotionale und k\u00f6rperliche Belastung der Pflegenden reduziert wird.&nbsp;<\/p>\n\n\n\n<p><strong>Verd\u00fcnnte Cannabisextrakte<\/strong><\/p>\n\n\n\n<p>W\u00e4hrend eines Zeitraums von drei Monaten erhielten die Menschen mit Alzheimer-Demenz ein Arzneimittel, das individuell f\u00fcr jede Person hergestellt wurde. Hierbei werden Cannabisextrakte verd\u00fcnnt und unter Verwendung von Sesam\u00f6l und Ethanol sowie mit Zugabe von S\u00fc\u00dfungsmitteln und Geschmacksstoffen aufbereitet.<\/p>\n\n\n\n<p>Durchgef\u00fchrt wurde die Studie in einer auf medizinische Cannabistherapie spezialisierten Klinik im kolumbianischen Bogot\u00e1. Bei allen 59 Teilnehmenden begann die Alzheimer-Demenz nach dem 65. Lebensjahr. Die Patientinnen und Patienten wurden durchschnittlich rund 23 Monate lang behandelt. Die Nachbeobachtungszeit nach den drei Monaten betrug zwei Jahre. Die vergleichsweise geringe Anzahl von Teilnehmenden erkl\u00e4ren sich die Forschenden damit, dass die CBD-Behandlung in Kolumbien teuer ist und von der Gesundheitsversorgung f\u00fcr Erwachsene nicht \u00fcbernommen wird. Das bedeutet, dass sich m\u00f6glicherweise weniger Patienten diese Therapie leisten k\u00f6nnen.<\/p>\n\n\n\n<p><strong>Ausf\u00fchrliche neurologische Untersuchungen<\/strong><\/p>\n\n\n\n<p>Die Menschen mit Demenz wurden monatlich neurologisch untersucht. Des Weiteren befragten die Forschenden die pflegenden Angeh\u00f6rigen nach dem Schweregrad der Symptome sowie der eigenen Belastung. Um die Vertr\u00e4glichkeit der Therapie zu bestimmen, wurde zudem auch nach unerw\u00fcnschten Nebenwirkungen gefragt. Hinzu kamen vor Beginn der CBD-Therapie und w\u00e4hrend der Nachbeobachtung ein gro\u00dfes Blutbild, Leberfunktionstests und Nierenfunktionstests. Bei auff\u00e4lligen Laborwerten oder berichteten Nebenwirkungen wurde die Intervention abgebrochen.<span style=\"caret-color: rgb(0, 0, 0); color: rgb(0, 0, 0); font-family: -webkit-standard; font-size: medium; white-space: normal;\"><\/span><\/p>\n\n\n\n<p><strong>Tipp f\u00fcr die Praxis<\/strong>: Bei neuropsychiatrischen Symptomen bei Menschen mit Demenz sollten die Menge und das Zusammenspiel der Medikamente immer im Fokus stehen. Alternative Ans\u00e4tze wie eine Therapie mit CBD-\u00d6l k\u00f6nnen ebenfalls hilfreich sein, um NPS-Symptome zu behandeln. Alternative Therapien sollten allerdings ausschlie\u00dflich in enger Absprache mit dem behandelnden Arzt oder der \u00c4rztin erfolgen.<\/p>\n\n\n\n<p>Hier geht&#8217;s zur Studie:<\/p>\n\n\n\n<p><a href=\"https:\/\/karger.com\/mca\/article\/7\/1\/160\/913137\/Treatment-of-Neuropsychiatric-Symptoms-in\">Treatment of Neuropsychiatric Symptoms in Alzheimer\u2019s Disease with a Cannabis-Based Magistral Formulation: An Open-Label Prospective Cohort Study<\/a>&nbsp;<\/p>\n\n\n\n<p><\/p>\n\n\n\n<p><\/p>\n\n\n\n<p><\/p>\n\n\n\n<p><\/p>\n\n\n\n<p><\/p>\n\n\n\n<div style=\"height:20px\" aria-hidden=\"true\" class=\"wp-block-spacer\"><\/div>\n\n\n\n<p><\/p>","protected":false},"excerpt":{"rendered":"<p>Wie wirksam ist eine medizinische Cannabistherapie mit Cannabidiol (CBD), dem&nbsp;dem&nbsp;nichtberauschend wirkenden Bestandteil der Hanfpflanze,&nbsp;bei Erwachsenen mit neuropsychiatrischen Symptomen als Folge von Alzheimer-Demenz? Eine Studie aus Kolumbien kam zu dem Schluss, dass CBD-reiches \u00d6l sowohl den Schweregrad der Symptome bei Betroffenen als auch die emotionale und k\u00f6rperliche Pflegebelastung bei Angeh\u00f6rigen reduzieren &hellip;<\/p>","protected":false},"author":12,"featured_media":42517,"comment_status":"open","ping_status":"closed","sticky":false,"template":"","format":"standard","meta":{"qubely_global_settings":"","qubely_interactions":"","_uag_custom_page_level_css":"","footnotes":""},"categories":[5],"tags":[13,406,1061,1472,1473,850,854,1487,1486,1494,1488,12,112,1433,177,541,14,17,55,1493,851,1489,359,1476,175,1491,1471,1474,1492],"class_list":["post-42505","post","type-post","status-publish","format-standard","has-post-thumbnail","hentry","category-wissenschaft-forschung","tag-alzheimer","tag-alzheimer-demenz","tag-angstzustaende","tag-antidepressiva","tag-antipsychotika","tag-apathie","tag-arzneimittel","tag-cannabidol","tag-cannabis","tag-cannabistherapie","tag-cbd-oel","tag-demenz-2","tag-demenzdiagnose","tag-demenzerkrankungen","tag-demenzrisiko","tag-depression","tag-digidem","tag-digidem-bayern","tag-digitales-demenzregister-bayern","tag-enthemmung","tag-halluzinationen","tag-hanfpflanze","tag-medikament","tag-medikamenteneinnahme","tag-pflegebelastung","tag-polypharmazie","tag-psychopharmaka","tag-psychopharmaka-und-demenz","tag-tagesdosis"],"qubely_featured_image_url":{"full":["https:\/\/digidem-bayern.de\/wp-content\/uploads\/2025\/03\/04-shutterstock_Cannabidol-1458473945.jpg",1000,667,false],"landscape":["https:\/\/digidem-bayern.de\/wp-content\/uploads\/2025\/03\/04-shutterstock_Cannabidol-1458473945.jpg",1000,667,false],"portraits":["https:\/\/digidem-bayern.de\/wp-content\/uploads\/2025\/03\/04-shutterstock_Cannabidol-1458473945-540x320.jpg",540,320,true],"thumbnail":["https:\/\/digidem-bayern.de\/wp-content\/uploads\/2025\/03\/04-shutterstock_Cannabidol-1458473945-80x80.jpg",80,80,true],"medium":["https:\/\/digidem-bayern.de\/wp-content\/uploads\/2025\/03\/04-shutterstock_Cannabidol-1458473945-300x200.jpg",300,200,true],"medium_large":["https:\/\/digidem-bayern.de\/wp-content\/uploads\/2025\/03\/04-shutterstock_Cannabidol-1458473945-768x512.jpg",768,512,true],"large":["https:\/\/digidem-bayern.de\/wp-content\/uploads\/2025\/03\/04-shutterstock_Cannabidol-1458473945.jpg",1000,667,false],"1536x1536":["https:\/\/digidem-bayern.de\/wp-content\/uploads\/2025\/03\/04-shutterstock_Cannabidol-1458473945.jpg",1000,667,false],"2048x2048":["https:\/\/digidem-bayern.de\/wp-content\/uploads\/2025\/03\/04-shutterstock_Cannabidol-1458473945.jpg",1000,667,false],"trp-custom-language-flag":["https:\/\/digidem-bayern.de\/wp-content\/uploads\/2025\/03\/04-shutterstock_Cannabidol-1458473945.jpg",18,12,false],"qubely_landscape":["https:\/\/digidem-bayern.de\/wp-content\/uploads\/2025\/03\/04-shutterstock_Cannabidol-1458473945.jpg",1000,667,false],"qubely_portrait":["https:\/\/digidem-bayern.de\/wp-content\/uploads\/2025\/03\/04-shutterstock_Cannabidol-1458473945-540x320.jpg",540,320,true],"qubely_thumbnail":["https:\/\/digidem-bayern.de\/wp-content\/uploads\/2025\/03\/04-shutterstock_Cannabidol-1458473945-140x100.jpg",140,100,true],"post-thumbnail":["https:\/\/digidem-bayern.de\/wp-content\/uploads\/2025\/03\/04-shutterstock_Cannabidol-1458473945-525x350.jpg",525,350,true],"kahuna-featured":["https:\/\/digidem-bayern.de\/wp-content\/uploads\/2025\/03\/04-shutterstock_Cannabidol-1458473945-734x350.jpg",734,350,true],"kahuna-featured-lp":["https:\/\/digidem-bayern.de\/wp-content\/uploads\/2025\/03\/04-shutterstock_Cannabidol-1458473945-520x350.jpg",520,350,true],"kahuna-featured-half":["https:\/\/digidem-bayern.de\/wp-content\/uploads\/2025\/03\/04-shutterstock_Cannabidol-1458473945-800x350.jpg",800,350,true],"kahuna-featured-third":["https:\/\/digidem-bayern.de\/wp-content\/uploads\/2025\/03\/04-shutterstock_Cannabidol-1458473945-512x350.jpg",512,350,true],"kahuna-lpbox-1":["https:\/\/digidem-bayern.de\/wp-content\/uploads\/2025\/03\/04-shutterstock_Cannabidol-1458473945-520x300.jpg",520,300,true],"kahuna-lpbox-2":["https:\/\/digidem-bayern.de\/wp-content\/uploads\/2025\/03\/04-shutterstock_Cannabidol-1458473945-520x350.jpg",520,350,true],"demand-language-flag":["https:\/\/digidem-bayern.de\/wp-content\/uploads\/2025\/03\/04-shutterstock_Cannabidol-1458473945-36x36.jpg",36,36,true],"dddkt-language-flag":["https:\/\/digidem-bayern.de\/wp-content\/uploads\/2025\/03\/04-shutterstock_Cannabidol-1458473945-36x36.jpg",36,36,true],"ddiqc-language-flag":["https:\/\/digidem-bayern.de\/wp-content\/uploads\/2025\/03\/04-shutterstock_Cannabidol-1458473945-36x36.jpg",36,36,true],"ddtl-language-flag":["https:\/\/digidem-bayern.de\/wp-content\/uploads\/2025\/03\/04-shutterstock_Cannabidol-1458473945-36x36.jpg",36,36,true],"mailpoet_newsletter_max":["https:\/\/digidem-bayern.de\/wp-content\/uploads\/2025\/03\/04-shutterstock_Cannabidol-1458473945.jpg",1000,667,false],"kahuna-lpbox-3":["https:\/\/digidem-bayern.de\/wp-content\/uploads\/2025\/03\/04-shutterstock_Cannabidol-1458473945-520x350.jpg",520,350,true],"kahuna-featured-square":["https:\/\/digidem-bayern.de\/wp-content\/uploads\/2025\/03\/04-shutterstock_Cannabidol-1458473945-512x512.jpg",512,512,true],"kahuna-featured-square-large":["https:\/\/digidem-bayern.de\/wp-content\/uploads\/2025\/03\/04-shutterstock_Cannabidol-1458473945.jpg",1000,667,false]},"qubely_author":{"display_name":"Ilona H\u00f6rath","author_link":"https:\/\/digidem-bayern.de\/en\/author\/hoeratia\/"},"qubely_comment":6,"qubely_category":"<a href=\"https:\/\/digidem-bayern.de\/en\/category\/wissenschaft-forschung\/\" rel=\"category tag\">Wissenschaft &amp; Forschung<\/a>","qubely_excerpt":"Wie wirksam ist eine medizinische Cannabistherapie mit Cannabidiol (CBD), dem&nbsp;dem&nbsp;nichtberauschend wirkenden Bestandteil der Hanfpflanze,&nbsp;bei Erwachsenen mit neuropsychiatrischen Symptomen als Folge von Alzheimer-Demenz? Eine Studie aus Kolumbien kam zu dem Schluss, dass CBD-reiches \u00d6l sowohl den Schweregrad der Symptome bei Betroffenen als auch die emotionale und k\u00f6rperliche Pflegebelastung bei Angeh\u00f6rigen reduzieren &hellip;","featured_image_urls_v2":{"full":["https:\/\/digidem-bayern.de\/wp-content\/uploads\/2025\/03\/04-shutterstock_Cannabidol-1458473945.jpg",1000,667,false],"thumbnail":["https:\/\/digidem-bayern.de\/wp-content\/uploads\/2025\/03\/04-shutterstock_Cannabidol-1458473945-80x80.jpg",80,80,true],"medium":["https:\/\/digidem-bayern.de\/wp-content\/uploads\/2025\/03\/04-shutterstock_Cannabidol-1458473945-300x200.jpg",300,200,true],"medium_large":["https:\/\/digidem-bayern.de\/wp-content\/uploads\/2025\/03\/04-shutterstock_Cannabidol-1458473945-768x512.jpg",768,512,true],"large":["https:\/\/digidem-bayern.de\/wp-content\/uploads\/2025\/03\/04-shutterstock_Cannabidol-1458473945.jpg",1000,667,false],"1536x1536":["https:\/\/digidem-bayern.de\/wp-content\/uploads\/2025\/03\/04-shutterstock_Cannabidol-1458473945.jpg",1000,667,false],"2048x2048":["https:\/\/digidem-bayern.de\/wp-content\/uploads\/2025\/03\/04-shutterstock_Cannabidol-1458473945.jpg",1000,667,false],"trp-custom-language-flag":["https:\/\/digidem-bayern.de\/wp-content\/uploads\/2025\/03\/04-shutterstock_Cannabidol-1458473945.jpg",18,12,false],"qubely_landscape":["https:\/\/digidem-bayern.de\/wp-content\/uploads\/2025\/03\/04-shutterstock_Cannabidol-1458473945.jpg",1000,667,false],"qubely_portrait":["https:\/\/digidem-bayern.de\/wp-content\/uploads\/2025\/03\/04-shutterstock_Cannabidol-1458473945-540x320.jpg",540,320,true],"qubely_thumbnail":["https:\/\/digidem-bayern.de\/wp-content\/uploads\/2025\/03\/04-shutterstock_Cannabidol-1458473945-140x100.jpg",140,100,true],"post-thumbnail":["https:\/\/digidem-bayern.de\/wp-content\/uploads\/2025\/03\/04-shutterstock_Cannabidol-1458473945-525x350.jpg",525,350,true],"kahuna-featured":["https:\/\/digidem-bayern.de\/wp-content\/uploads\/2025\/03\/04-shutterstock_Cannabidol-1458473945-734x350.jpg",734,350,true],"kahuna-featured-lp":["https:\/\/digidem-bayern.de\/wp-content\/uploads\/2025\/03\/04-shutterstock_Cannabidol-1458473945-520x350.jpg",520,350,true],"kahuna-featured-half":["https:\/\/digidem-bayern.de\/wp-content\/uploads\/2025\/03\/04-shutterstock_Cannabidol-1458473945-800x350.jpg",800,350,true],"kahuna-featured-third":["https:\/\/digidem-bayern.de\/wp-content\/uploads\/2025\/03\/04-shutterstock_Cannabidol-1458473945-512x350.jpg",512,350,true],"kahuna-lpbox-1":["https:\/\/digidem-bayern.de\/wp-content\/uploads\/2025\/03\/04-shutterstock_Cannabidol-1458473945-520x300.jpg",520,300,true],"kahuna-lpbox-2":["https:\/\/digidem-bayern.de\/wp-content\/uploads\/2025\/03\/04-shutterstock_Cannabidol-1458473945-520x350.jpg",520,350,true],"demand-language-flag":["https:\/\/digidem-bayern.de\/wp-content\/uploads\/2025\/03\/04-shutterstock_Cannabidol-1458473945-36x36.jpg",36,36,true],"dddkt-language-flag":["https:\/\/digidem-bayern.de\/wp-content\/uploads\/2025\/03\/04-shutterstock_Cannabidol-1458473945-36x36.jpg",36,36,true],"ddiqc-language-flag":["https:\/\/digidem-bayern.de\/wp-content\/uploads\/2025\/03\/04-shutterstock_Cannabidol-1458473945-36x36.jpg",36,36,true],"ddtl-language-flag":["https:\/\/digidem-bayern.de\/wp-content\/uploads\/2025\/03\/04-shutterstock_Cannabidol-1458473945-36x36.jpg",36,36,true],"mailpoet_newsletter_max":["https:\/\/digidem-bayern.de\/wp-content\/uploads\/2025\/03\/04-shutterstock_Cannabidol-1458473945.jpg",1000,667,false],"kahuna-lpbox-3":["https:\/\/digidem-bayern.de\/wp-content\/uploads\/2025\/03\/04-shutterstock_Cannabidol-1458473945-520x350.jpg",520,350,true],"kahuna-featured-square":["https:\/\/digidem-bayern.de\/wp-content\/uploads\/2025\/03\/04-shutterstock_Cannabidol-1458473945-512x512.jpg",512,512,true],"kahuna-featured-square-large":["https:\/\/digidem-bayern.de\/wp-content\/uploads\/2025\/03\/04-shutterstock_Cannabidol-1458473945.jpg",1000,667,false]},"post_excerpt_stackable_v2":"<p>Wie wirksam ist eine medizinische Cannabistherapie mit Cannabidiol (CBD), dem&nbsp;dem&nbsp;nichtberauschend wirkenden Bestandteil der Hanfpflanze,&nbsp;bei Erwachsenen mit neuropsychiatrischen Symptomen als Folge von Alzheimer-Demenz? Eine Studie aus Kolumbien kam zu dem Schluss, dass CBD-reiches \u00d6l sowohl den Schweregrad der Symptome bei Betroffenen als auch die emotionale und k\u00f6rperliche Pflegebelastung bei Angeh\u00f6rigen reduzieren kann. Halluzinationen, Angstzust\u00e4nde, Unruhe oder Apathie und Reizbarkeit: Mit einem fortschreitenden Krankheitsverlauf der Alzheimer-Demenz gehen in der Regel auch neuropsychiatrische Symptome (NPS) einher. Diese k\u00f6nnen f\u00fcr pflegende An- und Zugeh\u00f6rige belastend sein, da sie sich erschwerend auf die t\u00e4gliche Pfleget\u00e4tigkeit auswirken. Zudem k\u00f6nnen NPS dazu f\u00fchren, dass Betroffene \u00fcberm\u00e4\u00dfig viele&hellip;<\/p>\n","category_list_v2":"<a href=\"https:\/\/digidem-bayern.de\/en\/category\/wissenschaft-forschung\/\" rel=\"category tag\">Wissenschaft &amp; Forschung<\/a>","author_info_v2":{"name":"Ilona H\u00f6rath","url":"https:\/\/digidem-bayern.de\/en\/author\/hoeratia\/"},"comments_num_v2":"0 comments","yoast_head":"<!-- This site is optimized with the Yoast SEO plugin v27.5 - https:\/\/yoast.com\/product\/yoast-seo-wordpress\/ -->\n<title>Cannabidol-reiches \u00d6l bei neuropsychiatrischen Symptomen\u00a0 - digiDEM Bayern<\/title>\n<meta name=\"description\" content=\"Der Bayerische Landesapothekerkammer unterst\u00fctzt digiDEM Bayern mit Hilfe des Netzwerks &quot;Demenzfreundliche Apotheken&quot;.\" \/>\n<meta name=\"robots\" content=\"index, follow, max-snippet:-1, max-image-preview:large, max-video-preview:-1\" \/>\n<link rel=\"canonical\" href=\"https:\/\/digidem-bayern.de\/en\/cannabidol-reiches-oel-bei-neuropsychiatrischen-symptomen\/\" \/>\n<meta property=\"og:locale\" content=\"en_US\" \/>\n<meta property=\"og:type\" content=\"article\" \/>\n<meta property=\"og:title\" content=\"Cannabidol-reiches \u00d6l bei neuropsychiatrischen Symptomen\u00a0 - digiDEM Bayern\" \/>\n<meta property=\"og:description\" content=\"Der Bayerische Landesapothekerkammer unterst\u00fctzt digiDEM Bayern mit Hilfe des Netzwerks &quot;Demenzfreundliche Apotheken&quot;.\" \/>\n<meta property=\"og:url\" content=\"https:\/\/digidem-bayern.de\/en\/cannabidol-reiches-oel-bei-neuropsychiatrischen-symptomen\/\" \/>\n<meta property=\"og:site_name\" content=\"digiDEM Bayern\" \/>\n<meta property=\"article:publisher\" content=\"https:\/\/www.facebook.com\/digiDEMBayern\/\" \/>\n<meta property=\"article:published_time\" content=\"2025-03-27T11:20:00+00:00\" \/>\n<meta property=\"article:modified_time\" content=\"2025-05-13T09:01:41+00:00\" \/>\n<meta property=\"og:image\" content=\"https:\/\/digidem-bayern.de\/wp-content\/uploads\/2025\/03\/04-shutterstock_Cannabidol-1458473945.jpg\" \/>\n\t<meta property=\"og:image:width\" content=\"1000\" \/>\n\t<meta property=\"og:image:height\" content=\"667\" \/>\n\t<meta property=\"og:image:type\" content=\"image\/jpeg\" \/>\n<meta name=\"author\" content=\"Ilona H\u00f6rath\" \/>\n<meta name=\"twitter:label1\" content=\"Written by\" \/>\n\t<meta name=\"twitter:data1\" content=\"Ilona H\u00f6rath\" \/>\n\t<meta name=\"twitter:label2\" content=\"Est. reading time\" \/>\n\t<meta name=\"twitter:data2\" content=\"2 minutes\" \/>\n<script type=\"application\/ld+json\" class=\"yoast-schema-graph\">{\"@context\":\"https:\\\/\\\/schema.org\",\"@graph\":[{\"@type\":\"Article\",\"@id\":\"https:\\\/\\\/digidem-bayern.de\\\/cannabidol-reiches-oel-bei-neuropsychiatrischen-symptomen\\\/#article\",\"isPartOf\":{\"@id\":\"https:\\\/\\\/digidem-bayern.de\\\/cannabidol-reiches-oel-bei-neuropsychiatrischen-symptomen\\\/\"},\"author\":{\"name\":\"Ilona H\u00f6rath\",\"@id\":\"\\\/#\\\/schema\\\/person\\\/0bc1494f46fc2a051c761322a80e0941\"},\"headline\":\"Cannabidol-reiches \u00d6l bei neuropsychiatrischen Symptomen\u00a0\",\"datePublished\":\"2025-03-27T11:20:00+00:00\",\"dateModified\":\"2025-05-13T09:01:41+00:00\",\"mainEntityOfPage\":{\"@id\":\"https:\\\/\\\/digidem-bayern.de\\\/cannabidol-reiches-oel-bei-neuropsychiatrischen-symptomen\\\/\"},\"wordCount\":680,\"commentCount\":0,\"publisher\":{\"@id\":\"\\\/#organization\"},\"image\":{\"@id\":\"https:\\\/\\\/digidem-bayern.de\\\/cannabidol-reiches-oel-bei-neuropsychiatrischen-symptomen\\\/#primaryimage\"},\"thumbnailUrl\":\"https:\\\/\\\/digidem-bayern.de\\\/wp-content\\\/uploads\\\/2025\\\/03\\\/04-shutterstock_Cannabidol-1458473945.jpg\",\"keywords\":[\"Alzheimer\",\"Alzheimer-Demenz\",\"Angstzust\u00e4nde\",\"Antidepressiva\",\"Antipsychotika\",\"Apathie\",\"Arzneimittel\",\"Cannabidol\",\"Cannabis\",\"Cannabistherapie\",\"CBD-\u00d6l\",\"Demenz\",\"Demenzdiagnose\",\"Demenzerkrankungen\",\"Demenzrisiko\",\"Depression\",\"digidem\",\"digidem Bayern\",\"Digitales Demenzregister Bayern\",\"Enthemmung\",\"Halluzinationen\",\"Hanfpflanze\",\"Medikament\",\"Medikamenteneinnahme\",\"Pflegebelastung\",\"Polypharmazie\",\"Psychopharmaka\",\"Psychopharmaka und Demenz\",\"Tagesdosis\"],\"articleSection\":[\"Wissenschaft &amp; Forschung\"],\"inLanguage\":\"en-US\",\"potentialAction\":[{\"@type\":\"CommentAction\",\"name\":\"Comment\",\"target\":[\"https:\\\/\\\/digidem-bayern.de\\\/cannabidol-reiches-oel-bei-neuropsychiatrischen-symptomen\\\/#respond\"]}]},{\"@type\":\"WebPage\",\"@id\":\"https:\\\/\\\/digidem-bayern.de\\\/cannabidol-reiches-oel-bei-neuropsychiatrischen-symptomen\\\/\",\"url\":\"https:\\\/\\\/digidem-bayern.de\\\/cannabidol-reiches-oel-bei-neuropsychiatrischen-symptomen\\\/\",\"name\":\"Cannabidol-reiches \u00d6l bei neuropsychiatrischen Symptomen\u00a0 - digiDEM Bayern\",\"isPartOf\":{\"@id\":\"\\\/#website\"},\"primaryImageOfPage\":{\"@id\":\"https:\\\/\\\/digidem-bayern.de\\\/cannabidol-reiches-oel-bei-neuropsychiatrischen-symptomen\\\/#primaryimage\"},\"image\":{\"@id\":\"https:\\\/\\\/digidem-bayern.de\\\/cannabidol-reiches-oel-bei-neuropsychiatrischen-symptomen\\\/#primaryimage\"},\"thumbnailUrl\":\"https:\\\/\\\/digidem-bayern.de\\\/wp-content\\\/uploads\\\/2025\\\/03\\\/04-shutterstock_Cannabidol-1458473945.jpg\",\"datePublished\":\"2025-03-27T11:20:00+00:00\",\"dateModified\":\"2025-05-13T09:01:41+00:00\",\"description\":\"Der Bayerische Landesapothekerkammer unterst\u00fctzt digiDEM Bayern mit Hilfe des Netzwerks \\\"Demenzfreundliche Apotheken\\\".\",\"breadcrumb\":{\"@id\":\"https:\\\/\\\/digidem-bayern.de\\\/cannabidol-reiches-oel-bei-neuropsychiatrischen-symptomen\\\/#breadcrumb\"},\"inLanguage\":\"en-US\",\"potentialAction\":[{\"@type\":\"ReadAction\",\"target\":[\"https:\\\/\\\/digidem-bayern.de\\\/cannabidol-reiches-oel-bei-neuropsychiatrischen-symptomen\\\/\"]}]},{\"@type\":\"ImageObject\",\"inLanguage\":\"en-US\",\"@id\":\"https:\\\/\\\/digidem-bayern.de\\\/cannabidol-reiches-oel-bei-neuropsychiatrischen-symptomen\\\/#primaryimage\",\"url\":\"https:\\\/\\\/digidem-bayern.de\\\/wp-content\\\/uploads\\\/2025\\\/03\\\/04-shutterstock_Cannabidol-1458473945.jpg\",\"contentUrl\":\"https:\\\/\\\/digidem-bayern.de\\\/wp-content\\\/uploads\\\/2025\\\/03\\\/04-shutterstock_Cannabidol-1458473945.jpg\",\"width\":1000,\"height\":667,\"caption\":\"Foto: Shutterstock\"},{\"@type\":\"BreadcrumbList\",\"@id\":\"https:\\\/\\\/digidem-bayern.de\\\/cannabidol-reiches-oel-bei-neuropsychiatrischen-symptomen\\\/#breadcrumb\",\"itemListElement\":[{\"@type\":\"ListItem\",\"position\":1,\"name\":\"Startseite\",\"item\":\"https:\\\/\\\/digidem-bayern.de\\\/\"},{\"@type\":\"ListItem\",\"position\":2,\"name\":\"Cannabidol-reiches \u00d6l bei neuropsychiatrischen Symptomen\u00a0\"}]},{\"@type\":\"WebSite\",\"@id\":\"\\\/#website\",\"url\":\"\\\/\",\"name\":\"digiDEM Bayern\",\"description\":\"Das digitale Demenzregister Bayern erforscht und verbessert die Angebotsstuktur f\u00fcr Menschen mit Demenz und deren Angeh\u00f6rige\",\"publisher\":{\"@id\":\"\\\/#organization\"},\"potentialAction\":[{\"@type\":\"SearchAction\",\"target\":{\"@type\":\"EntryPoint\",\"urlTemplate\":\"\\\/?s={search_term_string}\"},\"query-input\":{\"@type\":\"PropertyValueSpecification\",\"valueRequired\":true,\"valueName\":\"search_term_string\"}}],\"inLanguage\":\"en-US\"},{\"@type\":\"Organization\",\"@id\":\"\\\/#organization\",\"name\":\"digiDEM Bayern\",\"url\":\"\\\/\",\"logo\":{\"@type\":\"ImageObject\",\"inLanguage\":\"en-US\",\"@id\":\"\\\/#\\\/schema\\\/logo\\\/image\\\/\",\"url\":\"https:\\\/\\\/digidem-bayern.de\\\/wp-content\\\/uploads\\\/2022\\\/03\\\/cropped-Allgemeines_digiDEMLOGO-removebg-preview.png\",\"contentUrl\":\"https:\\\/\\\/digidem-bayern.de\\\/wp-content\\\/uploads\\\/2022\\\/03\\\/cropped-Allgemeines_digiDEMLOGO-removebg-preview.png\",\"width\":612,\"height\":357,\"caption\":\"digiDEM Bayern\"},\"image\":{\"@id\":\"\\\/#\\\/schema\\\/logo\\\/image\\\/\"},\"sameAs\":[\"https:\\\/\\\/www.facebook.com\\\/digiDEMBayern\\\/\",\"https:\\\/\\\/x.com\\\/digidem_bayern\",\"https:\\\/\\\/www.instagram.com\\\/digidem.bayern\",\"https:\\\/\\\/www.linkedin.com\\\/company\\\/digidem-bayern\\\/\"]},{\"@type\":\"Person\",\"@id\":\"\\\/#\\\/schema\\\/person\\\/0bc1494f46fc2a051c761322a80e0941\",\"name\":\"Ilona H\u00f6rath\",\"url\":\"https:\\\/\\\/digidem-bayern.de\\\/en\\\/author\\\/hoeratia\\\/\"}]}<\/script>\n<!-- \/ Yoast SEO plugin. -->","yoast_head_json":{"title":"Cannabidol-reiches \u00d6l bei neuropsychiatrischen Symptomen\u00a0 - digiDEM Bayern","description":"Der Bayerische Landesapothekerkammer unterst\u00fctzt digiDEM Bayern mit Hilfe des Netzwerks \"Demenzfreundliche Apotheken\".","robots":{"index":"index","follow":"follow","max-snippet":"max-snippet:-1","max-image-preview":"max-image-preview:large","max-video-preview":"max-video-preview:-1"},"canonical":"https:\/\/digidem-bayern.de\/en\/cannabidol-reiches-oel-bei-neuropsychiatrischen-symptomen\/","og_locale":"en_US","og_type":"article","og_title":"Cannabidol-reiches \u00d6l bei neuropsychiatrischen Symptomen\u00a0 - digiDEM Bayern","og_description":"Der Bayerische Landesapothekerkammer unterst\u00fctzt digiDEM Bayern mit Hilfe des Netzwerks \"Demenzfreundliche Apotheken\".","og_url":"https:\/\/digidem-bayern.de\/en\/cannabidol-reiches-oel-bei-neuropsychiatrischen-symptomen\/","og_site_name":"digiDEM Bayern","article_publisher":"https:\/\/www.facebook.com\/digiDEMBayern\/","article_published_time":"2025-03-27T11:20:00+00:00","article_modified_time":"2025-05-13T09:01:41+00:00","og_image":[{"width":1000,"height":667,"url":"https:\/\/digidem-bayern.de\/wp-content\/uploads\/2025\/03\/04-shutterstock_Cannabidol-1458473945.jpg","type":"image\/jpeg"}],"author":"Ilona H\u00f6rath","twitter_misc":{"Written by":"Ilona H\u00f6rath","Est. reading time":"2 minutes"},"schema":{"@context":"https:\/\/schema.org","@graph":[{"@type":"Article","@id":"https:\/\/digidem-bayern.de\/cannabidol-reiches-oel-bei-neuropsychiatrischen-symptomen\/#article","isPartOf":{"@id":"https:\/\/digidem-bayern.de\/cannabidol-reiches-oel-bei-neuropsychiatrischen-symptomen\/"},"author":{"name":"Ilona H\u00f6rath","@id":"\/#\/schema\/person\/0bc1494f46fc2a051c761322a80e0941"},"headline":"Cannabidol-reiches \u00d6l bei neuropsychiatrischen Symptomen\u00a0","datePublished":"2025-03-27T11:20:00+00:00","dateModified":"2025-05-13T09:01:41+00:00","mainEntityOfPage":{"@id":"https:\/\/digidem-bayern.de\/cannabidol-reiches-oel-bei-neuropsychiatrischen-symptomen\/"},"wordCount":680,"commentCount":0,"publisher":{"@id":"\/#organization"},"image":{"@id":"https:\/\/digidem-bayern.de\/cannabidol-reiches-oel-bei-neuropsychiatrischen-symptomen\/#primaryimage"},"thumbnailUrl":"https:\/\/digidem-bayern.de\/wp-content\/uploads\/2025\/03\/04-shutterstock_Cannabidol-1458473945.jpg","keywords":["Alzheimer","Alzheimer-Demenz","Angstzust\u00e4nde","Antidepressiva","Antipsychotika","Apathie","Arzneimittel","Cannabidol","Cannabis","Cannabistherapie","CBD-\u00d6l","Demenz","Demenzdiagnose","Demenzerkrankungen","Demenzrisiko","Depression","digidem","digidem Bayern","Digitales Demenzregister Bayern","Enthemmung","Halluzinationen","Hanfpflanze","Medikament","Medikamenteneinnahme","Pflegebelastung","Polypharmazie","Psychopharmaka","Psychopharmaka und Demenz","Tagesdosis"],"articleSection":["Wissenschaft &amp; Forschung"],"inLanguage":"en-US","potentialAction":[{"@type":"CommentAction","name":"Comment","target":["https:\/\/digidem-bayern.de\/cannabidol-reiches-oel-bei-neuropsychiatrischen-symptomen\/#respond"]}]},{"@type":"WebPage","@id":"https:\/\/digidem-bayern.de\/cannabidol-reiches-oel-bei-neuropsychiatrischen-symptomen\/","url":"https:\/\/digidem-bayern.de\/cannabidol-reiches-oel-bei-neuropsychiatrischen-symptomen\/","name":"Cannabidol-reiches \u00d6l bei neuropsychiatrischen Symptomen\u00a0 - digiDEM Bayern","isPartOf":{"@id":"\/#website"},"primaryImageOfPage":{"@id":"https:\/\/digidem-bayern.de\/cannabidol-reiches-oel-bei-neuropsychiatrischen-symptomen\/#primaryimage"},"image":{"@id":"https:\/\/digidem-bayern.de\/cannabidol-reiches-oel-bei-neuropsychiatrischen-symptomen\/#primaryimage"},"thumbnailUrl":"https:\/\/digidem-bayern.de\/wp-content\/uploads\/2025\/03\/04-shutterstock_Cannabidol-1458473945.jpg","datePublished":"2025-03-27T11:20:00+00:00","dateModified":"2025-05-13T09:01:41+00:00","description":"Der Bayerische Landesapothekerkammer unterst\u00fctzt digiDEM Bayern mit Hilfe des Netzwerks \"Demenzfreundliche Apotheken\".","breadcrumb":{"@id":"https:\/\/digidem-bayern.de\/cannabidol-reiches-oel-bei-neuropsychiatrischen-symptomen\/#breadcrumb"},"inLanguage":"en-US","potentialAction":[{"@type":"ReadAction","target":["https:\/\/digidem-bayern.de\/cannabidol-reiches-oel-bei-neuropsychiatrischen-symptomen\/"]}]},{"@type":"ImageObject","inLanguage":"en-US","@id":"https:\/\/digidem-bayern.de\/cannabidol-reiches-oel-bei-neuropsychiatrischen-symptomen\/#primaryimage","url":"https:\/\/digidem-bayern.de\/wp-content\/uploads\/2025\/03\/04-shutterstock_Cannabidol-1458473945.jpg","contentUrl":"https:\/\/digidem-bayern.de\/wp-content\/uploads\/2025\/03\/04-shutterstock_Cannabidol-1458473945.jpg","width":1000,"height":667,"caption":"Foto: Shutterstock"},{"@type":"BreadcrumbList","@id":"https:\/\/digidem-bayern.de\/cannabidol-reiches-oel-bei-neuropsychiatrischen-symptomen\/#breadcrumb","itemListElement":[{"@type":"ListItem","position":1,"name":"Startseite","item":"https:\/\/digidem-bayern.de\/"},{"@type":"ListItem","position":2,"name":"Cannabidol-reiches \u00d6l bei neuropsychiatrischen Symptomen\u00a0"}]},{"@type":"WebSite","@id":"\/#website","url":"\/","name":"digiDEM Bavaria","description":"The digital dementia register in Bavaria researches and improves the structure of services for people with dementia and their relatives","publisher":{"@id":"\/#organization"},"potentialAction":[{"@type":"SearchAction","target":{"@type":"EntryPoint","urlTemplate":"\/?s={search_term_string}"},"query-input":{"@type":"PropertyValueSpecification","valueRequired":true,"valueName":"search_term_string"}}],"inLanguage":"en-US"},{"@type":"Organization","@id":"\/#organization","name":"digiDEM Bavaria","url":"\/","logo":{"@type":"ImageObject","inLanguage":"en-US","@id":"\/#\/schema\/logo\/image\/","url":"https:\/\/digidem-bayern.de\/wp-content\/uploads\/2022\/03\/cropped-Allgemeines_digiDEMLOGO-removebg-preview.png","contentUrl":"https:\/\/digidem-bayern.de\/wp-content\/uploads\/2022\/03\/cropped-Allgemeines_digiDEMLOGO-removebg-preview.png","width":612,"height":357,"caption":"digiDEM Bayern"},"image":{"@id":"\/#\/schema\/logo\/image\/"},"sameAs":["https:\/\/www.facebook.com\/digiDEMBayern\/","https:\/\/x.com\/digidem_bayern","https:\/\/www.instagram.com\/digidem.bayern","https:\/\/www.linkedin.com\/company\/digidem-bayern\/"]},{"@type":"Person","@id":"\/#\/schema\/person\/0bc1494f46fc2a051c761322a80e0941","name":"Ilona H\u00f6rath","url":"https:\/\/digidem-bayern.de\/en\/author\/hoeratia\/"}]}},"uagb_featured_image_src":{"full":["https:\/\/digidem-bayern.de\/wp-content\/uploads\/2025\/03\/04-shutterstock_Cannabidol-1458473945.jpg",1000,667,false],"thumbnail":["https:\/\/digidem-bayern.de\/wp-content\/uploads\/2025\/03\/04-shutterstock_Cannabidol-1458473945-80x80.jpg",80,80,true],"medium":["https:\/\/digidem-bayern.de\/wp-content\/uploads\/2025\/03\/04-shutterstock_Cannabidol-1458473945-300x200.jpg",300,200,true],"medium_large":["https:\/\/digidem-bayern.de\/wp-content\/uploads\/2025\/03\/04-shutterstock_Cannabidol-1458473945-768x512.jpg",768,512,true],"large":["https:\/\/digidem-bayern.de\/wp-content\/uploads\/2025\/03\/04-shutterstock_Cannabidol-1458473945.jpg",1000,667,false],"1536x1536":["https:\/\/digidem-bayern.de\/wp-content\/uploads\/2025\/03\/04-shutterstock_Cannabidol-1458473945.jpg",1000,667,false],"2048x2048":["https:\/\/digidem-bayern.de\/wp-content\/uploads\/2025\/03\/04-shutterstock_Cannabidol-1458473945.jpg",1000,667,false],"trp-custom-language-flag":["https:\/\/digidem-bayern.de\/wp-content\/uploads\/2025\/03\/04-shutterstock_Cannabidol-1458473945.jpg",18,12,false],"qubely_landscape":["https:\/\/digidem-bayern.de\/wp-content\/uploads\/2025\/03\/04-shutterstock_Cannabidol-1458473945.jpg",1000,667,false],"qubely_portrait":["https:\/\/digidem-bayern.de\/wp-content\/uploads\/2025\/03\/04-shutterstock_Cannabidol-1458473945-540x320.jpg",540,320,true],"qubely_thumbnail":["https:\/\/digidem-bayern.de\/wp-content\/uploads\/2025\/03\/04-shutterstock_Cannabidol-1458473945-140x100.jpg",140,100,true],"post-thumbnail":["https:\/\/digidem-bayern.de\/wp-content\/uploads\/2025\/03\/04-shutterstock_Cannabidol-1458473945-525x350.jpg",525,350,true],"kahuna-featured":["https:\/\/digidem-bayern.de\/wp-content\/uploads\/2025\/03\/04-shutterstock_Cannabidol-1458473945-734x350.jpg",734,350,true],"kahuna-featured-lp":["https:\/\/digidem-bayern.de\/wp-content\/uploads\/2025\/03\/04-shutterstock_Cannabidol-1458473945-520x350.jpg",520,350,true],"kahuna-featured-half":["https:\/\/digidem-bayern.de\/wp-content\/uploads\/2025\/03\/04-shutterstock_Cannabidol-1458473945-800x350.jpg",800,350,true],"kahuna-featured-third":["https:\/\/digidem-bayern.de\/wp-content\/uploads\/2025\/03\/04-shutterstock_Cannabidol-1458473945-512x350.jpg",512,350,true],"kahuna-lpbox-1":["https:\/\/digidem-bayern.de\/wp-content\/uploads\/2025\/03\/04-shutterstock_Cannabidol-1458473945-520x300.jpg",520,300,true],"kahuna-lpbox-2":["https:\/\/digidem-bayern.de\/wp-content\/uploads\/2025\/03\/04-shutterstock_Cannabidol-1458473945-520x350.jpg",520,350,true],"demand-language-flag":["https:\/\/digidem-bayern.de\/wp-content\/uploads\/2025\/03\/04-shutterstock_Cannabidol-1458473945-36x36.jpg",36,36,true],"dddkt-language-flag":["https:\/\/digidem-bayern.de\/wp-content\/uploads\/2025\/03\/04-shutterstock_Cannabidol-1458473945-36x36.jpg",36,36,true],"ddiqc-language-flag":["https:\/\/digidem-bayern.de\/wp-content\/uploads\/2025\/03\/04-shutterstock_Cannabidol-1458473945-36x36.jpg",36,36,true],"ddtl-language-flag":["https:\/\/digidem-bayern.de\/wp-content\/uploads\/2025\/03\/04-shutterstock_Cannabidol-1458473945-36x36.jpg",36,36,true],"mailpoet_newsletter_max":["https:\/\/digidem-bayern.de\/wp-content\/uploads\/2025\/03\/04-shutterstock_Cannabidol-1458473945.jpg",1000,667,false],"kahuna-lpbox-3":["https:\/\/digidem-bayern.de\/wp-content\/uploads\/2025\/03\/04-shutterstock_Cannabidol-1458473945-520x350.jpg",520,350,true],"kahuna-featured-square":["https:\/\/digidem-bayern.de\/wp-content\/uploads\/2025\/03\/04-shutterstock_Cannabidol-1458473945-512x512.jpg",512,512,true],"kahuna-featured-square-large":["https:\/\/digidem-bayern.de\/wp-content\/uploads\/2025\/03\/04-shutterstock_Cannabidol-1458473945.jpg",1000,667,false]},"uagb_author_info":{"display_name":"Ilona H\u00f6rath","author_link":"https:\/\/digidem-bayern.de\/en\/author\/hoeratia\/"},"uagb_comment_info":6,"uagb_excerpt":"Wie wirksam ist eine medizinische Cannabistherapie mit Cannabidiol (CBD), dem&nbsp;dem&nbsp;nichtberauschend wirkenden Bestandteil der Hanfpflanze,&nbsp;bei Erwachsenen mit neuropsychiatrischen Symptomen als Folge von Alzheimer-Demenz? Eine Studie aus Kolumbien kam zu dem Schluss, dass CBD-reiches \u00d6l sowohl den Schweregrad der Symptome bei Betroffenen als auch die emotionale und k\u00f6rperliche Pflegebelastung bei Angeh\u00f6rigen reduzieren &hellip;","_links":{"self":[{"href":"https:\/\/digidem-bayern.de\/en\/wp-json\/wp\/v2\/posts\/42505","targetHints":{"allow":["GET"]}}],"collection":[{"href":"https:\/\/digidem-bayern.de\/en\/wp-json\/wp\/v2\/posts"}],"about":[{"href":"https:\/\/digidem-bayern.de\/en\/wp-json\/wp\/v2\/types\/post"}],"author":[{"embeddable":true,"href":"https:\/\/digidem-bayern.de\/en\/wp-json\/wp\/v2\/users\/12"}],"replies":[{"embeddable":true,"href":"https:\/\/digidem-bayern.de\/en\/wp-json\/wp\/v2\/comments?post=42505"}],"version-history":[{"count":2,"href":"https:\/\/digidem-bayern.de\/en\/wp-json\/wp\/v2\/posts\/42505\/revisions"}],"predecessor-version":[{"id":42526,"href":"https:\/\/digidem-bayern.de\/en\/wp-json\/wp\/v2\/posts\/42505\/revisions\/42526"}],"wp:featuredmedia":[{"embeddable":true,"href":"https:\/\/digidem-bayern.de\/en\/wp-json\/wp\/v2\/media\/42517"}],"wp:attachment":[{"href":"https:\/\/digidem-bayern.de\/en\/wp-json\/wp\/v2\/media?parent=42505"}],"wp:term":[{"taxonomy":"category","embeddable":true,"href":"https:\/\/digidem-bayern.de\/en\/wp-json\/wp\/v2\/categories?post=42505"},{"taxonomy":"post_tag","embeddable":true,"href":"https:\/\/digidem-bayern.de\/en\/wp-json\/wp\/v2\/tags?post=42505"}],"curies":[{"name":"wp","href":"https:\/\/api.w.org\/{rel}","templated":true}]}}