{"id":42374,"date":"2025-03-17T14:02:36","date_gmt":"2025-03-17T13:02:36","guid":{"rendered":"https:\/\/digidem-bayern.de\/?p=42374"},"modified":"2025-03-17T16:53:16","modified_gmt":"2025-03-17T15:53:16","slug":"vorausschauende-planung-digital-foerdern","status":"publish","type":"post","link":"https:\/\/digidem-bayern.de\/en\/vorausschauende-planung-digital-foerdern\/","title":{"rendered":"Vorausschauende Planung digital f\u00f6rdern"},"content":{"rendered":"<p>Schreitet der kognitive Abbau bei Menschen mit Demenz fort, kann die \u201eVorausschauende Versorgungsplanung\u201c (Advance Care Planning, ACP) sowohl f\u00fcr den Betroffenen als auch f\u00fcr die pflegenden An- und Zugeh\u00f6rigen eine wertvolle Unterst\u00fctzung sein. Denn ACP hilft dabei, die individuellen Pr\u00e4ferenzen f\u00fcr die zuk\u00fcnftige Behandlung zu erkennen und strukturiert zu dokumentieren. Dar\u00fcber hinaus tr\u00e4gt die vorausschauende Versorgungsplanung dazu bei pflegenden An- und Zugh\u00f6rigen einen besseren Einblick in die Werte und W\u00fcnsche der Menschen mit Demenz zu verschaffen.<\/p>\n\n\n\n<p>Welche Erfahrungen Menschen mit Demenz und ihre pflegenden An- und Zugeh\u00f6rigen mit zwei Online-Angeboten gemacht haben und inwiefern diese Tools \u00fcberhaupt genutzt wurden, haben belgische Forschende untersucht. Die Wissenschaftlerinnen und Wissenschaftler entwickelten eine sogenannte ACP-Support-Website mit zwei speziellen Anwendungen&nbsp;f\u00fcr und mit Menschen mit Demenz und ihren pflegenden An- und Zugeh\u00f6rigen in Flandern, dem niederl\u00e4ndischsprachigen Teil Belgiens. \u201eDie Website soll Menschen mit Demenz und ihre pflegenden Angeh\u00f6rigen bei der Kommunikation und Teilnahme an ACP informieren und unterst\u00fctzen\u201c, so die Forschenden.<\/p>\n\n\n\n<p>Bei \u201eJetzt an sp\u00e4ter denken\u201c handelte es sich um ein&nbsp;Reflexions- und Kommunikationstool mit offenen Fragen zu wichtigen Aspekten wie zum Beispiel \u201eWas ist Ihnen am wichtigsten?\u201c. Auf diese Weise konnten pers\u00f6nliche Werte und Pr\u00e4ferenzen hinsichtlich der gegenw\u00e4rtigen und zuk\u00fcnftigen Pflege umfassend erkundet werden. Das Tool \u201eLebenswunschkarten\u201c hingegen enthielt vorformulierte Aussagen, die zum Nachdenken dar\u00fcber anregen sollten, was f\u00fcr die zuk\u00fcnftige Pflege und Behandlung am Lebensende wichtig ist.<\/p>\n\n\n\n<p>Beide Anwendungen standen den\u00a0Betroffenen acht Wochen lang zur Verf\u00fcgung, damit diese die ACP-Support-Website nach ihren W\u00fcnschen nutzen. Nach Ablauf des Untersuchungszeitraumes wurden mit den Probanden Interviews gef\u00fchrt.\u00a0<\/p>\n\n\n\n<div style=\"height:10px\" aria-hidden=\"true\" class=\"wp-block-spacer\"><\/div>\n\n\n\n<div class=\"wp-block-columns is-layout-flex wp-container-core-columns-is-layout-9d6595d7 wp-block-columns-is-layout-flex\">\n<div class=\"wp-block-column is-layout-flow wp-block-column-is-layout-flow\" style=\"flex-basis:20%\"><\/div>\n\n\n\n<div class=\"wp-block-column is-layout-flow wp-block-column-is-layout-flow\" style=\"flex-basis:60%\">\n<p class=\"has-text-align-center\"><strong>\u201e<strong><strong><strong>Digitale Tools k\u00f6nnen Menschen mit Demenz und ihre pflegenden An- und Zugeh\u00f6rigen in der vorausschauenden Versorgungsplanung unterst\u00fctze<\/strong>n<\/strong>.<\/strong><span style=\"caret-color: rgb(0, 0, 0); color: rgb(0, 0, 0); font-family: -webkit-standard; font-size: medium; font-weight: 400; text-align: start; white-space: normal;\"><\/span>\u201c<\/strong><\/p>\n\n\n\n<p class=\"has-text-align-center\"><strong>Jana R\u00fchl, digiDEM Bayern-Wissenschaftlerin<\/strong><\/p>\n<\/div>\n\n\n\n<div class=\"wp-block-column is-layout-flow wp-block-column-is-layout-flow\" style=\"flex-basis:20%\"><\/div>\n<\/div>\n\n\n\n<div style=\"height:10px\" aria-hidden=\"true\" class=\"wp-block-spacer\"><\/div>\n\n\n\n<p>Von den 52 Teilnehmenden waren 21 an leichter bis mittelschwerer Demenz erkrankt, 31 waren pflegende Angeh\u00f6rige.&nbsp;Die durchschnittliche Sitzungsdauer betrug 14 Minuten. \u201e22 Teilnehmende setzten sich aktiv mit den Tools auseinander, die Mehrheit nutzte sie einmal, sieben wiederholten sie\u201c, schreiben die Forschenden. Sie gelangten zu einer positiven Bilanz. Obwohl&nbsp;weniger als die H\u00e4lfte der Befragten die ACP-Tools nutzte, empfanden diejenigen, die sie nutzten, sie als hilfreich, um die Kommunikation zwischen Menschen mit Demenz und ihren Angeh\u00f6rigen zu erleichtern.\u201c<\/p>\n\n\n\n<p>Die Teilnehmenden berichteten, dass Menschen mit Demenz Schwierigkeiten hatten, die Anwendungen selbstst\u00e4ndig zu nutzen. Deshalb spielten bei der Nutzung der webbasierten Tools pflegende Angeh\u00f6rige eine entscheidende Rolle: Sie erleichterten den teilnehmenden Menschen mit Demenz die Nutzung der Online-Instrumente. Die Menschen mit Demenz nutzen die Website lieber gemeinsam mit pflegenden Angeh\u00f6rigen, \u201eweil sie sich unsicher f\u00fchlten und Angst hatten, etwas falsch zu machen.\u201c<\/p>\n\n\n\n<p>Die pflegenden An- und Zugeh\u00f6rigen stellten au\u00dferdem fest, \u201edass die Tools f\u00fcr ihr Familienmitglied mit Demenz wertvoll waren, da sie ihnen erm\u00f6glichten, Gedanken auszudr\u00fccken, die sie f\u00fcr wichtig hielten, aber nur schwer kommunizieren konnten.\u201c Zudem&nbsp;seien die beiden Webseiten-Angebote \u201eeine gute M\u00f6glichkeit\u201c, Gespr\u00e4che \u00fcber ACP zu beginnen.&nbsp;<\/p>\n\n\n\n<p>Webseitengest\u00fctzte Tools allein reichen nach Ansicht der Forschenden allerdings nicht aus.&nbsp;&nbsp;\u201eWenn Menschen mit Demenz jedoch stark auf die digitalen F\u00e4higkeiten pflegender Angeh\u00f6riger angewiesen sind, kann dies eine zus\u00e4tzliche Belastung f\u00fcr die pflegenden Angeh\u00f6rigen darstellen.\u201c Dies bedeute im Umkehrschluss f\u00fcr Menschen mit Demenz, die keine pflegenden Angeh\u00f6rigen haben, weniger Teilhabe an den Tools. Daher fordern die Wissenschaftlerinnen und Wissenschaftler die Entwicklung von mehr Strategien, die den potenziellen Unterst\u00fctzungsbedarf von Menschen mit Demenz decken und gleichzeitig die pflegenden An-Und Zugeh\u00f6rigen \u201eangemessen unterst\u00fctzen\u201c<\/p>\n\n\n\n<p><strong>Tipp f\u00fcr die Praxis:<\/strong><\/p>\n\n\n\n<p>Beginnen Sie fr\u00fchzeitig, sich mit der Vorausschauenden Versorgungsplanung auseinanderzusetzen. Digitale Angebote k\u00f6nnen dabei eine wertvolle Unterst\u00fctzung sein, um Gespr\u00e4che \u00fcber Ihre W\u00fcnsche und Bed\u00fcrfnisse anzusto\u00dfen und zu strukturieren.<\/p>\n\n\n\n<p><a href=\"https:\/\/bmcpalliatcare.biomedcentral.com\/articles\/10.1186\/s12904-024-01486-4\">Hier gelangen Sie zur Studie.<\/a><\/p>\n\n\n\n<p style=\"font-size:20px\">digiDEM Bayern entwickelt digitale Angebote f\u00fcr Menschen mit kognitiven Einschr\u00e4nkungen und Demenz sowie f\u00fcr pflegende An- und Zugeh\u00f6rige und ehrenamtliche Helfende und stellt die Angebote auf <a href=\"https:\/\/digidem-bayern.de\/en\/digitale-angebote\/\">digiDEM-Bayern.de<\/a> zur Verf\u00fcgung.<\/p>\n\n\n\n<p><strong>Unser Tipp: <\/strong> Der&nbsp;\u201edigiDEM Bayern Pr\u00e4ventionscoach<sup>&nbsp;<\/sup><strong><sup>\u00ae<\/sup><\/strong>\u201c ist unser neues digitales Angebot, das wir Ihnen ans Herz legen m\u00f6chten.&nbsp;Welche Risikofaktoren beg\u00fcnstigen Demenz? Warum stehen Risikofaktoren wie zum Beispiel nachlassendes H\u00f6ren und Sehen, geringe Bildung, Depression, soziale Isolation oder k\u00f6rperliche Inaktivit\u00e4t in Zusammenhang mit der Wahrscheinlichkeit, eine Demenz zu entwickeln? Was k\u00f6nnen Sie pr\u00e4ventiv f\u00fcr Ihre kognitive Gesundheit tun?&nbsp;Mit unserem digitalen Pr\u00e4ventionscoach\u00ae m\u00f6chten wir Sie ermutigen, sich in wenigen Schritten \u00fcber Ihre eigenen Demenzrisikofaktoren zu informieren.&nbsp;Erfahren Sie, wie Sie im Alltag Ihr Gehirn aktiv fit halten und informieren Sie sich \u00fcber die M\u00f6glichkeiten, das Demenzrisiko zu reduzieren.<\/p>\n\n\n\n<p><a href=\"https:\/\/digidem-bayern.de\/en\/praeventionscoach\/\">Hier geht\u2019s zu unserem Online-Angebot&nbsp;\u201edigiDEM Bayern Pr\u00e4ventionscoach<strong><sup>\u00ae<\/sup><\/strong>\u201c.<\/a><\/p>\n\n\n\n<p>Nutzen Sie auch unseren digitalen Fragebogen &#8222;digiDEM Bayern DEMAND\u00ae&#8220; und empfehlen Sie ihn weiter. Er hilft pflegenden An- und Zugeh\u00f6rigen, die eigenen Versorgungsbedarfe zu erkennen, wenn der Pflegebedarf von Menschen mit Demenz steigt.&nbsp;<a href=\"https:\/\/digidem-bayern.de\/en\/digitales-angebot-demand\/\">Hier gelangen Sie zum Fragebogen &#8222;digiDEM Bayern DEMAND\u00ae&#8220;.<\/a><\/p>\n\n\n\n<p><a href=\"https:\/\/digidem-bayern.de\/en\/newsletter-archiv\/\">Hier geht\u2019s zu den bisherigen Ausgaben unseres Newsletters <em>digiDEM Bayern DIGITAL UPDATE.<\/em><\/a><\/p>\n\n\n\n<p><\/p>\n\n\n\n<div style=\"height:20px\" aria-hidden=\"true\" class=\"wp-block-spacer\"><\/div>\n\n\n\n<div style=\"height:20px\" aria-hidden=\"true\" class=\"wp-block-spacer\"><\/div>","protected":false},"excerpt":{"rendered":"<p>Schreitet der kognitive Abbau bei Menschen mit Demenz fort, kann die \u201eVorausschauende Versorgungsplanung\u201c (Advance Care Planning, ACP) sowohl f\u00fcr den Betroffenen als auch f\u00fcr die pflegenden An- und Zugeh\u00f6rigen eine wertvolle Unterst\u00fctzung sein. Denn ACP hilft dabei, die individuellen Pr\u00e4ferenzen f\u00fcr die zuk\u00fcnftige Behandlung zu erkennen und strukturiert zu dokumentieren. &hellip;<\/p>","protected":false},"author":12,"featured_media":42376,"comment_status":"open","ping_status":"closed","sticky":false,"template":"","format":"standard","meta":{"qubely_global_settings":"","qubely_interactions":"","_uag_custom_page_level_css":"","footnotes":""},"categories":[8,5],"tags":[13,406,260,1404,1400,803,12,112,1402,203,177,17,919,918,55,20,1263,689,1401,1122,196,607,1403,1405],"class_list":["post-42374","post","type-post","status-publish","format-standard","has-post-thumbnail","hentry","category-aktuelles-zu-digidem","category-wissenschaft-forschung","tag-alzheimer","tag-alzheimer-demenz","tag-angehoerigenampel","tag-chatbots","tag-chatgpt","tag-demand","tag-demenz-2","tag-demenzdiagnose","tag-demenzinformationen","tag-demenzpraevention","tag-demenzrisiko","tag-digidem-bayern","tag-digidem-bayern-digital-update","tag-digital-update","tag-digitales-demenzregister-bayern","tag-digitalisierung","tag-gesundheitsinformationen","tag-gesundheitssystem","tag-google","tag-kuenstliche-intelligenz","tag-mild-cognitive-impairment","tag-pflegende","tag-sprachmodell","tag-suchmaschine"],"qubely_featured_image_url":{"full":["https:\/\/digidem-bayern.de\/wp-content\/uploads\/2025\/03\/Vorausschauende-Pflegeplanung.png",1080,1080,false],"landscape":["https:\/\/digidem-bayern.de\/wp-content\/uploads\/2025\/03\/Vorausschauende-Pflegeplanung-1080x750.png",1080,750,true],"portraits":["https:\/\/digidem-bayern.de\/wp-content\/uploads\/2025\/03\/Vorausschauende-Pflegeplanung-540x320.png",540,320,true],"thumbnail":["https:\/\/digidem-bayern.de\/wp-content\/uploads\/2025\/03\/Vorausschauende-Pflegeplanung-80x80.png",80,80,true],"medium":["https:\/\/digidem-bayern.de\/wp-content\/uploads\/2025\/03\/Vorausschauende-Pflegeplanung-300x300.png",300,300,true],"medium_large":["https:\/\/digidem-bayern.de\/wp-content\/uploads\/2025\/03\/Vorausschauende-Pflegeplanung-768x768.png",768,768,true],"large":["https:\/\/digidem-bayern.de\/wp-content\/uploads\/2025\/03\/Vorausschauende-Pflegeplanung-1030x1030.png",1030,1030,true],"1536x1536":["https:\/\/digidem-bayern.de\/wp-content\/uploads\/2025\/03\/Vorausschauende-Pflegeplanung.png",1080,1080,false],"2048x2048":["https:\/\/digidem-bayern.de\/wp-content\/uploads\/2025\/03\/Vorausschauende-Pflegeplanung.png",1080,1080,false],"trp-custom-language-flag":["https:\/\/digidem-bayern.de\/wp-content\/uploads\/2025\/03\/Vorausschauende-Pflegeplanung.png",12,12,false],"qubely_landscape":["https:\/\/digidem-bayern.de\/wp-content\/uploads\/2025\/03\/Vorausschauende-Pflegeplanung-1080x750.png",1080,750,true],"qubely_portrait":["https:\/\/digidem-bayern.de\/wp-content\/uploads\/2025\/03\/Vorausschauende-Pflegeplanung-540x320.png",540,320,true],"qubely_thumbnail":["https:\/\/digidem-bayern.de\/wp-content\/uploads\/2025\/03\/Vorausschauende-Pflegeplanung-140x100.png",140,100,true],"post-thumbnail":["https:\/\/digidem-bayern.de\/wp-content\/uploads\/2025\/03\/Vorausschauende-Pflegeplanung-350x350.png",350,350,true],"kahuna-featured":["https:\/\/digidem-bayern.de\/wp-content\/uploads\/2025\/03\/Vorausschauende-Pflegeplanung-734x350.png",734,350,true],"kahuna-featured-lp":["https:\/\/digidem-bayern.de\/wp-content\/uploads\/2025\/03\/Vorausschauende-Pflegeplanung-520x350.png",520,350,true],"kahuna-featured-half":["https:\/\/digidem-bayern.de\/wp-content\/uploads\/2025\/03\/Vorausschauende-Pflegeplanung-800x350.png",800,350,true],"kahuna-featured-third":["https:\/\/digidem-bayern.de\/wp-content\/uploads\/2025\/03\/Vorausschauende-Pflegeplanung-512x350.png",512,350,true],"kahuna-lpbox-1":["https:\/\/digidem-bayern.de\/wp-content\/uploads\/2025\/03\/Vorausschauende-Pflegeplanung-520x300.png",520,300,true],"kahuna-lpbox-2":["https:\/\/digidem-bayern.de\/wp-content\/uploads\/2025\/03\/Vorausschauende-Pflegeplanung-520x350.png",520,350,true],"demand-language-flag":["https:\/\/digidem-bayern.de\/wp-content\/uploads\/2025\/03\/Vorausschauende-Pflegeplanung-36x36.png",36,36,true],"dddkt-language-flag":["https:\/\/digidem-bayern.de\/wp-content\/uploads\/2025\/03\/Vorausschauende-Pflegeplanung-36x36.png",36,36,true],"ddiqc-language-flag":["https:\/\/digidem-bayern.de\/wp-content\/uploads\/2025\/03\/Vorausschauende-Pflegeplanung-36x36.png",36,36,true],"ddtl-language-flag":["https:\/\/digidem-bayern.de\/wp-content\/uploads\/2025\/03\/Vorausschauende-Pflegeplanung-36x36.png",36,36,true],"mailpoet_newsletter_max":["https:\/\/digidem-bayern.de\/wp-content\/uploads\/2025\/03\/Vorausschauende-Pflegeplanung.png",1080,1080,false],"kahuna-lpbox-3":["https:\/\/digidem-bayern.de\/wp-content\/uploads\/2025\/03\/Vorausschauende-Pflegeplanung-520x350.png",520,350,true],"kahuna-featured-square":["https:\/\/digidem-bayern.de\/wp-content\/uploads\/2025\/03\/Vorausschauende-Pflegeplanung-512x512.png",512,512,true],"kahuna-featured-square-large":["https:\/\/digidem-bayern.de\/wp-content\/uploads\/2025\/03\/Vorausschauende-Pflegeplanung-1024x1024.png",1024,1024,true]},"qubely_author":{"display_name":"Ilona H\u00f6rath","author_link":"https:\/\/digidem-bayern.de\/en\/author\/hoeratia\/"},"qubely_comment":0,"qubely_category":"<a href=\"https:\/\/digidem-bayern.de\/en\/category\/aktuelles-zu-digidem\/\" rel=\"category tag\">Aktuelles zu digiDEM<\/a> <a href=\"https:\/\/digidem-bayern.de\/en\/category\/wissenschaft-forschung\/\" rel=\"category tag\">Wissenschaft &amp; Forschung<\/a>","qubely_excerpt":"Schreitet der kognitive Abbau bei Menschen mit Demenz fort, kann die \u201eVorausschauende Versorgungsplanung\u201c (Advance Care Planning, ACP) sowohl f\u00fcr den Betroffenen als auch f\u00fcr die pflegenden An- und Zugeh\u00f6rigen eine wertvolle Unterst\u00fctzung sein. Denn ACP hilft dabei, die individuellen Pr\u00e4ferenzen f\u00fcr die zuk\u00fcnftige Behandlung zu erkennen und strukturiert zu dokumentieren. &hellip;","featured_image_urls_v2":{"full":["https:\/\/digidem-bayern.de\/wp-content\/uploads\/2025\/03\/Vorausschauende-Pflegeplanung.png",1080,1080,false],"thumbnail":["https:\/\/digidem-bayern.de\/wp-content\/uploads\/2025\/03\/Vorausschauende-Pflegeplanung-80x80.png",80,80,true],"medium":["https:\/\/digidem-bayern.de\/wp-content\/uploads\/2025\/03\/Vorausschauende-Pflegeplanung-300x300.png",300,300,true],"medium_large":["https:\/\/digidem-bayern.de\/wp-content\/uploads\/2025\/03\/Vorausschauende-Pflegeplanung-768x768.png",768,768,true],"large":["https:\/\/digidem-bayern.de\/wp-content\/uploads\/2025\/03\/Vorausschauende-Pflegeplanung-1030x1030.png",1030,1030,true],"1536x1536":["https:\/\/digidem-bayern.de\/wp-content\/uploads\/2025\/03\/Vorausschauende-Pflegeplanung.png",1080,1080,false],"2048x2048":["https:\/\/digidem-bayern.de\/wp-content\/uploads\/2025\/03\/Vorausschauende-Pflegeplanung.png",1080,1080,false],"trp-custom-language-flag":["https:\/\/digidem-bayern.de\/wp-content\/uploads\/2025\/03\/Vorausschauende-Pflegeplanung.png",12,12,false],"qubely_landscape":["https:\/\/digidem-bayern.de\/wp-content\/uploads\/2025\/03\/Vorausschauende-Pflegeplanung-1080x750.png",1080,750,true],"qubely_portrait":["https:\/\/digidem-bayern.de\/wp-content\/uploads\/2025\/03\/Vorausschauende-Pflegeplanung-540x320.png",540,320,true],"qubely_thumbnail":["https:\/\/digidem-bayern.de\/wp-content\/uploads\/2025\/03\/Vorausschauende-Pflegeplanung-140x100.png",140,100,true],"post-thumbnail":["https:\/\/digidem-bayern.de\/wp-content\/uploads\/2025\/03\/Vorausschauende-Pflegeplanung-350x350.png",350,350,true],"kahuna-featured":["https:\/\/digidem-bayern.de\/wp-content\/uploads\/2025\/03\/Vorausschauende-Pflegeplanung-734x350.png",734,350,true],"kahuna-featured-lp":["https:\/\/digidem-bayern.de\/wp-content\/uploads\/2025\/03\/Vorausschauende-Pflegeplanung-520x350.png",520,350,true],"kahuna-featured-half":["https:\/\/digidem-bayern.de\/wp-content\/uploads\/2025\/03\/Vorausschauende-Pflegeplanung-800x350.png",800,350,true],"kahuna-featured-third":["https:\/\/digidem-bayern.de\/wp-content\/uploads\/2025\/03\/Vorausschauende-Pflegeplanung-512x350.png",512,350,true],"kahuna-lpbox-1":["https:\/\/digidem-bayern.de\/wp-content\/uploads\/2025\/03\/Vorausschauende-Pflegeplanung-520x300.png",520,300,true],"kahuna-lpbox-2":["https:\/\/digidem-bayern.de\/wp-content\/uploads\/2025\/03\/Vorausschauende-Pflegeplanung-520x350.png",520,350,true],"demand-language-flag":["https:\/\/digidem-bayern.de\/wp-content\/uploads\/2025\/03\/Vorausschauende-Pflegeplanung-36x36.png",36,36,true],"dddkt-language-flag":["https:\/\/digidem-bayern.de\/wp-content\/uploads\/2025\/03\/Vorausschauende-Pflegeplanung-36x36.png",36,36,true],"ddiqc-language-flag":["https:\/\/digidem-bayern.de\/wp-content\/uploads\/2025\/03\/Vorausschauende-Pflegeplanung-36x36.png",36,36,true],"ddtl-language-flag":["https:\/\/digidem-bayern.de\/wp-content\/uploads\/2025\/03\/Vorausschauende-Pflegeplanung-36x36.png",36,36,true],"mailpoet_newsletter_max":["https:\/\/digidem-bayern.de\/wp-content\/uploads\/2025\/03\/Vorausschauende-Pflegeplanung.png",1080,1080,false],"kahuna-lpbox-3":["https:\/\/digidem-bayern.de\/wp-content\/uploads\/2025\/03\/Vorausschauende-Pflegeplanung-520x350.png",520,350,true],"kahuna-featured-square":["https:\/\/digidem-bayern.de\/wp-content\/uploads\/2025\/03\/Vorausschauende-Pflegeplanung-512x512.png",512,512,true],"kahuna-featured-square-large":["https:\/\/digidem-bayern.de\/wp-content\/uploads\/2025\/03\/Vorausschauende-Pflegeplanung-1024x1024.png",1024,1024,true]},"post_excerpt_stackable_v2":"<p>Schreitet der kognitive Abbau bei Menschen mit Demenz fort, kann die \u201eVorausschauende Versorgungsplanung\u201c (Advance Care Planning, ACP) sowohl f\u00fcr den Betroffenen als auch f\u00fcr die pflegenden An- und Zugeh\u00f6rigen eine wertvolle Unterst\u00fctzung sein. Denn ACP hilft dabei, die individuellen Pr\u00e4ferenzen f\u00fcr die zuk\u00fcnftige Behandlung zu erkennen und strukturiert zu dokumentieren. Dar\u00fcber hinaus tr\u00e4gt die vorausschauende Versorgungsplanung dazu bei pflegenden An- und Zugh\u00f6rigen einen besseren Einblick in die Werte und W\u00fcnsche der Menschen mit Demenz zu verschaffen. Welche Erfahrungen Menschen mit Demenz und ihre pflegenden An- und Zugeh\u00f6rigen mit zwei Online-Angeboten gemacht haben und inwiefern diese Tools \u00fcberhaupt genutzt wurden, haben&hellip;<\/p>\n","category_list_v2":"<a href=\"https:\/\/digidem-bayern.de\/en\/category\/aktuelles-zu-digidem\/\" rel=\"category tag\">Aktuelles zu digiDEM<\/a>, <a href=\"https:\/\/digidem-bayern.de\/en\/category\/wissenschaft-forschung\/\" rel=\"category tag\">Wissenschaft &amp; Forschung<\/a>","author_info_v2":{"name":"Ilona H\u00f6rath","url":"https:\/\/digidem-bayern.de\/en\/author\/hoeratia\/"},"comments_num_v2":"0 comments","yoast_head":"<!-- This site is optimized with the Yoast SEO plugin v27.4 - https:\/\/yoast.com\/product\/yoast-seo-wordpress\/ -->\n<title>Vorausschauende Planung digital f\u00f6rdern - digiDEM Bayern<\/title>\n<meta name=\"description\" content=\"Der Bayerische Landesapothekerkammer unterst\u00fctzt digiDEM Bayern mit Hilfe des Netzwerks &quot;Demenzfreundliche Apotheken&quot;.\" \/>\n<meta name=\"robots\" content=\"index, follow, max-snippet:-1, max-image-preview:large, max-video-preview:-1\" \/>\n<link rel=\"canonical\" href=\"https:\/\/digidem-bayern.de\/en\/vorausschauende-planung-digital-foerdern\/\" \/>\n<meta property=\"og:locale\" content=\"en_US\" \/>\n<meta property=\"og:type\" content=\"article\" \/>\n<meta property=\"og:title\" content=\"Vorausschauende Planung digital f\u00f6rdern - digiDEM Bayern\" \/>\n<meta property=\"og:description\" content=\"Der Bayerische Landesapothekerkammer unterst\u00fctzt digiDEM Bayern mit Hilfe des Netzwerks &quot;Demenzfreundliche Apotheken&quot;.\" \/>\n<meta property=\"og:url\" content=\"https:\/\/digidem-bayern.de\/en\/vorausschauende-planung-digital-foerdern\/\" \/>\n<meta property=\"og:site_name\" content=\"digiDEM Bayern\" \/>\n<meta property=\"article:publisher\" content=\"https:\/\/www.facebook.com\/digiDEMBayern\/\" \/>\n<meta property=\"article:published_time\" content=\"2025-03-17T13:02:36+00:00\" \/>\n<meta property=\"article:modified_time\" content=\"2025-03-17T15:53:16+00:00\" \/>\n<meta property=\"og:image\" content=\"https:\/\/digidem-bayern.de\/wp-content\/uploads\/2025\/03\/Vorausschauende-Pflegeplanung.png\" \/>\n\t<meta property=\"og:image:width\" content=\"1080\" \/>\n\t<meta property=\"og:image:height\" content=\"1080\" \/>\n\t<meta property=\"og:image:type\" content=\"image\/png\" \/>\n<meta name=\"author\" content=\"Ilona H\u00f6rath\" \/>\n<meta name=\"twitter:label1\" content=\"Written by\" \/>\n\t<meta name=\"twitter:data1\" content=\"Ilona H\u00f6rath\" \/>\n\t<meta name=\"twitter:label2\" content=\"Est. reading time\" \/>\n\t<meta name=\"twitter:data2\" content=\"2 minutes\" \/>\n<script type=\"application\/ld+json\" class=\"yoast-schema-graph\">{\"@context\":\"https:\\\/\\\/schema.org\",\"@graph\":[{\"@type\":\"Article\",\"@id\":\"https:\\\/\\\/digidem-bayern.de\\\/vorausschauende-planung-digital-foerdern\\\/#article\",\"isPartOf\":{\"@id\":\"https:\\\/\\\/digidem-bayern.de\\\/vorausschauende-planung-digital-foerdern\\\/\"},\"author\":{\"name\":\"Ilona H\u00f6rath\",\"@id\":\"\\\/#\\\/schema\\\/person\\\/0bc1494f46fc2a051c761322a80e0941\"},\"headline\":\"Vorausschauende Planung digital f\u00f6rdern\",\"datePublished\":\"2025-03-17T13:02:36+00:00\",\"dateModified\":\"2025-03-17T15:53:16+00:00\",\"mainEntityOfPage\":{\"@id\":\"https:\\\/\\\/digidem-bayern.de\\\/vorausschauende-planung-digital-foerdern\\\/\"},\"wordCount\":869,\"commentCount\":0,\"publisher\":{\"@id\":\"\\\/#organization\"},\"image\":{\"@id\":\"https:\\\/\\\/digidem-bayern.de\\\/vorausschauende-planung-digital-foerdern\\\/#primaryimage\"},\"thumbnailUrl\":\"https:\\\/\\\/digidem-bayern.de\\\/wp-content\\\/uploads\\\/2025\\\/03\\\/Vorausschauende-Pflegeplanung.png\",\"keywords\":[\"Alzheimer\",\"Alzheimer-Demenz\",\"Angeh\u00f6rigenampel\",\"Chatbots\",\"ChatGPT\",\"Demand\",\"Demenz\",\"Demenzdiagnose\",\"Demenzinformationen\",\"Demenzpr\u00e4vention\",\"Demenzrisiko\",\"digidem Bayern\",\"digiDEM Bayern DIGITAL UPDATE\",\"DIGITAL UPDATE\",\"Digitales Demenzregister Bayern\",\"Digitalisierung\",\"Gesundheitsinformationen\",\"Gesundheitssystem\",\"Google\",\"K\u00fcnstliche Intelligenz\",\"mild cognitive impairment\",\"Pflegende\",\"Sprachmodell\",\"Suchmaschine\"],\"articleSection\":[\"Aktuelles zu digiDEM\",\"Wissenschaft &amp; Forschung\"],\"inLanguage\":\"en-US\",\"potentialAction\":[{\"@type\":\"CommentAction\",\"name\":\"Comment\",\"target\":[\"https:\\\/\\\/digidem-bayern.de\\\/vorausschauende-planung-digital-foerdern\\\/#respond\"]}]},{\"@type\":\"WebPage\",\"@id\":\"https:\\\/\\\/digidem-bayern.de\\\/vorausschauende-planung-digital-foerdern\\\/\",\"url\":\"https:\\\/\\\/digidem-bayern.de\\\/vorausschauende-planung-digital-foerdern\\\/\",\"name\":\"Vorausschauende Planung digital f\u00f6rdern - digiDEM Bayern\",\"isPartOf\":{\"@id\":\"\\\/#website\"},\"primaryImageOfPage\":{\"@id\":\"https:\\\/\\\/digidem-bayern.de\\\/vorausschauende-planung-digital-foerdern\\\/#primaryimage\"},\"image\":{\"@id\":\"https:\\\/\\\/digidem-bayern.de\\\/vorausschauende-planung-digital-foerdern\\\/#primaryimage\"},\"thumbnailUrl\":\"https:\\\/\\\/digidem-bayern.de\\\/wp-content\\\/uploads\\\/2025\\\/03\\\/Vorausschauende-Pflegeplanung.png\",\"datePublished\":\"2025-03-17T13:02:36+00:00\",\"dateModified\":\"2025-03-17T15:53:16+00:00\",\"description\":\"Der Bayerische Landesapothekerkammer unterst\u00fctzt digiDEM Bayern mit Hilfe des Netzwerks \\\"Demenzfreundliche Apotheken\\\".\",\"breadcrumb\":{\"@id\":\"https:\\\/\\\/digidem-bayern.de\\\/vorausschauende-planung-digital-foerdern\\\/#breadcrumb\"},\"inLanguage\":\"en-US\",\"potentialAction\":[{\"@type\":\"ReadAction\",\"target\":[\"https:\\\/\\\/digidem-bayern.de\\\/vorausschauende-planung-digital-foerdern\\\/\"]}]},{\"@type\":\"ImageObject\",\"inLanguage\":\"en-US\",\"@id\":\"https:\\\/\\\/digidem-bayern.de\\\/vorausschauende-planung-digital-foerdern\\\/#primaryimage\",\"url\":\"https:\\\/\\\/digidem-bayern.de\\\/wp-content\\\/uploads\\\/2025\\\/03\\\/Vorausschauende-Pflegeplanung.png\",\"contentUrl\":\"https:\\\/\\\/digidem-bayern.de\\\/wp-content\\\/uploads\\\/2025\\\/03\\\/Vorausschauende-Pflegeplanung.png\",\"width\":1080,\"height\":1080,\"caption\":\"Schreitet der kognitive Abbau bei Menschen mit Demenz fort, kann die \u201eVorausschauende Versorgungsplanung\u201c (Advance Care Planning, ACP) sowohl f\u00fcr den Betroffenen als auch f\u00fcr die pflegenden An- und Zugeh\u00f6rigen eine wertvolle Unterst\u00fctzung sein.\"},{\"@type\":\"BreadcrumbList\",\"@id\":\"https:\\\/\\\/digidem-bayern.de\\\/vorausschauende-planung-digital-foerdern\\\/#breadcrumb\",\"itemListElement\":[{\"@type\":\"ListItem\",\"position\":1,\"name\":\"Startseite\",\"item\":\"https:\\\/\\\/digidem-bayern.de\\\/\"},{\"@type\":\"ListItem\",\"position\":2,\"name\":\"Vorausschauende Planung digital f\u00f6rdern\"}]},{\"@type\":\"WebSite\",\"@id\":\"\\\/#website\",\"url\":\"\\\/\",\"name\":\"digiDEM Bayern\",\"description\":\"Das digitale Demenzregister Bayern erforscht und verbessert die Angebotsstuktur f\u00fcr Menschen mit Demenz und deren Angeh\u00f6rige\",\"publisher\":{\"@id\":\"\\\/#organization\"},\"potentialAction\":[{\"@type\":\"SearchAction\",\"target\":{\"@type\":\"EntryPoint\",\"urlTemplate\":\"\\\/?s={search_term_string}\"},\"query-input\":{\"@type\":\"PropertyValueSpecification\",\"valueRequired\":true,\"valueName\":\"search_term_string\"}}],\"inLanguage\":\"en-US\"},{\"@type\":\"Organization\",\"@id\":\"\\\/#organization\",\"name\":\"digiDEM Bayern\",\"url\":\"\\\/\",\"logo\":{\"@type\":\"ImageObject\",\"inLanguage\":\"en-US\",\"@id\":\"\\\/#\\\/schema\\\/logo\\\/image\\\/\",\"url\":\"https:\\\/\\\/digidem-bayern.de\\\/wp-content\\\/uploads\\\/2022\\\/03\\\/cropped-Allgemeines_digiDEMLOGO-removebg-preview.png\",\"contentUrl\":\"https:\\\/\\\/digidem-bayern.de\\\/wp-content\\\/uploads\\\/2022\\\/03\\\/cropped-Allgemeines_digiDEMLOGO-removebg-preview.png\",\"width\":612,\"height\":357,\"caption\":\"digiDEM Bayern\"},\"image\":{\"@id\":\"\\\/#\\\/schema\\\/logo\\\/image\\\/\"},\"sameAs\":[\"https:\\\/\\\/www.facebook.com\\\/digiDEMBayern\\\/\",\"https:\\\/\\\/x.com\\\/digidem_bayern\",\"https:\\\/\\\/www.instagram.com\\\/digidem.bayern\",\"https:\\\/\\\/www.linkedin.com\\\/company\\\/digidem-bayern\\\/\"]},{\"@type\":\"Person\",\"@id\":\"\\\/#\\\/schema\\\/person\\\/0bc1494f46fc2a051c761322a80e0941\",\"name\":\"Ilona H\u00f6rath\",\"url\":\"https:\\\/\\\/digidem-bayern.de\\\/en\\\/author\\\/hoeratia\\\/\"}]}<\/script>\n<!-- \/ Yoast SEO plugin. -->","yoast_head_json":{"title":"Vorausschauende Planung digital f\u00f6rdern - digiDEM Bayern","description":"Der Bayerische Landesapothekerkammer unterst\u00fctzt digiDEM Bayern mit Hilfe des Netzwerks \"Demenzfreundliche Apotheken\".","robots":{"index":"index","follow":"follow","max-snippet":"max-snippet:-1","max-image-preview":"max-image-preview:large","max-video-preview":"max-video-preview:-1"},"canonical":"https:\/\/digidem-bayern.de\/en\/vorausschauende-planung-digital-foerdern\/","og_locale":"en_US","og_type":"article","og_title":"Vorausschauende Planung digital f\u00f6rdern - digiDEM Bayern","og_description":"Der Bayerische Landesapothekerkammer unterst\u00fctzt digiDEM Bayern mit Hilfe des Netzwerks \"Demenzfreundliche Apotheken\".","og_url":"https:\/\/digidem-bayern.de\/en\/vorausschauende-planung-digital-foerdern\/","og_site_name":"digiDEM Bayern","article_publisher":"https:\/\/www.facebook.com\/digiDEMBayern\/","article_published_time":"2025-03-17T13:02:36+00:00","article_modified_time":"2025-03-17T15:53:16+00:00","og_image":[{"width":1080,"height":1080,"url":"https:\/\/digidem-bayern.de\/wp-content\/uploads\/2025\/03\/Vorausschauende-Pflegeplanung.png","type":"image\/png"}],"author":"Ilona H\u00f6rath","twitter_misc":{"Written by":"Ilona H\u00f6rath","Est. reading time":"2 minutes"},"schema":{"@context":"https:\/\/schema.org","@graph":[{"@type":"Article","@id":"https:\/\/digidem-bayern.de\/vorausschauende-planung-digital-foerdern\/#article","isPartOf":{"@id":"https:\/\/digidem-bayern.de\/vorausschauende-planung-digital-foerdern\/"},"author":{"name":"Ilona H\u00f6rath","@id":"\/#\/schema\/person\/0bc1494f46fc2a051c761322a80e0941"},"headline":"Vorausschauende Planung digital f\u00f6rdern","datePublished":"2025-03-17T13:02:36+00:00","dateModified":"2025-03-17T15:53:16+00:00","mainEntityOfPage":{"@id":"https:\/\/digidem-bayern.de\/vorausschauende-planung-digital-foerdern\/"},"wordCount":869,"commentCount":0,"publisher":{"@id":"\/#organization"},"image":{"@id":"https:\/\/digidem-bayern.de\/vorausschauende-planung-digital-foerdern\/#primaryimage"},"thumbnailUrl":"https:\/\/digidem-bayern.de\/wp-content\/uploads\/2025\/03\/Vorausschauende-Pflegeplanung.png","keywords":["Alzheimer","Alzheimer-Demenz","Angeh\u00f6rigenampel","Chatbots","ChatGPT","Demand","Demenz","Demenzdiagnose","Demenzinformationen","Demenzpr\u00e4vention","Demenzrisiko","digidem Bayern","digiDEM Bayern DIGITAL UPDATE","DIGITAL UPDATE","Digitales Demenzregister Bayern","Digitalisierung","Gesundheitsinformationen","Gesundheitssystem","Google","K\u00fcnstliche Intelligenz","mild cognitive impairment","Pflegende","Sprachmodell","Suchmaschine"],"articleSection":["Aktuelles zu digiDEM","Wissenschaft &amp; Forschung"],"inLanguage":"en-US","potentialAction":[{"@type":"CommentAction","name":"Comment","target":["https:\/\/digidem-bayern.de\/vorausschauende-planung-digital-foerdern\/#respond"]}]},{"@type":"WebPage","@id":"https:\/\/digidem-bayern.de\/vorausschauende-planung-digital-foerdern\/","url":"https:\/\/digidem-bayern.de\/vorausschauende-planung-digital-foerdern\/","name":"Vorausschauende Planung digital f\u00f6rdern - digiDEM Bayern","isPartOf":{"@id":"\/#website"},"primaryImageOfPage":{"@id":"https:\/\/digidem-bayern.de\/vorausschauende-planung-digital-foerdern\/#primaryimage"},"image":{"@id":"https:\/\/digidem-bayern.de\/vorausschauende-planung-digital-foerdern\/#primaryimage"},"thumbnailUrl":"https:\/\/digidem-bayern.de\/wp-content\/uploads\/2025\/03\/Vorausschauende-Pflegeplanung.png","datePublished":"2025-03-17T13:02:36+00:00","dateModified":"2025-03-17T15:53:16+00:00","description":"Der Bayerische Landesapothekerkammer unterst\u00fctzt digiDEM Bayern mit Hilfe des Netzwerks \"Demenzfreundliche Apotheken\".","breadcrumb":{"@id":"https:\/\/digidem-bayern.de\/vorausschauende-planung-digital-foerdern\/#breadcrumb"},"inLanguage":"en-US","potentialAction":[{"@type":"ReadAction","target":["https:\/\/digidem-bayern.de\/vorausschauende-planung-digital-foerdern\/"]}]},{"@type":"ImageObject","inLanguage":"en-US","@id":"https:\/\/digidem-bayern.de\/vorausschauende-planung-digital-foerdern\/#primaryimage","url":"https:\/\/digidem-bayern.de\/wp-content\/uploads\/2025\/03\/Vorausschauende-Pflegeplanung.png","contentUrl":"https:\/\/digidem-bayern.de\/wp-content\/uploads\/2025\/03\/Vorausschauende-Pflegeplanung.png","width":1080,"height":1080,"caption":"Schreitet der kognitive Abbau bei Menschen mit Demenz fort, kann die \u201eVorausschauende Versorgungsplanung\u201c (Advance Care Planning, ACP) sowohl f\u00fcr den Betroffenen als auch f\u00fcr die pflegenden An- und Zugeh\u00f6rigen eine wertvolle Unterst\u00fctzung sein."},{"@type":"BreadcrumbList","@id":"https:\/\/digidem-bayern.de\/vorausschauende-planung-digital-foerdern\/#breadcrumb","itemListElement":[{"@type":"ListItem","position":1,"name":"Startseite","item":"https:\/\/digidem-bayern.de\/"},{"@type":"ListItem","position":2,"name":"Vorausschauende Planung digital f\u00f6rdern"}]},{"@type":"WebSite","@id":"\/#website","url":"\/","name":"digiDEM Bavaria","description":"The digital dementia register in Bavaria researches and improves the structure of services for people with dementia and their relatives","publisher":{"@id":"\/#organization"},"potentialAction":[{"@type":"SearchAction","target":{"@type":"EntryPoint","urlTemplate":"\/?s={search_term_string}"},"query-input":{"@type":"PropertyValueSpecification","valueRequired":true,"valueName":"search_term_string"}}],"inLanguage":"en-US"},{"@type":"Organization","@id":"\/#organization","name":"digiDEM Bavaria","url":"\/","logo":{"@type":"ImageObject","inLanguage":"en-US","@id":"\/#\/schema\/logo\/image\/","url":"https:\/\/digidem-bayern.de\/wp-content\/uploads\/2022\/03\/cropped-Allgemeines_digiDEMLOGO-removebg-preview.png","contentUrl":"https:\/\/digidem-bayern.de\/wp-content\/uploads\/2022\/03\/cropped-Allgemeines_digiDEMLOGO-removebg-preview.png","width":612,"height":357,"caption":"digiDEM Bayern"},"image":{"@id":"\/#\/schema\/logo\/image\/"},"sameAs":["https:\/\/www.facebook.com\/digiDEMBayern\/","https:\/\/x.com\/digidem_bayern","https:\/\/www.instagram.com\/digidem.bayern","https:\/\/www.linkedin.com\/company\/digidem-bayern\/"]},{"@type":"Person","@id":"\/#\/schema\/person\/0bc1494f46fc2a051c761322a80e0941","name":"Ilona H\u00f6rath","url":"https:\/\/digidem-bayern.de\/en\/author\/hoeratia\/"}]}},"uagb_featured_image_src":{"full":["https:\/\/digidem-bayern.de\/wp-content\/uploads\/2025\/03\/Vorausschauende-Pflegeplanung.png",1080,1080,false],"thumbnail":["https:\/\/digidem-bayern.de\/wp-content\/uploads\/2025\/03\/Vorausschauende-Pflegeplanung-80x80.png",80,80,true],"medium":["https:\/\/digidem-bayern.de\/wp-content\/uploads\/2025\/03\/Vorausschauende-Pflegeplanung-300x300.png",300,300,true],"medium_large":["https:\/\/digidem-bayern.de\/wp-content\/uploads\/2025\/03\/Vorausschauende-Pflegeplanung-768x768.png",768,768,true],"large":["https:\/\/digidem-bayern.de\/wp-content\/uploads\/2025\/03\/Vorausschauende-Pflegeplanung-1030x1030.png",1030,1030,true],"1536x1536":["https:\/\/digidem-bayern.de\/wp-content\/uploads\/2025\/03\/Vorausschauende-Pflegeplanung.png",1080,1080,false],"2048x2048":["https:\/\/digidem-bayern.de\/wp-content\/uploads\/2025\/03\/Vorausschauende-Pflegeplanung.png",1080,1080,false],"trp-custom-language-flag":["https:\/\/digidem-bayern.de\/wp-content\/uploads\/2025\/03\/Vorausschauende-Pflegeplanung.png",12,12,false],"qubely_landscape":["https:\/\/digidem-bayern.de\/wp-content\/uploads\/2025\/03\/Vorausschauende-Pflegeplanung-1080x750.png",1080,750,true],"qubely_portrait":["https:\/\/digidem-bayern.de\/wp-content\/uploads\/2025\/03\/Vorausschauende-Pflegeplanung-540x320.png",540,320,true],"qubely_thumbnail":["https:\/\/digidem-bayern.de\/wp-content\/uploads\/2025\/03\/Vorausschauende-Pflegeplanung-140x100.png",140,100,true],"post-thumbnail":["https:\/\/digidem-bayern.de\/wp-content\/uploads\/2025\/03\/Vorausschauende-Pflegeplanung-350x350.png",350,350,true],"kahuna-featured":["https:\/\/digidem-bayern.de\/wp-content\/uploads\/2025\/03\/Vorausschauende-Pflegeplanung-734x350.png",734,350,true],"kahuna-featured-lp":["https:\/\/digidem-bayern.de\/wp-content\/uploads\/2025\/03\/Vorausschauende-Pflegeplanung-520x350.png",520,350,true],"kahuna-featured-half":["https:\/\/digidem-bayern.de\/wp-content\/uploads\/2025\/03\/Vorausschauende-Pflegeplanung-800x350.png",800,350,true],"kahuna-featured-third":["https:\/\/digidem-bayern.de\/wp-content\/uploads\/2025\/03\/Vorausschauende-Pflegeplanung-512x350.png",512,350,true],"kahuna-lpbox-1":["https:\/\/digidem-bayern.de\/wp-content\/uploads\/2025\/03\/Vorausschauende-Pflegeplanung-520x300.png",520,300,true],"kahuna-lpbox-2":["https:\/\/digidem-bayern.de\/wp-content\/uploads\/2025\/03\/Vorausschauende-Pflegeplanung-520x350.png",520,350,true],"demand-language-flag":["https:\/\/digidem-bayern.de\/wp-content\/uploads\/2025\/03\/Vorausschauende-Pflegeplanung-36x36.png",36,36,true],"dddkt-language-flag":["https:\/\/digidem-bayern.de\/wp-content\/uploads\/2025\/03\/Vorausschauende-Pflegeplanung-36x36.png",36,36,true],"ddiqc-language-flag":["https:\/\/digidem-bayern.de\/wp-content\/uploads\/2025\/03\/Vorausschauende-Pflegeplanung-36x36.png",36,36,true],"ddtl-language-flag":["https:\/\/digidem-bayern.de\/wp-content\/uploads\/2025\/03\/Vorausschauende-Pflegeplanung-36x36.png",36,36,true],"mailpoet_newsletter_max":["https:\/\/digidem-bayern.de\/wp-content\/uploads\/2025\/03\/Vorausschauende-Pflegeplanung.png",1080,1080,false],"kahuna-lpbox-3":["https:\/\/digidem-bayern.de\/wp-content\/uploads\/2025\/03\/Vorausschauende-Pflegeplanung-520x350.png",520,350,true],"kahuna-featured-square":["https:\/\/digidem-bayern.de\/wp-content\/uploads\/2025\/03\/Vorausschauende-Pflegeplanung-512x512.png",512,512,true],"kahuna-featured-square-large":["https:\/\/digidem-bayern.de\/wp-content\/uploads\/2025\/03\/Vorausschauende-Pflegeplanung-1024x1024.png",1024,1024,true]},"uagb_author_info":{"display_name":"Ilona H\u00f6rath","author_link":"https:\/\/digidem-bayern.de\/en\/author\/hoeratia\/"},"uagb_comment_info":0,"uagb_excerpt":"Schreitet der kognitive Abbau bei Menschen mit Demenz fort, kann die \u201eVorausschauende Versorgungsplanung\u201c (Advance Care Planning, ACP) sowohl f\u00fcr den Betroffenen als auch f\u00fcr die pflegenden An- und Zugeh\u00f6rigen eine wertvolle Unterst\u00fctzung sein. Denn ACP hilft dabei, die individuellen Pr\u00e4ferenzen f\u00fcr die zuk\u00fcnftige Behandlung zu erkennen und strukturiert zu dokumentieren. &hellip;","_links":{"self":[{"href":"https:\/\/digidem-bayern.de\/en\/wp-json\/wp\/v2\/posts\/42374","targetHints":{"allow":["GET"]}}],"collection":[{"href":"https:\/\/digidem-bayern.de\/en\/wp-json\/wp\/v2\/posts"}],"about":[{"href":"https:\/\/digidem-bayern.de\/en\/wp-json\/wp\/v2\/types\/post"}],"author":[{"embeddable":true,"href":"https:\/\/digidem-bayern.de\/en\/wp-json\/wp\/v2\/users\/12"}],"replies":[{"embeddable":true,"href":"https:\/\/digidem-bayern.de\/en\/wp-json\/wp\/v2\/comments?post=42374"}],"version-history":[{"count":2,"href":"https:\/\/digidem-bayern.de\/en\/wp-json\/wp\/v2\/posts\/42374\/revisions"}],"predecessor-version":[{"id":42377,"href":"https:\/\/digidem-bayern.de\/en\/wp-json\/wp\/v2\/posts\/42374\/revisions\/42377"}],"wp:featuredmedia":[{"embeddable":true,"href":"https:\/\/digidem-bayern.de\/en\/wp-json\/wp\/v2\/media\/42376"}],"wp:attachment":[{"href":"https:\/\/digidem-bayern.de\/en\/wp-json\/wp\/v2\/media?parent=42374"}],"wp:term":[{"taxonomy":"category","embeddable":true,"href":"https:\/\/digidem-bayern.de\/en\/wp-json\/wp\/v2\/categories?post=42374"},{"taxonomy":"post_tag","embeddable":true,"href":"https:\/\/digidem-bayern.de\/en\/wp-json\/wp\/v2\/tags?post=42374"}],"curies":[{"name":"wp","href":"https:\/\/api.w.org\/{rel}","templated":true}]}}