{"id":42168,"date":"2025-03-05T09:22:53","date_gmt":"2025-03-05T08:22:53","guid":{"rendered":"https:\/\/digidem-bayern.de\/?p=42168"},"modified":"2025-03-05T14:40:58","modified_gmt":"2025-03-05T13:40:58","slug":"mit-dem-digitalen-praeventionscoach-das-demenzrisiko-senken","status":"publish","type":"post","link":"https:\/\/digidem-bayern.de\/en\/mit-dem-digitalen-praeventionscoach-das-demenzrisiko-senken\/","title":{"rendered":"Mit dem digitalen Pr\u00e4ventionscoach\u00a0das Demenzrisiko\u00a0senken"},"content":{"rendered":"<p><strong><strong><strong><strong><strong><strong><strong><strong><strong><strong><strong>Mit dem \u201edigiDEM Bayern Pr\u00e4ventionscoach<strong><strong><sup>\u00ae<\/sup><\/strong><\/strong>\u201c stellt das Digitale Demenzregister Bayern (digiDEM Bayern) ein Online-Angebot zur Reduzierung des pers\u00f6nlichen Demenzrisikos vor. Der &#8222;digiDEM Bayern Pr\u00e4ventionscoach<strong><strong><sup>\u00ae<\/sup><\/strong><\/strong>&#8220; ist ein innovativer digitaler Wegweiser f\u00fcr einen gesunden Lebensstil und kann dazu beitragen, das Risiko einer Demenzerkrankung zu senken. Neben zahlreichen wissenschaftlich abgesicherten Informationen rund um Demenzrisikofaktoren steht der Pr\u00e4ventionscoach mit Rat und Tat zur Seite, wenn es um die eigene Gesundheit geht. Tipps zur Demenzpr\u00e4vention und ein kurzweiliges Wissensquiz runden das kostenfreie Angebot ab.&nbsp;Das Ziel von digiDEM Bayern ist es, die&nbsp;Lebensqualit\u00e4t&nbsp;von Menschen mit Demenz und ihren pflegenden An- und Zugeh\u00f6rigen&nbsp;im h\u00e4uslichen Umfeld zu verbessern. Gef\u00f6rdert wird digiDEM Bayern vom Bayerischen Staatsministerium f\u00fcr Gesundheit, Pflege und Pr\u00e4vention (StMGP).<\/strong><\/strong><\/strong><\/strong><\/strong><\/strong><\/strong><\/strong><\/strong><\/strong><\/strong><span style=\"caret-color: rgb(0, 0, 0); color: rgb(0, 0, 0); font-family: -webkit-standard; font-size: medium; white-space: normal;\"><\/span><span style=\"caret-color: rgb(0, 0, 0); color: rgb(0, 0, 0); font-family: -webkit-standard; font-size: medium; white-space: normal;\"><\/span><\/p>\n\n\n\n<p>Warum eigentlich ist Diabetes Mellitus ein Risikofaktor f\u00fcr Demenz? Die Antwort darauf h\u00e4lt der digitale Pr\u00e4ventionscoach in allgemeinverst\u00e4ndlicher Sprache bereit. So kann die Stoffwechselerkrankung zu Sch\u00e4den an Blutgef\u00e4\u00dfen f\u00fchren, was wiederum Sch\u00e4digungen des Gehirns hervorrufen kann. Die Folge: Das Risiko, eine Demenz zu entwickeln, steigt.<\/p>\n\n\n<div class=\"wp-block-image\">\n<figure class=\"alignright size-full is-resized\"><img loading=\"lazy\" decoding=\"async\" width=\"1000\" height=\"667\" src=\"https:\/\/digidem-bayern.de\/wp-content\/uploads\/2025\/02\/Kachelbild-Praeventionscoach_shutterstock_2369707217.jpg\" alt=\"Neben zahlreichen wissenschaftlich abgesicherten Informationen rund um Demenzrisikofaktoren steht der Pr\u00e4ventionscoach mit Rat und Tat zur Seite, wenn es um die eigene Gesundheit geht.\" class=\"wp-image-41940\" style=\"width:383px;height:auto\" srcset=\"https:\/\/digidem-bayern.de\/wp-content\/uploads\/2025\/02\/Kachelbild-Praeventionscoach_shutterstock_2369707217.jpg 1000w, https:\/\/digidem-bayern.de\/wp-content\/uploads\/2025\/02\/Kachelbild-Praeventionscoach_shutterstock_2369707217-300x200.jpg 300w, https:\/\/digidem-bayern.de\/wp-content\/uploads\/2025\/02\/Kachelbild-Praeventionscoach_shutterstock_2369707217-768x512.jpg 768w, https:\/\/digidem-bayern.de\/wp-content\/uploads\/2025\/02\/Kachelbild-Praeventionscoach_shutterstock_2369707217-525x350.jpg 525w\" sizes=\"auto, (max-width: 1000px) 100vw, 1000px\" \/><figcaption class=\"wp-element-caption\">Foto: Shutterstock<\/figcaption><\/figure>\n<\/div>\n\n\n<p><strong>14 Risikofaktoren<\/strong><\/p>\n\n\n\n<p>Der Pr\u00e4ventionscoach umfasst insgesamt 14 Risikofaktoren: niedriges Bildungsniveau, H\u00f6rverlust, Bluthochdruck, Rauchen, Adipositas, Depression, Bewegungsmangel, Diabetes Mellitus, \u00fcberm\u00e4\u00dfiger Alkoholkonsum, Hirnverletzungen, Luftverschmutzung, soziale Isolation,\u00a0hoher LDL-Cholesterin-Wert sowie Sehverlust. Untersucht und zusammengefasst wurden die Risikofaktoren von\u00a0der wissenschaftlich anerkannten\u00a0<strong><em>Lancet Commission on dementia prevention, intervention, and care<\/em>.<\/strong> Die internationale Fachkommission von Demenzexperten hat diese neu \u00fcberarbeitete Liste im Juli 2024 vorgestellt.\u00a0<\/p>\n\n\n\n<p><strong>Demenzrisiken sind beeinflussbar<\/strong><\/p>\n\n\n\n<p>\u201eDie 14 Faktoren werden mit 45 Prozent aller Demenzerkrankungen in Verbindung gebracht\u201c, erl\u00e4utert&nbsp;Prof. Dr. med. Peter Kolominsky-Rabas. Der Neurologe ist einer der Projektleiter von digiDEM Bayern. \u201eWer die Risikofaktoren f\u00fcr Demenz kennt und wei\u00df, wie sie sich beeinflussen lassen, kann selbst aktiv dazu beitragen,&nbsp;das Risiko einer Demenzerkrankung zu senken.\u201c So gilt zum Beispiel auch ein hoher LDL-Cholesterin-Spiegel als Risikofaktor. \u201eDas Demenzrisiko l\u00e4sst sich um sieben Prozent reduzieren, wenn man durch eine gesunde Ern\u00e4hrung den Cholesterin-Spiegel senkt\u201c, sagt&nbsp;Prof. Dr. med. Peter Kolominsky-Rabas.<\/p>\n\n\n<div class=\"wp-block-image\">\n<figure class=\"alignright size-large is-resized\"><img loading=\"lazy\" decoding=\"async\" width=\"682\" height=\"1030\" src=\"https:\/\/digidem-bayern.de\/wp-content\/uploads\/2025\/02\/RF-2024_4-1-682x1030.png\" alt=\"Der digiDEM Bayern-Pr\u00e4ventionscoach ist ein innovativer digitaler Wegweiser f\u00fcr einen gesunden Lebensstil und kann dazu beitragen, das Risiko einer Demenzerkrankung zu senken.\" class=\"wp-image-41702\" style=\"width:401px;height:auto\" srcset=\"https:\/\/digidem-bayern.de\/wp-content\/uploads\/2025\/02\/RF-2024_4-1-682x1030.png 682w, https:\/\/digidem-bayern.de\/wp-content\/uploads\/2025\/02\/RF-2024_4-1-199x300.png 199w, https:\/\/digidem-bayern.de\/wp-content\/uploads\/2025\/02\/RF-2024_4-1-768x1160.png 768w, https:\/\/digidem-bayern.de\/wp-content\/uploads\/2025\/02\/RF-2024_4-1-1017x1536.png 1017w, https:\/\/digidem-bayern.de\/wp-content\/uploads\/2025\/02\/RF-2024_4-1-1356x2048.png 1356w, https:\/\/digidem-bayern.de\/wp-content\/uploads\/2025\/02\/RF-2024_4-1-232x350.png 232w, https:\/\/digidem-bayern.de\/wp-content\/uploads\/2025\/02\/RF-2024_4-1-1320x1993.png 1320w, https:\/\/digidem-bayern.de\/wp-content\/uploads\/2025\/02\/RF-2024_4-1.png 1059w\" sizes=\"auto, (max-width: 682px) 100vw, 682px\" \/><figcaption class=\"wp-element-caption\">Grafik: digiDEM Bayern\/nach Livingston et al. 2024<\/figcaption><\/figure>\n<\/div>\n\n\n<p><strong>Orientierung f\u00fcr jede Lebensphase&nbsp;<\/strong><\/p>\n\n\n\n<p>Zu besseren Orientierung sind die Risikofaktoren anschaulich in die Form eines Lebenszyklus eingeordnet. Denn in der fr\u00fchen, der mittleren und der sp\u00e4ten Lebensphase des Menschen kommen unterschiedliche Risikofaktoren zum Tragen. So ist zum Beispiel der H\u00f6rverlust im<em>&nbsp;mittleren Lebensalter<\/em>&nbsp;der gr\u00f6\u00dfte Risikofaktor f\u00fcr die Entstehung einer Demenz. Rauchen oder soziale Isolation erh\u00f6hen dagegen in der&nbsp;<em>sp\u00e4ten Lebensphase<\/em>&nbsp;die Wahrscheinlichkeit einer Demenzerkrankung.<\/p>\n\n\n\n<p><strong>Praktische Tipps f\u00fcr den Alltag<\/strong><\/p>\n\n\n\n<p>Bei jedem Risikofaktor informiert der &#8222;digitale&#8220;digiDEM Bayern Pr\u00e4ventionscoach<strong><strong><strong><strong><strong><strong><strong><strong><strong><strong><strong><strong><strong><sup>\u00ae<\/sup><\/strong><\/strong><\/strong><\/strong><\/strong><\/strong><\/strong><\/strong><\/strong><\/strong><\/strong><\/strong><\/strong>&#8220; kurz und kompakt \u00fcber dessen Ursache und \u00fcber die Zusammenh\u00e4nge bei der Entstehung einer Demenz. Dar\u00fcber hinaus h\u00e4lt das neue digiDEM Bayern-Angebot zahlreiche Tipps bereit, was jeder pers\u00f6nlich tun kann, um sein Demenzrisiken zu reduzieren. \u201eMit wenig Aufwand l\u00e4sst sich f\u00fcr die eigene geistige Gesundheit viel erreichen\u201c, wei\u00df&nbsp;Prof. Dr. med. Peter Kolominsky-Rabas.<\/p>\n\n\n\n<p><strong>Kurzweiliges Wissensquiz<\/strong><\/p>\n\n\n\n<p>Den Pr\u00e4ventionscoach rundet ein kurzweiliges Wissensquiz mit je drei Fragen und Antwortm\u00f6glichkeiten zu jedem Risikofaktor ab. \u201eNeu erworbenes Demenz-Wissen zu \u00fcberpr\u00fcfen ist ein wichtiger Baustein, um die eigene Gesundheitskompetenz zu st\u00e4rken und fr\u00fchzeitig f\u00fcr die Erkrankung sensibilisiert zu sein\u201c, betont&nbsp;Prof. Dr. med. Peter Kolominsky-Rabas.<\/p>\n\n\n\n<p>Der &#8222;digiDEM Bayern Pr\u00e4ventionscoach<strong><strong><strong><strong><strong><strong><strong><strong><strong><strong><strong><strong><strong><sup>\u00ae<\/sup><\/strong><\/strong><\/strong><\/strong><\/strong><\/strong><\/strong><\/strong><\/strong><\/strong><\/strong><\/strong><\/strong>&#8220; steht ab sofort hier\u00a0<a href=\"https:\/\/digidem-bayern.de\/en\/praeventionscoach\/\">https:\/\/digidem-bayern.de\/praeventionscoach\/<\/a>\u00a0zur Verf\u00fcgung.<span style=\"caret-color: rgb(0, 0, 0); color: rgb(0, 0, 0); font-family: -webkit-standard; font-size: medium; white-space: normal;\"><\/span><\/p>\n\n\n\n<p><a href=\"https:\/\/www.thelancet.com\/journals\/lancet\/article\/PIIS0140-6736(24)01296-0\/abstract\">Hier geht&#8217;s zur Zusammenfassung der Studie.<\/a><\/p>\n\n\n\n<p>Livingston G, Huntley J, Liu KY, Costafreda SG, Selb\u00e6k G, Alladi S, Ames D, Banerjee S, Burns A, Brayne C, Fox NC, Ferri CP, Gitlin LN, Howard R, Kales HC, Kivim\u00e4ki M, Larson EB, Nakasujja N, Rockwood K, Samus Q, Shirai K, Singh-Manoux A, Schneider LS, Walsh S, Yao Y, Sommerlad A, Mukadam N. Dementia prevention, intervention, and care: 2024 report of the Lancet standing Commission.&nbsp;Lancet. 2024 Aug 10;404(10452):572-628. doi: 10.1016\/S0140-6736(24)01296-0. Epub 2024 Jul 31. PMID: 39096926.<\/p>\n\n\n\n<p><strong>Weitere Informationen<\/strong> \u00fcber&nbsp;Pr\u00e4ventionsm\u00f6glichkeiten und Ma\u00dfnahmen zur individuellen Resilienzf\u00f6rderung gibt es im Mitschnitt des digiDEM Bayern Science Watch LIVE-Webinars \u201eDemenzpr\u00e4vention und Resilienzf\u00f6rderung\u201c (Stand: September 2023), <a href=\"https:\/\/digidem-bayern.de\/en\/demenzpraevention-und-resilienzfoerderung\/\">das in der digiDEM Bayern-Mediathek hier zu finden ist<\/a>.<\/p>\n\n\n\n<p><\/p>\n\n\n\n<p><\/p>\n\n\n\n<p><\/p>\n\n\n\n<p><\/p>\n\n\n\n<div style=\"height:20px\" aria-hidden=\"true\" class=\"wp-block-spacer\"><\/div>\n\n\n\n<div style=\"height:20px\" aria-hidden=\"true\" class=\"wp-block-spacer\"><\/div>\n\n\n\n<p><\/p>","protected":false},"excerpt":{"rendered":"<p>Mit dem \u201edigiDEM Bayern Pr\u00e4ventionscoach\u00ae\u201c stellt das Digitale Demenzregister Bayern (digiDEM Bayern) ein Online-Angebot zur Reduzierung des pers\u00f6nlichen Demenzrisikos vor. Der &#8222;digiDEM Bayern Pr\u00e4ventionscoach\u00ae&#8220; ist ein innovativer digitaler Wegweiser f\u00fcr einen gesunden Lebensstil und kann dazu beitragen, das Risiko einer Demenzerkrankung zu senken. Neben zahlreichen wissenschaftlich abgesicherten Informationen rund um &hellip;<\/p>","protected":false},"author":12,"featured_media":41940,"comment_status":"open","ping_status":"closed","sticky":false,"template":"","format":"standard","meta":{"qubely_global_settings":"","qubely_interactions":"","_uag_custom_page_level_css":"","footnotes":""},"categories":[8,443,5],"tags":[13,406,624,1154,1466,12,1465,112,1433,203,177,474,541,1428,14,17,55,1468,1467,97,1463,104,1464],"class_list":["post-42168","post","type-post","status-publish","format-standard","has-post-thumbnail","hentry","category-aktuelles-zu-digidem","category-pressemitteilungen","category-wissenschaft-forschung","tag-alzheimer","tag-alzheimer-demenz","tag-bewegungsmangel","tag-bluthochdruck","tag-cholesterinwert","tag-demenz-2","tag-demenz-risikofaktoren","tag-demenzdiagnose","tag-demenzerkrankungen","tag-demenzpraevention","tag-demenzrisiko","tag-demenzwissen","tag-depression","tag-diabetes-mellitus","tag-digidem","tag-digidem-bayern","tag-digitales-demenzregister-bayern","tag-geistige-gesundheit","tag-lebenszyklus","tag-luftverschmutzung","tag-praeventionscoach","tag-risikofaktoren","tag-wissensquiz"],"qubely_featured_image_url":{"full":["https:\/\/digidem-bayern.de\/wp-content\/uploads\/2025\/02\/Kachelbild-Praeventionscoach_shutterstock_2369707217.jpg",1000,667,false],"landscape":["https:\/\/digidem-bayern.de\/wp-content\/uploads\/2025\/02\/Kachelbild-Praeventionscoach_shutterstock_2369707217.jpg",1000,667,false],"portraits":["https:\/\/digidem-bayern.de\/wp-content\/uploads\/2025\/02\/Kachelbild-Praeventionscoach_shutterstock_2369707217-540x320.jpg",540,320,true],"thumbnail":["https:\/\/digidem-bayern.de\/wp-content\/uploads\/2025\/02\/Kachelbild-Praeventionscoach_shutterstock_2369707217-80x80.jpg",80,80,true],"medium":["https:\/\/digidem-bayern.de\/wp-content\/uploads\/2025\/02\/Kachelbild-Praeventionscoach_shutterstock_2369707217-300x200.jpg",300,200,true],"medium_large":["https:\/\/digidem-bayern.de\/wp-content\/uploads\/2025\/02\/Kachelbild-Praeventionscoach_shutterstock_2369707217-768x512.jpg",768,512,true],"large":["https:\/\/digidem-bayern.de\/wp-content\/uploads\/2025\/02\/Kachelbild-Praeventionscoach_shutterstock_2369707217.jpg",1000,667,false],"1536x1536":["https:\/\/digidem-bayern.de\/wp-content\/uploads\/2025\/02\/Kachelbild-Praeventionscoach_shutterstock_2369707217.jpg",1000,667,false],"2048x2048":["https:\/\/digidem-bayern.de\/wp-content\/uploads\/2025\/02\/Kachelbild-Praeventionscoach_shutterstock_2369707217.jpg",1000,667,false],"trp-custom-language-flag":["https:\/\/digidem-bayern.de\/wp-content\/uploads\/2025\/02\/Kachelbild-Praeventionscoach_shutterstock_2369707217.jpg",18,12,false],"qubely_landscape":["https:\/\/digidem-bayern.de\/wp-content\/uploads\/2025\/02\/Kachelbild-Praeventionscoach_shutterstock_2369707217.jpg",1000,667,false],"qubely_portrait":["https:\/\/digidem-bayern.de\/wp-content\/uploads\/2025\/02\/Kachelbild-Praeventionscoach_shutterstock_2369707217-540x320.jpg",540,320,true],"qubely_thumbnail":["https:\/\/digidem-bayern.de\/wp-content\/uploads\/2025\/02\/Kachelbild-Praeventionscoach_shutterstock_2369707217-140x100.jpg",140,100,true],"post-thumbnail":["https:\/\/digidem-bayern.de\/wp-content\/uploads\/2025\/02\/Kachelbild-Praeventionscoach_shutterstock_2369707217-525x350.jpg",525,350,true],"kahuna-featured":["https:\/\/digidem-bayern.de\/wp-content\/uploads\/2025\/02\/Kachelbild-Praeventionscoach_shutterstock_2369707217-734x350.jpg",734,350,true],"kahuna-featured-lp":["https:\/\/digidem-bayern.de\/wp-content\/uploads\/2025\/02\/Kachelbild-Praeventionscoach_shutterstock_2369707217-520x350.jpg",520,350,true],"kahuna-featured-half":["https:\/\/digidem-bayern.de\/wp-content\/uploads\/2025\/02\/Kachelbild-Praeventionscoach_shutterstock_2369707217-800x350.jpg",800,350,true],"kahuna-featured-third":["https:\/\/digidem-bayern.de\/wp-content\/uploads\/2025\/02\/Kachelbild-Praeventionscoach_shutterstock_2369707217-512x350.jpg",512,350,true],"kahuna-lpbox-1":["https:\/\/digidem-bayern.de\/wp-content\/uploads\/2025\/02\/Kachelbild-Praeventionscoach_shutterstock_2369707217-520x300.jpg",520,300,true],"kahuna-lpbox-2":["https:\/\/digidem-bayern.de\/wp-content\/uploads\/2025\/02\/Kachelbild-Praeventionscoach_shutterstock_2369707217-520x350.jpg",520,350,true],"demand-language-flag":["https:\/\/digidem-bayern.de\/wp-content\/uploads\/2025\/02\/Kachelbild-Praeventionscoach_shutterstock_2369707217-36x36.jpg",36,36,true],"dddkt-language-flag":["https:\/\/digidem-bayern.de\/wp-content\/uploads\/2025\/02\/Kachelbild-Praeventionscoach_shutterstock_2369707217-36x36.jpg",36,36,true],"ddiqc-language-flag":["https:\/\/digidem-bayern.de\/wp-content\/uploads\/2025\/02\/Kachelbild-Praeventionscoach_shutterstock_2369707217-36x36.jpg",36,36,true],"ddtl-language-flag":["https:\/\/digidem-bayern.de\/wp-content\/uploads\/2025\/02\/Kachelbild-Praeventionscoach_shutterstock_2369707217-36x36.jpg",36,36,true],"mailpoet_newsletter_max":["https:\/\/digidem-bayern.de\/wp-content\/uploads\/2025\/02\/Kachelbild-Praeventionscoach_shutterstock_2369707217.jpg",1000,667,false],"kahuna-lpbox-3":["https:\/\/digidem-bayern.de\/wp-content\/uploads\/2025\/02\/Kachelbild-Praeventionscoach_shutterstock_2369707217-520x350.jpg",520,350,true],"kahuna-featured-square":["https:\/\/digidem-bayern.de\/wp-content\/uploads\/2025\/02\/Kachelbild-Praeventionscoach_shutterstock_2369707217-512x512.jpg",512,512,true],"kahuna-featured-square-large":["https:\/\/digidem-bayern.de\/wp-content\/uploads\/2025\/02\/Kachelbild-Praeventionscoach_shutterstock_2369707217.jpg",1000,667,false]},"qubely_author":{"display_name":"Ilona H\u00f6rath","author_link":"https:\/\/digidem-bayern.de\/en\/author\/hoeratia\/"},"qubely_comment":0,"qubely_category":"<a href=\"https:\/\/digidem-bayern.de\/en\/category\/aktuelles-zu-digidem\/\" rel=\"category tag\">Aktuelles zu digiDEM<\/a> <a href=\"https:\/\/digidem-bayern.de\/en\/category\/pressemitteilungen\/\" rel=\"category tag\">Pressemitteilungen<\/a> <a href=\"https:\/\/digidem-bayern.de\/en\/category\/wissenschaft-forschung\/\" rel=\"category tag\">Wissenschaft &amp; Forschung<\/a>","qubely_excerpt":"Mit dem \u201edigiDEM Bayern Pr\u00e4ventionscoach\u00ae\u201c stellt das Digitale Demenzregister Bayern (digiDEM Bayern) ein Online-Angebot zur Reduzierung des pers\u00f6nlichen Demenzrisikos vor. Der &#8222;digiDEM Bayern Pr\u00e4ventionscoach\u00ae&#8220; ist ein innovativer digitaler Wegweiser f\u00fcr einen gesunden Lebensstil und kann dazu beitragen, das Risiko einer Demenzerkrankung zu senken. Neben zahlreichen wissenschaftlich abgesicherten Informationen rund um &hellip;","featured_image_urls_v2":{"full":["https:\/\/digidem-bayern.de\/wp-content\/uploads\/2025\/02\/Kachelbild-Praeventionscoach_shutterstock_2369707217.jpg",1000,667,false],"thumbnail":["https:\/\/digidem-bayern.de\/wp-content\/uploads\/2025\/02\/Kachelbild-Praeventionscoach_shutterstock_2369707217-80x80.jpg",80,80,true],"medium":["https:\/\/digidem-bayern.de\/wp-content\/uploads\/2025\/02\/Kachelbild-Praeventionscoach_shutterstock_2369707217-300x200.jpg",300,200,true],"medium_large":["https:\/\/digidem-bayern.de\/wp-content\/uploads\/2025\/02\/Kachelbild-Praeventionscoach_shutterstock_2369707217-768x512.jpg",768,512,true],"large":["https:\/\/digidem-bayern.de\/wp-content\/uploads\/2025\/02\/Kachelbild-Praeventionscoach_shutterstock_2369707217.jpg",1000,667,false],"1536x1536":["https:\/\/digidem-bayern.de\/wp-content\/uploads\/2025\/02\/Kachelbild-Praeventionscoach_shutterstock_2369707217.jpg",1000,667,false],"2048x2048":["https:\/\/digidem-bayern.de\/wp-content\/uploads\/2025\/02\/Kachelbild-Praeventionscoach_shutterstock_2369707217.jpg",1000,667,false],"trp-custom-language-flag":["https:\/\/digidem-bayern.de\/wp-content\/uploads\/2025\/02\/Kachelbild-Praeventionscoach_shutterstock_2369707217.jpg",18,12,false],"qubely_landscape":["https:\/\/digidem-bayern.de\/wp-content\/uploads\/2025\/02\/Kachelbild-Praeventionscoach_shutterstock_2369707217.jpg",1000,667,false],"qubely_portrait":["https:\/\/digidem-bayern.de\/wp-content\/uploads\/2025\/02\/Kachelbild-Praeventionscoach_shutterstock_2369707217-540x320.jpg",540,320,true],"qubely_thumbnail":["https:\/\/digidem-bayern.de\/wp-content\/uploads\/2025\/02\/Kachelbild-Praeventionscoach_shutterstock_2369707217-140x100.jpg",140,100,true],"post-thumbnail":["https:\/\/digidem-bayern.de\/wp-content\/uploads\/2025\/02\/Kachelbild-Praeventionscoach_shutterstock_2369707217-525x350.jpg",525,350,true],"kahuna-featured":["https:\/\/digidem-bayern.de\/wp-content\/uploads\/2025\/02\/Kachelbild-Praeventionscoach_shutterstock_2369707217-734x350.jpg",734,350,true],"kahuna-featured-lp":["https:\/\/digidem-bayern.de\/wp-content\/uploads\/2025\/02\/Kachelbild-Praeventionscoach_shutterstock_2369707217-520x350.jpg",520,350,true],"kahuna-featured-half":["https:\/\/digidem-bayern.de\/wp-content\/uploads\/2025\/02\/Kachelbild-Praeventionscoach_shutterstock_2369707217-800x350.jpg",800,350,true],"kahuna-featured-third":["https:\/\/digidem-bayern.de\/wp-content\/uploads\/2025\/02\/Kachelbild-Praeventionscoach_shutterstock_2369707217-512x350.jpg",512,350,true],"kahuna-lpbox-1":["https:\/\/digidem-bayern.de\/wp-content\/uploads\/2025\/02\/Kachelbild-Praeventionscoach_shutterstock_2369707217-520x300.jpg",520,300,true],"kahuna-lpbox-2":["https:\/\/digidem-bayern.de\/wp-content\/uploads\/2025\/02\/Kachelbild-Praeventionscoach_shutterstock_2369707217-520x350.jpg",520,350,true],"demand-language-flag":["https:\/\/digidem-bayern.de\/wp-content\/uploads\/2025\/02\/Kachelbild-Praeventionscoach_shutterstock_2369707217-36x36.jpg",36,36,true],"dddkt-language-flag":["https:\/\/digidem-bayern.de\/wp-content\/uploads\/2025\/02\/Kachelbild-Praeventionscoach_shutterstock_2369707217-36x36.jpg",36,36,true],"ddiqc-language-flag":["https:\/\/digidem-bayern.de\/wp-content\/uploads\/2025\/02\/Kachelbild-Praeventionscoach_shutterstock_2369707217-36x36.jpg",36,36,true],"ddtl-language-flag":["https:\/\/digidem-bayern.de\/wp-content\/uploads\/2025\/02\/Kachelbild-Praeventionscoach_shutterstock_2369707217-36x36.jpg",36,36,true],"mailpoet_newsletter_max":["https:\/\/digidem-bayern.de\/wp-content\/uploads\/2025\/02\/Kachelbild-Praeventionscoach_shutterstock_2369707217.jpg",1000,667,false],"kahuna-lpbox-3":["https:\/\/digidem-bayern.de\/wp-content\/uploads\/2025\/02\/Kachelbild-Praeventionscoach_shutterstock_2369707217-520x350.jpg",520,350,true],"kahuna-featured-square":["https:\/\/digidem-bayern.de\/wp-content\/uploads\/2025\/02\/Kachelbild-Praeventionscoach_shutterstock_2369707217-512x512.jpg",512,512,true],"kahuna-featured-square-large":["https:\/\/digidem-bayern.de\/wp-content\/uploads\/2025\/02\/Kachelbild-Praeventionscoach_shutterstock_2369707217.jpg",1000,667,false]},"post_excerpt_stackable_v2":"<p>Mit dem \u201edigiDEM Bayern Pr\u00e4ventionscoach\u00ae\u201c stellt das Digitale Demenzregister Bayern (digiDEM Bayern) ein Online-Angebot zur Reduzierung des pers\u00f6nlichen Demenzrisikos vor. Der &#8222;digiDEM Bayern Pr\u00e4ventionscoach\u00ae&#8220; ist ein innovativer digitaler Wegweiser f\u00fcr einen gesunden Lebensstil und kann dazu beitragen, das Risiko einer Demenzerkrankung zu senken. Neben zahlreichen wissenschaftlich abgesicherten Informationen rund um Demenzrisikofaktoren steht der Pr\u00e4ventionscoach mit Rat und Tat zur Seite, wenn es um die eigene Gesundheit geht. Tipps zur Demenzpr\u00e4vention und ein kurzweiliges Wissensquiz runden das kostenfreie Angebot ab.&nbsp;Das Ziel von digiDEM Bayern ist es, die&nbsp;Lebensqualit\u00e4t&nbsp;von Menschen mit Demenz und ihren pflegenden An- und Zugeh\u00f6rigen&nbsp;im h\u00e4uslichen Umfeld zu verbessern. Gef\u00f6rdert&hellip;<\/p>\n","category_list_v2":"<a href=\"https:\/\/digidem-bayern.de\/en\/category\/aktuelles-zu-digidem\/\" rel=\"category tag\">Aktuelles zu digiDEM<\/a>, <a href=\"https:\/\/digidem-bayern.de\/en\/category\/pressemitteilungen\/\" rel=\"category tag\">Pressemitteilungen<\/a>, <a href=\"https:\/\/digidem-bayern.de\/en\/category\/wissenschaft-forschung\/\" rel=\"category tag\">Wissenschaft &amp; Forschung<\/a>","author_info_v2":{"name":"Ilona H\u00f6rath","url":"https:\/\/digidem-bayern.de\/en\/author\/hoeratia\/"},"comments_num_v2":"0 comments","yoast_head":"<!-- This site is optimized with the Yoast SEO plugin v27.4 - https:\/\/yoast.com\/product\/yoast-seo-wordpress\/ -->\n<title>Mit dem digitalen Pr\u00e4ventionscoach\u00a0das Demenzrisiko\u00a0senken - digiDEM Bayern<\/title>\n<meta name=\"description\" content=\"Der Bayerische Landesapothekerkammer unterst\u00fctzt digiDEM Bayern mit Hilfe des Netzwerks &quot;Demenzfreundliche Apotheken&quot;.\" \/>\n<meta name=\"robots\" content=\"index, follow, max-snippet:-1, max-image-preview:large, max-video-preview:-1\" \/>\n<link rel=\"canonical\" href=\"https:\/\/digidem-bayern.de\/en\/mit-dem-digitalen-praeventionscoach-das-demenzrisiko-senken\/\" \/>\n<meta property=\"og:locale\" content=\"en_US\" \/>\n<meta property=\"og:type\" content=\"article\" \/>\n<meta property=\"og:title\" content=\"Mit dem digitalen Pr\u00e4ventionscoach\u00a0das Demenzrisiko\u00a0senken - digiDEM Bayern\" \/>\n<meta property=\"og:description\" content=\"Der Bayerische Landesapothekerkammer unterst\u00fctzt digiDEM Bayern mit Hilfe des Netzwerks &quot;Demenzfreundliche Apotheken&quot;.\" \/>\n<meta property=\"og:url\" content=\"https:\/\/digidem-bayern.de\/en\/mit-dem-digitalen-praeventionscoach-das-demenzrisiko-senken\/\" \/>\n<meta property=\"og:site_name\" content=\"digiDEM Bayern\" \/>\n<meta property=\"article:publisher\" content=\"https:\/\/www.facebook.com\/digiDEMBayern\/\" \/>\n<meta property=\"article:published_time\" content=\"2025-03-05T08:22:53+00:00\" \/>\n<meta property=\"article:modified_time\" content=\"2025-03-05T13:40:58+00:00\" \/>\n<meta property=\"og:image\" content=\"https:\/\/digidem-bayern.de\/wp-content\/uploads\/2025\/02\/Kachelbild-Praeventionscoach_shutterstock_2369707217.jpg\" \/>\n\t<meta property=\"og:image:width\" content=\"1000\" \/>\n\t<meta property=\"og:image:height\" content=\"667\" \/>\n\t<meta property=\"og:image:type\" content=\"image\/jpeg\" \/>\n<meta name=\"author\" content=\"Ilona H\u00f6rath\" \/>\n<meta name=\"twitter:label1\" content=\"Written by\" \/>\n\t<meta name=\"twitter:data1\" content=\"Ilona H\u00f6rath\" \/>\n\t<meta name=\"twitter:label2\" content=\"Est. reading time\" \/>\n\t<meta name=\"twitter:data2\" content=\"2 minutes\" \/>\n<script type=\"application\/ld+json\" class=\"yoast-schema-graph\">{\"@context\":\"https:\\\/\\\/schema.org\",\"@graph\":[{\"@type\":\"Article\",\"@id\":\"https:\\\/\\\/digidem-bayern.de\\\/mit-dem-digitalen-praeventionscoach-das-demenzrisiko-senken\\\/#article\",\"isPartOf\":{\"@id\":\"https:\\\/\\\/digidem-bayern.de\\\/mit-dem-digitalen-praeventionscoach-das-demenzrisiko-senken\\\/\"},\"author\":{\"name\":\"Ilona H\u00f6rath\",\"@id\":\"\\\/#\\\/schema\\\/person\\\/0bc1494f46fc2a051c761322a80e0941\"},\"headline\":\"Mit dem digitalen Pr\u00e4ventionscoach\u00a0das Demenzrisiko\u00a0senken\",\"datePublished\":\"2025-03-05T08:22:53+00:00\",\"dateModified\":\"2025-03-05T13:40:58+00:00\",\"mainEntityOfPage\":{\"@id\":\"https:\\\/\\\/digidem-bayern.de\\\/mit-dem-digitalen-praeventionscoach-das-demenzrisiko-senken\\\/\"},\"wordCount\":703,\"commentCount\":0,\"publisher\":{\"@id\":\"\\\/#organization\"},\"image\":{\"@id\":\"https:\\\/\\\/digidem-bayern.de\\\/mit-dem-digitalen-praeventionscoach-das-demenzrisiko-senken\\\/#primaryimage\"},\"thumbnailUrl\":\"https:\\\/\\\/digidem-bayern.de\\\/wp-content\\\/uploads\\\/2025\\\/02\\\/Kachelbild-Praeventionscoach_shutterstock_2369707217.jpg\",\"keywords\":[\"Alzheimer\",\"Alzheimer-Demenz\",\"Bewegungsmangel\",\"Bluthochdruck\",\"Cholesterinwert\",\"Demenz\",\"Demenz-Risikofaktoren\",\"Demenzdiagnose\",\"Demenzerkrankungen\",\"Demenzpr\u00e4vention\",\"Demenzrisiko\",\"Demenzwissen\",\"Depression\",\"Diabetes Mellitus\",\"digidem\",\"digidem Bayern\",\"Digitales Demenzregister Bayern\",\"geistige Gesundheit\",\"Lebenszyklus\",\"Luftverschmutzung\",\"Pr\u00e4ventionscoach\",\"Risikofaktoren\",\"Wissensquiz\"],\"articleSection\":[\"Aktuelles zu digiDEM\",\"Pressemitteilungen\",\"Wissenschaft &amp; Forschung\"],\"inLanguage\":\"en-US\",\"potentialAction\":[{\"@type\":\"CommentAction\",\"name\":\"Comment\",\"target\":[\"https:\\\/\\\/digidem-bayern.de\\\/mit-dem-digitalen-praeventionscoach-das-demenzrisiko-senken\\\/#respond\"]}]},{\"@type\":\"WebPage\",\"@id\":\"https:\\\/\\\/digidem-bayern.de\\\/mit-dem-digitalen-praeventionscoach-das-demenzrisiko-senken\\\/\",\"url\":\"https:\\\/\\\/digidem-bayern.de\\\/mit-dem-digitalen-praeventionscoach-das-demenzrisiko-senken\\\/\",\"name\":\"Mit dem digitalen Pr\u00e4ventionscoach\u00a0das Demenzrisiko\u00a0senken - digiDEM Bayern\",\"isPartOf\":{\"@id\":\"\\\/#website\"},\"primaryImageOfPage\":{\"@id\":\"https:\\\/\\\/digidem-bayern.de\\\/mit-dem-digitalen-praeventionscoach-das-demenzrisiko-senken\\\/#primaryimage\"},\"image\":{\"@id\":\"https:\\\/\\\/digidem-bayern.de\\\/mit-dem-digitalen-praeventionscoach-das-demenzrisiko-senken\\\/#primaryimage\"},\"thumbnailUrl\":\"https:\\\/\\\/digidem-bayern.de\\\/wp-content\\\/uploads\\\/2025\\\/02\\\/Kachelbild-Praeventionscoach_shutterstock_2369707217.jpg\",\"datePublished\":\"2025-03-05T08:22:53+00:00\",\"dateModified\":\"2025-03-05T13:40:58+00:00\",\"description\":\"Der Bayerische Landesapothekerkammer unterst\u00fctzt digiDEM Bayern mit Hilfe des Netzwerks \\\"Demenzfreundliche Apotheken\\\".\",\"breadcrumb\":{\"@id\":\"https:\\\/\\\/digidem-bayern.de\\\/mit-dem-digitalen-praeventionscoach-das-demenzrisiko-senken\\\/#breadcrumb\"},\"inLanguage\":\"en-US\",\"potentialAction\":[{\"@type\":\"ReadAction\",\"target\":[\"https:\\\/\\\/digidem-bayern.de\\\/mit-dem-digitalen-praeventionscoach-das-demenzrisiko-senken\\\/\"]}]},{\"@type\":\"ImageObject\",\"inLanguage\":\"en-US\",\"@id\":\"https:\\\/\\\/digidem-bayern.de\\\/mit-dem-digitalen-praeventionscoach-das-demenzrisiko-senken\\\/#primaryimage\",\"url\":\"https:\\\/\\\/digidem-bayern.de\\\/wp-content\\\/uploads\\\/2025\\\/02\\\/Kachelbild-Praeventionscoach_shutterstock_2369707217.jpg\",\"contentUrl\":\"https:\\\/\\\/digidem-bayern.de\\\/wp-content\\\/uploads\\\/2025\\\/02\\\/Kachelbild-Praeventionscoach_shutterstock_2369707217.jpg\",\"width\":1000,\"height\":667,\"caption\":\"Foto: Shutterstock\"},{\"@type\":\"BreadcrumbList\",\"@id\":\"https:\\\/\\\/digidem-bayern.de\\\/mit-dem-digitalen-praeventionscoach-das-demenzrisiko-senken\\\/#breadcrumb\",\"itemListElement\":[{\"@type\":\"ListItem\",\"position\":1,\"name\":\"Startseite\",\"item\":\"https:\\\/\\\/digidem-bayern.de\\\/\"},{\"@type\":\"ListItem\",\"position\":2,\"name\":\"Mit dem digitalen Pr\u00e4ventionscoach\u00a0das Demenzrisiko\u00a0senken\"}]},{\"@type\":\"WebSite\",\"@id\":\"\\\/#website\",\"url\":\"\\\/\",\"name\":\"digiDEM Bayern\",\"description\":\"Das digitale Demenzregister Bayern erforscht und verbessert die Angebotsstuktur f\u00fcr Menschen mit Demenz und deren Angeh\u00f6rige\",\"publisher\":{\"@id\":\"\\\/#organization\"},\"potentialAction\":[{\"@type\":\"SearchAction\",\"target\":{\"@type\":\"EntryPoint\",\"urlTemplate\":\"\\\/?s={search_term_string}\"},\"query-input\":{\"@type\":\"PropertyValueSpecification\",\"valueRequired\":true,\"valueName\":\"search_term_string\"}}],\"inLanguage\":\"en-US\"},{\"@type\":\"Organization\",\"@id\":\"\\\/#organization\",\"name\":\"digiDEM Bayern\",\"url\":\"\\\/\",\"logo\":{\"@type\":\"ImageObject\",\"inLanguage\":\"en-US\",\"@id\":\"\\\/#\\\/schema\\\/logo\\\/image\\\/\",\"url\":\"https:\\\/\\\/digidem-bayern.de\\\/wp-content\\\/uploads\\\/2022\\\/03\\\/cropped-Allgemeines_digiDEMLOGO-removebg-preview.png\",\"contentUrl\":\"https:\\\/\\\/digidem-bayern.de\\\/wp-content\\\/uploads\\\/2022\\\/03\\\/cropped-Allgemeines_digiDEMLOGO-removebg-preview.png\",\"width\":612,\"height\":357,\"caption\":\"digiDEM Bayern\"},\"image\":{\"@id\":\"\\\/#\\\/schema\\\/logo\\\/image\\\/\"},\"sameAs\":[\"https:\\\/\\\/www.facebook.com\\\/digiDEMBayern\\\/\",\"https:\\\/\\\/x.com\\\/digidem_bayern\",\"https:\\\/\\\/www.instagram.com\\\/digidem.bayern\",\"https:\\\/\\\/www.linkedin.com\\\/company\\\/digidem-bayern\\\/\"]},{\"@type\":\"Person\",\"@id\":\"\\\/#\\\/schema\\\/person\\\/0bc1494f46fc2a051c761322a80e0941\",\"name\":\"Ilona H\u00f6rath\",\"url\":\"https:\\\/\\\/digidem-bayern.de\\\/en\\\/author\\\/hoeratia\\\/\"}]}<\/script>\n<!-- \/ Yoast SEO plugin. -->","yoast_head_json":{"title":"Mit dem digitalen Pr\u00e4ventionscoach\u00a0das Demenzrisiko\u00a0senken - digiDEM Bayern","description":"Der Bayerische Landesapothekerkammer unterst\u00fctzt digiDEM Bayern mit Hilfe des Netzwerks \"Demenzfreundliche Apotheken\".","robots":{"index":"index","follow":"follow","max-snippet":"max-snippet:-1","max-image-preview":"max-image-preview:large","max-video-preview":"max-video-preview:-1"},"canonical":"https:\/\/digidem-bayern.de\/en\/mit-dem-digitalen-praeventionscoach-das-demenzrisiko-senken\/","og_locale":"en_US","og_type":"article","og_title":"Mit dem digitalen Pr\u00e4ventionscoach\u00a0das Demenzrisiko\u00a0senken - digiDEM Bayern","og_description":"Der Bayerische Landesapothekerkammer unterst\u00fctzt digiDEM Bayern mit Hilfe des Netzwerks \"Demenzfreundliche Apotheken\".","og_url":"https:\/\/digidem-bayern.de\/en\/mit-dem-digitalen-praeventionscoach-das-demenzrisiko-senken\/","og_site_name":"digiDEM Bayern","article_publisher":"https:\/\/www.facebook.com\/digiDEMBayern\/","article_published_time":"2025-03-05T08:22:53+00:00","article_modified_time":"2025-03-05T13:40:58+00:00","og_image":[{"width":1000,"height":667,"url":"https:\/\/digidem-bayern.de\/wp-content\/uploads\/2025\/02\/Kachelbild-Praeventionscoach_shutterstock_2369707217.jpg","type":"image\/jpeg"}],"author":"Ilona H\u00f6rath","twitter_misc":{"Written by":"Ilona H\u00f6rath","Est. reading time":"2 minutes"},"schema":{"@context":"https:\/\/schema.org","@graph":[{"@type":"Article","@id":"https:\/\/digidem-bayern.de\/mit-dem-digitalen-praeventionscoach-das-demenzrisiko-senken\/#article","isPartOf":{"@id":"https:\/\/digidem-bayern.de\/mit-dem-digitalen-praeventionscoach-das-demenzrisiko-senken\/"},"author":{"name":"Ilona H\u00f6rath","@id":"\/#\/schema\/person\/0bc1494f46fc2a051c761322a80e0941"},"headline":"Mit dem digitalen Pr\u00e4ventionscoach\u00a0das Demenzrisiko\u00a0senken","datePublished":"2025-03-05T08:22:53+00:00","dateModified":"2025-03-05T13:40:58+00:00","mainEntityOfPage":{"@id":"https:\/\/digidem-bayern.de\/mit-dem-digitalen-praeventionscoach-das-demenzrisiko-senken\/"},"wordCount":703,"commentCount":0,"publisher":{"@id":"\/#organization"},"image":{"@id":"https:\/\/digidem-bayern.de\/mit-dem-digitalen-praeventionscoach-das-demenzrisiko-senken\/#primaryimage"},"thumbnailUrl":"https:\/\/digidem-bayern.de\/wp-content\/uploads\/2025\/02\/Kachelbild-Praeventionscoach_shutterstock_2369707217.jpg","keywords":["Alzheimer","Alzheimer-Demenz","Bewegungsmangel","Bluthochdruck","Cholesterinwert","Demenz","Demenz-Risikofaktoren","Demenzdiagnose","Demenzerkrankungen","Demenzpr\u00e4vention","Demenzrisiko","Demenzwissen","Depression","Diabetes Mellitus","digidem","digidem Bayern","Digitales Demenzregister Bayern","geistige Gesundheit","Lebenszyklus","Luftverschmutzung","Pr\u00e4ventionscoach","Risikofaktoren","Wissensquiz"],"articleSection":["Aktuelles zu digiDEM","Pressemitteilungen","Wissenschaft &amp; Forschung"],"inLanguage":"en-US","potentialAction":[{"@type":"CommentAction","name":"Comment","target":["https:\/\/digidem-bayern.de\/mit-dem-digitalen-praeventionscoach-das-demenzrisiko-senken\/#respond"]}]},{"@type":"WebPage","@id":"https:\/\/digidem-bayern.de\/mit-dem-digitalen-praeventionscoach-das-demenzrisiko-senken\/","url":"https:\/\/digidem-bayern.de\/mit-dem-digitalen-praeventionscoach-das-demenzrisiko-senken\/","name":"Mit dem digitalen Pr\u00e4ventionscoach\u00a0das Demenzrisiko\u00a0senken - digiDEM Bayern","isPartOf":{"@id":"\/#website"},"primaryImageOfPage":{"@id":"https:\/\/digidem-bayern.de\/mit-dem-digitalen-praeventionscoach-das-demenzrisiko-senken\/#primaryimage"},"image":{"@id":"https:\/\/digidem-bayern.de\/mit-dem-digitalen-praeventionscoach-das-demenzrisiko-senken\/#primaryimage"},"thumbnailUrl":"https:\/\/digidem-bayern.de\/wp-content\/uploads\/2025\/02\/Kachelbild-Praeventionscoach_shutterstock_2369707217.jpg","datePublished":"2025-03-05T08:22:53+00:00","dateModified":"2025-03-05T13:40:58+00:00","description":"Der Bayerische Landesapothekerkammer unterst\u00fctzt digiDEM Bayern mit Hilfe des Netzwerks \"Demenzfreundliche Apotheken\".","breadcrumb":{"@id":"https:\/\/digidem-bayern.de\/mit-dem-digitalen-praeventionscoach-das-demenzrisiko-senken\/#breadcrumb"},"inLanguage":"en-US","potentialAction":[{"@type":"ReadAction","target":["https:\/\/digidem-bayern.de\/mit-dem-digitalen-praeventionscoach-das-demenzrisiko-senken\/"]}]},{"@type":"ImageObject","inLanguage":"en-US","@id":"https:\/\/digidem-bayern.de\/mit-dem-digitalen-praeventionscoach-das-demenzrisiko-senken\/#primaryimage","url":"https:\/\/digidem-bayern.de\/wp-content\/uploads\/2025\/02\/Kachelbild-Praeventionscoach_shutterstock_2369707217.jpg","contentUrl":"https:\/\/digidem-bayern.de\/wp-content\/uploads\/2025\/02\/Kachelbild-Praeventionscoach_shutterstock_2369707217.jpg","width":1000,"height":667,"caption":"Foto: Shutterstock"},{"@type":"BreadcrumbList","@id":"https:\/\/digidem-bayern.de\/mit-dem-digitalen-praeventionscoach-das-demenzrisiko-senken\/#breadcrumb","itemListElement":[{"@type":"ListItem","position":1,"name":"Startseite","item":"https:\/\/digidem-bayern.de\/"},{"@type":"ListItem","position":2,"name":"Mit dem digitalen Pr\u00e4ventionscoach\u00a0das Demenzrisiko\u00a0senken"}]},{"@type":"WebSite","@id":"\/#website","url":"\/","name":"digiDEM Bavaria","description":"The digital dementia register in Bavaria researches and improves the structure of services for people with dementia and their relatives","publisher":{"@id":"\/#organization"},"potentialAction":[{"@type":"SearchAction","target":{"@type":"EntryPoint","urlTemplate":"\/?s={search_term_string}"},"query-input":{"@type":"PropertyValueSpecification","valueRequired":true,"valueName":"search_term_string"}}],"inLanguage":"en-US"},{"@type":"Organization","@id":"\/#organization","name":"digiDEM Bavaria","url":"\/","logo":{"@type":"ImageObject","inLanguage":"en-US","@id":"\/#\/schema\/logo\/image\/","url":"https:\/\/digidem-bayern.de\/wp-content\/uploads\/2022\/03\/cropped-Allgemeines_digiDEMLOGO-removebg-preview.png","contentUrl":"https:\/\/digidem-bayern.de\/wp-content\/uploads\/2022\/03\/cropped-Allgemeines_digiDEMLOGO-removebg-preview.png","width":612,"height":357,"caption":"digiDEM Bayern"},"image":{"@id":"\/#\/schema\/logo\/image\/"},"sameAs":["https:\/\/www.facebook.com\/digiDEMBayern\/","https:\/\/x.com\/digidem_bayern","https:\/\/www.instagram.com\/digidem.bayern","https:\/\/www.linkedin.com\/company\/digidem-bayern\/"]},{"@type":"Person","@id":"\/#\/schema\/person\/0bc1494f46fc2a051c761322a80e0941","name":"Ilona H\u00f6rath","url":"https:\/\/digidem-bayern.de\/en\/author\/hoeratia\/"}]}},"uagb_featured_image_src":{"full":["https:\/\/digidem-bayern.de\/wp-content\/uploads\/2025\/02\/Kachelbild-Praeventionscoach_shutterstock_2369707217.jpg",1000,667,false],"thumbnail":["https:\/\/digidem-bayern.de\/wp-content\/uploads\/2025\/02\/Kachelbild-Praeventionscoach_shutterstock_2369707217-80x80.jpg",80,80,true],"medium":["https:\/\/digidem-bayern.de\/wp-content\/uploads\/2025\/02\/Kachelbild-Praeventionscoach_shutterstock_2369707217-300x200.jpg",300,200,true],"medium_large":["https:\/\/digidem-bayern.de\/wp-content\/uploads\/2025\/02\/Kachelbild-Praeventionscoach_shutterstock_2369707217-768x512.jpg",768,512,true],"large":["https:\/\/digidem-bayern.de\/wp-content\/uploads\/2025\/02\/Kachelbild-Praeventionscoach_shutterstock_2369707217.jpg",1000,667,false],"1536x1536":["https:\/\/digidem-bayern.de\/wp-content\/uploads\/2025\/02\/Kachelbild-Praeventionscoach_shutterstock_2369707217.jpg",1000,667,false],"2048x2048":["https:\/\/digidem-bayern.de\/wp-content\/uploads\/2025\/02\/Kachelbild-Praeventionscoach_shutterstock_2369707217.jpg",1000,667,false],"trp-custom-language-flag":["https:\/\/digidem-bayern.de\/wp-content\/uploads\/2025\/02\/Kachelbild-Praeventionscoach_shutterstock_2369707217.jpg",18,12,false],"qubely_landscape":["https:\/\/digidem-bayern.de\/wp-content\/uploads\/2025\/02\/Kachelbild-Praeventionscoach_shutterstock_2369707217.jpg",1000,667,false],"qubely_portrait":["https:\/\/digidem-bayern.de\/wp-content\/uploads\/2025\/02\/Kachelbild-Praeventionscoach_shutterstock_2369707217-540x320.jpg",540,320,true],"qubely_thumbnail":["https:\/\/digidem-bayern.de\/wp-content\/uploads\/2025\/02\/Kachelbild-Praeventionscoach_shutterstock_2369707217-140x100.jpg",140,100,true],"post-thumbnail":["https:\/\/digidem-bayern.de\/wp-content\/uploads\/2025\/02\/Kachelbild-Praeventionscoach_shutterstock_2369707217-525x350.jpg",525,350,true],"kahuna-featured":["https:\/\/digidem-bayern.de\/wp-content\/uploads\/2025\/02\/Kachelbild-Praeventionscoach_shutterstock_2369707217-734x350.jpg",734,350,true],"kahuna-featured-lp":["https:\/\/digidem-bayern.de\/wp-content\/uploads\/2025\/02\/Kachelbild-Praeventionscoach_shutterstock_2369707217-520x350.jpg",520,350,true],"kahuna-featured-half":["https:\/\/digidem-bayern.de\/wp-content\/uploads\/2025\/02\/Kachelbild-Praeventionscoach_shutterstock_2369707217-800x350.jpg",800,350,true],"kahuna-featured-third":["https:\/\/digidem-bayern.de\/wp-content\/uploads\/2025\/02\/Kachelbild-Praeventionscoach_shutterstock_2369707217-512x350.jpg",512,350,true],"kahuna-lpbox-1":["https:\/\/digidem-bayern.de\/wp-content\/uploads\/2025\/02\/Kachelbild-Praeventionscoach_shutterstock_2369707217-520x300.jpg",520,300,true],"kahuna-lpbox-2":["https:\/\/digidem-bayern.de\/wp-content\/uploads\/2025\/02\/Kachelbild-Praeventionscoach_shutterstock_2369707217-520x350.jpg",520,350,true],"demand-language-flag":["https:\/\/digidem-bayern.de\/wp-content\/uploads\/2025\/02\/Kachelbild-Praeventionscoach_shutterstock_2369707217-36x36.jpg",36,36,true],"dddkt-language-flag":["https:\/\/digidem-bayern.de\/wp-content\/uploads\/2025\/02\/Kachelbild-Praeventionscoach_shutterstock_2369707217-36x36.jpg",36,36,true],"ddiqc-language-flag":["https:\/\/digidem-bayern.de\/wp-content\/uploads\/2025\/02\/Kachelbild-Praeventionscoach_shutterstock_2369707217-36x36.jpg",36,36,true],"ddtl-language-flag":["https:\/\/digidem-bayern.de\/wp-content\/uploads\/2025\/02\/Kachelbild-Praeventionscoach_shutterstock_2369707217-36x36.jpg",36,36,true],"mailpoet_newsletter_max":["https:\/\/digidem-bayern.de\/wp-content\/uploads\/2025\/02\/Kachelbild-Praeventionscoach_shutterstock_2369707217.jpg",1000,667,false],"kahuna-lpbox-3":["https:\/\/digidem-bayern.de\/wp-content\/uploads\/2025\/02\/Kachelbild-Praeventionscoach_shutterstock_2369707217-520x350.jpg",520,350,true],"kahuna-featured-square":["https:\/\/digidem-bayern.de\/wp-content\/uploads\/2025\/02\/Kachelbild-Praeventionscoach_shutterstock_2369707217-512x512.jpg",512,512,true],"kahuna-featured-square-large":["https:\/\/digidem-bayern.de\/wp-content\/uploads\/2025\/02\/Kachelbild-Praeventionscoach_shutterstock_2369707217.jpg",1000,667,false]},"uagb_author_info":{"display_name":"Ilona H\u00f6rath","author_link":"https:\/\/digidem-bayern.de\/en\/author\/hoeratia\/"},"uagb_comment_info":0,"uagb_excerpt":"Mit dem \u201edigiDEM Bayern Pr\u00e4ventionscoach\u00ae\u201c stellt das Digitale Demenzregister Bayern (digiDEM Bayern) ein Online-Angebot zur Reduzierung des pers\u00f6nlichen Demenzrisikos vor. Der &#8222;digiDEM Bayern Pr\u00e4ventionscoach\u00ae&#8220; ist ein innovativer digitaler Wegweiser f\u00fcr einen gesunden Lebensstil und kann dazu beitragen, das Risiko einer Demenzerkrankung zu senken. Neben zahlreichen wissenschaftlich abgesicherten Informationen rund um &hellip;","_links":{"self":[{"href":"https:\/\/digidem-bayern.de\/en\/wp-json\/wp\/v2\/posts\/42168","targetHints":{"allow":["GET"]}}],"collection":[{"href":"https:\/\/digidem-bayern.de\/en\/wp-json\/wp\/v2\/posts"}],"about":[{"href":"https:\/\/digidem-bayern.de\/en\/wp-json\/wp\/v2\/types\/post"}],"author":[{"embeddable":true,"href":"https:\/\/digidem-bayern.de\/en\/wp-json\/wp\/v2\/users\/12"}],"replies":[{"embeddable":true,"href":"https:\/\/digidem-bayern.de\/en\/wp-json\/wp\/v2\/comments?post=42168"}],"version-history":[{"count":6,"href":"https:\/\/digidem-bayern.de\/en\/wp-json\/wp\/v2\/posts\/42168\/revisions"}],"predecessor-version":[{"id":42227,"href":"https:\/\/digidem-bayern.de\/en\/wp-json\/wp\/v2\/posts\/42168\/revisions\/42227"}],"wp:featuredmedia":[{"embeddable":true,"href":"https:\/\/digidem-bayern.de\/en\/wp-json\/wp\/v2\/media\/41940"}],"wp:attachment":[{"href":"https:\/\/digidem-bayern.de\/en\/wp-json\/wp\/v2\/media?parent=42168"}],"wp:term":[{"taxonomy":"category","embeddable":true,"href":"https:\/\/digidem-bayern.de\/en\/wp-json\/wp\/v2\/categories?post=42168"},{"taxonomy":"post_tag","embeddable":true,"href":"https:\/\/digidem-bayern.de\/en\/wp-json\/wp\/v2\/tags?post=42168"}],"curies":[{"name":"wp","href":"https:\/\/api.w.org\/{rel}","templated":true}]}}