{"id":42042,"date":"2025-02-27T13:35:00","date_gmt":"2025-02-27T12:35:00","guid":{"rendered":"https:\/\/digidem-bayern.de\/?p=42042"},"modified":"2025-05-13T11:03:47","modified_gmt":"2025-05-13T09:03:47","slug":"wirksame-bewaeltigungsstrategien-fuer-pflegende-von-menschen-mit-demenz","status":"publish","type":"post","link":"https:\/\/digidem-bayern.de\/en\/wirksame-bewaeltigungsstrategien-fuer-pflegende-von-menschen-mit-demenz\/","title":{"rendered":"Wirksame Bew\u00e4ltigungsstrategien f\u00fcr Pflegende von Menschen mit Demenz"},"content":{"rendered":"<p><strong><strong><strong><strong><strong><strong><strong><strong><strong><strong><strong>Online per Videokonferenz oder in Pr\u00e4senz vor Ort: Wie wirksam sind therapeutisch begleitete Unterst\u00fctzungsprogramme f\u00fcr An- und Zugeh\u00f6rige, die Menschen mit Demenz pflegen? In einer Pilotstudie kamen italienische Forschende zu positiven Ergebnissen.<\/strong><\/strong><\/strong><\/strong><\/strong><\/strong><\/strong><\/strong><\/strong><\/strong><\/strong><span style=\"caret-color: rgb(0, 0, 0); color: rgb(0, 0, 0); font-family: -webkit-standard; font-size: medium; white-space: normal;\"><\/span><span style=\"caret-color: rgb(0, 0, 0); color: rgb(0, 0, 0); font-family: -webkit-standard; font-size: medium; white-space: normal;\"><\/span><\/p>\n\n\n\n<p>Wie geht man mit herausforderndem Verhalten von Menschen mit Demenz um? Wie umfangreich ist das eigene Demenzwissen? Italienische Wissenschaftlerinnen und Wissenschaftler haben erforscht, wie wirksam ein therapeutisches, duales Unterst\u00fctzungsprogramm f\u00fcr pflegende An- und Zugeh\u00f6rige ist. Die Forschenden wussten: \u201eDie k\u00f6rperliche und geistige Gesundheit der pflegenden An- und Zugeh\u00f6rigen ist der Grundstein, um Menschen mit Demenz im Alltag unterst\u00fctzen zu k\u00f6nnen und tr\u00e4gt zudem dazu bei, Lebensqualit\u00e4t der pflegenden Personen zu verbessern.\u201c<\/p>\n\n\n\n<p><strong>Folien, Videos und angeleitete Gruppendiskussionen<\/strong><\/p>\n\n\n<div class=\"wp-block-image\">\n<figure class=\"alignright size-full is-resized\"><img loading=\"lazy\" decoding=\"async\" width=\"1000\" height=\"624\" src=\"https:\/\/digidem-bayern.de\/wp-content\/uploads\/2025\/02\/Bewaeltigungsstrategien-shutterstock_2168096963.jpg\" alt=\"Psychoedukative Interventionen tragen zur Entwicklung von effektiven Bew\u00e4ltigungsstrategien bei, um die Belastung der Pflegekr\u00e4fte zu verringern.\" class=\"wp-image-42044\" style=\"width:595px;height:auto\" srcset=\"https:\/\/digidem-bayern.de\/wp-content\/uploads\/2025\/02\/Bewaeltigungsstrategien-shutterstock_2168096963.jpg 1000w, https:\/\/digidem-bayern.de\/wp-content\/uploads\/2025\/02\/Bewaeltigungsstrategien-shutterstock_2168096963-300x187.jpg 300w, https:\/\/digidem-bayern.de\/wp-content\/uploads\/2025\/02\/Bewaeltigungsstrategien-shutterstock_2168096963-768x479.jpg 768w, https:\/\/digidem-bayern.de\/wp-content\/uploads\/2025\/02\/Bewaeltigungsstrategien-shutterstock_2168096963-561x350.jpg 561w\" sizes=\"auto, (max-width: 1000px) 100vw, 1000px\" \/><figcaption class=\"wp-element-caption\">Foto: Shutterstock<\/figcaption><\/figure>\n<\/div>\n\n\n<p>F\u00fcnf Treffen im Abstand von zwei Wochen: In diesem Rhythmus trafen sich 73 Pflegende, um einerseits gezielte Informationen zum Thema Demenz und Strategien f\u00fcr den Umgang mit Betroffenen zu erhalten und um andererseits wirksame Kommunikationsf\u00e4higkeiten vermittelt zu bekommen und Erfahrungsberichte aus dem Pflegealltag auszutauschen. Die Intervention beinhaltete unterschiedliche didaktische Materialien und setzte sich aus Folien, Videos und Gruppendiskussionen zusammen, die von einem Psychologen geleitet wurden. 33 der Pflegenden nahmen an den Treffen online teil, 40 in Pr\u00e4senz. Zu den Teilnehmenden geh\u00f6rten Ehepartner, erwachsene Kinder, entferntere Verwandte oder Freunde, die einen Menschen mit Demenz pflegten.<\/p>\n\n\n\n<p><strong>Schl\u00fcsselaspekte der Pflege<\/strong><\/p>\n\n\n\n<p>Das Ziel der Pilotstudie war es, \u201ewirksame emotionale und soziale Unterst\u00fctzung sowie zug\u00e4ngliche, evidenzbasierte Informationen bereitzustellen, die auf die Bed\u00fcrfnisse der Pflegenden zugeschnitten sind, um ihr Wissen und ihre Pflegef\u00e4higkeiten zu verbessern und gleichzeitig die Bedeutung der Selbstf\u00fcrsorge zu betonen.\u201c Erfasst wurden Schl\u00fcsselaspekte der Pflege wie zum Beispiel die psychologischen Auswirkungen des Demenzmanagements, das Ausma\u00df einer sozialen Unterst\u00fctzung, Freizeitgestaltung und Stressniveau jeweils zu Beginn und am Ende der Intervention.&nbsp;<\/p>\n\n\n\n<p><strong>Interessante Forschungsergebnisse<\/strong><\/p>\n\n\n\n<p>Die Ergebnisse der Pilotstudie, die im Dezember 2024 publiziert wurde, \u00fcberraschen. Ob online per Videokonferenz durchgef\u00fchrt oder in Pr\u00e4senz vor Ort: Die Ma\u00dfnahmen zur Unterst\u00fctzung der Pflegekr\u00e4fte verringern nachweislich die Belastung der pflegenden An- und Zugeh\u00f6rigen. \u201eTats\u00e4chlich tragen diese sogenannten psychoedukativen Interventionen zur Entwicklung von effektiven Bew\u00e4ltigungsstrategien bei, um die Belastung der Pflegekr\u00e4fte zu verringern\u201c, fassen die Forschenden zusammen.&nbsp;<\/p>\n\n\n\n<p><strong>Extrem niedrige Abbruchquote unter den Teilnehmenden<\/strong><\/p>\n\n\n\n<p>Die Ma\u00dfnahmen unterst\u00fctzten die Pflegenden hinsichtlich der \u201eAufrechterhaltung ihrer psychischen Gesundheit und ihres Wohlbefindens.\u201c Positiv war auch, dass die Teilnehmenden sich sehr engagierten und die Abbruchquote mit unter drei Prozent \u201eextrem niedrig\u201c war.&nbsp;<\/p>\n\n\n\n<p>Als vorteilhaft erwies sich die Verf\u00fcgbarkeit einer Online-Plattform. Sie erm\u00f6glichte auch Pflegenden den Zugang, die zum Beispiel nur eingeschr\u00e4nkt mobil waren. \u201eDie pers\u00f6nliche Unterst\u00fctzung bleibt jedoch wichtig \u201c, hei\u00dft es in der Studie. Pers\u00f6nlicher Kontakt erm\u00f6gliche das Wahrnehmen von zwischenmenschlicher und nonverbaler Kommunikation. Zudem sei hierbei keinerlei technische Ausstattung und technisches Knowhow n\u00f6tig.<span style=\"caret-color: rgb(0, 0, 0); color: rgb(0, 0, 0); font-family: -webkit-standard; font-size: medium; white-space: normal;\"><\/span><\/p>\n\n\n\n<p><strong>Tipp f\u00fcr die Praxis<\/strong>: Wenn pflegende An- und Zugeh\u00f6rige in der Pfleget\u00e4tigkeit an Ihre Grenzen sto\u00dfen, k\u00f6nnen psychoedukative Ans\u00e4tze, ob digital oder in Pr\u00e4senz, dazu beitragen, die Lebensqualit\u00e4t zu verbessern und die Belastung zu reduzieren.&nbsp;<\/p>\n\n\n\n<p>Hier geht&#8217;s zur Studie:<\/p>\n\n\n\n<p><a href=\"https:\/\/bmcgeriatr.biomedcentral.com\/articles\/10.1186\/s12877-024-05562-5\">The Psychoeducational Interventions: a valuable communication tool to support the caregiver of people with dementia<\/a><\/p>\n\n\n\n<p><strong>Unser besonderer Tipp:<\/strong>&nbsp;\u00dcberpr\u00fcfen Sie mit der&nbsp;<strong>digiDEM Bayern-Angeh\u00f6rigenampel<\/strong>&nbsp;Ihre k\u00f6rperliche und seelische Belastung. Je nach Ihrem pers\u00f6nlichen Ergebnis geben wir Ihnen Empfehlungen, wie Sie Ihre Situation als Pflegende bzw. Pflegender verbessern k\u00f6nnen.<\/p>\n\n\n\n<p><a href=\"https:\/\/digidem-bayern.de\/en\/angehoerigenampel\/\">Hier geht\u2019s zur Angeh\u00f6rigenampel.<\/a><\/p>\n\n\n\n<p><strong>Sie m\u00f6chten Ihr Demenzwissen erweitern?<\/strong>&nbsp;Wer seine Gesundheitskompetenz st\u00e4rkt, profitiert in vielfacher Hinsicht. Mit dem&nbsp;erworbenen Wissen lassen sich Gesundheits- und Krankheitsprobleme erfolgreicher bew\u00e4ltigen. Nutzen Sie die M\u00f6glichkeit, Ihr Wissen rund um das Thema Alzheimer-Demenz&nbsp;zu erweitern \u00ad\u2013 mit dem&nbsp;<strong>Wissenstest Alzheimer-Demenz von&nbsp;digiDEM Bayern<\/strong>.<\/p>\n\n\n\n<p><a href=\"https:\/\/digidem-bayern.de\/en\/digitales-angebot-digidem-wissenstest-alzheimer-demenz\/\">Hier geht\u2019s zum Wissenstest Alzheimer-Demenz.<\/a><\/p>\n\n\n\n<p><strong>Wussten Sie,<\/strong>&nbsp;dass h\u00e4usliche Pflege f\u00fcr An- und Zugeh\u00f6rige auch ihre positiven Seiten hat? Zu Gast in unserem&nbsp;<strong>digiDEM Bavaria<\/strong>&nbsp;<strong>Science Watch LIVE-Webinar<\/strong>&nbsp;war unsere Kollegin Dr. Anna Pendergrass vom Zentrum f\u00fcr Medizinische Versorgungsforschung der Psychiatrischen und Psychotherapeutischen Klinik des Universit\u00e4tsklinikums Erlangen. Im Webinar berichtet sie von verschiedenen Zugewinnen, die Pflegende unabh\u00e4ngig von der Belastung und der Dauer der Pflege erleben.<\/p>\n\n\n\n<p><a href=\"https:\/\/digidem-bayern.de\/en\/haeusliche-pflege-hat-fuer-an-und-zugehoerige-auch-ihre-positiven-seiten\/\">Hier geht\u2019s zum Mitschnitt unseres Webinars mit Dr. Anna Pendergrass.<\/a><\/p>\n\n\n\n<div style=\"height:20px\" aria-hidden=\"true\" class=\"wp-block-spacer\"><\/div>\n\n\n\n<div style=\"height:20px\" aria-hidden=\"true\" class=\"wp-block-spacer\"><\/div>\n\n\n\n<p><\/p>","protected":false},"excerpt":{"rendered":"<p>Online per Videokonferenz oder in Pr\u00e4senz vor Ort: Wie wirksam sind therapeutisch begleitete Unterst\u00fctzungsprogramme f\u00fcr An- und Zugeh\u00f6rige, die Menschen mit Demenz pflegen? In einer Pilotstudie kamen italienische Forschende zu positiven Ergebnissen. Wie geht man mit herausforderndem Verhalten von Menschen mit Demenz um? Wie umfangreich ist das eigene Demenzwissen? Italienische &hellip;<\/p>","protected":false},"author":12,"featured_media":42044,"comment_status":"open","ping_status":"closed","sticky":false,"template":"","format":"standard","meta":{"qubely_global_settings":"","qubely_interactions":"","_uag_custom_page_level_css":"","footnotes":""},"categories":[5],"tags":[13,406,723,12,112,1433,1451,177,474,14,17,55,1446,367,486,1452,1447,175,176,607,93,1449,1448,281,1450,185],"class_list":["post-42042","post","type-post","status-publish","format-standard","has-post-thumbnail","hentry","category-wissenschaft-forschung","tag-alzheimer","tag-alzheimer-demenz","tag-anna-pendergrass","tag-demenz-2","tag-demenzdiagnose","tag-demenzerkrankungen","tag-demenzmanagement","tag-demenzrisiko","tag-demenzwissen","tag-digidem","tag-digidem-bayern","tag-digitales-demenzregister-bayern","tag-gruppendiskussionen","tag-kommunikation","tag-lebensqualitaet","tag-online-plattform","tag-pflegealltag","tag-pflegebelastung","tag-pflegekraefte","tag-pflegende","tag-pflegende-angehoerige","tag-pilotstudie","tag-psychologe","tag-risikofaktor","tag-selbstfuersorge","tag-videokonferenz"],"qubely_featured_image_url":{"full":["https:\/\/digidem-bayern.de\/wp-content\/uploads\/2025\/02\/Bewaeltigungsstrategien-shutterstock_2168096963.jpg",1000,624,false],"landscape":["https:\/\/digidem-bayern.de\/wp-content\/uploads\/2025\/02\/Bewaeltigungsstrategien-shutterstock_2168096963.jpg",1000,624,false],"portraits":["https:\/\/digidem-bayern.de\/wp-content\/uploads\/2025\/02\/Bewaeltigungsstrategien-shutterstock_2168096963-540x320.jpg",540,320,true],"thumbnail":["https:\/\/digidem-bayern.de\/wp-content\/uploads\/2025\/02\/Bewaeltigungsstrategien-shutterstock_2168096963-80x80.jpg",80,80,true],"medium":["https:\/\/digidem-bayern.de\/wp-content\/uploads\/2025\/02\/Bewaeltigungsstrategien-shutterstock_2168096963-300x187.jpg",300,187,true],"medium_large":["https:\/\/digidem-bayern.de\/wp-content\/uploads\/2025\/02\/Bewaeltigungsstrategien-shutterstock_2168096963-768x479.jpg",768,479,true],"large":["https:\/\/digidem-bayern.de\/wp-content\/uploads\/2025\/02\/Bewaeltigungsstrategien-shutterstock_2168096963.jpg",1000,624,false],"1536x1536":["https:\/\/digidem-bayern.de\/wp-content\/uploads\/2025\/02\/Bewaeltigungsstrategien-shutterstock_2168096963.jpg",1000,624,false],"2048x2048":["https:\/\/digidem-bayern.de\/wp-content\/uploads\/2025\/02\/Bewaeltigungsstrategien-shutterstock_2168096963.jpg",1000,624,false],"trp-custom-language-flag":["https:\/\/digidem-bayern.de\/wp-content\/uploads\/2025\/02\/Bewaeltigungsstrategien-shutterstock_2168096963.jpg",18,12,false],"qubely_landscape":["https:\/\/digidem-bayern.de\/wp-content\/uploads\/2025\/02\/Bewaeltigungsstrategien-shutterstock_2168096963.jpg",1000,624,false],"qubely_portrait":["https:\/\/digidem-bayern.de\/wp-content\/uploads\/2025\/02\/Bewaeltigungsstrategien-shutterstock_2168096963-540x320.jpg",540,320,true],"qubely_thumbnail":["https:\/\/digidem-bayern.de\/wp-content\/uploads\/2025\/02\/Bewaeltigungsstrategien-shutterstock_2168096963-140x100.jpg",140,100,true],"post-thumbnail":["https:\/\/digidem-bayern.de\/wp-content\/uploads\/2025\/02\/Bewaeltigungsstrategien-shutterstock_2168096963-561x350.jpg",561,350,true],"kahuna-featured":["https:\/\/digidem-bayern.de\/wp-content\/uploads\/2025\/02\/Bewaeltigungsstrategien-shutterstock_2168096963-734x350.jpg",734,350,true],"kahuna-featured-lp":["https:\/\/digidem-bayern.de\/wp-content\/uploads\/2025\/02\/Bewaeltigungsstrategien-shutterstock_2168096963-520x350.jpg",520,350,true],"kahuna-featured-half":["https:\/\/digidem-bayern.de\/wp-content\/uploads\/2025\/02\/Bewaeltigungsstrategien-shutterstock_2168096963-800x350.jpg",800,350,true],"kahuna-featured-third":["https:\/\/digidem-bayern.de\/wp-content\/uploads\/2025\/02\/Bewaeltigungsstrategien-shutterstock_2168096963-512x350.jpg",512,350,true],"kahuna-lpbox-1":["https:\/\/digidem-bayern.de\/wp-content\/uploads\/2025\/02\/Bewaeltigungsstrategien-shutterstock_2168096963-520x300.jpg",520,300,true],"kahuna-lpbox-2":["https:\/\/digidem-bayern.de\/wp-content\/uploads\/2025\/02\/Bewaeltigungsstrategien-shutterstock_2168096963-520x350.jpg",520,350,true],"demand-language-flag":["https:\/\/digidem-bayern.de\/wp-content\/uploads\/2025\/02\/Bewaeltigungsstrategien-shutterstock_2168096963-36x36.jpg",36,36,true],"dddkt-language-flag":["https:\/\/digidem-bayern.de\/wp-content\/uploads\/2025\/02\/Bewaeltigungsstrategien-shutterstock_2168096963-36x36.jpg",36,36,true],"ddiqc-language-flag":["https:\/\/digidem-bayern.de\/wp-content\/uploads\/2025\/02\/Bewaeltigungsstrategien-shutterstock_2168096963-36x36.jpg",36,36,true],"ddtl-language-flag":["https:\/\/digidem-bayern.de\/wp-content\/uploads\/2025\/02\/Bewaeltigungsstrategien-shutterstock_2168096963-36x36.jpg",36,36,true],"mailpoet_newsletter_max":["https:\/\/digidem-bayern.de\/wp-content\/uploads\/2025\/02\/Bewaeltigungsstrategien-shutterstock_2168096963.jpg",1000,624,false],"kahuna-lpbox-3":["https:\/\/digidem-bayern.de\/wp-content\/uploads\/2025\/02\/Bewaeltigungsstrategien-shutterstock_2168096963-520x350.jpg",520,350,true],"kahuna-featured-square":["https:\/\/digidem-bayern.de\/wp-content\/uploads\/2025\/02\/Bewaeltigungsstrategien-shutterstock_2168096963-512x512.jpg",512,512,true],"kahuna-featured-square-large":["https:\/\/digidem-bayern.de\/wp-content\/uploads\/2025\/02\/Bewaeltigungsstrategien-shutterstock_2168096963.jpg",1000,624,false]},"qubely_author":{"display_name":"Ilona H\u00f6rath","author_link":"https:\/\/digidem-bayern.de\/en\/author\/hoeratia\/"},"qubely_comment":0,"qubely_category":"<a href=\"https:\/\/digidem-bayern.de\/en\/category\/wissenschaft-forschung\/\" rel=\"category tag\">Wissenschaft &amp; Forschung<\/a>","qubely_excerpt":"Online per Videokonferenz oder in Pr\u00e4senz vor Ort: Wie wirksam sind therapeutisch begleitete Unterst\u00fctzungsprogramme f\u00fcr An- und Zugeh\u00f6rige, die Menschen mit Demenz pflegen? In einer Pilotstudie kamen italienische Forschende zu positiven Ergebnissen. Wie geht man mit herausforderndem Verhalten von Menschen mit Demenz um? Wie umfangreich ist das eigene Demenzwissen? Italienische &hellip;","featured_image_urls_v2":{"full":["https:\/\/digidem-bayern.de\/wp-content\/uploads\/2025\/02\/Bewaeltigungsstrategien-shutterstock_2168096963.jpg",1000,624,false],"thumbnail":["https:\/\/digidem-bayern.de\/wp-content\/uploads\/2025\/02\/Bewaeltigungsstrategien-shutterstock_2168096963-80x80.jpg",80,80,true],"medium":["https:\/\/digidem-bayern.de\/wp-content\/uploads\/2025\/02\/Bewaeltigungsstrategien-shutterstock_2168096963-300x187.jpg",300,187,true],"medium_large":["https:\/\/digidem-bayern.de\/wp-content\/uploads\/2025\/02\/Bewaeltigungsstrategien-shutterstock_2168096963-768x479.jpg",768,479,true],"large":["https:\/\/digidem-bayern.de\/wp-content\/uploads\/2025\/02\/Bewaeltigungsstrategien-shutterstock_2168096963.jpg",1000,624,false],"1536x1536":["https:\/\/digidem-bayern.de\/wp-content\/uploads\/2025\/02\/Bewaeltigungsstrategien-shutterstock_2168096963.jpg",1000,624,false],"2048x2048":["https:\/\/digidem-bayern.de\/wp-content\/uploads\/2025\/02\/Bewaeltigungsstrategien-shutterstock_2168096963.jpg",1000,624,false],"trp-custom-language-flag":["https:\/\/digidem-bayern.de\/wp-content\/uploads\/2025\/02\/Bewaeltigungsstrategien-shutterstock_2168096963.jpg",18,12,false],"qubely_landscape":["https:\/\/digidem-bayern.de\/wp-content\/uploads\/2025\/02\/Bewaeltigungsstrategien-shutterstock_2168096963.jpg",1000,624,false],"qubely_portrait":["https:\/\/digidem-bayern.de\/wp-content\/uploads\/2025\/02\/Bewaeltigungsstrategien-shutterstock_2168096963-540x320.jpg",540,320,true],"qubely_thumbnail":["https:\/\/digidem-bayern.de\/wp-content\/uploads\/2025\/02\/Bewaeltigungsstrategien-shutterstock_2168096963-140x100.jpg",140,100,true],"post-thumbnail":["https:\/\/digidem-bayern.de\/wp-content\/uploads\/2025\/02\/Bewaeltigungsstrategien-shutterstock_2168096963-561x350.jpg",561,350,true],"kahuna-featured":["https:\/\/digidem-bayern.de\/wp-content\/uploads\/2025\/02\/Bewaeltigungsstrategien-shutterstock_2168096963-734x350.jpg",734,350,true],"kahuna-featured-lp":["https:\/\/digidem-bayern.de\/wp-content\/uploads\/2025\/02\/Bewaeltigungsstrategien-shutterstock_2168096963-520x350.jpg",520,350,true],"kahuna-featured-half":["https:\/\/digidem-bayern.de\/wp-content\/uploads\/2025\/02\/Bewaeltigungsstrategien-shutterstock_2168096963-800x350.jpg",800,350,true],"kahuna-featured-third":["https:\/\/digidem-bayern.de\/wp-content\/uploads\/2025\/02\/Bewaeltigungsstrategien-shutterstock_2168096963-512x350.jpg",512,350,true],"kahuna-lpbox-1":["https:\/\/digidem-bayern.de\/wp-content\/uploads\/2025\/02\/Bewaeltigungsstrategien-shutterstock_2168096963-520x300.jpg",520,300,true],"kahuna-lpbox-2":["https:\/\/digidem-bayern.de\/wp-content\/uploads\/2025\/02\/Bewaeltigungsstrategien-shutterstock_2168096963-520x350.jpg",520,350,true],"demand-language-flag":["https:\/\/digidem-bayern.de\/wp-content\/uploads\/2025\/02\/Bewaeltigungsstrategien-shutterstock_2168096963-36x36.jpg",36,36,true],"dddkt-language-flag":["https:\/\/digidem-bayern.de\/wp-content\/uploads\/2025\/02\/Bewaeltigungsstrategien-shutterstock_2168096963-36x36.jpg",36,36,true],"ddiqc-language-flag":["https:\/\/digidem-bayern.de\/wp-content\/uploads\/2025\/02\/Bewaeltigungsstrategien-shutterstock_2168096963-36x36.jpg",36,36,true],"ddtl-language-flag":["https:\/\/digidem-bayern.de\/wp-content\/uploads\/2025\/02\/Bewaeltigungsstrategien-shutterstock_2168096963-36x36.jpg",36,36,true],"mailpoet_newsletter_max":["https:\/\/digidem-bayern.de\/wp-content\/uploads\/2025\/02\/Bewaeltigungsstrategien-shutterstock_2168096963.jpg",1000,624,false],"kahuna-lpbox-3":["https:\/\/digidem-bayern.de\/wp-content\/uploads\/2025\/02\/Bewaeltigungsstrategien-shutterstock_2168096963-520x350.jpg",520,350,true],"kahuna-featured-square":["https:\/\/digidem-bayern.de\/wp-content\/uploads\/2025\/02\/Bewaeltigungsstrategien-shutterstock_2168096963-512x512.jpg",512,512,true],"kahuna-featured-square-large":["https:\/\/digidem-bayern.de\/wp-content\/uploads\/2025\/02\/Bewaeltigungsstrategien-shutterstock_2168096963.jpg",1000,624,false]},"post_excerpt_stackable_v2":"<p>Online per Videokonferenz oder in Pr\u00e4senz vor Ort: Wie wirksam sind therapeutisch begleitete Unterst\u00fctzungsprogramme f\u00fcr An- und Zugeh\u00f6rige, die Menschen mit Demenz pflegen? In einer Pilotstudie kamen italienische Forschende zu positiven Ergebnissen. Wie geht man mit herausforderndem Verhalten von Menschen mit Demenz um? Wie umfangreich ist das eigene Demenzwissen? Italienische Wissenschaftlerinnen und Wissenschaftler haben erforscht, wie wirksam ein therapeutisches, duales Unterst\u00fctzungsprogramm f\u00fcr pflegende An- und Zugeh\u00f6rige ist. Die Forschenden wussten: \u201eDie k\u00f6rperliche und geistige Gesundheit der pflegenden An- und Zugeh\u00f6rigen ist der Grundstein, um Menschen mit Demenz im Alltag unterst\u00fctzen zu k\u00f6nnen und tr\u00e4gt zudem dazu bei, Lebensqualit\u00e4t der pflegenden&hellip;<\/p>\n","category_list_v2":"<a href=\"https:\/\/digidem-bayern.de\/en\/category\/wissenschaft-forschung\/\" rel=\"category tag\">Wissenschaft &amp; Forschung<\/a>","author_info_v2":{"name":"Ilona H\u00f6rath","url":"https:\/\/digidem-bayern.de\/en\/author\/hoeratia\/"},"comments_num_v2":"0 comments","yoast_head":"<!-- This site is optimized with the Yoast SEO plugin v27.4 - https:\/\/yoast.com\/product\/yoast-seo-wordpress\/ -->\n<title>Wirksame Bew\u00e4ltigungsstrategien f\u00fcr Pflegende von Menschen mit Demenz - digiDEM Bayern<\/title>\n<meta name=\"description\" content=\"Der Bayerische Landesapothekerkammer unterst\u00fctzt digiDEM Bayern mit Hilfe des Netzwerks &quot;Demenzfreundliche Apotheken&quot;.\" \/>\n<meta name=\"robots\" content=\"index, follow, max-snippet:-1, max-image-preview:large, max-video-preview:-1\" \/>\n<link rel=\"canonical\" href=\"https:\/\/digidem-bayern.de\/en\/wirksame-bewaeltigungsstrategien-fuer-pflegende-von-menschen-mit-demenz\/\" \/>\n<meta property=\"og:locale\" content=\"en_US\" \/>\n<meta property=\"og:type\" content=\"article\" \/>\n<meta property=\"og:title\" content=\"Wirksame Bew\u00e4ltigungsstrategien f\u00fcr Pflegende von Menschen mit Demenz - digiDEM Bayern\" \/>\n<meta property=\"og:description\" content=\"Der Bayerische Landesapothekerkammer unterst\u00fctzt digiDEM Bayern mit Hilfe des Netzwerks &quot;Demenzfreundliche Apotheken&quot;.\" \/>\n<meta property=\"og:url\" content=\"https:\/\/digidem-bayern.de\/en\/wirksame-bewaeltigungsstrategien-fuer-pflegende-von-menschen-mit-demenz\/\" \/>\n<meta property=\"og:site_name\" content=\"digiDEM Bayern\" \/>\n<meta property=\"article:publisher\" content=\"https:\/\/www.facebook.com\/digiDEMBayern\/\" \/>\n<meta property=\"article:published_time\" content=\"2025-02-27T12:35:00+00:00\" \/>\n<meta property=\"article:modified_time\" content=\"2025-05-13T09:03:47+00:00\" \/>\n<meta property=\"og:image\" content=\"https:\/\/digidem-bayern.de\/wp-content\/uploads\/2025\/02\/Bewaeltigungsstrategien-shutterstock_2168096963.jpg\" \/>\n\t<meta property=\"og:image:width\" content=\"1000\" \/>\n\t<meta property=\"og:image:height\" content=\"624\" \/>\n\t<meta property=\"og:image:type\" content=\"image\/jpeg\" \/>\n<meta name=\"author\" content=\"Ilona H\u00f6rath\" \/>\n<meta name=\"twitter:label1\" content=\"Written by\" \/>\n\t<meta name=\"twitter:data1\" content=\"Ilona H\u00f6rath\" \/>\n\t<meta name=\"twitter:label2\" content=\"Est. reading time\" \/>\n\t<meta name=\"twitter:data2\" content=\"2 minutes\" \/>\n<script type=\"application\/ld+json\" class=\"yoast-schema-graph\">{\"@context\":\"https:\\\/\\\/schema.org\",\"@graph\":[{\"@type\":\"Article\",\"@id\":\"https:\\\/\\\/digidem-bayern.de\\\/wirksame-bewaeltigungsstrategien-fuer-pflegende-von-menschen-mit-demenz\\\/#article\",\"isPartOf\":{\"@id\":\"https:\\\/\\\/digidem-bayern.de\\\/wirksame-bewaeltigungsstrategien-fuer-pflegende-von-menschen-mit-demenz\\\/\"},\"author\":{\"name\":\"Ilona H\u00f6rath\",\"@id\":\"\\\/#\\\/schema\\\/person\\\/0bc1494f46fc2a051c761322a80e0941\"},\"headline\":\"Wirksame Bew\u00e4ltigungsstrategien f\u00fcr Pflegende von Menschen mit Demenz\",\"datePublished\":\"2025-02-27T12:35:00+00:00\",\"dateModified\":\"2025-05-13T09:03:47+00:00\",\"mainEntityOfPage\":{\"@id\":\"https:\\\/\\\/digidem-bayern.de\\\/wirksame-bewaeltigungsstrategien-fuer-pflegende-von-menschen-mit-demenz\\\/\"},\"wordCount\":735,\"commentCount\":0,\"publisher\":{\"@id\":\"\\\/#organization\"},\"image\":{\"@id\":\"https:\\\/\\\/digidem-bayern.de\\\/wirksame-bewaeltigungsstrategien-fuer-pflegende-von-menschen-mit-demenz\\\/#primaryimage\"},\"thumbnailUrl\":\"https:\\\/\\\/digidem-bayern.de\\\/wp-content\\\/uploads\\\/2025\\\/02\\\/Bewaeltigungsstrategien-shutterstock_2168096963.jpg\",\"keywords\":[\"Alzheimer\",\"Alzheimer-Demenz\",\"Anna Pendergrass\",\"Demenz\",\"Demenzdiagnose\",\"Demenzerkrankungen\",\"Demenzmanagement\",\"Demenzrisiko\",\"Demenzwissen\",\"digidem\",\"digidem Bayern\",\"Digitales Demenzregister Bayern\",\"Gruppendiskussionen\",\"Kommunikation\",\"Lebensqualit\u00e4t\",\"Online-Plattform\",\"Pflegealltag\",\"Pflegebelastung\",\"Pflegekr\u00e4fte\",\"Pflegende\",\"pflegende Angeh\u00f6rige\",\"Pilotstudie\",\"Psychologe\",\"Risikofaktor\",\"Selbstf\u00fcrsorge\",\"Videokonferenz\"],\"articleSection\":[\"Wissenschaft &amp; Forschung\"],\"inLanguage\":\"en-US\",\"potentialAction\":[{\"@type\":\"CommentAction\",\"name\":\"Comment\",\"target\":[\"https:\\\/\\\/digidem-bayern.de\\\/wirksame-bewaeltigungsstrategien-fuer-pflegende-von-menschen-mit-demenz\\\/#respond\"]}]},{\"@type\":\"WebPage\",\"@id\":\"https:\\\/\\\/digidem-bayern.de\\\/wirksame-bewaeltigungsstrategien-fuer-pflegende-von-menschen-mit-demenz\\\/\",\"url\":\"https:\\\/\\\/digidem-bayern.de\\\/wirksame-bewaeltigungsstrategien-fuer-pflegende-von-menschen-mit-demenz\\\/\",\"name\":\"Wirksame Bew\u00e4ltigungsstrategien f\u00fcr Pflegende von Menschen mit Demenz - digiDEM Bayern\",\"isPartOf\":{\"@id\":\"\\\/#website\"},\"primaryImageOfPage\":{\"@id\":\"https:\\\/\\\/digidem-bayern.de\\\/wirksame-bewaeltigungsstrategien-fuer-pflegende-von-menschen-mit-demenz\\\/#primaryimage\"},\"image\":{\"@id\":\"https:\\\/\\\/digidem-bayern.de\\\/wirksame-bewaeltigungsstrategien-fuer-pflegende-von-menschen-mit-demenz\\\/#primaryimage\"},\"thumbnailUrl\":\"https:\\\/\\\/digidem-bayern.de\\\/wp-content\\\/uploads\\\/2025\\\/02\\\/Bewaeltigungsstrategien-shutterstock_2168096963.jpg\",\"datePublished\":\"2025-02-27T12:35:00+00:00\",\"dateModified\":\"2025-05-13T09:03:47+00:00\",\"description\":\"Der Bayerische Landesapothekerkammer unterst\u00fctzt digiDEM Bayern mit Hilfe des Netzwerks \\\"Demenzfreundliche Apotheken\\\".\",\"breadcrumb\":{\"@id\":\"https:\\\/\\\/digidem-bayern.de\\\/wirksame-bewaeltigungsstrategien-fuer-pflegende-von-menschen-mit-demenz\\\/#breadcrumb\"},\"inLanguage\":\"en-US\",\"potentialAction\":[{\"@type\":\"ReadAction\",\"target\":[\"https:\\\/\\\/digidem-bayern.de\\\/wirksame-bewaeltigungsstrategien-fuer-pflegende-von-menschen-mit-demenz\\\/\"]}]},{\"@type\":\"ImageObject\",\"inLanguage\":\"en-US\",\"@id\":\"https:\\\/\\\/digidem-bayern.de\\\/wirksame-bewaeltigungsstrategien-fuer-pflegende-von-menschen-mit-demenz\\\/#primaryimage\",\"url\":\"https:\\\/\\\/digidem-bayern.de\\\/wp-content\\\/uploads\\\/2025\\\/02\\\/Bewaeltigungsstrategien-shutterstock_2168096963.jpg\",\"contentUrl\":\"https:\\\/\\\/digidem-bayern.de\\\/wp-content\\\/uploads\\\/2025\\\/02\\\/Bewaeltigungsstrategien-shutterstock_2168096963.jpg\",\"width\":1000,\"height\":624,\"caption\":\"Foto: Shutterstock\"},{\"@type\":\"BreadcrumbList\",\"@id\":\"https:\\\/\\\/digidem-bayern.de\\\/wirksame-bewaeltigungsstrategien-fuer-pflegende-von-menschen-mit-demenz\\\/#breadcrumb\",\"itemListElement\":[{\"@type\":\"ListItem\",\"position\":1,\"name\":\"Startseite\",\"item\":\"https:\\\/\\\/digidem-bayern.de\\\/\"},{\"@type\":\"ListItem\",\"position\":2,\"name\":\"Wirksame Bew\u00e4ltigungsstrategien f\u00fcr Pflegende von Menschen mit Demenz\"}]},{\"@type\":\"WebSite\",\"@id\":\"\\\/#website\",\"url\":\"\\\/\",\"name\":\"digiDEM Bayern\",\"description\":\"Das digitale Demenzregister Bayern erforscht und verbessert die Angebotsstuktur f\u00fcr Menschen mit Demenz und deren Angeh\u00f6rige\",\"publisher\":{\"@id\":\"\\\/#organization\"},\"potentialAction\":[{\"@type\":\"SearchAction\",\"target\":{\"@type\":\"EntryPoint\",\"urlTemplate\":\"\\\/?s={search_term_string}\"},\"query-input\":{\"@type\":\"PropertyValueSpecification\",\"valueRequired\":true,\"valueName\":\"search_term_string\"}}],\"inLanguage\":\"en-US\"},{\"@type\":\"Organization\",\"@id\":\"\\\/#organization\",\"name\":\"digiDEM Bayern\",\"url\":\"\\\/\",\"logo\":{\"@type\":\"ImageObject\",\"inLanguage\":\"en-US\",\"@id\":\"\\\/#\\\/schema\\\/logo\\\/image\\\/\",\"url\":\"https:\\\/\\\/digidem-bayern.de\\\/wp-content\\\/uploads\\\/2022\\\/03\\\/cropped-Allgemeines_digiDEMLOGO-removebg-preview.png\",\"contentUrl\":\"https:\\\/\\\/digidem-bayern.de\\\/wp-content\\\/uploads\\\/2022\\\/03\\\/cropped-Allgemeines_digiDEMLOGO-removebg-preview.png\",\"width\":612,\"height\":357,\"caption\":\"digiDEM Bayern\"},\"image\":{\"@id\":\"\\\/#\\\/schema\\\/logo\\\/image\\\/\"},\"sameAs\":[\"https:\\\/\\\/www.facebook.com\\\/digiDEMBayern\\\/\",\"https:\\\/\\\/x.com\\\/digidem_bayern\",\"https:\\\/\\\/www.instagram.com\\\/digidem.bayern\",\"https:\\\/\\\/www.linkedin.com\\\/company\\\/digidem-bayern\\\/\"]},{\"@type\":\"Person\",\"@id\":\"\\\/#\\\/schema\\\/person\\\/0bc1494f46fc2a051c761322a80e0941\",\"name\":\"Ilona H\u00f6rath\",\"url\":\"https:\\\/\\\/digidem-bayern.de\\\/en\\\/author\\\/hoeratia\\\/\"}]}<\/script>\n<!-- \/ Yoast SEO plugin. -->","yoast_head_json":{"title":"Wirksame Bew\u00e4ltigungsstrategien f\u00fcr Pflegende von Menschen mit Demenz - digiDEM Bayern","description":"Der Bayerische Landesapothekerkammer unterst\u00fctzt digiDEM Bayern mit Hilfe des Netzwerks \"Demenzfreundliche Apotheken\".","robots":{"index":"index","follow":"follow","max-snippet":"max-snippet:-1","max-image-preview":"max-image-preview:large","max-video-preview":"max-video-preview:-1"},"canonical":"https:\/\/digidem-bayern.de\/en\/wirksame-bewaeltigungsstrategien-fuer-pflegende-von-menschen-mit-demenz\/","og_locale":"en_US","og_type":"article","og_title":"Wirksame Bew\u00e4ltigungsstrategien f\u00fcr Pflegende von Menschen mit Demenz - digiDEM Bayern","og_description":"Der Bayerische Landesapothekerkammer unterst\u00fctzt digiDEM Bayern mit Hilfe des Netzwerks \"Demenzfreundliche Apotheken\".","og_url":"https:\/\/digidem-bayern.de\/en\/wirksame-bewaeltigungsstrategien-fuer-pflegende-von-menschen-mit-demenz\/","og_site_name":"digiDEM Bayern","article_publisher":"https:\/\/www.facebook.com\/digiDEMBayern\/","article_published_time":"2025-02-27T12:35:00+00:00","article_modified_time":"2025-05-13T09:03:47+00:00","og_image":[{"width":1000,"height":624,"url":"https:\/\/digidem-bayern.de\/wp-content\/uploads\/2025\/02\/Bewaeltigungsstrategien-shutterstock_2168096963.jpg","type":"image\/jpeg"}],"author":"Ilona H\u00f6rath","twitter_misc":{"Written by":"Ilona H\u00f6rath","Est. reading time":"2 minutes"},"schema":{"@context":"https:\/\/schema.org","@graph":[{"@type":"Article","@id":"https:\/\/digidem-bayern.de\/wirksame-bewaeltigungsstrategien-fuer-pflegende-von-menschen-mit-demenz\/#article","isPartOf":{"@id":"https:\/\/digidem-bayern.de\/wirksame-bewaeltigungsstrategien-fuer-pflegende-von-menschen-mit-demenz\/"},"author":{"name":"Ilona H\u00f6rath","@id":"\/#\/schema\/person\/0bc1494f46fc2a051c761322a80e0941"},"headline":"Wirksame Bew\u00e4ltigungsstrategien f\u00fcr Pflegende von Menschen mit Demenz","datePublished":"2025-02-27T12:35:00+00:00","dateModified":"2025-05-13T09:03:47+00:00","mainEntityOfPage":{"@id":"https:\/\/digidem-bayern.de\/wirksame-bewaeltigungsstrategien-fuer-pflegende-von-menschen-mit-demenz\/"},"wordCount":735,"commentCount":0,"publisher":{"@id":"\/#organization"},"image":{"@id":"https:\/\/digidem-bayern.de\/wirksame-bewaeltigungsstrategien-fuer-pflegende-von-menschen-mit-demenz\/#primaryimage"},"thumbnailUrl":"https:\/\/digidem-bayern.de\/wp-content\/uploads\/2025\/02\/Bewaeltigungsstrategien-shutterstock_2168096963.jpg","keywords":["Alzheimer","Alzheimer-Demenz","Anna Pendergrass","Demenz","Demenzdiagnose","Demenzerkrankungen","Demenzmanagement","Demenzrisiko","Demenzwissen","digidem","digidem Bayern","Digitales Demenzregister Bayern","Gruppendiskussionen","Kommunikation","Lebensqualit\u00e4t","Online-Plattform","Pflegealltag","Pflegebelastung","Pflegekr\u00e4fte","Pflegende","pflegende Angeh\u00f6rige","Pilotstudie","Psychologe","Risikofaktor","Selbstf\u00fcrsorge","Videokonferenz"],"articleSection":["Wissenschaft &amp; Forschung"],"inLanguage":"en-US","potentialAction":[{"@type":"CommentAction","name":"Comment","target":["https:\/\/digidem-bayern.de\/wirksame-bewaeltigungsstrategien-fuer-pflegende-von-menschen-mit-demenz\/#respond"]}]},{"@type":"WebPage","@id":"https:\/\/digidem-bayern.de\/wirksame-bewaeltigungsstrategien-fuer-pflegende-von-menschen-mit-demenz\/","url":"https:\/\/digidem-bayern.de\/wirksame-bewaeltigungsstrategien-fuer-pflegende-von-menschen-mit-demenz\/","name":"Wirksame Bew\u00e4ltigungsstrategien f\u00fcr Pflegende von Menschen mit Demenz - digiDEM Bayern","isPartOf":{"@id":"\/#website"},"primaryImageOfPage":{"@id":"https:\/\/digidem-bayern.de\/wirksame-bewaeltigungsstrategien-fuer-pflegende-von-menschen-mit-demenz\/#primaryimage"},"image":{"@id":"https:\/\/digidem-bayern.de\/wirksame-bewaeltigungsstrategien-fuer-pflegende-von-menschen-mit-demenz\/#primaryimage"},"thumbnailUrl":"https:\/\/digidem-bayern.de\/wp-content\/uploads\/2025\/02\/Bewaeltigungsstrategien-shutterstock_2168096963.jpg","datePublished":"2025-02-27T12:35:00+00:00","dateModified":"2025-05-13T09:03:47+00:00","description":"Der Bayerische Landesapothekerkammer unterst\u00fctzt digiDEM Bayern mit Hilfe des Netzwerks \"Demenzfreundliche Apotheken\".","breadcrumb":{"@id":"https:\/\/digidem-bayern.de\/wirksame-bewaeltigungsstrategien-fuer-pflegende-von-menschen-mit-demenz\/#breadcrumb"},"inLanguage":"en-US","potentialAction":[{"@type":"ReadAction","target":["https:\/\/digidem-bayern.de\/wirksame-bewaeltigungsstrategien-fuer-pflegende-von-menschen-mit-demenz\/"]}]},{"@type":"ImageObject","inLanguage":"en-US","@id":"https:\/\/digidem-bayern.de\/wirksame-bewaeltigungsstrategien-fuer-pflegende-von-menschen-mit-demenz\/#primaryimage","url":"https:\/\/digidem-bayern.de\/wp-content\/uploads\/2025\/02\/Bewaeltigungsstrategien-shutterstock_2168096963.jpg","contentUrl":"https:\/\/digidem-bayern.de\/wp-content\/uploads\/2025\/02\/Bewaeltigungsstrategien-shutterstock_2168096963.jpg","width":1000,"height":624,"caption":"Foto: Shutterstock"},{"@type":"BreadcrumbList","@id":"https:\/\/digidem-bayern.de\/wirksame-bewaeltigungsstrategien-fuer-pflegende-von-menschen-mit-demenz\/#breadcrumb","itemListElement":[{"@type":"ListItem","position":1,"name":"Startseite","item":"https:\/\/digidem-bayern.de\/"},{"@type":"ListItem","position":2,"name":"Wirksame Bew\u00e4ltigungsstrategien f\u00fcr Pflegende von Menschen mit Demenz"}]},{"@type":"WebSite","@id":"\/#website","url":"\/","name":"digiDEM Bavaria","description":"The digital dementia register in Bavaria researches and improves the structure of services for people with dementia and their relatives","publisher":{"@id":"\/#organization"},"potentialAction":[{"@type":"SearchAction","target":{"@type":"EntryPoint","urlTemplate":"\/?s={search_term_string}"},"query-input":{"@type":"PropertyValueSpecification","valueRequired":true,"valueName":"search_term_string"}}],"inLanguage":"en-US"},{"@type":"Organization","@id":"\/#organization","name":"digiDEM Bavaria","url":"\/","logo":{"@type":"ImageObject","inLanguage":"en-US","@id":"\/#\/schema\/logo\/image\/","url":"https:\/\/digidem-bayern.de\/wp-content\/uploads\/2022\/03\/cropped-Allgemeines_digiDEMLOGO-removebg-preview.png","contentUrl":"https:\/\/digidem-bayern.de\/wp-content\/uploads\/2022\/03\/cropped-Allgemeines_digiDEMLOGO-removebg-preview.png","width":612,"height":357,"caption":"digiDEM Bayern"},"image":{"@id":"\/#\/schema\/logo\/image\/"},"sameAs":["https:\/\/www.facebook.com\/digiDEMBayern\/","https:\/\/x.com\/digidem_bayern","https:\/\/www.instagram.com\/digidem.bayern","https:\/\/www.linkedin.com\/company\/digidem-bayern\/"]},{"@type":"Person","@id":"\/#\/schema\/person\/0bc1494f46fc2a051c761322a80e0941","name":"Ilona H\u00f6rath","url":"https:\/\/digidem-bayern.de\/en\/author\/hoeratia\/"}]}},"uagb_featured_image_src":{"full":["https:\/\/digidem-bayern.de\/wp-content\/uploads\/2025\/02\/Bewaeltigungsstrategien-shutterstock_2168096963.jpg",1000,624,false],"thumbnail":["https:\/\/digidem-bayern.de\/wp-content\/uploads\/2025\/02\/Bewaeltigungsstrategien-shutterstock_2168096963-80x80.jpg",80,80,true],"medium":["https:\/\/digidem-bayern.de\/wp-content\/uploads\/2025\/02\/Bewaeltigungsstrategien-shutterstock_2168096963-300x187.jpg",300,187,true],"medium_large":["https:\/\/digidem-bayern.de\/wp-content\/uploads\/2025\/02\/Bewaeltigungsstrategien-shutterstock_2168096963-768x479.jpg",768,479,true],"large":["https:\/\/digidem-bayern.de\/wp-content\/uploads\/2025\/02\/Bewaeltigungsstrategien-shutterstock_2168096963.jpg",1000,624,false],"1536x1536":["https:\/\/digidem-bayern.de\/wp-content\/uploads\/2025\/02\/Bewaeltigungsstrategien-shutterstock_2168096963.jpg",1000,624,false],"2048x2048":["https:\/\/digidem-bayern.de\/wp-content\/uploads\/2025\/02\/Bewaeltigungsstrategien-shutterstock_2168096963.jpg",1000,624,false],"trp-custom-language-flag":["https:\/\/digidem-bayern.de\/wp-content\/uploads\/2025\/02\/Bewaeltigungsstrategien-shutterstock_2168096963.jpg",18,12,false],"qubely_landscape":["https:\/\/digidem-bayern.de\/wp-content\/uploads\/2025\/02\/Bewaeltigungsstrategien-shutterstock_2168096963.jpg",1000,624,false],"qubely_portrait":["https:\/\/digidem-bayern.de\/wp-content\/uploads\/2025\/02\/Bewaeltigungsstrategien-shutterstock_2168096963-540x320.jpg",540,320,true],"qubely_thumbnail":["https:\/\/digidem-bayern.de\/wp-content\/uploads\/2025\/02\/Bewaeltigungsstrategien-shutterstock_2168096963-140x100.jpg",140,100,true],"post-thumbnail":["https:\/\/digidem-bayern.de\/wp-content\/uploads\/2025\/02\/Bewaeltigungsstrategien-shutterstock_2168096963-561x350.jpg",561,350,true],"kahuna-featured":["https:\/\/digidem-bayern.de\/wp-content\/uploads\/2025\/02\/Bewaeltigungsstrategien-shutterstock_2168096963-734x350.jpg",734,350,true],"kahuna-featured-lp":["https:\/\/digidem-bayern.de\/wp-content\/uploads\/2025\/02\/Bewaeltigungsstrategien-shutterstock_2168096963-520x350.jpg",520,350,true],"kahuna-featured-half":["https:\/\/digidem-bayern.de\/wp-content\/uploads\/2025\/02\/Bewaeltigungsstrategien-shutterstock_2168096963-800x350.jpg",800,350,true],"kahuna-featured-third":["https:\/\/digidem-bayern.de\/wp-content\/uploads\/2025\/02\/Bewaeltigungsstrategien-shutterstock_2168096963-512x350.jpg",512,350,true],"kahuna-lpbox-1":["https:\/\/digidem-bayern.de\/wp-content\/uploads\/2025\/02\/Bewaeltigungsstrategien-shutterstock_2168096963-520x300.jpg",520,300,true],"kahuna-lpbox-2":["https:\/\/digidem-bayern.de\/wp-content\/uploads\/2025\/02\/Bewaeltigungsstrategien-shutterstock_2168096963-520x350.jpg",520,350,true],"demand-language-flag":["https:\/\/digidem-bayern.de\/wp-content\/uploads\/2025\/02\/Bewaeltigungsstrategien-shutterstock_2168096963-36x36.jpg",36,36,true],"dddkt-language-flag":["https:\/\/digidem-bayern.de\/wp-content\/uploads\/2025\/02\/Bewaeltigungsstrategien-shutterstock_2168096963-36x36.jpg",36,36,true],"ddiqc-language-flag":["https:\/\/digidem-bayern.de\/wp-content\/uploads\/2025\/02\/Bewaeltigungsstrategien-shutterstock_2168096963-36x36.jpg",36,36,true],"ddtl-language-flag":["https:\/\/digidem-bayern.de\/wp-content\/uploads\/2025\/02\/Bewaeltigungsstrategien-shutterstock_2168096963-36x36.jpg",36,36,true],"mailpoet_newsletter_max":["https:\/\/digidem-bayern.de\/wp-content\/uploads\/2025\/02\/Bewaeltigungsstrategien-shutterstock_2168096963.jpg",1000,624,false],"kahuna-lpbox-3":["https:\/\/digidem-bayern.de\/wp-content\/uploads\/2025\/02\/Bewaeltigungsstrategien-shutterstock_2168096963-520x350.jpg",520,350,true],"kahuna-featured-square":["https:\/\/digidem-bayern.de\/wp-content\/uploads\/2025\/02\/Bewaeltigungsstrategien-shutterstock_2168096963-512x512.jpg",512,512,true],"kahuna-featured-square-large":["https:\/\/digidem-bayern.de\/wp-content\/uploads\/2025\/02\/Bewaeltigungsstrategien-shutterstock_2168096963.jpg",1000,624,false]},"uagb_author_info":{"display_name":"Ilona H\u00f6rath","author_link":"https:\/\/digidem-bayern.de\/en\/author\/hoeratia\/"},"uagb_comment_info":0,"uagb_excerpt":"Online per Videokonferenz oder in Pr\u00e4senz vor Ort: Wie wirksam sind therapeutisch begleitete Unterst\u00fctzungsprogramme f\u00fcr An- und Zugeh\u00f6rige, die Menschen mit Demenz pflegen? In einer Pilotstudie kamen italienische Forschende zu positiven Ergebnissen. Wie geht man mit herausforderndem Verhalten von Menschen mit Demenz um? Wie umfangreich ist das eigene Demenzwissen? Italienische &hellip;","_links":{"self":[{"href":"https:\/\/digidem-bayern.de\/en\/wp-json\/wp\/v2\/posts\/42042","targetHints":{"allow":["GET"]}}],"collection":[{"href":"https:\/\/digidem-bayern.de\/en\/wp-json\/wp\/v2\/posts"}],"about":[{"href":"https:\/\/digidem-bayern.de\/en\/wp-json\/wp\/v2\/types\/post"}],"author":[{"embeddable":true,"href":"https:\/\/digidem-bayern.de\/en\/wp-json\/wp\/v2\/users\/12"}],"replies":[{"embeddable":true,"href":"https:\/\/digidem-bayern.de\/en\/wp-json\/wp\/v2\/comments?post=42042"}],"version-history":[{"count":4,"href":"https:\/\/digidem-bayern.de\/en\/wp-json\/wp\/v2\/posts\/42042\/revisions"}],"predecessor-version":[{"id":42051,"href":"https:\/\/digidem-bayern.de\/en\/wp-json\/wp\/v2\/posts\/42042\/revisions\/42051"}],"wp:featuredmedia":[{"embeddable":true,"href":"https:\/\/digidem-bayern.de\/en\/wp-json\/wp\/v2\/media\/42044"}],"wp:attachment":[{"href":"https:\/\/digidem-bayern.de\/en\/wp-json\/wp\/v2\/media?parent=42042"}],"wp:term":[{"taxonomy":"category","embeddable":true,"href":"https:\/\/digidem-bayern.de\/en\/wp-json\/wp\/v2\/categories?post=42042"},{"taxonomy":"post_tag","embeddable":true,"href":"https:\/\/digidem-bayern.de\/en\/wp-json\/wp\/v2\/tags?post=42042"}],"curies":[{"name":"wp","href":"https:\/\/api.w.org\/{rel}","templated":true}]}}