{"id":42030,"date":"2025-02-27T13:06:00","date_gmt":"2025-02-27T12:06:00","guid":{"rendered":"https:\/\/digidem-bayern.de\/?p=42030"},"modified":"2025-05-13T11:05:49","modified_gmt":"2025-05-13T09:05:49","slug":"blut-biomarker-tests-fuer-die-demenz-frueherkennung","status":"publish","type":"post","link":"https:\/\/digidem-bayern.de\/en\/blut-biomarker-tests-fuer-die-demenz-frueherkennung\/","title":{"rendered":"Blut-Biomarker-Tests f\u00fcr die Demenz-Fr\u00fcherkennung"},"content":{"rendered":"<p><strong><strong><strong><strong><strong><strong><strong>Blut-Biomarker-Tests und kognitive Screenings: Inwiefern werden diese Tests zur Demenz-Fr\u00fcherkennung eigentlich in der Bev\u00f6lkerung wahrgenommen? Welche Erfahrungen haben \u00e4ltere Menschen damit gemacht? In einer US-amerikanischen Studie, die im Januar 2025 publiziert wurde, haben Forschende interessante Erkenntnisse zutage gef\u00f6rdert.<\/strong><\/strong><\/strong><\/strong><\/strong><\/strong><\/strong><span style=\"caret-color: rgb(0, 0, 0); color: rgb(0, 0, 0); font-family: -webkit-standard; font-size: medium; white-space: normal;\"><\/span><span style=\"caret-color: rgb(0, 0, 0); color: rgb(0, 0, 0); font-family: -webkit-standard; font-size: medium; white-space: normal;\"><\/span><\/p>\n\n\n\n<p>Wie vertraut US-B\u00fcrgerinnen und B\u00fcrger im Alter zwischen 65 und 80 Jahren mit Tests zur Fr\u00fcherkennung von Demenz sind und welche Erfahrungen sie hierbei gemacht haben, hat eine aktuelle US-amerikanische Studie untersucht. Das Ziel der Forschenden war es, die \u00f6ffentliche Meinung \u00fcber aktuelle Instrumente zur Fr\u00fcherkennung von Demenz zu analysieren. \u201eDa die Demenz-Pr\u00e4valenz mit der wachsenden \u00e4lteren Bev\u00f6lkerung zunimmt, sind dringend Strategien zur Optimierung der Fr\u00fcherkennung erforderlich, um die Demenzbelastung f\u00fcr Patienten, Familien und Gesundheitssysteme zu verringern\u201c, hei\u00dft es in der Studie. Untersucht wurden hierbei sogenannte Blut-Biomarker-Tests (BBM-Tests) sowie kognitive Screenings wie zum Beispiel Ged\u00e4chtnistests.<\/p>\n\n\n<div class=\"wp-block-image\">\n<figure class=\"alignright size-full is-resized\"><img loading=\"lazy\" decoding=\"async\" width=\"1000\" height=\"797\" src=\"https:\/\/digidem-bayern.de\/wp-content\/uploads\/2025\/02\/Bluttest-Alzheimer-shutterstock_2416588571.jpg\" alt=\"Die meisten \u00e4lteren Erwachsenen glaubten, dass kognitive Screenings und Blut-Biomarker-Tests bei der Planung der Gesundheitsversorgung und der medizinischen Entscheidungsfindung in jedem Fall hilfreich sein k\u00f6nnten.\" class=\"wp-image-42045\" style=\"width:549px;height:auto\" srcset=\"https:\/\/digidem-bayern.de\/wp-content\/uploads\/2025\/02\/Bluttest-Alzheimer-shutterstock_2416588571.jpg 1000w, https:\/\/digidem-bayern.de\/wp-content\/uploads\/2025\/02\/Bluttest-Alzheimer-shutterstock_2416588571-300x239.jpg 300w, https:\/\/digidem-bayern.de\/wp-content\/uploads\/2025\/02\/Bluttest-Alzheimer-shutterstock_2416588571-768x612.jpg 768w, https:\/\/digidem-bayern.de\/wp-content\/uploads\/2025\/02\/Bluttest-Alzheimer-shutterstock_2416588571-439x350.jpg 439w\" sizes=\"auto, (max-width: 1000px) 100vw, 1000px\" \/><figcaption class=\"wp-element-caption\">Foto: Shutterstock<\/figcaption><\/figure>\n<\/div>\n\n\n<p><strong>Blut-Biomarker-Tests immer h\u00e4ufiger genutzt<\/strong><\/p>\n\n\n\n<p>In der repr\u00e4sentativen Umfrage waren die&nbsp;BBM-Tests weniger bekannt als kognitive Screenings. In den USA werden diese Testungen immer h\u00e4ufiger genutzt,<strong>&nbsp;<\/strong>um fr\u00fche neuropathologische Ver\u00e4nderungen zu identifizieren, die in Zusammenhang mit der Entwicklung einer Alzheimer-Demenz stehen k\u00f6nnen. \u201eEs wird erwartet, dass diese Art von Tests zuk\u00fcnftig eine zunehmende Rolle bei der Fr\u00fcherkennung von Demenz spielen wird.\u201c 81 Prozent der befragten \u00e4lteren Erwachsenen waren sich jedoch \u00fcber die Bedeutung des BBM-Tests nicht im Klaren und nur neun Prozent w\u00fcrden sich sofort testen lassen.<strong><\/strong><\/p>\n\n\n\n<p><strong>Vertraut mit kognitiven Screenings<\/strong><strong><\/strong><\/p>\n\n\n\n<p>Demgegen\u00fcber wussten 71 Prozent der knapp 1.300 Befragten, was unter kognitivem Screening zu verstehen ist. 41 Prozent gaben an, in der Vergangenheit bereits mindestens einmal getestet worden zu sein. Hinsichtlich der Frage, ob sie sich im vergangenen Jahr einer solchen Testung unterzogen haben, beschreiben die Forschenden jedoch einen geringeren Anteil: \u201eTrotz ihrer Vertrautheit mit und ihrer positiven Wahrnehmung des kognitiven Screenings gab nur einer von f\u00fcnf \u00e4lteren Erwachsenen an, im vergangenen Jahr ein kognitives Screening erhalten zu haben.\u201c&nbsp;<strong><\/strong><\/p>\n\n\n\n<p>F\u00fcr beide Tests lie\u00df sich zusammenfassend sagen: Auch wenn \u00e4ltere Erwachsene dem kognitiven Screening und dem BBM-Test positiv gegen\u00fcberstanden, \u00e4u\u00dferten rund 60 Prozent der Befragten Bedenken, sich m\u00f6glicherweise gestresst zu f\u00fchlen oder stigmatisiert zu werden, wenn das Testergebnis auf ein erh\u00f6htes Demenzrisiko deuten w\u00fcrde.<strong><\/strong><\/p>\n\n\n\n<p><strong>Hilfreich bei der Planung der Gesundheitsversorgung<\/strong><\/p>\n\n\n\n<p>Das Fazit der Studie ist allerdings positiv. Denn die meisten \u00e4lteren Erwachsenen glaubten, dass kognitive Screenings und BBM-Tests bei der Planung der Gesundheitsversorgung und der medizinischen Entscheidungsfindung in jedem Fall hilfreich sein k\u00f6nnten. Beide Tests hielten die Teilnehmenden f\u00fcr \u201epotenziell n\u00fctzlich und informativ\u201c. W\u00e4hrend die meisten Befragten vorrangig den Empfehlungen Ihrer Gesundheitsversorger wie zum Beispiel \u00c4rzte und Krankenkassen vertrauen, war auch mehr als die H\u00e4lfte der Ansicht, dass ein kognitives Screening j\u00e4hrlich angeboten werden sollte.<span style=\"caret-color: rgb(0, 0, 0); color: rgb(0, 0, 0); font-family: -webkit-standard; font-size: medium; white-space: normal;\"><\/span><\/p>\n\n\n\n<p><strong>Tipp f\u00fcr die Praxis<\/strong>: Laut der aktuellen&nbsp;<em>S3-Leitlinie Demenzen<\/em>&nbsp;in Deutschland (<a href=\"https:\/\/register.awmf.org\/de\/leitlinien\/detail\/038-013\">https:\/\/register.awmf.org\/de\/leitlinien\/detail\/038-013<\/a>) wird ein Demenz-Screening derzeit f\u00fcr Menschen empfohlen, denen selbst oder den An- und Zugeh\u00f6rigen eine kognitive Ver\u00e4nderung, bzw. Verschlechterung aufgefallen ist. Erste Anlaufstelle f\u00fcr die Durchf\u00fchrung eines kognitiven Screenings ist Ihre Hausarztpraxis. Alternativ kann dieser Test auch in einer Praxis f\u00fcr Neurologie, Psychiatrie oder Geriatrie durchgef\u00fchrt werden.<\/p>\n\n\n\n<p><strong>Wussten Sie<\/strong>, dass digiDEM Bayern seit 2022\u00a0in allen bayerischen Regierungsbezirken 111 Demenz-Screeningtage (Stand: Dezember 2024) durchgef\u00fchrt hat? <strong>Insgesamt 2.971 B\u00fcrgerinnen und B\u00fcrger<\/strong>\u00a0haben dabei kostenfrei und mit Hilfe eines wissenschaftlichen Kurztests ihre Ged\u00e4chtnisleistung testen lassen. Das in Deutschland einmalige Bev\u00f6lkerungsscreening zur Demenz-Fr\u00fcherkennung ist in Bayern mittlerweile etabliert.<\/p>\n\n\n\n<p><a href=\"https:\/\/digidem-bayern.de\/en\/groesstes-bevoelkerungsscreening-fuer-demenz-in-deutschland\/\">Hier erfahren Sie mehr \u00fcber die digiDEM Bayern-Bev\u00f6lkerungsscreenings.<\/a><\/p>\n\n\n\n<p>Hier geht&#8217;s zur Studie:<\/p>\n\n\n\n<p><a href=\"https:\/\/alz-journals.onlinelibrary.wiley.com\/doi\/10.1002\/dad2.70067\">Older US adults\u2019 experiences with and views about cognitive screening and blood biomarker testing for Alzheimer&#8217;s disease<\/a><\/p>\n\n\n\n<p><\/p>\n\n\n\n<p><\/p>\n\n\n\n<p><\/p>\n\n\n\n<p><\/p>\n\n\n\n<div style=\"height:20px\" aria-hidden=\"true\" class=\"wp-block-spacer\"><\/div>\n\n\n\n<div style=\"height:20px\" aria-hidden=\"true\" class=\"wp-block-spacer\"><\/div>\n\n\n\n<p><\/p>","protected":false},"excerpt":{"rendered":"<p>Blut-Biomarker-Tests und kognitive Screenings: Inwiefern werden diese Tests zur Demenz-Fr\u00fcherkennung eigentlich in der Bev\u00f6lkerung wahrgenommen? Welche Erfahrungen haben \u00e4ltere Menschen damit gemacht? In einer US-amerikanischen Studie, die im Januar 2025 publiziert wurde, haben Forschende interessante Erkenntnisse zutage gef\u00f6rdert. Wie vertraut US-B\u00fcrgerinnen und B\u00fcrger im Alter zwischen 65 und 80 Jahren &hellip;<\/p>","protected":false},"author":12,"featured_media":42045,"comment_status":"open","ping_status":"closed","sticky":false,"template":"","format":"standard","meta":{"qubely_global_settings":"","qubely_interactions":"","_uag_custom_page_level_css":"","footnotes":""},"categories":[5],"tags":[13,406,1423,501,1422,12,868,1427,112,14,17,55,1425,1269,1424,281,1347,1426],"class_list":["post-42030","post","type-post","status-publish","format-standard","has-post-thumbnail","hentry","category-wissenschaft-forschung","tag-alzheimer","tag-alzheimer-demenz","tag-bbm","tag-bevoelkerungsscreening","tag-blut-biomarker-test","tag-demenz-2","tag-demenz-frueherkennung","tag-demenz-screning","tag-demenzdiagnose","tag-digidem","tag-digidem-bayern","tag-digitales-demenzregister-bayern","tag-gedaechtnistests","tag-gesundheitsversorgung","tag-kognitives-screening","tag-risikofaktor","tag-risikofaktor-fuer-demenz","tag-s3-leilinie-demenzen"],"qubely_featured_image_url":{"full":["https:\/\/digidem-bayern.de\/wp-content\/uploads\/2025\/02\/Bluttest-Alzheimer-shutterstock_2416588571.jpg",1000,797,false],"landscape":["https:\/\/digidem-bayern.de\/wp-content\/uploads\/2025\/02\/Bluttest-Alzheimer-shutterstock_2416588571-1000x750.jpg",1000,750,true],"portraits":["https:\/\/digidem-bayern.de\/wp-content\/uploads\/2025\/02\/Bluttest-Alzheimer-shutterstock_2416588571-540x320.jpg",540,320,true],"thumbnail":["https:\/\/digidem-bayern.de\/wp-content\/uploads\/2025\/02\/Bluttest-Alzheimer-shutterstock_2416588571-80x80.jpg",80,80,true],"medium":["https:\/\/digidem-bayern.de\/wp-content\/uploads\/2025\/02\/Bluttest-Alzheimer-shutterstock_2416588571-300x239.jpg",300,239,true],"medium_large":["https:\/\/digidem-bayern.de\/wp-content\/uploads\/2025\/02\/Bluttest-Alzheimer-shutterstock_2416588571-768x612.jpg",768,612,true],"large":["https:\/\/digidem-bayern.de\/wp-content\/uploads\/2025\/02\/Bluttest-Alzheimer-shutterstock_2416588571.jpg",1000,797,false],"1536x1536":["https:\/\/digidem-bayern.de\/wp-content\/uploads\/2025\/02\/Bluttest-Alzheimer-shutterstock_2416588571.jpg",1000,797,false],"2048x2048":["https:\/\/digidem-bayern.de\/wp-content\/uploads\/2025\/02\/Bluttest-Alzheimer-shutterstock_2416588571.jpg",1000,797,false],"trp-custom-language-flag":["https:\/\/digidem-bayern.de\/wp-content\/uploads\/2025\/02\/Bluttest-Alzheimer-shutterstock_2416588571.jpg",15,12,false],"qubely_landscape":["https:\/\/digidem-bayern.de\/wp-content\/uploads\/2025\/02\/Bluttest-Alzheimer-shutterstock_2416588571-1000x750.jpg",1000,750,true],"qubely_portrait":["https:\/\/digidem-bayern.de\/wp-content\/uploads\/2025\/02\/Bluttest-Alzheimer-shutterstock_2416588571-540x320.jpg",540,320,true],"qubely_thumbnail":["https:\/\/digidem-bayern.de\/wp-content\/uploads\/2025\/02\/Bluttest-Alzheimer-shutterstock_2416588571-140x100.jpg",140,100,true],"post-thumbnail":["https:\/\/digidem-bayern.de\/wp-content\/uploads\/2025\/02\/Bluttest-Alzheimer-shutterstock_2416588571-439x350.jpg",439,350,true],"kahuna-featured":["https:\/\/digidem-bayern.de\/wp-content\/uploads\/2025\/02\/Bluttest-Alzheimer-shutterstock_2416588571-734x350.jpg",734,350,true],"kahuna-featured-lp":["https:\/\/digidem-bayern.de\/wp-content\/uploads\/2025\/02\/Bluttest-Alzheimer-shutterstock_2416588571-520x350.jpg",520,350,true],"kahuna-featured-half":["https:\/\/digidem-bayern.de\/wp-content\/uploads\/2025\/02\/Bluttest-Alzheimer-shutterstock_2416588571-800x350.jpg",800,350,true],"kahuna-featured-third":["https:\/\/digidem-bayern.de\/wp-content\/uploads\/2025\/02\/Bluttest-Alzheimer-shutterstock_2416588571-512x350.jpg",512,350,true],"kahuna-lpbox-1":["https:\/\/digidem-bayern.de\/wp-content\/uploads\/2025\/02\/Bluttest-Alzheimer-shutterstock_2416588571-520x300.jpg",520,300,true],"kahuna-lpbox-2":["https:\/\/digidem-bayern.de\/wp-content\/uploads\/2025\/02\/Bluttest-Alzheimer-shutterstock_2416588571-520x350.jpg",520,350,true],"demand-language-flag":["https:\/\/digidem-bayern.de\/wp-content\/uploads\/2025\/02\/Bluttest-Alzheimer-shutterstock_2416588571-36x36.jpg",36,36,true],"dddkt-language-flag":["https:\/\/digidem-bayern.de\/wp-content\/uploads\/2025\/02\/Bluttest-Alzheimer-shutterstock_2416588571-36x36.jpg",36,36,true],"ddiqc-language-flag":["https:\/\/digidem-bayern.de\/wp-content\/uploads\/2025\/02\/Bluttest-Alzheimer-shutterstock_2416588571-36x36.jpg",36,36,true],"ddtl-language-flag":["https:\/\/digidem-bayern.de\/wp-content\/uploads\/2025\/02\/Bluttest-Alzheimer-shutterstock_2416588571-36x36.jpg",36,36,true],"mailpoet_newsletter_max":["https:\/\/digidem-bayern.de\/wp-content\/uploads\/2025\/02\/Bluttest-Alzheimer-shutterstock_2416588571.jpg",1000,797,false],"kahuna-lpbox-3":["https:\/\/digidem-bayern.de\/wp-content\/uploads\/2025\/02\/Bluttest-Alzheimer-shutterstock_2416588571-520x350.jpg",520,350,true],"kahuna-featured-square":["https:\/\/digidem-bayern.de\/wp-content\/uploads\/2025\/02\/Bluttest-Alzheimer-shutterstock_2416588571-512x512.jpg",512,512,true],"kahuna-featured-square-large":["https:\/\/digidem-bayern.de\/wp-content\/uploads\/2025\/02\/Bluttest-Alzheimer-shutterstock_2416588571.jpg",1000,797,false]},"qubely_author":{"display_name":"Ilona H\u00f6rath","author_link":"https:\/\/digidem-bayern.de\/en\/author\/hoeratia\/"},"qubely_comment":1,"qubely_category":"<a href=\"https:\/\/digidem-bayern.de\/en\/category\/wissenschaft-forschung\/\" rel=\"category tag\">Wissenschaft &amp; Forschung<\/a>","qubely_excerpt":"Blut-Biomarker-Tests und kognitive Screenings: Inwiefern werden diese Tests zur Demenz-Fr\u00fcherkennung eigentlich in der Bev\u00f6lkerung wahrgenommen? Welche Erfahrungen haben \u00e4ltere Menschen damit gemacht? In einer US-amerikanischen Studie, die im Januar 2025 publiziert wurde, haben Forschende interessante Erkenntnisse zutage gef\u00f6rdert. Wie vertraut US-B\u00fcrgerinnen und B\u00fcrger im Alter zwischen 65 und 80 Jahren &hellip;","featured_image_urls_v2":{"full":["https:\/\/digidem-bayern.de\/wp-content\/uploads\/2025\/02\/Bluttest-Alzheimer-shutterstock_2416588571.jpg",1000,797,false],"thumbnail":["https:\/\/digidem-bayern.de\/wp-content\/uploads\/2025\/02\/Bluttest-Alzheimer-shutterstock_2416588571-80x80.jpg",80,80,true],"medium":["https:\/\/digidem-bayern.de\/wp-content\/uploads\/2025\/02\/Bluttest-Alzheimer-shutterstock_2416588571-300x239.jpg",300,239,true],"medium_large":["https:\/\/digidem-bayern.de\/wp-content\/uploads\/2025\/02\/Bluttest-Alzheimer-shutterstock_2416588571-768x612.jpg",768,612,true],"large":["https:\/\/digidem-bayern.de\/wp-content\/uploads\/2025\/02\/Bluttest-Alzheimer-shutterstock_2416588571.jpg",1000,797,false],"1536x1536":["https:\/\/digidem-bayern.de\/wp-content\/uploads\/2025\/02\/Bluttest-Alzheimer-shutterstock_2416588571.jpg",1000,797,false],"2048x2048":["https:\/\/digidem-bayern.de\/wp-content\/uploads\/2025\/02\/Bluttest-Alzheimer-shutterstock_2416588571.jpg",1000,797,false],"trp-custom-language-flag":["https:\/\/digidem-bayern.de\/wp-content\/uploads\/2025\/02\/Bluttest-Alzheimer-shutterstock_2416588571.jpg",15,12,false],"qubely_landscape":["https:\/\/digidem-bayern.de\/wp-content\/uploads\/2025\/02\/Bluttest-Alzheimer-shutterstock_2416588571-1000x750.jpg",1000,750,true],"qubely_portrait":["https:\/\/digidem-bayern.de\/wp-content\/uploads\/2025\/02\/Bluttest-Alzheimer-shutterstock_2416588571-540x320.jpg",540,320,true],"qubely_thumbnail":["https:\/\/digidem-bayern.de\/wp-content\/uploads\/2025\/02\/Bluttest-Alzheimer-shutterstock_2416588571-140x100.jpg",140,100,true],"post-thumbnail":["https:\/\/digidem-bayern.de\/wp-content\/uploads\/2025\/02\/Bluttest-Alzheimer-shutterstock_2416588571-439x350.jpg",439,350,true],"kahuna-featured":["https:\/\/digidem-bayern.de\/wp-content\/uploads\/2025\/02\/Bluttest-Alzheimer-shutterstock_2416588571-734x350.jpg",734,350,true],"kahuna-featured-lp":["https:\/\/digidem-bayern.de\/wp-content\/uploads\/2025\/02\/Bluttest-Alzheimer-shutterstock_2416588571-520x350.jpg",520,350,true],"kahuna-featured-half":["https:\/\/digidem-bayern.de\/wp-content\/uploads\/2025\/02\/Bluttest-Alzheimer-shutterstock_2416588571-800x350.jpg",800,350,true],"kahuna-featured-third":["https:\/\/digidem-bayern.de\/wp-content\/uploads\/2025\/02\/Bluttest-Alzheimer-shutterstock_2416588571-512x350.jpg",512,350,true],"kahuna-lpbox-1":["https:\/\/digidem-bayern.de\/wp-content\/uploads\/2025\/02\/Bluttest-Alzheimer-shutterstock_2416588571-520x300.jpg",520,300,true],"kahuna-lpbox-2":["https:\/\/digidem-bayern.de\/wp-content\/uploads\/2025\/02\/Bluttest-Alzheimer-shutterstock_2416588571-520x350.jpg",520,350,true],"demand-language-flag":["https:\/\/digidem-bayern.de\/wp-content\/uploads\/2025\/02\/Bluttest-Alzheimer-shutterstock_2416588571-36x36.jpg",36,36,true],"dddkt-language-flag":["https:\/\/digidem-bayern.de\/wp-content\/uploads\/2025\/02\/Bluttest-Alzheimer-shutterstock_2416588571-36x36.jpg",36,36,true],"ddiqc-language-flag":["https:\/\/digidem-bayern.de\/wp-content\/uploads\/2025\/02\/Bluttest-Alzheimer-shutterstock_2416588571-36x36.jpg",36,36,true],"ddtl-language-flag":["https:\/\/digidem-bayern.de\/wp-content\/uploads\/2025\/02\/Bluttest-Alzheimer-shutterstock_2416588571-36x36.jpg",36,36,true],"mailpoet_newsletter_max":["https:\/\/digidem-bayern.de\/wp-content\/uploads\/2025\/02\/Bluttest-Alzheimer-shutterstock_2416588571.jpg",1000,797,false],"kahuna-lpbox-3":["https:\/\/digidem-bayern.de\/wp-content\/uploads\/2025\/02\/Bluttest-Alzheimer-shutterstock_2416588571-520x350.jpg",520,350,true],"kahuna-featured-square":["https:\/\/digidem-bayern.de\/wp-content\/uploads\/2025\/02\/Bluttest-Alzheimer-shutterstock_2416588571-512x512.jpg",512,512,true],"kahuna-featured-square-large":["https:\/\/digidem-bayern.de\/wp-content\/uploads\/2025\/02\/Bluttest-Alzheimer-shutterstock_2416588571.jpg",1000,797,false]},"post_excerpt_stackable_v2":"<p>Blut-Biomarker-Tests und kognitive Screenings: Inwiefern werden diese Tests zur Demenz-Fr\u00fcherkennung eigentlich in der Bev\u00f6lkerung wahrgenommen? Welche Erfahrungen haben \u00e4ltere Menschen damit gemacht? In einer US-amerikanischen Studie, die im Januar 2025 publiziert wurde, haben Forschende interessante Erkenntnisse zutage gef\u00f6rdert. Wie vertraut US-B\u00fcrgerinnen und B\u00fcrger im Alter zwischen 65 und 80 Jahren mit Tests zur Fr\u00fcherkennung von Demenz sind und welche Erfahrungen sie hierbei gemacht haben, hat eine aktuelle US-amerikanische Studie untersucht. Das Ziel der Forschenden war es, die \u00f6ffentliche Meinung \u00fcber aktuelle Instrumente zur Fr\u00fcherkennung von Demenz zu analysieren. \u201eDa die Demenz-Pr\u00e4valenz mit der wachsenden \u00e4lteren Bev\u00f6lkerung zunimmt, sind dringend Strategien&hellip;<\/p>\n","category_list_v2":"<a href=\"https:\/\/digidem-bayern.de\/en\/category\/wissenschaft-forschung\/\" rel=\"category tag\">Wissenschaft &amp; Forschung<\/a>","author_info_v2":{"name":"Ilona H\u00f6rath","url":"https:\/\/digidem-bayern.de\/en\/author\/hoeratia\/"},"comments_num_v2":"1 comment","yoast_head":"<!-- This site is optimized with the Yoast SEO plugin v27.4 - https:\/\/yoast.com\/product\/yoast-seo-wordpress\/ -->\n<title>Blut-Biomarker-Tests f\u00fcr die Demenz-Fr\u00fcherkennung - digiDEM Bayern<\/title>\n<meta name=\"description\" content=\"Der Bayerische Landesapothekerkammer unterst\u00fctzt digiDEM Bayern mit Hilfe des Netzwerks &quot;Demenzfreundliche Apotheken&quot;.\" \/>\n<meta name=\"robots\" content=\"index, follow, max-snippet:-1, max-image-preview:large, max-video-preview:-1\" \/>\n<link rel=\"canonical\" href=\"https:\/\/digidem-bayern.de\/en\/blut-biomarker-tests-fuer-die-demenz-frueherkennung\/\" \/>\n<meta property=\"og:locale\" content=\"en_US\" \/>\n<meta property=\"og:type\" content=\"article\" \/>\n<meta property=\"og:title\" content=\"Blut-Biomarker-Tests f\u00fcr die Demenz-Fr\u00fcherkennung - digiDEM Bayern\" \/>\n<meta property=\"og:description\" content=\"Der Bayerische Landesapothekerkammer unterst\u00fctzt digiDEM Bayern mit Hilfe des Netzwerks &quot;Demenzfreundliche Apotheken&quot;.\" \/>\n<meta property=\"og:url\" content=\"https:\/\/digidem-bayern.de\/en\/blut-biomarker-tests-fuer-die-demenz-frueherkennung\/\" \/>\n<meta property=\"og:site_name\" content=\"digiDEM Bayern\" \/>\n<meta property=\"article:publisher\" content=\"https:\/\/www.facebook.com\/digiDEMBayern\/\" \/>\n<meta property=\"article:published_time\" content=\"2025-02-27T12:06:00+00:00\" \/>\n<meta property=\"article:modified_time\" content=\"2025-05-13T09:05:49+00:00\" \/>\n<meta property=\"og:image\" content=\"https:\/\/digidem-bayern.de\/wp-content\/uploads\/2025\/02\/Bluttest-Alzheimer-shutterstock_2416588571.jpg\" \/>\n\t<meta property=\"og:image:width\" content=\"1000\" \/>\n\t<meta property=\"og:image:height\" content=\"797\" \/>\n\t<meta property=\"og:image:type\" content=\"image\/jpeg\" \/>\n<meta name=\"author\" content=\"Ilona H\u00f6rath\" \/>\n<meta name=\"twitter:label1\" content=\"Written by\" \/>\n\t<meta name=\"twitter:data1\" content=\"Ilona H\u00f6rath\" \/>\n\t<meta name=\"twitter:label2\" content=\"Est. reading time\" \/>\n\t<meta name=\"twitter:data2\" content=\"2 minutes\" \/>\n<script type=\"application\/ld+json\" class=\"yoast-schema-graph\">{\"@context\":\"https:\\\/\\\/schema.org\",\"@graph\":[{\"@type\":\"Article\",\"@id\":\"https:\\\/\\\/digidem-bayern.de\\\/blut-biomarker-tests-fuer-die-demenz-frueherkennung\\\/#article\",\"isPartOf\":{\"@id\":\"https:\\\/\\\/digidem-bayern.de\\\/blut-biomarker-tests-fuer-die-demenz-frueherkennung\\\/\"},\"author\":{\"name\":\"Ilona H\u00f6rath\",\"@id\":\"\\\/#\\\/schema\\\/person\\\/0bc1494f46fc2a051c761322a80e0941\"},\"headline\":\"Blut-Biomarker-Tests f\u00fcr die Demenz-Fr\u00fcherkennung\",\"datePublished\":\"2025-02-27T12:06:00+00:00\",\"dateModified\":\"2025-05-13T09:05:49+00:00\",\"mainEntityOfPage\":{\"@id\":\"https:\\\/\\\/digidem-bayern.de\\\/blut-biomarker-tests-fuer-die-demenz-frueherkennung\\\/\"},\"wordCount\":625,\"commentCount\":1,\"publisher\":{\"@id\":\"\\\/#organization\"},\"image\":{\"@id\":\"https:\\\/\\\/digidem-bayern.de\\\/blut-biomarker-tests-fuer-die-demenz-frueherkennung\\\/#primaryimage\"},\"thumbnailUrl\":\"https:\\\/\\\/digidem-bayern.de\\\/wp-content\\\/uploads\\\/2025\\\/02\\\/Bluttest-Alzheimer-shutterstock_2416588571.jpg\",\"keywords\":[\"Alzheimer\",\"Alzheimer-Demenz\",\"BBM\",\"Bev\u00f6lkerungsscreening\",\"Blut-Biomarker-Test\",\"Demenz\",\"Demenz-Fr\u00fcherkennung\",\"Demenz-Screning\",\"Demenzdiagnose\",\"digidem\",\"digidem Bayern\",\"Digitales Demenzregister Bayern\",\"Ged\u00e4chtnistests\",\"Gesundheitsversorgung\",\"Kognitives Screening\",\"Risikofaktor\",\"Risikofaktor f\u00fcr Demenz\",\"S3-Leilinie Demenzen\"],\"articleSection\":[\"Wissenschaft &amp; Forschung\"],\"inLanguage\":\"en-US\",\"potentialAction\":[{\"@type\":\"CommentAction\",\"name\":\"Comment\",\"target\":[\"https:\\\/\\\/digidem-bayern.de\\\/blut-biomarker-tests-fuer-die-demenz-frueherkennung\\\/#respond\"]}]},{\"@type\":\"WebPage\",\"@id\":\"https:\\\/\\\/digidem-bayern.de\\\/blut-biomarker-tests-fuer-die-demenz-frueherkennung\\\/\",\"url\":\"https:\\\/\\\/digidem-bayern.de\\\/blut-biomarker-tests-fuer-die-demenz-frueherkennung\\\/\",\"name\":\"Blut-Biomarker-Tests f\u00fcr die Demenz-Fr\u00fcherkennung - digiDEM Bayern\",\"isPartOf\":{\"@id\":\"\\\/#website\"},\"primaryImageOfPage\":{\"@id\":\"https:\\\/\\\/digidem-bayern.de\\\/blut-biomarker-tests-fuer-die-demenz-frueherkennung\\\/#primaryimage\"},\"image\":{\"@id\":\"https:\\\/\\\/digidem-bayern.de\\\/blut-biomarker-tests-fuer-die-demenz-frueherkennung\\\/#primaryimage\"},\"thumbnailUrl\":\"https:\\\/\\\/digidem-bayern.de\\\/wp-content\\\/uploads\\\/2025\\\/02\\\/Bluttest-Alzheimer-shutterstock_2416588571.jpg\",\"datePublished\":\"2025-02-27T12:06:00+00:00\",\"dateModified\":\"2025-05-13T09:05:49+00:00\",\"description\":\"Der Bayerische Landesapothekerkammer unterst\u00fctzt digiDEM Bayern mit Hilfe des Netzwerks \\\"Demenzfreundliche Apotheken\\\".\",\"breadcrumb\":{\"@id\":\"https:\\\/\\\/digidem-bayern.de\\\/blut-biomarker-tests-fuer-die-demenz-frueherkennung\\\/#breadcrumb\"},\"inLanguage\":\"en-US\",\"potentialAction\":[{\"@type\":\"ReadAction\",\"target\":[\"https:\\\/\\\/digidem-bayern.de\\\/blut-biomarker-tests-fuer-die-demenz-frueherkennung\\\/\"]}]},{\"@type\":\"ImageObject\",\"inLanguage\":\"en-US\",\"@id\":\"https:\\\/\\\/digidem-bayern.de\\\/blut-biomarker-tests-fuer-die-demenz-frueherkennung\\\/#primaryimage\",\"url\":\"https:\\\/\\\/digidem-bayern.de\\\/wp-content\\\/uploads\\\/2025\\\/02\\\/Bluttest-Alzheimer-shutterstock_2416588571.jpg\",\"contentUrl\":\"https:\\\/\\\/digidem-bayern.de\\\/wp-content\\\/uploads\\\/2025\\\/02\\\/Bluttest-Alzheimer-shutterstock_2416588571.jpg\",\"width\":1000,\"height\":797,\"caption\":\"Foto: Shutterstock\"},{\"@type\":\"BreadcrumbList\",\"@id\":\"https:\\\/\\\/digidem-bayern.de\\\/blut-biomarker-tests-fuer-die-demenz-frueherkennung\\\/#breadcrumb\",\"itemListElement\":[{\"@type\":\"ListItem\",\"position\":1,\"name\":\"Startseite\",\"item\":\"https:\\\/\\\/digidem-bayern.de\\\/\"},{\"@type\":\"ListItem\",\"position\":2,\"name\":\"Blut-Biomarker-Tests f\u00fcr die Demenz-Fr\u00fcherkennung\"}]},{\"@type\":\"WebSite\",\"@id\":\"\\\/#website\",\"url\":\"\\\/\",\"name\":\"digiDEM Bayern\",\"description\":\"Das digitale Demenzregister Bayern erforscht und verbessert die Angebotsstuktur f\u00fcr Menschen mit Demenz und deren Angeh\u00f6rige\",\"publisher\":{\"@id\":\"\\\/#organization\"},\"potentialAction\":[{\"@type\":\"SearchAction\",\"target\":{\"@type\":\"EntryPoint\",\"urlTemplate\":\"\\\/?s={search_term_string}\"},\"query-input\":{\"@type\":\"PropertyValueSpecification\",\"valueRequired\":true,\"valueName\":\"search_term_string\"}}],\"inLanguage\":\"en-US\"},{\"@type\":\"Organization\",\"@id\":\"\\\/#organization\",\"name\":\"digiDEM Bayern\",\"url\":\"\\\/\",\"logo\":{\"@type\":\"ImageObject\",\"inLanguage\":\"en-US\",\"@id\":\"\\\/#\\\/schema\\\/logo\\\/image\\\/\",\"url\":\"https:\\\/\\\/digidem-bayern.de\\\/wp-content\\\/uploads\\\/2022\\\/03\\\/cropped-Allgemeines_digiDEMLOGO-removebg-preview.png\",\"contentUrl\":\"https:\\\/\\\/digidem-bayern.de\\\/wp-content\\\/uploads\\\/2022\\\/03\\\/cropped-Allgemeines_digiDEMLOGO-removebg-preview.png\",\"width\":612,\"height\":357,\"caption\":\"digiDEM Bayern\"},\"image\":{\"@id\":\"\\\/#\\\/schema\\\/logo\\\/image\\\/\"},\"sameAs\":[\"https:\\\/\\\/www.facebook.com\\\/digiDEMBayern\\\/\",\"https:\\\/\\\/x.com\\\/digidem_bayern\",\"https:\\\/\\\/www.instagram.com\\\/digidem.bayern\",\"https:\\\/\\\/www.linkedin.com\\\/company\\\/digidem-bayern\\\/\"]},{\"@type\":\"Person\",\"@id\":\"\\\/#\\\/schema\\\/person\\\/0bc1494f46fc2a051c761322a80e0941\",\"name\":\"Ilona H\u00f6rath\",\"url\":\"https:\\\/\\\/digidem-bayern.de\\\/en\\\/author\\\/hoeratia\\\/\"}]}<\/script>\n<!-- \/ Yoast SEO plugin. -->","yoast_head_json":{"title":"Blut-Biomarker-Tests f\u00fcr die Demenz-Fr\u00fcherkennung - digiDEM Bayern","description":"Der Bayerische Landesapothekerkammer unterst\u00fctzt digiDEM Bayern mit Hilfe des Netzwerks \"Demenzfreundliche Apotheken\".","robots":{"index":"index","follow":"follow","max-snippet":"max-snippet:-1","max-image-preview":"max-image-preview:large","max-video-preview":"max-video-preview:-1"},"canonical":"https:\/\/digidem-bayern.de\/en\/blut-biomarker-tests-fuer-die-demenz-frueherkennung\/","og_locale":"en_US","og_type":"article","og_title":"Blut-Biomarker-Tests f\u00fcr die Demenz-Fr\u00fcherkennung - digiDEM Bayern","og_description":"Der Bayerische Landesapothekerkammer unterst\u00fctzt digiDEM Bayern mit Hilfe des Netzwerks \"Demenzfreundliche Apotheken\".","og_url":"https:\/\/digidem-bayern.de\/en\/blut-biomarker-tests-fuer-die-demenz-frueherkennung\/","og_site_name":"digiDEM Bayern","article_publisher":"https:\/\/www.facebook.com\/digiDEMBayern\/","article_published_time":"2025-02-27T12:06:00+00:00","article_modified_time":"2025-05-13T09:05:49+00:00","og_image":[{"width":1000,"height":797,"url":"https:\/\/digidem-bayern.de\/wp-content\/uploads\/2025\/02\/Bluttest-Alzheimer-shutterstock_2416588571.jpg","type":"image\/jpeg"}],"author":"Ilona H\u00f6rath","twitter_misc":{"Written by":"Ilona H\u00f6rath","Est. reading time":"2 minutes"},"schema":{"@context":"https:\/\/schema.org","@graph":[{"@type":"Article","@id":"https:\/\/digidem-bayern.de\/blut-biomarker-tests-fuer-die-demenz-frueherkennung\/#article","isPartOf":{"@id":"https:\/\/digidem-bayern.de\/blut-biomarker-tests-fuer-die-demenz-frueherkennung\/"},"author":{"name":"Ilona H\u00f6rath","@id":"\/#\/schema\/person\/0bc1494f46fc2a051c761322a80e0941"},"headline":"Blut-Biomarker-Tests f\u00fcr die Demenz-Fr\u00fcherkennung","datePublished":"2025-02-27T12:06:00+00:00","dateModified":"2025-05-13T09:05:49+00:00","mainEntityOfPage":{"@id":"https:\/\/digidem-bayern.de\/blut-biomarker-tests-fuer-die-demenz-frueherkennung\/"},"wordCount":625,"commentCount":1,"publisher":{"@id":"\/#organization"},"image":{"@id":"https:\/\/digidem-bayern.de\/blut-biomarker-tests-fuer-die-demenz-frueherkennung\/#primaryimage"},"thumbnailUrl":"https:\/\/digidem-bayern.de\/wp-content\/uploads\/2025\/02\/Bluttest-Alzheimer-shutterstock_2416588571.jpg","keywords":["Alzheimer","Alzheimer-Demenz","BBM","Bev\u00f6lkerungsscreening","Blut-Biomarker-Test","Demenz","Demenz-Fr\u00fcherkennung","Demenz-Screning","Demenzdiagnose","digidem","digidem Bayern","Digitales Demenzregister Bayern","Ged\u00e4chtnistests","Gesundheitsversorgung","Kognitives Screening","Risikofaktor","Risikofaktor f\u00fcr Demenz","S3-Leilinie Demenzen"],"articleSection":["Wissenschaft &amp; Forschung"],"inLanguage":"en-US","potentialAction":[{"@type":"CommentAction","name":"Comment","target":["https:\/\/digidem-bayern.de\/blut-biomarker-tests-fuer-die-demenz-frueherkennung\/#respond"]}]},{"@type":"WebPage","@id":"https:\/\/digidem-bayern.de\/blut-biomarker-tests-fuer-die-demenz-frueherkennung\/","url":"https:\/\/digidem-bayern.de\/blut-biomarker-tests-fuer-die-demenz-frueherkennung\/","name":"Blut-Biomarker-Tests f\u00fcr die Demenz-Fr\u00fcherkennung - digiDEM Bayern","isPartOf":{"@id":"\/#website"},"primaryImageOfPage":{"@id":"https:\/\/digidem-bayern.de\/blut-biomarker-tests-fuer-die-demenz-frueherkennung\/#primaryimage"},"image":{"@id":"https:\/\/digidem-bayern.de\/blut-biomarker-tests-fuer-die-demenz-frueherkennung\/#primaryimage"},"thumbnailUrl":"https:\/\/digidem-bayern.de\/wp-content\/uploads\/2025\/02\/Bluttest-Alzheimer-shutterstock_2416588571.jpg","datePublished":"2025-02-27T12:06:00+00:00","dateModified":"2025-05-13T09:05:49+00:00","description":"Der Bayerische Landesapothekerkammer unterst\u00fctzt digiDEM Bayern mit Hilfe des Netzwerks \"Demenzfreundliche Apotheken\".","breadcrumb":{"@id":"https:\/\/digidem-bayern.de\/blut-biomarker-tests-fuer-die-demenz-frueherkennung\/#breadcrumb"},"inLanguage":"en-US","potentialAction":[{"@type":"ReadAction","target":["https:\/\/digidem-bayern.de\/blut-biomarker-tests-fuer-die-demenz-frueherkennung\/"]}]},{"@type":"ImageObject","inLanguage":"en-US","@id":"https:\/\/digidem-bayern.de\/blut-biomarker-tests-fuer-die-demenz-frueherkennung\/#primaryimage","url":"https:\/\/digidem-bayern.de\/wp-content\/uploads\/2025\/02\/Bluttest-Alzheimer-shutterstock_2416588571.jpg","contentUrl":"https:\/\/digidem-bayern.de\/wp-content\/uploads\/2025\/02\/Bluttest-Alzheimer-shutterstock_2416588571.jpg","width":1000,"height":797,"caption":"Foto: Shutterstock"},{"@type":"BreadcrumbList","@id":"https:\/\/digidem-bayern.de\/blut-biomarker-tests-fuer-die-demenz-frueherkennung\/#breadcrumb","itemListElement":[{"@type":"ListItem","position":1,"name":"Startseite","item":"https:\/\/digidem-bayern.de\/"},{"@type":"ListItem","position":2,"name":"Blut-Biomarker-Tests f\u00fcr die Demenz-Fr\u00fcherkennung"}]},{"@type":"WebSite","@id":"\/#website","url":"\/","name":"digiDEM Bavaria","description":"The digital dementia register in Bavaria researches and improves the structure of services for people with dementia and their relatives","publisher":{"@id":"\/#organization"},"potentialAction":[{"@type":"SearchAction","target":{"@type":"EntryPoint","urlTemplate":"\/?s={search_term_string}"},"query-input":{"@type":"PropertyValueSpecification","valueRequired":true,"valueName":"search_term_string"}}],"inLanguage":"en-US"},{"@type":"Organization","@id":"\/#organization","name":"digiDEM Bavaria","url":"\/","logo":{"@type":"ImageObject","inLanguage":"en-US","@id":"\/#\/schema\/logo\/image\/","url":"https:\/\/digidem-bayern.de\/wp-content\/uploads\/2022\/03\/cropped-Allgemeines_digiDEMLOGO-removebg-preview.png","contentUrl":"https:\/\/digidem-bayern.de\/wp-content\/uploads\/2022\/03\/cropped-Allgemeines_digiDEMLOGO-removebg-preview.png","width":612,"height":357,"caption":"digiDEM Bayern"},"image":{"@id":"\/#\/schema\/logo\/image\/"},"sameAs":["https:\/\/www.facebook.com\/digiDEMBayern\/","https:\/\/x.com\/digidem_bayern","https:\/\/www.instagram.com\/digidem.bayern","https:\/\/www.linkedin.com\/company\/digidem-bayern\/"]},{"@type":"Person","@id":"\/#\/schema\/person\/0bc1494f46fc2a051c761322a80e0941","name":"Ilona H\u00f6rath","url":"https:\/\/digidem-bayern.de\/en\/author\/hoeratia\/"}]}},"uagb_featured_image_src":{"full":["https:\/\/digidem-bayern.de\/wp-content\/uploads\/2025\/02\/Bluttest-Alzheimer-shutterstock_2416588571.jpg",1000,797,false],"thumbnail":["https:\/\/digidem-bayern.de\/wp-content\/uploads\/2025\/02\/Bluttest-Alzheimer-shutterstock_2416588571-80x80.jpg",80,80,true],"medium":["https:\/\/digidem-bayern.de\/wp-content\/uploads\/2025\/02\/Bluttest-Alzheimer-shutterstock_2416588571-300x239.jpg",300,239,true],"medium_large":["https:\/\/digidem-bayern.de\/wp-content\/uploads\/2025\/02\/Bluttest-Alzheimer-shutterstock_2416588571-768x612.jpg",768,612,true],"large":["https:\/\/digidem-bayern.de\/wp-content\/uploads\/2025\/02\/Bluttest-Alzheimer-shutterstock_2416588571.jpg",1000,797,false],"1536x1536":["https:\/\/digidem-bayern.de\/wp-content\/uploads\/2025\/02\/Bluttest-Alzheimer-shutterstock_2416588571.jpg",1000,797,false],"2048x2048":["https:\/\/digidem-bayern.de\/wp-content\/uploads\/2025\/02\/Bluttest-Alzheimer-shutterstock_2416588571.jpg",1000,797,false],"trp-custom-language-flag":["https:\/\/digidem-bayern.de\/wp-content\/uploads\/2025\/02\/Bluttest-Alzheimer-shutterstock_2416588571.jpg",15,12,false],"qubely_landscape":["https:\/\/digidem-bayern.de\/wp-content\/uploads\/2025\/02\/Bluttest-Alzheimer-shutterstock_2416588571-1000x750.jpg",1000,750,true],"qubely_portrait":["https:\/\/digidem-bayern.de\/wp-content\/uploads\/2025\/02\/Bluttest-Alzheimer-shutterstock_2416588571-540x320.jpg",540,320,true],"qubely_thumbnail":["https:\/\/digidem-bayern.de\/wp-content\/uploads\/2025\/02\/Bluttest-Alzheimer-shutterstock_2416588571-140x100.jpg",140,100,true],"post-thumbnail":["https:\/\/digidem-bayern.de\/wp-content\/uploads\/2025\/02\/Bluttest-Alzheimer-shutterstock_2416588571-439x350.jpg",439,350,true],"kahuna-featured":["https:\/\/digidem-bayern.de\/wp-content\/uploads\/2025\/02\/Bluttest-Alzheimer-shutterstock_2416588571-734x350.jpg",734,350,true],"kahuna-featured-lp":["https:\/\/digidem-bayern.de\/wp-content\/uploads\/2025\/02\/Bluttest-Alzheimer-shutterstock_2416588571-520x350.jpg",520,350,true],"kahuna-featured-half":["https:\/\/digidem-bayern.de\/wp-content\/uploads\/2025\/02\/Bluttest-Alzheimer-shutterstock_2416588571-800x350.jpg",800,350,true],"kahuna-featured-third":["https:\/\/digidem-bayern.de\/wp-content\/uploads\/2025\/02\/Bluttest-Alzheimer-shutterstock_2416588571-512x350.jpg",512,350,true],"kahuna-lpbox-1":["https:\/\/digidem-bayern.de\/wp-content\/uploads\/2025\/02\/Bluttest-Alzheimer-shutterstock_2416588571-520x300.jpg",520,300,true],"kahuna-lpbox-2":["https:\/\/digidem-bayern.de\/wp-content\/uploads\/2025\/02\/Bluttest-Alzheimer-shutterstock_2416588571-520x350.jpg",520,350,true],"demand-language-flag":["https:\/\/digidem-bayern.de\/wp-content\/uploads\/2025\/02\/Bluttest-Alzheimer-shutterstock_2416588571-36x36.jpg",36,36,true],"dddkt-language-flag":["https:\/\/digidem-bayern.de\/wp-content\/uploads\/2025\/02\/Bluttest-Alzheimer-shutterstock_2416588571-36x36.jpg",36,36,true],"ddiqc-language-flag":["https:\/\/digidem-bayern.de\/wp-content\/uploads\/2025\/02\/Bluttest-Alzheimer-shutterstock_2416588571-36x36.jpg",36,36,true],"ddtl-language-flag":["https:\/\/digidem-bayern.de\/wp-content\/uploads\/2025\/02\/Bluttest-Alzheimer-shutterstock_2416588571-36x36.jpg",36,36,true],"mailpoet_newsletter_max":["https:\/\/digidem-bayern.de\/wp-content\/uploads\/2025\/02\/Bluttest-Alzheimer-shutterstock_2416588571.jpg",1000,797,false],"kahuna-lpbox-3":["https:\/\/digidem-bayern.de\/wp-content\/uploads\/2025\/02\/Bluttest-Alzheimer-shutterstock_2416588571-520x350.jpg",520,350,true],"kahuna-featured-square":["https:\/\/digidem-bayern.de\/wp-content\/uploads\/2025\/02\/Bluttest-Alzheimer-shutterstock_2416588571-512x512.jpg",512,512,true],"kahuna-featured-square-large":["https:\/\/digidem-bayern.de\/wp-content\/uploads\/2025\/02\/Bluttest-Alzheimer-shutterstock_2416588571.jpg",1000,797,false]},"uagb_author_info":{"display_name":"Ilona H\u00f6rath","author_link":"https:\/\/digidem-bayern.de\/en\/author\/hoeratia\/"},"uagb_comment_info":1,"uagb_excerpt":"Blut-Biomarker-Tests und kognitive Screenings: Inwiefern werden diese Tests zur Demenz-Fr\u00fcherkennung eigentlich in der Bev\u00f6lkerung wahrgenommen? Welche Erfahrungen haben \u00e4ltere Menschen damit gemacht? In einer US-amerikanischen Studie, die im Januar 2025 publiziert wurde, haben Forschende interessante Erkenntnisse zutage gef\u00f6rdert. Wie vertraut US-B\u00fcrgerinnen und B\u00fcrger im Alter zwischen 65 und 80 Jahren &hellip;","_links":{"self":[{"href":"https:\/\/digidem-bayern.de\/en\/wp-json\/wp\/v2\/posts\/42030","targetHints":{"allow":["GET"]}}],"collection":[{"href":"https:\/\/digidem-bayern.de\/en\/wp-json\/wp\/v2\/posts"}],"about":[{"href":"https:\/\/digidem-bayern.de\/en\/wp-json\/wp\/v2\/types\/post"}],"author":[{"embeddable":true,"href":"https:\/\/digidem-bayern.de\/en\/wp-json\/wp\/v2\/users\/12"}],"replies":[{"embeddable":true,"href":"https:\/\/digidem-bayern.de\/en\/wp-json\/wp\/v2\/comments?post=42030"}],"version-history":[{"count":3,"href":"https:\/\/digidem-bayern.de\/en\/wp-json\/wp\/v2\/posts\/42030\/revisions"}],"predecessor-version":[{"id":42065,"href":"https:\/\/digidem-bayern.de\/en\/wp-json\/wp\/v2\/posts\/42030\/revisions\/42065"}],"wp:featuredmedia":[{"embeddable":true,"href":"https:\/\/digidem-bayern.de\/en\/wp-json\/wp\/v2\/media\/42045"}],"wp:attachment":[{"href":"https:\/\/digidem-bayern.de\/en\/wp-json\/wp\/v2\/media?parent=42030"}],"wp:term":[{"taxonomy":"category","embeddable":true,"href":"https:\/\/digidem-bayern.de\/en\/wp-json\/wp\/v2\/categories?post=42030"},{"taxonomy":"post_tag","embeddable":true,"href":"https:\/\/digidem-bayern.de\/en\/wp-json\/wp\/v2\/tags?post=42030"}],"curies":[{"name":"wp","href":"https:\/\/api.w.org\/{rel}","templated":true}]}}