{"id":41392,"date":"2024-12-03T17:33:41","date_gmt":"2024-12-03T16:33:41","guid":{"rendered":"https:\/\/digidem-bayern.de\/?p=41392"},"modified":"2025-09-08T11:43:51","modified_gmt":"2025-09-08T09:43:51","slug":"digidem-bayern-schlaglicht_07-neue-medikamente-gegen-demenz-ein-durchbruch-mit-nebenwirkungen","status":"publish","type":"post","link":"https:\/\/digidem-bayern.de\/en\/digidem-bayern-schlaglicht_07-neue-medikamente-gegen-demenz-ein-durchbruch-mit-nebenwirkungen\/","title":{"rendered":"digiDEM Bayern SCHLAGLICHT_07: Neue Medikamente gegen Demenz \u2013 Ein \u201eDurchbruch mit Nebenwirkungen\u201c"},"content":{"rendered":"<p>In den vergangenen Wochen haben wir Sie in mehreren Teilen unseres Sonder-Newsletters&nbsp;<em>SCHLAGLICHT \u2013 Medikamente gegen Demenz&nbsp;<\/em>\u00fcber neue Demenz-Medikamente und Herausforderungen f\u00fcr die Alltagsversorgung informiert. Alle Ausgaben, die erschienen sind, k\u00f6nnen Sie jederzeit in unserem digiDEM Bayern-Newsletterarchiv nachlesen:&nbsp;<a href=\"https:\/\/digidem-bayern.de\/en\/newsletter-archiv\/\">https:\/\/digidem-bayern.de\/newsletter-archiv\/<\/a>.<\/p>\n\n\n\n<p>In der siebten und letzten Ausgabe unseres Sonder-Newsletters&nbsp;<em>SCHLAGLICHT \u2013 Medikamente gegen Demenz<\/em>&nbsp;befasst sich&nbsp;<strong>Michael Zeiler, wissenschaftlicher Mitarbeiter bei digiDEM Bayern<\/strong>, mit der Ver\u00f6ffentlichung&nbsp;\u201eLecanemab for Alzheimer\u2019s disease\u201c&nbsp;von Sebastian Walsh von der University of Cambridge und einer internationalen Autorengruppe in der Fachzeitschrift BMJ \u00fcber die Wirkung und Nebenwirkungen des Medikamentes Lecanemab (<a href=\"https:\/\/www.bmj.com\/content\/379\/bmj.o3010\">DOI: https:\/\/doi.org\/10.1136\/bmj.o3010<\/a>).<\/p>\n\n\n\n<p><\/p>\n\n\n\n<p><strong>Lesen Sie jetzt den Beitrag von Michael Zeiler:<\/strong><span style=\"caret-color: rgb(0, 0, 0); color: rgb(0, 0, 0); font-family: -webkit-standard; font-size: medium; white-space: normal;\"><\/span><span style=\"caret-color: rgb(0, 0, 0); color: rgb(0, 0, 0); font-family: -webkit-standard; font-size: medium; white-space: normal;\"><\/span><\/p>\n\n\n\n<p><strong>Lecanemab: Ein Durchbruch in der Alzheimer-Therapie?<\/strong><\/p>\n\n\n\n<p>Die ver\u00f6ffentlichten Ergebnisse der Phase-3-Studie zu Lecanemab, einem neuen Antik\u00f6rpermedikament gegen Alzheimer, haben in der medizinischen Gemeinschaft und in den Medien f\u00fcr Aufsehen gesorgt. Mit Berichten \u00fcber eine \u201eneue \u00c4ra der Alzheimer-Behandlung\u201c wurde das Medikament als potenzieller Durchbruch gefeiert. Doch bei genauer Betrachtung stellt sich die Frage, ob Lecanemab tats\u00e4chlich die erhoffte Wirkung auf den Krankheitsverlauf hat und ob die damit verbundenen Risiken vertretbar sind.<\/p>\n\n\n\n<p><strong>Wirksame Amyloid-Reduktion \u2013 aber nur minimaler Nutzen<\/strong><\/p>\n\n\n\n<p>Im Gegensatz zu fr\u00fcheren medikament\u00f6sen Therapien zeigte die Lecanemab-Studie einen statistisch signifikanten Unterschied in der Verlangsamung des kognitiven Verfalls bei Alzheimer-Patienten. Dennoch bleibt der tats\u00e4chliche klinische Nutzen fraglich. Die erzielte Verbesserung der Kognition auf einer Skala von 0 (= gesund) bis 18 (= schwere Demenz) war minimal (0,35 bis 0,62 Punkte nach 18 Monaten Behandlung) und lag deutlich unter dem, was f\u00fcr die klinische Praxis von Bedeutung (0,98 &#8211; 1,63) angesehen wird. Die Behandlung bietet daher f\u00fcr Patientinnen und Patienten und ihre Familien keine wahrnehmbare klinische Verbesserung.\u00a0<\/p>\n\n\n\n<p><strong>Erhebliche Sicherheitsbedenken<\/strong><\/p>\n\n\n\n<p>Neben dem begrenzten Nutzen wirft Lecanemab auch erhebliche Sicherheitsbedenken auf. W\u00e4hrend der klinischen Studie entwickelten \u00fcber 12% der Teilnehmenden Hirn\u00f6deme und etwa 17% erlitten asymptomatische Hirnblutungen. Beide Nebenwirkungen k\u00f6nnen lebensbedrohlich sein und treten deutlich h\u00e4ufiger auf als in der Vergleichsgruppe (1,7% und 9,0%), die das Medikament nicht erhalten hat. Diese Zahlen sind, so Sebastian Walsh und Kollegen, besorgniserregend, insbesondere da die langfristigen Auswirkungen dieser Nebenwirkungen noch unklar sind. Zudem mussten fast 7% der Teilnehmenden die Studie aufgrund schwerwiegender Nebenwirkungen abbrechen.\u00a0<\/p>\n\n\n\n<p><strong>Ein \u201eGamechanger\u201c?<\/strong><\/p>\n\n\n\n<p>Die US-amerikanische Zulassungsbeh\u00f6rde (FDA) hat Lecanemab bereits im Jahr 2023 zugelassen, die Europ\u00e4ische Arzneimittel-Agentur (EMA) hatte einer Zulassung zun\u00e4chst auf Grund des fehlenden Nachweises der klinisch relevanten Verbesserung nicht zugestimmt. Am 14. November sprach der Ausschuss f\u00fcr Humanarzneimittel (CHMP) der EMA nach einem erneuten Pr\u00fcfverfahren die Empfehlung aus, Lecanemab unter Auflagen verordnen zu k\u00f6nnen. Das Medikament ist ausschlie\u00dflich f\u00fcr Patienten mit einer fr\u00fchen Form der Alzheimer-Erkrankung zugelassen, bei denen zudem Beta-Amyloid-Proteine, also punktf\u00f6rmige Eiwei\u00dfablagerungen im Gehirn, nachgewiesen wurden. Es sollte au\u00dferdem nur an Personen verabreicht werden, die entweder keine oder h\u00f6chstens eine genetische Kopie des Apolipoprotein E (ApoE4)-Proteins aufweisen\u00a0(<a href=\"https:\/\/www.ema.europa.eu\/en\/medicines\/human\/EPAR\/leqembi\">https:\/\/www.ema.europa.eu\/en\/medicines\/human\/EPAR\/leqembi<\/a>).<\/p>\n\n\n\n<p>Sebastian Walsh und Kollegen \u00e4u\u00dfern insgesamt erhebliche Zweifel daran, ob Lecanemab wirklich den erhofften \u201eGamechanger\u201c darstellt. Angesichts der begrenzten Wirksamkeit und der erheblichen Risiken von Lecanemab ist es unerl\u00e4sslich, dass die Forschung sich breiter aufstellt. Die Reduktion von Demenzrisiken durch Pr\u00e4ventionsma\u00dfnahmen, die Erforschung alternativer therapeutischer Ans\u00e4tze und die F\u00f6rderung nicht-pharmakologischer Interventionen mit nachgewiesenen Vorteilen sollten verst\u00e4rkt in den Fokus r\u00fccken, fassen Walsh und Kollegen zusammen.<\/p>\n\n\n\n<p><a href=\"https:\/\/doi.org\/10.1136\/bmj.o3010\">Hier geht es zur Studie von\u00a0Sebastian Walsh und Kollegen.<\/a><span style=\"caret-color: rgb(0, 0, 0); color: rgb(0, 0, 0); font-family: -webkit-standard; font-size: medium; white-space: normal;\"><\/span><\/p>\n\n\n\n<p><\/p>\n\n\n\n<div style=\"height:20px\" aria-hidden=\"true\" class=\"wp-block-spacer\"><\/div>\n\n\n\n<div style=\"height:20px\" aria-hidden=\"true\" class=\"wp-block-spacer\"><\/div>\n\n\n\n<p><\/p>","protected":false},"excerpt":{"rendered":"<p>In den vergangenen Wochen haben wir Sie in mehreren Teilen unseres Sonder-Newsletters&nbsp;SCHLAGLICHT \u2013 Medikamente gegen Demenz&nbsp;\u00fcber neue Demenz-Medikamente und Herausforderungen f\u00fcr die Alltagsversorgung informiert. Alle Ausgaben, die erschienen sind, k\u00f6nnen Sie jederzeit in unserem digiDEM Bayern-Newsletterarchiv nachlesen:&nbsp;https:\/\/digidem-bayern.de\/newsletter-archiv\/. In der siebten und letzten Ausgabe unseres Sonder-Newsletters&nbsp;SCHLAGLICHT \u2013 Medikamente gegen Demenz&nbsp;befasst sich&nbsp;Michael &hellip;<\/p>","protected":false},"author":12,"featured_media":41344,"comment_status":"open","ping_status":"closed","sticky":false,"template":"","format":"standard","meta":{"qubely_global_settings":"","qubely_interactions":"","_uag_custom_page_level_css":"","footnotes":""},"categories":[8,1676,5],"tags":[1353,13,406,1380,12,1379,112,541,14,17,1364,1363,671,55,1313,1208,1381],"class_list":["post-41392","post","type-post","status-publish","format-standard","has-post-thumbnail","hentry","category-aktuelles-zu-digidem","category-schlaglichter","category-wissenschaft-forschung","tag-achtsamkeitsuebung","tag-alzheimer","tag-alzheimer-demenz","tag-beta-amyloid-protein","tag-demenz-2","tag-demenz-medikament","tag-demenzdiagnose","tag-depression","tag-digidem","tag-digidem-bayern","tag-digitale-anwendungen","tag-digitale-anwendunghen","tag-digitale-technologien","tag-digitales-demenzregister-bayern","tag-hirnoedem","tag-lecanemab","tag-sebastian-walsh"],"qubely_featured_image_url":{"full":["https:\/\/digidem-bayern.de\/wp-content\/uploads\/2025\/02\/Schlaglicht-07.png",1462,1524,false],"landscape":["https:\/\/digidem-bayern.de\/wp-content\/uploads\/2025\/02\/Schlaglicht-07-1200x750.png",1200,750,true],"portraits":["https:\/\/digidem-bayern.de\/wp-content\/uploads\/2025\/02\/Schlaglicht-07-540x320.png",540,320,true],"thumbnail":["https:\/\/digidem-bayern.de\/wp-content\/uploads\/2025\/02\/Schlaglicht-07-80x80.png",80,80,true],"medium":["https:\/\/digidem-bayern.de\/wp-content\/uploads\/2025\/02\/Schlaglicht-07-288x300.png",288,300,true],"medium_large":["https:\/\/digidem-bayern.de\/wp-content\/uploads\/2025\/02\/Schlaglicht-07-768x801.png",768,801,true],"large":["https:\/\/digidem-bayern.de\/wp-content\/uploads\/2025\/02\/Schlaglicht-07-988x1030.png",988,1030,true],"1536x1536":["https:\/\/digidem-bayern.de\/wp-content\/uploads\/2025\/02\/Schlaglicht-07.png",1462,1524,false],"2048x2048":["https:\/\/digidem-bayern.de\/wp-content\/uploads\/2025\/02\/Schlaglicht-07.png",1462,1524,false],"trp-custom-language-flag":["https:\/\/digidem-bayern.de\/wp-content\/uploads\/2025\/02\/Schlaglicht-07.png",12,12,false],"qubely_landscape":["https:\/\/digidem-bayern.de\/wp-content\/uploads\/2025\/02\/Schlaglicht-07-1200x750.png",1200,750,true],"qubely_portrait":["https:\/\/digidem-bayern.de\/wp-content\/uploads\/2025\/02\/Schlaglicht-07-540x320.png",540,320,true],"qubely_thumbnail":["https:\/\/digidem-bayern.de\/wp-content\/uploads\/2025\/02\/Schlaglicht-07-140x100.png",140,100,true],"post-thumbnail":["https:\/\/digidem-bayern.de\/wp-content\/uploads\/2025\/02\/Schlaglicht-07-336x350.png",336,350,true],"kahuna-featured":["https:\/\/digidem-bayern.de\/wp-content\/uploads\/2025\/02\/Schlaglicht-07-734x350.png",734,350,true],"kahuna-featured-lp":["https:\/\/digidem-bayern.de\/wp-content\/uploads\/2025\/02\/Schlaglicht-07-520x350.png",520,350,true],"kahuna-featured-half":["https:\/\/digidem-bayern.de\/wp-content\/uploads\/2025\/02\/Schlaglicht-07-800x350.png",800,350,true],"kahuna-featured-third":["https:\/\/digidem-bayern.de\/wp-content\/uploads\/2025\/02\/Schlaglicht-07-512x350.png",512,350,true],"kahuna-lpbox-1":["https:\/\/digidem-bayern.de\/wp-content\/uploads\/2025\/02\/Schlaglicht-07-520x300.png",520,300,true],"kahuna-lpbox-2":["https:\/\/digidem-bayern.de\/wp-content\/uploads\/2025\/02\/Schlaglicht-07-520x350.png",520,350,true],"demand-language-flag":["https:\/\/digidem-bayern.de\/wp-content\/uploads\/2025\/02\/Schlaglicht-07-36x36.png",36,36,true],"dddkt-language-flag":["https:\/\/digidem-bayern.de\/wp-content\/uploads\/2025\/02\/Schlaglicht-07-36x36.png",36,36,true],"ddiqc-language-flag":["https:\/\/digidem-bayern.de\/wp-content\/uploads\/2025\/02\/Schlaglicht-07-36x36.png",36,36,true],"ddtl-language-flag":["https:\/\/digidem-bayern.de\/wp-content\/uploads\/2025\/02\/Schlaglicht-07-36x36.png",36,36,true],"mailpoet_newsletter_max":["https:\/\/digidem-bayern.de\/wp-content\/uploads\/2025\/02\/Schlaglicht-07-1320x1376.png",1320,1376,true],"kahuna-lpbox-3":["https:\/\/digidem-bayern.de\/wp-content\/uploads\/2025\/02\/Schlaglicht-07-520x350.png",520,350,true],"kahuna-featured-square":["https:\/\/digidem-bayern.de\/wp-content\/uploads\/2025\/02\/Schlaglicht-07-512x512.png",512,512,true],"kahuna-featured-square-large":["https:\/\/digidem-bayern.de\/wp-content\/uploads\/2025\/02\/Schlaglicht-07-1024x1024.png",1024,1024,true]},"qubely_author":{"display_name":"Ilona H\u00f6rath","author_link":"https:\/\/digidem-bayern.de\/en\/author\/hoeratia\/"},"qubely_comment":0,"qubely_category":"<a href=\"https:\/\/digidem-bayern.de\/en\/category\/aktuelles-zu-digidem\/\" rel=\"category tag\">Aktuelles zu digiDEM<\/a> <a href=\"https:\/\/digidem-bayern.de\/en\/category\/schlaglichter\/\" rel=\"category tag\">Schlaglichter<\/a> <a href=\"https:\/\/digidem-bayern.de\/en\/category\/wissenschaft-forschung\/\" rel=\"category tag\">Wissenschaft &amp; Forschung<\/a>","qubely_excerpt":"In den vergangenen Wochen haben wir Sie in mehreren Teilen unseres Sonder-Newsletters&nbsp;SCHLAGLICHT \u2013 Medikamente gegen Demenz&nbsp;\u00fcber neue Demenz-Medikamente und Herausforderungen f\u00fcr die Alltagsversorgung informiert. Alle Ausgaben, die erschienen sind, k\u00f6nnen Sie jederzeit in unserem digiDEM Bayern-Newsletterarchiv nachlesen:&nbsp;https:\/\/digidem-bayern.de\/newsletter-archiv\/. In der siebten und letzten Ausgabe unseres Sonder-Newsletters&nbsp;SCHLAGLICHT \u2013 Medikamente gegen Demenz&nbsp;befasst sich&nbsp;Michael &hellip;","featured_image_urls_v2":{"full":["https:\/\/digidem-bayern.de\/wp-content\/uploads\/2025\/02\/Schlaglicht-07.png",1462,1524,false],"thumbnail":["https:\/\/digidem-bayern.de\/wp-content\/uploads\/2025\/02\/Schlaglicht-07-80x80.png",80,80,true],"medium":["https:\/\/digidem-bayern.de\/wp-content\/uploads\/2025\/02\/Schlaglicht-07-288x300.png",288,300,true],"medium_large":["https:\/\/digidem-bayern.de\/wp-content\/uploads\/2025\/02\/Schlaglicht-07-768x801.png",768,801,true],"large":["https:\/\/digidem-bayern.de\/wp-content\/uploads\/2025\/02\/Schlaglicht-07-988x1030.png",988,1030,true],"1536x1536":["https:\/\/digidem-bayern.de\/wp-content\/uploads\/2025\/02\/Schlaglicht-07.png",1462,1524,false],"2048x2048":["https:\/\/digidem-bayern.de\/wp-content\/uploads\/2025\/02\/Schlaglicht-07.png",1462,1524,false],"trp-custom-language-flag":["https:\/\/digidem-bayern.de\/wp-content\/uploads\/2025\/02\/Schlaglicht-07.png",12,12,false],"qubely_landscape":["https:\/\/digidem-bayern.de\/wp-content\/uploads\/2025\/02\/Schlaglicht-07-1200x750.png",1200,750,true],"qubely_portrait":["https:\/\/digidem-bayern.de\/wp-content\/uploads\/2025\/02\/Schlaglicht-07-540x320.png",540,320,true],"qubely_thumbnail":["https:\/\/digidem-bayern.de\/wp-content\/uploads\/2025\/02\/Schlaglicht-07-140x100.png",140,100,true],"post-thumbnail":["https:\/\/digidem-bayern.de\/wp-content\/uploads\/2025\/02\/Schlaglicht-07-336x350.png",336,350,true],"kahuna-featured":["https:\/\/digidem-bayern.de\/wp-content\/uploads\/2025\/02\/Schlaglicht-07-734x350.png",734,350,true],"kahuna-featured-lp":["https:\/\/digidem-bayern.de\/wp-content\/uploads\/2025\/02\/Schlaglicht-07-520x350.png",520,350,true],"kahuna-featured-half":["https:\/\/digidem-bayern.de\/wp-content\/uploads\/2025\/02\/Schlaglicht-07-800x350.png",800,350,true],"kahuna-featured-third":["https:\/\/digidem-bayern.de\/wp-content\/uploads\/2025\/02\/Schlaglicht-07-512x350.png",512,350,true],"kahuna-lpbox-1":["https:\/\/digidem-bayern.de\/wp-content\/uploads\/2025\/02\/Schlaglicht-07-520x300.png",520,300,true],"kahuna-lpbox-2":["https:\/\/digidem-bayern.de\/wp-content\/uploads\/2025\/02\/Schlaglicht-07-520x350.png",520,350,true],"demand-language-flag":["https:\/\/digidem-bayern.de\/wp-content\/uploads\/2025\/02\/Schlaglicht-07-36x36.png",36,36,true],"dddkt-language-flag":["https:\/\/digidem-bayern.de\/wp-content\/uploads\/2025\/02\/Schlaglicht-07-36x36.png",36,36,true],"ddiqc-language-flag":["https:\/\/digidem-bayern.de\/wp-content\/uploads\/2025\/02\/Schlaglicht-07-36x36.png",36,36,true],"ddtl-language-flag":["https:\/\/digidem-bayern.de\/wp-content\/uploads\/2025\/02\/Schlaglicht-07-36x36.png",36,36,true],"mailpoet_newsletter_max":["https:\/\/digidem-bayern.de\/wp-content\/uploads\/2025\/02\/Schlaglicht-07-1320x1376.png",1320,1376,true],"kahuna-lpbox-3":["https:\/\/digidem-bayern.de\/wp-content\/uploads\/2025\/02\/Schlaglicht-07-520x350.png",520,350,true],"kahuna-featured-square":["https:\/\/digidem-bayern.de\/wp-content\/uploads\/2025\/02\/Schlaglicht-07-512x512.png",512,512,true],"kahuna-featured-square-large":["https:\/\/digidem-bayern.de\/wp-content\/uploads\/2025\/02\/Schlaglicht-07-1024x1024.png",1024,1024,true]},"post_excerpt_stackable_v2":"<p>In den vergangenen Wochen haben wir Sie in mehreren Teilen unseres Sonder-Newsletters&nbsp;SCHLAGLICHT \u2013 Medikamente gegen Demenz&nbsp;\u00fcber neue Demenz-Medikamente und Herausforderungen f\u00fcr die Alltagsversorgung informiert. Alle Ausgaben, die erschienen sind, k\u00f6nnen Sie jederzeit in unserem digiDEM Bayern-Newsletterarchiv nachlesen:&nbsp;https:\/\/digidem-bayern.de\/newsletter-archiv\/. In der siebten und letzten Ausgabe unseres Sonder-Newsletters&nbsp;SCHLAGLICHT \u2013 Medikamente gegen Demenz&nbsp;befasst sich&nbsp;Michael Zeiler, wissenschaftlicher Mitarbeiter bei digiDEM Bayern, mit der Ver\u00f6ffentlichung&nbsp;\u201eLecanemab for Alzheimer\u2019s disease\u201c&nbsp;von Sebastian Walsh von der University of Cambridge und einer internationalen Autorengruppe in der Fachzeitschrift BMJ \u00fcber die Wirkung und Nebenwirkungen des Medikamentes Lecanemab (DOI: https:\/\/doi.org\/10.1136\/bmj.o3010). Lesen Sie jetzt den Beitrag von Michael Zeiler: Lecanemab: Ein Durchbruch in der&hellip;<\/p>\n","category_list_v2":"<a href=\"https:\/\/digidem-bayern.de\/en\/category\/aktuelles-zu-digidem\/\" rel=\"category tag\">Aktuelles zu digiDEM<\/a>, <a href=\"https:\/\/digidem-bayern.de\/en\/category\/schlaglichter\/\" rel=\"category tag\">Schlaglichter<\/a>, <a href=\"https:\/\/digidem-bayern.de\/en\/category\/wissenschaft-forschung\/\" rel=\"category tag\">Wissenschaft &amp; Forschung<\/a>","author_info_v2":{"name":"Ilona H\u00f6rath","url":"https:\/\/digidem-bayern.de\/en\/author\/hoeratia\/"},"comments_num_v2":"0 comments","yoast_head":"<!-- This site is optimized with the Yoast SEO plugin v27.4 - https:\/\/yoast.com\/product\/yoast-seo-wordpress\/ -->\n<title>digiDEM Bayern SCHLAGLICHT_07: Neue Medikamente gegen Demenz \u2013 Ein \u201eDurchbruch mit Nebenwirkungen\u201c - digiDEM Bayern<\/title>\n<meta name=\"description\" content=\"Der Bayerische Landesapothekerkammer unterst\u00fctzt digiDEM Bayern mit Hilfe des Netzwerks &quot;Demenzfreundliche Apotheken&quot;.\" \/>\n<meta name=\"robots\" content=\"index, follow, max-snippet:-1, max-image-preview:large, max-video-preview:-1\" \/>\n<link rel=\"canonical\" href=\"https:\/\/digidem-bayern.de\/en\/digidem-bayern-schlaglicht_07-neue-medikamente-gegen-demenz-ein-durchbruch-mit-nebenwirkungen\/\" \/>\n<meta property=\"og:locale\" content=\"en_US\" \/>\n<meta property=\"og:type\" content=\"article\" \/>\n<meta property=\"og:title\" content=\"digiDEM Bayern SCHLAGLICHT_07: Neue Medikamente gegen Demenz \u2013 Ein \u201eDurchbruch mit Nebenwirkungen\u201c - digiDEM Bayern\" \/>\n<meta property=\"og:description\" content=\"Der Bayerische Landesapothekerkammer unterst\u00fctzt digiDEM Bayern mit Hilfe des Netzwerks &quot;Demenzfreundliche Apotheken&quot;.\" \/>\n<meta property=\"og:url\" content=\"https:\/\/digidem-bayern.de\/en\/digidem-bayern-schlaglicht_07-neue-medikamente-gegen-demenz-ein-durchbruch-mit-nebenwirkungen\/\" \/>\n<meta property=\"og:site_name\" content=\"digiDEM Bayern\" \/>\n<meta property=\"article:publisher\" content=\"https:\/\/www.facebook.com\/digiDEMBayern\/\" \/>\n<meta property=\"article:published_time\" content=\"2024-12-03T16:33:41+00:00\" \/>\n<meta property=\"article:modified_time\" content=\"2025-09-08T09:43:51+00:00\" \/>\n<meta property=\"og:image\" content=\"https:\/\/digidem-bayern.de\/wp-content\/uploads\/2025\/02\/Schlaglicht-07.png\" \/>\n\t<meta property=\"og:image:width\" content=\"1462\" \/>\n\t<meta property=\"og:image:height\" content=\"1524\" \/>\n\t<meta property=\"og:image:type\" content=\"image\/png\" \/>\n<meta name=\"author\" content=\"Ilona H\u00f6rath\" \/>\n<meta name=\"twitter:label1\" content=\"Written by\" \/>\n\t<meta name=\"twitter:data1\" content=\"Ilona H\u00f6rath\" \/>\n\t<meta name=\"twitter:label2\" content=\"Est. reading time\" \/>\n\t<meta name=\"twitter:data2\" content=\"2 minutes\" \/>\n<script type=\"application\/ld+json\" class=\"yoast-schema-graph\">{\"@context\":\"https:\\\/\\\/schema.org\",\"@graph\":[{\"@type\":\"Article\",\"@id\":\"https:\\\/\\\/digidem-bayern.de\\\/digidem-bayern-schlaglicht_07-neue-medikamente-gegen-demenz-ein-durchbruch-mit-nebenwirkungen\\\/#article\",\"isPartOf\":{\"@id\":\"https:\\\/\\\/digidem-bayern.de\\\/digidem-bayern-schlaglicht_07-neue-medikamente-gegen-demenz-ein-durchbruch-mit-nebenwirkungen\\\/\"},\"author\":{\"name\":\"Ilona H\u00f6rath\",\"@id\":\"\\\/#\\\/schema\\\/person\\\/0bc1494f46fc2a051c761322a80e0941\"},\"headline\":\"digiDEM Bayern SCHLAGLICHT_07: Neue Medikamente gegen Demenz \u2013 Ein \u201eDurchbruch mit Nebenwirkungen\u201c\",\"datePublished\":\"2024-12-03T16:33:41+00:00\",\"dateModified\":\"2025-09-08T09:43:51+00:00\",\"mainEntityOfPage\":{\"@id\":\"https:\\\/\\\/digidem-bayern.de\\\/digidem-bayern-schlaglicht_07-neue-medikamente-gegen-demenz-ein-durchbruch-mit-nebenwirkungen\\\/\"},\"wordCount\":583,\"commentCount\":0,\"publisher\":{\"@id\":\"\\\/#organization\"},\"image\":{\"@id\":\"https:\\\/\\\/digidem-bayern.de\\\/digidem-bayern-schlaglicht_07-neue-medikamente-gegen-demenz-ein-durchbruch-mit-nebenwirkungen\\\/#primaryimage\"},\"thumbnailUrl\":\"https:\\\/\\\/digidem-bayern.de\\\/wp-content\\\/uploads\\\/2025\\\/02\\\/Schlaglicht-07.png\",\"keywords\":[\"Achtsamkeits\u00fcbung\",\"Alzheimer\",\"Alzheimer-Demenz\",\"Beta-Amyloid-Protein\",\"Demenz\",\"Demenz-Medikament\",\"Demenzdiagnose\",\"Depression\",\"digidem\",\"digidem Bayern\",\"digitale Anwendungen\",\"digitale Anwendunghen\",\"digitale Technologien\",\"Digitales Demenzregister Bayern\",\"Hirn\u00f6dem\",\"Lecanemab\",\"Sebastian Walsh\"],\"articleSection\":[\"Aktuelles zu digiDEM\",\"Schlaglichter\",\"Wissenschaft &amp; Forschung\"],\"inLanguage\":\"en-US\",\"potentialAction\":[{\"@type\":\"CommentAction\",\"name\":\"Comment\",\"target\":[\"https:\\\/\\\/digidem-bayern.de\\\/digidem-bayern-schlaglicht_07-neue-medikamente-gegen-demenz-ein-durchbruch-mit-nebenwirkungen\\\/#respond\"]}]},{\"@type\":\"WebPage\",\"@id\":\"https:\\\/\\\/digidem-bayern.de\\\/digidem-bayern-schlaglicht_07-neue-medikamente-gegen-demenz-ein-durchbruch-mit-nebenwirkungen\\\/\",\"url\":\"https:\\\/\\\/digidem-bayern.de\\\/digidem-bayern-schlaglicht_07-neue-medikamente-gegen-demenz-ein-durchbruch-mit-nebenwirkungen\\\/\",\"name\":\"digiDEM Bayern SCHLAGLICHT_07: Neue Medikamente gegen Demenz \u2013 Ein \u201eDurchbruch mit Nebenwirkungen\u201c - digiDEM Bayern\",\"isPartOf\":{\"@id\":\"\\\/#website\"},\"primaryImageOfPage\":{\"@id\":\"https:\\\/\\\/digidem-bayern.de\\\/digidem-bayern-schlaglicht_07-neue-medikamente-gegen-demenz-ein-durchbruch-mit-nebenwirkungen\\\/#primaryimage\"},\"image\":{\"@id\":\"https:\\\/\\\/digidem-bayern.de\\\/digidem-bayern-schlaglicht_07-neue-medikamente-gegen-demenz-ein-durchbruch-mit-nebenwirkungen\\\/#primaryimage\"},\"thumbnailUrl\":\"https:\\\/\\\/digidem-bayern.de\\\/wp-content\\\/uploads\\\/2025\\\/02\\\/Schlaglicht-07.png\",\"datePublished\":\"2024-12-03T16:33:41+00:00\",\"dateModified\":\"2025-09-08T09:43:51+00:00\",\"description\":\"Der Bayerische Landesapothekerkammer unterst\u00fctzt digiDEM Bayern mit Hilfe des Netzwerks \\\"Demenzfreundliche Apotheken\\\".\",\"breadcrumb\":{\"@id\":\"https:\\\/\\\/digidem-bayern.de\\\/digidem-bayern-schlaglicht_07-neue-medikamente-gegen-demenz-ein-durchbruch-mit-nebenwirkungen\\\/#breadcrumb\"},\"inLanguage\":\"en-US\",\"potentialAction\":[{\"@type\":\"ReadAction\",\"target\":[\"https:\\\/\\\/digidem-bayern.de\\\/digidem-bayern-schlaglicht_07-neue-medikamente-gegen-demenz-ein-durchbruch-mit-nebenwirkungen\\\/\"]}]},{\"@type\":\"ImageObject\",\"inLanguage\":\"en-US\",\"@id\":\"https:\\\/\\\/digidem-bayern.de\\\/digidem-bayern-schlaglicht_07-neue-medikamente-gegen-demenz-ein-durchbruch-mit-nebenwirkungen\\\/#primaryimage\",\"url\":\"https:\\\/\\\/digidem-bayern.de\\\/wp-content\\\/uploads\\\/2025\\\/02\\\/Schlaglicht-07.png\",\"contentUrl\":\"https:\\\/\\\/digidem-bayern.de\\\/wp-content\\\/uploads\\\/2025\\\/02\\\/Schlaglicht-07.png\",\"width\":1462,\"height\":1524},{\"@type\":\"BreadcrumbList\",\"@id\":\"https:\\\/\\\/digidem-bayern.de\\\/digidem-bayern-schlaglicht_07-neue-medikamente-gegen-demenz-ein-durchbruch-mit-nebenwirkungen\\\/#breadcrumb\",\"itemListElement\":[{\"@type\":\"ListItem\",\"position\":1,\"name\":\"Startseite\",\"item\":\"https:\\\/\\\/digidem-bayern.de\\\/\"},{\"@type\":\"ListItem\",\"position\":2,\"name\":\"digiDEM Bayern SCHLAGLICHT_07: Neue Medikamente gegen Demenz \u2013 Ein \u201eDurchbruch mit Nebenwirkungen\u201c\"}]},{\"@type\":\"WebSite\",\"@id\":\"\\\/#website\",\"url\":\"\\\/\",\"name\":\"digiDEM Bayern\",\"description\":\"Das digitale Demenzregister Bayern erforscht und verbessert die Angebotsstuktur f\u00fcr Menschen mit Demenz und deren Angeh\u00f6rige\",\"publisher\":{\"@id\":\"\\\/#organization\"},\"potentialAction\":[{\"@type\":\"SearchAction\",\"target\":{\"@type\":\"EntryPoint\",\"urlTemplate\":\"\\\/?s={search_term_string}\"},\"query-input\":{\"@type\":\"PropertyValueSpecification\",\"valueRequired\":true,\"valueName\":\"search_term_string\"}}],\"inLanguage\":\"en-US\"},{\"@type\":\"Organization\",\"@id\":\"\\\/#organization\",\"name\":\"digiDEM Bayern\",\"url\":\"\\\/\",\"logo\":{\"@type\":\"ImageObject\",\"inLanguage\":\"en-US\",\"@id\":\"\\\/#\\\/schema\\\/logo\\\/image\\\/\",\"url\":\"https:\\\/\\\/digidem-bayern.de\\\/wp-content\\\/uploads\\\/2022\\\/03\\\/cropped-Allgemeines_digiDEMLOGO-removebg-preview.png\",\"contentUrl\":\"https:\\\/\\\/digidem-bayern.de\\\/wp-content\\\/uploads\\\/2022\\\/03\\\/cropped-Allgemeines_digiDEMLOGO-removebg-preview.png\",\"width\":612,\"height\":357,\"caption\":\"digiDEM Bayern\"},\"image\":{\"@id\":\"\\\/#\\\/schema\\\/logo\\\/image\\\/\"},\"sameAs\":[\"https:\\\/\\\/www.facebook.com\\\/digiDEMBayern\\\/\",\"https:\\\/\\\/x.com\\\/digidem_bayern\",\"https:\\\/\\\/www.instagram.com\\\/digidem.bayern\",\"https:\\\/\\\/www.linkedin.com\\\/company\\\/digidem-bayern\\\/\"]},{\"@type\":\"Person\",\"@id\":\"\\\/#\\\/schema\\\/person\\\/0bc1494f46fc2a051c761322a80e0941\",\"name\":\"Ilona H\u00f6rath\",\"url\":\"https:\\\/\\\/digidem-bayern.de\\\/en\\\/author\\\/hoeratia\\\/\"}]}<\/script>\n<!-- \/ Yoast SEO plugin. -->","yoast_head_json":{"title":"digiDEM Bayern SCHLAGLICHT_07: Neue Medikamente gegen Demenz \u2013 Ein \u201eDurchbruch mit Nebenwirkungen\u201c - digiDEM Bayern","description":"Der Bayerische Landesapothekerkammer unterst\u00fctzt digiDEM Bayern mit Hilfe des Netzwerks \"Demenzfreundliche Apotheken\".","robots":{"index":"index","follow":"follow","max-snippet":"max-snippet:-1","max-image-preview":"max-image-preview:large","max-video-preview":"max-video-preview:-1"},"canonical":"https:\/\/digidem-bayern.de\/en\/digidem-bayern-schlaglicht_07-neue-medikamente-gegen-demenz-ein-durchbruch-mit-nebenwirkungen\/","og_locale":"en_US","og_type":"article","og_title":"digiDEM Bayern SCHLAGLICHT_07: Neue Medikamente gegen Demenz \u2013 Ein \u201eDurchbruch mit Nebenwirkungen\u201c - digiDEM Bayern","og_description":"Der Bayerische Landesapothekerkammer unterst\u00fctzt digiDEM Bayern mit Hilfe des Netzwerks \"Demenzfreundliche Apotheken\".","og_url":"https:\/\/digidem-bayern.de\/en\/digidem-bayern-schlaglicht_07-neue-medikamente-gegen-demenz-ein-durchbruch-mit-nebenwirkungen\/","og_site_name":"digiDEM Bayern","article_publisher":"https:\/\/www.facebook.com\/digiDEMBayern\/","article_published_time":"2024-12-03T16:33:41+00:00","article_modified_time":"2025-09-08T09:43:51+00:00","og_image":[{"width":1462,"height":1524,"url":"https:\/\/digidem-bayern.de\/wp-content\/uploads\/2025\/02\/Schlaglicht-07.png","type":"image\/png"}],"author":"Ilona H\u00f6rath","twitter_misc":{"Written by":"Ilona H\u00f6rath","Est. reading time":"2 minutes"},"schema":{"@context":"https:\/\/schema.org","@graph":[{"@type":"Article","@id":"https:\/\/digidem-bayern.de\/digidem-bayern-schlaglicht_07-neue-medikamente-gegen-demenz-ein-durchbruch-mit-nebenwirkungen\/#article","isPartOf":{"@id":"https:\/\/digidem-bayern.de\/digidem-bayern-schlaglicht_07-neue-medikamente-gegen-demenz-ein-durchbruch-mit-nebenwirkungen\/"},"author":{"name":"Ilona H\u00f6rath","@id":"\/#\/schema\/person\/0bc1494f46fc2a051c761322a80e0941"},"headline":"digiDEM Bayern SCHLAGLICHT_07: Neue Medikamente gegen Demenz \u2013 Ein \u201eDurchbruch mit Nebenwirkungen\u201c","datePublished":"2024-12-03T16:33:41+00:00","dateModified":"2025-09-08T09:43:51+00:00","mainEntityOfPage":{"@id":"https:\/\/digidem-bayern.de\/digidem-bayern-schlaglicht_07-neue-medikamente-gegen-demenz-ein-durchbruch-mit-nebenwirkungen\/"},"wordCount":583,"commentCount":0,"publisher":{"@id":"\/#organization"},"image":{"@id":"https:\/\/digidem-bayern.de\/digidem-bayern-schlaglicht_07-neue-medikamente-gegen-demenz-ein-durchbruch-mit-nebenwirkungen\/#primaryimage"},"thumbnailUrl":"https:\/\/digidem-bayern.de\/wp-content\/uploads\/2025\/02\/Schlaglicht-07.png","keywords":["Achtsamkeits\u00fcbung","Alzheimer","Alzheimer-Demenz","Beta-Amyloid-Protein","Demenz","Demenz-Medikament","Demenzdiagnose","Depression","digidem","digidem Bayern","digitale Anwendungen","digitale Anwendunghen","digitale Technologien","Digitales Demenzregister Bayern","Hirn\u00f6dem","Lecanemab","Sebastian Walsh"],"articleSection":["Aktuelles zu digiDEM","Schlaglichter","Wissenschaft &amp; Forschung"],"inLanguage":"en-US","potentialAction":[{"@type":"CommentAction","name":"Comment","target":["https:\/\/digidem-bayern.de\/digidem-bayern-schlaglicht_07-neue-medikamente-gegen-demenz-ein-durchbruch-mit-nebenwirkungen\/#respond"]}]},{"@type":"WebPage","@id":"https:\/\/digidem-bayern.de\/digidem-bayern-schlaglicht_07-neue-medikamente-gegen-demenz-ein-durchbruch-mit-nebenwirkungen\/","url":"https:\/\/digidem-bayern.de\/digidem-bayern-schlaglicht_07-neue-medikamente-gegen-demenz-ein-durchbruch-mit-nebenwirkungen\/","name":"digiDEM Bayern SCHLAGLICHT_07: Neue Medikamente gegen Demenz \u2013 Ein \u201eDurchbruch mit Nebenwirkungen\u201c - digiDEM Bayern","isPartOf":{"@id":"\/#website"},"primaryImageOfPage":{"@id":"https:\/\/digidem-bayern.de\/digidem-bayern-schlaglicht_07-neue-medikamente-gegen-demenz-ein-durchbruch-mit-nebenwirkungen\/#primaryimage"},"image":{"@id":"https:\/\/digidem-bayern.de\/digidem-bayern-schlaglicht_07-neue-medikamente-gegen-demenz-ein-durchbruch-mit-nebenwirkungen\/#primaryimage"},"thumbnailUrl":"https:\/\/digidem-bayern.de\/wp-content\/uploads\/2025\/02\/Schlaglicht-07.png","datePublished":"2024-12-03T16:33:41+00:00","dateModified":"2025-09-08T09:43:51+00:00","description":"Der Bayerische Landesapothekerkammer unterst\u00fctzt digiDEM Bayern mit Hilfe des Netzwerks \"Demenzfreundliche Apotheken\".","breadcrumb":{"@id":"https:\/\/digidem-bayern.de\/digidem-bayern-schlaglicht_07-neue-medikamente-gegen-demenz-ein-durchbruch-mit-nebenwirkungen\/#breadcrumb"},"inLanguage":"en-US","potentialAction":[{"@type":"ReadAction","target":["https:\/\/digidem-bayern.de\/digidem-bayern-schlaglicht_07-neue-medikamente-gegen-demenz-ein-durchbruch-mit-nebenwirkungen\/"]}]},{"@type":"ImageObject","inLanguage":"en-US","@id":"https:\/\/digidem-bayern.de\/digidem-bayern-schlaglicht_07-neue-medikamente-gegen-demenz-ein-durchbruch-mit-nebenwirkungen\/#primaryimage","url":"https:\/\/digidem-bayern.de\/wp-content\/uploads\/2025\/02\/Schlaglicht-07.png","contentUrl":"https:\/\/digidem-bayern.de\/wp-content\/uploads\/2025\/02\/Schlaglicht-07.png","width":1462,"height":1524},{"@type":"BreadcrumbList","@id":"https:\/\/digidem-bayern.de\/digidem-bayern-schlaglicht_07-neue-medikamente-gegen-demenz-ein-durchbruch-mit-nebenwirkungen\/#breadcrumb","itemListElement":[{"@type":"ListItem","position":1,"name":"Startseite","item":"https:\/\/digidem-bayern.de\/"},{"@type":"ListItem","position":2,"name":"digiDEM Bayern SCHLAGLICHT_07: Neue Medikamente gegen Demenz \u2013 Ein \u201eDurchbruch mit Nebenwirkungen\u201c"}]},{"@type":"WebSite","@id":"\/#website","url":"\/","name":"digiDEM Bavaria","description":"The digital dementia register in Bavaria researches and improves the structure of services for people with dementia and their relatives","publisher":{"@id":"\/#organization"},"potentialAction":[{"@type":"SearchAction","target":{"@type":"EntryPoint","urlTemplate":"\/?s={search_term_string}"},"query-input":{"@type":"PropertyValueSpecification","valueRequired":true,"valueName":"search_term_string"}}],"inLanguage":"en-US"},{"@type":"Organization","@id":"\/#organization","name":"digiDEM Bavaria","url":"\/","logo":{"@type":"ImageObject","inLanguage":"en-US","@id":"\/#\/schema\/logo\/image\/","url":"https:\/\/digidem-bayern.de\/wp-content\/uploads\/2022\/03\/cropped-Allgemeines_digiDEMLOGO-removebg-preview.png","contentUrl":"https:\/\/digidem-bayern.de\/wp-content\/uploads\/2022\/03\/cropped-Allgemeines_digiDEMLOGO-removebg-preview.png","width":612,"height":357,"caption":"digiDEM Bayern"},"image":{"@id":"\/#\/schema\/logo\/image\/"},"sameAs":["https:\/\/www.facebook.com\/digiDEMBayern\/","https:\/\/x.com\/digidem_bayern","https:\/\/www.instagram.com\/digidem.bayern","https:\/\/www.linkedin.com\/company\/digidem-bayern\/"]},{"@type":"Person","@id":"\/#\/schema\/person\/0bc1494f46fc2a051c761322a80e0941","name":"Ilona H\u00f6rath","url":"https:\/\/digidem-bayern.de\/en\/author\/hoeratia\/"}]}},"uagb_featured_image_src":{"full":["https:\/\/digidem-bayern.de\/wp-content\/uploads\/2025\/02\/Schlaglicht-07.png",1462,1524,false],"thumbnail":["https:\/\/digidem-bayern.de\/wp-content\/uploads\/2025\/02\/Schlaglicht-07-80x80.png",80,80,true],"medium":["https:\/\/digidem-bayern.de\/wp-content\/uploads\/2025\/02\/Schlaglicht-07-288x300.png",288,300,true],"medium_large":["https:\/\/digidem-bayern.de\/wp-content\/uploads\/2025\/02\/Schlaglicht-07-768x801.png",768,801,true],"large":["https:\/\/digidem-bayern.de\/wp-content\/uploads\/2025\/02\/Schlaglicht-07-988x1030.png",988,1030,true],"1536x1536":["https:\/\/digidem-bayern.de\/wp-content\/uploads\/2025\/02\/Schlaglicht-07.png",1462,1524,false],"2048x2048":["https:\/\/digidem-bayern.de\/wp-content\/uploads\/2025\/02\/Schlaglicht-07.png",1462,1524,false],"trp-custom-language-flag":["https:\/\/digidem-bayern.de\/wp-content\/uploads\/2025\/02\/Schlaglicht-07.png",12,12,false],"qubely_landscape":["https:\/\/digidem-bayern.de\/wp-content\/uploads\/2025\/02\/Schlaglicht-07-1200x750.png",1200,750,true],"qubely_portrait":["https:\/\/digidem-bayern.de\/wp-content\/uploads\/2025\/02\/Schlaglicht-07-540x320.png",540,320,true],"qubely_thumbnail":["https:\/\/digidem-bayern.de\/wp-content\/uploads\/2025\/02\/Schlaglicht-07-140x100.png",140,100,true],"post-thumbnail":["https:\/\/digidem-bayern.de\/wp-content\/uploads\/2025\/02\/Schlaglicht-07-336x350.png",336,350,true],"kahuna-featured":["https:\/\/digidem-bayern.de\/wp-content\/uploads\/2025\/02\/Schlaglicht-07-734x350.png",734,350,true],"kahuna-featured-lp":["https:\/\/digidem-bayern.de\/wp-content\/uploads\/2025\/02\/Schlaglicht-07-520x350.png",520,350,true],"kahuna-featured-half":["https:\/\/digidem-bayern.de\/wp-content\/uploads\/2025\/02\/Schlaglicht-07-800x350.png",800,350,true],"kahuna-featured-third":["https:\/\/digidem-bayern.de\/wp-content\/uploads\/2025\/02\/Schlaglicht-07-512x350.png",512,350,true],"kahuna-lpbox-1":["https:\/\/digidem-bayern.de\/wp-content\/uploads\/2025\/02\/Schlaglicht-07-520x300.png",520,300,true],"kahuna-lpbox-2":["https:\/\/digidem-bayern.de\/wp-content\/uploads\/2025\/02\/Schlaglicht-07-520x350.png",520,350,true],"demand-language-flag":["https:\/\/digidem-bayern.de\/wp-content\/uploads\/2025\/02\/Schlaglicht-07-36x36.png",36,36,true],"dddkt-language-flag":["https:\/\/digidem-bayern.de\/wp-content\/uploads\/2025\/02\/Schlaglicht-07-36x36.png",36,36,true],"ddiqc-language-flag":["https:\/\/digidem-bayern.de\/wp-content\/uploads\/2025\/02\/Schlaglicht-07-36x36.png",36,36,true],"ddtl-language-flag":["https:\/\/digidem-bayern.de\/wp-content\/uploads\/2025\/02\/Schlaglicht-07-36x36.png",36,36,true],"mailpoet_newsletter_max":["https:\/\/digidem-bayern.de\/wp-content\/uploads\/2025\/02\/Schlaglicht-07-1320x1376.png",1320,1376,true],"kahuna-lpbox-3":["https:\/\/digidem-bayern.de\/wp-content\/uploads\/2025\/02\/Schlaglicht-07-520x350.png",520,350,true],"kahuna-featured-square":["https:\/\/digidem-bayern.de\/wp-content\/uploads\/2025\/02\/Schlaglicht-07-512x512.png",512,512,true],"kahuna-featured-square-large":["https:\/\/digidem-bayern.de\/wp-content\/uploads\/2025\/02\/Schlaglicht-07-1024x1024.png",1024,1024,true]},"uagb_author_info":{"display_name":"Ilona H\u00f6rath","author_link":"https:\/\/digidem-bayern.de\/en\/author\/hoeratia\/"},"uagb_comment_info":0,"uagb_excerpt":"In den vergangenen Wochen haben wir Sie in mehreren Teilen unseres Sonder-Newsletters&nbsp;SCHLAGLICHT \u2013 Medikamente gegen Demenz&nbsp;\u00fcber neue Demenz-Medikamente und Herausforderungen f\u00fcr die Alltagsversorgung informiert. Alle Ausgaben, die erschienen sind, k\u00f6nnen Sie jederzeit in unserem digiDEM Bayern-Newsletterarchiv nachlesen:&nbsp;https:\/\/digidem-bayern.de\/newsletter-archiv\/. In der siebten und letzten Ausgabe unseres Sonder-Newsletters&nbsp;SCHLAGLICHT \u2013 Medikamente gegen Demenz&nbsp;befasst sich&nbsp;Michael &hellip;","_links":{"self":[{"href":"https:\/\/digidem-bayern.de\/en\/wp-json\/wp\/v2\/posts\/41392","targetHints":{"allow":["GET"]}}],"collection":[{"href":"https:\/\/digidem-bayern.de\/en\/wp-json\/wp\/v2\/posts"}],"about":[{"href":"https:\/\/digidem-bayern.de\/en\/wp-json\/wp\/v2\/types\/post"}],"author":[{"embeddable":true,"href":"https:\/\/digidem-bayern.de\/en\/wp-json\/wp\/v2\/users\/12"}],"replies":[{"embeddable":true,"href":"https:\/\/digidem-bayern.de\/en\/wp-json\/wp\/v2\/comments?post=41392"}],"version-history":[{"count":1,"href":"https:\/\/digidem-bayern.de\/en\/wp-json\/wp\/v2\/posts\/41392\/revisions"}],"predecessor-version":[{"id":41393,"href":"https:\/\/digidem-bayern.de\/en\/wp-json\/wp\/v2\/posts\/41392\/revisions\/41393"}],"wp:featuredmedia":[{"embeddable":true,"href":"https:\/\/digidem-bayern.de\/en\/wp-json\/wp\/v2\/media\/41344"}],"wp:attachment":[{"href":"https:\/\/digidem-bayern.de\/en\/wp-json\/wp\/v2\/media?parent=41392"}],"wp:term":[{"taxonomy":"category","embeddable":true,"href":"https:\/\/digidem-bayern.de\/en\/wp-json\/wp\/v2\/categories?post=41392"},{"taxonomy":"post_tag","embeddable":true,"href":"https:\/\/digidem-bayern.de\/en\/wp-json\/wp\/v2\/tags?post=41392"}],"curies":[{"name":"wp","href":"https:\/\/api.w.org\/{rel}","templated":true}]}}