{"id":41386,"date":"2024-10-30T17:12:15","date_gmt":"2024-10-30T16:12:15","guid":{"rendered":"https:\/\/digidem-bayern.de\/?p=41386"},"modified":"2025-09-08T11:44:36","modified_gmt":"2025-09-08T09:44:36","slug":"digidem-bayern-schlaglicht_04-neue-medikamente-gegen-demenz-sind-die-neuen-medikamente-bezahlbar","status":"publish","type":"post","link":"https:\/\/digidem-bayern.de\/en\/digidem-bayern-schlaglicht_04-neue-medikamente-gegen-demenz-sind-die-neuen-medikamente-bezahlbar\/","title":{"rendered":"digiDEM Bayern SCHLAGLICHT_04: Neue Medikamente gegen Demenz \u2013 Sind die neuen Medikamente bezahlbar?"},"content":{"rendered":"<p>In der vierten Ausgabe unseres neuen Sonder-Newsletters\u00a0<em>SCHLAGLICHT \u2013 Neue Medikamente gegen Demenz<\/em>\u00a0befasst sich\u00a0<strong>Florian Weidinger, wissenschaftlicher Mitarbeiter bei digiDEM Bayern<\/strong>, mit der Ver\u00f6ffentlichung\u00a0<em>The affordability of lecanemab, an amyloid-targeting therapy for Alzheimer\u2019s disease: an EADC-EC viewpoint<\/em>\u00a0des Forschungsteams um Professor Linus J\u00f6nsson vom Karolinska Institutet in Schweden.\u00a0<\/p>\n\n\n\n<p>In dem in der Fachzeitschrift\u00a0<em>The LANCET Regional Health<\/em>\u00a0erschienenen Artikel geht es um die Fragen, welche Kosten f\u00fcr die Versorgung mit dem Medikament Lecanemab in Europa anfallen k\u00f6nnten und welche Konsequenzen dies f\u00fcr die Gesundheitsversorgung haben k\u00f6nnte (<a href=\"https:\/\/www.thelancet.com\/journals\/lanepe\/article\/PIIS2666-7762(23)00076-5\/fulltext\" target=\"_blank\" rel=\"noreferrer noopener\">DOI: 10.1016\/j.lanepe.2023.100657<\/a>).<\/p>\n\n\n\n<p><\/p>\n\n\n\n<p><strong>Lesen Sie jetzt den Beitrag von Florian Weidinger:<\/strong><span style=\"caret-color: rgb(0, 0, 0); color: rgb(0, 0, 0); font-family: -webkit-standard; font-size: medium; white-space: normal;\"><\/span><span style=\"caret-color: rgb(0, 0, 0); color: rgb(0, 0, 0); font-family: -webkit-standard; font-size: medium; white-space: normal;\"><\/span><\/p>\n\n\n\n<p><strong>Lecanemab: Das neue Heilmittel gegen Demenz?<\/strong><\/p>\n\n\n\n<p>Bereits seit Jahrzehnten unternehmen Pharmaunternehmen gro\u00dfe Anstrengungen, um krankheits-modifizierende Behandlungen und Medikamente f\u00fcr die Alzheimer-Krankheit zu erforschen und zu entwickeln. Nachdem bereits mehrere Medikamente zur Behandlung von Eiwei\u00dfablagerungen im Gehirn durch die Europ\u00e4ische Arzneimittel Agentur (EMA) in Europa nicht zugelassen wurden, war ein neuer \u201eHoffnungstr\u00e4ger\u201c auf der Bildfl\u00e4che erschienen: das Medikament \u201eLecanemab\u201c. Auch dieser wurde jedoch am 25. Juli 2024 von der EMA nicht zugelassen. Bedenken gab es dabei nicht nur wegen der Wirksamkeit und den Nebenwirkungen dieser Behandlung, sondern auch aufgrund der Kosten.<\/p>\n\n\n\n<p><strong>Was kostet das neue Medikament?<\/strong><\/p>\n\n\n\n<p>In den USA veranschlagen die Hersteller \u201eBiogen\u201c und \u201eEisai\u201c j\u00e4hrliche Kosten der Behandlung von 26.500 US$ (ca. 24.750\u20ac) pro Patientin und Patient. Wie die Forschergruppe von internationalen Gesundheits\u00f6konomen um Prof. Linus J\u00f6nsson berechnet hat, kommen &#8211; bei einer vorsichtigen Sch\u00e4tzung &#8211; in den 27 L\u00e4ndern der Europ\u00e4ischen Union etwa 5,4 Millionen Menschen f\u00fcr die Behandlung mit \u201eLecanemab\u201c in Frage. Wenn man f\u00fcr Europa von \u00e4hnlichen Kosten pro Behandlung wie in den USA ausgeht, w\u00fcrde die Behandlung aller in Frage kommenden Patienten rund 133 Milliarden Euro kosten. Zum Vergleich: Der Gesamtwert des Arzneimittelmarktes der EU lag im Jahr 2021 bei insgesamt 255 Milliarden Euro. Eine Behandlung mit Lecanemab bei allen potenziellen Patientinnen und Patienten w\u00fcrde dann mehr als die H\u00e4lfte aller Gesamtausgaben f\u00fcr Arzneimittel in der EU betragen.<\/p>\n\n\n\n<p><strong>Ist der hohe Preis gerechtfertigt?<\/strong><\/p>\n\n\n\n<p>Aufgrund dieser hohen Kosten stellt sich nat\u00fcrlich die Frage: Wie kosteneffektiv ist die Behandlung mit \u201eLecanemab\u201c &#8211; rechtfertigt die m\u00f6gliche Wirkung diese hohen Kosten? Hier lautet die Einsch\u00e4tzung der Forschenden um Prof. Linus J\u00f6nsson, dass \u201edie Preisgestaltung im Verh\u00e4ltnis zu den bisher nachgewiesenen gesundheitlichen Vorteilen wahrscheinlich unangemessen ist\u201c. Angemessene j\u00e4hrliche Kosten f\u00fcr die bisher nachgewiesene Wirksamkeit w\u00fcrden f\u00fcr die Autoren bei rund 8.104 Euro liegen \u2013 in etwa einem Drittel der bisher veranschlagten Kosten.<\/p>\n\n\n\n<p><strong>F\u00f6rderung der Ungerechtigkeit und Ungleichheit in Europa?<\/strong><\/p>\n\n\n\n<p>Neben der fraglichen Kosteneffektivit\u00e4t bef\u00fcrchten die Forschenden auch, dass die Einf\u00fchrung von \u201eLecanemab\u201c die bereits vorhandenen Ungleichheiten in Europa bez\u00fcglich der Gesundheitsversorgung noch weiter verst\u00e4rken k\u00f6nnte. Die Versorgungsstruktur f\u00fcr Menschen mit Demenz sowie die Kosten der Demenzversorgung unterscheiden sich in Europa erheblich, sowohl zwischen als auch innerhalb der L\u00e4nder der Europ\u00e4ischen Union. Der hohe Preis k\u00f6nnte das Medikament f\u00fcr Patienten in einigen europ\u00e4ischen L\u00e4ndern und Regionen unerschwinglich machen. Dementsprechend h\u00e4tte die Einf\u00fchrung von \u201eLecanemab\u201c den unerw\u00fcnschten Effekt, dass die gesundheitliche Chancengleichheit in Europa entgegen der formulierten Ziele der EU und der WHO eher geschw\u00e4cht statt gest\u00e4rkt wird.<\/p>\n\n\n\n<p>J\u00f6nsson L, Wimo A, Handels R, Johansson G, Boada M, Engelborghs S, Fr\u00f6lich L, Jessen F, Kehoe PG, Kramberger M, de Mendon\u03c2a A, Ousset PJ, Scarmeas N, Visser PJ, Waldemar G, Winblad B. The affordability of lecanemab, an amyloid-targeting therapy for Alzheimer&#8217;s disease: an EADC-EC viewpoint.&nbsp;Lancet Reg Health Eur. 2023 May 22;29:100657. doi: 10.1016\/j.lanepe.2023.100657. PMID: 37251789; PMCID: PMC10220264.<\/p>\n\n\n\n<p><a href=\"https:\/\/www.thelancet.com\/journals\/lanepe\/article\/PIIS2666-7762(23)00076-5\/fulltext\">Hier geht es zum Artikel von Prof. Linus J\u00f6nsson.<\/a><span style=\"caret-color: rgb(0, 0, 0); color: rgb(0, 0, 0); font-family: -webkit-standard; font-size: medium; white-space: normal;\"><\/span><\/p>\n\n\n\n<p><\/p>\n\n\n\n<p><\/p>\n\n\n\n<div style=\"height:20px\" aria-hidden=\"true\" class=\"wp-block-spacer\"><\/div>\n\n\n\n<div style=\"height:20px\" aria-hidden=\"true\" class=\"wp-block-spacer\"><\/div>\n\n\n\n<p><\/p>","protected":false},"excerpt":{"rendered":"<p>In der vierten Ausgabe unseres neuen Sonder-Newsletters\u00a0SCHLAGLICHT \u2013 Neue Medikamente gegen Demenz\u00a0befasst sich\u00a0Florian Weidinger, wissenschaftlicher Mitarbeiter bei digiDEM Bayern, mit der Ver\u00f6ffentlichung\u00a0The affordability of lecanemab, an amyloid-targeting therapy for Alzheimer\u2019s disease: an EADC-EC viewpoint\u00a0des Forschungsteams um Professor Linus J\u00f6nsson vom Karolinska Institutet in Schweden.\u00a0 In dem in der Fachzeitschrift\u00a0The LANCET &hellip;<\/p>","protected":false},"author":12,"featured_media":41341,"comment_status":"open","ping_status":"closed","sticky":false,"template":"","format":"standard","meta":{"qubely_global_settings":"","qubely_interactions":"","_uag_custom_page_level_css":"","footnotes":""},"categories":[8,1676,5],"tags":[13,406,1380,1387,12,1379,112,14,17,1364,1363,671,55,1388,1373,1208,1386,1347,793],"class_list":["post-41386","post","type-post","status-publish","format-standard","has-post-thumbnail","hentry","category-aktuelles-zu-digidem","category-schlaglichter","category-wissenschaft-forschung","tag-alzheimer","tag-alzheimer-demenz","tag-beta-amyloid-protein","tag-biogen","tag-demenz-2","tag-demenz-medikament","tag-demenzdiagnose","tag-digidem","tag-digidem-bayern","tag-digitale-anwendungen","tag-digitale-anwendunghen","tag-digitale-technologien","tag-digitales-demenzregister-bayern","tag-eisai","tag-europaeische-union","tag-lecanemab","tag-linus-joensson","tag-risikofaktor-fuer-demenz","tag-who"],"qubely_featured_image_url":{"full":["https:\/\/digidem-bayern.de\/wp-content\/uploads\/2025\/02\/2024-10-30-Kachel-Schlaglicht-04.png",1600,1560,false],"landscape":["https:\/\/digidem-bayern.de\/wp-content\/uploads\/2025\/02\/2024-10-30-Kachel-Schlaglicht-04-1200x750.png",1200,750,true],"portraits":["https:\/\/digidem-bayern.de\/wp-content\/uploads\/2025\/02\/2024-10-30-Kachel-Schlaglicht-04-540x320.png",540,320,true],"thumbnail":["https:\/\/digidem-bayern.de\/wp-content\/uploads\/2025\/02\/2024-10-30-Kachel-Schlaglicht-04-80x80.png",80,80,true],"medium":["https:\/\/digidem-bayern.de\/wp-content\/uploads\/2025\/02\/2024-10-30-Kachel-Schlaglicht-04-300x292.png",300,292,true],"medium_large":["https:\/\/digidem-bayern.de\/wp-content\/uploads\/2025\/02\/2024-10-30-Kachel-Schlaglicht-04-768x749.png",768,749,true],"large":["https:\/\/digidem-bayern.de\/wp-content\/uploads\/2025\/02\/2024-10-30-Kachel-Schlaglicht-04-1030x1004.png",1030,1004,true],"1536x1536":["https:\/\/digidem-bayern.de\/wp-content\/uploads\/2025\/02\/2024-10-30-Kachel-Schlaglicht-04-1536x1497.png",1536,1497,true],"2048x2048":["https:\/\/digidem-bayern.de\/wp-content\/uploads\/2025\/02\/2024-10-30-Kachel-Schlaglicht-04.png",1600,1560,false],"trp-custom-language-flag":["https:\/\/digidem-bayern.de\/wp-content\/uploads\/2025\/02\/2024-10-30-Kachel-Schlaglicht-04.png",12,12,false],"qubely_landscape":["https:\/\/digidem-bayern.de\/wp-content\/uploads\/2025\/02\/2024-10-30-Kachel-Schlaglicht-04-1200x750.png",1200,750,true],"qubely_portrait":["https:\/\/digidem-bayern.de\/wp-content\/uploads\/2025\/02\/2024-10-30-Kachel-Schlaglicht-04-540x320.png",540,320,true],"qubely_thumbnail":["https:\/\/digidem-bayern.de\/wp-content\/uploads\/2025\/02\/2024-10-30-Kachel-Schlaglicht-04-140x100.png",140,100,true],"post-thumbnail":["https:\/\/digidem-bayern.de\/wp-content\/uploads\/2025\/02\/2024-10-30-Kachel-Schlaglicht-04-359x350.png",359,350,true],"kahuna-featured":["https:\/\/digidem-bayern.de\/wp-content\/uploads\/2025\/02\/2024-10-30-Kachel-Schlaglicht-04-734x350.png",734,350,true],"kahuna-featured-lp":["https:\/\/digidem-bayern.de\/wp-content\/uploads\/2025\/02\/2024-10-30-Kachel-Schlaglicht-04-520x350.png",520,350,true],"kahuna-featured-half":["https:\/\/digidem-bayern.de\/wp-content\/uploads\/2025\/02\/2024-10-30-Kachel-Schlaglicht-04-800x350.png",800,350,true],"kahuna-featured-third":["https:\/\/digidem-bayern.de\/wp-content\/uploads\/2025\/02\/2024-10-30-Kachel-Schlaglicht-04-512x350.png",512,350,true],"kahuna-lpbox-1":["https:\/\/digidem-bayern.de\/wp-content\/uploads\/2025\/02\/2024-10-30-Kachel-Schlaglicht-04-520x300.png",520,300,true],"kahuna-lpbox-2":["https:\/\/digidem-bayern.de\/wp-content\/uploads\/2025\/02\/2024-10-30-Kachel-Schlaglicht-04-520x350.png",520,350,true],"demand-language-flag":["https:\/\/digidem-bayern.de\/wp-content\/uploads\/2025\/02\/2024-10-30-Kachel-Schlaglicht-04-36x36.png",36,36,true],"dddkt-language-flag":["https:\/\/digidem-bayern.de\/wp-content\/uploads\/2025\/02\/2024-10-30-Kachel-Schlaglicht-04-36x36.png",36,36,true],"ddiqc-language-flag":["https:\/\/digidem-bayern.de\/wp-content\/uploads\/2025\/02\/2024-10-30-Kachel-Schlaglicht-04-36x36.png",36,36,true],"ddtl-language-flag":["https:\/\/digidem-bayern.de\/wp-content\/uploads\/2025\/02\/2024-10-30-Kachel-Schlaglicht-04-36x36.png",36,36,true],"mailpoet_newsletter_max":["https:\/\/digidem-bayern.de\/wp-content\/uploads\/2025\/02\/2024-10-30-Kachel-Schlaglicht-04-1320x1287.png",1320,1287,true],"kahuna-lpbox-3":["https:\/\/digidem-bayern.de\/wp-content\/uploads\/2025\/02\/2024-10-30-Kachel-Schlaglicht-04-520x350.png",520,350,true],"kahuna-featured-square":["https:\/\/digidem-bayern.de\/wp-content\/uploads\/2025\/02\/2024-10-30-Kachel-Schlaglicht-04-512x512.png",512,512,true],"kahuna-featured-square-large":["https:\/\/digidem-bayern.de\/wp-content\/uploads\/2025\/02\/2024-10-30-Kachel-Schlaglicht-04-1024x1024.png",1024,1024,true]},"qubely_author":{"display_name":"Ilona H\u00f6rath","author_link":"https:\/\/digidem-bayern.de\/en\/author\/hoeratia\/"},"qubely_comment":0,"qubely_category":"<a href=\"https:\/\/digidem-bayern.de\/en\/category\/aktuelles-zu-digidem\/\" rel=\"category tag\">Aktuelles zu digiDEM<\/a> <a href=\"https:\/\/digidem-bayern.de\/en\/category\/schlaglichter\/\" rel=\"category tag\">Schlaglichter<\/a> <a href=\"https:\/\/digidem-bayern.de\/en\/category\/wissenschaft-forschung\/\" rel=\"category tag\">Wissenschaft &amp; Forschung<\/a>","qubely_excerpt":"In der vierten Ausgabe unseres neuen Sonder-Newsletters\u00a0SCHLAGLICHT \u2013 Neue Medikamente gegen Demenz\u00a0befasst sich\u00a0Florian Weidinger, wissenschaftlicher Mitarbeiter bei digiDEM Bayern, mit der Ver\u00f6ffentlichung\u00a0The affordability of lecanemab, an amyloid-targeting therapy for Alzheimer\u2019s disease: an EADC-EC viewpoint\u00a0des Forschungsteams um Professor Linus J\u00f6nsson vom Karolinska Institutet in Schweden.\u00a0 In dem in der Fachzeitschrift\u00a0The LANCET &hellip;","featured_image_urls_v2":{"full":["https:\/\/digidem-bayern.de\/wp-content\/uploads\/2025\/02\/2024-10-30-Kachel-Schlaglicht-04.png",1600,1560,false],"thumbnail":["https:\/\/digidem-bayern.de\/wp-content\/uploads\/2025\/02\/2024-10-30-Kachel-Schlaglicht-04-80x80.png",80,80,true],"medium":["https:\/\/digidem-bayern.de\/wp-content\/uploads\/2025\/02\/2024-10-30-Kachel-Schlaglicht-04-300x292.png",300,292,true],"medium_large":["https:\/\/digidem-bayern.de\/wp-content\/uploads\/2025\/02\/2024-10-30-Kachel-Schlaglicht-04-768x749.png",768,749,true],"large":["https:\/\/digidem-bayern.de\/wp-content\/uploads\/2025\/02\/2024-10-30-Kachel-Schlaglicht-04-1030x1004.png",1030,1004,true],"1536x1536":["https:\/\/digidem-bayern.de\/wp-content\/uploads\/2025\/02\/2024-10-30-Kachel-Schlaglicht-04-1536x1497.png",1536,1497,true],"2048x2048":["https:\/\/digidem-bayern.de\/wp-content\/uploads\/2025\/02\/2024-10-30-Kachel-Schlaglicht-04.png",1600,1560,false],"trp-custom-language-flag":["https:\/\/digidem-bayern.de\/wp-content\/uploads\/2025\/02\/2024-10-30-Kachel-Schlaglicht-04.png",12,12,false],"qubely_landscape":["https:\/\/digidem-bayern.de\/wp-content\/uploads\/2025\/02\/2024-10-30-Kachel-Schlaglicht-04-1200x750.png",1200,750,true],"qubely_portrait":["https:\/\/digidem-bayern.de\/wp-content\/uploads\/2025\/02\/2024-10-30-Kachel-Schlaglicht-04-540x320.png",540,320,true],"qubely_thumbnail":["https:\/\/digidem-bayern.de\/wp-content\/uploads\/2025\/02\/2024-10-30-Kachel-Schlaglicht-04-140x100.png",140,100,true],"post-thumbnail":["https:\/\/digidem-bayern.de\/wp-content\/uploads\/2025\/02\/2024-10-30-Kachel-Schlaglicht-04-359x350.png",359,350,true],"kahuna-featured":["https:\/\/digidem-bayern.de\/wp-content\/uploads\/2025\/02\/2024-10-30-Kachel-Schlaglicht-04-734x350.png",734,350,true],"kahuna-featured-lp":["https:\/\/digidem-bayern.de\/wp-content\/uploads\/2025\/02\/2024-10-30-Kachel-Schlaglicht-04-520x350.png",520,350,true],"kahuna-featured-half":["https:\/\/digidem-bayern.de\/wp-content\/uploads\/2025\/02\/2024-10-30-Kachel-Schlaglicht-04-800x350.png",800,350,true],"kahuna-featured-third":["https:\/\/digidem-bayern.de\/wp-content\/uploads\/2025\/02\/2024-10-30-Kachel-Schlaglicht-04-512x350.png",512,350,true],"kahuna-lpbox-1":["https:\/\/digidem-bayern.de\/wp-content\/uploads\/2025\/02\/2024-10-30-Kachel-Schlaglicht-04-520x300.png",520,300,true],"kahuna-lpbox-2":["https:\/\/digidem-bayern.de\/wp-content\/uploads\/2025\/02\/2024-10-30-Kachel-Schlaglicht-04-520x350.png",520,350,true],"demand-language-flag":["https:\/\/digidem-bayern.de\/wp-content\/uploads\/2025\/02\/2024-10-30-Kachel-Schlaglicht-04-36x36.png",36,36,true],"dddkt-language-flag":["https:\/\/digidem-bayern.de\/wp-content\/uploads\/2025\/02\/2024-10-30-Kachel-Schlaglicht-04-36x36.png",36,36,true],"ddiqc-language-flag":["https:\/\/digidem-bayern.de\/wp-content\/uploads\/2025\/02\/2024-10-30-Kachel-Schlaglicht-04-36x36.png",36,36,true],"ddtl-language-flag":["https:\/\/digidem-bayern.de\/wp-content\/uploads\/2025\/02\/2024-10-30-Kachel-Schlaglicht-04-36x36.png",36,36,true],"mailpoet_newsletter_max":["https:\/\/digidem-bayern.de\/wp-content\/uploads\/2025\/02\/2024-10-30-Kachel-Schlaglicht-04-1320x1287.png",1320,1287,true],"kahuna-lpbox-3":["https:\/\/digidem-bayern.de\/wp-content\/uploads\/2025\/02\/2024-10-30-Kachel-Schlaglicht-04-520x350.png",520,350,true],"kahuna-featured-square":["https:\/\/digidem-bayern.de\/wp-content\/uploads\/2025\/02\/2024-10-30-Kachel-Schlaglicht-04-512x512.png",512,512,true],"kahuna-featured-square-large":["https:\/\/digidem-bayern.de\/wp-content\/uploads\/2025\/02\/2024-10-30-Kachel-Schlaglicht-04-1024x1024.png",1024,1024,true]},"post_excerpt_stackable_v2":"<p>In der vierten Ausgabe unseres neuen Sonder-Newsletters\u00a0SCHLAGLICHT \u2013 Neue Medikamente gegen Demenz\u00a0befasst sich\u00a0Florian Weidinger, wissenschaftlicher Mitarbeiter bei digiDEM Bayern, mit der Ver\u00f6ffentlichung\u00a0The affordability of lecanemab, an amyloid-targeting therapy for Alzheimer\u2019s disease: an EADC-EC viewpoint\u00a0des Forschungsteams um Professor Linus J\u00f6nsson vom Karolinska Institutet in Schweden.\u00a0 In dem in der Fachzeitschrift\u00a0The LANCET Regional Health\u00a0erschienenen Artikel geht es um die Fragen, welche Kosten f\u00fcr die Versorgung mit dem Medikament Lecanemab in Europa anfallen k\u00f6nnten und welche Konsequenzen dies f\u00fcr die Gesundheitsversorgung haben k\u00f6nnte (DOI: 10.1016\/j.lanepe.2023.100657). Lesen Sie jetzt den Beitrag von Florian Weidinger: Lecanemab: Das neue Heilmittel gegen Demenz? Bereits seit Jahrzehnten unternehmen&hellip;<\/p>\n","category_list_v2":"<a href=\"https:\/\/digidem-bayern.de\/en\/category\/aktuelles-zu-digidem\/\" rel=\"category tag\">Aktuelles zu digiDEM<\/a>, <a href=\"https:\/\/digidem-bayern.de\/en\/category\/schlaglichter\/\" rel=\"category tag\">Schlaglichter<\/a>, <a href=\"https:\/\/digidem-bayern.de\/en\/category\/wissenschaft-forschung\/\" rel=\"category tag\">Wissenschaft &amp; Forschung<\/a>","author_info_v2":{"name":"Ilona H\u00f6rath","url":"https:\/\/digidem-bayern.de\/en\/author\/hoeratia\/"},"comments_num_v2":"0 comments","yoast_head":"<!-- This site is optimized with the Yoast SEO plugin v27.5 - https:\/\/yoast.com\/product\/yoast-seo-wordpress\/ -->\n<title>digiDEM Bayern SCHLAGLICHT_04: Neue Medikamente gegen Demenz \u2013 Sind die neuen Medikamente bezahlbar? - digiDEM Bayern<\/title>\n<meta name=\"description\" content=\"Der Bayerische Landesapothekerkammer unterst\u00fctzt digiDEM Bayern mit Hilfe des Netzwerks &quot;Demenzfreundliche Apotheken&quot;.\" \/>\n<meta name=\"robots\" content=\"index, follow, max-snippet:-1, max-image-preview:large, max-video-preview:-1\" \/>\n<link rel=\"canonical\" href=\"https:\/\/digidem-bayern.de\/en\/digidem-bayern-schlaglicht_04-neue-medikamente-gegen-demenz-sind-die-neuen-medikamente-bezahlbar\/\" \/>\n<meta property=\"og:locale\" content=\"en_US\" \/>\n<meta property=\"og:type\" content=\"article\" \/>\n<meta property=\"og:title\" content=\"digiDEM Bayern SCHLAGLICHT_04: Neue Medikamente gegen Demenz \u2013 Sind die neuen Medikamente bezahlbar? - digiDEM Bayern\" \/>\n<meta property=\"og:description\" content=\"Der Bayerische Landesapothekerkammer unterst\u00fctzt digiDEM Bayern mit Hilfe des Netzwerks &quot;Demenzfreundliche Apotheken&quot;.\" \/>\n<meta property=\"og:url\" content=\"https:\/\/digidem-bayern.de\/en\/digidem-bayern-schlaglicht_04-neue-medikamente-gegen-demenz-sind-die-neuen-medikamente-bezahlbar\/\" \/>\n<meta property=\"og:site_name\" content=\"digiDEM Bayern\" \/>\n<meta property=\"article:publisher\" content=\"https:\/\/www.facebook.com\/digiDEMBayern\/\" \/>\n<meta property=\"article:published_time\" content=\"2024-10-30T16:12:15+00:00\" \/>\n<meta property=\"article:modified_time\" content=\"2025-09-08T09:44:36+00:00\" \/>\n<meta property=\"og:image\" content=\"https:\/\/digidem-bayern.de\/wp-content\/uploads\/2025\/02\/2024-10-30-Kachel-Schlaglicht-04.png\" \/>\n\t<meta property=\"og:image:width\" content=\"1600\" \/>\n\t<meta property=\"og:image:height\" content=\"1560\" \/>\n\t<meta property=\"og:image:type\" content=\"image\/png\" \/>\n<meta name=\"author\" content=\"Ilona H\u00f6rath\" \/>\n<meta name=\"twitter:label1\" content=\"Written by\" \/>\n\t<meta name=\"twitter:data1\" content=\"Ilona H\u00f6rath\" \/>\n\t<meta name=\"twitter:label2\" content=\"Est. reading time\" \/>\n\t<meta name=\"twitter:data2\" content=\"2 minutes\" \/>\n<script type=\"application\/ld+json\" class=\"yoast-schema-graph\">{\"@context\":\"https:\\\/\\\/schema.org\",\"@graph\":[{\"@type\":\"Article\",\"@id\":\"https:\\\/\\\/digidem-bayern.de\\\/digidem-bayern-schlaglicht_04-neue-medikamente-gegen-demenz-sind-die-neuen-medikamente-bezahlbar\\\/#article\",\"isPartOf\":{\"@id\":\"https:\\\/\\\/digidem-bayern.de\\\/digidem-bayern-schlaglicht_04-neue-medikamente-gegen-demenz-sind-die-neuen-medikamente-bezahlbar\\\/\"},\"author\":{\"name\":\"Ilona H\u00f6rath\",\"@id\":\"\\\/#\\\/schema\\\/person\\\/0bc1494f46fc2a051c761322a80e0941\"},\"headline\":\"digiDEM Bayern SCHLAGLICHT_04: Neue Medikamente gegen Demenz \u2013 Sind die neuen Medikamente bezahlbar?\",\"datePublished\":\"2024-10-30T16:12:15+00:00\",\"dateModified\":\"2025-09-08T09:44:36+00:00\",\"mainEntityOfPage\":{\"@id\":\"https:\\\/\\\/digidem-bayern.de\\\/digidem-bayern-schlaglicht_04-neue-medikamente-gegen-demenz-sind-die-neuen-medikamente-bezahlbar\\\/\"},\"wordCount\":628,\"commentCount\":0,\"publisher\":{\"@id\":\"\\\/#organization\"},\"image\":{\"@id\":\"https:\\\/\\\/digidem-bayern.de\\\/digidem-bayern-schlaglicht_04-neue-medikamente-gegen-demenz-sind-die-neuen-medikamente-bezahlbar\\\/#primaryimage\"},\"thumbnailUrl\":\"https:\\\/\\\/digidem-bayern.de\\\/wp-content\\\/uploads\\\/2025\\\/02\\\/2024-10-30-Kachel-Schlaglicht-04.png\",\"keywords\":[\"Alzheimer\",\"Alzheimer-Demenz\",\"Beta-Amyloid-Protein\",\"Biogen\",\"Demenz\",\"Demenz-Medikament\",\"Demenzdiagnose\",\"digidem\",\"digidem Bayern\",\"digitale Anwendungen\",\"digitale Anwendunghen\",\"digitale Technologien\",\"Digitales Demenzregister Bayern\",\"Eisai\",\"Europ\u00e4ische Union\",\"Lecanemab\",\"Linus J\u00f6nsson\",\"Risikofaktor f\u00fcr Demenz\",\"WHO\"],\"articleSection\":[\"Aktuelles zu digiDEM\",\"Schlaglichter\",\"Wissenschaft &amp; Forschung\"],\"inLanguage\":\"en-US\",\"potentialAction\":[{\"@type\":\"CommentAction\",\"name\":\"Comment\",\"target\":[\"https:\\\/\\\/digidem-bayern.de\\\/digidem-bayern-schlaglicht_04-neue-medikamente-gegen-demenz-sind-die-neuen-medikamente-bezahlbar\\\/#respond\"]}]},{\"@type\":\"WebPage\",\"@id\":\"https:\\\/\\\/digidem-bayern.de\\\/digidem-bayern-schlaglicht_04-neue-medikamente-gegen-demenz-sind-die-neuen-medikamente-bezahlbar\\\/\",\"url\":\"https:\\\/\\\/digidem-bayern.de\\\/digidem-bayern-schlaglicht_04-neue-medikamente-gegen-demenz-sind-die-neuen-medikamente-bezahlbar\\\/\",\"name\":\"digiDEM Bayern SCHLAGLICHT_04: Neue Medikamente gegen Demenz \u2013 Sind die neuen Medikamente bezahlbar? - digiDEM Bayern\",\"isPartOf\":{\"@id\":\"\\\/#website\"},\"primaryImageOfPage\":{\"@id\":\"https:\\\/\\\/digidem-bayern.de\\\/digidem-bayern-schlaglicht_04-neue-medikamente-gegen-demenz-sind-die-neuen-medikamente-bezahlbar\\\/#primaryimage\"},\"image\":{\"@id\":\"https:\\\/\\\/digidem-bayern.de\\\/digidem-bayern-schlaglicht_04-neue-medikamente-gegen-demenz-sind-die-neuen-medikamente-bezahlbar\\\/#primaryimage\"},\"thumbnailUrl\":\"https:\\\/\\\/digidem-bayern.de\\\/wp-content\\\/uploads\\\/2025\\\/02\\\/2024-10-30-Kachel-Schlaglicht-04.png\",\"datePublished\":\"2024-10-30T16:12:15+00:00\",\"dateModified\":\"2025-09-08T09:44:36+00:00\",\"description\":\"Der Bayerische Landesapothekerkammer unterst\u00fctzt digiDEM Bayern mit Hilfe des Netzwerks \\\"Demenzfreundliche Apotheken\\\".\",\"breadcrumb\":{\"@id\":\"https:\\\/\\\/digidem-bayern.de\\\/digidem-bayern-schlaglicht_04-neue-medikamente-gegen-demenz-sind-die-neuen-medikamente-bezahlbar\\\/#breadcrumb\"},\"inLanguage\":\"en-US\",\"potentialAction\":[{\"@type\":\"ReadAction\",\"target\":[\"https:\\\/\\\/digidem-bayern.de\\\/digidem-bayern-schlaglicht_04-neue-medikamente-gegen-demenz-sind-die-neuen-medikamente-bezahlbar\\\/\"]}]},{\"@type\":\"ImageObject\",\"inLanguage\":\"en-US\",\"@id\":\"https:\\\/\\\/digidem-bayern.de\\\/digidem-bayern-schlaglicht_04-neue-medikamente-gegen-demenz-sind-die-neuen-medikamente-bezahlbar\\\/#primaryimage\",\"url\":\"https:\\\/\\\/digidem-bayern.de\\\/wp-content\\\/uploads\\\/2025\\\/02\\\/2024-10-30-Kachel-Schlaglicht-04.png\",\"contentUrl\":\"https:\\\/\\\/digidem-bayern.de\\\/wp-content\\\/uploads\\\/2025\\\/02\\\/2024-10-30-Kachel-Schlaglicht-04.png\",\"width\":1600,\"height\":1560},{\"@type\":\"BreadcrumbList\",\"@id\":\"https:\\\/\\\/digidem-bayern.de\\\/digidem-bayern-schlaglicht_04-neue-medikamente-gegen-demenz-sind-die-neuen-medikamente-bezahlbar\\\/#breadcrumb\",\"itemListElement\":[{\"@type\":\"ListItem\",\"position\":1,\"name\":\"Startseite\",\"item\":\"https:\\\/\\\/digidem-bayern.de\\\/\"},{\"@type\":\"ListItem\",\"position\":2,\"name\":\"digiDEM Bayern SCHLAGLICHT_04: Neue Medikamente gegen Demenz \u2013 Sind die neuen Medikamente bezahlbar?\"}]},{\"@type\":\"WebSite\",\"@id\":\"\\\/#website\",\"url\":\"\\\/\",\"name\":\"digiDEM Bayern\",\"description\":\"Das digitale Demenzregister Bayern erforscht und verbessert die Angebotsstuktur f\u00fcr Menschen mit Demenz und deren Angeh\u00f6rige\",\"publisher\":{\"@id\":\"\\\/#organization\"},\"potentialAction\":[{\"@type\":\"SearchAction\",\"target\":{\"@type\":\"EntryPoint\",\"urlTemplate\":\"\\\/?s={search_term_string}\"},\"query-input\":{\"@type\":\"PropertyValueSpecification\",\"valueRequired\":true,\"valueName\":\"search_term_string\"}}],\"inLanguage\":\"en-US\"},{\"@type\":\"Organization\",\"@id\":\"\\\/#organization\",\"name\":\"digiDEM Bayern\",\"url\":\"\\\/\",\"logo\":{\"@type\":\"ImageObject\",\"inLanguage\":\"en-US\",\"@id\":\"\\\/#\\\/schema\\\/logo\\\/image\\\/\",\"url\":\"https:\\\/\\\/digidem-bayern.de\\\/wp-content\\\/uploads\\\/2022\\\/03\\\/cropped-Allgemeines_digiDEMLOGO-removebg-preview.png\",\"contentUrl\":\"https:\\\/\\\/digidem-bayern.de\\\/wp-content\\\/uploads\\\/2022\\\/03\\\/cropped-Allgemeines_digiDEMLOGO-removebg-preview.png\",\"width\":612,\"height\":357,\"caption\":\"digiDEM Bayern\"},\"image\":{\"@id\":\"\\\/#\\\/schema\\\/logo\\\/image\\\/\"},\"sameAs\":[\"https:\\\/\\\/www.facebook.com\\\/digiDEMBayern\\\/\",\"https:\\\/\\\/x.com\\\/digidem_bayern\",\"https:\\\/\\\/www.instagram.com\\\/digidem.bayern\",\"https:\\\/\\\/www.linkedin.com\\\/company\\\/digidem-bayern\\\/\"]},{\"@type\":\"Person\",\"@id\":\"\\\/#\\\/schema\\\/person\\\/0bc1494f46fc2a051c761322a80e0941\",\"name\":\"Ilona H\u00f6rath\",\"url\":\"https:\\\/\\\/digidem-bayern.de\\\/en\\\/author\\\/hoeratia\\\/\"}]}<\/script>\n<!-- \/ Yoast SEO plugin. -->","yoast_head_json":{"title":"digiDEM Bayern SCHLAGLICHT_04: Neue Medikamente gegen Demenz \u2013 Sind die neuen Medikamente bezahlbar? - digiDEM Bayern","description":"Der Bayerische Landesapothekerkammer unterst\u00fctzt digiDEM Bayern mit Hilfe des Netzwerks \"Demenzfreundliche Apotheken\".","robots":{"index":"index","follow":"follow","max-snippet":"max-snippet:-1","max-image-preview":"max-image-preview:large","max-video-preview":"max-video-preview:-1"},"canonical":"https:\/\/digidem-bayern.de\/en\/digidem-bayern-schlaglicht_04-neue-medikamente-gegen-demenz-sind-die-neuen-medikamente-bezahlbar\/","og_locale":"en_US","og_type":"article","og_title":"digiDEM Bayern SCHLAGLICHT_04: Neue Medikamente gegen Demenz \u2013 Sind die neuen Medikamente bezahlbar? - digiDEM Bayern","og_description":"Der Bayerische Landesapothekerkammer unterst\u00fctzt digiDEM Bayern mit Hilfe des Netzwerks \"Demenzfreundliche Apotheken\".","og_url":"https:\/\/digidem-bayern.de\/en\/digidem-bayern-schlaglicht_04-neue-medikamente-gegen-demenz-sind-die-neuen-medikamente-bezahlbar\/","og_site_name":"digiDEM Bayern","article_publisher":"https:\/\/www.facebook.com\/digiDEMBayern\/","article_published_time":"2024-10-30T16:12:15+00:00","article_modified_time":"2025-09-08T09:44:36+00:00","og_image":[{"width":1600,"height":1560,"url":"https:\/\/digidem-bayern.de\/wp-content\/uploads\/2025\/02\/2024-10-30-Kachel-Schlaglicht-04.png","type":"image\/png"}],"author":"Ilona H\u00f6rath","twitter_misc":{"Written by":"Ilona H\u00f6rath","Est. reading time":"2 minutes"},"schema":{"@context":"https:\/\/schema.org","@graph":[{"@type":"Article","@id":"https:\/\/digidem-bayern.de\/digidem-bayern-schlaglicht_04-neue-medikamente-gegen-demenz-sind-die-neuen-medikamente-bezahlbar\/#article","isPartOf":{"@id":"https:\/\/digidem-bayern.de\/digidem-bayern-schlaglicht_04-neue-medikamente-gegen-demenz-sind-die-neuen-medikamente-bezahlbar\/"},"author":{"name":"Ilona H\u00f6rath","@id":"\/#\/schema\/person\/0bc1494f46fc2a051c761322a80e0941"},"headline":"digiDEM Bayern SCHLAGLICHT_04: Neue Medikamente gegen Demenz \u2013 Sind die neuen Medikamente bezahlbar?","datePublished":"2024-10-30T16:12:15+00:00","dateModified":"2025-09-08T09:44:36+00:00","mainEntityOfPage":{"@id":"https:\/\/digidem-bayern.de\/digidem-bayern-schlaglicht_04-neue-medikamente-gegen-demenz-sind-die-neuen-medikamente-bezahlbar\/"},"wordCount":628,"commentCount":0,"publisher":{"@id":"\/#organization"},"image":{"@id":"https:\/\/digidem-bayern.de\/digidem-bayern-schlaglicht_04-neue-medikamente-gegen-demenz-sind-die-neuen-medikamente-bezahlbar\/#primaryimage"},"thumbnailUrl":"https:\/\/digidem-bayern.de\/wp-content\/uploads\/2025\/02\/2024-10-30-Kachel-Schlaglicht-04.png","keywords":["Alzheimer","Alzheimer-Demenz","Beta-Amyloid-Protein","Biogen","Demenz","Demenz-Medikament","Demenzdiagnose","digidem","digidem Bayern","digitale Anwendungen","digitale Anwendunghen","digitale Technologien","Digitales Demenzregister Bayern","Eisai","Europ\u00e4ische Union","Lecanemab","Linus J\u00f6nsson","Risikofaktor f\u00fcr Demenz","WHO"],"articleSection":["Aktuelles zu digiDEM","Schlaglichter","Wissenschaft &amp; Forschung"],"inLanguage":"en-US","potentialAction":[{"@type":"CommentAction","name":"Comment","target":["https:\/\/digidem-bayern.de\/digidem-bayern-schlaglicht_04-neue-medikamente-gegen-demenz-sind-die-neuen-medikamente-bezahlbar\/#respond"]}]},{"@type":"WebPage","@id":"https:\/\/digidem-bayern.de\/digidem-bayern-schlaglicht_04-neue-medikamente-gegen-demenz-sind-die-neuen-medikamente-bezahlbar\/","url":"https:\/\/digidem-bayern.de\/digidem-bayern-schlaglicht_04-neue-medikamente-gegen-demenz-sind-die-neuen-medikamente-bezahlbar\/","name":"digiDEM Bayern SCHLAGLICHT_04: Neue Medikamente gegen Demenz \u2013 Sind die neuen Medikamente bezahlbar? - digiDEM Bayern","isPartOf":{"@id":"\/#website"},"primaryImageOfPage":{"@id":"https:\/\/digidem-bayern.de\/digidem-bayern-schlaglicht_04-neue-medikamente-gegen-demenz-sind-die-neuen-medikamente-bezahlbar\/#primaryimage"},"image":{"@id":"https:\/\/digidem-bayern.de\/digidem-bayern-schlaglicht_04-neue-medikamente-gegen-demenz-sind-die-neuen-medikamente-bezahlbar\/#primaryimage"},"thumbnailUrl":"https:\/\/digidem-bayern.de\/wp-content\/uploads\/2025\/02\/2024-10-30-Kachel-Schlaglicht-04.png","datePublished":"2024-10-30T16:12:15+00:00","dateModified":"2025-09-08T09:44:36+00:00","description":"Der Bayerische Landesapothekerkammer unterst\u00fctzt digiDEM Bayern mit Hilfe des Netzwerks \"Demenzfreundliche Apotheken\".","breadcrumb":{"@id":"https:\/\/digidem-bayern.de\/digidem-bayern-schlaglicht_04-neue-medikamente-gegen-demenz-sind-die-neuen-medikamente-bezahlbar\/#breadcrumb"},"inLanguage":"en-US","potentialAction":[{"@type":"ReadAction","target":["https:\/\/digidem-bayern.de\/digidem-bayern-schlaglicht_04-neue-medikamente-gegen-demenz-sind-die-neuen-medikamente-bezahlbar\/"]}]},{"@type":"ImageObject","inLanguage":"en-US","@id":"https:\/\/digidem-bayern.de\/digidem-bayern-schlaglicht_04-neue-medikamente-gegen-demenz-sind-die-neuen-medikamente-bezahlbar\/#primaryimage","url":"https:\/\/digidem-bayern.de\/wp-content\/uploads\/2025\/02\/2024-10-30-Kachel-Schlaglicht-04.png","contentUrl":"https:\/\/digidem-bayern.de\/wp-content\/uploads\/2025\/02\/2024-10-30-Kachel-Schlaglicht-04.png","width":1600,"height":1560},{"@type":"BreadcrumbList","@id":"https:\/\/digidem-bayern.de\/digidem-bayern-schlaglicht_04-neue-medikamente-gegen-demenz-sind-die-neuen-medikamente-bezahlbar\/#breadcrumb","itemListElement":[{"@type":"ListItem","position":1,"name":"Startseite","item":"https:\/\/digidem-bayern.de\/"},{"@type":"ListItem","position":2,"name":"digiDEM Bayern SCHLAGLICHT_04: Neue Medikamente gegen Demenz \u2013 Sind die neuen Medikamente bezahlbar?"}]},{"@type":"WebSite","@id":"\/#website","url":"\/","name":"digiDEM Bavaria","description":"The digital dementia register in Bavaria researches and improves the structure of services for people with dementia and their relatives","publisher":{"@id":"\/#organization"},"potentialAction":[{"@type":"SearchAction","target":{"@type":"EntryPoint","urlTemplate":"\/?s={search_term_string}"},"query-input":{"@type":"PropertyValueSpecification","valueRequired":true,"valueName":"search_term_string"}}],"inLanguage":"en-US"},{"@type":"Organization","@id":"\/#organization","name":"digiDEM Bavaria","url":"\/","logo":{"@type":"ImageObject","inLanguage":"en-US","@id":"\/#\/schema\/logo\/image\/","url":"https:\/\/digidem-bayern.de\/wp-content\/uploads\/2022\/03\/cropped-Allgemeines_digiDEMLOGO-removebg-preview.png","contentUrl":"https:\/\/digidem-bayern.de\/wp-content\/uploads\/2022\/03\/cropped-Allgemeines_digiDEMLOGO-removebg-preview.png","width":612,"height":357,"caption":"digiDEM Bayern"},"image":{"@id":"\/#\/schema\/logo\/image\/"},"sameAs":["https:\/\/www.facebook.com\/digiDEMBayern\/","https:\/\/x.com\/digidem_bayern","https:\/\/www.instagram.com\/digidem.bayern","https:\/\/www.linkedin.com\/company\/digidem-bayern\/"]},{"@type":"Person","@id":"\/#\/schema\/person\/0bc1494f46fc2a051c761322a80e0941","name":"Ilona H\u00f6rath","url":"https:\/\/digidem-bayern.de\/en\/author\/hoeratia\/"}]}},"uagb_featured_image_src":{"full":["https:\/\/digidem-bayern.de\/wp-content\/uploads\/2025\/02\/2024-10-30-Kachel-Schlaglicht-04.png",1600,1560,false],"thumbnail":["https:\/\/digidem-bayern.de\/wp-content\/uploads\/2025\/02\/2024-10-30-Kachel-Schlaglicht-04-80x80.png",80,80,true],"medium":["https:\/\/digidem-bayern.de\/wp-content\/uploads\/2025\/02\/2024-10-30-Kachel-Schlaglicht-04-300x292.png",300,292,true],"medium_large":["https:\/\/digidem-bayern.de\/wp-content\/uploads\/2025\/02\/2024-10-30-Kachel-Schlaglicht-04-768x749.png",768,749,true],"large":["https:\/\/digidem-bayern.de\/wp-content\/uploads\/2025\/02\/2024-10-30-Kachel-Schlaglicht-04-1030x1004.png",1030,1004,true],"1536x1536":["https:\/\/digidem-bayern.de\/wp-content\/uploads\/2025\/02\/2024-10-30-Kachel-Schlaglicht-04-1536x1497.png",1536,1497,true],"2048x2048":["https:\/\/digidem-bayern.de\/wp-content\/uploads\/2025\/02\/2024-10-30-Kachel-Schlaglicht-04.png",1600,1560,false],"trp-custom-language-flag":["https:\/\/digidem-bayern.de\/wp-content\/uploads\/2025\/02\/2024-10-30-Kachel-Schlaglicht-04.png",12,12,false],"qubely_landscape":["https:\/\/digidem-bayern.de\/wp-content\/uploads\/2025\/02\/2024-10-30-Kachel-Schlaglicht-04-1200x750.png",1200,750,true],"qubely_portrait":["https:\/\/digidem-bayern.de\/wp-content\/uploads\/2025\/02\/2024-10-30-Kachel-Schlaglicht-04-540x320.png",540,320,true],"qubely_thumbnail":["https:\/\/digidem-bayern.de\/wp-content\/uploads\/2025\/02\/2024-10-30-Kachel-Schlaglicht-04-140x100.png",140,100,true],"post-thumbnail":["https:\/\/digidem-bayern.de\/wp-content\/uploads\/2025\/02\/2024-10-30-Kachel-Schlaglicht-04-359x350.png",359,350,true],"kahuna-featured":["https:\/\/digidem-bayern.de\/wp-content\/uploads\/2025\/02\/2024-10-30-Kachel-Schlaglicht-04-734x350.png",734,350,true],"kahuna-featured-lp":["https:\/\/digidem-bayern.de\/wp-content\/uploads\/2025\/02\/2024-10-30-Kachel-Schlaglicht-04-520x350.png",520,350,true],"kahuna-featured-half":["https:\/\/digidem-bayern.de\/wp-content\/uploads\/2025\/02\/2024-10-30-Kachel-Schlaglicht-04-800x350.png",800,350,true],"kahuna-featured-third":["https:\/\/digidem-bayern.de\/wp-content\/uploads\/2025\/02\/2024-10-30-Kachel-Schlaglicht-04-512x350.png",512,350,true],"kahuna-lpbox-1":["https:\/\/digidem-bayern.de\/wp-content\/uploads\/2025\/02\/2024-10-30-Kachel-Schlaglicht-04-520x300.png",520,300,true],"kahuna-lpbox-2":["https:\/\/digidem-bayern.de\/wp-content\/uploads\/2025\/02\/2024-10-30-Kachel-Schlaglicht-04-520x350.png",520,350,true],"demand-language-flag":["https:\/\/digidem-bayern.de\/wp-content\/uploads\/2025\/02\/2024-10-30-Kachel-Schlaglicht-04-36x36.png",36,36,true],"dddkt-language-flag":["https:\/\/digidem-bayern.de\/wp-content\/uploads\/2025\/02\/2024-10-30-Kachel-Schlaglicht-04-36x36.png",36,36,true],"ddiqc-language-flag":["https:\/\/digidem-bayern.de\/wp-content\/uploads\/2025\/02\/2024-10-30-Kachel-Schlaglicht-04-36x36.png",36,36,true],"ddtl-language-flag":["https:\/\/digidem-bayern.de\/wp-content\/uploads\/2025\/02\/2024-10-30-Kachel-Schlaglicht-04-36x36.png",36,36,true],"mailpoet_newsletter_max":["https:\/\/digidem-bayern.de\/wp-content\/uploads\/2025\/02\/2024-10-30-Kachel-Schlaglicht-04-1320x1287.png",1320,1287,true],"kahuna-lpbox-3":["https:\/\/digidem-bayern.de\/wp-content\/uploads\/2025\/02\/2024-10-30-Kachel-Schlaglicht-04-520x350.png",520,350,true],"kahuna-featured-square":["https:\/\/digidem-bayern.de\/wp-content\/uploads\/2025\/02\/2024-10-30-Kachel-Schlaglicht-04-512x512.png",512,512,true],"kahuna-featured-square-large":["https:\/\/digidem-bayern.de\/wp-content\/uploads\/2025\/02\/2024-10-30-Kachel-Schlaglicht-04-1024x1024.png",1024,1024,true]},"uagb_author_info":{"display_name":"Ilona H\u00f6rath","author_link":"https:\/\/digidem-bayern.de\/en\/author\/hoeratia\/"},"uagb_comment_info":0,"uagb_excerpt":"In der vierten Ausgabe unseres neuen Sonder-Newsletters\u00a0SCHLAGLICHT \u2013 Neue Medikamente gegen Demenz\u00a0befasst sich\u00a0Florian Weidinger, wissenschaftlicher Mitarbeiter bei digiDEM Bayern, mit der Ver\u00f6ffentlichung\u00a0The affordability of lecanemab, an amyloid-targeting therapy for Alzheimer\u2019s disease: an EADC-EC viewpoint\u00a0des Forschungsteams um Professor Linus J\u00f6nsson vom Karolinska Institutet in Schweden.\u00a0 In dem in der Fachzeitschrift\u00a0The LANCET &hellip;","_links":{"self":[{"href":"https:\/\/digidem-bayern.de\/en\/wp-json\/wp\/v2\/posts\/41386","targetHints":{"allow":["GET"]}}],"collection":[{"href":"https:\/\/digidem-bayern.de\/en\/wp-json\/wp\/v2\/posts"}],"about":[{"href":"https:\/\/digidem-bayern.de\/en\/wp-json\/wp\/v2\/types\/post"}],"author":[{"embeddable":true,"href":"https:\/\/digidem-bayern.de\/en\/wp-json\/wp\/v2\/users\/12"}],"replies":[{"embeddable":true,"href":"https:\/\/digidem-bayern.de\/en\/wp-json\/wp\/v2\/comments?post=41386"}],"version-history":[{"count":1,"href":"https:\/\/digidem-bayern.de\/en\/wp-json\/wp\/v2\/posts\/41386\/revisions"}],"predecessor-version":[{"id":41387,"href":"https:\/\/digidem-bayern.de\/en\/wp-json\/wp\/v2\/posts\/41386\/revisions\/41387"}],"wp:featuredmedia":[{"embeddable":true,"href":"https:\/\/digidem-bayern.de\/en\/wp-json\/wp\/v2\/media\/41341"}],"wp:attachment":[{"href":"https:\/\/digidem-bayern.de\/en\/wp-json\/wp\/v2\/media?parent=41386"}],"wp:term":[{"taxonomy":"category","embeddable":true,"href":"https:\/\/digidem-bayern.de\/en\/wp-json\/wp\/v2\/categories?post=41386"},{"taxonomy":"post_tag","embeddable":true,"href":"https:\/\/digidem-bayern.de\/en\/wp-json\/wp\/v2\/tags?post=41386"}],"curies":[{"name":"wp","href":"https:\/\/api.w.org\/{rel}","templated":true}]}}