{"id":41354,"date":"2024-10-15T18:31:38","date_gmt":"2024-10-15T16:31:38","guid":{"rendered":"https:\/\/digidem-bayern.de\/?p=41354"},"modified":"2025-09-08T11:44:47","modified_gmt":"2025-09-08T09:44:47","slug":"schlaglicht-03-neue-medikamente-gegen-demenz-hilfreiche-behandlungsalternative-oder-mogelpackung","status":"publish","type":"post","link":"https:\/\/digidem-bayern.de\/en\/schlaglicht-03-neue-medikamente-gegen-demenz-hilfreiche-behandlungsalternative-oder-mogelpackung\/","title":{"rendered":"digiDEM Bayern SCHLAGLICHT_03: Neue Medikamente gegen Demenz \u2013 Hilfreiche Behandlungsalternative oder Mogelpackung?"},"content":{"rendered":"<p>In der dritten Ausgabe unseres neuen Sonder-Newsletters&nbsp;<em>SCHLAGLICHT \u2013 Neue Medikamente gegen Demenz<\/em>&nbsp;befasst sich&nbsp;<strong>Dr. Nikolas Dietzel, wissenschaftlicher Mitarbeiter bei digiDEM Bayern<\/strong>, mit der Ver\u00f6ffentlichung von Wissenschaftlern aus Europa, den USA und Australien um Professor Poul F. H\u00f8ilund-Carlsen vom Odense University Hospital in D\u00e4nemark.&nbsp;<\/p>\n\n\n\n<p>In dem Artikel mit dem Titel&nbsp;&nbsp;<em>Donanemab, another anti-Alzheimer&#8217;s drug with risk and uncertain benefit<\/em>&nbsp; findet eine Bewertung von Wirksamkeit und Nebenwirkungen der neuen Medikamente mit Schwerpunkt auf dem j\u00fcngst in den USA zugelassenen Arzneimittel Donanemab statt (<a href=\"https:\/\/www.sciencedirect.com\/science\/article\/pii\/S1568163724001661?via%3Dihub\" target=\"_blank\" rel=\"noreferrer noopener\">DOI: 10.1016\/j.arr.2024.102348<\/a>).<\/p>\n\n\n\n<p><strong>Lesen Sie jetzt den Beitrag von Dr. Nikolas Dietzel:<\/strong><span style=\"caret-color: rgb(0, 0, 0); color: rgb(0, 0, 0); font-family: -webkit-standard; font-size: medium; white-space: normal;\"><\/span><span style=\"caret-color: rgb(0, 0, 0); color: rgb(0, 0, 0); font-family: -webkit-standard; font-size: medium; white-space: normal;\"><\/span><\/p>\n\n\n\n<p>In der Europ\u00e4ischen Union wird derzeit die Zulassung von Donanemab (Handelsname: Kisunla\u00ae), eines monoklonalen Antik\u00f6rpers des US-Herstellers Eli Lilly, gepr\u00fcft. Durch die Reduzierung der Alzheimer-typischen Amyloid-Ablagerungen im Gehirn soll das Medikament das Fortschreiten der Erkrankung verlangsamen. Zur Vorgeschichte: im Juli 2024 wurde mit Lecanemab (Handelsname: Leqembi\u00ae) bereits ein \u00e4hnliches Medikament von der Europ\u00e4ischen Arzneimittelbeh\u00f6rde (EMA) nicht zugelassen.&nbsp;<\/p>\n\n\n\n<p><strong>Hilfreiche Medikamente oder Mogelpackungen?<\/strong><\/p>\n\n\n\n<p>Ein internationales Forschungsteam hat die Zulassungsstudien der drei Medikamente Aducanumab, Lecanemab und Donanemab nun genauer unter die Lupe genommen \u2013 und dabei insbesondere auf die m\u00f6glichen Nebenwirkungen geblickt.<\/p>\n\n\n\n<p>Alle drei Antik\u00f6rper haben in ihren Studien die Reduzierung von Amyloid-Ablagerungen im Gehirn beschrieben. Dies geht zur\u00fcck auf die Annahme, dass ein diesen Ablagerungen zugrundeliegendes Protein f\u00fcr das Absterben der Nervenzellen verantwortlich ist \u2013 eine mehr und mehr umstrittene Hypothese. Kritisch sei hier allerdings bereits der Nachweis dieser Ablagerungen. So k\u00f6nnte auf Basis der eingesetzten bildgebenden Verfahren gar nicht genau gesagt werden, dass sich die Ablagerungen wirklich vermindert haben, weil deren Ergebnisse auch durch andere Mechanismen im Gehirn beeinflusst werden.<\/p>\n\n\n\n<p><strong>Gef\u00e4hrliche Nebenwirkungen<\/strong><\/p>\n\n\n\n<p>W\u00e4hrend bei Aducanumab keine Wirksamkeit nachgewiesen werden konnte, berichten die Studien zu Lecanemab und Donanemab von einer Verlangsamung der Erkrankung um 27% bzw. 36%. Betrachte man allerdings die Unterschiede zwischen der Behandlungs- und der Placebogruppe auf der verwendeten Skala, so sind diese mit 2,5% sehr gering und werden als klinisch nicht bedeutsam eingestuft \u2013 auch wenn die Prozentzahlen etwas anderes suggerieren. Zudem seien sie damit von ihrer klinischen Wirksamkeit schlechter als die seit Jahrzehnten verf\u00fcgbaren Medikamente, wie z.B. die Acetylcholinesterase-Hemmer. Die internationale Forschungsgruppe hat dazu zus\u00e4tzliche, eigene Berechnungen durchgef\u00fchrt und die geringe Wirksamkeit von Donanemab best\u00e4tigt.<\/p>\n\n\n\n<p>Problematisch seien zudem die potenziellen Nebenwirkungen. In den Studien waren die Personen, die die neuen Medikamente bekamen, h\u00e4ufiger von Fl\u00fcssigkeitseinlagerungen (ARIA-E) und Blutungen (ARIA-H) im Gehirn betroffen. Dies w\u00fcrde in den Zulassungsstudien allerdings nicht ausreichend ber\u00fccksichtigt, da sich insbesondere die Fl\u00fcssigkeitseinlagerungen angeblich im Verlauf von selbst aufl\u00f6sen w\u00fcrden. Da diese Teilnehmenden zudem aus den Studien ausscheiden, k\u00f6nnten die Ergebnisse verzerrt sein. Weiterhin sei bei dieser Art der Behandlung eine Verringerung der Gehirnmasse charakteristisch. W\u00e4hrend sich derartige Informationen bei Aducanumab und Lecanemab gar nicht finden lassen w\u00fcrden, sei der Verlust an Hirnvolumen bei den mit Donanemab behandelten Personen um ein Drittel gr\u00f6\u00dfer gewesen als in der Placebogruppe.<\/p>\n\n\n\n<p><strong>Keine Empfehlung f\u00fcr Medikamente<\/strong><\/p>\n\n\n\n<p>Aufgrund der vielen Nachteile gibt die internationale Forschungsgruppe keine Empfehlung f\u00fcr den Einsatz der neuen Alzheimer-Medikamente ab. Bevor weitere Medikamente zugelassen werden, sollten die Zulassungsbeh\u00f6rden stattdessen darauf hinwirken, dass die Personen aus den bereits durchgef\u00fchrten und noch geplanten Studien (erneut) und langfristiger untersucht werden \u2013 und das mit anderen bildgebenden Verfahren. Zudem sollten die Pharmahersteller verpflichtet werden, die in den Studien erhoben Daten f\u00fcr eine unabh\u00e4ngige Bewertung frei zug\u00e4nglich zu machen.<\/p>\n\n\n\n<p>H\u00f8ilund-Carlsen PF, Alavi A, Barrio JR, Castellani RJ, Costa T, Herrup K, Kepp KP, Neve RL, Perry G, Revheim ME, Robakis NK, Sensi SL, Vissel B. Donanemab, another anti-Alzheimer&#8217;s drug with risk and uncertain benefit. Ageing Res Rev. 2024 Aug;99:102348. doi: 10.1016\/j.arr.2024.102348. Epub 2024 Jun 1. PMID: 38830549.&nbsp;<\/p>\n\n\n\n<p><a href=\"https:\/\/www.sciencedirect.com\/science\/article\/abs\/pii\/S1568163724001661?via%3Dihub\">Hier geht es zum Artikel von Prof. Poul F. H\u00f8ilund-Carlsen.<\/a><\/p>\n\n\n\n<p><span style=\"caret-color: rgb(0, 0, 0); color: rgb(0, 0, 0); font-family: -webkit-standard; font-size: medium; white-space: normal;\"><\/span><\/p>\n\n\n\n<p><\/p>\n\n\n\n<p><\/p>\n\n\n\n<p><\/p>\n\n\n\n<p><\/p>\n\n\n\n<div style=\"height:20px\" aria-hidden=\"true\" class=\"wp-block-spacer\"><\/div>\n\n\n\n<div style=\"height:20px\" aria-hidden=\"true\" class=\"wp-block-spacer\"><\/div>\n\n\n\n<p><\/p>","protected":false},"excerpt":{"rendered":"<p>In der dritten Ausgabe unseres neuen Sonder-Newsletters&nbsp;SCHLAGLICHT \u2013 Neue Medikamente gegen Demenz&nbsp;befasst sich&nbsp;Dr. Nikolas Dietzel, wissenschaftlicher Mitarbeiter bei digiDEM Bayern, mit der Ver\u00f6ffentlichung von Wissenschaftlern aus Europa, den USA und Australien um Professor Poul F. H\u00f8ilund-Carlsen vom Odense University Hospital in D\u00e4nemark.&nbsp; In dem Artikel mit dem Titel&nbsp;&nbsp;Donanemab, another anti-Alzheimer&#8217;s &hellip;<\/p>","protected":false},"author":12,"featured_media":41340,"comment_status":"open","ping_status":"closed","sticky":false,"template":"","format":"standard","meta":{"qubely_global_settings":"","qubely_interactions":"","_uag_custom_page_level_css":"","footnotes":""},"categories":[8,1676,5],"tags":[361,13,406,1380,12,1379,112,14,17,1364,1363,671,55,1210,1208,1389,1347],"class_list":["post-41354","post","type-post","status-publish","format-standard","has-post-thumbnail","hentry","category-aktuelles-zu-digidem","category-schlaglichter","category-wissenschaft-forschung","tag-aducanumab","tag-alzheimer","tag-alzheimer-demenz","tag-beta-amyloid-protein","tag-demenz-2","tag-demenz-medikament","tag-demenzdiagnose","tag-digidem","tag-digidem-bayern","tag-digitale-anwendungen","tag-digitale-anwendunghen","tag-digitale-technologien","tag-digitales-demenzregister-bayern","tag-donanemab","tag-lecanemab","tag-paul-f-hoilund-carlsen","tag-risikofaktor-fuer-demenz"],"qubely_featured_image_url":{"full":["https:\/\/digidem-bayern.de\/wp-content\/uploads\/2025\/02\/2024-10-18-Schlaglicht-03.jpg",625,625,false],"landscape":["https:\/\/digidem-bayern.de\/wp-content\/uploads\/2025\/02\/2024-10-18-Schlaglicht-03.jpg",625,625,false],"portraits":["https:\/\/digidem-bayern.de\/wp-content\/uploads\/2025\/02\/2024-10-18-Schlaglicht-03-540x320.jpg",540,320,true],"thumbnail":["https:\/\/digidem-bayern.de\/wp-content\/uploads\/2025\/02\/2024-10-18-Schlaglicht-03-80x80.jpg",80,80,true],"medium":["https:\/\/digidem-bayern.de\/wp-content\/uploads\/2025\/02\/2024-10-18-Schlaglicht-03-300x300.jpg",300,300,true],"medium_large":["https:\/\/digidem-bayern.de\/wp-content\/uploads\/2025\/02\/2024-10-18-Schlaglicht-03.jpg",625,625,false],"large":["https:\/\/digidem-bayern.de\/wp-content\/uploads\/2025\/02\/2024-10-18-Schlaglicht-03.jpg",625,625,false],"1536x1536":["https:\/\/digidem-bayern.de\/wp-content\/uploads\/2025\/02\/2024-10-18-Schlaglicht-03.jpg",625,625,false],"2048x2048":["https:\/\/digidem-bayern.de\/wp-content\/uploads\/2025\/02\/2024-10-18-Schlaglicht-03.jpg",625,625,false],"trp-custom-language-flag":["https:\/\/digidem-bayern.de\/wp-content\/uploads\/2025\/02\/2024-10-18-Schlaglicht-03.jpg",12,12,false],"qubely_landscape":["https:\/\/digidem-bayern.de\/wp-content\/uploads\/2025\/02\/2024-10-18-Schlaglicht-03.jpg",625,625,false],"qubely_portrait":["https:\/\/digidem-bayern.de\/wp-content\/uploads\/2025\/02\/2024-10-18-Schlaglicht-03-540x320.jpg",540,320,true],"qubely_thumbnail":["https:\/\/digidem-bayern.de\/wp-content\/uploads\/2025\/02\/2024-10-18-Schlaglicht-03-140x100.jpg",140,100,true],"post-thumbnail":["https:\/\/digidem-bayern.de\/wp-content\/uploads\/2025\/02\/2024-10-18-Schlaglicht-03-350x350.jpg",350,350,true],"kahuna-featured":["https:\/\/digidem-bayern.de\/wp-content\/uploads\/2025\/02\/2024-10-18-Schlaglicht-03-625x350.jpg",625,350,true],"kahuna-featured-lp":["https:\/\/digidem-bayern.de\/wp-content\/uploads\/2025\/02\/2024-10-18-Schlaglicht-03-520x350.jpg",520,350,true],"kahuna-featured-half":["https:\/\/digidem-bayern.de\/wp-content\/uploads\/2025\/02\/2024-10-18-Schlaglicht-03-625x350.jpg",625,350,true],"kahuna-featured-third":["https:\/\/digidem-bayern.de\/wp-content\/uploads\/2025\/02\/2024-10-18-Schlaglicht-03-512x350.jpg",512,350,true],"kahuna-lpbox-1":["https:\/\/digidem-bayern.de\/wp-content\/uploads\/2025\/02\/2024-10-18-Schlaglicht-03-520x300.jpg",520,300,true],"kahuna-lpbox-2":["https:\/\/digidem-bayern.de\/wp-content\/uploads\/2025\/02\/2024-10-18-Schlaglicht-03-520x350.jpg",520,350,true],"demand-language-flag":["https:\/\/digidem-bayern.de\/wp-content\/uploads\/2025\/02\/2024-10-18-Schlaglicht-03-36x36.jpg",36,36,true],"dddkt-language-flag":["https:\/\/digidem-bayern.de\/wp-content\/uploads\/2025\/02\/2024-10-18-Schlaglicht-03-36x36.jpg",36,36,true],"ddiqc-language-flag":["https:\/\/digidem-bayern.de\/wp-content\/uploads\/2025\/02\/2024-10-18-Schlaglicht-03-36x36.jpg",36,36,true],"ddtl-language-flag":["https:\/\/digidem-bayern.de\/wp-content\/uploads\/2025\/02\/2024-10-18-Schlaglicht-03-36x36.jpg",36,36,true],"mailpoet_newsletter_max":["https:\/\/digidem-bayern.de\/wp-content\/uploads\/2025\/02\/2024-10-18-Schlaglicht-03.jpg",625,625,false],"kahuna-lpbox-3":["https:\/\/digidem-bayern.de\/wp-content\/uploads\/2025\/02\/2024-10-18-Schlaglicht-03-520x350.jpg",520,350,true],"kahuna-featured-square":["https:\/\/digidem-bayern.de\/wp-content\/uploads\/2025\/02\/2024-10-18-Schlaglicht-03-512x512.jpg",512,512,true],"kahuna-featured-square-large":["https:\/\/digidem-bayern.de\/wp-content\/uploads\/2025\/02\/2024-10-18-Schlaglicht-03.jpg",625,625,false]},"qubely_author":{"display_name":"Ilona H\u00f6rath","author_link":"https:\/\/digidem-bayern.de\/en\/author\/hoeratia\/"},"qubely_comment":0,"qubely_category":"<a href=\"https:\/\/digidem-bayern.de\/en\/category\/aktuelles-zu-digidem\/\" rel=\"category tag\">Aktuelles zu digiDEM<\/a> <a href=\"https:\/\/digidem-bayern.de\/en\/category\/schlaglichter\/\" rel=\"category tag\">Schlaglichter<\/a> <a href=\"https:\/\/digidem-bayern.de\/en\/category\/wissenschaft-forschung\/\" rel=\"category tag\">Wissenschaft &amp; Forschung<\/a>","qubely_excerpt":"In der dritten Ausgabe unseres neuen Sonder-Newsletters&nbsp;SCHLAGLICHT \u2013 Neue Medikamente gegen Demenz&nbsp;befasst sich&nbsp;Dr. Nikolas Dietzel, wissenschaftlicher Mitarbeiter bei digiDEM Bayern, mit der Ver\u00f6ffentlichung von Wissenschaftlern aus Europa, den USA und Australien um Professor Poul F. H\u00f8ilund-Carlsen vom Odense University Hospital in D\u00e4nemark.&nbsp; In dem Artikel mit dem Titel&nbsp;&nbsp;Donanemab, another anti-Alzheimer&#8217;s &hellip;","featured_image_urls_v2":{"full":["https:\/\/digidem-bayern.de\/wp-content\/uploads\/2025\/02\/2024-10-18-Schlaglicht-03.jpg",625,625,false],"thumbnail":["https:\/\/digidem-bayern.de\/wp-content\/uploads\/2025\/02\/2024-10-18-Schlaglicht-03-80x80.jpg",80,80,true],"medium":["https:\/\/digidem-bayern.de\/wp-content\/uploads\/2025\/02\/2024-10-18-Schlaglicht-03-300x300.jpg",300,300,true],"medium_large":["https:\/\/digidem-bayern.de\/wp-content\/uploads\/2025\/02\/2024-10-18-Schlaglicht-03.jpg",625,625,false],"large":["https:\/\/digidem-bayern.de\/wp-content\/uploads\/2025\/02\/2024-10-18-Schlaglicht-03.jpg",625,625,false],"1536x1536":["https:\/\/digidem-bayern.de\/wp-content\/uploads\/2025\/02\/2024-10-18-Schlaglicht-03.jpg",625,625,false],"2048x2048":["https:\/\/digidem-bayern.de\/wp-content\/uploads\/2025\/02\/2024-10-18-Schlaglicht-03.jpg",625,625,false],"trp-custom-language-flag":["https:\/\/digidem-bayern.de\/wp-content\/uploads\/2025\/02\/2024-10-18-Schlaglicht-03.jpg",12,12,false],"qubely_landscape":["https:\/\/digidem-bayern.de\/wp-content\/uploads\/2025\/02\/2024-10-18-Schlaglicht-03.jpg",625,625,false],"qubely_portrait":["https:\/\/digidem-bayern.de\/wp-content\/uploads\/2025\/02\/2024-10-18-Schlaglicht-03-540x320.jpg",540,320,true],"qubely_thumbnail":["https:\/\/digidem-bayern.de\/wp-content\/uploads\/2025\/02\/2024-10-18-Schlaglicht-03-140x100.jpg",140,100,true],"post-thumbnail":["https:\/\/digidem-bayern.de\/wp-content\/uploads\/2025\/02\/2024-10-18-Schlaglicht-03-350x350.jpg",350,350,true],"kahuna-featured":["https:\/\/digidem-bayern.de\/wp-content\/uploads\/2025\/02\/2024-10-18-Schlaglicht-03-625x350.jpg",625,350,true],"kahuna-featured-lp":["https:\/\/digidem-bayern.de\/wp-content\/uploads\/2025\/02\/2024-10-18-Schlaglicht-03-520x350.jpg",520,350,true],"kahuna-featured-half":["https:\/\/digidem-bayern.de\/wp-content\/uploads\/2025\/02\/2024-10-18-Schlaglicht-03-625x350.jpg",625,350,true],"kahuna-featured-third":["https:\/\/digidem-bayern.de\/wp-content\/uploads\/2025\/02\/2024-10-18-Schlaglicht-03-512x350.jpg",512,350,true],"kahuna-lpbox-1":["https:\/\/digidem-bayern.de\/wp-content\/uploads\/2025\/02\/2024-10-18-Schlaglicht-03-520x300.jpg",520,300,true],"kahuna-lpbox-2":["https:\/\/digidem-bayern.de\/wp-content\/uploads\/2025\/02\/2024-10-18-Schlaglicht-03-520x350.jpg",520,350,true],"demand-language-flag":["https:\/\/digidem-bayern.de\/wp-content\/uploads\/2025\/02\/2024-10-18-Schlaglicht-03-36x36.jpg",36,36,true],"dddkt-language-flag":["https:\/\/digidem-bayern.de\/wp-content\/uploads\/2025\/02\/2024-10-18-Schlaglicht-03-36x36.jpg",36,36,true],"ddiqc-language-flag":["https:\/\/digidem-bayern.de\/wp-content\/uploads\/2025\/02\/2024-10-18-Schlaglicht-03-36x36.jpg",36,36,true],"ddtl-language-flag":["https:\/\/digidem-bayern.de\/wp-content\/uploads\/2025\/02\/2024-10-18-Schlaglicht-03-36x36.jpg",36,36,true],"mailpoet_newsletter_max":["https:\/\/digidem-bayern.de\/wp-content\/uploads\/2025\/02\/2024-10-18-Schlaglicht-03.jpg",625,625,false],"kahuna-lpbox-3":["https:\/\/digidem-bayern.de\/wp-content\/uploads\/2025\/02\/2024-10-18-Schlaglicht-03-520x350.jpg",520,350,true],"kahuna-featured-square":["https:\/\/digidem-bayern.de\/wp-content\/uploads\/2025\/02\/2024-10-18-Schlaglicht-03-512x512.jpg",512,512,true],"kahuna-featured-square-large":["https:\/\/digidem-bayern.de\/wp-content\/uploads\/2025\/02\/2024-10-18-Schlaglicht-03.jpg",625,625,false]},"post_excerpt_stackable_v2":"<p>In der dritten Ausgabe unseres neuen Sonder-Newsletters&nbsp;SCHLAGLICHT \u2013 Neue Medikamente gegen Demenz&nbsp;befasst sich&nbsp;Dr. Nikolas Dietzel, wissenschaftlicher Mitarbeiter bei digiDEM Bayern, mit der Ver\u00f6ffentlichung von Wissenschaftlern aus Europa, den USA und Australien um Professor Poul F. H\u00f8ilund-Carlsen vom Odense University Hospital in D\u00e4nemark.&nbsp; In dem Artikel mit dem Titel&nbsp;&nbsp;Donanemab, another anti-Alzheimer&#8217;s drug with risk and uncertain benefit&nbsp; findet eine Bewertung von Wirksamkeit und Nebenwirkungen der neuen Medikamente mit Schwerpunkt auf dem j\u00fcngst in den USA zugelassenen Arzneimittel Donanemab statt (DOI: 10.1016\/j.arr.2024.102348). Lesen Sie jetzt den Beitrag von Dr. Nikolas Dietzel: In der Europ\u00e4ischen Union wird derzeit die Zulassung von Donanemab (Handelsname:&hellip;<\/p>\n","category_list_v2":"<a href=\"https:\/\/digidem-bayern.de\/en\/category\/aktuelles-zu-digidem\/\" rel=\"category tag\">Aktuelles zu digiDEM<\/a>, <a href=\"https:\/\/digidem-bayern.de\/en\/category\/schlaglichter\/\" rel=\"category tag\">Schlaglichter<\/a>, <a href=\"https:\/\/digidem-bayern.de\/en\/category\/wissenschaft-forschung\/\" rel=\"category tag\">Wissenschaft &amp; Forschung<\/a>","author_info_v2":{"name":"Ilona H\u00f6rath","url":"https:\/\/digidem-bayern.de\/en\/author\/hoeratia\/"},"comments_num_v2":"0 comments","yoast_head":"<!-- This site is optimized with the Yoast SEO plugin v27.4 - https:\/\/yoast.com\/product\/yoast-seo-wordpress\/ -->\n<title>digiDEM Bayern SCHLAGLICHT_03: Neue Medikamente gegen Demenz \u2013 Hilfreiche Behandlungsalternative oder Mogelpackung? - digiDEM Bayern<\/title>\n<meta name=\"description\" content=\"Der Bayerische Landesapothekerkammer unterst\u00fctzt digiDEM Bayern mit Hilfe des Netzwerks &quot;Demenzfreundliche Apotheken&quot;.\" \/>\n<meta name=\"robots\" content=\"index, follow, max-snippet:-1, max-image-preview:large, max-video-preview:-1\" \/>\n<link rel=\"canonical\" href=\"https:\/\/digidem-bayern.de\/en\/schlaglicht-03-neue-medikamente-gegen-demenz-hilfreiche-behandlungsalternative-oder-mogelpackung\/\" \/>\n<meta property=\"og:locale\" content=\"en_US\" \/>\n<meta property=\"og:type\" content=\"article\" \/>\n<meta property=\"og:title\" content=\"digiDEM Bayern SCHLAGLICHT_03: Neue Medikamente gegen Demenz \u2013 Hilfreiche Behandlungsalternative oder Mogelpackung? - digiDEM Bayern\" \/>\n<meta property=\"og:description\" content=\"Der Bayerische Landesapothekerkammer unterst\u00fctzt digiDEM Bayern mit Hilfe des Netzwerks &quot;Demenzfreundliche Apotheken&quot;.\" \/>\n<meta property=\"og:url\" content=\"https:\/\/digidem-bayern.de\/en\/schlaglicht-03-neue-medikamente-gegen-demenz-hilfreiche-behandlungsalternative-oder-mogelpackung\/\" \/>\n<meta property=\"og:site_name\" content=\"digiDEM Bayern\" \/>\n<meta property=\"article:publisher\" content=\"https:\/\/www.facebook.com\/digiDEMBayern\/\" \/>\n<meta property=\"article:published_time\" content=\"2024-10-15T16:31:38+00:00\" \/>\n<meta property=\"article:modified_time\" content=\"2025-09-08T09:44:47+00:00\" \/>\n<meta property=\"og:image\" content=\"https:\/\/digidem-bayern.de\/wp-content\/uploads\/2025\/02\/2024-10-18-Schlaglicht-03.jpg\" \/>\n\t<meta property=\"og:image:width\" content=\"625\" \/>\n\t<meta property=\"og:image:height\" content=\"625\" \/>\n\t<meta property=\"og:image:type\" content=\"image\/jpeg\" \/>\n<meta name=\"author\" content=\"Ilona H\u00f6rath\" \/>\n<meta name=\"twitter:label1\" content=\"Written by\" \/>\n\t<meta name=\"twitter:data1\" content=\"Ilona H\u00f6rath\" \/>\n\t<meta name=\"twitter:label2\" content=\"Est. reading time\" \/>\n\t<meta name=\"twitter:data2\" content=\"2 minutes\" \/>\n<script type=\"application\/ld+json\" class=\"yoast-schema-graph\">{\"@context\":\"https:\\\/\\\/schema.org\",\"@graph\":[{\"@type\":\"Article\",\"@id\":\"https:\\\/\\\/digidem-bayern.de\\\/schlaglicht-03-neue-medikamente-gegen-demenz-hilfreiche-behandlungsalternative-oder-mogelpackung\\\/#article\",\"isPartOf\":{\"@id\":\"https:\\\/\\\/digidem-bayern.de\\\/schlaglicht-03-neue-medikamente-gegen-demenz-hilfreiche-behandlungsalternative-oder-mogelpackung\\\/\"},\"author\":{\"name\":\"Ilona H\u00f6rath\",\"@id\":\"\\\/#\\\/schema\\\/person\\\/0bc1494f46fc2a051c761322a80e0941\"},\"headline\":\"digiDEM Bayern SCHLAGLICHT_03: Neue Medikamente gegen Demenz \u2013 Hilfreiche Behandlungsalternative oder Mogelpackung?\",\"datePublished\":\"2024-10-15T16:31:38+00:00\",\"dateModified\":\"2025-09-08T09:44:47+00:00\",\"mainEntityOfPage\":{\"@id\":\"https:\\\/\\\/digidem-bayern.de\\\/schlaglicht-03-neue-medikamente-gegen-demenz-hilfreiche-behandlungsalternative-oder-mogelpackung\\\/\"},\"wordCount\":651,\"commentCount\":0,\"publisher\":{\"@id\":\"\\\/#organization\"},\"image\":{\"@id\":\"https:\\\/\\\/digidem-bayern.de\\\/schlaglicht-03-neue-medikamente-gegen-demenz-hilfreiche-behandlungsalternative-oder-mogelpackung\\\/#primaryimage\"},\"thumbnailUrl\":\"https:\\\/\\\/digidem-bayern.de\\\/wp-content\\\/uploads\\\/2025\\\/02\\\/2024-10-18-Schlaglicht-03.jpg\",\"keywords\":[\"Aducanumab\",\"Alzheimer\",\"Alzheimer-Demenz\",\"Beta-Amyloid-Protein\",\"Demenz\",\"Demenz-Medikament\",\"Demenzdiagnose\",\"digidem\",\"digidem Bayern\",\"digitale Anwendungen\",\"digitale Anwendunghen\",\"digitale Technologien\",\"Digitales Demenzregister Bayern\",\"Donanemab\",\"Lecanemab\",\"Paul F. Hoilund-Carlsen\",\"Risikofaktor f\u00fcr Demenz\"],\"articleSection\":[\"Aktuelles zu digiDEM\",\"Schlaglichter\",\"Wissenschaft &amp; Forschung\"],\"inLanguage\":\"en-US\",\"potentialAction\":[{\"@type\":\"CommentAction\",\"name\":\"Comment\",\"target\":[\"https:\\\/\\\/digidem-bayern.de\\\/schlaglicht-03-neue-medikamente-gegen-demenz-hilfreiche-behandlungsalternative-oder-mogelpackung\\\/#respond\"]}]},{\"@type\":\"WebPage\",\"@id\":\"https:\\\/\\\/digidem-bayern.de\\\/schlaglicht-03-neue-medikamente-gegen-demenz-hilfreiche-behandlungsalternative-oder-mogelpackung\\\/\",\"url\":\"https:\\\/\\\/digidem-bayern.de\\\/schlaglicht-03-neue-medikamente-gegen-demenz-hilfreiche-behandlungsalternative-oder-mogelpackung\\\/\",\"name\":\"digiDEM Bayern SCHLAGLICHT_03: Neue Medikamente gegen Demenz \u2013 Hilfreiche Behandlungsalternative oder Mogelpackung? - digiDEM Bayern\",\"isPartOf\":{\"@id\":\"\\\/#website\"},\"primaryImageOfPage\":{\"@id\":\"https:\\\/\\\/digidem-bayern.de\\\/schlaglicht-03-neue-medikamente-gegen-demenz-hilfreiche-behandlungsalternative-oder-mogelpackung\\\/#primaryimage\"},\"image\":{\"@id\":\"https:\\\/\\\/digidem-bayern.de\\\/schlaglicht-03-neue-medikamente-gegen-demenz-hilfreiche-behandlungsalternative-oder-mogelpackung\\\/#primaryimage\"},\"thumbnailUrl\":\"https:\\\/\\\/digidem-bayern.de\\\/wp-content\\\/uploads\\\/2025\\\/02\\\/2024-10-18-Schlaglicht-03.jpg\",\"datePublished\":\"2024-10-15T16:31:38+00:00\",\"dateModified\":\"2025-09-08T09:44:47+00:00\",\"description\":\"Der Bayerische Landesapothekerkammer unterst\u00fctzt digiDEM Bayern mit Hilfe des Netzwerks \\\"Demenzfreundliche Apotheken\\\".\",\"breadcrumb\":{\"@id\":\"https:\\\/\\\/digidem-bayern.de\\\/schlaglicht-03-neue-medikamente-gegen-demenz-hilfreiche-behandlungsalternative-oder-mogelpackung\\\/#breadcrumb\"},\"inLanguage\":\"en-US\",\"potentialAction\":[{\"@type\":\"ReadAction\",\"target\":[\"https:\\\/\\\/digidem-bayern.de\\\/schlaglicht-03-neue-medikamente-gegen-demenz-hilfreiche-behandlungsalternative-oder-mogelpackung\\\/\"]}]},{\"@type\":\"ImageObject\",\"inLanguage\":\"en-US\",\"@id\":\"https:\\\/\\\/digidem-bayern.de\\\/schlaglicht-03-neue-medikamente-gegen-demenz-hilfreiche-behandlungsalternative-oder-mogelpackung\\\/#primaryimage\",\"url\":\"https:\\\/\\\/digidem-bayern.de\\\/wp-content\\\/uploads\\\/2025\\\/02\\\/2024-10-18-Schlaglicht-03.jpg\",\"contentUrl\":\"https:\\\/\\\/digidem-bayern.de\\\/wp-content\\\/uploads\\\/2025\\\/02\\\/2024-10-18-Schlaglicht-03.jpg\",\"width\":625,\"height\":625},{\"@type\":\"BreadcrumbList\",\"@id\":\"https:\\\/\\\/digidem-bayern.de\\\/schlaglicht-03-neue-medikamente-gegen-demenz-hilfreiche-behandlungsalternative-oder-mogelpackung\\\/#breadcrumb\",\"itemListElement\":[{\"@type\":\"ListItem\",\"position\":1,\"name\":\"Startseite\",\"item\":\"https:\\\/\\\/digidem-bayern.de\\\/\"},{\"@type\":\"ListItem\",\"position\":2,\"name\":\"digiDEM Bayern SCHLAGLICHT_03: Neue Medikamente gegen Demenz \u2013 Hilfreiche Behandlungsalternative oder Mogelpackung?\"}]},{\"@type\":\"WebSite\",\"@id\":\"\\\/#website\",\"url\":\"\\\/\",\"name\":\"digiDEM Bayern\",\"description\":\"Das digitale Demenzregister Bayern erforscht und verbessert die Angebotsstuktur f\u00fcr Menschen mit Demenz und deren Angeh\u00f6rige\",\"publisher\":{\"@id\":\"\\\/#organization\"},\"potentialAction\":[{\"@type\":\"SearchAction\",\"target\":{\"@type\":\"EntryPoint\",\"urlTemplate\":\"\\\/?s={search_term_string}\"},\"query-input\":{\"@type\":\"PropertyValueSpecification\",\"valueRequired\":true,\"valueName\":\"search_term_string\"}}],\"inLanguage\":\"en-US\"},{\"@type\":\"Organization\",\"@id\":\"\\\/#organization\",\"name\":\"digiDEM Bayern\",\"url\":\"\\\/\",\"logo\":{\"@type\":\"ImageObject\",\"inLanguage\":\"en-US\",\"@id\":\"\\\/#\\\/schema\\\/logo\\\/image\\\/\",\"url\":\"https:\\\/\\\/digidem-bayern.de\\\/wp-content\\\/uploads\\\/2022\\\/03\\\/cropped-Allgemeines_digiDEMLOGO-removebg-preview.png\",\"contentUrl\":\"https:\\\/\\\/digidem-bayern.de\\\/wp-content\\\/uploads\\\/2022\\\/03\\\/cropped-Allgemeines_digiDEMLOGO-removebg-preview.png\",\"width\":612,\"height\":357,\"caption\":\"digiDEM Bayern\"},\"image\":{\"@id\":\"\\\/#\\\/schema\\\/logo\\\/image\\\/\"},\"sameAs\":[\"https:\\\/\\\/www.facebook.com\\\/digiDEMBayern\\\/\",\"https:\\\/\\\/x.com\\\/digidem_bayern\",\"https:\\\/\\\/www.instagram.com\\\/digidem.bayern\",\"https:\\\/\\\/www.linkedin.com\\\/company\\\/digidem-bayern\\\/\"]},{\"@type\":\"Person\",\"@id\":\"\\\/#\\\/schema\\\/person\\\/0bc1494f46fc2a051c761322a80e0941\",\"name\":\"Ilona H\u00f6rath\",\"url\":\"https:\\\/\\\/digidem-bayern.de\\\/en\\\/author\\\/hoeratia\\\/\"}]}<\/script>\n<!-- \/ Yoast SEO plugin. -->","yoast_head_json":{"title":"digiDEM Bayern SCHLAGLICHT_03: Neue Medikamente gegen Demenz \u2013 Hilfreiche Behandlungsalternative oder Mogelpackung? - digiDEM Bayern","description":"Der Bayerische Landesapothekerkammer unterst\u00fctzt digiDEM Bayern mit Hilfe des Netzwerks \"Demenzfreundliche Apotheken\".","robots":{"index":"index","follow":"follow","max-snippet":"max-snippet:-1","max-image-preview":"max-image-preview:large","max-video-preview":"max-video-preview:-1"},"canonical":"https:\/\/digidem-bayern.de\/en\/schlaglicht-03-neue-medikamente-gegen-demenz-hilfreiche-behandlungsalternative-oder-mogelpackung\/","og_locale":"en_US","og_type":"article","og_title":"digiDEM Bayern SCHLAGLICHT_03: Neue Medikamente gegen Demenz \u2013 Hilfreiche Behandlungsalternative oder Mogelpackung? - digiDEM Bayern","og_description":"Der Bayerische Landesapothekerkammer unterst\u00fctzt digiDEM Bayern mit Hilfe des Netzwerks \"Demenzfreundliche Apotheken\".","og_url":"https:\/\/digidem-bayern.de\/en\/schlaglicht-03-neue-medikamente-gegen-demenz-hilfreiche-behandlungsalternative-oder-mogelpackung\/","og_site_name":"digiDEM Bayern","article_publisher":"https:\/\/www.facebook.com\/digiDEMBayern\/","article_published_time":"2024-10-15T16:31:38+00:00","article_modified_time":"2025-09-08T09:44:47+00:00","og_image":[{"width":625,"height":625,"url":"https:\/\/digidem-bayern.de\/wp-content\/uploads\/2025\/02\/2024-10-18-Schlaglicht-03.jpg","type":"image\/jpeg"}],"author":"Ilona H\u00f6rath","twitter_misc":{"Written by":"Ilona H\u00f6rath","Est. reading time":"2 minutes"},"schema":{"@context":"https:\/\/schema.org","@graph":[{"@type":"Article","@id":"https:\/\/digidem-bayern.de\/schlaglicht-03-neue-medikamente-gegen-demenz-hilfreiche-behandlungsalternative-oder-mogelpackung\/#article","isPartOf":{"@id":"https:\/\/digidem-bayern.de\/schlaglicht-03-neue-medikamente-gegen-demenz-hilfreiche-behandlungsalternative-oder-mogelpackung\/"},"author":{"name":"Ilona H\u00f6rath","@id":"\/#\/schema\/person\/0bc1494f46fc2a051c761322a80e0941"},"headline":"digiDEM Bayern SCHLAGLICHT_03: Neue Medikamente gegen Demenz \u2013 Hilfreiche Behandlungsalternative oder Mogelpackung?","datePublished":"2024-10-15T16:31:38+00:00","dateModified":"2025-09-08T09:44:47+00:00","mainEntityOfPage":{"@id":"https:\/\/digidem-bayern.de\/schlaglicht-03-neue-medikamente-gegen-demenz-hilfreiche-behandlungsalternative-oder-mogelpackung\/"},"wordCount":651,"commentCount":0,"publisher":{"@id":"\/#organization"},"image":{"@id":"https:\/\/digidem-bayern.de\/schlaglicht-03-neue-medikamente-gegen-demenz-hilfreiche-behandlungsalternative-oder-mogelpackung\/#primaryimage"},"thumbnailUrl":"https:\/\/digidem-bayern.de\/wp-content\/uploads\/2025\/02\/2024-10-18-Schlaglicht-03.jpg","keywords":["Aducanumab","Alzheimer","Alzheimer-Demenz","Beta-Amyloid-Protein","Demenz","Demenz-Medikament","Demenzdiagnose","digidem","digidem Bayern","digitale Anwendungen","digitale Anwendunghen","digitale Technologien","Digitales Demenzregister Bayern","Donanemab","Lecanemab","Paul F. Hoilund-Carlsen","Risikofaktor f\u00fcr Demenz"],"articleSection":["Aktuelles zu digiDEM","Schlaglichter","Wissenschaft &amp; Forschung"],"inLanguage":"en-US","potentialAction":[{"@type":"CommentAction","name":"Comment","target":["https:\/\/digidem-bayern.de\/schlaglicht-03-neue-medikamente-gegen-demenz-hilfreiche-behandlungsalternative-oder-mogelpackung\/#respond"]}]},{"@type":"WebPage","@id":"https:\/\/digidem-bayern.de\/schlaglicht-03-neue-medikamente-gegen-demenz-hilfreiche-behandlungsalternative-oder-mogelpackung\/","url":"https:\/\/digidem-bayern.de\/schlaglicht-03-neue-medikamente-gegen-demenz-hilfreiche-behandlungsalternative-oder-mogelpackung\/","name":"digiDEM Bayern SCHLAGLICHT_03: Neue Medikamente gegen Demenz \u2013 Hilfreiche Behandlungsalternative oder Mogelpackung? - digiDEM Bayern","isPartOf":{"@id":"\/#website"},"primaryImageOfPage":{"@id":"https:\/\/digidem-bayern.de\/schlaglicht-03-neue-medikamente-gegen-demenz-hilfreiche-behandlungsalternative-oder-mogelpackung\/#primaryimage"},"image":{"@id":"https:\/\/digidem-bayern.de\/schlaglicht-03-neue-medikamente-gegen-demenz-hilfreiche-behandlungsalternative-oder-mogelpackung\/#primaryimage"},"thumbnailUrl":"https:\/\/digidem-bayern.de\/wp-content\/uploads\/2025\/02\/2024-10-18-Schlaglicht-03.jpg","datePublished":"2024-10-15T16:31:38+00:00","dateModified":"2025-09-08T09:44:47+00:00","description":"Der Bayerische Landesapothekerkammer unterst\u00fctzt digiDEM Bayern mit Hilfe des Netzwerks \"Demenzfreundliche Apotheken\".","breadcrumb":{"@id":"https:\/\/digidem-bayern.de\/schlaglicht-03-neue-medikamente-gegen-demenz-hilfreiche-behandlungsalternative-oder-mogelpackung\/#breadcrumb"},"inLanguage":"en-US","potentialAction":[{"@type":"ReadAction","target":["https:\/\/digidem-bayern.de\/schlaglicht-03-neue-medikamente-gegen-demenz-hilfreiche-behandlungsalternative-oder-mogelpackung\/"]}]},{"@type":"ImageObject","inLanguage":"en-US","@id":"https:\/\/digidem-bayern.de\/schlaglicht-03-neue-medikamente-gegen-demenz-hilfreiche-behandlungsalternative-oder-mogelpackung\/#primaryimage","url":"https:\/\/digidem-bayern.de\/wp-content\/uploads\/2025\/02\/2024-10-18-Schlaglicht-03.jpg","contentUrl":"https:\/\/digidem-bayern.de\/wp-content\/uploads\/2025\/02\/2024-10-18-Schlaglicht-03.jpg","width":625,"height":625},{"@type":"BreadcrumbList","@id":"https:\/\/digidem-bayern.de\/schlaglicht-03-neue-medikamente-gegen-demenz-hilfreiche-behandlungsalternative-oder-mogelpackung\/#breadcrumb","itemListElement":[{"@type":"ListItem","position":1,"name":"Startseite","item":"https:\/\/digidem-bayern.de\/"},{"@type":"ListItem","position":2,"name":"digiDEM Bayern SCHLAGLICHT_03: Neue Medikamente gegen Demenz \u2013 Hilfreiche Behandlungsalternative oder Mogelpackung?"}]},{"@type":"WebSite","@id":"\/#website","url":"\/","name":"digiDEM Bavaria","description":"The digital dementia register in Bavaria researches and improves the structure of services for people with dementia and their relatives","publisher":{"@id":"\/#organization"},"potentialAction":[{"@type":"SearchAction","target":{"@type":"EntryPoint","urlTemplate":"\/?s={search_term_string}"},"query-input":{"@type":"PropertyValueSpecification","valueRequired":true,"valueName":"search_term_string"}}],"inLanguage":"en-US"},{"@type":"Organization","@id":"\/#organization","name":"digiDEM Bavaria","url":"\/","logo":{"@type":"ImageObject","inLanguage":"en-US","@id":"\/#\/schema\/logo\/image\/","url":"https:\/\/digidem-bayern.de\/wp-content\/uploads\/2022\/03\/cropped-Allgemeines_digiDEMLOGO-removebg-preview.png","contentUrl":"https:\/\/digidem-bayern.de\/wp-content\/uploads\/2022\/03\/cropped-Allgemeines_digiDEMLOGO-removebg-preview.png","width":612,"height":357,"caption":"digiDEM Bayern"},"image":{"@id":"\/#\/schema\/logo\/image\/"},"sameAs":["https:\/\/www.facebook.com\/digiDEMBayern\/","https:\/\/x.com\/digidem_bayern","https:\/\/www.instagram.com\/digidem.bayern","https:\/\/www.linkedin.com\/company\/digidem-bayern\/"]},{"@type":"Person","@id":"\/#\/schema\/person\/0bc1494f46fc2a051c761322a80e0941","name":"Ilona H\u00f6rath","url":"https:\/\/digidem-bayern.de\/en\/author\/hoeratia\/"}]}},"uagb_featured_image_src":{"full":["https:\/\/digidem-bayern.de\/wp-content\/uploads\/2025\/02\/2024-10-18-Schlaglicht-03.jpg",625,625,false],"thumbnail":["https:\/\/digidem-bayern.de\/wp-content\/uploads\/2025\/02\/2024-10-18-Schlaglicht-03-80x80.jpg",80,80,true],"medium":["https:\/\/digidem-bayern.de\/wp-content\/uploads\/2025\/02\/2024-10-18-Schlaglicht-03-300x300.jpg",300,300,true],"medium_large":["https:\/\/digidem-bayern.de\/wp-content\/uploads\/2025\/02\/2024-10-18-Schlaglicht-03.jpg",625,625,false],"large":["https:\/\/digidem-bayern.de\/wp-content\/uploads\/2025\/02\/2024-10-18-Schlaglicht-03.jpg",625,625,false],"1536x1536":["https:\/\/digidem-bayern.de\/wp-content\/uploads\/2025\/02\/2024-10-18-Schlaglicht-03.jpg",625,625,false],"2048x2048":["https:\/\/digidem-bayern.de\/wp-content\/uploads\/2025\/02\/2024-10-18-Schlaglicht-03.jpg",625,625,false],"trp-custom-language-flag":["https:\/\/digidem-bayern.de\/wp-content\/uploads\/2025\/02\/2024-10-18-Schlaglicht-03.jpg",12,12,false],"qubely_landscape":["https:\/\/digidem-bayern.de\/wp-content\/uploads\/2025\/02\/2024-10-18-Schlaglicht-03.jpg",625,625,false],"qubely_portrait":["https:\/\/digidem-bayern.de\/wp-content\/uploads\/2025\/02\/2024-10-18-Schlaglicht-03-540x320.jpg",540,320,true],"qubely_thumbnail":["https:\/\/digidem-bayern.de\/wp-content\/uploads\/2025\/02\/2024-10-18-Schlaglicht-03-140x100.jpg",140,100,true],"post-thumbnail":["https:\/\/digidem-bayern.de\/wp-content\/uploads\/2025\/02\/2024-10-18-Schlaglicht-03-350x350.jpg",350,350,true],"kahuna-featured":["https:\/\/digidem-bayern.de\/wp-content\/uploads\/2025\/02\/2024-10-18-Schlaglicht-03-625x350.jpg",625,350,true],"kahuna-featured-lp":["https:\/\/digidem-bayern.de\/wp-content\/uploads\/2025\/02\/2024-10-18-Schlaglicht-03-520x350.jpg",520,350,true],"kahuna-featured-half":["https:\/\/digidem-bayern.de\/wp-content\/uploads\/2025\/02\/2024-10-18-Schlaglicht-03-625x350.jpg",625,350,true],"kahuna-featured-third":["https:\/\/digidem-bayern.de\/wp-content\/uploads\/2025\/02\/2024-10-18-Schlaglicht-03-512x350.jpg",512,350,true],"kahuna-lpbox-1":["https:\/\/digidem-bayern.de\/wp-content\/uploads\/2025\/02\/2024-10-18-Schlaglicht-03-520x300.jpg",520,300,true],"kahuna-lpbox-2":["https:\/\/digidem-bayern.de\/wp-content\/uploads\/2025\/02\/2024-10-18-Schlaglicht-03-520x350.jpg",520,350,true],"demand-language-flag":["https:\/\/digidem-bayern.de\/wp-content\/uploads\/2025\/02\/2024-10-18-Schlaglicht-03-36x36.jpg",36,36,true],"dddkt-language-flag":["https:\/\/digidem-bayern.de\/wp-content\/uploads\/2025\/02\/2024-10-18-Schlaglicht-03-36x36.jpg",36,36,true],"ddiqc-language-flag":["https:\/\/digidem-bayern.de\/wp-content\/uploads\/2025\/02\/2024-10-18-Schlaglicht-03-36x36.jpg",36,36,true],"ddtl-language-flag":["https:\/\/digidem-bayern.de\/wp-content\/uploads\/2025\/02\/2024-10-18-Schlaglicht-03-36x36.jpg",36,36,true],"mailpoet_newsletter_max":["https:\/\/digidem-bayern.de\/wp-content\/uploads\/2025\/02\/2024-10-18-Schlaglicht-03.jpg",625,625,false],"kahuna-lpbox-3":["https:\/\/digidem-bayern.de\/wp-content\/uploads\/2025\/02\/2024-10-18-Schlaglicht-03-520x350.jpg",520,350,true],"kahuna-featured-square":["https:\/\/digidem-bayern.de\/wp-content\/uploads\/2025\/02\/2024-10-18-Schlaglicht-03-512x512.jpg",512,512,true],"kahuna-featured-square-large":["https:\/\/digidem-bayern.de\/wp-content\/uploads\/2025\/02\/2024-10-18-Schlaglicht-03.jpg",625,625,false]},"uagb_author_info":{"display_name":"Ilona H\u00f6rath","author_link":"https:\/\/digidem-bayern.de\/en\/author\/hoeratia\/"},"uagb_comment_info":0,"uagb_excerpt":"In der dritten Ausgabe unseres neuen Sonder-Newsletters&nbsp;SCHLAGLICHT \u2013 Neue Medikamente gegen Demenz&nbsp;befasst sich&nbsp;Dr. Nikolas Dietzel, wissenschaftlicher Mitarbeiter bei digiDEM Bayern, mit der Ver\u00f6ffentlichung von Wissenschaftlern aus Europa, den USA und Australien um Professor Poul F. H\u00f8ilund-Carlsen vom Odense University Hospital in D\u00e4nemark.&nbsp; In dem Artikel mit dem Titel&nbsp;&nbsp;Donanemab, another anti-Alzheimer&#8217;s &hellip;","_links":{"self":[{"href":"https:\/\/digidem-bayern.de\/en\/wp-json\/wp\/v2\/posts\/41354","targetHints":{"allow":["GET"]}}],"collection":[{"href":"https:\/\/digidem-bayern.de\/en\/wp-json\/wp\/v2\/posts"}],"about":[{"href":"https:\/\/digidem-bayern.de\/en\/wp-json\/wp\/v2\/types\/post"}],"author":[{"embeddable":true,"href":"https:\/\/digidem-bayern.de\/en\/wp-json\/wp\/v2\/users\/12"}],"replies":[{"embeddable":true,"href":"https:\/\/digidem-bayern.de\/en\/wp-json\/wp\/v2\/comments?post=41354"}],"version-history":[{"count":4,"href":"https:\/\/digidem-bayern.de\/en\/wp-json\/wp\/v2\/posts\/41354\/revisions"}],"predecessor-version":[{"id":41359,"href":"https:\/\/digidem-bayern.de\/en\/wp-json\/wp\/v2\/posts\/41354\/revisions\/41359"}],"wp:featuredmedia":[{"embeddable":true,"href":"https:\/\/digidem-bayern.de\/en\/wp-json\/wp\/v2\/media\/41340"}],"wp:attachment":[{"href":"https:\/\/digidem-bayern.de\/en\/wp-json\/wp\/v2\/media?parent=41354"}],"wp:term":[{"taxonomy":"category","embeddable":true,"href":"https:\/\/digidem-bayern.de\/en\/wp-json\/wp\/v2\/categories?post=41354"},{"taxonomy":"post_tag","embeddable":true,"href":"https:\/\/digidem-bayern.de\/en\/wp-json\/wp\/v2\/tags?post=41354"}],"curies":[{"name":"wp","href":"https:\/\/api.w.org\/{rel}","templated":true}]}}