{"id":41147,"date":"2025-01-30T13:12:00","date_gmt":"2025-01-30T12:12:00","guid":{"rendered":"https:\/\/digidem-bayern.de\/?p=41147"},"modified":"2025-01-30T13:18:12","modified_gmt":"2025-01-30T12:18:12","slug":"digitale-technologien-gegen-einsamkeit","status":"publish","type":"post","link":"https:\/\/digidem-bayern.de\/en\/digitale-technologien-gegen-einsamkeit\/","title":{"rendered":"Digitale Technologien gegen Einsamkeit"},"content":{"rendered":"<p><strong><strong><strong><strong><strong>Digitale Technologien sind l\u00e4ngst weit verbreitet und erreichen die unterschiedlichsten Nutzergruppen. Inwiefern digitale Technologien dazu beitragen k\u00f6nnen, soziale Isolation und Einsamkeit bei Menschen mit Demenz zu verhindern, ist kaum oder wenig erforscht. Wir stellen zwei Studien vor, die Licht ins Dunkel bringen.&nbsp;<\/strong><\/strong><\/strong><\/strong><\/strong><span style=\"caret-color: rgb(0, 0, 0); color: rgb(0, 0, 0); font-family: -webkit-standard; font-size: medium; white-space: normal;\"><\/span><span style=\"caret-color: rgb(0, 0, 0); color: rgb(0, 0, 0); font-family: -webkit-standard; font-size: medium; white-space: normal;\"><\/span><\/p>\n\n\n\n<p>Der Appell von Wissenschaftlerinnen und Wissenschaftlern&nbsp;aus Gro\u00dfbritannien und den Niederlanden&nbsp;ist deutlich: \u201eEs ist an der Zeit zu erforschen, wie man Menschen mit Demenz zu den federf\u00fchrenden Architekten digitaler Technologien f\u00fcr soziale Interaktionen machen kann, die f\u00fcr alle erschwinglich, nutzbar und inklusiv sind.\u201c In ihrer \u00dcbersichtsarbeit haben die Forschenden aktuelle Erkenntnisse zu digitalen Technologien zur Vorbeugung sozialer Isolation und Einsamkeit bei Menschen mit Demenz zusammengefasst.&nbsp;<\/p>\n\n\n\n<p>F\u00fcr ihre Studie konnte jedoch nur \u201eeine begrenzte Anzahl an Forschungsarbeiten identifiziert werden, die erste Hinweise auf eine Verringerung der Isolation und Einsamkeit bei Menschen mit Demenz liefert.\u201c Zudem war in den ausgewerteten Studien lediglich eine begrenzte Anzahl von Menschen mit Demenz in die Entwicklung der digitalen Technologien einbezogen worden.&nbsp;<\/p>\n\n\n<div class=\"wp-block-image\">\n<figure class=\"alignright size-full is-resized\"><img loading=\"lazy\" decoding=\"async\" width=\"1000\" height=\"667\" src=\"https:\/\/digidem-bayern.de\/wp-content\/uploads\/2025\/01\/NL-Digitale-Technologien-2-shutterstock_2119121162.jpg\" alt=\"Alle digitalen Technologien zeigen ein gewisses Ma\u00df an Verbesserungen hinsichtlich der Lebensqualit\u00e4t, sozialen Inklusion, sozialen Isolation und Einsamkeit.\" class=\"wp-image-41180\" style=\"width:631px;height:auto\" srcset=\"https:\/\/digidem-bayern.de\/wp-content\/uploads\/2025\/01\/NL-Digitale-Technologien-2-shutterstock_2119121162.jpg 1000w, https:\/\/digidem-bayern.de\/wp-content\/uploads\/2025\/01\/NL-Digitale-Technologien-2-shutterstock_2119121162-300x200.jpg 300w, https:\/\/digidem-bayern.de\/wp-content\/uploads\/2025\/01\/NL-Digitale-Technologien-2-shutterstock_2119121162-768x512.jpg 768w, https:\/\/digidem-bayern.de\/wp-content\/uploads\/2025\/01\/NL-Digitale-Technologien-2-shutterstock_2119121162-525x350.jpg 525w\" sizes=\"auto, (max-width: 1000px) 100vw, 1000px\" \/><figcaption class=\"wp-element-caption\">Foto: Shutterstock<\/figcaption><\/figure>\n<\/div>\n\n\n<p><strong>Technologien mit Potenzial<\/strong><\/p>\n\n\n\n<p>Dennoch haben die Forschenden herausgefunden: \u201eEs gibt begrenzte \u2013 aber zunehmende \u2013 Nachweise daf\u00fcr, dass Technologien das Potenzial haben, die Lebensqualit\u00e4t von Menschen mit Demenz zu verbessern und Isolation\/Einsamkeit zu reduzieren.\u201c Zu den g\u00e4ngigsten Technologien zur Unterst\u00fctzung oder Vorbeugung von sozialer Isolation oder Einsamkeit z\u00e4hlen dabei unterschiedliche Arten von Begleitrobotern, die die Menschen mit Demenz zum Beispiel mit ihren eigenen sozialen Netzwerken in Kontakt bringen k\u00f6nnen. Auch die Virtual Reality-Technologie oder der Internet-basierte Messenger-Dienst Skype geh\u00f6rten zum Reigen der untersuchten Angebote.&nbsp;<\/p>\n\n\n\n<p><strong>Gewisses Ma\u00df an Verbesserungen<\/strong><\/p>\n\n\n\n<p>Alle Technologien zeigen ein gewisses Ma\u00df an Verbesserungen hinsichtlich der Lebensqualit\u00e4t, sozialen Inklusion, sozialen Isolation und Einsamkeit. \u201eEs bleibt jedoch schwierig, die Auswirkungen direkt zu vergleichen, da es gro\u00dfe Unterschiede in Bezug auf Technologiereife, Inhalt und Bewertungsans\u00e4tze gibt\u201c, betonen die Forschenden. Die wissenschaftlich erhobenen Daten deuten allerdings darauf hin, dass die Technologiebereitschaft nach wie vor gering ist und die Kosten hoch sind.&nbsp;<\/p>\n\n\n\n<p><strong>Kartierung der digitalen Interventionen<\/strong><\/p>\n\n\n\n<p>Einem anderen Ansatz gehen Forschende aus Kanada und Gro\u00dfbritannien nach. Sie verfolgen einerseits das Ziel, L\u00fccken im aktuellen Forschungsstand aufzudecken. Gleichzeitig wollten sie eine \u00dcbersicht \u00fcber die Wirksamkeit digitaler Interventionen&nbsp;zur Verringerung sozialer Isolation und\/oder Einsamkeit bei \u00e4lteren Erwachsenen schaffen. Dazu erstellte die Forschergruppe eine sogenannte \u201eEvidenzl\u00fcckenkarte\u201c (englisch: Gap Map).<\/p>\n\n\n\n<p>Zu diesem Zweck wurde eine systematische Literaturrecherche durchgef\u00fchrt, bei der 10 internationale Datenbanken durchsucht wurden. Die Forschenden identifizierten dabei insgesamt 200 wissenschaftliche Ver\u00f6ffentlichungen. Die Auswertung der Literatur zeigt: Die h\u00e4ufigsten digitalen Interventionen dienen der Verbesserung der sozialen Interaktionen mit Familie, Freunden und der Gemeinschaft durch den Einsatz von Videokonferenz-Plattformen und (Mobil-)Telefonen. Ebenfalls weit verbreitet waren unterst\u00fctzende Roboter, die als Ersatz f\u00fcr fehlenden zwischenmenschlichen Kontakt dienen sowie virtuelle Haustiere. Die meisten technologischen Ma\u00dfnahmen konzentrieren sich, so die Autorinnen und Autoren, auf die Verringerung von Einsamkeit und Depressionen sowie die Verbesserung der Lebensqualit\u00e4t \u00e4lterer Erwachsener.<\/p>\n\n\n\n<p><strong>Politisch hochrelevantes Thema<\/strong><\/p>\n\n\n\n<p>Gerade \u00e4ltere Erwachsene k\u00f6nnen digitale Tools nutzen, um bestehende soziale Verbindungen aufrechtzuerhalten oder neue Kontakte zu kn\u00fcpfen. Dies war besonders deutlich w\u00e4hrend der COVID-19-Pandemie sichtbar.&nbsp;F\u00fcr die Forschenden ist der Einsatz digitaler Technologien weiterhin ein politisch hochrelevantes Thema: \u201eEntscheidungstr\u00e4ger m\u00fcssen wissen, welche digitalen Interventionen soziale Isolation und Einsamkeit bei \u00e4lteren Erwachsenen verringern k\u00f6nnen.\u201c&nbsp;<\/p>\n\n\n\n<p>Neben allen positiven Aspekten zeigt die \u201eGap Map\u201c aber auch die L\u00fccken in der Forschung: Hinsichtlich ihrer Herkunft sind die Studien geographisch ungleich verteilt und stammen zu gro\u00dfen Teilen aus L\u00e4ndern mit hohem Einkommen. L\u00e4nder mit niedrigem Einkommen waren deutlich unterrepr\u00e4sentiert. Zudem ist die Qualit\u00e4t der einzelnen Studien sehr unterschiedlich. Dies gilt es bei der Bewertung der digitalen Interventionen zu beachten.&nbsp;&nbsp;<span style=\"caret-color: rgb(0, 0, 0); color: rgb(0, 0, 0); font-family: -webkit-standard; font-size: medium; white-space: normal;\"><\/span><\/p>\n\n\n\n<p><strong>Tipp f\u00fcr die Praxis<\/strong>: Digitale Interventionen zur Reduzierung von Einsamkeit sind durchaus vielversprechend, aber noch ausbauf\u00e4hig. Daher ist Forschung gerade in diesem Bereich besonders wichtig. Wenn Sie die M\u00f6glichkeit haben, sich an einer Studie zu beteiligen, kann Ihre Mitarbeit zur Optimierung und schnelleren Entwicklung digitaler Anwendungen beitragen.&nbsp;<\/p>\n\n\n\n<p>Hier geht&#8217;s zu den Studien:<\/p>\n\n\n\n<p><a href=\"http:\/\/Digital Technologies to Prevent Social Isolation and Loneliness in Dementia: A Systematic Review\">Interventions to Reduce Loneliness in Community-Living Older Adults: a Systematic Review and Meta-analysis<\/a><\/p>\n\n\n\n<p><a href=\"https:\/\/onlinelibrary.wiley.com\/doi\/10.1002\/cl2.1369\">Digital interventions to reduce social isolation and loneliness in older adults: An evidence and gap map<\/a><\/p>\n\n\n\n<p><strong>Unser besonderer Tipp:&nbsp;<\/strong><\/p>\n\n\n\n<p><a href=\"https:\/\/digidem-bayern.de\/en\/digitales-angebot-digidem-wissenstest-alzheimer-demenz\/\">Nutzen Sie die digitale M\u00f6glichkeit, Ihr Wissen rund um das Thema Alzheimer-Demenz zu erweitern.&nbsp;Hier geht\u2019s zu unserem \u201e<strong>Wissenstest Alzheimer-Demenz<\/strong>\u201c.&nbsp;<\/a><\/p>\n\n\n\n<p><\/p>\n\n\n\n<p><\/p>\n\n\n\n<p><\/p>\n\n\n\n<div style=\"height:20px\" aria-hidden=\"true\" class=\"wp-block-spacer\"><\/div>\n\n\n\n<div style=\"height:20px\" aria-hidden=\"true\" class=\"wp-block-spacer\"><\/div>\n\n\n\n<p><\/p>","protected":false},"excerpt":{"rendered":"<p>Digitale Technologien sind l\u00e4ngst weit verbreitet und erreichen die unterschiedlichsten Nutzergruppen. Inwiefern digitale Technologien dazu beitragen k\u00f6nnen, soziale Isolation und Einsamkeit bei Menschen mit Demenz zu verhindern, ist kaum oder wenig erforscht. Wir stellen zwei Studien vor, die Licht ins Dunkel bringen.&nbsp; Der Appell von Wissenschaftlerinnen und Wissenschaftlern&nbsp;aus Gro\u00dfbritannien und &hellip;<\/p>","protected":false},"author":12,"featured_media":41180,"comment_status":"open","ping_status":"closed","sticky":false,"template":"","format":"standard","meta":{"qubely_global_settings":"","qubely_interactions":"","_uag_custom_page_level_css":"","footnotes":""},"categories":[8,5],"tags":[1353,13,406,1357,496,12,112,541,14,17,1364,1363,671,1362,55,235,1361,486,1360,281,1347,1359,236,185,1358],"class_list":["post-41147","post","type-post","status-publish","format-standard","has-post-thumbnail","hentry","category-aktuelles-zu-digidem","category-wissenschaft-forschung","tag-achtsamkeitsuebung","tag-alzheimer","tag-alzheimer-demenz","tag-begleitroboter","tag-covid-19","tag-demenz-2","tag-demenzdiagnose","tag-depression","tag-digidem","tag-digidem-bayern","tag-digitale-anwendungen","tag-digitale-anwendunghen","tag-digitale-technologien","tag-digitale-tools","tag-digitales-demenzregister-bayern","tag-einsamkeit","tag-forschungsstand","tag-lebensqualitaet","tag-messenger-dienst","tag-risikofaktor","tag-risikofaktor-fuer-demenz","tag-skype","tag-soziale-isolation","tag-videokonferenz","tag-virtual-reality"],"qubely_featured_image_url":{"full":["https:\/\/digidem-bayern.de\/wp-content\/uploads\/2025\/01\/NL-Digitale-Technologien-2-shutterstock_2119121162.jpg",1000,667,false],"landscape":["https:\/\/digidem-bayern.de\/wp-content\/uploads\/2025\/01\/NL-Digitale-Technologien-2-shutterstock_2119121162.jpg",1000,667,false],"portraits":["https:\/\/digidem-bayern.de\/wp-content\/uploads\/2025\/01\/NL-Digitale-Technologien-2-shutterstock_2119121162-540x320.jpg",540,320,true],"thumbnail":["https:\/\/digidem-bayern.de\/wp-content\/uploads\/2025\/01\/NL-Digitale-Technologien-2-shutterstock_2119121162-80x80.jpg",80,80,true],"medium":["https:\/\/digidem-bayern.de\/wp-content\/uploads\/2025\/01\/NL-Digitale-Technologien-2-shutterstock_2119121162-300x200.jpg",300,200,true],"medium_large":["https:\/\/digidem-bayern.de\/wp-content\/uploads\/2025\/01\/NL-Digitale-Technologien-2-shutterstock_2119121162-768x512.jpg",768,512,true],"large":["https:\/\/digidem-bayern.de\/wp-content\/uploads\/2025\/01\/NL-Digitale-Technologien-2-shutterstock_2119121162.jpg",1000,667,false],"1536x1536":["https:\/\/digidem-bayern.de\/wp-content\/uploads\/2025\/01\/NL-Digitale-Technologien-2-shutterstock_2119121162.jpg",1000,667,false],"2048x2048":["https:\/\/digidem-bayern.de\/wp-content\/uploads\/2025\/01\/NL-Digitale-Technologien-2-shutterstock_2119121162.jpg",1000,667,false],"trp-custom-language-flag":["https:\/\/digidem-bayern.de\/wp-content\/uploads\/2025\/01\/NL-Digitale-Technologien-2-shutterstock_2119121162.jpg",18,12,false],"qubely_landscape":["https:\/\/digidem-bayern.de\/wp-content\/uploads\/2025\/01\/NL-Digitale-Technologien-2-shutterstock_2119121162.jpg",1000,667,false],"qubely_portrait":["https:\/\/digidem-bayern.de\/wp-content\/uploads\/2025\/01\/NL-Digitale-Technologien-2-shutterstock_2119121162-540x320.jpg",540,320,true],"qubely_thumbnail":["https:\/\/digidem-bayern.de\/wp-content\/uploads\/2025\/01\/NL-Digitale-Technologien-2-shutterstock_2119121162-140x100.jpg",140,100,true],"post-thumbnail":["https:\/\/digidem-bayern.de\/wp-content\/uploads\/2025\/01\/NL-Digitale-Technologien-2-shutterstock_2119121162-525x350.jpg",525,350,true],"kahuna-featured":["https:\/\/digidem-bayern.de\/wp-content\/uploads\/2025\/01\/NL-Digitale-Technologien-2-shutterstock_2119121162-734x350.jpg",734,350,true],"kahuna-featured-lp":["https:\/\/digidem-bayern.de\/wp-content\/uploads\/2025\/01\/NL-Digitale-Technologien-2-shutterstock_2119121162-520x350.jpg",520,350,true],"kahuna-featured-half":["https:\/\/digidem-bayern.de\/wp-content\/uploads\/2025\/01\/NL-Digitale-Technologien-2-shutterstock_2119121162-800x350.jpg",800,350,true],"kahuna-featured-third":["https:\/\/digidem-bayern.de\/wp-content\/uploads\/2025\/01\/NL-Digitale-Technologien-2-shutterstock_2119121162-512x350.jpg",512,350,true],"kahuna-lpbox-1":["https:\/\/digidem-bayern.de\/wp-content\/uploads\/2025\/01\/NL-Digitale-Technologien-2-shutterstock_2119121162-520x300.jpg",520,300,true],"kahuna-lpbox-2":["https:\/\/digidem-bayern.de\/wp-content\/uploads\/2025\/01\/NL-Digitale-Technologien-2-shutterstock_2119121162-520x350.jpg",520,350,true],"demand-language-flag":["https:\/\/digidem-bayern.de\/wp-content\/uploads\/2025\/01\/NL-Digitale-Technologien-2-shutterstock_2119121162-36x36.jpg",36,36,true],"dddkt-language-flag":["https:\/\/digidem-bayern.de\/wp-content\/uploads\/2025\/01\/NL-Digitale-Technologien-2-shutterstock_2119121162-36x36.jpg",36,36,true],"ddiqc-language-flag":["https:\/\/digidem-bayern.de\/wp-content\/uploads\/2025\/01\/NL-Digitale-Technologien-2-shutterstock_2119121162-36x36.jpg",36,36,true],"ddtl-language-flag":["https:\/\/digidem-bayern.de\/wp-content\/uploads\/2025\/01\/NL-Digitale-Technologien-2-shutterstock_2119121162-36x36.jpg",36,36,true],"mailpoet_newsletter_max":["https:\/\/digidem-bayern.de\/wp-content\/uploads\/2025\/01\/NL-Digitale-Technologien-2-shutterstock_2119121162.jpg",1000,667,false],"kahuna-lpbox-3":["https:\/\/digidem-bayern.de\/wp-content\/uploads\/2025\/01\/NL-Digitale-Technologien-2-shutterstock_2119121162-520x350.jpg",520,350,true],"kahuna-featured-square":["https:\/\/digidem-bayern.de\/wp-content\/uploads\/2025\/01\/NL-Digitale-Technologien-2-shutterstock_2119121162-512x512.jpg",512,512,true],"kahuna-featured-square-large":["https:\/\/digidem-bayern.de\/wp-content\/uploads\/2025\/01\/NL-Digitale-Technologien-2-shutterstock_2119121162.jpg",1000,667,false]},"qubely_author":{"display_name":"Ilona H\u00f6rath","author_link":"https:\/\/digidem-bayern.de\/en\/author\/hoeratia\/"},"qubely_comment":2,"qubely_category":"<a href=\"https:\/\/digidem-bayern.de\/en\/category\/aktuelles-zu-digidem\/\" rel=\"category tag\">Aktuelles zu digiDEM<\/a> <a href=\"https:\/\/digidem-bayern.de\/en\/category\/wissenschaft-forschung\/\" rel=\"category tag\">Wissenschaft &amp; Forschung<\/a>","qubely_excerpt":"Digitale Technologien sind l\u00e4ngst weit verbreitet und erreichen die unterschiedlichsten Nutzergruppen. Inwiefern digitale Technologien dazu beitragen k\u00f6nnen, soziale Isolation und Einsamkeit bei Menschen mit Demenz zu verhindern, ist kaum oder wenig erforscht. Wir stellen zwei Studien vor, die Licht ins Dunkel bringen.&nbsp; Der Appell von Wissenschaftlerinnen und Wissenschaftlern&nbsp;aus Gro\u00dfbritannien und &hellip;","featured_image_urls_v2":{"full":["https:\/\/digidem-bayern.de\/wp-content\/uploads\/2025\/01\/NL-Digitale-Technologien-2-shutterstock_2119121162.jpg",1000,667,false],"thumbnail":["https:\/\/digidem-bayern.de\/wp-content\/uploads\/2025\/01\/NL-Digitale-Technologien-2-shutterstock_2119121162-80x80.jpg",80,80,true],"medium":["https:\/\/digidem-bayern.de\/wp-content\/uploads\/2025\/01\/NL-Digitale-Technologien-2-shutterstock_2119121162-300x200.jpg",300,200,true],"medium_large":["https:\/\/digidem-bayern.de\/wp-content\/uploads\/2025\/01\/NL-Digitale-Technologien-2-shutterstock_2119121162-768x512.jpg",768,512,true],"large":["https:\/\/digidem-bayern.de\/wp-content\/uploads\/2025\/01\/NL-Digitale-Technologien-2-shutterstock_2119121162.jpg",1000,667,false],"1536x1536":["https:\/\/digidem-bayern.de\/wp-content\/uploads\/2025\/01\/NL-Digitale-Technologien-2-shutterstock_2119121162.jpg",1000,667,false],"2048x2048":["https:\/\/digidem-bayern.de\/wp-content\/uploads\/2025\/01\/NL-Digitale-Technologien-2-shutterstock_2119121162.jpg",1000,667,false],"trp-custom-language-flag":["https:\/\/digidem-bayern.de\/wp-content\/uploads\/2025\/01\/NL-Digitale-Technologien-2-shutterstock_2119121162.jpg",18,12,false],"qubely_landscape":["https:\/\/digidem-bayern.de\/wp-content\/uploads\/2025\/01\/NL-Digitale-Technologien-2-shutterstock_2119121162.jpg",1000,667,false],"qubely_portrait":["https:\/\/digidem-bayern.de\/wp-content\/uploads\/2025\/01\/NL-Digitale-Technologien-2-shutterstock_2119121162-540x320.jpg",540,320,true],"qubely_thumbnail":["https:\/\/digidem-bayern.de\/wp-content\/uploads\/2025\/01\/NL-Digitale-Technologien-2-shutterstock_2119121162-140x100.jpg",140,100,true],"post-thumbnail":["https:\/\/digidem-bayern.de\/wp-content\/uploads\/2025\/01\/NL-Digitale-Technologien-2-shutterstock_2119121162-525x350.jpg",525,350,true],"kahuna-featured":["https:\/\/digidem-bayern.de\/wp-content\/uploads\/2025\/01\/NL-Digitale-Technologien-2-shutterstock_2119121162-734x350.jpg",734,350,true],"kahuna-featured-lp":["https:\/\/digidem-bayern.de\/wp-content\/uploads\/2025\/01\/NL-Digitale-Technologien-2-shutterstock_2119121162-520x350.jpg",520,350,true],"kahuna-featured-half":["https:\/\/digidem-bayern.de\/wp-content\/uploads\/2025\/01\/NL-Digitale-Technologien-2-shutterstock_2119121162-800x350.jpg",800,350,true],"kahuna-featured-third":["https:\/\/digidem-bayern.de\/wp-content\/uploads\/2025\/01\/NL-Digitale-Technologien-2-shutterstock_2119121162-512x350.jpg",512,350,true],"kahuna-lpbox-1":["https:\/\/digidem-bayern.de\/wp-content\/uploads\/2025\/01\/NL-Digitale-Technologien-2-shutterstock_2119121162-520x300.jpg",520,300,true],"kahuna-lpbox-2":["https:\/\/digidem-bayern.de\/wp-content\/uploads\/2025\/01\/NL-Digitale-Technologien-2-shutterstock_2119121162-520x350.jpg",520,350,true],"demand-language-flag":["https:\/\/digidem-bayern.de\/wp-content\/uploads\/2025\/01\/NL-Digitale-Technologien-2-shutterstock_2119121162-36x36.jpg",36,36,true],"dddkt-language-flag":["https:\/\/digidem-bayern.de\/wp-content\/uploads\/2025\/01\/NL-Digitale-Technologien-2-shutterstock_2119121162-36x36.jpg",36,36,true],"ddiqc-language-flag":["https:\/\/digidem-bayern.de\/wp-content\/uploads\/2025\/01\/NL-Digitale-Technologien-2-shutterstock_2119121162-36x36.jpg",36,36,true],"ddtl-language-flag":["https:\/\/digidem-bayern.de\/wp-content\/uploads\/2025\/01\/NL-Digitale-Technologien-2-shutterstock_2119121162-36x36.jpg",36,36,true],"mailpoet_newsletter_max":["https:\/\/digidem-bayern.de\/wp-content\/uploads\/2025\/01\/NL-Digitale-Technologien-2-shutterstock_2119121162.jpg",1000,667,false],"kahuna-lpbox-3":["https:\/\/digidem-bayern.de\/wp-content\/uploads\/2025\/01\/NL-Digitale-Technologien-2-shutterstock_2119121162-520x350.jpg",520,350,true],"kahuna-featured-square":["https:\/\/digidem-bayern.de\/wp-content\/uploads\/2025\/01\/NL-Digitale-Technologien-2-shutterstock_2119121162-512x512.jpg",512,512,true],"kahuna-featured-square-large":["https:\/\/digidem-bayern.de\/wp-content\/uploads\/2025\/01\/NL-Digitale-Technologien-2-shutterstock_2119121162.jpg",1000,667,false]},"post_excerpt_stackable_v2":"<p>Digitale Technologien sind l\u00e4ngst weit verbreitet und erreichen die unterschiedlichsten Nutzergruppen. Inwiefern digitale Technologien dazu beitragen k\u00f6nnen, soziale Isolation und Einsamkeit bei Menschen mit Demenz zu verhindern, ist kaum oder wenig erforscht. Wir stellen zwei Studien vor, die Licht ins Dunkel bringen.&nbsp; Der Appell von Wissenschaftlerinnen und Wissenschaftlern&nbsp;aus Gro\u00dfbritannien und den Niederlanden&nbsp;ist deutlich: \u201eEs ist an der Zeit zu erforschen, wie man Menschen mit Demenz zu den federf\u00fchrenden Architekten digitaler Technologien f\u00fcr soziale Interaktionen machen kann, die f\u00fcr alle erschwinglich, nutzbar und inklusiv sind.\u201c In ihrer \u00dcbersichtsarbeit haben die Forschenden aktuelle Erkenntnisse zu digitalen Technologien zur Vorbeugung sozialer Isolation und&hellip;<\/p>\n","category_list_v2":"<a href=\"https:\/\/digidem-bayern.de\/en\/category\/aktuelles-zu-digidem\/\" rel=\"category tag\">Aktuelles zu digiDEM<\/a>, <a href=\"https:\/\/digidem-bayern.de\/en\/category\/wissenschaft-forschung\/\" rel=\"category tag\">Wissenschaft &amp; Forschung<\/a>","author_info_v2":{"name":"Ilona H\u00f6rath","url":"https:\/\/digidem-bayern.de\/en\/author\/hoeratia\/"},"comments_num_v2":"0 comments","yoast_head":"<!-- This site is optimized with the Yoast SEO plugin v27.4 - https:\/\/yoast.com\/product\/yoast-seo-wordpress\/ -->\n<title>Digitale Technologien gegen Einsamkeit - digiDEM Bayern<\/title>\n<meta name=\"description\" content=\"Der Bayerische Landesapothekerkammer unterst\u00fctzt digiDEM Bayern mit Hilfe des Netzwerks &quot;Demenzfreundliche Apotheken&quot;.\" \/>\n<meta name=\"robots\" content=\"index, follow, max-snippet:-1, max-image-preview:large, max-video-preview:-1\" \/>\n<link rel=\"canonical\" href=\"https:\/\/digidem-bayern.de\/en\/digitale-technologien-gegen-einsamkeit\/\" \/>\n<meta property=\"og:locale\" content=\"en_US\" \/>\n<meta property=\"og:type\" content=\"article\" \/>\n<meta property=\"og:title\" content=\"Digitale Technologien gegen Einsamkeit - digiDEM Bayern\" \/>\n<meta property=\"og:description\" content=\"Der Bayerische Landesapothekerkammer unterst\u00fctzt digiDEM Bayern mit Hilfe des Netzwerks &quot;Demenzfreundliche Apotheken&quot;.\" \/>\n<meta property=\"og:url\" content=\"https:\/\/digidem-bayern.de\/en\/digitale-technologien-gegen-einsamkeit\/\" \/>\n<meta property=\"og:site_name\" content=\"digiDEM Bayern\" \/>\n<meta property=\"article:publisher\" content=\"https:\/\/www.facebook.com\/digiDEMBayern\/\" \/>\n<meta property=\"article:published_time\" content=\"2025-01-30T12:12:00+00:00\" \/>\n<meta property=\"article:modified_time\" content=\"2025-01-30T12:18:12+00:00\" \/>\n<meta property=\"og:image\" content=\"https:\/\/digidem-bayern.de\/wp-content\/uploads\/2025\/01\/NL-Digitale-Technologien-2-shutterstock_2119121162.jpg\" \/>\n\t<meta property=\"og:image:width\" content=\"1000\" \/>\n\t<meta property=\"og:image:height\" content=\"667\" \/>\n\t<meta property=\"og:image:type\" content=\"image\/jpeg\" \/>\n<meta name=\"author\" content=\"Ilona H\u00f6rath\" \/>\n<meta name=\"twitter:label1\" content=\"Written by\" \/>\n\t<meta name=\"twitter:data1\" content=\"Ilona H\u00f6rath\" \/>\n\t<meta name=\"twitter:label2\" content=\"Est. reading time\" \/>\n\t<meta name=\"twitter:data2\" content=\"2 minutes\" \/>\n<script type=\"application\/ld+json\" class=\"yoast-schema-graph\">{\"@context\":\"https:\\\/\\\/schema.org\",\"@graph\":[{\"@type\":\"Article\",\"@id\":\"https:\\\/\\\/digidem-bayern.de\\\/digitale-technologien-gegen-einsamkeit\\\/#article\",\"isPartOf\":{\"@id\":\"https:\\\/\\\/digidem-bayern.de\\\/digitale-technologien-gegen-einsamkeit\\\/\"},\"author\":{\"name\":\"Ilona H\u00f6rath\",\"@id\":\"\\\/#\\\/schema\\\/person\\\/0bc1494f46fc2a051c761322a80e0941\"},\"headline\":\"Digitale Technologien gegen Einsamkeit\",\"datePublished\":\"2025-01-30T12:12:00+00:00\",\"dateModified\":\"2025-01-30T12:18:12+00:00\",\"mainEntityOfPage\":{\"@id\":\"https:\\\/\\\/digidem-bayern.de\\\/digitale-technologien-gegen-einsamkeit\\\/\"},\"wordCount\":744,\"commentCount\":0,\"publisher\":{\"@id\":\"\\\/#organization\"},\"image\":{\"@id\":\"https:\\\/\\\/digidem-bayern.de\\\/digitale-technologien-gegen-einsamkeit\\\/#primaryimage\"},\"thumbnailUrl\":\"https:\\\/\\\/digidem-bayern.de\\\/wp-content\\\/uploads\\\/2025\\\/01\\\/NL-Digitale-Technologien-2-shutterstock_2119121162.jpg\",\"keywords\":[\"Achtsamkeits\u00fcbung\",\"Alzheimer\",\"Alzheimer-Demenz\",\"Begleitroboter\",\"Covid-19\",\"Demenz\",\"Demenzdiagnose\",\"Depression\",\"digidem\",\"digidem Bayern\",\"digitale Anwendungen\",\"digitale Anwendunghen\",\"digitale Technologien\",\"digitale Tools\",\"Digitales Demenzregister Bayern\",\"Einsamkeit\",\"Forschungsstand\",\"Lebensqualit\u00e4t\",\"Messenger-Dienst\",\"Risikofaktor\",\"Risikofaktor f\u00fcr Demenz\",\"Skype\",\"soziale isolation\",\"Videokonferenz\",\"Virtual Reality\"],\"articleSection\":[\"Aktuelles zu digiDEM\",\"Wissenschaft &amp; Forschung\"],\"inLanguage\":\"en-US\",\"potentialAction\":[{\"@type\":\"CommentAction\",\"name\":\"Comment\",\"target\":[\"https:\\\/\\\/digidem-bayern.de\\\/digitale-technologien-gegen-einsamkeit\\\/#respond\"]}]},{\"@type\":\"WebPage\",\"@id\":\"https:\\\/\\\/digidem-bayern.de\\\/digitale-technologien-gegen-einsamkeit\\\/\",\"url\":\"https:\\\/\\\/digidem-bayern.de\\\/digitale-technologien-gegen-einsamkeit\\\/\",\"name\":\"Digitale Technologien gegen Einsamkeit - digiDEM Bayern\",\"isPartOf\":{\"@id\":\"\\\/#website\"},\"primaryImageOfPage\":{\"@id\":\"https:\\\/\\\/digidem-bayern.de\\\/digitale-technologien-gegen-einsamkeit\\\/#primaryimage\"},\"image\":{\"@id\":\"https:\\\/\\\/digidem-bayern.de\\\/digitale-technologien-gegen-einsamkeit\\\/#primaryimage\"},\"thumbnailUrl\":\"https:\\\/\\\/digidem-bayern.de\\\/wp-content\\\/uploads\\\/2025\\\/01\\\/NL-Digitale-Technologien-2-shutterstock_2119121162.jpg\",\"datePublished\":\"2025-01-30T12:12:00+00:00\",\"dateModified\":\"2025-01-30T12:18:12+00:00\",\"description\":\"Der Bayerische Landesapothekerkammer unterst\u00fctzt digiDEM Bayern mit Hilfe des Netzwerks \\\"Demenzfreundliche Apotheken\\\".\",\"breadcrumb\":{\"@id\":\"https:\\\/\\\/digidem-bayern.de\\\/digitale-technologien-gegen-einsamkeit\\\/#breadcrumb\"},\"inLanguage\":\"en-US\",\"potentialAction\":[{\"@type\":\"ReadAction\",\"target\":[\"https:\\\/\\\/digidem-bayern.de\\\/digitale-technologien-gegen-einsamkeit\\\/\"]}]},{\"@type\":\"ImageObject\",\"inLanguage\":\"en-US\",\"@id\":\"https:\\\/\\\/digidem-bayern.de\\\/digitale-technologien-gegen-einsamkeit\\\/#primaryimage\",\"url\":\"https:\\\/\\\/digidem-bayern.de\\\/wp-content\\\/uploads\\\/2025\\\/01\\\/NL-Digitale-Technologien-2-shutterstock_2119121162.jpg\",\"contentUrl\":\"https:\\\/\\\/digidem-bayern.de\\\/wp-content\\\/uploads\\\/2025\\\/01\\\/NL-Digitale-Technologien-2-shutterstock_2119121162.jpg\",\"width\":1000,\"height\":667,\"caption\":\"Foto: Shutterstock\"},{\"@type\":\"BreadcrumbList\",\"@id\":\"https:\\\/\\\/digidem-bayern.de\\\/digitale-technologien-gegen-einsamkeit\\\/#breadcrumb\",\"itemListElement\":[{\"@type\":\"ListItem\",\"position\":1,\"name\":\"Startseite\",\"item\":\"https:\\\/\\\/digidem-bayern.de\\\/\"},{\"@type\":\"ListItem\",\"position\":2,\"name\":\"Digitale Technologien gegen Einsamkeit\"}]},{\"@type\":\"WebSite\",\"@id\":\"\\\/#website\",\"url\":\"\\\/\",\"name\":\"digiDEM Bayern\",\"description\":\"Das digitale Demenzregister Bayern erforscht und verbessert die Angebotsstuktur f\u00fcr Menschen mit Demenz und deren Angeh\u00f6rige\",\"publisher\":{\"@id\":\"\\\/#organization\"},\"potentialAction\":[{\"@type\":\"SearchAction\",\"target\":{\"@type\":\"EntryPoint\",\"urlTemplate\":\"\\\/?s={search_term_string}\"},\"query-input\":{\"@type\":\"PropertyValueSpecification\",\"valueRequired\":true,\"valueName\":\"search_term_string\"}}],\"inLanguage\":\"en-US\"},{\"@type\":\"Organization\",\"@id\":\"\\\/#organization\",\"name\":\"digiDEM Bayern\",\"url\":\"\\\/\",\"logo\":{\"@type\":\"ImageObject\",\"inLanguage\":\"en-US\",\"@id\":\"\\\/#\\\/schema\\\/logo\\\/image\\\/\",\"url\":\"https:\\\/\\\/digidem-bayern.de\\\/wp-content\\\/uploads\\\/2022\\\/03\\\/cropped-Allgemeines_digiDEMLOGO-removebg-preview.png\",\"contentUrl\":\"https:\\\/\\\/digidem-bayern.de\\\/wp-content\\\/uploads\\\/2022\\\/03\\\/cropped-Allgemeines_digiDEMLOGO-removebg-preview.png\",\"width\":612,\"height\":357,\"caption\":\"digiDEM Bayern\"},\"image\":{\"@id\":\"\\\/#\\\/schema\\\/logo\\\/image\\\/\"},\"sameAs\":[\"https:\\\/\\\/www.facebook.com\\\/digiDEMBayern\\\/\",\"https:\\\/\\\/x.com\\\/digidem_bayern\",\"https:\\\/\\\/www.instagram.com\\\/digidem.bayern\",\"https:\\\/\\\/www.linkedin.com\\\/company\\\/digidem-bayern\\\/\"]},{\"@type\":\"Person\",\"@id\":\"\\\/#\\\/schema\\\/person\\\/0bc1494f46fc2a051c761322a80e0941\",\"name\":\"Ilona H\u00f6rath\",\"url\":\"https:\\\/\\\/digidem-bayern.de\\\/en\\\/author\\\/hoeratia\\\/\"}]}<\/script>\n<!-- \/ Yoast SEO plugin. -->","yoast_head_json":{"title":"Digitale Technologien gegen Einsamkeit - digiDEM Bayern","description":"Der Bayerische Landesapothekerkammer unterst\u00fctzt digiDEM Bayern mit Hilfe des Netzwerks \"Demenzfreundliche Apotheken\".","robots":{"index":"index","follow":"follow","max-snippet":"max-snippet:-1","max-image-preview":"max-image-preview:large","max-video-preview":"max-video-preview:-1"},"canonical":"https:\/\/digidem-bayern.de\/en\/digitale-technologien-gegen-einsamkeit\/","og_locale":"en_US","og_type":"article","og_title":"Digitale Technologien gegen Einsamkeit - digiDEM Bayern","og_description":"Der Bayerische Landesapothekerkammer unterst\u00fctzt digiDEM Bayern mit Hilfe des Netzwerks \"Demenzfreundliche Apotheken\".","og_url":"https:\/\/digidem-bayern.de\/en\/digitale-technologien-gegen-einsamkeit\/","og_site_name":"digiDEM Bayern","article_publisher":"https:\/\/www.facebook.com\/digiDEMBayern\/","article_published_time":"2025-01-30T12:12:00+00:00","article_modified_time":"2025-01-30T12:18:12+00:00","og_image":[{"width":1000,"height":667,"url":"https:\/\/digidem-bayern.de\/wp-content\/uploads\/2025\/01\/NL-Digitale-Technologien-2-shutterstock_2119121162.jpg","type":"image\/jpeg"}],"author":"Ilona H\u00f6rath","twitter_misc":{"Written by":"Ilona H\u00f6rath","Est. reading time":"2 minutes"},"schema":{"@context":"https:\/\/schema.org","@graph":[{"@type":"Article","@id":"https:\/\/digidem-bayern.de\/digitale-technologien-gegen-einsamkeit\/#article","isPartOf":{"@id":"https:\/\/digidem-bayern.de\/digitale-technologien-gegen-einsamkeit\/"},"author":{"name":"Ilona H\u00f6rath","@id":"\/#\/schema\/person\/0bc1494f46fc2a051c761322a80e0941"},"headline":"Digitale Technologien gegen Einsamkeit","datePublished":"2025-01-30T12:12:00+00:00","dateModified":"2025-01-30T12:18:12+00:00","mainEntityOfPage":{"@id":"https:\/\/digidem-bayern.de\/digitale-technologien-gegen-einsamkeit\/"},"wordCount":744,"commentCount":0,"publisher":{"@id":"\/#organization"},"image":{"@id":"https:\/\/digidem-bayern.de\/digitale-technologien-gegen-einsamkeit\/#primaryimage"},"thumbnailUrl":"https:\/\/digidem-bayern.de\/wp-content\/uploads\/2025\/01\/NL-Digitale-Technologien-2-shutterstock_2119121162.jpg","keywords":["Achtsamkeits\u00fcbung","Alzheimer","Alzheimer-Demenz","Begleitroboter","Covid-19","Demenz","Demenzdiagnose","Depression","digidem","digidem Bayern","digitale Anwendungen","digitale Anwendunghen","digitale Technologien","digitale Tools","Digitales Demenzregister Bayern","Einsamkeit","Forschungsstand","Lebensqualit\u00e4t","Messenger-Dienst","Risikofaktor","Risikofaktor f\u00fcr Demenz","Skype","soziale isolation","Videokonferenz","Virtual Reality"],"articleSection":["Aktuelles zu digiDEM","Wissenschaft &amp; Forschung"],"inLanguage":"en-US","potentialAction":[{"@type":"CommentAction","name":"Comment","target":["https:\/\/digidem-bayern.de\/digitale-technologien-gegen-einsamkeit\/#respond"]}]},{"@type":"WebPage","@id":"https:\/\/digidem-bayern.de\/digitale-technologien-gegen-einsamkeit\/","url":"https:\/\/digidem-bayern.de\/digitale-technologien-gegen-einsamkeit\/","name":"Digitale Technologien gegen Einsamkeit - digiDEM Bayern","isPartOf":{"@id":"\/#website"},"primaryImageOfPage":{"@id":"https:\/\/digidem-bayern.de\/digitale-technologien-gegen-einsamkeit\/#primaryimage"},"image":{"@id":"https:\/\/digidem-bayern.de\/digitale-technologien-gegen-einsamkeit\/#primaryimage"},"thumbnailUrl":"https:\/\/digidem-bayern.de\/wp-content\/uploads\/2025\/01\/NL-Digitale-Technologien-2-shutterstock_2119121162.jpg","datePublished":"2025-01-30T12:12:00+00:00","dateModified":"2025-01-30T12:18:12+00:00","description":"Der Bayerische Landesapothekerkammer unterst\u00fctzt digiDEM Bayern mit Hilfe des Netzwerks \"Demenzfreundliche Apotheken\".","breadcrumb":{"@id":"https:\/\/digidem-bayern.de\/digitale-technologien-gegen-einsamkeit\/#breadcrumb"},"inLanguage":"en-US","potentialAction":[{"@type":"ReadAction","target":["https:\/\/digidem-bayern.de\/digitale-technologien-gegen-einsamkeit\/"]}]},{"@type":"ImageObject","inLanguage":"en-US","@id":"https:\/\/digidem-bayern.de\/digitale-technologien-gegen-einsamkeit\/#primaryimage","url":"https:\/\/digidem-bayern.de\/wp-content\/uploads\/2025\/01\/NL-Digitale-Technologien-2-shutterstock_2119121162.jpg","contentUrl":"https:\/\/digidem-bayern.de\/wp-content\/uploads\/2025\/01\/NL-Digitale-Technologien-2-shutterstock_2119121162.jpg","width":1000,"height":667,"caption":"Foto: Shutterstock"},{"@type":"BreadcrumbList","@id":"https:\/\/digidem-bayern.de\/digitale-technologien-gegen-einsamkeit\/#breadcrumb","itemListElement":[{"@type":"ListItem","position":1,"name":"Startseite","item":"https:\/\/digidem-bayern.de\/"},{"@type":"ListItem","position":2,"name":"Digitale Technologien gegen Einsamkeit"}]},{"@type":"WebSite","@id":"\/#website","url":"\/","name":"digiDEM Bavaria","description":"The digital dementia register in Bavaria researches and improves the structure of services for people with dementia and their relatives","publisher":{"@id":"\/#organization"},"potentialAction":[{"@type":"SearchAction","target":{"@type":"EntryPoint","urlTemplate":"\/?s={search_term_string}"},"query-input":{"@type":"PropertyValueSpecification","valueRequired":true,"valueName":"search_term_string"}}],"inLanguage":"en-US"},{"@type":"Organization","@id":"\/#organization","name":"digiDEM Bavaria","url":"\/","logo":{"@type":"ImageObject","inLanguage":"en-US","@id":"\/#\/schema\/logo\/image\/","url":"https:\/\/digidem-bayern.de\/wp-content\/uploads\/2022\/03\/cropped-Allgemeines_digiDEMLOGO-removebg-preview.png","contentUrl":"https:\/\/digidem-bayern.de\/wp-content\/uploads\/2022\/03\/cropped-Allgemeines_digiDEMLOGO-removebg-preview.png","width":612,"height":357,"caption":"digiDEM Bayern"},"image":{"@id":"\/#\/schema\/logo\/image\/"},"sameAs":["https:\/\/www.facebook.com\/digiDEMBayern\/","https:\/\/x.com\/digidem_bayern","https:\/\/www.instagram.com\/digidem.bayern","https:\/\/www.linkedin.com\/company\/digidem-bayern\/"]},{"@type":"Person","@id":"\/#\/schema\/person\/0bc1494f46fc2a051c761322a80e0941","name":"Ilona H\u00f6rath","url":"https:\/\/digidem-bayern.de\/en\/author\/hoeratia\/"}]}},"uagb_featured_image_src":{"full":["https:\/\/digidem-bayern.de\/wp-content\/uploads\/2025\/01\/NL-Digitale-Technologien-2-shutterstock_2119121162.jpg",1000,667,false],"thumbnail":["https:\/\/digidem-bayern.de\/wp-content\/uploads\/2025\/01\/NL-Digitale-Technologien-2-shutterstock_2119121162-80x80.jpg",80,80,true],"medium":["https:\/\/digidem-bayern.de\/wp-content\/uploads\/2025\/01\/NL-Digitale-Technologien-2-shutterstock_2119121162-300x200.jpg",300,200,true],"medium_large":["https:\/\/digidem-bayern.de\/wp-content\/uploads\/2025\/01\/NL-Digitale-Technologien-2-shutterstock_2119121162-768x512.jpg",768,512,true],"large":["https:\/\/digidem-bayern.de\/wp-content\/uploads\/2025\/01\/NL-Digitale-Technologien-2-shutterstock_2119121162.jpg",1000,667,false],"1536x1536":["https:\/\/digidem-bayern.de\/wp-content\/uploads\/2025\/01\/NL-Digitale-Technologien-2-shutterstock_2119121162.jpg",1000,667,false],"2048x2048":["https:\/\/digidem-bayern.de\/wp-content\/uploads\/2025\/01\/NL-Digitale-Technologien-2-shutterstock_2119121162.jpg",1000,667,false],"trp-custom-language-flag":["https:\/\/digidem-bayern.de\/wp-content\/uploads\/2025\/01\/NL-Digitale-Technologien-2-shutterstock_2119121162.jpg",18,12,false],"qubely_landscape":["https:\/\/digidem-bayern.de\/wp-content\/uploads\/2025\/01\/NL-Digitale-Technologien-2-shutterstock_2119121162.jpg",1000,667,false],"qubely_portrait":["https:\/\/digidem-bayern.de\/wp-content\/uploads\/2025\/01\/NL-Digitale-Technologien-2-shutterstock_2119121162-540x320.jpg",540,320,true],"qubely_thumbnail":["https:\/\/digidem-bayern.de\/wp-content\/uploads\/2025\/01\/NL-Digitale-Technologien-2-shutterstock_2119121162-140x100.jpg",140,100,true],"post-thumbnail":["https:\/\/digidem-bayern.de\/wp-content\/uploads\/2025\/01\/NL-Digitale-Technologien-2-shutterstock_2119121162-525x350.jpg",525,350,true],"kahuna-featured":["https:\/\/digidem-bayern.de\/wp-content\/uploads\/2025\/01\/NL-Digitale-Technologien-2-shutterstock_2119121162-734x350.jpg",734,350,true],"kahuna-featured-lp":["https:\/\/digidem-bayern.de\/wp-content\/uploads\/2025\/01\/NL-Digitale-Technologien-2-shutterstock_2119121162-520x350.jpg",520,350,true],"kahuna-featured-half":["https:\/\/digidem-bayern.de\/wp-content\/uploads\/2025\/01\/NL-Digitale-Technologien-2-shutterstock_2119121162-800x350.jpg",800,350,true],"kahuna-featured-third":["https:\/\/digidem-bayern.de\/wp-content\/uploads\/2025\/01\/NL-Digitale-Technologien-2-shutterstock_2119121162-512x350.jpg",512,350,true],"kahuna-lpbox-1":["https:\/\/digidem-bayern.de\/wp-content\/uploads\/2025\/01\/NL-Digitale-Technologien-2-shutterstock_2119121162-520x300.jpg",520,300,true],"kahuna-lpbox-2":["https:\/\/digidem-bayern.de\/wp-content\/uploads\/2025\/01\/NL-Digitale-Technologien-2-shutterstock_2119121162-520x350.jpg",520,350,true],"demand-language-flag":["https:\/\/digidem-bayern.de\/wp-content\/uploads\/2025\/01\/NL-Digitale-Technologien-2-shutterstock_2119121162-36x36.jpg",36,36,true],"dddkt-language-flag":["https:\/\/digidem-bayern.de\/wp-content\/uploads\/2025\/01\/NL-Digitale-Technologien-2-shutterstock_2119121162-36x36.jpg",36,36,true],"ddiqc-language-flag":["https:\/\/digidem-bayern.de\/wp-content\/uploads\/2025\/01\/NL-Digitale-Technologien-2-shutterstock_2119121162-36x36.jpg",36,36,true],"ddtl-language-flag":["https:\/\/digidem-bayern.de\/wp-content\/uploads\/2025\/01\/NL-Digitale-Technologien-2-shutterstock_2119121162-36x36.jpg",36,36,true],"mailpoet_newsletter_max":["https:\/\/digidem-bayern.de\/wp-content\/uploads\/2025\/01\/NL-Digitale-Technologien-2-shutterstock_2119121162.jpg",1000,667,false],"kahuna-lpbox-3":["https:\/\/digidem-bayern.de\/wp-content\/uploads\/2025\/01\/NL-Digitale-Technologien-2-shutterstock_2119121162-520x350.jpg",520,350,true],"kahuna-featured-square":["https:\/\/digidem-bayern.de\/wp-content\/uploads\/2025\/01\/NL-Digitale-Technologien-2-shutterstock_2119121162-512x512.jpg",512,512,true],"kahuna-featured-square-large":["https:\/\/digidem-bayern.de\/wp-content\/uploads\/2025\/01\/NL-Digitale-Technologien-2-shutterstock_2119121162.jpg",1000,667,false]},"uagb_author_info":{"display_name":"Ilona H\u00f6rath","author_link":"https:\/\/digidem-bayern.de\/en\/author\/hoeratia\/"},"uagb_comment_info":2,"uagb_excerpt":"Digitale Technologien sind l\u00e4ngst weit verbreitet und erreichen die unterschiedlichsten Nutzergruppen. Inwiefern digitale Technologien dazu beitragen k\u00f6nnen, soziale Isolation und Einsamkeit bei Menschen mit Demenz zu verhindern, ist kaum oder wenig erforscht. Wir stellen zwei Studien vor, die Licht ins Dunkel bringen.&nbsp; Der Appell von Wissenschaftlerinnen und Wissenschaftlern&nbsp;aus Gro\u00dfbritannien und &hellip;","_links":{"self":[{"href":"https:\/\/digidem-bayern.de\/en\/wp-json\/wp\/v2\/posts\/41147","targetHints":{"allow":["GET"]}}],"collection":[{"href":"https:\/\/digidem-bayern.de\/en\/wp-json\/wp\/v2\/posts"}],"about":[{"href":"https:\/\/digidem-bayern.de\/en\/wp-json\/wp\/v2\/types\/post"}],"author":[{"embeddable":true,"href":"https:\/\/digidem-bayern.de\/en\/wp-json\/wp\/v2\/users\/12"}],"replies":[{"embeddable":true,"href":"https:\/\/digidem-bayern.de\/en\/wp-json\/wp\/v2\/comments?post=41147"}],"version-history":[{"count":3,"href":"https:\/\/digidem-bayern.de\/en\/wp-json\/wp\/v2\/posts\/41147\/revisions"}],"predecessor-version":[{"id":41182,"href":"https:\/\/digidem-bayern.de\/en\/wp-json\/wp\/v2\/posts\/41147\/revisions\/41182"}],"wp:featuredmedia":[{"embeddable":true,"href":"https:\/\/digidem-bayern.de\/en\/wp-json\/wp\/v2\/media\/41180"}],"wp:attachment":[{"href":"https:\/\/digidem-bayern.de\/en\/wp-json\/wp\/v2\/media?parent=41147"}],"wp:term":[{"taxonomy":"category","embeddable":true,"href":"https:\/\/digidem-bayern.de\/en\/wp-json\/wp\/v2\/categories?post=41147"},{"taxonomy":"post_tag","embeddable":true,"href":"https:\/\/digidem-bayern.de\/en\/wp-json\/wp\/v2\/tags?post=41147"}],"curies":[{"name":"wp","href":"https:\/\/api.w.org\/{rel}","templated":true}]}}