{"id":41063,"date":"2025-01-29T13:17:42","date_gmt":"2025-01-29T12:17:42","guid":{"rendered":"https:\/\/digidem-bayern.de\/?p=41063"},"modified":"2025-02-05T13:57:20","modified_gmt":"2025-02-05T12:57:20","slug":"die-zukunft-von-demenzregisten","status":"publish","type":"post","link":"https:\/\/digidem-bayern.de\/en\/die-zukunft-von-demenzregisten\/","title":{"rendered":"Die Zukunft von Demenzregistern"},"content":{"rendered":"<p>Die Erhebung von Krankheitsdaten \u00fcber lange Zeitr\u00e4ume ist die Grundlage f\u00fcr eine wissenschaftlich abgesicherte Gesundheitsversorgung. Insbesondere bev\u00f6lkerungsbasierte Registerdaten erm\u00f6glichen die systematische Erfassung von Krankheitsverl\u00e4ufen bei chronischen Erkrankungen. Auch die Versorgung von Menschen mit Demenz und deren pflegenden An- und Zugeh\u00f6rigen kann von Registerdaten ganz entscheidend profitieren. So werden in Demenzregistern Informationen \u00fcber die Entstehung, den Verlauf und die Behandlung von Demenzerkrankungen erfasst, analysiert und dem Gesundheitswesen zur Verf\u00fcgung gestellt. Daraus lassen sich unter anderem neue Erkenntnisse f\u00fcr Diagnostik, Therapie und Versorgung ableiten.<\/p>\n\n\n\n<p>Eine wesentliche Vorreiterrolle bei Demenzregistern spielen die skandinavischen L\u00e4nder. So wurde beispielsweise im Jahr 2007 das norwegische Demenzregister (NorCog) ins Leben gerufen. Auch in Schweden und Finnland werden in Demenzregistern seit Jahrzehnten Informationen \u00fcber Demenzerkrankungen systematisch zusammengetragen und analysiert. Gleiches geschieht auch in Bayern: Das Digitale Demenzregister Bayern (digiDEM Bayern) erhebt bereits seit 2020 Informationen zur Versorgungssituation von Menschen mit Demenz und deren pflegenden An- und Zugeh\u00f6rigen und wertet diese kontinuierlich aus.<\/p>\n\n\n\n<p>Prof. em. Dr. med. Knut Engedal ist Gr\u00fcnder des Norwegischen Demenzregisters (NorCog). Des Weiteren war er Professor f\u00fcr Alterspsychiatrie an der Universit\u00e4t Oslo. Als renommierter Demenzexperte war er langj\u00e4hriger Leiter der Ged\u00e4chtnisambulanz und der Demenzforschungsgruppe des Universit\u00e4tsklinikums Oslo. Professor Engedal gilt als Vordenker, der die Bedeutung von Demenzregistern f\u00fcr die evidenzbasierte Verbesserung der Demenzversorgung und deren internationales Vernetzungspotenzial erkannt und gef\u00f6rdert hat. Im Webinar stellt Professor Engedal die zuk\u00fcnftigen Einsatzm\u00f6glichkeiten von Demenzregistern dar.<\/p>\n\n\n\n<p><\/p>\n\n\n\n<figure class=\"wp-block-embed is-type-video is-provider-youtube wp-block-embed-youtube wp-embed-aspect-16-9 wp-has-aspect-ratio\"><div class=\"wp-block-embed__wrapper\">\n<iframe loading=\"lazy\" title=\"Webinar: Die Zukunft von Demenzregisten\" width=\"1223\" height=\"688\" src=\"https:\/\/www.youtube.com\/embed\/KjSXqUtR85M?feature=oembed\" frameborder=\"0\" allow=\"accelerometer; autoplay; clipboard-write; encrypted-media; gyroscope; picture-in-picture; web-share\" referrerpolicy=\"strict-origin-when-cross-origin\" allowfullscreen><\/iframe>\n<\/div><\/figure>\n\n\n\n<p><\/p>\n\n\n\n<p class=\"has-text-align-center\"><a href=\"https:\/\/digidem-bayern.de\/wp-content\/uploads\/2025\/01\/2024-01-28_digiDEM-Webinar_Nr66_Copyright.pdf\" data-type=\"link\" data-id=\"https:\/\/digidem-bayern.de\/wp-content\/uploads\/2024\/11\/2024-11-12_digiDEM-Webinar_Nr63_Copyright.pdf\"><strong>Hier gibt es das Webinar als PDF zum\u00a0Download<\/strong>.<\/a><\/p>\n\n\n\n<p><\/p>\n\n\n\n<p><\/p>\n\n\n\n<div class=\"wp-block-stackable-columns stk-block-columns stk-block stk-1abb464\" data-block-id=\"1abb464\"><div class=\"stk-row stk-inner-blocks stk-block-content stk-content-align stk-1abb464-column\">\n<div class=\"wp-block-stackable-column stk-block-column stk-column stk-block stk-38a7c84\" data-v=\"4\" data-block-id=\"38a7c84\"><div class=\"stk-column-wrapper stk-block-column__content stk-container stk-38a7c84-container stk--no-background stk--no-padding\"><div class=\"stk-block-content stk-inner-blocks stk-38a7c84-inner-blocks\">\n<div class=\"wp-block-uagb-team uagb-team__image-position-above uagb-team__align-center uagb-team__stack-tablet uagb-block-df5b540b\"><div class=\"uagb-team__content\"><img decoding=\"async\" class=\"uagb-team__image-crop-circle\" src=\"https:\/\/digidem-bayern.de\/wp-content\/uploads\/2025\/01\/2024_Graessel_Portrait2_Quadrat.jpg\" alt=\"\" height=\"120\" width=\"120\" loading=\"lazy\"\/><h3 class=\"uagb-team__title\">Prof. Dr. med. Elmar Gr\u00e4\u00dfel<\/h3><span class=\"uagb-team__prefix\">Projektleitung<\/span><p class=\"uagb-team__desc\">Moderation<\/p><\/div><\/div>\n<\/div><\/div><\/div>\n\n\n\n<div class=\"wp-block-stackable-column stk-block-column stk-column stk-block stk-3aae72b\" data-v=\"4\" data-block-id=\"3aae72b\"><div class=\"stk-column-wrapper stk-block-column__content stk-container stk-3aae72b-container stk--no-background stk--no-padding\"><div class=\"stk-block-content stk-inner-blocks stk-3aae72b-inner-blocks\">\n<div class=\"wp-block-uagb-team uagb-team__image-position-above uagb-team__align-center uagb-team__stack-tablet uagb-block-7e64a8eb\"><div class=\"uagb-team__content\"><img decoding=\"async\" class=\"uagb-team__image-crop-circle\" src=\"https:\/\/digidem-bayern.de\/wp-content\/uploads\/2022\/11\/FWE_NEU_Quadrat.jpg\" alt=\"Florian Weidinger\" height=\"120\" width=\"120\" loading=\"lazy\"\/><h3 class=\"uagb-team__title\">Florian Weidinger M. Sc.<\/h3><span class=\"uagb-team__prefix\">Wissenschaftlicher Mitarbeiter M. Sc. <\/span><p class=\"uagb-team__desc\">Chatroom und Betreuung<\/p><\/div><\/div>\n<\/div><\/div><\/div>\n<\/div><\/div>\n\n\n\n<p><\/p>","protected":false},"excerpt":{"rendered":"<p>Die Erhebung von Krankheitsdaten \u00fcber lange Zeitr\u00e4ume ist die Grundlage f\u00fcr eine wissenschaftlich abgesicherte Gesundheitsversorgung. Insbesondere bev\u00f6lkerungsbasierte Registerdaten erm\u00f6glichen die systematische Erfassung von Krankheitsverl\u00e4ufen bei chronischen Erkrankungen. Auch die Versorgung von Menschen mit Demenz und deren pflegenden An- und Zugeh\u00f6rigen kann von Registerdaten ganz entscheidend profitieren. So werden in Demenzregistern &hellip;<\/p>","protected":false},"author":7,"featured_media":40743,"comment_status":"open","ping_status":"closed","sticky":false,"template":"","format":"standard","meta":{"qubely_global_settings":"true","qubely_interactions":"","_uag_custom_page_level_css":"","footnotes":""},"categories":[123],"tags":[12,38,422,14,55,1346,1249,1337,1122,1113,1334,1338,1343,1345,1344],"class_list":["post-41063","post","type-post","status-publish","format-standard","has-post-thumbnail","hentry","category-sciene-watch-live-archiv","tag-demenz-2","tag-demenzregister","tag-diagnostik","tag-digidem","tag-digitales-demenzregister-bayern","tag-engedal","tag-ki","tag-knut-engedal","tag-kuenstliche-intelligenz","tag-medical-valley-emn-e-v","tag-norcog","tag-norwegisches-demenzregister","tag-register","tag-skandinavien","tag-universitaet-oslo"],"qubely_featured_image_url":{"full":["https:\/\/digidem-bayern.de\/wp-content\/uploads\/2025\/01\/Webinar-Engedal_shutterstock_2414837385.jpg",1000,665,false],"landscape":["https:\/\/digidem-bayern.de\/wp-content\/uploads\/2025\/01\/Webinar-Engedal_shutterstock_2414837385.jpg",1000,665,false],"portraits":["https:\/\/digidem-bayern.de\/wp-content\/uploads\/2025\/01\/Webinar-Engedal_shutterstock_2414837385-540x320.jpg",540,320,true],"thumbnail":["https:\/\/digidem-bayern.de\/wp-content\/uploads\/2025\/01\/Webinar-Engedal_shutterstock_2414837385-80x80.jpg",80,80,true],"medium":["https:\/\/digidem-bayern.de\/wp-content\/uploads\/2025\/01\/Webinar-Engedal_shutterstock_2414837385-300x200.jpg",300,200,true],"medium_large":["https:\/\/digidem-bayern.de\/wp-content\/uploads\/2025\/01\/Webinar-Engedal_shutterstock_2414837385-768x511.jpg",768,511,true],"large":["https:\/\/digidem-bayern.de\/wp-content\/uploads\/2025\/01\/Webinar-Engedal_shutterstock_2414837385.jpg",1000,665,false],"1536x1536":["https:\/\/digidem-bayern.de\/wp-content\/uploads\/2025\/01\/Webinar-Engedal_shutterstock_2414837385.jpg",1000,665,false],"2048x2048":["https:\/\/digidem-bayern.de\/wp-content\/uploads\/2025\/01\/Webinar-Engedal_shutterstock_2414837385.jpg",1000,665,false],"trp-custom-language-flag":["https:\/\/digidem-bayern.de\/wp-content\/uploads\/2025\/01\/Webinar-Engedal_shutterstock_2414837385.jpg",18,12,false],"qubely_landscape":["https:\/\/digidem-bayern.de\/wp-content\/uploads\/2025\/01\/Webinar-Engedal_shutterstock_2414837385.jpg",1000,665,false],"qubely_portrait":["https:\/\/digidem-bayern.de\/wp-content\/uploads\/2025\/01\/Webinar-Engedal_shutterstock_2414837385-540x320.jpg",540,320,true],"qubely_thumbnail":["https:\/\/digidem-bayern.de\/wp-content\/uploads\/2025\/01\/Webinar-Engedal_shutterstock_2414837385-140x100.jpg",140,100,true],"post-thumbnail":["https:\/\/digidem-bayern.de\/wp-content\/uploads\/2025\/01\/Webinar-Engedal_shutterstock_2414837385-526x350.jpg",526,350,true],"kahuna-featured":["https:\/\/digidem-bayern.de\/wp-content\/uploads\/2025\/01\/Webinar-Engedal_shutterstock_2414837385-734x350.jpg",734,350,true],"kahuna-featured-lp":["https:\/\/digidem-bayern.de\/wp-content\/uploads\/2025\/01\/Webinar-Engedal_shutterstock_2414837385-520x350.jpg",520,350,true],"kahuna-featured-half":["https:\/\/digidem-bayern.de\/wp-content\/uploads\/2025\/01\/Webinar-Engedal_shutterstock_2414837385-800x350.jpg",800,350,true],"kahuna-featured-third":["https:\/\/digidem-bayern.de\/wp-content\/uploads\/2025\/01\/Webinar-Engedal_shutterstock_2414837385-512x350.jpg",512,350,true],"kahuna-lpbox-1":["https:\/\/digidem-bayern.de\/wp-content\/uploads\/2025\/01\/Webinar-Engedal_shutterstock_2414837385-520x300.jpg",520,300,true],"kahuna-lpbox-2":["https:\/\/digidem-bayern.de\/wp-content\/uploads\/2025\/01\/Webinar-Engedal_shutterstock_2414837385-520x350.jpg",520,350,true],"demand-language-flag":["https:\/\/digidem-bayern.de\/wp-content\/uploads\/2025\/01\/Webinar-Engedal_shutterstock_2414837385-36x36.jpg",36,36,true],"dddkt-language-flag":["https:\/\/digidem-bayern.de\/wp-content\/uploads\/2025\/01\/Webinar-Engedal_shutterstock_2414837385-36x36.jpg",36,36,true],"ddiqc-language-flag":["https:\/\/digidem-bayern.de\/wp-content\/uploads\/2025\/01\/Webinar-Engedal_shutterstock_2414837385-36x36.jpg",36,36,true],"ddtl-language-flag":["https:\/\/digidem-bayern.de\/wp-content\/uploads\/2025\/01\/Webinar-Engedal_shutterstock_2414837385-36x36.jpg",36,36,true],"mailpoet_newsletter_max":["https:\/\/digidem-bayern.de\/wp-content\/uploads\/2025\/01\/Webinar-Engedal_shutterstock_2414837385.jpg",1000,665,false],"kahuna-lpbox-3":["https:\/\/digidem-bayern.de\/wp-content\/uploads\/2025\/01\/Webinar-Engedal_shutterstock_2414837385-520x350.jpg",520,350,true],"kahuna-featured-square":["https:\/\/digidem-bayern.de\/wp-content\/uploads\/2025\/01\/Webinar-Engedal_shutterstock_2414837385-512x512.jpg",512,512,true],"kahuna-featured-square-large":["https:\/\/digidem-bayern.de\/wp-content\/uploads\/2025\/01\/Webinar-Engedal_shutterstock_2414837385.jpg",1000,665,false]},"qubely_author":{"display_name":"Anne Keefer","author_link":"https:\/\/digidem-bayern.de\/en\/author\/ag-webinar\/"},"qubely_comment":0,"qubely_category":"<a href=\"https:\/\/digidem-bayern.de\/en\/category\/sciene-watch-live-archiv\/\" rel=\"category tag\">Sciene Watch Live ARCHIV<\/a>","qubely_excerpt":"Die Erhebung von Krankheitsdaten \u00fcber lange Zeitr\u00e4ume ist die Grundlage f\u00fcr eine wissenschaftlich abgesicherte Gesundheitsversorgung. Insbesondere bev\u00f6lkerungsbasierte Registerdaten erm\u00f6glichen die systematische Erfassung von Krankheitsverl\u00e4ufen bei chronischen Erkrankungen. Auch die Versorgung von Menschen mit Demenz und deren pflegenden An- und Zugeh\u00f6rigen kann von Registerdaten ganz entscheidend profitieren. So werden in Demenzregistern &hellip;","featured_image_urls_v2":{"full":["https:\/\/digidem-bayern.de\/wp-content\/uploads\/2025\/01\/Webinar-Engedal_shutterstock_2414837385.jpg",1000,665,false],"thumbnail":["https:\/\/digidem-bayern.de\/wp-content\/uploads\/2025\/01\/Webinar-Engedal_shutterstock_2414837385-80x80.jpg",80,80,true],"medium":["https:\/\/digidem-bayern.de\/wp-content\/uploads\/2025\/01\/Webinar-Engedal_shutterstock_2414837385-300x200.jpg",300,200,true],"medium_large":["https:\/\/digidem-bayern.de\/wp-content\/uploads\/2025\/01\/Webinar-Engedal_shutterstock_2414837385-768x511.jpg",768,511,true],"large":["https:\/\/digidem-bayern.de\/wp-content\/uploads\/2025\/01\/Webinar-Engedal_shutterstock_2414837385.jpg",1000,665,false],"1536x1536":["https:\/\/digidem-bayern.de\/wp-content\/uploads\/2025\/01\/Webinar-Engedal_shutterstock_2414837385.jpg",1000,665,false],"2048x2048":["https:\/\/digidem-bayern.de\/wp-content\/uploads\/2025\/01\/Webinar-Engedal_shutterstock_2414837385.jpg",1000,665,false],"trp-custom-language-flag":["https:\/\/digidem-bayern.de\/wp-content\/uploads\/2025\/01\/Webinar-Engedal_shutterstock_2414837385.jpg",18,12,false],"qubely_landscape":["https:\/\/digidem-bayern.de\/wp-content\/uploads\/2025\/01\/Webinar-Engedal_shutterstock_2414837385.jpg",1000,665,false],"qubely_portrait":["https:\/\/digidem-bayern.de\/wp-content\/uploads\/2025\/01\/Webinar-Engedal_shutterstock_2414837385-540x320.jpg",540,320,true],"qubely_thumbnail":["https:\/\/digidem-bayern.de\/wp-content\/uploads\/2025\/01\/Webinar-Engedal_shutterstock_2414837385-140x100.jpg",140,100,true],"post-thumbnail":["https:\/\/digidem-bayern.de\/wp-content\/uploads\/2025\/01\/Webinar-Engedal_shutterstock_2414837385-526x350.jpg",526,350,true],"kahuna-featured":["https:\/\/digidem-bayern.de\/wp-content\/uploads\/2025\/01\/Webinar-Engedal_shutterstock_2414837385-734x350.jpg",734,350,true],"kahuna-featured-lp":["https:\/\/digidem-bayern.de\/wp-content\/uploads\/2025\/01\/Webinar-Engedal_shutterstock_2414837385-520x350.jpg",520,350,true],"kahuna-featured-half":["https:\/\/digidem-bayern.de\/wp-content\/uploads\/2025\/01\/Webinar-Engedal_shutterstock_2414837385-800x350.jpg",800,350,true],"kahuna-featured-third":["https:\/\/digidem-bayern.de\/wp-content\/uploads\/2025\/01\/Webinar-Engedal_shutterstock_2414837385-512x350.jpg",512,350,true],"kahuna-lpbox-1":["https:\/\/digidem-bayern.de\/wp-content\/uploads\/2025\/01\/Webinar-Engedal_shutterstock_2414837385-520x300.jpg",520,300,true],"kahuna-lpbox-2":["https:\/\/digidem-bayern.de\/wp-content\/uploads\/2025\/01\/Webinar-Engedal_shutterstock_2414837385-520x350.jpg",520,350,true],"demand-language-flag":["https:\/\/digidem-bayern.de\/wp-content\/uploads\/2025\/01\/Webinar-Engedal_shutterstock_2414837385-36x36.jpg",36,36,true],"dddkt-language-flag":["https:\/\/digidem-bayern.de\/wp-content\/uploads\/2025\/01\/Webinar-Engedal_shutterstock_2414837385-36x36.jpg",36,36,true],"ddiqc-language-flag":["https:\/\/digidem-bayern.de\/wp-content\/uploads\/2025\/01\/Webinar-Engedal_shutterstock_2414837385-36x36.jpg",36,36,true],"ddtl-language-flag":["https:\/\/digidem-bayern.de\/wp-content\/uploads\/2025\/01\/Webinar-Engedal_shutterstock_2414837385-36x36.jpg",36,36,true],"mailpoet_newsletter_max":["https:\/\/digidem-bayern.de\/wp-content\/uploads\/2025\/01\/Webinar-Engedal_shutterstock_2414837385.jpg",1000,665,false],"kahuna-lpbox-3":["https:\/\/digidem-bayern.de\/wp-content\/uploads\/2025\/01\/Webinar-Engedal_shutterstock_2414837385-520x350.jpg",520,350,true],"kahuna-featured-square":["https:\/\/digidem-bayern.de\/wp-content\/uploads\/2025\/01\/Webinar-Engedal_shutterstock_2414837385-512x512.jpg",512,512,true],"kahuna-featured-square-large":["https:\/\/digidem-bayern.de\/wp-content\/uploads\/2025\/01\/Webinar-Engedal_shutterstock_2414837385.jpg",1000,665,false]},"post_excerpt_stackable_v2":"<p>Die Erhebung von Krankheitsdaten \u00fcber lange Zeitr\u00e4ume ist die Grundlage f\u00fcr eine wissenschaftlich abgesicherte Gesundheitsversorgung. Insbesondere bev\u00f6lkerungsbasierte Registerdaten erm\u00f6glichen die systematische Erfassung von Krankheitsverl\u00e4ufen bei chronischen Erkrankungen. Auch die Versorgung von Menschen mit Demenz und deren pflegenden An- und Zugeh\u00f6rigen kann von Registerdaten ganz entscheidend profitieren. So werden in Demenzregistern Informationen \u00fcber die Entstehung, den Verlauf und die Behandlung von Demenzerkrankungen erfasst, analysiert und dem Gesundheitswesen zur Verf\u00fcgung gestellt. Daraus lassen sich unter anderem neue Erkenntnisse f\u00fcr Diagnostik, Therapie und Versorgung ableiten. Eine wesentliche Vorreiterrolle bei Demenzregistern spielen die skandinavischen L\u00e4nder. So wurde beispielsweise im Jahr 2007 das norwegische Demenzregister&hellip;<\/p>\n","category_list_v2":"<a href=\"https:\/\/digidem-bayern.de\/en\/category\/sciene-watch-live-archiv\/\" rel=\"category tag\">Sciene Watch Live ARCHIV<\/a>","author_info_v2":{"name":"Anne Keefer","url":"https:\/\/digidem-bayern.de\/en\/author\/ag-webinar\/"},"comments_num_v2":"0 comments","yoast_head":"<!-- This site is optimized with the Yoast SEO plugin v27.5 - https:\/\/yoast.com\/product\/yoast-seo-wordpress\/ -->\n<title>Die Zukunft von Demenzregistern - digiDEM Bayern<\/title>\n<meta name=\"description\" content=\"Im Webinar &quot;digiDEM Bayern Science Watch LIVE&quot; behandeln Wissenschaftler ein Thema aus der Demenzforschung und stehen live f\u00fcr Fragen zur Verf\u00fcgung.\" \/>\n<meta name=\"robots\" content=\"index, follow, max-snippet:-1, max-image-preview:large, max-video-preview:-1\" \/>\n<link rel=\"canonical\" href=\"https:\/\/digidem-bayern.de\/en\/die-zukunft-von-demenzregisten\/\" \/>\n<meta property=\"og:locale\" content=\"en_US\" \/>\n<meta property=\"og:type\" content=\"article\" \/>\n<meta property=\"og:title\" content=\"Die Zukunft von Demenzregistern - digiDEM Bayern\" \/>\n<meta property=\"og:description\" content=\"Im Webinar &quot;digiDEM Bayern Science Watch LIVE&quot; behandeln Wissenschaftler ein Thema aus der Demenzforschung und stehen live f\u00fcr Fragen zur Verf\u00fcgung.\" \/>\n<meta property=\"og:url\" content=\"https:\/\/digidem-bayern.de\/en\/die-zukunft-von-demenzregisten\/\" \/>\n<meta property=\"og:site_name\" content=\"digiDEM Bayern\" \/>\n<meta property=\"article:publisher\" content=\"https:\/\/www.facebook.com\/digiDEMBayern\/\" \/>\n<meta property=\"article:published_time\" content=\"2025-01-29T12:17:42+00:00\" \/>\n<meta property=\"article:modified_time\" content=\"2025-02-05T12:57:20+00:00\" \/>\n<meta property=\"og:image\" content=\"https:\/\/digidem-bayern.de\/wp-content\/uploads\/2025\/01\/Webinar-Engedal_shutterstock_2414837385.jpg\" \/>\n\t<meta property=\"og:image:width\" content=\"1000\" \/>\n\t<meta property=\"og:image:height\" content=\"665\" \/>\n\t<meta property=\"og:image:type\" content=\"image\/jpeg\" \/>\n<meta name=\"author\" content=\"Anne Keefer\" \/>\n<meta name=\"twitter:label1\" content=\"Written by\" \/>\n\t<meta name=\"twitter:data1\" content=\"Anne Keefer\" \/>\n\t<meta name=\"twitter:label2\" content=\"Est. reading time\" \/>\n\t<meta name=\"twitter:data2\" content=\"2 minutes\" \/>\n<script type=\"application\/ld+json\" class=\"yoast-schema-graph\">{\"@context\":\"https:\\\/\\\/schema.org\",\"@graph\":[{\"@type\":\"Article\",\"@id\":\"https:\\\/\\\/digidem-bayern.de\\\/die-zukunft-von-demenzregisten\\\/#article\",\"isPartOf\":{\"@id\":\"https:\\\/\\\/digidem-bayern.de\\\/die-zukunft-von-demenzregisten\\\/\"},\"author\":{\"name\":\"Anne Keefer\",\"@id\":\"\\\/#\\\/schema\\\/person\\\/0e8781e0653d1a8e57ca55bd2c3cb01f\"},\"headline\":\"Die Zukunft von Demenzregistern\",\"datePublished\":\"2025-01-29T12:17:42+00:00\",\"dateModified\":\"2025-02-05T12:57:20+00:00\",\"mainEntityOfPage\":{\"@id\":\"https:\\\/\\\/digidem-bayern.de\\\/die-zukunft-von-demenzregisten\\\/\"},\"wordCount\":282,\"commentCount\":0,\"publisher\":{\"@id\":\"\\\/#organization\"},\"image\":{\"@id\":\"https:\\\/\\\/digidem-bayern.de\\\/die-zukunft-von-demenzregisten\\\/#primaryimage\"},\"thumbnailUrl\":\"https:\\\/\\\/digidem-bayern.de\\\/wp-content\\\/uploads\\\/2025\\\/01\\\/Webinar-Engedal_shutterstock_2414837385.jpg\",\"keywords\":[\"Demenz\",\"Demenzregister\",\"Diagnostik\",\"digidem\",\"Digitales Demenzregister Bayern\",\"Engedal\",\"KI\",\"Knut Engedal\",\"K\u00fcnstliche Intelligenz\",\"Medical Valley EMN e.V.\",\"NorCog\",\"Norwegisches Demenzregister\",\"Register\",\"Skandinavien\",\"Universit\u00e4t Oslo\"],\"articleSection\":[\"Sciene Watch Live ARCHIV\"],\"inLanguage\":\"en-US\",\"potentialAction\":[{\"@type\":\"CommentAction\",\"name\":\"Comment\",\"target\":[\"https:\\\/\\\/digidem-bayern.de\\\/die-zukunft-von-demenzregisten\\\/#respond\"]}]},{\"@type\":\"WebPage\",\"@id\":\"https:\\\/\\\/digidem-bayern.de\\\/die-zukunft-von-demenzregisten\\\/\",\"url\":\"https:\\\/\\\/digidem-bayern.de\\\/die-zukunft-von-demenzregisten\\\/\",\"name\":\"Die Zukunft von Demenzregistern - digiDEM Bayern\",\"isPartOf\":{\"@id\":\"\\\/#website\"},\"primaryImageOfPage\":{\"@id\":\"https:\\\/\\\/digidem-bayern.de\\\/die-zukunft-von-demenzregisten\\\/#primaryimage\"},\"image\":{\"@id\":\"https:\\\/\\\/digidem-bayern.de\\\/die-zukunft-von-demenzregisten\\\/#primaryimage\"},\"thumbnailUrl\":\"https:\\\/\\\/digidem-bayern.de\\\/wp-content\\\/uploads\\\/2025\\\/01\\\/Webinar-Engedal_shutterstock_2414837385.jpg\",\"datePublished\":\"2025-01-29T12:17:42+00:00\",\"dateModified\":\"2025-02-05T12:57:20+00:00\",\"description\":\"Im Webinar \\\"digiDEM Bayern Science Watch LIVE\\\" behandeln Wissenschaftler ein Thema aus der Demenzforschung und stehen live f\u00fcr Fragen zur Verf\u00fcgung.\",\"breadcrumb\":{\"@id\":\"https:\\\/\\\/digidem-bayern.de\\\/die-zukunft-von-demenzregisten\\\/#breadcrumb\"},\"inLanguage\":\"en-US\",\"potentialAction\":[{\"@type\":\"ReadAction\",\"target\":[\"https:\\\/\\\/digidem-bayern.de\\\/die-zukunft-von-demenzregisten\\\/\"]}]},{\"@type\":\"ImageObject\",\"inLanguage\":\"en-US\",\"@id\":\"https:\\\/\\\/digidem-bayern.de\\\/die-zukunft-von-demenzregisten\\\/#primaryimage\",\"url\":\"https:\\\/\\\/digidem-bayern.de\\\/wp-content\\\/uploads\\\/2025\\\/01\\\/Webinar-Engedal_shutterstock_2414837385.jpg\",\"contentUrl\":\"https:\\\/\\\/digidem-bayern.de\\\/wp-content\\\/uploads\\\/2025\\\/01\\\/Webinar-Engedal_shutterstock_2414837385.jpg\",\"width\":1000,\"height\":665,\"caption\":\"Foto: Shutterstock\"},{\"@type\":\"BreadcrumbList\",\"@id\":\"https:\\\/\\\/digidem-bayern.de\\\/die-zukunft-von-demenzregisten\\\/#breadcrumb\",\"itemListElement\":[{\"@type\":\"ListItem\",\"position\":1,\"name\":\"Startseite\",\"item\":\"https:\\\/\\\/digidem-bayern.de\\\/\"},{\"@type\":\"ListItem\",\"position\":2,\"name\":\"Die Zukunft von Demenzregistern\"}]},{\"@type\":\"WebSite\",\"@id\":\"\\\/#website\",\"url\":\"\\\/\",\"name\":\"digiDEM Bayern\",\"description\":\"Das digitale Demenzregister Bayern erforscht und verbessert die Angebotsstuktur f\u00fcr Menschen mit Demenz und deren Angeh\u00f6rige\",\"publisher\":{\"@id\":\"\\\/#organization\"},\"potentialAction\":[{\"@type\":\"SearchAction\",\"target\":{\"@type\":\"EntryPoint\",\"urlTemplate\":\"\\\/?s={search_term_string}\"},\"query-input\":{\"@type\":\"PropertyValueSpecification\",\"valueRequired\":true,\"valueName\":\"search_term_string\"}}],\"inLanguage\":\"en-US\"},{\"@type\":\"Organization\",\"@id\":\"\\\/#organization\",\"name\":\"digiDEM Bayern\",\"url\":\"\\\/\",\"logo\":{\"@type\":\"ImageObject\",\"inLanguage\":\"en-US\",\"@id\":\"\\\/#\\\/schema\\\/logo\\\/image\\\/\",\"url\":\"https:\\\/\\\/digidem-bayern.de\\\/wp-content\\\/uploads\\\/2022\\\/03\\\/cropped-Allgemeines_digiDEMLOGO-removebg-preview.png\",\"contentUrl\":\"https:\\\/\\\/digidem-bayern.de\\\/wp-content\\\/uploads\\\/2022\\\/03\\\/cropped-Allgemeines_digiDEMLOGO-removebg-preview.png\",\"width\":612,\"height\":357,\"caption\":\"digiDEM Bayern\"},\"image\":{\"@id\":\"\\\/#\\\/schema\\\/logo\\\/image\\\/\"},\"sameAs\":[\"https:\\\/\\\/www.facebook.com\\\/digiDEMBayern\\\/\",\"https:\\\/\\\/x.com\\\/digidem_bayern\",\"https:\\\/\\\/www.instagram.com\\\/digidem.bayern\",\"https:\\\/\\\/www.linkedin.com\\\/company\\\/digidem-bayern\\\/\"]},{\"@type\":\"Person\",\"@id\":\"\\\/#\\\/schema\\\/person\\\/0e8781e0653d1a8e57ca55bd2c3cb01f\",\"name\":\"Anne Keefer\",\"url\":\"https:\\\/\\\/digidem-bayern.de\\\/en\\\/author\\\/ag-webinar\\\/\"}]}<\/script>\n<!-- \/ Yoast SEO plugin. -->","yoast_head_json":{"title":"Die Zukunft von Demenzregistern - digiDEM Bayern","description":"Im Webinar \"digiDEM Bayern Science Watch LIVE\" behandeln Wissenschaftler ein Thema aus der Demenzforschung und stehen live f\u00fcr Fragen zur Verf\u00fcgung.","robots":{"index":"index","follow":"follow","max-snippet":"max-snippet:-1","max-image-preview":"max-image-preview:large","max-video-preview":"max-video-preview:-1"},"canonical":"https:\/\/digidem-bayern.de\/en\/die-zukunft-von-demenzregisten\/","og_locale":"en_US","og_type":"article","og_title":"Die Zukunft von Demenzregistern - digiDEM Bayern","og_description":"Im Webinar \"digiDEM Bayern Science Watch LIVE\" behandeln Wissenschaftler ein Thema aus der Demenzforschung und stehen live f\u00fcr Fragen zur Verf\u00fcgung.","og_url":"https:\/\/digidem-bayern.de\/en\/die-zukunft-von-demenzregisten\/","og_site_name":"digiDEM Bayern","article_publisher":"https:\/\/www.facebook.com\/digiDEMBayern\/","article_published_time":"2025-01-29T12:17:42+00:00","article_modified_time":"2025-02-05T12:57:20+00:00","og_image":[{"width":1000,"height":665,"url":"https:\/\/digidem-bayern.de\/wp-content\/uploads\/2025\/01\/Webinar-Engedal_shutterstock_2414837385.jpg","type":"image\/jpeg"}],"author":"Anne Keefer","twitter_misc":{"Written by":"Anne Keefer","Est. reading time":"2 minutes"},"schema":{"@context":"https:\/\/schema.org","@graph":[{"@type":"Article","@id":"https:\/\/digidem-bayern.de\/die-zukunft-von-demenzregisten\/#article","isPartOf":{"@id":"https:\/\/digidem-bayern.de\/die-zukunft-von-demenzregisten\/"},"author":{"name":"Anne Keefer","@id":"\/#\/schema\/person\/0e8781e0653d1a8e57ca55bd2c3cb01f"},"headline":"Die Zukunft von Demenzregistern","datePublished":"2025-01-29T12:17:42+00:00","dateModified":"2025-02-05T12:57:20+00:00","mainEntityOfPage":{"@id":"https:\/\/digidem-bayern.de\/die-zukunft-von-demenzregisten\/"},"wordCount":282,"commentCount":0,"publisher":{"@id":"\/#organization"},"image":{"@id":"https:\/\/digidem-bayern.de\/die-zukunft-von-demenzregisten\/#primaryimage"},"thumbnailUrl":"https:\/\/digidem-bayern.de\/wp-content\/uploads\/2025\/01\/Webinar-Engedal_shutterstock_2414837385.jpg","keywords":["Demenz","Demenzregister","Diagnostik","digidem","Digitales Demenzregister Bayern","Engedal","KI","Knut Engedal","K\u00fcnstliche Intelligenz","Medical Valley EMN e.V.","NorCog","Norwegisches Demenzregister","Register","Skandinavien","Universit\u00e4t Oslo"],"articleSection":["Sciene Watch Live ARCHIV"],"inLanguage":"en-US","potentialAction":[{"@type":"CommentAction","name":"Comment","target":["https:\/\/digidem-bayern.de\/die-zukunft-von-demenzregisten\/#respond"]}]},{"@type":"WebPage","@id":"https:\/\/digidem-bayern.de\/die-zukunft-von-demenzregisten\/","url":"https:\/\/digidem-bayern.de\/die-zukunft-von-demenzregisten\/","name":"Die Zukunft von Demenzregistern - digiDEM Bayern","isPartOf":{"@id":"\/#website"},"primaryImageOfPage":{"@id":"https:\/\/digidem-bayern.de\/die-zukunft-von-demenzregisten\/#primaryimage"},"image":{"@id":"https:\/\/digidem-bayern.de\/die-zukunft-von-demenzregisten\/#primaryimage"},"thumbnailUrl":"https:\/\/digidem-bayern.de\/wp-content\/uploads\/2025\/01\/Webinar-Engedal_shutterstock_2414837385.jpg","datePublished":"2025-01-29T12:17:42+00:00","dateModified":"2025-02-05T12:57:20+00:00","description":"Im Webinar \"digiDEM Bayern Science Watch LIVE\" behandeln Wissenschaftler ein Thema aus der Demenzforschung und stehen live f\u00fcr Fragen zur Verf\u00fcgung.","breadcrumb":{"@id":"https:\/\/digidem-bayern.de\/die-zukunft-von-demenzregisten\/#breadcrumb"},"inLanguage":"en-US","potentialAction":[{"@type":"ReadAction","target":["https:\/\/digidem-bayern.de\/die-zukunft-von-demenzregisten\/"]}]},{"@type":"ImageObject","inLanguage":"en-US","@id":"https:\/\/digidem-bayern.de\/die-zukunft-von-demenzregisten\/#primaryimage","url":"https:\/\/digidem-bayern.de\/wp-content\/uploads\/2025\/01\/Webinar-Engedal_shutterstock_2414837385.jpg","contentUrl":"https:\/\/digidem-bayern.de\/wp-content\/uploads\/2025\/01\/Webinar-Engedal_shutterstock_2414837385.jpg","width":1000,"height":665,"caption":"Foto: Shutterstock"},{"@type":"BreadcrumbList","@id":"https:\/\/digidem-bayern.de\/die-zukunft-von-demenzregisten\/#breadcrumb","itemListElement":[{"@type":"ListItem","position":1,"name":"Startseite","item":"https:\/\/digidem-bayern.de\/"},{"@type":"ListItem","position":2,"name":"Die Zukunft von Demenzregistern"}]},{"@type":"WebSite","@id":"\/#website","url":"\/","name":"digiDEM Bavaria","description":"The digital dementia register in Bavaria researches and improves the structure of services for people with dementia and their relatives","publisher":{"@id":"\/#organization"},"potentialAction":[{"@type":"SearchAction","target":{"@type":"EntryPoint","urlTemplate":"\/?s={search_term_string}"},"query-input":{"@type":"PropertyValueSpecification","valueRequired":true,"valueName":"search_term_string"}}],"inLanguage":"en-US"},{"@type":"Organization","@id":"\/#organization","name":"digiDEM Bavaria","url":"\/","logo":{"@type":"ImageObject","inLanguage":"en-US","@id":"\/#\/schema\/logo\/image\/","url":"https:\/\/digidem-bayern.de\/wp-content\/uploads\/2022\/03\/cropped-Allgemeines_digiDEMLOGO-removebg-preview.png","contentUrl":"https:\/\/digidem-bayern.de\/wp-content\/uploads\/2022\/03\/cropped-Allgemeines_digiDEMLOGO-removebg-preview.png","width":612,"height":357,"caption":"digiDEM Bayern"},"image":{"@id":"\/#\/schema\/logo\/image\/"},"sameAs":["https:\/\/www.facebook.com\/digiDEMBayern\/","https:\/\/x.com\/digidem_bayern","https:\/\/www.instagram.com\/digidem.bayern","https:\/\/www.linkedin.com\/company\/digidem-bayern\/"]},{"@type":"Person","@id":"\/#\/schema\/person\/0e8781e0653d1a8e57ca55bd2c3cb01f","name":"Anne Keefer","url":"https:\/\/digidem-bayern.de\/en\/author\/ag-webinar\/"}]}},"uagb_featured_image_src":{"full":["https:\/\/digidem-bayern.de\/wp-content\/uploads\/2025\/01\/Webinar-Engedal_shutterstock_2414837385.jpg",1000,665,false],"thumbnail":["https:\/\/digidem-bayern.de\/wp-content\/uploads\/2025\/01\/Webinar-Engedal_shutterstock_2414837385-80x80.jpg",80,80,true],"medium":["https:\/\/digidem-bayern.de\/wp-content\/uploads\/2025\/01\/Webinar-Engedal_shutterstock_2414837385-300x200.jpg",300,200,true],"medium_large":["https:\/\/digidem-bayern.de\/wp-content\/uploads\/2025\/01\/Webinar-Engedal_shutterstock_2414837385-768x511.jpg",768,511,true],"large":["https:\/\/digidem-bayern.de\/wp-content\/uploads\/2025\/01\/Webinar-Engedal_shutterstock_2414837385.jpg",1000,665,false],"1536x1536":["https:\/\/digidem-bayern.de\/wp-content\/uploads\/2025\/01\/Webinar-Engedal_shutterstock_2414837385.jpg",1000,665,false],"2048x2048":["https:\/\/digidem-bayern.de\/wp-content\/uploads\/2025\/01\/Webinar-Engedal_shutterstock_2414837385.jpg",1000,665,false],"trp-custom-language-flag":["https:\/\/digidem-bayern.de\/wp-content\/uploads\/2025\/01\/Webinar-Engedal_shutterstock_2414837385.jpg",18,12,false],"qubely_landscape":["https:\/\/digidem-bayern.de\/wp-content\/uploads\/2025\/01\/Webinar-Engedal_shutterstock_2414837385.jpg",1000,665,false],"qubely_portrait":["https:\/\/digidem-bayern.de\/wp-content\/uploads\/2025\/01\/Webinar-Engedal_shutterstock_2414837385-540x320.jpg",540,320,true],"qubely_thumbnail":["https:\/\/digidem-bayern.de\/wp-content\/uploads\/2025\/01\/Webinar-Engedal_shutterstock_2414837385-140x100.jpg",140,100,true],"post-thumbnail":["https:\/\/digidem-bayern.de\/wp-content\/uploads\/2025\/01\/Webinar-Engedal_shutterstock_2414837385-526x350.jpg",526,350,true],"kahuna-featured":["https:\/\/digidem-bayern.de\/wp-content\/uploads\/2025\/01\/Webinar-Engedal_shutterstock_2414837385-734x350.jpg",734,350,true],"kahuna-featured-lp":["https:\/\/digidem-bayern.de\/wp-content\/uploads\/2025\/01\/Webinar-Engedal_shutterstock_2414837385-520x350.jpg",520,350,true],"kahuna-featured-half":["https:\/\/digidem-bayern.de\/wp-content\/uploads\/2025\/01\/Webinar-Engedal_shutterstock_2414837385-800x350.jpg",800,350,true],"kahuna-featured-third":["https:\/\/digidem-bayern.de\/wp-content\/uploads\/2025\/01\/Webinar-Engedal_shutterstock_2414837385-512x350.jpg",512,350,true],"kahuna-lpbox-1":["https:\/\/digidem-bayern.de\/wp-content\/uploads\/2025\/01\/Webinar-Engedal_shutterstock_2414837385-520x300.jpg",520,300,true],"kahuna-lpbox-2":["https:\/\/digidem-bayern.de\/wp-content\/uploads\/2025\/01\/Webinar-Engedal_shutterstock_2414837385-520x350.jpg",520,350,true],"demand-language-flag":["https:\/\/digidem-bayern.de\/wp-content\/uploads\/2025\/01\/Webinar-Engedal_shutterstock_2414837385-36x36.jpg",36,36,true],"dddkt-language-flag":["https:\/\/digidem-bayern.de\/wp-content\/uploads\/2025\/01\/Webinar-Engedal_shutterstock_2414837385-36x36.jpg",36,36,true],"ddiqc-language-flag":["https:\/\/digidem-bayern.de\/wp-content\/uploads\/2025\/01\/Webinar-Engedal_shutterstock_2414837385-36x36.jpg",36,36,true],"ddtl-language-flag":["https:\/\/digidem-bayern.de\/wp-content\/uploads\/2025\/01\/Webinar-Engedal_shutterstock_2414837385-36x36.jpg",36,36,true],"mailpoet_newsletter_max":["https:\/\/digidem-bayern.de\/wp-content\/uploads\/2025\/01\/Webinar-Engedal_shutterstock_2414837385.jpg",1000,665,false],"kahuna-lpbox-3":["https:\/\/digidem-bayern.de\/wp-content\/uploads\/2025\/01\/Webinar-Engedal_shutterstock_2414837385-520x350.jpg",520,350,true],"kahuna-featured-square":["https:\/\/digidem-bayern.de\/wp-content\/uploads\/2025\/01\/Webinar-Engedal_shutterstock_2414837385-512x512.jpg",512,512,true],"kahuna-featured-square-large":["https:\/\/digidem-bayern.de\/wp-content\/uploads\/2025\/01\/Webinar-Engedal_shutterstock_2414837385.jpg",1000,665,false]},"uagb_author_info":{"display_name":"Anne Keefer","author_link":"https:\/\/digidem-bayern.de\/en\/author\/ag-webinar\/"},"uagb_comment_info":0,"uagb_excerpt":"Die Erhebung von Krankheitsdaten \u00fcber lange Zeitr\u00e4ume ist die Grundlage f\u00fcr eine wissenschaftlich abgesicherte Gesundheitsversorgung. Insbesondere bev\u00f6lkerungsbasierte Registerdaten erm\u00f6glichen die systematische Erfassung von Krankheitsverl\u00e4ufen bei chronischen Erkrankungen. Auch die Versorgung von Menschen mit Demenz und deren pflegenden An- und Zugeh\u00f6rigen kann von Registerdaten ganz entscheidend profitieren. So werden in Demenzregistern &hellip;","_links":{"self":[{"href":"https:\/\/digidem-bayern.de\/en\/wp-json\/wp\/v2\/posts\/41063","targetHints":{"allow":["GET"]}}],"collection":[{"href":"https:\/\/digidem-bayern.de\/en\/wp-json\/wp\/v2\/posts"}],"about":[{"href":"https:\/\/digidem-bayern.de\/en\/wp-json\/wp\/v2\/types\/post"}],"author":[{"embeddable":true,"href":"https:\/\/digidem-bayern.de\/en\/wp-json\/wp\/v2\/users\/7"}],"replies":[{"embeddable":true,"href":"https:\/\/digidem-bayern.de\/en\/wp-json\/wp\/v2\/comments?post=41063"}],"version-history":[{"count":3,"href":"https:\/\/digidem-bayern.de\/en\/wp-json\/wp\/v2\/posts\/41063\/revisions"}],"predecessor-version":[{"id":41372,"href":"https:\/\/digidem-bayern.de\/en\/wp-json\/wp\/v2\/posts\/41063\/revisions\/41372"}],"wp:featuredmedia":[{"embeddable":true,"href":"https:\/\/digidem-bayern.de\/en\/wp-json\/wp\/v2\/media\/40743"}],"wp:attachment":[{"href":"https:\/\/digidem-bayern.de\/en\/wp-json\/wp\/v2\/media?parent=41063"}],"wp:term":[{"taxonomy":"category","embeddable":true,"href":"https:\/\/digidem-bayern.de\/en\/wp-json\/wp\/v2\/categories?post=41063"},{"taxonomy":"post_tag","embeddable":true,"href":"https:\/\/digidem-bayern.de\/en\/wp-json\/wp\/v2\/tags?post=41063"}],"curies":[{"name":"wp","href":"https:\/\/api.w.org\/{rel}","templated":true}]}}