{"id":40822,"date":"2025-01-17T13:04:45","date_gmt":"2025-01-17T12:04:45","guid":{"rendered":"https:\/\/digidem-bayern.de\/?p=40822"},"modified":"2025-02-18T13:35:52","modified_gmt":"2025-02-18T12:35:52","slug":"webinar-hoerverlust-als-risikofaktur-bei-demenz","status":"publish","type":"post","link":"https:\/\/digidem-bayern.de\/en\/webinar-hoerverlust-als-risikofaktur-bei-demenz\/","title":{"rendered":"Webinar: H\u00f6rverlust als Risikofaktur bei Demenz"},"content":{"rendered":"<p>Schwerh\u00f6rigkeit im Alter ist ein weit verbreitetes Symptom\u00a0\u2013\u00a0etwa ein Drittel aller Betroffenen ist mindestens 65 Jahre alt. Allerdings nutzen nur wenige Schwerh\u00f6rige eine H\u00f6rhilfe. Ein unbehandelter H\u00f6rverlust beeintr\u00e4chtigt nicht nur den Alltag und kann damit die Lebensqualit\u00e4t einschr\u00e4nken, sondern steht auch in Verbindung mit anderen Gesundheitsproblemen wie zum Beispiel der Entstehung einer Demenz. Doch warum haben Personen mit einem unversorgten H\u00f6rverlust ein erh\u00f6htes Demenzrisiko? Welche medizinischen und psychosozialen Faktoren spielen dabei eine Rolle?\u00a0<\/p>\n\n\n\n<p>Prof. Dr. med. Jan L\u00f6hler ist Pr\u00e4sident des Deutschen Berufsverbandes der Hals-Nasen-Ohren\u00e4rzte e.V. und leitete dort\u00a0viele Jahre das Wissenschaftliche Institut f\u00fcr angewandte HNO-Heilkunde. Aufgrund seiner intensiven Forschungst\u00e4tigkeit im Bereich der Audiologie und Neurootologie wurde ihm 2023 von der Universit\u00e4t zu L\u00fcbeck der Titel des au\u00dferplanm\u00e4\u00dfigen (apl.) Professors verliehen. Dar\u00fcber hinaus ist der Facharzt f\u00fcr Hals-Nasen-Ohren-Heilkunde ist in seiner HNO-Praxis in Schleswig-Holstein t\u00e4tig. Im kommenden Webinar wird Prof. Dr. Jan L\u00f6hler \u00fcber die (Fr\u00fch-)Erkennung und Behandlung von Schwerh\u00f6rigkeit im Alter informieren. Zudem wird er erl\u00e4utern, inwiefern H\u00f6rverlust ein Risikofaktor f\u00fcr Demenzerkrankungen ist.<\/p>\n\n\n\n<p><\/p>\n\n\n\n<p><\/p>\n\n\n\n<p><\/p>\n\n\n\n<h2 class=\"wp-block-heading has-text-align-center\" id=\"2---mittwoch-03062020-1100-1130-uhr--\"><strong><strong>Montag, 03.02.2025, 14:00 &#8211; 14:45 Uhr<\/strong><\/strong><\/h2>\n\n\n\n<div class=\"wp-block-qubely-button qubely-block-9a6cf3\"><div class=\"qubely-block-btn-wrapper\"><div class=\"qubely-block-btn\"><a class=\"qubely-block-btn-anchor is-large\" href=\"https:\/\/register.gotowebinar.com\/register\/586091818574318680\">\u00a0Melden Sie sich hier an<\/a><\/div><\/div><\/div>\n\n\n\n<div class=\"wp-block-stackable-columns stk-block-columns stk-block stk-1abb464\" data-block-id=\"1abb464\"><div class=\"stk-row stk-inner-blocks stk-block-content stk-content-align stk-1abb464-column\">\n<div class=\"wp-block-stackable-column stk-block-column stk-column stk-block stk-38a7c84\" data-v=\"4\" data-block-id=\"38a7c84\"><div class=\"stk-column-wrapper stk-block-column__content stk-container stk-38a7c84-container stk--no-background stk--no-padding\"><div class=\"stk-block-content stk-inner-blocks stk-38a7c84-inner-blocks\">\n<div class=\"wp-block-uagb-team uagb-team__image-position-above uagb-team__align-center uagb-team__stack-tablet uagb-block-3cf16ce1\"><div class=\"uagb-team__content\"><img decoding=\"async\" class=\"uagb-team__image-crop-circle\" src=\"https:\/\/digidem-bayern.de\/wp-content\/uploads\/2022\/11\/AKE_NEU_Qudarat.jpg\" alt=\"\" height=\"120\" width=\"120\" loading=\"lazy\"\/><h3 class=\"uagb-team__title\">Anne Keefer<\/h3><span class=\"uagb-team__prefix\">Wissenschaftliche Mitarbeiterin M. Sc.<\/span><p class=\"uagb-team__desc\">Moderation<\/p><\/div><\/div>\n<\/div><\/div><\/div>\n\n\n\n<div class=\"wp-block-stackable-column stk-block-column stk-column stk-block stk-3aae72b\" data-v=\"4\" data-block-id=\"3aae72b\"><div class=\"stk-column-wrapper stk-block-column__content stk-container stk-3aae72b-container stk--no-background stk--no-padding\"><div class=\"stk-block-content stk-inner-blocks stk-3aae72b-inner-blocks\">\n<div class=\"wp-block-uagb-team uagb-team__image-position-above uagb-team__align-center uagb-team__stack-tablet uagb-block-23a79212\"><div class=\"uagb-team__content\"><img decoding=\"async\" class=\"uagb-team__image-crop-circle\" src=\"https:\/\/digidem-bayern.de\/wp-content\/uploads\/2022\/11\/JRUe_NEU_Quadrat.jpg\" alt=\"\" height=\"120\" width=\"120\" loading=\"lazy\"\/><h3 class=\"uagb-team__title\">Jana R\u00fchl<\/h3><span class=\"uagb-team__prefix\">Wissenschaftliche Mitarbeiterin M. Sc.<\/span><p class=\"uagb-team__desc\">Chatroom und Betreuung<\/p><\/div><\/div>\n<\/div><\/div><\/div>\n<\/div><\/div>\n\n\n\n<p><\/p>","protected":false},"excerpt":{"rendered":"<p>Schwerh\u00f6rigkeit im Alter ist ein weit verbreitetes Symptom\u00a0\u2013\u00a0etwa ein Drittel aller Betroffenen ist mindestens 65 Jahre alt. Allerdings nutzen nur wenige Schwerh\u00f6rige eine H\u00f6rhilfe. Ein unbehandelter H\u00f6rverlust beeintr\u00e4chtigt nicht nur den Alltag und kann damit die Lebensqualit\u00e4t einschr\u00e4nken, sondern steht auch in Verbindung mit anderen Gesundheitsproblemen wie zum Beispiel der &hellip;<\/p>","protected":false},"author":12,"featured_media":40824,"comment_status":"open","ping_status":"closed","sticky":false,"template":"","format":"standard","meta":{"qubely_global_settings":"true","qubely_interactions":"","_uag_custom_page_level_css":"","footnotes":""},"categories":[350],"tags":[13,406,12,520,95,177,165,14,17,55,1342,1341,205,1340,486,61],"class_list":["post-40822","post","type-post","status-publish","format-standard","has-post-thumbnail","hentry","category-kommendes-webinar","tag-alzheimer","tag-alzheimer-demenz","tag-demenz-2","tag-demenzerkrankung","tag-demenzforschung","tag-demenzrisiko","tag-deutsche-alzheimer-gesellschaft","tag-digidem","tag-digidem-bayern","tag-digitales-demenzregister-bayern","tag-hals-nasen-ohren-heilkunde","tag-hno-heilkunde","tag-hoerverlust","tag-jan-loehler","tag-lebensqualitaet","tag-schwerhoerigkeit"],"qubely_featured_image_url":{"full":["https:\/\/digidem-bayern.de\/wp-content\/uploads\/2025\/01\/shutterstock_Hoerverlust-Loehler-2349928957.jpg",1000,527,false],"landscape":["https:\/\/digidem-bayern.de\/wp-content\/uploads\/2025\/01\/shutterstock_Hoerverlust-Loehler-2349928957.jpg",1000,527,false],"portraits":["https:\/\/digidem-bayern.de\/wp-content\/uploads\/2025\/01\/shutterstock_Hoerverlust-Loehler-2349928957-540x320.jpg",540,320,true],"thumbnail":["https:\/\/digidem-bayern.de\/wp-content\/uploads\/2025\/01\/shutterstock_Hoerverlust-Loehler-2349928957-80x80.jpg",80,80,true],"medium":["https:\/\/digidem-bayern.de\/wp-content\/uploads\/2025\/01\/shutterstock_Hoerverlust-Loehler-2349928957-300x158.jpg",300,158,true],"medium_large":["https:\/\/digidem-bayern.de\/wp-content\/uploads\/2025\/01\/shutterstock_Hoerverlust-Loehler-2349928957-768x405.jpg",768,405,true],"large":["https:\/\/digidem-bayern.de\/wp-content\/uploads\/2025\/01\/shutterstock_Hoerverlust-Loehler-2349928957.jpg",1000,527,false],"1536x1536":["https:\/\/digidem-bayern.de\/wp-content\/uploads\/2025\/01\/shutterstock_Hoerverlust-Loehler-2349928957.jpg",1000,527,false],"2048x2048":["https:\/\/digidem-bayern.de\/wp-content\/uploads\/2025\/01\/shutterstock_Hoerverlust-Loehler-2349928957.jpg",1000,527,false],"trp-custom-language-flag":["https:\/\/digidem-bayern.de\/wp-content\/uploads\/2025\/01\/shutterstock_Hoerverlust-Loehler-2349928957.jpg",18,9,false],"qubely_landscape":["https:\/\/digidem-bayern.de\/wp-content\/uploads\/2025\/01\/shutterstock_Hoerverlust-Loehler-2349928957.jpg",1000,527,false],"qubely_portrait":["https:\/\/digidem-bayern.de\/wp-content\/uploads\/2025\/01\/shutterstock_Hoerverlust-Loehler-2349928957-540x320.jpg",540,320,true],"qubely_thumbnail":["https:\/\/digidem-bayern.de\/wp-content\/uploads\/2025\/01\/shutterstock_Hoerverlust-Loehler-2349928957-140x100.jpg",140,100,true],"post-thumbnail":["https:\/\/digidem-bayern.de\/wp-content\/uploads\/2025\/01\/shutterstock_Hoerverlust-Loehler-2349928957-664x350.jpg",664,350,true],"kahuna-featured":["https:\/\/digidem-bayern.de\/wp-content\/uploads\/2025\/01\/shutterstock_Hoerverlust-Loehler-2349928957-734x350.jpg",734,350,true],"kahuna-featured-lp":["https:\/\/digidem-bayern.de\/wp-content\/uploads\/2025\/01\/shutterstock_Hoerverlust-Loehler-2349928957-520x350.jpg",520,350,true],"kahuna-featured-half":["https:\/\/digidem-bayern.de\/wp-content\/uploads\/2025\/01\/shutterstock_Hoerverlust-Loehler-2349928957-800x350.jpg",800,350,true],"kahuna-featured-third":["https:\/\/digidem-bayern.de\/wp-content\/uploads\/2025\/01\/shutterstock_Hoerverlust-Loehler-2349928957-512x350.jpg",512,350,true],"kahuna-lpbox-1":["https:\/\/digidem-bayern.de\/wp-content\/uploads\/2025\/01\/shutterstock_Hoerverlust-Loehler-2349928957-520x300.jpg",520,300,true],"kahuna-lpbox-2":["https:\/\/digidem-bayern.de\/wp-content\/uploads\/2025\/01\/shutterstock_Hoerverlust-Loehler-2349928957-520x350.jpg",520,350,true],"demand-language-flag":["https:\/\/digidem-bayern.de\/wp-content\/uploads\/2025\/01\/shutterstock_Hoerverlust-Loehler-2349928957-36x36.jpg",36,36,true],"dddkt-language-flag":["https:\/\/digidem-bayern.de\/wp-content\/uploads\/2025\/01\/shutterstock_Hoerverlust-Loehler-2349928957-36x36.jpg",36,36,true],"ddiqc-language-flag":["https:\/\/digidem-bayern.de\/wp-content\/uploads\/2025\/01\/shutterstock_Hoerverlust-Loehler-2349928957-36x36.jpg",36,36,true],"ddtl-language-flag":["https:\/\/digidem-bayern.de\/wp-content\/uploads\/2025\/01\/shutterstock_Hoerverlust-Loehler-2349928957-36x36.jpg",36,36,true],"mailpoet_newsletter_max":["https:\/\/digidem-bayern.de\/wp-content\/uploads\/2025\/01\/shutterstock_Hoerverlust-Loehler-2349928957.jpg",1000,527,false],"kahuna-lpbox-3":["https:\/\/digidem-bayern.de\/wp-content\/uploads\/2025\/01\/shutterstock_Hoerverlust-Loehler-2349928957-520x350.jpg",520,350,true],"kahuna-featured-square":["https:\/\/digidem-bayern.de\/wp-content\/uploads\/2025\/01\/shutterstock_Hoerverlust-Loehler-2349928957-512x512.jpg",512,512,true],"kahuna-featured-square-large":["https:\/\/digidem-bayern.de\/wp-content\/uploads\/2025\/01\/shutterstock_Hoerverlust-Loehler-2349928957.jpg",1000,527,false]},"qubely_author":{"display_name":"Ilona H\u00f6rath","author_link":"https:\/\/digidem-bayern.de\/en\/author\/hoeratia\/"},"qubely_comment":0,"qubely_category":"<a href=\"https:\/\/digidem-bayern.de\/en\/category\/kommendes-webinar\/\" rel=\"category tag\">Kommendes Webinar<\/a>","qubely_excerpt":"Schwerh\u00f6rigkeit im Alter ist ein weit verbreitetes Symptom\u00a0\u2013\u00a0etwa ein Drittel aller Betroffenen ist mindestens 65 Jahre alt. Allerdings nutzen nur wenige Schwerh\u00f6rige eine H\u00f6rhilfe. Ein unbehandelter H\u00f6rverlust beeintr\u00e4chtigt nicht nur den Alltag und kann damit die Lebensqualit\u00e4t einschr\u00e4nken, sondern steht auch in Verbindung mit anderen Gesundheitsproblemen wie zum Beispiel der &hellip;","featured_image_urls_v2":{"full":["https:\/\/digidem-bayern.de\/wp-content\/uploads\/2025\/01\/shutterstock_Hoerverlust-Loehler-2349928957.jpg",1000,527,false],"thumbnail":["https:\/\/digidem-bayern.de\/wp-content\/uploads\/2025\/01\/shutterstock_Hoerverlust-Loehler-2349928957-80x80.jpg",80,80,true],"medium":["https:\/\/digidem-bayern.de\/wp-content\/uploads\/2025\/01\/shutterstock_Hoerverlust-Loehler-2349928957-300x158.jpg",300,158,true],"medium_large":["https:\/\/digidem-bayern.de\/wp-content\/uploads\/2025\/01\/shutterstock_Hoerverlust-Loehler-2349928957-768x405.jpg",768,405,true],"large":["https:\/\/digidem-bayern.de\/wp-content\/uploads\/2025\/01\/shutterstock_Hoerverlust-Loehler-2349928957.jpg",1000,527,false],"1536x1536":["https:\/\/digidem-bayern.de\/wp-content\/uploads\/2025\/01\/shutterstock_Hoerverlust-Loehler-2349928957.jpg",1000,527,false],"2048x2048":["https:\/\/digidem-bayern.de\/wp-content\/uploads\/2025\/01\/shutterstock_Hoerverlust-Loehler-2349928957.jpg",1000,527,false],"trp-custom-language-flag":["https:\/\/digidem-bayern.de\/wp-content\/uploads\/2025\/01\/shutterstock_Hoerverlust-Loehler-2349928957.jpg",18,9,false],"qubely_landscape":["https:\/\/digidem-bayern.de\/wp-content\/uploads\/2025\/01\/shutterstock_Hoerverlust-Loehler-2349928957.jpg",1000,527,false],"qubely_portrait":["https:\/\/digidem-bayern.de\/wp-content\/uploads\/2025\/01\/shutterstock_Hoerverlust-Loehler-2349928957-540x320.jpg",540,320,true],"qubely_thumbnail":["https:\/\/digidem-bayern.de\/wp-content\/uploads\/2025\/01\/shutterstock_Hoerverlust-Loehler-2349928957-140x100.jpg",140,100,true],"post-thumbnail":["https:\/\/digidem-bayern.de\/wp-content\/uploads\/2025\/01\/shutterstock_Hoerverlust-Loehler-2349928957-664x350.jpg",664,350,true],"kahuna-featured":["https:\/\/digidem-bayern.de\/wp-content\/uploads\/2025\/01\/shutterstock_Hoerverlust-Loehler-2349928957-734x350.jpg",734,350,true],"kahuna-featured-lp":["https:\/\/digidem-bayern.de\/wp-content\/uploads\/2025\/01\/shutterstock_Hoerverlust-Loehler-2349928957-520x350.jpg",520,350,true],"kahuna-featured-half":["https:\/\/digidem-bayern.de\/wp-content\/uploads\/2025\/01\/shutterstock_Hoerverlust-Loehler-2349928957-800x350.jpg",800,350,true],"kahuna-featured-third":["https:\/\/digidem-bayern.de\/wp-content\/uploads\/2025\/01\/shutterstock_Hoerverlust-Loehler-2349928957-512x350.jpg",512,350,true],"kahuna-lpbox-1":["https:\/\/digidem-bayern.de\/wp-content\/uploads\/2025\/01\/shutterstock_Hoerverlust-Loehler-2349928957-520x300.jpg",520,300,true],"kahuna-lpbox-2":["https:\/\/digidem-bayern.de\/wp-content\/uploads\/2025\/01\/shutterstock_Hoerverlust-Loehler-2349928957-520x350.jpg",520,350,true],"demand-language-flag":["https:\/\/digidem-bayern.de\/wp-content\/uploads\/2025\/01\/shutterstock_Hoerverlust-Loehler-2349928957-36x36.jpg",36,36,true],"dddkt-language-flag":["https:\/\/digidem-bayern.de\/wp-content\/uploads\/2025\/01\/shutterstock_Hoerverlust-Loehler-2349928957-36x36.jpg",36,36,true],"ddiqc-language-flag":["https:\/\/digidem-bayern.de\/wp-content\/uploads\/2025\/01\/shutterstock_Hoerverlust-Loehler-2349928957-36x36.jpg",36,36,true],"ddtl-language-flag":["https:\/\/digidem-bayern.de\/wp-content\/uploads\/2025\/01\/shutterstock_Hoerverlust-Loehler-2349928957-36x36.jpg",36,36,true],"mailpoet_newsletter_max":["https:\/\/digidem-bayern.de\/wp-content\/uploads\/2025\/01\/shutterstock_Hoerverlust-Loehler-2349928957.jpg",1000,527,false],"kahuna-lpbox-3":["https:\/\/digidem-bayern.de\/wp-content\/uploads\/2025\/01\/shutterstock_Hoerverlust-Loehler-2349928957-520x350.jpg",520,350,true],"kahuna-featured-square":["https:\/\/digidem-bayern.de\/wp-content\/uploads\/2025\/01\/shutterstock_Hoerverlust-Loehler-2349928957-512x512.jpg",512,512,true],"kahuna-featured-square-large":["https:\/\/digidem-bayern.de\/wp-content\/uploads\/2025\/01\/shutterstock_Hoerverlust-Loehler-2349928957.jpg",1000,527,false]},"post_excerpt_stackable_v2":"<p>Schwerh\u00f6rigkeit im Alter ist ein weit verbreitetes Symptom\u00a0\u2013\u00a0etwa ein Drittel aller Betroffenen ist mindestens 65 Jahre alt. Allerdings nutzen nur wenige Schwerh\u00f6rige eine H\u00f6rhilfe. Ein unbehandelter H\u00f6rverlust beeintr\u00e4chtigt nicht nur den Alltag und kann damit die Lebensqualit\u00e4t einschr\u00e4nken, sondern steht auch in Verbindung mit anderen Gesundheitsproblemen wie zum Beispiel der Entstehung einer Demenz. Doch warum haben Personen mit einem unversorgten H\u00f6rverlust ein erh\u00f6htes Demenzrisiko? Welche medizinischen und psychosozialen Faktoren spielen dabei eine Rolle?\u00a0 Prof. Dr. med. Jan L\u00f6hler ist Pr\u00e4sident des Deutschen Berufsverbandes der Hals-Nasen-Ohren\u00e4rzte e.V. und leitete dort\u00a0viele Jahre das Wissenschaftliche Institut f\u00fcr angewandte HNO-Heilkunde. Aufgrund seiner intensiven Forschungst\u00e4tigkeit&hellip;<\/p>\n","category_list_v2":"<a href=\"https:\/\/digidem-bayern.de\/en\/category\/kommendes-webinar\/\" rel=\"category tag\">Kommendes Webinar<\/a>","author_info_v2":{"name":"Ilona H\u00f6rath","url":"https:\/\/digidem-bayern.de\/en\/author\/hoeratia\/"},"comments_num_v2":"0 comments","yoast_head":"<!-- This site is optimized with the Yoast SEO plugin v27.4 - https:\/\/yoast.com\/product\/yoast-seo-wordpress\/ -->\n<title>Webinar: H\u00f6rverlust als Risikofaktur bei Demenz - digiDEM Bayern<\/title>\n<meta name=\"description\" content=\"Im Webinar &quot;digiDEM Bayern Science Watch LIVE&quot; behandeln Wissenschaftler ein Thema aus der Demenzforschung und stehen live f\u00fcr Fragen zur Verf\u00fcgung.\" \/>\n<meta name=\"robots\" content=\"index, follow, max-snippet:-1, max-image-preview:large, max-video-preview:-1\" \/>\n<link rel=\"canonical\" href=\"https:\/\/digidem-bayern.de\/en\/webinar-hoerverlust-als-risikofaktur-bei-demenz\/\" \/>\n<meta property=\"og:locale\" content=\"en_US\" \/>\n<meta property=\"og:type\" content=\"article\" \/>\n<meta property=\"og:title\" content=\"Webinar: H\u00f6rverlust als Risikofaktur bei Demenz - digiDEM Bayern\" \/>\n<meta property=\"og:description\" content=\"Im Webinar &quot;digiDEM Bayern Science Watch LIVE&quot; behandeln Wissenschaftler ein Thema aus der Demenzforschung und stehen live f\u00fcr Fragen zur Verf\u00fcgung.\" \/>\n<meta property=\"og:url\" content=\"https:\/\/digidem-bayern.de\/en\/webinar-hoerverlust-als-risikofaktur-bei-demenz\/\" \/>\n<meta property=\"og:site_name\" content=\"digiDEM Bayern\" \/>\n<meta property=\"article:publisher\" content=\"https:\/\/www.facebook.com\/digiDEMBayern\/\" \/>\n<meta property=\"article:published_time\" content=\"2025-01-17T12:04:45+00:00\" \/>\n<meta property=\"article:modified_time\" content=\"2025-02-18T12:35:52+00:00\" \/>\n<meta property=\"og:image\" content=\"https:\/\/digidem-bayern.de\/wp-content\/uploads\/2025\/01\/shutterstock_Hoerverlust-Loehler-2349928957.jpg\" \/>\n\t<meta property=\"og:image:width\" content=\"1000\" \/>\n\t<meta property=\"og:image:height\" content=\"527\" \/>\n\t<meta property=\"og:image:type\" content=\"image\/jpeg\" \/>\n<meta name=\"author\" content=\"Ilona H\u00f6rath\" \/>\n<meta name=\"twitter:label1\" content=\"Written by\" \/>\n\t<meta name=\"twitter:data1\" content=\"Ilona H\u00f6rath\" \/>\n\t<meta name=\"twitter:label2\" content=\"Est. reading time\" \/>\n\t<meta name=\"twitter:data2\" content=\"2 minutes\" \/>\n<script type=\"application\/ld+json\" class=\"yoast-schema-graph\">{\"@context\":\"https:\\\/\\\/schema.org\",\"@graph\":[{\"@type\":\"Article\",\"@id\":\"https:\\\/\\\/digidem-bayern.de\\\/webinar-hoerverlust-als-risikofaktur-bei-demenz\\\/#article\",\"isPartOf\":{\"@id\":\"https:\\\/\\\/digidem-bayern.de\\\/webinar-hoerverlust-als-risikofaktur-bei-demenz\\\/\"},\"author\":{\"name\":\"Ilona H\u00f6rath\",\"@id\":\"\\\/#\\\/schema\\\/person\\\/0bc1494f46fc2a051c761322a80e0941\"},\"headline\":\"Webinar: H\u00f6rverlust als Risikofaktur bei Demenz\",\"datePublished\":\"2025-01-17T12:04:45+00:00\",\"dateModified\":\"2025-02-18T12:35:52+00:00\",\"mainEntityOfPage\":{\"@id\":\"https:\\\/\\\/digidem-bayern.de\\\/webinar-hoerverlust-als-risikofaktur-bei-demenz\\\/\"},\"wordCount\":225,\"commentCount\":0,\"publisher\":{\"@id\":\"\\\/#organization\"},\"image\":{\"@id\":\"https:\\\/\\\/digidem-bayern.de\\\/webinar-hoerverlust-als-risikofaktur-bei-demenz\\\/#primaryimage\"},\"thumbnailUrl\":\"https:\\\/\\\/digidem-bayern.de\\\/wp-content\\\/uploads\\\/2025\\\/01\\\/shutterstock_Hoerverlust-Loehler-2349928957.jpg\",\"keywords\":[\"Alzheimer\",\"Alzheimer-Demenz\",\"Demenz\",\"Demenzerkrankung\",\"Demenzforschung\",\"Demenzrisiko\",\"Deutsche Alzheimer Gesellschaft\",\"digidem\",\"digidem Bayern\",\"Digitales Demenzregister Bayern\",\"Hals-Nasen-Ohren-Heilkunde\",\"HNO-Heilkunde\",\"H\u00f6rverlust\",\"Jan L\u00f6hler\",\"Lebensqualit\u00e4t\",\"Schwerh\u00f6rigkeit\"],\"articleSection\":[\"Kommendes Webinar\"],\"inLanguage\":\"en-US\",\"potentialAction\":[{\"@type\":\"CommentAction\",\"name\":\"Comment\",\"target\":[\"https:\\\/\\\/digidem-bayern.de\\\/webinar-hoerverlust-als-risikofaktur-bei-demenz\\\/#respond\"]}]},{\"@type\":\"WebPage\",\"@id\":\"https:\\\/\\\/digidem-bayern.de\\\/webinar-hoerverlust-als-risikofaktur-bei-demenz\\\/\",\"url\":\"https:\\\/\\\/digidem-bayern.de\\\/webinar-hoerverlust-als-risikofaktur-bei-demenz\\\/\",\"name\":\"Webinar: H\u00f6rverlust als Risikofaktur bei Demenz - digiDEM Bayern\",\"isPartOf\":{\"@id\":\"\\\/#website\"},\"primaryImageOfPage\":{\"@id\":\"https:\\\/\\\/digidem-bayern.de\\\/webinar-hoerverlust-als-risikofaktur-bei-demenz\\\/#primaryimage\"},\"image\":{\"@id\":\"https:\\\/\\\/digidem-bayern.de\\\/webinar-hoerverlust-als-risikofaktur-bei-demenz\\\/#primaryimage\"},\"thumbnailUrl\":\"https:\\\/\\\/digidem-bayern.de\\\/wp-content\\\/uploads\\\/2025\\\/01\\\/shutterstock_Hoerverlust-Loehler-2349928957.jpg\",\"datePublished\":\"2025-01-17T12:04:45+00:00\",\"dateModified\":\"2025-02-18T12:35:52+00:00\",\"description\":\"Im Webinar \\\"digiDEM Bayern Science Watch LIVE\\\" behandeln Wissenschaftler ein Thema aus der Demenzforschung und stehen live f\u00fcr Fragen zur Verf\u00fcgung.\",\"breadcrumb\":{\"@id\":\"https:\\\/\\\/digidem-bayern.de\\\/webinar-hoerverlust-als-risikofaktur-bei-demenz\\\/#breadcrumb\"},\"inLanguage\":\"en-US\",\"potentialAction\":[{\"@type\":\"ReadAction\",\"target\":[\"https:\\\/\\\/digidem-bayern.de\\\/webinar-hoerverlust-als-risikofaktur-bei-demenz\\\/\"]}]},{\"@type\":\"ImageObject\",\"inLanguage\":\"en-US\",\"@id\":\"https:\\\/\\\/digidem-bayern.de\\\/webinar-hoerverlust-als-risikofaktur-bei-demenz\\\/#primaryimage\",\"url\":\"https:\\\/\\\/digidem-bayern.de\\\/wp-content\\\/uploads\\\/2025\\\/01\\\/shutterstock_Hoerverlust-Loehler-2349928957.jpg\",\"contentUrl\":\"https:\\\/\\\/digidem-bayern.de\\\/wp-content\\\/uploads\\\/2025\\\/01\\\/shutterstock_Hoerverlust-Loehler-2349928957.jpg\",\"width\":1000,\"height\":527,\"caption\":\"Foto: Shutterstock\"},{\"@type\":\"BreadcrumbList\",\"@id\":\"https:\\\/\\\/digidem-bayern.de\\\/webinar-hoerverlust-als-risikofaktur-bei-demenz\\\/#breadcrumb\",\"itemListElement\":[{\"@type\":\"ListItem\",\"position\":1,\"name\":\"Startseite\",\"item\":\"https:\\\/\\\/digidem-bayern.de\\\/\"},{\"@type\":\"ListItem\",\"position\":2,\"name\":\"Webinar: H\u00f6rverlust als Risikofaktur bei Demenz\"}]},{\"@type\":\"WebSite\",\"@id\":\"\\\/#website\",\"url\":\"\\\/\",\"name\":\"digiDEM Bayern\",\"description\":\"Das digitale Demenzregister Bayern erforscht und verbessert die Angebotsstuktur f\u00fcr Menschen mit Demenz und deren Angeh\u00f6rige\",\"publisher\":{\"@id\":\"\\\/#organization\"},\"potentialAction\":[{\"@type\":\"SearchAction\",\"target\":{\"@type\":\"EntryPoint\",\"urlTemplate\":\"\\\/?s={search_term_string}\"},\"query-input\":{\"@type\":\"PropertyValueSpecification\",\"valueRequired\":true,\"valueName\":\"search_term_string\"}}],\"inLanguage\":\"en-US\"},{\"@type\":\"Organization\",\"@id\":\"\\\/#organization\",\"name\":\"digiDEM Bayern\",\"url\":\"\\\/\",\"logo\":{\"@type\":\"ImageObject\",\"inLanguage\":\"en-US\",\"@id\":\"\\\/#\\\/schema\\\/logo\\\/image\\\/\",\"url\":\"https:\\\/\\\/digidem-bayern.de\\\/wp-content\\\/uploads\\\/2022\\\/03\\\/cropped-Allgemeines_digiDEMLOGO-removebg-preview.png\",\"contentUrl\":\"https:\\\/\\\/digidem-bayern.de\\\/wp-content\\\/uploads\\\/2022\\\/03\\\/cropped-Allgemeines_digiDEMLOGO-removebg-preview.png\",\"width\":612,\"height\":357,\"caption\":\"digiDEM Bayern\"},\"image\":{\"@id\":\"\\\/#\\\/schema\\\/logo\\\/image\\\/\"},\"sameAs\":[\"https:\\\/\\\/www.facebook.com\\\/digiDEMBayern\\\/\",\"https:\\\/\\\/x.com\\\/digidem_bayern\",\"https:\\\/\\\/www.instagram.com\\\/digidem.bayern\",\"https:\\\/\\\/www.linkedin.com\\\/company\\\/digidem-bayern\\\/\"]},{\"@type\":\"Person\",\"@id\":\"\\\/#\\\/schema\\\/person\\\/0bc1494f46fc2a051c761322a80e0941\",\"name\":\"Ilona H\u00f6rath\",\"url\":\"https:\\\/\\\/digidem-bayern.de\\\/en\\\/author\\\/hoeratia\\\/\"}]}<\/script>\n<!-- \/ Yoast SEO plugin. -->","yoast_head_json":{"title":"Webinar: H\u00f6rverlust als Risikofaktur bei Demenz - digiDEM Bayern","description":"Im Webinar \"digiDEM Bayern Science Watch LIVE\" behandeln Wissenschaftler ein Thema aus der Demenzforschung und stehen live f\u00fcr Fragen zur Verf\u00fcgung.","robots":{"index":"index","follow":"follow","max-snippet":"max-snippet:-1","max-image-preview":"max-image-preview:large","max-video-preview":"max-video-preview:-1"},"canonical":"https:\/\/digidem-bayern.de\/en\/webinar-hoerverlust-als-risikofaktur-bei-demenz\/","og_locale":"en_US","og_type":"article","og_title":"Webinar: H\u00f6rverlust als Risikofaktur bei Demenz - digiDEM Bayern","og_description":"Im Webinar \"digiDEM Bayern Science Watch LIVE\" behandeln Wissenschaftler ein Thema aus der Demenzforschung und stehen live f\u00fcr Fragen zur Verf\u00fcgung.","og_url":"https:\/\/digidem-bayern.de\/en\/webinar-hoerverlust-als-risikofaktur-bei-demenz\/","og_site_name":"digiDEM Bayern","article_publisher":"https:\/\/www.facebook.com\/digiDEMBayern\/","article_published_time":"2025-01-17T12:04:45+00:00","article_modified_time":"2025-02-18T12:35:52+00:00","og_image":[{"width":1000,"height":527,"url":"https:\/\/digidem-bayern.de\/wp-content\/uploads\/2025\/01\/shutterstock_Hoerverlust-Loehler-2349928957.jpg","type":"image\/jpeg"}],"author":"Ilona H\u00f6rath","twitter_misc":{"Written by":"Ilona H\u00f6rath","Est. reading time":"2 minutes"},"schema":{"@context":"https:\/\/schema.org","@graph":[{"@type":"Article","@id":"https:\/\/digidem-bayern.de\/webinar-hoerverlust-als-risikofaktur-bei-demenz\/#article","isPartOf":{"@id":"https:\/\/digidem-bayern.de\/webinar-hoerverlust-als-risikofaktur-bei-demenz\/"},"author":{"name":"Ilona H\u00f6rath","@id":"\/#\/schema\/person\/0bc1494f46fc2a051c761322a80e0941"},"headline":"Webinar: H\u00f6rverlust als Risikofaktur bei Demenz","datePublished":"2025-01-17T12:04:45+00:00","dateModified":"2025-02-18T12:35:52+00:00","mainEntityOfPage":{"@id":"https:\/\/digidem-bayern.de\/webinar-hoerverlust-als-risikofaktur-bei-demenz\/"},"wordCount":225,"commentCount":0,"publisher":{"@id":"\/#organization"},"image":{"@id":"https:\/\/digidem-bayern.de\/webinar-hoerverlust-als-risikofaktur-bei-demenz\/#primaryimage"},"thumbnailUrl":"https:\/\/digidem-bayern.de\/wp-content\/uploads\/2025\/01\/shutterstock_Hoerverlust-Loehler-2349928957.jpg","keywords":["Alzheimer","Alzheimer-Demenz","Demenz","Demenzerkrankung","Demenzforschung","Demenzrisiko","Deutsche Alzheimer Gesellschaft","digidem","digidem Bayern","Digitales Demenzregister Bayern","Hals-Nasen-Ohren-Heilkunde","HNO-Heilkunde","H\u00f6rverlust","Jan L\u00f6hler","Lebensqualit\u00e4t","Schwerh\u00f6rigkeit"],"articleSection":["Kommendes Webinar"],"inLanguage":"en-US","potentialAction":[{"@type":"CommentAction","name":"Comment","target":["https:\/\/digidem-bayern.de\/webinar-hoerverlust-als-risikofaktur-bei-demenz\/#respond"]}]},{"@type":"WebPage","@id":"https:\/\/digidem-bayern.de\/webinar-hoerverlust-als-risikofaktur-bei-demenz\/","url":"https:\/\/digidem-bayern.de\/webinar-hoerverlust-als-risikofaktur-bei-demenz\/","name":"Webinar: H\u00f6rverlust als Risikofaktur bei Demenz - digiDEM Bayern","isPartOf":{"@id":"\/#website"},"primaryImageOfPage":{"@id":"https:\/\/digidem-bayern.de\/webinar-hoerverlust-als-risikofaktur-bei-demenz\/#primaryimage"},"image":{"@id":"https:\/\/digidem-bayern.de\/webinar-hoerverlust-als-risikofaktur-bei-demenz\/#primaryimage"},"thumbnailUrl":"https:\/\/digidem-bayern.de\/wp-content\/uploads\/2025\/01\/shutterstock_Hoerverlust-Loehler-2349928957.jpg","datePublished":"2025-01-17T12:04:45+00:00","dateModified":"2025-02-18T12:35:52+00:00","description":"Im Webinar \"digiDEM Bayern Science Watch LIVE\" behandeln Wissenschaftler ein Thema aus der Demenzforschung und stehen live f\u00fcr Fragen zur Verf\u00fcgung.","breadcrumb":{"@id":"https:\/\/digidem-bayern.de\/webinar-hoerverlust-als-risikofaktur-bei-demenz\/#breadcrumb"},"inLanguage":"en-US","potentialAction":[{"@type":"ReadAction","target":["https:\/\/digidem-bayern.de\/webinar-hoerverlust-als-risikofaktur-bei-demenz\/"]}]},{"@type":"ImageObject","inLanguage":"en-US","@id":"https:\/\/digidem-bayern.de\/webinar-hoerverlust-als-risikofaktur-bei-demenz\/#primaryimage","url":"https:\/\/digidem-bayern.de\/wp-content\/uploads\/2025\/01\/shutterstock_Hoerverlust-Loehler-2349928957.jpg","contentUrl":"https:\/\/digidem-bayern.de\/wp-content\/uploads\/2025\/01\/shutterstock_Hoerverlust-Loehler-2349928957.jpg","width":1000,"height":527,"caption":"Foto: Shutterstock"},{"@type":"BreadcrumbList","@id":"https:\/\/digidem-bayern.de\/webinar-hoerverlust-als-risikofaktur-bei-demenz\/#breadcrumb","itemListElement":[{"@type":"ListItem","position":1,"name":"Startseite","item":"https:\/\/digidem-bayern.de\/"},{"@type":"ListItem","position":2,"name":"Webinar: H\u00f6rverlust als Risikofaktur bei Demenz"}]},{"@type":"WebSite","@id":"\/#website","url":"\/","name":"digiDEM Bavaria","description":"The digital dementia register in Bavaria researches and improves the structure of services for people with dementia and their relatives","publisher":{"@id":"\/#organization"},"potentialAction":[{"@type":"SearchAction","target":{"@type":"EntryPoint","urlTemplate":"\/?s={search_term_string}"},"query-input":{"@type":"PropertyValueSpecification","valueRequired":true,"valueName":"search_term_string"}}],"inLanguage":"en-US"},{"@type":"Organization","@id":"\/#organization","name":"digiDEM Bavaria","url":"\/","logo":{"@type":"ImageObject","inLanguage":"en-US","@id":"\/#\/schema\/logo\/image\/","url":"https:\/\/digidem-bayern.de\/wp-content\/uploads\/2022\/03\/cropped-Allgemeines_digiDEMLOGO-removebg-preview.png","contentUrl":"https:\/\/digidem-bayern.de\/wp-content\/uploads\/2022\/03\/cropped-Allgemeines_digiDEMLOGO-removebg-preview.png","width":612,"height":357,"caption":"digiDEM Bayern"},"image":{"@id":"\/#\/schema\/logo\/image\/"},"sameAs":["https:\/\/www.facebook.com\/digiDEMBayern\/","https:\/\/x.com\/digidem_bayern","https:\/\/www.instagram.com\/digidem.bayern","https:\/\/www.linkedin.com\/company\/digidem-bayern\/"]},{"@type":"Person","@id":"\/#\/schema\/person\/0bc1494f46fc2a051c761322a80e0941","name":"Ilona H\u00f6rath","url":"https:\/\/digidem-bayern.de\/en\/author\/hoeratia\/"}]}},"uagb_featured_image_src":{"full":["https:\/\/digidem-bayern.de\/wp-content\/uploads\/2025\/01\/shutterstock_Hoerverlust-Loehler-2349928957.jpg",1000,527,false],"thumbnail":["https:\/\/digidem-bayern.de\/wp-content\/uploads\/2025\/01\/shutterstock_Hoerverlust-Loehler-2349928957-80x80.jpg",80,80,true],"medium":["https:\/\/digidem-bayern.de\/wp-content\/uploads\/2025\/01\/shutterstock_Hoerverlust-Loehler-2349928957-300x158.jpg",300,158,true],"medium_large":["https:\/\/digidem-bayern.de\/wp-content\/uploads\/2025\/01\/shutterstock_Hoerverlust-Loehler-2349928957-768x405.jpg",768,405,true],"large":["https:\/\/digidem-bayern.de\/wp-content\/uploads\/2025\/01\/shutterstock_Hoerverlust-Loehler-2349928957.jpg",1000,527,false],"1536x1536":["https:\/\/digidem-bayern.de\/wp-content\/uploads\/2025\/01\/shutterstock_Hoerverlust-Loehler-2349928957.jpg",1000,527,false],"2048x2048":["https:\/\/digidem-bayern.de\/wp-content\/uploads\/2025\/01\/shutterstock_Hoerverlust-Loehler-2349928957.jpg",1000,527,false],"trp-custom-language-flag":["https:\/\/digidem-bayern.de\/wp-content\/uploads\/2025\/01\/shutterstock_Hoerverlust-Loehler-2349928957.jpg",18,9,false],"qubely_landscape":["https:\/\/digidem-bayern.de\/wp-content\/uploads\/2025\/01\/shutterstock_Hoerverlust-Loehler-2349928957.jpg",1000,527,false],"qubely_portrait":["https:\/\/digidem-bayern.de\/wp-content\/uploads\/2025\/01\/shutterstock_Hoerverlust-Loehler-2349928957-540x320.jpg",540,320,true],"qubely_thumbnail":["https:\/\/digidem-bayern.de\/wp-content\/uploads\/2025\/01\/shutterstock_Hoerverlust-Loehler-2349928957-140x100.jpg",140,100,true],"post-thumbnail":["https:\/\/digidem-bayern.de\/wp-content\/uploads\/2025\/01\/shutterstock_Hoerverlust-Loehler-2349928957-664x350.jpg",664,350,true],"kahuna-featured":["https:\/\/digidem-bayern.de\/wp-content\/uploads\/2025\/01\/shutterstock_Hoerverlust-Loehler-2349928957-734x350.jpg",734,350,true],"kahuna-featured-lp":["https:\/\/digidem-bayern.de\/wp-content\/uploads\/2025\/01\/shutterstock_Hoerverlust-Loehler-2349928957-520x350.jpg",520,350,true],"kahuna-featured-half":["https:\/\/digidem-bayern.de\/wp-content\/uploads\/2025\/01\/shutterstock_Hoerverlust-Loehler-2349928957-800x350.jpg",800,350,true],"kahuna-featured-third":["https:\/\/digidem-bayern.de\/wp-content\/uploads\/2025\/01\/shutterstock_Hoerverlust-Loehler-2349928957-512x350.jpg",512,350,true],"kahuna-lpbox-1":["https:\/\/digidem-bayern.de\/wp-content\/uploads\/2025\/01\/shutterstock_Hoerverlust-Loehler-2349928957-520x300.jpg",520,300,true],"kahuna-lpbox-2":["https:\/\/digidem-bayern.de\/wp-content\/uploads\/2025\/01\/shutterstock_Hoerverlust-Loehler-2349928957-520x350.jpg",520,350,true],"demand-language-flag":["https:\/\/digidem-bayern.de\/wp-content\/uploads\/2025\/01\/shutterstock_Hoerverlust-Loehler-2349928957-36x36.jpg",36,36,true],"dddkt-language-flag":["https:\/\/digidem-bayern.de\/wp-content\/uploads\/2025\/01\/shutterstock_Hoerverlust-Loehler-2349928957-36x36.jpg",36,36,true],"ddiqc-language-flag":["https:\/\/digidem-bayern.de\/wp-content\/uploads\/2025\/01\/shutterstock_Hoerverlust-Loehler-2349928957-36x36.jpg",36,36,true],"ddtl-language-flag":["https:\/\/digidem-bayern.de\/wp-content\/uploads\/2025\/01\/shutterstock_Hoerverlust-Loehler-2349928957-36x36.jpg",36,36,true],"mailpoet_newsletter_max":["https:\/\/digidem-bayern.de\/wp-content\/uploads\/2025\/01\/shutterstock_Hoerverlust-Loehler-2349928957.jpg",1000,527,false],"kahuna-lpbox-3":["https:\/\/digidem-bayern.de\/wp-content\/uploads\/2025\/01\/shutterstock_Hoerverlust-Loehler-2349928957-520x350.jpg",520,350,true],"kahuna-featured-square":["https:\/\/digidem-bayern.de\/wp-content\/uploads\/2025\/01\/shutterstock_Hoerverlust-Loehler-2349928957-512x512.jpg",512,512,true],"kahuna-featured-square-large":["https:\/\/digidem-bayern.de\/wp-content\/uploads\/2025\/01\/shutterstock_Hoerverlust-Loehler-2349928957.jpg",1000,527,false]},"uagb_author_info":{"display_name":"Ilona H\u00f6rath","author_link":"https:\/\/digidem-bayern.de\/en\/author\/hoeratia\/"},"uagb_comment_info":0,"uagb_excerpt":"Schwerh\u00f6rigkeit im Alter ist ein weit verbreitetes Symptom\u00a0\u2013\u00a0etwa ein Drittel aller Betroffenen ist mindestens 65 Jahre alt. Allerdings nutzen nur wenige Schwerh\u00f6rige eine H\u00f6rhilfe. Ein unbehandelter H\u00f6rverlust beeintr\u00e4chtigt nicht nur den Alltag und kann damit die Lebensqualit\u00e4t einschr\u00e4nken, sondern steht auch in Verbindung mit anderen Gesundheitsproblemen wie zum Beispiel der &hellip;","_links":{"self":[{"href":"https:\/\/digidem-bayern.de\/en\/wp-json\/wp\/v2\/posts\/40822","targetHints":{"allow":["GET"]}}],"collection":[{"href":"https:\/\/digidem-bayern.de\/en\/wp-json\/wp\/v2\/posts"}],"about":[{"href":"https:\/\/digidem-bayern.de\/en\/wp-json\/wp\/v2\/types\/post"}],"author":[{"embeddable":true,"href":"https:\/\/digidem-bayern.de\/en\/wp-json\/wp\/v2\/users\/12"}],"replies":[{"embeddable":true,"href":"https:\/\/digidem-bayern.de\/en\/wp-json\/wp\/v2\/comments?post=40822"}],"version-history":[{"count":2,"href":"https:\/\/digidem-bayern.de\/en\/wp-json\/wp\/v2\/posts\/40822\/revisions"}],"predecessor-version":[{"id":40889,"href":"https:\/\/digidem-bayern.de\/en\/wp-json\/wp\/v2\/posts\/40822\/revisions\/40889"}],"wp:featuredmedia":[{"embeddable":true,"href":"https:\/\/digidem-bayern.de\/en\/wp-json\/wp\/v2\/media\/40824"}],"wp:attachment":[{"href":"https:\/\/digidem-bayern.de\/en\/wp-json\/wp\/v2\/media?parent=40822"}],"wp:term":[{"taxonomy":"category","embeddable":true,"href":"https:\/\/digidem-bayern.de\/en\/wp-json\/wp\/v2\/categories?post=40822"},{"taxonomy":"post_tag","embeddable":true,"href":"https:\/\/digidem-bayern.de\/en\/wp-json\/wp\/v2\/tags?post=40822"}],"curies":[{"name":"wp","href":"https:\/\/api.w.org\/{rel}","templated":true}]}}