{"id":40212,"date":"2024-12-10T09:03:41","date_gmt":"2024-12-10T08:03:41","guid":{"rendered":"https:\/\/digidem-bayern.de\/?p=40212"},"modified":"2024-12-10T09:18:42","modified_gmt":"2024-12-10T08:18:42","slug":"das-herz-wird-nicht-dement","status":"publish","type":"post","link":"https:\/\/digidem-bayern.de\/en\/das-herz-wird-nicht-dement\/","title":{"rendered":"\u201eDas Herz wird nicht dement\u201c"},"content":{"rendered":"<p><strong>Die meisten Menschen kennen Dr. Sarah Straub (38) von zahlreichen Auftritten als Musikerin&nbsp;in ganz Deutschland. Doch sie ist auch Spezialistin f\u00fcr frontotemporale Demenz und behandelnde Neuropsychologin am Universit\u00e4tsklinikum Ulm. Dort forscht sie \u00fcber Menschen mit Demenz und deren pflegende An- und Zugeh\u00f6rige. Als K\u00fcnstlerin und als Demenzexpertin versteht sich als Mutmacherin. Dr. Sarah Straub kl\u00e4rt \u00fcber die Demenz-Erkrankung auf und w\u00fcnscht sich von unserer Gesellschaft einen sensibleren Umgang mit Menschen mit Demenz. Im Interview mit Ilona H\u00f6rath spricht sie \u00fcber ihre pers\u00f6nlichen Erfahrungen mit Demenz, was ihr das&nbsp;Arbeiten mit Demenz-Patientinnen und -patienten bedeutet und wie sie das Thema Demenz k\u00fcnstlerisch in ihrer Musik verarbeitet.&nbsp;<\/strong><span style=\"caret-color: rgb(0, 0, 0); color: rgb(0, 0, 0); font-family: -webkit-standard; font-size: medium; white-space: normal;\"><\/span><span style=\"caret-color: rgb(0, 0, 0); color: rgb(0, 0, 0); font-family: -webkit-standard; font-size: medium; white-space: normal;\"><\/span><\/p>\n\n\n\n<p><strong><em>Sie f\u00fchren ein Leben zwischen B\u00fchne und Klinikalltag, schreiben Liedtexte, fach\u00e4rztliche Befunde und arbeiten auch streng wissenschaftlich.<\/em><\/strong><em>&nbsp;<strong>Wie gelingt Ihnen eigentlich dieser Spagat<\/strong>?<\/em><\/p>\n\n\n\n<p>Es erfordert sehr viel Disziplin. Ich habe mich ganz bewusst f\u00fcr beide Berufe entschieden, weil ich beide Berufe liebe und es nie geschafft habe, mich f\u00fcr einen zu entscheiden. Ich versuche, beide Welten zu kombinieren und auf der B\u00fchne \u00fcber Demenz zu sprechen und umgekehrt die Musik in die Klinik zu holen. Es ist sinnstiftend und erf\u00fcllt mich. Ich habe nicht das Gef\u00fchl, dass mir etwas im Leben fehlt.<\/p>\n\n\n\n<p><strong><em>Als Musikern sowie als Autorin und Psychologin haben Sie gleich zwei Berufe.<\/em><\/strong><em>&nbsp;<strong>Worin liegt Ihre Berufung<\/strong><\/em><strong>?<\/strong><\/p>\n\n\n\n<p>Meine Berufung liegt in beiden Berufen. Fr\u00fcher dachte ich, die Musik sei mein Beruf, denn ich sehe, wie ich in der Musik aufbl\u00fche. Auch das Arbeiten mit Menschen mit Demenz ist mehr als ein Beruf, in dem ich mehr geben m\u00f6chte als es dieser Beruf erfordert. Beide Berufe liegen mir am Herzen.<\/p>\n\n\n\n<p><strong><em>Warum ist das Arbeiten mit Demenz-Patientinnen und -patienten f\u00fcr Sie ein Herzensthema?<\/em><\/strong><\/p>\n\n\n<div class=\"wp-block-image\">\n<figure class=\"alignright size-large is-resized\"><img loading=\"lazy\" decoding=\"async\" width=\"1030\" height=\"687\" src=\"https:\/\/digidem-bayern.de\/wp-content\/uploads\/2024\/12\/SarahStraub_PeterNeher-1030x687.jpg\" alt=\"Dr. Sarah Straub kl\u00e4rt \u00fcber die Demenz-Erkrankung auf und w\u00fcnscht sich von unserer Gesellschaft einen sensibleren Umgang mit Menschen mit Demenz.\" class=\"wp-image-40214\" style=\"width:649px;height:auto\" srcset=\"https:\/\/digidem-bayern.de\/wp-content\/uploads\/2024\/12\/SarahStraub_PeterNeher-1030x687.jpg 1030w, https:\/\/digidem-bayern.de\/wp-content\/uploads\/2024\/12\/SarahStraub_PeterNeher-300x200.jpg 300w, https:\/\/digidem-bayern.de\/wp-content\/uploads\/2024\/12\/SarahStraub_PeterNeher-768x513.jpg 768w, https:\/\/digidem-bayern.de\/wp-content\/uploads\/2024\/12\/SarahStraub_PeterNeher-1536x1025.jpg 1536w, https:\/\/digidem-bayern.de\/wp-content\/uploads\/2024\/12\/SarahStraub_PeterNeher-2048x1367.jpg 2048w, https:\/\/digidem-bayern.de\/wp-content\/uploads\/2024\/12\/SarahStraub_PeterNeher-524x350.jpg 524w, https:\/\/digidem-bayern.de\/wp-content\/uploads\/2024\/12\/SarahStraub_PeterNeher-1320x881.jpg 1320w, https:\/\/digidem-bayern.de\/wp-content\/uploads\/2024\/12\/SarahStraub_PeterNeher.jpg 1600w\" sizes=\"auto, (max-width: 1030px) 100vw, 1030px\" \/><figcaption class=\"wp-element-caption\">Dr. Sarah Straub ist Neuropsychologin und Musikerin. Von unserer Gesellschaft w\u00fcnscht sie sich einen sensibleren Umgang mit Menschen mit Demenz. Foto: Peter Neher<\/figcaption><\/figure>\n<\/div>\n\n\n<p>Ich f\u00fchle mich den Betroffenen sehr nahe, habe einen Draht zu ihnen und bin gerne mit ihnen zusammen. Ich will eine Atmosph\u00e4re schaffen, damit sie sich wohlf\u00fchlen.&nbsp;Doch es ist auch eine pers\u00f6nliche Betroffenheit. Meine Oma und mein Schwiegervater waren an Demenz erkrankt. Als ich Anfang 20 war, ist meine Oma, die mir sehr nahestand, schwer gest\u00fcrzt und erlitt eine Hirnblutung. Ihr Hirn war dadurch von einem Tag auf den anderen schwer gesch\u00e4digt. Wir hatten keine Zeit, in die Situation hineinzuwachsen. Ich habe versucht, mit meiner Oma den Alltag zu bew\u00e4ltigen. Aus heutiger Sicht wissen wir, dass meine Oma bereits zuvor eine beginnende vaskul\u00e4re Demenz hatte.&nbsp;<\/p>\n\n\n\n<p><strong><em>F\u00fchrte die Demenz-Erkrankung Ihrer Oma dazu, dass Sie sich in Ihrem Psychologiestudium auf Demenz spezialisiert haben?&nbsp;<\/em><\/strong><\/p>\n\n\n\n<p>Ja, ich hatte das Studium zun\u00e4chst ohne gro\u00dfe Ambitionen begonnen f\u00fcr den Fall, dass es mit der Musik nicht klappt. W\u00e4hrend des Studiums ist meine Oma erkrankt. So kam bei mir der Wunsch auf, mehr zu erfahren \u00fcber Neuropsychiatrie und neurodegenerative Erkrankungen.&nbsp;<\/p>\n\n\n\n<p><strong><em>Und Ihr Schwiegervater?<\/em><\/strong><\/p>\n\n\n\n<p>Meinen Schwiegervater habe ich begleitet, als ich schon Demenzexpertin war. Aber auch da habe ich mich mitunter \u00fcberfordert gef\u00fchlt. Man kann noch so viel wissen, manchmal gibt es keine gute L\u00f6sung ad hoc, um eine Situation gut zu meistern.<\/p>\n\n\n\n<p><strong><em>Was raten Sie Betroffenen?&nbsp;<\/em><\/strong><\/p>\n\n\n\n<p>Die Menschen brauchen sehr viele Informationen und m\u00fcssen selbst zu Demenzexperten werden, um Betroffene gut begleiten zu k\u00f6nnen. Pflegende Angeh\u00f6rige f\u00fchlen sich oft auch pers\u00f6nlich verletzt, wenn die an Demenz erkrankten nahestehenden Personen sich anders verhalten als fr\u00fcher. Deshalb muss ich wissen, was das Krankheitsbild bedeutet. Wichtig ist es auch, sich so fr\u00fch wie m\u00f6glich nach Unterst\u00fctzungsangeboten umzuschauen. Man muss sich eigentlich zu einem Zeitpunkt beraten lassen, wo man Unterst\u00fctzungsleistungen noch nicht braucht, damit man sie sofort abrufen kann, wenn es n\u00f6tig wird. Die Frage ist: Was braucht man jetzt, was sp\u00e4ter?&nbsp;<\/p>\n\n\n\n<p><strong><em>F\u00fcr pflegende An- und Zugeh\u00f6rige hat digiDEM Bayern den digitalen Online-Fragebogen DEMAND<strong><strong><sup>\u00ae<\/sup><\/strong><\/strong> entwickelt.<\/em><\/strong><\/p>\n\n\n\n<p>Ich glaube, dass es ganz wichtig ist, solche Angebote wie den DEMAND<strong><strong><sup>\u00ae<\/sup><\/strong><\/strong> zu nutzen. Gerade dieser Fragebogen hilft enorm, die eigenen Versorgungsbedarfe \u00fcberhaupt zu erkennen und dann gezielt Unterst\u00fctzungsangebote zu erhalten. Zuhause am Computer zu recherchieren, muss niederschwellig sein. Was man von zuhause aus erledigen kann, ist perfekt und die meisten Menschen sind mit dem Computer vertraut. Ich w\u00fcnsche mir, dass Menschen mutig sind, die Angebote zu nutzen und mit der Krankheit umgehen lernen.&nbsp;<\/p>\n\n\n\n<p><strong><em>Eines der Ziele von digiDEM Bayern ist es, Demenzwissen zu vermitteln und \u00fcber Demenz zu informieren. Wie wichtig sind wissenschaftlich belegte Erkenntnisse?&nbsp;<\/em><\/strong><\/p>\n\n\n\n<p>Ich komme ja aus der Wissenschaft. Es ist mir daher auch ein pers\u00f6nliches Anliegen, nur mit Informationen zu arbeiten, die wirklich wissenschaftlich belegt sind. Dieses fundierte Wissen m\u00f6chte ich weitergeben. Ich empfinde es auch als wichtig, Angeh\u00f6rige zu schulen, damit sie den Filter setzen k\u00f6nnen, was gut ist und was nicht. Hier geht es auch zum Beispiel um das F\u00fcr und Wider bestimmter Demenz-Therapien. Familien sind da teilweise bereit, viel Geld zu investieren, weil sie gro\u00dfe Hoffnungen auf ein Verfahren oder einen Wirkstoff setzen. Gibt es aber keine klaren wissenschaftlichen Wirknachweise, m\u00f6chte ich die Familien ermutigen, kritisch zu bleiben.&nbsp;<\/p>\n\n\n<div class=\"wp-block-image\">\n<figure class=\"alignright size-large is-resized\"><img loading=\"lazy\" decoding=\"async\" width=\"1030\" height=\"773\" src=\"https:\/\/digidem-bayern.de\/wp-content\/uploads\/2024\/12\/Ilona-Hoerath_Sarah-Straub-IMG_1133-1030x773.jpeg\" alt=\"Im Interview mit Ilona H\u00f6rath spricht Dr. Sarah Straub \u00fcber ihre pers\u00f6nlichen Erfahrungen mit Demenz, was ihr das Arbeiten mit Demenz-Patientinnen und -patienten bedeutet und wie sie das Thema Demenz k\u00fcnstlerisch in ihrer Musik verarbeitet.\" class=\"wp-image-40242\" style=\"width:583px;height:auto\" srcset=\"https:\/\/digidem-bayern.de\/wp-content\/uploads\/2024\/12\/Ilona-Hoerath_Sarah-Straub-IMG_1133-1030x773.jpeg 1030w, https:\/\/digidem-bayern.de\/wp-content\/uploads\/2024\/12\/Ilona-Hoerath_Sarah-Straub-IMG_1133-300x225.jpeg 300w, https:\/\/digidem-bayern.de\/wp-content\/uploads\/2024\/12\/Ilona-Hoerath_Sarah-Straub-IMG_1133-768x576.jpeg 768w, https:\/\/digidem-bayern.de\/wp-content\/uploads\/2024\/12\/Ilona-Hoerath_Sarah-Straub-IMG_1133-1536x1152.jpeg 1536w, https:\/\/digidem-bayern.de\/wp-content\/uploads\/2024\/12\/Ilona-Hoerath_Sarah-Straub-IMG_1133-2048x1536.jpeg 2048w, https:\/\/digidem-bayern.de\/wp-content\/uploads\/2024\/12\/Ilona-Hoerath_Sarah-Straub-IMG_1133-467x350.jpeg 467w, https:\/\/digidem-bayern.de\/wp-content\/uploads\/2024\/12\/Ilona-Hoerath_Sarah-Straub-IMG_1133-1320x990.jpeg 1320w, https:\/\/digidem-bayern.de\/wp-content\/uploads\/2024\/12\/Ilona-Hoerath_Sarah-Straub-IMG_1133.jpeg 1600w\" sizes=\"auto, (max-width: 1030px) 100vw, 1030px\" \/><figcaption class=\"wp-element-caption\">Dr. Sarah Straub (re.) und Ilona H\u00f6rath, Pressereferentin von digiDEM Bayern. <\/figcaption><\/figure>\n<\/div>\n\n\n<p><strong><em>Wenn Sie am Universit\u00e4tsklinikum Ulm Menschen mit Demenz behandeln: Was ist Ihnen dabei wichtig?<\/em><\/strong><\/p>\n\n\n\n<p>Aus medizinischer Sicht halte ich im Umgang mit Menschen mit Demenz nicht-medikament\u00f6se Therapien f\u00fcr sehr sinnvoll. Wir m\u00fcssen unser Gehirn trainieren wie ein Sportler seine Muskeln. Ergotherapie, Kunsttherapie oder Musiktherapie sind hilfreiche Methoden, um vorhandene Ressourcen zu st\u00e4rken und den geistigen Abbauprozess zu verlangsamen. Wichtig ist, dabei auch den ganzen Menschen zu betrachten. Wer war und wer ist dieser Mensch, wo sind seine Neigungen? Womit kann man ihm erm\u00f6glichen, auch an sein Selbst anzukn\u00fcpfen?&nbsp;<\/p>\n\n\n\n<p><strong><em>K\u00f6nnen Sie daf\u00fcr ein Beispiel nennen?<\/em><\/strong><\/p>\n\n\n\n<p>Bei meiner Oma war es zum Beispiel das Gebet. Oma hatte durch ihre demenzielle Erkrankung kaum noch bewusste Erinnerungen und schwere Sprachst\u00f6rungen, aber sie konnte immer noch fehlerfrei beten und ich sp\u00fcrte dann jedes Mal, dass sie da auch wieder einen Bezug zu ihrer eigenen Biografie bekam. Das sind Wohlf\u00fchlmomente, die kann man nicht hoch genug halten. Das Essen kann ein Genuss sein, der angenehme Erinnerungen \u201etriggert\u201c, oder die Musik. Diese Ressourcen bei meinen Patientinnen und Patienten zu finden, das ist das A und O, um Menschen mit Demenz auf Augenh\u00f6he zu begegnen. F\u00fcr sie wird die Welt so klein, aber wir k\u00f6nnen gro\u00dfartige Wohlf\u00fchlmomente schaffen und diese Momente gemeinsam genie\u00dfen.<\/p>\n\n\n\n<p><strong><em>Sie sprechen von Biographiearbeit in der Therapie, von Triggern und Momenten, in denen sich die Patientinnen und Patienten wieder sp\u00fcren.&nbsp;Was ber\u00fchrt Sie pers\u00f6nlich am meisten?<\/em><\/strong><\/p>\n\n\n\n<p>Ich sehe in Pflegeheimen h\u00e4ufig, dass die Bewohnerinnen und Bewohner kaum besucht werden. Es ist ein Irrglaube zu denken, der Opa bekommt doch eh nichts mehr mit. Ein Gef\u00fchl von Vertrautheit ist trotzdem da. F\u00fcr meinen erkrankten Schwiegervater war sein geliebter Rasenm\u00e4her ein Trigger. Zu einem Zeitpunkt, als er schon schwer an Demenz erkrankt war und wir das Gef\u00fchl hatten, dass er nichts mehr richtig wahrnehmen kann, nahm er pl\u00f6tzlich seinen Rasenm\u00e4her, lief mit diesem zielgerichtet und komplett orientiert \u00fcber zwei Kilometer zur n\u00e4chsten Tankstelle, fand die richtige Zapfs\u00e4ule und betankte ihn. Ich pers\u00f6nlich habe diese Situation gefeiert! Ich war so gl\u00fccklich zu sehen, welche Ressourcen mein Schwiegervater noch hatte, wir hatten ihn zuvor wirklich untersch\u00e4tzt. Nun wussten wir, was ihn aktivieren kann und ihm erm\u00f6glicht, sich an sich selbst zu erinnern. Von diesem Zeitpunkt an haben wir ihn wieder seinen Rasen m\u00e4hen lassen (nat\u00fcrlich mit Hilfe und unter Aufsicht). Gef\u00fchle werden nicht dement, das Herz wird nicht dement. Auch ein Mensch ohne bewusste Erinnerung an sein Leben kann Positives erleben.<\/p>\n\n\n\n<p><strong><em>Sie schreiben eigene Texte, seit sie 12 Jahre alt waren. Wie wichtig ist es Ihnen, heute Ihre Erfahrungen mit Menschen mit Demenz k\u00fcnstlerisch in der Musik zu verarbeiten?<\/em><\/strong><\/p>\n\n\n\n<p>Das ist mir inzwischen superwichtig. Ich mute meinem Publikum demenzspezifische Themen zu und sie sind dankbar. Mein Publikum besteht ja nicht per se aus pflegenden Angeh\u00f6rigen, aber doch sind immer Menschen auf meinen Konzerten, welche in ihrem nahen Umfeld betroffen sind. Ich versuche, mit einer Leichtigkeit dr\u00fcber zu sprechen, und ich erlebe, dass Menschen beim Thema Demenz positiv und emotional reagieren. Ich m\u00f6chte F\u00fcrsprecherin sein, Wissen \u00fcber Demenz vermitteln und&nbsp;Mut machen, offen damit umzugehen.<\/p>\n\n\n\n<p><strong><em>Woher nehmen Sie die Inspiration f\u00fcr Ihre Liedtexte wie zum Beispiel f\u00fcr \u201eSchwalben\u201c und f\u00fcr wen haben Sie dieses Lied geschrieben?<\/em><\/strong><\/p>\n\n\n\n<p>Mich inspiriert alles, was mich emotionalisiert. Auch die Arbeit in der Klinik z\u00e4hlt dazu. Ich habe oft tragische Schicksale vor mir sitzen. Dies braucht ein Ventil bei mir. Das Lied \u201eSchwalben\u201c ist eine Hommage an pflegende Angeh\u00f6rige. Damit m\u00f6chte ich diesen Menschen ein Gesicht geben und Mut machen.<\/p>\n\n\n\n<p><strong>Was bedeutet&nbsp;Gl\u00fcck&nbsp;f\u00fcr Sie?<\/strong><\/p>\n\n\n\n<p>Das Gl\u00fcck liegt f\u00fcr mich in Kleinigkeiten. Wenn mich zum Beispiel ein Patient in der Klinik anl\u00e4chelt. Wenn&nbsp;ich sehe, dass Menschen aus meinen Konzerten gl\u00fccklich nach Hause gehen. Am meisten macht mich meine Familie gl\u00fccklich. Ich habe vier j\u00fcngere Geschwister, die ich \u00fcber alles liebe. Mit ihnen Zeit zu verbringen, ist wahres Gl\u00fcck.&nbsp;<\/p>\n\n\n\n<p><em>Frau Straub, herzlichen Dank f\u00fcr das Gespr\u00e4ch.&nbsp;<\/em><\/p>\n\n\n\n<p><strong>In Musikvideo tr\u00e4gt Dr. Sarah Straub ihr Lied &#8222;Schwalben&#8220; gemeinsam mit ihrem musikalischen Partner, dem Liedermacher, Komponisten und Autor Konstantin Wecker, vor. <\/strong><\/p>\n\n\n\n<p><\/p>\n\n\n\n<figure class=\"wp-block-embed is-type-video is-provider-youtube wp-block-embed-youtube wp-embed-aspect-16-9 wp-has-aspect-ratio\"><div class=\"wp-block-embed__wrapper\">\n<iframe loading=\"lazy\" title=\"Sarah Straub &amp; Konstantin Wecker - Schwalben | Official Music Video\" width=\"1223\" height=\"688\" src=\"https:\/\/www.youtube.com\/embed\/tvVC4jBm_XQ?feature=oembed\" frameborder=\"0\" allow=\"accelerometer; autoplay; clipboard-write; encrypted-media; gyroscope; picture-in-picture; web-share\" referrerpolicy=\"strict-origin-when-cross-origin\" allowfullscreen><\/iframe>\n<\/div><\/figure>\n\n\n\n<div style=\"height:20px\" aria-hidden=\"true\" class=\"wp-block-spacer\"><\/div>\n\n\n\n<div style=\"height:20px\" aria-hidden=\"true\" class=\"wp-block-spacer\"><\/div>\n\n\n\n<p><\/p>","protected":false},"excerpt":{"rendered":"<p>Die meisten Menschen kennen Dr. Sarah Straub (38) von zahlreichen Auftritten als Musikerin&nbsp;in ganz Deutschland. Doch sie ist auch Spezialistin f\u00fcr frontotemporale Demenz und behandelnde Neuropsychologin am Universit\u00e4tsklinikum Ulm. Dort forscht sie \u00fcber Menschen mit Demenz und deren pflegende An- und Zugeh\u00f6rige. Als K\u00fcnstlerin und als Demenzexpertin versteht sich als &hellip;<\/p>","protected":false},"author":12,"featured_media":40214,"comment_status":"open","ping_status":"closed","sticky":false,"template":"","format":"standard","meta":{"qubely_global_settings":"","qubely_interactions":"","_uag_custom_page_level_css":"","footnotes":""},"categories":[8,5],"tags":[13,406,1303,12,112,474,14,17,55,1320,1296,1322,566,1316,1319,1315,72,1317,1304,1309,1318,1202,1321],"class_list":["post-40212","post","type-post","status-publish","format-standard","has-post-thumbnail","hentry","category-aktuelles-zu-digidem","category-wissenschaft-forschung","tag-alzheimer","tag-alzheimer-demenz","tag-chronische-erkrankung","tag-demenz-2","tag-demenzdiagnose","tag-demenzwissen","tag-digidem","tag-digidem-bayern","tag-digitales-demenzregister-bayern","tag-glueck","tag-kognitive-funktion","tag-konstantin-wecker","tag-menschen-mit-demenz","tag-musikerin","tag-mut-machen","tag-neuropsychologin","tag-pflegeheim","tag-psychologie","tag-sarah-straub","tag-schwalben","tag-universitaetsklinikum-ulm","tag-vaskulaere-demenz","tag-wohlfuehlmomente"],"qubely_featured_image_url":{"full":["https:\/\/digidem-bayern.de\/wp-content\/uploads\/2024\/12\/SarahStraub_PeterNeher.jpg",1600,1068,false],"landscape":["https:\/\/digidem-bayern.de\/wp-content\/uploads\/2024\/12\/SarahStraub_PeterNeher-1200x750.jpg",1200,750,true],"portraits":["https:\/\/digidem-bayern.de\/wp-content\/uploads\/2024\/12\/SarahStraub_PeterNeher-540x320.jpg",540,320,true],"thumbnail":["https:\/\/digidem-bayern.de\/wp-content\/uploads\/2024\/12\/SarahStraub_PeterNeher-80x80.jpg",80,80,true],"medium":["https:\/\/digidem-bayern.de\/wp-content\/uploads\/2024\/12\/SarahStraub_PeterNeher-300x200.jpg",300,200,true],"medium_large":["https:\/\/digidem-bayern.de\/wp-content\/uploads\/2024\/12\/SarahStraub_PeterNeher-768x513.jpg",768,513,true],"large":["https:\/\/digidem-bayern.de\/wp-content\/uploads\/2024\/12\/SarahStraub_PeterNeher-1030x687.jpg",1030,687,true],"1536x1536":["https:\/\/digidem-bayern.de\/wp-content\/uploads\/2024\/12\/SarahStraub_PeterNeher-1536x1025.jpg",1536,1025,true],"2048x2048":["https:\/\/digidem-bayern.de\/wp-content\/uploads\/2024\/12\/SarahStraub_PeterNeher-2048x1367.jpg",2048,1367,true],"trp-custom-language-flag":["https:\/\/digidem-bayern.de\/wp-content\/uploads\/2024\/12\/SarahStraub_PeterNeher.jpg",18,12,false],"qubely_landscape":["https:\/\/digidem-bayern.de\/wp-content\/uploads\/2024\/12\/SarahStraub_PeterNeher-1200x750.jpg",1200,750,true],"qubely_portrait":["https:\/\/digidem-bayern.de\/wp-content\/uploads\/2024\/12\/SarahStraub_PeterNeher-540x320.jpg",540,320,true],"qubely_thumbnail":["https:\/\/digidem-bayern.de\/wp-content\/uploads\/2024\/12\/SarahStraub_PeterNeher-140x100.jpg",140,100,true],"post-thumbnail":["https:\/\/digidem-bayern.de\/wp-content\/uploads\/2024\/12\/SarahStraub_PeterNeher-524x350.jpg",524,350,true],"kahuna-featured":["https:\/\/digidem-bayern.de\/wp-content\/uploads\/2024\/12\/SarahStraub_PeterNeher-734x350.jpg",734,350,true],"kahuna-featured-lp":["https:\/\/digidem-bayern.de\/wp-content\/uploads\/2024\/12\/SarahStraub_PeterNeher-520x350.jpg",520,350,true],"kahuna-featured-half":["https:\/\/digidem-bayern.de\/wp-content\/uploads\/2024\/12\/SarahStraub_PeterNeher-800x350.jpg",800,350,true],"kahuna-featured-third":["https:\/\/digidem-bayern.de\/wp-content\/uploads\/2024\/12\/SarahStraub_PeterNeher-512x350.jpg",512,350,true],"kahuna-lpbox-1":["https:\/\/digidem-bayern.de\/wp-content\/uploads\/2024\/12\/SarahStraub_PeterNeher-520x300.jpg",520,300,true],"kahuna-lpbox-2":["https:\/\/digidem-bayern.de\/wp-content\/uploads\/2024\/12\/SarahStraub_PeterNeher-520x350.jpg",520,350,true],"demand-language-flag":["https:\/\/digidem-bayern.de\/wp-content\/uploads\/2024\/12\/SarahStraub_PeterNeher-36x36.jpg",36,36,true],"dddkt-language-flag":["https:\/\/digidem-bayern.de\/wp-content\/uploads\/2024\/12\/SarahStraub_PeterNeher-36x36.jpg",36,36,true],"ddiqc-language-flag":["https:\/\/digidem-bayern.de\/wp-content\/uploads\/2024\/12\/SarahStraub_PeterNeher-36x36.jpg",36,36,true],"ddtl-language-flag":["https:\/\/digidem-bayern.de\/wp-content\/uploads\/2024\/12\/SarahStraub_PeterNeher-36x36.jpg",36,36,true],"mailpoet_newsletter_max":["https:\/\/digidem-bayern.de\/wp-content\/uploads\/2024\/12\/SarahStraub_PeterNeher-1320x881.jpg",1320,881,true],"kahuna-lpbox-3":["https:\/\/digidem-bayern.de\/wp-content\/uploads\/2024\/12\/SarahStraub_PeterNeher-520x350.jpg",520,350,true],"kahuna-featured-square":["https:\/\/digidem-bayern.de\/wp-content\/uploads\/2024\/12\/SarahStraub_PeterNeher-512x512.jpg",512,512,true],"kahuna-featured-square-large":["https:\/\/digidem-bayern.de\/wp-content\/uploads\/2024\/12\/SarahStraub_PeterNeher-1024x1024.jpg",1024,1024,true]},"qubely_author":{"display_name":"Ilona H\u00f6rath","author_link":"https:\/\/digidem-bayern.de\/en\/author\/hoeratia\/"},"qubely_comment":2,"qubely_category":"<a href=\"https:\/\/digidem-bayern.de\/en\/category\/aktuelles-zu-digidem\/\" rel=\"category tag\">Aktuelles zu digiDEM<\/a> <a href=\"https:\/\/digidem-bayern.de\/en\/category\/wissenschaft-forschung\/\" rel=\"category tag\">Wissenschaft &amp; Forschung<\/a>","qubely_excerpt":"Die meisten Menschen kennen Dr. Sarah Straub (38) von zahlreichen Auftritten als Musikerin&nbsp;in ganz Deutschland. Doch sie ist auch Spezialistin f\u00fcr frontotemporale Demenz und behandelnde Neuropsychologin am Universit\u00e4tsklinikum Ulm. Dort forscht sie \u00fcber Menschen mit Demenz und deren pflegende An- und Zugeh\u00f6rige. Als K\u00fcnstlerin und als Demenzexpertin versteht sich als &hellip;","featured_image_urls_v2":{"full":["https:\/\/digidem-bayern.de\/wp-content\/uploads\/2024\/12\/SarahStraub_PeterNeher.jpg",1600,1068,false],"thumbnail":["https:\/\/digidem-bayern.de\/wp-content\/uploads\/2024\/12\/SarahStraub_PeterNeher-80x80.jpg",80,80,true],"medium":["https:\/\/digidem-bayern.de\/wp-content\/uploads\/2024\/12\/SarahStraub_PeterNeher-300x200.jpg",300,200,true],"medium_large":["https:\/\/digidem-bayern.de\/wp-content\/uploads\/2024\/12\/SarahStraub_PeterNeher-768x513.jpg",768,513,true],"large":["https:\/\/digidem-bayern.de\/wp-content\/uploads\/2024\/12\/SarahStraub_PeterNeher-1030x687.jpg",1030,687,true],"1536x1536":["https:\/\/digidem-bayern.de\/wp-content\/uploads\/2024\/12\/SarahStraub_PeterNeher-1536x1025.jpg",1536,1025,true],"2048x2048":["https:\/\/digidem-bayern.de\/wp-content\/uploads\/2024\/12\/SarahStraub_PeterNeher-2048x1367.jpg",2048,1367,true],"trp-custom-language-flag":["https:\/\/digidem-bayern.de\/wp-content\/uploads\/2024\/12\/SarahStraub_PeterNeher.jpg",18,12,false],"qubely_landscape":["https:\/\/digidem-bayern.de\/wp-content\/uploads\/2024\/12\/SarahStraub_PeterNeher-1200x750.jpg",1200,750,true],"qubely_portrait":["https:\/\/digidem-bayern.de\/wp-content\/uploads\/2024\/12\/SarahStraub_PeterNeher-540x320.jpg",540,320,true],"qubely_thumbnail":["https:\/\/digidem-bayern.de\/wp-content\/uploads\/2024\/12\/SarahStraub_PeterNeher-140x100.jpg",140,100,true],"post-thumbnail":["https:\/\/digidem-bayern.de\/wp-content\/uploads\/2024\/12\/SarahStraub_PeterNeher-524x350.jpg",524,350,true],"kahuna-featured":["https:\/\/digidem-bayern.de\/wp-content\/uploads\/2024\/12\/SarahStraub_PeterNeher-734x350.jpg",734,350,true],"kahuna-featured-lp":["https:\/\/digidem-bayern.de\/wp-content\/uploads\/2024\/12\/SarahStraub_PeterNeher-520x350.jpg",520,350,true],"kahuna-featured-half":["https:\/\/digidem-bayern.de\/wp-content\/uploads\/2024\/12\/SarahStraub_PeterNeher-800x350.jpg",800,350,true],"kahuna-featured-third":["https:\/\/digidem-bayern.de\/wp-content\/uploads\/2024\/12\/SarahStraub_PeterNeher-512x350.jpg",512,350,true],"kahuna-lpbox-1":["https:\/\/digidem-bayern.de\/wp-content\/uploads\/2024\/12\/SarahStraub_PeterNeher-520x300.jpg",520,300,true],"kahuna-lpbox-2":["https:\/\/digidem-bayern.de\/wp-content\/uploads\/2024\/12\/SarahStraub_PeterNeher-520x350.jpg",520,350,true],"demand-language-flag":["https:\/\/digidem-bayern.de\/wp-content\/uploads\/2024\/12\/SarahStraub_PeterNeher-36x36.jpg",36,36,true],"dddkt-language-flag":["https:\/\/digidem-bayern.de\/wp-content\/uploads\/2024\/12\/SarahStraub_PeterNeher-36x36.jpg",36,36,true],"ddiqc-language-flag":["https:\/\/digidem-bayern.de\/wp-content\/uploads\/2024\/12\/SarahStraub_PeterNeher-36x36.jpg",36,36,true],"ddtl-language-flag":["https:\/\/digidem-bayern.de\/wp-content\/uploads\/2024\/12\/SarahStraub_PeterNeher-36x36.jpg",36,36,true],"mailpoet_newsletter_max":["https:\/\/digidem-bayern.de\/wp-content\/uploads\/2024\/12\/SarahStraub_PeterNeher-1320x881.jpg",1320,881,true],"kahuna-lpbox-3":["https:\/\/digidem-bayern.de\/wp-content\/uploads\/2024\/12\/SarahStraub_PeterNeher-520x350.jpg",520,350,true],"kahuna-featured-square":["https:\/\/digidem-bayern.de\/wp-content\/uploads\/2024\/12\/SarahStraub_PeterNeher-512x512.jpg",512,512,true],"kahuna-featured-square-large":["https:\/\/digidem-bayern.de\/wp-content\/uploads\/2024\/12\/SarahStraub_PeterNeher-1024x1024.jpg",1024,1024,true]},"post_excerpt_stackable_v2":"<p>Die meisten Menschen kennen Dr. Sarah Straub (38) von zahlreichen Auftritten als Musikerin&nbsp;in ganz Deutschland. Doch sie ist auch Spezialistin f\u00fcr frontotemporale Demenz und behandelnde Neuropsychologin am Universit\u00e4tsklinikum Ulm. Dort forscht sie \u00fcber Menschen mit Demenz und deren pflegende An- und Zugeh\u00f6rige. Als K\u00fcnstlerin und als Demenzexpertin versteht sich als Mutmacherin. Dr. Sarah Straub kl\u00e4rt \u00fcber die Demenz-Erkrankung auf und w\u00fcnscht sich von unserer Gesellschaft einen sensibleren Umgang mit Menschen mit Demenz. Im Interview mit Ilona H\u00f6rath spricht sie \u00fcber ihre pers\u00f6nlichen Erfahrungen mit Demenz, was ihr das&nbsp;Arbeiten mit Demenz-Patientinnen und -patienten bedeutet und wie sie das Thema Demenz k\u00fcnstlerisch&hellip;<\/p>\n","category_list_v2":"<a href=\"https:\/\/digidem-bayern.de\/en\/category\/aktuelles-zu-digidem\/\" rel=\"category tag\">Aktuelles zu digiDEM<\/a>, <a href=\"https:\/\/digidem-bayern.de\/en\/category\/wissenschaft-forschung\/\" rel=\"category tag\">Wissenschaft &amp; Forschung<\/a>","author_info_v2":{"name":"Ilona H\u00f6rath","url":"https:\/\/digidem-bayern.de\/en\/author\/hoeratia\/"},"comments_num_v2":"0 comments","yoast_head":"<!-- This site is optimized with the Yoast SEO plugin v27.4 - https:\/\/yoast.com\/product\/yoast-seo-wordpress\/ -->\n<title>\u201eDas Herz wird nicht dement\u201c - digiDEM Bayern<\/title>\n<meta name=\"description\" content=\"Der Bayerische Landesapothekerkammer unterst\u00fctzt digiDEM Bayern mit Hilfe des Netzwerks &quot;Demenzfreundliche Apotheken&quot;.\" \/>\n<meta name=\"robots\" content=\"index, follow, max-snippet:-1, max-image-preview:large, max-video-preview:-1\" \/>\n<link rel=\"canonical\" href=\"https:\/\/digidem-bayern.de\/en\/das-herz-wird-nicht-dement\/\" \/>\n<meta property=\"og:locale\" content=\"en_US\" \/>\n<meta property=\"og:type\" content=\"article\" \/>\n<meta property=\"og:title\" content=\"\u201eDas Herz wird nicht dement\u201c - digiDEM Bayern\" \/>\n<meta property=\"og:description\" content=\"Der Bayerische Landesapothekerkammer unterst\u00fctzt digiDEM Bayern mit Hilfe des Netzwerks &quot;Demenzfreundliche Apotheken&quot;.\" \/>\n<meta property=\"og:url\" content=\"https:\/\/digidem-bayern.de\/en\/das-herz-wird-nicht-dement\/\" \/>\n<meta property=\"og:site_name\" content=\"digiDEM Bayern\" \/>\n<meta property=\"article:publisher\" content=\"https:\/\/www.facebook.com\/digiDEMBayern\/\" \/>\n<meta property=\"article:published_time\" content=\"2024-12-10T08:03:41+00:00\" \/>\n<meta property=\"article:modified_time\" content=\"2024-12-10T08:18:42+00:00\" \/>\n<meta property=\"og:image\" content=\"https:\/\/digidem-bayern.de\/wp-content\/uploads\/2024\/12\/SarahStraub_PeterNeher-1030x687.jpg\" \/>\n\t<meta property=\"og:image:width\" content=\"1030\" \/>\n\t<meta property=\"og:image:height\" content=\"687\" \/>\n\t<meta property=\"og:image:type\" content=\"image\/jpeg\" \/>\n<meta name=\"author\" content=\"Ilona H\u00f6rath\" \/>\n<meta name=\"twitter:label1\" content=\"Written by\" \/>\n\t<meta name=\"twitter:data1\" content=\"Ilona H\u00f6rath\" \/>\n\t<meta name=\"twitter:label2\" content=\"Est. reading time\" \/>\n\t<meta name=\"twitter:data2\" content=\"2 minutes\" \/>\n<script type=\"application\/ld+json\" class=\"yoast-schema-graph\">{\"@context\":\"https:\\\/\\\/schema.org\",\"@graph\":[{\"@type\":\"Article\",\"@id\":\"https:\\\/\\\/digidem-bayern.de\\\/das-herz-wird-nicht-dement\\\/#article\",\"isPartOf\":{\"@id\":\"https:\\\/\\\/digidem-bayern.de\\\/das-herz-wird-nicht-dement\\\/\"},\"author\":{\"name\":\"Ilona H\u00f6rath\",\"@id\":\"\\\/#\\\/schema\\\/person\\\/0bc1494f46fc2a051c761322a80e0941\"},\"headline\":\"\u201eDas Herz wird nicht dement\u201c\",\"datePublished\":\"2024-12-10T08:03:41+00:00\",\"dateModified\":\"2024-12-10T08:18:42+00:00\",\"mainEntityOfPage\":{\"@id\":\"https:\\\/\\\/digidem-bayern.de\\\/das-herz-wird-nicht-dement\\\/\"},\"wordCount\":1638,\"commentCount\":0,\"publisher\":{\"@id\":\"\\\/#organization\"},\"image\":{\"@id\":\"https:\\\/\\\/digidem-bayern.de\\\/das-herz-wird-nicht-dement\\\/#primaryimage\"},\"thumbnailUrl\":\"https:\\\/\\\/digidem-bayern.de\\\/wp-content\\\/uploads\\\/2024\\\/12\\\/SarahStraub_PeterNeher.jpg\",\"keywords\":[\"Alzheimer\",\"Alzheimer-Demenz\",\"chronische Erkrankung\",\"Demenz\",\"Demenzdiagnose\",\"Demenzwissen\",\"digidem\",\"digidem Bayern\",\"Digitales Demenzregister Bayern\",\"Gl\u00fcck\",\"kognitive Funktion\",\"Konstantin Wecker\",\"Menschen mit Demenz\",\"Musikerin\",\"Mut machen\",\"Neuropsychologin\",\"Pflegeheim\",\"Psychologie\",\"Sarah Straub\",\"Schwalben\",\"Universit\u00e4tsklinikum Ulm\",\"vaskul\u00e4re Demenz\",\"Wohlf\u00fchlmomente\"],\"articleSection\":[\"Aktuelles zu digiDEM\",\"Wissenschaft &amp; Forschung\"],\"inLanguage\":\"en-US\",\"potentialAction\":[{\"@type\":\"CommentAction\",\"name\":\"Comment\",\"target\":[\"https:\\\/\\\/digidem-bayern.de\\\/das-herz-wird-nicht-dement\\\/#respond\"]}]},{\"@type\":\"WebPage\",\"@id\":\"https:\\\/\\\/digidem-bayern.de\\\/das-herz-wird-nicht-dement\\\/\",\"url\":\"https:\\\/\\\/digidem-bayern.de\\\/das-herz-wird-nicht-dement\\\/\",\"name\":\"\u201eDas Herz wird nicht dement\u201c - digiDEM Bayern\",\"isPartOf\":{\"@id\":\"\\\/#website\"},\"primaryImageOfPage\":{\"@id\":\"https:\\\/\\\/digidem-bayern.de\\\/das-herz-wird-nicht-dement\\\/#primaryimage\"},\"image\":{\"@id\":\"https:\\\/\\\/digidem-bayern.de\\\/das-herz-wird-nicht-dement\\\/#primaryimage\"},\"thumbnailUrl\":\"https:\\\/\\\/digidem-bayern.de\\\/wp-content\\\/uploads\\\/2024\\\/12\\\/SarahStraub_PeterNeher.jpg\",\"datePublished\":\"2024-12-10T08:03:41+00:00\",\"dateModified\":\"2024-12-10T08:18:42+00:00\",\"description\":\"Der Bayerische Landesapothekerkammer unterst\u00fctzt digiDEM Bayern mit Hilfe des Netzwerks \\\"Demenzfreundliche Apotheken\\\".\",\"breadcrumb\":{\"@id\":\"https:\\\/\\\/digidem-bayern.de\\\/das-herz-wird-nicht-dement\\\/#breadcrumb\"},\"inLanguage\":\"en-US\",\"potentialAction\":[{\"@type\":\"ReadAction\",\"target\":[\"https:\\\/\\\/digidem-bayern.de\\\/das-herz-wird-nicht-dement\\\/\"]}]},{\"@type\":\"ImageObject\",\"inLanguage\":\"en-US\",\"@id\":\"https:\\\/\\\/digidem-bayern.de\\\/das-herz-wird-nicht-dement\\\/#primaryimage\",\"url\":\"https:\\\/\\\/digidem-bayern.de\\\/wp-content\\\/uploads\\\/2024\\\/12\\\/SarahStraub_PeterNeher.jpg\",\"contentUrl\":\"https:\\\/\\\/digidem-bayern.de\\\/wp-content\\\/uploads\\\/2024\\\/12\\\/SarahStraub_PeterNeher.jpg\",\"width\":1600,\"height\":1068,\"caption\":\"Dr. Sarah Straub ist Neuropsychologin und Musikerin. Von unserer Gesellschaft w\u00fcnscht sie sich einen sensibleren Umgang mit Menschen mit Demenz. Foto: Peter Neher\"},{\"@type\":\"BreadcrumbList\",\"@id\":\"https:\\\/\\\/digidem-bayern.de\\\/das-herz-wird-nicht-dement\\\/#breadcrumb\",\"itemListElement\":[{\"@type\":\"ListItem\",\"position\":1,\"name\":\"Startseite\",\"item\":\"https:\\\/\\\/digidem-bayern.de\\\/\"},{\"@type\":\"ListItem\",\"position\":2,\"name\":\"\u201eDas Herz wird nicht dement\u201c\"}]},{\"@type\":\"WebSite\",\"@id\":\"\\\/#website\",\"url\":\"\\\/\",\"name\":\"digiDEM Bayern\",\"description\":\"Das digitale Demenzregister Bayern erforscht und verbessert die Angebotsstuktur f\u00fcr Menschen mit Demenz und deren Angeh\u00f6rige\",\"publisher\":{\"@id\":\"\\\/#organization\"},\"potentialAction\":[{\"@type\":\"SearchAction\",\"target\":{\"@type\":\"EntryPoint\",\"urlTemplate\":\"\\\/?s={search_term_string}\"},\"query-input\":{\"@type\":\"PropertyValueSpecification\",\"valueRequired\":true,\"valueName\":\"search_term_string\"}}],\"inLanguage\":\"en-US\"},{\"@type\":\"Organization\",\"@id\":\"\\\/#organization\",\"name\":\"digiDEM Bayern\",\"url\":\"\\\/\",\"logo\":{\"@type\":\"ImageObject\",\"inLanguage\":\"en-US\",\"@id\":\"\\\/#\\\/schema\\\/logo\\\/image\\\/\",\"url\":\"https:\\\/\\\/digidem-bayern.de\\\/wp-content\\\/uploads\\\/2022\\\/03\\\/cropped-Allgemeines_digiDEMLOGO-removebg-preview.png\",\"contentUrl\":\"https:\\\/\\\/digidem-bayern.de\\\/wp-content\\\/uploads\\\/2022\\\/03\\\/cropped-Allgemeines_digiDEMLOGO-removebg-preview.png\",\"width\":612,\"height\":357,\"caption\":\"digiDEM Bayern\"},\"image\":{\"@id\":\"\\\/#\\\/schema\\\/logo\\\/image\\\/\"},\"sameAs\":[\"https:\\\/\\\/www.facebook.com\\\/digiDEMBayern\\\/\",\"https:\\\/\\\/x.com\\\/digidem_bayern\",\"https:\\\/\\\/www.instagram.com\\\/digidem.bayern\",\"https:\\\/\\\/www.linkedin.com\\\/company\\\/digidem-bayern\\\/\"]},{\"@type\":\"Person\",\"@id\":\"\\\/#\\\/schema\\\/person\\\/0bc1494f46fc2a051c761322a80e0941\",\"name\":\"Ilona H\u00f6rath\",\"url\":\"https:\\\/\\\/digidem-bayern.de\\\/en\\\/author\\\/hoeratia\\\/\"}]}<\/script>\n<!-- \/ Yoast SEO plugin. -->","yoast_head_json":{"title":"\u201eDas Herz wird nicht dement\u201c - digiDEM Bayern","description":"Der Bayerische Landesapothekerkammer unterst\u00fctzt digiDEM Bayern mit Hilfe des Netzwerks \"Demenzfreundliche Apotheken\".","robots":{"index":"index","follow":"follow","max-snippet":"max-snippet:-1","max-image-preview":"max-image-preview:large","max-video-preview":"max-video-preview:-1"},"canonical":"https:\/\/digidem-bayern.de\/en\/das-herz-wird-nicht-dement\/","og_locale":"en_US","og_type":"article","og_title":"\u201eDas Herz wird nicht dement\u201c - digiDEM Bayern","og_description":"Der Bayerische Landesapothekerkammer unterst\u00fctzt digiDEM Bayern mit Hilfe des Netzwerks \"Demenzfreundliche Apotheken\".","og_url":"https:\/\/digidem-bayern.de\/en\/das-herz-wird-nicht-dement\/","og_site_name":"digiDEM Bayern","article_publisher":"https:\/\/www.facebook.com\/digiDEMBayern\/","article_published_time":"2024-12-10T08:03:41+00:00","article_modified_time":"2024-12-10T08:18:42+00:00","og_image":[{"width":1030,"height":687,"url":"https:\/\/digidem-bayern.de\/wp-content\/uploads\/2024\/12\/SarahStraub_PeterNeher-1030x687.jpg","type":"image\/jpeg"}],"author":"Ilona H\u00f6rath","twitter_misc":{"Written by":"Ilona H\u00f6rath","Est. reading time":"2 minutes"},"schema":{"@context":"https:\/\/schema.org","@graph":[{"@type":"Article","@id":"https:\/\/digidem-bayern.de\/das-herz-wird-nicht-dement\/#article","isPartOf":{"@id":"https:\/\/digidem-bayern.de\/das-herz-wird-nicht-dement\/"},"author":{"name":"Ilona H\u00f6rath","@id":"\/#\/schema\/person\/0bc1494f46fc2a051c761322a80e0941"},"headline":"\u201eDas Herz wird nicht dement\u201c","datePublished":"2024-12-10T08:03:41+00:00","dateModified":"2024-12-10T08:18:42+00:00","mainEntityOfPage":{"@id":"https:\/\/digidem-bayern.de\/das-herz-wird-nicht-dement\/"},"wordCount":1638,"commentCount":0,"publisher":{"@id":"\/#organization"},"image":{"@id":"https:\/\/digidem-bayern.de\/das-herz-wird-nicht-dement\/#primaryimage"},"thumbnailUrl":"https:\/\/digidem-bayern.de\/wp-content\/uploads\/2024\/12\/SarahStraub_PeterNeher.jpg","keywords":["Alzheimer","Alzheimer-Demenz","chronische Erkrankung","Demenz","Demenzdiagnose","Demenzwissen","digidem","digidem Bayern","Digitales Demenzregister Bayern","Gl\u00fcck","kognitive Funktion","Konstantin Wecker","Menschen mit Demenz","Musikerin","Mut machen","Neuropsychologin","Pflegeheim","Psychologie","Sarah Straub","Schwalben","Universit\u00e4tsklinikum Ulm","vaskul\u00e4re Demenz","Wohlf\u00fchlmomente"],"articleSection":["Aktuelles zu digiDEM","Wissenschaft &amp; Forschung"],"inLanguage":"en-US","potentialAction":[{"@type":"CommentAction","name":"Comment","target":["https:\/\/digidem-bayern.de\/das-herz-wird-nicht-dement\/#respond"]}]},{"@type":"WebPage","@id":"https:\/\/digidem-bayern.de\/das-herz-wird-nicht-dement\/","url":"https:\/\/digidem-bayern.de\/das-herz-wird-nicht-dement\/","name":"\u201eDas Herz wird nicht dement\u201c - digiDEM Bayern","isPartOf":{"@id":"\/#website"},"primaryImageOfPage":{"@id":"https:\/\/digidem-bayern.de\/das-herz-wird-nicht-dement\/#primaryimage"},"image":{"@id":"https:\/\/digidem-bayern.de\/das-herz-wird-nicht-dement\/#primaryimage"},"thumbnailUrl":"https:\/\/digidem-bayern.de\/wp-content\/uploads\/2024\/12\/SarahStraub_PeterNeher.jpg","datePublished":"2024-12-10T08:03:41+00:00","dateModified":"2024-12-10T08:18:42+00:00","description":"Der Bayerische Landesapothekerkammer unterst\u00fctzt digiDEM Bayern mit Hilfe des Netzwerks \"Demenzfreundliche Apotheken\".","breadcrumb":{"@id":"https:\/\/digidem-bayern.de\/das-herz-wird-nicht-dement\/#breadcrumb"},"inLanguage":"en-US","potentialAction":[{"@type":"ReadAction","target":["https:\/\/digidem-bayern.de\/das-herz-wird-nicht-dement\/"]}]},{"@type":"ImageObject","inLanguage":"en-US","@id":"https:\/\/digidem-bayern.de\/das-herz-wird-nicht-dement\/#primaryimage","url":"https:\/\/digidem-bayern.de\/wp-content\/uploads\/2024\/12\/SarahStraub_PeterNeher.jpg","contentUrl":"https:\/\/digidem-bayern.de\/wp-content\/uploads\/2024\/12\/SarahStraub_PeterNeher.jpg","width":1600,"height":1068,"caption":"Dr. Sarah Straub ist Neuropsychologin und Musikerin. Von unserer Gesellschaft w\u00fcnscht sie sich einen sensibleren Umgang mit Menschen mit Demenz. Foto: Peter Neher"},{"@type":"BreadcrumbList","@id":"https:\/\/digidem-bayern.de\/das-herz-wird-nicht-dement\/#breadcrumb","itemListElement":[{"@type":"ListItem","position":1,"name":"Startseite","item":"https:\/\/digidem-bayern.de\/"},{"@type":"ListItem","position":2,"name":"\u201eDas Herz wird nicht dement\u201c"}]},{"@type":"WebSite","@id":"\/#website","url":"\/","name":"digiDEM Bavaria","description":"The digital dementia register in Bavaria researches and improves the structure of services for people with dementia and their relatives","publisher":{"@id":"\/#organization"},"potentialAction":[{"@type":"SearchAction","target":{"@type":"EntryPoint","urlTemplate":"\/?s={search_term_string}"},"query-input":{"@type":"PropertyValueSpecification","valueRequired":true,"valueName":"search_term_string"}}],"inLanguage":"en-US"},{"@type":"Organization","@id":"\/#organization","name":"digiDEM Bavaria","url":"\/","logo":{"@type":"ImageObject","inLanguage":"en-US","@id":"\/#\/schema\/logo\/image\/","url":"https:\/\/digidem-bayern.de\/wp-content\/uploads\/2022\/03\/cropped-Allgemeines_digiDEMLOGO-removebg-preview.png","contentUrl":"https:\/\/digidem-bayern.de\/wp-content\/uploads\/2022\/03\/cropped-Allgemeines_digiDEMLOGO-removebg-preview.png","width":612,"height":357,"caption":"digiDEM Bayern"},"image":{"@id":"\/#\/schema\/logo\/image\/"},"sameAs":["https:\/\/www.facebook.com\/digiDEMBayern\/","https:\/\/x.com\/digidem_bayern","https:\/\/www.instagram.com\/digidem.bayern","https:\/\/www.linkedin.com\/company\/digidem-bayern\/"]},{"@type":"Person","@id":"\/#\/schema\/person\/0bc1494f46fc2a051c761322a80e0941","name":"Ilona H\u00f6rath","url":"https:\/\/digidem-bayern.de\/en\/author\/hoeratia\/"}]}},"uagb_featured_image_src":{"full":["https:\/\/digidem-bayern.de\/wp-content\/uploads\/2024\/12\/SarahStraub_PeterNeher.jpg",1600,1068,false],"thumbnail":["https:\/\/digidem-bayern.de\/wp-content\/uploads\/2024\/12\/SarahStraub_PeterNeher-80x80.jpg",80,80,true],"medium":["https:\/\/digidem-bayern.de\/wp-content\/uploads\/2024\/12\/SarahStraub_PeterNeher-300x200.jpg",300,200,true],"medium_large":["https:\/\/digidem-bayern.de\/wp-content\/uploads\/2024\/12\/SarahStraub_PeterNeher-768x513.jpg",768,513,true],"large":["https:\/\/digidem-bayern.de\/wp-content\/uploads\/2024\/12\/SarahStraub_PeterNeher-1030x687.jpg",1030,687,true],"1536x1536":["https:\/\/digidem-bayern.de\/wp-content\/uploads\/2024\/12\/SarahStraub_PeterNeher-1536x1025.jpg",1536,1025,true],"2048x2048":["https:\/\/digidem-bayern.de\/wp-content\/uploads\/2024\/12\/SarahStraub_PeterNeher-2048x1367.jpg",2048,1367,true],"trp-custom-language-flag":["https:\/\/digidem-bayern.de\/wp-content\/uploads\/2024\/12\/SarahStraub_PeterNeher.jpg",18,12,false],"qubely_landscape":["https:\/\/digidem-bayern.de\/wp-content\/uploads\/2024\/12\/SarahStraub_PeterNeher-1200x750.jpg",1200,750,true],"qubely_portrait":["https:\/\/digidem-bayern.de\/wp-content\/uploads\/2024\/12\/SarahStraub_PeterNeher-540x320.jpg",540,320,true],"qubely_thumbnail":["https:\/\/digidem-bayern.de\/wp-content\/uploads\/2024\/12\/SarahStraub_PeterNeher-140x100.jpg",140,100,true],"post-thumbnail":["https:\/\/digidem-bayern.de\/wp-content\/uploads\/2024\/12\/SarahStraub_PeterNeher-524x350.jpg",524,350,true],"kahuna-featured":["https:\/\/digidem-bayern.de\/wp-content\/uploads\/2024\/12\/SarahStraub_PeterNeher-734x350.jpg",734,350,true],"kahuna-featured-lp":["https:\/\/digidem-bayern.de\/wp-content\/uploads\/2024\/12\/SarahStraub_PeterNeher-520x350.jpg",520,350,true],"kahuna-featured-half":["https:\/\/digidem-bayern.de\/wp-content\/uploads\/2024\/12\/SarahStraub_PeterNeher-800x350.jpg",800,350,true],"kahuna-featured-third":["https:\/\/digidem-bayern.de\/wp-content\/uploads\/2024\/12\/SarahStraub_PeterNeher-512x350.jpg",512,350,true],"kahuna-lpbox-1":["https:\/\/digidem-bayern.de\/wp-content\/uploads\/2024\/12\/SarahStraub_PeterNeher-520x300.jpg",520,300,true],"kahuna-lpbox-2":["https:\/\/digidem-bayern.de\/wp-content\/uploads\/2024\/12\/SarahStraub_PeterNeher-520x350.jpg",520,350,true],"demand-language-flag":["https:\/\/digidem-bayern.de\/wp-content\/uploads\/2024\/12\/SarahStraub_PeterNeher-36x36.jpg",36,36,true],"dddkt-language-flag":["https:\/\/digidem-bayern.de\/wp-content\/uploads\/2024\/12\/SarahStraub_PeterNeher-36x36.jpg",36,36,true],"ddiqc-language-flag":["https:\/\/digidem-bayern.de\/wp-content\/uploads\/2024\/12\/SarahStraub_PeterNeher-36x36.jpg",36,36,true],"ddtl-language-flag":["https:\/\/digidem-bayern.de\/wp-content\/uploads\/2024\/12\/SarahStraub_PeterNeher-36x36.jpg",36,36,true],"mailpoet_newsletter_max":["https:\/\/digidem-bayern.de\/wp-content\/uploads\/2024\/12\/SarahStraub_PeterNeher-1320x881.jpg",1320,881,true],"kahuna-lpbox-3":["https:\/\/digidem-bayern.de\/wp-content\/uploads\/2024\/12\/SarahStraub_PeterNeher-520x350.jpg",520,350,true],"kahuna-featured-square":["https:\/\/digidem-bayern.de\/wp-content\/uploads\/2024\/12\/SarahStraub_PeterNeher-512x512.jpg",512,512,true],"kahuna-featured-square-large":["https:\/\/digidem-bayern.de\/wp-content\/uploads\/2024\/12\/SarahStraub_PeterNeher-1024x1024.jpg",1024,1024,true]},"uagb_author_info":{"display_name":"Ilona H\u00f6rath","author_link":"https:\/\/digidem-bayern.de\/en\/author\/hoeratia\/"},"uagb_comment_info":2,"uagb_excerpt":"Die meisten Menschen kennen Dr. Sarah Straub (38) von zahlreichen Auftritten als Musikerin&nbsp;in ganz Deutschland. Doch sie ist auch Spezialistin f\u00fcr frontotemporale Demenz und behandelnde Neuropsychologin am Universit\u00e4tsklinikum Ulm. Dort forscht sie \u00fcber Menschen mit Demenz und deren pflegende An- und Zugeh\u00f6rige. Als K\u00fcnstlerin und als Demenzexpertin versteht sich als &hellip;","_links":{"self":[{"href":"https:\/\/digidem-bayern.de\/en\/wp-json\/wp\/v2\/posts\/40212","targetHints":{"allow":["GET"]}}],"collection":[{"href":"https:\/\/digidem-bayern.de\/en\/wp-json\/wp\/v2\/posts"}],"about":[{"href":"https:\/\/digidem-bayern.de\/en\/wp-json\/wp\/v2\/types\/post"}],"author":[{"embeddable":true,"href":"https:\/\/digidem-bayern.de\/en\/wp-json\/wp\/v2\/users\/12"}],"replies":[{"embeddable":true,"href":"https:\/\/digidem-bayern.de\/en\/wp-json\/wp\/v2\/comments?post=40212"}],"version-history":[{"count":9,"href":"https:\/\/digidem-bayern.de\/en\/wp-json\/wp\/v2\/posts\/40212\/revisions"}],"predecessor-version":[{"id":40254,"href":"https:\/\/digidem-bayern.de\/en\/wp-json\/wp\/v2\/posts\/40212\/revisions\/40254"}],"wp:featuredmedia":[{"embeddable":true,"href":"https:\/\/digidem-bayern.de\/en\/wp-json\/wp\/v2\/media\/40214"}],"wp:attachment":[{"href":"https:\/\/digidem-bayern.de\/en\/wp-json\/wp\/v2\/media?parent=40212"}],"wp:term":[{"taxonomy":"category","embeddable":true,"href":"https:\/\/digidem-bayern.de\/en\/wp-json\/wp\/v2\/categories?post=40212"},{"taxonomy":"post_tag","embeddable":true,"href":"https:\/\/digidem-bayern.de\/en\/wp-json\/wp\/v2\/tags?post=40212"}],"curies":[{"name":"wp","href":"https:\/\/api.w.org\/{rel}","templated":true}]}}