{"id":40156,"date":"2024-12-03T08:47:00","date_gmt":"2024-12-03T07:47:00","guid":{"rendered":"https:\/\/digidem-bayern.de\/?p=40156"},"modified":"2025-01-14T09:13:07","modified_gmt":"2025-01-14T08:13:07","slug":"frontotemporale-demenz-eine-erkrankung-mit-vielen-facetten","status":"publish","type":"post","link":"https:\/\/digidem-bayern.de\/en\/frontotemporale-demenz-eine-erkrankung-mit-vielen-facetten\/","title":{"rendered":"Frontotemporale Demenz \u2013 eine Erkrankung mit vielen Facetten"},"content":{"rendered":"<p>Demenz ist ein komplexes Krankheitsbild mit vielf\u00e4ltigen Ursachen, von denen die Alzheimer-Erkrankung nur eine Erscheinungsform darstellt. Die frontotemporale Demenz ist die zweith\u00e4ufigste Demenzform vor dem 65. Lebensjahr. Typische erste Symptome sind Verhaltensauff\u00e4lligkeiten und\/oder Sprachst\u00f6rungen, die meist schon im mittleren Lebensalter auftreten. Dies stellt das famili\u00e4re Umfeld von Menschen mit frontotemporaler Demenz vor besondere Herausforderungen. Denn die Betroffenen sind in diesem Lebensabschnitt oftmals noch berufst\u00e4tig, umsorgen eigene Kinder und sind k\u00f6rperlich fit. Klassische Demenz-Versorgungsstrukturen entsprechen diesen Bed\u00fcrfnissen der Betroffenen h\u00e4ufig nicht.&nbsp;<\/p>\n\n\n\n<p>Dr. biol. hum. Sarah Straub ist als Neuropsychologin in der Ged\u00e4chtnisambulanz des Universit\u00e4tsklinikums Ulm t\u00e4tig. Dort leitet Sie zudem eine Spezialsprechstunde f\u00fcr frontotemporale Demenz. Als Demenzexpertin, Autorin und Musikerin kl\u00e4rt sie in ganz Deutschland \u00fcber Demenzerkrankungen auf und setzt sich daf\u00fcr ein, Vorurteile gegen\u00fcber Menschen mit Demenz abzubauen und die gesellschaftliche Teilhabe sowie die Lebensqualit\u00e4t von Menschen mit Demenz zu st\u00e4rken. Im kommenden Webinar wird Dr. biol. hum. Sarah Straub die verschiedenen Facetten der frontotemporalen Demenz beschreiben und zudem pers\u00f6nliche Erfahrungen teilen. Auch der musikalische Aspekt wird nicht zu kurz kommen \u2013 lassen Sie sich \u00fcberraschen!<\/p>\n\n\n\n<p><\/p>\n\n\n\n<p><\/p>\n\n\n\n<p><\/p>\n\n\n\n<h2 class=\"wp-block-heading has-text-align-center\" id=\"2---mittwoch-03062020-1100-1130-uhr--\"><strong><strong>Dienstag, 17.12.2024, 11:00 &#8211; 11:45 Uhr<\/strong><\/strong><\/h2>\n\n\n\n<div class=\"wp-block-qubely-button qubely-block-06876a\"><div class=\"qubely-block-btn-wrapper\"><div class=\"qubely-block-btn\"><a class=\"qubely-block-btn-anchor is-large\" href=\"https:\/\/attendee.gotowebinar.com\/register\/6037647489599225175\">\u00a0Melden Sie sich hier an<\/a><\/div><\/div><\/div>\n\n\n\n<div class=\"wp-block-stackable-columns stk-block-columns stk-block stk-1abb464\" data-block-id=\"1abb464\"><div class=\"stk-row stk-inner-blocks stk-block-content stk-content-align stk-1abb464-column\">\n<div class=\"wp-block-stackable-column stk-block-column stk-column stk-block stk-38a7c84\" data-v=\"4\" data-block-id=\"38a7c84\"><div class=\"stk-column-wrapper stk-block-column__content stk-container stk-38a7c84-container stk--no-background stk--no-padding\"><div class=\"stk-block-content stk-inner-blocks stk-38a7c84-inner-blocks\">\n<div class=\"wp-block-uagb-team uagb-team__image-position-above uagb-team__align-center uagb-team__stack-tablet uagb-block-3cf16ce1\"><div class=\"uagb-team__content\"><img decoding=\"async\" class=\"uagb-team__image-crop-circle\" src=\"https:\/\/digidem-bayern.de\/wp-content\/uploads\/2022\/11\/FWE_NEU_Quadrat.jpg\" alt=\"Florian Weidinger\" height=\"120\" width=\"120\" loading=\"lazy\"\/><h3 class=\"uagb-team__title\">Florian Weidinger<\/h3><span class=\"uagb-team__prefix\">Wissenschaftlicher Mitarbeiter M.Sc.<\/span><p class=\"uagb-team__desc\">Moderation<\/p><\/div><\/div>\n<\/div><\/div><\/div>\n\n\n\n<div class=\"wp-block-stackable-column stk-block-column stk-column stk-block stk-3aae72b\" data-v=\"4\" data-block-id=\"3aae72b\"><div class=\"stk-column-wrapper stk-block-column__content stk-container stk-3aae72b-container stk--no-background stk--no-padding\"><div class=\"stk-block-content stk-inner-blocks stk-3aae72b-inner-blocks\">\n<div class=\"wp-block-uagb-team uagb-team__image-position-above uagb-team__align-center uagb-team__stack-tablet uagb-block-23a79212\"><div class=\"uagb-team__content\"><img decoding=\"async\" class=\"uagb-team__image-crop-circle\" src=\"https:\/\/digidem-bayern.de\/wp-content\/uploads\/2022\/11\/JRUe_NEU_Quadrat.jpg\" alt=\"\" height=\"120\" width=\"120\" loading=\"lazy\"\/><h3 class=\"uagb-team__title\">Jana R\u00fchl<\/h3><span class=\"uagb-team__prefix\">Wissenschaftliche Mitarbeiterin M.Sc.<\/span><p class=\"uagb-team__desc\">Chatroom und Betreuung<\/p><\/div><\/div>\n<\/div><\/div><\/div>\n<\/div><\/div>\n\n\n\n<p><\/p>","protected":false},"excerpt":{"rendered":"<p>Demenz ist ein komplexes Krankheitsbild mit vielf\u00e4ltigen Ursachen, von denen die Alzheimer-Erkrankung nur eine Erscheinungsform darstellt. Die frontotemporale Demenz ist die zweith\u00e4ufigste Demenzform vor dem 65. Lebensjahr. Typische erste Symptome sind Verhaltensauff\u00e4lligkeiten und\/oder Sprachst\u00f6rungen, die meist schon im mittleren Lebensalter auftreten. Dies stellt das famili\u00e4re Umfeld von Menschen mit frontotemporaler &hellip;<\/p>","protected":false},"author":12,"featured_media":40154,"comment_status":"open","ping_status":"closed","sticky":false,"template":"","format":"standard","meta":{"qubely_global_settings":"true","qubely_interactions":"","_uag_custom_page_level_css":"","footnotes":""},"categories":[350],"tags":[13,406,12,520,165,14,17,55,621,1305,486,1308,1304,1309,1307,645,1306],"class_list":["post-40156","post","type-post","status-publish","format-standard","has-post-thumbnail","hentry","category-kommendes-webinar","tag-alzheimer","tag-alzheimer-demenz","tag-demenz-2","tag-demenzerkrankung","tag-deutsche-alzheimer-gesellschaft","tag-digidem","tag-digidem-bayern","tag-digitales-demenzregister-bayern","tag-frontotemporale-demenz","tag-ftd","tag-lebensqualitaet","tag-neuropschologin","tag-sarah-straub","tag-schwalben","tag-sprachstoerungen","tag-teilhabe","tag-universitaetsklinik-ulm"],"qubely_featured_image_url":{"full":["https:\/\/digidem-bayern.de\/wp-content\/uploads\/2024\/12\/2024-12-03-shutterstock_Webinar-FTD-232605478-e1734450291807.jpg",1000,700,false],"landscape":["https:\/\/digidem-bayern.de\/wp-content\/uploads\/2024\/12\/2024-12-03-shutterstock_Webinar-FTD-232605478-e1734450217104-1000x750.jpg",1000,750,true],"portraits":["https:\/\/digidem-bayern.de\/wp-content\/uploads\/2024\/12\/2024-12-03-shutterstock_Webinar-FTD-232605478-e1734450291807-540x320.jpg",540,320,true],"thumbnail":["https:\/\/digidem-bayern.de\/wp-content\/uploads\/2024\/12\/2024-12-03-shutterstock_Webinar-FTD-232605478-e1734450291807-80x80.jpg",80,80,true],"medium":["https:\/\/digidem-bayern.de\/wp-content\/uploads\/2024\/12\/2024-12-03-shutterstock_Webinar-FTD-232605478-e1734450291807-300x210.jpg",300,210,true],"medium_large":["https:\/\/digidem-bayern.de\/wp-content\/uploads\/2024\/12\/2024-12-03-shutterstock_Webinar-FTD-232605478-e1734450291807-768x538.jpg",768,538,true],"large":["https:\/\/digidem-bayern.de\/wp-content\/uploads\/2024\/12\/2024-12-03-shutterstock_Webinar-FTD-232605478-e1734450291807.jpg",1000,700,false],"1536x1536":["https:\/\/digidem-bayern.de\/wp-content\/uploads\/2024\/12\/2024-12-03-shutterstock_Webinar-FTD-232605478-e1734450291807.jpg",1000,700,false],"2048x2048":["https:\/\/digidem-bayern.de\/wp-content\/uploads\/2024\/12\/2024-12-03-shutterstock_Webinar-FTD-232605478-e1734450291807.jpg",1000,700,false],"trp-custom-language-flag":["https:\/\/digidem-bayern.de\/wp-content\/uploads\/2024\/12\/2024-12-03-shutterstock_Webinar-FTD-232605478-e1734450291807.jpg",18,12,false],"qubely_landscape":["https:\/\/digidem-bayern.de\/wp-content\/uploads\/2024\/12\/2024-12-03-shutterstock_Webinar-FTD-232605478-e1734450217104-1000x750.jpg",1000,750,true],"qubely_portrait":["https:\/\/digidem-bayern.de\/wp-content\/uploads\/2024\/12\/2024-12-03-shutterstock_Webinar-FTD-232605478-e1734450291807-540x320.jpg",540,320,true],"qubely_thumbnail":["https:\/\/digidem-bayern.de\/wp-content\/uploads\/2024\/12\/2024-12-03-shutterstock_Webinar-FTD-232605478-e1734450291807-140x100.jpg",140,100,true],"post-thumbnail":["https:\/\/digidem-bayern.de\/wp-content\/uploads\/2024\/12\/2024-12-03-shutterstock_Webinar-FTD-232605478-e1734450291807-500x350.jpg",500,350,true],"kahuna-featured":["https:\/\/digidem-bayern.de\/wp-content\/uploads\/2024\/12\/2024-12-03-shutterstock_Webinar-FTD-232605478-e1734450291807-734x350.jpg",734,350,true],"kahuna-featured-lp":["https:\/\/digidem-bayern.de\/wp-content\/uploads\/2024\/12\/2024-12-03-shutterstock_Webinar-FTD-232605478-e1734450291807-520x350.jpg",520,350,true],"kahuna-featured-half":["https:\/\/digidem-bayern.de\/wp-content\/uploads\/2024\/12\/2024-12-03-shutterstock_Webinar-FTD-232605478-e1734450291807-800x350.jpg",800,350,true],"kahuna-featured-third":["https:\/\/digidem-bayern.de\/wp-content\/uploads\/2024\/12\/2024-12-03-shutterstock_Webinar-FTD-232605478-e1734450291807-512x350.jpg",512,350,true],"kahuna-lpbox-1":["https:\/\/digidem-bayern.de\/wp-content\/uploads\/2024\/12\/2024-12-03-shutterstock_Webinar-FTD-232605478-e1734450291807-520x300.jpg",520,300,true],"kahuna-lpbox-2":["https:\/\/digidem-bayern.de\/wp-content\/uploads\/2024\/12\/2024-12-03-shutterstock_Webinar-FTD-232605478-e1734450291807-520x350.jpg",520,350,true],"demand-language-flag":["https:\/\/digidem-bayern.de\/wp-content\/uploads\/2024\/12\/2024-12-03-shutterstock_Webinar-FTD-232605478-e1734450291807-36x36.jpg",36,36,true],"dddkt-language-flag":["https:\/\/digidem-bayern.de\/wp-content\/uploads\/2024\/12\/2024-12-03-shutterstock_Webinar-FTD-232605478-e1734450291807-36x36.jpg",36,36,true],"ddiqc-language-flag":["https:\/\/digidem-bayern.de\/wp-content\/uploads\/2024\/12\/2024-12-03-shutterstock_Webinar-FTD-232605478-e1734450291807-36x36.jpg",36,36,true],"ddtl-language-flag":["https:\/\/digidem-bayern.de\/wp-content\/uploads\/2024\/12\/2024-12-03-shutterstock_Webinar-FTD-232605478-e1734450291807-36x36.jpg",36,36,true],"mailpoet_newsletter_max":["https:\/\/digidem-bayern.de\/wp-content\/uploads\/2024\/12\/2024-12-03-shutterstock_Webinar-FTD-232605478-e1734450291807.jpg",1000,700,false],"kahuna-lpbox-3":["https:\/\/digidem-bayern.de\/wp-content\/uploads\/2024\/12\/2024-12-03-shutterstock_Webinar-FTD-232605478-e1734450291807-520x350.jpg",520,350,true],"kahuna-featured-square":["https:\/\/digidem-bayern.de\/wp-content\/uploads\/2024\/12\/2024-12-03-shutterstock_Webinar-FTD-232605478-e1734450291807-512x512.jpg",512,512,true],"kahuna-featured-square-large":["https:\/\/digidem-bayern.de\/wp-content\/uploads\/2024\/12\/2024-12-03-shutterstock_Webinar-FTD-232605478-e1734450291807.jpg",1000,700,false]},"qubely_author":{"display_name":"Ilona H\u00f6rath","author_link":"https:\/\/digidem-bayern.de\/en\/author\/hoeratia\/"},"qubely_comment":3,"qubely_category":"<a href=\"https:\/\/digidem-bayern.de\/en\/category\/kommendes-webinar\/\" rel=\"category tag\">Kommendes Webinar<\/a>","qubely_excerpt":"Demenz ist ein komplexes Krankheitsbild mit vielf\u00e4ltigen Ursachen, von denen die Alzheimer-Erkrankung nur eine Erscheinungsform darstellt. Die frontotemporale Demenz ist die zweith\u00e4ufigste Demenzform vor dem 65. Lebensjahr. Typische erste Symptome sind Verhaltensauff\u00e4lligkeiten und\/oder Sprachst\u00f6rungen, die meist schon im mittleren Lebensalter auftreten. Dies stellt das famili\u00e4re Umfeld von Menschen mit frontotemporaler &hellip;","featured_image_urls_v2":{"full":["https:\/\/digidem-bayern.de\/wp-content\/uploads\/2024\/12\/2024-12-03-shutterstock_Webinar-FTD-232605478-e1734450291807.jpg",1000,700,false],"thumbnail":["https:\/\/digidem-bayern.de\/wp-content\/uploads\/2024\/12\/2024-12-03-shutterstock_Webinar-FTD-232605478-e1734450291807-80x80.jpg",80,80,true],"medium":["https:\/\/digidem-bayern.de\/wp-content\/uploads\/2024\/12\/2024-12-03-shutterstock_Webinar-FTD-232605478-e1734450291807-300x210.jpg",300,210,true],"medium_large":["https:\/\/digidem-bayern.de\/wp-content\/uploads\/2024\/12\/2024-12-03-shutterstock_Webinar-FTD-232605478-e1734450291807-768x538.jpg",768,538,true],"large":["https:\/\/digidem-bayern.de\/wp-content\/uploads\/2024\/12\/2024-12-03-shutterstock_Webinar-FTD-232605478-e1734450291807.jpg",1000,700,false],"1536x1536":["https:\/\/digidem-bayern.de\/wp-content\/uploads\/2024\/12\/2024-12-03-shutterstock_Webinar-FTD-232605478-e1734450291807.jpg",1000,700,false],"2048x2048":["https:\/\/digidem-bayern.de\/wp-content\/uploads\/2024\/12\/2024-12-03-shutterstock_Webinar-FTD-232605478-e1734450291807.jpg",1000,700,false],"trp-custom-language-flag":["https:\/\/digidem-bayern.de\/wp-content\/uploads\/2024\/12\/2024-12-03-shutterstock_Webinar-FTD-232605478-e1734450291807.jpg",18,12,false],"qubely_landscape":["https:\/\/digidem-bayern.de\/wp-content\/uploads\/2024\/12\/2024-12-03-shutterstock_Webinar-FTD-232605478-e1734450217104-1000x750.jpg",1000,750,true],"qubely_portrait":["https:\/\/digidem-bayern.de\/wp-content\/uploads\/2024\/12\/2024-12-03-shutterstock_Webinar-FTD-232605478-e1734450291807-540x320.jpg",540,320,true],"qubely_thumbnail":["https:\/\/digidem-bayern.de\/wp-content\/uploads\/2024\/12\/2024-12-03-shutterstock_Webinar-FTD-232605478-e1734450291807-140x100.jpg",140,100,true],"post-thumbnail":["https:\/\/digidem-bayern.de\/wp-content\/uploads\/2024\/12\/2024-12-03-shutterstock_Webinar-FTD-232605478-e1734450291807-500x350.jpg",500,350,true],"kahuna-featured":["https:\/\/digidem-bayern.de\/wp-content\/uploads\/2024\/12\/2024-12-03-shutterstock_Webinar-FTD-232605478-e1734450291807-734x350.jpg",734,350,true],"kahuna-featured-lp":["https:\/\/digidem-bayern.de\/wp-content\/uploads\/2024\/12\/2024-12-03-shutterstock_Webinar-FTD-232605478-e1734450291807-520x350.jpg",520,350,true],"kahuna-featured-half":["https:\/\/digidem-bayern.de\/wp-content\/uploads\/2024\/12\/2024-12-03-shutterstock_Webinar-FTD-232605478-e1734450291807-800x350.jpg",800,350,true],"kahuna-featured-third":["https:\/\/digidem-bayern.de\/wp-content\/uploads\/2024\/12\/2024-12-03-shutterstock_Webinar-FTD-232605478-e1734450291807-512x350.jpg",512,350,true],"kahuna-lpbox-1":["https:\/\/digidem-bayern.de\/wp-content\/uploads\/2024\/12\/2024-12-03-shutterstock_Webinar-FTD-232605478-e1734450291807-520x300.jpg",520,300,true],"kahuna-lpbox-2":["https:\/\/digidem-bayern.de\/wp-content\/uploads\/2024\/12\/2024-12-03-shutterstock_Webinar-FTD-232605478-e1734450291807-520x350.jpg",520,350,true],"demand-language-flag":["https:\/\/digidem-bayern.de\/wp-content\/uploads\/2024\/12\/2024-12-03-shutterstock_Webinar-FTD-232605478-e1734450291807-36x36.jpg",36,36,true],"dddkt-language-flag":["https:\/\/digidem-bayern.de\/wp-content\/uploads\/2024\/12\/2024-12-03-shutterstock_Webinar-FTD-232605478-e1734450291807-36x36.jpg",36,36,true],"ddiqc-language-flag":["https:\/\/digidem-bayern.de\/wp-content\/uploads\/2024\/12\/2024-12-03-shutterstock_Webinar-FTD-232605478-e1734450291807-36x36.jpg",36,36,true],"ddtl-language-flag":["https:\/\/digidem-bayern.de\/wp-content\/uploads\/2024\/12\/2024-12-03-shutterstock_Webinar-FTD-232605478-e1734450291807-36x36.jpg",36,36,true],"mailpoet_newsletter_max":["https:\/\/digidem-bayern.de\/wp-content\/uploads\/2024\/12\/2024-12-03-shutterstock_Webinar-FTD-232605478-e1734450291807.jpg",1000,700,false],"kahuna-lpbox-3":["https:\/\/digidem-bayern.de\/wp-content\/uploads\/2024\/12\/2024-12-03-shutterstock_Webinar-FTD-232605478-e1734450291807-520x350.jpg",520,350,true],"kahuna-featured-square":["https:\/\/digidem-bayern.de\/wp-content\/uploads\/2024\/12\/2024-12-03-shutterstock_Webinar-FTD-232605478-e1734450291807-512x512.jpg",512,512,true],"kahuna-featured-square-large":["https:\/\/digidem-bayern.de\/wp-content\/uploads\/2024\/12\/2024-12-03-shutterstock_Webinar-FTD-232605478-e1734450291807.jpg",1000,700,false]},"post_excerpt_stackable_v2":"<p>Demenz ist ein komplexes Krankheitsbild mit vielf\u00e4ltigen Ursachen, von denen die Alzheimer-Erkrankung nur eine Erscheinungsform darstellt. Die frontotemporale Demenz ist die zweith\u00e4ufigste Demenzform vor dem 65. Lebensjahr. Typische erste Symptome sind Verhaltensauff\u00e4lligkeiten und\/oder Sprachst\u00f6rungen, die meist schon im mittleren Lebensalter auftreten. Dies stellt das famili\u00e4re Umfeld von Menschen mit frontotemporaler Demenz vor besondere Herausforderungen. Denn die Betroffenen sind in diesem Lebensabschnitt oftmals noch berufst\u00e4tig, umsorgen eigene Kinder und sind k\u00f6rperlich fit. Klassische Demenz-Versorgungsstrukturen entsprechen diesen Bed\u00fcrfnissen der Betroffenen h\u00e4ufig nicht.&nbsp; Dr. biol. hum. Sarah Straub ist als Neuropsychologin in der Ged\u00e4chtnisambulanz des Universit\u00e4tsklinikums Ulm t\u00e4tig. Dort leitet Sie zudem eine&hellip;<\/p>\n","category_list_v2":"<a href=\"https:\/\/digidem-bayern.de\/en\/category\/kommendes-webinar\/\" rel=\"category tag\">Kommendes Webinar<\/a>","author_info_v2":{"name":"Ilona H\u00f6rath","url":"https:\/\/digidem-bayern.de\/en\/author\/hoeratia\/"},"comments_num_v2":"0 comments","yoast_head":"<!-- This site is optimized with the Yoast SEO plugin v27.5 - https:\/\/yoast.com\/product\/yoast-seo-wordpress\/ -->\n<title>Frontotemporale Demenz \u2013 eine Erkrankung mit vielen Facetten - digiDEM Bayern<\/title>\n<meta name=\"description\" content=\"Im Webinar &quot;digiDEM Bayern Science Watch LIVE&quot; behandeln Wissenschaftler ein Thema aus der Demenzforschung und stehen live f\u00fcr Fragen zur Verf\u00fcgung.\" \/>\n<meta name=\"robots\" content=\"index, follow, max-snippet:-1, max-image-preview:large, max-video-preview:-1\" \/>\n<link rel=\"canonical\" href=\"https:\/\/digidem-bayern.de\/en\/frontotemporale-demenz-eine-erkrankung-mit-vielen-facetten\/\" \/>\n<meta property=\"og:locale\" content=\"en_US\" \/>\n<meta property=\"og:type\" content=\"article\" \/>\n<meta property=\"og:title\" content=\"Frontotemporale Demenz \u2013 eine Erkrankung mit vielen Facetten - digiDEM Bayern\" \/>\n<meta property=\"og:description\" content=\"Im Webinar &quot;digiDEM Bayern Science Watch LIVE&quot; behandeln Wissenschaftler ein Thema aus der Demenzforschung und stehen live f\u00fcr Fragen zur Verf\u00fcgung.\" \/>\n<meta property=\"og:url\" content=\"https:\/\/digidem-bayern.de\/en\/frontotemporale-demenz-eine-erkrankung-mit-vielen-facetten\/\" \/>\n<meta property=\"og:site_name\" content=\"digiDEM Bayern\" \/>\n<meta property=\"article:publisher\" content=\"https:\/\/www.facebook.com\/digiDEMBayern\/\" \/>\n<meta property=\"article:published_time\" content=\"2024-12-03T07:47:00+00:00\" \/>\n<meta property=\"article:modified_time\" content=\"2025-01-14T08:13:07+00:00\" \/>\n<meta property=\"og:image\" content=\"https:\/\/digidem-bayern.de\/wp-content\/uploads\/2024\/12\/2024-12-03-shutterstock_Webinar-FTD-232605478-e1734450291807.jpg\" \/>\n\t<meta property=\"og:image:width\" content=\"1000\" \/>\n\t<meta property=\"og:image:height\" content=\"700\" \/>\n\t<meta property=\"og:image:type\" content=\"image\/jpeg\" \/>\n<meta name=\"author\" content=\"Ilona H\u00f6rath\" \/>\n<meta name=\"twitter:label1\" content=\"Written by\" \/>\n\t<meta name=\"twitter:data1\" content=\"Ilona H\u00f6rath\" \/>\n\t<meta name=\"twitter:label2\" content=\"Est. reading time\" \/>\n\t<meta name=\"twitter:data2\" content=\"2 minutes\" \/>\n<script type=\"application\/ld+json\" class=\"yoast-schema-graph\">{\"@context\":\"https:\\\/\\\/schema.org\",\"@graph\":[{\"@type\":\"Article\",\"@id\":\"https:\\\/\\\/digidem-bayern.de\\\/frontotemporale-demenz-eine-erkrankung-mit-vielen-facetten\\\/#article\",\"isPartOf\":{\"@id\":\"https:\\\/\\\/digidem-bayern.de\\\/frontotemporale-demenz-eine-erkrankung-mit-vielen-facetten\\\/\"},\"author\":{\"name\":\"Ilona H\u00f6rath\",\"@id\":\"\\\/#\\\/schema\\\/person\\\/0bc1494f46fc2a051c761322a80e0941\"},\"headline\":\"Frontotemporale Demenz \u2013 eine Erkrankung mit vielen Facetten\",\"datePublished\":\"2024-12-03T07:47:00+00:00\",\"dateModified\":\"2025-01-14T08:13:07+00:00\",\"mainEntityOfPage\":{\"@id\":\"https:\\\/\\\/digidem-bayern.de\\\/frontotemporale-demenz-eine-erkrankung-mit-vielen-facetten\\\/\"},\"wordCount\":227,\"commentCount\":0,\"publisher\":{\"@id\":\"\\\/#organization\"},\"image\":{\"@id\":\"https:\\\/\\\/digidem-bayern.de\\\/frontotemporale-demenz-eine-erkrankung-mit-vielen-facetten\\\/#primaryimage\"},\"thumbnailUrl\":\"https:\\\/\\\/digidem-bayern.de\\\/wp-content\\\/uploads\\\/2024\\\/12\\\/2024-12-03-shutterstock_Webinar-FTD-232605478-e1734450291807.jpg\",\"keywords\":[\"Alzheimer\",\"Alzheimer-Demenz\",\"Demenz\",\"Demenzerkrankung\",\"Deutsche Alzheimer Gesellschaft\",\"digidem\",\"digidem Bayern\",\"Digitales Demenzregister Bayern\",\"Frontotemporale Demenz\",\"FTD\",\"Lebensqualit\u00e4t\",\"Neuropschologin\",\"Sarah Straub\",\"Schwalben\",\"Sprachst\u00f6rungen\",\"Teilhabe\",\"Universit\u00e4tsklinik Ulm\"],\"articleSection\":[\"Kommendes Webinar\"],\"inLanguage\":\"en-US\",\"potentialAction\":[{\"@type\":\"CommentAction\",\"name\":\"Comment\",\"target\":[\"https:\\\/\\\/digidem-bayern.de\\\/frontotemporale-demenz-eine-erkrankung-mit-vielen-facetten\\\/#respond\"]}]},{\"@type\":\"WebPage\",\"@id\":\"https:\\\/\\\/digidem-bayern.de\\\/frontotemporale-demenz-eine-erkrankung-mit-vielen-facetten\\\/\",\"url\":\"https:\\\/\\\/digidem-bayern.de\\\/frontotemporale-demenz-eine-erkrankung-mit-vielen-facetten\\\/\",\"name\":\"Frontotemporale Demenz \u2013 eine Erkrankung mit vielen Facetten - digiDEM Bayern\",\"isPartOf\":{\"@id\":\"\\\/#website\"},\"primaryImageOfPage\":{\"@id\":\"https:\\\/\\\/digidem-bayern.de\\\/frontotemporale-demenz-eine-erkrankung-mit-vielen-facetten\\\/#primaryimage\"},\"image\":{\"@id\":\"https:\\\/\\\/digidem-bayern.de\\\/frontotemporale-demenz-eine-erkrankung-mit-vielen-facetten\\\/#primaryimage\"},\"thumbnailUrl\":\"https:\\\/\\\/digidem-bayern.de\\\/wp-content\\\/uploads\\\/2024\\\/12\\\/2024-12-03-shutterstock_Webinar-FTD-232605478-e1734450291807.jpg\",\"datePublished\":\"2024-12-03T07:47:00+00:00\",\"dateModified\":\"2025-01-14T08:13:07+00:00\",\"description\":\"Im Webinar \\\"digiDEM Bayern Science Watch LIVE\\\" behandeln Wissenschaftler ein Thema aus der Demenzforschung und stehen live f\u00fcr Fragen zur Verf\u00fcgung.\",\"breadcrumb\":{\"@id\":\"https:\\\/\\\/digidem-bayern.de\\\/frontotemporale-demenz-eine-erkrankung-mit-vielen-facetten\\\/#breadcrumb\"},\"inLanguage\":\"en-US\",\"potentialAction\":[{\"@type\":\"ReadAction\",\"target\":[\"https:\\\/\\\/digidem-bayern.de\\\/frontotemporale-demenz-eine-erkrankung-mit-vielen-facetten\\\/\"]}]},{\"@type\":\"ImageObject\",\"inLanguage\":\"en-US\",\"@id\":\"https:\\\/\\\/digidem-bayern.de\\\/frontotemporale-demenz-eine-erkrankung-mit-vielen-facetten\\\/#primaryimage\",\"url\":\"https:\\\/\\\/digidem-bayern.de\\\/wp-content\\\/uploads\\\/2024\\\/12\\\/2024-12-03-shutterstock_Webinar-FTD-232605478-e1734450291807.jpg\",\"contentUrl\":\"https:\\\/\\\/digidem-bayern.de\\\/wp-content\\\/uploads\\\/2024\\\/12\\\/2024-12-03-shutterstock_Webinar-FTD-232605478-e1734450291807.jpg\",\"width\":1000,\"height\":700,\"caption\":\"Foto: Shutterstock\"},{\"@type\":\"BreadcrumbList\",\"@id\":\"https:\\\/\\\/digidem-bayern.de\\\/frontotemporale-demenz-eine-erkrankung-mit-vielen-facetten\\\/#breadcrumb\",\"itemListElement\":[{\"@type\":\"ListItem\",\"position\":1,\"name\":\"Startseite\",\"item\":\"https:\\\/\\\/digidem-bayern.de\\\/\"},{\"@type\":\"ListItem\",\"position\":2,\"name\":\"Frontotemporale Demenz \u2013 eine Erkrankung mit vielen Facetten\"}]},{\"@type\":\"WebSite\",\"@id\":\"\\\/#website\",\"url\":\"\\\/\",\"name\":\"digiDEM Bayern\",\"description\":\"Das digitale Demenzregister Bayern erforscht und verbessert die Angebotsstuktur f\u00fcr Menschen mit Demenz und deren Angeh\u00f6rige\",\"publisher\":{\"@id\":\"\\\/#organization\"},\"potentialAction\":[{\"@type\":\"SearchAction\",\"target\":{\"@type\":\"EntryPoint\",\"urlTemplate\":\"\\\/?s={search_term_string}\"},\"query-input\":{\"@type\":\"PropertyValueSpecification\",\"valueRequired\":true,\"valueName\":\"search_term_string\"}}],\"inLanguage\":\"en-US\"},{\"@type\":\"Organization\",\"@id\":\"\\\/#organization\",\"name\":\"digiDEM Bayern\",\"url\":\"\\\/\",\"logo\":{\"@type\":\"ImageObject\",\"inLanguage\":\"en-US\",\"@id\":\"\\\/#\\\/schema\\\/logo\\\/image\\\/\",\"url\":\"https:\\\/\\\/digidem-bayern.de\\\/wp-content\\\/uploads\\\/2022\\\/03\\\/cropped-Allgemeines_digiDEMLOGO-removebg-preview.png\",\"contentUrl\":\"https:\\\/\\\/digidem-bayern.de\\\/wp-content\\\/uploads\\\/2022\\\/03\\\/cropped-Allgemeines_digiDEMLOGO-removebg-preview.png\",\"width\":612,\"height\":357,\"caption\":\"digiDEM Bayern\"},\"image\":{\"@id\":\"\\\/#\\\/schema\\\/logo\\\/image\\\/\"},\"sameAs\":[\"https:\\\/\\\/www.facebook.com\\\/digiDEMBayern\\\/\",\"https:\\\/\\\/x.com\\\/digidem_bayern\",\"https:\\\/\\\/www.instagram.com\\\/digidem.bayern\",\"https:\\\/\\\/www.linkedin.com\\\/company\\\/digidem-bayern\\\/\"]},{\"@type\":\"Person\",\"@id\":\"\\\/#\\\/schema\\\/person\\\/0bc1494f46fc2a051c761322a80e0941\",\"name\":\"Ilona H\u00f6rath\",\"url\":\"https:\\\/\\\/digidem-bayern.de\\\/en\\\/author\\\/hoeratia\\\/\"}]}<\/script>\n<!-- \/ Yoast SEO plugin. -->","yoast_head_json":{"title":"Frontotemporale Demenz \u2013 eine Erkrankung mit vielen Facetten - digiDEM Bayern","description":"Im Webinar \"digiDEM Bayern Science Watch LIVE\" behandeln Wissenschaftler ein Thema aus der Demenzforschung und stehen live f\u00fcr Fragen zur Verf\u00fcgung.","robots":{"index":"index","follow":"follow","max-snippet":"max-snippet:-1","max-image-preview":"max-image-preview:large","max-video-preview":"max-video-preview:-1"},"canonical":"https:\/\/digidem-bayern.de\/en\/frontotemporale-demenz-eine-erkrankung-mit-vielen-facetten\/","og_locale":"en_US","og_type":"article","og_title":"Frontotemporale Demenz \u2013 eine Erkrankung mit vielen Facetten - digiDEM Bayern","og_description":"Im Webinar \"digiDEM Bayern Science Watch LIVE\" behandeln Wissenschaftler ein Thema aus der Demenzforschung und stehen live f\u00fcr Fragen zur Verf\u00fcgung.","og_url":"https:\/\/digidem-bayern.de\/en\/frontotemporale-demenz-eine-erkrankung-mit-vielen-facetten\/","og_site_name":"digiDEM Bayern","article_publisher":"https:\/\/www.facebook.com\/digiDEMBayern\/","article_published_time":"2024-12-03T07:47:00+00:00","article_modified_time":"2025-01-14T08:13:07+00:00","og_image":[{"width":1000,"height":700,"url":"https:\/\/digidem-bayern.de\/wp-content\/uploads\/2024\/12\/2024-12-03-shutterstock_Webinar-FTD-232605478-e1734450291807.jpg","type":"image\/jpeg"}],"author":"Ilona H\u00f6rath","twitter_misc":{"Written by":"Ilona H\u00f6rath","Est. reading time":"2 minutes"},"schema":{"@context":"https:\/\/schema.org","@graph":[{"@type":"Article","@id":"https:\/\/digidem-bayern.de\/frontotemporale-demenz-eine-erkrankung-mit-vielen-facetten\/#article","isPartOf":{"@id":"https:\/\/digidem-bayern.de\/frontotemporale-demenz-eine-erkrankung-mit-vielen-facetten\/"},"author":{"name":"Ilona H\u00f6rath","@id":"\/#\/schema\/person\/0bc1494f46fc2a051c761322a80e0941"},"headline":"Frontotemporale Demenz \u2013 eine Erkrankung mit vielen Facetten","datePublished":"2024-12-03T07:47:00+00:00","dateModified":"2025-01-14T08:13:07+00:00","mainEntityOfPage":{"@id":"https:\/\/digidem-bayern.de\/frontotemporale-demenz-eine-erkrankung-mit-vielen-facetten\/"},"wordCount":227,"commentCount":0,"publisher":{"@id":"\/#organization"},"image":{"@id":"https:\/\/digidem-bayern.de\/frontotemporale-demenz-eine-erkrankung-mit-vielen-facetten\/#primaryimage"},"thumbnailUrl":"https:\/\/digidem-bayern.de\/wp-content\/uploads\/2024\/12\/2024-12-03-shutterstock_Webinar-FTD-232605478-e1734450291807.jpg","keywords":["Alzheimer","Alzheimer-Demenz","Demenz","Demenzerkrankung","Deutsche Alzheimer Gesellschaft","digidem","digidem Bayern","Digitales Demenzregister Bayern","Frontotemporale Demenz","FTD","Lebensqualit\u00e4t","Neuropschologin","Sarah Straub","Schwalben","Sprachst\u00f6rungen","Teilhabe","Universit\u00e4tsklinik Ulm"],"articleSection":["Kommendes Webinar"],"inLanguage":"en-US","potentialAction":[{"@type":"CommentAction","name":"Comment","target":["https:\/\/digidem-bayern.de\/frontotemporale-demenz-eine-erkrankung-mit-vielen-facetten\/#respond"]}]},{"@type":"WebPage","@id":"https:\/\/digidem-bayern.de\/frontotemporale-demenz-eine-erkrankung-mit-vielen-facetten\/","url":"https:\/\/digidem-bayern.de\/frontotemporale-demenz-eine-erkrankung-mit-vielen-facetten\/","name":"Frontotemporale Demenz \u2013 eine Erkrankung mit vielen Facetten - digiDEM Bayern","isPartOf":{"@id":"\/#website"},"primaryImageOfPage":{"@id":"https:\/\/digidem-bayern.de\/frontotemporale-demenz-eine-erkrankung-mit-vielen-facetten\/#primaryimage"},"image":{"@id":"https:\/\/digidem-bayern.de\/frontotemporale-demenz-eine-erkrankung-mit-vielen-facetten\/#primaryimage"},"thumbnailUrl":"https:\/\/digidem-bayern.de\/wp-content\/uploads\/2024\/12\/2024-12-03-shutterstock_Webinar-FTD-232605478-e1734450291807.jpg","datePublished":"2024-12-03T07:47:00+00:00","dateModified":"2025-01-14T08:13:07+00:00","description":"Im Webinar \"digiDEM Bayern Science Watch LIVE\" behandeln Wissenschaftler ein Thema aus der Demenzforschung und stehen live f\u00fcr Fragen zur Verf\u00fcgung.","breadcrumb":{"@id":"https:\/\/digidem-bayern.de\/frontotemporale-demenz-eine-erkrankung-mit-vielen-facetten\/#breadcrumb"},"inLanguage":"en-US","potentialAction":[{"@type":"ReadAction","target":["https:\/\/digidem-bayern.de\/frontotemporale-demenz-eine-erkrankung-mit-vielen-facetten\/"]}]},{"@type":"ImageObject","inLanguage":"en-US","@id":"https:\/\/digidem-bayern.de\/frontotemporale-demenz-eine-erkrankung-mit-vielen-facetten\/#primaryimage","url":"https:\/\/digidem-bayern.de\/wp-content\/uploads\/2024\/12\/2024-12-03-shutterstock_Webinar-FTD-232605478-e1734450291807.jpg","contentUrl":"https:\/\/digidem-bayern.de\/wp-content\/uploads\/2024\/12\/2024-12-03-shutterstock_Webinar-FTD-232605478-e1734450291807.jpg","width":1000,"height":700,"caption":"Foto: Shutterstock"},{"@type":"BreadcrumbList","@id":"https:\/\/digidem-bayern.de\/frontotemporale-demenz-eine-erkrankung-mit-vielen-facetten\/#breadcrumb","itemListElement":[{"@type":"ListItem","position":1,"name":"Startseite","item":"https:\/\/digidem-bayern.de\/"},{"@type":"ListItem","position":2,"name":"Frontotemporale Demenz \u2013 eine Erkrankung mit vielen Facetten"}]},{"@type":"WebSite","@id":"\/#website","url":"\/","name":"digiDEM Bavaria","description":"The digital dementia register in Bavaria researches and improves the structure of services for people with dementia and their relatives","publisher":{"@id":"\/#organization"},"potentialAction":[{"@type":"SearchAction","target":{"@type":"EntryPoint","urlTemplate":"\/?s={search_term_string}"},"query-input":{"@type":"PropertyValueSpecification","valueRequired":true,"valueName":"search_term_string"}}],"inLanguage":"en-US"},{"@type":"Organization","@id":"\/#organization","name":"digiDEM Bavaria","url":"\/","logo":{"@type":"ImageObject","inLanguage":"en-US","@id":"\/#\/schema\/logo\/image\/","url":"https:\/\/digidem-bayern.de\/wp-content\/uploads\/2022\/03\/cropped-Allgemeines_digiDEMLOGO-removebg-preview.png","contentUrl":"https:\/\/digidem-bayern.de\/wp-content\/uploads\/2022\/03\/cropped-Allgemeines_digiDEMLOGO-removebg-preview.png","width":612,"height":357,"caption":"digiDEM Bayern"},"image":{"@id":"\/#\/schema\/logo\/image\/"},"sameAs":["https:\/\/www.facebook.com\/digiDEMBayern\/","https:\/\/x.com\/digidem_bayern","https:\/\/www.instagram.com\/digidem.bayern","https:\/\/www.linkedin.com\/company\/digidem-bayern\/"]},{"@type":"Person","@id":"\/#\/schema\/person\/0bc1494f46fc2a051c761322a80e0941","name":"Ilona H\u00f6rath","url":"https:\/\/digidem-bayern.de\/en\/author\/hoeratia\/"}]}},"uagb_featured_image_src":{"full":["https:\/\/digidem-bayern.de\/wp-content\/uploads\/2024\/12\/2024-12-03-shutterstock_Webinar-FTD-232605478-e1734450291807.jpg",1000,700,false],"thumbnail":["https:\/\/digidem-bayern.de\/wp-content\/uploads\/2024\/12\/2024-12-03-shutterstock_Webinar-FTD-232605478-e1734450291807-80x80.jpg",80,80,true],"medium":["https:\/\/digidem-bayern.de\/wp-content\/uploads\/2024\/12\/2024-12-03-shutterstock_Webinar-FTD-232605478-e1734450291807-300x210.jpg",300,210,true],"medium_large":["https:\/\/digidem-bayern.de\/wp-content\/uploads\/2024\/12\/2024-12-03-shutterstock_Webinar-FTD-232605478-e1734450291807-768x538.jpg",768,538,true],"large":["https:\/\/digidem-bayern.de\/wp-content\/uploads\/2024\/12\/2024-12-03-shutterstock_Webinar-FTD-232605478-e1734450291807.jpg",1000,700,false],"1536x1536":["https:\/\/digidem-bayern.de\/wp-content\/uploads\/2024\/12\/2024-12-03-shutterstock_Webinar-FTD-232605478-e1734450291807.jpg",1000,700,false],"2048x2048":["https:\/\/digidem-bayern.de\/wp-content\/uploads\/2024\/12\/2024-12-03-shutterstock_Webinar-FTD-232605478-e1734450291807.jpg",1000,700,false],"trp-custom-language-flag":["https:\/\/digidem-bayern.de\/wp-content\/uploads\/2024\/12\/2024-12-03-shutterstock_Webinar-FTD-232605478-e1734450291807.jpg",18,12,false],"qubely_landscape":["https:\/\/digidem-bayern.de\/wp-content\/uploads\/2024\/12\/2024-12-03-shutterstock_Webinar-FTD-232605478-e1734450217104-1000x750.jpg",1000,750,true],"qubely_portrait":["https:\/\/digidem-bayern.de\/wp-content\/uploads\/2024\/12\/2024-12-03-shutterstock_Webinar-FTD-232605478-e1734450291807-540x320.jpg",540,320,true],"qubely_thumbnail":["https:\/\/digidem-bayern.de\/wp-content\/uploads\/2024\/12\/2024-12-03-shutterstock_Webinar-FTD-232605478-e1734450291807-140x100.jpg",140,100,true],"post-thumbnail":["https:\/\/digidem-bayern.de\/wp-content\/uploads\/2024\/12\/2024-12-03-shutterstock_Webinar-FTD-232605478-e1734450291807-500x350.jpg",500,350,true],"kahuna-featured":["https:\/\/digidem-bayern.de\/wp-content\/uploads\/2024\/12\/2024-12-03-shutterstock_Webinar-FTD-232605478-e1734450291807-734x350.jpg",734,350,true],"kahuna-featured-lp":["https:\/\/digidem-bayern.de\/wp-content\/uploads\/2024\/12\/2024-12-03-shutterstock_Webinar-FTD-232605478-e1734450291807-520x350.jpg",520,350,true],"kahuna-featured-half":["https:\/\/digidem-bayern.de\/wp-content\/uploads\/2024\/12\/2024-12-03-shutterstock_Webinar-FTD-232605478-e1734450291807-800x350.jpg",800,350,true],"kahuna-featured-third":["https:\/\/digidem-bayern.de\/wp-content\/uploads\/2024\/12\/2024-12-03-shutterstock_Webinar-FTD-232605478-e1734450291807-512x350.jpg",512,350,true],"kahuna-lpbox-1":["https:\/\/digidem-bayern.de\/wp-content\/uploads\/2024\/12\/2024-12-03-shutterstock_Webinar-FTD-232605478-e1734450291807-520x300.jpg",520,300,true],"kahuna-lpbox-2":["https:\/\/digidem-bayern.de\/wp-content\/uploads\/2024\/12\/2024-12-03-shutterstock_Webinar-FTD-232605478-e1734450291807-520x350.jpg",520,350,true],"demand-language-flag":["https:\/\/digidem-bayern.de\/wp-content\/uploads\/2024\/12\/2024-12-03-shutterstock_Webinar-FTD-232605478-e1734450291807-36x36.jpg",36,36,true],"dddkt-language-flag":["https:\/\/digidem-bayern.de\/wp-content\/uploads\/2024\/12\/2024-12-03-shutterstock_Webinar-FTD-232605478-e1734450291807-36x36.jpg",36,36,true],"ddiqc-language-flag":["https:\/\/digidem-bayern.de\/wp-content\/uploads\/2024\/12\/2024-12-03-shutterstock_Webinar-FTD-232605478-e1734450291807-36x36.jpg",36,36,true],"ddtl-language-flag":["https:\/\/digidem-bayern.de\/wp-content\/uploads\/2024\/12\/2024-12-03-shutterstock_Webinar-FTD-232605478-e1734450291807-36x36.jpg",36,36,true],"mailpoet_newsletter_max":["https:\/\/digidem-bayern.de\/wp-content\/uploads\/2024\/12\/2024-12-03-shutterstock_Webinar-FTD-232605478-e1734450291807.jpg",1000,700,false],"kahuna-lpbox-3":["https:\/\/digidem-bayern.de\/wp-content\/uploads\/2024\/12\/2024-12-03-shutterstock_Webinar-FTD-232605478-e1734450291807-520x350.jpg",520,350,true],"kahuna-featured-square":["https:\/\/digidem-bayern.de\/wp-content\/uploads\/2024\/12\/2024-12-03-shutterstock_Webinar-FTD-232605478-e1734450291807-512x512.jpg",512,512,true],"kahuna-featured-square-large":["https:\/\/digidem-bayern.de\/wp-content\/uploads\/2024\/12\/2024-12-03-shutterstock_Webinar-FTD-232605478-e1734450291807.jpg",1000,700,false]},"uagb_author_info":{"display_name":"Ilona H\u00f6rath","author_link":"https:\/\/digidem-bayern.de\/en\/author\/hoeratia\/"},"uagb_comment_info":3,"uagb_excerpt":"Demenz ist ein komplexes Krankheitsbild mit vielf\u00e4ltigen Ursachen, von denen die Alzheimer-Erkrankung nur eine Erscheinungsform darstellt. Die frontotemporale Demenz ist die zweith\u00e4ufigste Demenzform vor dem 65. Lebensjahr. Typische erste Symptome sind Verhaltensauff\u00e4lligkeiten und\/oder Sprachst\u00f6rungen, die meist schon im mittleren Lebensalter auftreten. Dies stellt das famili\u00e4re Umfeld von Menschen mit frontotemporaler &hellip;","_links":{"self":[{"href":"https:\/\/digidem-bayern.de\/en\/wp-json\/wp\/v2\/posts\/40156","targetHints":{"allow":["GET"]}}],"collection":[{"href":"https:\/\/digidem-bayern.de\/en\/wp-json\/wp\/v2\/posts"}],"about":[{"href":"https:\/\/digidem-bayern.de\/en\/wp-json\/wp\/v2\/types\/post"}],"author":[{"embeddable":true,"href":"https:\/\/digidem-bayern.de\/en\/wp-json\/wp\/v2\/users\/12"}],"replies":[{"embeddable":true,"href":"https:\/\/digidem-bayern.de\/en\/wp-json\/wp\/v2\/comments?post=40156"}],"version-history":[{"count":2,"href":"https:\/\/digidem-bayern.de\/en\/wp-json\/wp\/v2\/posts\/40156\/revisions"}],"predecessor-version":[{"id":40173,"href":"https:\/\/digidem-bayern.de\/en\/wp-json\/wp\/v2\/posts\/40156\/revisions\/40173"}],"wp:featuredmedia":[{"embeddable":true,"href":"https:\/\/digidem-bayern.de\/en\/wp-json\/wp\/v2\/media\/40154"}],"wp:attachment":[{"href":"https:\/\/digidem-bayern.de\/en\/wp-json\/wp\/v2\/media?parent=40156"}],"wp:term":[{"taxonomy":"category","embeddable":true,"href":"https:\/\/digidem-bayern.de\/en\/wp-json\/wp\/v2\/categories?post=40156"},{"taxonomy":"post_tag","embeddable":true,"href":"https:\/\/digidem-bayern.de\/en\/wp-json\/wp\/v2\/tags?post=40156"}],"curies":[{"name":"wp","href":"https:\/\/api.w.org\/{rel}","templated":true}]}}