{"id":40081,"date":"2024-11-28T11:45:00","date_gmt":"2024-11-28T10:45:00","guid":{"rendered":"https:\/\/digidem-bayern.de\/?p=40081"},"modified":"2025-02-05T18:17:16","modified_gmt":"2025-02-05T17:17:16","slug":"mehr-stuerze-bei-menschen-mit-alzheimer-demenz","status":"publish","type":"post","link":"https:\/\/digidem-bayern.de\/en\/mehr-stuerze-bei-menschen-mit-alzheimer-demenz\/","title":{"rendered":"Mehr St\u00fcrze bei Menschen mit Alzheimer-Demenz"},"content":{"rendered":"<p><strong>Menschen mit Alzheimer-Demenz st\u00fcrzen h\u00e4ufiger als ihre kognitiv gesunden Mitmenschen. Diese Erkenntnis haben nun Forschende aus den USA mit Hilfe einer gro\u00dfen \u00dcbersichtsarbeit untermauert. Darin fassten sie Daten zur H\u00e4ufigkeit und Anzahl von St\u00fcrzen, die Wiederholungsrate von St\u00fcrzen und die Anzahl der St\u00fcrze, die Verletzungen hervorriefen, zusammen.<\/strong><span style=\"caret-color: rgb(0, 0, 0); color: rgb(0, 0, 0); font-family: -webkit-standard; font-size: medium; white-space: normal;\"><\/span><span style=\"caret-color: rgb(0, 0, 0); color: rgb(0, 0, 0); font-family: -webkit-standard; font-size: medium; white-space: normal;\"><\/span><\/p>\n\n\n\n<p>Verletzten sich \u00e4ltere Menschen, so sind St\u00fcrze die h\u00e4ufigste Ursache. Dass die Alzheimer-Demenz&nbsp;das Sturzrisiko \u00e4lterer Menschen erh\u00f6ht, ist unter Wissenschaftlerinnen und Wissenschaftler anerkannt. Doch das Sturzrisiko von Menschen mit Alzheimer-Demenz variiert \u201edrastisch\u201c, besagt eine neue Studie aus den USA.&nbsp;&nbsp;<\/p>\n\n\n<div class=\"wp-block-image\">\n<figure class=\"alignright size-full is-resized\"><img loading=\"lazy\" decoding=\"async\" width=\"1000\" height=\"667\" src=\"https:\/\/digidem-bayern.de\/wp-content\/uploads\/2024\/11\/shutterstock_Stuerze-AD-Pat-23102933971.jpg\" alt=\"Diese Erkenntnis haben nun Forschende aus den USA mit Hilfe einer gro\u00dfen \u00dcbersichtsarbeit untermauert.\" class=\"wp-image-40101\" style=\"width:576px;height:auto\" srcset=\"https:\/\/digidem-bayern.de\/wp-content\/uploads\/2024\/11\/shutterstock_Stuerze-AD-Pat-23102933971.jpg 1000w, https:\/\/digidem-bayern.de\/wp-content\/uploads\/2024\/11\/shutterstock_Stuerze-AD-Pat-23102933971-300x200.jpg 300w, https:\/\/digidem-bayern.de\/wp-content\/uploads\/2024\/11\/shutterstock_Stuerze-AD-Pat-23102933971-768x512.jpg 768w, https:\/\/digidem-bayern.de\/wp-content\/uploads\/2024\/11\/shutterstock_Stuerze-AD-Pat-23102933971-525x350.jpg 525w\" sizes=\"auto, (max-width: 1000px) 100vw, 1000px\" \/><figcaption class=\"wp-element-caption\">Foto: Shutterstock<\/figcaption><\/figure>\n<\/div>\n\n\n<p><strong>H\u00e4ufigkeit und Wiederholungsrate von St\u00fcrzen<\/strong><\/p>\n\n\n\n<p>In ihrer gro\u00dfen \u00dcbersichtsarbeit haben die Forschenden 31 Studien ausgewertet und die Sturzdaten von 4.654 \u00e4lteren Erwachsenen mit&nbsp;Alzheimer-Demenz analysiert.&nbsp;Zusammengefasst wurden dabei die Daten zur H\u00e4ufigkeit und Anzahl von St\u00fcrzen, die Wiederholungsrate von St\u00fcrzen und die Anzahl der St\u00fcrze, die Verletzungen hervorriefen.<\/p>\n\n\n\n<p><strong>Sturzbedingte Verletzungen<\/strong><\/p>\n\n\n\n<p>So betrug die j\u00e4hrliche Sturzpr\u00e4valenz bei \u00e4lteren Menschen mit&nbsp;Alzheimer-Demenz, also die H\u00e4ufigkeit von St\u00fcrzen zu einem bestimmten Zeitpunkt, 44,27 Prozent. Durchschnittlich st\u00fcrzte jede betroffene Person 1,3-mal pro Jahr. 42,08 Prozent der Alzheimer-Patientinnen und -Patienten fielen dabei wiederholt hin und 45 Prozent trugen eine sturzbedingte Verletzung davon.<\/p>\n\n\n\n<p>Daher schlussfolgern die Forschenden: \u201eUnsere Ergebnisse untermauern, dass Menschen mit&nbsp;Alzheimer-Demenzeinem h\u00f6heren Sturzrisiko ausgesetzt sind als ihre kognitiv gesunden Mitmenschen.\u201c<\/p>\n\n\n\n<p><strong>Tipp f\u00fcr die Praxis<\/strong>: Um St\u00fcrzen im Alter vorzubeugen, sind<strong>&nbsp;<\/strong>Sturzpr\u00e4ventionsangebote und Anpassungen des Wohnraums besonders f\u00fcr die Zielgruppe der Menschen mit Alzheimer-Demenz relevant.<\/p>\n\n\n\n<p>Hier geht&#8217;s zur Studie:<\/p>\n\n\n\n<p><a href=\"https:\/\/www.jamda.com\/article\/S1525-8610(24)00049-5\/abstract\">A Meta-Analysis of Fall Risk in Older Adults With Alzheimer\u2019s Disease<\/a><\/p>\n\n\n\n<p><\/p>\n\n\n\n<p><\/p>\n\n\n\n<div style=\"height:20px\" aria-hidden=\"true\" class=\"wp-block-spacer\"><\/div>\n\n\n\n<div style=\"height:20px\" aria-hidden=\"true\" class=\"wp-block-spacer\"><\/div>\n\n\n\n<p><\/p>","protected":false},"excerpt":{"rendered":"<p>Menschen mit Alzheimer-Demenz st\u00fcrzen h\u00e4ufiger als ihre kognitiv gesunden Mitmenschen. Diese Erkenntnis haben nun Forschende aus den USA mit Hilfe einer gro\u00dfen \u00dcbersichtsarbeit untermauert. Darin fassten sie Daten zur H\u00e4ufigkeit und Anzahl von St\u00fcrzen, die Wiederholungsrate von St\u00fcrzen und die Anzahl der St\u00fcrze, die Verletzungen hervorriefen, zusammen. Verletzten sich \u00e4ltere &hellip;<\/p>","protected":false},"author":12,"featured_media":40101,"comment_status":"open","ping_status":"closed","sticky":false,"template":"","format":"standard","meta":{"qubely_global_settings":"","qubely_interactions":"","_uag_custom_page_level_css":"","footnotes":""},"categories":[5],"tags":[13,406,12,112,14,17,55,1293,610,330,1296,486,1300,1291,71,608,1292,1130,1302],"class_list":["post-40081","post","type-post","status-publish","format-standard","has-post-thumbnail","hentry","category-wissenschaft-forschung","tag-alzheimer","tag-alzheimer-demenz","tag-demenz-2","tag-demenzdiagnose","tag-digidem","tag-digidem-bayern","tag-digitales-demenzregister-bayern","tag-geriatrics","tag-hausarzt","tag-kognitive-beeintraechtigung","tag-kognitive-funktion","tag-lebensqualitaet","tag-routineuntersuchung","tag-sturz","tag-stuerze","tag-sturzpraevention","tag-sturzprophylaxe","tag-sturzrisiko","tag-verletzungen"],"qubely_featured_image_url":{"full":["https:\/\/digidem-bayern.de\/wp-content\/uploads\/2024\/11\/shutterstock_Stuerze-AD-Pat-23102933971.jpg",1000,667,false],"landscape":["https:\/\/digidem-bayern.de\/wp-content\/uploads\/2024\/11\/shutterstock_Stuerze-AD-Pat-23102933971.jpg",1000,667,false],"portraits":["https:\/\/digidem-bayern.de\/wp-content\/uploads\/2024\/11\/shutterstock_Stuerze-AD-Pat-23102933971-540x320.jpg",540,320,true],"thumbnail":["https:\/\/digidem-bayern.de\/wp-content\/uploads\/2024\/11\/shutterstock_Stuerze-AD-Pat-23102933971-80x80.jpg",80,80,true],"medium":["https:\/\/digidem-bayern.de\/wp-content\/uploads\/2024\/11\/shutterstock_Stuerze-AD-Pat-23102933971-300x200.jpg",300,200,true],"medium_large":["https:\/\/digidem-bayern.de\/wp-content\/uploads\/2024\/11\/shutterstock_Stuerze-AD-Pat-23102933971-768x512.jpg",768,512,true],"large":["https:\/\/digidem-bayern.de\/wp-content\/uploads\/2024\/11\/shutterstock_Stuerze-AD-Pat-23102933971.jpg",1000,667,false],"1536x1536":["https:\/\/digidem-bayern.de\/wp-content\/uploads\/2024\/11\/shutterstock_Stuerze-AD-Pat-23102933971.jpg",1000,667,false],"2048x2048":["https:\/\/digidem-bayern.de\/wp-content\/uploads\/2024\/11\/shutterstock_Stuerze-AD-Pat-23102933971.jpg",1000,667,false],"trp-custom-language-flag":["https:\/\/digidem-bayern.de\/wp-content\/uploads\/2024\/11\/shutterstock_Stuerze-AD-Pat-23102933971.jpg",18,12,false],"qubely_landscape":["https:\/\/digidem-bayern.de\/wp-content\/uploads\/2024\/11\/shutterstock_Stuerze-AD-Pat-23102933971.jpg",1000,667,false],"qubely_portrait":["https:\/\/digidem-bayern.de\/wp-content\/uploads\/2024\/11\/shutterstock_Stuerze-AD-Pat-23102933971-540x320.jpg",540,320,true],"qubely_thumbnail":["https:\/\/digidem-bayern.de\/wp-content\/uploads\/2024\/11\/shutterstock_Stuerze-AD-Pat-23102933971-140x100.jpg",140,100,true],"post-thumbnail":["https:\/\/digidem-bayern.de\/wp-content\/uploads\/2024\/11\/shutterstock_Stuerze-AD-Pat-23102933971-525x350.jpg",525,350,true],"kahuna-featured":["https:\/\/digidem-bayern.de\/wp-content\/uploads\/2024\/11\/shutterstock_Stuerze-AD-Pat-23102933971-734x350.jpg",734,350,true],"kahuna-featured-lp":["https:\/\/digidem-bayern.de\/wp-content\/uploads\/2024\/11\/shutterstock_Stuerze-AD-Pat-23102933971-520x350.jpg",520,350,true],"kahuna-featured-half":["https:\/\/digidem-bayern.de\/wp-content\/uploads\/2024\/11\/shutterstock_Stuerze-AD-Pat-23102933971-800x350.jpg",800,350,true],"kahuna-featured-third":["https:\/\/digidem-bayern.de\/wp-content\/uploads\/2024\/11\/shutterstock_Stuerze-AD-Pat-23102933971-512x350.jpg",512,350,true],"kahuna-lpbox-1":["https:\/\/digidem-bayern.de\/wp-content\/uploads\/2024\/11\/shutterstock_Stuerze-AD-Pat-23102933971-520x300.jpg",520,300,true],"kahuna-lpbox-2":["https:\/\/digidem-bayern.de\/wp-content\/uploads\/2024\/11\/shutterstock_Stuerze-AD-Pat-23102933971-520x350.jpg",520,350,true],"demand-language-flag":["https:\/\/digidem-bayern.de\/wp-content\/uploads\/2024\/11\/shutterstock_Stuerze-AD-Pat-23102933971-36x36.jpg",36,36,true],"dddkt-language-flag":["https:\/\/digidem-bayern.de\/wp-content\/uploads\/2024\/11\/shutterstock_Stuerze-AD-Pat-23102933971-36x36.jpg",36,36,true],"ddiqc-language-flag":["https:\/\/digidem-bayern.de\/wp-content\/uploads\/2024\/11\/shutterstock_Stuerze-AD-Pat-23102933971-36x36.jpg",36,36,true],"ddtl-language-flag":["https:\/\/digidem-bayern.de\/wp-content\/uploads\/2024\/11\/shutterstock_Stuerze-AD-Pat-23102933971-36x36.jpg",36,36,true],"mailpoet_newsletter_max":["https:\/\/digidem-bayern.de\/wp-content\/uploads\/2024\/11\/shutterstock_Stuerze-AD-Pat-23102933971.jpg",1000,667,false],"kahuna-lpbox-3":["https:\/\/digidem-bayern.de\/wp-content\/uploads\/2024\/11\/shutterstock_Stuerze-AD-Pat-23102933971-520x350.jpg",520,350,true],"kahuna-featured-square":["https:\/\/digidem-bayern.de\/wp-content\/uploads\/2024\/11\/shutterstock_Stuerze-AD-Pat-23102933971-512x512.jpg",512,512,true],"kahuna-featured-square-large":["https:\/\/digidem-bayern.de\/wp-content\/uploads\/2024\/11\/shutterstock_Stuerze-AD-Pat-23102933971.jpg",1000,667,false]},"qubely_author":{"display_name":"Ilona H\u00f6rath","author_link":"https:\/\/digidem-bayern.de\/en\/author\/hoeratia\/"},"qubely_comment":2,"qubely_category":"<a href=\"https:\/\/digidem-bayern.de\/en\/category\/wissenschaft-forschung\/\" rel=\"category tag\">Wissenschaft &amp; Forschung<\/a>","qubely_excerpt":"Menschen mit Alzheimer-Demenz st\u00fcrzen h\u00e4ufiger als ihre kognitiv gesunden Mitmenschen. Diese Erkenntnis haben nun Forschende aus den USA mit Hilfe einer gro\u00dfen \u00dcbersichtsarbeit untermauert. Darin fassten sie Daten zur H\u00e4ufigkeit und Anzahl von St\u00fcrzen, die Wiederholungsrate von St\u00fcrzen und die Anzahl der St\u00fcrze, die Verletzungen hervorriefen, zusammen. Verletzten sich \u00e4ltere &hellip;","featured_image_urls_v2":{"full":["https:\/\/digidem-bayern.de\/wp-content\/uploads\/2024\/11\/shutterstock_Stuerze-AD-Pat-23102933971.jpg",1000,667,false],"thumbnail":["https:\/\/digidem-bayern.de\/wp-content\/uploads\/2024\/11\/shutterstock_Stuerze-AD-Pat-23102933971-80x80.jpg",80,80,true],"medium":["https:\/\/digidem-bayern.de\/wp-content\/uploads\/2024\/11\/shutterstock_Stuerze-AD-Pat-23102933971-300x200.jpg",300,200,true],"medium_large":["https:\/\/digidem-bayern.de\/wp-content\/uploads\/2024\/11\/shutterstock_Stuerze-AD-Pat-23102933971-768x512.jpg",768,512,true],"large":["https:\/\/digidem-bayern.de\/wp-content\/uploads\/2024\/11\/shutterstock_Stuerze-AD-Pat-23102933971.jpg",1000,667,false],"1536x1536":["https:\/\/digidem-bayern.de\/wp-content\/uploads\/2024\/11\/shutterstock_Stuerze-AD-Pat-23102933971.jpg",1000,667,false],"2048x2048":["https:\/\/digidem-bayern.de\/wp-content\/uploads\/2024\/11\/shutterstock_Stuerze-AD-Pat-23102933971.jpg",1000,667,false],"trp-custom-language-flag":["https:\/\/digidem-bayern.de\/wp-content\/uploads\/2024\/11\/shutterstock_Stuerze-AD-Pat-23102933971.jpg",18,12,false],"qubely_landscape":["https:\/\/digidem-bayern.de\/wp-content\/uploads\/2024\/11\/shutterstock_Stuerze-AD-Pat-23102933971.jpg",1000,667,false],"qubely_portrait":["https:\/\/digidem-bayern.de\/wp-content\/uploads\/2024\/11\/shutterstock_Stuerze-AD-Pat-23102933971-540x320.jpg",540,320,true],"qubely_thumbnail":["https:\/\/digidem-bayern.de\/wp-content\/uploads\/2024\/11\/shutterstock_Stuerze-AD-Pat-23102933971-140x100.jpg",140,100,true],"post-thumbnail":["https:\/\/digidem-bayern.de\/wp-content\/uploads\/2024\/11\/shutterstock_Stuerze-AD-Pat-23102933971-525x350.jpg",525,350,true],"kahuna-featured":["https:\/\/digidem-bayern.de\/wp-content\/uploads\/2024\/11\/shutterstock_Stuerze-AD-Pat-23102933971-734x350.jpg",734,350,true],"kahuna-featured-lp":["https:\/\/digidem-bayern.de\/wp-content\/uploads\/2024\/11\/shutterstock_Stuerze-AD-Pat-23102933971-520x350.jpg",520,350,true],"kahuna-featured-half":["https:\/\/digidem-bayern.de\/wp-content\/uploads\/2024\/11\/shutterstock_Stuerze-AD-Pat-23102933971-800x350.jpg",800,350,true],"kahuna-featured-third":["https:\/\/digidem-bayern.de\/wp-content\/uploads\/2024\/11\/shutterstock_Stuerze-AD-Pat-23102933971-512x350.jpg",512,350,true],"kahuna-lpbox-1":["https:\/\/digidem-bayern.de\/wp-content\/uploads\/2024\/11\/shutterstock_Stuerze-AD-Pat-23102933971-520x300.jpg",520,300,true],"kahuna-lpbox-2":["https:\/\/digidem-bayern.de\/wp-content\/uploads\/2024\/11\/shutterstock_Stuerze-AD-Pat-23102933971-520x350.jpg",520,350,true],"demand-language-flag":["https:\/\/digidem-bayern.de\/wp-content\/uploads\/2024\/11\/shutterstock_Stuerze-AD-Pat-23102933971-36x36.jpg",36,36,true],"dddkt-language-flag":["https:\/\/digidem-bayern.de\/wp-content\/uploads\/2024\/11\/shutterstock_Stuerze-AD-Pat-23102933971-36x36.jpg",36,36,true],"ddiqc-language-flag":["https:\/\/digidem-bayern.de\/wp-content\/uploads\/2024\/11\/shutterstock_Stuerze-AD-Pat-23102933971-36x36.jpg",36,36,true],"ddtl-language-flag":["https:\/\/digidem-bayern.de\/wp-content\/uploads\/2024\/11\/shutterstock_Stuerze-AD-Pat-23102933971-36x36.jpg",36,36,true],"mailpoet_newsletter_max":["https:\/\/digidem-bayern.de\/wp-content\/uploads\/2024\/11\/shutterstock_Stuerze-AD-Pat-23102933971.jpg",1000,667,false],"kahuna-lpbox-3":["https:\/\/digidem-bayern.de\/wp-content\/uploads\/2024\/11\/shutterstock_Stuerze-AD-Pat-23102933971-520x350.jpg",520,350,true],"kahuna-featured-square":["https:\/\/digidem-bayern.de\/wp-content\/uploads\/2024\/11\/shutterstock_Stuerze-AD-Pat-23102933971-512x512.jpg",512,512,true],"kahuna-featured-square-large":["https:\/\/digidem-bayern.de\/wp-content\/uploads\/2024\/11\/shutterstock_Stuerze-AD-Pat-23102933971.jpg",1000,667,false]},"post_excerpt_stackable_v2":"<p>Menschen mit Alzheimer-Demenz st\u00fcrzen h\u00e4ufiger als ihre kognitiv gesunden Mitmenschen. Diese Erkenntnis haben nun Forschende aus den USA mit Hilfe einer gro\u00dfen \u00dcbersichtsarbeit untermauert. Darin fassten sie Daten zur H\u00e4ufigkeit und Anzahl von St\u00fcrzen, die Wiederholungsrate von St\u00fcrzen und die Anzahl der St\u00fcrze, die Verletzungen hervorriefen, zusammen. Verletzten sich \u00e4ltere Menschen, so sind St\u00fcrze die h\u00e4ufigste Ursache. Dass die Alzheimer-Demenz&nbsp;das Sturzrisiko \u00e4lterer Menschen erh\u00f6ht, ist unter Wissenschaftlerinnen und Wissenschaftler anerkannt. Doch das Sturzrisiko von Menschen mit Alzheimer-Demenz variiert \u201edrastisch\u201c, besagt eine neue Studie aus den USA.&nbsp;&nbsp; Foto: Shutterstock H\u00e4ufigkeit und Wiederholungsrate von St\u00fcrzen In ihrer gro\u00dfen \u00dcbersichtsarbeit haben die Forschenden&hellip;<\/p>\n","category_list_v2":"<a href=\"https:\/\/digidem-bayern.de\/en\/category\/wissenschaft-forschung\/\" rel=\"category tag\">Wissenschaft &amp; Forschung<\/a>","author_info_v2":{"name":"Ilona H\u00f6rath","url":"https:\/\/digidem-bayern.de\/en\/author\/hoeratia\/"},"comments_num_v2":"0 comments","yoast_head":"<!-- This site is optimized with the Yoast SEO plugin v27.5 - https:\/\/yoast.com\/product\/yoast-seo-wordpress\/ -->\n<title>Mehr St\u00fcrze bei Menschen mit Alzheimer-Demenz - digiDEM Bayern<\/title>\n<meta name=\"description\" content=\"Der Bayerische Landesapothekerkammer unterst\u00fctzt digiDEM Bayern mit Hilfe des Netzwerks &quot;Demenzfreundliche Apotheken&quot;.\" \/>\n<meta name=\"robots\" content=\"index, follow, max-snippet:-1, max-image-preview:large, max-video-preview:-1\" \/>\n<link rel=\"canonical\" href=\"https:\/\/digidem-bayern.de\/en\/mehr-stuerze-bei-menschen-mit-alzheimer-demenz\/\" \/>\n<meta property=\"og:locale\" content=\"en_US\" \/>\n<meta property=\"og:type\" content=\"article\" \/>\n<meta property=\"og:title\" content=\"Mehr St\u00fcrze bei Menschen mit Alzheimer-Demenz - digiDEM Bayern\" \/>\n<meta property=\"og:description\" content=\"Der Bayerische Landesapothekerkammer unterst\u00fctzt digiDEM Bayern mit Hilfe des Netzwerks &quot;Demenzfreundliche Apotheken&quot;.\" \/>\n<meta property=\"og:url\" content=\"https:\/\/digidem-bayern.de\/en\/mehr-stuerze-bei-menschen-mit-alzheimer-demenz\/\" \/>\n<meta property=\"og:site_name\" content=\"digiDEM Bayern\" \/>\n<meta property=\"article:publisher\" content=\"https:\/\/www.facebook.com\/digiDEMBayern\/\" \/>\n<meta property=\"article:published_time\" content=\"2024-11-28T10:45:00+00:00\" \/>\n<meta property=\"article:modified_time\" content=\"2025-02-05T17:17:16+00:00\" \/>\n<meta property=\"og:image\" content=\"https:\/\/digidem-bayern.de\/wp-content\/uploads\/2024\/11\/shutterstock_Stuerze-AD-Pat-23102933971.jpg\" \/>\n\t<meta property=\"og:image:width\" content=\"1000\" \/>\n\t<meta property=\"og:image:height\" content=\"667\" \/>\n\t<meta property=\"og:image:type\" content=\"image\/jpeg\" \/>\n<meta name=\"author\" content=\"Ilona H\u00f6rath\" \/>\n<meta name=\"twitter:label1\" content=\"Written by\" \/>\n\t<meta name=\"twitter:data1\" content=\"Ilona H\u00f6rath\" \/>\n\t<meta name=\"twitter:label2\" content=\"Est. reading time\" \/>\n\t<meta name=\"twitter:data2\" content=\"2 minutes\" \/>\n<script type=\"application\/ld+json\" class=\"yoast-schema-graph\">{\"@context\":\"https:\\\/\\\/schema.org\",\"@graph\":[{\"@type\":\"Article\",\"@id\":\"https:\\\/\\\/digidem-bayern.de\\\/mehr-stuerze-bei-menschen-mit-alzheimer-demenz\\\/#article\",\"isPartOf\":{\"@id\":\"https:\\\/\\\/digidem-bayern.de\\\/mehr-stuerze-bei-menschen-mit-alzheimer-demenz\\\/\"},\"author\":{\"name\":\"Ilona H\u00f6rath\",\"@id\":\"\\\/#\\\/schema\\\/person\\\/0bc1494f46fc2a051c761322a80e0941\"},\"headline\":\"Mehr St\u00fcrze bei Menschen mit Alzheimer-Demenz\",\"datePublished\":\"2024-11-28T10:45:00+00:00\",\"dateModified\":\"2025-02-05T17:17:16+00:00\",\"mainEntityOfPage\":{\"@id\":\"https:\\\/\\\/digidem-bayern.de\\\/mehr-stuerze-bei-menschen-mit-alzheimer-demenz\\\/\"},\"wordCount\":284,\"commentCount\":0,\"publisher\":{\"@id\":\"\\\/#organization\"},\"image\":{\"@id\":\"https:\\\/\\\/digidem-bayern.de\\\/mehr-stuerze-bei-menschen-mit-alzheimer-demenz\\\/#primaryimage\"},\"thumbnailUrl\":\"https:\\\/\\\/digidem-bayern.de\\\/wp-content\\\/uploads\\\/2024\\\/11\\\/shutterstock_Stuerze-AD-Pat-23102933971.jpg\",\"keywords\":[\"Alzheimer\",\"Alzheimer-Demenz\",\"Demenz\",\"Demenzdiagnose\",\"digidem\",\"digidem Bayern\",\"Digitales Demenzregister Bayern\",\"Geriatrics\",\"Hausarzt\",\"kognitive Beeintr\u00e4chtigung\",\"kognitive Funktion\",\"Lebensqualit\u00e4t\",\"Routineuntersuchung\",\"Sturz\",\"St\u00fcrze\",\"Sturzpr\u00e4vention\",\"Sturzprophylaxe\",\"Sturzrisiko\",\"Verletzungen\"],\"articleSection\":[\"Wissenschaft &amp; Forschung\"],\"inLanguage\":\"en-US\",\"potentialAction\":[{\"@type\":\"CommentAction\",\"name\":\"Comment\",\"target\":[\"https:\\\/\\\/digidem-bayern.de\\\/mehr-stuerze-bei-menschen-mit-alzheimer-demenz\\\/#respond\"]}]},{\"@type\":\"WebPage\",\"@id\":\"https:\\\/\\\/digidem-bayern.de\\\/mehr-stuerze-bei-menschen-mit-alzheimer-demenz\\\/\",\"url\":\"https:\\\/\\\/digidem-bayern.de\\\/mehr-stuerze-bei-menschen-mit-alzheimer-demenz\\\/\",\"name\":\"Mehr St\u00fcrze bei Menschen mit Alzheimer-Demenz - digiDEM Bayern\",\"isPartOf\":{\"@id\":\"\\\/#website\"},\"primaryImageOfPage\":{\"@id\":\"https:\\\/\\\/digidem-bayern.de\\\/mehr-stuerze-bei-menschen-mit-alzheimer-demenz\\\/#primaryimage\"},\"image\":{\"@id\":\"https:\\\/\\\/digidem-bayern.de\\\/mehr-stuerze-bei-menschen-mit-alzheimer-demenz\\\/#primaryimage\"},\"thumbnailUrl\":\"https:\\\/\\\/digidem-bayern.de\\\/wp-content\\\/uploads\\\/2024\\\/11\\\/shutterstock_Stuerze-AD-Pat-23102933971.jpg\",\"datePublished\":\"2024-11-28T10:45:00+00:00\",\"dateModified\":\"2025-02-05T17:17:16+00:00\",\"description\":\"Der Bayerische Landesapothekerkammer unterst\u00fctzt digiDEM Bayern mit Hilfe des Netzwerks \\\"Demenzfreundliche Apotheken\\\".\",\"breadcrumb\":{\"@id\":\"https:\\\/\\\/digidem-bayern.de\\\/mehr-stuerze-bei-menschen-mit-alzheimer-demenz\\\/#breadcrumb\"},\"inLanguage\":\"en-US\",\"potentialAction\":[{\"@type\":\"ReadAction\",\"target\":[\"https:\\\/\\\/digidem-bayern.de\\\/mehr-stuerze-bei-menschen-mit-alzheimer-demenz\\\/\"]}]},{\"@type\":\"ImageObject\",\"inLanguage\":\"en-US\",\"@id\":\"https:\\\/\\\/digidem-bayern.de\\\/mehr-stuerze-bei-menschen-mit-alzheimer-demenz\\\/#primaryimage\",\"url\":\"https:\\\/\\\/digidem-bayern.de\\\/wp-content\\\/uploads\\\/2024\\\/11\\\/shutterstock_Stuerze-AD-Pat-23102933971.jpg\",\"contentUrl\":\"https:\\\/\\\/digidem-bayern.de\\\/wp-content\\\/uploads\\\/2024\\\/11\\\/shutterstock_Stuerze-AD-Pat-23102933971.jpg\",\"width\":1000,\"height\":667,\"caption\":\"Foto: Shutterstock\"},{\"@type\":\"BreadcrumbList\",\"@id\":\"https:\\\/\\\/digidem-bayern.de\\\/mehr-stuerze-bei-menschen-mit-alzheimer-demenz\\\/#breadcrumb\",\"itemListElement\":[{\"@type\":\"ListItem\",\"position\":1,\"name\":\"Startseite\",\"item\":\"https:\\\/\\\/digidem-bayern.de\\\/\"},{\"@type\":\"ListItem\",\"position\":2,\"name\":\"Mehr St\u00fcrze bei Menschen mit Alzheimer-Demenz\"}]},{\"@type\":\"WebSite\",\"@id\":\"\\\/#website\",\"url\":\"\\\/\",\"name\":\"digiDEM Bayern\",\"description\":\"Das digitale Demenzregister Bayern erforscht und verbessert die Angebotsstuktur f\u00fcr Menschen mit Demenz und deren Angeh\u00f6rige\",\"publisher\":{\"@id\":\"\\\/#organization\"},\"potentialAction\":[{\"@type\":\"SearchAction\",\"target\":{\"@type\":\"EntryPoint\",\"urlTemplate\":\"\\\/?s={search_term_string}\"},\"query-input\":{\"@type\":\"PropertyValueSpecification\",\"valueRequired\":true,\"valueName\":\"search_term_string\"}}],\"inLanguage\":\"en-US\"},{\"@type\":\"Organization\",\"@id\":\"\\\/#organization\",\"name\":\"digiDEM Bayern\",\"url\":\"\\\/\",\"logo\":{\"@type\":\"ImageObject\",\"inLanguage\":\"en-US\",\"@id\":\"\\\/#\\\/schema\\\/logo\\\/image\\\/\",\"url\":\"https:\\\/\\\/digidem-bayern.de\\\/wp-content\\\/uploads\\\/2022\\\/03\\\/cropped-Allgemeines_digiDEMLOGO-removebg-preview.png\",\"contentUrl\":\"https:\\\/\\\/digidem-bayern.de\\\/wp-content\\\/uploads\\\/2022\\\/03\\\/cropped-Allgemeines_digiDEMLOGO-removebg-preview.png\",\"width\":612,\"height\":357,\"caption\":\"digiDEM Bayern\"},\"image\":{\"@id\":\"\\\/#\\\/schema\\\/logo\\\/image\\\/\"},\"sameAs\":[\"https:\\\/\\\/www.facebook.com\\\/digiDEMBayern\\\/\",\"https:\\\/\\\/x.com\\\/digidem_bayern\",\"https:\\\/\\\/www.instagram.com\\\/digidem.bayern\",\"https:\\\/\\\/www.linkedin.com\\\/company\\\/digidem-bayern\\\/\"]},{\"@type\":\"Person\",\"@id\":\"\\\/#\\\/schema\\\/person\\\/0bc1494f46fc2a051c761322a80e0941\",\"name\":\"Ilona H\u00f6rath\",\"url\":\"https:\\\/\\\/digidem-bayern.de\\\/en\\\/author\\\/hoeratia\\\/\"}]}<\/script>\n<!-- \/ Yoast SEO plugin. -->","yoast_head_json":{"title":"Mehr St\u00fcrze bei Menschen mit Alzheimer-Demenz - digiDEM Bayern","description":"Der Bayerische Landesapothekerkammer unterst\u00fctzt digiDEM Bayern mit Hilfe des Netzwerks \"Demenzfreundliche Apotheken\".","robots":{"index":"index","follow":"follow","max-snippet":"max-snippet:-1","max-image-preview":"max-image-preview:large","max-video-preview":"max-video-preview:-1"},"canonical":"https:\/\/digidem-bayern.de\/en\/mehr-stuerze-bei-menschen-mit-alzheimer-demenz\/","og_locale":"en_US","og_type":"article","og_title":"Mehr St\u00fcrze bei Menschen mit Alzheimer-Demenz - digiDEM Bayern","og_description":"Der Bayerische Landesapothekerkammer unterst\u00fctzt digiDEM Bayern mit Hilfe des Netzwerks \"Demenzfreundliche Apotheken\".","og_url":"https:\/\/digidem-bayern.de\/en\/mehr-stuerze-bei-menschen-mit-alzheimer-demenz\/","og_site_name":"digiDEM Bayern","article_publisher":"https:\/\/www.facebook.com\/digiDEMBayern\/","article_published_time":"2024-11-28T10:45:00+00:00","article_modified_time":"2025-02-05T17:17:16+00:00","og_image":[{"width":1000,"height":667,"url":"https:\/\/digidem-bayern.de\/wp-content\/uploads\/2024\/11\/shutterstock_Stuerze-AD-Pat-23102933971.jpg","type":"image\/jpeg"}],"author":"Ilona H\u00f6rath","twitter_misc":{"Written by":"Ilona H\u00f6rath","Est. reading time":"2 minutes"},"schema":{"@context":"https:\/\/schema.org","@graph":[{"@type":"Article","@id":"https:\/\/digidem-bayern.de\/mehr-stuerze-bei-menschen-mit-alzheimer-demenz\/#article","isPartOf":{"@id":"https:\/\/digidem-bayern.de\/mehr-stuerze-bei-menschen-mit-alzheimer-demenz\/"},"author":{"name":"Ilona H\u00f6rath","@id":"\/#\/schema\/person\/0bc1494f46fc2a051c761322a80e0941"},"headline":"Mehr St\u00fcrze bei Menschen mit Alzheimer-Demenz","datePublished":"2024-11-28T10:45:00+00:00","dateModified":"2025-02-05T17:17:16+00:00","mainEntityOfPage":{"@id":"https:\/\/digidem-bayern.de\/mehr-stuerze-bei-menschen-mit-alzheimer-demenz\/"},"wordCount":284,"commentCount":0,"publisher":{"@id":"\/#organization"},"image":{"@id":"https:\/\/digidem-bayern.de\/mehr-stuerze-bei-menschen-mit-alzheimer-demenz\/#primaryimage"},"thumbnailUrl":"https:\/\/digidem-bayern.de\/wp-content\/uploads\/2024\/11\/shutterstock_Stuerze-AD-Pat-23102933971.jpg","keywords":["Alzheimer","Alzheimer-Demenz","Demenz","Demenzdiagnose","digidem","digidem Bayern","Digitales Demenzregister Bayern","Geriatrics","Hausarzt","kognitive Beeintr\u00e4chtigung","kognitive Funktion","Lebensqualit\u00e4t","Routineuntersuchung","Sturz","St\u00fcrze","Sturzpr\u00e4vention","Sturzprophylaxe","Sturzrisiko","Verletzungen"],"articleSection":["Wissenschaft &amp; Forschung"],"inLanguage":"en-US","potentialAction":[{"@type":"CommentAction","name":"Comment","target":["https:\/\/digidem-bayern.de\/mehr-stuerze-bei-menschen-mit-alzheimer-demenz\/#respond"]}]},{"@type":"WebPage","@id":"https:\/\/digidem-bayern.de\/mehr-stuerze-bei-menschen-mit-alzheimer-demenz\/","url":"https:\/\/digidem-bayern.de\/mehr-stuerze-bei-menschen-mit-alzheimer-demenz\/","name":"Mehr St\u00fcrze bei Menschen mit Alzheimer-Demenz - digiDEM Bayern","isPartOf":{"@id":"\/#website"},"primaryImageOfPage":{"@id":"https:\/\/digidem-bayern.de\/mehr-stuerze-bei-menschen-mit-alzheimer-demenz\/#primaryimage"},"image":{"@id":"https:\/\/digidem-bayern.de\/mehr-stuerze-bei-menschen-mit-alzheimer-demenz\/#primaryimage"},"thumbnailUrl":"https:\/\/digidem-bayern.de\/wp-content\/uploads\/2024\/11\/shutterstock_Stuerze-AD-Pat-23102933971.jpg","datePublished":"2024-11-28T10:45:00+00:00","dateModified":"2025-02-05T17:17:16+00:00","description":"Der Bayerische Landesapothekerkammer unterst\u00fctzt digiDEM Bayern mit Hilfe des Netzwerks \"Demenzfreundliche Apotheken\".","breadcrumb":{"@id":"https:\/\/digidem-bayern.de\/mehr-stuerze-bei-menschen-mit-alzheimer-demenz\/#breadcrumb"},"inLanguage":"en-US","potentialAction":[{"@type":"ReadAction","target":["https:\/\/digidem-bayern.de\/mehr-stuerze-bei-menschen-mit-alzheimer-demenz\/"]}]},{"@type":"ImageObject","inLanguage":"en-US","@id":"https:\/\/digidem-bayern.de\/mehr-stuerze-bei-menschen-mit-alzheimer-demenz\/#primaryimage","url":"https:\/\/digidem-bayern.de\/wp-content\/uploads\/2024\/11\/shutterstock_Stuerze-AD-Pat-23102933971.jpg","contentUrl":"https:\/\/digidem-bayern.de\/wp-content\/uploads\/2024\/11\/shutterstock_Stuerze-AD-Pat-23102933971.jpg","width":1000,"height":667,"caption":"Foto: Shutterstock"},{"@type":"BreadcrumbList","@id":"https:\/\/digidem-bayern.de\/mehr-stuerze-bei-menschen-mit-alzheimer-demenz\/#breadcrumb","itemListElement":[{"@type":"ListItem","position":1,"name":"Startseite","item":"https:\/\/digidem-bayern.de\/"},{"@type":"ListItem","position":2,"name":"Mehr St\u00fcrze bei Menschen mit Alzheimer-Demenz"}]},{"@type":"WebSite","@id":"\/#website","url":"\/","name":"digiDEM Bavaria","description":"The digital dementia register in Bavaria researches and improves the structure of services for people with dementia and their relatives","publisher":{"@id":"\/#organization"},"potentialAction":[{"@type":"SearchAction","target":{"@type":"EntryPoint","urlTemplate":"\/?s={search_term_string}"},"query-input":{"@type":"PropertyValueSpecification","valueRequired":true,"valueName":"search_term_string"}}],"inLanguage":"en-US"},{"@type":"Organization","@id":"\/#organization","name":"digiDEM Bavaria","url":"\/","logo":{"@type":"ImageObject","inLanguage":"en-US","@id":"\/#\/schema\/logo\/image\/","url":"https:\/\/digidem-bayern.de\/wp-content\/uploads\/2022\/03\/cropped-Allgemeines_digiDEMLOGO-removebg-preview.png","contentUrl":"https:\/\/digidem-bayern.de\/wp-content\/uploads\/2022\/03\/cropped-Allgemeines_digiDEMLOGO-removebg-preview.png","width":612,"height":357,"caption":"digiDEM Bayern"},"image":{"@id":"\/#\/schema\/logo\/image\/"},"sameAs":["https:\/\/www.facebook.com\/digiDEMBayern\/","https:\/\/x.com\/digidem_bayern","https:\/\/www.instagram.com\/digidem.bayern","https:\/\/www.linkedin.com\/company\/digidem-bayern\/"]},{"@type":"Person","@id":"\/#\/schema\/person\/0bc1494f46fc2a051c761322a80e0941","name":"Ilona H\u00f6rath","url":"https:\/\/digidem-bayern.de\/en\/author\/hoeratia\/"}]}},"uagb_featured_image_src":{"full":["https:\/\/digidem-bayern.de\/wp-content\/uploads\/2024\/11\/shutterstock_Stuerze-AD-Pat-23102933971.jpg",1000,667,false],"thumbnail":["https:\/\/digidem-bayern.de\/wp-content\/uploads\/2024\/11\/shutterstock_Stuerze-AD-Pat-23102933971-80x80.jpg",80,80,true],"medium":["https:\/\/digidem-bayern.de\/wp-content\/uploads\/2024\/11\/shutterstock_Stuerze-AD-Pat-23102933971-300x200.jpg",300,200,true],"medium_large":["https:\/\/digidem-bayern.de\/wp-content\/uploads\/2024\/11\/shutterstock_Stuerze-AD-Pat-23102933971-768x512.jpg",768,512,true],"large":["https:\/\/digidem-bayern.de\/wp-content\/uploads\/2024\/11\/shutterstock_Stuerze-AD-Pat-23102933971.jpg",1000,667,false],"1536x1536":["https:\/\/digidem-bayern.de\/wp-content\/uploads\/2024\/11\/shutterstock_Stuerze-AD-Pat-23102933971.jpg",1000,667,false],"2048x2048":["https:\/\/digidem-bayern.de\/wp-content\/uploads\/2024\/11\/shutterstock_Stuerze-AD-Pat-23102933971.jpg",1000,667,false],"trp-custom-language-flag":["https:\/\/digidem-bayern.de\/wp-content\/uploads\/2024\/11\/shutterstock_Stuerze-AD-Pat-23102933971.jpg",18,12,false],"qubely_landscape":["https:\/\/digidem-bayern.de\/wp-content\/uploads\/2024\/11\/shutterstock_Stuerze-AD-Pat-23102933971.jpg",1000,667,false],"qubely_portrait":["https:\/\/digidem-bayern.de\/wp-content\/uploads\/2024\/11\/shutterstock_Stuerze-AD-Pat-23102933971-540x320.jpg",540,320,true],"qubely_thumbnail":["https:\/\/digidem-bayern.de\/wp-content\/uploads\/2024\/11\/shutterstock_Stuerze-AD-Pat-23102933971-140x100.jpg",140,100,true],"post-thumbnail":["https:\/\/digidem-bayern.de\/wp-content\/uploads\/2024\/11\/shutterstock_Stuerze-AD-Pat-23102933971-525x350.jpg",525,350,true],"kahuna-featured":["https:\/\/digidem-bayern.de\/wp-content\/uploads\/2024\/11\/shutterstock_Stuerze-AD-Pat-23102933971-734x350.jpg",734,350,true],"kahuna-featured-lp":["https:\/\/digidem-bayern.de\/wp-content\/uploads\/2024\/11\/shutterstock_Stuerze-AD-Pat-23102933971-520x350.jpg",520,350,true],"kahuna-featured-half":["https:\/\/digidem-bayern.de\/wp-content\/uploads\/2024\/11\/shutterstock_Stuerze-AD-Pat-23102933971-800x350.jpg",800,350,true],"kahuna-featured-third":["https:\/\/digidem-bayern.de\/wp-content\/uploads\/2024\/11\/shutterstock_Stuerze-AD-Pat-23102933971-512x350.jpg",512,350,true],"kahuna-lpbox-1":["https:\/\/digidem-bayern.de\/wp-content\/uploads\/2024\/11\/shutterstock_Stuerze-AD-Pat-23102933971-520x300.jpg",520,300,true],"kahuna-lpbox-2":["https:\/\/digidem-bayern.de\/wp-content\/uploads\/2024\/11\/shutterstock_Stuerze-AD-Pat-23102933971-520x350.jpg",520,350,true],"demand-language-flag":["https:\/\/digidem-bayern.de\/wp-content\/uploads\/2024\/11\/shutterstock_Stuerze-AD-Pat-23102933971-36x36.jpg",36,36,true],"dddkt-language-flag":["https:\/\/digidem-bayern.de\/wp-content\/uploads\/2024\/11\/shutterstock_Stuerze-AD-Pat-23102933971-36x36.jpg",36,36,true],"ddiqc-language-flag":["https:\/\/digidem-bayern.de\/wp-content\/uploads\/2024\/11\/shutterstock_Stuerze-AD-Pat-23102933971-36x36.jpg",36,36,true],"ddtl-language-flag":["https:\/\/digidem-bayern.de\/wp-content\/uploads\/2024\/11\/shutterstock_Stuerze-AD-Pat-23102933971-36x36.jpg",36,36,true],"mailpoet_newsletter_max":["https:\/\/digidem-bayern.de\/wp-content\/uploads\/2024\/11\/shutterstock_Stuerze-AD-Pat-23102933971.jpg",1000,667,false],"kahuna-lpbox-3":["https:\/\/digidem-bayern.de\/wp-content\/uploads\/2024\/11\/shutterstock_Stuerze-AD-Pat-23102933971-520x350.jpg",520,350,true],"kahuna-featured-square":["https:\/\/digidem-bayern.de\/wp-content\/uploads\/2024\/11\/shutterstock_Stuerze-AD-Pat-23102933971-512x512.jpg",512,512,true],"kahuna-featured-square-large":["https:\/\/digidem-bayern.de\/wp-content\/uploads\/2024\/11\/shutterstock_Stuerze-AD-Pat-23102933971.jpg",1000,667,false]},"uagb_author_info":{"display_name":"Ilona H\u00f6rath","author_link":"https:\/\/digidem-bayern.de\/en\/author\/hoeratia\/"},"uagb_comment_info":2,"uagb_excerpt":"Menschen mit Alzheimer-Demenz st\u00fcrzen h\u00e4ufiger als ihre kognitiv gesunden Mitmenschen. Diese Erkenntnis haben nun Forschende aus den USA mit Hilfe einer gro\u00dfen \u00dcbersichtsarbeit untermauert. Darin fassten sie Daten zur H\u00e4ufigkeit und Anzahl von St\u00fcrzen, die Wiederholungsrate von St\u00fcrzen und die Anzahl der St\u00fcrze, die Verletzungen hervorriefen, zusammen. Verletzten sich \u00e4ltere &hellip;","_links":{"self":[{"href":"https:\/\/digidem-bayern.de\/en\/wp-json\/wp\/v2\/posts\/40081","targetHints":{"allow":["GET"]}}],"collection":[{"href":"https:\/\/digidem-bayern.de\/en\/wp-json\/wp\/v2\/posts"}],"about":[{"href":"https:\/\/digidem-bayern.de\/en\/wp-json\/wp\/v2\/types\/post"}],"author":[{"embeddable":true,"href":"https:\/\/digidem-bayern.de\/en\/wp-json\/wp\/v2\/users\/12"}],"replies":[{"embeddable":true,"href":"https:\/\/digidem-bayern.de\/en\/wp-json\/wp\/v2\/comments?post=40081"}],"version-history":[{"count":4,"href":"https:\/\/digidem-bayern.de\/en\/wp-json\/wp\/v2\/posts\/40081\/revisions"}],"predecessor-version":[{"id":40104,"href":"https:\/\/digidem-bayern.de\/en\/wp-json\/wp\/v2\/posts\/40081\/revisions\/40104"}],"wp:featuredmedia":[{"embeddable":true,"href":"https:\/\/digidem-bayern.de\/en\/wp-json\/wp\/v2\/media\/40101"}],"wp:attachment":[{"href":"https:\/\/digidem-bayern.de\/en\/wp-json\/wp\/v2\/media?parent=40081"}],"wp:term":[{"taxonomy":"category","embeddable":true,"href":"https:\/\/digidem-bayern.de\/en\/wp-json\/wp\/v2\/categories?post=40081"},{"taxonomy":"post_tag","embeddable":true,"href":"https:\/\/digidem-bayern.de\/en\/wp-json\/wp\/v2\/tags?post=40081"}],"curies":[{"name":"wp","href":"https:\/\/api.w.org\/{rel}","templated":true}]}}