{"id":40074,"date":"2024-11-28T11:35:00","date_gmt":"2024-11-28T10:35:00","guid":{"rendered":"https:\/\/digidem-bayern.de\/?p=40074"},"modified":"2025-02-05T18:18:10","modified_gmt":"2025-02-05T17:18:10","slug":"stuerze-als-anzeichen-einer-demenz","status":"publish","type":"post","link":"https:\/\/digidem-bayern.de\/en\/stuerze-als-anzeichen-einer-demenz\/","title":{"rendered":"St\u00fcrze als Anzeichen einer Demenz"},"content":{"rendered":"<p><strong>Wie hoch ist das Risiko eines \u00e4lteren Menschen, nach einem Sturz eine Demenz zu entwickeln? Forschende aus den USA fanden heraus: Bei 10,6 Prozent der Patientinnen und Patienten, die wegen eines Sturzes behandelt wurden, wurde innerhalb eines Jahres eine Demenz diagnostiziert.&nbsp;<\/strong><span style=\"caret-color: rgb(0, 0, 0); color: rgb(0, 0, 0); font-family: -webkit-standard; font-size: medium; white-space: normal;\"><\/span><\/p>\n\n\n\n<p>Vorangegangene Studien haben bereits einen Zusammenhang zwischen leichten kognitiven Beeintr\u00e4chtigungen, die eine Vorstufe der Alzheimer-Krankheit und verwandter Demenzerkrankungen sein k\u00f6nnen, und einem erh\u00f6hten Sturzrisiko festgestellt.&nbsp;Wie wichtig Sturzpr\u00e4vention im Alter ist, unterstreicht eine im September 2024 ver\u00f6ffentlichte Studie&nbsp;aus den USA.&nbsp;Demnach werden Neudiagnosen von Alzheimer-Demenz und verwandten Demenzerkrankungen nach einem Sturz h\u00e4ufiger gestellt als nach Verletzungen aus anderen Gr\u00fcnden.&nbsp;<\/p>\n\n\n<div class=\"wp-block-image\">\n<figure class=\"alignright size-full is-resized\"><img loading=\"lazy\" decoding=\"async\" width=\"1000\" height=\"667\" src=\"https:\/\/digidem-bayern.de\/wp-content\/uploads\/2024\/11\/shutterstock_Treppe-AD-Patienten-1983040364.jpg\" alt=\"Forschende aus den USA fanden heraus: Bei 10,6 Prozent der Patientinnen und Patienten, die wegen eines Sturzes behandelt wurden, wurde innerhalb eines Jahres eine Demenz diagnostiziert.\" class=\"wp-image-40086\" style=\"width:617px;height:auto\" srcset=\"https:\/\/digidem-bayern.de\/wp-content\/uploads\/2024\/11\/shutterstock_Treppe-AD-Patienten-1983040364.jpg 1000w, https:\/\/digidem-bayern.de\/wp-content\/uploads\/2024\/11\/shutterstock_Treppe-AD-Patienten-1983040364-300x200.jpg 300w, https:\/\/digidem-bayern.de\/wp-content\/uploads\/2024\/11\/shutterstock_Treppe-AD-Patienten-1983040364-768x512.jpg 768w, https:\/\/digidem-bayern.de\/wp-content\/uploads\/2024\/11\/shutterstock_Treppe-AD-Patienten-1983040364-525x350.jpg 525w\" sizes=\"auto, (max-width: 1000px) 100vw, 1000px\" \/><figcaption class=\"wp-element-caption\">Foto: Shutterstock<\/figcaption><\/figure>\n<\/div>\n\n\n<p><strong>Um 21 Prozent erh\u00f6htes Demenzrisiko<\/strong><\/p>\n\n\n\n<p>So wurde bei 10,6 Prozent der Patientinnen und Patienten, die einen Sturz erlitten hatten, innerhalb eines Jahres eine Demenz festgestellt. \u201eIm Vergleich zu anderen Verletzungen war ein Sturz mit einem um&nbsp;21 Prozent erh\u00f6hten Risiko f\u00fcr eine sp\u00e4tere Demenzdiagnose verbunden\u201c, hei\u00dft es in der Publikation, die im August 2024 im Fachmagazin&nbsp;<em>Geriatrics<\/em>&nbsp;erschienen ist.&nbsp;<\/p>\n\n\n\n<p>Untersucht hatten die Forschenden das Risiko einer Demenzdiagnose bei 2.453.655 \u00e4lteren Erwachsenen in den USA, die eine traumatische Verletzung erlitten hatten. Dazu z\u00e4hlen sowohl Verletzungen, die durch einen Sturz entstanden sind als auch Verletzungen&nbsp;durch ein von au\u00dfen einwirkendes Ereignis. Angesichts der Wechselwirkungen zwischen St\u00fcrzen und kognitiver Beeintr\u00e4chtigung sei es m\u00f6glich, so die Forschenden, dass St\u00fcrze als \u201eVorboten eines zuk\u00fcnftigen Demenzrisikos dienen\u201c. Ein solcher Befund k\u00f6nnte bei der Fr\u00fchdiagnose von Demenz helfen.<\/p>\n\n\n\n<p><strong>Unterschiedliche Erkl\u00e4rungen<\/strong><\/p>\n\n\n\n<p>Als eine m\u00f6gliche Erkl\u00e4rung geben die Forschenden an, dass Patienten, die gest\u00fcrzt sind, an einer zugrundeliegenden Demenz litten. Diese sei bis zum Zeitpunkt des Sturzes nicht diagnostiziert worden.&nbsp;\u201eEin Sturz f\u00fchrt zu Kontakt mit dem Gesundheitssystem, was bei Patienten mit zuvor nicht diagnostizierter Demenz zu einer Demenzdiagnose f\u00fchren kann.\u201c Eine weitere m\u00f6gliche Erkl\u00e4rung: Patientinnen und Patienten, die gest\u00fcrzt sind und bei denen sp\u00e4ter Demenz diagnostiziert wird, h\u00e4tten zum Zeitpunkt des Sturzes bereits leichte kognitive Beeintr\u00e4chtigungen \u2013 eine Vorstufe der Demenz \u2013 aufgewiesen.<\/p>\n\n\n\n<p>Die Forschenden stellen fest, dass das Risiko, nach einem Sturz sp\u00e4ter an Demenz zu erkranken, bei \u00e4lteren Erwachsenen ohne k\u00fcrzliche Unterbringung in einer Pflegeeinrichtung h\u00f6her ist als bei jenen, die zuvor in einer solchen Einrichtung untergebracht waren.<\/p>\n\n\n\n<p><strong>F\u00fcr die Zukunft planen<\/strong><\/p>\n\n\n\n<p>W\u00fcrden nach einem Sturz einer \u00e4lteren Person kognitive Screenings durchgef\u00fchrt werden, k\u00f6nne dies zu einer rechtzeitigen Diagnose von Demenz beitragen. Dies erm\u00f6gliche den Betroffenen und ihren Familien, f\u00fcr die Zukunft zu planen, \u201eMa\u00dfnahmen zur F\u00f6rderung der anhaltenden Sicherheit in der Gemeinschaft zu ergreifen und Zugang zu Behandlungen zu erhalten.\u201c<\/p>\n\n\n\n<p><strong>Tipp f\u00fcr die Praxis<\/strong>: St\u00fcrzen \u00e4ltere Erwachsene und ziehen sich eine traumatische und behandlungsbed\u00fcrftige&nbsp;Verletzung zu, sollte ein kognitives Screening durchgef\u00fchrt werden.<\/p>\n\n\n\n<p>Hier geht&#8217;s zur Studie:<\/p>\n\n\n\n<p><a href=\"https:\/\/jamanetwork.com\/journals\/jamanetworkopen\/fullarticle\/2824208\">Risk of Dementia Diagnosis After Injurious Falls in Older Adults<\/a>&nbsp;<\/p>\n\n\n\n<p><\/p>\n\n\n\n<p><\/p>\n\n\n\n<div style=\"height:20px\" aria-hidden=\"true\" class=\"wp-block-spacer\"><\/div>\n\n\n\n<div style=\"height:20px\" aria-hidden=\"true\" class=\"wp-block-spacer\"><\/div>\n\n\n\n<p><\/p>","protected":false},"excerpt":{"rendered":"<p>Wie hoch ist das Risiko eines \u00e4lteren Menschen, nach einem Sturz eine Demenz zu entwickeln? Forschende aus den USA fanden heraus: Bei 10,6 Prozent der Patientinnen und Patienten, die wegen eines Sturzes behandelt wurden, wurde innerhalb eines Jahres eine Demenz diagnostiziert.&nbsp; Vorangegangene Studien haben bereits einen Zusammenhang zwischen leichten kognitiven &hellip;<\/p>","protected":false},"author":12,"featured_media":40086,"comment_status":"open","ping_status":"closed","sticky":false,"template":"","format":"standard","meta":{"qubely_global_settings":"","qubely_interactions":"","_uag_custom_page_level_css":"","footnotes":""},"categories":[5],"tags":[13,12,112,14,17,55,1293,330,486,143,1291,71,608,1292,1130,1295,1294],"class_list":["post-40074","post","type-post","status-publish","format-standard","has-post-thumbnail","hentry","category-wissenschaft-forschung","tag-alzheimer","tag-demenz-2","tag-demenzdiagnose","tag-digidem","tag-digidem-bayern","tag-digitales-demenzregister-bayern","tag-geriatrics","tag-kognitive-beeintraechtigung","tag-lebensqualitaet","tag-screening","tag-sturz","tag-stuerze","tag-sturzpraevention","tag-sturzprophylaxe","tag-sturzrisiko","tag-traumatisch","tag-verletzung"],"qubely_featured_image_url":{"full":["https:\/\/digidem-bayern.de\/wp-content\/uploads\/2024\/11\/shutterstock_Treppe-AD-Patienten-1983040364.jpg",1000,667,false],"landscape":["https:\/\/digidem-bayern.de\/wp-content\/uploads\/2024\/11\/shutterstock_Treppe-AD-Patienten-1983040364.jpg",1000,667,false],"portraits":["https:\/\/digidem-bayern.de\/wp-content\/uploads\/2024\/11\/shutterstock_Treppe-AD-Patienten-1983040364-540x320.jpg",540,320,true],"thumbnail":["https:\/\/digidem-bayern.de\/wp-content\/uploads\/2024\/11\/shutterstock_Treppe-AD-Patienten-1983040364-80x80.jpg",80,80,true],"medium":["https:\/\/digidem-bayern.de\/wp-content\/uploads\/2024\/11\/shutterstock_Treppe-AD-Patienten-1983040364-300x200.jpg",300,200,true],"medium_large":["https:\/\/digidem-bayern.de\/wp-content\/uploads\/2024\/11\/shutterstock_Treppe-AD-Patienten-1983040364-768x512.jpg",768,512,true],"large":["https:\/\/digidem-bayern.de\/wp-content\/uploads\/2024\/11\/shutterstock_Treppe-AD-Patienten-1983040364.jpg",1000,667,false],"1536x1536":["https:\/\/digidem-bayern.de\/wp-content\/uploads\/2024\/11\/shutterstock_Treppe-AD-Patienten-1983040364.jpg",1000,667,false],"2048x2048":["https:\/\/digidem-bayern.de\/wp-content\/uploads\/2024\/11\/shutterstock_Treppe-AD-Patienten-1983040364.jpg",1000,667,false],"trp-custom-language-flag":["https:\/\/digidem-bayern.de\/wp-content\/uploads\/2024\/11\/shutterstock_Treppe-AD-Patienten-1983040364.jpg",18,12,false],"qubely_landscape":["https:\/\/digidem-bayern.de\/wp-content\/uploads\/2024\/11\/shutterstock_Treppe-AD-Patienten-1983040364.jpg",1000,667,false],"qubely_portrait":["https:\/\/digidem-bayern.de\/wp-content\/uploads\/2024\/11\/shutterstock_Treppe-AD-Patienten-1983040364-540x320.jpg",540,320,true],"qubely_thumbnail":["https:\/\/digidem-bayern.de\/wp-content\/uploads\/2024\/11\/shutterstock_Treppe-AD-Patienten-1983040364-140x100.jpg",140,100,true],"post-thumbnail":["https:\/\/digidem-bayern.de\/wp-content\/uploads\/2024\/11\/shutterstock_Treppe-AD-Patienten-1983040364-525x350.jpg",525,350,true],"kahuna-featured":["https:\/\/digidem-bayern.de\/wp-content\/uploads\/2024\/11\/shutterstock_Treppe-AD-Patienten-1983040364-734x350.jpg",734,350,true],"kahuna-featured-lp":["https:\/\/digidem-bayern.de\/wp-content\/uploads\/2024\/11\/shutterstock_Treppe-AD-Patienten-1983040364-520x350.jpg",520,350,true],"kahuna-featured-half":["https:\/\/digidem-bayern.de\/wp-content\/uploads\/2024\/11\/shutterstock_Treppe-AD-Patienten-1983040364-800x350.jpg",800,350,true],"kahuna-featured-third":["https:\/\/digidem-bayern.de\/wp-content\/uploads\/2024\/11\/shutterstock_Treppe-AD-Patienten-1983040364-512x350.jpg",512,350,true],"kahuna-lpbox-1":["https:\/\/digidem-bayern.de\/wp-content\/uploads\/2024\/11\/shutterstock_Treppe-AD-Patienten-1983040364-520x300.jpg",520,300,true],"kahuna-lpbox-2":["https:\/\/digidem-bayern.de\/wp-content\/uploads\/2024\/11\/shutterstock_Treppe-AD-Patienten-1983040364-520x350.jpg",520,350,true],"demand-language-flag":["https:\/\/digidem-bayern.de\/wp-content\/uploads\/2024\/11\/shutterstock_Treppe-AD-Patienten-1983040364-36x36.jpg",36,36,true],"dddkt-language-flag":["https:\/\/digidem-bayern.de\/wp-content\/uploads\/2024\/11\/shutterstock_Treppe-AD-Patienten-1983040364-36x36.jpg",36,36,true],"ddiqc-language-flag":["https:\/\/digidem-bayern.de\/wp-content\/uploads\/2024\/11\/shutterstock_Treppe-AD-Patienten-1983040364-36x36.jpg",36,36,true],"ddtl-language-flag":["https:\/\/digidem-bayern.de\/wp-content\/uploads\/2024\/11\/shutterstock_Treppe-AD-Patienten-1983040364-36x36.jpg",36,36,true],"mailpoet_newsletter_max":["https:\/\/digidem-bayern.de\/wp-content\/uploads\/2024\/11\/shutterstock_Treppe-AD-Patienten-1983040364.jpg",1000,667,false],"kahuna-lpbox-3":["https:\/\/digidem-bayern.de\/wp-content\/uploads\/2024\/11\/shutterstock_Treppe-AD-Patienten-1983040364-520x350.jpg",520,350,true],"kahuna-featured-square":["https:\/\/digidem-bayern.de\/wp-content\/uploads\/2024\/11\/shutterstock_Treppe-AD-Patienten-1983040364-512x512.jpg",512,512,true],"kahuna-featured-square-large":["https:\/\/digidem-bayern.de\/wp-content\/uploads\/2024\/11\/shutterstock_Treppe-AD-Patienten-1983040364.jpg",1000,667,false]},"qubely_author":{"display_name":"Ilona H\u00f6rath","author_link":"https:\/\/digidem-bayern.de\/en\/author\/hoeratia\/"},"qubely_comment":0,"qubely_category":"<a href=\"https:\/\/digidem-bayern.de\/en\/category\/wissenschaft-forschung\/\" rel=\"category tag\">Wissenschaft &amp; Forschung<\/a>","qubely_excerpt":"Wie hoch ist das Risiko eines \u00e4lteren Menschen, nach einem Sturz eine Demenz zu entwickeln? Forschende aus den USA fanden heraus: Bei 10,6 Prozent der Patientinnen und Patienten, die wegen eines Sturzes behandelt wurden, wurde innerhalb eines Jahres eine Demenz diagnostiziert.&nbsp; Vorangegangene Studien haben bereits einen Zusammenhang zwischen leichten kognitiven &hellip;","featured_image_urls_v2":{"full":["https:\/\/digidem-bayern.de\/wp-content\/uploads\/2024\/11\/shutterstock_Treppe-AD-Patienten-1983040364.jpg",1000,667,false],"thumbnail":["https:\/\/digidem-bayern.de\/wp-content\/uploads\/2024\/11\/shutterstock_Treppe-AD-Patienten-1983040364-80x80.jpg",80,80,true],"medium":["https:\/\/digidem-bayern.de\/wp-content\/uploads\/2024\/11\/shutterstock_Treppe-AD-Patienten-1983040364-300x200.jpg",300,200,true],"medium_large":["https:\/\/digidem-bayern.de\/wp-content\/uploads\/2024\/11\/shutterstock_Treppe-AD-Patienten-1983040364-768x512.jpg",768,512,true],"large":["https:\/\/digidem-bayern.de\/wp-content\/uploads\/2024\/11\/shutterstock_Treppe-AD-Patienten-1983040364.jpg",1000,667,false],"1536x1536":["https:\/\/digidem-bayern.de\/wp-content\/uploads\/2024\/11\/shutterstock_Treppe-AD-Patienten-1983040364.jpg",1000,667,false],"2048x2048":["https:\/\/digidem-bayern.de\/wp-content\/uploads\/2024\/11\/shutterstock_Treppe-AD-Patienten-1983040364.jpg",1000,667,false],"trp-custom-language-flag":["https:\/\/digidem-bayern.de\/wp-content\/uploads\/2024\/11\/shutterstock_Treppe-AD-Patienten-1983040364.jpg",18,12,false],"qubely_landscape":["https:\/\/digidem-bayern.de\/wp-content\/uploads\/2024\/11\/shutterstock_Treppe-AD-Patienten-1983040364.jpg",1000,667,false],"qubely_portrait":["https:\/\/digidem-bayern.de\/wp-content\/uploads\/2024\/11\/shutterstock_Treppe-AD-Patienten-1983040364-540x320.jpg",540,320,true],"qubely_thumbnail":["https:\/\/digidem-bayern.de\/wp-content\/uploads\/2024\/11\/shutterstock_Treppe-AD-Patienten-1983040364-140x100.jpg",140,100,true],"post-thumbnail":["https:\/\/digidem-bayern.de\/wp-content\/uploads\/2024\/11\/shutterstock_Treppe-AD-Patienten-1983040364-525x350.jpg",525,350,true],"kahuna-featured":["https:\/\/digidem-bayern.de\/wp-content\/uploads\/2024\/11\/shutterstock_Treppe-AD-Patienten-1983040364-734x350.jpg",734,350,true],"kahuna-featured-lp":["https:\/\/digidem-bayern.de\/wp-content\/uploads\/2024\/11\/shutterstock_Treppe-AD-Patienten-1983040364-520x350.jpg",520,350,true],"kahuna-featured-half":["https:\/\/digidem-bayern.de\/wp-content\/uploads\/2024\/11\/shutterstock_Treppe-AD-Patienten-1983040364-800x350.jpg",800,350,true],"kahuna-featured-third":["https:\/\/digidem-bayern.de\/wp-content\/uploads\/2024\/11\/shutterstock_Treppe-AD-Patienten-1983040364-512x350.jpg",512,350,true],"kahuna-lpbox-1":["https:\/\/digidem-bayern.de\/wp-content\/uploads\/2024\/11\/shutterstock_Treppe-AD-Patienten-1983040364-520x300.jpg",520,300,true],"kahuna-lpbox-2":["https:\/\/digidem-bayern.de\/wp-content\/uploads\/2024\/11\/shutterstock_Treppe-AD-Patienten-1983040364-520x350.jpg",520,350,true],"demand-language-flag":["https:\/\/digidem-bayern.de\/wp-content\/uploads\/2024\/11\/shutterstock_Treppe-AD-Patienten-1983040364-36x36.jpg",36,36,true],"dddkt-language-flag":["https:\/\/digidem-bayern.de\/wp-content\/uploads\/2024\/11\/shutterstock_Treppe-AD-Patienten-1983040364-36x36.jpg",36,36,true],"ddiqc-language-flag":["https:\/\/digidem-bayern.de\/wp-content\/uploads\/2024\/11\/shutterstock_Treppe-AD-Patienten-1983040364-36x36.jpg",36,36,true],"ddtl-language-flag":["https:\/\/digidem-bayern.de\/wp-content\/uploads\/2024\/11\/shutterstock_Treppe-AD-Patienten-1983040364-36x36.jpg",36,36,true],"mailpoet_newsletter_max":["https:\/\/digidem-bayern.de\/wp-content\/uploads\/2024\/11\/shutterstock_Treppe-AD-Patienten-1983040364.jpg",1000,667,false],"kahuna-lpbox-3":["https:\/\/digidem-bayern.de\/wp-content\/uploads\/2024\/11\/shutterstock_Treppe-AD-Patienten-1983040364-520x350.jpg",520,350,true],"kahuna-featured-square":["https:\/\/digidem-bayern.de\/wp-content\/uploads\/2024\/11\/shutterstock_Treppe-AD-Patienten-1983040364-512x512.jpg",512,512,true],"kahuna-featured-square-large":["https:\/\/digidem-bayern.de\/wp-content\/uploads\/2024\/11\/shutterstock_Treppe-AD-Patienten-1983040364.jpg",1000,667,false]},"post_excerpt_stackable_v2":"<p>Wie hoch ist das Risiko eines \u00e4lteren Menschen, nach einem Sturz eine Demenz zu entwickeln? Forschende aus den USA fanden heraus: Bei 10,6 Prozent der Patientinnen und Patienten, die wegen eines Sturzes behandelt wurden, wurde innerhalb eines Jahres eine Demenz diagnostiziert.&nbsp; Vorangegangene Studien haben bereits einen Zusammenhang zwischen leichten kognitiven Beeintr\u00e4chtigungen, die eine Vorstufe der Alzheimer-Krankheit und verwandter Demenzerkrankungen sein k\u00f6nnen, und einem erh\u00f6hten Sturzrisiko festgestellt.&nbsp;Wie wichtig Sturzpr\u00e4vention im Alter ist, unterstreicht eine im September 2024 ver\u00f6ffentlichte Studie&nbsp;aus den USA.&nbsp;Demnach werden Neudiagnosen von Alzheimer-Demenz und verwandten Demenzerkrankungen nach einem Sturz h\u00e4ufiger gestellt als nach Verletzungen aus anderen Gr\u00fcnden.&nbsp; Foto: Shutterstock&hellip;<\/p>\n","category_list_v2":"<a href=\"https:\/\/digidem-bayern.de\/en\/category\/wissenschaft-forschung\/\" rel=\"category tag\">Wissenschaft &amp; Forschung<\/a>","author_info_v2":{"name":"Ilona H\u00f6rath","url":"https:\/\/digidem-bayern.de\/en\/author\/hoeratia\/"},"comments_num_v2":"0 comments","yoast_head":"<!-- This site is optimized with the Yoast SEO plugin v27.5 - https:\/\/yoast.com\/product\/yoast-seo-wordpress\/ -->\n<title>St\u00fcrze als Anzeichen einer Demenz - digiDEM Bayern<\/title>\n<meta name=\"description\" content=\"Der Bayerische Landesapothekerkammer unterst\u00fctzt digiDEM Bayern mit Hilfe des Netzwerks &quot;Demenzfreundliche Apotheken&quot;.\" \/>\n<meta name=\"robots\" content=\"index, follow, max-snippet:-1, max-image-preview:large, max-video-preview:-1\" \/>\n<link rel=\"canonical\" href=\"https:\/\/digidem-bayern.de\/en\/stuerze-als-anzeichen-einer-demenz\/\" \/>\n<meta property=\"og:locale\" content=\"en_US\" \/>\n<meta property=\"og:type\" content=\"article\" \/>\n<meta property=\"og:title\" content=\"St\u00fcrze als Anzeichen einer Demenz - digiDEM Bayern\" \/>\n<meta property=\"og:description\" content=\"Der Bayerische Landesapothekerkammer unterst\u00fctzt digiDEM Bayern mit Hilfe des Netzwerks &quot;Demenzfreundliche Apotheken&quot;.\" \/>\n<meta property=\"og:url\" content=\"https:\/\/digidem-bayern.de\/en\/stuerze-als-anzeichen-einer-demenz\/\" \/>\n<meta property=\"og:site_name\" content=\"digiDEM Bayern\" \/>\n<meta property=\"article:publisher\" content=\"https:\/\/www.facebook.com\/digiDEMBayern\/\" \/>\n<meta property=\"article:published_time\" content=\"2024-11-28T10:35:00+00:00\" \/>\n<meta property=\"article:modified_time\" content=\"2025-02-05T17:18:10+00:00\" \/>\n<meta property=\"og:image\" content=\"https:\/\/digidem-bayern.de\/wp-content\/uploads\/2024\/11\/shutterstock_Treppe-AD-Patienten-1983040364.jpg\" \/>\n\t<meta property=\"og:image:width\" content=\"1000\" \/>\n\t<meta property=\"og:image:height\" content=\"667\" \/>\n\t<meta property=\"og:image:type\" content=\"image\/jpeg\" \/>\n<meta name=\"author\" content=\"Ilona H\u00f6rath\" \/>\n<meta name=\"twitter:label1\" content=\"Written by\" \/>\n\t<meta name=\"twitter:data1\" content=\"Ilona H\u00f6rath\" \/>\n\t<meta name=\"twitter:label2\" content=\"Est. reading time\" \/>\n\t<meta name=\"twitter:data2\" content=\"2 minutes\" \/>\n<script type=\"application\/ld+json\" class=\"yoast-schema-graph\">{\"@context\":\"https:\\\/\\\/schema.org\",\"@graph\":[{\"@type\":\"Article\",\"@id\":\"https:\\\/\\\/digidem-bayern.de\\\/stuerze-als-anzeichen-einer-demenz\\\/#article\",\"isPartOf\":{\"@id\":\"https:\\\/\\\/digidem-bayern.de\\\/stuerze-als-anzeichen-einer-demenz\\\/\"},\"author\":{\"name\":\"Ilona H\u00f6rath\",\"@id\":\"\\\/#\\\/schema\\\/person\\\/0bc1494f46fc2a051c761322a80e0941\"},\"headline\":\"St\u00fcrze als Anzeichen einer Demenz\",\"datePublished\":\"2024-11-28T10:35:00+00:00\",\"dateModified\":\"2025-02-05T17:18:10+00:00\",\"mainEntityOfPage\":{\"@id\":\"https:\\\/\\\/digidem-bayern.de\\\/stuerze-als-anzeichen-einer-demenz\\\/\"},\"wordCount\":503,\"commentCount\":0,\"publisher\":{\"@id\":\"\\\/#organization\"},\"image\":{\"@id\":\"https:\\\/\\\/digidem-bayern.de\\\/stuerze-als-anzeichen-einer-demenz\\\/#primaryimage\"},\"thumbnailUrl\":\"https:\\\/\\\/digidem-bayern.de\\\/wp-content\\\/uploads\\\/2024\\\/11\\\/shutterstock_Treppe-AD-Patienten-1983040364.jpg\",\"keywords\":[\"Alzheimer\",\"Demenz\",\"Demenzdiagnose\",\"digidem\",\"digidem Bayern\",\"Digitales Demenzregister Bayern\",\"Geriatrics\",\"kognitive Beeintr\u00e4chtigung\",\"Lebensqualit\u00e4t\",\"Screening\",\"Sturz\",\"St\u00fcrze\",\"Sturzpr\u00e4vention\",\"Sturzprophylaxe\",\"Sturzrisiko\",\"traumatisch\",\"Verletzung\"],\"articleSection\":[\"Wissenschaft &amp; Forschung\"],\"inLanguage\":\"en-US\",\"potentialAction\":[{\"@type\":\"CommentAction\",\"name\":\"Comment\",\"target\":[\"https:\\\/\\\/digidem-bayern.de\\\/stuerze-als-anzeichen-einer-demenz\\\/#respond\"]}]},{\"@type\":\"WebPage\",\"@id\":\"https:\\\/\\\/digidem-bayern.de\\\/stuerze-als-anzeichen-einer-demenz\\\/\",\"url\":\"https:\\\/\\\/digidem-bayern.de\\\/stuerze-als-anzeichen-einer-demenz\\\/\",\"name\":\"St\u00fcrze als Anzeichen einer Demenz - digiDEM Bayern\",\"isPartOf\":{\"@id\":\"\\\/#website\"},\"primaryImageOfPage\":{\"@id\":\"https:\\\/\\\/digidem-bayern.de\\\/stuerze-als-anzeichen-einer-demenz\\\/#primaryimage\"},\"image\":{\"@id\":\"https:\\\/\\\/digidem-bayern.de\\\/stuerze-als-anzeichen-einer-demenz\\\/#primaryimage\"},\"thumbnailUrl\":\"https:\\\/\\\/digidem-bayern.de\\\/wp-content\\\/uploads\\\/2024\\\/11\\\/shutterstock_Treppe-AD-Patienten-1983040364.jpg\",\"datePublished\":\"2024-11-28T10:35:00+00:00\",\"dateModified\":\"2025-02-05T17:18:10+00:00\",\"description\":\"Der Bayerische Landesapothekerkammer unterst\u00fctzt digiDEM Bayern mit Hilfe des Netzwerks \\\"Demenzfreundliche Apotheken\\\".\",\"breadcrumb\":{\"@id\":\"https:\\\/\\\/digidem-bayern.de\\\/stuerze-als-anzeichen-einer-demenz\\\/#breadcrumb\"},\"inLanguage\":\"en-US\",\"potentialAction\":[{\"@type\":\"ReadAction\",\"target\":[\"https:\\\/\\\/digidem-bayern.de\\\/stuerze-als-anzeichen-einer-demenz\\\/\"]}]},{\"@type\":\"ImageObject\",\"inLanguage\":\"en-US\",\"@id\":\"https:\\\/\\\/digidem-bayern.de\\\/stuerze-als-anzeichen-einer-demenz\\\/#primaryimage\",\"url\":\"https:\\\/\\\/digidem-bayern.de\\\/wp-content\\\/uploads\\\/2024\\\/11\\\/shutterstock_Treppe-AD-Patienten-1983040364.jpg\",\"contentUrl\":\"https:\\\/\\\/digidem-bayern.de\\\/wp-content\\\/uploads\\\/2024\\\/11\\\/shutterstock_Treppe-AD-Patienten-1983040364.jpg\",\"width\":1000,\"height\":667,\"caption\":\"Foto: Shutterstock\"},{\"@type\":\"BreadcrumbList\",\"@id\":\"https:\\\/\\\/digidem-bayern.de\\\/stuerze-als-anzeichen-einer-demenz\\\/#breadcrumb\",\"itemListElement\":[{\"@type\":\"ListItem\",\"position\":1,\"name\":\"Startseite\",\"item\":\"https:\\\/\\\/digidem-bayern.de\\\/\"},{\"@type\":\"ListItem\",\"position\":2,\"name\":\"St\u00fcrze als Anzeichen einer Demenz\"}]},{\"@type\":\"WebSite\",\"@id\":\"\\\/#website\",\"url\":\"\\\/\",\"name\":\"digiDEM Bayern\",\"description\":\"Das digitale Demenzregister Bayern erforscht und verbessert die Angebotsstuktur f\u00fcr Menschen mit Demenz und deren Angeh\u00f6rige\",\"publisher\":{\"@id\":\"\\\/#organization\"},\"potentialAction\":[{\"@type\":\"SearchAction\",\"target\":{\"@type\":\"EntryPoint\",\"urlTemplate\":\"\\\/?s={search_term_string}\"},\"query-input\":{\"@type\":\"PropertyValueSpecification\",\"valueRequired\":true,\"valueName\":\"search_term_string\"}}],\"inLanguage\":\"en-US\"},{\"@type\":\"Organization\",\"@id\":\"\\\/#organization\",\"name\":\"digiDEM Bayern\",\"url\":\"\\\/\",\"logo\":{\"@type\":\"ImageObject\",\"inLanguage\":\"en-US\",\"@id\":\"\\\/#\\\/schema\\\/logo\\\/image\\\/\",\"url\":\"https:\\\/\\\/digidem-bayern.de\\\/wp-content\\\/uploads\\\/2022\\\/03\\\/cropped-Allgemeines_digiDEMLOGO-removebg-preview.png\",\"contentUrl\":\"https:\\\/\\\/digidem-bayern.de\\\/wp-content\\\/uploads\\\/2022\\\/03\\\/cropped-Allgemeines_digiDEMLOGO-removebg-preview.png\",\"width\":612,\"height\":357,\"caption\":\"digiDEM Bayern\"},\"image\":{\"@id\":\"\\\/#\\\/schema\\\/logo\\\/image\\\/\"},\"sameAs\":[\"https:\\\/\\\/www.facebook.com\\\/digiDEMBayern\\\/\",\"https:\\\/\\\/x.com\\\/digidem_bayern\",\"https:\\\/\\\/www.instagram.com\\\/digidem.bayern\",\"https:\\\/\\\/www.linkedin.com\\\/company\\\/digidem-bayern\\\/\"]},{\"@type\":\"Person\",\"@id\":\"\\\/#\\\/schema\\\/person\\\/0bc1494f46fc2a051c761322a80e0941\",\"name\":\"Ilona H\u00f6rath\",\"url\":\"https:\\\/\\\/digidem-bayern.de\\\/en\\\/author\\\/hoeratia\\\/\"}]}<\/script>\n<!-- \/ Yoast SEO plugin. -->","yoast_head_json":{"title":"St\u00fcrze als Anzeichen einer Demenz - digiDEM Bayern","description":"Der Bayerische Landesapothekerkammer unterst\u00fctzt digiDEM Bayern mit Hilfe des Netzwerks \"Demenzfreundliche Apotheken\".","robots":{"index":"index","follow":"follow","max-snippet":"max-snippet:-1","max-image-preview":"max-image-preview:large","max-video-preview":"max-video-preview:-1"},"canonical":"https:\/\/digidem-bayern.de\/en\/stuerze-als-anzeichen-einer-demenz\/","og_locale":"en_US","og_type":"article","og_title":"St\u00fcrze als Anzeichen einer Demenz - digiDEM Bayern","og_description":"Der Bayerische Landesapothekerkammer unterst\u00fctzt digiDEM Bayern mit Hilfe des Netzwerks \"Demenzfreundliche Apotheken\".","og_url":"https:\/\/digidem-bayern.de\/en\/stuerze-als-anzeichen-einer-demenz\/","og_site_name":"digiDEM Bayern","article_publisher":"https:\/\/www.facebook.com\/digiDEMBayern\/","article_published_time":"2024-11-28T10:35:00+00:00","article_modified_time":"2025-02-05T17:18:10+00:00","og_image":[{"width":1000,"height":667,"url":"https:\/\/digidem-bayern.de\/wp-content\/uploads\/2024\/11\/shutterstock_Treppe-AD-Patienten-1983040364.jpg","type":"image\/jpeg"}],"author":"Ilona H\u00f6rath","twitter_misc":{"Written by":"Ilona H\u00f6rath","Est. reading time":"2 minutes"},"schema":{"@context":"https:\/\/schema.org","@graph":[{"@type":"Article","@id":"https:\/\/digidem-bayern.de\/stuerze-als-anzeichen-einer-demenz\/#article","isPartOf":{"@id":"https:\/\/digidem-bayern.de\/stuerze-als-anzeichen-einer-demenz\/"},"author":{"name":"Ilona H\u00f6rath","@id":"\/#\/schema\/person\/0bc1494f46fc2a051c761322a80e0941"},"headline":"St\u00fcrze als Anzeichen einer Demenz","datePublished":"2024-11-28T10:35:00+00:00","dateModified":"2025-02-05T17:18:10+00:00","mainEntityOfPage":{"@id":"https:\/\/digidem-bayern.de\/stuerze-als-anzeichen-einer-demenz\/"},"wordCount":503,"commentCount":0,"publisher":{"@id":"\/#organization"},"image":{"@id":"https:\/\/digidem-bayern.de\/stuerze-als-anzeichen-einer-demenz\/#primaryimage"},"thumbnailUrl":"https:\/\/digidem-bayern.de\/wp-content\/uploads\/2024\/11\/shutterstock_Treppe-AD-Patienten-1983040364.jpg","keywords":["Alzheimer","Demenz","Demenzdiagnose","digidem","digidem Bayern","Digitales Demenzregister Bayern","Geriatrics","kognitive Beeintr\u00e4chtigung","Lebensqualit\u00e4t","Screening","Sturz","St\u00fcrze","Sturzpr\u00e4vention","Sturzprophylaxe","Sturzrisiko","traumatisch","Verletzung"],"articleSection":["Wissenschaft &amp; Forschung"],"inLanguage":"en-US","potentialAction":[{"@type":"CommentAction","name":"Comment","target":["https:\/\/digidem-bayern.de\/stuerze-als-anzeichen-einer-demenz\/#respond"]}]},{"@type":"WebPage","@id":"https:\/\/digidem-bayern.de\/stuerze-als-anzeichen-einer-demenz\/","url":"https:\/\/digidem-bayern.de\/stuerze-als-anzeichen-einer-demenz\/","name":"St\u00fcrze als Anzeichen einer Demenz - digiDEM Bayern","isPartOf":{"@id":"\/#website"},"primaryImageOfPage":{"@id":"https:\/\/digidem-bayern.de\/stuerze-als-anzeichen-einer-demenz\/#primaryimage"},"image":{"@id":"https:\/\/digidem-bayern.de\/stuerze-als-anzeichen-einer-demenz\/#primaryimage"},"thumbnailUrl":"https:\/\/digidem-bayern.de\/wp-content\/uploads\/2024\/11\/shutterstock_Treppe-AD-Patienten-1983040364.jpg","datePublished":"2024-11-28T10:35:00+00:00","dateModified":"2025-02-05T17:18:10+00:00","description":"Der Bayerische Landesapothekerkammer unterst\u00fctzt digiDEM Bayern mit Hilfe des Netzwerks \"Demenzfreundliche Apotheken\".","breadcrumb":{"@id":"https:\/\/digidem-bayern.de\/stuerze-als-anzeichen-einer-demenz\/#breadcrumb"},"inLanguage":"en-US","potentialAction":[{"@type":"ReadAction","target":["https:\/\/digidem-bayern.de\/stuerze-als-anzeichen-einer-demenz\/"]}]},{"@type":"ImageObject","inLanguage":"en-US","@id":"https:\/\/digidem-bayern.de\/stuerze-als-anzeichen-einer-demenz\/#primaryimage","url":"https:\/\/digidem-bayern.de\/wp-content\/uploads\/2024\/11\/shutterstock_Treppe-AD-Patienten-1983040364.jpg","contentUrl":"https:\/\/digidem-bayern.de\/wp-content\/uploads\/2024\/11\/shutterstock_Treppe-AD-Patienten-1983040364.jpg","width":1000,"height":667,"caption":"Foto: Shutterstock"},{"@type":"BreadcrumbList","@id":"https:\/\/digidem-bayern.de\/stuerze-als-anzeichen-einer-demenz\/#breadcrumb","itemListElement":[{"@type":"ListItem","position":1,"name":"Startseite","item":"https:\/\/digidem-bayern.de\/"},{"@type":"ListItem","position":2,"name":"St\u00fcrze als Anzeichen einer Demenz"}]},{"@type":"WebSite","@id":"\/#website","url":"\/","name":"digiDEM Bavaria","description":"The digital dementia register in Bavaria researches and improves the structure of services for people with dementia and their relatives","publisher":{"@id":"\/#organization"},"potentialAction":[{"@type":"SearchAction","target":{"@type":"EntryPoint","urlTemplate":"\/?s={search_term_string}"},"query-input":{"@type":"PropertyValueSpecification","valueRequired":true,"valueName":"search_term_string"}}],"inLanguage":"en-US"},{"@type":"Organization","@id":"\/#organization","name":"digiDEM Bavaria","url":"\/","logo":{"@type":"ImageObject","inLanguage":"en-US","@id":"\/#\/schema\/logo\/image\/","url":"https:\/\/digidem-bayern.de\/wp-content\/uploads\/2022\/03\/cropped-Allgemeines_digiDEMLOGO-removebg-preview.png","contentUrl":"https:\/\/digidem-bayern.de\/wp-content\/uploads\/2022\/03\/cropped-Allgemeines_digiDEMLOGO-removebg-preview.png","width":612,"height":357,"caption":"digiDEM Bayern"},"image":{"@id":"\/#\/schema\/logo\/image\/"},"sameAs":["https:\/\/www.facebook.com\/digiDEMBayern\/","https:\/\/x.com\/digidem_bayern","https:\/\/www.instagram.com\/digidem.bayern","https:\/\/www.linkedin.com\/company\/digidem-bayern\/"]},{"@type":"Person","@id":"\/#\/schema\/person\/0bc1494f46fc2a051c761322a80e0941","name":"Ilona H\u00f6rath","url":"https:\/\/digidem-bayern.de\/en\/author\/hoeratia\/"}]}},"uagb_featured_image_src":{"full":["https:\/\/digidem-bayern.de\/wp-content\/uploads\/2024\/11\/shutterstock_Treppe-AD-Patienten-1983040364.jpg",1000,667,false],"thumbnail":["https:\/\/digidem-bayern.de\/wp-content\/uploads\/2024\/11\/shutterstock_Treppe-AD-Patienten-1983040364-80x80.jpg",80,80,true],"medium":["https:\/\/digidem-bayern.de\/wp-content\/uploads\/2024\/11\/shutterstock_Treppe-AD-Patienten-1983040364-300x200.jpg",300,200,true],"medium_large":["https:\/\/digidem-bayern.de\/wp-content\/uploads\/2024\/11\/shutterstock_Treppe-AD-Patienten-1983040364-768x512.jpg",768,512,true],"large":["https:\/\/digidem-bayern.de\/wp-content\/uploads\/2024\/11\/shutterstock_Treppe-AD-Patienten-1983040364.jpg",1000,667,false],"1536x1536":["https:\/\/digidem-bayern.de\/wp-content\/uploads\/2024\/11\/shutterstock_Treppe-AD-Patienten-1983040364.jpg",1000,667,false],"2048x2048":["https:\/\/digidem-bayern.de\/wp-content\/uploads\/2024\/11\/shutterstock_Treppe-AD-Patienten-1983040364.jpg",1000,667,false],"trp-custom-language-flag":["https:\/\/digidem-bayern.de\/wp-content\/uploads\/2024\/11\/shutterstock_Treppe-AD-Patienten-1983040364.jpg",18,12,false],"qubely_landscape":["https:\/\/digidem-bayern.de\/wp-content\/uploads\/2024\/11\/shutterstock_Treppe-AD-Patienten-1983040364.jpg",1000,667,false],"qubely_portrait":["https:\/\/digidem-bayern.de\/wp-content\/uploads\/2024\/11\/shutterstock_Treppe-AD-Patienten-1983040364-540x320.jpg",540,320,true],"qubely_thumbnail":["https:\/\/digidem-bayern.de\/wp-content\/uploads\/2024\/11\/shutterstock_Treppe-AD-Patienten-1983040364-140x100.jpg",140,100,true],"post-thumbnail":["https:\/\/digidem-bayern.de\/wp-content\/uploads\/2024\/11\/shutterstock_Treppe-AD-Patienten-1983040364-525x350.jpg",525,350,true],"kahuna-featured":["https:\/\/digidem-bayern.de\/wp-content\/uploads\/2024\/11\/shutterstock_Treppe-AD-Patienten-1983040364-734x350.jpg",734,350,true],"kahuna-featured-lp":["https:\/\/digidem-bayern.de\/wp-content\/uploads\/2024\/11\/shutterstock_Treppe-AD-Patienten-1983040364-520x350.jpg",520,350,true],"kahuna-featured-half":["https:\/\/digidem-bayern.de\/wp-content\/uploads\/2024\/11\/shutterstock_Treppe-AD-Patienten-1983040364-800x350.jpg",800,350,true],"kahuna-featured-third":["https:\/\/digidem-bayern.de\/wp-content\/uploads\/2024\/11\/shutterstock_Treppe-AD-Patienten-1983040364-512x350.jpg",512,350,true],"kahuna-lpbox-1":["https:\/\/digidem-bayern.de\/wp-content\/uploads\/2024\/11\/shutterstock_Treppe-AD-Patienten-1983040364-520x300.jpg",520,300,true],"kahuna-lpbox-2":["https:\/\/digidem-bayern.de\/wp-content\/uploads\/2024\/11\/shutterstock_Treppe-AD-Patienten-1983040364-520x350.jpg",520,350,true],"demand-language-flag":["https:\/\/digidem-bayern.de\/wp-content\/uploads\/2024\/11\/shutterstock_Treppe-AD-Patienten-1983040364-36x36.jpg",36,36,true],"dddkt-language-flag":["https:\/\/digidem-bayern.de\/wp-content\/uploads\/2024\/11\/shutterstock_Treppe-AD-Patienten-1983040364-36x36.jpg",36,36,true],"ddiqc-language-flag":["https:\/\/digidem-bayern.de\/wp-content\/uploads\/2024\/11\/shutterstock_Treppe-AD-Patienten-1983040364-36x36.jpg",36,36,true],"ddtl-language-flag":["https:\/\/digidem-bayern.de\/wp-content\/uploads\/2024\/11\/shutterstock_Treppe-AD-Patienten-1983040364-36x36.jpg",36,36,true],"mailpoet_newsletter_max":["https:\/\/digidem-bayern.de\/wp-content\/uploads\/2024\/11\/shutterstock_Treppe-AD-Patienten-1983040364.jpg",1000,667,false],"kahuna-lpbox-3":["https:\/\/digidem-bayern.de\/wp-content\/uploads\/2024\/11\/shutterstock_Treppe-AD-Patienten-1983040364-520x350.jpg",520,350,true],"kahuna-featured-square":["https:\/\/digidem-bayern.de\/wp-content\/uploads\/2024\/11\/shutterstock_Treppe-AD-Patienten-1983040364-512x512.jpg",512,512,true],"kahuna-featured-square-large":["https:\/\/digidem-bayern.de\/wp-content\/uploads\/2024\/11\/shutterstock_Treppe-AD-Patienten-1983040364.jpg",1000,667,false]},"uagb_author_info":{"display_name":"Ilona H\u00f6rath","author_link":"https:\/\/digidem-bayern.de\/en\/author\/hoeratia\/"},"uagb_comment_info":0,"uagb_excerpt":"Wie hoch ist das Risiko eines \u00e4lteren Menschen, nach einem Sturz eine Demenz zu entwickeln? Forschende aus den USA fanden heraus: Bei 10,6 Prozent der Patientinnen und Patienten, die wegen eines Sturzes behandelt wurden, wurde innerhalb eines Jahres eine Demenz diagnostiziert.&nbsp; Vorangegangene Studien haben bereits einen Zusammenhang zwischen leichten kognitiven &hellip;","_links":{"self":[{"href":"https:\/\/digidem-bayern.de\/en\/wp-json\/wp\/v2\/posts\/40074","targetHints":{"allow":["GET"]}}],"collection":[{"href":"https:\/\/digidem-bayern.de\/en\/wp-json\/wp\/v2\/posts"}],"about":[{"href":"https:\/\/digidem-bayern.de\/en\/wp-json\/wp\/v2\/types\/post"}],"author":[{"embeddable":true,"href":"https:\/\/digidem-bayern.de\/en\/wp-json\/wp\/v2\/users\/12"}],"replies":[{"embeddable":true,"href":"https:\/\/digidem-bayern.de\/en\/wp-json\/wp\/v2\/comments?post=40074"}],"version-history":[{"count":3,"href":"https:\/\/digidem-bayern.de\/en\/wp-json\/wp\/v2\/posts\/40074\/revisions"}],"predecessor-version":[{"id":40090,"href":"https:\/\/digidem-bayern.de\/en\/wp-json\/wp\/v2\/posts\/40074\/revisions\/40090"}],"wp:featuredmedia":[{"embeddable":true,"href":"https:\/\/digidem-bayern.de\/en\/wp-json\/wp\/v2\/media\/40086"}],"wp:attachment":[{"href":"https:\/\/digidem-bayern.de\/en\/wp-json\/wp\/v2\/media?parent=40074"}],"wp:term":[{"taxonomy":"category","embeddable":true,"href":"https:\/\/digidem-bayern.de\/en\/wp-json\/wp\/v2\/categories?post=40074"},{"taxonomy":"post_tag","embeddable":true,"href":"https:\/\/digidem-bayern.de\/en\/wp-json\/wp\/v2\/tags?post=40074"}],"curies":[{"name":"wp","href":"https:\/\/api.w.org\/{rel}","templated":true}]}}