{"id":39843,"date":"2024-11-13T11:57:09","date_gmt":"2024-11-13T10:57:09","guid":{"rendered":"https:\/\/digidem-bayern.de\/?p=39843"},"modified":"2025-01-14T13:50:56","modified_gmt":"2025-01-14T12:50:56","slug":"geschlechterunterschied-bei-demenz","status":"publish","type":"post","link":"https:\/\/digidem-bayern.de\/en\/geschlechterunterschied-bei-demenz\/","title":{"rendered":"Geschlechterunterschiede bei Demenz"},"content":{"rendered":"<p>Geschlechterforschung (Gender Studies) in der Medizin ist ein gesellschaftlich hoch relevantes Thema. Denn sowohl bei der Entstehung als auch bei der Behandlung von Erkrankungen spielt das Geschlecht eine wichtige Rolle. Geschlechterspezifische Unterschiede zeigen sich auch bei Demenzpatientinnen und Demenzpatienten. So erkranken Frauen h\u00e4ufiger an Demenz als M\u00e4nner, zeigen ein anderes Symptomprofil und reagieren unterschiedlich auf die verschiedenen Behandlungsformen. Deshalb stellen sich die Fragen: Welche biologischen, hormonellen und sozio-kulturellen Faktoren tragen zu diesen geschlechtsspezifischen Unterschieden bei?<\/p>\n\n\n\n<p>Prof. Dr. Elke Kalbe ist Leiterin der Abteilung Medizinische Psychologie mit dem Schwerpunkt Neuropsychologie und Gender Studies an der Medizinischen Fakult\u00e4t und Uniklinik K\u00f6ln der Universit\u00e4t zu K\u00f6ln, wo sie unter anderem Geschlechterunterschiede bei Menschen mit kognitiven Beeintr\u00e4chtigungen erforscht. Zudem ist sie dort seit 2019 Prodekanin f\u00fcr \u201eAkademische Entwicklung und Chancengerechtigkeit\u201c. Im kommenden Webinar wird Prof. Dr. Elke Kalbe Erkenntnisse \u00fcber geschlechterspezifische Unterschiede bei Demenzerkrankungen pr\u00e4sentieren.<\/p>\n\n\n\n<p><\/p>\n\n\n\n<p><\/p>\n\n\n\n<h2 class=\"wp-block-heading has-text-align-center\" id=\"2---mittwoch-03062020-1100-1130-uhr--\"><strong><strong>Dienstag, 19.11.2024, 11:00 &#8211; 11:45 Uhr<\/strong><\/strong><\/h2>\n\n\n\n<div class=\"wp-block-qubely-button qubely-block-5cb2d2\"><div class=\"qubely-block-btn-wrapper\"><div class=\"qubely-block-btn\"><a class=\"qubely-block-btn-anchor is-large\" href=\"https:\/\/attendee.gotowebinar.com\/register\/7929751966766027605\">\u00a0Melden Sie sich hier an<\/a><\/div><\/div><\/div>\n\n\n\n<div class=\"wp-block-stackable-columns stk-block-columns stk-block stk-1abb464\" data-block-id=\"1abb464\"><div class=\"stk-row stk-inner-blocks stk-block-content stk-content-align stk-1abb464-column\">\n<div class=\"wp-block-stackable-column stk-block-column stk-column stk-block stk-38a7c84\" data-v=\"4\" data-block-id=\"38a7c84\"><div class=\"stk-column-wrapper stk-block-column__content stk-container stk-38a7c84-container stk--no-background stk--no-padding\"><div class=\"stk-block-content stk-inner-blocks stk-38a7c84-inner-blocks\">\n<div class=\"wp-block-uagb-team uagb-team__image-position-above uagb-team__align-center uagb-team__stack-tablet uagb-block-3cf16ce1\"><div class=\"uagb-team__content\"><img decoding=\"async\" class=\"uagb-team__image-crop-circle\" src=\"https:\/\/digidem-bayern.de\/wp-content\/uploads\/2022\/11\/FWE_NEU_Quadrat.jpg\" alt=\"Florian Weidinger\" height=\"120\" width=\"120\" loading=\"lazy\"\/><h3 class=\"uagb-team__title\">Florian Weidinger<\/h3><span class=\"uagb-team__prefix\">Wissenschaftlicher Mitarbeiter M.Sc.<\/span><p class=\"uagb-team__desc\">Moderation<\/p><\/div><\/div>\n<\/div><\/div><\/div>\n\n\n\n<div class=\"wp-block-stackable-column stk-block-column stk-column stk-block stk-3aae72b\" data-v=\"4\" data-block-id=\"3aae72b\"><div class=\"stk-column-wrapper stk-block-column__content stk-container stk-3aae72b-container stk--no-background stk--no-padding\"><div class=\"stk-block-content stk-inner-blocks stk-3aae72b-inner-blocks\">\n<div class=\"wp-block-uagb-team uagb-team__image-position-above uagb-team__align-center uagb-team__stack-tablet uagb-block-23a79212\"><div class=\"uagb-team__content\"><img decoding=\"async\" class=\"uagb-team__image-crop-circle\" src=\"https:\/\/digidem-bayern.de\/wp-content\/uploads\/2022\/11\/AKE_NEU_Qudarat.jpg\" alt=\"\" height=\"120\" width=\"120\" loading=\"lazy\"\/><h3 class=\"uagb-team__title\">Anne Keefer<\/h3><span class=\"uagb-team__prefix\">Wissenschaftliche Mitarbeiterin M.Sc.<\/span><p class=\"uagb-team__desc\">Chatroom und Betreuung<\/p><\/div><\/div>\n<\/div><\/div><\/div>\n<\/div><\/div>\n\n\n\n<p><\/p>","protected":false},"excerpt":{"rendered":"<p>Geschlechterforschung (Gender Studies) in der Medizin ist ein gesellschaftlich hoch relevantes Thema. Denn sowohl bei der Entstehung als auch bei der Behandlung von Erkrankungen spielt das Geschlecht eine wichtige Rolle. Geschlechterspezifische Unterschiede zeigen sich auch bei Demenzpatientinnen und Demenzpatienten. So erkranken Frauen h\u00e4ufiger an Demenz als M\u00e4nner, zeigen ein anderes &hellip;<\/p>","protected":false},"author":7,"featured_media":39851,"comment_status":"open","ping_status":"closed","sticky":false,"template":"","format":"standard","meta":{"qubely_global_settings":"true","qubely_interactions":"","_uag_custom_page_level_css":"","footnotes":""},"categories":[8],"tags":[13,406,12,520,165,14,17,55,1277,1279,1280,1282,1283,1281,564,1278,94],"class_list":["post-39843","post","type-post","status-publish","format-standard","has-post-thumbnail","hentry","category-aktuelles-zu-digidem","tag-alzheimer","tag-alzheimer-demenz","tag-demenz-2","tag-demenzerkrankung","tag-deutsche-alzheimer-gesellschaft","tag-digidem","tag-digidem-bayern","tag-digitales-demenzregister-bayern","tag-elke-kalbe","tag-gender","tag-genderstudies","tag-geschlecht","tag-geschlechtersensible-medizin","tag-geschlechterunterschiede","tag-uniklinikum-erlangen","tag-universitaetsklinikum-koeln","tag-webinar"],"qubely_featured_image_url":{"full":["https:\/\/digidem-bayern.de\/wp-content\/uploads\/2024\/11\/2024-11-13-Webinar-Kalbe-Unterschiede-shutterstock_2392389589.jpg",1000,667,false],"landscape":["https:\/\/digidem-bayern.de\/wp-content\/uploads\/2024\/11\/2024-11-13-Webinar-Kalbe-Unterschiede-shutterstock_2392389589.jpg",1000,667,false],"portraits":["https:\/\/digidem-bayern.de\/wp-content\/uploads\/2024\/11\/2024-11-13-Webinar-Kalbe-Unterschiede-shutterstock_2392389589-540x320.jpg",540,320,true],"thumbnail":["https:\/\/digidem-bayern.de\/wp-content\/uploads\/2024\/11\/2024-11-13-Webinar-Kalbe-Unterschiede-shutterstock_2392389589-80x80.jpg",80,80,true],"medium":["https:\/\/digidem-bayern.de\/wp-content\/uploads\/2024\/11\/2024-11-13-Webinar-Kalbe-Unterschiede-shutterstock_2392389589-300x200.jpg",300,200,true],"medium_large":["https:\/\/digidem-bayern.de\/wp-content\/uploads\/2024\/11\/2024-11-13-Webinar-Kalbe-Unterschiede-shutterstock_2392389589-768x512.jpg",768,512,true],"large":["https:\/\/digidem-bayern.de\/wp-content\/uploads\/2024\/11\/2024-11-13-Webinar-Kalbe-Unterschiede-shutterstock_2392389589.jpg",1000,667,false],"1536x1536":["https:\/\/digidem-bayern.de\/wp-content\/uploads\/2024\/11\/2024-11-13-Webinar-Kalbe-Unterschiede-shutterstock_2392389589.jpg",1000,667,false],"2048x2048":["https:\/\/digidem-bayern.de\/wp-content\/uploads\/2024\/11\/2024-11-13-Webinar-Kalbe-Unterschiede-shutterstock_2392389589.jpg",1000,667,false],"trp-custom-language-flag":["https:\/\/digidem-bayern.de\/wp-content\/uploads\/2024\/11\/2024-11-13-Webinar-Kalbe-Unterschiede-shutterstock_2392389589.jpg",18,12,false],"qubely_landscape":["https:\/\/digidem-bayern.de\/wp-content\/uploads\/2024\/11\/2024-11-13-Webinar-Kalbe-Unterschiede-shutterstock_2392389589.jpg",1000,667,false],"qubely_portrait":["https:\/\/digidem-bayern.de\/wp-content\/uploads\/2024\/11\/2024-11-13-Webinar-Kalbe-Unterschiede-shutterstock_2392389589-540x320.jpg",540,320,true],"qubely_thumbnail":["https:\/\/digidem-bayern.de\/wp-content\/uploads\/2024\/11\/2024-11-13-Webinar-Kalbe-Unterschiede-shutterstock_2392389589-140x100.jpg",140,100,true],"post-thumbnail":["https:\/\/digidem-bayern.de\/wp-content\/uploads\/2024\/11\/2024-11-13-Webinar-Kalbe-Unterschiede-shutterstock_2392389589-525x350.jpg",525,350,true],"kahuna-featured":["https:\/\/digidem-bayern.de\/wp-content\/uploads\/2024\/11\/2024-11-13-Webinar-Kalbe-Unterschiede-shutterstock_2392389589-734x350.jpg",734,350,true],"kahuna-featured-lp":["https:\/\/digidem-bayern.de\/wp-content\/uploads\/2024\/11\/2024-11-13-Webinar-Kalbe-Unterschiede-shutterstock_2392389589-520x350.jpg",520,350,true],"kahuna-featured-half":["https:\/\/digidem-bayern.de\/wp-content\/uploads\/2024\/11\/2024-11-13-Webinar-Kalbe-Unterschiede-shutterstock_2392389589-800x350.jpg",800,350,true],"kahuna-featured-third":["https:\/\/digidem-bayern.de\/wp-content\/uploads\/2024\/11\/2024-11-13-Webinar-Kalbe-Unterschiede-shutterstock_2392389589-512x350.jpg",512,350,true],"kahuna-lpbox-1":["https:\/\/digidem-bayern.de\/wp-content\/uploads\/2024\/11\/2024-11-13-Webinar-Kalbe-Unterschiede-shutterstock_2392389589-520x300.jpg",520,300,true],"kahuna-lpbox-2":["https:\/\/digidem-bayern.de\/wp-content\/uploads\/2024\/11\/2024-11-13-Webinar-Kalbe-Unterschiede-shutterstock_2392389589-520x350.jpg",520,350,true],"demand-language-flag":["https:\/\/digidem-bayern.de\/wp-content\/uploads\/2024\/11\/2024-11-13-Webinar-Kalbe-Unterschiede-shutterstock_2392389589-36x36.jpg",36,36,true],"dddkt-language-flag":["https:\/\/digidem-bayern.de\/wp-content\/uploads\/2024\/11\/2024-11-13-Webinar-Kalbe-Unterschiede-shutterstock_2392389589-36x36.jpg",36,36,true],"ddiqc-language-flag":["https:\/\/digidem-bayern.de\/wp-content\/uploads\/2024\/11\/2024-11-13-Webinar-Kalbe-Unterschiede-shutterstock_2392389589-36x36.jpg",36,36,true],"ddtl-language-flag":["https:\/\/digidem-bayern.de\/wp-content\/uploads\/2024\/11\/2024-11-13-Webinar-Kalbe-Unterschiede-shutterstock_2392389589-36x36.jpg",36,36,true],"mailpoet_newsletter_max":["https:\/\/digidem-bayern.de\/wp-content\/uploads\/2024\/11\/2024-11-13-Webinar-Kalbe-Unterschiede-shutterstock_2392389589.jpg",1000,667,false],"kahuna-lpbox-3":["https:\/\/digidem-bayern.de\/wp-content\/uploads\/2024\/11\/2024-11-13-Webinar-Kalbe-Unterschiede-shutterstock_2392389589-520x350.jpg",520,350,true],"kahuna-featured-square":["https:\/\/digidem-bayern.de\/wp-content\/uploads\/2024\/11\/2024-11-13-Webinar-Kalbe-Unterschiede-shutterstock_2392389589-512x512.jpg",512,512,true],"kahuna-featured-square-large":["https:\/\/digidem-bayern.de\/wp-content\/uploads\/2024\/11\/2024-11-13-Webinar-Kalbe-Unterschiede-shutterstock_2392389589.jpg",1000,667,false]},"qubely_author":{"display_name":"Anne Keefer","author_link":"https:\/\/digidem-bayern.de\/en\/author\/ag-webinar\/"},"qubely_comment":1,"qubely_category":"<a href=\"https:\/\/digidem-bayern.de\/en\/category\/aktuelles-zu-digidem\/\" rel=\"category tag\">Aktuelles zu digiDEM<\/a>","qubely_excerpt":"Geschlechterforschung (Gender Studies) in der Medizin ist ein gesellschaftlich hoch relevantes Thema. Denn sowohl bei der Entstehung als auch bei der Behandlung von Erkrankungen spielt das Geschlecht eine wichtige Rolle. Geschlechterspezifische Unterschiede zeigen sich auch bei Demenzpatientinnen und Demenzpatienten. So erkranken Frauen h\u00e4ufiger an Demenz als M\u00e4nner, zeigen ein anderes &hellip;","featured_image_urls_v2":{"full":["https:\/\/digidem-bayern.de\/wp-content\/uploads\/2024\/11\/2024-11-13-Webinar-Kalbe-Unterschiede-shutterstock_2392389589.jpg",1000,667,false],"thumbnail":["https:\/\/digidem-bayern.de\/wp-content\/uploads\/2024\/11\/2024-11-13-Webinar-Kalbe-Unterschiede-shutterstock_2392389589-80x80.jpg",80,80,true],"medium":["https:\/\/digidem-bayern.de\/wp-content\/uploads\/2024\/11\/2024-11-13-Webinar-Kalbe-Unterschiede-shutterstock_2392389589-300x200.jpg",300,200,true],"medium_large":["https:\/\/digidem-bayern.de\/wp-content\/uploads\/2024\/11\/2024-11-13-Webinar-Kalbe-Unterschiede-shutterstock_2392389589-768x512.jpg",768,512,true],"large":["https:\/\/digidem-bayern.de\/wp-content\/uploads\/2024\/11\/2024-11-13-Webinar-Kalbe-Unterschiede-shutterstock_2392389589.jpg",1000,667,false],"1536x1536":["https:\/\/digidem-bayern.de\/wp-content\/uploads\/2024\/11\/2024-11-13-Webinar-Kalbe-Unterschiede-shutterstock_2392389589.jpg",1000,667,false],"2048x2048":["https:\/\/digidem-bayern.de\/wp-content\/uploads\/2024\/11\/2024-11-13-Webinar-Kalbe-Unterschiede-shutterstock_2392389589.jpg",1000,667,false],"trp-custom-language-flag":["https:\/\/digidem-bayern.de\/wp-content\/uploads\/2024\/11\/2024-11-13-Webinar-Kalbe-Unterschiede-shutterstock_2392389589.jpg",18,12,false],"qubely_landscape":["https:\/\/digidem-bayern.de\/wp-content\/uploads\/2024\/11\/2024-11-13-Webinar-Kalbe-Unterschiede-shutterstock_2392389589.jpg",1000,667,false],"qubely_portrait":["https:\/\/digidem-bayern.de\/wp-content\/uploads\/2024\/11\/2024-11-13-Webinar-Kalbe-Unterschiede-shutterstock_2392389589-540x320.jpg",540,320,true],"qubely_thumbnail":["https:\/\/digidem-bayern.de\/wp-content\/uploads\/2024\/11\/2024-11-13-Webinar-Kalbe-Unterschiede-shutterstock_2392389589-140x100.jpg",140,100,true],"post-thumbnail":["https:\/\/digidem-bayern.de\/wp-content\/uploads\/2024\/11\/2024-11-13-Webinar-Kalbe-Unterschiede-shutterstock_2392389589-525x350.jpg",525,350,true],"kahuna-featured":["https:\/\/digidem-bayern.de\/wp-content\/uploads\/2024\/11\/2024-11-13-Webinar-Kalbe-Unterschiede-shutterstock_2392389589-734x350.jpg",734,350,true],"kahuna-featured-lp":["https:\/\/digidem-bayern.de\/wp-content\/uploads\/2024\/11\/2024-11-13-Webinar-Kalbe-Unterschiede-shutterstock_2392389589-520x350.jpg",520,350,true],"kahuna-featured-half":["https:\/\/digidem-bayern.de\/wp-content\/uploads\/2024\/11\/2024-11-13-Webinar-Kalbe-Unterschiede-shutterstock_2392389589-800x350.jpg",800,350,true],"kahuna-featured-third":["https:\/\/digidem-bayern.de\/wp-content\/uploads\/2024\/11\/2024-11-13-Webinar-Kalbe-Unterschiede-shutterstock_2392389589-512x350.jpg",512,350,true],"kahuna-lpbox-1":["https:\/\/digidem-bayern.de\/wp-content\/uploads\/2024\/11\/2024-11-13-Webinar-Kalbe-Unterschiede-shutterstock_2392389589-520x300.jpg",520,300,true],"kahuna-lpbox-2":["https:\/\/digidem-bayern.de\/wp-content\/uploads\/2024\/11\/2024-11-13-Webinar-Kalbe-Unterschiede-shutterstock_2392389589-520x350.jpg",520,350,true],"demand-language-flag":["https:\/\/digidem-bayern.de\/wp-content\/uploads\/2024\/11\/2024-11-13-Webinar-Kalbe-Unterschiede-shutterstock_2392389589-36x36.jpg",36,36,true],"dddkt-language-flag":["https:\/\/digidem-bayern.de\/wp-content\/uploads\/2024\/11\/2024-11-13-Webinar-Kalbe-Unterschiede-shutterstock_2392389589-36x36.jpg",36,36,true],"ddiqc-language-flag":["https:\/\/digidem-bayern.de\/wp-content\/uploads\/2024\/11\/2024-11-13-Webinar-Kalbe-Unterschiede-shutterstock_2392389589-36x36.jpg",36,36,true],"ddtl-language-flag":["https:\/\/digidem-bayern.de\/wp-content\/uploads\/2024\/11\/2024-11-13-Webinar-Kalbe-Unterschiede-shutterstock_2392389589-36x36.jpg",36,36,true],"mailpoet_newsletter_max":["https:\/\/digidem-bayern.de\/wp-content\/uploads\/2024\/11\/2024-11-13-Webinar-Kalbe-Unterschiede-shutterstock_2392389589.jpg",1000,667,false],"kahuna-lpbox-3":["https:\/\/digidem-bayern.de\/wp-content\/uploads\/2024\/11\/2024-11-13-Webinar-Kalbe-Unterschiede-shutterstock_2392389589-520x350.jpg",520,350,true],"kahuna-featured-square":["https:\/\/digidem-bayern.de\/wp-content\/uploads\/2024\/11\/2024-11-13-Webinar-Kalbe-Unterschiede-shutterstock_2392389589-512x512.jpg",512,512,true],"kahuna-featured-square-large":["https:\/\/digidem-bayern.de\/wp-content\/uploads\/2024\/11\/2024-11-13-Webinar-Kalbe-Unterschiede-shutterstock_2392389589.jpg",1000,667,false]},"post_excerpt_stackable_v2":"<p>Geschlechterforschung (Gender Studies) in der Medizin ist ein gesellschaftlich hoch relevantes Thema. Denn sowohl bei der Entstehung als auch bei der Behandlung von Erkrankungen spielt das Geschlecht eine wichtige Rolle. Geschlechterspezifische Unterschiede zeigen sich auch bei Demenzpatientinnen und Demenzpatienten. So erkranken Frauen h\u00e4ufiger an Demenz als M\u00e4nner, zeigen ein anderes Symptomprofil und reagieren unterschiedlich auf die verschiedenen Behandlungsformen. Deshalb stellen sich die Fragen: Welche biologischen, hormonellen und sozio-kulturellen Faktoren tragen zu diesen geschlechtsspezifischen Unterschieden bei? Prof. Dr. Elke Kalbe ist Leiterin der Abteilung Medizinische Psychologie mit dem Schwerpunkt Neuropsychologie und Gender Studies an der Medizinischen Fakult\u00e4t und Uniklinik K\u00f6ln der&hellip;<\/p>\n","category_list_v2":"<a href=\"https:\/\/digidem-bayern.de\/en\/category\/aktuelles-zu-digidem\/\" rel=\"category tag\">Aktuelles zu digiDEM<\/a>","author_info_v2":{"name":"Anne Keefer","url":"https:\/\/digidem-bayern.de\/en\/author\/ag-webinar\/"},"comments_num_v2":"0 comments","yoast_head":"<!-- This site is optimized with the Yoast SEO plugin v27.4 - https:\/\/yoast.com\/product\/yoast-seo-wordpress\/ -->\n<title>Geschlechterunterschiede bei Demenz - digiDEM Bayern<\/title>\n<meta name=\"description\" content=\"Im Webinar &quot;digiDEM Bayern Science Watch LIVE&quot; behandeln Wissenschaftler ein Thema aus der Demenzforschung und stehen live f\u00fcr Fragen zur Verf\u00fcgung.\" \/>\n<meta name=\"robots\" content=\"index, follow, max-snippet:-1, max-image-preview:large, max-video-preview:-1\" \/>\n<link rel=\"canonical\" href=\"https:\/\/digidem-bayern.de\/en\/geschlechterunterschied-bei-demenz\/\" \/>\n<meta property=\"og:locale\" content=\"en_US\" \/>\n<meta property=\"og:type\" content=\"article\" \/>\n<meta property=\"og:title\" content=\"Geschlechterunterschiede bei Demenz - digiDEM Bayern\" \/>\n<meta property=\"og:description\" content=\"Im Webinar &quot;digiDEM Bayern Science Watch LIVE&quot; behandeln Wissenschaftler ein Thema aus der Demenzforschung und stehen live f\u00fcr Fragen zur Verf\u00fcgung.\" \/>\n<meta property=\"og:url\" content=\"https:\/\/digidem-bayern.de\/en\/geschlechterunterschied-bei-demenz\/\" \/>\n<meta property=\"og:site_name\" content=\"digiDEM Bayern\" \/>\n<meta property=\"article:publisher\" content=\"https:\/\/www.facebook.com\/digiDEMBayern\/\" \/>\n<meta property=\"article:published_time\" content=\"2024-11-13T10:57:09+00:00\" \/>\n<meta property=\"article:modified_time\" content=\"2025-01-14T12:50:56+00:00\" \/>\n<meta property=\"og:image\" content=\"https:\/\/digidem-bayern.de\/wp-content\/uploads\/2024\/11\/2024-11-13-Webinar-Kalbe-Unterschiede-shutterstock_2392389589.jpg\" \/>\n\t<meta property=\"og:image:width\" content=\"1000\" \/>\n\t<meta property=\"og:image:height\" content=\"667\" \/>\n\t<meta property=\"og:image:type\" content=\"image\/jpeg\" \/>\n<meta name=\"author\" content=\"Anne Keefer\" \/>\n<meta name=\"twitter:label1\" content=\"Written by\" \/>\n\t<meta name=\"twitter:data1\" content=\"Anne Keefer\" \/>\n\t<meta name=\"twitter:label2\" content=\"Est. reading time\" \/>\n\t<meta name=\"twitter:data2\" content=\"2 minutes\" \/>\n<script type=\"application\/ld+json\" class=\"yoast-schema-graph\">{\"@context\":\"https:\\\/\\\/schema.org\",\"@graph\":[{\"@type\":\"Article\",\"@id\":\"https:\\\/\\\/digidem-bayern.de\\\/geschlechterunterschied-bei-demenz\\\/#article\",\"isPartOf\":{\"@id\":\"https:\\\/\\\/digidem-bayern.de\\\/geschlechterunterschied-bei-demenz\\\/\"},\"author\":{\"name\":\"Anne Keefer\",\"@id\":\"\\\/#\\\/schema\\\/person\\\/0e8781e0653d1a8e57ca55bd2c3cb01f\"},\"headline\":\"Geschlechterunterschiede bei Demenz\",\"datePublished\":\"2024-11-13T10:57:09+00:00\",\"dateModified\":\"2025-01-14T12:50:56+00:00\",\"mainEntityOfPage\":{\"@id\":\"https:\\\/\\\/digidem-bayern.de\\\/geschlechterunterschied-bei-demenz\\\/\"},\"wordCount\":176,\"commentCount\":0,\"publisher\":{\"@id\":\"\\\/#organization\"},\"image\":{\"@id\":\"https:\\\/\\\/digidem-bayern.de\\\/geschlechterunterschied-bei-demenz\\\/#primaryimage\"},\"thumbnailUrl\":\"https:\\\/\\\/digidem-bayern.de\\\/wp-content\\\/uploads\\\/2024\\\/11\\\/2024-11-13-Webinar-Kalbe-Unterschiede-shutterstock_2392389589.jpg\",\"keywords\":[\"Alzheimer\",\"Alzheimer-Demenz\",\"Demenz\",\"Demenzerkrankung\",\"Deutsche Alzheimer Gesellschaft\",\"digidem\",\"digidem Bayern\",\"Digitales Demenzregister Bayern\",\"Elke Kalbe\",\"Gender\",\"Genderstudies\",\"Geschlecht\",\"geschlechtersensible MEdizin\",\"Geschlechterunterschiede\",\"Uniklinikum Erlangen\",\"Universit\u00e4tsklinikum K\u00f6ln\",\"Webinar\"],\"articleSection\":[\"Aktuelles zu digiDEM\"],\"inLanguage\":\"en-US\",\"potentialAction\":[{\"@type\":\"CommentAction\",\"name\":\"Comment\",\"target\":[\"https:\\\/\\\/digidem-bayern.de\\\/geschlechterunterschied-bei-demenz\\\/#respond\"]}]},{\"@type\":\"WebPage\",\"@id\":\"https:\\\/\\\/digidem-bayern.de\\\/geschlechterunterschied-bei-demenz\\\/\",\"url\":\"https:\\\/\\\/digidem-bayern.de\\\/geschlechterunterschied-bei-demenz\\\/\",\"name\":\"Geschlechterunterschiede bei Demenz - digiDEM Bayern\",\"isPartOf\":{\"@id\":\"\\\/#website\"},\"primaryImageOfPage\":{\"@id\":\"https:\\\/\\\/digidem-bayern.de\\\/geschlechterunterschied-bei-demenz\\\/#primaryimage\"},\"image\":{\"@id\":\"https:\\\/\\\/digidem-bayern.de\\\/geschlechterunterschied-bei-demenz\\\/#primaryimage\"},\"thumbnailUrl\":\"https:\\\/\\\/digidem-bayern.de\\\/wp-content\\\/uploads\\\/2024\\\/11\\\/2024-11-13-Webinar-Kalbe-Unterschiede-shutterstock_2392389589.jpg\",\"datePublished\":\"2024-11-13T10:57:09+00:00\",\"dateModified\":\"2025-01-14T12:50:56+00:00\",\"description\":\"Im Webinar \\\"digiDEM Bayern Science Watch LIVE\\\" behandeln Wissenschaftler ein Thema aus der Demenzforschung und stehen live f\u00fcr Fragen zur Verf\u00fcgung.\",\"breadcrumb\":{\"@id\":\"https:\\\/\\\/digidem-bayern.de\\\/geschlechterunterschied-bei-demenz\\\/#breadcrumb\"},\"inLanguage\":\"en-US\",\"potentialAction\":[{\"@type\":\"ReadAction\",\"target\":[\"https:\\\/\\\/digidem-bayern.de\\\/geschlechterunterschied-bei-demenz\\\/\"]}]},{\"@type\":\"ImageObject\",\"inLanguage\":\"en-US\",\"@id\":\"https:\\\/\\\/digidem-bayern.de\\\/geschlechterunterschied-bei-demenz\\\/#primaryimage\",\"url\":\"https:\\\/\\\/digidem-bayern.de\\\/wp-content\\\/uploads\\\/2024\\\/11\\\/2024-11-13-Webinar-Kalbe-Unterschiede-shutterstock_2392389589.jpg\",\"contentUrl\":\"https:\\\/\\\/digidem-bayern.de\\\/wp-content\\\/uploads\\\/2024\\\/11\\\/2024-11-13-Webinar-Kalbe-Unterschiede-shutterstock_2392389589.jpg\",\"width\":1000,\"height\":667,\"caption\":\"Foto: Shutterstock\"},{\"@type\":\"BreadcrumbList\",\"@id\":\"https:\\\/\\\/digidem-bayern.de\\\/geschlechterunterschied-bei-demenz\\\/#breadcrumb\",\"itemListElement\":[{\"@type\":\"ListItem\",\"position\":1,\"name\":\"Startseite\",\"item\":\"https:\\\/\\\/digidem-bayern.de\\\/\"},{\"@type\":\"ListItem\",\"position\":2,\"name\":\"Geschlechterunterschiede bei Demenz\"}]},{\"@type\":\"WebSite\",\"@id\":\"\\\/#website\",\"url\":\"\\\/\",\"name\":\"digiDEM Bayern\",\"description\":\"Das digitale Demenzregister Bayern erforscht und verbessert die Angebotsstuktur f\u00fcr Menschen mit Demenz und deren Angeh\u00f6rige\",\"publisher\":{\"@id\":\"\\\/#organization\"},\"potentialAction\":[{\"@type\":\"SearchAction\",\"target\":{\"@type\":\"EntryPoint\",\"urlTemplate\":\"\\\/?s={search_term_string}\"},\"query-input\":{\"@type\":\"PropertyValueSpecification\",\"valueRequired\":true,\"valueName\":\"search_term_string\"}}],\"inLanguage\":\"en-US\"},{\"@type\":\"Organization\",\"@id\":\"\\\/#organization\",\"name\":\"digiDEM Bayern\",\"url\":\"\\\/\",\"logo\":{\"@type\":\"ImageObject\",\"inLanguage\":\"en-US\",\"@id\":\"\\\/#\\\/schema\\\/logo\\\/image\\\/\",\"url\":\"https:\\\/\\\/digidem-bayern.de\\\/wp-content\\\/uploads\\\/2022\\\/03\\\/cropped-Allgemeines_digiDEMLOGO-removebg-preview.png\",\"contentUrl\":\"https:\\\/\\\/digidem-bayern.de\\\/wp-content\\\/uploads\\\/2022\\\/03\\\/cropped-Allgemeines_digiDEMLOGO-removebg-preview.png\",\"width\":612,\"height\":357,\"caption\":\"digiDEM Bayern\"},\"image\":{\"@id\":\"\\\/#\\\/schema\\\/logo\\\/image\\\/\"},\"sameAs\":[\"https:\\\/\\\/www.facebook.com\\\/digiDEMBayern\\\/\",\"https:\\\/\\\/x.com\\\/digidem_bayern\",\"https:\\\/\\\/www.instagram.com\\\/digidem.bayern\",\"https:\\\/\\\/www.linkedin.com\\\/company\\\/digidem-bayern\\\/\"]},{\"@type\":\"Person\",\"@id\":\"\\\/#\\\/schema\\\/person\\\/0e8781e0653d1a8e57ca55bd2c3cb01f\",\"name\":\"Anne Keefer\",\"url\":\"https:\\\/\\\/digidem-bayern.de\\\/en\\\/author\\\/ag-webinar\\\/\"}]}<\/script>\n<!-- \/ Yoast SEO plugin. -->","yoast_head_json":{"title":"Geschlechterunterschiede bei Demenz - digiDEM Bayern","description":"Im Webinar \"digiDEM Bayern Science Watch LIVE\" behandeln Wissenschaftler ein Thema aus der Demenzforschung und stehen live f\u00fcr Fragen zur Verf\u00fcgung.","robots":{"index":"index","follow":"follow","max-snippet":"max-snippet:-1","max-image-preview":"max-image-preview:large","max-video-preview":"max-video-preview:-1"},"canonical":"https:\/\/digidem-bayern.de\/en\/geschlechterunterschied-bei-demenz\/","og_locale":"en_US","og_type":"article","og_title":"Geschlechterunterschiede bei Demenz - digiDEM Bayern","og_description":"Im Webinar \"digiDEM Bayern Science Watch LIVE\" behandeln Wissenschaftler ein Thema aus der Demenzforschung und stehen live f\u00fcr Fragen zur Verf\u00fcgung.","og_url":"https:\/\/digidem-bayern.de\/en\/geschlechterunterschied-bei-demenz\/","og_site_name":"digiDEM Bayern","article_publisher":"https:\/\/www.facebook.com\/digiDEMBayern\/","article_published_time":"2024-11-13T10:57:09+00:00","article_modified_time":"2025-01-14T12:50:56+00:00","og_image":[{"width":1000,"height":667,"url":"https:\/\/digidem-bayern.de\/wp-content\/uploads\/2024\/11\/2024-11-13-Webinar-Kalbe-Unterschiede-shutterstock_2392389589.jpg","type":"image\/jpeg"}],"author":"Anne Keefer","twitter_misc":{"Written by":"Anne Keefer","Est. reading time":"2 minutes"},"schema":{"@context":"https:\/\/schema.org","@graph":[{"@type":"Article","@id":"https:\/\/digidem-bayern.de\/geschlechterunterschied-bei-demenz\/#article","isPartOf":{"@id":"https:\/\/digidem-bayern.de\/geschlechterunterschied-bei-demenz\/"},"author":{"name":"Anne Keefer","@id":"\/#\/schema\/person\/0e8781e0653d1a8e57ca55bd2c3cb01f"},"headline":"Geschlechterunterschiede bei Demenz","datePublished":"2024-11-13T10:57:09+00:00","dateModified":"2025-01-14T12:50:56+00:00","mainEntityOfPage":{"@id":"https:\/\/digidem-bayern.de\/geschlechterunterschied-bei-demenz\/"},"wordCount":176,"commentCount":0,"publisher":{"@id":"\/#organization"},"image":{"@id":"https:\/\/digidem-bayern.de\/geschlechterunterschied-bei-demenz\/#primaryimage"},"thumbnailUrl":"https:\/\/digidem-bayern.de\/wp-content\/uploads\/2024\/11\/2024-11-13-Webinar-Kalbe-Unterschiede-shutterstock_2392389589.jpg","keywords":["Alzheimer","Alzheimer-Demenz","Demenz","Demenzerkrankung","Deutsche Alzheimer Gesellschaft","digidem","digidem Bayern","Digitales Demenzregister Bayern","Elke Kalbe","Gender","Genderstudies","Geschlecht","geschlechtersensible MEdizin","Geschlechterunterschiede","Uniklinikum Erlangen","Universit\u00e4tsklinikum K\u00f6ln","Webinar"],"articleSection":["Aktuelles zu digiDEM"],"inLanguage":"en-US","potentialAction":[{"@type":"CommentAction","name":"Comment","target":["https:\/\/digidem-bayern.de\/geschlechterunterschied-bei-demenz\/#respond"]}]},{"@type":"WebPage","@id":"https:\/\/digidem-bayern.de\/geschlechterunterschied-bei-demenz\/","url":"https:\/\/digidem-bayern.de\/geschlechterunterschied-bei-demenz\/","name":"Geschlechterunterschiede bei Demenz - digiDEM Bayern","isPartOf":{"@id":"\/#website"},"primaryImageOfPage":{"@id":"https:\/\/digidem-bayern.de\/geschlechterunterschied-bei-demenz\/#primaryimage"},"image":{"@id":"https:\/\/digidem-bayern.de\/geschlechterunterschied-bei-demenz\/#primaryimage"},"thumbnailUrl":"https:\/\/digidem-bayern.de\/wp-content\/uploads\/2024\/11\/2024-11-13-Webinar-Kalbe-Unterschiede-shutterstock_2392389589.jpg","datePublished":"2024-11-13T10:57:09+00:00","dateModified":"2025-01-14T12:50:56+00:00","description":"Im Webinar \"digiDEM Bayern Science Watch LIVE\" behandeln Wissenschaftler ein Thema aus der Demenzforschung und stehen live f\u00fcr Fragen zur Verf\u00fcgung.","breadcrumb":{"@id":"https:\/\/digidem-bayern.de\/geschlechterunterschied-bei-demenz\/#breadcrumb"},"inLanguage":"en-US","potentialAction":[{"@type":"ReadAction","target":["https:\/\/digidem-bayern.de\/geschlechterunterschied-bei-demenz\/"]}]},{"@type":"ImageObject","inLanguage":"en-US","@id":"https:\/\/digidem-bayern.de\/geschlechterunterschied-bei-demenz\/#primaryimage","url":"https:\/\/digidem-bayern.de\/wp-content\/uploads\/2024\/11\/2024-11-13-Webinar-Kalbe-Unterschiede-shutterstock_2392389589.jpg","contentUrl":"https:\/\/digidem-bayern.de\/wp-content\/uploads\/2024\/11\/2024-11-13-Webinar-Kalbe-Unterschiede-shutterstock_2392389589.jpg","width":1000,"height":667,"caption":"Foto: Shutterstock"},{"@type":"BreadcrumbList","@id":"https:\/\/digidem-bayern.de\/geschlechterunterschied-bei-demenz\/#breadcrumb","itemListElement":[{"@type":"ListItem","position":1,"name":"Startseite","item":"https:\/\/digidem-bayern.de\/"},{"@type":"ListItem","position":2,"name":"Geschlechterunterschiede bei Demenz"}]},{"@type":"WebSite","@id":"\/#website","url":"\/","name":"digiDEM Bavaria","description":"The digital dementia register in Bavaria researches and improves the structure of services for people with dementia and their relatives","publisher":{"@id":"\/#organization"},"potentialAction":[{"@type":"SearchAction","target":{"@type":"EntryPoint","urlTemplate":"\/?s={search_term_string}"},"query-input":{"@type":"PropertyValueSpecification","valueRequired":true,"valueName":"search_term_string"}}],"inLanguage":"en-US"},{"@type":"Organization","@id":"\/#organization","name":"digiDEM Bavaria","url":"\/","logo":{"@type":"ImageObject","inLanguage":"en-US","@id":"\/#\/schema\/logo\/image\/","url":"https:\/\/digidem-bayern.de\/wp-content\/uploads\/2022\/03\/cropped-Allgemeines_digiDEMLOGO-removebg-preview.png","contentUrl":"https:\/\/digidem-bayern.de\/wp-content\/uploads\/2022\/03\/cropped-Allgemeines_digiDEMLOGO-removebg-preview.png","width":612,"height":357,"caption":"digiDEM Bayern"},"image":{"@id":"\/#\/schema\/logo\/image\/"},"sameAs":["https:\/\/www.facebook.com\/digiDEMBayern\/","https:\/\/x.com\/digidem_bayern","https:\/\/www.instagram.com\/digidem.bayern","https:\/\/www.linkedin.com\/company\/digidem-bayern\/"]},{"@type":"Person","@id":"\/#\/schema\/person\/0e8781e0653d1a8e57ca55bd2c3cb01f","name":"Anne Keefer","url":"https:\/\/digidem-bayern.de\/en\/author\/ag-webinar\/"}]}},"uagb_featured_image_src":{"full":["https:\/\/digidem-bayern.de\/wp-content\/uploads\/2024\/11\/2024-11-13-Webinar-Kalbe-Unterschiede-shutterstock_2392389589.jpg",1000,667,false],"thumbnail":["https:\/\/digidem-bayern.de\/wp-content\/uploads\/2024\/11\/2024-11-13-Webinar-Kalbe-Unterschiede-shutterstock_2392389589-80x80.jpg",80,80,true],"medium":["https:\/\/digidem-bayern.de\/wp-content\/uploads\/2024\/11\/2024-11-13-Webinar-Kalbe-Unterschiede-shutterstock_2392389589-300x200.jpg",300,200,true],"medium_large":["https:\/\/digidem-bayern.de\/wp-content\/uploads\/2024\/11\/2024-11-13-Webinar-Kalbe-Unterschiede-shutterstock_2392389589-768x512.jpg",768,512,true],"large":["https:\/\/digidem-bayern.de\/wp-content\/uploads\/2024\/11\/2024-11-13-Webinar-Kalbe-Unterschiede-shutterstock_2392389589.jpg",1000,667,false],"1536x1536":["https:\/\/digidem-bayern.de\/wp-content\/uploads\/2024\/11\/2024-11-13-Webinar-Kalbe-Unterschiede-shutterstock_2392389589.jpg",1000,667,false],"2048x2048":["https:\/\/digidem-bayern.de\/wp-content\/uploads\/2024\/11\/2024-11-13-Webinar-Kalbe-Unterschiede-shutterstock_2392389589.jpg",1000,667,false],"trp-custom-language-flag":["https:\/\/digidem-bayern.de\/wp-content\/uploads\/2024\/11\/2024-11-13-Webinar-Kalbe-Unterschiede-shutterstock_2392389589.jpg",18,12,false],"qubely_landscape":["https:\/\/digidem-bayern.de\/wp-content\/uploads\/2024\/11\/2024-11-13-Webinar-Kalbe-Unterschiede-shutterstock_2392389589.jpg",1000,667,false],"qubely_portrait":["https:\/\/digidem-bayern.de\/wp-content\/uploads\/2024\/11\/2024-11-13-Webinar-Kalbe-Unterschiede-shutterstock_2392389589-540x320.jpg",540,320,true],"qubely_thumbnail":["https:\/\/digidem-bayern.de\/wp-content\/uploads\/2024\/11\/2024-11-13-Webinar-Kalbe-Unterschiede-shutterstock_2392389589-140x100.jpg",140,100,true],"post-thumbnail":["https:\/\/digidem-bayern.de\/wp-content\/uploads\/2024\/11\/2024-11-13-Webinar-Kalbe-Unterschiede-shutterstock_2392389589-525x350.jpg",525,350,true],"kahuna-featured":["https:\/\/digidem-bayern.de\/wp-content\/uploads\/2024\/11\/2024-11-13-Webinar-Kalbe-Unterschiede-shutterstock_2392389589-734x350.jpg",734,350,true],"kahuna-featured-lp":["https:\/\/digidem-bayern.de\/wp-content\/uploads\/2024\/11\/2024-11-13-Webinar-Kalbe-Unterschiede-shutterstock_2392389589-520x350.jpg",520,350,true],"kahuna-featured-half":["https:\/\/digidem-bayern.de\/wp-content\/uploads\/2024\/11\/2024-11-13-Webinar-Kalbe-Unterschiede-shutterstock_2392389589-800x350.jpg",800,350,true],"kahuna-featured-third":["https:\/\/digidem-bayern.de\/wp-content\/uploads\/2024\/11\/2024-11-13-Webinar-Kalbe-Unterschiede-shutterstock_2392389589-512x350.jpg",512,350,true],"kahuna-lpbox-1":["https:\/\/digidem-bayern.de\/wp-content\/uploads\/2024\/11\/2024-11-13-Webinar-Kalbe-Unterschiede-shutterstock_2392389589-520x300.jpg",520,300,true],"kahuna-lpbox-2":["https:\/\/digidem-bayern.de\/wp-content\/uploads\/2024\/11\/2024-11-13-Webinar-Kalbe-Unterschiede-shutterstock_2392389589-520x350.jpg",520,350,true],"demand-language-flag":["https:\/\/digidem-bayern.de\/wp-content\/uploads\/2024\/11\/2024-11-13-Webinar-Kalbe-Unterschiede-shutterstock_2392389589-36x36.jpg",36,36,true],"dddkt-language-flag":["https:\/\/digidem-bayern.de\/wp-content\/uploads\/2024\/11\/2024-11-13-Webinar-Kalbe-Unterschiede-shutterstock_2392389589-36x36.jpg",36,36,true],"ddiqc-language-flag":["https:\/\/digidem-bayern.de\/wp-content\/uploads\/2024\/11\/2024-11-13-Webinar-Kalbe-Unterschiede-shutterstock_2392389589-36x36.jpg",36,36,true],"ddtl-language-flag":["https:\/\/digidem-bayern.de\/wp-content\/uploads\/2024\/11\/2024-11-13-Webinar-Kalbe-Unterschiede-shutterstock_2392389589-36x36.jpg",36,36,true],"mailpoet_newsletter_max":["https:\/\/digidem-bayern.de\/wp-content\/uploads\/2024\/11\/2024-11-13-Webinar-Kalbe-Unterschiede-shutterstock_2392389589.jpg",1000,667,false],"kahuna-lpbox-3":["https:\/\/digidem-bayern.de\/wp-content\/uploads\/2024\/11\/2024-11-13-Webinar-Kalbe-Unterschiede-shutterstock_2392389589-520x350.jpg",520,350,true],"kahuna-featured-square":["https:\/\/digidem-bayern.de\/wp-content\/uploads\/2024\/11\/2024-11-13-Webinar-Kalbe-Unterschiede-shutterstock_2392389589-512x512.jpg",512,512,true],"kahuna-featured-square-large":["https:\/\/digidem-bayern.de\/wp-content\/uploads\/2024\/11\/2024-11-13-Webinar-Kalbe-Unterschiede-shutterstock_2392389589.jpg",1000,667,false]},"uagb_author_info":{"display_name":"Anne Keefer","author_link":"https:\/\/digidem-bayern.de\/en\/author\/ag-webinar\/"},"uagb_comment_info":1,"uagb_excerpt":"Geschlechterforschung (Gender Studies) in der Medizin ist ein gesellschaftlich hoch relevantes Thema. Denn sowohl bei der Entstehung als auch bei der Behandlung von Erkrankungen spielt das Geschlecht eine wichtige Rolle. Geschlechterspezifische Unterschiede zeigen sich auch bei Demenzpatientinnen und Demenzpatienten. So erkranken Frauen h\u00e4ufiger an Demenz als M\u00e4nner, zeigen ein anderes &hellip;","_links":{"self":[{"href":"https:\/\/digidem-bayern.de\/en\/wp-json\/wp\/v2\/posts\/39843","targetHints":{"allow":["GET"]}}],"collection":[{"href":"https:\/\/digidem-bayern.de\/en\/wp-json\/wp\/v2\/posts"}],"about":[{"href":"https:\/\/digidem-bayern.de\/en\/wp-json\/wp\/v2\/types\/post"}],"author":[{"embeddable":true,"href":"https:\/\/digidem-bayern.de\/en\/wp-json\/wp\/v2\/users\/7"}],"replies":[{"embeddable":true,"href":"https:\/\/digidem-bayern.de\/en\/wp-json\/wp\/v2\/comments?post=39843"}],"version-history":[{"count":3,"href":"https:\/\/digidem-bayern.de\/en\/wp-json\/wp\/v2\/posts\/39843\/revisions"}],"predecessor-version":[{"id":39855,"href":"https:\/\/digidem-bayern.de\/en\/wp-json\/wp\/v2\/posts\/39843\/revisions\/39855"}],"wp:featuredmedia":[{"embeddable":true,"href":"https:\/\/digidem-bayern.de\/en\/wp-json\/wp\/v2\/media\/39851"}],"wp:attachment":[{"href":"https:\/\/digidem-bayern.de\/en\/wp-json\/wp\/v2\/media?parent=39843"}],"wp:term":[{"taxonomy":"category","embeddable":true,"href":"https:\/\/digidem-bayern.de\/en\/wp-json\/wp\/v2\/categories?post=39843"},{"taxonomy":"post_tag","embeddable":true,"href":"https:\/\/digidem-bayern.de\/en\/wp-json\/wp\/v2\/tags?post=39843"}],"curies":[{"name":"wp","href":"https:\/\/api.w.org\/{rel}","templated":true}]}}