{"id":39833,"date":"2024-11-13T07:24:07","date_gmt":"2024-11-13T06:24:07","guid":{"rendered":"https:\/\/digidem-bayern.de\/?p=39833"},"modified":"2024-11-16T07:37:56","modified_gmt":"2024-11-16T06:37:56","slug":"maks-therapie-mit-msd-gesundheitspreis-ausgezeichnet","status":"publish","type":"post","link":"https:\/\/digidem-bayern.de\/en\/maks-therapie-mit-msd-gesundheitspreis-ausgezeichnet\/","title":{"rendered":"MAKS\u00ae-Therapie mit MSD-Gesundheitspreis ausgezeichnet"},"content":{"rendered":"<p><strong>Die MAKS\u00ae-Therapie&nbsp;wurde mit einem MSD-Gesundheitspreis&nbsp;2024 ausgezeichnet. Das aus mehreren Komponenten bestehende MAKS\u00ae-Programm hilft Menschen mit leichter bis mittlerer Demenz nachweislich, ihre kognitiven F\u00e4higkeiten so lange wie m\u00f6glich zu erhalten. Die nicht-medikament\u00f6se Aktivierungstherapie tr\u00e4gt dazu bei, das Fortschreiten einer Demenz zu verlangsamen und Symptome einer Demenz zu lindern. F\u00fcr den Preis haben sich&nbsp;Prof. Dr. med. Elmar Gr\u00e4\u00dfel, der mit seinem Team MAKS\u00ae&nbsp;entwickelt hat, und die&nbsp;Innungskrankenkasse&nbsp;IKK classic&nbsp;gemeinsam beworben.&nbsp;Dotiert ist der an das MAKS\u00ae-Projekt verliehene MSD-Gesundheitspreis mit Preis mit 15.000 Euro.<\/strong><\/p>\n\n\n\n<p>Demenz hat viele Ursachen und Facetten. Eines ist jedoch sicher: Die Erkrankung stellt Betroffene und ihr Umfeld vor gro\u00dfe Herausforderungen und Belastungen. \u201eWir k\u00f6nnen Demenz nicht heilen, aber mit der nicht-medikament\u00f6sen Aktivierungstherapie&nbsp;<strong>MAKS<\/strong><strong><sup>\u00ae<\/sup><\/strong>&nbsp;das Fortschreiten einer Demenz verlangsamen<strong>&nbsp;<\/strong>und die Symptome einer Demenz lindern\u201c, sagt&nbsp;Prof. Dr. med. Elmar Gr\u00e4\u00dfel. Der Leiter des Zentrums f\u00fcr Medizinische Versorgungsforschung an der Psychiatrischen Universit\u00e4tsklinik Erlangen hat das MAKS<strong><sup>\u00ae<\/sup><\/strong>-Konzept entwickelt.<\/p>\n\n\n<div class=\"wp-block-image\">\n<figure class=\"alignright size-large is-resized\"><img loading=\"lazy\" decoding=\"async\" width=\"1030\" height=\"687\" src=\"https:\/\/digidem-bayern.de\/wp-content\/uploads\/2024\/11\/241105_2-MAKS-Preisverleihung-Foto-MSD-Sharp-Dohme-GmbH--1030x687.jpg\" alt=\"F\u00fcr den Preis haben sich Prof. Dr. med. Elmar Gr\u00e4\u00dfel, der mit seinem Team MAKS\u00ae entwickelt hat, und die Innungskrankenkasse IKK classic gemeinsam beworben.\" class=\"wp-image-39835\" style=\"width:559px;height:auto\" srcset=\"https:\/\/digidem-bayern.de\/wp-content\/uploads\/2024\/11\/241105_2-MAKS-Preisverleihung-Foto-MSD-Sharp-Dohme-GmbH--1030x687.jpg 1030w, https:\/\/digidem-bayern.de\/wp-content\/uploads\/2024\/11\/241105_2-MAKS-Preisverleihung-Foto-MSD-Sharp-Dohme-GmbH--300x200.jpg 300w, https:\/\/digidem-bayern.de\/wp-content\/uploads\/2024\/11\/241105_2-MAKS-Preisverleihung-Foto-MSD-Sharp-Dohme-GmbH--768x512.jpg 768w, https:\/\/digidem-bayern.de\/wp-content\/uploads\/2024\/11\/241105_2-MAKS-Preisverleihung-Foto-MSD-Sharp-Dohme-GmbH--1536x1024.jpg 1536w, https:\/\/digidem-bayern.de\/wp-content\/uploads\/2024\/11\/241105_2-MAKS-Preisverleihung-Foto-MSD-Sharp-Dohme-GmbH--2048x1365.jpg 2048w, https:\/\/digidem-bayern.de\/wp-content\/uploads\/2024\/11\/241105_2-MAKS-Preisverleihung-Foto-MSD-Sharp-Dohme-GmbH--525x350.jpg 525w, https:\/\/digidem-bayern.de\/wp-content\/uploads\/2024\/11\/241105_2-MAKS-Preisverleihung-Foto-MSD-Sharp-Dohme-GmbH--1320x880.jpg 1320w, https:\/\/digidem-bayern.de\/wp-content\/uploads\/2024\/11\/241105_2-MAKS-Preisverleihung-Foto-MSD-Sharp-Dohme-GmbH-.jpg 1600w\" sizes=\"auto, (max-width: 1030px) 100vw, 1030px\" \/><figcaption class=\"wp-element-caption\">Bei der Verleihung des MSD-Gesundheitspreises 2024 an das MAKS\u00ae-Projekt: (v.l.n.r.) Prof. Dr. med. Elmar Gr\u00e4\u00dfel (Universit\u00e4tsklinik Erlangen) mit Lavinia Rehn, Roland Hierlmeier, Frank Klingler (alle Innungskrankenkasse IKK classic), J\u00fcrgen Fischer (ClarCert GmbH) und Laudator Prof. Dr. Volker Amelung. Foto: MSD Sharp &amp; Dohme GmbH<\/figcaption><\/figure>\n<\/div>\n\n\n<p><strong>Selbstst\u00e4ndigkeit und Lebensqualit\u00e4t bewahren<\/strong><strong><\/strong><\/p>\n\n\n\n<p>Mit Hilfe von&nbsp;<strong>M<\/strong>otorischen,&nbsp;<strong>A<\/strong>lltagspraktischen,&nbsp;<strong>K<\/strong>ognitiven und&nbsp;<strong>S<\/strong>ozialen Aktivit\u00e4ten unterst\u00fctzt&nbsp;<strong>MAKS<\/strong><strong><sup>\u00ae<\/sup><\/strong>Menschen mit leichter bis mittlerer Demenz darin, ihre Selbstst\u00e4ndigkeit und Lebensqualit\u00e4t so lange wie m\u00f6glich zu bewahren.&nbsp;\u201eDa&nbsp;<strong>MAKS<\/strong><strong><sup>\u00ae<\/sup>&nbsp;<\/strong>die Symptome einer Demenz mildert, f\u00fchrt dies zu einer sp\u00fcrbaren Entlastung f\u00fcr Angeh\u00f6rige und Pflegende. Die Wirksamkeit der Aktivierungstherapie&nbsp;wurde in zwei gro\u00dfen wissenschaftlichen Studien nachgewiesen\u201c, erl\u00e4utert Prof. Dr. med. Elmar Gr\u00e4\u00dfel.<\/p>\n\n\n\n<p><strong>Preisgeld kommt der weiteren MAKS<sup>\u00ae<\/sup>-Forschung zu Gute<\/strong><\/p>\n\n\n\n<p>\u201e\u00dcber die gro\u00dfartige Anerkennung der Jury freuen wir uns sehr\u201c, sagt&nbsp;Prof. Dr. med. Elmar Gr\u00e4\u00dfel. \u201eEin MSD-Gesundheitspreis 2024 bedeutet uns sehr viel. Denn das Preisgeld kommt&nbsp;der&nbsp;weiteren wissenschaftlichen Erforschung von MAKS<sup>\u00ae<\/sup>&nbsp;zu Gute. \u201eWir w\u00fcnschen uns, dass mehr Demenzbetroffene von MAKS<strong><sup>\u00ae<\/sup><\/strong>&nbsp;profitieren k\u00f6nnen\u201c, betont Prof. Dr. med. Elmar Gr\u00e4\u00dfel. Das Ziel ist es, die Gesundheitsversorgung und Pflege&nbsp;von Menschen mit leichter bis mittlerer Demenz zu verbessern und&nbsp;die&nbsp;Versorgungssituation zu optimieren.&nbsp;<\/p>\n\n\n\n<p><strong>\u201eEin St\u00fcck Normalit\u00e4t und Lebensfreude\u201c<\/strong><\/p>\n\n\n\n<p>Die MAKS<strong><sup>\u00ae<\/sup><\/strong>-Therapie ist als Gruppentherapie konzipiert ist und adressiert auch einen Aspekt, von dem viele \u00e4ltere Menschen betroffen sind und der zugleich einen Risikofaktor f\u00fcr Demenz darstellt: soziale Isolation und Einsamkeit. \u201eSo tr\u00e4gt die MAKS<strong><sup>\u00ae<\/sup><\/strong>-Therapie auch dazu bei, ein St\u00fcck Normalit\u00e4t und Lebensfreude in den Alltag der Teilnehmenden zur\u00fcckzubringen\u201c, sagte Prof. Volker Amelung in seiner Laudatio anl\u00e4sslich der Preisverleihung in M\u00fcnchen am 05.11.2024.<\/p>\n\n\n\n<p><strong>\u00dcber 3.000&nbsp;<\/strong><strong>Pflege- und Betreuungskr\u00e4fte in ganz Deutschland geschult<\/strong><\/p>\n\n\n\n<p>F\u00fcr einen MSD-Gesundheitspreis 2024 hatte sich Prof. Dr. med. Elmar Gr\u00e4\u00dfel gemeinsam mit der&nbsp;<em>Innungskrankenkasse IKK classic<\/em>&nbsp;beworben. Zusammen mit weiteren Pflegekassen und in Kooperation mit dem Zertifizierungs\u00adinstitut&nbsp;<em>ClarCert<\/em>&nbsp;wurden bereits \u00fcber 3.000 Pflege- und Betreuungskr\u00e4fte in ganz Deutschland in der Durchf\u00fchrung der MAKS<strong><sup>\u00ae<\/sup><\/strong>-Therapie geschult. Damit sind sie in die Lage versetzt, in Pflegeheimen, Tagespflegen und Betreuungsgruppen&nbsp;<strong>MAKS<\/strong><strong><sup>\u00ae<\/sup><\/strong>&nbsp;erfolgreich anzuwenden.&nbsp;Das MAKS<strong><sup>\u00ae<\/sup><\/strong>-Schulungskonzept entspricht vollumf\u00e4nglich den Grunds\u00e4tzen der Deutschen Alzheimer Gesellschaft e.V..&nbsp;<\/p>\n\n\n\n<p>Die MSD-Gesundheitspreise werden an Projekte verliehen, die die Gesundheitsversorgung von Patientinnen&nbsp;und Patienten nachweislich verbessern. Mehr als 60 Projekte hatten sich f\u00fcr die MSD-Gesundheitspreise 2024 beworben. Davon wurden zehn Projekte nominiert, drei erhielten die begehrten&nbsp;MSD-Gesundheitspreise.&nbsp;<\/p>\n\n\n\n<p><strong><a href=\"https:\/\/www.maks-therapie.de\">Hier erhalten Sie mehr Informationen \u00fcber MAKS<sup>\u00ae<\/sup>.<\/a><\/strong><\/p>\n\n\n\n<p><strong><a href=\"https:\/\/www.clarcert.com\/personenqualifizierung\/maks\/vorstellung.html\">Zu den MAKS<sup>\u00ae<\/sup>-Schulungen gelangen Sie hier.<\/a><\/strong><\/p>\n\n\n\n<p><\/p>\n\n\n\n<p><\/p>\n\n\n\n<p><\/p>\n\n\n\n<div style=\"height:20px\" aria-hidden=\"true\" class=\"wp-block-spacer\"><\/div>\n\n\n\n<div style=\"height:20px\" aria-hidden=\"true\" class=\"wp-block-spacer\"><\/div>\n\n\n\n<p><\/p>","protected":false},"excerpt":{"rendered":"<p>Die MAKS\u00ae-Therapie&nbsp;wurde mit einem MSD-Gesundheitspreis&nbsp;2024 ausgezeichnet. Das aus mehreren Komponenten bestehende MAKS\u00ae-Programm hilft Menschen mit leichter bis mittlerer Demenz nachweislich, ihre kognitiven F\u00e4higkeiten so lange wie m\u00f6glich zu erhalten. Die nicht-medikament\u00f6se Aktivierungstherapie tr\u00e4gt dazu bei, das Fortschreiten einer Demenz zu verlangsamen und Symptome einer Demenz zu lindern. F\u00fcr den Preis &hellip;<\/p>","protected":false},"author":12,"featured_media":39835,"comment_status":"open","ping_status":"closed","sticky":false,"template":"","format":"standard","meta":{"qubely_global_settings":"","qubely_interactions":"","_uag_custom_page_level_css":"","footnotes":""},"categories":[8,443,5],"tags":[1268,13,1271,12,14,17,55,37,1269,1270,1267,486,86,293,566,72,1272],"class_list":["post-39833","post","type-post","status-publish","format-standard","has-post-thumbnail","hentry","category-aktuelles-zu-digidem","category-pressemitteilungen","category-wissenschaft-forschung","tag-aktivierungstherapie","tag-alzheimer","tag-clartcert","tag-demenz-2","tag-digidem","tag-digidem-bayern","tag-digitales-demenzregister-bayern","tag-elmar-graessel","tag-gesundheitsversorgung","tag-gruppentherapie","tag-ikk-classic","tag-lebensqualitaet","tag-maks","tag-maks-therapie","tag-menschen-mit-demenz","tag-pflegeheim","tag-tagespflege"],"qubely_featured_image_url":{"full":["https:\/\/digidem-bayern.de\/wp-content\/uploads\/2024\/11\/241105_2-MAKS-Preisverleihung-Foto-MSD-Sharp-Dohme-GmbH-.jpg",1600,1067,false],"landscape":["https:\/\/digidem-bayern.de\/wp-content\/uploads\/2024\/11\/241105_2-MAKS-Preisverleihung-Foto-MSD-Sharp-Dohme-GmbH--1200x750.jpg",1200,750,true],"portraits":["https:\/\/digidem-bayern.de\/wp-content\/uploads\/2024\/11\/241105_2-MAKS-Preisverleihung-Foto-MSD-Sharp-Dohme-GmbH--540x320.jpg",540,320,true],"thumbnail":["https:\/\/digidem-bayern.de\/wp-content\/uploads\/2024\/11\/241105_2-MAKS-Preisverleihung-Foto-MSD-Sharp-Dohme-GmbH--80x80.jpg",80,80,true],"medium":["https:\/\/digidem-bayern.de\/wp-content\/uploads\/2024\/11\/241105_2-MAKS-Preisverleihung-Foto-MSD-Sharp-Dohme-GmbH--300x200.jpg",300,200,true],"medium_large":["https:\/\/digidem-bayern.de\/wp-content\/uploads\/2024\/11\/241105_2-MAKS-Preisverleihung-Foto-MSD-Sharp-Dohme-GmbH--768x512.jpg",768,512,true],"large":["https:\/\/digidem-bayern.de\/wp-content\/uploads\/2024\/11\/241105_2-MAKS-Preisverleihung-Foto-MSD-Sharp-Dohme-GmbH--1030x687.jpg",1030,687,true],"1536x1536":["https:\/\/digidem-bayern.de\/wp-content\/uploads\/2024\/11\/241105_2-MAKS-Preisverleihung-Foto-MSD-Sharp-Dohme-GmbH--1536x1024.jpg",1536,1024,true],"2048x2048":["https:\/\/digidem-bayern.de\/wp-content\/uploads\/2024\/11\/241105_2-MAKS-Preisverleihung-Foto-MSD-Sharp-Dohme-GmbH--2048x1365.jpg",2048,1365,true],"trp-custom-language-flag":["https:\/\/digidem-bayern.de\/wp-content\/uploads\/2024\/11\/241105_2-MAKS-Preisverleihung-Foto-MSD-Sharp-Dohme-GmbH-.jpg",18,12,false],"qubely_landscape":["https:\/\/digidem-bayern.de\/wp-content\/uploads\/2024\/11\/241105_2-MAKS-Preisverleihung-Foto-MSD-Sharp-Dohme-GmbH--1200x750.jpg",1200,750,true],"qubely_portrait":["https:\/\/digidem-bayern.de\/wp-content\/uploads\/2024\/11\/241105_2-MAKS-Preisverleihung-Foto-MSD-Sharp-Dohme-GmbH--540x320.jpg",540,320,true],"qubely_thumbnail":["https:\/\/digidem-bayern.de\/wp-content\/uploads\/2024\/11\/241105_2-MAKS-Preisverleihung-Foto-MSD-Sharp-Dohme-GmbH--140x100.jpg",140,100,true],"post-thumbnail":["https:\/\/digidem-bayern.de\/wp-content\/uploads\/2024\/11\/241105_2-MAKS-Preisverleihung-Foto-MSD-Sharp-Dohme-GmbH--525x350.jpg",525,350,true],"kahuna-featured":["https:\/\/digidem-bayern.de\/wp-content\/uploads\/2024\/11\/241105_2-MAKS-Preisverleihung-Foto-MSD-Sharp-Dohme-GmbH--734x350.jpg",734,350,true],"kahuna-featured-lp":["https:\/\/digidem-bayern.de\/wp-content\/uploads\/2024\/11\/241105_2-MAKS-Preisverleihung-Foto-MSD-Sharp-Dohme-GmbH--520x350.jpg",520,350,true],"kahuna-featured-half":["https:\/\/digidem-bayern.de\/wp-content\/uploads\/2024\/11\/241105_2-MAKS-Preisverleihung-Foto-MSD-Sharp-Dohme-GmbH--800x350.jpg",800,350,true],"kahuna-featured-third":["https:\/\/digidem-bayern.de\/wp-content\/uploads\/2024\/11\/241105_2-MAKS-Preisverleihung-Foto-MSD-Sharp-Dohme-GmbH--512x350.jpg",512,350,true],"kahuna-lpbox-1":["https:\/\/digidem-bayern.de\/wp-content\/uploads\/2024\/11\/241105_2-MAKS-Preisverleihung-Foto-MSD-Sharp-Dohme-GmbH--520x300.jpg",520,300,true],"kahuna-lpbox-2":["https:\/\/digidem-bayern.de\/wp-content\/uploads\/2024\/11\/241105_2-MAKS-Preisverleihung-Foto-MSD-Sharp-Dohme-GmbH--520x350.jpg",520,350,true],"demand-language-flag":["https:\/\/digidem-bayern.de\/wp-content\/uploads\/2024\/11\/241105_2-MAKS-Preisverleihung-Foto-MSD-Sharp-Dohme-GmbH--36x36.jpg",36,36,true],"dddkt-language-flag":["https:\/\/digidem-bayern.de\/wp-content\/uploads\/2024\/11\/241105_2-MAKS-Preisverleihung-Foto-MSD-Sharp-Dohme-GmbH--36x36.jpg",36,36,true],"ddiqc-language-flag":["https:\/\/digidem-bayern.de\/wp-content\/uploads\/2024\/11\/241105_2-MAKS-Preisverleihung-Foto-MSD-Sharp-Dohme-GmbH--36x36.jpg",36,36,true],"ddtl-language-flag":["https:\/\/digidem-bayern.de\/wp-content\/uploads\/2024\/11\/241105_2-MAKS-Preisverleihung-Foto-MSD-Sharp-Dohme-GmbH--36x36.jpg",36,36,true],"mailpoet_newsletter_max":["https:\/\/digidem-bayern.de\/wp-content\/uploads\/2024\/11\/241105_2-MAKS-Preisverleihung-Foto-MSD-Sharp-Dohme-GmbH--1320x880.jpg",1320,880,true],"kahuna-lpbox-3":["https:\/\/digidem-bayern.de\/wp-content\/uploads\/2024\/11\/241105_2-MAKS-Preisverleihung-Foto-MSD-Sharp-Dohme-GmbH--520x350.jpg",520,350,true],"kahuna-featured-square":["https:\/\/digidem-bayern.de\/wp-content\/uploads\/2024\/11\/241105_2-MAKS-Preisverleihung-Foto-MSD-Sharp-Dohme-GmbH--512x512.jpg",512,512,true],"kahuna-featured-square-large":["https:\/\/digidem-bayern.de\/wp-content\/uploads\/2024\/11\/241105_2-MAKS-Preisverleihung-Foto-MSD-Sharp-Dohme-GmbH--1024x1024.jpg",1024,1024,true]},"qubely_author":{"display_name":"Ilona H\u00f6rath","author_link":"https:\/\/digidem-bayern.de\/en\/author\/hoeratia\/"},"qubely_comment":42,"qubely_category":"<a href=\"https:\/\/digidem-bayern.de\/en\/category\/aktuelles-zu-digidem\/\" rel=\"category tag\">Aktuelles zu digiDEM<\/a> <a href=\"https:\/\/digidem-bayern.de\/en\/category\/pressemitteilungen\/\" rel=\"category tag\">Pressemitteilungen<\/a> <a href=\"https:\/\/digidem-bayern.de\/en\/category\/wissenschaft-forschung\/\" rel=\"category tag\">Wissenschaft &amp; Forschung<\/a>","qubely_excerpt":"Die MAKS\u00ae-Therapie&nbsp;wurde mit einem MSD-Gesundheitspreis&nbsp;2024 ausgezeichnet. Das aus mehreren Komponenten bestehende MAKS\u00ae-Programm hilft Menschen mit leichter bis mittlerer Demenz nachweislich, ihre kognitiven F\u00e4higkeiten so lange wie m\u00f6glich zu erhalten. Die nicht-medikament\u00f6se Aktivierungstherapie tr\u00e4gt dazu bei, das Fortschreiten einer Demenz zu verlangsamen und Symptome einer Demenz zu lindern. F\u00fcr den Preis &hellip;","featured_image_urls_v2":{"full":["https:\/\/digidem-bayern.de\/wp-content\/uploads\/2024\/11\/241105_2-MAKS-Preisverleihung-Foto-MSD-Sharp-Dohme-GmbH-.jpg",1600,1067,false],"thumbnail":["https:\/\/digidem-bayern.de\/wp-content\/uploads\/2024\/11\/241105_2-MAKS-Preisverleihung-Foto-MSD-Sharp-Dohme-GmbH--80x80.jpg",80,80,true],"medium":["https:\/\/digidem-bayern.de\/wp-content\/uploads\/2024\/11\/241105_2-MAKS-Preisverleihung-Foto-MSD-Sharp-Dohme-GmbH--300x200.jpg",300,200,true],"medium_large":["https:\/\/digidem-bayern.de\/wp-content\/uploads\/2024\/11\/241105_2-MAKS-Preisverleihung-Foto-MSD-Sharp-Dohme-GmbH--768x512.jpg",768,512,true],"large":["https:\/\/digidem-bayern.de\/wp-content\/uploads\/2024\/11\/241105_2-MAKS-Preisverleihung-Foto-MSD-Sharp-Dohme-GmbH--1030x687.jpg",1030,687,true],"1536x1536":["https:\/\/digidem-bayern.de\/wp-content\/uploads\/2024\/11\/241105_2-MAKS-Preisverleihung-Foto-MSD-Sharp-Dohme-GmbH--1536x1024.jpg",1536,1024,true],"2048x2048":["https:\/\/digidem-bayern.de\/wp-content\/uploads\/2024\/11\/241105_2-MAKS-Preisverleihung-Foto-MSD-Sharp-Dohme-GmbH--2048x1365.jpg",2048,1365,true],"trp-custom-language-flag":["https:\/\/digidem-bayern.de\/wp-content\/uploads\/2024\/11\/241105_2-MAKS-Preisverleihung-Foto-MSD-Sharp-Dohme-GmbH-.jpg",18,12,false],"qubely_landscape":["https:\/\/digidem-bayern.de\/wp-content\/uploads\/2024\/11\/241105_2-MAKS-Preisverleihung-Foto-MSD-Sharp-Dohme-GmbH--1200x750.jpg",1200,750,true],"qubely_portrait":["https:\/\/digidem-bayern.de\/wp-content\/uploads\/2024\/11\/241105_2-MAKS-Preisverleihung-Foto-MSD-Sharp-Dohme-GmbH--540x320.jpg",540,320,true],"qubely_thumbnail":["https:\/\/digidem-bayern.de\/wp-content\/uploads\/2024\/11\/241105_2-MAKS-Preisverleihung-Foto-MSD-Sharp-Dohme-GmbH--140x100.jpg",140,100,true],"post-thumbnail":["https:\/\/digidem-bayern.de\/wp-content\/uploads\/2024\/11\/241105_2-MAKS-Preisverleihung-Foto-MSD-Sharp-Dohme-GmbH--525x350.jpg",525,350,true],"kahuna-featured":["https:\/\/digidem-bayern.de\/wp-content\/uploads\/2024\/11\/241105_2-MAKS-Preisverleihung-Foto-MSD-Sharp-Dohme-GmbH--734x350.jpg",734,350,true],"kahuna-featured-lp":["https:\/\/digidem-bayern.de\/wp-content\/uploads\/2024\/11\/241105_2-MAKS-Preisverleihung-Foto-MSD-Sharp-Dohme-GmbH--520x350.jpg",520,350,true],"kahuna-featured-half":["https:\/\/digidem-bayern.de\/wp-content\/uploads\/2024\/11\/241105_2-MAKS-Preisverleihung-Foto-MSD-Sharp-Dohme-GmbH--800x350.jpg",800,350,true],"kahuna-featured-third":["https:\/\/digidem-bayern.de\/wp-content\/uploads\/2024\/11\/241105_2-MAKS-Preisverleihung-Foto-MSD-Sharp-Dohme-GmbH--512x350.jpg",512,350,true],"kahuna-lpbox-1":["https:\/\/digidem-bayern.de\/wp-content\/uploads\/2024\/11\/241105_2-MAKS-Preisverleihung-Foto-MSD-Sharp-Dohme-GmbH--520x300.jpg",520,300,true],"kahuna-lpbox-2":["https:\/\/digidem-bayern.de\/wp-content\/uploads\/2024\/11\/241105_2-MAKS-Preisverleihung-Foto-MSD-Sharp-Dohme-GmbH--520x350.jpg",520,350,true],"demand-language-flag":["https:\/\/digidem-bayern.de\/wp-content\/uploads\/2024\/11\/241105_2-MAKS-Preisverleihung-Foto-MSD-Sharp-Dohme-GmbH--36x36.jpg",36,36,true],"dddkt-language-flag":["https:\/\/digidem-bayern.de\/wp-content\/uploads\/2024\/11\/241105_2-MAKS-Preisverleihung-Foto-MSD-Sharp-Dohme-GmbH--36x36.jpg",36,36,true],"ddiqc-language-flag":["https:\/\/digidem-bayern.de\/wp-content\/uploads\/2024\/11\/241105_2-MAKS-Preisverleihung-Foto-MSD-Sharp-Dohme-GmbH--36x36.jpg",36,36,true],"ddtl-language-flag":["https:\/\/digidem-bayern.de\/wp-content\/uploads\/2024\/11\/241105_2-MAKS-Preisverleihung-Foto-MSD-Sharp-Dohme-GmbH--36x36.jpg",36,36,true],"mailpoet_newsletter_max":["https:\/\/digidem-bayern.de\/wp-content\/uploads\/2024\/11\/241105_2-MAKS-Preisverleihung-Foto-MSD-Sharp-Dohme-GmbH--1320x880.jpg",1320,880,true],"kahuna-lpbox-3":["https:\/\/digidem-bayern.de\/wp-content\/uploads\/2024\/11\/241105_2-MAKS-Preisverleihung-Foto-MSD-Sharp-Dohme-GmbH--520x350.jpg",520,350,true],"kahuna-featured-square":["https:\/\/digidem-bayern.de\/wp-content\/uploads\/2024\/11\/241105_2-MAKS-Preisverleihung-Foto-MSD-Sharp-Dohme-GmbH--512x512.jpg",512,512,true],"kahuna-featured-square-large":["https:\/\/digidem-bayern.de\/wp-content\/uploads\/2024\/11\/241105_2-MAKS-Preisverleihung-Foto-MSD-Sharp-Dohme-GmbH--1024x1024.jpg",1024,1024,true]},"post_excerpt_stackable_v2":"<p>Die MAKS\u00ae-Therapie&nbsp;wurde mit einem MSD-Gesundheitspreis&nbsp;2024 ausgezeichnet. Das aus mehreren Komponenten bestehende MAKS\u00ae-Programm hilft Menschen mit leichter bis mittlerer Demenz nachweislich, ihre kognitiven F\u00e4higkeiten so lange wie m\u00f6glich zu erhalten. Die nicht-medikament\u00f6se Aktivierungstherapie tr\u00e4gt dazu bei, das Fortschreiten einer Demenz zu verlangsamen und Symptome einer Demenz zu lindern. F\u00fcr den Preis haben sich&nbsp;Prof. Dr. med. Elmar Gr\u00e4\u00dfel, der mit seinem Team MAKS\u00ae&nbsp;entwickelt hat, und die&nbsp;Innungskrankenkasse&nbsp;IKK classic&nbsp;gemeinsam beworben.&nbsp;Dotiert ist der an das MAKS\u00ae-Projekt verliehene MSD-Gesundheitspreis mit Preis mit 15.000 Euro. Demenz hat viele Ursachen und Facetten. Eines ist jedoch sicher: Die Erkrankung stellt Betroffene und ihr Umfeld vor gro\u00dfe Herausforderungen und Belastungen.&hellip;<\/p>\n","category_list_v2":"<a href=\"https:\/\/digidem-bayern.de\/en\/category\/aktuelles-zu-digidem\/\" rel=\"category tag\">Aktuelles zu digiDEM<\/a>, <a href=\"https:\/\/digidem-bayern.de\/en\/category\/pressemitteilungen\/\" rel=\"category tag\">Pressemitteilungen<\/a>, <a href=\"https:\/\/digidem-bayern.de\/en\/category\/wissenschaft-forschung\/\" rel=\"category tag\">Wissenschaft &amp; Forschung<\/a>","author_info_v2":{"name":"Ilona H\u00f6rath","url":"https:\/\/digidem-bayern.de\/en\/author\/hoeratia\/"},"comments_num_v2":"0 comments","yoast_head":"<!-- This site is optimized with the Yoast SEO plugin v27.5 - https:\/\/yoast.com\/product\/yoast-seo-wordpress\/ -->\n<title>MAKS\u00ae-Therapie mit MSD-Gesundheitspreis ausgezeichnet - digiDEM Bayern<\/title>\n<meta name=\"description\" content=\"Der Bayerische Landesapothekerkammer unterst\u00fctzt digiDEM Bayern mit Hilfe des Netzwerks &quot;Demenzfreundliche Apotheken&quot;.\" \/>\n<meta name=\"robots\" content=\"index, follow, max-snippet:-1, max-image-preview:large, max-video-preview:-1\" \/>\n<link rel=\"canonical\" href=\"https:\/\/digidem-bayern.de\/en\/maks-therapie-mit-msd-gesundheitspreis-ausgezeichnet\/\" \/>\n<meta property=\"og:locale\" content=\"en_US\" \/>\n<meta property=\"og:type\" content=\"article\" \/>\n<meta property=\"og:title\" content=\"MAKS\u00ae-Therapie mit MSD-Gesundheitspreis ausgezeichnet - digiDEM Bayern\" \/>\n<meta property=\"og:description\" content=\"Der Bayerische Landesapothekerkammer unterst\u00fctzt digiDEM Bayern mit Hilfe des Netzwerks &quot;Demenzfreundliche Apotheken&quot;.\" \/>\n<meta property=\"og:url\" content=\"https:\/\/digidem-bayern.de\/en\/maks-therapie-mit-msd-gesundheitspreis-ausgezeichnet\/\" \/>\n<meta property=\"og:site_name\" content=\"digiDEM Bayern\" \/>\n<meta property=\"article:publisher\" content=\"https:\/\/www.facebook.com\/digiDEMBayern\/\" \/>\n<meta property=\"article:published_time\" content=\"2024-11-13T06:24:07+00:00\" \/>\n<meta property=\"article:modified_time\" content=\"2024-11-16T06:37:56+00:00\" \/>\n<meta property=\"og:image\" content=\"https:\/\/digidem-bayern.de\/wp-content\/uploads\/2024\/11\/241105_2-MAKS-Preisverleihung-Foto-MSD-Sharp-Dohme-GmbH-.jpg\" \/>\n\t<meta property=\"og:image:width\" content=\"1600\" \/>\n\t<meta property=\"og:image:height\" content=\"1067\" \/>\n\t<meta property=\"og:image:type\" content=\"image\/jpeg\" \/>\n<meta name=\"author\" content=\"Ilona H\u00f6rath\" \/>\n<meta name=\"twitter:label1\" content=\"Written by\" \/>\n\t<meta name=\"twitter:data1\" content=\"Ilona H\u00f6rath\" \/>\n\t<meta name=\"twitter:label2\" content=\"Est. reading time\" \/>\n\t<meta name=\"twitter:data2\" content=\"2 minutes\" \/>\n<script type=\"application\/ld+json\" class=\"yoast-schema-graph\">{\"@context\":\"https:\\\/\\\/schema.org\",\"@graph\":[{\"@type\":\"Article\",\"@id\":\"https:\\\/\\\/digidem-bayern.de\\\/maks-therapie-mit-msd-gesundheitspreis-ausgezeichnet\\\/#article\",\"isPartOf\":{\"@id\":\"https:\\\/\\\/digidem-bayern.de\\\/maks-therapie-mit-msd-gesundheitspreis-ausgezeichnet\\\/\"},\"author\":{\"name\":\"Ilona H\u00f6rath\",\"@id\":\"\\\/#\\\/schema\\\/person\\\/0bc1494f46fc2a051c761322a80e0941\"},\"headline\":\"MAKS\u00ae-Therapie mit MSD-Gesundheitspreis ausgezeichnet\",\"datePublished\":\"2024-11-13T06:24:07+00:00\",\"dateModified\":\"2024-11-16T06:37:56+00:00\",\"mainEntityOfPage\":{\"@id\":\"https:\\\/\\\/digidem-bayern.de\\\/maks-therapie-mit-msd-gesundheitspreis-ausgezeichnet\\\/\"},\"wordCount\":643,\"commentCount\":0,\"publisher\":{\"@id\":\"\\\/#organization\"},\"image\":{\"@id\":\"https:\\\/\\\/digidem-bayern.de\\\/maks-therapie-mit-msd-gesundheitspreis-ausgezeichnet\\\/#primaryimage\"},\"thumbnailUrl\":\"https:\\\/\\\/digidem-bayern.de\\\/wp-content\\\/uploads\\\/2024\\\/11\\\/241105_2-MAKS-Preisverleihung-Foto-MSD-Sharp-Dohme-GmbH-.jpg\",\"keywords\":[\"Aktivierungstherapie\",\"Alzheimer\",\"ClartCert\",\"Demenz\",\"digidem\",\"digidem Bayern\",\"Digitales Demenzregister Bayern\",\"Elmar Gr\u00e4\u00dfel\",\"Gesundheitsversorgung\",\"Gruppentherapie\",\"IKK classic\",\"Lebensqualit\u00e4t\",\"MAKS\",\"MAKS-Therapie\",\"Menschen mit Demenz\",\"Pflegeheim\",\"Tagespflege\"],\"articleSection\":[\"Aktuelles zu digiDEM\",\"Pressemitteilungen\",\"Wissenschaft &amp; Forschung\"],\"inLanguage\":\"en-US\",\"potentialAction\":[{\"@type\":\"CommentAction\",\"name\":\"Comment\",\"target\":[\"https:\\\/\\\/digidem-bayern.de\\\/maks-therapie-mit-msd-gesundheitspreis-ausgezeichnet\\\/#respond\"]}]},{\"@type\":\"WebPage\",\"@id\":\"https:\\\/\\\/digidem-bayern.de\\\/maks-therapie-mit-msd-gesundheitspreis-ausgezeichnet\\\/\",\"url\":\"https:\\\/\\\/digidem-bayern.de\\\/maks-therapie-mit-msd-gesundheitspreis-ausgezeichnet\\\/\",\"name\":\"MAKS\u00ae-Therapie mit MSD-Gesundheitspreis ausgezeichnet - digiDEM Bayern\",\"isPartOf\":{\"@id\":\"\\\/#website\"},\"primaryImageOfPage\":{\"@id\":\"https:\\\/\\\/digidem-bayern.de\\\/maks-therapie-mit-msd-gesundheitspreis-ausgezeichnet\\\/#primaryimage\"},\"image\":{\"@id\":\"https:\\\/\\\/digidem-bayern.de\\\/maks-therapie-mit-msd-gesundheitspreis-ausgezeichnet\\\/#primaryimage\"},\"thumbnailUrl\":\"https:\\\/\\\/digidem-bayern.de\\\/wp-content\\\/uploads\\\/2024\\\/11\\\/241105_2-MAKS-Preisverleihung-Foto-MSD-Sharp-Dohme-GmbH-.jpg\",\"datePublished\":\"2024-11-13T06:24:07+00:00\",\"dateModified\":\"2024-11-16T06:37:56+00:00\",\"description\":\"Der Bayerische Landesapothekerkammer unterst\u00fctzt digiDEM Bayern mit Hilfe des Netzwerks \\\"Demenzfreundliche Apotheken\\\".\",\"breadcrumb\":{\"@id\":\"https:\\\/\\\/digidem-bayern.de\\\/maks-therapie-mit-msd-gesundheitspreis-ausgezeichnet\\\/#breadcrumb\"},\"inLanguage\":\"en-US\",\"potentialAction\":[{\"@type\":\"ReadAction\",\"target\":[\"https:\\\/\\\/digidem-bayern.de\\\/maks-therapie-mit-msd-gesundheitspreis-ausgezeichnet\\\/\"]}]},{\"@type\":\"ImageObject\",\"inLanguage\":\"en-US\",\"@id\":\"https:\\\/\\\/digidem-bayern.de\\\/maks-therapie-mit-msd-gesundheitspreis-ausgezeichnet\\\/#primaryimage\",\"url\":\"https:\\\/\\\/digidem-bayern.de\\\/wp-content\\\/uploads\\\/2024\\\/11\\\/241105_2-MAKS-Preisverleihung-Foto-MSD-Sharp-Dohme-GmbH-.jpg\",\"contentUrl\":\"https:\\\/\\\/digidem-bayern.de\\\/wp-content\\\/uploads\\\/2024\\\/11\\\/241105_2-MAKS-Preisverleihung-Foto-MSD-Sharp-Dohme-GmbH-.jpg\",\"width\":1600,\"height\":1067,\"caption\":\"Bei der Verleihung des MSD-Gesundheitspreises 2024 an das MAKS\u00ae-Projekt: (v.l.n.r.) Prof. Dr. med. Elmar Gr\u00e4\u00dfel (Universit\u00e4tsklinik Erlangen) mit Lavinia Rehn, Roland Hierlmeier, Frank Klingler (alle Innungskrankenkasse IKK classic), J\u00fcrgen Fischer (ClarCert GmbH) und Laudator Prof. Dr. Volker Amelung. Foto: MSD Sharp & Dohme GmbH\"},{\"@type\":\"BreadcrumbList\",\"@id\":\"https:\\\/\\\/digidem-bayern.de\\\/maks-therapie-mit-msd-gesundheitspreis-ausgezeichnet\\\/#breadcrumb\",\"itemListElement\":[{\"@type\":\"ListItem\",\"position\":1,\"name\":\"Startseite\",\"item\":\"https:\\\/\\\/digidem-bayern.de\\\/\"},{\"@type\":\"ListItem\",\"position\":2,\"name\":\"MAKS\u00ae-Therapie mit MSD-Gesundheitspreis ausgezeichnet\"}]},{\"@type\":\"WebSite\",\"@id\":\"\\\/#website\",\"url\":\"\\\/\",\"name\":\"digiDEM Bayern\",\"description\":\"Das digitale Demenzregister Bayern erforscht und verbessert die Angebotsstuktur f\u00fcr Menschen mit Demenz und deren Angeh\u00f6rige\",\"publisher\":{\"@id\":\"\\\/#organization\"},\"potentialAction\":[{\"@type\":\"SearchAction\",\"target\":{\"@type\":\"EntryPoint\",\"urlTemplate\":\"\\\/?s={search_term_string}\"},\"query-input\":{\"@type\":\"PropertyValueSpecification\",\"valueRequired\":true,\"valueName\":\"search_term_string\"}}],\"inLanguage\":\"en-US\"},{\"@type\":\"Organization\",\"@id\":\"\\\/#organization\",\"name\":\"digiDEM Bayern\",\"url\":\"\\\/\",\"logo\":{\"@type\":\"ImageObject\",\"inLanguage\":\"en-US\",\"@id\":\"\\\/#\\\/schema\\\/logo\\\/image\\\/\",\"url\":\"https:\\\/\\\/digidem-bayern.de\\\/wp-content\\\/uploads\\\/2022\\\/03\\\/cropped-Allgemeines_digiDEMLOGO-removebg-preview.png\",\"contentUrl\":\"https:\\\/\\\/digidem-bayern.de\\\/wp-content\\\/uploads\\\/2022\\\/03\\\/cropped-Allgemeines_digiDEMLOGO-removebg-preview.png\",\"width\":612,\"height\":357,\"caption\":\"digiDEM Bayern\"},\"image\":{\"@id\":\"\\\/#\\\/schema\\\/logo\\\/image\\\/\"},\"sameAs\":[\"https:\\\/\\\/www.facebook.com\\\/digiDEMBayern\\\/\",\"https:\\\/\\\/x.com\\\/digidem_bayern\",\"https:\\\/\\\/www.instagram.com\\\/digidem.bayern\",\"https:\\\/\\\/www.linkedin.com\\\/company\\\/digidem-bayern\\\/\"]},{\"@type\":\"Person\",\"@id\":\"\\\/#\\\/schema\\\/person\\\/0bc1494f46fc2a051c761322a80e0941\",\"name\":\"Ilona H\u00f6rath\",\"url\":\"https:\\\/\\\/digidem-bayern.de\\\/en\\\/author\\\/hoeratia\\\/\"}]}<\/script>\n<!-- \/ Yoast SEO plugin. -->","yoast_head_json":{"title":"MAKS\u00ae-Therapie mit MSD-Gesundheitspreis ausgezeichnet - digiDEM Bayern","description":"Der Bayerische Landesapothekerkammer unterst\u00fctzt digiDEM Bayern mit Hilfe des Netzwerks \"Demenzfreundliche Apotheken\".","robots":{"index":"index","follow":"follow","max-snippet":"max-snippet:-1","max-image-preview":"max-image-preview:large","max-video-preview":"max-video-preview:-1"},"canonical":"https:\/\/digidem-bayern.de\/en\/maks-therapie-mit-msd-gesundheitspreis-ausgezeichnet\/","og_locale":"en_US","og_type":"article","og_title":"MAKS\u00ae-Therapie mit MSD-Gesundheitspreis ausgezeichnet - digiDEM Bayern","og_description":"Der Bayerische Landesapothekerkammer unterst\u00fctzt digiDEM Bayern mit Hilfe des Netzwerks \"Demenzfreundliche Apotheken\".","og_url":"https:\/\/digidem-bayern.de\/en\/maks-therapie-mit-msd-gesundheitspreis-ausgezeichnet\/","og_site_name":"digiDEM Bayern","article_publisher":"https:\/\/www.facebook.com\/digiDEMBayern\/","article_published_time":"2024-11-13T06:24:07+00:00","article_modified_time":"2024-11-16T06:37:56+00:00","og_image":[{"width":1600,"height":1067,"url":"https:\/\/digidem-bayern.de\/wp-content\/uploads\/2024\/11\/241105_2-MAKS-Preisverleihung-Foto-MSD-Sharp-Dohme-GmbH-.jpg","type":"image\/jpeg"}],"author":"Ilona H\u00f6rath","twitter_misc":{"Written by":"Ilona H\u00f6rath","Est. reading time":"2 minutes"},"schema":{"@context":"https:\/\/schema.org","@graph":[{"@type":"Article","@id":"https:\/\/digidem-bayern.de\/maks-therapie-mit-msd-gesundheitspreis-ausgezeichnet\/#article","isPartOf":{"@id":"https:\/\/digidem-bayern.de\/maks-therapie-mit-msd-gesundheitspreis-ausgezeichnet\/"},"author":{"name":"Ilona H\u00f6rath","@id":"\/#\/schema\/person\/0bc1494f46fc2a051c761322a80e0941"},"headline":"MAKS\u00ae-Therapie mit MSD-Gesundheitspreis ausgezeichnet","datePublished":"2024-11-13T06:24:07+00:00","dateModified":"2024-11-16T06:37:56+00:00","mainEntityOfPage":{"@id":"https:\/\/digidem-bayern.de\/maks-therapie-mit-msd-gesundheitspreis-ausgezeichnet\/"},"wordCount":643,"commentCount":0,"publisher":{"@id":"\/#organization"},"image":{"@id":"https:\/\/digidem-bayern.de\/maks-therapie-mit-msd-gesundheitspreis-ausgezeichnet\/#primaryimage"},"thumbnailUrl":"https:\/\/digidem-bayern.de\/wp-content\/uploads\/2024\/11\/241105_2-MAKS-Preisverleihung-Foto-MSD-Sharp-Dohme-GmbH-.jpg","keywords":["Aktivierungstherapie","Alzheimer","ClartCert","Demenz","digidem","digidem Bayern","Digitales Demenzregister Bayern","Elmar Gr\u00e4\u00dfel","Gesundheitsversorgung","Gruppentherapie","IKK classic","Lebensqualit\u00e4t","MAKS","MAKS-Therapie","Menschen mit Demenz","Pflegeheim","Tagespflege"],"articleSection":["Aktuelles zu digiDEM","Pressemitteilungen","Wissenschaft &amp; Forschung"],"inLanguage":"en-US","potentialAction":[{"@type":"CommentAction","name":"Comment","target":["https:\/\/digidem-bayern.de\/maks-therapie-mit-msd-gesundheitspreis-ausgezeichnet\/#respond"]}]},{"@type":"WebPage","@id":"https:\/\/digidem-bayern.de\/maks-therapie-mit-msd-gesundheitspreis-ausgezeichnet\/","url":"https:\/\/digidem-bayern.de\/maks-therapie-mit-msd-gesundheitspreis-ausgezeichnet\/","name":"MAKS\u00ae-Therapie mit MSD-Gesundheitspreis ausgezeichnet - digiDEM Bayern","isPartOf":{"@id":"\/#website"},"primaryImageOfPage":{"@id":"https:\/\/digidem-bayern.de\/maks-therapie-mit-msd-gesundheitspreis-ausgezeichnet\/#primaryimage"},"image":{"@id":"https:\/\/digidem-bayern.de\/maks-therapie-mit-msd-gesundheitspreis-ausgezeichnet\/#primaryimage"},"thumbnailUrl":"https:\/\/digidem-bayern.de\/wp-content\/uploads\/2024\/11\/241105_2-MAKS-Preisverleihung-Foto-MSD-Sharp-Dohme-GmbH-.jpg","datePublished":"2024-11-13T06:24:07+00:00","dateModified":"2024-11-16T06:37:56+00:00","description":"Der Bayerische Landesapothekerkammer unterst\u00fctzt digiDEM Bayern mit Hilfe des Netzwerks \"Demenzfreundliche Apotheken\".","breadcrumb":{"@id":"https:\/\/digidem-bayern.de\/maks-therapie-mit-msd-gesundheitspreis-ausgezeichnet\/#breadcrumb"},"inLanguage":"en-US","potentialAction":[{"@type":"ReadAction","target":["https:\/\/digidem-bayern.de\/maks-therapie-mit-msd-gesundheitspreis-ausgezeichnet\/"]}]},{"@type":"ImageObject","inLanguage":"en-US","@id":"https:\/\/digidem-bayern.de\/maks-therapie-mit-msd-gesundheitspreis-ausgezeichnet\/#primaryimage","url":"https:\/\/digidem-bayern.de\/wp-content\/uploads\/2024\/11\/241105_2-MAKS-Preisverleihung-Foto-MSD-Sharp-Dohme-GmbH-.jpg","contentUrl":"https:\/\/digidem-bayern.de\/wp-content\/uploads\/2024\/11\/241105_2-MAKS-Preisverleihung-Foto-MSD-Sharp-Dohme-GmbH-.jpg","width":1600,"height":1067,"caption":"Bei der Verleihung des MSD-Gesundheitspreises 2024 an das MAKS\u00ae-Projekt: (v.l.n.r.) Prof. Dr. med. Elmar Gr\u00e4\u00dfel (Universit\u00e4tsklinik Erlangen) mit Lavinia Rehn, Roland Hierlmeier, Frank Klingler (alle Innungskrankenkasse IKK classic), J\u00fcrgen Fischer (ClarCert GmbH) und Laudator Prof. Dr. Volker Amelung. Foto: MSD Sharp & Dohme GmbH"},{"@type":"BreadcrumbList","@id":"https:\/\/digidem-bayern.de\/maks-therapie-mit-msd-gesundheitspreis-ausgezeichnet\/#breadcrumb","itemListElement":[{"@type":"ListItem","position":1,"name":"Startseite","item":"https:\/\/digidem-bayern.de\/"},{"@type":"ListItem","position":2,"name":"MAKS\u00ae-Therapie mit MSD-Gesundheitspreis ausgezeichnet"}]},{"@type":"WebSite","@id":"\/#website","url":"\/","name":"digiDEM Bavaria","description":"The digital dementia register in Bavaria researches and improves the structure of services for people with dementia and their relatives","publisher":{"@id":"\/#organization"},"potentialAction":[{"@type":"SearchAction","target":{"@type":"EntryPoint","urlTemplate":"\/?s={search_term_string}"},"query-input":{"@type":"PropertyValueSpecification","valueRequired":true,"valueName":"search_term_string"}}],"inLanguage":"en-US"},{"@type":"Organization","@id":"\/#organization","name":"digiDEM Bavaria","url":"\/","logo":{"@type":"ImageObject","inLanguage":"en-US","@id":"\/#\/schema\/logo\/image\/","url":"https:\/\/digidem-bayern.de\/wp-content\/uploads\/2022\/03\/cropped-Allgemeines_digiDEMLOGO-removebg-preview.png","contentUrl":"https:\/\/digidem-bayern.de\/wp-content\/uploads\/2022\/03\/cropped-Allgemeines_digiDEMLOGO-removebg-preview.png","width":612,"height":357,"caption":"digiDEM Bayern"},"image":{"@id":"\/#\/schema\/logo\/image\/"},"sameAs":["https:\/\/www.facebook.com\/digiDEMBayern\/","https:\/\/x.com\/digidem_bayern","https:\/\/www.instagram.com\/digidem.bayern","https:\/\/www.linkedin.com\/company\/digidem-bayern\/"]},{"@type":"Person","@id":"\/#\/schema\/person\/0bc1494f46fc2a051c761322a80e0941","name":"Ilona H\u00f6rath","url":"https:\/\/digidem-bayern.de\/en\/author\/hoeratia\/"}]}},"uagb_featured_image_src":{"full":["https:\/\/digidem-bayern.de\/wp-content\/uploads\/2024\/11\/241105_2-MAKS-Preisverleihung-Foto-MSD-Sharp-Dohme-GmbH-.jpg",1600,1067,false],"thumbnail":["https:\/\/digidem-bayern.de\/wp-content\/uploads\/2024\/11\/241105_2-MAKS-Preisverleihung-Foto-MSD-Sharp-Dohme-GmbH--80x80.jpg",80,80,true],"medium":["https:\/\/digidem-bayern.de\/wp-content\/uploads\/2024\/11\/241105_2-MAKS-Preisverleihung-Foto-MSD-Sharp-Dohme-GmbH--300x200.jpg",300,200,true],"medium_large":["https:\/\/digidem-bayern.de\/wp-content\/uploads\/2024\/11\/241105_2-MAKS-Preisverleihung-Foto-MSD-Sharp-Dohme-GmbH--768x512.jpg",768,512,true],"large":["https:\/\/digidem-bayern.de\/wp-content\/uploads\/2024\/11\/241105_2-MAKS-Preisverleihung-Foto-MSD-Sharp-Dohme-GmbH--1030x687.jpg",1030,687,true],"1536x1536":["https:\/\/digidem-bayern.de\/wp-content\/uploads\/2024\/11\/241105_2-MAKS-Preisverleihung-Foto-MSD-Sharp-Dohme-GmbH--1536x1024.jpg",1536,1024,true],"2048x2048":["https:\/\/digidem-bayern.de\/wp-content\/uploads\/2024\/11\/241105_2-MAKS-Preisverleihung-Foto-MSD-Sharp-Dohme-GmbH--2048x1365.jpg",2048,1365,true],"trp-custom-language-flag":["https:\/\/digidem-bayern.de\/wp-content\/uploads\/2024\/11\/241105_2-MAKS-Preisverleihung-Foto-MSD-Sharp-Dohme-GmbH-.jpg",18,12,false],"qubely_landscape":["https:\/\/digidem-bayern.de\/wp-content\/uploads\/2024\/11\/241105_2-MAKS-Preisverleihung-Foto-MSD-Sharp-Dohme-GmbH--1200x750.jpg",1200,750,true],"qubely_portrait":["https:\/\/digidem-bayern.de\/wp-content\/uploads\/2024\/11\/241105_2-MAKS-Preisverleihung-Foto-MSD-Sharp-Dohme-GmbH--540x320.jpg",540,320,true],"qubely_thumbnail":["https:\/\/digidem-bayern.de\/wp-content\/uploads\/2024\/11\/241105_2-MAKS-Preisverleihung-Foto-MSD-Sharp-Dohme-GmbH--140x100.jpg",140,100,true],"post-thumbnail":["https:\/\/digidem-bayern.de\/wp-content\/uploads\/2024\/11\/241105_2-MAKS-Preisverleihung-Foto-MSD-Sharp-Dohme-GmbH--525x350.jpg",525,350,true],"kahuna-featured":["https:\/\/digidem-bayern.de\/wp-content\/uploads\/2024\/11\/241105_2-MAKS-Preisverleihung-Foto-MSD-Sharp-Dohme-GmbH--734x350.jpg",734,350,true],"kahuna-featured-lp":["https:\/\/digidem-bayern.de\/wp-content\/uploads\/2024\/11\/241105_2-MAKS-Preisverleihung-Foto-MSD-Sharp-Dohme-GmbH--520x350.jpg",520,350,true],"kahuna-featured-half":["https:\/\/digidem-bayern.de\/wp-content\/uploads\/2024\/11\/241105_2-MAKS-Preisverleihung-Foto-MSD-Sharp-Dohme-GmbH--800x350.jpg",800,350,true],"kahuna-featured-third":["https:\/\/digidem-bayern.de\/wp-content\/uploads\/2024\/11\/241105_2-MAKS-Preisverleihung-Foto-MSD-Sharp-Dohme-GmbH--512x350.jpg",512,350,true],"kahuna-lpbox-1":["https:\/\/digidem-bayern.de\/wp-content\/uploads\/2024\/11\/241105_2-MAKS-Preisverleihung-Foto-MSD-Sharp-Dohme-GmbH--520x300.jpg",520,300,true],"kahuna-lpbox-2":["https:\/\/digidem-bayern.de\/wp-content\/uploads\/2024\/11\/241105_2-MAKS-Preisverleihung-Foto-MSD-Sharp-Dohme-GmbH--520x350.jpg",520,350,true],"demand-language-flag":["https:\/\/digidem-bayern.de\/wp-content\/uploads\/2024\/11\/241105_2-MAKS-Preisverleihung-Foto-MSD-Sharp-Dohme-GmbH--36x36.jpg",36,36,true],"dddkt-language-flag":["https:\/\/digidem-bayern.de\/wp-content\/uploads\/2024\/11\/241105_2-MAKS-Preisverleihung-Foto-MSD-Sharp-Dohme-GmbH--36x36.jpg",36,36,true],"ddiqc-language-flag":["https:\/\/digidem-bayern.de\/wp-content\/uploads\/2024\/11\/241105_2-MAKS-Preisverleihung-Foto-MSD-Sharp-Dohme-GmbH--36x36.jpg",36,36,true],"ddtl-language-flag":["https:\/\/digidem-bayern.de\/wp-content\/uploads\/2024\/11\/241105_2-MAKS-Preisverleihung-Foto-MSD-Sharp-Dohme-GmbH--36x36.jpg",36,36,true],"mailpoet_newsletter_max":["https:\/\/digidem-bayern.de\/wp-content\/uploads\/2024\/11\/241105_2-MAKS-Preisverleihung-Foto-MSD-Sharp-Dohme-GmbH--1320x880.jpg",1320,880,true],"kahuna-lpbox-3":["https:\/\/digidem-bayern.de\/wp-content\/uploads\/2024\/11\/241105_2-MAKS-Preisverleihung-Foto-MSD-Sharp-Dohme-GmbH--520x350.jpg",520,350,true],"kahuna-featured-square":["https:\/\/digidem-bayern.de\/wp-content\/uploads\/2024\/11\/241105_2-MAKS-Preisverleihung-Foto-MSD-Sharp-Dohme-GmbH--512x512.jpg",512,512,true],"kahuna-featured-square-large":["https:\/\/digidem-bayern.de\/wp-content\/uploads\/2024\/11\/241105_2-MAKS-Preisverleihung-Foto-MSD-Sharp-Dohme-GmbH--1024x1024.jpg",1024,1024,true]},"uagb_author_info":{"display_name":"Ilona H\u00f6rath","author_link":"https:\/\/digidem-bayern.de\/en\/author\/hoeratia\/"},"uagb_comment_info":42,"uagb_excerpt":"Die MAKS\u00ae-Therapie&nbsp;wurde mit einem MSD-Gesundheitspreis&nbsp;2024 ausgezeichnet. Das aus mehreren Komponenten bestehende MAKS\u00ae-Programm hilft Menschen mit leichter bis mittlerer Demenz nachweislich, ihre kognitiven F\u00e4higkeiten so lange wie m\u00f6glich zu erhalten. Die nicht-medikament\u00f6se Aktivierungstherapie tr\u00e4gt dazu bei, das Fortschreiten einer Demenz zu verlangsamen und Symptome einer Demenz zu lindern. F\u00fcr den Preis &hellip;","_links":{"self":[{"href":"https:\/\/digidem-bayern.de\/en\/wp-json\/wp\/v2\/posts\/39833","targetHints":{"allow":["GET"]}}],"collection":[{"href":"https:\/\/digidem-bayern.de\/en\/wp-json\/wp\/v2\/posts"}],"about":[{"href":"https:\/\/digidem-bayern.de\/en\/wp-json\/wp\/v2\/types\/post"}],"author":[{"embeddable":true,"href":"https:\/\/digidem-bayern.de\/en\/wp-json\/wp\/v2\/users\/12"}],"replies":[{"embeddable":true,"href":"https:\/\/digidem-bayern.de\/en\/wp-json\/wp\/v2\/comments?post=39833"}],"version-history":[{"count":4,"href":"https:\/\/digidem-bayern.de\/en\/wp-json\/wp\/v2\/posts\/39833\/revisions"}],"predecessor-version":[{"id":39893,"href":"https:\/\/digidem-bayern.de\/en\/wp-json\/wp\/v2\/posts\/39833\/revisions\/39893"}],"wp:featuredmedia":[{"embeddable":true,"href":"https:\/\/digidem-bayern.de\/en\/wp-json\/wp\/v2\/media\/39835"}],"wp:attachment":[{"href":"https:\/\/digidem-bayern.de\/en\/wp-json\/wp\/v2\/media?parent=39833"}],"wp:term":[{"taxonomy":"category","embeddable":true,"href":"https:\/\/digidem-bayern.de\/en\/wp-json\/wp\/v2\/categories?post=39833"},{"taxonomy":"post_tag","embeddable":true,"href":"https:\/\/digidem-bayern.de\/en\/wp-json\/wp\/v2\/tags?post=39833"}],"curies":[{"name":"wp","href":"https:\/\/api.w.org\/{rel}","templated":true}]}}