{"id":39719,"date":"2024-10-28T16:31:00","date_gmt":"2024-10-28T15:31:00","guid":{"rendered":"https:\/\/digidem-bayern.de\/?p=39719"},"modified":"2024-11-05T18:14:12","modified_gmt":"2024-11-05T17:14:12","slug":"alzheimer-kongress-digidem-bayern-symposium-in-fuerth-bayernauf-die-richtige-schlafdauer-achten","status":"publish","type":"post","link":"https:\/\/digidem-bayern.de\/en\/alzheimer-kongress-digidem-bayern-symposium-in-fuerth-bayernauf-die-richtige-schlafdauer-achten\/","title":{"rendered":"digiDEM Bayern-Symposium auf dem 12. Alzheimer-Kongress in F\u00fcrth\/Bayern"},"content":{"rendered":"<p><strong>Auf dem 12. Kongress der Deutschen Alzheimer Gesellschaft in der Stadthalle von F\u00fcrth\/Bayern war digiDEM Bayern nicht nur mit einem eigenen Stand vertreten, sondern auch mit einem wissenschaftlichen Symposium unter der Leitung Prof. Dr. med. Elmar Gr\u00e4\u00dfel, Leiter des Zentrums f\u00fcr Medizinische Versorgungsforschung am Universit\u00e4tsklinikum Erlangen und Projektleiter von digiDEM Bayern.<\/strong><span style=\"color: rgb(0, 0, 0); font-size: medium; white-space-collapse: collapse;\"><\/span><\/p>\n\n\n<div class=\"wp-block-image\">\n<figure class=\"alignright size-large is-resized\"><img loading=\"lazy\" decoding=\"async\" width=\"1030\" height=\"773\" src=\"https:\/\/digidem-bayern.de\/wp-content\/uploads\/2024\/11\/2024-10-10_24_Alzheimer-Kongress-Fuerth_digiDEM-Stand_Foto-Ilona-Hoerath-1030x773.jpeg\" alt=\"\u201eDemenz: Hinsehen. Helfen. Handeln.\u201c Unter diesem Motto stand der 12. Kongress der Deutschen Alzheimer Gesellschaft, der im Oktober 2024 in der Stadthalle F\u00fcrth stattfand.\" class=\"wp-image-39727\" style=\"width:464px;height:auto\" srcset=\"https:\/\/digidem-bayern.de\/wp-content\/uploads\/2024\/11\/2024-10-10_24_Alzheimer-Kongress-Fuerth_digiDEM-Stand_Foto-Ilona-Hoerath-1030x773.jpeg 1030w, https:\/\/digidem-bayern.de\/wp-content\/uploads\/2024\/11\/2024-10-10_24_Alzheimer-Kongress-Fuerth_digiDEM-Stand_Foto-Ilona-Hoerath-300x225.jpeg 300w, https:\/\/digidem-bayern.de\/wp-content\/uploads\/2024\/11\/2024-10-10_24_Alzheimer-Kongress-Fuerth_digiDEM-Stand_Foto-Ilona-Hoerath-768x576.jpeg 768w, https:\/\/digidem-bayern.de\/wp-content\/uploads\/2024\/11\/2024-10-10_24_Alzheimer-Kongress-Fuerth_digiDEM-Stand_Foto-Ilona-Hoerath-1536x1152.jpeg 1536w, https:\/\/digidem-bayern.de\/wp-content\/uploads\/2024\/11\/2024-10-10_24_Alzheimer-Kongress-Fuerth_digiDEM-Stand_Foto-Ilona-Hoerath-2048x1536.jpeg 2048w, https:\/\/digidem-bayern.de\/wp-content\/uploads\/2024\/11\/2024-10-10_24_Alzheimer-Kongress-Fuerth_digiDEM-Stand_Foto-Ilona-Hoerath-467x350.jpeg 467w, https:\/\/digidem-bayern.de\/wp-content\/uploads\/2024\/11\/2024-10-10_24_Alzheimer-Kongress-Fuerth_digiDEM-Stand_Foto-Ilona-Hoerath-1320x990.jpeg 1320w, https:\/\/digidem-bayern.de\/wp-content\/uploads\/2024\/11\/2024-10-10_24_Alzheimer-Kongress-Fuerth_digiDEM-Stand_Foto-Ilona-Hoerath.jpeg 1600w\" sizes=\"auto, (max-width: 1030px) 100vw, 1030px\" \/><figcaption class=\"wp-element-caption\">Am Stand von digiDEM Bayern. Foto: Ilona H\u00f6rath<\/figcaption><\/figure>\n<\/div>\n\n\n<p>\u201eDemenz: Hinsehen. Helfen. Handeln.\u201c Unter diesem Motto stand der 12. Kongress der Deutschen Alzheimer Gesellschaft, der im Oktober 2024 in der Stadthalle F\u00fcrth stattfand. In \u00fcber 70 Vortr\u00e4gen und Workshops haben mehr als 700 Kongressteilnehmenden Ideen, Konzepte und praktische Erfahrungen ausgetauscht. Ziel war und ist es, genau hinzusehen, zu helfen, wo es n\u00f6tig ist, und so zu handeln, dass eine demenzsensible Gesellschaft w\u00e4chst, die f\u00fcr alle offensteht.<\/p>\n\n\n\n<p>Die Nachfrage am digiDEM Bayern-Stand nach demenzspezifischen Informationen war gro\u00df. Speziell die Brosch\u00fcren \u00fcber die digitalen Angebote fanden rei\u00dfenden Absatz. Gefreut hat sich das digiDEM Bayern-Team auch \u00fcber die zahlreichen Gespr\u00e4che und die vielen interessierte Besucher am Stand.&nbsp;<\/p>\n\n\n\n<p><strong>Wissenschaft &amp; Praxis im Dialog<\/strong><\/p>\n\n\n\n<p>Gleich am ersten Kongresstag hat digiDEM Bayern zu dem gut besuchten wissenschaftlichen Symposium zum Thema \u201eWissenschaft &amp; Praxis im Dialog\u201c eingeladen. Moderiert hat&nbsp;<strong>Prof. Dr. med. Elmar Gr\u00e4\u00dfel<\/strong>, Leiter des Zentrums f\u00fcr Medizinische Versorgungsforschung am Universit\u00e4tsklinikum Erlangen, Projektleiter digiDEM Bayern und Gr\u00fcndungsmitglied der Deutschen Alzheimer Gesellschaft e.V.<\/p>\n\n\n\n<p>So begr\u00fc\u00dfte Prof. Dr. med. Elmar Gr\u00e4\u00dfel beim Symposium einen besonderen und weit gereisten Gast:&nbsp;<strong>Regina Altena<\/strong>&nbsp;ist die Pr\u00e4sidentin des mexikanischen Alzheimerzentrums in Mexiko-Stadt.<\/p>\n\n\n\n<p><strong>Der sozialen Isolation im Alter vorbeugen<\/strong><\/p>\n\n\n<div class=\"wp-block-image\">\n<figure class=\"alignright size-large is-resized\"><img loading=\"lazy\" decoding=\"async\" width=\"1030\" height=\"665\" src=\"https:\/\/digidem-bayern.de\/wp-content\/uploads\/2024\/11\/2024-10-10_88b_Alzheimer-Kongress-Fuerth_digiDEM-Symposium_Gruppenfoto_-1030x665.jpeg\" alt=\"Auf dem 12. Kongress der Deutschen Alzheimer Gesellschaft in der Stadthalle von F\u00fcrth\/Bayern war digiDEM Bayern nicht nur mit einem eigenen Stand vertreten, sondern auch mit einem wissenschaftlichen Symposium.\" class=\"wp-image-39723\" style=\"width:464px;height:auto\" srcset=\"https:\/\/digidem-bayern.de\/wp-content\/uploads\/2024\/11\/2024-10-10_88b_Alzheimer-Kongress-Fuerth_digiDEM-Symposium_Gruppenfoto_-1030x665.jpeg 1030w, https:\/\/digidem-bayern.de\/wp-content\/uploads\/2024\/11\/2024-10-10_88b_Alzheimer-Kongress-Fuerth_digiDEM-Symposium_Gruppenfoto_-300x194.jpeg 300w, https:\/\/digidem-bayern.de\/wp-content\/uploads\/2024\/11\/2024-10-10_88b_Alzheimer-Kongress-Fuerth_digiDEM-Symposium_Gruppenfoto_-768x496.jpeg 768w, https:\/\/digidem-bayern.de\/wp-content\/uploads\/2024\/11\/2024-10-10_88b_Alzheimer-Kongress-Fuerth_digiDEM-Symposium_Gruppenfoto_-1536x992.jpeg 1536w, https:\/\/digidem-bayern.de\/wp-content\/uploads\/2024\/11\/2024-10-10_88b_Alzheimer-Kongress-Fuerth_digiDEM-Symposium_Gruppenfoto_-2048x1323.jpeg 2048w, https:\/\/digidem-bayern.de\/wp-content\/uploads\/2024\/11\/2024-10-10_88b_Alzheimer-Kongress-Fuerth_digiDEM-Symposium_Gruppenfoto_-542x350.jpeg 542w, https:\/\/digidem-bayern.de\/wp-content\/uploads\/2024\/11\/2024-10-10_88b_Alzheimer-Kongress-Fuerth_digiDEM-Symposium_Gruppenfoto_-1320x853.jpeg 1320w, https:\/\/digidem-bayern.de\/wp-content\/uploads\/2024\/11\/2024-10-10_88b_Alzheimer-Kongress-Fuerth_digiDEM-Symposium_Gruppenfoto_.jpeg 1600w\" sizes=\"auto, (max-width: 1030px) 100vw, 1030px\" \/><figcaption class=\"wp-element-caption\">Das digiDEM Bayern-Team vor seinem Stand auf dem 12. Kongress der Deutschen Alzheimer Gesellschaft in F\u00fcrth\/Bayern mit Prof. Dr. med. Elmar Gr\u00e4\u00dfel (4. v. li.) und Regina Altena (Mitte), die aus Mexiko-Stadt angereist war. Foto: digiDEM Bayern<\/figcaption><\/figure>\n<\/div>\n\n\n<p>Die Zuh\u00f6renden kamen beim Symposium in den Genuss vieler neuer Forschungsergebnisse.&nbsp;Unsere Kollegin&nbsp;<strong>Lisa Laininger<\/strong>&nbsp;berichtete \u00fcber ihre neuste Forschung zum Thema &#8222;Soziale Isolation als Risikofaktor f\u00fcr Einsamkeit und Abnahme der kognitiven F\u00e4higkeiten bei Menschen mit Demenz&#8220;. \u201eDie Ergebnisse zeigen, dass bei Menschen mit kognitiven Beeintr\u00e4chtigungen das Risiko, von ihren Freunden sozial isoliert zu sein, mit 42,5 Prozent sehr hoch ist.\u201c Besonders im Alter ist es wichtig, so Lisa Laininger, die sozialen Bindungen zu Freunden zu st\u00e4rken. Die beuge einer sozialen Isolation vor. \u201eUm Gef\u00fchle der Einsamkeit zu vermeiden, sollten zielgruppengerechte Angebote geschaffen werden.\u201c&nbsp;<\/p>\n\n\n\n<p><strong>Vorausschauende Versorgungplanung&nbsp;<\/strong><\/p>\n\n\n\n<p>Ob f\u00fcr pflegende An- und Zugeh\u00f6rige oder f\u00fcr medizinisches Fachpersonal: Workshops, Schulungen oder zum Beispiel auch Videos sind Ma\u00dfnahmen zur Implementierung der vorausschauenden Versorgungsplanung (englisch: Advance Care Planning) bei Menschen mit Demenz. Die Ma\u00dfnahmen k\u00f6nnen sich positiv auf die letzte Lebensphase von Menschen mit Demenz auswirken, sagte unsere Kollegin&nbsp;<strong>Jana R\u00fchl<\/strong>&nbsp;in ihrem Vortrag. \u201eAdvance Care Planning kann dazu beitragen, dass Menschen mit Demenz auch dann entsprechend ihrer individuellen W\u00fcnsche behandelt werden, wenn sie diese selbst nicht mehr \u00e4u\u00dfern k\u00f6nnen.\u201c<\/p>\n\n\n\n<p><strong>Angebote zur Sturzpr\u00e4vention<\/strong><\/p>\n\n\n\n<p>Menschen mit Demenz haben ein doppelt so hohes Risiko zu st\u00fcrzen wie Menschen, die kognitiv gesund sind. \u201eDeshalb sind Angebote zur Sturzpr\u00e4vention speziell f\u00fcr Menschen mit Demenz von gro\u00dfer Bedeutung\u201c, sagte unsere Kollegin&nbsp;<strong>Anne Keefer<\/strong>. Sie referierte \u00fcber ihre Forschungsarbeit \u201eSt\u00fcrze bei Menschen mit kognitiven Beeintr\u00e4chtigungen\u201c, in der sie den Zusammenhang zwischen erh\u00f6hter Sturzgefahr und Lebensqualit\u00e4t untersuchte. \u201eDer Fokus von Sturzpr\u00e4ventionsangeboten sollte auf Personen liegen, die bereits gest\u00fcrzt sind und deren Lebensqualit\u00e4t zum Beispiel aufgrund von Schmerzen, Angst oder reduzierter Mobilit\u00e4t eingeschr\u00e4nkt ist.\u201c<\/p>\n\n\n<div class=\"wp-block-image\">\n<figure class=\"alignright size-large is-resized\"><img loading=\"lazy\" decoding=\"async\" width=\"1030\" height=\"773\" src=\"https:\/\/digidem-bayern.de\/wp-content\/uploads\/2024\/11\/2024-10-11_93_Alzheimer-Kongress-Fuerth_Foyer_Foto-Ilona-Hoerath-1030x773.jpeg\" alt=\"\u201eDemenz: Hinsehen. Helfen. Handeln.\u201c Unter diesem Motto stand der 12. Kongress der Deutschen Alzheimer Gesellschaft, der im Oktober 2024 in der Stadthalle F\u00fcrth stattfand.\" class=\"wp-image-39726\" style=\"width:451px;height:auto\" srcset=\"https:\/\/digidem-bayern.de\/wp-content\/uploads\/2024\/11\/2024-10-11_93_Alzheimer-Kongress-Fuerth_Foyer_Foto-Ilona-Hoerath-1030x773.jpeg 1030w, https:\/\/digidem-bayern.de\/wp-content\/uploads\/2024\/11\/2024-10-11_93_Alzheimer-Kongress-Fuerth_Foyer_Foto-Ilona-Hoerath-300x225.jpeg 300w, https:\/\/digidem-bayern.de\/wp-content\/uploads\/2024\/11\/2024-10-11_93_Alzheimer-Kongress-Fuerth_Foyer_Foto-Ilona-Hoerath-768x576.jpeg 768w, https:\/\/digidem-bayern.de\/wp-content\/uploads\/2024\/11\/2024-10-11_93_Alzheimer-Kongress-Fuerth_Foyer_Foto-Ilona-Hoerath-1536x1152.jpeg 1536w, https:\/\/digidem-bayern.de\/wp-content\/uploads\/2024\/11\/2024-10-11_93_Alzheimer-Kongress-Fuerth_Foyer_Foto-Ilona-Hoerath-2048x1536.jpeg 2048w, https:\/\/digidem-bayern.de\/wp-content\/uploads\/2024\/11\/2024-10-11_93_Alzheimer-Kongress-Fuerth_Foyer_Foto-Ilona-Hoerath-467x350.jpeg 467w, https:\/\/digidem-bayern.de\/wp-content\/uploads\/2024\/11\/2024-10-11_93_Alzheimer-Kongress-Fuerth_Foyer_Foto-Ilona-Hoerath-1320x990.jpeg 1320w, https:\/\/digidem-bayern.de\/wp-content\/uploads\/2024\/11\/2024-10-11_93_Alzheimer-Kongress-Fuerth_Foyer_Foto-Ilona-Hoerath.jpeg 1600w\" sizes=\"auto, (max-width: 1030px) 100vw, 1030px\" \/><figcaption class=\"wp-element-caption\">Blick in das Foyer der Stadthalle F\u00fcrth. Foto: Ilona H\u00f6rath<\/figcaption><\/figure>\n<\/div>\n\n\n<p><strong>Positive Effekte auf den Schlaf von pflegenden An- und Zugeh\u00f6rigen<\/strong><\/p>\n\n\n\n<p>\u201eSchlafqualit\u00e4t von pflegenden Angeh\u00f6rigen \u2013 Einflussfaktoren und Ansatzpunkte f\u00fcr Verbesserungen\u201c war der Titel des Vortrags unseres Kollegen&nbsp;<strong>Dr. Nikolas Dietzel<\/strong>. So kann sich die Pfleget\u00e4tigkeit auf den Schlaf der pflegenden An- und Zugeh\u00f6rigen auswirken. Was unser Kollege herausgefunden hat, d\u00fcrfte f\u00fcr viele Betroffene interessant sein. \u201eDas Stadium der Erkrankung und das Geschlecht der pflegenden An- und Zugeh\u00f6rigen k\u00f6nnen Einfluss auf die Schlafdauer haben. Dabei ist die Schlafdauer von Frauen geringer als die von M\u00e4nnern\u201c, berichtete Dr. Nikolas Dietzel. Schlaf sei wichtig, um gesund zu bleiben und den Pflegealltag bew\u00e4ltigen zu k\u00f6nnen. Verschiedene Schlafinterventionen, wie zum Beispiel Lichttherapie oder Meditation, k\u00f6nnen hierbei positive Effekte auf den Schlaf von pflegenden An- und Zugeh\u00f6rigen haben.<\/p>\n\n\n\n<p><strong>Posterausstellung mit neuesten Forschungsergebnissen<\/strong><\/p>\n\n\n\n<p>Zum Kongress der Deutschen Alzheimer Gesellschaft geh\u00f6rte auch eine sogenannte Posterausstellung. So berichtete&nbsp;<strong>Florian Weidinger<\/strong>, wissenschaftlicher Mitarbeiter bei digiDEM Bayern, \u00fcber Quellen zur Beschaffung von Gesundheitsinformationen: \u201eFamilie, Freunde und medizinische Fachkr\u00e4fte sind die wichtigsten Quellen zur Beschaffung von Gesundheitsinformationen f\u00fcr pflegende An- und Zugeh\u00f6rige von Menschen mit kognitiven Beeintr\u00e4chtigungen.\u201c Er sagte: \u201eMit dem Fortschreiten der Erkrankung des Betroffenen gewinnen Freunde und die Familie dabei zunehmend an Bedeutung.\u201c<\/p>\n\n\n\n<p>Das Ziel der Forschungsarbeit unseres Kollegen&nbsp;<strong>Michael Zeiler<\/strong>&nbsp;war es unter anderem, nicht nur den allgemeinen Wissensstand \u00fcber die Alzheimer-Demenz in der Bev\u00f6lkerung zu erfassen, sondern auch m\u00f6gliche Wissensl\u00fccken zu identifizieren. Aus seinen Forschungsergebnissen ergeben sich zwei Vorschl\u00e4ge f\u00fcr die Praxis: Weitere Aufkl\u00e4rung, die den Fokus auf Behandlungsverfahren und die Planung und Umsetzung der Alltagsversorgung legt. \u201eZweitens k\u00f6nnten spezialisierte Schulungsprogramme f\u00fcr Angeh\u00f6rige und Pflegekr\u00e4fte entwickelt werden, um praktisches Wissen im Umgang mit Menschen mit Demenz zu vermitteln\u201c, erl\u00e4uterte&nbsp;<strong>Dr. Nikolas Dietzel<\/strong>, einer der Co-Autoren.<\/p>\n\n\n\n<p>Hier pr\u00e4sentierte auch&nbsp;<strong>Maren Dehler<\/strong>&nbsp;im Rahmen ihrer Masterarbeit zum Thema \u201eAutofahren bei Menschen mit kognitiven Beeintr\u00e4chtigungen\u201c wichtige Erkenntnisse f\u00fcr die Praxis. Sie sagte: \u201e\u00dcbergeordnetes Ziel ist es, f\u00fcr Menschen mit kognitiven Beeintr\u00e4chtigungen eine Balance zu finden zwischen der m\u00f6glichst langen Aufrechterhaltung des selbstst\u00e4ndigen Autofahrens und der gleichzeitigen Gew\u00e4hrleistung der Verkehrssicherheit.\u201c<\/p>\n\n\n\n<figure class=\"wp-block-image size-large is-resized\"><img loading=\"lazy\" decoding=\"async\" width=\"1030\" height=\"773\" src=\"https:\/\/digidem-bayern.de\/wp-content\/uploads\/2024\/11\/2024-10-10_53_Alzheimer-Kongress-Fuerth_digiDEM-Symposium_Foto-Ilona-Hoerath-1030x773.jpeg\" alt=\"\u201eDemenz: Hinsehen. Helfen. Handeln.\u201c Unter diesem Motto stand der 12. Kongress der Deutschen Alzheimer Gesellschaft, der im Oktober 2024 in der Stadthalle F\u00fcrth stattfand.\" class=\"wp-image-39724\" style=\"width:444px;height:auto\" srcset=\"https:\/\/digidem-bayern.de\/wp-content\/uploads\/2024\/11\/2024-10-10_53_Alzheimer-Kongress-Fuerth_digiDEM-Symposium_Foto-Ilona-Hoerath-1030x773.jpeg 1030w, https:\/\/digidem-bayern.de\/wp-content\/uploads\/2024\/11\/2024-10-10_53_Alzheimer-Kongress-Fuerth_digiDEM-Symposium_Foto-Ilona-Hoerath-300x225.jpeg 300w, https:\/\/digidem-bayern.de\/wp-content\/uploads\/2024\/11\/2024-10-10_53_Alzheimer-Kongress-Fuerth_digiDEM-Symposium_Foto-Ilona-Hoerath-768x576.jpeg 768w, https:\/\/digidem-bayern.de\/wp-content\/uploads\/2024\/11\/2024-10-10_53_Alzheimer-Kongress-Fuerth_digiDEM-Symposium_Foto-Ilona-Hoerath-1536x1152.jpeg 1536w, https:\/\/digidem-bayern.de\/wp-content\/uploads\/2024\/11\/2024-10-10_53_Alzheimer-Kongress-Fuerth_digiDEM-Symposium_Foto-Ilona-Hoerath-2048x1536.jpeg 2048w, https:\/\/digidem-bayern.de\/wp-content\/uploads\/2024\/11\/2024-10-10_53_Alzheimer-Kongress-Fuerth_digiDEM-Symposium_Foto-Ilona-Hoerath-467x350.jpeg 467w, https:\/\/digidem-bayern.de\/wp-content\/uploads\/2024\/11\/2024-10-10_53_Alzheimer-Kongress-Fuerth_digiDEM-Symposium_Foto-Ilona-Hoerath-1320x990.jpeg 1320w, https:\/\/digidem-bayern.de\/wp-content\/uploads\/2024\/11\/2024-10-10_53_Alzheimer-Kongress-Fuerth_digiDEM-Symposium_Foto-Ilona-Hoerath.jpeg 1600w\" sizes=\"auto, (max-width: 1030px) 100vw, 1030px\" \/><figcaption class=\"wp-element-caption\">Startklar f\u00fcr das  digiDEM Bayern-Symposium (v.l.n.r.): Prof. Dr. med. Elmar Gr\u00e4\u00dfel, Jana R\u00fchl, Lisa Laininger, Anne Keefer und Dr. Nikolas Dietzel. Foto: Ilona H\u00f6rath<\/figcaption><\/figure>\n\n\n\n<figure class=\"wp-block-image size-large is-resized\"><img loading=\"lazy\" decoding=\"async\" width=\"1030\" height=\"773\" src=\"https:\/\/digidem-bayern.de\/wp-content\/uploads\/2024\/11\/2024-10-10_21_Alzheimer-Kongress-Fuerth_Altena_Graessel_Schwendtner_Straub_Hoerath_Foto-digiDEM-Bayern-1030x773.jpeg\" alt=\"\u201eDemenz: Hinsehen. Helfen. Handeln.\u201c Unter diesem Motto stand der 12. Kongress der Deutschen Alzheimer Gesellschaft, der im Oktober 2024 in der Stadthalle F\u00fcrth stattfand.\" class=\"wp-image-39725\" style=\"width:445px;height:auto\" srcset=\"https:\/\/digidem-bayern.de\/wp-content\/uploads\/2024\/11\/2024-10-10_21_Alzheimer-Kongress-Fuerth_Altena_Graessel_Schwendtner_Straub_Hoerath_Foto-digiDEM-Bayern-1030x773.jpeg 1030w, https:\/\/digidem-bayern.de\/wp-content\/uploads\/2024\/11\/2024-10-10_21_Alzheimer-Kongress-Fuerth_Altena_Graessel_Schwendtner_Straub_Hoerath_Foto-digiDEM-Bayern-300x225.jpeg 300w, https:\/\/digidem-bayern.de\/wp-content\/uploads\/2024\/11\/2024-10-10_21_Alzheimer-Kongress-Fuerth_Altena_Graessel_Schwendtner_Straub_Hoerath_Foto-digiDEM-Bayern-768x576.jpeg 768w, https:\/\/digidem-bayern.de\/wp-content\/uploads\/2024\/11\/2024-10-10_21_Alzheimer-Kongress-Fuerth_Altena_Graessel_Schwendtner_Straub_Hoerath_Foto-digiDEM-Bayern-1536x1152.jpeg 1536w, https:\/\/digidem-bayern.de\/wp-content\/uploads\/2024\/11\/2024-10-10_21_Alzheimer-Kongress-Fuerth_Altena_Graessel_Schwendtner_Straub_Hoerath_Foto-digiDEM-Bayern-2048x1536.jpeg 2048w, https:\/\/digidem-bayern.de\/wp-content\/uploads\/2024\/11\/2024-10-10_21_Alzheimer-Kongress-Fuerth_Altena_Graessel_Schwendtner_Straub_Hoerath_Foto-digiDEM-Bayern-467x350.jpeg 467w, https:\/\/digidem-bayern.de\/wp-content\/uploads\/2024\/11\/2024-10-10_21_Alzheimer-Kongress-Fuerth_Altena_Graessel_Schwendtner_Straub_Hoerath_Foto-digiDEM-Bayern-1320x990.jpeg 1320w, https:\/\/digidem-bayern.de\/wp-content\/uploads\/2024\/11\/2024-10-10_21_Alzheimer-Kongress-Fuerth_Altena_Graessel_Schwendtner_Straub_Hoerath_Foto-digiDEM-Bayern.jpeg 1600w\" sizes=\"auto, (max-width: 1030px) 100vw, 1030px\" \/><figcaption class=\"wp-element-caption\">Zwischen den Kongressvortr\u00e4gen (v.l.n.r.): Regina Altena, Prof. Dr. med. Elmar Gr\u00e4\u00dfel, Dr. Christine Schwendner, Dr. Sarah Straub und Ilona H\u00f6rath. Foto: digiDEM Bayern<\/figcaption><\/figure>\n\n\n\n<p><\/p>\n\n\n\n<p><\/p>\n\n\n\n<p><\/p>\n\n\n\n<div style=\"height:20px\" aria-hidden=\"true\" class=\"wp-block-spacer\"><\/div>\n\n\n\n<div style=\"height:20px\" aria-hidden=\"true\" class=\"wp-block-spacer\"><\/div>","protected":false},"excerpt":{"rendered":"<p>Auf dem 12. Kongress der Deutschen Alzheimer Gesellschaft in der Stadthalle von F\u00fcrth\/Bayern war digiDEM Bayern nicht nur mit einem eigenen Stand vertreten, sondern auch mit einem wissenschaftlichen Symposium unter der Leitung Prof. Dr. med. Elmar Gr\u00e4\u00dfel, Leiter des Zentrums f\u00fcr Medizinische Versorgungsforschung am Universit\u00e4tsklinikum Erlangen und Projektleiter von digiDEM &hellip;<\/p>","protected":false},"author":12,"featured_media":39723,"comment_status":"open","ping_status":"closed","sticky":false,"template":"","format":"standard","meta":{"qubely_global_settings":"","qubely_interactions":"","_uag_custom_page_level_css":"","footnotes":""},"categories":[8,5],"tags":[13,1260,12,177,474,165,14,17,268,55,1261,1263,566,1262,1266,1264,236,608,530,1265],"class_list":["post-39719","post","type-post","status-publish","format-standard","has-post-thumbnail","hentry","category-aktuelles-zu-digidem","category-wissenschaft-forschung","tag-alzheimer","tag-alzheimer-kongress","tag-demenz-2","tag-demenzrisiko","tag-demenzwissen","tag-deutsche-alzheimer-gesellschaft","tag-digidem","tag-digidem-bayern","tag-digitale-angebote","tag-digitales-demenzregister-bayern","tag-fuerth","tag-gesundheitsinformationen","tag-menschen-mit-demenz","tag-regina-altena","tag-schlafqualitaet","tag-schulungsprogramme","tag-soziale-isolation","tag-sturzpraevention","tag-symposium","tag-vorausschauenden-versorgungsplanung"],"qubely_featured_image_url":{"full":["https:\/\/digidem-bayern.de\/wp-content\/uploads\/2024\/11\/2024-10-10_88b_Alzheimer-Kongress-Fuerth_digiDEM-Symposium_Gruppenfoto_.jpeg",1600,1033,false],"landscape":["https:\/\/digidem-bayern.de\/wp-content\/uploads\/2024\/11\/2024-10-10_88b_Alzheimer-Kongress-Fuerth_digiDEM-Symposium_Gruppenfoto_-1200x750.jpeg",1200,750,true],"portraits":["https:\/\/digidem-bayern.de\/wp-content\/uploads\/2024\/11\/2024-10-10_88b_Alzheimer-Kongress-Fuerth_digiDEM-Symposium_Gruppenfoto_-540x320.jpeg",540,320,true],"thumbnail":["https:\/\/digidem-bayern.de\/wp-content\/uploads\/2024\/11\/2024-10-10_88b_Alzheimer-Kongress-Fuerth_digiDEM-Symposium_Gruppenfoto_-80x80.jpeg",80,80,true],"medium":["https:\/\/digidem-bayern.de\/wp-content\/uploads\/2024\/11\/2024-10-10_88b_Alzheimer-Kongress-Fuerth_digiDEM-Symposium_Gruppenfoto_-300x194.jpeg",300,194,true],"medium_large":["https:\/\/digidem-bayern.de\/wp-content\/uploads\/2024\/11\/2024-10-10_88b_Alzheimer-Kongress-Fuerth_digiDEM-Symposium_Gruppenfoto_-768x496.jpeg",768,496,true],"large":["https:\/\/digidem-bayern.de\/wp-content\/uploads\/2024\/11\/2024-10-10_88b_Alzheimer-Kongress-Fuerth_digiDEM-Symposium_Gruppenfoto_-1030x665.jpeg",1030,665,true],"1536x1536":["https:\/\/digidem-bayern.de\/wp-content\/uploads\/2024\/11\/2024-10-10_88b_Alzheimer-Kongress-Fuerth_digiDEM-Symposium_Gruppenfoto_-1536x992.jpeg",1536,992,true],"2048x2048":["https:\/\/digidem-bayern.de\/wp-content\/uploads\/2024\/11\/2024-10-10_88b_Alzheimer-Kongress-Fuerth_digiDEM-Symposium_Gruppenfoto_-2048x1323.jpeg",2048,1323,true],"trp-custom-language-flag":["https:\/\/digidem-bayern.de\/wp-content\/uploads\/2024\/11\/2024-10-10_88b_Alzheimer-Kongress-Fuerth_digiDEM-Symposium_Gruppenfoto_.jpeg",18,12,false],"qubely_landscape":["https:\/\/digidem-bayern.de\/wp-content\/uploads\/2024\/11\/2024-10-10_88b_Alzheimer-Kongress-Fuerth_digiDEM-Symposium_Gruppenfoto_-1200x750.jpeg",1200,750,true],"qubely_portrait":["https:\/\/digidem-bayern.de\/wp-content\/uploads\/2024\/11\/2024-10-10_88b_Alzheimer-Kongress-Fuerth_digiDEM-Symposium_Gruppenfoto_-540x320.jpeg",540,320,true],"qubely_thumbnail":["https:\/\/digidem-bayern.de\/wp-content\/uploads\/2024\/11\/2024-10-10_88b_Alzheimer-Kongress-Fuerth_digiDEM-Symposium_Gruppenfoto_-140x100.jpeg",140,100,true],"post-thumbnail":["https:\/\/digidem-bayern.de\/wp-content\/uploads\/2024\/11\/2024-10-10_88b_Alzheimer-Kongress-Fuerth_digiDEM-Symposium_Gruppenfoto_-542x350.jpeg",542,350,true],"kahuna-featured":["https:\/\/digidem-bayern.de\/wp-content\/uploads\/2024\/11\/2024-10-10_88b_Alzheimer-Kongress-Fuerth_digiDEM-Symposium_Gruppenfoto_-734x350.jpeg",734,350,true],"kahuna-featured-lp":["https:\/\/digidem-bayern.de\/wp-content\/uploads\/2024\/11\/2024-10-10_88b_Alzheimer-Kongress-Fuerth_digiDEM-Symposium_Gruppenfoto_-520x350.jpeg",520,350,true],"kahuna-featured-half":["https:\/\/digidem-bayern.de\/wp-content\/uploads\/2024\/11\/2024-10-10_88b_Alzheimer-Kongress-Fuerth_digiDEM-Symposium_Gruppenfoto_-800x350.jpeg",800,350,true],"kahuna-featured-third":["https:\/\/digidem-bayern.de\/wp-content\/uploads\/2024\/11\/2024-10-10_88b_Alzheimer-Kongress-Fuerth_digiDEM-Symposium_Gruppenfoto_-512x350.jpeg",512,350,true],"kahuna-lpbox-1":["https:\/\/digidem-bayern.de\/wp-content\/uploads\/2024\/11\/2024-10-10_88b_Alzheimer-Kongress-Fuerth_digiDEM-Symposium_Gruppenfoto_-520x300.jpeg",520,300,true],"kahuna-lpbox-2":["https:\/\/digidem-bayern.de\/wp-content\/uploads\/2024\/11\/2024-10-10_88b_Alzheimer-Kongress-Fuerth_digiDEM-Symposium_Gruppenfoto_-520x350.jpeg",520,350,true],"demand-language-flag":["https:\/\/digidem-bayern.de\/wp-content\/uploads\/2024\/11\/2024-10-10_88b_Alzheimer-Kongress-Fuerth_digiDEM-Symposium_Gruppenfoto_-36x36.jpeg",36,36,true],"dddkt-language-flag":["https:\/\/digidem-bayern.de\/wp-content\/uploads\/2024\/11\/2024-10-10_88b_Alzheimer-Kongress-Fuerth_digiDEM-Symposium_Gruppenfoto_-36x36.jpeg",36,36,true],"ddiqc-language-flag":["https:\/\/digidem-bayern.de\/wp-content\/uploads\/2024\/11\/2024-10-10_88b_Alzheimer-Kongress-Fuerth_digiDEM-Symposium_Gruppenfoto_-36x36.jpeg",36,36,true],"ddtl-language-flag":["https:\/\/digidem-bayern.de\/wp-content\/uploads\/2024\/11\/2024-10-10_88b_Alzheimer-Kongress-Fuerth_digiDEM-Symposium_Gruppenfoto_-36x36.jpeg",36,36,true],"mailpoet_newsletter_max":["https:\/\/digidem-bayern.de\/wp-content\/uploads\/2024\/11\/2024-10-10_88b_Alzheimer-Kongress-Fuerth_digiDEM-Symposium_Gruppenfoto_-1320x853.jpeg",1320,853,true],"kahuna-lpbox-3":["https:\/\/digidem-bayern.de\/wp-content\/uploads\/2024\/11\/2024-10-10_88b_Alzheimer-Kongress-Fuerth_digiDEM-Symposium_Gruppenfoto_-520x350.jpeg",520,350,true],"kahuna-featured-square":["https:\/\/digidem-bayern.de\/wp-content\/uploads\/2024\/11\/2024-10-10_88b_Alzheimer-Kongress-Fuerth_digiDEM-Symposium_Gruppenfoto_-512x512.jpeg",512,512,true],"kahuna-featured-square-large":["https:\/\/digidem-bayern.de\/wp-content\/uploads\/2024\/11\/2024-10-10_88b_Alzheimer-Kongress-Fuerth_digiDEM-Symposium_Gruppenfoto_-1024x1024.jpeg",1024,1024,true]},"qubely_author":{"display_name":"Ilona H\u00f6rath","author_link":"https:\/\/digidem-bayern.de\/en\/author\/hoeratia\/"},"qubely_comment":1,"qubely_category":"<a href=\"https:\/\/digidem-bayern.de\/en\/category\/aktuelles-zu-digidem\/\" rel=\"category tag\">Aktuelles zu digiDEM<\/a> <a href=\"https:\/\/digidem-bayern.de\/en\/category\/wissenschaft-forschung\/\" rel=\"category tag\">Wissenschaft &amp; Forschung<\/a>","qubely_excerpt":"Auf dem 12. Kongress der Deutschen Alzheimer Gesellschaft in der Stadthalle von F\u00fcrth\/Bayern war digiDEM Bayern nicht nur mit einem eigenen Stand vertreten, sondern auch mit einem wissenschaftlichen Symposium unter der Leitung Prof. Dr. med. Elmar Gr\u00e4\u00dfel, Leiter des Zentrums f\u00fcr Medizinische Versorgungsforschung am Universit\u00e4tsklinikum Erlangen und Projektleiter von digiDEM &hellip;","featured_image_urls_v2":{"full":["https:\/\/digidem-bayern.de\/wp-content\/uploads\/2024\/11\/2024-10-10_88b_Alzheimer-Kongress-Fuerth_digiDEM-Symposium_Gruppenfoto_.jpeg",1600,1033,false],"thumbnail":["https:\/\/digidem-bayern.de\/wp-content\/uploads\/2024\/11\/2024-10-10_88b_Alzheimer-Kongress-Fuerth_digiDEM-Symposium_Gruppenfoto_-80x80.jpeg",80,80,true],"medium":["https:\/\/digidem-bayern.de\/wp-content\/uploads\/2024\/11\/2024-10-10_88b_Alzheimer-Kongress-Fuerth_digiDEM-Symposium_Gruppenfoto_-300x194.jpeg",300,194,true],"medium_large":["https:\/\/digidem-bayern.de\/wp-content\/uploads\/2024\/11\/2024-10-10_88b_Alzheimer-Kongress-Fuerth_digiDEM-Symposium_Gruppenfoto_-768x496.jpeg",768,496,true],"large":["https:\/\/digidem-bayern.de\/wp-content\/uploads\/2024\/11\/2024-10-10_88b_Alzheimer-Kongress-Fuerth_digiDEM-Symposium_Gruppenfoto_-1030x665.jpeg",1030,665,true],"1536x1536":["https:\/\/digidem-bayern.de\/wp-content\/uploads\/2024\/11\/2024-10-10_88b_Alzheimer-Kongress-Fuerth_digiDEM-Symposium_Gruppenfoto_-1536x992.jpeg",1536,992,true],"2048x2048":["https:\/\/digidem-bayern.de\/wp-content\/uploads\/2024\/11\/2024-10-10_88b_Alzheimer-Kongress-Fuerth_digiDEM-Symposium_Gruppenfoto_-2048x1323.jpeg",2048,1323,true],"trp-custom-language-flag":["https:\/\/digidem-bayern.de\/wp-content\/uploads\/2024\/11\/2024-10-10_88b_Alzheimer-Kongress-Fuerth_digiDEM-Symposium_Gruppenfoto_.jpeg",18,12,false],"qubely_landscape":["https:\/\/digidem-bayern.de\/wp-content\/uploads\/2024\/11\/2024-10-10_88b_Alzheimer-Kongress-Fuerth_digiDEM-Symposium_Gruppenfoto_-1200x750.jpeg",1200,750,true],"qubely_portrait":["https:\/\/digidem-bayern.de\/wp-content\/uploads\/2024\/11\/2024-10-10_88b_Alzheimer-Kongress-Fuerth_digiDEM-Symposium_Gruppenfoto_-540x320.jpeg",540,320,true],"qubely_thumbnail":["https:\/\/digidem-bayern.de\/wp-content\/uploads\/2024\/11\/2024-10-10_88b_Alzheimer-Kongress-Fuerth_digiDEM-Symposium_Gruppenfoto_-140x100.jpeg",140,100,true],"post-thumbnail":["https:\/\/digidem-bayern.de\/wp-content\/uploads\/2024\/11\/2024-10-10_88b_Alzheimer-Kongress-Fuerth_digiDEM-Symposium_Gruppenfoto_-542x350.jpeg",542,350,true],"kahuna-featured":["https:\/\/digidem-bayern.de\/wp-content\/uploads\/2024\/11\/2024-10-10_88b_Alzheimer-Kongress-Fuerth_digiDEM-Symposium_Gruppenfoto_-734x350.jpeg",734,350,true],"kahuna-featured-lp":["https:\/\/digidem-bayern.de\/wp-content\/uploads\/2024\/11\/2024-10-10_88b_Alzheimer-Kongress-Fuerth_digiDEM-Symposium_Gruppenfoto_-520x350.jpeg",520,350,true],"kahuna-featured-half":["https:\/\/digidem-bayern.de\/wp-content\/uploads\/2024\/11\/2024-10-10_88b_Alzheimer-Kongress-Fuerth_digiDEM-Symposium_Gruppenfoto_-800x350.jpeg",800,350,true],"kahuna-featured-third":["https:\/\/digidem-bayern.de\/wp-content\/uploads\/2024\/11\/2024-10-10_88b_Alzheimer-Kongress-Fuerth_digiDEM-Symposium_Gruppenfoto_-512x350.jpeg",512,350,true],"kahuna-lpbox-1":["https:\/\/digidem-bayern.de\/wp-content\/uploads\/2024\/11\/2024-10-10_88b_Alzheimer-Kongress-Fuerth_digiDEM-Symposium_Gruppenfoto_-520x300.jpeg",520,300,true],"kahuna-lpbox-2":["https:\/\/digidem-bayern.de\/wp-content\/uploads\/2024\/11\/2024-10-10_88b_Alzheimer-Kongress-Fuerth_digiDEM-Symposium_Gruppenfoto_-520x350.jpeg",520,350,true],"demand-language-flag":["https:\/\/digidem-bayern.de\/wp-content\/uploads\/2024\/11\/2024-10-10_88b_Alzheimer-Kongress-Fuerth_digiDEM-Symposium_Gruppenfoto_-36x36.jpeg",36,36,true],"dddkt-language-flag":["https:\/\/digidem-bayern.de\/wp-content\/uploads\/2024\/11\/2024-10-10_88b_Alzheimer-Kongress-Fuerth_digiDEM-Symposium_Gruppenfoto_-36x36.jpeg",36,36,true],"ddiqc-language-flag":["https:\/\/digidem-bayern.de\/wp-content\/uploads\/2024\/11\/2024-10-10_88b_Alzheimer-Kongress-Fuerth_digiDEM-Symposium_Gruppenfoto_-36x36.jpeg",36,36,true],"ddtl-language-flag":["https:\/\/digidem-bayern.de\/wp-content\/uploads\/2024\/11\/2024-10-10_88b_Alzheimer-Kongress-Fuerth_digiDEM-Symposium_Gruppenfoto_-36x36.jpeg",36,36,true],"mailpoet_newsletter_max":["https:\/\/digidem-bayern.de\/wp-content\/uploads\/2024\/11\/2024-10-10_88b_Alzheimer-Kongress-Fuerth_digiDEM-Symposium_Gruppenfoto_-1320x853.jpeg",1320,853,true],"kahuna-lpbox-3":["https:\/\/digidem-bayern.de\/wp-content\/uploads\/2024\/11\/2024-10-10_88b_Alzheimer-Kongress-Fuerth_digiDEM-Symposium_Gruppenfoto_-520x350.jpeg",520,350,true],"kahuna-featured-square":["https:\/\/digidem-bayern.de\/wp-content\/uploads\/2024\/11\/2024-10-10_88b_Alzheimer-Kongress-Fuerth_digiDEM-Symposium_Gruppenfoto_-512x512.jpeg",512,512,true],"kahuna-featured-square-large":["https:\/\/digidem-bayern.de\/wp-content\/uploads\/2024\/11\/2024-10-10_88b_Alzheimer-Kongress-Fuerth_digiDEM-Symposium_Gruppenfoto_-1024x1024.jpeg",1024,1024,true]},"post_excerpt_stackable_v2":"<p>Auf dem 12. Kongress der Deutschen Alzheimer Gesellschaft in der Stadthalle von F\u00fcrth\/Bayern war digiDEM Bayern nicht nur mit einem eigenen Stand vertreten, sondern auch mit einem wissenschaftlichen Symposium unter der Leitung Prof. Dr. med. Elmar Gr\u00e4\u00dfel, Leiter des Zentrums f\u00fcr Medizinische Versorgungsforschung am Universit\u00e4tsklinikum Erlangen und Projektleiter von digiDEM Bayern. Am Stand von digiDEM Bayern. Foto: Ilona H\u00f6rath \u201eDemenz: Hinsehen. Helfen. Handeln.\u201c Unter diesem Motto stand der 12. Kongress der Deutschen Alzheimer Gesellschaft, der im Oktober 2024 in der Stadthalle F\u00fcrth stattfand. In \u00fcber 70 Vortr\u00e4gen und Workshops haben mehr als 700 Kongressteilnehmenden Ideen, Konzepte und praktische Erfahrungen ausgetauscht.&hellip;<\/p>\n","category_list_v2":"<a href=\"https:\/\/digidem-bayern.de\/en\/category\/aktuelles-zu-digidem\/\" rel=\"category tag\">Aktuelles zu digiDEM<\/a>, <a href=\"https:\/\/digidem-bayern.de\/en\/category\/wissenschaft-forschung\/\" rel=\"category tag\">Wissenschaft &amp; Forschung<\/a>","author_info_v2":{"name":"Ilona H\u00f6rath","url":"https:\/\/digidem-bayern.de\/en\/author\/hoeratia\/"},"comments_num_v2":"0 comments","yoast_head":"<!-- This site is optimized with the Yoast SEO plugin v27.4 - https:\/\/yoast.com\/product\/yoast-seo-wordpress\/ -->\n<title>digiDEM Bayern-Symposium auf dem 12. Alzheimer-Kongress in F\u00fcrth\/Bayern - digiDEM Bayern<\/title>\n<meta name=\"description\" content=\"Der Bayerische Landesapothekerkammer unterst\u00fctzt digiDEM Bayern mit Hilfe des Netzwerks &quot;Demenzfreundliche Apotheken&quot;.\" \/>\n<meta name=\"robots\" content=\"index, follow, max-snippet:-1, max-image-preview:large, max-video-preview:-1\" \/>\n<link rel=\"canonical\" href=\"https:\/\/digidem-bayern.de\/en\/alzheimer-kongress-digidem-bayern-symposium-in-fuerth-bayernauf-die-richtige-schlafdauer-achten\/\" \/>\n<meta property=\"og:locale\" content=\"en_US\" \/>\n<meta property=\"og:type\" content=\"article\" \/>\n<meta property=\"og:title\" content=\"digiDEM Bayern-Symposium auf dem 12. Alzheimer-Kongress in F\u00fcrth\/Bayern - digiDEM Bayern\" \/>\n<meta property=\"og:description\" content=\"Der Bayerische Landesapothekerkammer unterst\u00fctzt digiDEM Bayern mit Hilfe des Netzwerks &quot;Demenzfreundliche Apotheken&quot;.\" \/>\n<meta property=\"og:url\" content=\"https:\/\/digidem-bayern.de\/en\/alzheimer-kongress-digidem-bayern-symposium-in-fuerth-bayernauf-die-richtige-schlafdauer-achten\/\" \/>\n<meta property=\"og:site_name\" content=\"digiDEM Bayern\" \/>\n<meta property=\"article:publisher\" content=\"https:\/\/www.facebook.com\/digiDEMBayern\/\" \/>\n<meta property=\"article:published_time\" content=\"2024-10-28T15:31:00+00:00\" \/>\n<meta property=\"article:modified_time\" content=\"2024-11-05T17:14:12+00:00\" \/>\n<meta property=\"og:image\" content=\"https:\/\/digidem-bayern.de\/wp-content\/uploads\/2024\/11\/2024-10-10_88b_Alzheimer-Kongress-Fuerth_digiDEM-Symposium_Gruppenfoto_-1030x665.jpeg\" \/>\n\t<meta property=\"og:image:width\" content=\"1030\" \/>\n\t<meta property=\"og:image:height\" content=\"665\" \/>\n\t<meta property=\"og:image:type\" content=\"image\/jpeg\" \/>\n<meta name=\"author\" content=\"Ilona H\u00f6rath\" \/>\n<meta name=\"twitter:label1\" content=\"Written by\" \/>\n\t<meta name=\"twitter:data1\" content=\"Ilona H\u00f6rath\" \/>\n\t<meta name=\"twitter:label2\" content=\"Est. reading time\" \/>\n\t<meta name=\"twitter:data2\" content=\"2 minutes\" \/>\n<script type=\"application\/ld+json\" class=\"yoast-schema-graph\">{\"@context\":\"https:\\\/\\\/schema.org\",\"@graph\":[{\"@type\":\"Article\",\"@id\":\"https:\\\/\\\/digidem-bayern.de\\\/alzheimer-kongress-digidem-bayern-symposium-in-fuerth-bayernauf-die-richtige-schlafdauer-achten\\\/#article\",\"isPartOf\":{\"@id\":\"https:\\\/\\\/digidem-bayern.de\\\/alzheimer-kongress-digidem-bayern-symposium-in-fuerth-bayernauf-die-richtige-schlafdauer-achten\\\/\"},\"author\":{\"name\":\"Ilona H\u00f6rath\",\"@id\":\"\\\/#\\\/schema\\\/person\\\/0bc1494f46fc2a051c761322a80e0941\"},\"headline\":\"digiDEM Bayern-Symposium auf dem 12. Alzheimer-Kongress in F\u00fcrth\\\/Bayern\",\"datePublished\":\"2024-10-28T15:31:00+00:00\",\"dateModified\":\"2024-11-05T17:14:12+00:00\",\"mainEntityOfPage\":{\"@id\":\"https:\\\/\\\/digidem-bayern.de\\\/alzheimer-kongress-digidem-bayern-symposium-in-fuerth-bayernauf-die-richtige-schlafdauer-achten\\\/\"},\"wordCount\":1059,\"commentCount\":0,\"publisher\":{\"@id\":\"\\\/#organization\"},\"image\":{\"@id\":\"https:\\\/\\\/digidem-bayern.de\\\/alzheimer-kongress-digidem-bayern-symposium-in-fuerth-bayernauf-die-richtige-schlafdauer-achten\\\/#primaryimage\"},\"thumbnailUrl\":\"https:\\\/\\\/digidem-bayern.de\\\/wp-content\\\/uploads\\\/2024\\\/11\\\/2024-10-10_88b_Alzheimer-Kongress-Fuerth_digiDEM-Symposium_Gruppenfoto_.jpeg\",\"keywords\":[\"Alzheimer\",\"Alzheimer-Kongress\",\"Demenz\",\"Demenzrisiko\",\"Demenzwissen\",\"Deutsche Alzheimer Gesellschaft\",\"digidem\",\"digidem Bayern\",\"Digitale Angebote\",\"Digitales Demenzregister Bayern\",\"F\u00fcrth\",\"Gesundheitsinformationen\",\"Menschen mit Demenz\",\"Regina Altena\",\"Schlafqualit\u00e4t\",\"Schulungsprogramme\",\"soziale isolation\",\"Sturzpr\u00e4vention\",\"Symposium\",\"vorausschauenden Versorgungsplanung\"],\"articleSection\":[\"Aktuelles zu digiDEM\",\"Wissenschaft &amp; Forschung\"],\"inLanguage\":\"en-US\",\"potentialAction\":[{\"@type\":\"CommentAction\",\"name\":\"Comment\",\"target\":[\"https:\\\/\\\/digidem-bayern.de\\\/alzheimer-kongress-digidem-bayern-symposium-in-fuerth-bayernauf-die-richtige-schlafdauer-achten\\\/#respond\"]}]},{\"@type\":\"WebPage\",\"@id\":\"https:\\\/\\\/digidem-bayern.de\\\/alzheimer-kongress-digidem-bayern-symposium-in-fuerth-bayernauf-die-richtige-schlafdauer-achten\\\/\",\"url\":\"https:\\\/\\\/digidem-bayern.de\\\/alzheimer-kongress-digidem-bayern-symposium-in-fuerth-bayernauf-die-richtige-schlafdauer-achten\\\/\",\"name\":\"digiDEM Bayern-Symposium auf dem 12. Alzheimer-Kongress in F\u00fcrth\\\/Bayern - digiDEM Bayern\",\"isPartOf\":{\"@id\":\"\\\/#website\"},\"primaryImageOfPage\":{\"@id\":\"https:\\\/\\\/digidem-bayern.de\\\/alzheimer-kongress-digidem-bayern-symposium-in-fuerth-bayernauf-die-richtige-schlafdauer-achten\\\/#primaryimage\"},\"image\":{\"@id\":\"https:\\\/\\\/digidem-bayern.de\\\/alzheimer-kongress-digidem-bayern-symposium-in-fuerth-bayernauf-die-richtige-schlafdauer-achten\\\/#primaryimage\"},\"thumbnailUrl\":\"https:\\\/\\\/digidem-bayern.de\\\/wp-content\\\/uploads\\\/2024\\\/11\\\/2024-10-10_88b_Alzheimer-Kongress-Fuerth_digiDEM-Symposium_Gruppenfoto_.jpeg\",\"datePublished\":\"2024-10-28T15:31:00+00:00\",\"dateModified\":\"2024-11-05T17:14:12+00:00\",\"description\":\"Der Bayerische Landesapothekerkammer unterst\u00fctzt digiDEM Bayern mit Hilfe des Netzwerks \\\"Demenzfreundliche Apotheken\\\".\",\"breadcrumb\":{\"@id\":\"https:\\\/\\\/digidem-bayern.de\\\/alzheimer-kongress-digidem-bayern-symposium-in-fuerth-bayernauf-die-richtige-schlafdauer-achten\\\/#breadcrumb\"},\"inLanguage\":\"en-US\",\"potentialAction\":[{\"@type\":\"ReadAction\",\"target\":[\"https:\\\/\\\/digidem-bayern.de\\\/alzheimer-kongress-digidem-bayern-symposium-in-fuerth-bayernauf-die-richtige-schlafdauer-achten\\\/\"]}]},{\"@type\":\"ImageObject\",\"inLanguage\":\"en-US\",\"@id\":\"https:\\\/\\\/digidem-bayern.de\\\/alzheimer-kongress-digidem-bayern-symposium-in-fuerth-bayernauf-die-richtige-schlafdauer-achten\\\/#primaryimage\",\"url\":\"https:\\\/\\\/digidem-bayern.de\\\/wp-content\\\/uploads\\\/2024\\\/11\\\/2024-10-10_88b_Alzheimer-Kongress-Fuerth_digiDEM-Symposium_Gruppenfoto_.jpeg\",\"contentUrl\":\"https:\\\/\\\/digidem-bayern.de\\\/wp-content\\\/uploads\\\/2024\\\/11\\\/2024-10-10_88b_Alzheimer-Kongress-Fuerth_digiDEM-Symposium_Gruppenfoto_.jpeg\",\"width\":1600,\"height\":1033,\"caption\":\"Das digiDEM Bayern-Team vor seinem Stand auf dem 12. Kongress der Deutschen Alzheimer Gesellschaft in F\u00fcrth\\\/Bayern mit Prof. Dr. med. Elmar Gr\u00e4\u00dfel (4. v. li.) und Regina Altena (Mitte), die aus Mexiko-Stadt angereist war. Foto: digiDEM Bayern\"},{\"@type\":\"BreadcrumbList\",\"@id\":\"https:\\\/\\\/digidem-bayern.de\\\/alzheimer-kongress-digidem-bayern-symposium-in-fuerth-bayernauf-die-richtige-schlafdauer-achten\\\/#breadcrumb\",\"itemListElement\":[{\"@type\":\"ListItem\",\"position\":1,\"name\":\"Startseite\",\"item\":\"https:\\\/\\\/digidem-bayern.de\\\/\"},{\"@type\":\"ListItem\",\"position\":2,\"name\":\"digiDEM Bayern-Symposium auf dem 12. Alzheimer-Kongress in F\u00fcrth\\\/Bayern\"}]},{\"@type\":\"WebSite\",\"@id\":\"\\\/#website\",\"url\":\"\\\/\",\"name\":\"digiDEM Bayern\",\"description\":\"Das digitale Demenzregister Bayern erforscht und verbessert die Angebotsstuktur f\u00fcr Menschen mit Demenz und deren Angeh\u00f6rige\",\"publisher\":{\"@id\":\"\\\/#organization\"},\"potentialAction\":[{\"@type\":\"SearchAction\",\"target\":{\"@type\":\"EntryPoint\",\"urlTemplate\":\"\\\/?s={search_term_string}\"},\"query-input\":{\"@type\":\"PropertyValueSpecification\",\"valueRequired\":true,\"valueName\":\"search_term_string\"}}],\"inLanguage\":\"en-US\"},{\"@type\":\"Organization\",\"@id\":\"\\\/#organization\",\"name\":\"digiDEM Bayern\",\"url\":\"\\\/\",\"logo\":{\"@type\":\"ImageObject\",\"inLanguage\":\"en-US\",\"@id\":\"\\\/#\\\/schema\\\/logo\\\/image\\\/\",\"url\":\"https:\\\/\\\/digidem-bayern.de\\\/wp-content\\\/uploads\\\/2022\\\/03\\\/cropped-Allgemeines_digiDEMLOGO-removebg-preview.png\",\"contentUrl\":\"https:\\\/\\\/digidem-bayern.de\\\/wp-content\\\/uploads\\\/2022\\\/03\\\/cropped-Allgemeines_digiDEMLOGO-removebg-preview.png\",\"width\":612,\"height\":357,\"caption\":\"digiDEM Bayern\"},\"image\":{\"@id\":\"\\\/#\\\/schema\\\/logo\\\/image\\\/\"},\"sameAs\":[\"https:\\\/\\\/www.facebook.com\\\/digiDEMBayern\\\/\",\"https:\\\/\\\/x.com\\\/digidem_bayern\",\"https:\\\/\\\/www.instagram.com\\\/digidem.bayern\",\"https:\\\/\\\/www.linkedin.com\\\/company\\\/digidem-bayern\\\/\"]},{\"@type\":\"Person\",\"@id\":\"\\\/#\\\/schema\\\/person\\\/0bc1494f46fc2a051c761322a80e0941\",\"name\":\"Ilona H\u00f6rath\",\"url\":\"https:\\\/\\\/digidem-bayern.de\\\/en\\\/author\\\/hoeratia\\\/\"}]}<\/script>\n<!-- \/ Yoast SEO plugin. -->","yoast_head_json":{"title":"digiDEM Bayern-Symposium auf dem 12. Alzheimer-Kongress in F\u00fcrth\/Bayern - digiDEM Bayern","description":"Der Bayerische Landesapothekerkammer unterst\u00fctzt digiDEM Bayern mit Hilfe des Netzwerks \"Demenzfreundliche Apotheken\".","robots":{"index":"index","follow":"follow","max-snippet":"max-snippet:-1","max-image-preview":"max-image-preview:large","max-video-preview":"max-video-preview:-1"},"canonical":"https:\/\/digidem-bayern.de\/en\/alzheimer-kongress-digidem-bayern-symposium-in-fuerth-bayernauf-die-richtige-schlafdauer-achten\/","og_locale":"en_US","og_type":"article","og_title":"digiDEM Bayern-Symposium auf dem 12. Alzheimer-Kongress in F\u00fcrth\/Bayern - digiDEM Bayern","og_description":"Der Bayerische Landesapothekerkammer unterst\u00fctzt digiDEM Bayern mit Hilfe des Netzwerks \"Demenzfreundliche Apotheken\".","og_url":"https:\/\/digidem-bayern.de\/en\/alzheimer-kongress-digidem-bayern-symposium-in-fuerth-bayernauf-die-richtige-schlafdauer-achten\/","og_site_name":"digiDEM Bayern","article_publisher":"https:\/\/www.facebook.com\/digiDEMBayern\/","article_published_time":"2024-10-28T15:31:00+00:00","article_modified_time":"2024-11-05T17:14:12+00:00","og_image":[{"width":1030,"height":665,"url":"https:\/\/digidem-bayern.de\/wp-content\/uploads\/2024\/11\/2024-10-10_88b_Alzheimer-Kongress-Fuerth_digiDEM-Symposium_Gruppenfoto_-1030x665.jpeg","type":"image\/jpeg"}],"author":"Ilona H\u00f6rath","twitter_misc":{"Written by":"Ilona H\u00f6rath","Est. reading time":"2 minutes"},"schema":{"@context":"https:\/\/schema.org","@graph":[{"@type":"Article","@id":"https:\/\/digidem-bayern.de\/alzheimer-kongress-digidem-bayern-symposium-in-fuerth-bayernauf-die-richtige-schlafdauer-achten\/#article","isPartOf":{"@id":"https:\/\/digidem-bayern.de\/alzheimer-kongress-digidem-bayern-symposium-in-fuerth-bayernauf-die-richtige-schlafdauer-achten\/"},"author":{"name":"Ilona H\u00f6rath","@id":"\/#\/schema\/person\/0bc1494f46fc2a051c761322a80e0941"},"headline":"digiDEM Bayern-Symposium auf dem 12. Alzheimer-Kongress in F\u00fcrth\/Bayern","datePublished":"2024-10-28T15:31:00+00:00","dateModified":"2024-11-05T17:14:12+00:00","mainEntityOfPage":{"@id":"https:\/\/digidem-bayern.de\/alzheimer-kongress-digidem-bayern-symposium-in-fuerth-bayernauf-die-richtige-schlafdauer-achten\/"},"wordCount":1059,"commentCount":0,"publisher":{"@id":"\/#organization"},"image":{"@id":"https:\/\/digidem-bayern.de\/alzheimer-kongress-digidem-bayern-symposium-in-fuerth-bayernauf-die-richtige-schlafdauer-achten\/#primaryimage"},"thumbnailUrl":"https:\/\/digidem-bayern.de\/wp-content\/uploads\/2024\/11\/2024-10-10_88b_Alzheimer-Kongress-Fuerth_digiDEM-Symposium_Gruppenfoto_.jpeg","keywords":["Alzheimer","Alzheimer-Kongress","Demenz","Demenzrisiko","Demenzwissen","Deutsche Alzheimer Gesellschaft","digidem","digidem Bayern","Digitale Angebote","Digitales Demenzregister Bayern","F\u00fcrth","Gesundheitsinformationen","Menschen mit Demenz","Regina Altena","Schlafqualit\u00e4t","Schulungsprogramme","soziale isolation","Sturzpr\u00e4vention","Symposium","vorausschauenden Versorgungsplanung"],"articleSection":["Aktuelles zu digiDEM","Wissenschaft &amp; Forschung"],"inLanguage":"en-US","potentialAction":[{"@type":"CommentAction","name":"Comment","target":["https:\/\/digidem-bayern.de\/alzheimer-kongress-digidem-bayern-symposium-in-fuerth-bayernauf-die-richtige-schlafdauer-achten\/#respond"]}]},{"@type":"WebPage","@id":"https:\/\/digidem-bayern.de\/alzheimer-kongress-digidem-bayern-symposium-in-fuerth-bayernauf-die-richtige-schlafdauer-achten\/","url":"https:\/\/digidem-bayern.de\/alzheimer-kongress-digidem-bayern-symposium-in-fuerth-bayernauf-die-richtige-schlafdauer-achten\/","name":"digiDEM Bayern-Symposium auf dem 12. Alzheimer-Kongress in F\u00fcrth\/Bayern - digiDEM Bayern","isPartOf":{"@id":"\/#website"},"primaryImageOfPage":{"@id":"https:\/\/digidem-bayern.de\/alzheimer-kongress-digidem-bayern-symposium-in-fuerth-bayernauf-die-richtige-schlafdauer-achten\/#primaryimage"},"image":{"@id":"https:\/\/digidem-bayern.de\/alzheimer-kongress-digidem-bayern-symposium-in-fuerth-bayernauf-die-richtige-schlafdauer-achten\/#primaryimage"},"thumbnailUrl":"https:\/\/digidem-bayern.de\/wp-content\/uploads\/2024\/11\/2024-10-10_88b_Alzheimer-Kongress-Fuerth_digiDEM-Symposium_Gruppenfoto_.jpeg","datePublished":"2024-10-28T15:31:00+00:00","dateModified":"2024-11-05T17:14:12+00:00","description":"Der Bayerische Landesapothekerkammer unterst\u00fctzt digiDEM Bayern mit Hilfe des Netzwerks \"Demenzfreundliche Apotheken\".","breadcrumb":{"@id":"https:\/\/digidem-bayern.de\/alzheimer-kongress-digidem-bayern-symposium-in-fuerth-bayernauf-die-richtige-schlafdauer-achten\/#breadcrumb"},"inLanguage":"en-US","potentialAction":[{"@type":"ReadAction","target":["https:\/\/digidem-bayern.de\/alzheimer-kongress-digidem-bayern-symposium-in-fuerth-bayernauf-die-richtige-schlafdauer-achten\/"]}]},{"@type":"ImageObject","inLanguage":"en-US","@id":"https:\/\/digidem-bayern.de\/alzheimer-kongress-digidem-bayern-symposium-in-fuerth-bayernauf-die-richtige-schlafdauer-achten\/#primaryimage","url":"https:\/\/digidem-bayern.de\/wp-content\/uploads\/2024\/11\/2024-10-10_88b_Alzheimer-Kongress-Fuerth_digiDEM-Symposium_Gruppenfoto_.jpeg","contentUrl":"https:\/\/digidem-bayern.de\/wp-content\/uploads\/2024\/11\/2024-10-10_88b_Alzheimer-Kongress-Fuerth_digiDEM-Symposium_Gruppenfoto_.jpeg","width":1600,"height":1033,"caption":"Das digiDEM Bayern-Team vor seinem Stand auf dem 12. Kongress der Deutschen Alzheimer Gesellschaft in F\u00fcrth\/Bayern mit Prof. Dr. med. Elmar Gr\u00e4\u00dfel (4. v. li.) und Regina Altena (Mitte), die aus Mexiko-Stadt angereist war. Foto: digiDEM Bayern"},{"@type":"BreadcrumbList","@id":"https:\/\/digidem-bayern.de\/alzheimer-kongress-digidem-bayern-symposium-in-fuerth-bayernauf-die-richtige-schlafdauer-achten\/#breadcrumb","itemListElement":[{"@type":"ListItem","position":1,"name":"Startseite","item":"https:\/\/digidem-bayern.de\/"},{"@type":"ListItem","position":2,"name":"digiDEM Bayern-Symposium auf dem 12. Alzheimer-Kongress in F\u00fcrth\/Bayern"}]},{"@type":"WebSite","@id":"\/#website","url":"\/","name":"digiDEM Bavaria","description":"The digital dementia register in Bavaria researches and improves the structure of services for people with dementia and their relatives","publisher":{"@id":"\/#organization"},"potentialAction":[{"@type":"SearchAction","target":{"@type":"EntryPoint","urlTemplate":"\/?s={search_term_string}"},"query-input":{"@type":"PropertyValueSpecification","valueRequired":true,"valueName":"search_term_string"}}],"inLanguage":"en-US"},{"@type":"Organization","@id":"\/#organization","name":"digiDEM Bavaria","url":"\/","logo":{"@type":"ImageObject","inLanguage":"en-US","@id":"\/#\/schema\/logo\/image\/","url":"https:\/\/digidem-bayern.de\/wp-content\/uploads\/2022\/03\/cropped-Allgemeines_digiDEMLOGO-removebg-preview.png","contentUrl":"https:\/\/digidem-bayern.de\/wp-content\/uploads\/2022\/03\/cropped-Allgemeines_digiDEMLOGO-removebg-preview.png","width":612,"height":357,"caption":"digiDEM Bayern"},"image":{"@id":"\/#\/schema\/logo\/image\/"},"sameAs":["https:\/\/www.facebook.com\/digiDEMBayern\/","https:\/\/x.com\/digidem_bayern","https:\/\/www.instagram.com\/digidem.bayern","https:\/\/www.linkedin.com\/company\/digidem-bayern\/"]},{"@type":"Person","@id":"\/#\/schema\/person\/0bc1494f46fc2a051c761322a80e0941","name":"Ilona H\u00f6rath","url":"https:\/\/digidem-bayern.de\/en\/author\/hoeratia\/"}]}},"uagb_featured_image_src":{"full":["https:\/\/digidem-bayern.de\/wp-content\/uploads\/2024\/11\/2024-10-10_88b_Alzheimer-Kongress-Fuerth_digiDEM-Symposium_Gruppenfoto_.jpeg",1600,1033,false],"thumbnail":["https:\/\/digidem-bayern.de\/wp-content\/uploads\/2024\/11\/2024-10-10_88b_Alzheimer-Kongress-Fuerth_digiDEM-Symposium_Gruppenfoto_-80x80.jpeg",80,80,true],"medium":["https:\/\/digidem-bayern.de\/wp-content\/uploads\/2024\/11\/2024-10-10_88b_Alzheimer-Kongress-Fuerth_digiDEM-Symposium_Gruppenfoto_-300x194.jpeg",300,194,true],"medium_large":["https:\/\/digidem-bayern.de\/wp-content\/uploads\/2024\/11\/2024-10-10_88b_Alzheimer-Kongress-Fuerth_digiDEM-Symposium_Gruppenfoto_-768x496.jpeg",768,496,true],"large":["https:\/\/digidem-bayern.de\/wp-content\/uploads\/2024\/11\/2024-10-10_88b_Alzheimer-Kongress-Fuerth_digiDEM-Symposium_Gruppenfoto_-1030x665.jpeg",1030,665,true],"1536x1536":["https:\/\/digidem-bayern.de\/wp-content\/uploads\/2024\/11\/2024-10-10_88b_Alzheimer-Kongress-Fuerth_digiDEM-Symposium_Gruppenfoto_-1536x992.jpeg",1536,992,true],"2048x2048":["https:\/\/digidem-bayern.de\/wp-content\/uploads\/2024\/11\/2024-10-10_88b_Alzheimer-Kongress-Fuerth_digiDEM-Symposium_Gruppenfoto_-2048x1323.jpeg",2048,1323,true],"trp-custom-language-flag":["https:\/\/digidem-bayern.de\/wp-content\/uploads\/2024\/11\/2024-10-10_88b_Alzheimer-Kongress-Fuerth_digiDEM-Symposium_Gruppenfoto_.jpeg",18,12,false],"qubely_landscape":["https:\/\/digidem-bayern.de\/wp-content\/uploads\/2024\/11\/2024-10-10_88b_Alzheimer-Kongress-Fuerth_digiDEM-Symposium_Gruppenfoto_-1200x750.jpeg",1200,750,true],"qubely_portrait":["https:\/\/digidem-bayern.de\/wp-content\/uploads\/2024\/11\/2024-10-10_88b_Alzheimer-Kongress-Fuerth_digiDEM-Symposium_Gruppenfoto_-540x320.jpeg",540,320,true],"qubely_thumbnail":["https:\/\/digidem-bayern.de\/wp-content\/uploads\/2024\/11\/2024-10-10_88b_Alzheimer-Kongress-Fuerth_digiDEM-Symposium_Gruppenfoto_-140x100.jpeg",140,100,true],"post-thumbnail":["https:\/\/digidem-bayern.de\/wp-content\/uploads\/2024\/11\/2024-10-10_88b_Alzheimer-Kongress-Fuerth_digiDEM-Symposium_Gruppenfoto_-542x350.jpeg",542,350,true],"kahuna-featured":["https:\/\/digidem-bayern.de\/wp-content\/uploads\/2024\/11\/2024-10-10_88b_Alzheimer-Kongress-Fuerth_digiDEM-Symposium_Gruppenfoto_-734x350.jpeg",734,350,true],"kahuna-featured-lp":["https:\/\/digidem-bayern.de\/wp-content\/uploads\/2024\/11\/2024-10-10_88b_Alzheimer-Kongress-Fuerth_digiDEM-Symposium_Gruppenfoto_-520x350.jpeg",520,350,true],"kahuna-featured-half":["https:\/\/digidem-bayern.de\/wp-content\/uploads\/2024\/11\/2024-10-10_88b_Alzheimer-Kongress-Fuerth_digiDEM-Symposium_Gruppenfoto_-800x350.jpeg",800,350,true],"kahuna-featured-third":["https:\/\/digidem-bayern.de\/wp-content\/uploads\/2024\/11\/2024-10-10_88b_Alzheimer-Kongress-Fuerth_digiDEM-Symposium_Gruppenfoto_-512x350.jpeg",512,350,true],"kahuna-lpbox-1":["https:\/\/digidem-bayern.de\/wp-content\/uploads\/2024\/11\/2024-10-10_88b_Alzheimer-Kongress-Fuerth_digiDEM-Symposium_Gruppenfoto_-520x300.jpeg",520,300,true],"kahuna-lpbox-2":["https:\/\/digidem-bayern.de\/wp-content\/uploads\/2024\/11\/2024-10-10_88b_Alzheimer-Kongress-Fuerth_digiDEM-Symposium_Gruppenfoto_-520x350.jpeg",520,350,true],"demand-language-flag":["https:\/\/digidem-bayern.de\/wp-content\/uploads\/2024\/11\/2024-10-10_88b_Alzheimer-Kongress-Fuerth_digiDEM-Symposium_Gruppenfoto_-36x36.jpeg",36,36,true],"dddkt-language-flag":["https:\/\/digidem-bayern.de\/wp-content\/uploads\/2024\/11\/2024-10-10_88b_Alzheimer-Kongress-Fuerth_digiDEM-Symposium_Gruppenfoto_-36x36.jpeg",36,36,true],"ddiqc-language-flag":["https:\/\/digidem-bayern.de\/wp-content\/uploads\/2024\/11\/2024-10-10_88b_Alzheimer-Kongress-Fuerth_digiDEM-Symposium_Gruppenfoto_-36x36.jpeg",36,36,true],"ddtl-language-flag":["https:\/\/digidem-bayern.de\/wp-content\/uploads\/2024\/11\/2024-10-10_88b_Alzheimer-Kongress-Fuerth_digiDEM-Symposium_Gruppenfoto_-36x36.jpeg",36,36,true],"mailpoet_newsletter_max":["https:\/\/digidem-bayern.de\/wp-content\/uploads\/2024\/11\/2024-10-10_88b_Alzheimer-Kongress-Fuerth_digiDEM-Symposium_Gruppenfoto_-1320x853.jpeg",1320,853,true],"kahuna-lpbox-3":["https:\/\/digidem-bayern.de\/wp-content\/uploads\/2024\/11\/2024-10-10_88b_Alzheimer-Kongress-Fuerth_digiDEM-Symposium_Gruppenfoto_-520x350.jpeg",520,350,true],"kahuna-featured-square":["https:\/\/digidem-bayern.de\/wp-content\/uploads\/2024\/11\/2024-10-10_88b_Alzheimer-Kongress-Fuerth_digiDEM-Symposium_Gruppenfoto_-512x512.jpeg",512,512,true],"kahuna-featured-square-large":["https:\/\/digidem-bayern.de\/wp-content\/uploads\/2024\/11\/2024-10-10_88b_Alzheimer-Kongress-Fuerth_digiDEM-Symposium_Gruppenfoto_-1024x1024.jpeg",1024,1024,true]},"uagb_author_info":{"display_name":"Ilona H\u00f6rath","author_link":"https:\/\/digidem-bayern.de\/en\/author\/hoeratia\/"},"uagb_comment_info":1,"uagb_excerpt":"Auf dem 12. Kongress der Deutschen Alzheimer Gesellschaft in der Stadthalle von F\u00fcrth\/Bayern war digiDEM Bayern nicht nur mit einem eigenen Stand vertreten, sondern auch mit einem wissenschaftlichen Symposium unter der Leitung Prof. Dr. med. Elmar Gr\u00e4\u00dfel, Leiter des Zentrums f\u00fcr Medizinische Versorgungsforschung am Universit\u00e4tsklinikum Erlangen und Projektleiter von digiDEM &hellip;","_links":{"self":[{"href":"https:\/\/digidem-bayern.de\/en\/wp-json\/wp\/v2\/posts\/39719","targetHints":{"allow":["GET"]}}],"collection":[{"href":"https:\/\/digidem-bayern.de\/en\/wp-json\/wp\/v2\/posts"}],"about":[{"href":"https:\/\/digidem-bayern.de\/en\/wp-json\/wp\/v2\/types\/post"}],"author":[{"embeddable":true,"href":"https:\/\/digidem-bayern.de\/en\/wp-json\/wp\/v2\/users\/12"}],"replies":[{"embeddable":true,"href":"https:\/\/digidem-bayern.de\/en\/wp-json\/wp\/v2\/comments?post=39719"}],"version-history":[{"count":9,"href":"https:\/\/digidem-bayern.de\/en\/wp-json\/wp\/v2\/posts\/39719\/revisions"}],"predecessor-version":[{"id":39740,"href":"https:\/\/digidem-bayern.de\/en\/wp-json\/wp\/v2\/posts\/39719\/revisions\/39740"}],"wp:featuredmedia":[{"embeddable":true,"href":"https:\/\/digidem-bayern.de\/en\/wp-json\/wp\/v2\/media\/39723"}],"wp:attachment":[{"href":"https:\/\/digidem-bayern.de\/en\/wp-json\/wp\/v2\/media?parent=39719"}],"wp:term":[{"taxonomy":"category","embeddable":true,"href":"https:\/\/digidem-bayern.de\/en\/wp-json\/wp\/v2\/categories?post=39719"},{"taxonomy":"post_tag","embeddable":true,"href":"https:\/\/digidem-bayern.de\/en\/wp-json\/wp\/v2\/tags?post=39719"}],"curies":[{"name":"wp","href":"https:\/\/api.w.org\/{rel}","templated":true}]}}