{"id":39653,"date":"2024-11-04T17:54:31","date_gmt":"2024-11-04T16:54:31","guid":{"rendered":"https:\/\/digidem-bayern.de\/?p=39653"},"modified":"2024-11-04T17:58:43","modified_gmt":"2024-11-04T16:58:43","slug":"alzheimer-forschung-auf-dem-pruefstand-zeit-fuer-einen-paradigmenwechsel","status":"publish","type":"post","link":"https:\/\/digidem-bayern.de\/en\/alzheimer-forschung-auf-dem-pruefstand-zeit-fuer-einen-paradigmenwechsel\/","title":{"rendered":"Alzheimer Forschung auf dem Pr\u00fcfstand \u2013 Zeit f\u00fcr einen Paradigmenwechsel"},"content":{"rendered":"<p>Die sogenannte Amyloid-Hypothese hat die Alzheimerforschung \u00fcber Jahrzehnte hinweg ma\u00dfgeblich gepr\u00e4gt und zur Entwicklung der ersten Antik\u00f6rpertherapien gef\u00fchrt. Trotz dieser Fortschritte bleiben die klinischen Erfolge begrenzt, was zunehmend Fragen zur Wirksamkeit und zum tats\u00e4chlichen Nutzen dieser Therapien aufwirft.<\/p>\n\n\n\n<p>In unserem Webinar hat Prof. Dr. Christian Behl, einer der international renommiertesten Grundlagenforscher im Bereich der Alzheimer-Demenz, einen kritischen Blick auf die bisherigen Forschungsergebnisse zur Alzheimer-Demenz geworfen. Prof. Behl ist Professor f\u00fcr Pathobiochemie am Fachbereich Medizin der Johannes Gutenberg-Universit\u00e4t (JGU) Mainz und Direktor des Instituts f\u00fcr Pathobiochemie an der Universit\u00e4tsmedizin der JGU Mainz.<\/p>\n\n\n\n<p>Als Mitglied des Beratungsgremiums Research Priorities for Preventing and Treating Alzheimer\u2019s Disease and Related Dementias der National Academies of Sciences, Engineering, and Medicine der USA ber\u00e4t Prof. Behl die US-Regierung im Hinblick auf die Priorit\u00e4tensetzung der zuk\u00fcnftigen Alzheimer-Forschung.<\/p>\n\n\n\n<p>Prof. Behl promovierte in Naturwissenschaften auf dem Gebiet der Neurobiologie an der Universit\u00e4t W\u00fcrzburg. Seine ersten Schritte in der Alzheimer-Forschung unternahm er am renommierten Salk Institute for Biological Studies, La Jolla, USA, wo er sich intensiv mit dem Thema besch\u00e4ftigte. 1994 bis 2002 war Prof. Behl am Max-Planck-Institut f\u00fcr Psychiatrie in M\u00fcnchen t\u00e4tig und wurde 1999 von der Medizinischen Fakult\u00e4t der Ludwig-Maximilians-Universit\u00e4t im Fach Experimentelle Neurologie habilitiert.<\/p>\n\n\n\n<p>Seit seiner Forschungst\u00e4tigkeit in den USA befasst Prof. Behl sich vor allem mit den molekularen Ursachen des Nervenzelluntergangs, insbesondere bei der Alzheimer-Krankheit. In seinem 2023 erschienenen Buch &#8222;Alzheimer&#8217;s Disease Research: What Has Guided Research So Far and Why It Is High Time for a Paradigm Shift&#8220; pl\u00e4diert er f\u00fcr eine neue Sichtweise auf die Alzheimer-Krankheit und deren pathologische Mechanismen.<\/p>\n\n\n\n<figure class=\"wp-block-embed is-type-video is-provider-youtube wp-block-embed-youtube wp-embed-aspect-16-9 wp-has-aspect-ratio\"><div class=\"wp-block-embed__wrapper\">\n<iframe loading=\"lazy\" title=\"Webinar: Alzheimer Forschung auf dem Pr\u00fcfstand \u2013 Zeit f\u00fcr einen Paradigmenwechsel\" width=\"1223\" height=\"688\" src=\"https:\/\/www.youtube.com\/embed\/UD6jDWc4W5A?feature=oembed\" frameborder=\"0\" allow=\"accelerometer; autoplay; clipboard-write; encrypted-media; gyroscope; picture-in-picture; web-share\" referrerpolicy=\"strict-origin-when-cross-origin\" allowfullscreen><\/iframe>\n<\/div><\/figure>\n\n\n\n<p><\/p>\n\n\n\n<p class=\"has-text-align-center\"><a href=\"https:\/\/digidem-bayern.de\/wp-content\/uploads\/2024\/11\/2024-10-30_digiDEM-Webinar_Nr62_Copyright.pdf\"><strong>Hier gibt es das Webinar als PDF zum\u00a0Download<\/strong>.<\/a><\/p>\n\n\n\n<p><\/p>\n\n\n\n<p><\/p>\n\n\n\n<div class=\"wp-block-stackable-columns stk-block-columns stk-block stk-1abb464\" data-block-id=\"1abb464\"><div class=\"stk-row stk-inner-blocks stk-block-content stk-content-align stk-1abb464-column\">\n<div class=\"wp-block-stackable-column stk-block-column stk-column stk-block stk-38a7c84\" data-v=\"4\" data-block-id=\"38a7c84\"><div class=\"stk-column-wrapper stk-block-column__content stk-container stk-38a7c84-container stk--no-background stk--no-padding\"><div class=\"stk-block-content stk-inner-blocks stk-38a7c84-inner-blocks\">\n<div class=\"wp-block-uagb-team uagb-team__image-position-above uagb-team__align-center uagb-team__stack-tablet uagb-block-df5b540b\"><div class=\"uagb-team__content\"><img decoding=\"async\" class=\"uagb-team__image-crop-circle\" src=\"https:\/\/digidem-bayern.de\/wp-content\/uploads\/prof-dr-med-peter-kolominsky-rabas-digidem-digitales-demenzregister-bayern-1-e1649159581185.jpg\" alt=\"\" height=\"120\" width=\"120\" loading=\"lazy\"\/><h3 class=\"uagb-team__title\">Prof. Dr. med. Peter Kolominsky-Rabas<\/h3><span class=\"uagb-team__prefix\">Projektleiter digiDEM Bayern<\/span><p class=\"uagb-team__desc\">Moderation<\/p><\/div><\/div>\n<\/div><\/div><\/div>\n\n\n\n<div class=\"wp-block-stackable-column stk-block-column stk-column stk-block stk-3aae72b\" data-v=\"4\" data-block-id=\"3aae72b\"><div class=\"stk-column-wrapper stk-block-column__content stk-container stk-3aae72b-container stk--no-background stk--no-padding\"><div class=\"stk-block-content stk-inner-blocks stk-3aae72b-inner-blocks\">\n<div class=\"wp-block-uagb-team uagb-team__image-position-above uagb-team__align-center uagb-team__stack-tablet uagb-block-7e64a8eb\"><div class=\"uagb-team__content\"><img decoding=\"async\" class=\"uagb-team__image-crop-circle\" src=\"https:\/\/digidem-bayern.de\/wp-content\/uploads\/2022\/11\/AKE_NEU_Qudarat.jpg\" alt=\"\" height=\"120\" width=\"120\" loading=\"lazy\"\/><h3 class=\"uagb-team__title\">Anne Keefer<\/h3><span class=\"uagb-team__prefix\">Wissenschaftliche Mitarbeiterin M. Sc. <\/span><p class=\"uagb-team__desc\">Chatroom und Betreuung<\/p><\/div><\/div>\n<\/div><\/div><\/div>\n<\/div><\/div>","protected":false},"excerpt":{"rendered":"<p>Die sogenannte Amyloid-Hypothese hat die Alzheimerforschung \u00fcber Jahrzehnte hinweg ma\u00dfgeblich gepr\u00e4gt und zur Entwicklung der ersten Antik\u00f6rpertherapien gef\u00fchrt. Trotz dieser Fortschritte bleiben die klinischen Erfolge begrenzt, was zunehmend Fragen zur Wirksamkeit und zum tats\u00e4chlichen Nutzen dieser Therapien aufwirft. In unserem Webinar hat Prof. Dr. Christian Behl, einer der international renommiertesten &hellip;<\/p>","protected":false},"author":7,"featured_media":39176,"comment_status":"open","ping_status":"closed","sticky":false,"template":"","format":"standard","meta":{"qubely_global_settings":"true","qubely_interactions":"","_uag_custom_page_level_css":"","footnotes":""},"categories":[123],"tags":[13,406,278,1257,1235,1255,12,14,55,1256,1208,1113,1259,531,73,94],"class_list":["post-39653","post","type-post","status-publish","format-standard","has-post-thumbnail","hentry","category-sciene-watch-live-archiv","tag-alzheimer","tag-alzheimer-demenz","tag-alzheimer-forschung","tag-amyloid","tag-antikoerper","tag-christian-behl","tag-demenz-2","tag-digidem","tag-digitales-demenzregister-bayern","tag-johannes-gutenberg-universitaet-mainz","tag-lecanemab","tag-medical-valley-emn-e-v","tag-pathogenese","tag-stmgp","tag-universitaetsklinikum-erlangen","tag-webinar"],"qubely_featured_image_url":{"full":["https:\/\/digidem-bayern.de\/wp-content\/uploads\/2024\/10\/shutterstock_Webinar-Behl-Alzheimer-Forschung_2456037067.jpg",1000,527,false],"landscape":["https:\/\/digidem-bayern.de\/wp-content\/uploads\/2024\/10\/shutterstock_Webinar-Behl-Alzheimer-Forschung_2456037067.jpg",1000,527,false],"portraits":["https:\/\/digidem-bayern.de\/wp-content\/uploads\/2024\/10\/shutterstock_Webinar-Behl-Alzheimer-Forschung_2456037067-540x320.jpg",540,320,true],"thumbnail":["https:\/\/digidem-bayern.de\/wp-content\/uploads\/2024\/10\/shutterstock_Webinar-Behl-Alzheimer-Forschung_2456037067-80x80.jpg",80,80,true],"medium":["https:\/\/digidem-bayern.de\/wp-content\/uploads\/2024\/10\/shutterstock_Webinar-Behl-Alzheimer-Forschung_2456037067-300x158.jpg",300,158,true],"medium_large":["https:\/\/digidem-bayern.de\/wp-content\/uploads\/2024\/10\/shutterstock_Webinar-Behl-Alzheimer-Forschung_2456037067-768x405.jpg",768,405,true],"large":["https:\/\/digidem-bayern.de\/wp-content\/uploads\/2024\/10\/shutterstock_Webinar-Behl-Alzheimer-Forschung_2456037067.jpg",1000,527,false],"1536x1536":["https:\/\/digidem-bayern.de\/wp-content\/uploads\/2024\/10\/shutterstock_Webinar-Behl-Alzheimer-Forschung_2456037067.jpg",1000,527,false],"2048x2048":["https:\/\/digidem-bayern.de\/wp-content\/uploads\/2024\/10\/shutterstock_Webinar-Behl-Alzheimer-Forschung_2456037067.jpg",1000,527,false],"trp-custom-language-flag":["https:\/\/digidem-bayern.de\/wp-content\/uploads\/2024\/10\/shutterstock_Webinar-Behl-Alzheimer-Forschung_2456037067.jpg",18,9,false],"qubely_landscape":["https:\/\/digidem-bayern.de\/wp-content\/uploads\/2024\/10\/shutterstock_Webinar-Behl-Alzheimer-Forschung_2456037067.jpg",1000,527,false],"qubely_portrait":["https:\/\/digidem-bayern.de\/wp-content\/uploads\/2024\/10\/shutterstock_Webinar-Behl-Alzheimer-Forschung_2456037067-540x320.jpg",540,320,true],"qubely_thumbnail":["https:\/\/digidem-bayern.de\/wp-content\/uploads\/2024\/10\/shutterstock_Webinar-Behl-Alzheimer-Forschung_2456037067-140x100.jpg",140,100,true],"post-thumbnail":["https:\/\/digidem-bayern.de\/wp-content\/uploads\/2024\/10\/shutterstock_Webinar-Behl-Alzheimer-Forschung_2456037067-664x350.jpg",664,350,true],"kahuna-featured":["https:\/\/digidem-bayern.de\/wp-content\/uploads\/2024\/10\/shutterstock_Webinar-Behl-Alzheimer-Forschung_2456037067-734x350.jpg",734,350,true],"kahuna-featured-lp":["https:\/\/digidem-bayern.de\/wp-content\/uploads\/2024\/10\/shutterstock_Webinar-Behl-Alzheimer-Forschung_2456037067-520x350.jpg",520,350,true],"kahuna-featured-half":["https:\/\/digidem-bayern.de\/wp-content\/uploads\/2024\/10\/shutterstock_Webinar-Behl-Alzheimer-Forschung_2456037067-800x350.jpg",800,350,true],"kahuna-featured-third":["https:\/\/digidem-bayern.de\/wp-content\/uploads\/2024\/10\/shutterstock_Webinar-Behl-Alzheimer-Forschung_2456037067-512x350.jpg",512,350,true],"kahuna-lpbox-1":["https:\/\/digidem-bayern.de\/wp-content\/uploads\/2024\/10\/shutterstock_Webinar-Behl-Alzheimer-Forschung_2456037067-520x300.jpg",520,300,true],"kahuna-lpbox-2":["https:\/\/digidem-bayern.de\/wp-content\/uploads\/2024\/10\/shutterstock_Webinar-Behl-Alzheimer-Forschung_2456037067-520x350.jpg",520,350,true],"demand-language-flag":["https:\/\/digidem-bayern.de\/wp-content\/uploads\/2024\/10\/shutterstock_Webinar-Behl-Alzheimer-Forschung_2456037067-36x36.jpg",36,36,true],"dddkt-language-flag":["https:\/\/digidem-bayern.de\/wp-content\/uploads\/2024\/10\/shutterstock_Webinar-Behl-Alzheimer-Forschung_2456037067-36x36.jpg",36,36,true],"ddiqc-language-flag":["https:\/\/digidem-bayern.de\/wp-content\/uploads\/2024\/10\/shutterstock_Webinar-Behl-Alzheimer-Forschung_2456037067-36x36.jpg",36,36,true],"ddtl-language-flag":["https:\/\/digidem-bayern.de\/wp-content\/uploads\/2024\/10\/shutterstock_Webinar-Behl-Alzheimer-Forschung_2456037067-36x36.jpg",36,36,true],"mailpoet_newsletter_max":["https:\/\/digidem-bayern.de\/wp-content\/uploads\/2024\/10\/shutterstock_Webinar-Behl-Alzheimer-Forschung_2456037067.jpg",1000,527,false],"kahuna-lpbox-3":["https:\/\/digidem-bayern.de\/wp-content\/uploads\/2024\/10\/shutterstock_Webinar-Behl-Alzheimer-Forschung_2456037067-520x350.jpg",520,350,true],"kahuna-featured-square":["https:\/\/digidem-bayern.de\/wp-content\/uploads\/2024\/10\/shutterstock_Webinar-Behl-Alzheimer-Forschung_2456037067-512x512.jpg",512,512,true],"kahuna-featured-square-large":["https:\/\/digidem-bayern.de\/wp-content\/uploads\/2024\/10\/shutterstock_Webinar-Behl-Alzheimer-Forschung_2456037067.jpg",1000,527,false]},"qubely_author":{"display_name":"Anne Keefer","author_link":"https:\/\/digidem-bayern.de\/en\/author\/ag-webinar\/"},"qubely_comment":0,"qubely_category":"<a href=\"https:\/\/digidem-bayern.de\/en\/category\/sciene-watch-live-archiv\/\" rel=\"category tag\">Sciene Watch Live ARCHIV<\/a>","qubely_excerpt":"Die sogenannte Amyloid-Hypothese hat die Alzheimerforschung \u00fcber Jahrzehnte hinweg ma\u00dfgeblich gepr\u00e4gt und zur Entwicklung der ersten Antik\u00f6rpertherapien gef\u00fchrt. Trotz dieser Fortschritte bleiben die klinischen Erfolge begrenzt, was zunehmend Fragen zur Wirksamkeit und zum tats\u00e4chlichen Nutzen dieser Therapien aufwirft. In unserem Webinar hat Prof. Dr. Christian Behl, einer der international renommiertesten &hellip;","featured_image_urls_v2":{"full":["https:\/\/digidem-bayern.de\/wp-content\/uploads\/2024\/10\/shutterstock_Webinar-Behl-Alzheimer-Forschung_2456037067.jpg",1000,527,false],"thumbnail":["https:\/\/digidem-bayern.de\/wp-content\/uploads\/2024\/10\/shutterstock_Webinar-Behl-Alzheimer-Forschung_2456037067-80x80.jpg",80,80,true],"medium":["https:\/\/digidem-bayern.de\/wp-content\/uploads\/2024\/10\/shutterstock_Webinar-Behl-Alzheimer-Forschung_2456037067-300x158.jpg",300,158,true],"medium_large":["https:\/\/digidem-bayern.de\/wp-content\/uploads\/2024\/10\/shutterstock_Webinar-Behl-Alzheimer-Forschung_2456037067-768x405.jpg",768,405,true],"large":["https:\/\/digidem-bayern.de\/wp-content\/uploads\/2024\/10\/shutterstock_Webinar-Behl-Alzheimer-Forschung_2456037067.jpg",1000,527,false],"1536x1536":["https:\/\/digidem-bayern.de\/wp-content\/uploads\/2024\/10\/shutterstock_Webinar-Behl-Alzheimer-Forschung_2456037067.jpg",1000,527,false],"2048x2048":["https:\/\/digidem-bayern.de\/wp-content\/uploads\/2024\/10\/shutterstock_Webinar-Behl-Alzheimer-Forschung_2456037067.jpg",1000,527,false],"trp-custom-language-flag":["https:\/\/digidem-bayern.de\/wp-content\/uploads\/2024\/10\/shutterstock_Webinar-Behl-Alzheimer-Forschung_2456037067.jpg",18,9,false],"qubely_landscape":["https:\/\/digidem-bayern.de\/wp-content\/uploads\/2024\/10\/shutterstock_Webinar-Behl-Alzheimer-Forschung_2456037067.jpg",1000,527,false],"qubely_portrait":["https:\/\/digidem-bayern.de\/wp-content\/uploads\/2024\/10\/shutterstock_Webinar-Behl-Alzheimer-Forschung_2456037067-540x320.jpg",540,320,true],"qubely_thumbnail":["https:\/\/digidem-bayern.de\/wp-content\/uploads\/2024\/10\/shutterstock_Webinar-Behl-Alzheimer-Forschung_2456037067-140x100.jpg",140,100,true],"post-thumbnail":["https:\/\/digidem-bayern.de\/wp-content\/uploads\/2024\/10\/shutterstock_Webinar-Behl-Alzheimer-Forschung_2456037067-664x350.jpg",664,350,true],"kahuna-featured":["https:\/\/digidem-bayern.de\/wp-content\/uploads\/2024\/10\/shutterstock_Webinar-Behl-Alzheimer-Forschung_2456037067-734x350.jpg",734,350,true],"kahuna-featured-lp":["https:\/\/digidem-bayern.de\/wp-content\/uploads\/2024\/10\/shutterstock_Webinar-Behl-Alzheimer-Forschung_2456037067-520x350.jpg",520,350,true],"kahuna-featured-half":["https:\/\/digidem-bayern.de\/wp-content\/uploads\/2024\/10\/shutterstock_Webinar-Behl-Alzheimer-Forschung_2456037067-800x350.jpg",800,350,true],"kahuna-featured-third":["https:\/\/digidem-bayern.de\/wp-content\/uploads\/2024\/10\/shutterstock_Webinar-Behl-Alzheimer-Forschung_2456037067-512x350.jpg",512,350,true],"kahuna-lpbox-1":["https:\/\/digidem-bayern.de\/wp-content\/uploads\/2024\/10\/shutterstock_Webinar-Behl-Alzheimer-Forschung_2456037067-520x300.jpg",520,300,true],"kahuna-lpbox-2":["https:\/\/digidem-bayern.de\/wp-content\/uploads\/2024\/10\/shutterstock_Webinar-Behl-Alzheimer-Forschung_2456037067-520x350.jpg",520,350,true],"demand-language-flag":["https:\/\/digidem-bayern.de\/wp-content\/uploads\/2024\/10\/shutterstock_Webinar-Behl-Alzheimer-Forschung_2456037067-36x36.jpg",36,36,true],"dddkt-language-flag":["https:\/\/digidem-bayern.de\/wp-content\/uploads\/2024\/10\/shutterstock_Webinar-Behl-Alzheimer-Forschung_2456037067-36x36.jpg",36,36,true],"ddiqc-language-flag":["https:\/\/digidem-bayern.de\/wp-content\/uploads\/2024\/10\/shutterstock_Webinar-Behl-Alzheimer-Forschung_2456037067-36x36.jpg",36,36,true],"ddtl-language-flag":["https:\/\/digidem-bayern.de\/wp-content\/uploads\/2024\/10\/shutterstock_Webinar-Behl-Alzheimer-Forschung_2456037067-36x36.jpg",36,36,true],"mailpoet_newsletter_max":["https:\/\/digidem-bayern.de\/wp-content\/uploads\/2024\/10\/shutterstock_Webinar-Behl-Alzheimer-Forschung_2456037067.jpg",1000,527,false],"kahuna-lpbox-3":["https:\/\/digidem-bayern.de\/wp-content\/uploads\/2024\/10\/shutterstock_Webinar-Behl-Alzheimer-Forschung_2456037067-520x350.jpg",520,350,true],"kahuna-featured-square":["https:\/\/digidem-bayern.de\/wp-content\/uploads\/2024\/10\/shutterstock_Webinar-Behl-Alzheimer-Forschung_2456037067-512x512.jpg",512,512,true],"kahuna-featured-square-large":["https:\/\/digidem-bayern.de\/wp-content\/uploads\/2024\/10\/shutterstock_Webinar-Behl-Alzheimer-Forschung_2456037067.jpg",1000,527,false]},"post_excerpt_stackable_v2":"<p>Die sogenannte Amyloid-Hypothese hat die Alzheimerforschung \u00fcber Jahrzehnte hinweg ma\u00dfgeblich gepr\u00e4gt und zur Entwicklung der ersten Antik\u00f6rpertherapien gef\u00fchrt. Trotz dieser Fortschritte bleiben die klinischen Erfolge begrenzt, was zunehmend Fragen zur Wirksamkeit und zum tats\u00e4chlichen Nutzen dieser Therapien aufwirft. In unserem Webinar hat Prof. Dr. Christian Behl, einer der international renommiertesten Grundlagenforscher im Bereich der Alzheimer-Demenz, einen kritischen Blick auf die bisherigen Forschungsergebnisse zur Alzheimer-Demenz geworfen. Prof. Behl ist Professor f\u00fcr Pathobiochemie am Fachbereich Medizin der Johannes Gutenberg-Universit\u00e4t (JGU) Mainz und Direktor des Instituts f\u00fcr Pathobiochemie an der Universit\u00e4tsmedizin der JGU Mainz. Als Mitglied des Beratungsgremiums Research Priorities for Preventing and&hellip;<\/p>\n","category_list_v2":"<a href=\"https:\/\/digidem-bayern.de\/en\/category\/sciene-watch-live-archiv\/\" rel=\"category tag\">Sciene Watch Live ARCHIV<\/a>","author_info_v2":{"name":"Anne Keefer","url":"https:\/\/digidem-bayern.de\/en\/author\/ag-webinar\/"},"comments_num_v2":"0 comments","yoast_head":"<!-- This site is optimized with the Yoast SEO plugin v27.4 - https:\/\/yoast.com\/product\/yoast-seo-wordpress\/ -->\n<title>Alzheimer Forschung auf dem Pr\u00fcfstand \u2013 Zeit f\u00fcr einen Paradigmenwechsel - digiDEM Bayern<\/title>\n<meta name=\"description\" content=\"Im Webinar &quot;digiDEM Bayern Science Watch LIVE&quot; behandeln Wissenschaftler ein Thema aus der Demenzforschung und stehen live f\u00fcr Fragen zur Verf\u00fcgung.\" \/>\n<meta name=\"robots\" content=\"index, follow, max-snippet:-1, max-image-preview:large, max-video-preview:-1\" \/>\n<link rel=\"canonical\" href=\"https:\/\/digidem-bayern.de\/en\/alzheimer-forschung-auf-dem-pruefstand-zeit-fuer-einen-paradigmenwechsel\/\" \/>\n<meta property=\"og:locale\" content=\"en_US\" \/>\n<meta property=\"og:type\" content=\"article\" \/>\n<meta property=\"og:title\" content=\"Alzheimer Forschung auf dem Pr\u00fcfstand \u2013 Zeit f\u00fcr einen Paradigmenwechsel - digiDEM Bayern\" \/>\n<meta property=\"og:description\" content=\"Im Webinar &quot;digiDEM Bayern Science Watch LIVE&quot; behandeln Wissenschaftler ein Thema aus der Demenzforschung und stehen live f\u00fcr Fragen zur Verf\u00fcgung.\" \/>\n<meta property=\"og:url\" content=\"https:\/\/digidem-bayern.de\/en\/alzheimer-forschung-auf-dem-pruefstand-zeit-fuer-einen-paradigmenwechsel\/\" \/>\n<meta property=\"og:site_name\" content=\"digiDEM Bayern\" \/>\n<meta property=\"article:publisher\" content=\"https:\/\/www.facebook.com\/digiDEMBayern\/\" \/>\n<meta property=\"article:published_time\" content=\"2024-11-04T16:54:31+00:00\" \/>\n<meta property=\"article:modified_time\" content=\"2024-11-04T16:58:43+00:00\" \/>\n<meta property=\"og:image\" content=\"https:\/\/digidem-bayern.de\/wp-content\/uploads\/2024\/10\/shutterstock_Webinar-Behl-Alzheimer-Forschung_2456037067.jpg\" \/>\n\t<meta property=\"og:image:width\" content=\"1000\" \/>\n\t<meta property=\"og:image:height\" content=\"527\" \/>\n\t<meta property=\"og:image:type\" content=\"image\/jpeg\" \/>\n<meta name=\"author\" content=\"Anne Keefer\" \/>\n<meta name=\"twitter:label1\" content=\"Written by\" \/>\n\t<meta name=\"twitter:data1\" content=\"Anne Keefer\" \/>\n\t<meta name=\"twitter:label2\" content=\"Est. reading time\" \/>\n\t<meta name=\"twitter:data2\" content=\"2 minutes\" \/>\n<script type=\"application\/ld+json\" class=\"yoast-schema-graph\">{\"@context\":\"https:\\\/\\\/schema.org\",\"@graph\":[{\"@type\":\"Article\",\"@id\":\"https:\\\/\\\/digidem-bayern.de\\\/alzheimer-forschung-auf-dem-pruefstand-zeit-fuer-einen-paradigmenwechsel\\\/#article\",\"isPartOf\":{\"@id\":\"https:\\\/\\\/digidem-bayern.de\\\/alzheimer-forschung-auf-dem-pruefstand-zeit-fuer-einen-paradigmenwechsel\\\/\"},\"author\":{\"name\":\"Anne Keefer\",\"@id\":\"\\\/#\\\/schema\\\/person\\\/0e8781e0653d1a8e57ca55bd2c3cb01f\"},\"headline\":\"Alzheimer Forschung auf dem Pr\u00fcfstand \u2013 Zeit f\u00fcr einen Paradigmenwechsel\",\"datePublished\":\"2024-11-04T16:54:31+00:00\",\"dateModified\":\"2024-11-04T16:58:43+00:00\",\"mainEntityOfPage\":{\"@id\":\"https:\\\/\\\/digidem-bayern.de\\\/alzheimer-forschung-auf-dem-pruefstand-zeit-fuer-einen-paradigmenwechsel\\\/\"},\"wordCount\":321,\"commentCount\":0,\"publisher\":{\"@id\":\"\\\/#organization\"},\"image\":{\"@id\":\"https:\\\/\\\/digidem-bayern.de\\\/alzheimer-forschung-auf-dem-pruefstand-zeit-fuer-einen-paradigmenwechsel\\\/#primaryimage\"},\"thumbnailUrl\":\"https:\\\/\\\/digidem-bayern.de\\\/wp-content\\\/uploads\\\/2024\\\/10\\\/shutterstock_Webinar-Behl-Alzheimer-Forschung_2456037067.jpg\",\"keywords\":[\"Alzheimer\",\"Alzheimer-Demenz\",\"Alzheimer-Forschung\",\"Amyloid\",\"Antik\u00f6rper\",\"Christian Behl\",\"Demenz\",\"digidem\",\"Digitales Demenzregister Bayern\",\"Johannes Gutenberg-Universit\u00e4t Mainz\",\"Lecanemab\",\"Medical Valley EMN e.V.\",\"Pathogenese\",\"StMGP\",\"Universit\u00e4tsklinikum Erlangen\",\"Webinar\"],\"articleSection\":[\"Sciene Watch Live ARCHIV\"],\"inLanguage\":\"en-US\",\"potentialAction\":[{\"@type\":\"CommentAction\",\"name\":\"Comment\",\"target\":[\"https:\\\/\\\/digidem-bayern.de\\\/alzheimer-forschung-auf-dem-pruefstand-zeit-fuer-einen-paradigmenwechsel\\\/#respond\"]}]},{\"@type\":\"WebPage\",\"@id\":\"https:\\\/\\\/digidem-bayern.de\\\/alzheimer-forschung-auf-dem-pruefstand-zeit-fuer-einen-paradigmenwechsel\\\/\",\"url\":\"https:\\\/\\\/digidem-bayern.de\\\/alzheimer-forschung-auf-dem-pruefstand-zeit-fuer-einen-paradigmenwechsel\\\/\",\"name\":\"Alzheimer Forschung auf dem Pr\u00fcfstand \u2013 Zeit f\u00fcr einen Paradigmenwechsel - digiDEM Bayern\",\"isPartOf\":{\"@id\":\"\\\/#website\"},\"primaryImageOfPage\":{\"@id\":\"https:\\\/\\\/digidem-bayern.de\\\/alzheimer-forschung-auf-dem-pruefstand-zeit-fuer-einen-paradigmenwechsel\\\/#primaryimage\"},\"image\":{\"@id\":\"https:\\\/\\\/digidem-bayern.de\\\/alzheimer-forschung-auf-dem-pruefstand-zeit-fuer-einen-paradigmenwechsel\\\/#primaryimage\"},\"thumbnailUrl\":\"https:\\\/\\\/digidem-bayern.de\\\/wp-content\\\/uploads\\\/2024\\\/10\\\/shutterstock_Webinar-Behl-Alzheimer-Forschung_2456037067.jpg\",\"datePublished\":\"2024-11-04T16:54:31+00:00\",\"dateModified\":\"2024-11-04T16:58:43+00:00\",\"description\":\"Im Webinar \\\"digiDEM Bayern Science Watch LIVE\\\" behandeln Wissenschaftler ein Thema aus der Demenzforschung und stehen live f\u00fcr Fragen zur Verf\u00fcgung.\",\"breadcrumb\":{\"@id\":\"https:\\\/\\\/digidem-bayern.de\\\/alzheimer-forschung-auf-dem-pruefstand-zeit-fuer-einen-paradigmenwechsel\\\/#breadcrumb\"},\"inLanguage\":\"en-US\",\"potentialAction\":[{\"@type\":\"ReadAction\",\"target\":[\"https:\\\/\\\/digidem-bayern.de\\\/alzheimer-forschung-auf-dem-pruefstand-zeit-fuer-einen-paradigmenwechsel\\\/\"]}]},{\"@type\":\"ImageObject\",\"inLanguage\":\"en-US\",\"@id\":\"https:\\\/\\\/digidem-bayern.de\\\/alzheimer-forschung-auf-dem-pruefstand-zeit-fuer-einen-paradigmenwechsel\\\/#primaryimage\",\"url\":\"https:\\\/\\\/digidem-bayern.de\\\/wp-content\\\/uploads\\\/2024\\\/10\\\/shutterstock_Webinar-Behl-Alzheimer-Forschung_2456037067.jpg\",\"contentUrl\":\"https:\\\/\\\/digidem-bayern.de\\\/wp-content\\\/uploads\\\/2024\\\/10\\\/shutterstock_Webinar-Behl-Alzheimer-Forschung_2456037067.jpg\",\"width\":1000,\"height\":527,\"caption\":\"Foto: Shutterstock\"},{\"@type\":\"BreadcrumbList\",\"@id\":\"https:\\\/\\\/digidem-bayern.de\\\/alzheimer-forschung-auf-dem-pruefstand-zeit-fuer-einen-paradigmenwechsel\\\/#breadcrumb\",\"itemListElement\":[{\"@type\":\"ListItem\",\"position\":1,\"name\":\"Startseite\",\"item\":\"https:\\\/\\\/digidem-bayern.de\\\/\"},{\"@type\":\"ListItem\",\"position\":2,\"name\":\"Alzheimer Forschung auf dem Pr\u00fcfstand \u2013 Zeit f\u00fcr einen Paradigmenwechsel\"}]},{\"@type\":\"WebSite\",\"@id\":\"\\\/#website\",\"url\":\"\\\/\",\"name\":\"digiDEM Bayern\",\"description\":\"Das digitale Demenzregister Bayern erforscht und verbessert die Angebotsstuktur f\u00fcr Menschen mit Demenz und deren Angeh\u00f6rige\",\"publisher\":{\"@id\":\"\\\/#organization\"},\"potentialAction\":[{\"@type\":\"SearchAction\",\"target\":{\"@type\":\"EntryPoint\",\"urlTemplate\":\"\\\/?s={search_term_string}\"},\"query-input\":{\"@type\":\"PropertyValueSpecification\",\"valueRequired\":true,\"valueName\":\"search_term_string\"}}],\"inLanguage\":\"en-US\"},{\"@type\":\"Organization\",\"@id\":\"\\\/#organization\",\"name\":\"digiDEM Bayern\",\"url\":\"\\\/\",\"logo\":{\"@type\":\"ImageObject\",\"inLanguage\":\"en-US\",\"@id\":\"\\\/#\\\/schema\\\/logo\\\/image\\\/\",\"url\":\"https:\\\/\\\/digidem-bayern.de\\\/wp-content\\\/uploads\\\/2022\\\/03\\\/cropped-Allgemeines_digiDEMLOGO-removebg-preview.png\",\"contentUrl\":\"https:\\\/\\\/digidem-bayern.de\\\/wp-content\\\/uploads\\\/2022\\\/03\\\/cropped-Allgemeines_digiDEMLOGO-removebg-preview.png\",\"width\":612,\"height\":357,\"caption\":\"digiDEM Bayern\"},\"image\":{\"@id\":\"\\\/#\\\/schema\\\/logo\\\/image\\\/\"},\"sameAs\":[\"https:\\\/\\\/www.facebook.com\\\/digiDEMBayern\\\/\",\"https:\\\/\\\/x.com\\\/digidem_bayern\",\"https:\\\/\\\/www.instagram.com\\\/digidem.bayern\",\"https:\\\/\\\/www.linkedin.com\\\/company\\\/digidem-bayern\\\/\"]},{\"@type\":\"Person\",\"@id\":\"\\\/#\\\/schema\\\/person\\\/0e8781e0653d1a8e57ca55bd2c3cb01f\",\"name\":\"Anne Keefer\",\"url\":\"https:\\\/\\\/digidem-bayern.de\\\/en\\\/author\\\/ag-webinar\\\/\"}]}<\/script>\n<!-- \/ Yoast SEO plugin. -->","yoast_head_json":{"title":"Alzheimer Forschung auf dem Pr\u00fcfstand \u2013 Zeit f\u00fcr einen Paradigmenwechsel - digiDEM Bayern","description":"Im Webinar \"digiDEM Bayern Science Watch LIVE\" behandeln Wissenschaftler ein Thema aus der Demenzforschung und stehen live f\u00fcr Fragen zur Verf\u00fcgung.","robots":{"index":"index","follow":"follow","max-snippet":"max-snippet:-1","max-image-preview":"max-image-preview:large","max-video-preview":"max-video-preview:-1"},"canonical":"https:\/\/digidem-bayern.de\/en\/alzheimer-forschung-auf-dem-pruefstand-zeit-fuer-einen-paradigmenwechsel\/","og_locale":"en_US","og_type":"article","og_title":"Alzheimer Forschung auf dem Pr\u00fcfstand \u2013 Zeit f\u00fcr einen Paradigmenwechsel - digiDEM Bayern","og_description":"Im Webinar \"digiDEM Bayern Science Watch LIVE\" behandeln Wissenschaftler ein Thema aus der Demenzforschung und stehen live f\u00fcr Fragen zur Verf\u00fcgung.","og_url":"https:\/\/digidem-bayern.de\/en\/alzheimer-forschung-auf-dem-pruefstand-zeit-fuer-einen-paradigmenwechsel\/","og_site_name":"digiDEM Bayern","article_publisher":"https:\/\/www.facebook.com\/digiDEMBayern\/","article_published_time":"2024-11-04T16:54:31+00:00","article_modified_time":"2024-11-04T16:58:43+00:00","og_image":[{"width":1000,"height":527,"url":"https:\/\/digidem-bayern.de\/wp-content\/uploads\/2024\/10\/shutterstock_Webinar-Behl-Alzheimer-Forschung_2456037067.jpg","type":"image\/jpeg"}],"author":"Anne Keefer","twitter_misc":{"Written by":"Anne Keefer","Est. reading time":"2 minutes"},"schema":{"@context":"https:\/\/schema.org","@graph":[{"@type":"Article","@id":"https:\/\/digidem-bayern.de\/alzheimer-forschung-auf-dem-pruefstand-zeit-fuer-einen-paradigmenwechsel\/#article","isPartOf":{"@id":"https:\/\/digidem-bayern.de\/alzheimer-forschung-auf-dem-pruefstand-zeit-fuer-einen-paradigmenwechsel\/"},"author":{"name":"Anne Keefer","@id":"\/#\/schema\/person\/0e8781e0653d1a8e57ca55bd2c3cb01f"},"headline":"Alzheimer Forschung auf dem Pr\u00fcfstand \u2013 Zeit f\u00fcr einen Paradigmenwechsel","datePublished":"2024-11-04T16:54:31+00:00","dateModified":"2024-11-04T16:58:43+00:00","mainEntityOfPage":{"@id":"https:\/\/digidem-bayern.de\/alzheimer-forschung-auf-dem-pruefstand-zeit-fuer-einen-paradigmenwechsel\/"},"wordCount":321,"commentCount":0,"publisher":{"@id":"\/#organization"},"image":{"@id":"https:\/\/digidem-bayern.de\/alzheimer-forschung-auf-dem-pruefstand-zeit-fuer-einen-paradigmenwechsel\/#primaryimage"},"thumbnailUrl":"https:\/\/digidem-bayern.de\/wp-content\/uploads\/2024\/10\/shutterstock_Webinar-Behl-Alzheimer-Forschung_2456037067.jpg","keywords":["Alzheimer","Alzheimer-Demenz","Alzheimer-Forschung","Amyloid","Antik\u00f6rper","Christian Behl","Demenz","digidem","Digitales Demenzregister Bayern","Johannes Gutenberg-Universit\u00e4t Mainz","Lecanemab","Medical Valley EMN e.V.","Pathogenese","StMGP","Universit\u00e4tsklinikum Erlangen","Webinar"],"articleSection":["Sciene Watch Live ARCHIV"],"inLanguage":"en-US","potentialAction":[{"@type":"CommentAction","name":"Comment","target":["https:\/\/digidem-bayern.de\/alzheimer-forschung-auf-dem-pruefstand-zeit-fuer-einen-paradigmenwechsel\/#respond"]}]},{"@type":"WebPage","@id":"https:\/\/digidem-bayern.de\/alzheimer-forschung-auf-dem-pruefstand-zeit-fuer-einen-paradigmenwechsel\/","url":"https:\/\/digidem-bayern.de\/alzheimer-forschung-auf-dem-pruefstand-zeit-fuer-einen-paradigmenwechsel\/","name":"Alzheimer Forschung auf dem Pr\u00fcfstand \u2013 Zeit f\u00fcr einen Paradigmenwechsel - digiDEM Bayern","isPartOf":{"@id":"\/#website"},"primaryImageOfPage":{"@id":"https:\/\/digidem-bayern.de\/alzheimer-forschung-auf-dem-pruefstand-zeit-fuer-einen-paradigmenwechsel\/#primaryimage"},"image":{"@id":"https:\/\/digidem-bayern.de\/alzheimer-forschung-auf-dem-pruefstand-zeit-fuer-einen-paradigmenwechsel\/#primaryimage"},"thumbnailUrl":"https:\/\/digidem-bayern.de\/wp-content\/uploads\/2024\/10\/shutterstock_Webinar-Behl-Alzheimer-Forschung_2456037067.jpg","datePublished":"2024-11-04T16:54:31+00:00","dateModified":"2024-11-04T16:58:43+00:00","description":"Im Webinar \"digiDEM Bayern Science Watch LIVE\" behandeln Wissenschaftler ein Thema aus der Demenzforschung und stehen live f\u00fcr Fragen zur Verf\u00fcgung.","breadcrumb":{"@id":"https:\/\/digidem-bayern.de\/alzheimer-forschung-auf-dem-pruefstand-zeit-fuer-einen-paradigmenwechsel\/#breadcrumb"},"inLanguage":"en-US","potentialAction":[{"@type":"ReadAction","target":["https:\/\/digidem-bayern.de\/alzheimer-forschung-auf-dem-pruefstand-zeit-fuer-einen-paradigmenwechsel\/"]}]},{"@type":"ImageObject","inLanguage":"en-US","@id":"https:\/\/digidem-bayern.de\/alzheimer-forschung-auf-dem-pruefstand-zeit-fuer-einen-paradigmenwechsel\/#primaryimage","url":"https:\/\/digidem-bayern.de\/wp-content\/uploads\/2024\/10\/shutterstock_Webinar-Behl-Alzheimer-Forschung_2456037067.jpg","contentUrl":"https:\/\/digidem-bayern.de\/wp-content\/uploads\/2024\/10\/shutterstock_Webinar-Behl-Alzheimer-Forschung_2456037067.jpg","width":1000,"height":527,"caption":"Foto: Shutterstock"},{"@type":"BreadcrumbList","@id":"https:\/\/digidem-bayern.de\/alzheimer-forschung-auf-dem-pruefstand-zeit-fuer-einen-paradigmenwechsel\/#breadcrumb","itemListElement":[{"@type":"ListItem","position":1,"name":"Startseite","item":"https:\/\/digidem-bayern.de\/"},{"@type":"ListItem","position":2,"name":"Alzheimer Forschung auf dem Pr\u00fcfstand \u2013 Zeit f\u00fcr einen Paradigmenwechsel"}]},{"@type":"WebSite","@id":"\/#website","url":"\/","name":"digiDEM Bavaria","description":"The digital dementia register in Bavaria researches and improves the structure of services for people with dementia and their relatives","publisher":{"@id":"\/#organization"},"potentialAction":[{"@type":"SearchAction","target":{"@type":"EntryPoint","urlTemplate":"\/?s={search_term_string}"},"query-input":{"@type":"PropertyValueSpecification","valueRequired":true,"valueName":"search_term_string"}}],"inLanguage":"en-US"},{"@type":"Organization","@id":"\/#organization","name":"digiDEM Bavaria","url":"\/","logo":{"@type":"ImageObject","inLanguage":"en-US","@id":"\/#\/schema\/logo\/image\/","url":"https:\/\/digidem-bayern.de\/wp-content\/uploads\/2022\/03\/cropped-Allgemeines_digiDEMLOGO-removebg-preview.png","contentUrl":"https:\/\/digidem-bayern.de\/wp-content\/uploads\/2022\/03\/cropped-Allgemeines_digiDEMLOGO-removebg-preview.png","width":612,"height":357,"caption":"digiDEM Bayern"},"image":{"@id":"\/#\/schema\/logo\/image\/"},"sameAs":["https:\/\/www.facebook.com\/digiDEMBayern\/","https:\/\/x.com\/digidem_bayern","https:\/\/www.instagram.com\/digidem.bayern","https:\/\/www.linkedin.com\/company\/digidem-bayern\/"]},{"@type":"Person","@id":"\/#\/schema\/person\/0e8781e0653d1a8e57ca55bd2c3cb01f","name":"Anne Keefer","url":"https:\/\/digidem-bayern.de\/en\/author\/ag-webinar\/"}]}},"uagb_featured_image_src":{"full":["https:\/\/digidem-bayern.de\/wp-content\/uploads\/2024\/10\/shutterstock_Webinar-Behl-Alzheimer-Forschung_2456037067.jpg",1000,527,false],"thumbnail":["https:\/\/digidem-bayern.de\/wp-content\/uploads\/2024\/10\/shutterstock_Webinar-Behl-Alzheimer-Forschung_2456037067-80x80.jpg",80,80,true],"medium":["https:\/\/digidem-bayern.de\/wp-content\/uploads\/2024\/10\/shutterstock_Webinar-Behl-Alzheimer-Forschung_2456037067-300x158.jpg",300,158,true],"medium_large":["https:\/\/digidem-bayern.de\/wp-content\/uploads\/2024\/10\/shutterstock_Webinar-Behl-Alzheimer-Forschung_2456037067-768x405.jpg",768,405,true],"large":["https:\/\/digidem-bayern.de\/wp-content\/uploads\/2024\/10\/shutterstock_Webinar-Behl-Alzheimer-Forschung_2456037067.jpg",1000,527,false],"1536x1536":["https:\/\/digidem-bayern.de\/wp-content\/uploads\/2024\/10\/shutterstock_Webinar-Behl-Alzheimer-Forschung_2456037067.jpg",1000,527,false],"2048x2048":["https:\/\/digidem-bayern.de\/wp-content\/uploads\/2024\/10\/shutterstock_Webinar-Behl-Alzheimer-Forschung_2456037067.jpg",1000,527,false],"trp-custom-language-flag":["https:\/\/digidem-bayern.de\/wp-content\/uploads\/2024\/10\/shutterstock_Webinar-Behl-Alzheimer-Forschung_2456037067.jpg",18,9,false],"qubely_landscape":["https:\/\/digidem-bayern.de\/wp-content\/uploads\/2024\/10\/shutterstock_Webinar-Behl-Alzheimer-Forschung_2456037067.jpg",1000,527,false],"qubely_portrait":["https:\/\/digidem-bayern.de\/wp-content\/uploads\/2024\/10\/shutterstock_Webinar-Behl-Alzheimer-Forschung_2456037067-540x320.jpg",540,320,true],"qubely_thumbnail":["https:\/\/digidem-bayern.de\/wp-content\/uploads\/2024\/10\/shutterstock_Webinar-Behl-Alzheimer-Forschung_2456037067-140x100.jpg",140,100,true],"post-thumbnail":["https:\/\/digidem-bayern.de\/wp-content\/uploads\/2024\/10\/shutterstock_Webinar-Behl-Alzheimer-Forschung_2456037067-664x350.jpg",664,350,true],"kahuna-featured":["https:\/\/digidem-bayern.de\/wp-content\/uploads\/2024\/10\/shutterstock_Webinar-Behl-Alzheimer-Forschung_2456037067-734x350.jpg",734,350,true],"kahuna-featured-lp":["https:\/\/digidem-bayern.de\/wp-content\/uploads\/2024\/10\/shutterstock_Webinar-Behl-Alzheimer-Forschung_2456037067-520x350.jpg",520,350,true],"kahuna-featured-half":["https:\/\/digidem-bayern.de\/wp-content\/uploads\/2024\/10\/shutterstock_Webinar-Behl-Alzheimer-Forschung_2456037067-800x350.jpg",800,350,true],"kahuna-featured-third":["https:\/\/digidem-bayern.de\/wp-content\/uploads\/2024\/10\/shutterstock_Webinar-Behl-Alzheimer-Forschung_2456037067-512x350.jpg",512,350,true],"kahuna-lpbox-1":["https:\/\/digidem-bayern.de\/wp-content\/uploads\/2024\/10\/shutterstock_Webinar-Behl-Alzheimer-Forschung_2456037067-520x300.jpg",520,300,true],"kahuna-lpbox-2":["https:\/\/digidem-bayern.de\/wp-content\/uploads\/2024\/10\/shutterstock_Webinar-Behl-Alzheimer-Forschung_2456037067-520x350.jpg",520,350,true],"demand-language-flag":["https:\/\/digidem-bayern.de\/wp-content\/uploads\/2024\/10\/shutterstock_Webinar-Behl-Alzheimer-Forschung_2456037067-36x36.jpg",36,36,true],"dddkt-language-flag":["https:\/\/digidem-bayern.de\/wp-content\/uploads\/2024\/10\/shutterstock_Webinar-Behl-Alzheimer-Forschung_2456037067-36x36.jpg",36,36,true],"ddiqc-language-flag":["https:\/\/digidem-bayern.de\/wp-content\/uploads\/2024\/10\/shutterstock_Webinar-Behl-Alzheimer-Forschung_2456037067-36x36.jpg",36,36,true],"ddtl-language-flag":["https:\/\/digidem-bayern.de\/wp-content\/uploads\/2024\/10\/shutterstock_Webinar-Behl-Alzheimer-Forschung_2456037067-36x36.jpg",36,36,true],"mailpoet_newsletter_max":["https:\/\/digidem-bayern.de\/wp-content\/uploads\/2024\/10\/shutterstock_Webinar-Behl-Alzheimer-Forschung_2456037067.jpg",1000,527,false],"kahuna-lpbox-3":["https:\/\/digidem-bayern.de\/wp-content\/uploads\/2024\/10\/shutterstock_Webinar-Behl-Alzheimer-Forschung_2456037067-520x350.jpg",520,350,true],"kahuna-featured-square":["https:\/\/digidem-bayern.de\/wp-content\/uploads\/2024\/10\/shutterstock_Webinar-Behl-Alzheimer-Forschung_2456037067-512x512.jpg",512,512,true],"kahuna-featured-square-large":["https:\/\/digidem-bayern.de\/wp-content\/uploads\/2024\/10\/shutterstock_Webinar-Behl-Alzheimer-Forschung_2456037067.jpg",1000,527,false]},"uagb_author_info":{"display_name":"Anne Keefer","author_link":"https:\/\/digidem-bayern.de\/en\/author\/ag-webinar\/"},"uagb_comment_info":0,"uagb_excerpt":"Die sogenannte Amyloid-Hypothese hat die Alzheimerforschung \u00fcber Jahrzehnte hinweg ma\u00dfgeblich gepr\u00e4gt und zur Entwicklung der ersten Antik\u00f6rpertherapien gef\u00fchrt. Trotz dieser Fortschritte bleiben die klinischen Erfolge begrenzt, was zunehmend Fragen zur Wirksamkeit und zum tats\u00e4chlichen Nutzen dieser Therapien aufwirft. In unserem Webinar hat Prof. Dr. Christian Behl, einer der international renommiertesten &hellip;","_links":{"self":[{"href":"https:\/\/digidem-bayern.de\/en\/wp-json\/wp\/v2\/posts\/39653","targetHints":{"allow":["GET"]}}],"collection":[{"href":"https:\/\/digidem-bayern.de\/en\/wp-json\/wp\/v2\/posts"}],"about":[{"href":"https:\/\/digidem-bayern.de\/en\/wp-json\/wp\/v2\/types\/post"}],"author":[{"embeddable":true,"href":"https:\/\/digidem-bayern.de\/en\/wp-json\/wp\/v2\/users\/7"}],"replies":[{"embeddable":true,"href":"https:\/\/digidem-bayern.de\/en\/wp-json\/wp\/v2\/comments?post=39653"}],"version-history":[{"count":3,"href":"https:\/\/digidem-bayern.de\/en\/wp-json\/wp\/v2\/posts\/39653\/revisions"}],"predecessor-version":[{"id":39657,"href":"https:\/\/digidem-bayern.de\/en\/wp-json\/wp\/v2\/posts\/39653\/revisions\/39657"}],"wp:featuredmedia":[{"embeddable":true,"href":"https:\/\/digidem-bayern.de\/en\/wp-json\/wp\/v2\/media\/39176"}],"wp:attachment":[{"href":"https:\/\/digidem-bayern.de\/en\/wp-json\/wp\/v2\/media?parent=39653"}],"wp:term":[{"taxonomy":"category","embeddable":true,"href":"https:\/\/digidem-bayern.de\/en\/wp-json\/wp\/v2\/categories?post=39653"},{"taxonomy":"post_tag","embeddable":true,"href":"https:\/\/digidem-bayern.de\/en\/wp-json\/wp\/v2\/tags?post=39653"}],"curies":[{"name":"wp","href":"https:\/\/api.w.org\/{rel}","templated":true}]}}