{"id":3950,"date":"2019-11-05T14:03:56","date_gmt":"2019-11-05T13:03:56","guid":{"rendered":"https:\/\/digidem-bayern.de\/?p=3950"},"modified":"2019-11-25T09:22:54","modified_gmt":"2019-11-25T08:22:54","slug":"alzheimer-europe-durch-gesunden-lebensstil-das-demenzrisiko-senken","status":"publish","type":"post","link":"https:\/\/digidem-bayern.de\/en\/alzheimer-europe-durch-gesunden-lebensstil-das-demenzrisiko-senken\/","title":{"rendered":"Durch gesunden Lebensstil das Demenzrisiko senken"},"content":{"rendered":"<h4 class=\"wp-block-heading\">Wie kann Forschung zu einer besseren Pr\u00e4vention f\u00fchren? Auch diese Frage wurde auf der Alzheimer Europe-Konferenz vom 23.-25.10. in Den Haag diskutiert. Im Fokus standen dabei Ma\u00dfnahmen, die sich auf verschiedene Bereiche des Lebensstils beziehen und das Risiko f\u00fcr Demenz senken k\u00f6nnen. <\/h4>\n\n\n\n<div class=\"wp-block-image\"><figure class=\"alignleft\"><img loading=\"lazy\" decoding=\"async\" width=\"300\" height=\"200\" src=\"https:\/\/test.digidem-bayern.de\/wp-content\/uploads\/2019\/11\/bewegung_pixabay-300x200.jpg\" alt=\"\u00c4lteres Paar f\u00e4hrt mit Fahrr\u00e4dern \u00fcber eine Wiese. \" class=\"wp-image-3952\" srcset=\"https:\/\/digidem-bayern.de\/wp-content\/uploads\/2019\/11\/bewegung_pixabay-300x200.jpg 300w, https:\/\/digidem-bayern.de\/wp-content\/uploads\/2019\/11\/bewegung_pixabay-768x512.jpg 768w, https:\/\/digidem-bayern.de\/wp-content\/uploads\/2019\/11\/bewegung_pixabay-1030x687.jpg 1030w, https:\/\/digidem-bayern.de\/wp-content\/uploads\/2019\/11\/bewegung_pixabay-1200x800.jpg 1200w, https:\/\/digidem-bayern.de\/wp-content\/uploads\/2019\/11\/bewegung_pixabay-600x400.jpg 600w, https:\/\/digidem-bayern.de\/wp-content\/uploads\/2019\/11\/bewegung_pixabay-495x330.jpg 495w, https:\/\/digidem-bayern.de\/wp-content\/uploads\/2019\/11\/bewegung_pixabay.jpg 1280w\" sizes=\"auto, (max-width: 300px) 100vw, 300px\" \/><\/figure><\/div>\n\n\n\n<p>Auf die Wirksamkeit solcher Ma\u00dfnahmen ging Tiia Ngandu ein, Forschungsmanagerin und Leiterin der Gruppe Demenzpr\u00e4vention am Finnischen Institut f\u00fcr Gesundheit und Soziales in Helsinki. Ihr Vortrag befasste sich mit dem Thema: &#8222;Multi-dom\u00e4ne Lifestyle-Interventionen zur Pr\u00e4vention von kognitiven Beeintr\u00e4chtigungen und Demenz: von der FINGER-Studie zu World-Wide FINGERS&#8220;. Sie betonte, wie wichtig es angesichts des weltweiten Anstiegs von Demenzerkrankungen sei, wirksame Pr\u00e4ventivma\u00dfnahmen f\u00fcr Demenz und Alzheimer zu finden. Die multifaktorielle \u00c4tiologie der Demenz und die sp\u00e4t einsetzende Alzheimer-Erkrankung bedeuteten, dass h\u00f6chstwahrscheinlich Interventionen effektiv seien, die auf mehrere Lifestyle-bezogene und vaskul\u00e4re Risikofaktoren abzielten.&nbsp; <\/p>\n\n\n\n<p><strong>FINGER als \u201ebahnbrechende Studie\u201c<\/strong><\/p>\n\n\n\n<p>Tiia\nNgandu wies auf die FINGER-Studie als eine \u201ebahnbrechende Studie\u201c hin, die den\nersten Beweis daf\u00fcr liefere, dass multidimensionale Lifestyle-Interventionen\nkognitive Beeintr\u00e4chtigungen verhindern k\u00f6nnten. Die Intervention von FINGER\nhabe auch positive Auswirkungen auf das t\u00e4gliche Funktionieren, die\ngesundheitsbezogene Lebensqualit\u00e4t und die Entwicklung neuer chronischer\nKrankheiten. Die Implementierung des FINGER-Modells in einen Kontext der\n\u00f6ffentlichen Gesundheit ist Ngandu zufolge im Gange, und das FINGER-Modell wird\nim Rahmen des Netzwerks &#8222;Word-Wide FINGERS&#8220; weltweit in neuen Studien\nangepasst und getestet. <a href=\"https:\/\/www.thelancet.com\/journals\/laneur\/article\/PIIS1474-4422(17)30431-3\/fulltext\">https:\/\/www.thelancet.com\/journals\/laneur\/article\/PIIS1474-4422(17)30431-3\/fulltext<\/a><\/p>\n\n\n\n<p>Die 29. Alzheimer Europe-Konferenz fand vom\n23.-25. Oktober 2019 in Den Haag statt. 954 G\u00e4ste\naus 46 L\u00e4ndern nahmen an dem Kongress mit dem Titel \u201eWertvolle\nVerbindungen herstellen\u201c teil. Im\nMittelpunkt stand der Austausch von Forschung, Projekten und Erfahrungen. Auch\ndigiDEM Bayern wurde auf der Konferenz vorgestellt. <a href=\"https:\/\/www.alzheimer-europe.org\/\">https:\/\/www.alzheimer-europe.org\/<\/a><\/p>","protected":false},"excerpt":{"rendered":"<p>Wie kann Forschung zu einer besseren Pr\u00e4vention f\u00fchren? Auch diese Frage wurde auf der Alzheimer Europe-Konferenz vom 23.-25.10. in Den Haag diskutiert. Im Fokus standen dabei Ma\u00dfnahmen, die sich auf verschiedene Bereiche des Lebensstils beziehen und das Risiko f\u00fcr Demenz senken k\u00f6nnen. Auf die Wirksamkeit solcher Ma\u00dfnahmen ging Tiia Ngandu &hellip;<\/p>","protected":false},"author":11,"featured_media":3952,"comment_status":"closed","ping_status":"closed","sticky":false,"template":"","format":"standard","meta":{"qubely_global_settings":"","qubely_interactions":"","_uag_custom_page_level_css":"","footnotes":""},"categories":[5],"tags":[13,19,11,14,17,26,25,23,24],"class_list":["post-3950","post","type-post","status-publish","format-standard","has-post-thumbnail","hentry","category-wissenschaft-forschung","tag-alzheimer","tag-alzheimer-europe","tag-demenz","tag-digidem","tag-digidem-bayern","tag-finger","tag-lebensstil","tag-praevention","tag-vorsorge"],"qubely_featured_image_url":{"full":["https:\/\/digidem-bayern.de\/wp-content\/uploads\/2019\/11\/bewegung_pixabay.jpg",1280,854,false],"landscape":["https:\/\/digidem-bayern.de\/wp-content\/uploads\/2019\/11\/bewegung_pixabay-1200x750.jpg",1200,750,true],"portraits":["https:\/\/digidem-bayern.de\/wp-content\/uploads\/2019\/11\/bewegung_pixabay-540x320.jpg",540,320,true],"thumbnail":["https:\/\/digidem-bayern.de\/wp-content\/uploads\/2019\/11\/bewegung_pixabay-80x80.jpg",80,80,true],"medium":["https:\/\/digidem-bayern.de\/wp-content\/uploads\/2019\/11\/bewegung_pixabay-300x200.jpg",300,200,true],"medium_large":["https:\/\/digidem-bayern.de\/wp-content\/uploads\/2019\/11\/bewegung_pixabay-768x512.jpg",768,512,true],"large":["https:\/\/digidem-bayern.de\/wp-content\/uploads\/2019\/11\/bewegung_pixabay-1030x687.jpg",1030,687,true],"1536x1536":["https:\/\/digidem-bayern.de\/wp-content\/uploads\/2019\/11\/bewegung_pixabay.jpg",1280,854,false],"2048x2048":["https:\/\/digidem-bayern.de\/wp-content\/uploads\/2019\/11\/bewegung_pixabay.jpg",1280,854,false],"trp-custom-language-flag":["https:\/\/digidem-bayern.de\/wp-content\/uploads\/2019\/11\/bewegung_pixabay.jpg",18,12,false],"qubely_landscape":["https:\/\/digidem-bayern.de\/wp-content\/uploads\/2019\/11\/bewegung_pixabay-1200x750.jpg",1200,750,true],"qubely_portrait":["https:\/\/digidem-bayern.de\/wp-content\/uploads\/2019\/11\/bewegung_pixabay-540x320.jpg",540,320,true],"qubely_thumbnail":["https:\/\/digidem-bayern.de\/wp-content\/uploads\/2019\/11\/bewegung_pixabay-140x100.jpg",140,100,true],"post-thumbnail":["https:\/\/digidem-bayern.de\/wp-content\/uploads\/2019\/11\/bewegung_pixabay-495x330.jpg",495,330,true],"kahuna-featured":["https:\/\/digidem-bayern.de\/wp-content\/uploads\/2019\/11\/bewegung_pixabay-495x350.jpg",495,350,true],"kahuna-featured-lp":["https:\/\/digidem-bayern.de\/wp-content\/uploads\/2019\/11\/bewegung_pixabay-690x350.jpg",520,264,true],"kahuna-featured-half":["https:\/\/digidem-bayern.de\/wp-content\/uploads\/2019\/11\/bewegung_pixabay-800x350.jpg",800,350,true],"kahuna-featured-third":["https:\/\/digidem-bayern.de\/wp-content\/uploads\/2019\/11\/bewegung_pixabay-512x350.jpg",512,350,true],"kahuna-lpbox-1":["https:\/\/digidem-bayern.de\/wp-content\/uploads\/2019\/11\/bewegung_pixabay-460x350.jpg",394,300,true],"kahuna-lpbox-2":["https:\/\/digidem-bayern.de\/wp-content\/uploads\/2019\/11\/bewegung_pixabay-460x350.jpg",460,350,true],"demand-language-flag":["https:\/\/digidem-bayern.de\/wp-content\/uploads\/2019\/11\/bewegung_pixabay.jpg",36,24,false],"dddkt-language-flag":["https:\/\/digidem-bayern.de\/wp-content\/uploads\/2019\/11\/bewegung_pixabay.jpg",36,24,false],"ddiqc-language-flag":["https:\/\/digidem-bayern.de\/wp-content\/uploads\/2019\/11\/bewegung_pixabay.jpg",36,24,false],"ddtl-language-flag":["https:\/\/digidem-bayern.de\/wp-content\/uploads\/2019\/11\/bewegung_pixabay.jpg",36,24,false],"mailpoet_newsletter_max":["https:\/\/digidem-bayern.de\/wp-content\/uploads\/2019\/11\/bewegung_pixabay.jpg",1280,854,false],"kahuna-lpbox-3":["https:\/\/digidem-bayern.de\/wp-content\/uploads\/2019\/11\/bewegung_pixabay-460x350.jpg",460,350,true],"kahuna-featured-square":["https:\/\/digidem-bayern.de\/wp-content\/uploads\/2019\/11\/bewegung_pixabay-512x512.jpg",512,512,true],"kahuna-featured-square-large":["https:\/\/digidem-bayern.de\/wp-content\/uploads\/2019\/11\/bewegung_pixabay-1024x854.jpg",1024,854,true]},"qubely_author":{"display_name":"Michael Zeiler","author_link":"https:\/\/digidem-bayern.de\/en\/author\/michael-zeiler\/"},"qubely_comment":0,"qubely_category":"<a href=\"https:\/\/digidem-bayern.de\/en\/category\/wissenschaft-forschung\/\" rel=\"category tag\">Wissenschaft &amp; Forschung<\/a>","qubely_excerpt":"Wie kann Forschung zu einer besseren Pr\u00e4vention f\u00fchren? Auch diese Frage wurde auf der Alzheimer Europe-Konferenz vom 23.-25.10. in Den Haag diskutiert. Im Fokus standen dabei Ma\u00dfnahmen, die sich auf verschiedene Bereiche des Lebensstils beziehen und das Risiko f\u00fcr Demenz senken k\u00f6nnen. Auf die Wirksamkeit solcher Ma\u00dfnahmen ging Tiia Ngandu &hellip;","featured_image_urls_v2":{"full":["https:\/\/digidem-bayern.de\/wp-content\/uploads\/2019\/11\/bewegung_pixabay.jpg",1280,854,false],"thumbnail":["https:\/\/digidem-bayern.de\/wp-content\/uploads\/2019\/11\/bewegung_pixabay-80x80.jpg",80,80,true],"medium":["https:\/\/digidem-bayern.de\/wp-content\/uploads\/2019\/11\/bewegung_pixabay-300x200.jpg",300,200,true],"medium_large":["https:\/\/digidem-bayern.de\/wp-content\/uploads\/2019\/11\/bewegung_pixabay-768x512.jpg",768,512,true],"large":["https:\/\/digidem-bayern.de\/wp-content\/uploads\/2019\/11\/bewegung_pixabay-1030x687.jpg",1030,687,true],"1536x1536":["https:\/\/digidem-bayern.de\/wp-content\/uploads\/2019\/11\/bewegung_pixabay.jpg",1280,854,false],"2048x2048":["https:\/\/digidem-bayern.de\/wp-content\/uploads\/2019\/11\/bewegung_pixabay.jpg",1280,854,false],"trp-custom-language-flag":["https:\/\/digidem-bayern.de\/wp-content\/uploads\/2019\/11\/bewegung_pixabay.jpg",18,12,false],"qubely_landscape":["https:\/\/digidem-bayern.de\/wp-content\/uploads\/2019\/11\/bewegung_pixabay-1200x750.jpg",1200,750,true],"qubely_portrait":["https:\/\/digidem-bayern.de\/wp-content\/uploads\/2019\/11\/bewegung_pixabay-540x320.jpg",540,320,true],"qubely_thumbnail":["https:\/\/digidem-bayern.de\/wp-content\/uploads\/2019\/11\/bewegung_pixabay-140x100.jpg",140,100,true],"post-thumbnail":["https:\/\/digidem-bayern.de\/wp-content\/uploads\/2019\/11\/bewegung_pixabay-495x330.jpg",495,330,true],"kahuna-featured":["https:\/\/digidem-bayern.de\/wp-content\/uploads\/2019\/11\/bewegung_pixabay-495x350.jpg",495,350,true],"kahuna-featured-lp":["https:\/\/digidem-bayern.de\/wp-content\/uploads\/2019\/11\/bewegung_pixabay-690x350.jpg",520,264,true],"kahuna-featured-half":["https:\/\/digidem-bayern.de\/wp-content\/uploads\/2019\/11\/bewegung_pixabay-800x350.jpg",800,350,true],"kahuna-featured-third":["https:\/\/digidem-bayern.de\/wp-content\/uploads\/2019\/11\/bewegung_pixabay-512x350.jpg",512,350,true],"kahuna-lpbox-1":["https:\/\/digidem-bayern.de\/wp-content\/uploads\/2019\/11\/bewegung_pixabay-460x350.jpg",394,300,true],"kahuna-lpbox-2":["https:\/\/digidem-bayern.de\/wp-content\/uploads\/2019\/11\/bewegung_pixabay-460x350.jpg",460,350,true],"demand-language-flag":["https:\/\/digidem-bayern.de\/wp-content\/uploads\/2019\/11\/bewegung_pixabay.jpg",36,24,false],"dddkt-language-flag":["https:\/\/digidem-bayern.de\/wp-content\/uploads\/2019\/11\/bewegung_pixabay.jpg",36,24,false],"ddiqc-language-flag":["https:\/\/digidem-bayern.de\/wp-content\/uploads\/2019\/11\/bewegung_pixabay.jpg",36,24,false],"ddtl-language-flag":["https:\/\/digidem-bayern.de\/wp-content\/uploads\/2019\/11\/bewegung_pixabay.jpg",36,24,false],"mailpoet_newsletter_max":["https:\/\/digidem-bayern.de\/wp-content\/uploads\/2019\/11\/bewegung_pixabay.jpg",1280,854,false],"kahuna-lpbox-3":["https:\/\/digidem-bayern.de\/wp-content\/uploads\/2019\/11\/bewegung_pixabay-460x350.jpg",460,350,true],"kahuna-featured-square":["https:\/\/digidem-bayern.de\/wp-content\/uploads\/2019\/11\/bewegung_pixabay-512x512.jpg",512,512,true],"kahuna-featured-square-large":["https:\/\/digidem-bayern.de\/wp-content\/uploads\/2019\/11\/bewegung_pixabay-1024x854.jpg",1024,854,true]},"post_excerpt_stackable_v2":"<p>Wie kann Forschung zu einer besseren Pr\u00e4vention f\u00fchren? Auch diese Frage wurde auf der Alzheimer Europe-Konferenz vom 23.-25.10. in Den Haag diskutiert. Im Fokus standen dabei Ma\u00dfnahmen, die sich auf verschiedene Bereiche des Lebensstils beziehen und das Risiko f\u00fcr Demenz senken k\u00f6nnen. Auf die Wirksamkeit solcher Ma\u00dfnahmen ging Tiia Ngandu ein, Forschungsmanagerin und Leiterin der Gruppe Demenzpr\u00e4vention am Finnischen Institut f\u00fcr Gesundheit und Soziales in Helsinki. Ihr Vortrag befasste sich mit dem Thema: &#8222;Multi-dom\u00e4ne Lifestyle-Interventionen zur Pr\u00e4vention von kognitiven Beeintr\u00e4chtigungen und Demenz: von der FINGER-Studie zu World-Wide FINGERS&#8220;. Sie betonte, wie wichtig es angesichts des weltweiten Anstiegs von Demenzerkrankungen sei,&hellip;<\/p>\n","category_list_v2":"<a href=\"https:\/\/digidem-bayern.de\/en\/category\/wissenschaft-forschung\/\" rel=\"category tag\">Wissenschaft &amp; Forschung<\/a>","author_info_v2":{"name":"Michael Zeiler","url":"https:\/\/digidem-bayern.de\/en\/author\/michael-zeiler\/"},"comments_num_v2":"0 comments","yoast_head":"<!-- This site is optimized with the Yoast SEO plugin v27.4 - https:\/\/yoast.com\/product\/yoast-seo-wordpress\/ -->\n<title>Durch gesunden Lebensstil das Demenzrisiko senken - digiDEM Bayern<\/title>\n<meta name=\"description\" content=\"Wie l\u00e4sst sich durch einen gesunden Lebensstil das Risiko f\u00fcr Demenz senken? Das war eines der Themen auf der Alzheimer Europa-Konferenz in Den Haag.\" \/>\n<meta name=\"robots\" content=\"index, follow, max-snippet:-1, max-image-preview:large, max-video-preview:-1\" \/>\n<link rel=\"canonical\" href=\"https:\/\/digidem-bayern.de\/en\/alzheimer-europe-durch-gesunden-lebensstil-das-demenzrisiko-senken\/\" \/>\n<meta property=\"og:locale\" content=\"en_US\" \/>\n<meta property=\"og:type\" content=\"article\" \/>\n<meta property=\"og:title\" content=\"Durch gesunden Lebensstil das Demenzrisiko senken - digiDEM Bayern\" \/>\n<meta property=\"og:description\" content=\"Wie l\u00e4sst sich durch einen gesunden Lebensstil das Risiko f\u00fcr Demenz senken? Das war eines der Themen auf der Alzheimer Europa-Konferenz in Den Haag.\" \/>\n<meta property=\"og:url\" content=\"https:\/\/digidem-bayern.de\/en\/alzheimer-europe-durch-gesunden-lebensstil-das-demenzrisiko-senken\/\" \/>\n<meta property=\"og:site_name\" content=\"digiDEM Bayern\" \/>\n<meta property=\"article:publisher\" content=\"https:\/\/www.facebook.com\/digiDEMBayern\/\" \/>\n<meta property=\"article:published_time\" content=\"2019-11-05T13:03:56+00:00\" \/>\n<meta property=\"article:modified_time\" content=\"2019-11-25T08:22:54+00:00\" \/>\n<meta property=\"og:image\" content=\"https:\/\/digidem-bayern.de\/wp-content\/uploads\/2019\/11\/bewegung_pixabay.jpg\" \/>\n\t<meta property=\"og:image:width\" content=\"1280\" \/>\n\t<meta property=\"og:image:height\" content=\"854\" \/>\n\t<meta property=\"og:image:type\" content=\"image\/jpeg\" \/>\n<meta name=\"author\" content=\"Michael Zeiler\" \/>\n<meta name=\"twitter:label1\" content=\"Written by\" \/>\n\t<meta name=\"twitter:data1\" content=\"Michael Zeiler\" \/>\n\t<meta name=\"twitter:label2\" content=\"Est. reading time\" \/>\n\t<meta name=\"twitter:data2\" content=\"1 minute\" \/>\n<script type=\"application\/ld+json\" class=\"yoast-schema-graph\">{\"@context\":\"https:\\\/\\\/schema.org\",\"@graph\":[{\"@type\":\"Article\",\"@id\":\"https:\\\/\\\/digidem-bayern.de\\\/alzheimer-europe-durch-gesunden-lebensstil-das-demenzrisiko-senken\\\/#article\",\"isPartOf\":{\"@id\":\"https:\\\/\\\/digidem-bayern.de\\\/alzheimer-europe-durch-gesunden-lebensstil-das-demenzrisiko-senken\\\/\"},\"author\":{\"name\":\"Michael Zeiler\",\"@id\":\"\\\/#\\\/schema\\\/person\\\/92754ad381f49b3c358d1d8d2c4f90b8\"},\"headline\":\"Durch gesunden Lebensstil das Demenzrisiko senken\",\"datePublished\":\"2019-11-05T13:03:56+00:00\",\"dateModified\":\"2019-11-25T08:22:54+00:00\",\"mainEntityOfPage\":{\"@id\":\"https:\\\/\\\/digidem-bayern.de\\\/alzheimer-europe-durch-gesunden-lebensstil-das-demenzrisiko-senken\\\/\"},\"wordCount\":302,\"publisher\":{\"@id\":\"\\\/#organization\"},\"image\":{\"@id\":\"https:\\\/\\\/digidem-bayern.de\\\/alzheimer-europe-durch-gesunden-lebensstil-das-demenzrisiko-senken\\\/#primaryimage\"},\"thumbnailUrl\":\"https:\\\/\\\/digidem-bayern.de\\\/wp-content\\\/uploads\\\/2019\\\/11\\\/bewegung_pixabay.jpg\",\"keywords\":[\"Alzheimer\",\"Alzheimer Europe\",\"Demenz.\",\"digidem\",\"digidem Bayern\",\"FINGER\",\"Lebensstil\",\"Pr\u00e4vention\",\"Vorsorge\"],\"articleSection\":[\"Wissenschaft &amp; Forschung\"],\"inLanguage\":\"en-US\"},{\"@type\":\"WebPage\",\"@id\":\"https:\\\/\\\/digidem-bayern.de\\\/alzheimer-europe-durch-gesunden-lebensstil-das-demenzrisiko-senken\\\/\",\"url\":\"https:\\\/\\\/digidem-bayern.de\\\/alzheimer-europe-durch-gesunden-lebensstil-das-demenzrisiko-senken\\\/\",\"name\":\"Durch gesunden Lebensstil das Demenzrisiko senken - digiDEM Bayern\",\"isPartOf\":{\"@id\":\"\\\/#website\"},\"primaryImageOfPage\":{\"@id\":\"https:\\\/\\\/digidem-bayern.de\\\/alzheimer-europe-durch-gesunden-lebensstil-das-demenzrisiko-senken\\\/#primaryimage\"},\"image\":{\"@id\":\"https:\\\/\\\/digidem-bayern.de\\\/alzheimer-europe-durch-gesunden-lebensstil-das-demenzrisiko-senken\\\/#primaryimage\"},\"thumbnailUrl\":\"https:\\\/\\\/digidem-bayern.de\\\/wp-content\\\/uploads\\\/2019\\\/11\\\/bewegung_pixabay.jpg\",\"datePublished\":\"2019-11-05T13:03:56+00:00\",\"dateModified\":\"2019-11-25T08:22:54+00:00\",\"description\":\"Wie l\u00e4sst sich durch einen gesunden Lebensstil das Risiko f\u00fcr Demenz senken? Das war eines der Themen auf der Alzheimer Europa-Konferenz in Den Haag.\",\"breadcrumb\":{\"@id\":\"https:\\\/\\\/digidem-bayern.de\\\/alzheimer-europe-durch-gesunden-lebensstil-das-demenzrisiko-senken\\\/#breadcrumb\"},\"inLanguage\":\"en-US\",\"potentialAction\":[{\"@type\":\"ReadAction\",\"target\":[\"https:\\\/\\\/digidem-bayern.de\\\/alzheimer-europe-durch-gesunden-lebensstil-das-demenzrisiko-senken\\\/\"]}]},{\"@type\":\"ImageObject\",\"inLanguage\":\"en-US\",\"@id\":\"https:\\\/\\\/digidem-bayern.de\\\/alzheimer-europe-durch-gesunden-lebensstil-das-demenzrisiko-senken\\\/#primaryimage\",\"url\":\"https:\\\/\\\/digidem-bayern.de\\\/wp-content\\\/uploads\\\/2019\\\/11\\\/bewegung_pixabay.jpg\",\"contentUrl\":\"https:\\\/\\\/digidem-bayern.de\\\/wp-content\\\/uploads\\\/2019\\\/11\\\/bewegung_pixabay.jpg\",\"width\":1280,\"height\":854},{\"@type\":\"BreadcrumbList\",\"@id\":\"https:\\\/\\\/digidem-bayern.de\\\/alzheimer-europe-durch-gesunden-lebensstil-das-demenzrisiko-senken\\\/#breadcrumb\",\"itemListElement\":[{\"@type\":\"ListItem\",\"position\":1,\"name\":\"Startseite\",\"item\":\"https:\\\/\\\/digidem-bayern.de\\\/\"},{\"@type\":\"ListItem\",\"position\":2,\"name\":\"Durch gesunden Lebensstil das Demenzrisiko senken\"}]},{\"@type\":\"WebSite\",\"@id\":\"\\\/#website\",\"url\":\"\\\/\",\"name\":\"digiDEM Bayern\",\"description\":\"Das digitale Demenzregister Bayern erforscht und verbessert die Angebotsstuktur f\u00fcr Menschen mit Demenz und deren Angeh\u00f6rige\",\"publisher\":{\"@id\":\"\\\/#organization\"},\"potentialAction\":[{\"@type\":\"SearchAction\",\"target\":{\"@type\":\"EntryPoint\",\"urlTemplate\":\"\\\/?s={search_term_string}\"},\"query-input\":{\"@type\":\"PropertyValueSpecification\",\"valueRequired\":true,\"valueName\":\"search_term_string\"}}],\"inLanguage\":\"en-US\"},{\"@type\":\"Organization\",\"@id\":\"\\\/#organization\",\"name\":\"digiDEM Bayern\",\"url\":\"\\\/\",\"logo\":{\"@type\":\"ImageObject\",\"inLanguage\":\"en-US\",\"@id\":\"\\\/#\\\/schema\\\/logo\\\/image\\\/\",\"url\":\"https:\\\/\\\/digidem-bayern.de\\\/wp-content\\\/uploads\\\/2022\\\/03\\\/cropped-Allgemeines_digiDEMLOGO-removebg-preview.png\",\"contentUrl\":\"https:\\\/\\\/digidem-bayern.de\\\/wp-content\\\/uploads\\\/2022\\\/03\\\/cropped-Allgemeines_digiDEMLOGO-removebg-preview.png\",\"width\":612,\"height\":357,\"caption\":\"digiDEM Bayern\"},\"image\":{\"@id\":\"\\\/#\\\/schema\\\/logo\\\/image\\\/\"},\"sameAs\":[\"https:\\\/\\\/www.facebook.com\\\/digiDEMBayern\\\/\",\"https:\\\/\\\/x.com\\\/digidem_bayern\",\"https:\\\/\\\/www.instagram.com\\\/digidem.bayern\",\"https:\\\/\\\/www.linkedin.com\\\/company\\\/digidem-bayern\\\/\"]},{\"@type\":\"Person\",\"@id\":\"\\\/#\\\/schema\\\/person\\\/92754ad381f49b3c358d1d8d2c4f90b8\",\"name\":\"Michael Zeiler\",\"url\":\"https:\\\/\\\/digidem-bayern.de\\\/en\\\/author\\\/michael-zeiler\\\/\"}]}<\/script>\n<!-- \/ Yoast SEO plugin. -->","yoast_head_json":{"title":"Durch gesunden Lebensstil das Demenzrisiko senken - digiDEM Bayern","description":"Wie l\u00e4sst sich durch einen gesunden Lebensstil das Risiko f\u00fcr Demenz senken? Das war eines der Themen auf der Alzheimer Europa-Konferenz in Den Haag.","robots":{"index":"index","follow":"follow","max-snippet":"max-snippet:-1","max-image-preview":"max-image-preview:large","max-video-preview":"max-video-preview:-1"},"canonical":"https:\/\/digidem-bayern.de\/en\/alzheimer-europe-durch-gesunden-lebensstil-das-demenzrisiko-senken\/","og_locale":"en_US","og_type":"article","og_title":"Durch gesunden Lebensstil das Demenzrisiko senken - digiDEM Bayern","og_description":"Wie l\u00e4sst sich durch einen gesunden Lebensstil das Risiko f\u00fcr Demenz senken? Das war eines der Themen auf der Alzheimer Europa-Konferenz in Den Haag.","og_url":"https:\/\/digidem-bayern.de\/en\/alzheimer-europe-durch-gesunden-lebensstil-das-demenzrisiko-senken\/","og_site_name":"digiDEM Bayern","article_publisher":"https:\/\/www.facebook.com\/digiDEMBayern\/","article_published_time":"2019-11-05T13:03:56+00:00","article_modified_time":"2019-11-25T08:22:54+00:00","og_image":[{"width":1280,"height":854,"url":"https:\/\/digidem-bayern.de\/wp-content\/uploads\/2019\/11\/bewegung_pixabay.jpg","type":"image\/jpeg"}],"author":"Michael Zeiler","twitter_misc":{"Written by":"Michael Zeiler","Est. reading time":"1 minute"},"schema":{"@context":"https:\/\/schema.org","@graph":[{"@type":"Article","@id":"https:\/\/digidem-bayern.de\/alzheimer-europe-durch-gesunden-lebensstil-das-demenzrisiko-senken\/#article","isPartOf":{"@id":"https:\/\/digidem-bayern.de\/alzheimer-europe-durch-gesunden-lebensstil-das-demenzrisiko-senken\/"},"author":{"name":"Michael Zeiler","@id":"\/#\/schema\/person\/92754ad381f49b3c358d1d8d2c4f90b8"},"headline":"Durch gesunden Lebensstil das Demenzrisiko senken","datePublished":"2019-11-05T13:03:56+00:00","dateModified":"2019-11-25T08:22:54+00:00","mainEntityOfPage":{"@id":"https:\/\/digidem-bayern.de\/alzheimer-europe-durch-gesunden-lebensstil-das-demenzrisiko-senken\/"},"wordCount":302,"publisher":{"@id":"\/#organization"},"image":{"@id":"https:\/\/digidem-bayern.de\/alzheimer-europe-durch-gesunden-lebensstil-das-demenzrisiko-senken\/#primaryimage"},"thumbnailUrl":"https:\/\/digidem-bayern.de\/wp-content\/uploads\/2019\/11\/bewegung_pixabay.jpg","keywords":["Alzheimer","Alzheimer Europe","Demenz.","digidem","digidem Bayern","FINGER","Lebensstil","Pr\u00e4vention","Vorsorge"],"articleSection":["Wissenschaft &amp; Forschung"],"inLanguage":"en-US"},{"@type":"WebPage","@id":"https:\/\/digidem-bayern.de\/alzheimer-europe-durch-gesunden-lebensstil-das-demenzrisiko-senken\/","url":"https:\/\/digidem-bayern.de\/alzheimer-europe-durch-gesunden-lebensstil-das-demenzrisiko-senken\/","name":"Durch gesunden Lebensstil das Demenzrisiko senken - digiDEM Bayern","isPartOf":{"@id":"\/#website"},"primaryImageOfPage":{"@id":"https:\/\/digidem-bayern.de\/alzheimer-europe-durch-gesunden-lebensstil-das-demenzrisiko-senken\/#primaryimage"},"image":{"@id":"https:\/\/digidem-bayern.de\/alzheimer-europe-durch-gesunden-lebensstil-das-demenzrisiko-senken\/#primaryimage"},"thumbnailUrl":"https:\/\/digidem-bayern.de\/wp-content\/uploads\/2019\/11\/bewegung_pixabay.jpg","datePublished":"2019-11-05T13:03:56+00:00","dateModified":"2019-11-25T08:22:54+00:00","description":"Wie l\u00e4sst sich durch einen gesunden Lebensstil das Risiko f\u00fcr Demenz senken? Das war eines der Themen auf der Alzheimer Europa-Konferenz in Den Haag.","breadcrumb":{"@id":"https:\/\/digidem-bayern.de\/alzheimer-europe-durch-gesunden-lebensstil-das-demenzrisiko-senken\/#breadcrumb"},"inLanguage":"en-US","potentialAction":[{"@type":"ReadAction","target":["https:\/\/digidem-bayern.de\/alzheimer-europe-durch-gesunden-lebensstil-das-demenzrisiko-senken\/"]}]},{"@type":"ImageObject","inLanguage":"en-US","@id":"https:\/\/digidem-bayern.de\/alzheimer-europe-durch-gesunden-lebensstil-das-demenzrisiko-senken\/#primaryimage","url":"https:\/\/digidem-bayern.de\/wp-content\/uploads\/2019\/11\/bewegung_pixabay.jpg","contentUrl":"https:\/\/digidem-bayern.de\/wp-content\/uploads\/2019\/11\/bewegung_pixabay.jpg","width":1280,"height":854},{"@type":"BreadcrumbList","@id":"https:\/\/digidem-bayern.de\/alzheimer-europe-durch-gesunden-lebensstil-das-demenzrisiko-senken\/#breadcrumb","itemListElement":[{"@type":"ListItem","position":1,"name":"Startseite","item":"https:\/\/digidem-bayern.de\/"},{"@type":"ListItem","position":2,"name":"Durch gesunden Lebensstil das Demenzrisiko senken"}]},{"@type":"WebSite","@id":"\/#website","url":"\/","name":"digiDEM Bavaria","description":"The digital dementia register in Bavaria researches and improves the structure of services for people with dementia and their relatives","publisher":{"@id":"\/#organization"},"potentialAction":[{"@type":"SearchAction","target":{"@type":"EntryPoint","urlTemplate":"\/?s={search_term_string}"},"query-input":{"@type":"PropertyValueSpecification","valueRequired":true,"valueName":"search_term_string"}}],"inLanguage":"en-US"},{"@type":"Organization","@id":"\/#organization","name":"digiDEM Bavaria","url":"\/","logo":{"@type":"ImageObject","inLanguage":"en-US","@id":"\/#\/schema\/logo\/image\/","url":"https:\/\/digidem-bayern.de\/wp-content\/uploads\/2022\/03\/cropped-Allgemeines_digiDEMLOGO-removebg-preview.png","contentUrl":"https:\/\/digidem-bayern.de\/wp-content\/uploads\/2022\/03\/cropped-Allgemeines_digiDEMLOGO-removebg-preview.png","width":612,"height":357,"caption":"digiDEM Bayern"},"image":{"@id":"\/#\/schema\/logo\/image\/"},"sameAs":["https:\/\/www.facebook.com\/digiDEMBayern\/","https:\/\/x.com\/digidem_bayern","https:\/\/www.instagram.com\/digidem.bayern","https:\/\/www.linkedin.com\/company\/digidem-bayern\/"]},{"@type":"Person","@id":"\/#\/schema\/person\/92754ad381f49b3c358d1d8d2c4f90b8","name":"Michael Zeiler","url":"https:\/\/digidem-bayern.de\/en\/author\/michael-zeiler\/"}]}},"uagb_featured_image_src":{"full":["https:\/\/digidem-bayern.de\/wp-content\/uploads\/2019\/11\/bewegung_pixabay.jpg",1280,854,false],"thumbnail":["https:\/\/digidem-bayern.de\/wp-content\/uploads\/2019\/11\/bewegung_pixabay-80x80.jpg",80,80,true],"medium":["https:\/\/digidem-bayern.de\/wp-content\/uploads\/2019\/11\/bewegung_pixabay-300x200.jpg",300,200,true],"medium_large":["https:\/\/digidem-bayern.de\/wp-content\/uploads\/2019\/11\/bewegung_pixabay-768x512.jpg",768,512,true],"large":["https:\/\/digidem-bayern.de\/wp-content\/uploads\/2019\/11\/bewegung_pixabay-1030x687.jpg",1030,687,true],"1536x1536":["https:\/\/digidem-bayern.de\/wp-content\/uploads\/2019\/11\/bewegung_pixabay.jpg",1280,854,false],"2048x2048":["https:\/\/digidem-bayern.de\/wp-content\/uploads\/2019\/11\/bewegung_pixabay.jpg",1280,854,false],"trp-custom-language-flag":["https:\/\/digidem-bayern.de\/wp-content\/uploads\/2019\/11\/bewegung_pixabay.jpg",18,12,false],"qubely_landscape":["https:\/\/digidem-bayern.de\/wp-content\/uploads\/2019\/11\/bewegung_pixabay-1200x750.jpg",1200,750,true],"qubely_portrait":["https:\/\/digidem-bayern.de\/wp-content\/uploads\/2019\/11\/bewegung_pixabay-540x320.jpg",540,320,true],"qubely_thumbnail":["https:\/\/digidem-bayern.de\/wp-content\/uploads\/2019\/11\/bewegung_pixabay-140x100.jpg",140,100,true],"post-thumbnail":["https:\/\/digidem-bayern.de\/wp-content\/uploads\/2019\/11\/bewegung_pixabay-495x330.jpg",495,330,true],"kahuna-featured":["https:\/\/digidem-bayern.de\/wp-content\/uploads\/2019\/11\/bewegung_pixabay-495x350.jpg",495,350,true],"kahuna-featured-lp":["https:\/\/digidem-bayern.de\/wp-content\/uploads\/2019\/11\/bewegung_pixabay-690x350.jpg",520,264,true],"kahuna-featured-half":["https:\/\/digidem-bayern.de\/wp-content\/uploads\/2019\/11\/bewegung_pixabay-800x350.jpg",800,350,true],"kahuna-featured-third":["https:\/\/digidem-bayern.de\/wp-content\/uploads\/2019\/11\/bewegung_pixabay-512x350.jpg",512,350,true],"kahuna-lpbox-1":["https:\/\/digidem-bayern.de\/wp-content\/uploads\/2019\/11\/bewegung_pixabay-460x350.jpg",394,300,true],"kahuna-lpbox-2":["https:\/\/digidem-bayern.de\/wp-content\/uploads\/2019\/11\/bewegung_pixabay-460x350.jpg",460,350,true],"demand-language-flag":["https:\/\/digidem-bayern.de\/wp-content\/uploads\/2019\/11\/bewegung_pixabay.jpg",36,24,false],"dddkt-language-flag":["https:\/\/digidem-bayern.de\/wp-content\/uploads\/2019\/11\/bewegung_pixabay.jpg",36,24,false],"ddiqc-language-flag":["https:\/\/digidem-bayern.de\/wp-content\/uploads\/2019\/11\/bewegung_pixabay.jpg",36,24,false],"ddtl-language-flag":["https:\/\/digidem-bayern.de\/wp-content\/uploads\/2019\/11\/bewegung_pixabay.jpg",36,24,false],"mailpoet_newsletter_max":["https:\/\/digidem-bayern.de\/wp-content\/uploads\/2019\/11\/bewegung_pixabay.jpg",1280,854,false],"kahuna-lpbox-3":["https:\/\/digidem-bayern.de\/wp-content\/uploads\/2019\/11\/bewegung_pixabay-460x350.jpg",460,350,true],"kahuna-featured-square":["https:\/\/digidem-bayern.de\/wp-content\/uploads\/2019\/11\/bewegung_pixabay-512x512.jpg",512,512,true],"kahuna-featured-square-large":["https:\/\/digidem-bayern.de\/wp-content\/uploads\/2019\/11\/bewegung_pixabay-1024x854.jpg",1024,854,true]},"uagb_author_info":{"display_name":"Michael Zeiler","author_link":"https:\/\/digidem-bayern.de\/en\/author\/michael-zeiler\/"},"uagb_comment_info":0,"uagb_excerpt":"Wie kann Forschung zu einer besseren Pr\u00e4vention f\u00fchren? Auch diese Frage wurde auf der Alzheimer Europe-Konferenz vom 23.-25.10. in Den Haag diskutiert. Im Fokus standen dabei Ma\u00dfnahmen, die sich auf verschiedene Bereiche des Lebensstils beziehen und das Risiko f\u00fcr Demenz senken k\u00f6nnen. Auf die Wirksamkeit solcher Ma\u00dfnahmen ging Tiia Ngandu &hellip;","_links":{"self":[{"href":"https:\/\/digidem-bayern.de\/en\/wp-json\/wp\/v2\/posts\/3950","targetHints":{"allow":["GET"]}}],"collection":[{"href":"https:\/\/digidem-bayern.de\/en\/wp-json\/wp\/v2\/posts"}],"about":[{"href":"https:\/\/digidem-bayern.de\/en\/wp-json\/wp\/v2\/types\/post"}],"author":[{"embeddable":true,"href":"https:\/\/digidem-bayern.de\/en\/wp-json\/wp\/v2\/users\/11"}],"replies":[{"embeddable":true,"href":"https:\/\/digidem-bayern.de\/en\/wp-json\/wp\/v2\/comments?post=3950"}],"version-history":[{"count":0,"href":"https:\/\/digidem-bayern.de\/en\/wp-json\/wp\/v2\/posts\/3950\/revisions"}],"wp:featuredmedia":[{"embeddable":true,"href":"https:\/\/digidem-bayern.de\/en\/wp-json\/wp\/v2\/media\/3952"}],"wp:attachment":[{"href":"https:\/\/digidem-bayern.de\/en\/wp-json\/wp\/v2\/media?parent=3950"}],"wp:term":[{"taxonomy":"category","embeddable":true,"href":"https:\/\/digidem-bayern.de\/en\/wp-json\/wp\/v2\/categories?post=3950"},{"taxonomy":"post_tag","embeddable":true,"href":"https:\/\/digidem-bayern.de\/en\/wp-json\/wp\/v2\/tags?post=3950"}],"curies":[{"name":"wp","href":"https:\/\/api.w.org\/{rel}","templated":true}]}}