{"id":3941,"date":"2019-11-05T13:51:34","date_gmt":"2019-11-05T12:51:34","guid":{"rendered":"https:\/\/digidem-bayern.de\/?p=3941"},"modified":"2019-11-25T09:23:18","modified_gmt":"2019-11-25T08:23:18","slug":"alzheimer-europe-nach-der-diagnose-was-nun","status":"publish","type":"post","link":"https:\/\/digidem-bayern.de\/en\/alzheimer-europe-nach-der-diagnose-was-nun\/","title":{"rendered":"\u201eNach der Diagnose\u2026 was nun?\u201c"},"content":{"rendered":"<h4 class=\"wp-block-heading\">Schock, Trauer, Angst \u2013 eine Demenz-Diagnose bedeutet f\u00fcr Betroffene und ihre Angeh\u00f6rigen einen existenziellen Einschnitt. Umso wichtiger sind professionelle Unterst\u00fctzung und gezielte Informationen \u2013 die jedoch h\u00e4ufig zu lange auf sich warten lassen. Das berichtete auf der Alzheimer Europe-Konferenz in Den Haag auch Henry Brodaty, Professor f\u00fcr Alter und psychische Gesundheit an der University of New South Wales in Sydney und einer der Pioniere der Demenz-Forschung. <\/h4>\n\n\n\n<figure class=\"wp-block-image\"><img loading=\"lazy\" decoding=\"async\" width=\"1030\" height=\"765\" src=\"https:\/\/test.digidem-bayern.de\/wp-content\/uploads\/2019\/11\/brodaty_digidem-1-1030x765.jpg\" alt=\"Das digiDEM Bayern-Team mit Prof. Henry Brodaty: Michael Reichold MSc., Prof. Dr. med. Peter Kolominsky-Rabas, Prof. Henry Brodaty, Nikolas Dietzel MSc. (v.l.) \" class=\"wp-image-3945\" srcset=\"https:\/\/digidem-bayern.de\/wp-content\/uploads\/2019\/11\/brodaty_digidem-1-1030x765.jpg 1030w, https:\/\/digidem-bayern.de\/wp-content\/uploads\/2019\/11\/brodaty_digidem-1-300x223.jpg 300w, https:\/\/digidem-bayern.de\/wp-content\/uploads\/2019\/11\/brodaty_digidem-1-768x570.jpg 768w, https:\/\/digidem-bayern.de\/wp-content\/uploads\/2019\/11\/brodaty_digidem-1-471x350.jpg 471w, https:\/\/digidem-bayern.de\/wp-content\/uploads\/2019\/11\/brodaty_digidem-1-1320x980.jpg 1320w, https:\/\/digidem-bayern.de\/wp-content\/uploads\/2019\/11\/brodaty_digidem-1.jpg 1600w\" sizes=\"auto, (max-width: 1030px) 100vw, 1030px\" \/><figcaption><br> <em>Das digiDEM Bayern-Team mit Prof. Henry Brodaty: Michael Reichold MSc., Prof. Dr. med. Peter Kolominsky-Rabas, Prof. Henry Brodaty, Nikolas Dietzel MSc. (v.l.) <\/em> <\/figcaption><\/figure>\n\n\n\n<p>In\nseinem Vortrag &#8222;Nach der Diagnose&#8230;. was nun? Postdiagnostische\nUnterst\u00fctzung f\u00fcr Menschen mit Demenz und ihre Familien&#8220; ging Professor\nBrodaty auf entsprechende Defizite in der Versorgung ein. Er wies darauf hin,\ndass es trotz mehrerer Richtlinien f\u00fcr die Verf\u00fcgbarkeit einer Diagnose\nweltweit an einer Anleitung f\u00fcr den Diagnoseprozess und die postdiagnostische\nVersorgung und Kommunikation mangelt. <\/p>\n\n\n\n<p><strong>Unzufriedenheit \u00fcber Mangel an Information<\/strong><\/p>\n\n\n\n<p>Menschen\nmit Demenz und ihre Familien und Betreuer \u00e4u\u00dferten sich h\u00e4ufig unzufrieden \u00fcber\ndas Defizit an Kommunikation, Anleitung, Informationen \u00fcber den richtigen\nUmgang mit der Erkrankung und die Prognose sowie \u00fcber die fehlende\nUnterst\u00fctzung f\u00fcr ein gutes Leben mit Demenz, so Brodaty. Er stellte das\nProjekt COGNISANCE vor, das darauf abziele, diese L\u00fccke zu schlie\u00dfen, indem es\nmit Betroffenen, Familien und Gesundheitspraktikern zusammenarbeitet. Am Ende\nsoll ein Paket zur Verbesserung der postdiagnostischen Versorgung umgesetzt und\nevaluiert werden. Das Projekt, das f\u00fcnf L\u00e4nder (Australien, Gro\u00dfbritannien,\nNiederlande, Polen und Kanada) umfasst, wird von der EU finanziert. Ziel ist\nes, nach Abschluss des Projekts ein erfolgreiches Paket f\u00fcr die lokale\nAnpassung weltweit verf\u00fcgbar zu machen. <a href=\"https:\/\/cheba.unsw.edu.au\/consortia\/cognisance\">https:\/\/cheba.unsw.edu.au\/consortia\/cognisance<\/a><\/p>\n\n\n\n<p><strong>BayDem-Erkenntnisse als Anlass f\u00fcr digiDEM Bayern<\/strong><\/p>\n\n\n\n<p>Auch digiDEM Bayern, das\nebenfalls im Rahmen der Alzheimer Europe-Konferenz vorgestellt wurde, zielt\ndarauf ab, Menschen mit Demenz und ihre Angeh\u00f6rigen m\u00f6glichst fr\u00fchzeitig zu\nunterst\u00fctzen. Ein Anlass f\u00fcr das digitale Forschungsprojekt waren Erkenntnisse\naus dem Bayerischen Demenz Survey (BayDem), einer L\u00e4ngsschnittstudie, die von\n2015-2017 an den drei Standorten Dachau, Erlangen und Kronach durchgef\u00fchrt\nwurde. Auch in BayDem berichteten die Studienteilnehmer*innen von einem Mangel\nan Informationen: So gaben zum Zeitpunkt der Diagnosestellung 50% der Teilnehmenden\nan, keine Informationen \u00fcber den Verlauf der Erkrankung und 40% keine\nInformationen zur Erkrankung selbst erhalten zu haben. 37% der Angeh\u00f6rigen\nbeklagten nach der Diagnosestellung einen Mangel an Informationen \u00fcber\nmedikament\u00f6se Therapien, 53% einen Mangel an Informationen \u00fcber\nnicht-medikament\u00f6se Therapien. <a href=\"https:\/\/www.stmgp.bayern.de\/pflege\/demenz\/\">https:\/\/www.stmgp.bayern.de\/pflege\/demenz\/<\/a><\/p>\n\n\n\n<p>Die 29. Alzheimer Europe-Konferenz fand vom\n23.-25. Oktober 2019 in Den Haag statt. 954 G\u00e4ste\naus 46 L\u00e4ndern nahmen an dem Kongress mit dem Titel \u201eWertvolle\nVerbindungen herstellen\u201c teil. Im\nMittelpunkt stand der Austausch von Forschung, Projekten und Erfahrungen. <a href=\"https:\/\/www.alzheimer-europe.org\/\">https:\/\/www.alzheimer-europe.org\/<\/a><\/p>","protected":false},"excerpt":{"rendered":"<p>Schock, Trauer, Angst \u2013 eine Demenz-Diagnose bedeutet f\u00fcr Betroffene und ihre Angeh\u00f6rigen einen existenziellen Einschnitt. Umso wichtiger sind professionelle Unterst\u00fctzung und gezielte Informationen \u2013 die jedoch h\u00e4ufig zu lange auf sich warten lassen. Das berichtete auf der Alzheimer Europe-Konferenz in Den Haag auch Henry Brodaty, Professor f\u00fcr Alter und psychische &hellip;<\/p>","protected":false},"author":11,"featured_media":3976,"comment_status":"closed","ping_status":"closed","sticky":false,"template":"","format":"standard","meta":{"qubely_global_settings":"","qubely_interactions":"","_uag_custom_page_level_css":"","footnotes":""},"categories":[5],"tags":[13,19,21,11,14,17,22],"class_list":["post-3941","post","type-post","status-publish","format-standard","has-post-thumbnail","hentry","category-wissenschaft-forschung","tag-alzheimer","tag-alzheimer-europe","tag-brodaty","tag-demenz","tag-digidem","tag-digidem-bayern","tag-postdiagnostische-unterstuetzung"],"qubely_featured_image_url":{"full":["https:\/\/digidem-bayern.de\/wp-content\/uploads\/2019\/11\/downsyndrom_pixabay.jpg",1280,853,false],"landscape":["https:\/\/digidem-bayern.de\/wp-content\/uploads\/2019\/11\/downsyndrom_pixabay-1200x750.jpg",1200,750,true],"portraits":["https:\/\/digidem-bayern.de\/wp-content\/uploads\/2019\/11\/downsyndrom_pixabay-540x320.jpg",540,320,true],"thumbnail":["https:\/\/digidem-bayern.de\/wp-content\/uploads\/2019\/11\/downsyndrom_pixabay-80x80.jpg",80,80,true],"medium":["https:\/\/digidem-bayern.de\/wp-content\/uploads\/2019\/11\/downsyndrom_pixabay-300x200.jpg",300,200,true],"medium_large":["https:\/\/digidem-bayern.de\/wp-content\/uploads\/2019\/11\/downsyndrom_pixabay-768x512.jpg",768,512,true],"large":["https:\/\/digidem-bayern.de\/wp-content\/uploads\/2019\/11\/downsyndrom_pixabay-1030x686.jpg",1030,686,true],"1536x1536":["https:\/\/digidem-bayern.de\/wp-content\/uploads\/2019\/11\/downsyndrom_pixabay.jpg",1280,853,false],"2048x2048":["https:\/\/digidem-bayern.de\/wp-content\/uploads\/2019\/11\/downsyndrom_pixabay.jpg",1280,853,false],"trp-custom-language-flag":["https:\/\/digidem-bayern.de\/wp-content\/uploads\/2019\/11\/downsyndrom_pixabay.jpg",18,12,false],"qubely_landscape":["https:\/\/digidem-bayern.de\/wp-content\/uploads\/2019\/11\/downsyndrom_pixabay-1200x750.jpg",1200,750,true],"qubely_portrait":["https:\/\/digidem-bayern.de\/wp-content\/uploads\/2019\/11\/downsyndrom_pixabay-540x320.jpg",540,320,true],"qubely_thumbnail":["https:\/\/digidem-bayern.de\/wp-content\/uploads\/2019\/11\/downsyndrom_pixabay-140x100.jpg",140,100,true],"post-thumbnail":["https:\/\/digidem-bayern.de\/wp-content\/uploads\/2019\/11\/downsyndrom_pixabay-495x330.jpg",495,330,true],"kahuna-featured":["https:\/\/digidem-bayern.de\/wp-content\/uploads\/2019\/11\/downsyndrom_pixabay-495x350.jpg",495,350,true],"kahuna-featured-lp":["https:\/\/digidem-bayern.de\/wp-content\/uploads\/2019\/11\/downsyndrom_pixabay-690x350.jpg",520,264,true],"kahuna-featured-half":["https:\/\/digidem-bayern.de\/wp-content\/uploads\/2019\/11\/downsyndrom_pixabay-800x350.jpg",800,350,true],"kahuna-featured-third":["https:\/\/digidem-bayern.de\/wp-content\/uploads\/2019\/11\/downsyndrom_pixabay-512x350.jpg",512,350,true],"kahuna-lpbox-1":["https:\/\/digidem-bayern.de\/wp-content\/uploads\/2019\/11\/downsyndrom_pixabay-460x350.jpg",394,300,true],"kahuna-lpbox-2":["https:\/\/digidem-bayern.de\/wp-content\/uploads\/2019\/11\/downsyndrom_pixabay-460x350.jpg",460,350,true],"demand-language-flag":["https:\/\/digidem-bayern.de\/wp-content\/uploads\/2019\/11\/downsyndrom_pixabay.jpg",36,24,false],"dddkt-language-flag":["https:\/\/digidem-bayern.de\/wp-content\/uploads\/2019\/11\/downsyndrom_pixabay.jpg",36,24,false],"ddiqc-language-flag":["https:\/\/digidem-bayern.de\/wp-content\/uploads\/2019\/11\/downsyndrom_pixabay.jpg",36,24,false],"ddtl-language-flag":["https:\/\/digidem-bayern.de\/wp-content\/uploads\/2019\/11\/downsyndrom_pixabay.jpg",36,24,false],"mailpoet_newsletter_max":["https:\/\/digidem-bayern.de\/wp-content\/uploads\/2019\/11\/downsyndrom_pixabay.jpg",1280,853,false],"kahuna-lpbox-3":["https:\/\/digidem-bayern.de\/wp-content\/uploads\/2019\/11\/downsyndrom_pixabay-460x350.jpg",460,350,true],"kahuna-featured-square":["https:\/\/digidem-bayern.de\/wp-content\/uploads\/2019\/11\/downsyndrom_pixabay-512x512.jpg",512,512,true],"kahuna-featured-square-large":["https:\/\/digidem-bayern.de\/wp-content\/uploads\/2019\/11\/downsyndrom_pixabay-1024x853.jpg",1024,853,true]},"qubely_author":{"display_name":"Michael Zeiler","author_link":"https:\/\/digidem-bayern.de\/en\/author\/michael-zeiler\/"},"qubely_comment":0,"qubely_category":"<a href=\"https:\/\/digidem-bayern.de\/en\/category\/wissenschaft-forschung\/\" rel=\"category tag\">Wissenschaft &amp; Forschung<\/a>","qubely_excerpt":"Schock, Trauer, Angst \u2013 eine Demenz-Diagnose bedeutet f\u00fcr Betroffene und ihre Angeh\u00f6rigen einen existenziellen Einschnitt. Umso wichtiger sind professionelle Unterst\u00fctzung und gezielte Informationen \u2013 die jedoch h\u00e4ufig zu lange auf sich warten lassen. Das berichtete auf der Alzheimer Europe-Konferenz in Den Haag auch Henry Brodaty, Professor f\u00fcr Alter und psychische &hellip;","featured_image_urls_v2":{"full":["https:\/\/digidem-bayern.de\/wp-content\/uploads\/2019\/11\/downsyndrom_pixabay.jpg",1280,853,false],"thumbnail":["https:\/\/digidem-bayern.de\/wp-content\/uploads\/2019\/11\/downsyndrom_pixabay-80x80.jpg",80,80,true],"medium":["https:\/\/digidem-bayern.de\/wp-content\/uploads\/2019\/11\/downsyndrom_pixabay-300x200.jpg",300,200,true],"medium_large":["https:\/\/digidem-bayern.de\/wp-content\/uploads\/2019\/11\/downsyndrom_pixabay-768x512.jpg",768,512,true],"large":["https:\/\/digidem-bayern.de\/wp-content\/uploads\/2019\/11\/downsyndrom_pixabay-1030x686.jpg",1030,686,true],"1536x1536":["https:\/\/digidem-bayern.de\/wp-content\/uploads\/2019\/11\/downsyndrom_pixabay.jpg",1280,853,false],"2048x2048":["https:\/\/digidem-bayern.de\/wp-content\/uploads\/2019\/11\/downsyndrom_pixabay.jpg",1280,853,false],"trp-custom-language-flag":["https:\/\/digidem-bayern.de\/wp-content\/uploads\/2019\/11\/downsyndrom_pixabay.jpg",18,12,false],"qubely_landscape":["https:\/\/digidem-bayern.de\/wp-content\/uploads\/2019\/11\/downsyndrom_pixabay-1200x750.jpg",1200,750,true],"qubely_portrait":["https:\/\/digidem-bayern.de\/wp-content\/uploads\/2019\/11\/downsyndrom_pixabay-540x320.jpg",540,320,true],"qubely_thumbnail":["https:\/\/digidem-bayern.de\/wp-content\/uploads\/2019\/11\/downsyndrom_pixabay-140x100.jpg",140,100,true],"post-thumbnail":["https:\/\/digidem-bayern.de\/wp-content\/uploads\/2019\/11\/downsyndrom_pixabay-495x330.jpg",495,330,true],"kahuna-featured":["https:\/\/digidem-bayern.de\/wp-content\/uploads\/2019\/11\/downsyndrom_pixabay-495x350.jpg",495,350,true],"kahuna-featured-lp":["https:\/\/digidem-bayern.de\/wp-content\/uploads\/2019\/11\/downsyndrom_pixabay-690x350.jpg",520,264,true],"kahuna-featured-half":["https:\/\/digidem-bayern.de\/wp-content\/uploads\/2019\/11\/downsyndrom_pixabay-800x350.jpg",800,350,true],"kahuna-featured-third":["https:\/\/digidem-bayern.de\/wp-content\/uploads\/2019\/11\/downsyndrom_pixabay-512x350.jpg",512,350,true],"kahuna-lpbox-1":["https:\/\/digidem-bayern.de\/wp-content\/uploads\/2019\/11\/downsyndrom_pixabay-460x350.jpg",394,300,true],"kahuna-lpbox-2":["https:\/\/digidem-bayern.de\/wp-content\/uploads\/2019\/11\/downsyndrom_pixabay-460x350.jpg",460,350,true],"demand-language-flag":["https:\/\/digidem-bayern.de\/wp-content\/uploads\/2019\/11\/downsyndrom_pixabay.jpg",36,24,false],"dddkt-language-flag":["https:\/\/digidem-bayern.de\/wp-content\/uploads\/2019\/11\/downsyndrom_pixabay.jpg",36,24,false],"ddiqc-language-flag":["https:\/\/digidem-bayern.de\/wp-content\/uploads\/2019\/11\/downsyndrom_pixabay.jpg",36,24,false],"ddtl-language-flag":["https:\/\/digidem-bayern.de\/wp-content\/uploads\/2019\/11\/downsyndrom_pixabay.jpg",36,24,false],"mailpoet_newsletter_max":["https:\/\/digidem-bayern.de\/wp-content\/uploads\/2019\/11\/downsyndrom_pixabay.jpg",1280,853,false],"kahuna-lpbox-3":["https:\/\/digidem-bayern.de\/wp-content\/uploads\/2019\/11\/downsyndrom_pixabay-460x350.jpg",460,350,true],"kahuna-featured-square":["https:\/\/digidem-bayern.de\/wp-content\/uploads\/2019\/11\/downsyndrom_pixabay-512x512.jpg",512,512,true],"kahuna-featured-square-large":["https:\/\/digidem-bayern.de\/wp-content\/uploads\/2019\/11\/downsyndrom_pixabay-1024x853.jpg",1024,853,true]},"post_excerpt_stackable_v2":"<p>Schock, Trauer, Angst \u2013 eine Demenz-Diagnose bedeutet f\u00fcr Betroffene und ihre Angeh\u00f6rigen einen existenziellen Einschnitt. Umso wichtiger sind professionelle Unterst\u00fctzung und gezielte Informationen \u2013 die jedoch h\u00e4ufig zu lange auf sich warten lassen. Das berichtete auf der Alzheimer Europe-Konferenz in Den Haag auch Henry Brodaty, Professor f\u00fcr Alter und psychische Gesundheit an der University of New South Wales in Sydney und einer der Pioniere der Demenz-Forschung. Das digiDEM Bayern-Team mit Prof. Henry Brodaty: Michael Reichold MSc., Prof. Dr. med. Peter Kolominsky-Rabas, Prof. Henry Brodaty, Nikolas Dietzel MSc. (v.l.) In seinem Vortrag &#8222;Nach der Diagnose&#8230;. was nun? Postdiagnostische Unterst\u00fctzung f\u00fcr Menschen&hellip;<\/p>\n","category_list_v2":"<a href=\"https:\/\/digidem-bayern.de\/en\/category\/wissenschaft-forschung\/\" rel=\"category tag\">Wissenschaft &amp; Forschung<\/a>","author_info_v2":{"name":"Michael Zeiler","url":"https:\/\/digidem-bayern.de\/en\/author\/michael-zeiler\/"},"comments_num_v2":"0 comments","yoast_head":"<!-- This site is optimized with the Yoast SEO plugin v27.4 - https:\/\/yoast.com\/product\/yoast-seo-wordpress\/ -->\n<title>\u201eNach der Diagnose\u2026 was nun?\u201c - digiDEM Bayern<\/title>\n<meta name=\"description\" content=\"Auf der Alzheimer Europe-Konferenz in Den Haag betonte Professsor Henry Brodaty die hohe Relevanz post-diagnoistischer Unterst\u00fctzung f\u00fcr die Betroffenen.\" \/>\n<meta name=\"robots\" content=\"index, follow, max-snippet:-1, max-image-preview:large, max-video-preview:-1\" \/>\n<link rel=\"canonical\" href=\"https:\/\/digidem-bayern.de\/en\/alzheimer-europe-nach-der-diagnose-was-nun\/\" \/>\n<meta property=\"og:locale\" content=\"en_US\" \/>\n<meta property=\"og:type\" content=\"article\" \/>\n<meta property=\"og:title\" content=\"\u201eNach der Diagnose\u2026 was nun?\u201c - digiDEM Bayern\" \/>\n<meta property=\"og:description\" content=\"Auf der Alzheimer Europe-Konferenz in Den Haag betonte Professsor Henry Brodaty die hohe Relevanz post-diagnoistischer Unterst\u00fctzung f\u00fcr die Betroffenen.\" \/>\n<meta property=\"og:url\" content=\"https:\/\/digidem-bayern.de\/en\/alzheimer-europe-nach-der-diagnose-was-nun\/\" \/>\n<meta property=\"og:site_name\" content=\"digiDEM Bayern\" \/>\n<meta property=\"article:publisher\" content=\"https:\/\/www.facebook.com\/digiDEMBayern\/\" \/>\n<meta property=\"article:published_time\" content=\"2019-11-05T12:51:34+00:00\" \/>\n<meta property=\"article:modified_time\" content=\"2019-11-25T08:23:18+00:00\" \/>\n<meta property=\"og:image\" content=\"https:\/\/digidem-bayern.de\/wp-content\/uploads\/2019\/11\/downsyndrom_pixabay.jpg\" \/>\n\t<meta property=\"og:image:width\" content=\"1280\" \/>\n\t<meta property=\"og:image:height\" content=\"853\" \/>\n\t<meta property=\"og:image:type\" content=\"image\/jpeg\" \/>\n<meta name=\"author\" content=\"Michael Zeiler\" \/>\n<meta name=\"twitter:label1\" content=\"Written by\" \/>\n\t<meta name=\"twitter:data1\" content=\"Michael Zeiler\" \/>\n\t<meta name=\"twitter:label2\" content=\"Est. reading time\" \/>\n\t<meta name=\"twitter:data2\" content=\"2 minutes\" \/>\n<script type=\"application\/ld+json\" class=\"yoast-schema-graph\">{\"@context\":\"https:\\\/\\\/schema.org\",\"@graph\":[{\"@type\":\"Article\",\"@id\":\"https:\\\/\\\/digidem-bayern.de\\\/alzheimer-europe-nach-der-diagnose-was-nun\\\/#article\",\"isPartOf\":{\"@id\":\"https:\\\/\\\/digidem-bayern.de\\\/alzheimer-europe-nach-der-diagnose-was-nun\\\/\"},\"author\":{\"name\":\"Michael Zeiler\",\"@id\":\"\\\/#\\\/schema\\\/person\\\/92754ad381f49b3c358d1d8d2c4f90b8\"},\"headline\":\"\u201eNach der Diagnose\u2026 was nun?\u201c\",\"datePublished\":\"2019-11-05T12:51:34+00:00\",\"dateModified\":\"2019-11-25T08:23:18+00:00\",\"mainEntityOfPage\":{\"@id\":\"https:\\\/\\\/digidem-bayern.de\\\/alzheimer-europe-nach-der-diagnose-was-nun\\\/\"},\"wordCount\":468,\"publisher\":{\"@id\":\"\\\/#organization\"},\"image\":{\"@id\":\"https:\\\/\\\/digidem-bayern.de\\\/alzheimer-europe-nach-der-diagnose-was-nun\\\/#primaryimage\"},\"thumbnailUrl\":\"https:\\\/\\\/digidem-bayern.de\\\/wp-content\\\/uploads\\\/2019\\\/11\\\/downsyndrom_pixabay.jpg\",\"keywords\":[\"Alzheimer\",\"Alzheimer Europe\",\"Brodaty\",\"Demenz.\",\"digidem\",\"digidem Bayern\",\"postdiagnostische Unterst\u00fctzung\"],\"articleSection\":[\"Wissenschaft &amp; Forschung\"],\"inLanguage\":\"en-US\"},{\"@type\":\"WebPage\",\"@id\":\"https:\\\/\\\/digidem-bayern.de\\\/alzheimer-europe-nach-der-diagnose-was-nun\\\/\",\"url\":\"https:\\\/\\\/digidem-bayern.de\\\/alzheimer-europe-nach-der-diagnose-was-nun\\\/\",\"name\":\"\u201eNach der Diagnose\u2026 was nun?\u201c - digiDEM Bayern\",\"isPartOf\":{\"@id\":\"\\\/#website\"},\"primaryImageOfPage\":{\"@id\":\"https:\\\/\\\/digidem-bayern.de\\\/alzheimer-europe-nach-der-diagnose-was-nun\\\/#primaryimage\"},\"image\":{\"@id\":\"https:\\\/\\\/digidem-bayern.de\\\/alzheimer-europe-nach-der-diagnose-was-nun\\\/#primaryimage\"},\"thumbnailUrl\":\"https:\\\/\\\/digidem-bayern.de\\\/wp-content\\\/uploads\\\/2019\\\/11\\\/downsyndrom_pixabay.jpg\",\"datePublished\":\"2019-11-05T12:51:34+00:00\",\"dateModified\":\"2019-11-25T08:23:18+00:00\",\"description\":\"Auf der Alzheimer Europe-Konferenz in Den Haag betonte Professsor Henry Brodaty die hohe Relevanz post-diagnoistischer Unterst\u00fctzung f\u00fcr die Betroffenen.\",\"breadcrumb\":{\"@id\":\"https:\\\/\\\/digidem-bayern.de\\\/alzheimer-europe-nach-der-diagnose-was-nun\\\/#breadcrumb\"},\"inLanguage\":\"en-US\",\"potentialAction\":[{\"@type\":\"ReadAction\",\"target\":[\"https:\\\/\\\/digidem-bayern.de\\\/alzheimer-europe-nach-der-diagnose-was-nun\\\/\"]}]},{\"@type\":\"ImageObject\",\"inLanguage\":\"en-US\",\"@id\":\"https:\\\/\\\/digidem-bayern.de\\\/alzheimer-europe-nach-der-diagnose-was-nun\\\/#primaryimage\",\"url\":\"https:\\\/\\\/digidem-bayern.de\\\/wp-content\\\/uploads\\\/2019\\\/11\\\/downsyndrom_pixabay.jpg\",\"contentUrl\":\"https:\\\/\\\/digidem-bayern.de\\\/wp-content\\\/uploads\\\/2019\\\/11\\\/downsyndrom_pixabay.jpg\",\"width\":1280,\"height\":853,\"caption\":\"\u00c4lterer Mann sitzt im Rollstuhl, jemansd h\u00e4lt seine Hand. Zu sehen sind nur die H\u00e4nde.\"},{\"@type\":\"BreadcrumbList\",\"@id\":\"https:\\\/\\\/digidem-bayern.de\\\/alzheimer-europe-nach-der-diagnose-was-nun\\\/#breadcrumb\",\"itemListElement\":[{\"@type\":\"ListItem\",\"position\":1,\"name\":\"Startseite\",\"item\":\"https:\\\/\\\/digidem-bayern.de\\\/\"},{\"@type\":\"ListItem\",\"position\":2,\"name\":\"\u201eNach der Diagnose\u2026 was nun?\u201c\"}]},{\"@type\":\"WebSite\",\"@id\":\"\\\/#website\",\"url\":\"\\\/\",\"name\":\"digiDEM Bayern\",\"description\":\"Das digitale Demenzregister Bayern erforscht und verbessert die Angebotsstuktur f\u00fcr Menschen mit Demenz und deren Angeh\u00f6rige\",\"publisher\":{\"@id\":\"\\\/#organization\"},\"potentialAction\":[{\"@type\":\"SearchAction\",\"target\":{\"@type\":\"EntryPoint\",\"urlTemplate\":\"\\\/?s={search_term_string}\"},\"query-input\":{\"@type\":\"PropertyValueSpecification\",\"valueRequired\":true,\"valueName\":\"search_term_string\"}}],\"inLanguage\":\"en-US\"},{\"@type\":\"Organization\",\"@id\":\"\\\/#organization\",\"name\":\"digiDEM Bayern\",\"url\":\"\\\/\",\"logo\":{\"@type\":\"ImageObject\",\"inLanguage\":\"en-US\",\"@id\":\"\\\/#\\\/schema\\\/logo\\\/image\\\/\",\"url\":\"https:\\\/\\\/digidem-bayern.de\\\/wp-content\\\/uploads\\\/2022\\\/03\\\/cropped-Allgemeines_digiDEMLOGO-removebg-preview.png\",\"contentUrl\":\"https:\\\/\\\/digidem-bayern.de\\\/wp-content\\\/uploads\\\/2022\\\/03\\\/cropped-Allgemeines_digiDEMLOGO-removebg-preview.png\",\"width\":612,\"height\":357,\"caption\":\"digiDEM Bayern\"},\"image\":{\"@id\":\"\\\/#\\\/schema\\\/logo\\\/image\\\/\"},\"sameAs\":[\"https:\\\/\\\/www.facebook.com\\\/digiDEMBayern\\\/\",\"https:\\\/\\\/x.com\\\/digidem_bayern\",\"https:\\\/\\\/www.instagram.com\\\/digidem.bayern\",\"https:\\\/\\\/www.linkedin.com\\\/company\\\/digidem-bayern\\\/\"]},{\"@type\":\"Person\",\"@id\":\"\\\/#\\\/schema\\\/person\\\/92754ad381f49b3c358d1d8d2c4f90b8\",\"name\":\"Michael Zeiler\",\"url\":\"https:\\\/\\\/digidem-bayern.de\\\/en\\\/author\\\/michael-zeiler\\\/\"}]}<\/script>\n<!-- \/ Yoast SEO plugin. -->","yoast_head_json":{"title":"\u201eNach der Diagnose\u2026 was nun?\u201c - digiDEM Bayern","description":"Auf der Alzheimer Europe-Konferenz in Den Haag betonte Professsor Henry Brodaty die hohe Relevanz post-diagnoistischer Unterst\u00fctzung f\u00fcr die Betroffenen.","robots":{"index":"index","follow":"follow","max-snippet":"max-snippet:-1","max-image-preview":"max-image-preview:large","max-video-preview":"max-video-preview:-1"},"canonical":"https:\/\/digidem-bayern.de\/en\/alzheimer-europe-nach-der-diagnose-was-nun\/","og_locale":"en_US","og_type":"article","og_title":"\u201eNach der Diagnose\u2026 was nun?\u201c - digiDEM Bayern","og_description":"Auf der Alzheimer Europe-Konferenz in Den Haag betonte Professsor Henry Brodaty die hohe Relevanz post-diagnoistischer Unterst\u00fctzung f\u00fcr die Betroffenen.","og_url":"https:\/\/digidem-bayern.de\/en\/alzheimer-europe-nach-der-diagnose-was-nun\/","og_site_name":"digiDEM Bayern","article_publisher":"https:\/\/www.facebook.com\/digiDEMBayern\/","article_published_time":"2019-11-05T12:51:34+00:00","article_modified_time":"2019-11-25T08:23:18+00:00","og_image":[{"width":1280,"height":853,"url":"https:\/\/digidem-bayern.de\/wp-content\/uploads\/2019\/11\/downsyndrom_pixabay.jpg","type":"image\/jpeg"}],"author":"Michael Zeiler","twitter_misc":{"Written by":"Michael Zeiler","Est. reading time":"2 minutes"},"schema":{"@context":"https:\/\/schema.org","@graph":[{"@type":"Article","@id":"https:\/\/digidem-bayern.de\/alzheimer-europe-nach-der-diagnose-was-nun\/#article","isPartOf":{"@id":"https:\/\/digidem-bayern.de\/alzheimer-europe-nach-der-diagnose-was-nun\/"},"author":{"name":"Michael Zeiler","@id":"\/#\/schema\/person\/92754ad381f49b3c358d1d8d2c4f90b8"},"headline":"\u201eNach der Diagnose\u2026 was nun?\u201c","datePublished":"2019-11-05T12:51:34+00:00","dateModified":"2019-11-25T08:23:18+00:00","mainEntityOfPage":{"@id":"https:\/\/digidem-bayern.de\/alzheimer-europe-nach-der-diagnose-was-nun\/"},"wordCount":468,"publisher":{"@id":"\/#organization"},"image":{"@id":"https:\/\/digidem-bayern.de\/alzheimer-europe-nach-der-diagnose-was-nun\/#primaryimage"},"thumbnailUrl":"https:\/\/digidem-bayern.de\/wp-content\/uploads\/2019\/11\/downsyndrom_pixabay.jpg","keywords":["Alzheimer","Alzheimer Europe","Brodaty","Demenz.","digidem","digidem Bayern","postdiagnostische Unterst\u00fctzung"],"articleSection":["Wissenschaft &amp; Forschung"],"inLanguage":"en-US"},{"@type":"WebPage","@id":"https:\/\/digidem-bayern.de\/alzheimer-europe-nach-der-diagnose-was-nun\/","url":"https:\/\/digidem-bayern.de\/alzheimer-europe-nach-der-diagnose-was-nun\/","name":"\u201eNach der Diagnose\u2026 was nun?\u201c - digiDEM Bayern","isPartOf":{"@id":"\/#website"},"primaryImageOfPage":{"@id":"https:\/\/digidem-bayern.de\/alzheimer-europe-nach-der-diagnose-was-nun\/#primaryimage"},"image":{"@id":"https:\/\/digidem-bayern.de\/alzheimer-europe-nach-der-diagnose-was-nun\/#primaryimage"},"thumbnailUrl":"https:\/\/digidem-bayern.de\/wp-content\/uploads\/2019\/11\/downsyndrom_pixabay.jpg","datePublished":"2019-11-05T12:51:34+00:00","dateModified":"2019-11-25T08:23:18+00:00","description":"Auf der Alzheimer Europe-Konferenz in Den Haag betonte Professsor Henry Brodaty die hohe Relevanz post-diagnoistischer Unterst\u00fctzung f\u00fcr die Betroffenen.","breadcrumb":{"@id":"https:\/\/digidem-bayern.de\/alzheimer-europe-nach-der-diagnose-was-nun\/#breadcrumb"},"inLanguage":"en-US","potentialAction":[{"@type":"ReadAction","target":["https:\/\/digidem-bayern.de\/alzheimer-europe-nach-der-diagnose-was-nun\/"]}]},{"@type":"ImageObject","inLanguage":"en-US","@id":"https:\/\/digidem-bayern.de\/alzheimer-europe-nach-der-diagnose-was-nun\/#primaryimage","url":"https:\/\/digidem-bayern.de\/wp-content\/uploads\/2019\/11\/downsyndrom_pixabay.jpg","contentUrl":"https:\/\/digidem-bayern.de\/wp-content\/uploads\/2019\/11\/downsyndrom_pixabay.jpg","width":1280,"height":853,"caption":"\u00c4lterer Mann sitzt im Rollstuhl, jemansd h\u00e4lt seine Hand. Zu sehen sind nur die H\u00e4nde."},{"@type":"BreadcrumbList","@id":"https:\/\/digidem-bayern.de\/alzheimer-europe-nach-der-diagnose-was-nun\/#breadcrumb","itemListElement":[{"@type":"ListItem","position":1,"name":"Startseite","item":"https:\/\/digidem-bayern.de\/"},{"@type":"ListItem","position":2,"name":"\u201eNach der Diagnose\u2026 was nun?\u201c"}]},{"@type":"WebSite","@id":"\/#website","url":"\/","name":"digiDEM Bavaria","description":"The digital dementia register in Bavaria researches and improves the structure of services for people with dementia and their relatives","publisher":{"@id":"\/#organization"},"potentialAction":[{"@type":"SearchAction","target":{"@type":"EntryPoint","urlTemplate":"\/?s={search_term_string}"},"query-input":{"@type":"PropertyValueSpecification","valueRequired":true,"valueName":"search_term_string"}}],"inLanguage":"en-US"},{"@type":"Organization","@id":"\/#organization","name":"digiDEM Bavaria","url":"\/","logo":{"@type":"ImageObject","inLanguage":"en-US","@id":"\/#\/schema\/logo\/image\/","url":"https:\/\/digidem-bayern.de\/wp-content\/uploads\/2022\/03\/cropped-Allgemeines_digiDEMLOGO-removebg-preview.png","contentUrl":"https:\/\/digidem-bayern.de\/wp-content\/uploads\/2022\/03\/cropped-Allgemeines_digiDEMLOGO-removebg-preview.png","width":612,"height":357,"caption":"digiDEM Bayern"},"image":{"@id":"\/#\/schema\/logo\/image\/"},"sameAs":["https:\/\/www.facebook.com\/digiDEMBayern\/","https:\/\/x.com\/digidem_bayern","https:\/\/www.instagram.com\/digidem.bayern","https:\/\/www.linkedin.com\/company\/digidem-bayern\/"]},{"@type":"Person","@id":"\/#\/schema\/person\/92754ad381f49b3c358d1d8d2c4f90b8","name":"Michael Zeiler","url":"https:\/\/digidem-bayern.de\/en\/author\/michael-zeiler\/"}]}},"uagb_featured_image_src":{"full":["https:\/\/digidem-bayern.de\/wp-content\/uploads\/2019\/11\/downsyndrom_pixabay.jpg",1280,853,false],"thumbnail":["https:\/\/digidem-bayern.de\/wp-content\/uploads\/2019\/11\/downsyndrom_pixabay-80x80.jpg",80,80,true],"medium":["https:\/\/digidem-bayern.de\/wp-content\/uploads\/2019\/11\/downsyndrom_pixabay-300x200.jpg",300,200,true],"medium_large":["https:\/\/digidem-bayern.de\/wp-content\/uploads\/2019\/11\/downsyndrom_pixabay-768x512.jpg",768,512,true],"large":["https:\/\/digidem-bayern.de\/wp-content\/uploads\/2019\/11\/downsyndrom_pixabay-1030x686.jpg",1030,686,true],"1536x1536":["https:\/\/digidem-bayern.de\/wp-content\/uploads\/2019\/11\/downsyndrom_pixabay.jpg",1280,853,false],"2048x2048":["https:\/\/digidem-bayern.de\/wp-content\/uploads\/2019\/11\/downsyndrom_pixabay.jpg",1280,853,false],"trp-custom-language-flag":["https:\/\/digidem-bayern.de\/wp-content\/uploads\/2019\/11\/downsyndrom_pixabay.jpg",18,12,false],"qubely_landscape":["https:\/\/digidem-bayern.de\/wp-content\/uploads\/2019\/11\/downsyndrom_pixabay-1200x750.jpg",1200,750,true],"qubely_portrait":["https:\/\/digidem-bayern.de\/wp-content\/uploads\/2019\/11\/downsyndrom_pixabay-540x320.jpg",540,320,true],"qubely_thumbnail":["https:\/\/digidem-bayern.de\/wp-content\/uploads\/2019\/11\/downsyndrom_pixabay-140x100.jpg",140,100,true],"post-thumbnail":["https:\/\/digidem-bayern.de\/wp-content\/uploads\/2019\/11\/downsyndrom_pixabay-495x330.jpg",495,330,true],"kahuna-featured":["https:\/\/digidem-bayern.de\/wp-content\/uploads\/2019\/11\/downsyndrom_pixabay-495x350.jpg",495,350,true],"kahuna-featured-lp":["https:\/\/digidem-bayern.de\/wp-content\/uploads\/2019\/11\/downsyndrom_pixabay-690x350.jpg",520,264,true],"kahuna-featured-half":["https:\/\/digidem-bayern.de\/wp-content\/uploads\/2019\/11\/downsyndrom_pixabay-800x350.jpg",800,350,true],"kahuna-featured-third":["https:\/\/digidem-bayern.de\/wp-content\/uploads\/2019\/11\/downsyndrom_pixabay-512x350.jpg",512,350,true],"kahuna-lpbox-1":["https:\/\/digidem-bayern.de\/wp-content\/uploads\/2019\/11\/downsyndrom_pixabay-460x350.jpg",394,300,true],"kahuna-lpbox-2":["https:\/\/digidem-bayern.de\/wp-content\/uploads\/2019\/11\/downsyndrom_pixabay-460x350.jpg",460,350,true],"demand-language-flag":["https:\/\/digidem-bayern.de\/wp-content\/uploads\/2019\/11\/downsyndrom_pixabay.jpg",36,24,false],"dddkt-language-flag":["https:\/\/digidem-bayern.de\/wp-content\/uploads\/2019\/11\/downsyndrom_pixabay.jpg",36,24,false],"ddiqc-language-flag":["https:\/\/digidem-bayern.de\/wp-content\/uploads\/2019\/11\/downsyndrom_pixabay.jpg",36,24,false],"ddtl-language-flag":["https:\/\/digidem-bayern.de\/wp-content\/uploads\/2019\/11\/downsyndrom_pixabay.jpg",36,24,false],"mailpoet_newsletter_max":["https:\/\/digidem-bayern.de\/wp-content\/uploads\/2019\/11\/downsyndrom_pixabay.jpg",1280,853,false],"kahuna-lpbox-3":["https:\/\/digidem-bayern.de\/wp-content\/uploads\/2019\/11\/downsyndrom_pixabay-460x350.jpg",460,350,true],"kahuna-featured-square":["https:\/\/digidem-bayern.de\/wp-content\/uploads\/2019\/11\/downsyndrom_pixabay-512x512.jpg",512,512,true],"kahuna-featured-square-large":["https:\/\/digidem-bayern.de\/wp-content\/uploads\/2019\/11\/downsyndrom_pixabay-1024x853.jpg",1024,853,true]},"uagb_author_info":{"display_name":"Michael Zeiler","author_link":"https:\/\/digidem-bayern.de\/en\/author\/michael-zeiler\/"},"uagb_comment_info":0,"uagb_excerpt":"Schock, Trauer, Angst \u2013 eine Demenz-Diagnose bedeutet f\u00fcr Betroffene und ihre Angeh\u00f6rigen einen existenziellen Einschnitt. Umso wichtiger sind professionelle Unterst\u00fctzung und gezielte Informationen \u2013 die jedoch h\u00e4ufig zu lange auf sich warten lassen. Das berichtete auf der Alzheimer Europe-Konferenz in Den Haag auch Henry Brodaty, Professor f\u00fcr Alter und psychische &hellip;","_links":{"self":[{"href":"https:\/\/digidem-bayern.de\/en\/wp-json\/wp\/v2\/posts\/3941","targetHints":{"allow":["GET"]}}],"collection":[{"href":"https:\/\/digidem-bayern.de\/en\/wp-json\/wp\/v2\/posts"}],"about":[{"href":"https:\/\/digidem-bayern.de\/en\/wp-json\/wp\/v2\/types\/post"}],"author":[{"embeddable":true,"href":"https:\/\/digidem-bayern.de\/en\/wp-json\/wp\/v2\/users\/11"}],"replies":[{"embeddable":true,"href":"https:\/\/digidem-bayern.de\/en\/wp-json\/wp\/v2\/comments?post=3941"}],"version-history":[{"count":0,"href":"https:\/\/digidem-bayern.de\/en\/wp-json\/wp\/v2\/posts\/3941\/revisions"}],"wp:featuredmedia":[{"embeddable":true,"href":"https:\/\/digidem-bayern.de\/en\/wp-json\/wp\/v2\/media\/3976"}],"wp:attachment":[{"href":"https:\/\/digidem-bayern.de\/en\/wp-json\/wp\/v2\/media?parent=3941"}],"wp:term":[{"taxonomy":"category","embeddable":true,"href":"https:\/\/digidem-bayern.de\/en\/wp-json\/wp\/v2\/categories?post=3941"},{"taxonomy":"post_tag","embeddable":true,"href":"https:\/\/digidem-bayern.de\/en\/wp-json\/wp\/v2\/tags?post=3941"}],"curies":[{"name":"wp","href":"https:\/\/api.w.org\/{rel}","templated":true}]}}