{"id":39344,"date":"2024-10-17T12:44:53","date_gmt":"2024-10-17T10:44:53","guid":{"rendered":"https:\/\/digidem-bayern.de\/?p=39344"},"modified":"2025-02-05T18:07:37","modified_gmt":"2025-02-05T17:07:37","slug":"pflege-verzeihung-als-bewaeltigungsstrategie","status":"publish","type":"post","link":"https:\/\/digidem-bayern.de\/en\/pflege-verzeihung-als-bewaeltigungsstrategie\/","title":{"rendered":"Pflege: \u201eVerzeihung\u201c als Bew\u00e4ltigungsstrategie"},"content":{"rendered":"<p><strong>Wie pflegende An- und Zugeh\u00f6rige von Menschen mit Demenz Belastungen vermindern und die Lebensqualit\u00e4t verbessern k\u00f6nnen, zeigt eine Studie aus Portugal. Ein wichtiges Forschungsergebnis: Wer verzeihen kann, baut Stress ab und verringert die wahrgenommene subjektive Belastung.<\/strong><\/p>\n\n\n\n<p>Schreitet die Demenzerkrankung fort, steigen auch die Belastungen der pflegenden An- und Zugeh\u00f6rigen. Pflegenden An- und Zugeh\u00f6rige von Menschen mit Demenz empfinden h\u00e4ufig eine niedrigere Lebensqualit\u00e4t als Pflegepersonen von Menschen mit anderen chronischen Erkrankungen. In der Studie aus Portugal untersuchten die Forschenden den Zusammenhang zwischen Lebensqualit\u00e4t und der Belastung von pflegenden An- und Zugeh\u00f6rigen von Menschen mit Alzheimer-Demenz. Wie die Autoren berichten, wird in Portugal die Pflege \u00fcblicherweise von einem Familienmitglied \u00fcbernommen, \u201edas diese Rolle oft aus verschiedenen Gr\u00fcnden \u00fcbernimmt, beispielsweise aus einem durch soziale Normen bedingten Verpflichtungsgef\u00fchl, dem Gef\u00fchl, \u201eetwas zur\u00fcckzugeben\u201c oder altruistischen Motiven.\u201c<\/p>\n\n\n\n<p>Die Forschenden gelangen zu dem Ergebnis: \u201eWenn die Qualit\u00e4t der famili\u00e4ren Beziehungen abnimmt, nimmt die Belastung der Pflegenden tendenziell zu, und umgekehrt steigt tendenziell auch die Lebensqualit\u00e4t, wenn sich die Qualit\u00e4t der famili\u00e4ren Beziehungen verbessert.\u201c<\/p>\n\n\n<div class=\"wp-block-image\">\n<figure class=\"alignright size-full is-resized\"><img loading=\"lazy\" decoding=\"async\" width=\"1000\" height=\"555\" src=\"https:\/\/digidem-bayern.de\/wp-content\/uploads\/2024\/10\/shutterstock_Vergebung_Studie-NDI_2303897713.jpg\" alt=\"Vergebung kann als Bew\u00e4ltigungsstrategie wirken.\" class=\"wp-image-39277\" style=\"width:646px;height:auto\" srcset=\"https:\/\/digidem-bayern.de\/wp-content\/uploads\/2024\/10\/shutterstock_Vergebung_Studie-NDI_2303897713.jpg 1000w, https:\/\/digidem-bayern.de\/wp-content\/uploads\/2024\/10\/shutterstock_Vergebung_Studie-NDI_2303897713-300x167.jpg 300w, https:\/\/digidem-bayern.de\/wp-content\/uploads\/2024\/10\/shutterstock_Vergebung_Studie-NDI_2303897713-768x426.jpg 768w, https:\/\/digidem-bayern.de\/wp-content\/uploads\/2024\/10\/shutterstock_Vergebung_Studie-NDI_2303897713-631x350.jpg 631w\" sizes=\"auto, (max-width: 1000px) 100vw, 1000px\" \/><figcaption class=\"wp-element-caption\">Foto: Shutterstock<\/figcaption><\/figure>\n<\/div>\n\n\n<p><strong><strong>J\u00fcngere Pflegende haben h\u00f6here Lebensqualit\u00e4t<\/strong><\/strong><\/p>\n\n\n\n<p>In dieser Studie wurde auch das Alter der Pflegenden als wichtiger Faktor hinsichtlich der Lebensqualit\u00e4t untersucht. Demnach gibt es einen bedeutsamen Zusammenhang: In einem j\u00fcngeren Alter die Pflege einen Menschen mit Demenz zu \u00fcbernehmen war mit einer h\u00f6heren Lebensqualit\u00e4t verbunden. Ebenfalls geringer belastet waren jene, die sich selbst daf\u00fcr entschieden hatten, innerhalb der Familie die Pflegerolle zu w\u00e4hlen.<\/p>\n\n\n\n<p>Doch auch der Faktor \u201eVerzeihung\u201c wurde mit einbezogen. \u201eVerzeihung kann als Bew\u00e4ltigungsstrategie wirken\u201c, hei\u00dft es in der Studie, \u201edie die Empfindung von Stress bei der Pflege eines Patienten mit Alzheimer-Demenz abbaut.\u201c Zudem werde die wahrgenommene subjektive Belastung verringert. Infolgedessen sch\u00e4tzen die pflegenden An- und Zugeh\u00f6rigen ihre Lebensqualit\u00e4t als erh\u00f6ht ein.<\/p>\n\n\n\n<p><strong><strong>Verzeihen k\u00f6nnen<\/strong><\/strong><\/p>\n\n\n\n<p>Verzeihen zu k\u00f6nnen beeinflusse dabei den Zusammenhang zwischen famili\u00e4ren Beziehungen sowie Belastung und Stress bei der Pflege und \u00fcbernehme eine mildernde oder puffernde Rolle. \u201eInsbesondere wenn der pflegende An- und Zugeh\u00f6rige weniger verzeihend war, war der Wechselbeziehung zwischen schlechteren famili\u00e4ren Beziehungen und gr\u00f6\u00dferer Belastung st\u00e4rker.\u201c Der Zusammenhang zwischen famili\u00e4ren Beziehungen und Lebensqualit\u00e4t hingegen wurde durch Verzeihung nicht beeinflusst, was allerdings auch an der Wahl des Messinstruments gelegen haben k\u00f6nnte.<\/p>\n\n\n\n<p><strong><strong><strong>Alle Beteiligten einbinden<\/strong><\/strong><\/strong><\/p>\n\n\n\n<p>Da Verzeihung eine moderierende Rolle \u00fcbernehme, ist es nach Ansicht der Forschenden wichtig, im Rahmen von Ma\u00dfnahmen Verzeihung als Bew\u00e4ltigungsmechanismus f\u00fcr die pflegenden An- und Zugeh\u00f6rigen, andere Familienmitglieder und auch den Patienten selbst zu integrieren. So sollten zum Beispiel F\u00e4higkeiten zur Emotionsregulierung wie etwa die Verringerung von Groll, die Selbstf\u00fcrsorge und eine bessere Akzeptanz der Rolle als Pflegender angesprochen werden.<\/p>\n\n\n\n<p><strong>Tipp f\u00fcr die Praxis<\/strong>: Sich selbst und anderen zu verzeihen, kann eine wichtige Ma\u00dfnahme darstellen, um die Lebensqualit\u00e4t zu verbessern und die Belastung zu verringern. Bei der Beratung pflegender An- und Zugeh\u00f6riger sollten allerdings auch das Alter und die Qualit\u00e4t der famili\u00e4ren Beziehungen ber\u00fccksichtigt werden.<\/p>\n\n\n\n<p>Hier geht&#8217;s zur Studie:<\/p>\n\n\n\n<p><a href=\"https:\/\/www.tandfonline.com\/doi\/full\/10.1080\/13607863.2024.2320138#abstract\" target=\"_blank\" rel=\"noreferrer noopener\">Burden and quality of life of family caregivers of Alzheimer\u2019s disease patients: the role of forgiveness as a coping strategy<\/a><\/p>\n\n\n\n<p><\/p>\n\n\n\n<p><\/p>\n\n\n\n<div style=\"height:20px\" aria-hidden=\"true\" class=\"wp-block-spacer\"><\/div>\n\n\n\n<div style=\"height:20px\" aria-hidden=\"true\" class=\"wp-block-spacer\"><\/div>\n\n\n\n<p><\/p>","protected":false},"excerpt":{"rendered":"<p>Wie pflegende An- und Zugeh\u00f6rige von Menschen mit Demenz Belastungen vermindern und die Lebensqualit\u00e4t verbessern k\u00f6nnen, zeigt eine Studie aus Portugal. Ein wichtiges Forschungsergebnis: Wer verzeihen kann, baut Stress ab und verringert die wahrgenommene subjektive Belastung. Schreitet die Demenzerkrankung fort, steigen auch die Belastungen der pflegenden An- und Zugeh\u00f6rigen. Pflegenden &hellip;<\/p>","protected":false},"author":7,"featured_media":39277,"comment_status":"open","ping_status":"closed","sticky":false,"template":"","format":"standard","meta":{"qubely_global_settings":"","qubely_interactions":"","_uag_custom_page_level_css":"","footnotes":""},"categories":[5],"tags":[13,1247,83,12,14,17,55,486,175,1246,1245],"class_list":["post-39344","post","type-post","status-publish","format-standard","has-post-thumbnail","hentry","category-wissenschaft-forschung","tag-alzheimer","tag-bewaeltigung","tag-coping","tag-demenz-2","tag-digidem","tag-digidem-bayern","tag-digitales-demenzregister-bayern","tag-lebensqualitaet","tag-pflegebelastung","tag-verzeihen","tag-verzeihung"],"qubely_featured_image_url":{"full":["https:\/\/digidem-bayern.de\/wp-content\/uploads\/2024\/10\/shutterstock_Vergebung_Studie-NDI_2303897713.jpg",1000,555,false],"landscape":["https:\/\/digidem-bayern.de\/wp-content\/uploads\/2024\/10\/shutterstock_Vergebung_Studie-NDI_2303897713.jpg",1000,555,false],"portraits":["https:\/\/digidem-bayern.de\/wp-content\/uploads\/2024\/10\/shutterstock_Vergebung_Studie-NDI_2303897713-540x320.jpg",540,320,true],"thumbnail":["https:\/\/digidem-bayern.de\/wp-content\/uploads\/2024\/10\/shutterstock_Vergebung_Studie-NDI_2303897713-80x80.jpg",80,80,true],"medium":["https:\/\/digidem-bayern.de\/wp-content\/uploads\/2024\/10\/shutterstock_Vergebung_Studie-NDI_2303897713-300x167.jpg",300,167,true],"medium_large":["https:\/\/digidem-bayern.de\/wp-content\/uploads\/2024\/10\/shutterstock_Vergebung_Studie-NDI_2303897713-768x426.jpg",768,426,true],"large":["https:\/\/digidem-bayern.de\/wp-content\/uploads\/2024\/10\/shutterstock_Vergebung_Studie-NDI_2303897713.jpg",1000,555,false],"1536x1536":["https:\/\/digidem-bayern.de\/wp-content\/uploads\/2024\/10\/shutterstock_Vergebung_Studie-NDI_2303897713.jpg",1000,555,false],"2048x2048":["https:\/\/digidem-bayern.de\/wp-content\/uploads\/2024\/10\/shutterstock_Vergebung_Studie-NDI_2303897713.jpg",1000,555,false],"trp-custom-language-flag":["https:\/\/digidem-bayern.de\/wp-content\/uploads\/2024\/10\/shutterstock_Vergebung_Studie-NDI_2303897713.jpg",18,10,false],"qubely_landscape":["https:\/\/digidem-bayern.de\/wp-content\/uploads\/2024\/10\/shutterstock_Vergebung_Studie-NDI_2303897713.jpg",1000,555,false],"qubely_portrait":["https:\/\/digidem-bayern.de\/wp-content\/uploads\/2024\/10\/shutterstock_Vergebung_Studie-NDI_2303897713-540x320.jpg",540,320,true],"qubely_thumbnail":["https:\/\/digidem-bayern.de\/wp-content\/uploads\/2024\/10\/shutterstock_Vergebung_Studie-NDI_2303897713-140x100.jpg",140,100,true],"post-thumbnail":["https:\/\/digidem-bayern.de\/wp-content\/uploads\/2024\/10\/shutterstock_Vergebung_Studie-NDI_2303897713-631x350.jpg",631,350,true],"kahuna-featured":["https:\/\/digidem-bayern.de\/wp-content\/uploads\/2024\/10\/shutterstock_Vergebung_Studie-NDI_2303897713-734x350.jpg",734,350,true],"kahuna-featured-lp":["https:\/\/digidem-bayern.de\/wp-content\/uploads\/2024\/10\/shutterstock_Vergebung_Studie-NDI_2303897713-520x350.jpg",520,350,true],"kahuna-featured-half":["https:\/\/digidem-bayern.de\/wp-content\/uploads\/2024\/10\/shutterstock_Vergebung_Studie-NDI_2303897713-800x350.jpg",800,350,true],"kahuna-featured-third":["https:\/\/digidem-bayern.de\/wp-content\/uploads\/2024\/10\/shutterstock_Vergebung_Studie-NDI_2303897713-512x350.jpg",512,350,true],"kahuna-lpbox-1":["https:\/\/digidem-bayern.de\/wp-content\/uploads\/2024\/10\/shutterstock_Vergebung_Studie-NDI_2303897713-520x300.jpg",520,300,true],"kahuna-lpbox-2":["https:\/\/digidem-bayern.de\/wp-content\/uploads\/2024\/10\/shutterstock_Vergebung_Studie-NDI_2303897713-520x350.jpg",520,350,true],"demand-language-flag":["https:\/\/digidem-bayern.de\/wp-content\/uploads\/2024\/10\/shutterstock_Vergebung_Studie-NDI_2303897713-36x36.jpg",36,36,true],"dddkt-language-flag":["https:\/\/digidem-bayern.de\/wp-content\/uploads\/2024\/10\/shutterstock_Vergebung_Studie-NDI_2303897713-36x36.jpg",36,36,true],"ddiqc-language-flag":["https:\/\/digidem-bayern.de\/wp-content\/uploads\/2024\/10\/shutterstock_Vergebung_Studie-NDI_2303897713-36x36.jpg",36,36,true],"ddtl-language-flag":["https:\/\/digidem-bayern.de\/wp-content\/uploads\/2024\/10\/shutterstock_Vergebung_Studie-NDI_2303897713-36x36.jpg",36,36,true],"mailpoet_newsletter_max":["https:\/\/digidem-bayern.de\/wp-content\/uploads\/2024\/10\/shutterstock_Vergebung_Studie-NDI_2303897713.jpg",1000,555,false],"kahuna-lpbox-3":["https:\/\/digidem-bayern.de\/wp-content\/uploads\/2024\/10\/shutterstock_Vergebung_Studie-NDI_2303897713-520x350.jpg",520,350,true],"kahuna-featured-square":["https:\/\/digidem-bayern.de\/wp-content\/uploads\/2024\/10\/shutterstock_Vergebung_Studie-NDI_2303897713-512x512.jpg",512,512,true],"kahuna-featured-square-large":["https:\/\/digidem-bayern.de\/wp-content\/uploads\/2024\/10\/shutterstock_Vergebung_Studie-NDI_2303897713.jpg",1000,555,false]},"qubely_author":{"display_name":"Anne Keefer","author_link":"https:\/\/digidem-bayern.de\/en\/author\/ag-webinar\/"},"qubely_comment":2,"qubely_category":"<a href=\"https:\/\/digidem-bayern.de\/en\/category\/wissenschaft-forschung\/\" rel=\"category tag\">Wissenschaft &amp; Forschung<\/a>","qubely_excerpt":"Wie pflegende An- und Zugeh\u00f6rige von Menschen mit Demenz Belastungen vermindern und die Lebensqualit\u00e4t verbessern k\u00f6nnen, zeigt eine Studie aus Portugal. Ein wichtiges Forschungsergebnis: Wer verzeihen kann, baut Stress ab und verringert die wahrgenommene subjektive Belastung. Schreitet die Demenzerkrankung fort, steigen auch die Belastungen der pflegenden An- und Zugeh\u00f6rigen. Pflegenden &hellip;","featured_image_urls_v2":{"full":["https:\/\/digidem-bayern.de\/wp-content\/uploads\/2024\/10\/shutterstock_Vergebung_Studie-NDI_2303897713.jpg",1000,555,false],"thumbnail":["https:\/\/digidem-bayern.de\/wp-content\/uploads\/2024\/10\/shutterstock_Vergebung_Studie-NDI_2303897713-80x80.jpg",80,80,true],"medium":["https:\/\/digidem-bayern.de\/wp-content\/uploads\/2024\/10\/shutterstock_Vergebung_Studie-NDI_2303897713-300x167.jpg",300,167,true],"medium_large":["https:\/\/digidem-bayern.de\/wp-content\/uploads\/2024\/10\/shutterstock_Vergebung_Studie-NDI_2303897713-768x426.jpg",768,426,true],"large":["https:\/\/digidem-bayern.de\/wp-content\/uploads\/2024\/10\/shutterstock_Vergebung_Studie-NDI_2303897713.jpg",1000,555,false],"1536x1536":["https:\/\/digidem-bayern.de\/wp-content\/uploads\/2024\/10\/shutterstock_Vergebung_Studie-NDI_2303897713.jpg",1000,555,false],"2048x2048":["https:\/\/digidem-bayern.de\/wp-content\/uploads\/2024\/10\/shutterstock_Vergebung_Studie-NDI_2303897713.jpg",1000,555,false],"trp-custom-language-flag":["https:\/\/digidem-bayern.de\/wp-content\/uploads\/2024\/10\/shutterstock_Vergebung_Studie-NDI_2303897713.jpg",18,10,false],"qubely_landscape":["https:\/\/digidem-bayern.de\/wp-content\/uploads\/2024\/10\/shutterstock_Vergebung_Studie-NDI_2303897713.jpg",1000,555,false],"qubely_portrait":["https:\/\/digidem-bayern.de\/wp-content\/uploads\/2024\/10\/shutterstock_Vergebung_Studie-NDI_2303897713-540x320.jpg",540,320,true],"qubely_thumbnail":["https:\/\/digidem-bayern.de\/wp-content\/uploads\/2024\/10\/shutterstock_Vergebung_Studie-NDI_2303897713-140x100.jpg",140,100,true],"post-thumbnail":["https:\/\/digidem-bayern.de\/wp-content\/uploads\/2024\/10\/shutterstock_Vergebung_Studie-NDI_2303897713-631x350.jpg",631,350,true],"kahuna-featured":["https:\/\/digidem-bayern.de\/wp-content\/uploads\/2024\/10\/shutterstock_Vergebung_Studie-NDI_2303897713-734x350.jpg",734,350,true],"kahuna-featured-lp":["https:\/\/digidem-bayern.de\/wp-content\/uploads\/2024\/10\/shutterstock_Vergebung_Studie-NDI_2303897713-520x350.jpg",520,350,true],"kahuna-featured-half":["https:\/\/digidem-bayern.de\/wp-content\/uploads\/2024\/10\/shutterstock_Vergebung_Studie-NDI_2303897713-800x350.jpg",800,350,true],"kahuna-featured-third":["https:\/\/digidem-bayern.de\/wp-content\/uploads\/2024\/10\/shutterstock_Vergebung_Studie-NDI_2303897713-512x350.jpg",512,350,true],"kahuna-lpbox-1":["https:\/\/digidem-bayern.de\/wp-content\/uploads\/2024\/10\/shutterstock_Vergebung_Studie-NDI_2303897713-520x300.jpg",520,300,true],"kahuna-lpbox-2":["https:\/\/digidem-bayern.de\/wp-content\/uploads\/2024\/10\/shutterstock_Vergebung_Studie-NDI_2303897713-520x350.jpg",520,350,true],"demand-language-flag":["https:\/\/digidem-bayern.de\/wp-content\/uploads\/2024\/10\/shutterstock_Vergebung_Studie-NDI_2303897713-36x36.jpg",36,36,true],"dddkt-language-flag":["https:\/\/digidem-bayern.de\/wp-content\/uploads\/2024\/10\/shutterstock_Vergebung_Studie-NDI_2303897713-36x36.jpg",36,36,true],"ddiqc-language-flag":["https:\/\/digidem-bayern.de\/wp-content\/uploads\/2024\/10\/shutterstock_Vergebung_Studie-NDI_2303897713-36x36.jpg",36,36,true],"ddtl-language-flag":["https:\/\/digidem-bayern.de\/wp-content\/uploads\/2024\/10\/shutterstock_Vergebung_Studie-NDI_2303897713-36x36.jpg",36,36,true],"mailpoet_newsletter_max":["https:\/\/digidem-bayern.de\/wp-content\/uploads\/2024\/10\/shutterstock_Vergebung_Studie-NDI_2303897713.jpg",1000,555,false],"kahuna-lpbox-3":["https:\/\/digidem-bayern.de\/wp-content\/uploads\/2024\/10\/shutterstock_Vergebung_Studie-NDI_2303897713-520x350.jpg",520,350,true],"kahuna-featured-square":["https:\/\/digidem-bayern.de\/wp-content\/uploads\/2024\/10\/shutterstock_Vergebung_Studie-NDI_2303897713-512x512.jpg",512,512,true],"kahuna-featured-square-large":["https:\/\/digidem-bayern.de\/wp-content\/uploads\/2024\/10\/shutterstock_Vergebung_Studie-NDI_2303897713.jpg",1000,555,false]},"post_excerpt_stackable_v2":"<p>Wie pflegende An- und Zugeh\u00f6rige von Menschen mit Demenz Belastungen vermindern und die Lebensqualit\u00e4t verbessern k\u00f6nnen, zeigt eine Studie aus Portugal. Ein wichtiges Forschungsergebnis: Wer verzeihen kann, baut Stress ab und verringert die wahrgenommene subjektive Belastung. Schreitet die Demenzerkrankung fort, steigen auch die Belastungen der pflegenden An- und Zugeh\u00f6rigen. Pflegenden An- und Zugeh\u00f6rige von Menschen mit Demenz empfinden h\u00e4ufig eine niedrigere Lebensqualit\u00e4t als Pflegepersonen von Menschen mit anderen chronischen Erkrankungen. In der Studie aus Portugal untersuchten die Forschenden den Zusammenhang zwischen Lebensqualit\u00e4t und der Belastung von pflegenden An- und Zugeh\u00f6rigen von Menschen mit Alzheimer-Demenz. Wie die Autoren berichten, wird in&hellip;<\/p>\n","category_list_v2":"<a href=\"https:\/\/digidem-bayern.de\/en\/category\/wissenschaft-forschung\/\" rel=\"category tag\">Wissenschaft &amp; Forschung<\/a>","author_info_v2":{"name":"Anne Keefer","url":"https:\/\/digidem-bayern.de\/en\/author\/ag-webinar\/"},"comments_num_v2":"0 comments","yoast_head":"<!-- This site is optimized with the Yoast SEO plugin v27.4 - https:\/\/yoast.com\/product\/yoast-seo-wordpress\/ -->\n<title>Pflege: \u201eVerzeihung\u201c als Bew\u00e4ltigungsstrategie - digiDEM Bayern<\/title>\n<meta name=\"description\" content=\"Der Bayerische Landesapothekerkammer unterst\u00fctzt digiDEM Bayern mit Hilfe des Netzwerks &quot;Demenzfreundliche Apotheken&quot;.\" \/>\n<meta name=\"robots\" content=\"index, follow, max-snippet:-1, max-image-preview:large, max-video-preview:-1\" \/>\n<link rel=\"canonical\" href=\"https:\/\/digidem-bayern.de\/en\/pflege-verzeihung-als-bewaeltigungsstrategie\/\" \/>\n<meta property=\"og:locale\" content=\"en_US\" \/>\n<meta property=\"og:type\" content=\"article\" \/>\n<meta property=\"og:title\" content=\"Pflege: \u201eVerzeihung\u201c als Bew\u00e4ltigungsstrategie - digiDEM Bayern\" \/>\n<meta property=\"og:description\" content=\"Der Bayerische Landesapothekerkammer unterst\u00fctzt digiDEM Bayern mit Hilfe des Netzwerks &quot;Demenzfreundliche Apotheken&quot;.\" \/>\n<meta property=\"og:url\" content=\"https:\/\/digidem-bayern.de\/en\/pflege-verzeihung-als-bewaeltigungsstrategie\/\" \/>\n<meta property=\"og:site_name\" content=\"digiDEM Bayern\" \/>\n<meta property=\"article:publisher\" content=\"https:\/\/www.facebook.com\/digiDEMBayern\/\" \/>\n<meta property=\"article:published_time\" content=\"2024-10-17T10:44:53+00:00\" \/>\n<meta property=\"article:modified_time\" content=\"2025-02-05T17:07:37+00:00\" \/>\n<meta property=\"og:image\" content=\"https:\/\/digidem-bayern.de\/wp-content\/uploads\/2024\/10\/shutterstock_Vergebung_Studie-NDI_2303897713.jpg\" \/>\n\t<meta property=\"og:image:width\" content=\"1000\" \/>\n\t<meta property=\"og:image:height\" content=\"555\" \/>\n\t<meta property=\"og:image:type\" content=\"image\/jpeg\" \/>\n<meta name=\"author\" content=\"Anne Keefer\" \/>\n<meta name=\"twitter:label1\" content=\"Written by\" \/>\n\t<meta name=\"twitter:data1\" content=\"Anne Keefer\" \/>\n\t<meta name=\"twitter:label2\" content=\"Est. reading time\" \/>\n\t<meta name=\"twitter:data2\" content=\"2 minutes\" \/>\n<script type=\"application\/ld+json\" class=\"yoast-schema-graph\">{\"@context\":\"https:\\\/\\\/schema.org\",\"@graph\":[{\"@type\":\"Article\",\"@id\":\"https:\\\/\\\/digidem-bayern.de\\\/pflege-verzeihung-als-bewaeltigungsstrategie\\\/#article\",\"isPartOf\":{\"@id\":\"https:\\\/\\\/digidem-bayern.de\\\/pflege-verzeihung-als-bewaeltigungsstrategie\\\/\"},\"author\":{\"name\":\"Anne Keefer\",\"@id\":\"\\\/#\\\/schema\\\/person\\\/0e8781e0653d1a8e57ca55bd2c3cb01f\"},\"headline\":\"Pflege: \u201eVerzeihung\u201c als Bew\u00e4ltigungsstrategie\",\"datePublished\":\"2024-10-17T10:44:53+00:00\",\"dateModified\":\"2025-02-05T17:07:37+00:00\",\"mainEntityOfPage\":{\"@id\":\"https:\\\/\\\/digidem-bayern.de\\\/pflege-verzeihung-als-bewaeltigungsstrategie\\\/\"},\"wordCount\":547,\"commentCount\":0,\"publisher\":{\"@id\":\"\\\/#organization\"},\"image\":{\"@id\":\"https:\\\/\\\/digidem-bayern.de\\\/pflege-verzeihung-als-bewaeltigungsstrategie\\\/#primaryimage\"},\"thumbnailUrl\":\"https:\\\/\\\/digidem-bayern.de\\\/wp-content\\\/uploads\\\/2024\\\/10\\\/shutterstock_Vergebung_Studie-NDI_2303897713.jpg\",\"keywords\":[\"Alzheimer\",\"bew\u00e4ltigung\",\"Coping\",\"Demenz\",\"digidem\",\"digidem Bayern\",\"Digitales Demenzregister Bayern\",\"Lebensqualit\u00e4t\",\"Pflegebelastung\",\"verzeihen\",\"verzeihung\"],\"articleSection\":[\"Wissenschaft &amp; Forschung\"],\"inLanguage\":\"en-US\",\"potentialAction\":[{\"@type\":\"CommentAction\",\"name\":\"Comment\",\"target\":[\"https:\\\/\\\/digidem-bayern.de\\\/pflege-verzeihung-als-bewaeltigungsstrategie\\\/#respond\"]}]},{\"@type\":\"WebPage\",\"@id\":\"https:\\\/\\\/digidem-bayern.de\\\/pflege-verzeihung-als-bewaeltigungsstrategie\\\/\",\"url\":\"https:\\\/\\\/digidem-bayern.de\\\/pflege-verzeihung-als-bewaeltigungsstrategie\\\/\",\"name\":\"Pflege: \u201eVerzeihung\u201c als Bew\u00e4ltigungsstrategie - digiDEM Bayern\",\"isPartOf\":{\"@id\":\"\\\/#website\"},\"primaryImageOfPage\":{\"@id\":\"https:\\\/\\\/digidem-bayern.de\\\/pflege-verzeihung-als-bewaeltigungsstrategie\\\/#primaryimage\"},\"image\":{\"@id\":\"https:\\\/\\\/digidem-bayern.de\\\/pflege-verzeihung-als-bewaeltigungsstrategie\\\/#primaryimage\"},\"thumbnailUrl\":\"https:\\\/\\\/digidem-bayern.de\\\/wp-content\\\/uploads\\\/2024\\\/10\\\/shutterstock_Vergebung_Studie-NDI_2303897713.jpg\",\"datePublished\":\"2024-10-17T10:44:53+00:00\",\"dateModified\":\"2025-02-05T17:07:37+00:00\",\"description\":\"Der Bayerische Landesapothekerkammer unterst\u00fctzt digiDEM Bayern mit Hilfe des Netzwerks \\\"Demenzfreundliche Apotheken\\\".\",\"breadcrumb\":{\"@id\":\"https:\\\/\\\/digidem-bayern.de\\\/pflege-verzeihung-als-bewaeltigungsstrategie\\\/#breadcrumb\"},\"inLanguage\":\"en-US\",\"potentialAction\":[{\"@type\":\"ReadAction\",\"target\":[\"https:\\\/\\\/digidem-bayern.de\\\/pflege-verzeihung-als-bewaeltigungsstrategie\\\/\"]}]},{\"@type\":\"ImageObject\",\"inLanguage\":\"en-US\",\"@id\":\"https:\\\/\\\/digidem-bayern.de\\\/pflege-verzeihung-als-bewaeltigungsstrategie\\\/#primaryimage\",\"url\":\"https:\\\/\\\/digidem-bayern.de\\\/wp-content\\\/uploads\\\/2024\\\/10\\\/shutterstock_Vergebung_Studie-NDI_2303897713.jpg\",\"contentUrl\":\"https:\\\/\\\/digidem-bayern.de\\\/wp-content\\\/uploads\\\/2024\\\/10\\\/shutterstock_Vergebung_Studie-NDI_2303897713.jpg\",\"width\":1000,\"height\":555,\"caption\":\"Vergebung kann als Bew\u00e4ltigungsstrategie wirken.\"},{\"@type\":\"BreadcrumbList\",\"@id\":\"https:\\\/\\\/digidem-bayern.de\\\/pflege-verzeihung-als-bewaeltigungsstrategie\\\/#breadcrumb\",\"itemListElement\":[{\"@type\":\"ListItem\",\"position\":1,\"name\":\"Startseite\",\"item\":\"https:\\\/\\\/digidem-bayern.de\\\/\"},{\"@type\":\"ListItem\",\"position\":2,\"name\":\"Pflege: \u201eVerzeihung\u201c als Bew\u00e4ltigungsstrategie\"}]},{\"@type\":\"WebSite\",\"@id\":\"\\\/#website\",\"url\":\"\\\/\",\"name\":\"digiDEM Bayern\",\"description\":\"Das digitale Demenzregister Bayern erforscht und verbessert die Angebotsstuktur f\u00fcr Menschen mit Demenz und deren Angeh\u00f6rige\",\"publisher\":{\"@id\":\"\\\/#organization\"},\"potentialAction\":[{\"@type\":\"SearchAction\",\"target\":{\"@type\":\"EntryPoint\",\"urlTemplate\":\"\\\/?s={search_term_string}\"},\"query-input\":{\"@type\":\"PropertyValueSpecification\",\"valueRequired\":true,\"valueName\":\"search_term_string\"}}],\"inLanguage\":\"en-US\"},{\"@type\":\"Organization\",\"@id\":\"\\\/#organization\",\"name\":\"digiDEM Bayern\",\"url\":\"\\\/\",\"logo\":{\"@type\":\"ImageObject\",\"inLanguage\":\"en-US\",\"@id\":\"\\\/#\\\/schema\\\/logo\\\/image\\\/\",\"url\":\"https:\\\/\\\/digidem-bayern.de\\\/wp-content\\\/uploads\\\/2022\\\/03\\\/cropped-Allgemeines_digiDEMLOGO-removebg-preview.png\",\"contentUrl\":\"https:\\\/\\\/digidem-bayern.de\\\/wp-content\\\/uploads\\\/2022\\\/03\\\/cropped-Allgemeines_digiDEMLOGO-removebg-preview.png\",\"width\":612,\"height\":357,\"caption\":\"digiDEM Bayern\"},\"image\":{\"@id\":\"\\\/#\\\/schema\\\/logo\\\/image\\\/\"},\"sameAs\":[\"https:\\\/\\\/www.facebook.com\\\/digiDEMBayern\\\/\",\"https:\\\/\\\/x.com\\\/digidem_bayern\",\"https:\\\/\\\/www.instagram.com\\\/digidem.bayern\",\"https:\\\/\\\/www.linkedin.com\\\/company\\\/digidem-bayern\\\/\"]},{\"@type\":\"Person\",\"@id\":\"\\\/#\\\/schema\\\/person\\\/0e8781e0653d1a8e57ca55bd2c3cb01f\",\"name\":\"Anne Keefer\",\"url\":\"https:\\\/\\\/digidem-bayern.de\\\/en\\\/author\\\/ag-webinar\\\/\"}]}<\/script>\n<!-- \/ Yoast SEO plugin. -->","yoast_head_json":{"title":"Pflege: \u201eVerzeihung\u201c als Bew\u00e4ltigungsstrategie - digiDEM Bayern","description":"Der Bayerische Landesapothekerkammer unterst\u00fctzt digiDEM Bayern mit Hilfe des Netzwerks \"Demenzfreundliche Apotheken\".","robots":{"index":"index","follow":"follow","max-snippet":"max-snippet:-1","max-image-preview":"max-image-preview:large","max-video-preview":"max-video-preview:-1"},"canonical":"https:\/\/digidem-bayern.de\/en\/pflege-verzeihung-als-bewaeltigungsstrategie\/","og_locale":"en_US","og_type":"article","og_title":"Pflege: \u201eVerzeihung\u201c als Bew\u00e4ltigungsstrategie - digiDEM Bayern","og_description":"Der Bayerische Landesapothekerkammer unterst\u00fctzt digiDEM Bayern mit Hilfe des Netzwerks \"Demenzfreundliche Apotheken\".","og_url":"https:\/\/digidem-bayern.de\/en\/pflege-verzeihung-als-bewaeltigungsstrategie\/","og_site_name":"digiDEM Bayern","article_publisher":"https:\/\/www.facebook.com\/digiDEMBayern\/","article_published_time":"2024-10-17T10:44:53+00:00","article_modified_time":"2025-02-05T17:07:37+00:00","og_image":[{"width":1000,"height":555,"url":"https:\/\/digidem-bayern.de\/wp-content\/uploads\/2024\/10\/shutterstock_Vergebung_Studie-NDI_2303897713.jpg","type":"image\/jpeg"}],"author":"Anne Keefer","twitter_misc":{"Written by":"Anne Keefer","Est. reading time":"2 minutes"},"schema":{"@context":"https:\/\/schema.org","@graph":[{"@type":"Article","@id":"https:\/\/digidem-bayern.de\/pflege-verzeihung-als-bewaeltigungsstrategie\/#article","isPartOf":{"@id":"https:\/\/digidem-bayern.de\/pflege-verzeihung-als-bewaeltigungsstrategie\/"},"author":{"name":"Anne Keefer","@id":"\/#\/schema\/person\/0e8781e0653d1a8e57ca55bd2c3cb01f"},"headline":"Pflege: \u201eVerzeihung\u201c als Bew\u00e4ltigungsstrategie","datePublished":"2024-10-17T10:44:53+00:00","dateModified":"2025-02-05T17:07:37+00:00","mainEntityOfPage":{"@id":"https:\/\/digidem-bayern.de\/pflege-verzeihung-als-bewaeltigungsstrategie\/"},"wordCount":547,"commentCount":0,"publisher":{"@id":"\/#organization"},"image":{"@id":"https:\/\/digidem-bayern.de\/pflege-verzeihung-als-bewaeltigungsstrategie\/#primaryimage"},"thumbnailUrl":"https:\/\/digidem-bayern.de\/wp-content\/uploads\/2024\/10\/shutterstock_Vergebung_Studie-NDI_2303897713.jpg","keywords":["Alzheimer","bew\u00e4ltigung","Coping","Demenz","digidem","digidem Bayern","Digitales Demenzregister Bayern","Lebensqualit\u00e4t","Pflegebelastung","verzeihen","verzeihung"],"articleSection":["Wissenschaft &amp; Forschung"],"inLanguage":"en-US","potentialAction":[{"@type":"CommentAction","name":"Comment","target":["https:\/\/digidem-bayern.de\/pflege-verzeihung-als-bewaeltigungsstrategie\/#respond"]}]},{"@type":"WebPage","@id":"https:\/\/digidem-bayern.de\/pflege-verzeihung-als-bewaeltigungsstrategie\/","url":"https:\/\/digidem-bayern.de\/pflege-verzeihung-als-bewaeltigungsstrategie\/","name":"Pflege: \u201eVerzeihung\u201c als Bew\u00e4ltigungsstrategie - digiDEM Bayern","isPartOf":{"@id":"\/#website"},"primaryImageOfPage":{"@id":"https:\/\/digidem-bayern.de\/pflege-verzeihung-als-bewaeltigungsstrategie\/#primaryimage"},"image":{"@id":"https:\/\/digidem-bayern.de\/pflege-verzeihung-als-bewaeltigungsstrategie\/#primaryimage"},"thumbnailUrl":"https:\/\/digidem-bayern.de\/wp-content\/uploads\/2024\/10\/shutterstock_Vergebung_Studie-NDI_2303897713.jpg","datePublished":"2024-10-17T10:44:53+00:00","dateModified":"2025-02-05T17:07:37+00:00","description":"Der Bayerische Landesapothekerkammer unterst\u00fctzt digiDEM Bayern mit Hilfe des Netzwerks \"Demenzfreundliche Apotheken\".","breadcrumb":{"@id":"https:\/\/digidem-bayern.de\/pflege-verzeihung-als-bewaeltigungsstrategie\/#breadcrumb"},"inLanguage":"en-US","potentialAction":[{"@type":"ReadAction","target":["https:\/\/digidem-bayern.de\/pflege-verzeihung-als-bewaeltigungsstrategie\/"]}]},{"@type":"ImageObject","inLanguage":"en-US","@id":"https:\/\/digidem-bayern.de\/pflege-verzeihung-als-bewaeltigungsstrategie\/#primaryimage","url":"https:\/\/digidem-bayern.de\/wp-content\/uploads\/2024\/10\/shutterstock_Vergebung_Studie-NDI_2303897713.jpg","contentUrl":"https:\/\/digidem-bayern.de\/wp-content\/uploads\/2024\/10\/shutterstock_Vergebung_Studie-NDI_2303897713.jpg","width":1000,"height":555,"caption":"Vergebung kann als Bew\u00e4ltigungsstrategie wirken."},{"@type":"BreadcrumbList","@id":"https:\/\/digidem-bayern.de\/pflege-verzeihung-als-bewaeltigungsstrategie\/#breadcrumb","itemListElement":[{"@type":"ListItem","position":1,"name":"Startseite","item":"https:\/\/digidem-bayern.de\/"},{"@type":"ListItem","position":2,"name":"Pflege: \u201eVerzeihung\u201c als Bew\u00e4ltigungsstrategie"}]},{"@type":"WebSite","@id":"\/#website","url":"\/","name":"digiDEM Bavaria","description":"The digital dementia register in Bavaria researches and improves the structure of services for people with dementia and their relatives","publisher":{"@id":"\/#organization"},"potentialAction":[{"@type":"SearchAction","target":{"@type":"EntryPoint","urlTemplate":"\/?s={search_term_string}"},"query-input":{"@type":"PropertyValueSpecification","valueRequired":true,"valueName":"search_term_string"}}],"inLanguage":"en-US"},{"@type":"Organization","@id":"\/#organization","name":"digiDEM Bavaria","url":"\/","logo":{"@type":"ImageObject","inLanguage":"en-US","@id":"\/#\/schema\/logo\/image\/","url":"https:\/\/digidem-bayern.de\/wp-content\/uploads\/2022\/03\/cropped-Allgemeines_digiDEMLOGO-removebg-preview.png","contentUrl":"https:\/\/digidem-bayern.de\/wp-content\/uploads\/2022\/03\/cropped-Allgemeines_digiDEMLOGO-removebg-preview.png","width":612,"height":357,"caption":"digiDEM Bayern"},"image":{"@id":"\/#\/schema\/logo\/image\/"},"sameAs":["https:\/\/www.facebook.com\/digiDEMBayern\/","https:\/\/x.com\/digidem_bayern","https:\/\/www.instagram.com\/digidem.bayern","https:\/\/www.linkedin.com\/company\/digidem-bayern\/"]},{"@type":"Person","@id":"\/#\/schema\/person\/0e8781e0653d1a8e57ca55bd2c3cb01f","name":"Anne Keefer","url":"https:\/\/digidem-bayern.de\/en\/author\/ag-webinar\/"}]}},"uagb_featured_image_src":{"full":["https:\/\/digidem-bayern.de\/wp-content\/uploads\/2024\/10\/shutterstock_Vergebung_Studie-NDI_2303897713.jpg",1000,555,false],"thumbnail":["https:\/\/digidem-bayern.de\/wp-content\/uploads\/2024\/10\/shutterstock_Vergebung_Studie-NDI_2303897713-80x80.jpg",80,80,true],"medium":["https:\/\/digidem-bayern.de\/wp-content\/uploads\/2024\/10\/shutterstock_Vergebung_Studie-NDI_2303897713-300x167.jpg",300,167,true],"medium_large":["https:\/\/digidem-bayern.de\/wp-content\/uploads\/2024\/10\/shutterstock_Vergebung_Studie-NDI_2303897713-768x426.jpg",768,426,true],"large":["https:\/\/digidem-bayern.de\/wp-content\/uploads\/2024\/10\/shutterstock_Vergebung_Studie-NDI_2303897713.jpg",1000,555,false],"1536x1536":["https:\/\/digidem-bayern.de\/wp-content\/uploads\/2024\/10\/shutterstock_Vergebung_Studie-NDI_2303897713.jpg",1000,555,false],"2048x2048":["https:\/\/digidem-bayern.de\/wp-content\/uploads\/2024\/10\/shutterstock_Vergebung_Studie-NDI_2303897713.jpg",1000,555,false],"trp-custom-language-flag":["https:\/\/digidem-bayern.de\/wp-content\/uploads\/2024\/10\/shutterstock_Vergebung_Studie-NDI_2303897713.jpg",18,10,false],"qubely_landscape":["https:\/\/digidem-bayern.de\/wp-content\/uploads\/2024\/10\/shutterstock_Vergebung_Studie-NDI_2303897713.jpg",1000,555,false],"qubely_portrait":["https:\/\/digidem-bayern.de\/wp-content\/uploads\/2024\/10\/shutterstock_Vergebung_Studie-NDI_2303897713-540x320.jpg",540,320,true],"qubely_thumbnail":["https:\/\/digidem-bayern.de\/wp-content\/uploads\/2024\/10\/shutterstock_Vergebung_Studie-NDI_2303897713-140x100.jpg",140,100,true],"post-thumbnail":["https:\/\/digidem-bayern.de\/wp-content\/uploads\/2024\/10\/shutterstock_Vergebung_Studie-NDI_2303897713-631x350.jpg",631,350,true],"kahuna-featured":["https:\/\/digidem-bayern.de\/wp-content\/uploads\/2024\/10\/shutterstock_Vergebung_Studie-NDI_2303897713-734x350.jpg",734,350,true],"kahuna-featured-lp":["https:\/\/digidem-bayern.de\/wp-content\/uploads\/2024\/10\/shutterstock_Vergebung_Studie-NDI_2303897713-520x350.jpg",520,350,true],"kahuna-featured-half":["https:\/\/digidem-bayern.de\/wp-content\/uploads\/2024\/10\/shutterstock_Vergebung_Studie-NDI_2303897713-800x350.jpg",800,350,true],"kahuna-featured-third":["https:\/\/digidem-bayern.de\/wp-content\/uploads\/2024\/10\/shutterstock_Vergebung_Studie-NDI_2303897713-512x350.jpg",512,350,true],"kahuna-lpbox-1":["https:\/\/digidem-bayern.de\/wp-content\/uploads\/2024\/10\/shutterstock_Vergebung_Studie-NDI_2303897713-520x300.jpg",520,300,true],"kahuna-lpbox-2":["https:\/\/digidem-bayern.de\/wp-content\/uploads\/2024\/10\/shutterstock_Vergebung_Studie-NDI_2303897713-520x350.jpg",520,350,true],"demand-language-flag":["https:\/\/digidem-bayern.de\/wp-content\/uploads\/2024\/10\/shutterstock_Vergebung_Studie-NDI_2303897713-36x36.jpg",36,36,true],"dddkt-language-flag":["https:\/\/digidem-bayern.de\/wp-content\/uploads\/2024\/10\/shutterstock_Vergebung_Studie-NDI_2303897713-36x36.jpg",36,36,true],"ddiqc-language-flag":["https:\/\/digidem-bayern.de\/wp-content\/uploads\/2024\/10\/shutterstock_Vergebung_Studie-NDI_2303897713-36x36.jpg",36,36,true],"ddtl-language-flag":["https:\/\/digidem-bayern.de\/wp-content\/uploads\/2024\/10\/shutterstock_Vergebung_Studie-NDI_2303897713-36x36.jpg",36,36,true],"mailpoet_newsletter_max":["https:\/\/digidem-bayern.de\/wp-content\/uploads\/2024\/10\/shutterstock_Vergebung_Studie-NDI_2303897713.jpg",1000,555,false],"kahuna-lpbox-3":["https:\/\/digidem-bayern.de\/wp-content\/uploads\/2024\/10\/shutterstock_Vergebung_Studie-NDI_2303897713-520x350.jpg",520,350,true],"kahuna-featured-square":["https:\/\/digidem-bayern.de\/wp-content\/uploads\/2024\/10\/shutterstock_Vergebung_Studie-NDI_2303897713-512x512.jpg",512,512,true],"kahuna-featured-square-large":["https:\/\/digidem-bayern.de\/wp-content\/uploads\/2024\/10\/shutterstock_Vergebung_Studie-NDI_2303897713.jpg",1000,555,false]},"uagb_author_info":{"display_name":"Anne Keefer","author_link":"https:\/\/digidem-bayern.de\/en\/author\/ag-webinar\/"},"uagb_comment_info":2,"uagb_excerpt":"Wie pflegende An- und Zugeh\u00f6rige von Menschen mit Demenz Belastungen vermindern und die Lebensqualit\u00e4t verbessern k\u00f6nnen, zeigt eine Studie aus Portugal. Ein wichtiges Forschungsergebnis: Wer verzeihen kann, baut Stress ab und verringert die wahrgenommene subjektive Belastung. Schreitet die Demenzerkrankung fort, steigen auch die Belastungen der pflegenden An- und Zugeh\u00f6rigen. Pflegenden &hellip;","_links":{"self":[{"href":"https:\/\/digidem-bayern.de\/en\/wp-json\/wp\/v2\/posts\/39344","targetHints":{"allow":["GET"]}}],"collection":[{"href":"https:\/\/digidem-bayern.de\/en\/wp-json\/wp\/v2\/posts"}],"about":[{"href":"https:\/\/digidem-bayern.de\/en\/wp-json\/wp\/v2\/types\/post"}],"author":[{"embeddable":true,"href":"https:\/\/digidem-bayern.de\/en\/wp-json\/wp\/v2\/users\/7"}],"replies":[{"embeddable":true,"href":"https:\/\/digidem-bayern.de\/en\/wp-json\/wp\/v2\/comments?post=39344"}],"version-history":[{"count":2,"href":"https:\/\/digidem-bayern.de\/en\/wp-json\/wp\/v2\/posts\/39344\/revisions"}],"predecessor-version":[{"id":39427,"href":"https:\/\/digidem-bayern.de\/en\/wp-json\/wp\/v2\/posts\/39344\/revisions\/39427"}],"wp:featuredmedia":[{"embeddable":true,"href":"https:\/\/digidem-bayern.de\/en\/wp-json\/wp\/v2\/media\/39277"}],"wp:attachment":[{"href":"https:\/\/digidem-bayern.de\/en\/wp-json\/wp\/v2\/media?parent=39344"}],"wp:term":[{"taxonomy":"category","embeddable":true,"href":"https:\/\/digidem-bayern.de\/en\/wp-json\/wp\/v2\/categories?post=39344"},{"taxonomy":"post_tag","embeddable":true,"href":"https:\/\/digidem-bayern.de\/en\/wp-json\/wp\/v2\/tags?post=39344"}],"curies":[{"name":"wp","href":"https:\/\/api.w.org\/{rel}","templated":true}]}}