{"id":39343,"date":"2024-10-17T12:36:23","date_gmt":"2024-10-17T10:36:23","guid":{"rendered":"https:\/\/digidem-bayern.de\/?p=39343"},"modified":"2025-02-05T18:08:13","modified_gmt":"2025-02-05T17:08:13","slug":"aengste-rechtzeitig-behandeln-lassen","status":"publish","type":"post","link":"https:\/\/digidem-bayern.de\/en\/aengste-rechtzeitig-behandeln-lassen\/","title":{"rendered":"\u00c4ngste rechtzeitig behandeln lassen"},"content":{"rendered":"<p><strong>Angst ist bei \u00e4lteren Erwachsenen und bei Menschen mit Demenz sehr verbreitet. Doch wer chronische Angst oder neu auftretende \u00c4ngste durchlebt, hat auch ein h\u00f6heres Risiko, an einer Demenz zu erkranken. Besonders stark ausgepr\u00e4gt ist dieser Zusammenhang bei Menschen unter 70 Jahren. Dies fanden Forschende aus Australien heraus.<\/strong><\/p>\n\n\n\n<p>Haben Menschen gelegentlich Angst, ist dies eine normale Reaktion etwa auf Stress. Das Angstgef\u00fchl ist in diesem Fall normalerweise vor\u00fcbergehend. Ist Angst aber chronisch, bringen Wissenschaftler chronische Angst zum Beispiel mit Herz-Kreislauf-Erkrankungen und dem Absterben von Nervenzellen in Verbindung. Menschen mit Angst neigen eher zu einem ungesunden Lebensstil einschlie\u00dflich ungesunder Ern\u00e4hrung, k\u00f6rperlicher Inaktivit\u00e4t und Rauchen, was wiederum zu Herz-Kreislauf-Erkrankungen f\u00fchren kann, einem bekannten Risikofaktor f\u00fcr Demenz.<\/p>\n\n\n\n<p>Das Ziel einer Studie aus Australien war es, den Zusammenhang zwischen chronischen, \u00fcberwundenen und neu aufgetretenen Angstzust\u00e4nden sowie dem Demenzrisiko und dem Zeitpunkt, in welchem Alter Menschen Angstzust\u00e4nde erleben, zu untersuchen. An der Studie nahmen 2.132 Personen mit einem Durchschnittsalter von 76 Jahren teil.<\/p>\n\n\n<div class=\"wp-block-image\">\n<figure class=\"alignright size-full is-resized\"><img loading=\"lazy\" decoding=\"async\" width=\"1000\" height=\"623\" src=\"https:\/\/digidem-bayern.de\/wp-content\/uploads\/2024\/10\/shutterstock_Angst_Studie-JRUe_776881240.jpg\" alt=\"Wird die Angst jedoch bew\u00e4ltigt und werden Angstzust\u00e4nde rechtzeitig behandelt, kann dies zu einem geringeren Demenzrisiko f\u00fchren.\" class=\"wp-image-39276\" style=\"width:646px;height:auto\" srcset=\"https:\/\/digidem-bayern.de\/wp-content\/uploads\/2024\/10\/shutterstock_Angst_Studie-JRUe_776881240.jpg 1000w, https:\/\/digidem-bayern.de\/wp-content\/uploads\/2024\/10\/shutterstock_Angst_Studie-JRUe_776881240-300x187.jpg 300w, https:\/\/digidem-bayern.de\/wp-content\/uploads\/2024\/10\/shutterstock_Angst_Studie-JRUe_776881240-768x478.jpg 768w, https:\/\/digidem-bayern.de\/wp-content\/uploads\/2024\/10\/shutterstock_Angst_Studie-JRUe_776881240-562x350.jpg 562w\" sizes=\"auto, (max-width: 1000px) 100vw, 1000px\" \/><figcaption class=\"wp-element-caption\">Foto: Shutterstock<\/figcaption><\/figure>\n<\/div>\n\n\n<p><strong><strong>H\u00f6heres Demenzrisiko bei Menschen unter 70 Jahren<\/strong><\/strong><\/p>\n\n\n\n<p>Nach Auswertung der Daten kommen die Forschenden zu einem \u00fcberraschenden Ergebnis. Wer chronische Angst oder neu auftretende \u00c4ngste durchlebt, hat ein h\u00f6heres Demenzrisiko. Die durchschnittliche Zeit bis zur Demenzdiagnose betrug dabei zehn Jahre. Besonders stark ausgepr\u00e4gt ist dieser Zusammenhang bei Menschen unter 70 Jahren.<\/p>\n\n\n\n<p><strong><strong>Angst als ver\u00e4nderbarer Risikofaktor<\/strong><\/strong><\/p>\n\n\n\n<p>Wird die Angst jedoch bew\u00e4ltigt und werden Angstzust\u00e4nde rechtzeitig behandelt, kann dies zu einem geringeren Demenzrisiko f\u00fchren. \u201eBei \u00fcberwundenen Angstzust\u00e4nden gab es keinen Zusammenhang mit dem Demenzrisiko\u201c, betonen die Forschenden. \u201eDas Demenzrisiko bei \u00fcberwundenen Angstf\u00e4llen war \u00e4hnlich wie bei Personen ohne Angst.\u201c In der Studie hei\u00dft es: \u201eDiese Ergebnisse legen die M\u00f6glichkeit nahe, dass Angstzust\u00e4nde ein ver\u00e4nderbarer Risikofaktor f\u00fcr Demenz sind.\u201c Deshalb weisen die Forschenden speziell \u201eauf die m\u00f6gliche Rolle der Behandlung von Angst bei Erwachsenen mittleren und \u201ejungen\u201c Alters\u201c hin, um das Demenzrisiko im sp\u00e4teren Leben zu verringern.<\/p>\n\n\n\n<p><strong>Tipp f\u00fcr die Praxis<\/strong>: Z\u00f6gern Sie nicht, Hilfe in Anspruch zu nehmen, wenn Sie sich von Ihrer Angst belastet f\u00fchlen. Eine rechtzeitige Behandlung kann Ihre Lebensqualit\u00e4t verbessern und Ihr Risiko f\u00fcr Demenz senken.<\/p>\n\n\n\n<p>Hier geht&#8217;s zur Studie:<\/p>\n\n\n\n<p><a href=\"https:\/\/agsjournals.onlinelibrary.wiley.com\/doi\/10.1111\/jgs.19078\" target=\"_blank\" rel=\"noreferrer noopener\">The effect of anxiety on all-cause dementia: A longitudinal analysis from the Hunter Community Study<\/a><\/p>\n\n\n\n<p><\/p>\n\n\n\n<p><\/p>\n\n\n\n<div style=\"height:20px\" aria-hidden=\"true\" class=\"wp-block-spacer\"><\/div>\n\n\n\n<div style=\"height:20px\" aria-hidden=\"true\" class=\"wp-block-spacer\"><\/div>","protected":false},"excerpt":{"rendered":"<p>Angst ist bei \u00e4lteren Erwachsenen und bei Menschen mit Demenz sehr verbreitet. Doch wer chronische Angst oder neu auftretende \u00c4ngste durchlebt, hat auch ein h\u00f6heres Risiko, an einer Demenz zu erkranken. Besonders stark ausgepr\u00e4gt ist dieser Zusammenhang bei Menschen unter 70 Jahren. Dies fanden Forschende aus Australien heraus. Haben Menschen &hellip;<\/p>","protected":false},"author":7,"featured_media":39276,"comment_status":"open","ping_status":"closed","sticky":false,"template":"","format":"standard","meta":{"qubely_global_settings":"","qubely_interactions":"","_uag_custom_page_level_css":"","footnotes":""},"categories":[5],"tags":[13,300,12,203,177,14,17,55,281],"class_list":["post-39343","post","type-post","status-publish","format-standard","has-post-thumbnail","hentry","category-wissenschaft-forschung","tag-alzheimer","tag-angst","tag-demenz-2","tag-demenzpraevention","tag-demenzrisiko","tag-digidem","tag-digidem-bayern","tag-digitales-demenzregister-bayern","tag-risikofaktor"],"qubely_featured_image_url":{"full":["https:\/\/digidem-bayern.de\/wp-content\/uploads\/2024\/10\/shutterstock_Angst_Studie-JRUe_776881240.jpg",1000,623,false],"landscape":["https:\/\/digidem-bayern.de\/wp-content\/uploads\/2024\/10\/shutterstock_Angst_Studie-JRUe_776881240.jpg",1000,623,false],"portraits":["https:\/\/digidem-bayern.de\/wp-content\/uploads\/2024\/10\/shutterstock_Angst_Studie-JRUe_776881240-540x320.jpg",540,320,true],"thumbnail":["https:\/\/digidem-bayern.de\/wp-content\/uploads\/2024\/10\/shutterstock_Angst_Studie-JRUe_776881240-80x80.jpg",80,80,true],"medium":["https:\/\/digidem-bayern.de\/wp-content\/uploads\/2024\/10\/shutterstock_Angst_Studie-JRUe_776881240-300x187.jpg",300,187,true],"medium_large":["https:\/\/digidem-bayern.de\/wp-content\/uploads\/2024\/10\/shutterstock_Angst_Studie-JRUe_776881240-768x478.jpg",768,478,true],"large":["https:\/\/digidem-bayern.de\/wp-content\/uploads\/2024\/10\/shutterstock_Angst_Studie-JRUe_776881240.jpg",1000,623,false],"1536x1536":["https:\/\/digidem-bayern.de\/wp-content\/uploads\/2024\/10\/shutterstock_Angst_Studie-JRUe_776881240.jpg",1000,623,false],"2048x2048":["https:\/\/digidem-bayern.de\/wp-content\/uploads\/2024\/10\/shutterstock_Angst_Studie-JRUe_776881240.jpg",1000,623,false],"trp-custom-language-flag":["https:\/\/digidem-bayern.de\/wp-content\/uploads\/2024\/10\/shutterstock_Angst_Studie-JRUe_776881240.jpg",18,12,false],"qubely_landscape":["https:\/\/digidem-bayern.de\/wp-content\/uploads\/2024\/10\/shutterstock_Angst_Studie-JRUe_776881240.jpg",1000,623,false],"qubely_portrait":["https:\/\/digidem-bayern.de\/wp-content\/uploads\/2024\/10\/shutterstock_Angst_Studie-JRUe_776881240-540x320.jpg",540,320,true],"qubely_thumbnail":["https:\/\/digidem-bayern.de\/wp-content\/uploads\/2024\/10\/shutterstock_Angst_Studie-JRUe_776881240-140x100.jpg",140,100,true],"post-thumbnail":["https:\/\/digidem-bayern.de\/wp-content\/uploads\/2024\/10\/shutterstock_Angst_Studie-JRUe_776881240-562x350.jpg",562,350,true],"kahuna-featured":["https:\/\/digidem-bayern.de\/wp-content\/uploads\/2024\/10\/shutterstock_Angst_Studie-JRUe_776881240-734x350.jpg",734,350,true],"kahuna-featured-lp":["https:\/\/digidem-bayern.de\/wp-content\/uploads\/2024\/10\/shutterstock_Angst_Studie-JRUe_776881240-520x350.jpg",520,350,true],"kahuna-featured-half":["https:\/\/digidem-bayern.de\/wp-content\/uploads\/2024\/10\/shutterstock_Angst_Studie-JRUe_776881240-800x350.jpg",800,350,true],"kahuna-featured-third":["https:\/\/digidem-bayern.de\/wp-content\/uploads\/2024\/10\/shutterstock_Angst_Studie-JRUe_776881240-512x350.jpg",512,350,true],"kahuna-lpbox-1":["https:\/\/digidem-bayern.de\/wp-content\/uploads\/2024\/10\/shutterstock_Angst_Studie-JRUe_776881240-520x300.jpg",520,300,true],"kahuna-lpbox-2":["https:\/\/digidem-bayern.de\/wp-content\/uploads\/2024\/10\/shutterstock_Angst_Studie-JRUe_776881240-520x350.jpg",520,350,true],"demand-language-flag":["https:\/\/digidem-bayern.de\/wp-content\/uploads\/2024\/10\/shutterstock_Angst_Studie-JRUe_776881240-36x36.jpg",36,36,true],"dddkt-language-flag":["https:\/\/digidem-bayern.de\/wp-content\/uploads\/2024\/10\/shutterstock_Angst_Studie-JRUe_776881240-36x36.jpg",36,36,true],"ddiqc-language-flag":["https:\/\/digidem-bayern.de\/wp-content\/uploads\/2024\/10\/shutterstock_Angst_Studie-JRUe_776881240-36x36.jpg",36,36,true],"ddtl-language-flag":["https:\/\/digidem-bayern.de\/wp-content\/uploads\/2024\/10\/shutterstock_Angst_Studie-JRUe_776881240-36x36.jpg",36,36,true],"mailpoet_newsletter_max":["https:\/\/digidem-bayern.de\/wp-content\/uploads\/2024\/10\/shutterstock_Angst_Studie-JRUe_776881240.jpg",1000,623,false],"kahuna-lpbox-3":["https:\/\/digidem-bayern.de\/wp-content\/uploads\/2024\/10\/shutterstock_Angst_Studie-JRUe_776881240-520x350.jpg",520,350,true],"kahuna-featured-square":["https:\/\/digidem-bayern.de\/wp-content\/uploads\/2024\/10\/shutterstock_Angst_Studie-JRUe_776881240-512x512.jpg",512,512,true],"kahuna-featured-square-large":["https:\/\/digidem-bayern.de\/wp-content\/uploads\/2024\/10\/shutterstock_Angst_Studie-JRUe_776881240.jpg",1000,623,false]},"qubely_author":{"display_name":"Anne Keefer","author_link":"https:\/\/digidem-bayern.de\/en\/author\/ag-webinar\/"},"qubely_comment":1,"qubely_category":"<a href=\"https:\/\/digidem-bayern.de\/en\/category\/wissenschaft-forschung\/\" rel=\"category tag\">Wissenschaft &amp; Forschung<\/a>","qubely_excerpt":"Angst ist bei \u00e4lteren Erwachsenen und bei Menschen mit Demenz sehr verbreitet. Doch wer chronische Angst oder neu auftretende \u00c4ngste durchlebt, hat auch ein h\u00f6heres Risiko, an einer Demenz zu erkranken. Besonders stark ausgepr\u00e4gt ist dieser Zusammenhang bei Menschen unter 70 Jahren. Dies fanden Forschende aus Australien heraus. Haben Menschen &hellip;","featured_image_urls_v2":{"full":["https:\/\/digidem-bayern.de\/wp-content\/uploads\/2024\/10\/shutterstock_Angst_Studie-JRUe_776881240.jpg",1000,623,false],"thumbnail":["https:\/\/digidem-bayern.de\/wp-content\/uploads\/2024\/10\/shutterstock_Angst_Studie-JRUe_776881240-80x80.jpg",80,80,true],"medium":["https:\/\/digidem-bayern.de\/wp-content\/uploads\/2024\/10\/shutterstock_Angst_Studie-JRUe_776881240-300x187.jpg",300,187,true],"medium_large":["https:\/\/digidem-bayern.de\/wp-content\/uploads\/2024\/10\/shutterstock_Angst_Studie-JRUe_776881240-768x478.jpg",768,478,true],"large":["https:\/\/digidem-bayern.de\/wp-content\/uploads\/2024\/10\/shutterstock_Angst_Studie-JRUe_776881240.jpg",1000,623,false],"1536x1536":["https:\/\/digidem-bayern.de\/wp-content\/uploads\/2024\/10\/shutterstock_Angst_Studie-JRUe_776881240.jpg",1000,623,false],"2048x2048":["https:\/\/digidem-bayern.de\/wp-content\/uploads\/2024\/10\/shutterstock_Angst_Studie-JRUe_776881240.jpg",1000,623,false],"trp-custom-language-flag":["https:\/\/digidem-bayern.de\/wp-content\/uploads\/2024\/10\/shutterstock_Angst_Studie-JRUe_776881240.jpg",18,12,false],"qubely_landscape":["https:\/\/digidem-bayern.de\/wp-content\/uploads\/2024\/10\/shutterstock_Angst_Studie-JRUe_776881240.jpg",1000,623,false],"qubely_portrait":["https:\/\/digidem-bayern.de\/wp-content\/uploads\/2024\/10\/shutterstock_Angst_Studie-JRUe_776881240-540x320.jpg",540,320,true],"qubely_thumbnail":["https:\/\/digidem-bayern.de\/wp-content\/uploads\/2024\/10\/shutterstock_Angst_Studie-JRUe_776881240-140x100.jpg",140,100,true],"post-thumbnail":["https:\/\/digidem-bayern.de\/wp-content\/uploads\/2024\/10\/shutterstock_Angst_Studie-JRUe_776881240-562x350.jpg",562,350,true],"kahuna-featured":["https:\/\/digidem-bayern.de\/wp-content\/uploads\/2024\/10\/shutterstock_Angst_Studie-JRUe_776881240-734x350.jpg",734,350,true],"kahuna-featured-lp":["https:\/\/digidem-bayern.de\/wp-content\/uploads\/2024\/10\/shutterstock_Angst_Studie-JRUe_776881240-520x350.jpg",520,350,true],"kahuna-featured-half":["https:\/\/digidem-bayern.de\/wp-content\/uploads\/2024\/10\/shutterstock_Angst_Studie-JRUe_776881240-800x350.jpg",800,350,true],"kahuna-featured-third":["https:\/\/digidem-bayern.de\/wp-content\/uploads\/2024\/10\/shutterstock_Angst_Studie-JRUe_776881240-512x350.jpg",512,350,true],"kahuna-lpbox-1":["https:\/\/digidem-bayern.de\/wp-content\/uploads\/2024\/10\/shutterstock_Angst_Studie-JRUe_776881240-520x300.jpg",520,300,true],"kahuna-lpbox-2":["https:\/\/digidem-bayern.de\/wp-content\/uploads\/2024\/10\/shutterstock_Angst_Studie-JRUe_776881240-520x350.jpg",520,350,true],"demand-language-flag":["https:\/\/digidem-bayern.de\/wp-content\/uploads\/2024\/10\/shutterstock_Angst_Studie-JRUe_776881240-36x36.jpg",36,36,true],"dddkt-language-flag":["https:\/\/digidem-bayern.de\/wp-content\/uploads\/2024\/10\/shutterstock_Angst_Studie-JRUe_776881240-36x36.jpg",36,36,true],"ddiqc-language-flag":["https:\/\/digidem-bayern.de\/wp-content\/uploads\/2024\/10\/shutterstock_Angst_Studie-JRUe_776881240-36x36.jpg",36,36,true],"ddtl-language-flag":["https:\/\/digidem-bayern.de\/wp-content\/uploads\/2024\/10\/shutterstock_Angst_Studie-JRUe_776881240-36x36.jpg",36,36,true],"mailpoet_newsletter_max":["https:\/\/digidem-bayern.de\/wp-content\/uploads\/2024\/10\/shutterstock_Angst_Studie-JRUe_776881240.jpg",1000,623,false],"kahuna-lpbox-3":["https:\/\/digidem-bayern.de\/wp-content\/uploads\/2024\/10\/shutterstock_Angst_Studie-JRUe_776881240-520x350.jpg",520,350,true],"kahuna-featured-square":["https:\/\/digidem-bayern.de\/wp-content\/uploads\/2024\/10\/shutterstock_Angst_Studie-JRUe_776881240-512x512.jpg",512,512,true],"kahuna-featured-square-large":["https:\/\/digidem-bayern.de\/wp-content\/uploads\/2024\/10\/shutterstock_Angst_Studie-JRUe_776881240.jpg",1000,623,false]},"post_excerpt_stackable_v2":"<p>Angst ist bei \u00e4lteren Erwachsenen und bei Menschen mit Demenz sehr verbreitet. Doch wer chronische Angst oder neu auftretende \u00c4ngste durchlebt, hat auch ein h\u00f6heres Risiko, an einer Demenz zu erkranken. Besonders stark ausgepr\u00e4gt ist dieser Zusammenhang bei Menschen unter 70 Jahren. Dies fanden Forschende aus Australien heraus. Haben Menschen gelegentlich Angst, ist dies eine normale Reaktion etwa auf Stress. Das Angstgef\u00fchl ist in diesem Fall normalerweise vor\u00fcbergehend. Ist Angst aber chronisch, bringen Wissenschaftler chronische Angst zum Beispiel mit Herz-Kreislauf-Erkrankungen und dem Absterben von Nervenzellen in Verbindung. Menschen mit Angst neigen eher zu einem ungesunden Lebensstil einschlie\u00dflich ungesunder Ern\u00e4hrung, k\u00f6rperlicher&hellip;<\/p>\n","category_list_v2":"<a href=\"https:\/\/digidem-bayern.de\/en\/category\/wissenschaft-forschung\/\" rel=\"category tag\">Wissenschaft &amp; Forschung<\/a>","author_info_v2":{"name":"Anne Keefer","url":"https:\/\/digidem-bayern.de\/en\/author\/ag-webinar\/"},"comments_num_v2":"0 comments","yoast_head":"<!-- This site is optimized with the Yoast SEO plugin v27.4 - https:\/\/yoast.com\/product\/yoast-seo-wordpress\/ -->\n<title>\u00c4ngste rechtzeitig behandeln lassen - digiDEM Bayern<\/title>\n<meta name=\"description\" content=\"Der Bayerische Landesapothekerkammer unterst\u00fctzt digiDEM Bayern mit Hilfe des Netzwerks &quot;Demenzfreundliche Apotheken&quot;.\" \/>\n<meta name=\"robots\" content=\"index, follow, max-snippet:-1, max-image-preview:large, max-video-preview:-1\" \/>\n<link rel=\"canonical\" href=\"https:\/\/digidem-bayern.de\/en\/aengste-rechtzeitig-behandeln-lassen\/\" \/>\n<meta property=\"og:locale\" content=\"en_US\" \/>\n<meta property=\"og:type\" content=\"article\" \/>\n<meta property=\"og:title\" content=\"\u00c4ngste rechtzeitig behandeln lassen - digiDEM Bayern\" \/>\n<meta property=\"og:description\" content=\"Der Bayerische Landesapothekerkammer unterst\u00fctzt digiDEM Bayern mit Hilfe des Netzwerks &quot;Demenzfreundliche Apotheken&quot;.\" \/>\n<meta property=\"og:url\" content=\"https:\/\/digidem-bayern.de\/en\/aengste-rechtzeitig-behandeln-lassen\/\" \/>\n<meta property=\"og:site_name\" content=\"digiDEM Bayern\" \/>\n<meta property=\"article:publisher\" content=\"https:\/\/www.facebook.com\/digiDEMBayern\/\" \/>\n<meta property=\"article:published_time\" content=\"2024-10-17T10:36:23+00:00\" \/>\n<meta property=\"article:modified_time\" content=\"2025-02-05T17:08:13+00:00\" \/>\n<meta property=\"og:image\" content=\"https:\/\/digidem-bayern.de\/wp-content\/uploads\/2024\/10\/shutterstock_Angst_Studie-JRUe_776881240.jpg\" \/>\n\t<meta property=\"og:image:width\" content=\"1000\" \/>\n\t<meta property=\"og:image:height\" content=\"623\" \/>\n\t<meta property=\"og:image:type\" content=\"image\/jpeg\" \/>\n<meta name=\"author\" content=\"Anne Keefer\" \/>\n<meta name=\"twitter:label1\" content=\"Written by\" \/>\n\t<meta name=\"twitter:data1\" content=\"Anne Keefer\" \/>\n\t<meta name=\"twitter:label2\" content=\"Est. reading time\" \/>\n\t<meta name=\"twitter:data2\" content=\"2 minutes\" \/>\n<script type=\"application\/ld+json\" class=\"yoast-schema-graph\">{\"@context\":\"https:\\\/\\\/schema.org\",\"@graph\":[{\"@type\":\"Article\",\"@id\":\"https:\\\/\\\/digidem-bayern.de\\\/aengste-rechtzeitig-behandeln-lassen\\\/#article\",\"isPartOf\":{\"@id\":\"https:\\\/\\\/digidem-bayern.de\\\/aengste-rechtzeitig-behandeln-lassen\\\/\"},\"author\":{\"name\":\"Anne Keefer\",\"@id\":\"\\\/#\\\/schema\\\/person\\\/0e8781e0653d1a8e57ca55bd2c3cb01f\"},\"headline\":\"\u00c4ngste rechtzeitig behandeln lassen\",\"datePublished\":\"2024-10-17T10:36:23+00:00\",\"dateModified\":\"2025-02-05T17:08:13+00:00\",\"mainEntityOfPage\":{\"@id\":\"https:\\\/\\\/digidem-bayern.de\\\/aengste-rechtzeitig-behandeln-lassen\\\/\"},\"wordCount\":389,\"commentCount\":0,\"publisher\":{\"@id\":\"\\\/#organization\"},\"image\":{\"@id\":\"https:\\\/\\\/digidem-bayern.de\\\/aengste-rechtzeitig-behandeln-lassen\\\/#primaryimage\"},\"thumbnailUrl\":\"https:\\\/\\\/digidem-bayern.de\\\/wp-content\\\/uploads\\\/2024\\\/10\\\/shutterstock_Angst_Studie-JRUe_776881240.jpg\",\"keywords\":[\"Alzheimer\",\"Angst\",\"Demenz\",\"Demenzpr\u00e4vention\",\"Demenzrisiko\",\"digidem\",\"digidem Bayern\",\"Digitales Demenzregister Bayern\",\"Risikofaktor\"],\"articleSection\":[\"Wissenschaft &amp; Forschung\"],\"inLanguage\":\"en-US\",\"potentialAction\":[{\"@type\":\"CommentAction\",\"name\":\"Comment\",\"target\":[\"https:\\\/\\\/digidem-bayern.de\\\/aengste-rechtzeitig-behandeln-lassen\\\/#respond\"]}]},{\"@type\":\"WebPage\",\"@id\":\"https:\\\/\\\/digidem-bayern.de\\\/aengste-rechtzeitig-behandeln-lassen\\\/\",\"url\":\"https:\\\/\\\/digidem-bayern.de\\\/aengste-rechtzeitig-behandeln-lassen\\\/\",\"name\":\"\u00c4ngste rechtzeitig behandeln lassen - digiDEM Bayern\",\"isPartOf\":{\"@id\":\"\\\/#website\"},\"primaryImageOfPage\":{\"@id\":\"https:\\\/\\\/digidem-bayern.de\\\/aengste-rechtzeitig-behandeln-lassen\\\/#primaryimage\"},\"image\":{\"@id\":\"https:\\\/\\\/digidem-bayern.de\\\/aengste-rechtzeitig-behandeln-lassen\\\/#primaryimage\"},\"thumbnailUrl\":\"https:\\\/\\\/digidem-bayern.de\\\/wp-content\\\/uploads\\\/2024\\\/10\\\/shutterstock_Angst_Studie-JRUe_776881240.jpg\",\"datePublished\":\"2024-10-17T10:36:23+00:00\",\"dateModified\":\"2025-02-05T17:08:13+00:00\",\"description\":\"Der Bayerische Landesapothekerkammer unterst\u00fctzt digiDEM Bayern mit Hilfe des Netzwerks \\\"Demenzfreundliche Apotheken\\\".\",\"breadcrumb\":{\"@id\":\"https:\\\/\\\/digidem-bayern.de\\\/aengste-rechtzeitig-behandeln-lassen\\\/#breadcrumb\"},\"inLanguage\":\"en-US\",\"potentialAction\":[{\"@type\":\"ReadAction\",\"target\":[\"https:\\\/\\\/digidem-bayern.de\\\/aengste-rechtzeitig-behandeln-lassen\\\/\"]}]},{\"@type\":\"ImageObject\",\"inLanguage\":\"en-US\",\"@id\":\"https:\\\/\\\/digidem-bayern.de\\\/aengste-rechtzeitig-behandeln-lassen\\\/#primaryimage\",\"url\":\"https:\\\/\\\/digidem-bayern.de\\\/wp-content\\\/uploads\\\/2024\\\/10\\\/shutterstock_Angst_Studie-JRUe_776881240.jpg\",\"contentUrl\":\"https:\\\/\\\/digidem-bayern.de\\\/wp-content\\\/uploads\\\/2024\\\/10\\\/shutterstock_Angst_Studie-JRUe_776881240.jpg\",\"width\":1000,\"height\":623,\"caption\":\"Foto: Shutterstock\"},{\"@type\":\"BreadcrumbList\",\"@id\":\"https:\\\/\\\/digidem-bayern.de\\\/aengste-rechtzeitig-behandeln-lassen\\\/#breadcrumb\",\"itemListElement\":[{\"@type\":\"ListItem\",\"position\":1,\"name\":\"Startseite\",\"item\":\"https:\\\/\\\/digidem-bayern.de\\\/\"},{\"@type\":\"ListItem\",\"position\":2,\"name\":\"\u00c4ngste rechtzeitig behandeln lassen\"}]},{\"@type\":\"WebSite\",\"@id\":\"\\\/#website\",\"url\":\"\\\/\",\"name\":\"digiDEM Bayern\",\"description\":\"Das digitale Demenzregister Bayern erforscht und verbessert die Angebotsstuktur f\u00fcr Menschen mit Demenz und deren Angeh\u00f6rige\",\"publisher\":{\"@id\":\"\\\/#organization\"},\"potentialAction\":[{\"@type\":\"SearchAction\",\"target\":{\"@type\":\"EntryPoint\",\"urlTemplate\":\"\\\/?s={search_term_string}\"},\"query-input\":{\"@type\":\"PropertyValueSpecification\",\"valueRequired\":true,\"valueName\":\"search_term_string\"}}],\"inLanguage\":\"en-US\"},{\"@type\":\"Organization\",\"@id\":\"\\\/#organization\",\"name\":\"digiDEM Bayern\",\"url\":\"\\\/\",\"logo\":{\"@type\":\"ImageObject\",\"inLanguage\":\"en-US\",\"@id\":\"\\\/#\\\/schema\\\/logo\\\/image\\\/\",\"url\":\"https:\\\/\\\/digidem-bayern.de\\\/wp-content\\\/uploads\\\/2022\\\/03\\\/cropped-Allgemeines_digiDEMLOGO-removebg-preview.png\",\"contentUrl\":\"https:\\\/\\\/digidem-bayern.de\\\/wp-content\\\/uploads\\\/2022\\\/03\\\/cropped-Allgemeines_digiDEMLOGO-removebg-preview.png\",\"width\":612,\"height\":357,\"caption\":\"digiDEM Bayern\"},\"image\":{\"@id\":\"\\\/#\\\/schema\\\/logo\\\/image\\\/\"},\"sameAs\":[\"https:\\\/\\\/www.facebook.com\\\/digiDEMBayern\\\/\",\"https:\\\/\\\/x.com\\\/digidem_bayern\",\"https:\\\/\\\/www.instagram.com\\\/digidem.bayern\",\"https:\\\/\\\/www.linkedin.com\\\/company\\\/digidem-bayern\\\/\"]},{\"@type\":\"Person\",\"@id\":\"\\\/#\\\/schema\\\/person\\\/0e8781e0653d1a8e57ca55bd2c3cb01f\",\"name\":\"Anne Keefer\",\"url\":\"https:\\\/\\\/digidem-bayern.de\\\/en\\\/author\\\/ag-webinar\\\/\"}]}<\/script>\n<!-- \/ Yoast SEO plugin. -->","yoast_head_json":{"title":"\u00c4ngste rechtzeitig behandeln lassen - digiDEM Bayern","description":"Der Bayerische Landesapothekerkammer unterst\u00fctzt digiDEM Bayern mit Hilfe des Netzwerks \"Demenzfreundliche Apotheken\".","robots":{"index":"index","follow":"follow","max-snippet":"max-snippet:-1","max-image-preview":"max-image-preview:large","max-video-preview":"max-video-preview:-1"},"canonical":"https:\/\/digidem-bayern.de\/en\/aengste-rechtzeitig-behandeln-lassen\/","og_locale":"en_US","og_type":"article","og_title":"\u00c4ngste rechtzeitig behandeln lassen - digiDEM Bayern","og_description":"Der Bayerische Landesapothekerkammer unterst\u00fctzt digiDEM Bayern mit Hilfe des Netzwerks \"Demenzfreundliche Apotheken\".","og_url":"https:\/\/digidem-bayern.de\/en\/aengste-rechtzeitig-behandeln-lassen\/","og_site_name":"digiDEM Bayern","article_publisher":"https:\/\/www.facebook.com\/digiDEMBayern\/","article_published_time":"2024-10-17T10:36:23+00:00","article_modified_time":"2025-02-05T17:08:13+00:00","og_image":[{"width":1000,"height":623,"url":"https:\/\/digidem-bayern.de\/wp-content\/uploads\/2024\/10\/shutterstock_Angst_Studie-JRUe_776881240.jpg","type":"image\/jpeg"}],"author":"Anne Keefer","twitter_misc":{"Written by":"Anne Keefer","Est. reading time":"2 minutes"},"schema":{"@context":"https:\/\/schema.org","@graph":[{"@type":"Article","@id":"https:\/\/digidem-bayern.de\/aengste-rechtzeitig-behandeln-lassen\/#article","isPartOf":{"@id":"https:\/\/digidem-bayern.de\/aengste-rechtzeitig-behandeln-lassen\/"},"author":{"name":"Anne Keefer","@id":"\/#\/schema\/person\/0e8781e0653d1a8e57ca55bd2c3cb01f"},"headline":"\u00c4ngste rechtzeitig behandeln lassen","datePublished":"2024-10-17T10:36:23+00:00","dateModified":"2025-02-05T17:08:13+00:00","mainEntityOfPage":{"@id":"https:\/\/digidem-bayern.de\/aengste-rechtzeitig-behandeln-lassen\/"},"wordCount":389,"commentCount":0,"publisher":{"@id":"\/#organization"},"image":{"@id":"https:\/\/digidem-bayern.de\/aengste-rechtzeitig-behandeln-lassen\/#primaryimage"},"thumbnailUrl":"https:\/\/digidem-bayern.de\/wp-content\/uploads\/2024\/10\/shutterstock_Angst_Studie-JRUe_776881240.jpg","keywords":["Alzheimer","Angst","Demenz","Demenzpr\u00e4vention","Demenzrisiko","digidem","digidem Bayern","Digitales Demenzregister Bayern","Risikofaktor"],"articleSection":["Wissenschaft &amp; Forschung"],"inLanguage":"en-US","potentialAction":[{"@type":"CommentAction","name":"Comment","target":["https:\/\/digidem-bayern.de\/aengste-rechtzeitig-behandeln-lassen\/#respond"]}]},{"@type":"WebPage","@id":"https:\/\/digidem-bayern.de\/aengste-rechtzeitig-behandeln-lassen\/","url":"https:\/\/digidem-bayern.de\/aengste-rechtzeitig-behandeln-lassen\/","name":"\u00c4ngste rechtzeitig behandeln lassen - digiDEM Bayern","isPartOf":{"@id":"\/#website"},"primaryImageOfPage":{"@id":"https:\/\/digidem-bayern.de\/aengste-rechtzeitig-behandeln-lassen\/#primaryimage"},"image":{"@id":"https:\/\/digidem-bayern.de\/aengste-rechtzeitig-behandeln-lassen\/#primaryimage"},"thumbnailUrl":"https:\/\/digidem-bayern.de\/wp-content\/uploads\/2024\/10\/shutterstock_Angst_Studie-JRUe_776881240.jpg","datePublished":"2024-10-17T10:36:23+00:00","dateModified":"2025-02-05T17:08:13+00:00","description":"Der Bayerische Landesapothekerkammer unterst\u00fctzt digiDEM Bayern mit Hilfe des Netzwerks \"Demenzfreundliche Apotheken\".","breadcrumb":{"@id":"https:\/\/digidem-bayern.de\/aengste-rechtzeitig-behandeln-lassen\/#breadcrumb"},"inLanguage":"en-US","potentialAction":[{"@type":"ReadAction","target":["https:\/\/digidem-bayern.de\/aengste-rechtzeitig-behandeln-lassen\/"]}]},{"@type":"ImageObject","inLanguage":"en-US","@id":"https:\/\/digidem-bayern.de\/aengste-rechtzeitig-behandeln-lassen\/#primaryimage","url":"https:\/\/digidem-bayern.de\/wp-content\/uploads\/2024\/10\/shutterstock_Angst_Studie-JRUe_776881240.jpg","contentUrl":"https:\/\/digidem-bayern.de\/wp-content\/uploads\/2024\/10\/shutterstock_Angst_Studie-JRUe_776881240.jpg","width":1000,"height":623,"caption":"Foto: Shutterstock"},{"@type":"BreadcrumbList","@id":"https:\/\/digidem-bayern.de\/aengste-rechtzeitig-behandeln-lassen\/#breadcrumb","itemListElement":[{"@type":"ListItem","position":1,"name":"Startseite","item":"https:\/\/digidem-bayern.de\/"},{"@type":"ListItem","position":2,"name":"\u00c4ngste rechtzeitig behandeln lassen"}]},{"@type":"WebSite","@id":"\/#website","url":"\/","name":"digiDEM Bavaria","description":"The digital dementia register in Bavaria researches and improves the structure of services for people with dementia and their relatives","publisher":{"@id":"\/#organization"},"potentialAction":[{"@type":"SearchAction","target":{"@type":"EntryPoint","urlTemplate":"\/?s={search_term_string}"},"query-input":{"@type":"PropertyValueSpecification","valueRequired":true,"valueName":"search_term_string"}}],"inLanguage":"en-US"},{"@type":"Organization","@id":"\/#organization","name":"digiDEM Bavaria","url":"\/","logo":{"@type":"ImageObject","inLanguage":"en-US","@id":"\/#\/schema\/logo\/image\/","url":"https:\/\/digidem-bayern.de\/wp-content\/uploads\/2022\/03\/cropped-Allgemeines_digiDEMLOGO-removebg-preview.png","contentUrl":"https:\/\/digidem-bayern.de\/wp-content\/uploads\/2022\/03\/cropped-Allgemeines_digiDEMLOGO-removebg-preview.png","width":612,"height":357,"caption":"digiDEM Bayern"},"image":{"@id":"\/#\/schema\/logo\/image\/"},"sameAs":["https:\/\/www.facebook.com\/digiDEMBayern\/","https:\/\/x.com\/digidem_bayern","https:\/\/www.instagram.com\/digidem.bayern","https:\/\/www.linkedin.com\/company\/digidem-bayern\/"]},{"@type":"Person","@id":"\/#\/schema\/person\/0e8781e0653d1a8e57ca55bd2c3cb01f","name":"Anne Keefer","url":"https:\/\/digidem-bayern.de\/en\/author\/ag-webinar\/"}]}},"uagb_featured_image_src":{"full":["https:\/\/digidem-bayern.de\/wp-content\/uploads\/2024\/10\/shutterstock_Angst_Studie-JRUe_776881240.jpg",1000,623,false],"thumbnail":["https:\/\/digidem-bayern.de\/wp-content\/uploads\/2024\/10\/shutterstock_Angst_Studie-JRUe_776881240-80x80.jpg",80,80,true],"medium":["https:\/\/digidem-bayern.de\/wp-content\/uploads\/2024\/10\/shutterstock_Angst_Studie-JRUe_776881240-300x187.jpg",300,187,true],"medium_large":["https:\/\/digidem-bayern.de\/wp-content\/uploads\/2024\/10\/shutterstock_Angst_Studie-JRUe_776881240-768x478.jpg",768,478,true],"large":["https:\/\/digidem-bayern.de\/wp-content\/uploads\/2024\/10\/shutterstock_Angst_Studie-JRUe_776881240.jpg",1000,623,false],"1536x1536":["https:\/\/digidem-bayern.de\/wp-content\/uploads\/2024\/10\/shutterstock_Angst_Studie-JRUe_776881240.jpg",1000,623,false],"2048x2048":["https:\/\/digidem-bayern.de\/wp-content\/uploads\/2024\/10\/shutterstock_Angst_Studie-JRUe_776881240.jpg",1000,623,false],"trp-custom-language-flag":["https:\/\/digidem-bayern.de\/wp-content\/uploads\/2024\/10\/shutterstock_Angst_Studie-JRUe_776881240.jpg",18,12,false],"qubely_landscape":["https:\/\/digidem-bayern.de\/wp-content\/uploads\/2024\/10\/shutterstock_Angst_Studie-JRUe_776881240.jpg",1000,623,false],"qubely_portrait":["https:\/\/digidem-bayern.de\/wp-content\/uploads\/2024\/10\/shutterstock_Angst_Studie-JRUe_776881240-540x320.jpg",540,320,true],"qubely_thumbnail":["https:\/\/digidem-bayern.de\/wp-content\/uploads\/2024\/10\/shutterstock_Angst_Studie-JRUe_776881240-140x100.jpg",140,100,true],"post-thumbnail":["https:\/\/digidem-bayern.de\/wp-content\/uploads\/2024\/10\/shutterstock_Angst_Studie-JRUe_776881240-562x350.jpg",562,350,true],"kahuna-featured":["https:\/\/digidem-bayern.de\/wp-content\/uploads\/2024\/10\/shutterstock_Angst_Studie-JRUe_776881240-734x350.jpg",734,350,true],"kahuna-featured-lp":["https:\/\/digidem-bayern.de\/wp-content\/uploads\/2024\/10\/shutterstock_Angst_Studie-JRUe_776881240-520x350.jpg",520,350,true],"kahuna-featured-half":["https:\/\/digidem-bayern.de\/wp-content\/uploads\/2024\/10\/shutterstock_Angst_Studie-JRUe_776881240-800x350.jpg",800,350,true],"kahuna-featured-third":["https:\/\/digidem-bayern.de\/wp-content\/uploads\/2024\/10\/shutterstock_Angst_Studie-JRUe_776881240-512x350.jpg",512,350,true],"kahuna-lpbox-1":["https:\/\/digidem-bayern.de\/wp-content\/uploads\/2024\/10\/shutterstock_Angst_Studie-JRUe_776881240-520x300.jpg",520,300,true],"kahuna-lpbox-2":["https:\/\/digidem-bayern.de\/wp-content\/uploads\/2024\/10\/shutterstock_Angst_Studie-JRUe_776881240-520x350.jpg",520,350,true],"demand-language-flag":["https:\/\/digidem-bayern.de\/wp-content\/uploads\/2024\/10\/shutterstock_Angst_Studie-JRUe_776881240-36x36.jpg",36,36,true],"dddkt-language-flag":["https:\/\/digidem-bayern.de\/wp-content\/uploads\/2024\/10\/shutterstock_Angst_Studie-JRUe_776881240-36x36.jpg",36,36,true],"ddiqc-language-flag":["https:\/\/digidem-bayern.de\/wp-content\/uploads\/2024\/10\/shutterstock_Angst_Studie-JRUe_776881240-36x36.jpg",36,36,true],"ddtl-language-flag":["https:\/\/digidem-bayern.de\/wp-content\/uploads\/2024\/10\/shutterstock_Angst_Studie-JRUe_776881240-36x36.jpg",36,36,true],"mailpoet_newsletter_max":["https:\/\/digidem-bayern.de\/wp-content\/uploads\/2024\/10\/shutterstock_Angst_Studie-JRUe_776881240.jpg",1000,623,false],"kahuna-lpbox-3":["https:\/\/digidem-bayern.de\/wp-content\/uploads\/2024\/10\/shutterstock_Angst_Studie-JRUe_776881240-520x350.jpg",520,350,true],"kahuna-featured-square":["https:\/\/digidem-bayern.de\/wp-content\/uploads\/2024\/10\/shutterstock_Angst_Studie-JRUe_776881240-512x512.jpg",512,512,true],"kahuna-featured-square-large":["https:\/\/digidem-bayern.de\/wp-content\/uploads\/2024\/10\/shutterstock_Angst_Studie-JRUe_776881240.jpg",1000,623,false]},"uagb_author_info":{"display_name":"Anne Keefer","author_link":"https:\/\/digidem-bayern.de\/en\/author\/ag-webinar\/"},"uagb_comment_info":1,"uagb_excerpt":"Angst ist bei \u00e4lteren Erwachsenen und bei Menschen mit Demenz sehr verbreitet. Doch wer chronische Angst oder neu auftretende \u00c4ngste durchlebt, hat auch ein h\u00f6heres Risiko, an einer Demenz zu erkranken. Besonders stark ausgepr\u00e4gt ist dieser Zusammenhang bei Menschen unter 70 Jahren. Dies fanden Forschende aus Australien heraus. Haben Menschen &hellip;","_links":{"self":[{"href":"https:\/\/digidem-bayern.de\/en\/wp-json\/wp\/v2\/posts\/39343","targetHints":{"allow":["GET"]}}],"collection":[{"href":"https:\/\/digidem-bayern.de\/en\/wp-json\/wp\/v2\/posts"}],"about":[{"href":"https:\/\/digidem-bayern.de\/en\/wp-json\/wp\/v2\/types\/post"}],"author":[{"embeddable":true,"href":"https:\/\/digidem-bayern.de\/en\/wp-json\/wp\/v2\/users\/7"}],"replies":[{"embeddable":true,"href":"https:\/\/digidem-bayern.de\/en\/wp-json\/wp\/v2\/comments?post=39343"}],"version-history":[{"count":2,"href":"https:\/\/digidem-bayern.de\/en\/wp-json\/wp\/v2\/posts\/39343\/revisions"}],"predecessor-version":[{"id":40111,"href":"https:\/\/digidem-bayern.de\/en\/wp-json\/wp\/v2\/posts\/39343\/revisions\/40111"}],"wp:featuredmedia":[{"embeddable":true,"href":"https:\/\/digidem-bayern.de\/en\/wp-json\/wp\/v2\/media\/39276"}],"wp:attachment":[{"href":"https:\/\/digidem-bayern.de\/en\/wp-json\/wp\/v2\/media?parent=39343"}],"wp:term":[{"taxonomy":"category","embeddable":true,"href":"https:\/\/digidem-bayern.de\/en\/wp-json\/wp\/v2\/categories?post=39343"},{"taxonomy":"post_tag","embeddable":true,"href":"https:\/\/digidem-bayern.de\/en\/wp-json\/wp\/v2\/tags?post=39343"}],"curies":[{"name":"wp","href":"https:\/\/api.w.org\/{rel}","templated":true}]}}