{"id":39341,"date":"2024-10-16T16:33:24","date_gmt":"2024-10-16T14:33:24","guid":{"rendered":"https:\/\/digidem-bayern.de\/?p=39341"},"modified":"2025-02-05T18:09:25","modified_gmt":"2025-02-05T17:09:25","slug":"wenn-demenz-zu-depressionen-fuhrt","status":"publish","type":"post","link":"https:\/\/digidem-bayern.de\/en\/wenn-demenz-zu-depressionen-fuhrt\/","title":{"rendered":"Wenn Demenz zu Depressionen f\u00fchrt"},"content":{"rendered":"<p><strong>Wie hoch das Risiko ist, nach einer Alzheimer-Diagnose an einer schweren Depression zu erkranken, haben Forschende aus den USA und Schweden untersucht. An der Studie nahmen mehr als vier Millionen Menschen aus Schweden teil. Ihre Ergebnisse wurden im April 2024 im renommierten Fachmagazin <em>Alzheimer\u2019s &amp; Dementia<\/em> ver\u00f6ffentlicht.<\/strong><\/p>\n\n\n\n<p>Verschlechtern sich bei einer Alzheimer-Demenz die kognitiven F\u00e4higkeiten, kann dies mit dem Auftreten von psychologischen Symptomen wie zum Beispiel einer Depression einhergehen. Diese wiederum k\u00f6nnen die allgemeine Funktionsf\u00e4higkeit, die Lebensqualit\u00e4t und die Gesundheit weiter beeintr\u00e4chtigen.<\/p>\n\n\n\n<p><strong><strong>Gro\u00dfe Kohorte an Studienteilnehmenden<\/strong><\/strong><\/p>\n\n\n\n<p>W\u00e4hrend eine Depression als ein m\u00f6gliches Anzeichen und damit als Risikofaktor f\u00fcr Demenz gilt, ist das umgekehrte Risiko, dass Menschen mit Alzheimer-Demenz eine Depression entwickeln, allerdings wenig erforscht. Ge\u00e4ndert haben dies Forschende aus den USA und Schweden. An ihrer Studie nahmen knapp 130.000 Menschen mit Alzheimer-Demenz und mehr als 390.000 Menschen mit einer Demenz unterschiedlicher Ursachen teil. Hinzu kamen als Kontrollgruppe \u00fcber 3,9 Millionen Menschen ohne Demenz. Mit Hilfe dieser sehr gro\u00dfen Stichprobe versuchten sie unter anderem, die Risiken einer schweren Depression nach der Diagnose einer Alzheimer-Demenz zu untersuchen. Ber\u00fccksichtigt haben sie dabei auch soziodemografische Faktoren und Mehrfacherkrankungen (Komorbidit\u00e4ten).<\/p>\n\n\n<div class=\"wp-block-image\">\n<figure class=\"alignright size-full is-resized\"><img loading=\"lazy\" decoding=\"async\" width=\"1000\" height=\"667\" src=\"https:\/\/digidem-bayern.de\/wp-content\/uploads\/2024\/10\/shutterstock_Depression_Studie-JRUe_2398833869.jpg\" alt=\"Verschlechtern sich bei einer Alzheimer-Demenz die kognitiven F\u00e4higkeiten, kann dies mit dem Auftreten von psychologischen Symptomen wie zum Beispiel einer Depression einhergehen\" class=\"wp-image-39274\" style=\"width:646px;height:auto\" srcset=\"https:\/\/digidem-bayern.de\/wp-content\/uploads\/2024\/10\/shutterstock_Depression_Studie-JRUe_2398833869.jpg 1000w, https:\/\/digidem-bayern.de\/wp-content\/uploads\/2024\/10\/shutterstock_Depression_Studie-JRUe_2398833869-300x200.jpg 300w, https:\/\/digidem-bayern.de\/wp-content\/uploads\/2024\/10\/shutterstock_Depression_Studie-JRUe_2398833869-768x512.jpg 768w, https:\/\/digidem-bayern.de\/wp-content\/uploads\/2024\/10\/shutterstock_Depression_Studie-JRUe_2398833869-525x350.jpg 525w\" sizes=\"auto, (max-width: 1000px) 100vw, 1000px\" \/><figcaption class=\"wp-element-caption\">Foto: Shutterstock<\/figcaption><\/figure>\n<\/div>\n\n\n<p><strong><strong>Doppelt so hohes Risiko<\/strong><\/strong><\/p>\n\n\n\n<p>Die Ergebnisse, die die Forschenden aus dieser gro\u00dfen Stichprobe gewonnen haben, r\u00fctteln auf. Sowohl Frauen als auch M\u00e4nner mit Alzheimer-Demenz hatten ein mehr als doppelt so hohes Risiko, eine Depression zu entwickeln. Aber eine Alzheimer-Demenz war dabei \u201ef\u00fcr deutlich mehr F\u00e4lle schwerer Depressionen bei Frauen verantwortlich.\u201c Im ersten Jahr nach der Diagnosestellung war das Risiko sowohl bei Frauen als auch bei M\u00e4nnern sogar dreifach h\u00f6her und blieb bis zu drei Jahre sp\u00e4ter noch immer \u201edeutlich erh\u00f6ht\u201c. Am st\u00e4rksten betroffen waren Personen, die zum Zeitpunkt der Demenzdiagnose 85 Jahre oder \u00e4lter waren.<\/p>\n\n\n\n<p>In der Studie wurden auch soziodemografische Faktoren und Mehrfacherkrankungen (Komorbidit\u00e4ten) ber\u00fccksichtigt. Demnach hatten Menschen mit diagnostizierter Demenz eher einen hohen Bildungsgrad. Dies sei m\u00f6glicherweise auf eine st\u00e4rkere Inanspruchnahme von Gesundheitsleistungen zur\u00fcckzuf\u00fchren.<\/p>\n\n\n\n<p><strong><strong><strong>Engmaschig \u00fcberwachen<\/strong><\/strong><\/strong><\/p>\n\n\n\n<p>Damit bei Menschen mit Alzheimer-Demenz oder verwandten Demenzerkrankungen Depressionen fr\u00fchzeitig erkannt und behandelt werden k\u00f6nnen, sollten die Patienten engmaschig und langfristig auf psychosoziale Belastungen \u00fcberwacht werden, bilanzierten die Forschenden. \u201ePsychosoziale Interventionen wie zum Beispiel kognitive Verhaltenstherapie und \u201eVerhaltensaktivierung\u201c haben sich als wirksam erwiesen, um Depressionssymptome zu reduzieren und die Lebensqualit\u00e4t und allgemeine Funktionsf\u00e4higkeit von Patienten mit Alzheimer-Demenz zu verbessern.\u201c<\/p>\n\n\n\n<p><strong>Tipp f\u00fcr die Praxis<\/strong>: Besonders im ersten Jahr nach einer Alzheimer-Diagnose ist eine enge \u00e4rztliche Begleitung wichtig. Achten Sie auf Ver\u00e4nderungen im Verhalten und der Stimmung und z\u00f6gern Sie nicht, professionelle Hilfe in Anspruch zu nehmen.<\/p>\n\n\n\n<p>Hier geht&#8217;s zur Studie:<\/p>\n\n\n\n<p><a href=\"https:\/\/alz-journals.onlinelibrary.wiley.com\/doi\/10.1002\/dad2.12584\" target=\"_blank\" rel=\"noreferrer noopener\">Risk of depression in persons with Alzheimer&#8217;s disease: A national cohort study <\/a><\/p>\n\n\n\n<p><\/p>\n\n\n\n<p><\/p>\n\n\n\n<div style=\"height:20px\" aria-hidden=\"true\" class=\"wp-block-spacer\"><\/div>\n\n\n\n<div style=\"height:20px\" aria-hidden=\"true\" class=\"wp-block-spacer\"><\/div>","protected":false},"excerpt":{"rendered":"<p>Wie hoch das Risiko ist, nach einer Alzheimer-Diagnose an einer schweren Depression zu erkranken, haben Forschende aus den USA und Schweden untersucht. An der Studie nahmen mehr als vier Millionen Menschen aus Schweden teil. Ihre Ergebnisse wurden im April 2024 im renommierten Fachmagazin Alzheimer\u2019s &amp; Dementia ver\u00f6ffentlicht. Verschlechtern sich bei &hellip;<\/p>","protected":false},"author":7,"featured_media":39274,"comment_status":"open","ping_status":"closed","sticky":false,"template":"","format":"standard","meta":{"qubely_global_settings":"","qubely_interactions":"","_uag_custom_page_level_css":"","footnotes":""},"categories":[5],"tags":[13,12,541,14,17,55],"class_list":["post-39341","post","type-post","status-publish","format-standard","has-post-thumbnail","hentry","category-wissenschaft-forschung","tag-alzheimer","tag-demenz-2","tag-depression","tag-digidem","tag-digidem-bayern","tag-digitales-demenzregister-bayern"],"qubely_featured_image_url":{"full":["https:\/\/digidem-bayern.de\/wp-content\/uploads\/2024\/10\/shutterstock_Depression_Studie-JRUe_2398833869.jpg",1000,667,false],"landscape":["https:\/\/digidem-bayern.de\/wp-content\/uploads\/2024\/10\/shutterstock_Depression_Studie-JRUe_2398833869.jpg",1000,667,false],"portraits":["https:\/\/digidem-bayern.de\/wp-content\/uploads\/2024\/10\/shutterstock_Depression_Studie-JRUe_2398833869-540x320.jpg",540,320,true],"thumbnail":["https:\/\/digidem-bayern.de\/wp-content\/uploads\/2024\/10\/shutterstock_Depression_Studie-JRUe_2398833869-80x80.jpg",80,80,true],"medium":["https:\/\/digidem-bayern.de\/wp-content\/uploads\/2024\/10\/shutterstock_Depression_Studie-JRUe_2398833869-300x200.jpg",300,200,true],"medium_large":["https:\/\/digidem-bayern.de\/wp-content\/uploads\/2024\/10\/shutterstock_Depression_Studie-JRUe_2398833869-768x512.jpg",768,512,true],"large":["https:\/\/digidem-bayern.de\/wp-content\/uploads\/2024\/10\/shutterstock_Depression_Studie-JRUe_2398833869.jpg",1000,667,false],"1536x1536":["https:\/\/digidem-bayern.de\/wp-content\/uploads\/2024\/10\/shutterstock_Depression_Studie-JRUe_2398833869.jpg",1000,667,false],"2048x2048":["https:\/\/digidem-bayern.de\/wp-content\/uploads\/2024\/10\/shutterstock_Depression_Studie-JRUe_2398833869.jpg",1000,667,false],"trp-custom-language-flag":["https:\/\/digidem-bayern.de\/wp-content\/uploads\/2024\/10\/shutterstock_Depression_Studie-JRUe_2398833869.jpg",18,12,false],"qubely_landscape":["https:\/\/digidem-bayern.de\/wp-content\/uploads\/2024\/10\/shutterstock_Depression_Studie-JRUe_2398833869.jpg",1000,667,false],"qubely_portrait":["https:\/\/digidem-bayern.de\/wp-content\/uploads\/2024\/10\/shutterstock_Depression_Studie-JRUe_2398833869-540x320.jpg",540,320,true],"qubely_thumbnail":["https:\/\/digidem-bayern.de\/wp-content\/uploads\/2024\/10\/shutterstock_Depression_Studie-JRUe_2398833869-140x100.jpg",140,100,true],"post-thumbnail":["https:\/\/digidem-bayern.de\/wp-content\/uploads\/2024\/10\/shutterstock_Depression_Studie-JRUe_2398833869-525x350.jpg",525,350,true],"kahuna-featured":["https:\/\/digidem-bayern.de\/wp-content\/uploads\/2024\/10\/shutterstock_Depression_Studie-JRUe_2398833869-734x350.jpg",734,350,true],"kahuna-featured-lp":["https:\/\/digidem-bayern.de\/wp-content\/uploads\/2024\/10\/shutterstock_Depression_Studie-JRUe_2398833869-520x350.jpg",520,350,true],"kahuna-featured-half":["https:\/\/digidem-bayern.de\/wp-content\/uploads\/2024\/10\/shutterstock_Depression_Studie-JRUe_2398833869-800x350.jpg",800,350,true],"kahuna-featured-third":["https:\/\/digidem-bayern.de\/wp-content\/uploads\/2024\/10\/shutterstock_Depression_Studie-JRUe_2398833869-512x350.jpg",512,350,true],"kahuna-lpbox-1":["https:\/\/digidem-bayern.de\/wp-content\/uploads\/2024\/10\/shutterstock_Depression_Studie-JRUe_2398833869-520x300.jpg",520,300,true],"kahuna-lpbox-2":["https:\/\/digidem-bayern.de\/wp-content\/uploads\/2024\/10\/shutterstock_Depression_Studie-JRUe_2398833869-520x350.jpg",520,350,true],"demand-language-flag":["https:\/\/digidem-bayern.de\/wp-content\/uploads\/2024\/10\/shutterstock_Depression_Studie-JRUe_2398833869-36x36.jpg",36,36,true],"dddkt-language-flag":["https:\/\/digidem-bayern.de\/wp-content\/uploads\/2024\/10\/shutterstock_Depression_Studie-JRUe_2398833869-36x36.jpg",36,36,true],"ddiqc-language-flag":["https:\/\/digidem-bayern.de\/wp-content\/uploads\/2024\/10\/shutterstock_Depression_Studie-JRUe_2398833869-36x36.jpg",36,36,true],"ddtl-language-flag":["https:\/\/digidem-bayern.de\/wp-content\/uploads\/2024\/10\/shutterstock_Depression_Studie-JRUe_2398833869-36x36.jpg",36,36,true],"mailpoet_newsletter_max":["https:\/\/digidem-bayern.de\/wp-content\/uploads\/2024\/10\/shutterstock_Depression_Studie-JRUe_2398833869.jpg",1000,667,false],"kahuna-lpbox-3":["https:\/\/digidem-bayern.de\/wp-content\/uploads\/2024\/10\/shutterstock_Depression_Studie-JRUe_2398833869-520x350.jpg",520,350,true],"kahuna-featured-square":["https:\/\/digidem-bayern.de\/wp-content\/uploads\/2024\/10\/shutterstock_Depression_Studie-JRUe_2398833869-512x512.jpg",512,512,true],"kahuna-featured-square-large":["https:\/\/digidem-bayern.de\/wp-content\/uploads\/2024\/10\/shutterstock_Depression_Studie-JRUe_2398833869.jpg",1000,667,false]},"qubely_author":{"display_name":"Anne Keefer","author_link":"https:\/\/digidem-bayern.de\/en\/author\/ag-webinar\/"},"qubely_comment":0,"qubely_category":"<a href=\"https:\/\/digidem-bayern.de\/en\/category\/wissenschaft-forschung\/\" rel=\"category tag\">Wissenschaft &amp; Forschung<\/a>","qubely_excerpt":"Wie hoch das Risiko ist, nach einer Alzheimer-Diagnose an einer schweren Depression zu erkranken, haben Forschende aus den USA und Schweden untersucht. An der Studie nahmen mehr als vier Millionen Menschen aus Schweden teil. Ihre Ergebnisse wurden im April 2024 im renommierten Fachmagazin Alzheimer\u2019s &amp; Dementia ver\u00f6ffentlicht. Verschlechtern sich bei &hellip;","featured_image_urls_v2":{"full":["https:\/\/digidem-bayern.de\/wp-content\/uploads\/2024\/10\/shutterstock_Depression_Studie-JRUe_2398833869.jpg",1000,667,false],"thumbnail":["https:\/\/digidem-bayern.de\/wp-content\/uploads\/2024\/10\/shutterstock_Depression_Studie-JRUe_2398833869-80x80.jpg",80,80,true],"medium":["https:\/\/digidem-bayern.de\/wp-content\/uploads\/2024\/10\/shutterstock_Depression_Studie-JRUe_2398833869-300x200.jpg",300,200,true],"medium_large":["https:\/\/digidem-bayern.de\/wp-content\/uploads\/2024\/10\/shutterstock_Depression_Studie-JRUe_2398833869-768x512.jpg",768,512,true],"large":["https:\/\/digidem-bayern.de\/wp-content\/uploads\/2024\/10\/shutterstock_Depression_Studie-JRUe_2398833869.jpg",1000,667,false],"1536x1536":["https:\/\/digidem-bayern.de\/wp-content\/uploads\/2024\/10\/shutterstock_Depression_Studie-JRUe_2398833869.jpg",1000,667,false],"2048x2048":["https:\/\/digidem-bayern.de\/wp-content\/uploads\/2024\/10\/shutterstock_Depression_Studie-JRUe_2398833869.jpg",1000,667,false],"trp-custom-language-flag":["https:\/\/digidem-bayern.de\/wp-content\/uploads\/2024\/10\/shutterstock_Depression_Studie-JRUe_2398833869.jpg",18,12,false],"qubely_landscape":["https:\/\/digidem-bayern.de\/wp-content\/uploads\/2024\/10\/shutterstock_Depression_Studie-JRUe_2398833869.jpg",1000,667,false],"qubely_portrait":["https:\/\/digidem-bayern.de\/wp-content\/uploads\/2024\/10\/shutterstock_Depression_Studie-JRUe_2398833869-540x320.jpg",540,320,true],"qubely_thumbnail":["https:\/\/digidem-bayern.de\/wp-content\/uploads\/2024\/10\/shutterstock_Depression_Studie-JRUe_2398833869-140x100.jpg",140,100,true],"post-thumbnail":["https:\/\/digidem-bayern.de\/wp-content\/uploads\/2024\/10\/shutterstock_Depression_Studie-JRUe_2398833869-525x350.jpg",525,350,true],"kahuna-featured":["https:\/\/digidem-bayern.de\/wp-content\/uploads\/2024\/10\/shutterstock_Depression_Studie-JRUe_2398833869-734x350.jpg",734,350,true],"kahuna-featured-lp":["https:\/\/digidem-bayern.de\/wp-content\/uploads\/2024\/10\/shutterstock_Depression_Studie-JRUe_2398833869-520x350.jpg",520,350,true],"kahuna-featured-half":["https:\/\/digidem-bayern.de\/wp-content\/uploads\/2024\/10\/shutterstock_Depression_Studie-JRUe_2398833869-800x350.jpg",800,350,true],"kahuna-featured-third":["https:\/\/digidem-bayern.de\/wp-content\/uploads\/2024\/10\/shutterstock_Depression_Studie-JRUe_2398833869-512x350.jpg",512,350,true],"kahuna-lpbox-1":["https:\/\/digidem-bayern.de\/wp-content\/uploads\/2024\/10\/shutterstock_Depression_Studie-JRUe_2398833869-520x300.jpg",520,300,true],"kahuna-lpbox-2":["https:\/\/digidem-bayern.de\/wp-content\/uploads\/2024\/10\/shutterstock_Depression_Studie-JRUe_2398833869-520x350.jpg",520,350,true],"demand-language-flag":["https:\/\/digidem-bayern.de\/wp-content\/uploads\/2024\/10\/shutterstock_Depression_Studie-JRUe_2398833869-36x36.jpg",36,36,true],"dddkt-language-flag":["https:\/\/digidem-bayern.de\/wp-content\/uploads\/2024\/10\/shutterstock_Depression_Studie-JRUe_2398833869-36x36.jpg",36,36,true],"ddiqc-language-flag":["https:\/\/digidem-bayern.de\/wp-content\/uploads\/2024\/10\/shutterstock_Depression_Studie-JRUe_2398833869-36x36.jpg",36,36,true],"ddtl-language-flag":["https:\/\/digidem-bayern.de\/wp-content\/uploads\/2024\/10\/shutterstock_Depression_Studie-JRUe_2398833869-36x36.jpg",36,36,true],"mailpoet_newsletter_max":["https:\/\/digidem-bayern.de\/wp-content\/uploads\/2024\/10\/shutterstock_Depression_Studie-JRUe_2398833869.jpg",1000,667,false],"kahuna-lpbox-3":["https:\/\/digidem-bayern.de\/wp-content\/uploads\/2024\/10\/shutterstock_Depression_Studie-JRUe_2398833869-520x350.jpg",520,350,true],"kahuna-featured-square":["https:\/\/digidem-bayern.de\/wp-content\/uploads\/2024\/10\/shutterstock_Depression_Studie-JRUe_2398833869-512x512.jpg",512,512,true],"kahuna-featured-square-large":["https:\/\/digidem-bayern.de\/wp-content\/uploads\/2024\/10\/shutterstock_Depression_Studie-JRUe_2398833869.jpg",1000,667,false]},"post_excerpt_stackable_v2":"<p>Wie hoch das Risiko ist, nach einer Alzheimer-Diagnose an einer schweren Depression zu erkranken, haben Forschende aus den USA und Schweden untersucht. An der Studie nahmen mehr als vier Millionen Menschen aus Schweden teil. Ihre Ergebnisse wurden im April 2024 im renommierten Fachmagazin Alzheimer\u2019s &amp; Dementia ver\u00f6ffentlicht. Verschlechtern sich bei einer Alzheimer-Demenz die kognitiven F\u00e4higkeiten, kann dies mit dem Auftreten von psychologischen Symptomen wie zum Beispiel einer Depression einhergehen. Diese wiederum k\u00f6nnen die allgemeine Funktionsf\u00e4higkeit, die Lebensqualit\u00e4t und die Gesundheit weiter beeintr\u00e4chtigen. Gro\u00dfe Kohorte an Studienteilnehmenden W\u00e4hrend eine Depression als ein m\u00f6gliches Anzeichen und damit als Risikofaktor f\u00fcr Demenz gilt,&hellip;<\/p>\n","category_list_v2":"<a href=\"https:\/\/digidem-bayern.de\/en\/category\/wissenschaft-forschung\/\" rel=\"category tag\">Wissenschaft &amp; Forschung<\/a>","author_info_v2":{"name":"Anne Keefer","url":"https:\/\/digidem-bayern.de\/en\/author\/ag-webinar\/"},"comments_num_v2":"0 comments","yoast_head":"<!-- This site is optimized with the Yoast SEO plugin v27.5 - https:\/\/yoast.com\/product\/yoast-seo-wordpress\/ -->\n<title>Wenn Demenz zu Depressionen f\u00fchrt - digiDEM Bayern<\/title>\n<meta name=\"description\" content=\"Der Bayerische Landesapothekerkammer unterst\u00fctzt digiDEM Bayern mit Hilfe des Netzwerks &quot;Demenzfreundliche Apotheken&quot;.\" \/>\n<meta name=\"robots\" content=\"index, follow, max-snippet:-1, max-image-preview:large, max-video-preview:-1\" \/>\n<link rel=\"canonical\" href=\"https:\/\/digidem-bayern.de\/en\/wenn-demenz-zu-depressionen-fuhrt\/\" \/>\n<meta property=\"og:locale\" content=\"en_US\" \/>\n<meta property=\"og:type\" content=\"article\" \/>\n<meta property=\"og:title\" content=\"Wenn Demenz zu Depressionen f\u00fchrt - digiDEM Bayern\" \/>\n<meta property=\"og:description\" content=\"Der Bayerische Landesapothekerkammer unterst\u00fctzt digiDEM Bayern mit Hilfe des Netzwerks &quot;Demenzfreundliche Apotheken&quot;.\" \/>\n<meta property=\"og:url\" content=\"https:\/\/digidem-bayern.de\/en\/wenn-demenz-zu-depressionen-fuhrt\/\" \/>\n<meta property=\"og:site_name\" content=\"digiDEM Bayern\" \/>\n<meta property=\"article:publisher\" content=\"https:\/\/www.facebook.com\/digiDEMBayern\/\" \/>\n<meta property=\"article:published_time\" content=\"2024-10-16T14:33:24+00:00\" \/>\n<meta property=\"article:modified_time\" content=\"2025-02-05T17:09:25+00:00\" \/>\n<meta property=\"og:image\" content=\"https:\/\/digidem-bayern.de\/wp-content\/uploads\/2024\/10\/shutterstock_Depression_Studie-JRUe_2398833869.jpg\" \/>\n\t<meta property=\"og:image:width\" content=\"1000\" \/>\n\t<meta property=\"og:image:height\" content=\"667\" \/>\n\t<meta property=\"og:image:type\" content=\"image\/jpeg\" \/>\n<meta name=\"author\" content=\"Anne Keefer\" \/>\n<meta name=\"twitter:label1\" content=\"Written by\" \/>\n\t<meta name=\"twitter:data1\" content=\"Anne Keefer\" \/>\n\t<meta name=\"twitter:label2\" content=\"Est. reading time\" \/>\n\t<meta name=\"twitter:data2\" content=\"2 minutes\" \/>\n<script type=\"application\/ld+json\" class=\"yoast-schema-graph\">{\"@context\":\"https:\\\/\\\/schema.org\",\"@graph\":[{\"@type\":\"Article\",\"@id\":\"https:\\\/\\\/digidem-bayern.de\\\/wenn-demenz-zu-depressionen-fuhrt\\\/#article\",\"isPartOf\":{\"@id\":\"https:\\\/\\\/digidem-bayern.de\\\/wenn-demenz-zu-depressionen-fuhrt\\\/\"},\"author\":{\"name\":\"Anne Keefer\",\"@id\":\"\\\/#\\\/schema\\\/person\\\/0e8781e0653d1a8e57ca55bd2c3cb01f\"},\"headline\":\"Wenn Demenz zu Depressionen f\u00fchrt\",\"datePublished\":\"2024-10-16T14:33:24+00:00\",\"dateModified\":\"2025-02-05T17:09:25+00:00\",\"mainEntityOfPage\":{\"@id\":\"https:\\\/\\\/digidem-bayern.de\\\/wenn-demenz-zu-depressionen-fuhrt\\\/\"},\"wordCount\":467,\"commentCount\":0,\"publisher\":{\"@id\":\"\\\/#organization\"},\"image\":{\"@id\":\"https:\\\/\\\/digidem-bayern.de\\\/wenn-demenz-zu-depressionen-fuhrt\\\/#primaryimage\"},\"thumbnailUrl\":\"https:\\\/\\\/digidem-bayern.de\\\/wp-content\\\/uploads\\\/2024\\\/10\\\/shutterstock_Depression_Studie-JRUe_2398833869.jpg\",\"keywords\":[\"Alzheimer\",\"Demenz\",\"Depression\",\"digidem\",\"digidem Bayern\",\"Digitales Demenzregister Bayern\"],\"articleSection\":[\"Wissenschaft &amp; Forschung\"],\"inLanguage\":\"en-US\",\"potentialAction\":[{\"@type\":\"CommentAction\",\"name\":\"Comment\",\"target\":[\"https:\\\/\\\/digidem-bayern.de\\\/wenn-demenz-zu-depressionen-fuhrt\\\/#respond\"]}]},{\"@type\":\"WebPage\",\"@id\":\"https:\\\/\\\/digidem-bayern.de\\\/wenn-demenz-zu-depressionen-fuhrt\\\/\",\"url\":\"https:\\\/\\\/digidem-bayern.de\\\/wenn-demenz-zu-depressionen-fuhrt\\\/\",\"name\":\"Wenn Demenz zu Depressionen f\u00fchrt - digiDEM Bayern\",\"isPartOf\":{\"@id\":\"\\\/#website\"},\"primaryImageOfPage\":{\"@id\":\"https:\\\/\\\/digidem-bayern.de\\\/wenn-demenz-zu-depressionen-fuhrt\\\/#primaryimage\"},\"image\":{\"@id\":\"https:\\\/\\\/digidem-bayern.de\\\/wenn-demenz-zu-depressionen-fuhrt\\\/#primaryimage\"},\"thumbnailUrl\":\"https:\\\/\\\/digidem-bayern.de\\\/wp-content\\\/uploads\\\/2024\\\/10\\\/shutterstock_Depression_Studie-JRUe_2398833869.jpg\",\"datePublished\":\"2024-10-16T14:33:24+00:00\",\"dateModified\":\"2025-02-05T17:09:25+00:00\",\"description\":\"Der Bayerische Landesapothekerkammer unterst\u00fctzt digiDEM Bayern mit Hilfe des Netzwerks \\\"Demenzfreundliche Apotheken\\\".\",\"breadcrumb\":{\"@id\":\"https:\\\/\\\/digidem-bayern.de\\\/wenn-demenz-zu-depressionen-fuhrt\\\/#breadcrumb\"},\"inLanguage\":\"en-US\",\"potentialAction\":[{\"@type\":\"ReadAction\",\"target\":[\"https:\\\/\\\/digidem-bayern.de\\\/wenn-demenz-zu-depressionen-fuhrt\\\/\"]}]},{\"@type\":\"ImageObject\",\"inLanguage\":\"en-US\",\"@id\":\"https:\\\/\\\/digidem-bayern.de\\\/wenn-demenz-zu-depressionen-fuhrt\\\/#primaryimage\",\"url\":\"https:\\\/\\\/digidem-bayern.de\\\/wp-content\\\/uploads\\\/2024\\\/10\\\/shutterstock_Depression_Studie-JRUe_2398833869.jpg\",\"contentUrl\":\"https:\\\/\\\/digidem-bayern.de\\\/wp-content\\\/uploads\\\/2024\\\/10\\\/shutterstock_Depression_Studie-JRUe_2398833869.jpg\",\"width\":1000,\"height\":667,\"caption\":\"Foto: Shutterstock\"},{\"@type\":\"BreadcrumbList\",\"@id\":\"https:\\\/\\\/digidem-bayern.de\\\/wenn-demenz-zu-depressionen-fuhrt\\\/#breadcrumb\",\"itemListElement\":[{\"@type\":\"ListItem\",\"position\":1,\"name\":\"Startseite\",\"item\":\"https:\\\/\\\/digidem-bayern.de\\\/\"},{\"@type\":\"ListItem\",\"position\":2,\"name\":\"Wenn Demenz zu Depressionen f\u00fchrt\"}]},{\"@type\":\"WebSite\",\"@id\":\"\\\/#website\",\"url\":\"\\\/\",\"name\":\"digiDEM Bayern\",\"description\":\"Das digitale Demenzregister Bayern erforscht und verbessert die Angebotsstuktur f\u00fcr Menschen mit Demenz und deren Angeh\u00f6rige\",\"publisher\":{\"@id\":\"\\\/#organization\"},\"potentialAction\":[{\"@type\":\"SearchAction\",\"target\":{\"@type\":\"EntryPoint\",\"urlTemplate\":\"\\\/?s={search_term_string}\"},\"query-input\":{\"@type\":\"PropertyValueSpecification\",\"valueRequired\":true,\"valueName\":\"search_term_string\"}}],\"inLanguage\":\"en-US\"},{\"@type\":\"Organization\",\"@id\":\"\\\/#organization\",\"name\":\"digiDEM Bayern\",\"url\":\"\\\/\",\"logo\":{\"@type\":\"ImageObject\",\"inLanguage\":\"en-US\",\"@id\":\"\\\/#\\\/schema\\\/logo\\\/image\\\/\",\"url\":\"https:\\\/\\\/digidem-bayern.de\\\/wp-content\\\/uploads\\\/2022\\\/03\\\/cropped-Allgemeines_digiDEMLOGO-removebg-preview.png\",\"contentUrl\":\"https:\\\/\\\/digidem-bayern.de\\\/wp-content\\\/uploads\\\/2022\\\/03\\\/cropped-Allgemeines_digiDEMLOGO-removebg-preview.png\",\"width\":612,\"height\":357,\"caption\":\"digiDEM Bayern\"},\"image\":{\"@id\":\"\\\/#\\\/schema\\\/logo\\\/image\\\/\"},\"sameAs\":[\"https:\\\/\\\/www.facebook.com\\\/digiDEMBayern\\\/\",\"https:\\\/\\\/x.com\\\/digidem_bayern\",\"https:\\\/\\\/www.instagram.com\\\/digidem.bayern\",\"https:\\\/\\\/www.linkedin.com\\\/company\\\/digidem-bayern\\\/\"]},{\"@type\":\"Person\",\"@id\":\"\\\/#\\\/schema\\\/person\\\/0e8781e0653d1a8e57ca55bd2c3cb01f\",\"name\":\"Anne Keefer\",\"url\":\"https:\\\/\\\/digidem-bayern.de\\\/en\\\/author\\\/ag-webinar\\\/\"}]}<\/script>\n<!-- \/ Yoast SEO plugin. -->","yoast_head_json":{"title":"Wenn Demenz zu Depressionen f\u00fchrt - digiDEM Bayern","description":"Der Bayerische Landesapothekerkammer unterst\u00fctzt digiDEM Bayern mit Hilfe des Netzwerks \"Demenzfreundliche Apotheken\".","robots":{"index":"index","follow":"follow","max-snippet":"max-snippet:-1","max-image-preview":"max-image-preview:large","max-video-preview":"max-video-preview:-1"},"canonical":"https:\/\/digidem-bayern.de\/en\/wenn-demenz-zu-depressionen-fuhrt\/","og_locale":"en_US","og_type":"article","og_title":"Wenn Demenz zu Depressionen f\u00fchrt - digiDEM Bayern","og_description":"Der Bayerische Landesapothekerkammer unterst\u00fctzt digiDEM Bayern mit Hilfe des Netzwerks \"Demenzfreundliche Apotheken\".","og_url":"https:\/\/digidem-bayern.de\/en\/wenn-demenz-zu-depressionen-fuhrt\/","og_site_name":"digiDEM Bayern","article_publisher":"https:\/\/www.facebook.com\/digiDEMBayern\/","article_published_time":"2024-10-16T14:33:24+00:00","article_modified_time":"2025-02-05T17:09:25+00:00","og_image":[{"width":1000,"height":667,"url":"https:\/\/digidem-bayern.de\/wp-content\/uploads\/2024\/10\/shutterstock_Depression_Studie-JRUe_2398833869.jpg","type":"image\/jpeg"}],"author":"Anne Keefer","twitter_misc":{"Written by":"Anne Keefer","Est. reading time":"2 minutes"},"schema":{"@context":"https:\/\/schema.org","@graph":[{"@type":"Article","@id":"https:\/\/digidem-bayern.de\/wenn-demenz-zu-depressionen-fuhrt\/#article","isPartOf":{"@id":"https:\/\/digidem-bayern.de\/wenn-demenz-zu-depressionen-fuhrt\/"},"author":{"name":"Anne Keefer","@id":"\/#\/schema\/person\/0e8781e0653d1a8e57ca55bd2c3cb01f"},"headline":"Wenn Demenz zu Depressionen f\u00fchrt","datePublished":"2024-10-16T14:33:24+00:00","dateModified":"2025-02-05T17:09:25+00:00","mainEntityOfPage":{"@id":"https:\/\/digidem-bayern.de\/wenn-demenz-zu-depressionen-fuhrt\/"},"wordCount":467,"commentCount":0,"publisher":{"@id":"\/#organization"},"image":{"@id":"https:\/\/digidem-bayern.de\/wenn-demenz-zu-depressionen-fuhrt\/#primaryimage"},"thumbnailUrl":"https:\/\/digidem-bayern.de\/wp-content\/uploads\/2024\/10\/shutterstock_Depression_Studie-JRUe_2398833869.jpg","keywords":["Alzheimer","Demenz","Depression","digidem","digidem Bayern","Digitales Demenzregister Bayern"],"articleSection":["Wissenschaft &amp; Forschung"],"inLanguage":"en-US","potentialAction":[{"@type":"CommentAction","name":"Comment","target":["https:\/\/digidem-bayern.de\/wenn-demenz-zu-depressionen-fuhrt\/#respond"]}]},{"@type":"WebPage","@id":"https:\/\/digidem-bayern.de\/wenn-demenz-zu-depressionen-fuhrt\/","url":"https:\/\/digidem-bayern.de\/wenn-demenz-zu-depressionen-fuhrt\/","name":"Wenn Demenz zu Depressionen f\u00fchrt - digiDEM Bayern","isPartOf":{"@id":"\/#website"},"primaryImageOfPage":{"@id":"https:\/\/digidem-bayern.de\/wenn-demenz-zu-depressionen-fuhrt\/#primaryimage"},"image":{"@id":"https:\/\/digidem-bayern.de\/wenn-demenz-zu-depressionen-fuhrt\/#primaryimage"},"thumbnailUrl":"https:\/\/digidem-bayern.de\/wp-content\/uploads\/2024\/10\/shutterstock_Depression_Studie-JRUe_2398833869.jpg","datePublished":"2024-10-16T14:33:24+00:00","dateModified":"2025-02-05T17:09:25+00:00","description":"Der Bayerische Landesapothekerkammer unterst\u00fctzt digiDEM Bayern mit Hilfe des Netzwerks \"Demenzfreundliche Apotheken\".","breadcrumb":{"@id":"https:\/\/digidem-bayern.de\/wenn-demenz-zu-depressionen-fuhrt\/#breadcrumb"},"inLanguage":"en-US","potentialAction":[{"@type":"ReadAction","target":["https:\/\/digidem-bayern.de\/wenn-demenz-zu-depressionen-fuhrt\/"]}]},{"@type":"ImageObject","inLanguage":"en-US","@id":"https:\/\/digidem-bayern.de\/wenn-demenz-zu-depressionen-fuhrt\/#primaryimage","url":"https:\/\/digidem-bayern.de\/wp-content\/uploads\/2024\/10\/shutterstock_Depression_Studie-JRUe_2398833869.jpg","contentUrl":"https:\/\/digidem-bayern.de\/wp-content\/uploads\/2024\/10\/shutterstock_Depression_Studie-JRUe_2398833869.jpg","width":1000,"height":667,"caption":"Foto: Shutterstock"},{"@type":"BreadcrumbList","@id":"https:\/\/digidem-bayern.de\/wenn-demenz-zu-depressionen-fuhrt\/#breadcrumb","itemListElement":[{"@type":"ListItem","position":1,"name":"Startseite","item":"https:\/\/digidem-bayern.de\/"},{"@type":"ListItem","position":2,"name":"Wenn Demenz zu Depressionen f\u00fchrt"}]},{"@type":"WebSite","@id":"\/#website","url":"\/","name":"digiDEM Bavaria","description":"The digital dementia register in Bavaria researches and improves the structure of services for people with dementia and their relatives","publisher":{"@id":"\/#organization"},"potentialAction":[{"@type":"SearchAction","target":{"@type":"EntryPoint","urlTemplate":"\/?s={search_term_string}"},"query-input":{"@type":"PropertyValueSpecification","valueRequired":true,"valueName":"search_term_string"}}],"inLanguage":"en-US"},{"@type":"Organization","@id":"\/#organization","name":"digiDEM Bavaria","url":"\/","logo":{"@type":"ImageObject","inLanguage":"en-US","@id":"\/#\/schema\/logo\/image\/","url":"https:\/\/digidem-bayern.de\/wp-content\/uploads\/2022\/03\/cropped-Allgemeines_digiDEMLOGO-removebg-preview.png","contentUrl":"https:\/\/digidem-bayern.de\/wp-content\/uploads\/2022\/03\/cropped-Allgemeines_digiDEMLOGO-removebg-preview.png","width":612,"height":357,"caption":"digiDEM Bayern"},"image":{"@id":"\/#\/schema\/logo\/image\/"},"sameAs":["https:\/\/www.facebook.com\/digiDEMBayern\/","https:\/\/x.com\/digidem_bayern","https:\/\/www.instagram.com\/digidem.bayern","https:\/\/www.linkedin.com\/company\/digidem-bayern\/"]},{"@type":"Person","@id":"\/#\/schema\/person\/0e8781e0653d1a8e57ca55bd2c3cb01f","name":"Anne Keefer","url":"https:\/\/digidem-bayern.de\/en\/author\/ag-webinar\/"}]}},"uagb_featured_image_src":{"full":["https:\/\/digidem-bayern.de\/wp-content\/uploads\/2024\/10\/shutterstock_Depression_Studie-JRUe_2398833869.jpg",1000,667,false],"thumbnail":["https:\/\/digidem-bayern.de\/wp-content\/uploads\/2024\/10\/shutterstock_Depression_Studie-JRUe_2398833869-80x80.jpg",80,80,true],"medium":["https:\/\/digidem-bayern.de\/wp-content\/uploads\/2024\/10\/shutterstock_Depression_Studie-JRUe_2398833869-300x200.jpg",300,200,true],"medium_large":["https:\/\/digidem-bayern.de\/wp-content\/uploads\/2024\/10\/shutterstock_Depression_Studie-JRUe_2398833869-768x512.jpg",768,512,true],"large":["https:\/\/digidem-bayern.de\/wp-content\/uploads\/2024\/10\/shutterstock_Depression_Studie-JRUe_2398833869.jpg",1000,667,false],"1536x1536":["https:\/\/digidem-bayern.de\/wp-content\/uploads\/2024\/10\/shutterstock_Depression_Studie-JRUe_2398833869.jpg",1000,667,false],"2048x2048":["https:\/\/digidem-bayern.de\/wp-content\/uploads\/2024\/10\/shutterstock_Depression_Studie-JRUe_2398833869.jpg",1000,667,false],"trp-custom-language-flag":["https:\/\/digidem-bayern.de\/wp-content\/uploads\/2024\/10\/shutterstock_Depression_Studie-JRUe_2398833869.jpg",18,12,false],"qubely_landscape":["https:\/\/digidem-bayern.de\/wp-content\/uploads\/2024\/10\/shutterstock_Depression_Studie-JRUe_2398833869.jpg",1000,667,false],"qubely_portrait":["https:\/\/digidem-bayern.de\/wp-content\/uploads\/2024\/10\/shutterstock_Depression_Studie-JRUe_2398833869-540x320.jpg",540,320,true],"qubely_thumbnail":["https:\/\/digidem-bayern.de\/wp-content\/uploads\/2024\/10\/shutterstock_Depression_Studie-JRUe_2398833869-140x100.jpg",140,100,true],"post-thumbnail":["https:\/\/digidem-bayern.de\/wp-content\/uploads\/2024\/10\/shutterstock_Depression_Studie-JRUe_2398833869-525x350.jpg",525,350,true],"kahuna-featured":["https:\/\/digidem-bayern.de\/wp-content\/uploads\/2024\/10\/shutterstock_Depression_Studie-JRUe_2398833869-734x350.jpg",734,350,true],"kahuna-featured-lp":["https:\/\/digidem-bayern.de\/wp-content\/uploads\/2024\/10\/shutterstock_Depression_Studie-JRUe_2398833869-520x350.jpg",520,350,true],"kahuna-featured-half":["https:\/\/digidem-bayern.de\/wp-content\/uploads\/2024\/10\/shutterstock_Depression_Studie-JRUe_2398833869-800x350.jpg",800,350,true],"kahuna-featured-third":["https:\/\/digidem-bayern.de\/wp-content\/uploads\/2024\/10\/shutterstock_Depression_Studie-JRUe_2398833869-512x350.jpg",512,350,true],"kahuna-lpbox-1":["https:\/\/digidem-bayern.de\/wp-content\/uploads\/2024\/10\/shutterstock_Depression_Studie-JRUe_2398833869-520x300.jpg",520,300,true],"kahuna-lpbox-2":["https:\/\/digidem-bayern.de\/wp-content\/uploads\/2024\/10\/shutterstock_Depression_Studie-JRUe_2398833869-520x350.jpg",520,350,true],"demand-language-flag":["https:\/\/digidem-bayern.de\/wp-content\/uploads\/2024\/10\/shutterstock_Depression_Studie-JRUe_2398833869-36x36.jpg",36,36,true],"dddkt-language-flag":["https:\/\/digidem-bayern.de\/wp-content\/uploads\/2024\/10\/shutterstock_Depression_Studie-JRUe_2398833869-36x36.jpg",36,36,true],"ddiqc-language-flag":["https:\/\/digidem-bayern.de\/wp-content\/uploads\/2024\/10\/shutterstock_Depression_Studie-JRUe_2398833869-36x36.jpg",36,36,true],"ddtl-language-flag":["https:\/\/digidem-bayern.de\/wp-content\/uploads\/2024\/10\/shutterstock_Depression_Studie-JRUe_2398833869-36x36.jpg",36,36,true],"mailpoet_newsletter_max":["https:\/\/digidem-bayern.de\/wp-content\/uploads\/2024\/10\/shutterstock_Depression_Studie-JRUe_2398833869.jpg",1000,667,false],"kahuna-lpbox-3":["https:\/\/digidem-bayern.de\/wp-content\/uploads\/2024\/10\/shutterstock_Depression_Studie-JRUe_2398833869-520x350.jpg",520,350,true],"kahuna-featured-square":["https:\/\/digidem-bayern.de\/wp-content\/uploads\/2024\/10\/shutterstock_Depression_Studie-JRUe_2398833869-512x512.jpg",512,512,true],"kahuna-featured-square-large":["https:\/\/digidem-bayern.de\/wp-content\/uploads\/2024\/10\/shutterstock_Depression_Studie-JRUe_2398833869.jpg",1000,667,false]},"uagb_author_info":{"display_name":"Anne Keefer","author_link":"https:\/\/digidem-bayern.de\/en\/author\/ag-webinar\/"},"uagb_comment_info":0,"uagb_excerpt":"Wie hoch das Risiko ist, nach einer Alzheimer-Diagnose an einer schweren Depression zu erkranken, haben Forschende aus den USA und Schweden untersucht. An der Studie nahmen mehr als vier Millionen Menschen aus Schweden teil. Ihre Ergebnisse wurden im April 2024 im renommierten Fachmagazin Alzheimer\u2019s &amp; Dementia ver\u00f6ffentlicht. Verschlechtern sich bei &hellip;","_links":{"self":[{"href":"https:\/\/digidem-bayern.de\/en\/wp-json\/wp\/v2\/posts\/39341","targetHints":{"allow":["GET"]}}],"collection":[{"href":"https:\/\/digidem-bayern.de\/en\/wp-json\/wp\/v2\/posts"}],"about":[{"href":"https:\/\/digidem-bayern.de\/en\/wp-json\/wp\/v2\/types\/post"}],"author":[{"embeddable":true,"href":"https:\/\/digidem-bayern.de\/en\/wp-json\/wp\/v2\/users\/7"}],"replies":[{"embeddable":true,"href":"https:\/\/digidem-bayern.de\/en\/wp-json\/wp\/v2\/comments?post=39341"}],"version-history":[{"count":1,"href":"https:\/\/digidem-bayern.de\/en\/wp-json\/wp\/v2\/posts\/39341\/revisions"}],"predecessor-version":[{"id":39358,"href":"https:\/\/digidem-bayern.de\/en\/wp-json\/wp\/v2\/posts\/39341\/revisions\/39358"}],"wp:featuredmedia":[{"embeddable":true,"href":"https:\/\/digidem-bayern.de\/en\/wp-json\/wp\/v2\/media\/39274"}],"wp:attachment":[{"href":"https:\/\/digidem-bayern.de\/en\/wp-json\/wp\/v2\/media?parent=39341"}],"wp:term":[{"taxonomy":"category","embeddable":true,"href":"https:\/\/digidem-bayern.de\/en\/wp-json\/wp\/v2\/categories?post=39341"},{"taxonomy":"post_tag","embeddable":true,"href":"https:\/\/digidem-bayern.de\/en\/wp-json\/wp\/v2\/tags?post=39341"}],"curies":[{"name":"wp","href":"https:\/\/api.w.org\/{rel}","templated":true}]}}