{"id":3929,"date":"2019-11-05T13:34:59","date_gmt":"2019-11-05T12:34:59","guid":{"rendered":"https:\/\/digidem-bayern.de\/?p=3929"},"modified":"2019-11-25T09:24:26","modified_gmt":"2019-11-25T08:24:26","slug":"demenz-was-hilft-bei-herausforderndem-verhalten","status":"publish","type":"post","link":"https:\/\/digidem-bayern.de\/en\/demenz-was-hilft-bei-herausforderndem-verhalten\/","title":{"rendered":"Demenz: Was hilft bei herausforderndem Verhalten?"},"content":{"rendered":"<h4 class=\"wp-block-heading\">Schreie, Beschimpfungen oder auch k\u00f6rperliche Angriffe \u2013 wenn Menschen mit Demenz sich herausfordernd verhalten, stellt das f\u00fcr Angeh\u00f6rige und Betreuer oft eine gro\u00dfe Belastung dar. Eine aktuelle Netzwerk-Metaanalyse kommt nun zu dem Ergebnis, dass nicht-pharmakologische Ma\u00dfnahmen wie Bewegung, Massage oder Musik in diesem Bereich besser wirken als Medikamente. <\/h4>\n\n\n\n<p>Ver\u00f6ffentlicht wurde die Netzwerk-Metaanalyse von 163 Studien mit \u00fcber 23.000 Menschen mit Demenz in der Zeitschrift <em>Annals of Internal Medicine<\/em>. Pharmakologische und nicht-pharmakologische Interventionen wurden in den Untersuchungen gr\u00f6\u00dftenteils mit Placebo oder der \u00fcblichen Betreuung verglichen. <\/p>\n\n\n\n<div class=\"wp-block-image\"><figure class=\"alignright\"><img loading=\"lazy\" decoding=\"async\" width=\"300\" height=\"225\" src=\"https:\/\/test.digidem-bayern.de\/wp-content\/uploads\/2019\/11\/aggressiv_pixabay-300x225.jpg\" alt=\"\u00c4lterer Mann im Rollstuhl, von hinten.\" class=\"wp-image-3932\" srcset=\"https:\/\/digidem-bayern.de\/wp-content\/uploads\/2019\/11\/aggressiv_pixabay-300x225.jpg 300w, https:\/\/digidem-bayern.de\/wp-content\/uploads\/2019\/11\/aggressiv_pixabay-768x576.jpg 768w, https:\/\/digidem-bayern.de\/wp-content\/uploads\/2019\/11\/aggressiv_pixabay-1030x773.jpg 1030w, https:\/\/digidem-bayern.de\/wp-content\/uploads\/2019\/11\/aggressiv_pixabay-467x350.jpg 467w, https:\/\/digidem-bayern.de\/wp-content\/uploads\/2019\/11\/aggressiv_pixabay.jpg 1280w\" sizes=\"auto, (max-width: 300px) 100vw, 300px\" \/><\/figure><\/div>\n\n\n\n<p><strong>Hohe\nWirksamkeit durch Aktivit\u00e4ten im Freien<\/strong><\/p>\n\n\n\n<p>F\u00fcr den Gro\u00dfteil der Ma\u00dfnahmen ergaben sich im Vergleich mit\nPlacebo oder der \u00fcblichen Betreuung moderate bis starke Effekte. Eine teilweise\ndeutlich h\u00f6here Wirksamkeit zeigte sich jedoch durch Aktivit\u00e4ten im Freien,\neine kombinierte Musik- und Massagetherapie oder eine separate Massage- und\nBer\u00fchrungstherapie. Am wirksamsten schienen dabei Aktivit\u00e4ten im Freien zu\nsein, bezogen sowohl auf den kombinierten Endpunkt Aggression und Agitation als\nauch isoliert betrachtet in Bezug auf k\u00f6rperliche Aggression. <\/p>\n\n\n\n<p>Die Autoren schlussfolgern, dass nicht-pharmakologische Interventionen wirksamer zu sein schienen als pharmakologische, um Aggression und Unruhe bei Menschen mit Demenz zu reduzieren. Sie wiesen jedoch auch auf die Schw\u00e4chen der Netzwerk-Analyse hin: 46 Prozent der Studien waren aufgrund fehlender Ergebnisdaten einem hohen Verzerrungsrisiko ausgesetzt. Sch\u00e4den und Kosten von Therapien wurden nicht bewertet.<\/p>\n\n\n\n<p><em>Weitere Informationen gibt es hier:<\/em><br><a href=\"https:\/\/annals.org\/aim\/article-abstract\/2753018\/comparative-efficacy-interventions-aggressive-agitated-behaviors-dementia-systematic-review-network\"><em>https:\/\/annals.org\/aim\/article-abstract\/2753018\/comparative-efficacy-interventions-aggressive-agitated-behaviors-dementia-systematic-review-network<\/em><\/a><\/p>","protected":false},"excerpt":{"rendered":"<p>Schreie, Beschimpfungen oder auch k\u00f6rperliche Angriffe \u2013 wenn Menschen mit Demenz sich herausfordernd verhalten, stellt das f\u00fcr Angeh\u00f6rige und Betreuer oft eine gro\u00dfe Belastung dar. Eine aktuelle Netzwerk-Metaanalyse kommt nun zu dem Ergebnis, dass nicht-pharmakologische Ma\u00dfnahmen wie Bewegung, Massage oder Musik in diesem Bereich besser wirken als Medikamente. Ver\u00f6ffentlicht wurde &hellip;<\/p>","protected":false},"author":11,"featured_media":3932,"comment_status":"closed","ping_status":"closed","sticky":false,"template":"","format":"standard","meta":{"qubely_global_settings":"","qubely_interactions":"","_uag_custom_page_level_css":"","footnotes":""},"categories":[5],"tags":[13,11,14,17,16],"class_list":["post-3929","post","type-post","status-publish","format-standard","has-post-thumbnail","hentry","category-wissenschaft-forschung","tag-alzheimer","tag-demenz","tag-digidem","tag-digidem-bayern","tag-herausforderndes-verhalten"],"qubely_featured_image_url":{"full":["https:\/\/digidem-bayern.de\/wp-content\/uploads\/2019\/11\/aggressiv_pixabay.jpg",1280,960,false],"landscape":["https:\/\/digidem-bayern.de\/wp-content\/uploads\/2019\/11\/aggressiv_pixabay-1200x750.jpg",1200,750,true],"portraits":["https:\/\/digidem-bayern.de\/wp-content\/uploads\/2019\/11\/aggressiv_pixabay-540x320.jpg",540,320,true],"thumbnail":["https:\/\/digidem-bayern.de\/wp-content\/uploads\/2019\/11\/aggressiv_pixabay-80x80.jpg",80,80,true],"medium":["https:\/\/digidem-bayern.de\/wp-content\/uploads\/2019\/11\/aggressiv_pixabay-300x225.jpg",300,225,true],"medium_large":["https:\/\/digidem-bayern.de\/wp-content\/uploads\/2019\/11\/aggressiv_pixabay-768x576.jpg",768,576,true],"large":["https:\/\/digidem-bayern.de\/wp-content\/uploads\/2019\/11\/aggressiv_pixabay-1030x773.jpg",1030,773,true],"1536x1536":["https:\/\/digidem-bayern.de\/wp-content\/uploads\/2019\/11\/aggressiv_pixabay.jpg",1280,960,false],"2048x2048":["https:\/\/digidem-bayern.de\/wp-content\/uploads\/2019\/11\/aggressiv_pixabay.jpg",1280,960,false],"trp-custom-language-flag":["https:\/\/digidem-bayern.de\/wp-content\/uploads\/2019\/11\/aggressiv_pixabay.jpg",16,12,false],"qubely_landscape":["https:\/\/digidem-bayern.de\/wp-content\/uploads\/2019\/11\/aggressiv_pixabay-1200x750.jpg",1200,750,true],"qubely_portrait":["https:\/\/digidem-bayern.de\/wp-content\/uploads\/2019\/11\/aggressiv_pixabay-540x320.jpg",540,320,true],"qubely_thumbnail":["https:\/\/digidem-bayern.de\/wp-content\/uploads\/2019\/11\/aggressiv_pixabay-140x100.jpg",140,100,true],"post-thumbnail":["https:\/\/digidem-bayern.de\/wp-content\/uploads\/2019\/11\/aggressiv_pixabay-467x350.jpg",467,350,true],"kahuna-featured":["https:\/\/digidem-bayern.de\/wp-content\/uploads\/2019\/11\/aggressiv_pixabay-495x350.jpg",495,350,true],"kahuna-featured-lp":["https:\/\/digidem-bayern.de\/wp-content\/uploads\/2019\/11\/aggressiv_pixabay-690x350.jpg",520,264,true],"kahuna-featured-half":["https:\/\/digidem-bayern.de\/wp-content\/uploads\/2019\/11\/aggressiv_pixabay-800x350.jpg",800,350,true],"kahuna-featured-third":["https:\/\/digidem-bayern.de\/wp-content\/uploads\/2019\/11\/aggressiv_pixabay-512x350.jpg",512,350,true],"kahuna-lpbox-1":["https:\/\/digidem-bayern.de\/wp-content\/uploads\/2019\/11\/aggressiv_pixabay-460x350.jpg",394,300,true],"kahuna-lpbox-2":["https:\/\/digidem-bayern.de\/wp-content\/uploads\/2019\/11\/aggressiv_pixabay-460x350.jpg",460,350,true],"demand-language-flag":["https:\/\/digidem-bayern.de\/wp-content\/uploads\/2019\/11\/aggressiv_pixabay.jpg",36,27,false],"dddkt-language-flag":["https:\/\/digidem-bayern.de\/wp-content\/uploads\/2019\/11\/aggressiv_pixabay.jpg",36,27,false],"ddiqc-language-flag":["https:\/\/digidem-bayern.de\/wp-content\/uploads\/2019\/11\/aggressiv_pixabay.jpg",36,27,false],"ddtl-language-flag":["https:\/\/digidem-bayern.de\/wp-content\/uploads\/2019\/11\/aggressiv_pixabay.jpg",36,27,false],"mailpoet_newsletter_max":["https:\/\/digidem-bayern.de\/wp-content\/uploads\/2019\/11\/aggressiv_pixabay.jpg",1280,960,false],"kahuna-lpbox-3":["https:\/\/digidem-bayern.de\/wp-content\/uploads\/2019\/11\/aggressiv_pixabay-460x350.jpg",460,350,true],"kahuna-featured-square":["https:\/\/digidem-bayern.de\/wp-content\/uploads\/2019\/11\/aggressiv_pixabay-512x512.jpg",512,512,true],"kahuna-featured-square-large":["https:\/\/digidem-bayern.de\/wp-content\/uploads\/2019\/11\/aggressiv_pixabay-1024x960.jpg",1024,960,true]},"qubely_author":{"display_name":"Michael Zeiler","author_link":"https:\/\/digidem-bayern.de\/en\/author\/michael-zeiler\/"},"qubely_comment":0,"qubely_category":"<a href=\"https:\/\/digidem-bayern.de\/en\/category\/wissenschaft-forschung\/\" rel=\"category tag\">Wissenschaft &amp; Forschung<\/a>","qubely_excerpt":"Schreie, Beschimpfungen oder auch k\u00f6rperliche Angriffe \u2013 wenn Menschen mit Demenz sich herausfordernd verhalten, stellt das f\u00fcr Angeh\u00f6rige und Betreuer oft eine gro\u00dfe Belastung dar. Eine aktuelle Netzwerk-Metaanalyse kommt nun zu dem Ergebnis, dass nicht-pharmakologische Ma\u00dfnahmen wie Bewegung, Massage oder Musik in diesem Bereich besser wirken als Medikamente. Ver\u00f6ffentlicht wurde &hellip;","featured_image_urls_v2":{"full":["https:\/\/digidem-bayern.de\/wp-content\/uploads\/2019\/11\/aggressiv_pixabay.jpg",1280,960,false],"thumbnail":["https:\/\/digidem-bayern.de\/wp-content\/uploads\/2019\/11\/aggressiv_pixabay-80x80.jpg",80,80,true],"medium":["https:\/\/digidem-bayern.de\/wp-content\/uploads\/2019\/11\/aggressiv_pixabay-300x225.jpg",300,225,true],"medium_large":["https:\/\/digidem-bayern.de\/wp-content\/uploads\/2019\/11\/aggressiv_pixabay-768x576.jpg",768,576,true],"large":["https:\/\/digidem-bayern.de\/wp-content\/uploads\/2019\/11\/aggressiv_pixabay-1030x773.jpg",1030,773,true],"1536x1536":["https:\/\/digidem-bayern.de\/wp-content\/uploads\/2019\/11\/aggressiv_pixabay.jpg",1280,960,false],"2048x2048":["https:\/\/digidem-bayern.de\/wp-content\/uploads\/2019\/11\/aggressiv_pixabay.jpg",1280,960,false],"trp-custom-language-flag":["https:\/\/digidem-bayern.de\/wp-content\/uploads\/2019\/11\/aggressiv_pixabay.jpg",16,12,false],"qubely_landscape":["https:\/\/digidem-bayern.de\/wp-content\/uploads\/2019\/11\/aggressiv_pixabay-1200x750.jpg",1200,750,true],"qubely_portrait":["https:\/\/digidem-bayern.de\/wp-content\/uploads\/2019\/11\/aggressiv_pixabay-540x320.jpg",540,320,true],"qubely_thumbnail":["https:\/\/digidem-bayern.de\/wp-content\/uploads\/2019\/11\/aggressiv_pixabay-140x100.jpg",140,100,true],"post-thumbnail":["https:\/\/digidem-bayern.de\/wp-content\/uploads\/2019\/11\/aggressiv_pixabay-467x350.jpg",467,350,true],"kahuna-featured":["https:\/\/digidem-bayern.de\/wp-content\/uploads\/2019\/11\/aggressiv_pixabay-495x350.jpg",495,350,true],"kahuna-featured-lp":["https:\/\/digidem-bayern.de\/wp-content\/uploads\/2019\/11\/aggressiv_pixabay-690x350.jpg",520,264,true],"kahuna-featured-half":["https:\/\/digidem-bayern.de\/wp-content\/uploads\/2019\/11\/aggressiv_pixabay-800x350.jpg",800,350,true],"kahuna-featured-third":["https:\/\/digidem-bayern.de\/wp-content\/uploads\/2019\/11\/aggressiv_pixabay-512x350.jpg",512,350,true],"kahuna-lpbox-1":["https:\/\/digidem-bayern.de\/wp-content\/uploads\/2019\/11\/aggressiv_pixabay-460x350.jpg",394,300,true],"kahuna-lpbox-2":["https:\/\/digidem-bayern.de\/wp-content\/uploads\/2019\/11\/aggressiv_pixabay-460x350.jpg",460,350,true],"demand-language-flag":["https:\/\/digidem-bayern.de\/wp-content\/uploads\/2019\/11\/aggressiv_pixabay.jpg",36,27,false],"dddkt-language-flag":["https:\/\/digidem-bayern.de\/wp-content\/uploads\/2019\/11\/aggressiv_pixabay.jpg",36,27,false],"ddiqc-language-flag":["https:\/\/digidem-bayern.de\/wp-content\/uploads\/2019\/11\/aggressiv_pixabay.jpg",36,27,false],"ddtl-language-flag":["https:\/\/digidem-bayern.de\/wp-content\/uploads\/2019\/11\/aggressiv_pixabay.jpg",36,27,false],"mailpoet_newsletter_max":["https:\/\/digidem-bayern.de\/wp-content\/uploads\/2019\/11\/aggressiv_pixabay.jpg",1280,960,false],"kahuna-lpbox-3":["https:\/\/digidem-bayern.de\/wp-content\/uploads\/2019\/11\/aggressiv_pixabay-460x350.jpg",460,350,true],"kahuna-featured-square":["https:\/\/digidem-bayern.de\/wp-content\/uploads\/2019\/11\/aggressiv_pixabay-512x512.jpg",512,512,true],"kahuna-featured-square-large":["https:\/\/digidem-bayern.de\/wp-content\/uploads\/2019\/11\/aggressiv_pixabay-1024x960.jpg",1024,960,true]},"post_excerpt_stackable_v2":"<p>Schreie, Beschimpfungen oder auch k\u00f6rperliche Angriffe \u2013 wenn Menschen mit Demenz sich herausfordernd verhalten, stellt das f\u00fcr Angeh\u00f6rige und Betreuer oft eine gro\u00dfe Belastung dar. Eine aktuelle Netzwerk-Metaanalyse kommt nun zu dem Ergebnis, dass nicht-pharmakologische Ma\u00dfnahmen wie Bewegung, Massage oder Musik in diesem Bereich besser wirken als Medikamente. Ver\u00f6ffentlicht wurde die Netzwerk-Metaanalyse von 163 Studien mit \u00fcber 23.000 Menschen mit Demenz in der Zeitschrift Annals of Internal Medicine. Pharmakologische und nicht-pharmakologische Interventionen wurden in den Untersuchungen gr\u00f6\u00dftenteils mit Placebo oder der \u00fcblichen Betreuung verglichen. Hohe Wirksamkeit durch Aktivit\u00e4ten im Freien F\u00fcr den Gro\u00dfteil der Ma\u00dfnahmen ergaben sich im Vergleich mit&hellip;<\/p>\n","category_list_v2":"<a href=\"https:\/\/digidem-bayern.de\/en\/category\/wissenschaft-forschung\/\" rel=\"category tag\">Wissenschaft &amp; Forschung<\/a>","author_info_v2":{"name":"Michael Zeiler","url":"https:\/\/digidem-bayern.de\/en\/author\/michael-zeiler\/"},"comments_num_v2":"0 comments","yoast_head":"<!-- This site is optimized with the Yoast SEO plugin v27.4 - https:\/\/yoast.com\/product\/yoast-seo-wordpress\/ -->\n<title>Demenz: Was hilft bei herausforderndem Verhalten? - digiDEM Bayern<\/title>\n<meta name=\"description\" content=\"Laut einer aktuellen Studie sind nicht-pharmakologische Ma\u00dfnahmen bei herausforderndem Verhalten von Menschen mit Demenz wirksamer als Medikamente.\" \/>\n<meta name=\"robots\" content=\"index, follow, max-snippet:-1, max-image-preview:large, max-video-preview:-1\" \/>\n<link rel=\"canonical\" href=\"https:\/\/digidem-bayern.de\/en\/demenz-was-hilft-bei-herausforderndem-verhalten\/\" \/>\n<meta property=\"og:locale\" content=\"en_US\" \/>\n<meta property=\"og:type\" content=\"article\" \/>\n<meta property=\"og:title\" content=\"Demenz: Was hilft bei herausforderndem Verhalten? - digiDEM Bayern\" \/>\n<meta property=\"og:description\" content=\"Laut einer aktuellen Studie sind nicht-pharmakologische Ma\u00dfnahmen bei herausforderndem Verhalten von Menschen mit Demenz wirksamer als Medikamente.\" \/>\n<meta property=\"og:url\" content=\"https:\/\/digidem-bayern.de\/en\/demenz-was-hilft-bei-herausforderndem-verhalten\/\" \/>\n<meta property=\"og:site_name\" content=\"digiDEM Bayern\" \/>\n<meta property=\"article:publisher\" content=\"https:\/\/www.facebook.com\/digiDEMBayern\/\" \/>\n<meta property=\"article:published_time\" content=\"2019-11-05T12:34:59+00:00\" \/>\n<meta property=\"article:modified_time\" content=\"2019-11-25T08:24:26+00:00\" \/>\n<meta property=\"og:image\" content=\"https:\/\/digidem-bayern.de\/wp-content\/uploads\/2019\/11\/aggressiv_pixabay.jpg\" \/>\n\t<meta property=\"og:image:width\" content=\"1280\" \/>\n\t<meta property=\"og:image:height\" content=\"960\" \/>\n\t<meta property=\"og:image:type\" content=\"image\/jpeg\" \/>\n<meta name=\"author\" content=\"Michael Zeiler\" \/>\n<meta name=\"twitter:label1\" content=\"Written by\" \/>\n\t<meta name=\"twitter:data1\" content=\"Michael Zeiler\" \/>\n\t<meta name=\"twitter:label2\" content=\"Est. reading time\" \/>\n\t<meta name=\"twitter:data2\" content=\"1 minute\" \/>\n<script type=\"application\/ld+json\" class=\"yoast-schema-graph\">{\"@context\":\"https:\\\/\\\/schema.org\",\"@graph\":[{\"@type\":\"Article\",\"@id\":\"https:\\\/\\\/digidem-bayern.de\\\/demenz-was-hilft-bei-herausforderndem-verhalten\\\/#article\",\"isPartOf\":{\"@id\":\"https:\\\/\\\/digidem-bayern.de\\\/demenz-was-hilft-bei-herausforderndem-verhalten\\\/\"},\"author\":{\"name\":\"Michael Zeiler\",\"@id\":\"\\\/#\\\/schema\\\/person\\\/92754ad381f49b3c358d1d8d2c4f90b8\"},\"headline\":\"Demenz: Was hilft bei herausforderndem Verhalten?\",\"datePublished\":\"2019-11-05T12:34:59+00:00\",\"dateModified\":\"2019-11-25T08:24:26+00:00\",\"mainEntityOfPage\":{\"@id\":\"https:\\\/\\\/digidem-bayern.de\\\/demenz-was-hilft-bei-herausforderndem-verhalten\\\/\"},\"wordCount\":242,\"publisher\":{\"@id\":\"\\\/#organization\"},\"image\":{\"@id\":\"https:\\\/\\\/digidem-bayern.de\\\/demenz-was-hilft-bei-herausforderndem-verhalten\\\/#primaryimage\"},\"thumbnailUrl\":\"https:\\\/\\\/digidem-bayern.de\\\/wp-content\\\/uploads\\\/2019\\\/11\\\/aggressiv_pixabay.jpg\",\"keywords\":[\"Alzheimer\",\"Demenz.\",\"digidem\",\"digidem Bayern\",\"herausforderndes Verhalten\"],\"articleSection\":[\"Wissenschaft &amp; Forschung\"],\"inLanguage\":\"en-US\"},{\"@type\":\"WebPage\",\"@id\":\"https:\\\/\\\/digidem-bayern.de\\\/demenz-was-hilft-bei-herausforderndem-verhalten\\\/\",\"url\":\"https:\\\/\\\/digidem-bayern.de\\\/demenz-was-hilft-bei-herausforderndem-verhalten\\\/\",\"name\":\"Demenz: Was hilft bei herausforderndem Verhalten? - digiDEM Bayern\",\"isPartOf\":{\"@id\":\"\\\/#website\"},\"primaryImageOfPage\":{\"@id\":\"https:\\\/\\\/digidem-bayern.de\\\/demenz-was-hilft-bei-herausforderndem-verhalten\\\/#primaryimage\"},\"image\":{\"@id\":\"https:\\\/\\\/digidem-bayern.de\\\/demenz-was-hilft-bei-herausforderndem-verhalten\\\/#primaryimage\"},\"thumbnailUrl\":\"https:\\\/\\\/digidem-bayern.de\\\/wp-content\\\/uploads\\\/2019\\\/11\\\/aggressiv_pixabay.jpg\",\"datePublished\":\"2019-11-05T12:34:59+00:00\",\"dateModified\":\"2019-11-25T08:24:26+00:00\",\"description\":\"Laut einer aktuellen Studie sind nicht-pharmakologische Ma\u00dfnahmen bei herausforderndem Verhalten von Menschen mit Demenz wirksamer als Medikamente.\",\"breadcrumb\":{\"@id\":\"https:\\\/\\\/digidem-bayern.de\\\/demenz-was-hilft-bei-herausforderndem-verhalten\\\/#breadcrumb\"},\"inLanguage\":\"en-US\",\"potentialAction\":[{\"@type\":\"ReadAction\",\"target\":[\"https:\\\/\\\/digidem-bayern.de\\\/demenz-was-hilft-bei-herausforderndem-verhalten\\\/\"]}]},{\"@type\":\"ImageObject\",\"inLanguage\":\"en-US\",\"@id\":\"https:\\\/\\\/digidem-bayern.de\\\/demenz-was-hilft-bei-herausforderndem-verhalten\\\/#primaryimage\",\"url\":\"https:\\\/\\\/digidem-bayern.de\\\/wp-content\\\/uploads\\\/2019\\\/11\\\/aggressiv_pixabay.jpg\",\"contentUrl\":\"https:\\\/\\\/digidem-bayern.de\\\/wp-content\\\/uploads\\\/2019\\\/11\\\/aggressiv_pixabay.jpg\",\"width\":1280,\"height\":960},{\"@type\":\"BreadcrumbList\",\"@id\":\"https:\\\/\\\/digidem-bayern.de\\\/demenz-was-hilft-bei-herausforderndem-verhalten\\\/#breadcrumb\",\"itemListElement\":[{\"@type\":\"ListItem\",\"position\":1,\"name\":\"Startseite\",\"item\":\"https:\\\/\\\/digidem-bayern.de\\\/\"},{\"@type\":\"ListItem\",\"position\":2,\"name\":\"Demenz: Was hilft bei herausforderndem Verhalten?\"}]},{\"@type\":\"WebSite\",\"@id\":\"\\\/#website\",\"url\":\"\\\/\",\"name\":\"digiDEM Bayern\",\"description\":\"Das digitale Demenzregister Bayern erforscht und verbessert die Angebotsstuktur f\u00fcr Menschen mit Demenz und deren Angeh\u00f6rige\",\"publisher\":{\"@id\":\"\\\/#organization\"},\"potentialAction\":[{\"@type\":\"SearchAction\",\"target\":{\"@type\":\"EntryPoint\",\"urlTemplate\":\"\\\/?s={search_term_string}\"},\"query-input\":{\"@type\":\"PropertyValueSpecification\",\"valueRequired\":true,\"valueName\":\"search_term_string\"}}],\"inLanguage\":\"en-US\"},{\"@type\":\"Organization\",\"@id\":\"\\\/#organization\",\"name\":\"digiDEM Bayern\",\"url\":\"\\\/\",\"logo\":{\"@type\":\"ImageObject\",\"inLanguage\":\"en-US\",\"@id\":\"\\\/#\\\/schema\\\/logo\\\/image\\\/\",\"url\":\"https:\\\/\\\/digidem-bayern.de\\\/wp-content\\\/uploads\\\/2022\\\/03\\\/cropped-Allgemeines_digiDEMLOGO-removebg-preview.png\",\"contentUrl\":\"https:\\\/\\\/digidem-bayern.de\\\/wp-content\\\/uploads\\\/2022\\\/03\\\/cropped-Allgemeines_digiDEMLOGO-removebg-preview.png\",\"width\":612,\"height\":357,\"caption\":\"digiDEM Bayern\"},\"image\":{\"@id\":\"\\\/#\\\/schema\\\/logo\\\/image\\\/\"},\"sameAs\":[\"https:\\\/\\\/www.facebook.com\\\/digiDEMBayern\\\/\",\"https:\\\/\\\/x.com\\\/digidem_bayern\",\"https:\\\/\\\/www.instagram.com\\\/digidem.bayern\",\"https:\\\/\\\/www.linkedin.com\\\/company\\\/digidem-bayern\\\/\"]},{\"@type\":\"Person\",\"@id\":\"\\\/#\\\/schema\\\/person\\\/92754ad381f49b3c358d1d8d2c4f90b8\",\"name\":\"Michael Zeiler\",\"url\":\"https:\\\/\\\/digidem-bayern.de\\\/en\\\/author\\\/michael-zeiler\\\/\"}]}<\/script>\n<!-- \/ Yoast SEO plugin. -->","yoast_head_json":{"title":"Demenz: Was hilft bei herausforderndem Verhalten? - digiDEM Bayern","description":"Laut einer aktuellen Studie sind nicht-pharmakologische Ma\u00dfnahmen bei herausforderndem Verhalten von Menschen mit Demenz wirksamer als Medikamente.","robots":{"index":"index","follow":"follow","max-snippet":"max-snippet:-1","max-image-preview":"max-image-preview:large","max-video-preview":"max-video-preview:-1"},"canonical":"https:\/\/digidem-bayern.de\/en\/demenz-was-hilft-bei-herausforderndem-verhalten\/","og_locale":"en_US","og_type":"article","og_title":"Demenz: Was hilft bei herausforderndem Verhalten? - digiDEM Bayern","og_description":"Laut einer aktuellen Studie sind nicht-pharmakologische Ma\u00dfnahmen bei herausforderndem Verhalten von Menschen mit Demenz wirksamer als Medikamente.","og_url":"https:\/\/digidem-bayern.de\/en\/demenz-was-hilft-bei-herausforderndem-verhalten\/","og_site_name":"digiDEM Bayern","article_publisher":"https:\/\/www.facebook.com\/digiDEMBayern\/","article_published_time":"2019-11-05T12:34:59+00:00","article_modified_time":"2019-11-25T08:24:26+00:00","og_image":[{"width":1280,"height":960,"url":"https:\/\/digidem-bayern.de\/wp-content\/uploads\/2019\/11\/aggressiv_pixabay.jpg","type":"image\/jpeg"}],"author":"Michael Zeiler","twitter_misc":{"Written by":"Michael Zeiler","Est. reading time":"1 minute"},"schema":{"@context":"https:\/\/schema.org","@graph":[{"@type":"Article","@id":"https:\/\/digidem-bayern.de\/demenz-was-hilft-bei-herausforderndem-verhalten\/#article","isPartOf":{"@id":"https:\/\/digidem-bayern.de\/demenz-was-hilft-bei-herausforderndem-verhalten\/"},"author":{"name":"Michael Zeiler","@id":"\/#\/schema\/person\/92754ad381f49b3c358d1d8d2c4f90b8"},"headline":"Demenz: Was hilft bei herausforderndem Verhalten?","datePublished":"2019-11-05T12:34:59+00:00","dateModified":"2019-11-25T08:24:26+00:00","mainEntityOfPage":{"@id":"https:\/\/digidem-bayern.de\/demenz-was-hilft-bei-herausforderndem-verhalten\/"},"wordCount":242,"publisher":{"@id":"\/#organization"},"image":{"@id":"https:\/\/digidem-bayern.de\/demenz-was-hilft-bei-herausforderndem-verhalten\/#primaryimage"},"thumbnailUrl":"https:\/\/digidem-bayern.de\/wp-content\/uploads\/2019\/11\/aggressiv_pixabay.jpg","keywords":["Alzheimer","Demenz.","digidem","digidem Bayern","herausforderndes Verhalten"],"articleSection":["Wissenschaft &amp; Forschung"],"inLanguage":"en-US"},{"@type":"WebPage","@id":"https:\/\/digidem-bayern.de\/demenz-was-hilft-bei-herausforderndem-verhalten\/","url":"https:\/\/digidem-bayern.de\/demenz-was-hilft-bei-herausforderndem-verhalten\/","name":"Demenz: Was hilft bei herausforderndem Verhalten? - digiDEM Bayern","isPartOf":{"@id":"\/#website"},"primaryImageOfPage":{"@id":"https:\/\/digidem-bayern.de\/demenz-was-hilft-bei-herausforderndem-verhalten\/#primaryimage"},"image":{"@id":"https:\/\/digidem-bayern.de\/demenz-was-hilft-bei-herausforderndem-verhalten\/#primaryimage"},"thumbnailUrl":"https:\/\/digidem-bayern.de\/wp-content\/uploads\/2019\/11\/aggressiv_pixabay.jpg","datePublished":"2019-11-05T12:34:59+00:00","dateModified":"2019-11-25T08:24:26+00:00","description":"Laut einer aktuellen Studie sind nicht-pharmakologische Ma\u00dfnahmen bei herausforderndem Verhalten von Menschen mit Demenz wirksamer als Medikamente.","breadcrumb":{"@id":"https:\/\/digidem-bayern.de\/demenz-was-hilft-bei-herausforderndem-verhalten\/#breadcrumb"},"inLanguage":"en-US","potentialAction":[{"@type":"ReadAction","target":["https:\/\/digidem-bayern.de\/demenz-was-hilft-bei-herausforderndem-verhalten\/"]}]},{"@type":"ImageObject","inLanguage":"en-US","@id":"https:\/\/digidem-bayern.de\/demenz-was-hilft-bei-herausforderndem-verhalten\/#primaryimage","url":"https:\/\/digidem-bayern.de\/wp-content\/uploads\/2019\/11\/aggressiv_pixabay.jpg","contentUrl":"https:\/\/digidem-bayern.de\/wp-content\/uploads\/2019\/11\/aggressiv_pixabay.jpg","width":1280,"height":960},{"@type":"BreadcrumbList","@id":"https:\/\/digidem-bayern.de\/demenz-was-hilft-bei-herausforderndem-verhalten\/#breadcrumb","itemListElement":[{"@type":"ListItem","position":1,"name":"Startseite","item":"https:\/\/digidem-bayern.de\/"},{"@type":"ListItem","position":2,"name":"Demenz: Was hilft bei herausforderndem Verhalten?"}]},{"@type":"WebSite","@id":"\/#website","url":"\/","name":"digiDEM Bavaria","description":"The digital dementia register in Bavaria researches and improves the structure of services for people with dementia and their relatives","publisher":{"@id":"\/#organization"},"potentialAction":[{"@type":"SearchAction","target":{"@type":"EntryPoint","urlTemplate":"\/?s={search_term_string}"},"query-input":{"@type":"PropertyValueSpecification","valueRequired":true,"valueName":"search_term_string"}}],"inLanguage":"en-US"},{"@type":"Organization","@id":"\/#organization","name":"digiDEM Bavaria","url":"\/","logo":{"@type":"ImageObject","inLanguage":"en-US","@id":"\/#\/schema\/logo\/image\/","url":"https:\/\/digidem-bayern.de\/wp-content\/uploads\/2022\/03\/cropped-Allgemeines_digiDEMLOGO-removebg-preview.png","contentUrl":"https:\/\/digidem-bayern.de\/wp-content\/uploads\/2022\/03\/cropped-Allgemeines_digiDEMLOGO-removebg-preview.png","width":612,"height":357,"caption":"digiDEM Bayern"},"image":{"@id":"\/#\/schema\/logo\/image\/"},"sameAs":["https:\/\/www.facebook.com\/digiDEMBayern\/","https:\/\/x.com\/digidem_bayern","https:\/\/www.instagram.com\/digidem.bayern","https:\/\/www.linkedin.com\/company\/digidem-bayern\/"]},{"@type":"Person","@id":"\/#\/schema\/person\/92754ad381f49b3c358d1d8d2c4f90b8","name":"Michael Zeiler","url":"https:\/\/digidem-bayern.de\/en\/author\/michael-zeiler\/"}]}},"uagb_featured_image_src":{"full":["https:\/\/digidem-bayern.de\/wp-content\/uploads\/2019\/11\/aggressiv_pixabay.jpg",1280,960,false],"thumbnail":["https:\/\/digidem-bayern.de\/wp-content\/uploads\/2019\/11\/aggressiv_pixabay-80x80.jpg",80,80,true],"medium":["https:\/\/digidem-bayern.de\/wp-content\/uploads\/2019\/11\/aggressiv_pixabay-300x225.jpg",300,225,true],"medium_large":["https:\/\/digidem-bayern.de\/wp-content\/uploads\/2019\/11\/aggressiv_pixabay-768x576.jpg",768,576,true],"large":["https:\/\/digidem-bayern.de\/wp-content\/uploads\/2019\/11\/aggressiv_pixabay-1030x773.jpg",1030,773,true],"1536x1536":["https:\/\/digidem-bayern.de\/wp-content\/uploads\/2019\/11\/aggressiv_pixabay.jpg",1280,960,false],"2048x2048":["https:\/\/digidem-bayern.de\/wp-content\/uploads\/2019\/11\/aggressiv_pixabay.jpg",1280,960,false],"trp-custom-language-flag":["https:\/\/digidem-bayern.de\/wp-content\/uploads\/2019\/11\/aggressiv_pixabay.jpg",16,12,false],"qubely_landscape":["https:\/\/digidem-bayern.de\/wp-content\/uploads\/2019\/11\/aggressiv_pixabay-1200x750.jpg",1200,750,true],"qubely_portrait":["https:\/\/digidem-bayern.de\/wp-content\/uploads\/2019\/11\/aggressiv_pixabay-540x320.jpg",540,320,true],"qubely_thumbnail":["https:\/\/digidem-bayern.de\/wp-content\/uploads\/2019\/11\/aggressiv_pixabay-140x100.jpg",140,100,true],"post-thumbnail":["https:\/\/digidem-bayern.de\/wp-content\/uploads\/2019\/11\/aggressiv_pixabay-467x350.jpg",467,350,true],"kahuna-featured":["https:\/\/digidem-bayern.de\/wp-content\/uploads\/2019\/11\/aggressiv_pixabay-495x350.jpg",495,350,true],"kahuna-featured-lp":["https:\/\/digidem-bayern.de\/wp-content\/uploads\/2019\/11\/aggressiv_pixabay-690x350.jpg",520,264,true],"kahuna-featured-half":["https:\/\/digidem-bayern.de\/wp-content\/uploads\/2019\/11\/aggressiv_pixabay-800x350.jpg",800,350,true],"kahuna-featured-third":["https:\/\/digidem-bayern.de\/wp-content\/uploads\/2019\/11\/aggressiv_pixabay-512x350.jpg",512,350,true],"kahuna-lpbox-1":["https:\/\/digidem-bayern.de\/wp-content\/uploads\/2019\/11\/aggressiv_pixabay-460x350.jpg",394,300,true],"kahuna-lpbox-2":["https:\/\/digidem-bayern.de\/wp-content\/uploads\/2019\/11\/aggressiv_pixabay-460x350.jpg",460,350,true],"demand-language-flag":["https:\/\/digidem-bayern.de\/wp-content\/uploads\/2019\/11\/aggressiv_pixabay.jpg",36,27,false],"dddkt-language-flag":["https:\/\/digidem-bayern.de\/wp-content\/uploads\/2019\/11\/aggressiv_pixabay.jpg",36,27,false],"ddiqc-language-flag":["https:\/\/digidem-bayern.de\/wp-content\/uploads\/2019\/11\/aggressiv_pixabay.jpg",36,27,false],"ddtl-language-flag":["https:\/\/digidem-bayern.de\/wp-content\/uploads\/2019\/11\/aggressiv_pixabay.jpg",36,27,false],"mailpoet_newsletter_max":["https:\/\/digidem-bayern.de\/wp-content\/uploads\/2019\/11\/aggressiv_pixabay.jpg",1280,960,false],"kahuna-lpbox-3":["https:\/\/digidem-bayern.de\/wp-content\/uploads\/2019\/11\/aggressiv_pixabay-460x350.jpg",460,350,true],"kahuna-featured-square":["https:\/\/digidem-bayern.de\/wp-content\/uploads\/2019\/11\/aggressiv_pixabay-512x512.jpg",512,512,true],"kahuna-featured-square-large":["https:\/\/digidem-bayern.de\/wp-content\/uploads\/2019\/11\/aggressiv_pixabay-1024x960.jpg",1024,960,true]},"uagb_author_info":{"display_name":"Michael Zeiler","author_link":"https:\/\/digidem-bayern.de\/en\/author\/michael-zeiler\/"},"uagb_comment_info":0,"uagb_excerpt":"Schreie, Beschimpfungen oder auch k\u00f6rperliche Angriffe \u2013 wenn Menschen mit Demenz sich herausfordernd verhalten, stellt das f\u00fcr Angeh\u00f6rige und Betreuer oft eine gro\u00dfe Belastung dar. Eine aktuelle Netzwerk-Metaanalyse kommt nun zu dem Ergebnis, dass nicht-pharmakologische Ma\u00dfnahmen wie Bewegung, Massage oder Musik in diesem Bereich besser wirken als Medikamente. Ver\u00f6ffentlicht wurde &hellip;","_links":{"self":[{"href":"https:\/\/digidem-bayern.de\/en\/wp-json\/wp\/v2\/posts\/3929","targetHints":{"allow":["GET"]}}],"collection":[{"href":"https:\/\/digidem-bayern.de\/en\/wp-json\/wp\/v2\/posts"}],"about":[{"href":"https:\/\/digidem-bayern.de\/en\/wp-json\/wp\/v2\/types\/post"}],"author":[{"embeddable":true,"href":"https:\/\/digidem-bayern.de\/en\/wp-json\/wp\/v2\/users\/11"}],"replies":[{"embeddable":true,"href":"https:\/\/digidem-bayern.de\/en\/wp-json\/wp\/v2\/comments?post=3929"}],"version-history":[{"count":0,"href":"https:\/\/digidem-bayern.de\/en\/wp-json\/wp\/v2\/posts\/3929\/revisions"}],"wp:featuredmedia":[{"embeddable":true,"href":"https:\/\/digidem-bayern.de\/en\/wp-json\/wp\/v2\/media\/3932"}],"wp:attachment":[{"href":"https:\/\/digidem-bayern.de\/en\/wp-json\/wp\/v2\/media?parent=3929"}],"wp:term":[{"taxonomy":"category","embeddable":true,"href":"https:\/\/digidem-bayern.de\/en\/wp-json\/wp\/v2\/categories?post=3929"},{"taxonomy":"post_tag","embeddable":true,"href":"https:\/\/digidem-bayern.de\/en\/wp-json\/wp\/v2\/tags?post=3929"}],"curies":[{"name":"wp","href":"https:\/\/api.w.org\/{rel}","templated":true}]}}