{"id":38910,"date":"2024-10-01T09:13:00","date_gmt":"2024-10-01T07:13:00","guid":{"rendered":"https:\/\/digidem-bayern.de\/?p=38910"},"modified":"2024-10-30T16:38:11","modified_gmt":"2024-10-30T15:38:11","slug":"ambulant-betreute-wohngemeinschaften-fuer-menschen-mit-demenz-erkenntnisse-aus-praxis-und-wissenschaft","status":"publish","type":"post","link":"https:\/\/digidem-bayern.de\/en\/ambulant-betreute-wohngemeinschaften-fuer-menschen-mit-demenz-erkenntnisse-aus-praxis-und-wissenschaft\/","title":{"rendered":"Ambulant betreute Wohngemeinschaften f\u00fcr Menschen mit Demenz \u2013 Erkenntnisse aus Praxis und Wissenschaft"},"content":{"rendered":"<p>Der Gro\u00dfteil der Pflegebed\u00fcrftigen sehnt sich nach einem Zuhause, das ihnen gr\u00f6\u00dftm\u00f6gliche Freiheit und Unabh\u00e4ngigkeit erm\u00f6glicht. Ambulant betreute Wohngemeinschaften sind eine weitere Alternative f\u00fcr Menschen mit Demenz, die nicht mehr selbstst\u00e4ndig zu Hause leben k\u00f6nnen. Dies gilt insbesondere dann, wenn der Umzug in eine station\u00e4re Einrichtung nicht gew\u00fcnscht ist. In einer ambulant betreuten Wohngemeinschaft k\u00f6nnen Menschen mit Demenz ein weitgehend selbstbestimmtes Leben f\u00fchren und gleichzeitig professionelle Pflege und Betreuung rund um die Uhr in Anspruch nehmen.<\/p>\n\n\n\n<p>Rosi Schmitt ist langj\u00e4hriges Mitglied im \u201aInitiativkreis f\u00fcr ambulant betreute Wohngemeinschaften\u2018 (abWG), welcher von der Gerontopsychiatrischen Fachkoordination (GeFa) Mittelfranken und der Fachstelle f\u00fcr Demenz und Pflege Mittelfranken moderiert wird. Zudem ist Rosi Schmitt f\u00fcr die Joseph-Stiftung als Moderatorin in einer Demenz-WG in Buckenhof im Landkreis Erlangen-H\u00f6chstadt sowie als Beraterin in der Fachstelle f\u00fcr pflegende Angeh\u00f6rige der AWO Erlangen t\u00e4tig. Sie hat daher bereits umfangreiche Erfahrungen mit ambulant betreuten Wohngemeinschaften gesammelt, unter anderem hinsichtlich rechtlicher Rahmenbedingungen, praktischer Herausforderungen und positiver Effekte f\u00fcr Betroffene, Angeh\u00f6rige und Pflegedienste.<\/p>\n\n\n\n<p>Prof. Dr. med. Elmar Gr\u00e4\u00dfel ist Versorgungsforscher und Arzt und leitet das Zentrum f\u00fcr Medizinische Versorgungsforschung am Universit\u00e4tsklinikum Erlangen. Im Rahmen des Forschungsprojekts \u201aDemWG\u2018 hat er sich als Projektleiter wissenschaftlich mit ambulant betreuten Wohngemeinschaften im Rahmen einer Interventionsstudie befasst.<\/p>\n\n\n\n<p>Im kommenden Webinar werden Rosi Schmitt und Prof. Dr. Elmar Gr\u00e4\u00dfel die ambulant betreuten Wohngemeinschaften f\u00fcr Menschen mit Demenz sowohl aus praktischer als auch wissenschaftlicher Perspektive vorstellen.<\/p>\n\n\n\n<p><\/p>\n\n\n\n<p><\/p>\n\n\n\n<p><\/p>\n\n\n\n<h2 class=\"wp-block-heading has-text-align-center\" id=\"2---mittwoch-03062020-1100-1130-uhr--\"><strong><strong>Dienstag, 15.10.2024, 11:00 &#8211; 11:45 Uhr<\/strong><\/strong><\/h2>\n\n\n\n<div class=\"wp-block-qubely-button qubely-block-da195b\"><div class=\"qubely-block-btn-wrapper\"><div class=\"qubely-block-btn\"><a class=\"qubely-block-btn-anchor is-large\" href=\"https:\/\/attendee.gotowebinar.com\/register\/7613964530687287134\">\u00a0Melden Sie sich hier an<\/a><\/div><\/div><\/div>\n\n\n\n<div class=\"wp-block-stackable-columns stk-block-columns stk-block stk-1abb464\" data-block-id=\"1abb464\"><div class=\"stk-row stk-inner-blocks stk-block-content stk-content-align stk-1abb464-column\">\n<div class=\"wp-block-stackable-column stk-block-column stk-column stk-block stk-38a7c84\" data-v=\"4\" data-block-id=\"38a7c84\"><div class=\"stk-column-wrapper stk-block-column__content stk-container stk-38a7c84-container stk--no-background stk--no-padding\"><div class=\"stk-block-content stk-inner-blocks stk-38a7c84-inner-blocks\">\n<div class=\"wp-block-uagb-team uagb-team__image-position-above uagb-team__align-center uagb-team__stack-tablet uagb-block-3cf16ce1\"><div class=\"uagb-team__content\"><img decoding=\"async\" class=\"uagb-team__image-crop-circle\" src=\"https:\/\/digidem-bayern.de\/wp-content\/uploads\/2022\/11\/AKE_NEU_Qudarat.jpg\" alt=\"\" height=\"120\" width=\"120\" loading=\"lazy\"\/><h3 class=\"uagb-team__title\">Anne Keefer<\/h3><span class=\"uagb-team__prefix\">Wissenschaftliche Mitarbeiterin M.Sc.<\/span><p class=\"uagb-team__desc\">Moderation<\/p><\/div><\/div>\n<\/div><\/div><\/div>\n\n\n\n<div class=\"wp-block-stackable-column stk-block-column stk-column stk-block stk-3aae72b\" data-v=\"4\" data-block-id=\"3aae72b\"><div class=\"stk-column-wrapper stk-block-column__content stk-container stk-3aae72b-container stk--no-background stk--no-padding\"><div class=\"stk-block-content stk-inner-blocks stk-3aae72b-inner-blocks\">\n<div class=\"wp-block-uagb-team uagb-team__image-position-above uagb-team__align-center uagb-team__stack-tablet uagb-block-23a79212\"><div class=\"uagb-team__content\"><img decoding=\"async\" class=\"uagb-team__image-crop-circle\" src=\"https:\/\/digidem-bayern.de\/wp-content\/uploads\/2022\/11\/JRUe_NEU_Quadrat.jpg\" alt=\"\" height=\"120\" width=\"120\" loading=\"lazy\"\/><h3 class=\"uagb-team__title\">Jana R\u00fchl<\/h3><span class=\"uagb-team__prefix\">Wissenschaftliche Mitarbeiterin M.Sc.<\/span><p class=\"uagb-team__desc\">Chatroom und Betreuung<\/p><\/div><\/div>\n<\/div><\/div><\/div>\n<\/div><\/div>","protected":false},"excerpt":{"rendered":"<p>Der Gro\u00dfteil der Pflegebed\u00fcrftigen sehnt sich nach einem Zuhause, das ihnen gr\u00f6\u00dftm\u00f6gliche Freiheit und Unabh\u00e4ngigkeit erm\u00f6glicht. Ambulant betreute Wohngemeinschaften sind eine weitere Alternative f\u00fcr Menschen mit Demenz, die nicht mehr selbstst\u00e4ndig zu Hause leben k\u00f6nnen. Dies gilt insbesondere dann, wenn der Umzug in eine station\u00e4re Einrichtung nicht gew\u00fcnscht ist. In &hellip;<\/p>","protected":false},"author":12,"featured_media":38913,"comment_status":"open","ping_status":"closed","sticky":false,"template":"","format":"standard","meta":{"qubely_global_settings":"true","qubely_interactions":"","_uag_custom_page_level_css":"","footnotes":""},"categories":[8],"tags":[13,1228,1230,12,423,520,14,17,55,765,1231,566,1117,72,1232,94,1229,1227],"class_list":["post-38910","post","type-post","status-publish","format-standard","has-post-thumbnail","hentry","category-aktuelles-zu-digidem","tag-alzheimer","tag-ambulant","tag-awo-erlangen","tag-demenz-2","tag-demenzbehandlung","tag-demenzerkrankung","tag-digidem","tag-digidem-bayern","tag-digitales-demenzregister-bayern","tag-fau","tag-medizinische-versorgungsforschung","tag-menschen-mit-demenz","tag-mittelfranken","tag-pflegeheim","tag-uniklinik-erlangen","tag-webinar","tag-wohngemeinschaft","tag-wohngemeinschaften"],"qubely_featured_image_url":{"full":["https:\/\/digidem-bayern.de\/wp-content\/uploads\/2024\/09\/shutterstock_webinar-schmitt-graessel_2473318417.jpg",1000,772,false],"landscape":["https:\/\/digidem-bayern.de\/wp-content\/uploads\/2024\/09\/shutterstock_webinar-schmitt-graessel_2473318417-1000x750.jpg",1000,750,true],"portraits":["https:\/\/digidem-bayern.de\/wp-content\/uploads\/2024\/09\/shutterstock_webinar-schmitt-graessel_2473318417-540x320.jpg",540,320,true],"thumbnail":["https:\/\/digidem-bayern.de\/wp-content\/uploads\/2024\/09\/shutterstock_webinar-schmitt-graessel_2473318417-80x80.jpg",80,80,true],"medium":["https:\/\/digidem-bayern.de\/wp-content\/uploads\/2024\/09\/shutterstock_webinar-schmitt-graessel_2473318417-300x232.jpg",300,232,true],"medium_large":["https:\/\/digidem-bayern.de\/wp-content\/uploads\/2024\/09\/shutterstock_webinar-schmitt-graessel_2473318417-768x593.jpg",768,593,true],"large":["https:\/\/digidem-bayern.de\/wp-content\/uploads\/2024\/09\/shutterstock_webinar-schmitt-graessel_2473318417.jpg",1000,772,false],"1536x1536":["https:\/\/digidem-bayern.de\/wp-content\/uploads\/2024\/09\/shutterstock_webinar-schmitt-graessel_2473318417.jpg",1000,772,false],"2048x2048":["https:\/\/digidem-bayern.de\/wp-content\/uploads\/2024\/09\/shutterstock_webinar-schmitt-graessel_2473318417.jpg",1000,772,false],"trp-custom-language-flag":["https:\/\/digidem-bayern.de\/wp-content\/uploads\/2024\/09\/shutterstock_webinar-schmitt-graessel_2473318417.jpg",16,12,false],"qubely_landscape":["https:\/\/digidem-bayern.de\/wp-content\/uploads\/2024\/09\/shutterstock_webinar-schmitt-graessel_2473318417-1000x750.jpg",1000,750,true],"qubely_portrait":["https:\/\/digidem-bayern.de\/wp-content\/uploads\/2024\/09\/shutterstock_webinar-schmitt-graessel_2473318417-540x320.jpg",540,320,true],"qubely_thumbnail":["https:\/\/digidem-bayern.de\/wp-content\/uploads\/2024\/09\/shutterstock_webinar-schmitt-graessel_2473318417-140x100.jpg",140,100,true],"post-thumbnail":["https:\/\/digidem-bayern.de\/wp-content\/uploads\/2024\/09\/shutterstock_webinar-schmitt-graessel_2473318417-453x350.jpg",453,350,true],"kahuna-featured":["https:\/\/digidem-bayern.de\/wp-content\/uploads\/2024\/09\/shutterstock_webinar-schmitt-graessel_2473318417-734x350.jpg",734,350,true],"kahuna-featured-lp":["https:\/\/digidem-bayern.de\/wp-content\/uploads\/2024\/09\/shutterstock_webinar-schmitt-graessel_2473318417-520x350.jpg",520,350,true],"kahuna-featured-half":["https:\/\/digidem-bayern.de\/wp-content\/uploads\/2024\/09\/shutterstock_webinar-schmitt-graessel_2473318417-800x350.jpg",800,350,true],"kahuna-featured-third":["https:\/\/digidem-bayern.de\/wp-content\/uploads\/2024\/09\/shutterstock_webinar-schmitt-graessel_2473318417-512x350.jpg",512,350,true],"kahuna-lpbox-1":["https:\/\/digidem-bayern.de\/wp-content\/uploads\/2024\/09\/shutterstock_webinar-schmitt-graessel_2473318417-520x300.jpg",520,300,true],"kahuna-lpbox-2":["https:\/\/digidem-bayern.de\/wp-content\/uploads\/2024\/09\/shutterstock_webinar-schmitt-graessel_2473318417-520x350.jpg",520,350,true],"demand-language-flag":["https:\/\/digidem-bayern.de\/wp-content\/uploads\/2024\/09\/shutterstock_webinar-schmitt-graessel_2473318417-36x36.jpg",36,36,true],"dddkt-language-flag":["https:\/\/digidem-bayern.de\/wp-content\/uploads\/2024\/09\/shutterstock_webinar-schmitt-graessel_2473318417-36x36.jpg",36,36,true],"ddiqc-language-flag":["https:\/\/digidem-bayern.de\/wp-content\/uploads\/2024\/09\/shutterstock_webinar-schmitt-graessel_2473318417-36x36.jpg",36,36,true],"ddtl-language-flag":["https:\/\/digidem-bayern.de\/wp-content\/uploads\/2024\/09\/shutterstock_webinar-schmitt-graessel_2473318417-36x36.jpg",36,36,true],"mailpoet_newsletter_max":["https:\/\/digidem-bayern.de\/wp-content\/uploads\/2024\/09\/shutterstock_webinar-schmitt-graessel_2473318417.jpg",1000,772,false],"kahuna-lpbox-3":["https:\/\/digidem-bayern.de\/wp-content\/uploads\/2024\/09\/shutterstock_webinar-schmitt-graessel_2473318417-520x350.jpg",520,350,true],"kahuna-featured-square":["https:\/\/digidem-bayern.de\/wp-content\/uploads\/2024\/09\/shutterstock_webinar-schmitt-graessel_2473318417-512x512.jpg",512,512,true],"kahuna-featured-square-large":["https:\/\/digidem-bayern.de\/wp-content\/uploads\/2024\/09\/shutterstock_webinar-schmitt-graessel_2473318417.jpg",1000,772,false]},"qubely_author":{"display_name":"Ilona H\u00f6rath","author_link":"https:\/\/digidem-bayern.de\/en\/author\/hoeratia\/"},"qubely_comment":0,"qubely_category":"<a href=\"https:\/\/digidem-bayern.de\/en\/category\/aktuelles-zu-digidem\/\" rel=\"category tag\">Aktuelles zu digiDEM<\/a>","qubely_excerpt":"Der Gro\u00dfteil der Pflegebed\u00fcrftigen sehnt sich nach einem Zuhause, das ihnen gr\u00f6\u00dftm\u00f6gliche Freiheit und Unabh\u00e4ngigkeit erm\u00f6glicht. Ambulant betreute Wohngemeinschaften sind eine weitere Alternative f\u00fcr Menschen mit Demenz, die nicht mehr selbstst\u00e4ndig zu Hause leben k\u00f6nnen. Dies gilt insbesondere dann, wenn der Umzug in eine station\u00e4re Einrichtung nicht gew\u00fcnscht ist. In &hellip;","featured_image_urls_v2":{"full":["https:\/\/digidem-bayern.de\/wp-content\/uploads\/2024\/09\/shutterstock_webinar-schmitt-graessel_2473318417.jpg",1000,772,false],"thumbnail":["https:\/\/digidem-bayern.de\/wp-content\/uploads\/2024\/09\/shutterstock_webinar-schmitt-graessel_2473318417-80x80.jpg",80,80,true],"medium":["https:\/\/digidem-bayern.de\/wp-content\/uploads\/2024\/09\/shutterstock_webinar-schmitt-graessel_2473318417-300x232.jpg",300,232,true],"medium_large":["https:\/\/digidem-bayern.de\/wp-content\/uploads\/2024\/09\/shutterstock_webinar-schmitt-graessel_2473318417-768x593.jpg",768,593,true],"large":["https:\/\/digidem-bayern.de\/wp-content\/uploads\/2024\/09\/shutterstock_webinar-schmitt-graessel_2473318417.jpg",1000,772,false],"1536x1536":["https:\/\/digidem-bayern.de\/wp-content\/uploads\/2024\/09\/shutterstock_webinar-schmitt-graessel_2473318417.jpg",1000,772,false],"2048x2048":["https:\/\/digidem-bayern.de\/wp-content\/uploads\/2024\/09\/shutterstock_webinar-schmitt-graessel_2473318417.jpg",1000,772,false],"trp-custom-language-flag":["https:\/\/digidem-bayern.de\/wp-content\/uploads\/2024\/09\/shutterstock_webinar-schmitt-graessel_2473318417.jpg",16,12,false],"qubely_landscape":["https:\/\/digidem-bayern.de\/wp-content\/uploads\/2024\/09\/shutterstock_webinar-schmitt-graessel_2473318417-1000x750.jpg",1000,750,true],"qubely_portrait":["https:\/\/digidem-bayern.de\/wp-content\/uploads\/2024\/09\/shutterstock_webinar-schmitt-graessel_2473318417-540x320.jpg",540,320,true],"qubely_thumbnail":["https:\/\/digidem-bayern.de\/wp-content\/uploads\/2024\/09\/shutterstock_webinar-schmitt-graessel_2473318417-140x100.jpg",140,100,true],"post-thumbnail":["https:\/\/digidem-bayern.de\/wp-content\/uploads\/2024\/09\/shutterstock_webinar-schmitt-graessel_2473318417-453x350.jpg",453,350,true],"kahuna-featured":["https:\/\/digidem-bayern.de\/wp-content\/uploads\/2024\/09\/shutterstock_webinar-schmitt-graessel_2473318417-734x350.jpg",734,350,true],"kahuna-featured-lp":["https:\/\/digidem-bayern.de\/wp-content\/uploads\/2024\/09\/shutterstock_webinar-schmitt-graessel_2473318417-520x350.jpg",520,350,true],"kahuna-featured-half":["https:\/\/digidem-bayern.de\/wp-content\/uploads\/2024\/09\/shutterstock_webinar-schmitt-graessel_2473318417-800x350.jpg",800,350,true],"kahuna-featured-third":["https:\/\/digidem-bayern.de\/wp-content\/uploads\/2024\/09\/shutterstock_webinar-schmitt-graessel_2473318417-512x350.jpg",512,350,true],"kahuna-lpbox-1":["https:\/\/digidem-bayern.de\/wp-content\/uploads\/2024\/09\/shutterstock_webinar-schmitt-graessel_2473318417-520x300.jpg",520,300,true],"kahuna-lpbox-2":["https:\/\/digidem-bayern.de\/wp-content\/uploads\/2024\/09\/shutterstock_webinar-schmitt-graessel_2473318417-520x350.jpg",520,350,true],"demand-language-flag":["https:\/\/digidem-bayern.de\/wp-content\/uploads\/2024\/09\/shutterstock_webinar-schmitt-graessel_2473318417-36x36.jpg",36,36,true],"dddkt-language-flag":["https:\/\/digidem-bayern.de\/wp-content\/uploads\/2024\/09\/shutterstock_webinar-schmitt-graessel_2473318417-36x36.jpg",36,36,true],"ddiqc-language-flag":["https:\/\/digidem-bayern.de\/wp-content\/uploads\/2024\/09\/shutterstock_webinar-schmitt-graessel_2473318417-36x36.jpg",36,36,true],"ddtl-language-flag":["https:\/\/digidem-bayern.de\/wp-content\/uploads\/2024\/09\/shutterstock_webinar-schmitt-graessel_2473318417-36x36.jpg",36,36,true],"mailpoet_newsletter_max":["https:\/\/digidem-bayern.de\/wp-content\/uploads\/2024\/09\/shutterstock_webinar-schmitt-graessel_2473318417.jpg",1000,772,false],"kahuna-lpbox-3":["https:\/\/digidem-bayern.de\/wp-content\/uploads\/2024\/09\/shutterstock_webinar-schmitt-graessel_2473318417-520x350.jpg",520,350,true],"kahuna-featured-square":["https:\/\/digidem-bayern.de\/wp-content\/uploads\/2024\/09\/shutterstock_webinar-schmitt-graessel_2473318417-512x512.jpg",512,512,true],"kahuna-featured-square-large":["https:\/\/digidem-bayern.de\/wp-content\/uploads\/2024\/09\/shutterstock_webinar-schmitt-graessel_2473318417.jpg",1000,772,false]},"post_excerpt_stackable_v2":"<p>Der Gro\u00dfteil der Pflegebed\u00fcrftigen sehnt sich nach einem Zuhause, das ihnen gr\u00f6\u00dftm\u00f6gliche Freiheit und Unabh\u00e4ngigkeit erm\u00f6glicht. Ambulant betreute Wohngemeinschaften sind eine weitere Alternative f\u00fcr Menschen mit Demenz, die nicht mehr selbstst\u00e4ndig zu Hause leben k\u00f6nnen. Dies gilt insbesondere dann, wenn der Umzug in eine station\u00e4re Einrichtung nicht gew\u00fcnscht ist. In einer ambulant betreuten Wohngemeinschaft k\u00f6nnen Menschen mit Demenz ein weitgehend selbstbestimmtes Leben f\u00fchren und gleichzeitig professionelle Pflege und Betreuung rund um die Uhr in Anspruch nehmen. Rosi Schmitt ist langj\u00e4hriges Mitglied im \u201aInitiativkreis f\u00fcr ambulant betreute Wohngemeinschaften\u2018 (abWG), welcher von der Gerontopsychiatrischen Fachkoordination (GeFa) Mittelfranken und der Fachstelle f\u00fcr Demenz&hellip;<\/p>\n","category_list_v2":"<a href=\"https:\/\/digidem-bayern.de\/en\/category\/aktuelles-zu-digidem\/\" rel=\"category tag\">Aktuelles zu digiDEM<\/a>","author_info_v2":{"name":"Ilona H\u00f6rath","url":"https:\/\/digidem-bayern.de\/en\/author\/hoeratia\/"},"comments_num_v2":"0 comments","yoast_head":"<!-- This site is optimized with the Yoast SEO plugin v27.5 - https:\/\/yoast.com\/product\/yoast-seo-wordpress\/ -->\n<title>Ambulant betreute Wohngemeinschaften f\u00fcr Menschen mit Demenz \u2013 Erkenntnisse aus Praxis und Wissenschaft - digiDEM Bayern<\/title>\n<meta name=\"description\" content=\"Im Webinar &quot;digiDEM Bayern Science Watch LIVE&quot; behandeln Wissenschaftler ein Thema aus der Demenzforschung und stehen live f\u00fcr Fragen zur Verf\u00fcgung.\" \/>\n<meta name=\"robots\" content=\"index, follow, max-snippet:-1, max-image-preview:large, max-video-preview:-1\" \/>\n<link rel=\"canonical\" href=\"https:\/\/digidem-bayern.de\/en\/ambulant-betreute-wohngemeinschaften-fuer-menschen-mit-demenz-erkenntnisse-aus-praxis-und-wissenschaft\/\" \/>\n<meta property=\"og:locale\" content=\"en_US\" \/>\n<meta property=\"og:type\" content=\"article\" \/>\n<meta property=\"og:title\" content=\"Ambulant betreute Wohngemeinschaften f\u00fcr Menschen mit Demenz \u2013 Erkenntnisse aus Praxis und Wissenschaft - digiDEM Bayern\" \/>\n<meta property=\"og:description\" content=\"Im Webinar &quot;digiDEM Bayern Science Watch LIVE&quot; behandeln Wissenschaftler ein Thema aus der Demenzforschung und stehen live f\u00fcr Fragen zur Verf\u00fcgung.\" \/>\n<meta property=\"og:url\" content=\"https:\/\/digidem-bayern.de\/en\/ambulant-betreute-wohngemeinschaften-fuer-menschen-mit-demenz-erkenntnisse-aus-praxis-und-wissenschaft\/\" \/>\n<meta property=\"og:site_name\" content=\"digiDEM Bayern\" \/>\n<meta property=\"article:publisher\" content=\"https:\/\/www.facebook.com\/digiDEMBayern\/\" \/>\n<meta property=\"article:published_time\" content=\"2024-10-01T07:13:00+00:00\" \/>\n<meta property=\"article:modified_time\" content=\"2024-10-30T15:38:11+00:00\" \/>\n<meta property=\"og:image\" content=\"https:\/\/digidem-bayern.de\/wp-content\/uploads\/2024\/09\/shutterstock_webinar-schmitt-graessel_2473318417.jpg\" \/>\n\t<meta property=\"og:image:width\" content=\"1000\" \/>\n\t<meta property=\"og:image:height\" content=\"772\" \/>\n\t<meta property=\"og:image:type\" content=\"image\/jpeg\" \/>\n<meta name=\"author\" content=\"Ilona H\u00f6rath\" \/>\n<meta name=\"twitter:label1\" content=\"Written by\" \/>\n\t<meta name=\"twitter:data1\" content=\"Ilona H\u00f6rath\" \/>\n\t<meta name=\"twitter:label2\" content=\"Est. reading time\" \/>\n\t<meta name=\"twitter:data2\" content=\"2 minutes\" \/>\n<script type=\"application\/ld+json\" class=\"yoast-schema-graph\">{\"@context\":\"https:\\\/\\\/schema.org\",\"@graph\":[{\"@type\":\"Article\",\"@id\":\"https:\\\/\\\/digidem-bayern.de\\\/ambulant-betreute-wohngemeinschaften-fuer-menschen-mit-demenz-erkenntnisse-aus-praxis-und-wissenschaft\\\/#article\",\"isPartOf\":{\"@id\":\"https:\\\/\\\/digidem-bayern.de\\\/ambulant-betreute-wohngemeinschaften-fuer-menschen-mit-demenz-erkenntnisse-aus-praxis-und-wissenschaft\\\/\"},\"author\":{\"name\":\"Ilona H\u00f6rath\",\"@id\":\"\\\/#\\\/schema\\\/person\\\/0bc1494f46fc2a051c761322a80e0941\"},\"headline\":\"Ambulant betreute Wohngemeinschaften f\u00fcr Menschen mit Demenz \u2013 Erkenntnisse aus Praxis und Wissenschaft\",\"datePublished\":\"2024-10-01T07:13:00+00:00\",\"dateModified\":\"2024-10-30T15:38:11+00:00\",\"mainEntityOfPage\":{\"@id\":\"https:\\\/\\\/digidem-bayern.de\\\/ambulant-betreute-wohngemeinschaften-fuer-menschen-mit-demenz-erkenntnisse-aus-praxis-und-wissenschaft\\\/\"},\"wordCount\":293,\"commentCount\":0,\"publisher\":{\"@id\":\"\\\/#organization\"},\"image\":{\"@id\":\"https:\\\/\\\/digidem-bayern.de\\\/ambulant-betreute-wohngemeinschaften-fuer-menschen-mit-demenz-erkenntnisse-aus-praxis-und-wissenschaft\\\/#primaryimage\"},\"thumbnailUrl\":\"https:\\\/\\\/digidem-bayern.de\\\/wp-content\\\/uploads\\\/2024\\\/09\\\/shutterstock_webinar-schmitt-graessel_2473318417.jpg\",\"keywords\":[\"Alzheimer\",\"ambulant\",\"AWO Erlangen\",\"Demenz\",\"Demenzbehandlung\",\"Demenzerkrankung\",\"digidem\",\"digidem Bayern\",\"Digitales Demenzregister Bayern\",\"FAU\",\"Medizinische Versorgungsforschung\",\"Menschen mit Demenz\",\"Mittelfranken\",\"Pflegeheim\",\"Uniklinik Erlangen\",\"Webinar\",\"Wohngemeinschaft\",\"Wohngemeinschaften\"],\"articleSection\":[\"Aktuelles zu digiDEM\"],\"inLanguage\":\"en-US\",\"potentialAction\":[{\"@type\":\"CommentAction\",\"name\":\"Comment\",\"target\":[\"https:\\\/\\\/digidem-bayern.de\\\/ambulant-betreute-wohngemeinschaften-fuer-menschen-mit-demenz-erkenntnisse-aus-praxis-und-wissenschaft\\\/#respond\"]}]},{\"@type\":\"WebPage\",\"@id\":\"https:\\\/\\\/digidem-bayern.de\\\/ambulant-betreute-wohngemeinschaften-fuer-menschen-mit-demenz-erkenntnisse-aus-praxis-und-wissenschaft\\\/\",\"url\":\"https:\\\/\\\/digidem-bayern.de\\\/ambulant-betreute-wohngemeinschaften-fuer-menschen-mit-demenz-erkenntnisse-aus-praxis-und-wissenschaft\\\/\",\"name\":\"Ambulant betreute Wohngemeinschaften f\u00fcr Menschen mit Demenz \u2013 Erkenntnisse aus Praxis und Wissenschaft - digiDEM Bayern\",\"isPartOf\":{\"@id\":\"\\\/#website\"},\"primaryImageOfPage\":{\"@id\":\"https:\\\/\\\/digidem-bayern.de\\\/ambulant-betreute-wohngemeinschaften-fuer-menschen-mit-demenz-erkenntnisse-aus-praxis-und-wissenschaft\\\/#primaryimage\"},\"image\":{\"@id\":\"https:\\\/\\\/digidem-bayern.de\\\/ambulant-betreute-wohngemeinschaften-fuer-menschen-mit-demenz-erkenntnisse-aus-praxis-und-wissenschaft\\\/#primaryimage\"},\"thumbnailUrl\":\"https:\\\/\\\/digidem-bayern.de\\\/wp-content\\\/uploads\\\/2024\\\/09\\\/shutterstock_webinar-schmitt-graessel_2473318417.jpg\",\"datePublished\":\"2024-10-01T07:13:00+00:00\",\"dateModified\":\"2024-10-30T15:38:11+00:00\",\"description\":\"Im Webinar \\\"digiDEM Bayern Science Watch LIVE\\\" behandeln Wissenschaftler ein Thema aus der Demenzforschung und stehen live f\u00fcr Fragen zur Verf\u00fcgung.\",\"breadcrumb\":{\"@id\":\"https:\\\/\\\/digidem-bayern.de\\\/ambulant-betreute-wohngemeinschaften-fuer-menschen-mit-demenz-erkenntnisse-aus-praxis-und-wissenschaft\\\/#breadcrumb\"},\"inLanguage\":\"en-US\",\"potentialAction\":[{\"@type\":\"ReadAction\",\"target\":[\"https:\\\/\\\/digidem-bayern.de\\\/ambulant-betreute-wohngemeinschaften-fuer-menschen-mit-demenz-erkenntnisse-aus-praxis-und-wissenschaft\\\/\"]}]},{\"@type\":\"ImageObject\",\"inLanguage\":\"en-US\",\"@id\":\"https:\\\/\\\/digidem-bayern.de\\\/ambulant-betreute-wohngemeinschaften-fuer-menschen-mit-demenz-erkenntnisse-aus-praxis-und-wissenschaft\\\/#primaryimage\",\"url\":\"https:\\\/\\\/digidem-bayern.de\\\/wp-content\\\/uploads\\\/2024\\\/09\\\/shutterstock_webinar-schmitt-graessel_2473318417.jpg\",\"contentUrl\":\"https:\\\/\\\/digidem-bayern.de\\\/wp-content\\\/uploads\\\/2024\\\/09\\\/shutterstock_webinar-schmitt-graessel_2473318417.jpg\",\"width\":1000,\"height\":772,\"caption\":\"Foto: Shutterstock\"},{\"@type\":\"BreadcrumbList\",\"@id\":\"https:\\\/\\\/digidem-bayern.de\\\/ambulant-betreute-wohngemeinschaften-fuer-menschen-mit-demenz-erkenntnisse-aus-praxis-und-wissenschaft\\\/#breadcrumb\",\"itemListElement\":[{\"@type\":\"ListItem\",\"position\":1,\"name\":\"Startseite\",\"item\":\"https:\\\/\\\/digidem-bayern.de\\\/\"},{\"@type\":\"ListItem\",\"position\":2,\"name\":\"Ambulant betreute Wohngemeinschaften f\u00fcr Menschen mit Demenz \u2013 Erkenntnisse aus Praxis und Wissenschaft\"}]},{\"@type\":\"WebSite\",\"@id\":\"\\\/#website\",\"url\":\"\\\/\",\"name\":\"digiDEM Bayern\",\"description\":\"Das digitale Demenzregister Bayern erforscht und verbessert die Angebotsstuktur f\u00fcr Menschen mit Demenz und deren Angeh\u00f6rige\",\"publisher\":{\"@id\":\"\\\/#organization\"},\"potentialAction\":[{\"@type\":\"SearchAction\",\"target\":{\"@type\":\"EntryPoint\",\"urlTemplate\":\"\\\/?s={search_term_string}\"},\"query-input\":{\"@type\":\"PropertyValueSpecification\",\"valueRequired\":true,\"valueName\":\"search_term_string\"}}],\"inLanguage\":\"en-US\"},{\"@type\":\"Organization\",\"@id\":\"\\\/#organization\",\"name\":\"digiDEM Bayern\",\"url\":\"\\\/\",\"logo\":{\"@type\":\"ImageObject\",\"inLanguage\":\"en-US\",\"@id\":\"\\\/#\\\/schema\\\/logo\\\/image\\\/\",\"url\":\"https:\\\/\\\/digidem-bayern.de\\\/wp-content\\\/uploads\\\/2022\\\/03\\\/cropped-Allgemeines_digiDEMLOGO-removebg-preview.png\",\"contentUrl\":\"https:\\\/\\\/digidem-bayern.de\\\/wp-content\\\/uploads\\\/2022\\\/03\\\/cropped-Allgemeines_digiDEMLOGO-removebg-preview.png\",\"width\":612,\"height\":357,\"caption\":\"digiDEM Bayern\"},\"image\":{\"@id\":\"\\\/#\\\/schema\\\/logo\\\/image\\\/\"},\"sameAs\":[\"https:\\\/\\\/www.facebook.com\\\/digiDEMBayern\\\/\",\"https:\\\/\\\/x.com\\\/digidem_bayern\",\"https:\\\/\\\/www.instagram.com\\\/digidem.bayern\",\"https:\\\/\\\/www.linkedin.com\\\/company\\\/digidem-bayern\\\/\"]},{\"@type\":\"Person\",\"@id\":\"\\\/#\\\/schema\\\/person\\\/0bc1494f46fc2a051c761322a80e0941\",\"name\":\"Ilona H\u00f6rath\",\"url\":\"https:\\\/\\\/digidem-bayern.de\\\/en\\\/author\\\/hoeratia\\\/\"}]}<\/script>\n<!-- \/ Yoast SEO plugin. -->","yoast_head_json":{"title":"Ambulant betreute Wohngemeinschaften f\u00fcr Menschen mit Demenz \u2013 Erkenntnisse aus Praxis und Wissenschaft - digiDEM Bayern","description":"Im Webinar \"digiDEM Bayern Science Watch LIVE\" behandeln Wissenschaftler ein Thema aus der Demenzforschung und stehen live f\u00fcr Fragen zur Verf\u00fcgung.","robots":{"index":"index","follow":"follow","max-snippet":"max-snippet:-1","max-image-preview":"max-image-preview:large","max-video-preview":"max-video-preview:-1"},"canonical":"https:\/\/digidem-bayern.de\/en\/ambulant-betreute-wohngemeinschaften-fuer-menschen-mit-demenz-erkenntnisse-aus-praxis-und-wissenschaft\/","og_locale":"en_US","og_type":"article","og_title":"Ambulant betreute Wohngemeinschaften f\u00fcr Menschen mit Demenz \u2013 Erkenntnisse aus Praxis und Wissenschaft - digiDEM Bayern","og_description":"Im Webinar \"digiDEM Bayern Science Watch LIVE\" behandeln Wissenschaftler ein Thema aus der Demenzforschung und stehen live f\u00fcr Fragen zur Verf\u00fcgung.","og_url":"https:\/\/digidem-bayern.de\/en\/ambulant-betreute-wohngemeinschaften-fuer-menschen-mit-demenz-erkenntnisse-aus-praxis-und-wissenschaft\/","og_site_name":"digiDEM Bayern","article_publisher":"https:\/\/www.facebook.com\/digiDEMBayern\/","article_published_time":"2024-10-01T07:13:00+00:00","article_modified_time":"2024-10-30T15:38:11+00:00","og_image":[{"width":1000,"height":772,"url":"https:\/\/digidem-bayern.de\/wp-content\/uploads\/2024\/09\/shutterstock_webinar-schmitt-graessel_2473318417.jpg","type":"image\/jpeg"}],"author":"Ilona H\u00f6rath","twitter_misc":{"Written by":"Ilona H\u00f6rath","Est. reading time":"2 minutes"},"schema":{"@context":"https:\/\/schema.org","@graph":[{"@type":"Article","@id":"https:\/\/digidem-bayern.de\/ambulant-betreute-wohngemeinschaften-fuer-menschen-mit-demenz-erkenntnisse-aus-praxis-und-wissenschaft\/#article","isPartOf":{"@id":"https:\/\/digidem-bayern.de\/ambulant-betreute-wohngemeinschaften-fuer-menschen-mit-demenz-erkenntnisse-aus-praxis-und-wissenschaft\/"},"author":{"name":"Ilona H\u00f6rath","@id":"\/#\/schema\/person\/0bc1494f46fc2a051c761322a80e0941"},"headline":"Ambulant betreute Wohngemeinschaften f\u00fcr Menschen mit Demenz \u2013 Erkenntnisse aus Praxis und Wissenschaft","datePublished":"2024-10-01T07:13:00+00:00","dateModified":"2024-10-30T15:38:11+00:00","mainEntityOfPage":{"@id":"https:\/\/digidem-bayern.de\/ambulant-betreute-wohngemeinschaften-fuer-menschen-mit-demenz-erkenntnisse-aus-praxis-und-wissenschaft\/"},"wordCount":293,"commentCount":0,"publisher":{"@id":"\/#organization"},"image":{"@id":"https:\/\/digidem-bayern.de\/ambulant-betreute-wohngemeinschaften-fuer-menschen-mit-demenz-erkenntnisse-aus-praxis-und-wissenschaft\/#primaryimage"},"thumbnailUrl":"https:\/\/digidem-bayern.de\/wp-content\/uploads\/2024\/09\/shutterstock_webinar-schmitt-graessel_2473318417.jpg","keywords":["Alzheimer","ambulant","AWO Erlangen","Demenz","Demenzbehandlung","Demenzerkrankung","digidem","digidem Bayern","Digitales Demenzregister Bayern","FAU","Medizinische Versorgungsforschung","Menschen mit Demenz","Mittelfranken","Pflegeheim","Uniklinik Erlangen","Webinar","Wohngemeinschaft","Wohngemeinschaften"],"articleSection":["Aktuelles zu digiDEM"],"inLanguage":"en-US","potentialAction":[{"@type":"CommentAction","name":"Comment","target":["https:\/\/digidem-bayern.de\/ambulant-betreute-wohngemeinschaften-fuer-menschen-mit-demenz-erkenntnisse-aus-praxis-und-wissenschaft\/#respond"]}]},{"@type":"WebPage","@id":"https:\/\/digidem-bayern.de\/ambulant-betreute-wohngemeinschaften-fuer-menschen-mit-demenz-erkenntnisse-aus-praxis-und-wissenschaft\/","url":"https:\/\/digidem-bayern.de\/ambulant-betreute-wohngemeinschaften-fuer-menschen-mit-demenz-erkenntnisse-aus-praxis-und-wissenschaft\/","name":"Ambulant betreute Wohngemeinschaften f\u00fcr Menschen mit Demenz \u2013 Erkenntnisse aus Praxis und Wissenschaft - digiDEM Bayern","isPartOf":{"@id":"\/#website"},"primaryImageOfPage":{"@id":"https:\/\/digidem-bayern.de\/ambulant-betreute-wohngemeinschaften-fuer-menschen-mit-demenz-erkenntnisse-aus-praxis-und-wissenschaft\/#primaryimage"},"image":{"@id":"https:\/\/digidem-bayern.de\/ambulant-betreute-wohngemeinschaften-fuer-menschen-mit-demenz-erkenntnisse-aus-praxis-und-wissenschaft\/#primaryimage"},"thumbnailUrl":"https:\/\/digidem-bayern.de\/wp-content\/uploads\/2024\/09\/shutterstock_webinar-schmitt-graessel_2473318417.jpg","datePublished":"2024-10-01T07:13:00+00:00","dateModified":"2024-10-30T15:38:11+00:00","description":"Im Webinar \"digiDEM Bayern Science Watch LIVE\" behandeln Wissenschaftler ein Thema aus der Demenzforschung und stehen live f\u00fcr Fragen zur Verf\u00fcgung.","breadcrumb":{"@id":"https:\/\/digidem-bayern.de\/ambulant-betreute-wohngemeinschaften-fuer-menschen-mit-demenz-erkenntnisse-aus-praxis-und-wissenschaft\/#breadcrumb"},"inLanguage":"en-US","potentialAction":[{"@type":"ReadAction","target":["https:\/\/digidem-bayern.de\/ambulant-betreute-wohngemeinschaften-fuer-menschen-mit-demenz-erkenntnisse-aus-praxis-und-wissenschaft\/"]}]},{"@type":"ImageObject","inLanguage":"en-US","@id":"https:\/\/digidem-bayern.de\/ambulant-betreute-wohngemeinschaften-fuer-menschen-mit-demenz-erkenntnisse-aus-praxis-und-wissenschaft\/#primaryimage","url":"https:\/\/digidem-bayern.de\/wp-content\/uploads\/2024\/09\/shutterstock_webinar-schmitt-graessel_2473318417.jpg","contentUrl":"https:\/\/digidem-bayern.de\/wp-content\/uploads\/2024\/09\/shutterstock_webinar-schmitt-graessel_2473318417.jpg","width":1000,"height":772,"caption":"Foto: Shutterstock"},{"@type":"BreadcrumbList","@id":"https:\/\/digidem-bayern.de\/ambulant-betreute-wohngemeinschaften-fuer-menschen-mit-demenz-erkenntnisse-aus-praxis-und-wissenschaft\/#breadcrumb","itemListElement":[{"@type":"ListItem","position":1,"name":"Startseite","item":"https:\/\/digidem-bayern.de\/"},{"@type":"ListItem","position":2,"name":"Ambulant betreute Wohngemeinschaften f\u00fcr Menschen mit Demenz \u2013 Erkenntnisse aus Praxis und Wissenschaft"}]},{"@type":"WebSite","@id":"\/#website","url":"\/","name":"digiDEM Bavaria","description":"The digital dementia register in Bavaria researches and improves the structure of services for people with dementia and their relatives","publisher":{"@id":"\/#organization"},"potentialAction":[{"@type":"SearchAction","target":{"@type":"EntryPoint","urlTemplate":"\/?s={search_term_string}"},"query-input":{"@type":"PropertyValueSpecification","valueRequired":true,"valueName":"search_term_string"}}],"inLanguage":"en-US"},{"@type":"Organization","@id":"\/#organization","name":"digiDEM Bavaria","url":"\/","logo":{"@type":"ImageObject","inLanguage":"en-US","@id":"\/#\/schema\/logo\/image\/","url":"https:\/\/digidem-bayern.de\/wp-content\/uploads\/2022\/03\/cropped-Allgemeines_digiDEMLOGO-removebg-preview.png","contentUrl":"https:\/\/digidem-bayern.de\/wp-content\/uploads\/2022\/03\/cropped-Allgemeines_digiDEMLOGO-removebg-preview.png","width":612,"height":357,"caption":"digiDEM Bayern"},"image":{"@id":"\/#\/schema\/logo\/image\/"},"sameAs":["https:\/\/www.facebook.com\/digiDEMBayern\/","https:\/\/x.com\/digidem_bayern","https:\/\/www.instagram.com\/digidem.bayern","https:\/\/www.linkedin.com\/company\/digidem-bayern\/"]},{"@type":"Person","@id":"\/#\/schema\/person\/0bc1494f46fc2a051c761322a80e0941","name":"Ilona H\u00f6rath","url":"https:\/\/digidem-bayern.de\/en\/author\/hoeratia\/"}]}},"uagb_featured_image_src":{"full":["https:\/\/digidem-bayern.de\/wp-content\/uploads\/2024\/09\/shutterstock_webinar-schmitt-graessel_2473318417.jpg",1000,772,false],"thumbnail":["https:\/\/digidem-bayern.de\/wp-content\/uploads\/2024\/09\/shutterstock_webinar-schmitt-graessel_2473318417-80x80.jpg",80,80,true],"medium":["https:\/\/digidem-bayern.de\/wp-content\/uploads\/2024\/09\/shutterstock_webinar-schmitt-graessel_2473318417-300x232.jpg",300,232,true],"medium_large":["https:\/\/digidem-bayern.de\/wp-content\/uploads\/2024\/09\/shutterstock_webinar-schmitt-graessel_2473318417-768x593.jpg",768,593,true],"large":["https:\/\/digidem-bayern.de\/wp-content\/uploads\/2024\/09\/shutterstock_webinar-schmitt-graessel_2473318417.jpg",1000,772,false],"1536x1536":["https:\/\/digidem-bayern.de\/wp-content\/uploads\/2024\/09\/shutterstock_webinar-schmitt-graessel_2473318417.jpg",1000,772,false],"2048x2048":["https:\/\/digidem-bayern.de\/wp-content\/uploads\/2024\/09\/shutterstock_webinar-schmitt-graessel_2473318417.jpg",1000,772,false],"trp-custom-language-flag":["https:\/\/digidem-bayern.de\/wp-content\/uploads\/2024\/09\/shutterstock_webinar-schmitt-graessel_2473318417.jpg",16,12,false],"qubely_landscape":["https:\/\/digidem-bayern.de\/wp-content\/uploads\/2024\/09\/shutterstock_webinar-schmitt-graessel_2473318417-1000x750.jpg",1000,750,true],"qubely_portrait":["https:\/\/digidem-bayern.de\/wp-content\/uploads\/2024\/09\/shutterstock_webinar-schmitt-graessel_2473318417-540x320.jpg",540,320,true],"qubely_thumbnail":["https:\/\/digidem-bayern.de\/wp-content\/uploads\/2024\/09\/shutterstock_webinar-schmitt-graessel_2473318417-140x100.jpg",140,100,true],"post-thumbnail":["https:\/\/digidem-bayern.de\/wp-content\/uploads\/2024\/09\/shutterstock_webinar-schmitt-graessel_2473318417-453x350.jpg",453,350,true],"kahuna-featured":["https:\/\/digidem-bayern.de\/wp-content\/uploads\/2024\/09\/shutterstock_webinar-schmitt-graessel_2473318417-734x350.jpg",734,350,true],"kahuna-featured-lp":["https:\/\/digidem-bayern.de\/wp-content\/uploads\/2024\/09\/shutterstock_webinar-schmitt-graessel_2473318417-520x350.jpg",520,350,true],"kahuna-featured-half":["https:\/\/digidem-bayern.de\/wp-content\/uploads\/2024\/09\/shutterstock_webinar-schmitt-graessel_2473318417-800x350.jpg",800,350,true],"kahuna-featured-third":["https:\/\/digidem-bayern.de\/wp-content\/uploads\/2024\/09\/shutterstock_webinar-schmitt-graessel_2473318417-512x350.jpg",512,350,true],"kahuna-lpbox-1":["https:\/\/digidem-bayern.de\/wp-content\/uploads\/2024\/09\/shutterstock_webinar-schmitt-graessel_2473318417-520x300.jpg",520,300,true],"kahuna-lpbox-2":["https:\/\/digidem-bayern.de\/wp-content\/uploads\/2024\/09\/shutterstock_webinar-schmitt-graessel_2473318417-520x350.jpg",520,350,true],"demand-language-flag":["https:\/\/digidem-bayern.de\/wp-content\/uploads\/2024\/09\/shutterstock_webinar-schmitt-graessel_2473318417-36x36.jpg",36,36,true],"dddkt-language-flag":["https:\/\/digidem-bayern.de\/wp-content\/uploads\/2024\/09\/shutterstock_webinar-schmitt-graessel_2473318417-36x36.jpg",36,36,true],"ddiqc-language-flag":["https:\/\/digidem-bayern.de\/wp-content\/uploads\/2024\/09\/shutterstock_webinar-schmitt-graessel_2473318417-36x36.jpg",36,36,true],"ddtl-language-flag":["https:\/\/digidem-bayern.de\/wp-content\/uploads\/2024\/09\/shutterstock_webinar-schmitt-graessel_2473318417-36x36.jpg",36,36,true],"mailpoet_newsletter_max":["https:\/\/digidem-bayern.de\/wp-content\/uploads\/2024\/09\/shutterstock_webinar-schmitt-graessel_2473318417.jpg",1000,772,false],"kahuna-lpbox-3":["https:\/\/digidem-bayern.de\/wp-content\/uploads\/2024\/09\/shutterstock_webinar-schmitt-graessel_2473318417-520x350.jpg",520,350,true],"kahuna-featured-square":["https:\/\/digidem-bayern.de\/wp-content\/uploads\/2024\/09\/shutterstock_webinar-schmitt-graessel_2473318417-512x512.jpg",512,512,true],"kahuna-featured-square-large":["https:\/\/digidem-bayern.de\/wp-content\/uploads\/2024\/09\/shutterstock_webinar-schmitt-graessel_2473318417.jpg",1000,772,false]},"uagb_author_info":{"display_name":"Ilona H\u00f6rath","author_link":"https:\/\/digidem-bayern.de\/en\/author\/hoeratia\/"},"uagb_comment_info":0,"uagb_excerpt":"Der Gro\u00dfteil der Pflegebed\u00fcrftigen sehnt sich nach einem Zuhause, das ihnen gr\u00f6\u00dftm\u00f6gliche Freiheit und Unabh\u00e4ngigkeit erm\u00f6glicht. Ambulant betreute Wohngemeinschaften sind eine weitere Alternative f\u00fcr Menschen mit Demenz, die nicht mehr selbstst\u00e4ndig zu Hause leben k\u00f6nnen. Dies gilt insbesondere dann, wenn der Umzug in eine station\u00e4re Einrichtung nicht gew\u00fcnscht ist. In &hellip;","_links":{"self":[{"href":"https:\/\/digidem-bayern.de\/en\/wp-json\/wp\/v2\/posts\/38910","targetHints":{"allow":["GET"]}}],"collection":[{"href":"https:\/\/digidem-bayern.de\/en\/wp-json\/wp\/v2\/posts"}],"about":[{"href":"https:\/\/digidem-bayern.de\/en\/wp-json\/wp\/v2\/types\/post"}],"author":[{"embeddable":true,"href":"https:\/\/digidem-bayern.de\/en\/wp-json\/wp\/v2\/users\/12"}],"replies":[{"embeddable":true,"href":"https:\/\/digidem-bayern.de\/en\/wp-json\/wp\/v2\/comments?post=38910"}],"version-history":[{"count":8,"href":"https:\/\/digidem-bayern.de\/en\/wp-json\/wp\/v2\/posts\/38910\/revisions"}],"predecessor-version":[{"id":38965,"href":"https:\/\/digidem-bayern.de\/en\/wp-json\/wp\/v2\/posts\/38910\/revisions\/38965"}],"wp:featuredmedia":[{"embeddable":true,"href":"https:\/\/digidem-bayern.de\/en\/wp-json\/wp\/v2\/media\/38913"}],"wp:attachment":[{"href":"https:\/\/digidem-bayern.de\/en\/wp-json\/wp\/v2\/media?parent=38910"}],"wp:term":[{"taxonomy":"category","embeddable":true,"href":"https:\/\/digidem-bayern.de\/en\/wp-json\/wp\/v2\/categories?post=38910"},{"taxonomy":"post_tag","embeddable":true,"href":"https:\/\/digidem-bayern.de\/en\/wp-json\/wp\/v2\/tags?post=38910"}],"curies":[{"name":"wp","href":"https:\/\/api.w.org\/{rel}","templated":true}]}}