{"id":38525,"date":"2024-09-26T10:24:00","date_gmt":"2024-09-26T08:24:00","guid":{"rendered":"https:\/\/digidem-bayern.de\/?p=38525"},"modified":"2024-09-26T11:38:43","modified_gmt":"2024-09-26T09:38:43","slug":"02-jrue-psychiatrische-symptome-bei-frauen-mit-alzheimer-demenz","status":"publish","type":"post","link":"https:\/\/digidem-bayern.de\/en\/02-jrue-psychiatrische-symptome-bei-frauen-mit-alzheimer-demenz\/","title":{"rendered":"Neuropsychiatrische Symptome bei Frauen mit Alzheimer-Demenz"},"content":{"rendered":"<p><strong>Bestimmte neuropsychiatrische Symptome wie zum Beispiel Depressionen und Psychosen treten bei Frauen mit Alzheimer-Demenz h\u00e4ufiger auf als bei M\u00e4nnern, die an einer Alzheimer-Demenz erkrankt sind. Dies ist eines der zentralen Ergebnisse einer Studie von Forschenden aus den Niederlanden, Schweden, USA, Kanada und Australien.<\/strong><span style=\"color: rgb(0, 0, 0); font-size: medium; white-space-collapse: collapse;\"><\/span><\/p>\n\n\n\n<p>Bei Menschen mit Alzheimer-Demenz (AD) treten neuropsychiatrische Symptome (NPS) generell sehr h\u00e4ufig auf. Doch zwischen M\u00e4nnern und Frauen gibt es wesentliche Unterschiede hinsichtlich der Entwicklung der Symptome und wie sich diese auspr\u00e4gen. Dies haben Forschende aus den Niederlanden, Schweden, USA, Kanada und Australien herausgefunden. Dazu werteten sie in einer \u00dcbersichtsarbeit insgesamt 62 Studien mit 21.554 Patienten aus, darunter 61,2 Prozent Frauen. Die Ergebnisse k\u00f6nnen zur Fr\u00fcherkennung und Therapie bestimmter neuropsychiatrischer Symptome bei AD beitragen.<\/p>\n\n\n\n<p><strong>Schwerere Depressionen bei Frauen<\/strong><\/p>\n\n\n<div class=\"wp-block-image\">\n<figure class=\"alignright size-full is-resized\"><img loading=\"lazy\" decoding=\"async\" width=\"1000\" height=\"667\" src=\"https:\/\/digidem-bayern.de\/wp-content\/uploads\/2024\/09\/shutterstock_neuropsychiatrische-Symptome-2432072919.jpg\" alt=\"Doch spezifische neuropsychiatrische Symptome traten vor allem beim weiblichen Geschlecht auf.\" class=\"wp-image-38635\" style=\"width:535px;height:auto\" srcset=\"https:\/\/digidem-bayern.de\/wp-content\/uploads\/2024\/09\/shutterstock_neuropsychiatrische-Symptome-2432072919.jpg 1000w, https:\/\/digidem-bayern.de\/wp-content\/uploads\/2024\/09\/shutterstock_neuropsychiatrische-Symptome-2432072919-300x200.jpg 300w, https:\/\/digidem-bayern.de\/wp-content\/uploads\/2024\/09\/shutterstock_neuropsychiatrische-Symptome-2432072919-768x512.jpg 768w, https:\/\/digidem-bayern.de\/wp-content\/uploads\/2024\/09\/shutterstock_neuropsychiatrische-Symptome-2432072919-525x350.jpg 525w\" sizes=\"auto, (max-width: 1000px) 100vw, 1000px\" \/><figcaption class=\"wp-element-caption\">Foto: Shutterstock<\/figcaption><\/figure>\n<\/div>\n\n\n<p>Hinsichtlich des Vorliegens von NPS und deren allgemeiner Schwere gab es der Studie zu Folge keine Unterschiede zwischen Frauen und M\u00e4nnern. Doch spezifische Symptome traten vor allem beim weiblichen Geschlecht auf. Die Metaanalyse weise darauf hin, \u201edass das weibliche Geschlecht mit einer h\u00f6heren H\u00e4ufigkeit und schwereren Depressivit\u00e4t, abweichendem motorischen Verhalten und psychotischen Symptomen bei AD verbunden ist, w\u00e4hrend das m\u00e4nnliche Geschlecht bei AD mit einer st\u00e4rker ausgepr\u00e4gten Apathie in Zusammenhang steht\u201c, hei\u00dft es in der Studie.<\/p>\n\n\n\n<p>Einen Zusammenhang zwischen dem Geschlecht und der H\u00e4ufigkeit und Schwere von Unruhe, Angst, Enthemmung, Essverhalten, Euphorie, Halluzinationen, Reizbarkeit und Schlafst\u00f6rungen gab es hingegen nicht.<\/p>\n\n\n\n<p><strong>Weitere Beweise erbracht<\/strong><\/p>\n\n\n\n<p>Mit ihrer \u00dcbersichtsarbeit erbrachte die Forschergruppe damit weitere Beweise f\u00fcr eine h\u00f6here Symptomlast bei Frauen mit AD, die bereits in fr\u00fcheren anderen Studien festgestellt wurde, sowie f\u00fcr einen st\u00e4rkeren Schweregrad der Apathie bei M\u00e4nnern mit AD. Hinweise auf eine h\u00f6here H\u00e4ufigkeit von Agitation\/Aggression bei M\u00e4nnern konnten &nbsp;die Wissenschaftler im Rahmen dieser Studie nicht best\u00e4tigen.<\/p>\n\n\n\n<p>Die Geschlechterunterschiede k\u00f6nnen lediglich teilweise, so schreiben die Forschenden, durch eine Vorgeschichte psychiatrischer Erkrankungen erkl\u00e4rt werden. Auch neurobiologische und psychosoziale Faktoren st\u00fcnden mit dem Auftreten einer AD in Zusammenhang.<\/p>\n\n\n\n<p><strong>Ma\u00dfgeschneiderte Behandlungsans\u00e4tze<\/strong> <\/p>\n\n\n\n<p>Hinsichtlich ma\u00dfgeschneiderter Behandlungsans\u00e4tze f\u00fcr Betroffene fordern die Wissenschaftler weitere Forschung ein. Dabei sei es entscheidend festzustellen, ob die beobachteten Geschlechterunterschiede hinsichtlich NPS \u201edurch unterschiedliche zugrunde liegende neurobiologische und\/oder psychosoziale Mechanismen verursacht werden.\u201c Falls es hierbei Unterschiede gebe, k\u00f6nnten diese die Grundlage f\u00fcr geschlechtsspezifische pharmakologische und nicht-pharmakologische Behandlungsma\u00dfnahmen bei NPS bei Alzheimer-Demenz sein.<\/p>\n\n\n\n<p><strong>Tipp f\u00fcr die Praxis<\/strong>: Die Erkenntnisse zu geschlechterspezifischen Unterschieden in der Auspr\u00e4gung von neuropsychiatrischen Symptomen sollten in die klinische Praxis einflie\u00dfen und die Grundlage f\u00fcr zielgruppenspezifische Ma\u00dfnahmen bilden.<\/p>\n\n\n\n<p>Hier geht&#8217;s zur Studie:<\/p>\n\n\n\n<p><a href=\"https:\/\/alzres.biomedcentral.com\/articles\/10.1186\/s13195-022-00991-z\">Sex differences in neuropsychiatric symptoms in Alzheimer\u2019s disease dementia: a meta-analysis<\/a><\/p>\n\n\n\n<p><\/p>\n\n\n\n<p><\/p>\n\n\n\n<p><\/p>\n\n\n\n<div style=\"height:20px\" aria-hidden=\"true\" class=\"wp-block-spacer\"><\/div>\n\n\n\n<div style=\"height:20px\" aria-hidden=\"true\" class=\"wp-block-spacer\"><\/div>","protected":false},"excerpt":{"rendered":"<p>Bestimmte neuropsychiatrische Symptome wie zum Beispiel Depressionen und Psychosen treten bei Frauen mit Alzheimer-Demenz h\u00e4ufiger auf als bei M\u00e4nnern, die an einer Alzheimer-Demenz erkrankt sind. Dies ist eines der zentralen Ergebnisse einer Studie von Forschenden aus den Niederlanden, Schweden, USA, Kanada und Australien. Bei Menschen mit Alzheimer-Demenz (AD) treten neuropsychiatrische &hellip;<\/p>","protected":false},"author":12,"featured_media":38635,"comment_status":"open","ping_status":"closed","sticky":false,"template":"","format":"standard","meta":{"qubely_global_settings":"","qubely_interactions":"","_uag_custom_page_level_css":"","footnotes":""},"categories":[8,5],"tags":[13,406,300,12,112,203,177,541,14,17,55,1190,617,1196,857,281,80,466,1197],"class_list":["post-38525","post","type-post","status-publish","format-standard","has-post-thumbnail","hentry","category-aktuelles-zu-digidem","category-wissenschaft-forschung","tag-alzheimer","tag-alzheimer-demenz","tag-angst","tag-demenz-2","tag-demenzdiagnose","tag-demenzpraevention","tag-demenzrisiko","tag-depression","tag-digidem","tag-digidem-bayern","tag-digitales-demenzregister-bayern","tag-frauengesundheit","tag-neuropsychiatrische-symptome","tag-psychose","tag-reizbarkeit","tag-risikofaktor","tag-schlafstoerungen","tag-symptome","tag-unruge"],"qubely_featured_image_url":{"full":["https:\/\/digidem-bayern.de\/wp-content\/uploads\/2024\/09\/shutterstock_neuropsychiatrische-Symptome-2432072919.jpg",1000,667,false],"landscape":["https:\/\/digidem-bayern.de\/wp-content\/uploads\/2024\/09\/shutterstock_neuropsychiatrische-Symptome-2432072919.jpg",1000,667,false],"portraits":["https:\/\/digidem-bayern.de\/wp-content\/uploads\/2024\/09\/shutterstock_neuropsychiatrische-Symptome-2432072919-540x320.jpg",540,320,true],"thumbnail":["https:\/\/digidem-bayern.de\/wp-content\/uploads\/2024\/09\/shutterstock_neuropsychiatrische-Symptome-2432072919-80x80.jpg",80,80,true],"medium":["https:\/\/digidem-bayern.de\/wp-content\/uploads\/2024\/09\/shutterstock_neuropsychiatrische-Symptome-2432072919-300x200.jpg",300,200,true],"medium_large":["https:\/\/digidem-bayern.de\/wp-content\/uploads\/2024\/09\/shutterstock_neuropsychiatrische-Symptome-2432072919-768x512.jpg",768,512,true],"large":["https:\/\/digidem-bayern.de\/wp-content\/uploads\/2024\/09\/shutterstock_neuropsychiatrische-Symptome-2432072919.jpg",1000,667,false],"1536x1536":["https:\/\/digidem-bayern.de\/wp-content\/uploads\/2024\/09\/shutterstock_neuropsychiatrische-Symptome-2432072919.jpg",1000,667,false],"2048x2048":["https:\/\/digidem-bayern.de\/wp-content\/uploads\/2024\/09\/shutterstock_neuropsychiatrische-Symptome-2432072919.jpg",1000,667,false],"trp-custom-language-flag":["https:\/\/digidem-bayern.de\/wp-content\/uploads\/2024\/09\/shutterstock_neuropsychiatrische-Symptome-2432072919.jpg",18,12,false],"qubely_landscape":["https:\/\/digidem-bayern.de\/wp-content\/uploads\/2024\/09\/shutterstock_neuropsychiatrische-Symptome-2432072919.jpg",1000,667,false],"qubely_portrait":["https:\/\/digidem-bayern.de\/wp-content\/uploads\/2024\/09\/shutterstock_neuropsychiatrische-Symptome-2432072919-540x320.jpg",540,320,true],"qubely_thumbnail":["https:\/\/digidem-bayern.de\/wp-content\/uploads\/2024\/09\/shutterstock_neuropsychiatrische-Symptome-2432072919-140x100.jpg",140,100,true],"post-thumbnail":["https:\/\/digidem-bayern.de\/wp-content\/uploads\/2024\/09\/shutterstock_neuropsychiatrische-Symptome-2432072919-525x350.jpg",525,350,true],"kahuna-featured":["https:\/\/digidem-bayern.de\/wp-content\/uploads\/2024\/09\/shutterstock_neuropsychiatrische-Symptome-2432072919-734x350.jpg",734,350,true],"kahuna-featured-lp":["https:\/\/digidem-bayern.de\/wp-content\/uploads\/2024\/09\/shutterstock_neuropsychiatrische-Symptome-2432072919-520x350.jpg",520,350,true],"kahuna-featured-half":["https:\/\/digidem-bayern.de\/wp-content\/uploads\/2024\/09\/shutterstock_neuropsychiatrische-Symptome-2432072919-800x350.jpg",800,350,true],"kahuna-featured-third":["https:\/\/digidem-bayern.de\/wp-content\/uploads\/2024\/09\/shutterstock_neuropsychiatrische-Symptome-2432072919-512x350.jpg",512,350,true],"kahuna-lpbox-1":["https:\/\/digidem-bayern.de\/wp-content\/uploads\/2024\/09\/shutterstock_neuropsychiatrische-Symptome-2432072919-520x300.jpg",520,300,true],"kahuna-lpbox-2":["https:\/\/digidem-bayern.de\/wp-content\/uploads\/2024\/09\/shutterstock_neuropsychiatrische-Symptome-2432072919-520x350.jpg",520,350,true],"demand-language-flag":["https:\/\/digidem-bayern.de\/wp-content\/uploads\/2024\/09\/shutterstock_neuropsychiatrische-Symptome-2432072919-36x36.jpg",36,36,true],"dddkt-language-flag":["https:\/\/digidem-bayern.de\/wp-content\/uploads\/2024\/09\/shutterstock_neuropsychiatrische-Symptome-2432072919-36x36.jpg",36,36,true],"ddiqc-language-flag":["https:\/\/digidem-bayern.de\/wp-content\/uploads\/2024\/09\/shutterstock_neuropsychiatrische-Symptome-2432072919-36x36.jpg",36,36,true],"ddtl-language-flag":["https:\/\/digidem-bayern.de\/wp-content\/uploads\/2024\/09\/shutterstock_neuropsychiatrische-Symptome-2432072919-36x36.jpg",36,36,true],"mailpoet_newsletter_max":["https:\/\/digidem-bayern.de\/wp-content\/uploads\/2024\/09\/shutterstock_neuropsychiatrische-Symptome-2432072919.jpg",1000,667,false],"kahuna-lpbox-3":["https:\/\/digidem-bayern.de\/wp-content\/uploads\/2024\/09\/shutterstock_neuropsychiatrische-Symptome-2432072919-520x350.jpg",520,350,true],"kahuna-featured-square":["https:\/\/digidem-bayern.de\/wp-content\/uploads\/2024\/09\/shutterstock_neuropsychiatrische-Symptome-2432072919-512x512.jpg",512,512,true],"kahuna-featured-square-large":["https:\/\/digidem-bayern.de\/wp-content\/uploads\/2024\/09\/shutterstock_neuropsychiatrische-Symptome-2432072919.jpg",1000,667,false]},"qubely_author":{"display_name":"Ilona H\u00f6rath","author_link":"https:\/\/digidem-bayern.de\/en\/author\/hoeratia\/"},"qubely_comment":0,"qubely_category":"<a href=\"https:\/\/digidem-bayern.de\/en\/category\/aktuelles-zu-digidem\/\" rel=\"category tag\">Aktuelles zu digiDEM<\/a> <a href=\"https:\/\/digidem-bayern.de\/en\/category\/wissenschaft-forschung\/\" rel=\"category tag\">Wissenschaft &amp; Forschung<\/a>","qubely_excerpt":"Bestimmte neuropsychiatrische Symptome wie zum Beispiel Depressionen und Psychosen treten bei Frauen mit Alzheimer-Demenz h\u00e4ufiger auf als bei M\u00e4nnern, die an einer Alzheimer-Demenz erkrankt sind. Dies ist eines der zentralen Ergebnisse einer Studie von Forschenden aus den Niederlanden, Schweden, USA, Kanada und Australien. Bei Menschen mit Alzheimer-Demenz (AD) treten neuropsychiatrische &hellip;","featured_image_urls_v2":{"full":["https:\/\/digidem-bayern.de\/wp-content\/uploads\/2024\/09\/shutterstock_neuropsychiatrische-Symptome-2432072919.jpg",1000,667,false],"thumbnail":["https:\/\/digidem-bayern.de\/wp-content\/uploads\/2024\/09\/shutterstock_neuropsychiatrische-Symptome-2432072919-80x80.jpg",80,80,true],"medium":["https:\/\/digidem-bayern.de\/wp-content\/uploads\/2024\/09\/shutterstock_neuropsychiatrische-Symptome-2432072919-300x200.jpg",300,200,true],"medium_large":["https:\/\/digidem-bayern.de\/wp-content\/uploads\/2024\/09\/shutterstock_neuropsychiatrische-Symptome-2432072919-768x512.jpg",768,512,true],"large":["https:\/\/digidem-bayern.de\/wp-content\/uploads\/2024\/09\/shutterstock_neuropsychiatrische-Symptome-2432072919.jpg",1000,667,false],"1536x1536":["https:\/\/digidem-bayern.de\/wp-content\/uploads\/2024\/09\/shutterstock_neuropsychiatrische-Symptome-2432072919.jpg",1000,667,false],"2048x2048":["https:\/\/digidem-bayern.de\/wp-content\/uploads\/2024\/09\/shutterstock_neuropsychiatrische-Symptome-2432072919.jpg",1000,667,false],"trp-custom-language-flag":["https:\/\/digidem-bayern.de\/wp-content\/uploads\/2024\/09\/shutterstock_neuropsychiatrische-Symptome-2432072919.jpg",18,12,false],"qubely_landscape":["https:\/\/digidem-bayern.de\/wp-content\/uploads\/2024\/09\/shutterstock_neuropsychiatrische-Symptome-2432072919.jpg",1000,667,false],"qubely_portrait":["https:\/\/digidem-bayern.de\/wp-content\/uploads\/2024\/09\/shutterstock_neuropsychiatrische-Symptome-2432072919-540x320.jpg",540,320,true],"qubely_thumbnail":["https:\/\/digidem-bayern.de\/wp-content\/uploads\/2024\/09\/shutterstock_neuropsychiatrische-Symptome-2432072919-140x100.jpg",140,100,true],"post-thumbnail":["https:\/\/digidem-bayern.de\/wp-content\/uploads\/2024\/09\/shutterstock_neuropsychiatrische-Symptome-2432072919-525x350.jpg",525,350,true],"kahuna-featured":["https:\/\/digidem-bayern.de\/wp-content\/uploads\/2024\/09\/shutterstock_neuropsychiatrische-Symptome-2432072919-734x350.jpg",734,350,true],"kahuna-featured-lp":["https:\/\/digidem-bayern.de\/wp-content\/uploads\/2024\/09\/shutterstock_neuropsychiatrische-Symptome-2432072919-520x350.jpg",520,350,true],"kahuna-featured-half":["https:\/\/digidem-bayern.de\/wp-content\/uploads\/2024\/09\/shutterstock_neuropsychiatrische-Symptome-2432072919-800x350.jpg",800,350,true],"kahuna-featured-third":["https:\/\/digidem-bayern.de\/wp-content\/uploads\/2024\/09\/shutterstock_neuropsychiatrische-Symptome-2432072919-512x350.jpg",512,350,true],"kahuna-lpbox-1":["https:\/\/digidem-bayern.de\/wp-content\/uploads\/2024\/09\/shutterstock_neuropsychiatrische-Symptome-2432072919-520x300.jpg",520,300,true],"kahuna-lpbox-2":["https:\/\/digidem-bayern.de\/wp-content\/uploads\/2024\/09\/shutterstock_neuropsychiatrische-Symptome-2432072919-520x350.jpg",520,350,true],"demand-language-flag":["https:\/\/digidem-bayern.de\/wp-content\/uploads\/2024\/09\/shutterstock_neuropsychiatrische-Symptome-2432072919-36x36.jpg",36,36,true],"dddkt-language-flag":["https:\/\/digidem-bayern.de\/wp-content\/uploads\/2024\/09\/shutterstock_neuropsychiatrische-Symptome-2432072919-36x36.jpg",36,36,true],"ddiqc-language-flag":["https:\/\/digidem-bayern.de\/wp-content\/uploads\/2024\/09\/shutterstock_neuropsychiatrische-Symptome-2432072919-36x36.jpg",36,36,true],"ddtl-language-flag":["https:\/\/digidem-bayern.de\/wp-content\/uploads\/2024\/09\/shutterstock_neuropsychiatrische-Symptome-2432072919-36x36.jpg",36,36,true],"mailpoet_newsletter_max":["https:\/\/digidem-bayern.de\/wp-content\/uploads\/2024\/09\/shutterstock_neuropsychiatrische-Symptome-2432072919.jpg",1000,667,false],"kahuna-lpbox-3":["https:\/\/digidem-bayern.de\/wp-content\/uploads\/2024\/09\/shutterstock_neuropsychiatrische-Symptome-2432072919-520x350.jpg",520,350,true],"kahuna-featured-square":["https:\/\/digidem-bayern.de\/wp-content\/uploads\/2024\/09\/shutterstock_neuropsychiatrische-Symptome-2432072919-512x512.jpg",512,512,true],"kahuna-featured-square-large":["https:\/\/digidem-bayern.de\/wp-content\/uploads\/2024\/09\/shutterstock_neuropsychiatrische-Symptome-2432072919.jpg",1000,667,false]},"post_excerpt_stackable_v2":"<p>Bestimmte neuropsychiatrische Symptome wie zum Beispiel Depressionen und Psychosen treten bei Frauen mit Alzheimer-Demenz h\u00e4ufiger auf als bei M\u00e4nnern, die an einer Alzheimer-Demenz erkrankt sind. Dies ist eines der zentralen Ergebnisse einer Studie von Forschenden aus den Niederlanden, Schweden, USA, Kanada und Australien. Bei Menschen mit Alzheimer-Demenz (AD) treten neuropsychiatrische Symptome (NPS) generell sehr h\u00e4ufig auf. Doch zwischen M\u00e4nnern und Frauen gibt es wesentliche Unterschiede hinsichtlich der Entwicklung der Symptome und wie sich diese auspr\u00e4gen. Dies haben Forschende aus den Niederlanden, Schweden, USA, Kanada und Australien herausgefunden. Dazu werteten sie in einer \u00dcbersichtsarbeit insgesamt 62 Studien mit 21.554 Patienten aus,&hellip;<\/p>\n","category_list_v2":"<a href=\"https:\/\/digidem-bayern.de\/en\/category\/aktuelles-zu-digidem\/\" rel=\"category tag\">Aktuelles zu digiDEM<\/a>, <a href=\"https:\/\/digidem-bayern.de\/en\/category\/wissenschaft-forschung\/\" rel=\"category tag\">Wissenschaft &amp; Forschung<\/a>","author_info_v2":{"name":"Ilona H\u00f6rath","url":"https:\/\/digidem-bayern.de\/en\/author\/hoeratia\/"},"comments_num_v2":"0 comments","yoast_head":"<!-- This site is optimized with the Yoast SEO plugin v27.5 - https:\/\/yoast.com\/product\/yoast-seo-wordpress\/ -->\n<title>Neuropsychiatrische Symptome bei Frauen mit Alzheimer-Demenz - digiDEM Bayern<\/title>\n<meta name=\"description\" content=\"Der Bayerische Landesapothekerkammer unterst\u00fctzt digiDEM Bayern mit Hilfe des Netzwerks &quot;Demenzfreundliche Apotheken&quot;.\" \/>\n<meta name=\"robots\" content=\"index, follow, max-snippet:-1, max-image-preview:large, max-video-preview:-1\" \/>\n<link rel=\"canonical\" href=\"https:\/\/digidem-bayern.de\/en\/02-jrue-psychiatrische-symptome-bei-frauen-mit-alzheimer-demenz\/\" \/>\n<meta property=\"og:locale\" content=\"en_US\" \/>\n<meta property=\"og:type\" content=\"article\" \/>\n<meta property=\"og:title\" content=\"Neuropsychiatrische Symptome bei Frauen mit Alzheimer-Demenz - digiDEM Bayern\" \/>\n<meta property=\"og:description\" content=\"Der Bayerische Landesapothekerkammer unterst\u00fctzt digiDEM Bayern mit Hilfe des Netzwerks &quot;Demenzfreundliche Apotheken&quot;.\" \/>\n<meta property=\"og:url\" content=\"https:\/\/digidem-bayern.de\/en\/02-jrue-psychiatrische-symptome-bei-frauen-mit-alzheimer-demenz\/\" \/>\n<meta property=\"og:site_name\" content=\"digiDEM Bayern\" \/>\n<meta property=\"article:publisher\" content=\"https:\/\/www.facebook.com\/digiDEMBayern\/\" \/>\n<meta property=\"article:published_time\" content=\"2024-09-26T08:24:00+00:00\" \/>\n<meta property=\"article:modified_time\" content=\"2024-09-26T09:38:43+00:00\" \/>\n<meta property=\"og:image\" content=\"https:\/\/digidem-bayern.de\/wp-content\/uploads\/2024\/09\/shutterstock_neuropsychiatrische-Symptome-2432072919.jpg\" \/>\n\t<meta property=\"og:image:width\" content=\"1000\" \/>\n\t<meta property=\"og:image:height\" content=\"667\" \/>\n\t<meta property=\"og:image:type\" content=\"image\/jpeg\" \/>\n<meta name=\"author\" content=\"Ilona H\u00f6rath\" \/>\n<meta name=\"twitter:label1\" content=\"Written by\" \/>\n\t<meta name=\"twitter:data1\" content=\"Ilona H\u00f6rath\" \/>\n\t<meta name=\"twitter:label2\" content=\"Est. reading time\" \/>\n\t<meta name=\"twitter:data2\" content=\"2 minutes\" \/>\n<script type=\"application\/ld+json\" class=\"yoast-schema-graph\">{\"@context\":\"https:\\\/\\\/schema.org\",\"@graph\":[{\"@type\":\"Article\",\"@id\":\"https:\\\/\\\/digidem-bayern.de\\\/02-jrue-psychiatrische-symptome-bei-frauen-mit-alzheimer-demenz\\\/#article\",\"isPartOf\":{\"@id\":\"https:\\\/\\\/digidem-bayern.de\\\/02-jrue-psychiatrische-symptome-bei-frauen-mit-alzheimer-demenz\\\/\"},\"author\":{\"name\":\"Ilona H\u00f6rath\",\"@id\":\"\\\/#\\\/schema\\\/person\\\/0bc1494f46fc2a051c761322a80e0941\"},\"headline\":\"Neuropsychiatrische Symptome bei Frauen mit Alzheimer-Demenz\",\"datePublished\":\"2024-09-26T08:24:00+00:00\",\"dateModified\":\"2024-09-26T09:38:43+00:00\",\"mainEntityOfPage\":{\"@id\":\"https:\\\/\\\/digidem-bayern.de\\\/02-jrue-psychiatrische-symptome-bei-frauen-mit-alzheimer-demenz\\\/\"},\"wordCount\":458,\"commentCount\":0,\"publisher\":{\"@id\":\"\\\/#organization\"},\"image\":{\"@id\":\"https:\\\/\\\/digidem-bayern.de\\\/02-jrue-psychiatrische-symptome-bei-frauen-mit-alzheimer-demenz\\\/#primaryimage\"},\"thumbnailUrl\":\"https:\\\/\\\/digidem-bayern.de\\\/wp-content\\\/uploads\\\/2024\\\/09\\\/shutterstock_neuropsychiatrische-Symptome-2432072919.jpg\",\"keywords\":[\"Alzheimer\",\"Alzheimer-Demenz\",\"Angst\",\"Demenz\",\"Demenzdiagnose\",\"Demenzpr\u00e4vention\",\"Demenzrisiko\",\"Depression\",\"digidem\",\"digidem Bayern\",\"Digitales Demenzregister Bayern\",\"Frauengesundheit\",\"Neuropsychiatrische Symptome\",\"Psychose\",\"Reizbarkeit\",\"Risikofaktor\",\"Schlafst\u00f6rungen\",\"Symptome\",\"Unruge\"],\"articleSection\":[\"Aktuelles zu digiDEM\",\"Wissenschaft &amp; Forschung\"],\"inLanguage\":\"en-US\",\"potentialAction\":[{\"@type\":\"CommentAction\",\"name\":\"Comment\",\"target\":[\"https:\\\/\\\/digidem-bayern.de\\\/02-jrue-psychiatrische-symptome-bei-frauen-mit-alzheimer-demenz\\\/#respond\"]}]},{\"@type\":\"WebPage\",\"@id\":\"https:\\\/\\\/digidem-bayern.de\\\/02-jrue-psychiatrische-symptome-bei-frauen-mit-alzheimer-demenz\\\/\",\"url\":\"https:\\\/\\\/digidem-bayern.de\\\/02-jrue-psychiatrische-symptome-bei-frauen-mit-alzheimer-demenz\\\/\",\"name\":\"Neuropsychiatrische Symptome bei Frauen mit Alzheimer-Demenz - digiDEM Bayern\",\"isPartOf\":{\"@id\":\"\\\/#website\"},\"primaryImageOfPage\":{\"@id\":\"https:\\\/\\\/digidem-bayern.de\\\/02-jrue-psychiatrische-symptome-bei-frauen-mit-alzheimer-demenz\\\/#primaryimage\"},\"image\":{\"@id\":\"https:\\\/\\\/digidem-bayern.de\\\/02-jrue-psychiatrische-symptome-bei-frauen-mit-alzheimer-demenz\\\/#primaryimage\"},\"thumbnailUrl\":\"https:\\\/\\\/digidem-bayern.de\\\/wp-content\\\/uploads\\\/2024\\\/09\\\/shutterstock_neuropsychiatrische-Symptome-2432072919.jpg\",\"datePublished\":\"2024-09-26T08:24:00+00:00\",\"dateModified\":\"2024-09-26T09:38:43+00:00\",\"description\":\"Der Bayerische Landesapothekerkammer unterst\u00fctzt digiDEM Bayern mit Hilfe des Netzwerks \\\"Demenzfreundliche Apotheken\\\".\",\"breadcrumb\":{\"@id\":\"https:\\\/\\\/digidem-bayern.de\\\/02-jrue-psychiatrische-symptome-bei-frauen-mit-alzheimer-demenz\\\/#breadcrumb\"},\"inLanguage\":\"en-US\",\"potentialAction\":[{\"@type\":\"ReadAction\",\"target\":[\"https:\\\/\\\/digidem-bayern.de\\\/02-jrue-psychiatrische-symptome-bei-frauen-mit-alzheimer-demenz\\\/\"]}]},{\"@type\":\"ImageObject\",\"inLanguage\":\"en-US\",\"@id\":\"https:\\\/\\\/digidem-bayern.de\\\/02-jrue-psychiatrische-symptome-bei-frauen-mit-alzheimer-demenz\\\/#primaryimage\",\"url\":\"https:\\\/\\\/digidem-bayern.de\\\/wp-content\\\/uploads\\\/2024\\\/09\\\/shutterstock_neuropsychiatrische-Symptome-2432072919.jpg\",\"contentUrl\":\"https:\\\/\\\/digidem-bayern.de\\\/wp-content\\\/uploads\\\/2024\\\/09\\\/shutterstock_neuropsychiatrische-Symptome-2432072919.jpg\",\"width\":1000,\"height\":667,\"caption\":\"Foto: Shutterstock\"},{\"@type\":\"BreadcrumbList\",\"@id\":\"https:\\\/\\\/digidem-bayern.de\\\/02-jrue-psychiatrische-symptome-bei-frauen-mit-alzheimer-demenz\\\/#breadcrumb\",\"itemListElement\":[{\"@type\":\"ListItem\",\"position\":1,\"name\":\"Startseite\",\"item\":\"https:\\\/\\\/digidem-bayern.de\\\/\"},{\"@type\":\"ListItem\",\"position\":2,\"name\":\"Neuropsychiatrische Symptome bei Frauen mit Alzheimer-Demenz\"}]},{\"@type\":\"WebSite\",\"@id\":\"\\\/#website\",\"url\":\"\\\/\",\"name\":\"digiDEM Bayern\",\"description\":\"Das digitale Demenzregister Bayern erforscht und verbessert die Angebotsstuktur f\u00fcr Menschen mit Demenz und deren Angeh\u00f6rige\",\"publisher\":{\"@id\":\"\\\/#organization\"},\"potentialAction\":[{\"@type\":\"SearchAction\",\"target\":{\"@type\":\"EntryPoint\",\"urlTemplate\":\"\\\/?s={search_term_string}\"},\"query-input\":{\"@type\":\"PropertyValueSpecification\",\"valueRequired\":true,\"valueName\":\"search_term_string\"}}],\"inLanguage\":\"en-US\"},{\"@type\":\"Organization\",\"@id\":\"\\\/#organization\",\"name\":\"digiDEM Bayern\",\"url\":\"\\\/\",\"logo\":{\"@type\":\"ImageObject\",\"inLanguage\":\"en-US\",\"@id\":\"\\\/#\\\/schema\\\/logo\\\/image\\\/\",\"url\":\"https:\\\/\\\/digidem-bayern.de\\\/wp-content\\\/uploads\\\/2022\\\/03\\\/cropped-Allgemeines_digiDEMLOGO-removebg-preview.png\",\"contentUrl\":\"https:\\\/\\\/digidem-bayern.de\\\/wp-content\\\/uploads\\\/2022\\\/03\\\/cropped-Allgemeines_digiDEMLOGO-removebg-preview.png\",\"width\":612,\"height\":357,\"caption\":\"digiDEM Bayern\"},\"image\":{\"@id\":\"\\\/#\\\/schema\\\/logo\\\/image\\\/\"},\"sameAs\":[\"https:\\\/\\\/www.facebook.com\\\/digiDEMBayern\\\/\",\"https:\\\/\\\/x.com\\\/digidem_bayern\",\"https:\\\/\\\/www.instagram.com\\\/digidem.bayern\",\"https:\\\/\\\/www.linkedin.com\\\/company\\\/digidem-bayern\\\/\"]},{\"@type\":\"Person\",\"@id\":\"\\\/#\\\/schema\\\/person\\\/0bc1494f46fc2a051c761322a80e0941\",\"name\":\"Ilona H\u00f6rath\",\"url\":\"https:\\\/\\\/digidem-bayern.de\\\/en\\\/author\\\/hoeratia\\\/\"}]}<\/script>\n<!-- \/ Yoast SEO plugin. -->","yoast_head_json":{"title":"Neuropsychiatrische Symptome bei Frauen mit Alzheimer-Demenz - digiDEM Bayern","description":"Der Bayerische Landesapothekerkammer unterst\u00fctzt digiDEM Bayern mit Hilfe des Netzwerks \"Demenzfreundliche Apotheken\".","robots":{"index":"index","follow":"follow","max-snippet":"max-snippet:-1","max-image-preview":"max-image-preview:large","max-video-preview":"max-video-preview:-1"},"canonical":"https:\/\/digidem-bayern.de\/en\/02-jrue-psychiatrische-symptome-bei-frauen-mit-alzheimer-demenz\/","og_locale":"en_US","og_type":"article","og_title":"Neuropsychiatrische Symptome bei Frauen mit Alzheimer-Demenz - digiDEM Bayern","og_description":"Der Bayerische Landesapothekerkammer unterst\u00fctzt digiDEM Bayern mit Hilfe des Netzwerks \"Demenzfreundliche Apotheken\".","og_url":"https:\/\/digidem-bayern.de\/en\/02-jrue-psychiatrische-symptome-bei-frauen-mit-alzheimer-demenz\/","og_site_name":"digiDEM Bayern","article_publisher":"https:\/\/www.facebook.com\/digiDEMBayern\/","article_published_time":"2024-09-26T08:24:00+00:00","article_modified_time":"2024-09-26T09:38:43+00:00","og_image":[{"width":1000,"height":667,"url":"https:\/\/digidem-bayern.de\/wp-content\/uploads\/2024\/09\/shutterstock_neuropsychiatrische-Symptome-2432072919.jpg","type":"image\/jpeg"}],"author":"Ilona H\u00f6rath","twitter_misc":{"Written by":"Ilona H\u00f6rath","Est. reading time":"2 minutes"},"schema":{"@context":"https:\/\/schema.org","@graph":[{"@type":"Article","@id":"https:\/\/digidem-bayern.de\/02-jrue-psychiatrische-symptome-bei-frauen-mit-alzheimer-demenz\/#article","isPartOf":{"@id":"https:\/\/digidem-bayern.de\/02-jrue-psychiatrische-symptome-bei-frauen-mit-alzheimer-demenz\/"},"author":{"name":"Ilona H\u00f6rath","@id":"\/#\/schema\/person\/0bc1494f46fc2a051c761322a80e0941"},"headline":"Neuropsychiatrische Symptome bei Frauen mit Alzheimer-Demenz","datePublished":"2024-09-26T08:24:00+00:00","dateModified":"2024-09-26T09:38:43+00:00","mainEntityOfPage":{"@id":"https:\/\/digidem-bayern.de\/02-jrue-psychiatrische-symptome-bei-frauen-mit-alzheimer-demenz\/"},"wordCount":458,"commentCount":0,"publisher":{"@id":"\/#organization"},"image":{"@id":"https:\/\/digidem-bayern.de\/02-jrue-psychiatrische-symptome-bei-frauen-mit-alzheimer-demenz\/#primaryimage"},"thumbnailUrl":"https:\/\/digidem-bayern.de\/wp-content\/uploads\/2024\/09\/shutterstock_neuropsychiatrische-Symptome-2432072919.jpg","keywords":["Alzheimer","Alzheimer-Demenz","Angst","Demenz","Demenzdiagnose","Demenzpr\u00e4vention","Demenzrisiko","Depression","digidem","digidem Bayern","Digitales Demenzregister Bayern","Frauengesundheit","Neuropsychiatrische Symptome","Psychose","Reizbarkeit","Risikofaktor","Schlafst\u00f6rungen","Symptome","Unruge"],"articleSection":["Aktuelles zu digiDEM","Wissenschaft &amp; Forschung"],"inLanguage":"en-US","potentialAction":[{"@type":"CommentAction","name":"Comment","target":["https:\/\/digidem-bayern.de\/02-jrue-psychiatrische-symptome-bei-frauen-mit-alzheimer-demenz\/#respond"]}]},{"@type":"WebPage","@id":"https:\/\/digidem-bayern.de\/02-jrue-psychiatrische-symptome-bei-frauen-mit-alzheimer-demenz\/","url":"https:\/\/digidem-bayern.de\/02-jrue-psychiatrische-symptome-bei-frauen-mit-alzheimer-demenz\/","name":"Neuropsychiatrische Symptome bei Frauen mit Alzheimer-Demenz - digiDEM Bayern","isPartOf":{"@id":"\/#website"},"primaryImageOfPage":{"@id":"https:\/\/digidem-bayern.de\/02-jrue-psychiatrische-symptome-bei-frauen-mit-alzheimer-demenz\/#primaryimage"},"image":{"@id":"https:\/\/digidem-bayern.de\/02-jrue-psychiatrische-symptome-bei-frauen-mit-alzheimer-demenz\/#primaryimage"},"thumbnailUrl":"https:\/\/digidem-bayern.de\/wp-content\/uploads\/2024\/09\/shutterstock_neuropsychiatrische-Symptome-2432072919.jpg","datePublished":"2024-09-26T08:24:00+00:00","dateModified":"2024-09-26T09:38:43+00:00","description":"Der Bayerische Landesapothekerkammer unterst\u00fctzt digiDEM Bayern mit Hilfe des Netzwerks \"Demenzfreundliche Apotheken\".","breadcrumb":{"@id":"https:\/\/digidem-bayern.de\/02-jrue-psychiatrische-symptome-bei-frauen-mit-alzheimer-demenz\/#breadcrumb"},"inLanguage":"en-US","potentialAction":[{"@type":"ReadAction","target":["https:\/\/digidem-bayern.de\/02-jrue-psychiatrische-symptome-bei-frauen-mit-alzheimer-demenz\/"]}]},{"@type":"ImageObject","inLanguage":"en-US","@id":"https:\/\/digidem-bayern.de\/02-jrue-psychiatrische-symptome-bei-frauen-mit-alzheimer-demenz\/#primaryimage","url":"https:\/\/digidem-bayern.de\/wp-content\/uploads\/2024\/09\/shutterstock_neuropsychiatrische-Symptome-2432072919.jpg","contentUrl":"https:\/\/digidem-bayern.de\/wp-content\/uploads\/2024\/09\/shutterstock_neuropsychiatrische-Symptome-2432072919.jpg","width":1000,"height":667,"caption":"Foto: Shutterstock"},{"@type":"BreadcrumbList","@id":"https:\/\/digidem-bayern.de\/02-jrue-psychiatrische-symptome-bei-frauen-mit-alzheimer-demenz\/#breadcrumb","itemListElement":[{"@type":"ListItem","position":1,"name":"Startseite","item":"https:\/\/digidem-bayern.de\/"},{"@type":"ListItem","position":2,"name":"Neuropsychiatrische Symptome bei Frauen mit Alzheimer-Demenz"}]},{"@type":"WebSite","@id":"\/#website","url":"\/","name":"digiDEM Bavaria","description":"The digital dementia register in Bavaria researches and improves the structure of services for people with dementia and their relatives","publisher":{"@id":"\/#organization"},"potentialAction":[{"@type":"SearchAction","target":{"@type":"EntryPoint","urlTemplate":"\/?s={search_term_string}"},"query-input":{"@type":"PropertyValueSpecification","valueRequired":true,"valueName":"search_term_string"}}],"inLanguage":"en-US"},{"@type":"Organization","@id":"\/#organization","name":"digiDEM Bavaria","url":"\/","logo":{"@type":"ImageObject","inLanguage":"en-US","@id":"\/#\/schema\/logo\/image\/","url":"https:\/\/digidem-bayern.de\/wp-content\/uploads\/2022\/03\/cropped-Allgemeines_digiDEMLOGO-removebg-preview.png","contentUrl":"https:\/\/digidem-bayern.de\/wp-content\/uploads\/2022\/03\/cropped-Allgemeines_digiDEMLOGO-removebg-preview.png","width":612,"height":357,"caption":"digiDEM Bayern"},"image":{"@id":"\/#\/schema\/logo\/image\/"},"sameAs":["https:\/\/www.facebook.com\/digiDEMBayern\/","https:\/\/x.com\/digidem_bayern","https:\/\/www.instagram.com\/digidem.bayern","https:\/\/www.linkedin.com\/company\/digidem-bayern\/"]},{"@type":"Person","@id":"\/#\/schema\/person\/0bc1494f46fc2a051c761322a80e0941","name":"Ilona H\u00f6rath","url":"https:\/\/digidem-bayern.de\/en\/author\/hoeratia\/"}]}},"uagb_featured_image_src":{"full":["https:\/\/digidem-bayern.de\/wp-content\/uploads\/2024\/09\/shutterstock_neuropsychiatrische-Symptome-2432072919.jpg",1000,667,false],"thumbnail":["https:\/\/digidem-bayern.de\/wp-content\/uploads\/2024\/09\/shutterstock_neuropsychiatrische-Symptome-2432072919-80x80.jpg",80,80,true],"medium":["https:\/\/digidem-bayern.de\/wp-content\/uploads\/2024\/09\/shutterstock_neuropsychiatrische-Symptome-2432072919-300x200.jpg",300,200,true],"medium_large":["https:\/\/digidem-bayern.de\/wp-content\/uploads\/2024\/09\/shutterstock_neuropsychiatrische-Symptome-2432072919-768x512.jpg",768,512,true],"large":["https:\/\/digidem-bayern.de\/wp-content\/uploads\/2024\/09\/shutterstock_neuropsychiatrische-Symptome-2432072919.jpg",1000,667,false],"1536x1536":["https:\/\/digidem-bayern.de\/wp-content\/uploads\/2024\/09\/shutterstock_neuropsychiatrische-Symptome-2432072919.jpg",1000,667,false],"2048x2048":["https:\/\/digidem-bayern.de\/wp-content\/uploads\/2024\/09\/shutterstock_neuropsychiatrische-Symptome-2432072919.jpg",1000,667,false],"trp-custom-language-flag":["https:\/\/digidem-bayern.de\/wp-content\/uploads\/2024\/09\/shutterstock_neuropsychiatrische-Symptome-2432072919.jpg",18,12,false],"qubely_landscape":["https:\/\/digidem-bayern.de\/wp-content\/uploads\/2024\/09\/shutterstock_neuropsychiatrische-Symptome-2432072919.jpg",1000,667,false],"qubely_portrait":["https:\/\/digidem-bayern.de\/wp-content\/uploads\/2024\/09\/shutterstock_neuropsychiatrische-Symptome-2432072919-540x320.jpg",540,320,true],"qubely_thumbnail":["https:\/\/digidem-bayern.de\/wp-content\/uploads\/2024\/09\/shutterstock_neuropsychiatrische-Symptome-2432072919-140x100.jpg",140,100,true],"post-thumbnail":["https:\/\/digidem-bayern.de\/wp-content\/uploads\/2024\/09\/shutterstock_neuropsychiatrische-Symptome-2432072919-525x350.jpg",525,350,true],"kahuna-featured":["https:\/\/digidem-bayern.de\/wp-content\/uploads\/2024\/09\/shutterstock_neuropsychiatrische-Symptome-2432072919-734x350.jpg",734,350,true],"kahuna-featured-lp":["https:\/\/digidem-bayern.de\/wp-content\/uploads\/2024\/09\/shutterstock_neuropsychiatrische-Symptome-2432072919-520x350.jpg",520,350,true],"kahuna-featured-half":["https:\/\/digidem-bayern.de\/wp-content\/uploads\/2024\/09\/shutterstock_neuropsychiatrische-Symptome-2432072919-800x350.jpg",800,350,true],"kahuna-featured-third":["https:\/\/digidem-bayern.de\/wp-content\/uploads\/2024\/09\/shutterstock_neuropsychiatrische-Symptome-2432072919-512x350.jpg",512,350,true],"kahuna-lpbox-1":["https:\/\/digidem-bayern.de\/wp-content\/uploads\/2024\/09\/shutterstock_neuropsychiatrische-Symptome-2432072919-520x300.jpg",520,300,true],"kahuna-lpbox-2":["https:\/\/digidem-bayern.de\/wp-content\/uploads\/2024\/09\/shutterstock_neuropsychiatrische-Symptome-2432072919-520x350.jpg",520,350,true],"demand-language-flag":["https:\/\/digidem-bayern.de\/wp-content\/uploads\/2024\/09\/shutterstock_neuropsychiatrische-Symptome-2432072919-36x36.jpg",36,36,true],"dddkt-language-flag":["https:\/\/digidem-bayern.de\/wp-content\/uploads\/2024\/09\/shutterstock_neuropsychiatrische-Symptome-2432072919-36x36.jpg",36,36,true],"ddiqc-language-flag":["https:\/\/digidem-bayern.de\/wp-content\/uploads\/2024\/09\/shutterstock_neuropsychiatrische-Symptome-2432072919-36x36.jpg",36,36,true],"ddtl-language-flag":["https:\/\/digidem-bayern.de\/wp-content\/uploads\/2024\/09\/shutterstock_neuropsychiatrische-Symptome-2432072919-36x36.jpg",36,36,true],"mailpoet_newsletter_max":["https:\/\/digidem-bayern.de\/wp-content\/uploads\/2024\/09\/shutterstock_neuropsychiatrische-Symptome-2432072919.jpg",1000,667,false],"kahuna-lpbox-3":["https:\/\/digidem-bayern.de\/wp-content\/uploads\/2024\/09\/shutterstock_neuropsychiatrische-Symptome-2432072919-520x350.jpg",520,350,true],"kahuna-featured-square":["https:\/\/digidem-bayern.de\/wp-content\/uploads\/2024\/09\/shutterstock_neuropsychiatrische-Symptome-2432072919-512x512.jpg",512,512,true],"kahuna-featured-square-large":["https:\/\/digidem-bayern.de\/wp-content\/uploads\/2024\/09\/shutterstock_neuropsychiatrische-Symptome-2432072919.jpg",1000,667,false]},"uagb_author_info":{"display_name":"Ilona H\u00f6rath","author_link":"https:\/\/digidem-bayern.de\/en\/author\/hoeratia\/"},"uagb_comment_info":0,"uagb_excerpt":"Bestimmte neuropsychiatrische Symptome wie zum Beispiel Depressionen und Psychosen treten bei Frauen mit Alzheimer-Demenz h\u00e4ufiger auf als bei M\u00e4nnern, die an einer Alzheimer-Demenz erkrankt sind. Dies ist eines der zentralen Ergebnisse einer Studie von Forschenden aus den Niederlanden, Schweden, USA, Kanada und Australien. Bei Menschen mit Alzheimer-Demenz (AD) treten neuropsychiatrische &hellip;","_links":{"self":[{"href":"https:\/\/digidem-bayern.de\/en\/wp-json\/wp\/v2\/posts\/38525","targetHints":{"allow":["GET"]}}],"collection":[{"href":"https:\/\/digidem-bayern.de\/en\/wp-json\/wp\/v2\/posts"}],"about":[{"href":"https:\/\/digidem-bayern.de\/en\/wp-json\/wp\/v2\/types\/post"}],"author":[{"embeddable":true,"href":"https:\/\/digidem-bayern.de\/en\/wp-json\/wp\/v2\/users\/12"}],"replies":[{"embeddable":true,"href":"https:\/\/digidem-bayern.de\/en\/wp-json\/wp\/v2\/comments?post=38525"}],"version-history":[{"count":4,"href":"https:\/\/digidem-bayern.de\/en\/wp-json\/wp\/v2\/posts\/38525\/revisions"}],"predecessor-version":[{"id":38644,"href":"https:\/\/digidem-bayern.de\/en\/wp-json\/wp\/v2\/posts\/38525\/revisions\/38644"}],"wp:featuredmedia":[{"embeddable":true,"href":"https:\/\/digidem-bayern.de\/en\/wp-json\/wp\/v2\/media\/38635"}],"wp:attachment":[{"href":"https:\/\/digidem-bayern.de\/en\/wp-json\/wp\/v2\/media?parent=38525"}],"wp:term":[{"taxonomy":"category","embeddable":true,"href":"https:\/\/digidem-bayern.de\/en\/wp-json\/wp\/v2\/categories?post=38525"},{"taxonomy":"post_tag","embeddable":true,"href":"https:\/\/digidem-bayern.de\/en\/wp-json\/wp\/v2\/tags?post=38525"}],"curies":[{"name":"wp","href":"https:\/\/api.w.org\/{rel}","templated":true}]}}