{"id":38524,"date":"2024-09-26T10:14:00","date_gmt":"2024-09-26T08:14:00","guid":{"rendered":"https:\/\/digidem-bayern.de\/?p=38524"},"modified":"2024-09-26T11:37:23","modified_gmt":"2024-09-26T09:37:23","slug":"kognitive-reserve-hoffnung-fuer-frauen","status":"publish","type":"post","link":"https:\/\/digidem-bayern.de\/en\/kognitive-reserve-hoffnung-fuer-frauen\/","title":{"rendered":"Kognitive Reserve: Hoffnung f\u00fcr Frauen"},"content":{"rendered":"<p><strong><strong>Nicht nur das Demenzrisiko betrachten, sondern auch Schutzfaktoren analysieren, die das Risiko einer Alzheimer-Demenz reduzieren: Forscherinnen aus Kanada und Schweden haben untersucht, ob es hinsichtlich der sogenannten Kognitiven Reserve geschlechterspezifische Unterschiede gibt.<\/strong><\/strong><\/p>\n\n\n\n<p>H\u00e4ufig ist die Rede von Risikofaktoren, die die Entwicklung einer Alzheimer-Demenz (AD) beg\u00fcnstigen k\u00f6nnen. \u201eFaktoren, die das AD-Risiko senken, wie die Kognitive Reserve, sind jedoch weniger gut erforscht\u201c, schreiben Forscherinnen aus Kanada und Schweden. Grund genug f\u00fcr die Autorengruppe, sich n\u00e4her mit den Geschlechterunterschieden hinsichtlich der Kognitiven Reserve zu befassen. Zur Kognitiven Reserve z\u00e4hlen zum Beispiel Bildung, Intelligenzquotient (IQ), die Komplexit\u00e4t der Berufst\u00e4tigkeit und Zweisprachigkeit \u2013 dies sind die Faktoren, die die Wissenschaftlerinnen in ihrer Studie ber\u00fccksichtigt haben. Wie geschlechtsspezifisch ist die Kognitive Reserve? Tr\u00e4gt eine geringere Kognitive Reserve zu h\u00f6heren AD-Raten bei Frauen bei?<\/p>\n\n\n<div class=\"wp-block-image\">\n<figure class=\"alignright size-full is-resized\"><img loading=\"lazy\" decoding=\"async\" width=\"1000\" height=\"667\" src=\"https:\/\/digidem-bayern.de\/wp-content\/uploads\/2024\/09\/shutterstock_kognitive-reserve-lebenslang-lernen-1715441719.jpg\" alt=\"Forscherinnen aus Kanada und Schweden haben untersucht, ob es hinsichtlich der sogenannten Kognitiven Reserve geschlechterspezifische Unterschiede gibt.\" class=\"wp-image-38633\" style=\"width:514px;height:auto\" srcset=\"https:\/\/digidem-bayern.de\/wp-content\/uploads\/2024\/09\/shutterstock_kognitive-reserve-lebenslang-lernen-1715441719.jpg 1000w, https:\/\/digidem-bayern.de\/wp-content\/uploads\/2024\/09\/shutterstock_kognitive-reserve-lebenslang-lernen-1715441719-300x200.jpg 300w, https:\/\/digidem-bayern.de\/wp-content\/uploads\/2024\/09\/shutterstock_kognitive-reserve-lebenslang-lernen-1715441719-768x512.jpg 768w, https:\/\/digidem-bayern.de\/wp-content\/uploads\/2024\/09\/shutterstock_kognitive-reserve-lebenslang-lernen-1715441719-525x350.jpg 525w\" sizes=\"auto, (max-width: 1000px) 100vw, 1000px\" \/><figcaption class=\"wp-element-caption\">Foto: Shutterstock<\/figcaption><\/figure>\n<\/div>\n\n\n<p>Speziell f\u00fcr Frauen ist dies ein interessanter Ansatz. Denn ihr Anteil an allen Menschen mit Alzheimer-Demenz betr\u00e4gt zwei Drittel. Ist die Diagnose AD gestellt, weisen Frauen einen schnelleren kognitiven Abbau auf. Das wesentliche Ergebnis, das die Forscherinnen erzielten, macht Hoffnung: \u201eEine gr\u00f6\u00dfere Kognitive Reserve kann vor dem Risiko sch\u00fctzen, an Alzheimer oder einer anderen Krankheit zu erkranken.\u201c Zudem senke eine gr\u00f6\u00dfere Kognitive Reserve bei Frauen das Alzheimer-Risiko st\u00e4rker als bei M\u00e4nnern.<\/p>\n\n\n\n<p><strong>Was f\u00fcr Frauen gilt, muss nicht auch bei M\u00e4nnern zutreffen<\/strong><\/p>\n\n\n\n<p>Die Untersuchungen deuten au\u00dferdem darauf hin, dass die Faktoren, die zur Kognitiven Reserve beitragen, bei Frauen und M\u00e4nnern nicht gleicherma\u00dfen gelten. Denn historisch betrachtet haben Frauen weniger Zugang zu Kognitiver Reserve wie zum Beispiel Schulbildung und beruflich anspruchsvolle Aufgaben. <strong><\/strong><\/p>\n\n\n\n<p>Am Beispiel der lebenslangen Zweisprachigkeit zeige sich: Menschen, die von Kindesbeinen an zwei Sprachen sprechen, zeigten \u201eeinen sp\u00e4teren Ausbruch der AD-Symptome als Einsprachige\u201c, was darauf hindeutet, dass dieser Faktor unabh\u00e4ngig vom Geschlecht vor der Entwicklung von AD sch\u00fctzt.<\/p>\n\n\n\n<p>F\u00fcr die im Jahr 2021 ver\u00f6ffentlichte Studie haben die Autorinnen insgesamt 16 Studien gesichtet und ausgewertet.<\/p>\n\n\n\n<p><strong>Tipp f\u00fcr die Praxis:<\/strong> Eine gr\u00f6\u00dfere Kognitive Reserve kann vor der Entwicklung einer Alzheimer-Demenzerkrankung sch\u00fctzten, von der Kognitiven Reserve profitieren Frauen st\u00e4rker als M\u00e4nner. Daher sollten speziell Frauen zum Beispiel Bildungskurse und kognitiv anregende Aktivit\u00e4ten in Anspruch nehmen.<\/p>\n\n\n\n<p>Hier geht&#8217;s zur Studie:<\/p>\n\n\n\n<p><a href=\"https:\/\/www.sciencedirect.com\/science\/article\/pii\/S0091302220300704?via%3Dihub\">Sex and gender differences in cognitive and brain reserve: Implications for Alzheimer\u2019s disease in women<\/a><\/p>\n\n\n\n<p><strong>Lesen Sie hier auch unsere weiteren Beitr\u00e4ge \u00fcber die Kognitive Reserve:<\/strong><\/p>\n\n\n\n<p><a href=\"https:\/\/digidem-bayern.de\/en\/kognitive-reserve-reduziert-demenzrisiko\/\">\u201eKognitive Reserve\u201c reduziert Demenzrisiko<\/a><\/p>\n\n\n\n<p><a href=\"https:\/\/digidem-bayern.de\/en\/kognitive-reserve-durch-berufliche-herausforderungen\/\"><strong>\u201e<\/strong>Kognitive Reserve<strong>\u201c<\/strong> durch berufliche Herausforderungen<\/a><\/p>\n\n\n\n<p><\/p>\n\n\n\n<p><\/p>\n\n\n\n<p><\/p>\n\n\n\n<div style=\"height:20px\" aria-hidden=\"true\" class=\"wp-block-spacer\"><\/div>\n\n\n\n<div style=\"height:20px\" aria-hidden=\"true\" class=\"wp-block-spacer\"><\/div>","protected":false},"excerpt":{"rendered":"<p>Nicht nur das Demenzrisiko betrachten, sondern auch Schutzfaktoren analysieren, die das Risiko einer Alzheimer-Demenz reduzieren: Forscherinnen aus Kanada und Schweden haben untersucht, ob es hinsichtlich der sogenannten Kognitiven Reserve geschlechterspezifische Unterschiede gibt. H\u00e4ufig ist die Rede von Risikofaktoren, die die Entwicklung einer Alzheimer-Demenz (AD) beg\u00fcnstigen k\u00f6nnen. \u201eFaktoren, die das AD-Risiko &hellip;<\/p>","protected":false},"author":12,"featured_media":38633,"comment_status":"open","ping_status":"closed","sticky":false,"template":"","format":"standard","meta":{"qubely_global_settings":"","qubely_interactions":"","_uag_custom_page_level_css":"","footnotes":""},"categories":[8,5],"tags":[13,406,1169,1154,12,112,203,177,14,17,55,1191,1190,772,309,281,351,1164,1165],"class_list":["post-38524","post","type-post","status-publish","format-standard","has-post-thumbnail","hentry","category-aktuelles-zu-digidem","category-wissenschaft-forschung","tag-alzheimer","tag-alzheimer-demenz","tag-balance","tag-bluthochdruck","tag-demenz-2","tag-demenzdiagnose","tag-demenzpraevention","tag-demenzrisiko","tag-digidem","tag-digidem-bayern","tag-digitales-demenzregister-bayern","tag-frauen","tag-frauengesundheit","tag-gesunder-schlaf","tag-kognitive-reserve","tag-risikofaktor","tag-schlaf","tag-schlafen","tag-schlafstoerung"],"qubely_featured_image_url":{"full":["https:\/\/digidem-bayern.de\/wp-content\/uploads\/2024\/09\/shutterstock_kognitive-reserve-lebenslang-lernen-1715441719.jpg",1000,667,false],"landscape":["https:\/\/digidem-bayern.de\/wp-content\/uploads\/2024\/09\/shutterstock_kognitive-reserve-lebenslang-lernen-1715441719.jpg",1000,667,false],"portraits":["https:\/\/digidem-bayern.de\/wp-content\/uploads\/2024\/09\/shutterstock_kognitive-reserve-lebenslang-lernen-1715441719-540x320.jpg",540,320,true],"thumbnail":["https:\/\/digidem-bayern.de\/wp-content\/uploads\/2024\/09\/shutterstock_kognitive-reserve-lebenslang-lernen-1715441719-80x80.jpg",80,80,true],"medium":["https:\/\/digidem-bayern.de\/wp-content\/uploads\/2024\/09\/shutterstock_kognitive-reserve-lebenslang-lernen-1715441719-300x200.jpg",300,200,true],"medium_large":["https:\/\/digidem-bayern.de\/wp-content\/uploads\/2024\/09\/shutterstock_kognitive-reserve-lebenslang-lernen-1715441719-768x512.jpg",768,512,true],"large":["https:\/\/digidem-bayern.de\/wp-content\/uploads\/2024\/09\/shutterstock_kognitive-reserve-lebenslang-lernen-1715441719.jpg",1000,667,false],"1536x1536":["https:\/\/digidem-bayern.de\/wp-content\/uploads\/2024\/09\/shutterstock_kognitive-reserve-lebenslang-lernen-1715441719.jpg",1000,667,false],"2048x2048":["https:\/\/digidem-bayern.de\/wp-content\/uploads\/2024\/09\/shutterstock_kognitive-reserve-lebenslang-lernen-1715441719.jpg",1000,667,false],"trp-custom-language-flag":["https:\/\/digidem-bayern.de\/wp-content\/uploads\/2024\/09\/shutterstock_kognitive-reserve-lebenslang-lernen-1715441719.jpg",18,12,false],"qubely_landscape":["https:\/\/digidem-bayern.de\/wp-content\/uploads\/2024\/09\/shutterstock_kognitive-reserve-lebenslang-lernen-1715441719.jpg",1000,667,false],"qubely_portrait":["https:\/\/digidem-bayern.de\/wp-content\/uploads\/2024\/09\/shutterstock_kognitive-reserve-lebenslang-lernen-1715441719-540x320.jpg",540,320,true],"qubely_thumbnail":["https:\/\/digidem-bayern.de\/wp-content\/uploads\/2024\/09\/shutterstock_kognitive-reserve-lebenslang-lernen-1715441719-140x100.jpg",140,100,true],"post-thumbnail":["https:\/\/digidem-bayern.de\/wp-content\/uploads\/2024\/09\/shutterstock_kognitive-reserve-lebenslang-lernen-1715441719-525x350.jpg",525,350,true],"kahuna-featured":["https:\/\/digidem-bayern.de\/wp-content\/uploads\/2024\/09\/shutterstock_kognitive-reserve-lebenslang-lernen-1715441719-734x350.jpg",734,350,true],"kahuna-featured-lp":["https:\/\/digidem-bayern.de\/wp-content\/uploads\/2024\/09\/shutterstock_kognitive-reserve-lebenslang-lernen-1715441719-520x350.jpg",520,350,true],"kahuna-featured-half":["https:\/\/digidem-bayern.de\/wp-content\/uploads\/2024\/09\/shutterstock_kognitive-reserve-lebenslang-lernen-1715441719-800x350.jpg",800,350,true],"kahuna-featured-third":["https:\/\/digidem-bayern.de\/wp-content\/uploads\/2024\/09\/shutterstock_kognitive-reserve-lebenslang-lernen-1715441719-512x350.jpg",512,350,true],"kahuna-lpbox-1":["https:\/\/digidem-bayern.de\/wp-content\/uploads\/2024\/09\/shutterstock_kognitive-reserve-lebenslang-lernen-1715441719-520x300.jpg",520,300,true],"kahuna-lpbox-2":["https:\/\/digidem-bayern.de\/wp-content\/uploads\/2024\/09\/shutterstock_kognitive-reserve-lebenslang-lernen-1715441719-520x350.jpg",520,350,true],"demand-language-flag":["https:\/\/digidem-bayern.de\/wp-content\/uploads\/2024\/09\/shutterstock_kognitive-reserve-lebenslang-lernen-1715441719-36x36.jpg",36,36,true],"dddkt-language-flag":["https:\/\/digidem-bayern.de\/wp-content\/uploads\/2024\/09\/shutterstock_kognitive-reserve-lebenslang-lernen-1715441719-36x36.jpg",36,36,true],"ddiqc-language-flag":["https:\/\/digidem-bayern.de\/wp-content\/uploads\/2024\/09\/shutterstock_kognitive-reserve-lebenslang-lernen-1715441719-36x36.jpg",36,36,true],"ddtl-language-flag":["https:\/\/digidem-bayern.de\/wp-content\/uploads\/2024\/09\/shutterstock_kognitive-reserve-lebenslang-lernen-1715441719-36x36.jpg",36,36,true],"mailpoet_newsletter_max":["https:\/\/digidem-bayern.de\/wp-content\/uploads\/2024\/09\/shutterstock_kognitive-reserve-lebenslang-lernen-1715441719.jpg",1000,667,false],"kahuna-lpbox-3":["https:\/\/digidem-bayern.de\/wp-content\/uploads\/2024\/09\/shutterstock_kognitive-reserve-lebenslang-lernen-1715441719-520x350.jpg",520,350,true],"kahuna-featured-square":["https:\/\/digidem-bayern.de\/wp-content\/uploads\/2024\/09\/shutterstock_kognitive-reserve-lebenslang-lernen-1715441719-512x512.jpg",512,512,true],"kahuna-featured-square-large":["https:\/\/digidem-bayern.de\/wp-content\/uploads\/2024\/09\/shutterstock_kognitive-reserve-lebenslang-lernen-1715441719.jpg",1000,667,false]},"qubely_author":{"display_name":"Ilona H\u00f6rath","author_link":"https:\/\/digidem-bayern.de\/en\/author\/hoeratia\/"},"qubely_comment":0,"qubely_category":"<a href=\"https:\/\/digidem-bayern.de\/en\/category\/aktuelles-zu-digidem\/\" rel=\"category tag\">Aktuelles zu digiDEM<\/a> <a href=\"https:\/\/digidem-bayern.de\/en\/category\/wissenschaft-forschung\/\" rel=\"category tag\">Wissenschaft &amp; Forschung<\/a>","qubely_excerpt":"Nicht nur das Demenzrisiko betrachten, sondern auch Schutzfaktoren analysieren, die das Risiko einer Alzheimer-Demenz reduzieren: Forscherinnen aus Kanada und Schweden haben untersucht, ob es hinsichtlich der sogenannten Kognitiven Reserve geschlechterspezifische Unterschiede gibt. H\u00e4ufig ist die Rede von Risikofaktoren, die die Entwicklung einer Alzheimer-Demenz (AD) beg\u00fcnstigen k\u00f6nnen. \u201eFaktoren, die das AD-Risiko &hellip;","featured_image_urls_v2":{"full":["https:\/\/digidem-bayern.de\/wp-content\/uploads\/2024\/09\/shutterstock_kognitive-reserve-lebenslang-lernen-1715441719.jpg",1000,667,false],"thumbnail":["https:\/\/digidem-bayern.de\/wp-content\/uploads\/2024\/09\/shutterstock_kognitive-reserve-lebenslang-lernen-1715441719-80x80.jpg",80,80,true],"medium":["https:\/\/digidem-bayern.de\/wp-content\/uploads\/2024\/09\/shutterstock_kognitive-reserve-lebenslang-lernen-1715441719-300x200.jpg",300,200,true],"medium_large":["https:\/\/digidem-bayern.de\/wp-content\/uploads\/2024\/09\/shutterstock_kognitive-reserve-lebenslang-lernen-1715441719-768x512.jpg",768,512,true],"large":["https:\/\/digidem-bayern.de\/wp-content\/uploads\/2024\/09\/shutterstock_kognitive-reserve-lebenslang-lernen-1715441719.jpg",1000,667,false],"1536x1536":["https:\/\/digidem-bayern.de\/wp-content\/uploads\/2024\/09\/shutterstock_kognitive-reserve-lebenslang-lernen-1715441719.jpg",1000,667,false],"2048x2048":["https:\/\/digidem-bayern.de\/wp-content\/uploads\/2024\/09\/shutterstock_kognitive-reserve-lebenslang-lernen-1715441719.jpg",1000,667,false],"trp-custom-language-flag":["https:\/\/digidem-bayern.de\/wp-content\/uploads\/2024\/09\/shutterstock_kognitive-reserve-lebenslang-lernen-1715441719.jpg",18,12,false],"qubely_landscape":["https:\/\/digidem-bayern.de\/wp-content\/uploads\/2024\/09\/shutterstock_kognitive-reserve-lebenslang-lernen-1715441719.jpg",1000,667,false],"qubely_portrait":["https:\/\/digidem-bayern.de\/wp-content\/uploads\/2024\/09\/shutterstock_kognitive-reserve-lebenslang-lernen-1715441719-540x320.jpg",540,320,true],"qubely_thumbnail":["https:\/\/digidem-bayern.de\/wp-content\/uploads\/2024\/09\/shutterstock_kognitive-reserve-lebenslang-lernen-1715441719-140x100.jpg",140,100,true],"post-thumbnail":["https:\/\/digidem-bayern.de\/wp-content\/uploads\/2024\/09\/shutterstock_kognitive-reserve-lebenslang-lernen-1715441719-525x350.jpg",525,350,true],"kahuna-featured":["https:\/\/digidem-bayern.de\/wp-content\/uploads\/2024\/09\/shutterstock_kognitive-reserve-lebenslang-lernen-1715441719-734x350.jpg",734,350,true],"kahuna-featured-lp":["https:\/\/digidem-bayern.de\/wp-content\/uploads\/2024\/09\/shutterstock_kognitive-reserve-lebenslang-lernen-1715441719-520x350.jpg",520,350,true],"kahuna-featured-half":["https:\/\/digidem-bayern.de\/wp-content\/uploads\/2024\/09\/shutterstock_kognitive-reserve-lebenslang-lernen-1715441719-800x350.jpg",800,350,true],"kahuna-featured-third":["https:\/\/digidem-bayern.de\/wp-content\/uploads\/2024\/09\/shutterstock_kognitive-reserve-lebenslang-lernen-1715441719-512x350.jpg",512,350,true],"kahuna-lpbox-1":["https:\/\/digidem-bayern.de\/wp-content\/uploads\/2024\/09\/shutterstock_kognitive-reserve-lebenslang-lernen-1715441719-520x300.jpg",520,300,true],"kahuna-lpbox-2":["https:\/\/digidem-bayern.de\/wp-content\/uploads\/2024\/09\/shutterstock_kognitive-reserve-lebenslang-lernen-1715441719-520x350.jpg",520,350,true],"demand-language-flag":["https:\/\/digidem-bayern.de\/wp-content\/uploads\/2024\/09\/shutterstock_kognitive-reserve-lebenslang-lernen-1715441719-36x36.jpg",36,36,true],"dddkt-language-flag":["https:\/\/digidem-bayern.de\/wp-content\/uploads\/2024\/09\/shutterstock_kognitive-reserve-lebenslang-lernen-1715441719-36x36.jpg",36,36,true],"ddiqc-language-flag":["https:\/\/digidem-bayern.de\/wp-content\/uploads\/2024\/09\/shutterstock_kognitive-reserve-lebenslang-lernen-1715441719-36x36.jpg",36,36,true],"ddtl-language-flag":["https:\/\/digidem-bayern.de\/wp-content\/uploads\/2024\/09\/shutterstock_kognitive-reserve-lebenslang-lernen-1715441719-36x36.jpg",36,36,true],"mailpoet_newsletter_max":["https:\/\/digidem-bayern.de\/wp-content\/uploads\/2024\/09\/shutterstock_kognitive-reserve-lebenslang-lernen-1715441719.jpg",1000,667,false],"kahuna-lpbox-3":["https:\/\/digidem-bayern.de\/wp-content\/uploads\/2024\/09\/shutterstock_kognitive-reserve-lebenslang-lernen-1715441719-520x350.jpg",520,350,true],"kahuna-featured-square":["https:\/\/digidem-bayern.de\/wp-content\/uploads\/2024\/09\/shutterstock_kognitive-reserve-lebenslang-lernen-1715441719-512x512.jpg",512,512,true],"kahuna-featured-square-large":["https:\/\/digidem-bayern.de\/wp-content\/uploads\/2024\/09\/shutterstock_kognitive-reserve-lebenslang-lernen-1715441719.jpg",1000,667,false]},"post_excerpt_stackable_v2":"<p>Nicht nur das Demenzrisiko betrachten, sondern auch Schutzfaktoren analysieren, die das Risiko einer Alzheimer-Demenz reduzieren: Forscherinnen aus Kanada und Schweden haben untersucht, ob es hinsichtlich der sogenannten Kognitiven Reserve geschlechterspezifische Unterschiede gibt. H\u00e4ufig ist die Rede von Risikofaktoren, die die Entwicklung einer Alzheimer-Demenz (AD) beg\u00fcnstigen k\u00f6nnen. \u201eFaktoren, die das AD-Risiko senken, wie die Kognitive Reserve, sind jedoch weniger gut erforscht\u201c, schreiben Forscherinnen aus Kanada und Schweden. Grund genug f\u00fcr die Autorengruppe, sich n\u00e4her mit den Geschlechterunterschieden hinsichtlich der Kognitiven Reserve zu befassen. Zur Kognitiven Reserve z\u00e4hlen zum Beispiel Bildung, Intelligenzquotient (IQ), die Komplexit\u00e4t der Berufst\u00e4tigkeit und Zweisprachigkeit \u2013 dies sind&hellip;<\/p>\n","category_list_v2":"<a href=\"https:\/\/digidem-bayern.de\/en\/category\/aktuelles-zu-digidem\/\" rel=\"category tag\">Aktuelles zu digiDEM<\/a>, <a href=\"https:\/\/digidem-bayern.de\/en\/category\/wissenschaft-forschung\/\" rel=\"category tag\">Wissenschaft &amp; Forschung<\/a>","author_info_v2":{"name":"Ilona H\u00f6rath","url":"https:\/\/digidem-bayern.de\/en\/author\/hoeratia\/"},"comments_num_v2":"0 comments","yoast_head":"<!-- This site is optimized with the Yoast SEO plugin v27.4 - https:\/\/yoast.com\/product\/yoast-seo-wordpress\/ -->\n<title>Kognitive Reserve: Hoffnung f\u00fcr Frauen - digiDEM Bayern<\/title>\n<meta name=\"description\" content=\"Der Bayerische Landesapothekerkammer unterst\u00fctzt digiDEM Bayern mit Hilfe des Netzwerks &quot;Demenzfreundliche Apotheken&quot;.\" \/>\n<meta name=\"robots\" content=\"index, follow, max-snippet:-1, max-image-preview:large, max-video-preview:-1\" \/>\n<link rel=\"canonical\" href=\"https:\/\/digidem-bayern.de\/en\/kognitive-reserve-hoffnung-fuer-frauen\/\" \/>\n<meta property=\"og:locale\" content=\"en_US\" \/>\n<meta property=\"og:type\" content=\"article\" \/>\n<meta property=\"og:title\" content=\"Kognitive Reserve: Hoffnung f\u00fcr Frauen - digiDEM Bayern\" \/>\n<meta property=\"og:description\" content=\"Der Bayerische Landesapothekerkammer unterst\u00fctzt digiDEM Bayern mit Hilfe des Netzwerks &quot;Demenzfreundliche Apotheken&quot;.\" \/>\n<meta property=\"og:url\" content=\"https:\/\/digidem-bayern.de\/en\/kognitive-reserve-hoffnung-fuer-frauen\/\" \/>\n<meta property=\"og:site_name\" content=\"digiDEM Bayern\" \/>\n<meta property=\"article:publisher\" content=\"https:\/\/www.facebook.com\/digiDEMBayern\/\" \/>\n<meta property=\"article:published_time\" content=\"2024-09-26T08:14:00+00:00\" \/>\n<meta property=\"article:modified_time\" content=\"2024-09-26T09:37:23+00:00\" \/>\n<meta property=\"og:image\" content=\"https:\/\/digidem-bayern.de\/wp-content\/uploads\/2024\/09\/shutterstock_kognitive-reserve-lebenslang-lernen-1715441719.jpg\" \/>\n\t<meta property=\"og:image:width\" content=\"1000\" \/>\n\t<meta property=\"og:image:height\" content=\"667\" \/>\n\t<meta property=\"og:image:type\" content=\"image\/jpeg\" \/>\n<meta name=\"author\" content=\"Ilona H\u00f6rath\" \/>\n<meta name=\"twitter:label1\" content=\"Written by\" \/>\n\t<meta name=\"twitter:data1\" content=\"Ilona H\u00f6rath\" \/>\n\t<meta name=\"twitter:label2\" content=\"Est. reading time\" \/>\n\t<meta name=\"twitter:data2\" content=\"2 minutes\" \/>\n<script type=\"application\/ld+json\" class=\"yoast-schema-graph\">{\"@context\":\"https:\\\/\\\/schema.org\",\"@graph\":[{\"@type\":\"Article\",\"@id\":\"https:\\\/\\\/digidem-bayern.de\\\/kognitive-reserve-hoffnung-fuer-frauen\\\/#article\",\"isPartOf\":{\"@id\":\"https:\\\/\\\/digidem-bayern.de\\\/kognitive-reserve-hoffnung-fuer-frauen\\\/\"},\"author\":{\"name\":\"Ilona H\u00f6rath\",\"@id\":\"\\\/#\\\/schema\\\/person\\\/0bc1494f46fc2a051c761322a80e0941\"},\"headline\":\"Kognitive Reserve: Hoffnung f\u00fcr Frauen\",\"datePublished\":\"2024-09-26T08:14:00+00:00\",\"dateModified\":\"2024-09-26T09:37:23+00:00\",\"mainEntityOfPage\":{\"@id\":\"https:\\\/\\\/digidem-bayern.de\\\/kognitive-reserve-hoffnung-fuer-frauen\\\/\"},\"wordCount\":420,\"commentCount\":0,\"publisher\":{\"@id\":\"\\\/#organization\"},\"image\":{\"@id\":\"https:\\\/\\\/digidem-bayern.de\\\/kognitive-reserve-hoffnung-fuer-frauen\\\/#primaryimage\"},\"thumbnailUrl\":\"https:\\\/\\\/digidem-bayern.de\\\/wp-content\\\/uploads\\\/2024\\\/09\\\/shutterstock_kognitive-reserve-lebenslang-lernen-1715441719.jpg\",\"keywords\":[\"Alzheimer\",\"Alzheimer-Demenz\",\"Balance\",\"Bluthochdruck\",\"Demenz\",\"Demenzdiagnose\",\"Demenzpr\u00e4vention\",\"Demenzrisiko\",\"digidem\",\"digidem Bayern\",\"Digitales Demenzregister Bayern\",\"Frauen\",\"Frauengesundheit\",\"gesunder Schlaf\",\"kognitive Reserve\",\"Risikofaktor\",\"Schlaf\",\"schlafen\",\"Schlafst\u00f6rung\"],\"articleSection\":[\"Aktuelles zu digiDEM\",\"Wissenschaft &amp; Forschung\"],\"inLanguage\":\"en-US\",\"potentialAction\":[{\"@type\":\"CommentAction\",\"name\":\"Comment\",\"target\":[\"https:\\\/\\\/digidem-bayern.de\\\/kognitive-reserve-hoffnung-fuer-frauen\\\/#respond\"]}]},{\"@type\":\"WebPage\",\"@id\":\"https:\\\/\\\/digidem-bayern.de\\\/kognitive-reserve-hoffnung-fuer-frauen\\\/\",\"url\":\"https:\\\/\\\/digidem-bayern.de\\\/kognitive-reserve-hoffnung-fuer-frauen\\\/\",\"name\":\"Kognitive Reserve: Hoffnung f\u00fcr Frauen - digiDEM Bayern\",\"isPartOf\":{\"@id\":\"\\\/#website\"},\"primaryImageOfPage\":{\"@id\":\"https:\\\/\\\/digidem-bayern.de\\\/kognitive-reserve-hoffnung-fuer-frauen\\\/#primaryimage\"},\"image\":{\"@id\":\"https:\\\/\\\/digidem-bayern.de\\\/kognitive-reserve-hoffnung-fuer-frauen\\\/#primaryimage\"},\"thumbnailUrl\":\"https:\\\/\\\/digidem-bayern.de\\\/wp-content\\\/uploads\\\/2024\\\/09\\\/shutterstock_kognitive-reserve-lebenslang-lernen-1715441719.jpg\",\"datePublished\":\"2024-09-26T08:14:00+00:00\",\"dateModified\":\"2024-09-26T09:37:23+00:00\",\"description\":\"Der Bayerische Landesapothekerkammer unterst\u00fctzt digiDEM Bayern mit Hilfe des Netzwerks \\\"Demenzfreundliche Apotheken\\\".\",\"breadcrumb\":{\"@id\":\"https:\\\/\\\/digidem-bayern.de\\\/kognitive-reserve-hoffnung-fuer-frauen\\\/#breadcrumb\"},\"inLanguage\":\"en-US\",\"potentialAction\":[{\"@type\":\"ReadAction\",\"target\":[\"https:\\\/\\\/digidem-bayern.de\\\/kognitive-reserve-hoffnung-fuer-frauen\\\/\"]}]},{\"@type\":\"ImageObject\",\"inLanguage\":\"en-US\",\"@id\":\"https:\\\/\\\/digidem-bayern.de\\\/kognitive-reserve-hoffnung-fuer-frauen\\\/#primaryimage\",\"url\":\"https:\\\/\\\/digidem-bayern.de\\\/wp-content\\\/uploads\\\/2024\\\/09\\\/shutterstock_kognitive-reserve-lebenslang-lernen-1715441719.jpg\",\"contentUrl\":\"https:\\\/\\\/digidem-bayern.de\\\/wp-content\\\/uploads\\\/2024\\\/09\\\/shutterstock_kognitive-reserve-lebenslang-lernen-1715441719.jpg\",\"width\":1000,\"height\":667,\"caption\":\"Foto: Shutterstock\"},{\"@type\":\"BreadcrumbList\",\"@id\":\"https:\\\/\\\/digidem-bayern.de\\\/kognitive-reserve-hoffnung-fuer-frauen\\\/#breadcrumb\",\"itemListElement\":[{\"@type\":\"ListItem\",\"position\":1,\"name\":\"Startseite\",\"item\":\"https:\\\/\\\/digidem-bayern.de\\\/\"},{\"@type\":\"ListItem\",\"position\":2,\"name\":\"Kognitive Reserve: Hoffnung f\u00fcr Frauen\"}]},{\"@type\":\"WebSite\",\"@id\":\"\\\/#website\",\"url\":\"\\\/\",\"name\":\"digiDEM Bayern\",\"description\":\"Das digitale Demenzregister Bayern erforscht und verbessert die Angebotsstuktur f\u00fcr Menschen mit Demenz und deren Angeh\u00f6rige\",\"publisher\":{\"@id\":\"\\\/#organization\"},\"potentialAction\":[{\"@type\":\"SearchAction\",\"target\":{\"@type\":\"EntryPoint\",\"urlTemplate\":\"\\\/?s={search_term_string}\"},\"query-input\":{\"@type\":\"PropertyValueSpecification\",\"valueRequired\":true,\"valueName\":\"search_term_string\"}}],\"inLanguage\":\"en-US\"},{\"@type\":\"Organization\",\"@id\":\"\\\/#organization\",\"name\":\"digiDEM Bayern\",\"url\":\"\\\/\",\"logo\":{\"@type\":\"ImageObject\",\"inLanguage\":\"en-US\",\"@id\":\"\\\/#\\\/schema\\\/logo\\\/image\\\/\",\"url\":\"https:\\\/\\\/digidem-bayern.de\\\/wp-content\\\/uploads\\\/2022\\\/03\\\/cropped-Allgemeines_digiDEMLOGO-removebg-preview.png\",\"contentUrl\":\"https:\\\/\\\/digidem-bayern.de\\\/wp-content\\\/uploads\\\/2022\\\/03\\\/cropped-Allgemeines_digiDEMLOGO-removebg-preview.png\",\"width\":612,\"height\":357,\"caption\":\"digiDEM Bayern\"},\"image\":{\"@id\":\"\\\/#\\\/schema\\\/logo\\\/image\\\/\"},\"sameAs\":[\"https:\\\/\\\/www.facebook.com\\\/digiDEMBayern\\\/\",\"https:\\\/\\\/x.com\\\/digidem_bayern\",\"https:\\\/\\\/www.instagram.com\\\/digidem.bayern\",\"https:\\\/\\\/www.linkedin.com\\\/company\\\/digidem-bayern\\\/\"]},{\"@type\":\"Person\",\"@id\":\"\\\/#\\\/schema\\\/person\\\/0bc1494f46fc2a051c761322a80e0941\",\"name\":\"Ilona H\u00f6rath\",\"url\":\"https:\\\/\\\/digidem-bayern.de\\\/en\\\/author\\\/hoeratia\\\/\"}]}<\/script>\n<!-- \/ Yoast SEO plugin. -->","yoast_head_json":{"title":"Kognitive Reserve: Hoffnung f\u00fcr Frauen - digiDEM Bayern","description":"Der Bayerische Landesapothekerkammer unterst\u00fctzt digiDEM Bayern mit Hilfe des Netzwerks \"Demenzfreundliche Apotheken\".","robots":{"index":"index","follow":"follow","max-snippet":"max-snippet:-1","max-image-preview":"max-image-preview:large","max-video-preview":"max-video-preview:-1"},"canonical":"https:\/\/digidem-bayern.de\/en\/kognitive-reserve-hoffnung-fuer-frauen\/","og_locale":"en_US","og_type":"article","og_title":"Kognitive Reserve: Hoffnung f\u00fcr Frauen - digiDEM Bayern","og_description":"Der Bayerische Landesapothekerkammer unterst\u00fctzt digiDEM Bayern mit Hilfe des Netzwerks \"Demenzfreundliche Apotheken\".","og_url":"https:\/\/digidem-bayern.de\/en\/kognitive-reserve-hoffnung-fuer-frauen\/","og_site_name":"digiDEM Bayern","article_publisher":"https:\/\/www.facebook.com\/digiDEMBayern\/","article_published_time":"2024-09-26T08:14:00+00:00","article_modified_time":"2024-09-26T09:37:23+00:00","og_image":[{"width":1000,"height":667,"url":"https:\/\/digidem-bayern.de\/wp-content\/uploads\/2024\/09\/shutterstock_kognitive-reserve-lebenslang-lernen-1715441719.jpg","type":"image\/jpeg"}],"author":"Ilona H\u00f6rath","twitter_misc":{"Written by":"Ilona H\u00f6rath","Est. reading time":"2 minutes"},"schema":{"@context":"https:\/\/schema.org","@graph":[{"@type":"Article","@id":"https:\/\/digidem-bayern.de\/kognitive-reserve-hoffnung-fuer-frauen\/#article","isPartOf":{"@id":"https:\/\/digidem-bayern.de\/kognitive-reserve-hoffnung-fuer-frauen\/"},"author":{"name":"Ilona H\u00f6rath","@id":"\/#\/schema\/person\/0bc1494f46fc2a051c761322a80e0941"},"headline":"Kognitive Reserve: Hoffnung f\u00fcr Frauen","datePublished":"2024-09-26T08:14:00+00:00","dateModified":"2024-09-26T09:37:23+00:00","mainEntityOfPage":{"@id":"https:\/\/digidem-bayern.de\/kognitive-reserve-hoffnung-fuer-frauen\/"},"wordCount":420,"commentCount":0,"publisher":{"@id":"\/#organization"},"image":{"@id":"https:\/\/digidem-bayern.de\/kognitive-reserve-hoffnung-fuer-frauen\/#primaryimage"},"thumbnailUrl":"https:\/\/digidem-bayern.de\/wp-content\/uploads\/2024\/09\/shutterstock_kognitive-reserve-lebenslang-lernen-1715441719.jpg","keywords":["Alzheimer","Alzheimer-Demenz","Balance","Bluthochdruck","Demenz","Demenzdiagnose","Demenzpr\u00e4vention","Demenzrisiko","digidem","digidem Bayern","Digitales Demenzregister Bayern","Frauen","Frauengesundheit","gesunder Schlaf","kognitive Reserve","Risikofaktor","Schlaf","schlafen","Schlafst\u00f6rung"],"articleSection":["Aktuelles zu digiDEM","Wissenschaft &amp; Forschung"],"inLanguage":"en-US","potentialAction":[{"@type":"CommentAction","name":"Comment","target":["https:\/\/digidem-bayern.de\/kognitive-reserve-hoffnung-fuer-frauen\/#respond"]}]},{"@type":"WebPage","@id":"https:\/\/digidem-bayern.de\/kognitive-reserve-hoffnung-fuer-frauen\/","url":"https:\/\/digidem-bayern.de\/kognitive-reserve-hoffnung-fuer-frauen\/","name":"Kognitive Reserve: Hoffnung f\u00fcr Frauen - digiDEM Bayern","isPartOf":{"@id":"\/#website"},"primaryImageOfPage":{"@id":"https:\/\/digidem-bayern.de\/kognitive-reserve-hoffnung-fuer-frauen\/#primaryimage"},"image":{"@id":"https:\/\/digidem-bayern.de\/kognitive-reserve-hoffnung-fuer-frauen\/#primaryimage"},"thumbnailUrl":"https:\/\/digidem-bayern.de\/wp-content\/uploads\/2024\/09\/shutterstock_kognitive-reserve-lebenslang-lernen-1715441719.jpg","datePublished":"2024-09-26T08:14:00+00:00","dateModified":"2024-09-26T09:37:23+00:00","description":"Der Bayerische Landesapothekerkammer unterst\u00fctzt digiDEM Bayern mit Hilfe des Netzwerks \"Demenzfreundliche Apotheken\".","breadcrumb":{"@id":"https:\/\/digidem-bayern.de\/kognitive-reserve-hoffnung-fuer-frauen\/#breadcrumb"},"inLanguage":"en-US","potentialAction":[{"@type":"ReadAction","target":["https:\/\/digidem-bayern.de\/kognitive-reserve-hoffnung-fuer-frauen\/"]}]},{"@type":"ImageObject","inLanguage":"en-US","@id":"https:\/\/digidem-bayern.de\/kognitive-reserve-hoffnung-fuer-frauen\/#primaryimage","url":"https:\/\/digidem-bayern.de\/wp-content\/uploads\/2024\/09\/shutterstock_kognitive-reserve-lebenslang-lernen-1715441719.jpg","contentUrl":"https:\/\/digidem-bayern.de\/wp-content\/uploads\/2024\/09\/shutterstock_kognitive-reserve-lebenslang-lernen-1715441719.jpg","width":1000,"height":667,"caption":"Foto: Shutterstock"},{"@type":"BreadcrumbList","@id":"https:\/\/digidem-bayern.de\/kognitive-reserve-hoffnung-fuer-frauen\/#breadcrumb","itemListElement":[{"@type":"ListItem","position":1,"name":"Startseite","item":"https:\/\/digidem-bayern.de\/"},{"@type":"ListItem","position":2,"name":"Kognitive Reserve: Hoffnung f\u00fcr Frauen"}]},{"@type":"WebSite","@id":"\/#website","url":"\/","name":"digiDEM Bavaria","description":"The digital dementia register in Bavaria researches and improves the structure of services for people with dementia and their relatives","publisher":{"@id":"\/#organization"},"potentialAction":[{"@type":"SearchAction","target":{"@type":"EntryPoint","urlTemplate":"\/?s={search_term_string}"},"query-input":{"@type":"PropertyValueSpecification","valueRequired":true,"valueName":"search_term_string"}}],"inLanguage":"en-US"},{"@type":"Organization","@id":"\/#organization","name":"digiDEM Bavaria","url":"\/","logo":{"@type":"ImageObject","inLanguage":"en-US","@id":"\/#\/schema\/logo\/image\/","url":"https:\/\/digidem-bayern.de\/wp-content\/uploads\/2022\/03\/cropped-Allgemeines_digiDEMLOGO-removebg-preview.png","contentUrl":"https:\/\/digidem-bayern.de\/wp-content\/uploads\/2022\/03\/cropped-Allgemeines_digiDEMLOGO-removebg-preview.png","width":612,"height":357,"caption":"digiDEM Bayern"},"image":{"@id":"\/#\/schema\/logo\/image\/"},"sameAs":["https:\/\/www.facebook.com\/digiDEMBayern\/","https:\/\/x.com\/digidem_bayern","https:\/\/www.instagram.com\/digidem.bayern","https:\/\/www.linkedin.com\/company\/digidem-bayern\/"]},{"@type":"Person","@id":"\/#\/schema\/person\/0bc1494f46fc2a051c761322a80e0941","name":"Ilona H\u00f6rath","url":"https:\/\/digidem-bayern.de\/en\/author\/hoeratia\/"}]}},"uagb_featured_image_src":{"full":["https:\/\/digidem-bayern.de\/wp-content\/uploads\/2024\/09\/shutterstock_kognitive-reserve-lebenslang-lernen-1715441719.jpg",1000,667,false],"thumbnail":["https:\/\/digidem-bayern.de\/wp-content\/uploads\/2024\/09\/shutterstock_kognitive-reserve-lebenslang-lernen-1715441719-80x80.jpg",80,80,true],"medium":["https:\/\/digidem-bayern.de\/wp-content\/uploads\/2024\/09\/shutterstock_kognitive-reserve-lebenslang-lernen-1715441719-300x200.jpg",300,200,true],"medium_large":["https:\/\/digidem-bayern.de\/wp-content\/uploads\/2024\/09\/shutterstock_kognitive-reserve-lebenslang-lernen-1715441719-768x512.jpg",768,512,true],"large":["https:\/\/digidem-bayern.de\/wp-content\/uploads\/2024\/09\/shutterstock_kognitive-reserve-lebenslang-lernen-1715441719.jpg",1000,667,false],"1536x1536":["https:\/\/digidem-bayern.de\/wp-content\/uploads\/2024\/09\/shutterstock_kognitive-reserve-lebenslang-lernen-1715441719.jpg",1000,667,false],"2048x2048":["https:\/\/digidem-bayern.de\/wp-content\/uploads\/2024\/09\/shutterstock_kognitive-reserve-lebenslang-lernen-1715441719.jpg",1000,667,false],"trp-custom-language-flag":["https:\/\/digidem-bayern.de\/wp-content\/uploads\/2024\/09\/shutterstock_kognitive-reserve-lebenslang-lernen-1715441719.jpg",18,12,false],"qubely_landscape":["https:\/\/digidem-bayern.de\/wp-content\/uploads\/2024\/09\/shutterstock_kognitive-reserve-lebenslang-lernen-1715441719.jpg",1000,667,false],"qubely_portrait":["https:\/\/digidem-bayern.de\/wp-content\/uploads\/2024\/09\/shutterstock_kognitive-reserve-lebenslang-lernen-1715441719-540x320.jpg",540,320,true],"qubely_thumbnail":["https:\/\/digidem-bayern.de\/wp-content\/uploads\/2024\/09\/shutterstock_kognitive-reserve-lebenslang-lernen-1715441719-140x100.jpg",140,100,true],"post-thumbnail":["https:\/\/digidem-bayern.de\/wp-content\/uploads\/2024\/09\/shutterstock_kognitive-reserve-lebenslang-lernen-1715441719-525x350.jpg",525,350,true],"kahuna-featured":["https:\/\/digidem-bayern.de\/wp-content\/uploads\/2024\/09\/shutterstock_kognitive-reserve-lebenslang-lernen-1715441719-734x350.jpg",734,350,true],"kahuna-featured-lp":["https:\/\/digidem-bayern.de\/wp-content\/uploads\/2024\/09\/shutterstock_kognitive-reserve-lebenslang-lernen-1715441719-520x350.jpg",520,350,true],"kahuna-featured-half":["https:\/\/digidem-bayern.de\/wp-content\/uploads\/2024\/09\/shutterstock_kognitive-reserve-lebenslang-lernen-1715441719-800x350.jpg",800,350,true],"kahuna-featured-third":["https:\/\/digidem-bayern.de\/wp-content\/uploads\/2024\/09\/shutterstock_kognitive-reserve-lebenslang-lernen-1715441719-512x350.jpg",512,350,true],"kahuna-lpbox-1":["https:\/\/digidem-bayern.de\/wp-content\/uploads\/2024\/09\/shutterstock_kognitive-reserve-lebenslang-lernen-1715441719-520x300.jpg",520,300,true],"kahuna-lpbox-2":["https:\/\/digidem-bayern.de\/wp-content\/uploads\/2024\/09\/shutterstock_kognitive-reserve-lebenslang-lernen-1715441719-520x350.jpg",520,350,true],"demand-language-flag":["https:\/\/digidem-bayern.de\/wp-content\/uploads\/2024\/09\/shutterstock_kognitive-reserve-lebenslang-lernen-1715441719-36x36.jpg",36,36,true],"dddkt-language-flag":["https:\/\/digidem-bayern.de\/wp-content\/uploads\/2024\/09\/shutterstock_kognitive-reserve-lebenslang-lernen-1715441719-36x36.jpg",36,36,true],"ddiqc-language-flag":["https:\/\/digidem-bayern.de\/wp-content\/uploads\/2024\/09\/shutterstock_kognitive-reserve-lebenslang-lernen-1715441719-36x36.jpg",36,36,true],"ddtl-language-flag":["https:\/\/digidem-bayern.de\/wp-content\/uploads\/2024\/09\/shutterstock_kognitive-reserve-lebenslang-lernen-1715441719-36x36.jpg",36,36,true],"mailpoet_newsletter_max":["https:\/\/digidem-bayern.de\/wp-content\/uploads\/2024\/09\/shutterstock_kognitive-reserve-lebenslang-lernen-1715441719.jpg",1000,667,false],"kahuna-lpbox-3":["https:\/\/digidem-bayern.de\/wp-content\/uploads\/2024\/09\/shutterstock_kognitive-reserve-lebenslang-lernen-1715441719-520x350.jpg",520,350,true],"kahuna-featured-square":["https:\/\/digidem-bayern.de\/wp-content\/uploads\/2024\/09\/shutterstock_kognitive-reserve-lebenslang-lernen-1715441719-512x512.jpg",512,512,true],"kahuna-featured-square-large":["https:\/\/digidem-bayern.de\/wp-content\/uploads\/2024\/09\/shutterstock_kognitive-reserve-lebenslang-lernen-1715441719.jpg",1000,667,false]},"uagb_author_info":{"display_name":"Ilona H\u00f6rath","author_link":"https:\/\/digidem-bayern.de\/en\/author\/hoeratia\/"},"uagb_comment_info":0,"uagb_excerpt":"Nicht nur das Demenzrisiko betrachten, sondern auch Schutzfaktoren analysieren, die das Risiko einer Alzheimer-Demenz reduzieren: Forscherinnen aus Kanada und Schweden haben untersucht, ob es hinsichtlich der sogenannten Kognitiven Reserve geschlechterspezifische Unterschiede gibt. H\u00e4ufig ist die Rede von Risikofaktoren, die die Entwicklung einer Alzheimer-Demenz (AD) beg\u00fcnstigen k\u00f6nnen. \u201eFaktoren, die das AD-Risiko &hellip;","_links":{"self":[{"href":"https:\/\/digidem-bayern.de\/en\/wp-json\/wp\/v2\/posts\/38524","targetHints":{"allow":["GET"]}}],"collection":[{"href":"https:\/\/digidem-bayern.de\/en\/wp-json\/wp\/v2\/posts"}],"about":[{"href":"https:\/\/digidem-bayern.de\/en\/wp-json\/wp\/v2\/types\/post"}],"author":[{"embeddable":true,"href":"https:\/\/digidem-bayern.de\/en\/wp-json\/wp\/v2\/users\/12"}],"replies":[{"embeddable":true,"href":"https:\/\/digidem-bayern.de\/en\/wp-json\/wp\/v2\/comments?post=38524"}],"version-history":[{"count":4,"href":"https:\/\/digidem-bayern.de\/en\/wp-json\/wp\/v2\/posts\/38524\/revisions"}],"predecessor-version":[{"id":38642,"href":"https:\/\/digidem-bayern.de\/en\/wp-json\/wp\/v2\/posts\/38524\/revisions\/38642"}],"wp:featuredmedia":[{"embeddable":true,"href":"https:\/\/digidem-bayern.de\/en\/wp-json\/wp\/v2\/media\/38633"}],"wp:attachment":[{"href":"https:\/\/digidem-bayern.de\/en\/wp-json\/wp\/v2\/media?parent=38524"}],"wp:term":[{"taxonomy":"category","embeddable":true,"href":"https:\/\/digidem-bayern.de\/en\/wp-json\/wp\/v2\/categories?post=38524"},{"taxonomy":"post_tag","embeddable":true,"href":"https:\/\/digidem-bayern.de\/en\/wp-json\/wp\/v2\/tags?post=38524"}],"curies":[{"name":"wp","href":"https:\/\/api.w.org\/{rel}","templated":true}]}}