{"id":36450,"date":"2024-09-03T10:37:16","date_gmt":"2024-09-03T08:37:16","guid":{"rendered":"https:\/\/digidem-bayern.de\/?p=36450"},"modified":"2025-02-27T17:42:45","modified_gmt":"2025-02-27T16:42:45","slug":"palliativversorgung-bei-menschen-mit-demenz","status":"publish","type":"post","link":"https:\/\/digidem-bayern.de\/en\/palliativversorgung-bei-menschen-mit-demenz\/","title":{"rendered":"Palliativversorgung von Menschen mit Demenz"},"content":{"rendered":"<p>Die Palliativversorgung ist eine spezielle Form der medizinischen und pflegerischen Behandlung von Menschen mit einer schweren und unheilbaren Erkrankung. Dabei steht nicht die Heilung, sondern die Linderung von belastenden Beschwerden im Vordergrund. Ziel ist es, den Betroffenen und ihren An- und Zugeh\u00f6rigen eine bestm\u00f6gliche Lebensqualit\u00e4t zu verschaffen. Die palliative Versorgung von Menschen mit Demenz widmet sich verschiedenen spezifischen Fragestellungen: Ab wann ist eine palliative Versorgung \u00fcberhaupt sinnvoll? Welche Rolle spielen Schmerzmanagement und psychosoziale Unterst\u00fctzung? Oder wie kann man mit Menschen mit fortgeschrittener Demenz \u00fcber ihre W\u00fcnsche und Bed\u00fcrfnisse sprechen? <\/p>\n\n\n\n<p>Prof. Dr. med. Christoph Ostgathe leitet die Palliativmedizinische Abteilung des Universit\u00e4tsklinikums Erlangen und ist Inhaber des Lehrstuhls f\u00fcr Palliativmedizin an der Friedrich-Alexander-Universit\u00e4t Erlangen-N\u00fcrnberg. Er war einige Jahre Pr\u00e4sident der Europ\u00e4ischen Palliativgesellschaft (EAPC) und Vizepr\u00e4sident der Deutschen Gesellschaft f\u00fcr Palliativmedizin (DGP). Der Facharzt f\u00fcr An\u00e4sthesiologie, Palliativmedizin und spezielle Schmerztherapie wird im kommenden Webinar die unterschiedlichen Herausforderungen in der Palliativversorgung von Menschen mit Demenz diskutieren und innovative Ans\u00e4tze f\u00fcr eine patientenorientierte Versorgung bei Demenz vorstellen.<\/p>\n\n\n\n<p><\/p>\n\n\n\n<p><\/p>\n\n\n\n<h2 class=\"wp-block-heading has-text-align-center\" id=\"2---mittwoch-03062020-1100-1130-uhr--\"><strong><strong>Dienstag, 17.09.2024, 11:00 &#8211; 11:45 Uhr<\/strong><\/strong><\/h2>\n\n\n\n<div class=\"wp-block-qubely-button qubely-block-8360a0\"><div class=\"qubely-block-btn-wrapper\"><div class=\"qubely-block-btn\"><a class=\"qubely-block-btn-anchor is-large\" href=\"https:\/\/attendee.gotowebinar.com\/register\/488450785260749149\">\u00a0Melden Sie sich hier an<\/a><\/div><\/div><\/div>\n\n\n\n<div class=\"wp-block-stackable-columns stk-block-columns stk-block stk-1abb464\" data-block-id=\"1abb464\"><div class=\"stk-row stk-inner-blocks stk-block-content stk-content-align stk-1abb464-column\">\n<div class=\"wp-block-stackable-column stk-block-column stk-column stk-block stk-38a7c84\" data-v=\"4\" data-block-id=\"38a7c84\"><div class=\"stk-column-wrapper stk-block-column__content stk-container stk-38a7c84-container stk--no-background stk--no-padding\"><div class=\"stk-block-content stk-inner-blocks stk-38a7c84-inner-blocks\">\n<div class=\"wp-block-uagb-team uagb-team__image-position-above uagb-team__align-center uagb-team__stack-tablet uagb-block-3cf16ce1\"><div class=\"uagb-team__content\"><img decoding=\"async\" class=\"uagb-team__image-crop-circle\" src=\"https:\/\/digidem-bayern.de\/wp-content\/uploads\/2022\/11\/JRUe_NEU_Quadrat.jpg\" alt=\"\" height=\"120\" width=\"120\" loading=\"lazy\"\/><h3 class=\"uagb-team__title\">Jana R\u00fchl<\/h3><span class=\"uagb-team__prefix\">Wissenschaftliche Mitarbeiterin M.Sc.<\/span><p class=\"uagb-team__desc\">Moderation<\/p><\/div><\/div>\n<\/div><\/div><\/div>\n\n\n\n<div class=\"wp-block-stackable-column stk-block-column stk-column stk-block stk-3aae72b\" data-v=\"4\" data-block-id=\"3aae72b\"><div class=\"stk-column-wrapper stk-block-column__content stk-container stk-3aae72b-container stk--no-background stk--no-padding\"><div class=\"stk-block-content stk-inner-blocks stk-3aae72b-inner-blocks\">\n<div class=\"wp-block-uagb-team uagb-team__image-position-above uagb-team__align-center uagb-team__stack-tablet uagb-block-23a79212\"><div class=\"uagb-team__content\"><img decoding=\"async\" class=\"uagb-team__image-crop-circle\" src=\"https:\/\/digidem-bayern.de\/wp-content\/uploads\/2022\/11\/AKE_NEU_Qudarat.jpg\" alt=\"\" height=\"120\" width=\"120\" loading=\"lazy\"\/><h3 class=\"uagb-team__title\">Anne Keefer<\/h3><span class=\"uagb-team__prefix\">Wissenschaftliche Mitarbeiterin M.Sc.<\/span><p class=\"uagb-team__desc\">Chatroom und Betreuung<\/p><\/div><\/div>\n<\/div><\/div><\/div>\n<\/div><\/div>","protected":false},"excerpt":{"rendered":"<p>Die Palliativversorgung ist eine spezielle Form der medizinischen und pflegerischen Behandlung von Menschen mit einer schweren und unheilbaren Erkrankung. Dabei steht nicht die Heilung, sondern die Linderung von belastenden Beschwerden im Vordergrund. Ziel ist es, den Betroffenen und ihren An- und Zugeh\u00f6rigen eine bestm\u00f6gliche Lebensqualit\u00e4t zu verschaffen. Die palliative Versorgung &hellip;<\/p>","protected":false},"author":12,"featured_media":36447,"comment_status":"open","ping_status":"closed","sticky":false,"template":"","format":"standard","meta":{"qubely_global_settings":"true","qubely_interactions":"","_uag_custom_page_level_css":"","footnotes":""},"categories":[350,96],"tags":[13,12,423,520,14,17,55,765,566,303,1177,1176,1175,73,94],"class_list":["post-36450","post","type-post","status-publish","format-standard","has-post-thumbnail","hentry","category-kommendes-webinar","category-sciene-watch-live","tag-alzheimer","tag-demenz-2","tag-demenzbehandlung","tag-demenzerkrankung","tag-digidem","tag-digidem-bayern","tag-digitales-demenzregister-bayern","tag-fau","tag-menschen-mit-demenz","tag-palliativversorgung","tag-patientenorientiert","tag-prof-ostgathe","tag-schmerzmanagement","tag-universitaetsklinikum-erlangen","tag-webinar"],"qubely_featured_image_url":{"full":["https:\/\/digidem-bayern.de\/wp-content\/uploads\/2024\/08\/shutterstock_Palliativ-Webinar-1012339696.jpg",1000,667,false],"landscape":["https:\/\/digidem-bayern.de\/wp-content\/uploads\/2024\/08\/shutterstock_Palliativ-Webinar-1012339696.jpg",1000,667,false],"portraits":["https:\/\/digidem-bayern.de\/wp-content\/uploads\/2024\/08\/shutterstock_Palliativ-Webinar-1012339696-540x320.jpg",540,320,true],"thumbnail":["https:\/\/digidem-bayern.de\/wp-content\/uploads\/2024\/08\/shutterstock_Palliativ-Webinar-1012339696-80x80.jpg",80,80,true],"medium":["https:\/\/digidem-bayern.de\/wp-content\/uploads\/2024\/08\/shutterstock_Palliativ-Webinar-1012339696-300x200.jpg",300,200,true],"medium_large":["https:\/\/digidem-bayern.de\/wp-content\/uploads\/2024\/08\/shutterstock_Palliativ-Webinar-1012339696-768x512.jpg",768,512,true],"large":["https:\/\/digidem-bayern.de\/wp-content\/uploads\/2024\/08\/shutterstock_Palliativ-Webinar-1012339696.jpg",1000,667,false],"1536x1536":["https:\/\/digidem-bayern.de\/wp-content\/uploads\/2024\/08\/shutterstock_Palliativ-Webinar-1012339696.jpg",1000,667,false],"2048x2048":["https:\/\/digidem-bayern.de\/wp-content\/uploads\/2024\/08\/shutterstock_Palliativ-Webinar-1012339696.jpg",1000,667,false],"trp-custom-language-flag":["https:\/\/digidem-bayern.de\/wp-content\/uploads\/2024\/08\/shutterstock_Palliativ-Webinar-1012339696.jpg",18,12,false],"qubely_landscape":["https:\/\/digidem-bayern.de\/wp-content\/uploads\/2024\/08\/shutterstock_Palliativ-Webinar-1012339696.jpg",1000,667,false],"qubely_portrait":["https:\/\/digidem-bayern.de\/wp-content\/uploads\/2024\/08\/shutterstock_Palliativ-Webinar-1012339696-540x320.jpg",540,320,true],"qubely_thumbnail":["https:\/\/digidem-bayern.de\/wp-content\/uploads\/2024\/08\/shutterstock_Palliativ-Webinar-1012339696-140x100.jpg",140,100,true],"post-thumbnail":["https:\/\/digidem-bayern.de\/wp-content\/uploads\/2024\/08\/shutterstock_Palliativ-Webinar-1012339696-525x350.jpg",525,350,true],"kahuna-featured":["https:\/\/digidem-bayern.de\/wp-content\/uploads\/2024\/08\/shutterstock_Palliativ-Webinar-1012339696-734x350.jpg",734,350,true],"kahuna-featured-lp":["https:\/\/digidem-bayern.de\/wp-content\/uploads\/2024\/08\/shutterstock_Palliativ-Webinar-1012339696-520x350.jpg",520,350,true],"kahuna-featured-half":["https:\/\/digidem-bayern.de\/wp-content\/uploads\/2024\/08\/shutterstock_Palliativ-Webinar-1012339696-800x350.jpg",800,350,true],"kahuna-featured-third":["https:\/\/digidem-bayern.de\/wp-content\/uploads\/2024\/08\/shutterstock_Palliativ-Webinar-1012339696-512x350.jpg",512,350,true],"kahuna-lpbox-1":["https:\/\/digidem-bayern.de\/wp-content\/uploads\/2024\/08\/shutterstock_Palliativ-Webinar-1012339696-520x300.jpg",520,300,true],"kahuna-lpbox-2":["https:\/\/digidem-bayern.de\/wp-content\/uploads\/2024\/08\/shutterstock_Palliativ-Webinar-1012339696-520x350.jpg",520,350,true],"demand-language-flag":["https:\/\/digidem-bayern.de\/wp-content\/uploads\/2024\/08\/shutterstock_Palliativ-Webinar-1012339696-36x36.jpg",36,36,true],"dddkt-language-flag":["https:\/\/digidem-bayern.de\/wp-content\/uploads\/2024\/08\/shutterstock_Palliativ-Webinar-1012339696-36x36.jpg",36,36,true],"ddiqc-language-flag":["https:\/\/digidem-bayern.de\/wp-content\/uploads\/2024\/08\/shutterstock_Palliativ-Webinar-1012339696-36x36.jpg",36,36,true],"ddtl-language-flag":["https:\/\/digidem-bayern.de\/wp-content\/uploads\/2024\/08\/shutterstock_Palliativ-Webinar-1012339696-36x36.jpg",36,36,true],"mailpoet_newsletter_max":["https:\/\/digidem-bayern.de\/wp-content\/uploads\/2024\/08\/shutterstock_Palliativ-Webinar-1012339696.jpg",1000,667,false],"kahuna-lpbox-3":["https:\/\/digidem-bayern.de\/wp-content\/uploads\/2024\/08\/shutterstock_Palliativ-Webinar-1012339696-520x350.jpg",520,350,true],"kahuna-featured-square":["https:\/\/digidem-bayern.de\/wp-content\/uploads\/2024\/08\/shutterstock_Palliativ-Webinar-1012339696-512x512.jpg",512,512,true],"kahuna-featured-square-large":["https:\/\/digidem-bayern.de\/wp-content\/uploads\/2024\/08\/shutterstock_Palliativ-Webinar-1012339696.jpg",1000,667,false]},"qubely_author":{"display_name":"Ilona H\u00f6rath","author_link":"https:\/\/digidem-bayern.de\/en\/author\/hoeratia\/"},"qubely_comment":0,"qubely_category":"<a href=\"https:\/\/digidem-bayern.de\/en\/category\/kommendes-webinar\/\" rel=\"category tag\">Kommendes Webinar<\/a> <a href=\"https:\/\/digidem-bayern.de\/en\/category\/sciene-watch-live\/\" rel=\"category tag\">Sciene Watch Live<\/a>","qubely_excerpt":"Die Palliativversorgung ist eine spezielle Form der medizinischen und pflegerischen Behandlung von Menschen mit einer schweren und unheilbaren Erkrankung. Dabei steht nicht die Heilung, sondern die Linderung von belastenden Beschwerden im Vordergrund. Ziel ist es, den Betroffenen und ihren An- und Zugeh\u00f6rigen eine bestm\u00f6gliche Lebensqualit\u00e4t zu verschaffen. Die palliative Versorgung &hellip;","featured_image_urls_v2":{"full":["https:\/\/digidem-bayern.de\/wp-content\/uploads\/2024\/08\/shutterstock_Palliativ-Webinar-1012339696.jpg",1000,667,false],"thumbnail":["https:\/\/digidem-bayern.de\/wp-content\/uploads\/2024\/08\/shutterstock_Palliativ-Webinar-1012339696-80x80.jpg",80,80,true],"medium":["https:\/\/digidem-bayern.de\/wp-content\/uploads\/2024\/08\/shutterstock_Palliativ-Webinar-1012339696-300x200.jpg",300,200,true],"medium_large":["https:\/\/digidem-bayern.de\/wp-content\/uploads\/2024\/08\/shutterstock_Palliativ-Webinar-1012339696-768x512.jpg",768,512,true],"large":["https:\/\/digidem-bayern.de\/wp-content\/uploads\/2024\/08\/shutterstock_Palliativ-Webinar-1012339696.jpg",1000,667,false],"1536x1536":["https:\/\/digidem-bayern.de\/wp-content\/uploads\/2024\/08\/shutterstock_Palliativ-Webinar-1012339696.jpg",1000,667,false],"2048x2048":["https:\/\/digidem-bayern.de\/wp-content\/uploads\/2024\/08\/shutterstock_Palliativ-Webinar-1012339696.jpg",1000,667,false],"trp-custom-language-flag":["https:\/\/digidem-bayern.de\/wp-content\/uploads\/2024\/08\/shutterstock_Palliativ-Webinar-1012339696.jpg",18,12,false],"qubely_landscape":["https:\/\/digidem-bayern.de\/wp-content\/uploads\/2024\/08\/shutterstock_Palliativ-Webinar-1012339696.jpg",1000,667,false],"qubely_portrait":["https:\/\/digidem-bayern.de\/wp-content\/uploads\/2024\/08\/shutterstock_Palliativ-Webinar-1012339696-540x320.jpg",540,320,true],"qubely_thumbnail":["https:\/\/digidem-bayern.de\/wp-content\/uploads\/2024\/08\/shutterstock_Palliativ-Webinar-1012339696-140x100.jpg",140,100,true],"post-thumbnail":["https:\/\/digidem-bayern.de\/wp-content\/uploads\/2024\/08\/shutterstock_Palliativ-Webinar-1012339696-525x350.jpg",525,350,true],"kahuna-featured":["https:\/\/digidem-bayern.de\/wp-content\/uploads\/2024\/08\/shutterstock_Palliativ-Webinar-1012339696-734x350.jpg",734,350,true],"kahuna-featured-lp":["https:\/\/digidem-bayern.de\/wp-content\/uploads\/2024\/08\/shutterstock_Palliativ-Webinar-1012339696-520x350.jpg",520,350,true],"kahuna-featured-half":["https:\/\/digidem-bayern.de\/wp-content\/uploads\/2024\/08\/shutterstock_Palliativ-Webinar-1012339696-800x350.jpg",800,350,true],"kahuna-featured-third":["https:\/\/digidem-bayern.de\/wp-content\/uploads\/2024\/08\/shutterstock_Palliativ-Webinar-1012339696-512x350.jpg",512,350,true],"kahuna-lpbox-1":["https:\/\/digidem-bayern.de\/wp-content\/uploads\/2024\/08\/shutterstock_Palliativ-Webinar-1012339696-520x300.jpg",520,300,true],"kahuna-lpbox-2":["https:\/\/digidem-bayern.de\/wp-content\/uploads\/2024\/08\/shutterstock_Palliativ-Webinar-1012339696-520x350.jpg",520,350,true],"demand-language-flag":["https:\/\/digidem-bayern.de\/wp-content\/uploads\/2024\/08\/shutterstock_Palliativ-Webinar-1012339696-36x36.jpg",36,36,true],"dddkt-language-flag":["https:\/\/digidem-bayern.de\/wp-content\/uploads\/2024\/08\/shutterstock_Palliativ-Webinar-1012339696-36x36.jpg",36,36,true],"ddiqc-language-flag":["https:\/\/digidem-bayern.de\/wp-content\/uploads\/2024\/08\/shutterstock_Palliativ-Webinar-1012339696-36x36.jpg",36,36,true],"ddtl-language-flag":["https:\/\/digidem-bayern.de\/wp-content\/uploads\/2024\/08\/shutterstock_Palliativ-Webinar-1012339696-36x36.jpg",36,36,true],"mailpoet_newsletter_max":["https:\/\/digidem-bayern.de\/wp-content\/uploads\/2024\/08\/shutterstock_Palliativ-Webinar-1012339696.jpg",1000,667,false],"kahuna-lpbox-3":["https:\/\/digidem-bayern.de\/wp-content\/uploads\/2024\/08\/shutterstock_Palliativ-Webinar-1012339696-520x350.jpg",520,350,true],"kahuna-featured-square":["https:\/\/digidem-bayern.de\/wp-content\/uploads\/2024\/08\/shutterstock_Palliativ-Webinar-1012339696-512x512.jpg",512,512,true],"kahuna-featured-square-large":["https:\/\/digidem-bayern.de\/wp-content\/uploads\/2024\/08\/shutterstock_Palliativ-Webinar-1012339696.jpg",1000,667,false]},"post_excerpt_stackable_v2":"<p>Die Palliativversorgung ist eine spezielle Form der medizinischen und pflegerischen Behandlung von Menschen mit einer schweren und unheilbaren Erkrankung. Dabei steht nicht die Heilung, sondern die Linderung von belastenden Beschwerden im Vordergrund. Ziel ist es, den Betroffenen und ihren An- und Zugeh\u00f6rigen eine bestm\u00f6gliche Lebensqualit\u00e4t zu verschaffen. Die palliative Versorgung von Menschen mit Demenz widmet sich verschiedenen spezifischen Fragestellungen: Ab wann ist eine palliative Versorgung \u00fcberhaupt sinnvoll? Welche Rolle spielen Schmerzmanagement und psychosoziale Unterst\u00fctzung? Oder wie kann man mit Menschen mit fortgeschrittener Demenz \u00fcber ihre W\u00fcnsche und Bed\u00fcrfnisse sprechen? Prof. Dr. med. Christoph Ostgathe leitet die Palliativmedizinische Abteilung des Universit\u00e4tsklinikums&hellip;<\/p>\n","category_list_v2":"<a href=\"https:\/\/digidem-bayern.de\/en\/category\/kommendes-webinar\/\" rel=\"category tag\">Kommendes Webinar<\/a>, <a href=\"https:\/\/digidem-bayern.de\/en\/category\/sciene-watch-live\/\" rel=\"category tag\">Sciene Watch Live<\/a>","author_info_v2":{"name":"Ilona H\u00f6rath","url":"https:\/\/digidem-bayern.de\/en\/author\/hoeratia\/"},"comments_num_v2":"0 comments","yoast_head":"<!-- This site is optimized with the Yoast SEO plugin v27.4 - https:\/\/yoast.com\/product\/yoast-seo-wordpress\/ -->\n<title>Palliativversorgung von Menschen mit Demenz - digiDEM Bayern<\/title>\n<meta name=\"description\" content=\"Im Webinar &quot;digiDEM Bayern Science Watch LIVE&quot; behandeln Wissenschaftler ein Thema aus der Demenzforschung und stehen live f\u00fcr Fragen zur Verf\u00fcgung.\" \/>\n<meta name=\"robots\" content=\"index, follow, max-snippet:-1, max-image-preview:large, max-video-preview:-1\" \/>\n<link rel=\"canonical\" href=\"https:\/\/digidem-bayern.de\/en\/palliativversorgung-bei-menschen-mit-demenz\/\" \/>\n<meta property=\"og:locale\" content=\"en_US\" \/>\n<meta property=\"og:type\" content=\"article\" \/>\n<meta property=\"og:title\" content=\"Palliativversorgung von Menschen mit Demenz - digiDEM Bayern\" \/>\n<meta property=\"og:description\" content=\"Im Webinar &quot;digiDEM Bayern Science Watch LIVE&quot; behandeln Wissenschaftler ein Thema aus der Demenzforschung und stehen live f\u00fcr Fragen zur Verf\u00fcgung.\" \/>\n<meta property=\"og:url\" content=\"https:\/\/digidem-bayern.de\/en\/palliativversorgung-bei-menschen-mit-demenz\/\" \/>\n<meta property=\"og:site_name\" content=\"digiDEM Bayern\" \/>\n<meta property=\"article:publisher\" content=\"https:\/\/www.facebook.com\/digiDEMBayern\/\" \/>\n<meta property=\"article:published_time\" content=\"2024-09-03T08:37:16+00:00\" \/>\n<meta property=\"article:modified_time\" content=\"2025-02-27T16:42:45+00:00\" \/>\n<meta property=\"og:image\" content=\"https:\/\/digidem-bayern.de\/wp-content\/uploads\/2024\/08\/shutterstock_Palliativ-Webinar-1012339696.jpg\" \/>\n\t<meta property=\"og:image:width\" content=\"1000\" \/>\n\t<meta property=\"og:image:height\" content=\"667\" \/>\n\t<meta property=\"og:image:type\" content=\"image\/jpeg\" \/>\n<meta name=\"author\" content=\"Ilona H\u00f6rath\" \/>\n<meta name=\"twitter:label1\" content=\"Written by\" \/>\n\t<meta name=\"twitter:data1\" content=\"Ilona H\u00f6rath\" \/>\n\t<meta name=\"twitter:label2\" content=\"Est. reading time\" \/>\n\t<meta name=\"twitter:data2\" content=\"2 minutes\" \/>\n<script type=\"application\/ld+json\" class=\"yoast-schema-graph\">{\"@context\":\"https:\\\/\\\/schema.org\",\"@graph\":[{\"@type\":\"Article\",\"@id\":\"https:\\\/\\\/digidem-bayern.de\\\/palliativversorgung-bei-menschen-mit-demenz\\\/#article\",\"isPartOf\":{\"@id\":\"https:\\\/\\\/digidem-bayern.de\\\/palliativversorgung-bei-menschen-mit-demenz\\\/\"},\"author\":{\"name\":\"Ilona H\u00f6rath\",\"@id\":\"\\\/#\\\/schema\\\/person\\\/0bc1494f46fc2a051c761322a80e0941\"},\"headline\":\"Palliativversorgung von Menschen mit Demenz\",\"datePublished\":\"2024-09-03T08:37:16+00:00\",\"dateModified\":\"2025-02-27T16:42:45+00:00\",\"mainEntityOfPage\":{\"@id\":\"https:\\\/\\\/digidem-bayern.de\\\/palliativversorgung-bei-menschen-mit-demenz\\\/\"},\"wordCount\":210,\"commentCount\":0,\"publisher\":{\"@id\":\"\\\/#organization\"},\"image\":{\"@id\":\"https:\\\/\\\/digidem-bayern.de\\\/palliativversorgung-bei-menschen-mit-demenz\\\/#primaryimage\"},\"thumbnailUrl\":\"https:\\\/\\\/digidem-bayern.de\\\/wp-content\\\/uploads\\\/2024\\\/08\\\/shutterstock_Palliativ-Webinar-1012339696.jpg\",\"keywords\":[\"Alzheimer\",\"Demenz\",\"Demenzbehandlung\",\"Demenzerkrankung\",\"digidem\",\"digidem Bayern\",\"Digitales Demenzregister Bayern\",\"FAU\",\"Menschen mit Demenz\",\"Palliativversorgung\",\"patientenorientiert\",\"Prof. Ostgathe\",\"Schmerzmanagement\",\"Universit\u00e4tsklinikum Erlangen\",\"Webinar\"],\"articleSection\":[\"Kommendes Webinar\",\"Sciene Watch Live\"],\"inLanguage\":\"en-US\",\"potentialAction\":[{\"@type\":\"CommentAction\",\"name\":\"Comment\",\"target\":[\"https:\\\/\\\/digidem-bayern.de\\\/palliativversorgung-bei-menschen-mit-demenz\\\/#respond\"]}]},{\"@type\":\"WebPage\",\"@id\":\"https:\\\/\\\/digidem-bayern.de\\\/palliativversorgung-bei-menschen-mit-demenz\\\/\",\"url\":\"https:\\\/\\\/digidem-bayern.de\\\/palliativversorgung-bei-menschen-mit-demenz\\\/\",\"name\":\"Palliativversorgung von Menschen mit Demenz - digiDEM Bayern\",\"isPartOf\":{\"@id\":\"\\\/#website\"},\"primaryImageOfPage\":{\"@id\":\"https:\\\/\\\/digidem-bayern.de\\\/palliativversorgung-bei-menschen-mit-demenz\\\/#primaryimage\"},\"image\":{\"@id\":\"https:\\\/\\\/digidem-bayern.de\\\/palliativversorgung-bei-menschen-mit-demenz\\\/#primaryimage\"},\"thumbnailUrl\":\"https:\\\/\\\/digidem-bayern.de\\\/wp-content\\\/uploads\\\/2024\\\/08\\\/shutterstock_Palliativ-Webinar-1012339696.jpg\",\"datePublished\":\"2024-09-03T08:37:16+00:00\",\"dateModified\":\"2025-02-27T16:42:45+00:00\",\"description\":\"Im Webinar \\\"digiDEM Bayern Science Watch LIVE\\\" behandeln Wissenschaftler ein Thema aus der Demenzforschung und stehen live f\u00fcr Fragen zur Verf\u00fcgung.\",\"breadcrumb\":{\"@id\":\"https:\\\/\\\/digidem-bayern.de\\\/palliativversorgung-bei-menschen-mit-demenz\\\/#breadcrumb\"},\"inLanguage\":\"en-US\",\"potentialAction\":[{\"@type\":\"ReadAction\",\"target\":[\"https:\\\/\\\/digidem-bayern.de\\\/palliativversorgung-bei-menschen-mit-demenz\\\/\"]}]},{\"@type\":\"ImageObject\",\"inLanguage\":\"en-US\",\"@id\":\"https:\\\/\\\/digidem-bayern.de\\\/palliativversorgung-bei-menschen-mit-demenz\\\/#primaryimage\",\"url\":\"https:\\\/\\\/digidem-bayern.de\\\/wp-content\\\/uploads\\\/2024\\\/08\\\/shutterstock_Palliativ-Webinar-1012339696.jpg\",\"contentUrl\":\"https:\\\/\\\/digidem-bayern.de\\\/wp-content\\\/uploads\\\/2024\\\/08\\\/shutterstock_Palliativ-Webinar-1012339696.jpg\",\"width\":1000,\"height\":667,\"caption\":\"Foto: Shutterstock\"},{\"@type\":\"BreadcrumbList\",\"@id\":\"https:\\\/\\\/digidem-bayern.de\\\/palliativversorgung-bei-menschen-mit-demenz\\\/#breadcrumb\",\"itemListElement\":[{\"@type\":\"ListItem\",\"position\":1,\"name\":\"Startseite\",\"item\":\"https:\\\/\\\/digidem-bayern.de\\\/\"},{\"@type\":\"ListItem\",\"position\":2,\"name\":\"Palliativversorgung von Menschen mit Demenz\"}]},{\"@type\":\"WebSite\",\"@id\":\"\\\/#website\",\"url\":\"\\\/\",\"name\":\"digiDEM Bayern\",\"description\":\"Das digitale Demenzregister Bayern erforscht und verbessert die Angebotsstuktur f\u00fcr Menschen mit Demenz und deren Angeh\u00f6rige\",\"publisher\":{\"@id\":\"\\\/#organization\"},\"potentialAction\":[{\"@type\":\"SearchAction\",\"target\":{\"@type\":\"EntryPoint\",\"urlTemplate\":\"\\\/?s={search_term_string}\"},\"query-input\":{\"@type\":\"PropertyValueSpecification\",\"valueRequired\":true,\"valueName\":\"search_term_string\"}}],\"inLanguage\":\"en-US\"},{\"@type\":\"Organization\",\"@id\":\"\\\/#organization\",\"name\":\"digiDEM Bayern\",\"url\":\"\\\/\",\"logo\":{\"@type\":\"ImageObject\",\"inLanguage\":\"en-US\",\"@id\":\"\\\/#\\\/schema\\\/logo\\\/image\\\/\",\"url\":\"https:\\\/\\\/digidem-bayern.de\\\/wp-content\\\/uploads\\\/2022\\\/03\\\/cropped-Allgemeines_digiDEMLOGO-removebg-preview.png\",\"contentUrl\":\"https:\\\/\\\/digidem-bayern.de\\\/wp-content\\\/uploads\\\/2022\\\/03\\\/cropped-Allgemeines_digiDEMLOGO-removebg-preview.png\",\"width\":612,\"height\":357,\"caption\":\"digiDEM Bayern\"},\"image\":{\"@id\":\"\\\/#\\\/schema\\\/logo\\\/image\\\/\"},\"sameAs\":[\"https:\\\/\\\/www.facebook.com\\\/digiDEMBayern\\\/\",\"https:\\\/\\\/x.com\\\/digidem_bayern\",\"https:\\\/\\\/www.instagram.com\\\/digidem.bayern\",\"https:\\\/\\\/www.linkedin.com\\\/company\\\/digidem-bayern\\\/\"]},{\"@type\":\"Person\",\"@id\":\"\\\/#\\\/schema\\\/person\\\/0bc1494f46fc2a051c761322a80e0941\",\"name\":\"Ilona H\u00f6rath\",\"url\":\"https:\\\/\\\/digidem-bayern.de\\\/en\\\/author\\\/hoeratia\\\/\"}]}<\/script>\n<!-- \/ Yoast SEO plugin. -->","yoast_head_json":{"title":"Palliativversorgung von Menschen mit Demenz - digiDEM Bayern","description":"Im Webinar \"digiDEM Bayern Science Watch LIVE\" behandeln Wissenschaftler ein Thema aus der Demenzforschung und stehen live f\u00fcr Fragen zur Verf\u00fcgung.","robots":{"index":"index","follow":"follow","max-snippet":"max-snippet:-1","max-image-preview":"max-image-preview:large","max-video-preview":"max-video-preview:-1"},"canonical":"https:\/\/digidem-bayern.de\/en\/palliativversorgung-bei-menschen-mit-demenz\/","og_locale":"en_US","og_type":"article","og_title":"Palliativversorgung von Menschen mit Demenz - digiDEM Bayern","og_description":"Im Webinar \"digiDEM Bayern Science Watch LIVE\" behandeln Wissenschaftler ein Thema aus der Demenzforschung und stehen live f\u00fcr Fragen zur Verf\u00fcgung.","og_url":"https:\/\/digidem-bayern.de\/en\/palliativversorgung-bei-menschen-mit-demenz\/","og_site_name":"digiDEM Bayern","article_publisher":"https:\/\/www.facebook.com\/digiDEMBayern\/","article_published_time":"2024-09-03T08:37:16+00:00","article_modified_time":"2025-02-27T16:42:45+00:00","og_image":[{"width":1000,"height":667,"url":"https:\/\/digidem-bayern.de\/wp-content\/uploads\/2024\/08\/shutterstock_Palliativ-Webinar-1012339696.jpg","type":"image\/jpeg"}],"author":"Ilona H\u00f6rath","twitter_misc":{"Written by":"Ilona H\u00f6rath","Est. reading time":"2 minutes"},"schema":{"@context":"https:\/\/schema.org","@graph":[{"@type":"Article","@id":"https:\/\/digidem-bayern.de\/palliativversorgung-bei-menschen-mit-demenz\/#article","isPartOf":{"@id":"https:\/\/digidem-bayern.de\/palliativversorgung-bei-menschen-mit-demenz\/"},"author":{"name":"Ilona H\u00f6rath","@id":"\/#\/schema\/person\/0bc1494f46fc2a051c761322a80e0941"},"headline":"Palliativversorgung von Menschen mit Demenz","datePublished":"2024-09-03T08:37:16+00:00","dateModified":"2025-02-27T16:42:45+00:00","mainEntityOfPage":{"@id":"https:\/\/digidem-bayern.de\/palliativversorgung-bei-menschen-mit-demenz\/"},"wordCount":210,"commentCount":0,"publisher":{"@id":"\/#organization"},"image":{"@id":"https:\/\/digidem-bayern.de\/palliativversorgung-bei-menschen-mit-demenz\/#primaryimage"},"thumbnailUrl":"https:\/\/digidem-bayern.de\/wp-content\/uploads\/2024\/08\/shutterstock_Palliativ-Webinar-1012339696.jpg","keywords":["Alzheimer","Demenz","Demenzbehandlung","Demenzerkrankung","digidem","digidem Bayern","Digitales Demenzregister Bayern","FAU","Menschen mit Demenz","Palliativversorgung","patientenorientiert","Prof. Ostgathe","Schmerzmanagement","Universit\u00e4tsklinikum Erlangen","Webinar"],"articleSection":["Kommendes Webinar","Sciene Watch Live"],"inLanguage":"en-US","potentialAction":[{"@type":"CommentAction","name":"Comment","target":["https:\/\/digidem-bayern.de\/palliativversorgung-bei-menschen-mit-demenz\/#respond"]}]},{"@type":"WebPage","@id":"https:\/\/digidem-bayern.de\/palliativversorgung-bei-menschen-mit-demenz\/","url":"https:\/\/digidem-bayern.de\/palliativversorgung-bei-menschen-mit-demenz\/","name":"Palliativversorgung von Menschen mit Demenz - digiDEM Bayern","isPartOf":{"@id":"\/#website"},"primaryImageOfPage":{"@id":"https:\/\/digidem-bayern.de\/palliativversorgung-bei-menschen-mit-demenz\/#primaryimage"},"image":{"@id":"https:\/\/digidem-bayern.de\/palliativversorgung-bei-menschen-mit-demenz\/#primaryimage"},"thumbnailUrl":"https:\/\/digidem-bayern.de\/wp-content\/uploads\/2024\/08\/shutterstock_Palliativ-Webinar-1012339696.jpg","datePublished":"2024-09-03T08:37:16+00:00","dateModified":"2025-02-27T16:42:45+00:00","description":"Im Webinar \"digiDEM Bayern Science Watch LIVE\" behandeln Wissenschaftler ein Thema aus der Demenzforschung und stehen live f\u00fcr Fragen zur Verf\u00fcgung.","breadcrumb":{"@id":"https:\/\/digidem-bayern.de\/palliativversorgung-bei-menschen-mit-demenz\/#breadcrumb"},"inLanguage":"en-US","potentialAction":[{"@type":"ReadAction","target":["https:\/\/digidem-bayern.de\/palliativversorgung-bei-menschen-mit-demenz\/"]}]},{"@type":"ImageObject","inLanguage":"en-US","@id":"https:\/\/digidem-bayern.de\/palliativversorgung-bei-menschen-mit-demenz\/#primaryimage","url":"https:\/\/digidem-bayern.de\/wp-content\/uploads\/2024\/08\/shutterstock_Palliativ-Webinar-1012339696.jpg","contentUrl":"https:\/\/digidem-bayern.de\/wp-content\/uploads\/2024\/08\/shutterstock_Palliativ-Webinar-1012339696.jpg","width":1000,"height":667,"caption":"Foto: Shutterstock"},{"@type":"BreadcrumbList","@id":"https:\/\/digidem-bayern.de\/palliativversorgung-bei-menschen-mit-demenz\/#breadcrumb","itemListElement":[{"@type":"ListItem","position":1,"name":"Startseite","item":"https:\/\/digidem-bayern.de\/"},{"@type":"ListItem","position":2,"name":"Palliativversorgung von Menschen mit Demenz"}]},{"@type":"WebSite","@id":"\/#website","url":"\/","name":"digiDEM Bavaria","description":"The digital dementia register in Bavaria researches and improves the structure of services for people with dementia and their relatives","publisher":{"@id":"\/#organization"},"potentialAction":[{"@type":"SearchAction","target":{"@type":"EntryPoint","urlTemplate":"\/?s={search_term_string}"},"query-input":{"@type":"PropertyValueSpecification","valueRequired":true,"valueName":"search_term_string"}}],"inLanguage":"en-US"},{"@type":"Organization","@id":"\/#organization","name":"digiDEM Bavaria","url":"\/","logo":{"@type":"ImageObject","inLanguage":"en-US","@id":"\/#\/schema\/logo\/image\/","url":"https:\/\/digidem-bayern.de\/wp-content\/uploads\/2022\/03\/cropped-Allgemeines_digiDEMLOGO-removebg-preview.png","contentUrl":"https:\/\/digidem-bayern.de\/wp-content\/uploads\/2022\/03\/cropped-Allgemeines_digiDEMLOGO-removebg-preview.png","width":612,"height":357,"caption":"digiDEM Bayern"},"image":{"@id":"\/#\/schema\/logo\/image\/"},"sameAs":["https:\/\/www.facebook.com\/digiDEMBayern\/","https:\/\/x.com\/digidem_bayern","https:\/\/www.instagram.com\/digidem.bayern","https:\/\/www.linkedin.com\/company\/digidem-bayern\/"]},{"@type":"Person","@id":"\/#\/schema\/person\/0bc1494f46fc2a051c761322a80e0941","name":"Ilona H\u00f6rath","url":"https:\/\/digidem-bayern.de\/en\/author\/hoeratia\/"}]}},"uagb_featured_image_src":{"full":["https:\/\/digidem-bayern.de\/wp-content\/uploads\/2024\/08\/shutterstock_Palliativ-Webinar-1012339696.jpg",1000,667,false],"thumbnail":["https:\/\/digidem-bayern.de\/wp-content\/uploads\/2024\/08\/shutterstock_Palliativ-Webinar-1012339696-80x80.jpg",80,80,true],"medium":["https:\/\/digidem-bayern.de\/wp-content\/uploads\/2024\/08\/shutterstock_Palliativ-Webinar-1012339696-300x200.jpg",300,200,true],"medium_large":["https:\/\/digidem-bayern.de\/wp-content\/uploads\/2024\/08\/shutterstock_Palliativ-Webinar-1012339696-768x512.jpg",768,512,true],"large":["https:\/\/digidem-bayern.de\/wp-content\/uploads\/2024\/08\/shutterstock_Palliativ-Webinar-1012339696.jpg",1000,667,false],"1536x1536":["https:\/\/digidem-bayern.de\/wp-content\/uploads\/2024\/08\/shutterstock_Palliativ-Webinar-1012339696.jpg",1000,667,false],"2048x2048":["https:\/\/digidem-bayern.de\/wp-content\/uploads\/2024\/08\/shutterstock_Palliativ-Webinar-1012339696.jpg",1000,667,false],"trp-custom-language-flag":["https:\/\/digidem-bayern.de\/wp-content\/uploads\/2024\/08\/shutterstock_Palliativ-Webinar-1012339696.jpg",18,12,false],"qubely_landscape":["https:\/\/digidem-bayern.de\/wp-content\/uploads\/2024\/08\/shutterstock_Palliativ-Webinar-1012339696.jpg",1000,667,false],"qubely_portrait":["https:\/\/digidem-bayern.de\/wp-content\/uploads\/2024\/08\/shutterstock_Palliativ-Webinar-1012339696-540x320.jpg",540,320,true],"qubely_thumbnail":["https:\/\/digidem-bayern.de\/wp-content\/uploads\/2024\/08\/shutterstock_Palliativ-Webinar-1012339696-140x100.jpg",140,100,true],"post-thumbnail":["https:\/\/digidem-bayern.de\/wp-content\/uploads\/2024\/08\/shutterstock_Palliativ-Webinar-1012339696-525x350.jpg",525,350,true],"kahuna-featured":["https:\/\/digidem-bayern.de\/wp-content\/uploads\/2024\/08\/shutterstock_Palliativ-Webinar-1012339696-734x350.jpg",734,350,true],"kahuna-featured-lp":["https:\/\/digidem-bayern.de\/wp-content\/uploads\/2024\/08\/shutterstock_Palliativ-Webinar-1012339696-520x350.jpg",520,350,true],"kahuna-featured-half":["https:\/\/digidem-bayern.de\/wp-content\/uploads\/2024\/08\/shutterstock_Palliativ-Webinar-1012339696-800x350.jpg",800,350,true],"kahuna-featured-third":["https:\/\/digidem-bayern.de\/wp-content\/uploads\/2024\/08\/shutterstock_Palliativ-Webinar-1012339696-512x350.jpg",512,350,true],"kahuna-lpbox-1":["https:\/\/digidem-bayern.de\/wp-content\/uploads\/2024\/08\/shutterstock_Palliativ-Webinar-1012339696-520x300.jpg",520,300,true],"kahuna-lpbox-2":["https:\/\/digidem-bayern.de\/wp-content\/uploads\/2024\/08\/shutterstock_Palliativ-Webinar-1012339696-520x350.jpg",520,350,true],"demand-language-flag":["https:\/\/digidem-bayern.de\/wp-content\/uploads\/2024\/08\/shutterstock_Palliativ-Webinar-1012339696-36x36.jpg",36,36,true],"dddkt-language-flag":["https:\/\/digidem-bayern.de\/wp-content\/uploads\/2024\/08\/shutterstock_Palliativ-Webinar-1012339696-36x36.jpg",36,36,true],"ddiqc-language-flag":["https:\/\/digidem-bayern.de\/wp-content\/uploads\/2024\/08\/shutterstock_Palliativ-Webinar-1012339696-36x36.jpg",36,36,true],"ddtl-language-flag":["https:\/\/digidem-bayern.de\/wp-content\/uploads\/2024\/08\/shutterstock_Palliativ-Webinar-1012339696-36x36.jpg",36,36,true],"mailpoet_newsletter_max":["https:\/\/digidem-bayern.de\/wp-content\/uploads\/2024\/08\/shutterstock_Palliativ-Webinar-1012339696.jpg",1000,667,false],"kahuna-lpbox-3":["https:\/\/digidem-bayern.de\/wp-content\/uploads\/2024\/08\/shutterstock_Palliativ-Webinar-1012339696-520x350.jpg",520,350,true],"kahuna-featured-square":["https:\/\/digidem-bayern.de\/wp-content\/uploads\/2024\/08\/shutterstock_Palliativ-Webinar-1012339696-512x512.jpg",512,512,true],"kahuna-featured-square-large":["https:\/\/digidem-bayern.de\/wp-content\/uploads\/2024\/08\/shutterstock_Palliativ-Webinar-1012339696.jpg",1000,667,false]},"uagb_author_info":{"display_name":"Ilona H\u00f6rath","author_link":"https:\/\/digidem-bayern.de\/en\/author\/hoeratia\/"},"uagb_comment_info":0,"uagb_excerpt":"Die Palliativversorgung ist eine spezielle Form der medizinischen und pflegerischen Behandlung von Menschen mit einer schweren und unheilbaren Erkrankung. Dabei steht nicht die Heilung, sondern die Linderung von belastenden Beschwerden im Vordergrund. Ziel ist es, den Betroffenen und ihren An- und Zugeh\u00f6rigen eine bestm\u00f6gliche Lebensqualit\u00e4t zu verschaffen. Die palliative Versorgung &hellip;","_links":{"self":[{"href":"https:\/\/digidem-bayern.de\/en\/wp-json\/wp\/v2\/posts\/36450","targetHints":{"allow":["GET"]}}],"collection":[{"href":"https:\/\/digidem-bayern.de\/en\/wp-json\/wp\/v2\/posts"}],"about":[{"href":"https:\/\/digidem-bayern.de\/en\/wp-json\/wp\/v2\/types\/post"}],"author":[{"embeddable":true,"href":"https:\/\/digidem-bayern.de\/en\/wp-json\/wp\/v2\/users\/12"}],"replies":[{"embeddable":true,"href":"https:\/\/digidem-bayern.de\/en\/wp-json\/wp\/v2\/comments?post=36450"}],"version-history":[{"count":4,"href":"https:\/\/digidem-bayern.de\/en\/wp-json\/wp\/v2\/posts\/36450\/revisions"}],"predecessor-version":[{"id":36454,"href":"https:\/\/digidem-bayern.de\/en\/wp-json\/wp\/v2\/posts\/36450\/revisions\/36454"}],"wp:featuredmedia":[{"embeddable":true,"href":"https:\/\/digidem-bayern.de\/en\/wp-json\/wp\/v2\/media\/36447"}],"wp:attachment":[{"href":"https:\/\/digidem-bayern.de\/en\/wp-json\/wp\/v2\/media?parent=36450"}],"wp:term":[{"taxonomy":"category","embeddable":true,"href":"https:\/\/digidem-bayern.de\/en\/wp-json\/wp\/v2\/categories?post=36450"},{"taxonomy":"post_tag","embeddable":true,"href":"https:\/\/digidem-bayern.de\/en\/wp-json\/wp\/v2\/tags?post=36450"}],"curies":[{"name":"wp","href":"https:\/\/api.w.org\/{rel}","templated":true}]}}