{"id":35290,"date":"2024-02-26T09:29:00","date_gmt":"2024-02-26T08:29:00","guid":{"rendered":"https:\/\/digidem-bayern.de\/?p=35290"},"modified":"2024-06-14T09:49:07","modified_gmt":"2024-06-14T07:49:07","slug":"synaesthetisches-empfinden-und-multisensorische-angebote-bei-demenz","status":"publish","type":"post","link":"https:\/\/digidem-bayern.de\/en\/synaesthetisches-empfinden-und-multisensorische-angebote-bei-demenz\/","title":{"rendered":"Syn\u00e4sthetisches Empfinden und multisensorische Angebote bei Demenz"},"content":{"rendered":"<p>W\u00e4rmende Sonnenstrahlen, duftendes Parfum, leises Vogelgezwitscher&nbsp;\u2013 im Alltag werden viele verschiedene Sinne angesprochen. Wenn der Anblick eines Weizenfeldes gleichzeitig den Geschmack von frisch gebackenem Brot hervorruft, vermischen sich verschiedene Sinneseindr\u00fccke und werden zu einer gesamten Wahrnehmung \u2013 man spricht dabei von einer sogenannten \u201aSyn\u00e4sthesie\u2018.<\/p>\n\n\n\n<p>Im Webinar werden die beiden Konzepte \u201aSyn\u00e4sthesie\u2018 und \u201aAtmosph\u00e4re\u2018 sowie deren praktische Bedeutung f\u00fcr die Wahrnehmung und das Erleben bei Menschen mit Demenz vorgestellt. Beide Konzepte wirken einerseits aktivierend auf das sogenannte \u201aLeibged\u00e4chtnis\u2018 \u2013 darunter versteht man das unbewusste Ged\u00e4chtnis wie zum Beispiel die Erinnerung an Gewohnheiten oder Erlebtes. Andererseits tragen \u201aSyn\u00e4sthesie\u2018 und \u201aAtmosph\u00e4re\u2018 ganz zentral dazu bei, Wohlbefinden zu erlangen. Durch syn\u00e4sthetisches und atmosph\u00e4risches Erleben, wie es etwa in der Musiktherapie oder beim multisensorischen \u201aSnoezelen\u2018 hervorgerufen wird, kann f\u00fcr Menschen mit Demenz ein Raum des Wohlbefindens geschaffen werden.<\/p>\n\n\n\n<p>Ragna Winniewski (M.A.) ist wissenschaftliche Mitarbeiterin an der Alanus Hochschule f\u00fcr Kunst und Gesellschaft im Bereich der philosophischen und \u00e4sthetischen Bildung. An der Universit\u00e4t zu K\u00f6ln promoviert sie an der Philosophischen Fakult\u00e4t zum Thema der syn\u00e4sthetischen bzw. multisensoriellen Wahrnehmung und insbesondere dar\u00fcber, wie diese Wahrnehmungsformen im therapeutischen Bereich der Demenz angewandt werden k\u00f6nnen. F\u00fcr Ihre Dissertation erhielt sie 2022 den Preis der \u201aEuropean University for Wellbeing\u2018. Au\u00dferdem ist sie ist Mitbegr\u00fcnderin der Vorlesungsreihe \u201aTransdisziplin\u00e4re Zug\u00e4nge in der Demenz- und Alternsforschung\u2018 der Universit\u00e4t zu K\u00f6ln, welche Vertreter*innen der Theorie und Praxis in den Dialog bringt. Basierend auf eigenen wissenschaftlichen Studien und praktischen Erfahrungen in einer Pflegeeinrichtung geht sie im Webinar auf die Besonderheiten der Wahrnehmung von Menschen mit Demenz ein. Au\u00dferdem stellt sie dar, wie Betroffene zu Entspannung und Wohlbefinden gelangen k\u00f6nnen.<\/p>\n\n\n\n<figure class=\"wp-block-embed is-type-video is-provider-youtube wp-block-embed-youtube wp-embed-aspect-16-9 wp-has-aspect-ratio\"><div class=\"wp-block-embed__wrapper\">\n<iframe loading=\"lazy\" title=\"Webinar: Syn\u00e4sthetisches Empfinden und multisensorische Angebote bei Demenz\" width=\"1223\" height=\"688\" src=\"https:\/\/www.youtube.com\/embed\/XCPqP-HEk7U?feature=oembed\" frameborder=\"0\" allow=\"accelerometer; autoplay; clipboard-write; encrypted-media; gyroscope; picture-in-picture; web-share\" referrerpolicy=\"strict-origin-when-cross-origin\" allowfullscreen><\/iframe>\n<\/div><\/figure>\n\n\n\n<p> <\/p>\n\n\n\n<p class=\"has-text-align-center\"><a href=\"https:\/\/digidem-bayern.de\/wp-content\/uploads\/2024\/06\/2024-02-20_digiDEM-Webinar_Nr54_Copyright.pdf\"><strong>Hier gibt es das Webinar als PDF zum\u00a0Download<\/strong>.<\/a><\/p>\n\n\n\n<p><\/p>\n\n\n\n<p><\/p>\n\n\n\n<div class=\"wp-block-stackable-columns stk-block-columns stk-block stk-1abb464\" data-block-id=\"1abb464\"><div class=\"stk-row stk-inner-blocks stk-block-content stk-content-align stk-1abb464-column\">\n<div class=\"wp-block-stackable-column stk-block-column stk-column stk-block stk-38a7c84\" data-v=\"4\" data-block-id=\"38a7c84\"><div class=\"stk-column-wrapper stk-block-column__content stk-container stk-38a7c84-container stk--no-background stk--no-padding\"><div class=\"stk-block-content stk-inner-blocks stk-38a7c84-inner-blocks\">\n<div class=\"wp-block-uagb-team uagb-team__image-position-above uagb-team__align-center uagb-team__stack-tablet uagb-block-df5b540b\"><div class=\"uagb-team__content\"><img decoding=\"async\" class=\"uagb-team__image-crop-circle\" src=\"https:\/\/digidem-bayern.de\/wp-content\/uploads\/2023\/01\/Bild_Maren_2_Quadrat-2.jpg\" alt=\"Maren Dehler\" height=\"120\" width=\"120\" loading=\"lazy\"\/><h3 class=\"uagb-team__title\">Maren Dehler<\/h3><span class=\"uagb-team__prefix\">Hilfswissenschaftliche Mitarbeiterin B.A.<\/span><p class=\"uagb-team__desc\">Moderation<\/p><\/div><\/div>\n<\/div><\/div><\/div>\n\n\n\n<div class=\"wp-block-stackable-column stk-block-column stk-column stk-block stk-3aae72b\" data-v=\"4\" data-block-id=\"3aae72b\"><div class=\"stk-column-wrapper stk-block-column__content stk-container stk-3aae72b-container stk--no-background stk--no-padding\"><div class=\"stk-block-content stk-inner-blocks stk-3aae72b-inner-blocks\">\n<div class=\"wp-block-uagb-team uagb-team__image-position-above uagb-team__align-center uagb-team__stack-tablet uagb-block-7e64a8eb\"><div class=\"uagb-team__content\"><img decoding=\"async\" class=\"uagb-team__image-crop-circle\" src=\"https:\/\/digidem-bayern.de\/wp-content\/uploads\/2022\/11\/JRUe_NEU_Quadrat.jpg\" alt=\"\" height=\"120\" width=\"120\" loading=\"lazy\"\/><h3 class=\"uagb-team__title\">Jana R\u00fchl<\/h3><span class=\"uagb-team__prefix\">Wissenschaftliche Mitarbeiterin M.Sc. <\/span><p class=\"uagb-team__desc\">Chatroom und Betreuung<\/p><\/div><\/div>\n<\/div><\/div><\/div>\n<\/div><\/div>","protected":false},"excerpt":{"rendered":"<p>W\u00e4rmende Sonnenstrahlen, duftendes Parfum, leises Vogelgezwitscher&nbsp;\u2013 im Alltag werden viele verschiedene Sinne angesprochen. Wenn der Anblick eines Weizenfeldes gleichzeitig den Geschmack von frisch gebackenem Brot hervorruft, vermischen sich verschiedene Sinneseindr\u00fccke und werden zu einer gesamten Wahrnehmung \u2013 man spricht dabei von einer sogenannten \u201aSyn\u00e4sthesie\u2018. Im Webinar werden die beiden Konzepte &hellip;<\/p>","protected":false},"author":7,"featured_media":31871,"comment_status":"open","ping_status":"closed","sticky":false,"template":"","format":"standard","meta":{"qubely_global_settings":"true","qubely_interactions":"","_uag_custom_page_level_css":"","footnotes":""},"categories":[123],"tags":[13,406,913,12,14,55,753,881,531,1100,885,1101,94],"class_list":["post-35290","post","type-post","status-publish","format-standard","has-post-thumbnail","hentry","category-sciene-watch-live-archiv","tag-alzheimer","tag-alzheimer-demenz","tag-bayerische-demenzstrategie","tag-demenz-2","tag-digidem","tag-digitales-demenzregister-bayern","tag-psychosozial","tag-ragna-winniewski","tag-stmgp","tag-synaestesie","tag-synaesthetisches-empfinden","tag-uni-koeln","tag-webinar"],"qubely_featured_image_url":{"full":["https:\/\/digidem-bayern.de\/wp-content\/uploads\/2023\/11\/shutterstock_duft-1889752087.jpg",1600,1065,false],"landscape":["https:\/\/digidem-bayern.de\/wp-content\/uploads\/2023\/11\/shutterstock_duft-1889752087-1200x750.jpg",1200,750,true],"portraits":["https:\/\/digidem-bayern.de\/wp-content\/uploads\/2023\/11\/shutterstock_duft-1889752087-540x320.jpg",540,320,true],"thumbnail":["https:\/\/digidem-bayern.de\/wp-content\/uploads\/2023\/11\/shutterstock_duft-1889752087-80x80.jpg",80,80,true],"medium":["https:\/\/digidem-bayern.de\/wp-content\/uploads\/2023\/11\/shutterstock_duft-1889752087-300x200.jpg",300,200,true],"medium_large":["https:\/\/digidem-bayern.de\/wp-content\/uploads\/2023\/11\/shutterstock_duft-1889752087-768x511.jpg",768,511,true],"large":["https:\/\/digidem-bayern.de\/wp-content\/uploads\/2023\/11\/shutterstock_duft-1889752087-1030x685.jpg",1030,685,true],"1536x1536":["https:\/\/digidem-bayern.de\/wp-content\/uploads\/2023\/11\/shutterstock_duft-1889752087-1536x1022.jpg",1536,1022,true],"2048x2048":["https:\/\/digidem-bayern.de\/wp-content\/uploads\/2023\/11\/shutterstock_duft-1889752087-2048x1363.jpg",2048,1363,true],"trp-custom-language-flag":["https:\/\/digidem-bayern.de\/wp-content\/uploads\/2023\/11\/shutterstock_duft-1889752087.jpg",18,12,false],"qubely_landscape":["https:\/\/digidem-bayern.de\/wp-content\/uploads\/2023\/11\/shutterstock_duft-1889752087-1200x750.jpg",1200,750,true],"qubely_portrait":["https:\/\/digidem-bayern.de\/wp-content\/uploads\/2023\/11\/shutterstock_duft-1889752087-540x320.jpg",540,320,true],"qubely_thumbnail":["https:\/\/digidem-bayern.de\/wp-content\/uploads\/2023\/11\/shutterstock_duft-1889752087-140x100.jpg",140,100,true],"post-thumbnail":["https:\/\/digidem-bayern.de\/wp-content\/uploads\/2023\/11\/shutterstock_duft-1889752087-526x350.jpg",526,350,true],"kahuna-featured":["https:\/\/digidem-bayern.de\/wp-content\/uploads\/2023\/11\/shutterstock_duft-1889752087-734x350.jpg",734,350,true],"kahuna-featured-lp":["https:\/\/digidem-bayern.de\/wp-content\/uploads\/2023\/11\/shutterstock_duft-1889752087-520x350.jpg",520,350,true],"kahuna-featured-half":["https:\/\/digidem-bayern.de\/wp-content\/uploads\/2023\/11\/shutterstock_duft-1889752087-800x350.jpg",800,350,true],"kahuna-featured-third":["https:\/\/digidem-bayern.de\/wp-content\/uploads\/2023\/11\/shutterstock_duft-1889752087-512x350.jpg",512,350,true],"kahuna-lpbox-1":["https:\/\/digidem-bayern.de\/wp-content\/uploads\/2023\/11\/shutterstock_duft-1889752087-520x300.jpg",520,300,true],"kahuna-lpbox-2":["https:\/\/digidem-bayern.de\/wp-content\/uploads\/2023\/11\/shutterstock_duft-1889752087-520x350.jpg",520,350,true],"demand-language-flag":["https:\/\/digidem-bayern.de\/wp-content\/uploads\/2023\/11\/shutterstock_duft-1889752087-36x36.jpg",36,36,true],"dddkt-language-flag":["https:\/\/digidem-bayern.de\/wp-content\/uploads\/2023\/11\/shutterstock_duft-1889752087-36x36.jpg",36,36,true],"ddiqc-language-flag":["https:\/\/digidem-bayern.de\/wp-content\/uploads\/2023\/11\/shutterstock_duft-1889752087-36x36.jpg",36,36,true],"ddtl-language-flag":["https:\/\/digidem-bayern.de\/wp-content\/uploads\/2023\/11\/shutterstock_duft-1889752087-36x36.jpg",36,36,true],"mailpoet_newsletter_max":["https:\/\/digidem-bayern.de\/wp-content\/uploads\/2023\/11\/shutterstock_duft-1889752087-1320x878.jpg",1320,878,true],"kahuna-lpbox-3":["https:\/\/digidem-bayern.de\/wp-content\/uploads\/2023\/11\/shutterstock_duft-1889752087-520x350.jpg",520,350,true],"kahuna-featured-square":["https:\/\/digidem-bayern.de\/wp-content\/uploads\/2023\/11\/shutterstock_duft-1889752087-512x512.jpg",512,512,true],"kahuna-featured-square-large":["https:\/\/digidem-bayern.de\/wp-content\/uploads\/2023\/11\/shutterstock_duft-1889752087-1024x1024.jpg",1024,1024,true]},"qubely_author":{"display_name":"Anne Keefer","author_link":"https:\/\/digidem-bayern.de\/en\/author\/ag-webinar\/"},"qubely_comment":0,"qubely_category":"<a href=\"https:\/\/digidem-bayern.de\/en\/category\/sciene-watch-live-archiv\/\" rel=\"category tag\">Sciene Watch Live ARCHIV<\/a>","qubely_excerpt":"W\u00e4rmende Sonnenstrahlen, duftendes Parfum, leises Vogelgezwitscher&nbsp;\u2013 im Alltag werden viele verschiedene Sinne angesprochen. Wenn der Anblick eines Weizenfeldes gleichzeitig den Geschmack von frisch gebackenem Brot hervorruft, vermischen sich verschiedene Sinneseindr\u00fccke und werden zu einer gesamten Wahrnehmung \u2013 man spricht dabei von einer sogenannten \u201aSyn\u00e4sthesie\u2018. Im Webinar werden die beiden Konzepte &hellip;","featured_image_urls_v2":{"full":["https:\/\/digidem-bayern.de\/wp-content\/uploads\/2023\/11\/shutterstock_duft-1889752087.jpg",1600,1065,false],"thumbnail":["https:\/\/digidem-bayern.de\/wp-content\/uploads\/2023\/11\/shutterstock_duft-1889752087-80x80.jpg",80,80,true],"medium":["https:\/\/digidem-bayern.de\/wp-content\/uploads\/2023\/11\/shutterstock_duft-1889752087-300x200.jpg",300,200,true],"medium_large":["https:\/\/digidem-bayern.de\/wp-content\/uploads\/2023\/11\/shutterstock_duft-1889752087-768x511.jpg",768,511,true],"large":["https:\/\/digidem-bayern.de\/wp-content\/uploads\/2023\/11\/shutterstock_duft-1889752087-1030x685.jpg",1030,685,true],"1536x1536":["https:\/\/digidem-bayern.de\/wp-content\/uploads\/2023\/11\/shutterstock_duft-1889752087-1536x1022.jpg",1536,1022,true],"2048x2048":["https:\/\/digidem-bayern.de\/wp-content\/uploads\/2023\/11\/shutterstock_duft-1889752087-2048x1363.jpg",2048,1363,true],"trp-custom-language-flag":["https:\/\/digidem-bayern.de\/wp-content\/uploads\/2023\/11\/shutterstock_duft-1889752087.jpg",18,12,false],"qubely_landscape":["https:\/\/digidem-bayern.de\/wp-content\/uploads\/2023\/11\/shutterstock_duft-1889752087-1200x750.jpg",1200,750,true],"qubely_portrait":["https:\/\/digidem-bayern.de\/wp-content\/uploads\/2023\/11\/shutterstock_duft-1889752087-540x320.jpg",540,320,true],"qubely_thumbnail":["https:\/\/digidem-bayern.de\/wp-content\/uploads\/2023\/11\/shutterstock_duft-1889752087-140x100.jpg",140,100,true],"post-thumbnail":["https:\/\/digidem-bayern.de\/wp-content\/uploads\/2023\/11\/shutterstock_duft-1889752087-526x350.jpg",526,350,true],"kahuna-featured":["https:\/\/digidem-bayern.de\/wp-content\/uploads\/2023\/11\/shutterstock_duft-1889752087-734x350.jpg",734,350,true],"kahuna-featured-lp":["https:\/\/digidem-bayern.de\/wp-content\/uploads\/2023\/11\/shutterstock_duft-1889752087-520x350.jpg",520,350,true],"kahuna-featured-half":["https:\/\/digidem-bayern.de\/wp-content\/uploads\/2023\/11\/shutterstock_duft-1889752087-800x350.jpg",800,350,true],"kahuna-featured-third":["https:\/\/digidem-bayern.de\/wp-content\/uploads\/2023\/11\/shutterstock_duft-1889752087-512x350.jpg",512,350,true],"kahuna-lpbox-1":["https:\/\/digidem-bayern.de\/wp-content\/uploads\/2023\/11\/shutterstock_duft-1889752087-520x300.jpg",520,300,true],"kahuna-lpbox-2":["https:\/\/digidem-bayern.de\/wp-content\/uploads\/2023\/11\/shutterstock_duft-1889752087-520x350.jpg",520,350,true],"demand-language-flag":["https:\/\/digidem-bayern.de\/wp-content\/uploads\/2023\/11\/shutterstock_duft-1889752087-36x36.jpg",36,36,true],"dddkt-language-flag":["https:\/\/digidem-bayern.de\/wp-content\/uploads\/2023\/11\/shutterstock_duft-1889752087-36x36.jpg",36,36,true],"ddiqc-language-flag":["https:\/\/digidem-bayern.de\/wp-content\/uploads\/2023\/11\/shutterstock_duft-1889752087-36x36.jpg",36,36,true],"ddtl-language-flag":["https:\/\/digidem-bayern.de\/wp-content\/uploads\/2023\/11\/shutterstock_duft-1889752087-36x36.jpg",36,36,true],"mailpoet_newsletter_max":["https:\/\/digidem-bayern.de\/wp-content\/uploads\/2023\/11\/shutterstock_duft-1889752087-1320x878.jpg",1320,878,true],"kahuna-lpbox-3":["https:\/\/digidem-bayern.de\/wp-content\/uploads\/2023\/11\/shutterstock_duft-1889752087-520x350.jpg",520,350,true],"kahuna-featured-square":["https:\/\/digidem-bayern.de\/wp-content\/uploads\/2023\/11\/shutterstock_duft-1889752087-512x512.jpg",512,512,true],"kahuna-featured-square-large":["https:\/\/digidem-bayern.de\/wp-content\/uploads\/2023\/11\/shutterstock_duft-1889752087-1024x1024.jpg",1024,1024,true]},"post_excerpt_stackable_v2":"<p>W\u00e4rmende Sonnenstrahlen, duftendes Parfum, leises Vogelgezwitscher&nbsp;\u2013 im Alltag werden viele verschiedene Sinne angesprochen. Wenn der Anblick eines Weizenfeldes gleichzeitig den Geschmack von frisch gebackenem Brot hervorruft, vermischen sich verschiedene Sinneseindr\u00fccke und werden zu einer gesamten Wahrnehmung \u2013 man spricht dabei von einer sogenannten \u201aSyn\u00e4sthesie\u2018. Im Webinar werden die beiden Konzepte \u201aSyn\u00e4sthesie\u2018 und \u201aAtmosph\u00e4re\u2018 sowie deren praktische Bedeutung f\u00fcr die Wahrnehmung und das Erleben bei Menschen mit Demenz vorgestellt. Beide Konzepte wirken einerseits aktivierend auf das sogenannte \u201aLeibged\u00e4chtnis\u2018 \u2013 darunter versteht man das unbewusste Ged\u00e4chtnis wie zum Beispiel die Erinnerung an Gewohnheiten oder Erlebtes. Andererseits tragen \u201aSyn\u00e4sthesie\u2018 und \u201aAtmosph\u00e4re\u2018 ganz zentral&hellip;<\/p>\n","category_list_v2":"<a href=\"https:\/\/digidem-bayern.de\/en\/category\/sciene-watch-live-archiv\/\" rel=\"category tag\">Sciene Watch Live ARCHIV<\/a>","author_info_v2":{"name":"Anne Keefer","url":"https:\/\/digidem-bayern.de\/en\/author\/ag-webinar\/"},"comments_num_v2":"0 comments","yoast_head":"<!-- This site is optimized with the Yoast SEO plugin v27.5 - https:\/\/yoast.com\/product\/yoast-seo-wordpress\/ -->\n<title>Syn\u00e4sthetisches Empfinden und multisensorische Angebote bei Demenz - digiDEM Bayern<\/title>\n<meta name=\"description\" content=\"Im Webinar &quot;digiDEM Bayern Science Watch LIVE&quot; behandeln Wissenschaftler ein Thema aus der Demenzforschung und stehen live f\u00fcr Fragen zur Verf\u00fcgung.\" \/>\n<meta name=\"robots\" content=\"index, follow, max-snippet:-1, max-image-preview:large, max-video-preview:-1\" \/>\n<link rel=\"canonical\" href=\"https:\/\/digidem-bayern.de\/en\/synaesthetisches-empfinden-und-multisensorische-angebote-bei-demenz\/\" \/>\n<meta property=\"og:locale\" content=\"en_US\" \/>\n<meta property=\"og:type\" content=\"article\" \/>\n<meta property=\"og:title\" content=\"Syn\u00e4sthetisches Empfinden und multisensorische Angebote bei Demenz - digiDEM Bayern\" \/>\n<meta property=\"og:description\" content=\"Im Webinar &quot;digiDEM Bayern Science Watch LIVE&quot; behandeln Wissenschaftler ein Thema aus der Demenzforschung und stehen live f\u00fcr Fragen zur Verf\u00fcgung.\" \/>\n<meta property=\"og:url\" content=\"https:\/\/digidem-bayern.de\/en\/synaesthetisches-empfinden-und-multisensorische-angebote-bei-demenz\/\" \/>\n<meta property=\"og:site_name\" content=\"digiDEM Bayern\" \/>\n<meta property=\"article:publisher\" content=\"https:\/\/www.facebook.com\/digiDEMBayern\/\" \/>\n<meta property=\"article:published_time\" content=\"2024-02-26T08:29:00+00:00\" \/>\n<meta property=\"article:modified_time\" content=\"2024-06-14T07:49:07+00:00\" \/>\n<meta property=\"og:image\" content=\"https:\/\/digidem-bayern.de\/wp-content\/uploads\/2023\/11\/shutterstock_duft-1889752087-1030x685.jpg\" \/>\n\t<meta property=\"og:image:width\" content=\"1030\" \/>\n\t<meta property=\"og:image:height\" content=\"685\" \/>\n\t<meta property=\"og:image:type\" content=\"image\/jpeg\" \/>\n<meta name=\"author\" content=\"Anne Keefer\" \/>\n<meta name=\"twitter:label1\" content=\"Written by\" \/>\n\t<meta name=\"twitter:data1\" content=\"Anne Keefer\" \/>\n\t<meta name=\"twitter:label2\" content=\"Est. reading time\" \/>\n\t<meta name=\"twitter:data2\" content=\"2 minutes\" \/>\n<script type=\"application\/ld+json\" class=\"yoast-schema-graph\">{\"@context\":\"https:\\\/\\\/schema.org\",\"@graph\":[{\"@type\":\"Article\",\"@id\":\"https:\\\/\\\/digidem-bayern.de\\\/synaesthetisches-empfinden-und-multisensorische-angebote-bei-demenz\\\/#article\",\"isPartOf\":{\"@id\":\"https:\\\/\\\/digidem-bayern.de\\\/synaesthetisches-empfinden-und-multisensorische-angebote-bei-demenz\\\/\"},\"author\":{\"name\":\"Anne Keefer\",\"@id\":\"\\\/#\\\/schema\\\/person\\\/0e8781e0653d1a8e57ca55bd2c3cb01f\"},\"headline\":\"Syn\u00e4sthetisches Empfinden und multisensorische Angebote bei Demenz\",\"datePublished\":\"2024-02-26T08:29:00+00:00\",\"dateModified\":\"2024-06-14T07:49:07+00:00\",\"mainEntityOfPage\":{\"@id\":\"https:\\\/\\\/digidem-bayern.de\\\/synaesthetisches-empfinden-und-multisensorische-angebote-bei-demenz\\\/\"},\"wordCount\":332,\"commentCount\":0,\"publisher\":{\"@id\":\"\\\/#organization\"},\"image\":{\"@id\":\"https:\\\/\\\/digidem-bayern.de\\\/synaesthetisches-empfinden-und-multisensorische-angebote-bei-demenz\\\/#primaryimage\"},\"thumbnailUrl\":\"https:\\\/\\\/digidem-bayern.de\\\/wp-content\\\/uploads\\\/2023\\\/11\\\/shutterstock_duft-1889752087.jpg\",\"keywords\":[\"Alzheimer\",\"Alzheimer-Demenz\",\"Bayerische Demenzstrategie\",\"Demenz\",\"digidem\",\"Digitales Demenzregister Bayern\",\"psychosozial\",\"Ragna Winniewski\",\"StMGP\",\"Syn\u00e4stesie\",\"syn\u00e4sthetisches Empfinden\",\"Uni K\u00f6ln\",\"Webinar\"],\"articleSection\":[\"Sciene Watch Live ARCHIV\"],\"inLanguage\":\"en-US\",\"potentialAction\":[{\"@type\":\"CommentAction\",\"name\":\"Comment\",\"target\":[\"https:\\\/\\\/digidem-bayern.de\\\/synaesthetisches-empfinden-und-multisensorische-angebote-bei-demenz\\\/#respond\"]}]},{\"@type\":\"WebPage\",\"@id\":\"https:\\\/\\\/digidem-bayern.de\\\/synaesthetisches-empfinden-und-multisensorische-angebote-bei-demenz\\\/\",\"url\":\"https:\\\/\\\/digidem-bayern.de\\\/synaesthetisches-empfinden-und-multisensorische-angebote-bei-demenz\\\/\",\"name\":\"Syn\u00e4sthetisches Empfinden und multisensorische Angebote bei Demenz - digiDEM Bayern\",\"isPartOf\":{\"@id\":\"\\\/#website\"},\"primaryImageOfPage\":{\"@id\":\"https:\\\/\\\/digidem-bayern.de\\\/synaesthetisches-empfinden-und-multisensorische-angebote-bei-demenz\\\/#primaryimage\"},\"image\":{\"@id\":\"https:\\\/\\\/digidem-bayern.de\\\/synaesthetisches-empfinden-und-multisensorische-angebote-bei-demenz\\\/#primaryimage\"},\"thumbnailUrl\":\"https:\\\/\\\/digidem-bayern.de\\\/wp-content\\\/uploads\\\/2023\\\/11\\\/shutterstock_duft-1889752087.jpg\",\"datePublished\":\"2024-02-26T08:29:00+00:00\",\"dateModified\":\"2024-06-14T07:49:07+00:00\",\"description\":\"Im Webinar \\\"digiDEM Bayern Science Watch LIVE\\\" behandeln Wissenschaftler ein Thema aus der Demenzforschung und stehen live f\u00fcr Fragen zur Verf\u00fcgung.\",\"breadcrumb\":{\"@id\":\"https:\\\/\\\/digidem-bayern.de\\\/synaesthetisches-empfinden-und-multisensorische-angebote-bei-demenz\\\/#breadcrumb\"},\"inLanguage\":\"en-US\",\"potentialAction\":[{\"@type\":\"ReadAction\",\"target\":[\"https:\\\/\\\/digidem-bayern.de\\\/synaesthetisches-empfinden-und-multisensorische-angebote-bei-demenz\\\/\"]}]},{\"@type\":\"ImageObject\",\"inLanguage\":\"en-US\",\"@id\":\"https:\\\/\\\/digidem-bayern.de\\\/synaesthetisches-empfinden-und-multisensorische-angebote-bei-demenz\\\/#primaryimage\",\"url\":\"https:\\\/\\\/digidem-bayern.de\\\/wp-content\\\/uploads\\\/2023\\\/11\\\/shutterstock_duft-1889752087.jpg\",\"contentUrl\":\"https:\\\/\\\/digidem-bayern.de\\\/wp-content\\\/uploads\\\/2023\\\/11\\\/shutterstock_duft-1889752087.jpg\",\"width\":1600,\"height\":1065,\"caption\":\"Foto: Shutterstock\"},{\"@type\":\"BreadcrumbList\",\"@id\":\"https:\\\/\\\/digidem-bayern.de\\\/synaesthetisches-empfinden-und-multisensorische-angebote-bei-demenz\\\/#breadcrumb\",\"itemListElement\":[{\"@type\":\"ListItem\",\"position\":1,\"name\":\"Startseite\",\"item\":\"https:\\\/\\\/digidem-bayern.de\\\/\"},{\"@type\":\"ListItem\",\"position\":2,\"name\":\"Syn\u00e4sthetisches Empfinden und multisensorische Angebote bei Demenz\"}]},{\"@type\":\"WebSite\",\"@id\":\"\\\/#website\",\"url\":\"\\\/\",\"name\":\"digiDEM Bayern\",\"description\":\"Das digitale Demenzregister Bayern erforscht und verbessert die Angebotsstuktur f\u00fcr Menschen mit Demenz und deren Angeh\u00f6rige\",\"publisher\":{\"@id\":\"\\\/#organization\"},\"potentialAction\":[{\"@type\":\"SearchAction\",\"target\":{\"@type\":\"EntryPoint\",\"urlTemplate\":\"\\\/?s={search_term_string}\"},\"query-input\":{\"@type\":\"PropertyValueSpecification\",\"valueRequired\":true,\"valueName\":\"search_term_string\"}}],\"inLanguage\":\"en-US\"},{\"@type\":\"Organization\",\"@id\":\"\\\/#organization\",\"name\":\"digiDEM Bayern\",\"url\":\"\\\/\",\"logo\":{\"@type\":\"ImageObject\",\"inLanguage\":\"en-US\",\"@id\":\"\\\/#\\\/schema\\\/logo\\\/image\\\/\",\"url\":\"https:\\\/\\\/digidem-bayern.de\\\/wp-content\\\/uploads\\\/2022\\\/03\\\/cropped-Allgemeines_digiDEMLOGO-removebg-preview.png\",\"contentUrl\":\"https:\\\/\\\/digidem-bayern.de\\\/wp-content\\\/uploads\\\/2022\\\/03\\\/cropped-Allgemeines_digiDEMLOGO-removebg-preview.png\",\"width\":612,\"height\":357,\"caption\":\"digiDEM Bayern\"},\"image\":{\"@id\":\"\\\/#\\\/schema\\\/logo\\\/image\\\/\"},\"sameAs\":[\"https:\\\/\\\/www.facebook.com\\\/digiDEMBayern\\\/\",\"https:\\\/\\\/x.com\\\/digidem_bayern\",\"https:\\\/\\\/www.instagram.com\\\/digidem.bayern\",\"https:\\\/\\\/www.linkedin.com\\\/company\\\/digidem-bayern\\\/\"]},{\"@type\":\"Person\",\"@id\":\"\\\/#\\\/schema\\\/person\\\/0e8781e0653d1a8e57ca55bd2c3cb01f\",\"name\":\"Anne Keefer\",\"url\":\"https:\\\/\\\/digidem-bayern.de\\\/en\\\/author\\\/ag-webinar\\\/\"}]}<\/script>\n<!-- \/ Yoast SEO plugin. -->","yoast_head_json":{"title":"Syn\u00e4sthetisches Empfinden und multisensorische Angebote bei Demenz - digiDEM Bayern","description":"Im Webinar \"digiDEM Bayern Science Watch LIVE\" behandeln Wissenschaftler ein Thema aus der Demenzforschung und stehen live f\u00fcr Fragen zur Verf\u00fcgung.","robots":{"index":"index","follow":"follow","max-snippet":"max-snippet:-1","max-image-preview":"max-image-preview:large","max-video-preview":"max-video-preview:-1"},"canonical":"https:\/\/digidem-bayern.de\/en\/synaesthetisches-empfinden-und-multisensorische-angebote-bei-demenz\/","og_locale":"en_US","og_type":"article","og_title":"Syn\u00e4sthetisches Empfinden und multisensorische Angebote bei Demenz - digiDEM Bayern","og_description":"Im Webinar \"digiDEM Bayern Science Watch LIVE\" behandeln Wissenschaftler ein Thema aus der Demenzforschung und stehen live f\u00fcr Fragen zur Verf\u00fcgung.","og_url":"https:\/\/digidem-bayern.de\/en\/synaesthetisches-empfinden-und-multisensorische-angebote-bei-demenz\/","og_site_name":"digiDEM Bayern","article_publisher":"https:\/\/www.facebook.com\/digiDEMBayern\/","article_published_time":"2024-02-26T08:29:00+00:00","article_modified_time":"2024-06-14T07:49:07+00:00","og_image":[{"width":1030,"height":685,"url":"https:\/\/digidem-bayern.de\/wp-content\/uploads\/2023\/11\/shutterstock_duft-1889752087-1030x685.jpg","type":"image\/jpeg"}],"author":"Anne Keefer","twitter_misc":{"Written by":"Anne Keefer","Est. reading time":"2 minutes"},"schema":{"@context":"https:\/\/schema.org","@graph":[{"@type":"Article","@id":"https:\/\/digidem-bayern.de\/synaesthetisches-empfinden-und-multisensorische-angebote-bei-demenz\/#article","isPartOf":{"@id":"https:\/\/digidem-bayern.de\/synaesthetisches-empfinden-und-multisensorische-angebote-bei-demenz\/"},"author":{"name":"Anne Keefer","@id":"\/#\/schema\/person\/0e8781e0653d1a8e57ca55bd2c3cb01f"},"headline":"Syn\u00e4sthetisches Empfinden und multisensorische Angebote bei Demenz","datePublished":"2024-02-26T08:29:00+00:00","dateModified":"2024-06-14T07:49:07+00:00","mainEntityOfPage":{"@id":"https:\/\/digidem-bayern.de\/synaesthetisches-empfinden-und-multisensorische-angebote-bei-demenz\/"},"wordCount":332,"commentCount":0,"publisher":{"@id":"\/#organization"},"image":{"@id":"https:\/\/digidem-bayern.de\/synaesthetisches-empfinden-und-multisensorische-angebote-bei-demenz\/#primaryimage"},"thumbnailUrl":"https:\/\/digidem-bayern.de\/wp-content\/uploads\/2023\/11\/shutterstock_duft-1889752087.jpg","keywords":["Alzheimer","Alzheimer-Demenz","Bayerische Demenzstrategie","Demenz","digidem","Digitales Demenzregister Bayern","psychosozial","Ragna Winniewski","StMGP","Syn\u00e4stesie","syn\u00e4sthetisches Empfinden","Uni K\u00f6ln","Webinar"],"articleSection":["Sciene Watch Live ARCHIV"],"inLanguage":"en-US","potentialAction":[{"@type":"CommentAction","name":"Comment","target":["https:\/\/digidem-bayern.de\/synaesthetisches-empfinden-und-multisensorische-angebote-bei-demenz\/#respond"]}]},{"@type":"WebPage","@id":"https:\/\/digidem-bayern.de\/synaesthetisches-empfinden-und-multisensorische-angebote-bei-demenz\/","url":"https:\/\/digidem-bayern.de\/synaesthetisches-empfinden-und-multisensorische-angebote-bei-demenz\/","name":"Syn\u00e4sthetisches Empfinden und multisensorische Angebote bei Demenz - digiDEM Bayern","isPartOf":{"@id":"\/#website"},"primaryImageOfPage":{"@id":"https:\/\/digidem-bayern.de\/synaesthetisches-empfinden-und-multisensorische-angebote-bei-demenz\/#primaryimage"},"image":{"@id":"https:\/\/digidem-bayern.de\/synaesthetisches-empfinden-und-multisensorische-angebote-bei-demenz\/#primaryimage"},"thumbnailUrl":"https:\/\/digidem-bayern.de\/wp-content\/uploads\/2023\/11\/shutterstock_duft-1889752087.jpg","datePublished":"2024-02-26T08:29:00+00:00","dateModified":"2024-06-14T07:49:07+00:00","description":"Im Webinar \"digiDEM Bayern Science Watch LIVE\" behandeln Wissenschaftler ein Thema aus der Demenzforschung und stehen live f\u00fcr Fragen zur Verf\u00fcgung.","breadcrumb":{"@id":"https:\/\/digidem-bayern.de\/synaesthetisches-empfinden-und-multisensorische-angebote-bei-demenz\/#breadcrumb"},"inLanguage":"en-US","potentialAction":[{"@type":"ReadAction","target":["https:\/\/digidem-bayern.de\/synaesthetisches-empfinden-und-multisensorische-angebote-bei-demenz\/"]}]},{"@type":"ImageObject","inLanguage":"en-US","@id":"https:\/\/digidem-bayern.de\/synaesthetisches-empfinden-und-multisensorische-angebote-bei-demenz\/#primaryimage","url":"https:\/\/digidem-bayern.de\/wp-content\/uploads\/2023\/11\/shutterstock_duft-1889752087.jpg","contentUrl":"https:\/\/digidem-bayern.de\/wp-content\/uploads\/2023\/11\/shutterstock_duft-1889752087.jpg","width":1600,"height":1065,"caption":"Foto: Shutterstock"},{"@type":"BreadcrumbList","@id":"https:\/\/digidem-bayern.de\/synaesthetisches-empfinden-und-multisensorische-angebote-bei-demenz\/#breadcrumb","itemListElement":[{"@type":"ListItem","position":1,"name":"Startseite","item":"https:\/\/digidem-bayern.de\/"},{"@type":"ListItem","position":2,"name":"Syn\u00e4sthetisches Empfinden und multisensorische Angebote bei Demenz"}]},{"@type":"WebSite","@id":"\/#website","url":"\/","name":"digiDEM Bavaria","description":"The digital dementia register in Bavaria researches and improves the structure of services for people with dementia and their relatives","publisher":{"@id":"\/#organization"},"potentialAction":[{"@type":"SearchAction","target":{"@type":"EntryPoint","urlTemplate":"\/?s={search_term_string}"},"query-input":{"@type":"PropertyValueSpecification","valueRequired":true,"valueName":"search_term_string"}}],"inLanguage":"en-US"},{"@type":"Organization","@id":"\/#organization","name":"digiDEM Bavaria","url":"\/","logo":{"@type":"ImageObject","inLanguage":"en-US","@id":"\/#\/schema\/logo\/image\/","url":"https:\/\/digidem-bayern.de\/wp-content\/uploads\/2022\/03\/cropped-Allgemeines_digiDEMLOGO-removebg-preview.png","contentUrl":"https:\/\/digidem-bayern.de\/wp-content\/uploads\/2022\/03\/cropped-Allgemeines_digiDEMLOGO-removebg-preview.png","width":612,"height":357,"caption":"digiDEM Bayern"},"image":{"@id":"\/#\/schema\/logo\/image\/"},"sameAs":["https:\/\/www.facebook.com\/digiDEMBayern\/","https:\/\/x.com\/digidem_bayern","https:\/\/www.instagram.com\/digidem.bayern","https:\/\/www.linkedin.com\/company\/digidem-bayern\/"]},{"@type":"Person","@id":"\/#\/schema\/person\/0e8781e0653d1a8e57ca55bd2c3cb01f","name":"Anne Keefer","url":"https:\/\/digidem-bayern.de\/en\/author\/ag-webinar\/"}]}},"uagb_featured_image_src":{"full":["https:\/\/digidem-bayern.de\/wp-content\/uploads\/2023\/11\/shutterstock_duft-1889752087.jpg",1600,1065,false],"thumbnail":["https:\/\/digidem-bayern.de\/wp-content\/uploads\/2023\/11\/shutterstock_duft-1889752087-80x80.jpg",80,80,true],"medium":["https:\/\/digidem-bayern.de\/wp-content\/uploads\/2023\/11\/shutterstock_duft-1889752087-300x200.jpg",300,200,true],"medium_large":["https:\/\/digidem-bayern.de\/wp-content\/uploads\/2023\/11\/shutterstock_duft-1889752087-768x511.jpg",768,511,true],"large":["https:\/\/digidem-bayern.de\/wp-content\/uploads\/2023\/11\/shutterstock_duft-1889752087-1030x685.jpg",1030,685,true],"1536x1536":["https:\/\/digidem-bayern.de\/wp-content\/uploads\/2023\/11\/shutterstock_duft-1889752087-1536x1022.jpg",1536,1022,true],"2048x2048":["https:\/\/digidem-bayern.de\/wp-content\/uploads\/2023\/11\/shutterstock_duft-1889752087-2048x1363.jpg",2048,1363,true],"trp-custom-language-flag":["https:\/\/digidem-bayern.de\/wp-content\/uploads\/2023\/11\/shutterstock_duft-1889752087.jpg",18,12,false],"qubely_landscape":["https:\/\/digidem-bayern.de\/wp-content\/uploads\/2023\/11\/shutterstock_duft-1889752087-1200x750.jpg",1200,750,true],"qubely_portrait":["https:\/\/digidem-bayern.de\/wp-content\/uploads\/2023\/11\/shutterstock_duft-1889752087-540x320.jpg",540,320,true],"qubely_thumbnail":["https:\/\/digidem-bayern.de\/wp-content\/uploads\/2023\/11\/shutterstock_duft-1889752087-140x100.jpg",140,100,true],"post-thumbnail":["https:\/\/digidem-bayern.de\/wp-content\/uploads\/2023\/11\/shutterstock_duft-1889752087-526x350.jpg",526,350,true],"kahuna-featured":["https:\/\/digidem-bayern.de\/wp-content\/uploads\/2023\/11\/shutterstock_duft-1889752087-734x350.jpg",734,350,true],"kahuna-featured-lp":["https:\/\/digidem-bayern.de\/wp-content\/uploads\/2023\/11\/shutterstock_duft-1889752087-520x350.jpg",520,350,true],"kahuna-featured-half":["https:\/\/digidem-bayern.de\/wp-content\/uploads\/2023\/11\/shutterstock_duft-1889752087-800x350.jpg",800,350,true],"kahuna-featured-third":["https:\/\/digidem-bayern.de\/wp-content\/uploads\/2023\/11\/shutterstock_duft-1889752087-512x350.jpg",512,350,true],"kahuna-lpbox-1":["https:\/\/digidem-bayern.de\/wp-content\/uploads\/2023\/11\/shutterstock_duft-1889752087-520x300.jpg",520,300,true],"kahuna-lpbox-2":["https:\/\/digidem-bayern.de\/wp-content\/uploads\/2023\/11\/shutterstock_duft-1889752087-520x350.jpg",520,350,true],"demand-language-flag":["https:\/\/digidem-bayern.de\/wp-content\/uploads\/2023\/11\/shutterstock_duft-1889752087-36x36.jpg",36,36,true],"dddkt-language-flag":["https:\/\/digidem-bayern.de\/wp-content\/uploads\/2023\/11\/shutterstock_duft-1889752087-36x36.jpg",36,36,true],"ddiqc-language-flag":["https:\/\/digidem-bayern.de\/wp-content\/uploads\/2023\/11\/shutterstock_duft-1889752087-36x36.jpg",36,36,true],"ddtl-language-flag":["https:\/\/digidem-bayern.de\/wp-content\/uploads\/2023\/11\/shutterstock_duft-1889752087-36x36.jpg",36,36,true],"mailpoet_newsletter_max":["https:\/\/digidem-bayern.de\/wp-content\/uploads\/2023\/11\/shutterstock_duft-1889752087-1320x878.jpg",1320,878,true],"kahuna-lpbox-3":["https:\/\/digidem-bayern.de\/wp-content\/uploads\/2023\/11\/shutterstock_duft-1889752087-520x350.jpg",520,350,true],"kahuna-featured-square":["https:\/\/digidem-bayern.de\/wp-content\/uploads\/2023\/11\/shutterstock_duft-1889752087-512x512.jpg",512,512,true],"kahuna-featured-square-large":["https:\/\/digidem-bayern.de\/wp-content\/uploads\/2023\/11\/shutterstock_duft-1889752087-1024x1024.jpg",1024,1024,true]},"uagb_author_info":{"display_name":"Anne Keefer","author_link":"https:\/\/digidem-bayern.de\/en\/author\/ag-webinar\/"},"uagb_comment_info":0,"uagb_excerpt":"W\u00e4rmende Sonnenstrahlen, duftendes Parfum, leises Vogelgezwitscher&nbsp;\u2013 im Alltag werden viele verschiedene Sinne angesprochen. Wenn der Anblick eines Weizenfeldes gleichzeitig den Geschmack von frisch gebackenem Brot hervorruft, vermischen sich verschiedene Sinneseindr\u00fccke und werden zu einer gesamten Wahrnehmung \u2013 man spricht dabei von einer sogenannten \u201aSyn\u00e4sthesie\u2018. Im Webinar werden die beiden Konzepte &hellip;","_links":{"self":[{"href":"https:\/\/digidem-bayern.de\/en\/wp-json\/wp\/v2\/posts\/35290","targetHints":{"allow":["GET"]}}],"collection":[{"href":"https:\/\/digidem-bayern.de\/en\/wp-json\/wp\/v2\/posts"}],"about":[{"href":"https:\/\/digidem-bayern.de\/en\/wp-json\/wp\/v2\/types\/post"}],"author":[{"embeddable":true,"href":"https:\/\/digidem-bayern.de\/en\/wp-json\/wp\/v2\/users\/7"}],"replies":[{"embeddable":true,"href":"https:\/\/digidem-bayern.de\/en\/wp-json\/wp\/v2\/comments?post=35290"}],"version-history":[{"count":2,"href":"https:\/\/digidem-bayern.de\/en\/wp-json\/wp\/v2\/posts\/35290\/revisions"}],"predecessor-version":[{"id":35294,"href":"https:\/\/digidem-bayern.de\/en\/wp-json\/wp\/v2\/posts\/35290\/revisions\/35294"}],"wp:featuredmedia":[{"embeddable":true,"href":"https:\/\/digidem-bayern.de\/en\/wp-json\/wp\/v2\/media\/31871"}],"wp:attachment":[{"href":"https:\/\/digidem-bayern.de\/en\/wp-json\/wp\/v2\/media?parent=35290"}],"wp:term":[{"taxonomy":"category","embeddable":true,"href":"https:\/\/digidem-bayern.de\/en\/wp-json\/wp\/v2\/categories?post=35290"},{"taxonomy":"post_tag","embeddable":true,"href":"https:\/\/digidem-bayern.de\/en\/wp-json\/wp\/v2\/tags?post=35290"}],"curies":[{"name":"wp","href":"https:\/\/api.w.org\/{rel}","templated":true}]}}