{"id":35254,"date":"2024-06-11T09:42:35","date_gmt":"2024-06-11T07:42:35","guid":{"rendered":"https:\/\/digidem-bayern.de\/?p=35254"},"modified":"2024-09-30T17:51:01","modified_gmt":"2024-09-30T15:51:01","slug":"webinar-telematikinfrastruktur-ti-in-der-pflege","status":"publish","type":"post","link":"https:\/\/digidem-bayern.de\/en\/webinar-telematikinfrastruktur-ti-in-der-pflege\/","title":{"rendered":"Webinar: Telematikinfrastruktur (TI) in der Pflege"},"content":{"rendered":"<p>Ab Juli 2025 ist in der ambulanten und station\u00e4ren Pflege die Anbindung an die Telematikinfrastruktur (TI) gesetzlich verpflichtend. Ziel ist es, mit Hilfe eines Netzwerks zur sicheren und schnellen Daten\u00fcbertragung die B\u00fcrokratie im beruflichen Alltag abzubauen. Auf diese Weise\u00a0 soll die TI Pflegenden zu mehr zeitlichen Ressourcen verhelfen. Davon kann auch die Versorgungssituation von Menschen mit Demenz stark profitieren. Die Verantwortung f\u00fcr die deutschlandweite Umsetzung der TI tr\u00e4gt die gematik GmbH aus Berlin. <\/p>\n\n\n\n<p>Dr. Anika Heimann-Steinert ist Produktmanagerin bei der gematik GmbH und verantwortlich f\u00fcr die Zielgruppe der Pflege. Im kommenden Webinar wird sie die Telematikinfrastruktur und deren Einsatzm\u00f6glichkeiten in der Pflege erkl\u00e4ren. Dabei wird sie aufzeigen, welche einzelnen digitalen Anwendungen speziell in der Versorgung von Menschen mit Demenz angewendet werden k\u00f6nnen und welche Vorteile damit verbunden sind.<\/p>\n\n\n\n<p><\/p>\n\n\n\n<h2 class=\"wp-block-heading has-text-align-center\" id=\"2---mittwoch-03062020-1100-1130-uhr--\"><strong><strong>Dienstag, 25.06.2024, 11:00 &#8211; 11:45 Uhr<\/strong><\/strong><\/h2>\n\n\n\n<div class=\"wp-block-qubely-button qubely-block-f5d622\"><div class=\"qubely-block-btn-wrapper\"><div class=\"qubely-block-btn\"><a class=\"qubely-block-btn-anchor is-large\" href=\"https:\/\/attendee.gotowebinar.com\/register\/8660738080316038231\">\u00a0Melden Sie sich hier an<\/a><\/div><\/div><\/div>\n\n\n\n<div class=\"wp-block-stackable-columns stk-block-columns stk-block stk-1abb464\" data-block-id=\"1abb464\"><div class=\"stk-row stk-inner-blocks stk-block-content stk-content-align stk-1abb464-column\">\n<div class=\"wp-block-stackable-column stk-block-column stk-column stk-block stk-38a7c84\" data-v=\"4\" data-block-id=\"38a7c84\"><div class=\"stk-column-wrapper stk-block-column__content stk-container stk-38a7c84-container stk--no-background stk--no-padding\"><div class=\"stk-block-content stk-inner-blocks stk-38a7c84-inner-blocks\">\n<div class=\"wp-block-uagb-team uagb-team__image-position-above uagb-team__align-center uagb-team__stack-tablet uagb-block-3cf16ce1\"><div class=\"uagb-team__content\"><img decoding=\"async\" class=\"uagb-team__image-crop-circle\" src=\"https:\/\/digidem-bayern.de\/wp-content\/uploads\/2022\/11\/JRUe_NEU_Quadrat.jpg\" alt=\"\" height=\"120\" width=\"120\" loading=\"lazy\"\/><h3 class=\"uagb-team__title\">Jana R\u00fchl<\/h3><span class=\"uagb-team__prefix\">Wissenschaftliche Mitarbeiterin M.Sc.<\/span><p class=\"uagb-team__desc\">Moderation<\/p><\/div><\/div>\n<\/div><\/div><\/div>\n\n\n\n<div class=\"wp-block-stackable-column stk-block-column stk-column stk-block stk-3aae72b\" data-v=\"4\" data-block-id=\"3aae72b\"><div class=\"stk-column-wrapper stk-block-column__content stk-container stk-3aae72b-container stk--no-background stk--no-padding\"><div class=\"stk-block-content stk-inner-blocks stk-3aae72b-inner-blocks\">\n<div class=\"wp-block-uagb-team uagb-team__image-position-above uagb-team__align-center uagb-team__stack-tablet uagb-block-23a79212\"><div class=\"uagb-team__content\"><img decoding=\"async\" class=\"uagb-team__image-crop-circle\" src=\"https:\/\/digidem-bayern.de\/wp-content\/uploads\/2022\/11\/FWE_NEU_Quadrat.jpg\" alt=\"Florian Weidinger\" height=\"120\" width=\"120\" loading=\"lazy\"\/><h3 class=\"uagb-team__title\">Florian Weidinger<\/h3><span class=\"uagb-team__prefix\">Wissenschaftlicher Mitarbeiteri M.Sc.<\/span><p class=\"uagb-team__desc\">Chatroom und Betreuung<\/p><\/div><\/div>\n<\/div><\/div><\/div>\n<\/div><\/div>","protected":false},"excerpt":{"rendered":"<p>Ab Juli 2025 ist in der ambulanten und station\u00e4ren Pflege die Anbindung an die Telematikinfrastruktur (TI) gesetzlich verpflichtend. Ziel ist es, mit Hilfe eines Netzwerks zur sicheren und schnellen Daten\u00fcbertragung die B\u00fcrokratie im beruflichen Alltag abzubauen. Auf diese Weise\u00a0 soll die TI Pflegenden zu mehr zeitlichen Ressourcen verhelfen. Davon kann &hellip;<\/p>","protected":false},"author":12,"featured_media":35258,"comment_status":"open","ping_status":"closed","sticky":false,"template":"","format":"standard","meta":{"qubely_global_settings":"true","qubely_interactions":"","_uag_custom_page_level_css":"","footnotes":""},"categories":[350],"tags":[13,1096,1099,1098,1020,1095,12,423,520,14,17,55,1094,87,1097,1093,94],"class_list":["post-35254","post","type-post","status-publish","format-standard","has-post-thumbnail","hentry","category-kommendes-webinar","tag-alzheimer","tag-ambulante-pflege","tag-anika-heimann-steinert","tag-berlin","tag-christian-jaeger","tag-datenuebertragung","tag-demenz-2","tag-demenzbehandlung","tag-demenzerkrankung","tag-digidem","tag-digidem-bayern","tag-digitales-demenzregister-bayern","tag-gematik","tag-pflege","tag-stationaere-pflege","tag-telematikinfrastruktur","tag-webinar"],"qubely_featured_image_url":{"full":["https:\/\/digidem-bayern.de\/wp-content\/uploads\/2024\/06\/shutterstock_telematikinfrastruktur-smartphone-2370698673.jpg",1000,682,false],"landscape":["https:\/\/digidem-bayern.de\/wp-content\/uploads\/2024\/06\/shutterstock_telematikinfrastruktur-smartphone-2370698673.jpg",1000,682,false],"portraits":["https:\/\/digidem-bayern.de\/wp-content\/uploads\/2024\/06\/shutterstock_telematikinfrastruktur-smartphone-2370698673-540x320.jpg",540,320,true],"thumbnail":["https:\/\/digidem-bayern.de\/wp-content\/uploads\/2024\/06\/shutterstock_telematikinfrastruktur-smartphone-2370698673-80x80.jpg",80,80,true],"medium":["https:\/\/digidem-bayern.de\/wp-content\/uploads\/2024\/06\/shutterstock_telematikinfrastruktur-smartphone-2370698673-300x205.jpg",300,205,true],"medium_large":["https:\/\/digidem-bayern.de\/wp-content\/uploads\/2024\/06\/shutterstock_telematikinfrastruktur-smartphone-2370698673-768x524.jpg",768,524,true],"large":["https:\/\/digidem-bayern.de\/wp-content\/uploads\/2024\/06\/shutterstock_telematikinfrastruktur-smartphone-2370698673.jpg",1000,682,false],"1536x1536":["https:\/\/digidem-bayern.de\/wp-content\/uploads\/2024\/06\/shutterstock_telematikinfrastruktur-smartphone-2370698673.jpg",1000,682,false],"2048x2048":["https:\/\/digidem-bayern.de\/wp-content\/uploads\/2024\/06\/shutterstock_telematikinfrastruktur-smartphone-2370698673.jpg",1000,682,false],"trp-custom-language-flag":["https:\/\/digidem-bayern.de\/wp-content\/uploads\/2024\/06\/shutterstock_telematikinfrastruktur-smartphone-2370698673.jpg",18,12,false],"qubely_landscape":["https:\/\/digidem-bayern.de\/wp-content\/uploads\/2024\/06\/shutterstock_telematikinfrastruktur-smartphone-2370698673.jpg",1000,682,false],"qubely_portrait":["https:\/\/digidem-bayern.de\/wp-content\/uploads\/2024\/06\/shutterstock_telematikinfrastruktur-smartphone-2370698673-540x320.jpg",540,320,true],"qubely_thumbnail":["https:\/\/digidem-bayern.de\/wp-content\/uploads\/2024\/06\/shutterstock_telematikinfrastruktur-smartphone-2370698673-140x100.jpg",140,100,true],"post-thumbnail":["https:\/\/digidem-bayern.de\/wp-content\/uploads\/2024\/06\/shutterstock_telematikinfrastruktur-smartphone-2370698673-513x350.jpg",513,350,true],"kahuna-featured":["https:\/\/digidem-bayern.de\/wp-content\/uploads\/2024\/06\/shutterstock_telematikinfrastruktur-smartphone-2370698673-734x350.jpg",734,350,true],"kahuna-featured-lp":["https:\/\/digidem-bayern.de\/wp-content\/uploads\/2024\/06\/shutterstock_telematikinfrastruktur-smartphone-2370698673-520x350.jpg",520,350,true],"kahuna-featured-half":["https:\/\/digidem-bayern.de\/wp-content\/uploads\/2024\/06\/shutterstock_telematikinfrastruktur-smartphone-2370698673-800x350.jpg",800,350,true],"kahuna-featured-third":["https:\/\/digidem-bayern.de\/wp-content\/uploads\/2024\/06\/shutterstock_telematikinfrastruktur-smartphone-2370698673-512x350.jpg",512,350,true],"kahuna-lpbox-1":["https:\/\/digidem-bayern.de\/wp-content\/uploads\/2024\/06\/shutterstock_telematikinfrastruktur-smartphone-2370698673-520x300.jpg",520,300,true],"kahuna-lpbox-2":["https:\/\/digidem-bayern.de\/wp-content\/uploads\/2024\/06\/shutterstock_telematikinfrastruktur-smartphone-2370698673-520x350.jpg",520,350,true],"demand-language-flag":["https:\/\/digidem-bayern.de\/wp-content\/uploads\/2024\/06\/shutterstock_telematikinfrastruktur-smartphone-2370698673-36x36.jpg",36,36,true],"dddkt-language-flag":["https:\/\/digidem-bayern.de\/wp-content\/uploads\/2024\/06\/shutterstock_telematikinfrastruktur-smartphone-2370698673-36x36.jpg",36,36,true],"ddiqc-language-flag":["https:\/\/digidem-bayern.de\/wp-content\/uploads\/2024\/06\/shutterstock_telematikinfrastruktur-smartphone-2370698673-36x36.jpg",36,36,true],"ddtl-language-flag":["https:\/\/digidem-bayern.de\/wp-content\/uploads\/2024\/06\/shutterstock_telematikinfrastruktur-smartphone-2370698673-36x36.jpg",36,36,true],"mailpoet_newsletter_max":["https:\/\/digidem-bayern.de\/wp-content\/uploads\/2024\/06\/shutterstock_telematikinfrastruktur-smartphone-2370698673.jpg",1000,682,false],"kahuna-lpbox-3":["https:\/\/digidem-bayern.de\/wp-content\/uploads\/2024\/06\/shutterstock_telematikinfrastruktur-smartphone-2370698673-520x350.jpg",520,350,true],"kahuna-featured-square":["https:\/\/digidem-bayern.de\/wp-content\/uploads\/2024\/06\/shutterstock_telematikinfrastruktur-smartphone-2370698673-512x512.jpg",512,512,true],"kahuna-featured-square-large":["https:\/\/digidem-bayern.de\/wp-content\/uploads\/2024\/06\/shutterstock_telematikinfrastruktur-smartphone-2370698673.jpg",1000,682,false]},"qubely_author":{"display_name":"Ilona H\u00f6rath","author_link":"https:\/\/digidem-bayern.de\/en\/author\/hoeratia\/"},"qubely_comment":0,"qubely_category":"<a href=\"https:\/\/digidem-bayern.de\/en\/category\/kommendes-webinar\/\" rel=\"category tag\">Kommendes Webinar<\/a>","qubely_excerpt":"Ab Juli 2025 ist in der ambulanten und station\u00e4ren Pflege die Anbindung an die Telematikinfrastruktur (TI) gesetzlich verpflichtend. Ziel ist es, mit Hilfe eines Netzwerks zur sicheren und schnellen Daten\u00fcbertragung die B\u00fcrokratie im beruflichen Alltag abzubauen. Auf diese Weise\u00a0 soll die TI Pflegenden zu mehr zeitlichen Ressourcen verhelfen. Davon kann &hellip;","featured_image_urls_v2":{"full":["https:\/\/digidem-bayern.de\/wp-content\/uploads\/2024\/06\/shutterstock_telematikinfrastruktur-smartphone-2370698673.jpg",1000,682,false],"thumbnail":["https:\/\/digidem-bayern.de\/wp-content\/uploads\/2024\/06\/shutterstock_telematikinfrastruktur-smartphone-2370698673-80x80.jpg",80,80,true],"medium":["https:\/\/digidem-bayern.de\/wp-content\/uploads\/2024\/06\/shutterstock_telematikinfrastruktur-smartphone-2370698673-300x205.jpg",300,205,true],"medium_large":["https:\/\/digidem-bayern.de\/wp-content\/uploads\/2024\/06\/shutterstock_telematikinfrastruktur-smartphone-2370698673-768x524.jpg",768,524,true],"large":["https:\/\/digidem-bayern.de\/wp-content\/uploads\/2024\/06\/shutterstock_telematikinfrastruktur-smartphone-2370698673.jpg",1000,682,false],"1536x1536":["https:\/\/digidem-bayern.de\/wp-content\/uploads\/2024\/06\/shutterstock_telematikinfrastruktur-smartphone-2370698673.jpg",1000,682,false],"2048x2048":["https:\/\/digidem-bayern.de\/wp-content\/uploads\/2024\/06\/shutterstock_telematikinfrastruktur-smartphone-2370698673.jpg",1000,682,false],"trp-custom-language-flag":["https:\/\/digidem-bayern.de\/wp-content\/uploads\/2024\/06\/shutterstock_telematikinfrastruktur-smartphone-2370698673.jpg",18,12,false],"qubely_landscape":["https:\/\/digidem-bayern.de\/wp-content\/uploads\/2024\/06\/shutterstock_telematikinfrastruktur-smartphone-2370698673.jpg",1000,682,false],"qubely_portrait":["https:\/\/digidem-bayern.de\/wp-content\/uploads\/2024\/06\/shutterstock_telematikinfrastruktur-smartphone-2370698673-540x320.jpg",540,320,true],"qubely_thumbnail":["https:\/\/digidem-bayern.de\/wp-content\/uploads\/2024\/06\/shutterstock_telematikinfrastruktur-smartphone-2370698673-140x100.jpg",140,100,true],"post-thumbnail":["https:\/\/digidem-bayern.de\/wp-content\/uploads\/2024\/06\/shutterstock_telematikinfrastruktur-smartphone-2370698673-513x350.jpg",513,350,true],"kahuna-featured":["https:\/\/digidem-bayern.de\/wp-content\/uploads\/2024\/06\/shutterstock_telematikinfrastruktur-smartphone-2370698673-734x350.jpg",734,350,true],"kahuna-featured-lp":["https:\/\/digidem-bayern.de\/wp-content\/uploads\/2024\/06\/shutterstock_telematikinfrastruktur-smartphone-2370698673-520x350.jpg",520,350,true],"kahuna-featured-half":["https:\/\/digidem-bayern.de\/wp-content\/uploads\/2024\/06\/shutterstock_telematikinfrastruktur-smartphone-2370698673-800x350.jpg",800,350,true],"kahuna-featured-third":["https:\/\/digidem-bayern.de\/wp-content\/uploads\/2024\/06\/shutterstock_telematikinfrastruktur-smartphone-2370698673-512x350.jpg",512,350,true],"kahuna-lpbox-1":["https:\/\/digidem-bayern.de\/wp-content\/uploads\/2024\/06\/shutterstock_telematikinfrastruktur-smartphone-2370698673-520x300.jpg",520,300,true],"kahuna-lpbox-2":["https:\/\/digidem-bayern.de\/wp-content\/uploads\/2024\/06\/shutterstock_telematikinfrastruktur-smartphone-2370698673-520x350.jpg",520,350,true],"demand-language-flag":["https:\/\/digidem-bayern.de\/wp-content\/uploads\/2024\/06\/shutterstock_telematikinfrastruktur-smartphone-2370698673-36x36.jpg",36,36,true],"dddkt-language-flag":["https:\/\/digidem-bayern.de\/wp-content\/uploads\/2024\/06\/shutterstock_telematikinfrastruktur-smartphone-2370698673-36x36.jpg",36,36,true],"ddiqc-language-flag":["https:\/\/digidem-bayern.de\/wp-content\/uploads\/2024\/06\/shutterstock_telematikinfrastruktur-smartphone-2370698673-36x36.jpg",36,36,true],"ddtl-language-flag":["https:\/\/digidem-bayern.de\/wp-content\/uploads\/2024\/06\/shutterstock_telematikinfrastruktur-smartphone-2370698673-36x36.jpg",36,36,true],"mailpoet_newsletter_max":["https:\/\/digidem-bayern.de\/wp-content\/uploads\/2024\/06\/shutterstock_telematikinfrastruktur-smartphone-2370698673.jpg",1000,682,false],"kahuna-lpbox-3":["https:\/\/digidem-bayern.de\/wp-content\/uploads\/2024\/06\/shutterstock_telematikinfrastruktur-smartphone-2370698673-520x350.jpg",520,350,true],"kahuna-featured-square":["https:\/\/digidem-bayern.de\/wp-content\/uploads\/2024\/06\/shutterstock_telematikinfrastruktur-smartphone-2370698673-512x512.jpg",512,512,true],"kahuna-featured-square-large":["https:\/\/digidem-bayern.de\/wp-content\/uploads\/2024\/06\/shutterstock_telematikinfrastruktur-smartphone-2370698673.jpg",1000,682,false]},"post_excerpt_stackable_v2":"<p>Ab Juli 2025 ist in der ambulanten und station\u00e4ren Pflege die Anbindung an die Telematikinfrastruktur (TI) gesetzlich verpflichtend. Ziel ist es, mit Hilfe eines Netzwerks zur sicheren und schnellen Daten\u00fcbertragung die B\u00fcrokratie im beruflichen Alltag abzubauen. Auf diese Weise\u00a0 soll die TI Pflegenden zu mehr zeitlichen Ressourcen verhelfen. Davon kann auch die Versorgungssituation von Menschen mit Demenz stark profitieren. Die Verantwortung f\u00fcr die deutschlandweite Umsetzung der TI tr\u00e4gt die gematik GmbH aus Berlin. Dr. Anika Heimann-Steinert ist Produktmanagerin bei der gematik GmbH und verantwortlich f\u00fcr die Zielgruppe der Pflege. Im kommenden Webinar wird sie die Telematikinfrastruktur und deren Einsatzm\u00f6glichkeiten in&hellip;<\/p>\n","category_list_v2":"<a href=\"https:\/\/digidem-bayern.de\/en\/category\/kommendes-webinar\/\" rel=\"category tag\">Kommendes Webinar<\/a>","author_info_v2":{"name":"Ilona H\u00f6rath","url":"https:\/\/digidem-bayern.de\/en\/author\/hoeratia\/"},"comments_num_v2":"0 comments","yoast_head":"<!-- This site is optimized with the Yoast SEO plugin v27.4 - https:\/\/yoast.com\/product\/yoast-seo-wordpress\/ -->\n<title>Webinar: Telematikinfrastruktur (TI) in der Pflege - digiDEM Bayern<\/title>\n<meta name=\"description\" content=\"Im Webinar &quot;digiDEM Bayern Science Watch LIVE&quot; behandeln Wissenschaftler ein Thema aus der Demenzforschung und stehen live f\u00fcr Fragen zur Verf\u00fcgung.\" \/>\n<meta name=\"robots\" content=\"index, follow, max-snippet:-1, max-image-preview:large, max-video-preview:-1\" \/>\n<link rel=\"canonical\" href=\"https:\/\/digidem-bayern.de\/en\/webinar-telematikinfrastruktur-ti-in-der-pflege\/\" \/>\n<meta property=\"og:locale\" content=\"en_US\" \/>\n<meta property=\"og:type\" content=\"article\" \/>\n<meta property=\"og:title\" content=\"Webinar: Telematikinfrastruktur (TI) in der Pflege - digiDEM Bayern\" \/>\n<meta property=\"og:description\" content=\"Im Webinar &quot;digiDEM Bayern Science Watch LIVE&quot; behandeln Wissenschaftler ein Thema aus der Demenzforschung und stehen live f\u00fcr Fragen zur Verf\u00fcgung.\" \/>\n<meta property=\"og:url\" content=\"https:\/\/digidem-bayern.de\/en\/webinar-telematikinfrastruktur-ti-in-der-pflege\/\" \/>\n<meta property=\"og:site_name\" content=\"digiDEM Bayern\" \/>\n<meta property=\"article:publisher\" content=\"https:\/\/www.facebook.com\/digiDEMBayern\/\" \/>\n<meta property=\"article:published_time\" content=\"2024-06-11T07:42:35+00:00\" \/>\n<meta property=\"article:modified_time\" content=\"2024-09-30T15:51:01+00:00\" \/>\n<meta property=\"og:image\" content=\"https:\/\/digidem-bayern.de\/wp-content\/uploads\/2024\/06\/shutterstock_telematikinfrastruktur-smartphone-2370698673.jpg\" \/>\n\t<meta property=\"og:image:width\" content=\"1000\" \/>\n\t<meta property=\"og:image:height\" content=\"682\" \/>\n\t<meta property=\"og:image:type\" content=\"image\/jpeg\" \/>\n<meta name=\"author\" content=\"Ilona H\u00f6rath\" \/>\n<meta name=\"twitter:label1\" content=\"Written by\" \/>\n\t<meta name=\"twitter:data1\" content=\"Ilona H\u00f6rath\" \/>\n\t<meta name=\"twitter:label2\" content=\"Est. reading time\" \/>\n\t<meta name=\"twitter:data2\" content=\"2 minutes\" \/>\n<script type=\"application\/ld+json\" class=\"yoast-schema-graph\">{\"@context\":\"https:\\\/\\\/schema.org\",\"@graph\":[{\"@type\":\"Article\",\"@id\":\"https:\\\/\\\/digidem-bayern.de\\\/webinar-telematikinfrastruktur-ti-in-der-pflege\\\/#article\",\"isPartOf\":{\"@id\":\"https:\\\/\\\/digidem-bayern.de\\\/webinar-telematikinfrastruktur-ti-in-der-pflege\\\/\"},\"author\":{\"name\":\"Ilona H\u00f6rath\",\"@id\":\"\\\/#\\\/schema\\\/person\\\/0bc1494f46fc2a051c761322a80e0941\"},\"headline\":\"Webinar: Telematikinfrastruktur (TI) in der Pflege\",\"datePublished\":\"2024-06-11T07:42:35+00:00\",\"dateModified\":\"2024-09-30T15:51:01+00:00\",\"mainEntityOfPage\":{\"@id\":\"https:\\\/\\\/digidem-bayern.de\\\/webinar-telematikinfrastruktur-ti-in-der-pflege\\\/\"},\"wordCount\":167,\"commentCount\":0,\"publisher\":{\"@id\":\"\\\/#organization\"},\"image\":{\"@id\":\"https:\\\/\\\/digidem-bayern.de\\\/webinar-telematikinfrastruktur-ti-in-der-pflege\\\/#primaryimage\"},\"thumbnailUrl\":\"https:\\\/\\\/digidem-bayern.de\\\/wp-content\\\/uploads\\\/2024\\\/06\\\/shutterstock_telematikinfrastruktur-smartphone-2370698673.jpg\",\"keywords\":[\"Alzheimer\",\"ambulante Pflege\",\"Anika Heimann-Steinert\",\"Berlin\",\"Christian J\u00e4ger\",\"Daten\u00fcbertragung\",\"Demenz\",\"Demenzbehandlung\",\"Demenzerkrankung\",\"digidem\",\"digidem Bayern\",\"Digitales Demenzregister Bayern\",\"gematik\",\"Pflege\",\"station\u00e4re Pflege\",\"Telematikinfrastruktur\",\"Webinar\"],\"articleSection\":[\"Kommendes Webinar\"],\"inLanguage\":\"en-US\",\"potentialAction\":[{\"@type\":\"CommentAction\",\"name\":\"Comment\",\"target\":[\"https:\\\/\\\/digidem-bayern.de\\\/webinar-telematikinfrastruktur-ti-in-der-pflege\\\/#respond\"]}]},{\"@type\":\"WebPage\",\"@id\":\"https:\\\/\\\/digidem-bayern.de\\\/webinar-telematikinfrastruktur-ti-in-der-pflege\\\/\",\"url\":\"https:\\\/\\\/digidem-bayern.de\\\/webinar-telematikinfrastruktur-ti-in-der-pflege\\\/\",\"name\":\"Webinar: Telematikinfrastruktur (TI) in der Pflege - digiDEM Bayern\",\"isPartOf\":{\"@id\":\"\\\/#website\"},\"primaryImageOfPage\":{\"@id\":\"https:\\\/\\\/digidem-bayern.de\\\/webinar-telematikinfrastruktur-ti-in-der-pflege\\\/#primaryimage\"},\"image\":{\"@id\":\"https:\\\/\\\/digidem-bayern.de\\\/webinar-telematikinfrastruktur-ti-in-der-pflege\\\/#primaryimage\"},\"thumbnailUrl\":\"https:\\\/\\\/digidem-bayern.de\\\/wp-content\\\/uploads\\\/2024\\\/06\\\/shutterstock_telematikinfrastruktur-smartphone-2370698673.jpg\",\"datePublished\":\"2024-06-11T07:42:35+00:00\",\"dateModified\":\"2024-09-30T15:51:01+00:00\",\"description\":\"Im Webinar \\\"digiDEM Bayern Science Watch LIVE\\\" behandeln Wissenschaftler ein Thema aus der Demenzforschung und stehen live f\u00fcr Fragen zur Verf\u00fcgung.\",\"breadcrumb\":{\"@id\":\"https:\\\/\\\/digidem-bayern.de\\\/webinar-telematikinfrastruktur-ti-in-der-pflege\\\/#breadcrumb\"},\"inLanguage\":\"en-US\",\"potentialAction\":[{\"@type\":\"ReadAction\",\"target\":[\"https:\\\/\\\/digidem-bayern.de\\\/webinar-telematikinfrastruktur-ti-in-der-pflege\\\/\"]}]},{\"@type\":\"ImageObject\",\"inLanguage\":\"en-US\",\"@id\":\"https:\\\/\\\/digidem-bayern.de\\\/webinar-telematikinfrastruktur-ti-in-der-pflege\\\/#primaryimage\",\"url\":\"https:\\\/\\\/digidem-bayern.de\\\/wp-content\\\/uploads\\\/2024\\\/06\\\/shutterstock_telematikinfrastruktur-smartphone-2370698673.jpg\",\"contentUrl\":\"https:\\\/\\\/digidem-bayern.de\\\/wp-content\\\/uploads\\\/2024\\\/06\\\/shutterstock_telematikinfrastruktur-smartphone-2370698673.jpg\",\"width\":1000,\"height\":682,\"caption\":\"Foto: Shutterstock\"},{\"@type\":\"BreadcrumbList\",\"@id\":\"https:\\\/\\\/digidem-bayern.de\\\/webinar-telematikinfrastruktur-ti-in-der-pflege\\\/#breadcrumb\",\"itemListElement\":[{\"@type\":\"ListItem\",\"position\":1,\"name\":\"Startseite\",\"item\":\"https:\\\/\\\/digidem-bayern.de\\\/\"},{\"@type\":\"ListItem\",\"position\":2,\"name\":\"Webinar: Telematikinfrastruktur (TI) in der Pflege\"}]},{\"@type\":\"WebSite\",\"@id\":\"\\\/#website\",\"url\":\"\\\/\",\"name\":\"digiDEM Bayern\",\"description\":\"Das digitale Demenzregister Bayern erforscht und verbessert die Angebotsstuktur f\u00fcr Menschen mit Demenz und deren Angeh\u00f6rige\",\"publisher\":{\"@id\":\"\\\/#organization\"},\"potentialAction\":[{\"@type\":\"SearchAction\",\"target\":{\"@type\":\"EntryPoint\",\"urlTemplate\":\"\\\/?s={search_term_string}\"},\"query-input\":{\"@type\":\"PropertyValueSpecification\",\"valueRequired\":true,\"valueName\":\"search_term_string\"}}],\"inLanguage\":\"en-US\"},{\"@type\":\"Organization\",\"@id\":\"\\\/#organization\",\"name\":\"digiDEM Bayern\",\"url\":\"\\\/\",\"logo\":{\"@type\":\"ImageObject\",\"inLanguage\":\"en-US\",\"@id\":\"\\\/#\\\/schema\\\/logo\\\/image\\\/\",\"url\":\"https:\\\/\\\/digidem-bayern.de\\\/wp-content\\\/uploads\\\/2022\\\/03\\\/cropped-Allgemeines_digiDEMLOGO-removebg-preview.png\",\"contentUrl\":\"https:\\\/\\\/digidem-bayern.de\\\/wp-content\\\/uploads\\\/2022\\\/03\\\/cropped-Allgemeines_digiDEMLOGO-removebg-preview.png\",\"width\":612,\"height\":357,\"caption\":\"digiDEM Bayern\"},\"image\":{\"@id\":\"\\\/#\\\/schema\\\/logo\\\/image\\\/\"},\"sameAs\":[\"https:\\\/\\\/www.facebook.com\\\/digiDEMBayern\\\/\",\"https:\\\/\\\/x.com\\\/digidem_bayern\",\"https:\\\/\\\/www.instagram.com\\\/digidem.bayern\",\"https:\\\/\\\/www.linkedin.com\\\/company\\\/digidem-bayern\\\/\"]},{\"@type\":\"Person\",\"@id\":\"\\\/#\\\/schema\\\/person\\\/0bc1494f46fc2a051c761322a80e0941\",\"name\":\"Ilona H\u00f6rath\",\"url\":\"https:\\\/\\\/digidem-bayern.de\\\/en\\\/author\\\/hoeratia\\\/\"}]}<\/script>\n<!-- \/ Yoast SEO plugin. -->","yoast_head_json":{"title":"Webinar: Telematikinfrastruktur (TI) in der Pflege - digiDEM Bayern","description":"Im Webinar \"digiDEM Bayern Science Watch LIVE\" behandeln Wissenschaftler ein Thema aus der Demenzforschung und stehen live f\u00fcr Fragen zur Verf\u00fcgung.","robots":{"index":"index","follow":"follow","max-snippet":"max-snippet:-1","max-image-preview":"max-image-preview:large","max-video-preview":"max-video-preview:-1"},"canonical":"https:\/\/digidem-bayern.de\/en\/webinar-telematikinfrastruktur-ti-in-der-pflege\/","og_locale":"en_US","og_type":"article","og_title":"Webinar: Telematikinfrastruktur (TI) in der Pflege - digiDEM Bayern","og_description":"Im Webinar \"digiDEM Bayern Science Watch LIVE\" behandeln Wissenschaftler ein Thema aus der Demenzforschung und stehen live f\u00fcr Fragen zur Verf\u00fcgung.","og_url":"https:\/\/digidem-bayern.de\/en\/webinar-telematikinfrastruktur-ti-in-der-pflege\/","og_site_name":"digiDEM Bayern","article_publisher":"https:\/\/www.facebook.com\/digiDEMBayern\/","article_published_time":"2024-06-11T07:42:35+00:00","article_modified_time":"2024-09-30T15:51:01+00:00","og_image":[{"width":1000,"height":682,"url":"https:\/\/digidem-bayern.de\/wp-content\/uploads\/2024\/06\/shutterstock_telematikinfrastruktur-smartphone-2370698673.jpg","type":"image\/jpeg"}],"author":"Ilona H\u00f6rath","twitter_misc":{"Written by":"Ilona H\u00f6rath","Est. reading time":"2 minutes"},"schema":{"@context":"https:\/\/schema.org","@graph":[{"@type":"Article","@id":"https:\/\/digidem-bayern.de\/webinar-telematikinfrastruktur-ti-in-der-pflege\/#article","isPartOf":{"@id":"https:\/\/digidem-bayern.de\/webinar-telematikinfrastruktur-ti-in-der-pflege\/"},"author":{"name":"Ilona H\u00f6rath","@id":"\/#\/schema\/person\/0bc1494f46fc2a051c761322a80e0941"},"headline":"Webinar: Telematikinfrastruktur (TI) in der Pflege","datePublished":"2024-06-11T07:42:35+00:00","dateModified":"2024-09-30T15:51:01+00:00","mainEntityOfPage":{"@id":"https:\/\/digidem-bayern.de\/webinar-telematikinfrastruktur-ti-in-der-pflege\/"},"wordCount":167,"commentCount":0,"publisher":{"@id":"\/#organization"},"image":{"@id":"https:\/\/digidem-bayern.de\/webinar-telematikinfrastruktur-ti-in-der-pflege\/#primaryimage"},"thumbnailUrl":"https:\/\/digidem-bayern.de\/wp-content\/uploads\/2024\/06\/shutterstock_telematikinfrastruktur-smartphone-2370698673.jpg","keywords":["Alzheimer","ambulante Pflege","Anika Heimann-Steinert","Berlin","Christian J\u00e4ger","Daten\u00fcbertragung","Demenz","Demenzbehandlung","Demenzerkrankung","digidem","digidem Bayern","Digitales Demenzregister Bayern","gematik","Pflege","station\u00e4re Pflege","Telematikinfrastruktur","Webinar"],"articleSection":["Kommendes Webinar"],"inLanguage":"en-US","potentialAction":[{"@type":"CommentAction","name":"Comment","target":["https:\/\/digidem-bayern.de\/webinar-telematikinfrastruktur-ti-in-der-pflege\/#respond"]}]},{"@type":"WebPage","@id":"https:\/\/digidem-bayern.de\/webinar-telematikinfrastruktur-ti-in-der-pflege\/","url":"https:\/\/digidem-bayern.de\/webinar-telematikinfrastruktur-ti-in-der-pflege\/","name":"Webinar: Telematikinfrastruktur (TI) in der Pflege - digiDEM Bayern","isPartOf":{"@id":"\/#website"},"primaryImageOfPage":{"@id":"https:\/\/digidem-bayern.de\/webinar-telematikinfrastruktur-ti-in-der-pflege\/#primaryimage"},"image":{"@id":"https:\/\/digidem-bayern.de\/webinar-telematikinfrastruktur-ti-in-der-pflege\/#primaryimage"},"thumbnailUrl":"https:\/\/digidem-bayern.de\/wp-content\/uploads\/2024\/06\/shutterstock_telematikinfrastruktur-smartphone-2370698673.jpg","datePublished":"2024-06-11T07:42:35+00:00","dateModified":"2024-09-30T15:51:01+00:00","description":"Im Webinar \"digiDEM Bayern Science Watch LIVE\" behandeln Wissenschaftler ein Thema aus der Demenzforschung und stehen live f\u00fcr Fragen zur Verf\u00fcgung.","breadcrumb":{"@id":"https:\/\/digidem-bayern.de\/webinar-telematikinfrastruktur-ti-in-der-pflege\/#breadcrumb"},"inLanguage":"en-US","potentialAction":[{"@type":"ReadAction","target":["https:\/\/digidem-bayern.de\/webinar-telematikinfrastruktur-ti-in-der-pflege\/"]}]},{"@type":"ImageObject","inLanguage":"en-US","@id":"https:\/\/digidem-bayern.de\/webinar-telematikinfrastruktur-ti-in-der-pflege\/#primaryimage","url":"https:\/\/digidem-bayern.de\/wp-content\/uploads\/2024\/06\/shutterstock_telematikinfrastruktur-smartphone-2370698673.jpg","contentUrl":"https:\/\/digidem-bayern.de\/wp-content\/uploads\/2024\/06\/shutterstock_telematikinfrastruktur-smartphone-2370698673.jpg","width":1000,"height":682,"caption":"Foto: Shutterstock"},{"@type":"BreadcrumbList","@id":"https:\/\/digidem-bayern.de\/webinar-telematikinfrastruktur-ti-in-der-pflege\/#breadcrumb","itemListElement":[{"@type":"ListItem","position":1,"name":"Startseite","item":"https:\/\/digidem-bayern.de\/"},{"@type":"ListItem","position":2,"name":"Webinar: Telematikinfrastruktur (TI) in der Pflege"}]},{"@type":"WebSite","@id":"\/#website","url":"\/","name":"digiDEM Bavaria","description":"The digital dementia register in Bavaria researches and improves the structure of services for people with dementia and their relatives","publisher":{"@id":"\/#organization"},"potentialAction":[{"@type":"SearchAction","target":{"@type":"EntryPoint","urlTemplate":"\/?s={search_term_string}"},"query-input":{"@type":"PropertyValueSpecification","valueRequired":true,"valueName":"search_term_string"}}],"inLanguage":"en-US"},{"@type":"Organization","@id":"\/#organization","name":"digiDEM Bavaria","url":"\/","logo":{"@type":"ImageObject","inLanguage":"en-US","@id":"\/#\/schema\/logo\/image\/","url":"https:\/\/digidem-bayern.de\/wp-content\/uploads\/2022\/03\/cropped-Allgemeines_digiDEMLOGO-removebg-preview.png","contentUrl":"https:\/\/digidem-bayern.de\/wp-content\/uploads\/2022\/03\/cropped-Allgemeines_digiDEMLOGO-removebg-preview.png","width":612,"height":357,"caption":"digiDEM Bayern"},"image":{"@id":"\/#\/schema\/logo\/image\/"},"sameAs":["https:\/\/www.facebook.com\/digiDEMBayern\/","https:\/\/x.com\/digidem_bayern","https:\/\/www.instagram.com\/digidem.bayern","https:\/\/www.linkedin.com\/company\/digidem-bayern\/"]},{"@type":"Person","@id":"\/#\/schema\/person\/0bc1494f46fc2a051c761322a80e0941","name":"Ilona H\u00f6rath","url":"https:\/\/digidem-bayern.de\/en\/author\/hoeratia\/"}]}},"uagb_featured_image_src":{"full":["https:\/\/digidem-bayern.de\/wp-content\/uploads\/2024\/06\/shutterstock_telematikinfrastruktur-smartphone-2370698673.jpg",1000,682,false],"thumbnail":["https:\/\/digidem-bayern.de\/wp-content\/uploads\/2024\/06\/shutterstock_telematikinfrastruktur-smartphone-2370698673-80x80.jpg",80,80,true],"medium":["https:\/\/digidem-bayern.de\/wp-content\/uploads\/2024\/06\/shutterstock_telematikinfrastruktur-smartphone-2370698673-300x205.jpg",300,205,true],"medium_large":["https:\/\/digidem-bayern.de\/wp-content\/uploads\/2024\/06\/shutterstock_telematikinfrastruktur-smartphone-2370698673-768x524.jpg",768,524,true],"large":["https:\/\/digidem-bayern.de\/wp-content\/uploads\/2024\/06\/shutterstock_telematikinfrastruktur-smartphone-2370698673.jpg",1000,682,false],"1536x1536":["https:\/\/digidem-bayern.de\/wp-content\/uploads\/2024\/06\/shutterstock_telematikinfrastruktur-smartphone-2370698673.jpg",1000,682,false],"2048x2048":["https:\/\/digidem-bayern.de\/wp-content\/uploads\/2024\/06\/shutterstock_telematikinfrastruktur-smartphone-2370698673.jpg",1000,682,false],"trp-custom-language-flag":["https:\/\/digidem-bayern.de\/wp-content\/uploads\/2024\/06\/shutterstock_telematikinfrastruktur-smartphone-2370698673.jpg",18,12,false],"qubely_landscape":["https:\/\/digidem-bayern.de\/wp-content\/uploads\/2024\/06\/shutterstock_telematikinfrastruktur-smartphone-2370698673.jpg",1000,682,false],"qubely_portrait":["https:\/\/digidem-bayern.de\/wp-content\/uploads\/2024\/06\/shutterstock_telematikinfrastruktur-smartphone-2370698673-540x320.jpg",540,320,true],"qubely_thumbnail":["https:\/\/digidem-bayern.de\/wp-content\/uploads\/2024\/06\/shutterstock_telematikinfrastruktur-smartphone-2370698673-140x100.jpg",140,100,true],"post-thumbnail":["https:\/\/digidem-bayern.de\/wp-content\/uploads\/2024\/06\/shutterstock_telematikinfrastruktur-smartphone-2370698673-513x350.jpg",513,350,true],"kahuna-featured":["https:\/\/digidem-bayern.de\/wp-content\/uploads\/2024\/06\/shutterstock_telematikinfrastruktur-smartphone-2370698673-734x350.jpg",734,350,true],"kahuna-featured-lp":["https:\/\/digidem-bayern.de\/wp-content\/uploads\/2024\/06\/shutterstock_telematikinfrastruktur-smartphone-2370698673-520x350.jpg",520,350,true],"kahuna-featured-half":["https:\/\/digidem-bayern.de\/wp-content\/uploads\/2024\/06\/shutterstock_telematikinfrastruktur-smartphone-2370698673-800x350.jpg",800,350,true],"kahuna-featured-third":["https:\/\/digidem-bayern.de\/wp-content\/uploads\/2024\/06\/shutterstock_telematikinfrastruktur-smartphone-2370698673-512x350.jpg",512,350,true],"kahuna-lpbox-1":["https:\/\/digidem-bayern.de\/wp-content\/uploads\/2024\/06\/shutterstock_telematikinfrastruktur-smartphone-2370698673-520x300.jpg",520,300,true],"kahuna-lpbox-2":["https:\/\/digidem-bayern.de\/wp-content\/uploads\/2024\/06\/shutterstock_telematikinfrastruktur-smartphone-2370698673-520x350.jpg",520,350,true],"demand-language-flag":["https:\/\/digidem-bayern.de\/wp-content\/uploads\/2024\/06\/shutterstock_telematikinfrastruktur-smartphone-2370698673-36x36.jpg",36,36,true],"dddkt-language-flag":["https:\/\/digidem-bayern.de\/wp-content\/uploads\/2024\/06\/shutterstock_telematikinfrastruktur-smartphone-2370698673-36x36.jpg",36,36,true],"ddiqc-language-flag":["https:\/\/digidem-bayern.de\/wp-content\/uploads\/2024\/06\/shutterstock_telematikinfrastruktur-smartphone-2370698673-36x36.jpg",36,36,true],"ddtl-language-flag":["https:\/\/digidem-bayern.de\/wp-content\/uploads\/2024\/06\/shutterstock_telematikinfrastruktur-smartphone-2370698673-36x36.jpg",36,36,true],"mailpoet_newsletter_max":["https:\/\/digidem-bayern.de\/wp-content\/uploads\/2024\/06\/shutterstock_telematikinfrastruktur-smartphone-2370698673.jpg",1000,682,false],"kahuna-lpbox-3":["https:\/\/digidem-bayern.de\/wp-content\/uploads\/2024\/06\/shutterstock_telematikinfrastruktur-smartphone-2370698673-520x350.jpg",520,350,true],"kahuna-featured-square":["https:\/\/digidem-bayern.de\/wp-content\/uploads\/2024\/06\/shutterstock_telematikinfrastruktur-smartphone-2370698673-512x512.jpg",512,512,true],"kahuna-featured-square-large":["https:\/\/digidem-bayern.de\/wp-content\/uploads\/2024\/06\/shutterstock_telematikinfrastruktur-smartphone-2370698673.jpg",1000,682,false]},"uagb_author_info":{"display_name":"Ilona H\u00f6rath","author_link":"https:\/\/digidem-bayern.de\/en\/author\/hoeratia\/"},"uagb_comment_info":0,"uagb_excerpt":"Ab Juli 2025 ist in der ambulanten und station\u00e4ren Pflege die Anbindung an die Telematikinfrastruktur (TI) gesetzlich verpflichtend. Ziel ist es, mit Hilfe eines Netzwerks zur sicheren und schnellen Daten\u00fcbertragung die B\u00fcrokratie im beruflichen Alltag abzubauen. Auf diese Weise\u00a0 soll die TI Pflegenden zu mehr zeitlichen Ressourcen verhelfen. Davon kann &hellip;","_links":{"self":[{"href":"https:\/\/digidem-bayern.de\/en\/wp-json\/wp\/v2\/posts\/35254","targetHints":{"allow":["GET"]}}],"collection":[{"href":"https:\/\/digidem-bayern.de\/en\/wp-json\/wp\/v2\/posts"}],"about":[{"href":"https:\/\/digidem-bayern.de\/en\/wp-json\/wp\/v2\/types\/post"}],"author":[{"embeddable":true,"href":"https:\/\/digidem-bayern.de\/en\/wp-json\/wp\/v2\/users\/12"}],"replies":[{"embeddable":true,"href":"https:\/\/digidem-bayern.de\/en\/wp-json\/wp\/v2\/comments?post=35254"}],"version-history":[{"count":1,"href":"https:\/\/digidem-bayern.de\/en\/wp-json\/wp\/v2\/posts\/35254\/revisions"}],"predecessor-version":[{"id":35257,"href":"https:\/\/digidem-bayern.de\/en\/wp-json\/wp\/v2\/posts\/35254\/revisions\/35257"}],"wp:featuredmedia":[{"embeddable":true,"href":"https:\/\/digidem-bayern.de\/en\/wp-json\/wp\/v2\/media\/35258"}],"wp:attachment":[{"href":"https:\/\/digidem-bayern.de\/en\/wp-json\/wp\/v2\/media?parent=35254"}],"wp:term":[{"taxonomy":"category","embeddable":true,"href":"https:\/\/digidem-bayern.de\/en\/wp-json\/wp\/v2\/categories?post=35254"},{"taxonomy":"post_tag","embeddable":true,"href":"https:\/\/digidem-bayern.de\/en\/wp-json\/wp\/v2\/tags?post=35254"}],"curies":[{"name":"wp","href":"https:\/\/api.w.org\/{rel}","templated":true}]}}