{"id":35109,"date":"2024-05-29T17:45:00","date_gmt":"2024-05-29T15:45:00","guid":{"rendered":"https:\/\/digidem-bayern.de\/?p=35109"},"modified":"2024-07-18T12:57:40","modified_gmt":"2024-07-18T10:57:40","slug":"belastung-mit-schwerwiegenden-folgen","status":"publish","type":"post","link":"https:\/\/digidem-bayern.de\/en\/belastung-mit-schwerwiegenden-folgen\/","title":{"rendered":"Belastung mit schwerwiegenden Folgen"},"content":{"rendered":"<p><strong>Zu einem \u00fcberraschenden Ergebnis gelangen Forschende aus Taiwan: Sie lieferten den ersten Nachweis, dass sich Glyphosatbelastung mit unterschiedlichen Folgen f\u00fcr die neurologische Gesundheit der erwachsenen Bev\u00f6lkerung der USA in Verbindung bringen l\u00e4sst. Dies betrifft zum Beispiel eine nachlassende kognitive Leistungsf\u00e4higkeit, Anzeichen von Depressionen und H\u00f6rprobleme.<\/strong><\/p>\n\n\n\n<p> <\/p>\n\n\n\n<p>Um zu den \u00fcberraschenden Ergebnissen zu gelangen, analysierten die Wissenschaftlerinnen und Wissenschaftler Daten aus der US-amerikanischen Studie <em>National Health and Nutrition Examination Survey<\/em> (NHANES). Bei der Auswertung der Daten von 1532 Erwachsenen im Alter zwischen 18 und 80 Jahren wurden unter anderem auch Alter, Geschlecht, ethnische Zugeh\u00f6rigkeit, Body-Mass-Index (BMI), Alkoholkonsum, Rauchen und Bluthochdruck ber\u00fccksichtigt.<\/p>\n\n\n<div class=\"wp-block-image\">\n<figure class=\"alignright size-full is-resized\"><img loading=\"lazy\" decoding=\"async\" width=\"1000\" height=\"667\" src=\"https:\/\/digidem-bayern.de\/wp-content\/uploads\/2024\/05\/03-shutterstock_Glyphosat-Urinprobe-2237960573.jpg\" alt=\"Dies betrifft zum Beispiel eine nachlassende kognitive Leistungsf\u00e4higkeit, Anzeichen von Depressionen und H\u00f6rprobleme.\" class=\"wp-image-35100\" style=\"width:570px;height:auto\" srcset=\"https:\/\/digidem-bayern.de\/wp-content\/uploads\/2024\/05\/03-shutterstock_Glyphosat-Urinprobe-2237960573.jpg 1000w, https:\/\/digidem-bayern.de\/wp-content\/uploads\/2024\/05\/03-shutterstock_Glyphosat-Urinprobe-2237960573-300x200.jpg 300w, https:\/\/digidem-bayern.de\/wp-content\/uploads\/2024\/05\/03-shutterstock_Glyphosat-Urinprobe-2237960573-768x512.jpg 768w, https:\/\/digidem-bayern.de\/wp-content\/uploads\/2024\/05\/03-shutterstock_Glyphosat-Urinprobe-2237960573-525x350.jpg 525w\" sizes=\"auto, (max-width: 1000px) 100vw, 1000px\" \/><figcaption class=\"wp-element-caption\">Foto: Shutterstock<\/figcaption><\/figure>\n<\/div>\n\n\n<p>Das Ziel der Studie war es, den m\u00f6glichen Zusammenhang zwischen Glyphosatbelastung und kognitiver Funktion, depressiven Symptomen, Behinderung und neurologischen Erkrankungen in der erwachsenen Bev\u00f6lkerung der USA zu bewerten.<\/p>\n\n\n\n<p><strong>Ged\u00e4chtnis und Lernf\u00e4higkeit<\/strong><\/p>\n\n\n\n<p>So betrug der Anteil der Personen mit nachweisbaren Glyphosatwerten 80,4 Prozent. Bei n\u00e4herer Betrachtung stellte sich etwa heraus: Der Glyphosatwert im Urin und die Ergebnisse von Tests zu bestimmten kognitiven Funktionen stehen miteinander in Zusammenhang. Dies k\u00f6nnte bedeuten, dass eine Glyphosatbelastung sowohl bestimmte Aspekte des Ged\u00e4chtnisses als auch der Lernf\u00e4higkeit hinsichtlich des Abrufs von zuvor gelernten Informationen beeintr\u00e4chtigen kann. Um die kognitiven Leistungen zu erfassen, f\u00fchrten die Forschenden unterschiedliche Funktionstests durch, darunter zum Beispiel der sogenannte CERAD-WLT-Test, mit dem die F\u00e4higkeit zum Erlernen neuer W\u00f6rter gemessen wird. Abgefragt wurden aber auch Ged\u00e4chtnisschwierigkeiten, die die Studienteilnehmenden in der j\u00fcngeren Zeit erlebt hatten.<\/p>\n\n\n\n<p>\u201eDar\u00fcber hinaus deuten unsere Ergebnisse darauf hin, dass die Wahrscheinlichkeit, schwere depressive Symptome zu entwickeln, bei Personen mit h\u00f6heren Glyphosatwerten signifikant h\u00f6her war\u201c, schreiben die Wissenschaftlerinnen und Wissenschaftler.<\/p>\n\n\n\n<p><strong>Erh\u00f6hte Wahrscheinlichkeit einer H\u00f6rsch\u00e4digung<\/strong><\/p>\n\n\n\n<p>Au\u00dferdem stellte die Studie fest: Je h\u00f6her der Glyphosatgehalt im Urin war, desto schwerwiegender waren H\u00f6rprobleme, \u00fcber die die Teilnehmenden berichteten. Anders gesagt: \u201eIn der vorliegenden Studie beobachteten wir eine erh\u00f6hte Wahrscheinlichkeit einer schweren H\u00f6rsch\u00e4digung in Verbindung mit einer h\u00f6heren Glyphosatbelastung.\u201c<\/p>\n\n\n\n<p>Die Studie legte au\u00dferdem den Schluss nahe, dass die Ern\u00e4hrung die H\u00f6he des Glyphosatspiegels beeinflussen k\u00f6nnte. \u201eEiner NHANES-Studie zufolge k\u00f6nnen die Glyphosatwerte unterschiedlich sein, je nachdem, ob eine Person gefastet hat oder nicht, und eine separate Studie ergab, dass der Verzehr von Vollkornbrot mit h\u00f6heren Glyphosatwerten in Urinproben verbunden sein kann\u201c, schreiben die Forschenden. <\/p>\n\n\n\n<p>In ihrer wissenschaftlichen Arbeit betonen die Forschenden allerdings auch, Einfl\u00fcsse durch andere, \u00e4hnlich toxische Schadstoffe wie Glyphosat nicht ber\u00fccksichtigt zu haben.<\/p>\n\n\n\n<p>Hier geht&#8217;s zur Studie:<\/p>\n\n\n\n<p><a href=\"https:\/\/www.sciencedirect.com\/science\/article\/abs\/pii\/S001393512301664X?via%3Dihub\">Association between glyphosate exposure and cognitive function, depression, and neurological diseases in a representative sample of US adults: NHANES 2013\u20132014 analysis<\/a><\/p>\n\n\n\n<p><\/p>\n\n\n\n<div style=\"height:20px\" aria-hidden=\"true\" class=\"wp-block-spacer\"><\/div>\n\n\n\n<div style=\"height:20px\" aria-hidden=\"true\" class=\"wp-block-spacer\"><\/div>","protected":false},"excerpt":{"rendered":"<p>Zu einem \u00fcberraschenden Ergebnis gelangen Forschende aus Taiwan: Sie lieferten den ersten Nachweis, dass sich Glyphosatbelastung mit unterschiedlichen Folgen f\u00fcr die neurologische Gesundheit der erwachsenen Bev\u00f6lkerung der USA in Verbindung bringen l\u00e4sst. Dies betrifft zum Beispiel eine nachlassende kognitive Leistungsf\u00e4higkeit, Anzeichen von Depressionen und H\u00f6rprobleme. Um zu den \u00fcberraschenden Ergebnissen &hellip;<\/p>","protected":false},"author":12,"featured_media":35100,"comment_status":"open","ping_status":"closed","sticky":false,"template":"","format":"standard","meta":{"qubely_global_settings":"","qubely_interactions":"","_uag_custom_page_level_css":"","footnotes":""},"categories":[5],"tags":[13,930,12,112,649,14,17,55,419,1079,1089,757,1081,1049,1084,1088,1080,1056,1091,1090],"class_list":["post-35109","post","type-post","status-publish","format-standard","has-post-thumbnail","hentry","category-wissenschaft-forschung","tag-alzheimer","tag-bmi","tag-demenz-2","tag-demenzdiagnose","tag-depressionen","tag-digidem","tag-digidem-bayern","tag-digitales-demenzregister-bayern","tag-gedaechtnis","tag-glyphosat","tag-glyphosatbelastung","tag-kognition","tag-landwirtschaft","tag-mikrobiom","tag-nervensystem","tag-neuroinflammation","tag-pestizid","tag-synapsen","tag-taiwan","tag-urin"],"qubely_featured_image_url":{"full":["https:\/\/digidem-bayern.de\/wp-content\/uploads\/2024\/05\/03-shutterstock_Glyphosat-Urinprobe-2237960573.jpg",1000,667,false],"landscape":["https:\/\/digidem-bayern.de\/wp-content\/uploads\/2024\/05\/03-shutterstock_Glyphosat-Urinprobe-2237960573.jpg",1000,667,false],"portraits":["https:\/\/digidem-bayern.de\/wp-content\/uploads\/2024\/05\/03-shutterstock_Glyphosat-Urinprobe-2237960573-540x320.jpg",540,320,true],"thumbnail":["https:\/\/digidem-bayern.de\/wp-content\/uploads\/2024\/05\/03-shutterstock_Glyphosat-Urinprobe-2237960573-80x80.jpg",80,80,true],"medium":["https:\/\/digidem-bayern.de\/wp-content\/uploads\/2024\/05\/03-shutterstock_Glyphosat-Urinprobe-2237960573-300x200.jpg",300,200,true],"medium_large":["https:\/\/digidem-bayern.de\/wp-content\/uploads\/2024\/05\/03-shutterstock_Glyphosat-Urinprobe-2237960573-768x512.jpg",768,512,true],"large":["https:\/\/digidem-bayern.de\/wp-content\/uploads\/2024\/05\/03-shutterstock_Glyphosat-Urinprobe-2237960573.jpg",1000,667,false],"1536x1536":["https:\/\/digidem-bayern.de\/wp-content\/uploads\/2024\/05\/03-shutterstock_Glyphosat-Urinprobe-2237960573.jpg",1000,667,false],"2048x2048":["https:\/\/digidem-bayern.de\/wp-content\/uploads\/2024\/05\/03-shutterstock_Glyphosat-Urinprobe-2237960573.jpg",1000,667,false],"trp-custom-language-flag":["https:\/\/digidem-bayern.de\/wp-content\/uploads\/2024\/05\/03-shutterstock_Glyphosat-Urinprobe-2237960573.jpg",18,12,false],"qubely_landscape":["https:\/\/digidem-bayern.de\/wp-content\/uploads\/2024\/05\/03-shutterstock_Glyphosat-Urinprobe-2237960573.jpg",1000,667,false],"qubely_portrait":["https:\/\/digidem-bayern.de\/wp-content\/uploads\/2024\/05\/03-shutterstock_Glyphosat-Urinprobe-2237960573-540x320.jpg",540,320,true],"qubely_thumbnail":["https:\/\/digidem-bayern.de\/wp-content\/uploads\/2024\/05\/03-shutterstock_Glyphosat-Urinprobe-2237960573-140x100.jpg",140,100,true],"post-thumbnail":["https:\/\/digidem-bayern.de\/wp-content\/uploads\/2024\/05\/03-shutterstock_Glyphosat-Urinprobe-2237960573-525x350.jpg",525,350,true],"kahuna-featured":["https:\/\/digidem-bayern.de\/wp-content\/uploads\/2024\/05\/03-shutterstock_Glyphosat-Urinprobe-2237960573-734x350.jpg",734,350,true],"kahuna-featured-lp":["https:\/\/digidem-bayern.de\/wp-content\/uploads\/2024\/05\/03-shutterstock_Glyphosat-Urinprobe-2237960573-520x350.jpg",520,350,true],"kahuna-featured-half":["https:\/\/digidem-bayern.de\/wp-content\/uploads\/2024\/05\/03-shutterstock_Glyphosat-Urinprobe-2237960573-800x350.jpg",800,350,true],"kahuna-featured-third":["https:\/\/digidem-bayern.de\/wp-content\/uploads\/2024\/05\/03-shutterstock_Glyphosat-Urinprobe-2237960573-512x350.jpg",512,350,true],"kahuna-lpbox-1":["https:\/\/digidem-bayern.de\/wp-content\/uploads\/2024\/05\/03-shutterstock_Glyphosat-Urinprobe-2237960573-520x300.jpg",520,300,true],"kahuna-lpbox-2":["https:\/\/digidem-bayern.de\/wp-content\/uploads\/2024\/05\/03-shutterstock_Glyphosat-Urinprobe-2237960573-520x350.jpg",520,350,true],"demand-language-flag":["https:\/\/digidem-bayern.de\/wp-content\/uploads\/2024\/05\/03-shutterstock_Glyphosat-Urinprobe-2237960573-36x36.jpg",36,36,true],"dddkt-language-flag":["https:\/\/digidem-bayern.de\/wp-content\/uploads\/2024\/05\/03-shutterstock_Glyphosat-Urinprobe-2237960573-36x36.jpg",36,36,true],"ddiqc-language-flag":["https:\/\/digidem-bayern.de\/wp-content\/uploads\/2024\/05\/03-shutterstock_Glyphosat-Urinprobe-2237960573-36x36.jpg",36,36,true],"ddtl-language-flag":["https:\/\/digidem-bayern.de\/wp-content\/uploads\/2024\/05\/03-shutterstock_Glyphosat-Urinprobe-2237960573-36x36.jpg",36,36,true],"mailpoet_newsletter_max":["https:\/\/digidem-bayern.de\/wp-content\/uploads\/2024\/05\/03-shutterstock_Glyphosat-Urinprobe-2237960573.jpg",1000,667,false],"kahuna-lpbox-3":["https:\/\/digidem-bayern.de\/wp-content\/uploads\/2024\/05\/03-shutterstock_Glyphosat-Urinprobe-2237960573-520x350.jpg",520,350,true],"kahuna-featured-square":["https:\/\/digidem-bayern.de\/wp-content\/uploads\/2024\/05\/03-shutterstock_Glyphosat-Urinprobe-2237960573-512x512.jpg",512,512,true],"kahuna-featured-square-large":["https:\/\/digidem-bayern.de\/wp-content\/uploads\/2024\/05\/03-shutterstock_Glyphosat-Urinprobe-2237960573.jpg",1000,667,false]},"qubely_author":{"display_name":"Ilona H\u00f6rath","author_link":"https:\/\/digidem-bayern.de\/en\/author\/hoeratia\/"},"qubely_comment":3,"qubely_category":"<a href=\"https:\/\/digidem-bayern.de\/en\/category\/wissenschaft-forschung\/\" rel=\"category tag\">Wissenschaft &amp; Forschung<\/a>","qubely_excerpt":"Zu einem \u00fcberraschenden Ergebnis gelangen Forschende aus Taiwan: Sie lieferten den ersten Nachweis, dass sich Glyphosatbelastung mit unterschiedlichen Folgen f\u00fcr die neurologische Gesundheit der erwachsenen Bev\u00f6lkerung der USA in Verbindung bringen l\u00e4sst. Dies betrifft zum Beispiel eine nachlassende kognitive Leistungsf\u00e4higkeit, Anzeichen von Depressionen und H\u00f6rprobleme. Um zu den \u00fcberraschenden Ergebnissen &hellip;","featured_image_urls_v2":{"full":["https:\/\/digidem-bayern.de\/wp-content\/uploads\/2024\/05\/03-shutterstock_Glyphosat-Urinprobe-2237960573.jpg",1000,667,false],"thumbnail":["https:\/\/digidem-bayern.de\/wp-content\/uploads\/2024\/05\/03-shutterstock_Glyphosat-Urinprobe-2237960573-80x80.jpg",80,80,true],"medium":["https:\/\/digidem-bayern.de\/wp-content\/uploads\/2024\/05\/03-shutterstock_Glyphosat-Urinprobe-2237960573-300x200.jpg",300,200,true],"medium_large":["https:\/\/digidem-bayern.de\/wp-content\/uploads\/2024\/05\/03-shutterstock_Glyphosat-Urinprobe-2237960573-768x512.jpg",768,512,true],"large":["https:\/\/digidem-bayern.de\/wp-content\/uploads\/2024\/05\/03-shutterstock_Glyphosat-Urinprobe-2237960573.jpg",1000,667,false],"1536x1536":["https:\/\/digidem-bayern.de\/wp-content\/uploads\/2024\/05\/03-shutterstock_Glyphosat-Urinprobe-2237960573.jpg",1000,667,false],"2048x2048":["https:\/\/digidem-bayern.de\/wp-content\/uploads\/2024\/05\/03-shutterstock_Glyphosat-Urinprobe-2237960573.jpg",1000,667,false],"trp-custom-language-flag":["https:\/\/digidem-bayern.de\/wp-content\/uploads\/2024\/05\/03-shutterstock_Glyphosat-Urinprobe-2237960573.jpg",18,12,false],"qubely_landscape":["https:\/\/digidem-bayern.de\/wp-content\/uploads\/2024\/05\/03-shutterstock_Glyphosat-Urinprobe-2237960573.jpg",1000,667,false],"qubely_portrait":["https:\/\/digidem-bayern.de\/wp-content\/uploads\/2024\/05\/03-shutterstock_Glyphosat-Urinprobe-2237960573-540x320.jpg",540,320,true],"qubely_thumbnail":["https:\/\/digidem-bayern.de\/wp-content\/uploads\/2024\/05\/03-shutterstock_Glyphosat-Urinprobe-2237960573-140x100.jpg",140,100,true],"post-thumbnail":["https:\/\/digidem-bayern.de\/wp-content\/uploads\/2024\/05\/03-shutterstock_Glyphosat-Urinprobe-2237960573-525x350.jpg",525,350,true],"kahuna-featured":["https:\/\/digidem-bayern.de\/wp-content\/uploads\/2024\/05\/03-shutterstock_Glyphosat-Urinprobe-2237960573-734x350.jpg",734,350,true],"kahuna-featured-lp":["https:\/\/digidem-bayern.de\/wp-content\/uploads\/2024\/05\/03-shutterstock_Glyphosat-Urinprobe-2237960573-520x350.jpg",520,350,true],"kahuna-featured-half":["https:\/\/digidem-bayern.de\/wp-content\/uploads\/2024\/05\/03-shutterstock_Glyphosat-Urinprobe-2237960573-800x350.jpg",800,350,true],"kahuna-featured-third":["https:\/\/digidem-bayern.de\/wp-content\/uploads\/2024\/05\/03-shutterstock_Glyphosat-Urinprobe-2237960573-512x350.jpg",512,350,true],"kahuna-lpbox-1":["https:\/\/digidem-bayern.de\/wp-content\/uploads\/2024\/05\/03-shutterstock_Glyphosat-Urinprobe-2237960573-520x300.jpg",520,300,true],"kahuna-lpbox-2":["https:\/\/digidem-bayern.de\/wp-content\/uploads\/2024\/05\/03-shutterstock_Glyphosat-Urinprobe-2237960573-520x350.jpg",520,350,true],"demand-language-flag":["https:\/\/digidem-bayern.de\/wp-content\/uploads\/2024\/05\/03-shutterstock_Glyphosat-Urinprobe-2237960573-36x36.jpg",36,36,true],"dddkt-language-flag":["https:\/\/digidem-bayern.de\/wp-content\/uploads\/2024\/05\/03-shutterstock_Glyphosat-Urinprobe-2237960573-36x36.jpg",36,36,true],"ddiqc-language-flag":["https:\/\/digidem-bayern.de\/wp-content\/uploads\/2024\/05\/03-shutterstock_Glyphosat-Urinprobe-2237960573-36x36.jpg",36,36,true],"ddtl-language-flag":["https:\/\/digidem-bayern.de\/wp-content\/uploads\/2024\/05\/03-shutterstock_Glyphosat-Urinprobe-2237960573-36x36.jpg",36,36,true],"mailpoet_newsletter_max":["https:\/\/digidem-bayern.de\/wp-content\/uploads\/2024\/05\/03-shutterstock_Glyphosat-Urinprobe-2237960573.jpg",1000,667,false],"kahuna-lpbox-3":["https:\/\/digidem-bayern.de\/wp-content\/uploads\/2024\/05\/03-shutterstock_Glyphosat-Urinprobe-2237960573-520x350.jpg",520,350,true],"kahuna-featured-square":["https:\/\/digidem-bayern.de\/wp-content\/uploads\/2024\/05\/03-shutterstock_Glyphosat-Urinprobe-2237960573-512x512.jpg",512,512,true],"kahuna-featured-square-large":["https:\/\/digidem-bayern.de\/wp-content\/uploads\/2024\/05\/03-shutterstock_Glyphosat-Urinprobe-2237960573.jpg",1000,667,false]},"post_excerpt_stackable_v2":"<p>Zu einem \u00fcberraschenden Ergebnis gelangen Forschende aus Taiwan: Sie lieferten den ersten Nachweis, dass sich Glyphosatbelastung mit unterschiedlichen Folgen f\u00fcr die neurologische Gesundheit der erwachsenen Bev\u00f6lkerung der USA in Verbindung bringen l\u00e4sst. Dies betrifft zum Beispiel eine nachlassende kognitive Leistungsf\u00e4higkeit, Anzeichen von Depressionen und H\u00f6rprobleme. Um zu den \u00fcberraschenden Ergebnissen zu gelangen, analysierten die Wissenschaftlerinnen und Wissenschaftler Daten aus der US-amerikanischen Studie National Health and Nutrition Examination Survey (NHANES). Bei der Auswertung der Daten von 1532 Erwachsenen im Alter zwischen 18 und 80 Jahren wurden unter anderem auch Alter, Geschlecht, ethnische Zugeh\u00f6rigkeit, Body-Mass-Index (BMI), Alkoholkonsum, Rauchen und Bluthochdruck ber\u00fccksichtigt. Foto:&hellip;<\/p>\n","category_list_v2":"<a href=\"https:\/\/digidem-bayern.de\/en\/category\/wissenschaft-forschung\/\" rel=\"category tag\">Wissenschaft &amp; Forschung<\/a>","author_info_v2":{"name":"Ilona H\u00f6rath","url":"https:\/\/digidem-bayern.de\/en\/author\/hoeratia\/"},"comments_num_v2":"2 comments","yoast_head":"<!-- This site is optimized with the Yoast SEO plugin v27.5 - https:\/\/yoast.com\/product\/yoast-seo-wordpress\/ -->\n<title>Belastung mit schwerwiegenden Folgen - digiDEM Bayern<\/title>\n<meta name=\"description\" content=\"Der Bayerische Landesapothekerkammer unterst\u00fctzt digiDEM Bayern mit Hilfe des Netzwerks &quot;Demenzfreundliche Apotheken&quot;.\" \/>\n<meta name=\"robots\" content=\"index, follow, max-snippet:-1, max-image-preview:large, max-video-preview:-1\" \/>\n<link rel=\"canonical\" href=\"https:\/\/digidem-bayern.de\/en\/belastung-mit-schwerwiegenden-folgen\/\" \/>\n<meta property=\"og:locale\" content=\"en_US\" \/>\n<meta property=\"og:type\" content=\"article\" \/>\n<meta property=\"og:title\" content=\"Belastung mit schwerwiegenden Folgen - digiDEM Bayern\" \/>\n<meta property=\"og:description\" content=\"Der Bayerische Landesapothekerkammer unterst\u00fctzt digiDEM Bayern mit Hilfe des Netzwerks &quot;Demenzfreundliche Apotheken&quot;.\" \/>\n<meta property=\"og:url\" content=\"https:\/\/digidem-bayern.de\/en\/belastung-mit-schwerwiegenden-folgen\/\" \/>\n<meta property=\"og:site_name\" content=\"digiDEM Bayern\" \/>\n<meta property=\"article:publisher\" content=\"https:\/\/www.facebook.com\/digiDEMBayern\/\" \/>\n<meta property=\"article:published_time\" content=\"2024-05-29T15:45:00+00:00\" \/>\n<meta property=\"article:modified_time\" content=\"2024-07-18T10:57:40+00:00\" \/>\n<meta property=\"og:image\" content=\"https:\/\/digidem-bayern.de\/wp-content\/uploads\/2024\/05\/03-shutterstock_Glyphosat-Urinprobe-2237960573.jpg\" \/>\n\t<meta property=\"og:image:width\" content=\"1000\" \/>\n\t<meta property=\"og:image:height\" content=\"667\" \/>\n\t<meta property=\"og:image:type\" content=\"image\/jpeg\" \/>\n<meta name=\"author\" content=\"Ilona H\u00f6rath\" \/>\n<meta name=\"twitter:label1\" content=\"Written by\" \/>\n\t<meta name=\"twitter:data1\" content=\"Ilona H\u00f6rath\" \/>\n\t<meta name=\"twitter:label2\" content=\"Est. reading time\" \/>\n\t<meta name=\"twitter:data2\" content=\"2 minutes\" \/>\n<script type=\"application\/ld+json\" class=\"yoast-schema-graph\">{\"@context\":\"https:\\\/\\\/schema.org\",\"@graph\":[{\"@type\":\"Article\",\"@id\":\"https:\\\/\\\/digidem-bayern.de\\\/belastung-mit-schwerwiegenden-folgen\\\/#article\",\"isPartOf\":{\"@id\":\"https:\\\/\\\/digidem-bayern.de\\\/belastung-mit-schwerwiegenden-folgen\\\/\"},\"author\":{\"name\":\"Ilona H\u00f6rath\",\"@id\":\"\\\/#\\\/schema\\\/person\\\/0bc1494f46fc2a051c761322a80e0941\"},\"headline\":\"Belastung mit schwerwiegenden Folgen\",\"datePublished\":\"2024-05-29T15:45:00+00:00\",\"dateModified\":\"2024-07-18T10:57:40+00:00\",\"mainEntityOfPage\":{\"@id\":\"https:\\\/\\\/digidem-bayern.de\\\/belastung-mit-schwerwiegenden-folgen\\\/\"},\"wordCount\":448,\"commentCount\":2,\"publisher\":{\"@id\":\"\\\/#organization\"},\"image\":{\"@id\":\"https:\\\/\\\/digidem-bayern.de\\\/belastung-mit-schwerwiegenden-folgen\\\/#primaryimage\"},\"thumbnailUrl\":\"https:\\\/\\\/digidem-bayern.de\\\/wp-content\\\/uploads\\\/2024\\\/05\\\/03-shutterstock_Glyphosat-Urinprobe-2237960573.jpg\",\"keywords\":[\"Alzheimer\",\"BMI\",\"Demenz\",\"Demenzdiagnose\",\"Depressionen\",\"digidem\",\"digidem Bayern\",\"Digitales Demenzregister Bayern\",\"Ged\u00e4chtnis\",\"Glyphosat\",\"Glyphosatbelastung\",\"Kognition\",\"Landwirtschaft\",\"Mikrobiom\",\"Nervensystem\",\"Neuroinflammation\",\"Pestizid\",\"Synapsen\",\"Taiwan\",\"Urin\"],\"articleSection\":[\"Wissenschaft &amp; Forschung\"],\"inLanguage\":\"en-US\",\"potentialAction\":[{\"@type\":\"CommentAction\",\"name\":\"Comment\",\"target\":[\"https:\\\/\\\/digidem-bayern.de\\\/belastung-mit-schwerwiegenden-folgen\\\/#respond\"]}]},{\"@type\":\"WebPage\",\"@id\":\"https:\\\/\\\/digidem-bayern.de\\\/belastung-mit-schwerwiegenden-folgen\\\/\",\"url\":\"https:\\\/\\\/digidem-bayern.de\\\/belastung-mit-schwerwiegenden-folgen\\\/\",\"name\":\"Belastung mit schwerwiegenden Folgen - digiDEM Bayern\",\"isPartOf\":{\"@id\":\"\\\/#website\"},\"primaryImageOfPage\":{\"@id\":\"https:\\\/\\\/digidem-bayern.de\\\/belastung-mit-schwerwiegenden-folgen\\\/#primaryimage\"},\"image\":{\"@id\":\"https:\\\/\\\/digidem-bayern.de\\\/belastung-mit-schwerwiegenden-folgen\\\/#primaryimage\"},\"thumbnailUrl\":\"https:\\\/\\\/digidem-bayern.de\\\/wp-content\\\/uploads\\\/2024\\\/05\\\/03-shutterstock_Glyphosat-Urinprobe-2237960573.jpg\",\"datePublished\":\"2024-05-29T15:45:00+00:00\",\"dateModified\":\"2024-07-18T10:57:40+00:00\",\"description\":\"Der Bayerische Landesapothekerkammer unterst\u00fctzt digiDEM Bayern mit Hilfe des Netzwerks \\\"Demenzfreundliche Apotheken\\\".\",\"breadcrumb\":{\"@id\":\"https:\\\/\\\/digidem-bayern.de\\\/belastung-mit-schwerwiegenden-folgen\\\/#breadcrumb\"},\"inLanguage\":\"en-US\",\"potentialAction\":[{\"@type\":\"ReadAction\",\"target\":[\"https:\\\/\\\/digidem-bayern.de\\\/belastung-mit-schwerwiegenden-folgen\\\/\"]}]},{\"@type\":\"ImageObject\",\"inLanguage\":\"en-US\",\"@id\":\"https:\\\/\\\/digidem-bayern.de\\\/belastung-mit-schwerwiegenden-folgen\\\/#primaryimage\",\"url\":\"https:\\\/\\\/digidem-bayern.de\\\/wp-content\\\/uploads\\\/2024\\\/05\\\/03-shutterstock_Glyphosat-Urinprobe-2237960573.jpg\",\"contentUrl\":\"https:\\\/\\\/digidem-bayern.de\\\/wp-content\\\/uploads\\\/2024\\\/05\\\/03-shutterstock_Glyphosat-Urinprobe-2237960573.jpg\",\"width\":1000,\"height\":667,\"caption\":\"Foto: Shutterstock\"},{\"@type\":\"BreadcrumbList\",\"@id\":\"https:\\\/\\\/digidem-bayern.de\\\/belastung-mit-schwerwiegenden-folgen\\\/#breadcrumb\",\"itemListElement\":[{\"@type\":\"ListItem\",\"position\":1,\"name\":\"Startseite\",\"item\":\"https:\\\/\\\/digidem-bayern.de\\\/\"},{\"@type\":\"ListItem\",\"position\":2,\"name\":\"Belastung mit schwerwiegenden Folgen\"}]},{\"@type\":\"WebSite\",\"@id\":\"\\\/#website\",\"url\":\"\\\/\",\"name\":\"digiDEM Bayern\",\"description\":\"Das digitale Demenzregister Bayern erforscht und verbessert die Angebotsstuktur f\u00fcr Menschen mit Demenz und deren Angeh\u00f6rige\",\"publisher\":{\"@id\":\"\\\/#organization\"},\"potentialAction\":[{\"@type\":\"SearchAction\",\"target\":{\"@type\":\"EntryPoint\",\"urlTemplate\":\"\\\/?s={search_term_string}\"},\"query-input\":{\"@type\":\"PropertyValueSpecification\",\"valueRequired\":true,\"valueName\":\"search_term_string\"}}],\"inLanguage\":\"en-US\"},{\"@type\":\"Organization\",\"@id\":\"\\\/#organization\",\"name\":\"digiDEM Bayern\",\"url\":\"\\\/\",\"logo\":{\"@type\":\"ImageObject\",\"inLanguage\":\"en-US\",\"@id\":\"\\\/#\\\/schema\\\/logo\\\/image\\\/\",\"url\":\"https:\\\/\\\/digidem-bayern.de\\\/wp-content\\\/uploads\\\/2022\\\/03\\\/cropped-Allgemeines_digiDEMLOGO-removebg-preview.png\",\"contentUrl\":\"https:\\\/\\\/digidem-bayern.de\\\/wp-content\\\/uploads\\\/2022\\\/03\\\/cropped-Allgemeines_digiDEMLOGO-removebg-preview.png\",\"width\":612,\"height\":357,\"caption\":\"digiDEM Bayern\"},\"image\":{\"@id\":\"\\\/#\\\/schema\\\/logo\\\/image\\\/\"},\"sameAs\":[\"https:\\\/\\\/www.facebook.com\\\/digiDEMBayern\\\/\",\"https:\\\/\\\/x.com\\\/digidem_bayern\",\"https:\\\/\\\/www.instagram.com\\\/digidem.bayern\",\"https:\\\/\\\/www.linkedin.com\\\/company\\\/digidem-bayern\\\/\"]},{\"@type\":\"Person\",\"@id\":\"\\\/#\\\/schema\\\/person\\\/0bc1494f46fc2a051c761322a80e0941\",\"name\":\"Ilona H\u00f6rath\",\"url\":\"https:\\\/\\\/digidem-bayern.de\\\/en\\\/author\\\/hoeratia\\\/\"}]}<\/script>\n<!-- \/ Yoast SEO plugin. -->","yoast_head_json":{"title":"Belastung mit schwerwiegenden Folgen - digiDEM Bayern","description":"Der Bayerische Landesapothekerkammer unterst\u00fctzt digiDEM Bayern mit Hilfe des Netzwerks \"Demenzfreundliche Apotheken\".","robots":{"index":"index","follow":"follow","max-snippet":"max-snippet:-1","max-image-preview":"max-image-preview:large","max-video-preview":"max-video-preview:-1"},"canonical":"https:\/\/digidem-bayern.de\/en\/belastung-mit-schwerwiegenden-folgen\/","og_locale":"en_US","og_type":"article","og_title":"Belastung mit schwerwiegenden Folgen - digiDEM Bayern","og_description":"Der Bayerische Landesapothekerkammer unterst\u00fctzt digiDEM Bayern mit Hilfe des Netzwerks \"Demenzfreundliche Apotheken\".","og_url":"https:\/\/digidem-bayern.de\/en\/belastung-mit-schwerwiegenden-folgen\/","og_site_name":"digiDEM Bayern","article_publisher":"https:\/\/www.facebook.com\/digiDEMBayern\/","article_published_time":"2024-05-29T15:45:00+00:00","article_modified_time":"2024-07-18T10:57:40+00:00","og_image":[{"width":1000,"height":667,"url":"https:\/\/digidem-bayern.de\/wp-content\/uploads\/2024\/05\/03-shutterstock_Glyphosat-Urinprobe-2237960573.jpg","type":"image\/jpeg"}],"author":"Ilona H\u00f6rath","twitter_misc":{"Written by":"Ilona H\u00f6rath","Est. reading time":"2 minutes"},"schema":{"@context":"https:\/\/schema.org","@graph":[{"@type":"Article","@id":"https:\/\/digidem-bayern.de\/belastung-mit-schwerwiegenden-folgen\/#article","isPartOf":{"@id":"https:\/\/digidem-bayern.de\/belastung-mit-schwerwiegenden-folgen\/"},"author":{"name":"Ilona H\u00f6rath","@id":"\/#\/schema\/person\/0bc1494f46fc2a051c761322a80e0941"},"headline":"Belastung mit schwerwiegenden Folgen","datePublished":"2024-05-29T15:45:00+00:00","dateModified":"2024-07-18T10:57:40+00:00","mainEntityOfPage":{"@id":"https:\/\/digidem-bayern.de\/belastung-mit-schwerwiegenden-folgen\/"},"wordCount":448,"commentCount":2,"publisher":{"@id":"\/#organization"},"image":{"@id":"https:\/\/digidem-bayern.de\/belastung-mit-schwerwiegenden-folgen\/#primaryimage"},"thumbnailUrl":"https:\/\/digidem-bayern.de\/wp-content\/uploads\/2024\/05\/03-shutterstock_Glyphosat-Urinprobe-2237960573.jpg","keywords":["Alzheimer","BMI","Demenz","Demenzdiagnose","Depressionen","digidem","digidem Bayern","Digitales Demenzregister Bayern","Ged\u00e4chtnis","Glyphosat","Glyphosatbelastung","Kognition","Landwirtschaft","Mikrobiom","Nervensystem","Neuroinflammation","Pestizid","Synapsen","Taiwan","Urin"],"articleSection":["Wissenschaft &amp; Forschung"],"inLanguage":"en-US","potentialAction":[{"@type":"CommentAction","name":"Comment","target":["https:\/\/digidem-bayern.de\/belastung-mit-schwerwiegenden-folgen\/#respond"]}]},{"@type":"WebPage","@id":"https:\/\/digidem-bayern.de\/belastung-mit-schwerwiegenden-folgen\/","url":"https:\/\/digidem-bayern.de\/belastung-mit-schwerwiegenden-folgen\/","name":"Belastung mit schwerwiegenden Folgen - digiDEM Bayern","isPartOf":{"@id":"\/#website"},"primaryImageOfPage":{"@id":"https:\/\/digidem-bayern.de\/belastung-mit-schwerwiegenden-folgen\/#primaryimage"},"image":{"@id":"https:\/\/digidem-bayern.de\/belastung-mit-schwerwiegenden-folgen\/#primaryimage"},"thumbnailUrl":"https:\/\/digidem-bayern.de\/wp-content\/uploads\/2024\/05\/03-shutterstock_Glyphosat-Urinprobe-2237960573.jpg","datePublished":"2024-05-29T15:45:00+00:00","dateModified":"2024-07-18T10:57:40+00:00","description":"Der Bayerische Landesapothekerkammer unterst\u00fctzt digiDEM Bayern mit Hilfe des Netzwerks \"Demenzfreundliche Apotheken\".","breadcrumb":{"@id":"https:\/\/digidem-bayern.de\/belastung-mit-schwerwiegenden-folgen\/#breadcrumb"},"inLanguage":"en-US","potentialAction":[{"@type":"ReadAction","target":["https:\/\/digidem-bayern.de\/belastung-mit-schwerwiegenden-folgen\/"]}]},{"@type":"ImageObject","inLanguage":"en-US","@id":"https:\/\/digidem-bayern.de\/belastung-mit-schwerwiegenden-folgen\/#primaryimage","url":"https:\/\/digidem-bayern.de\/wp-content\/uploads\/2024\/05\/03-shutterstock_Glyphosat-Urinprobe-2237960573.jpg","contentUrl":"https:\/\/digidem-bayern.de\/wp-content\/uploads\/2024\/05\/03-shutterstock_Glyphosat-Urinprobe-2237960573.jpg","width":1000,"height":667,"caption":"Foto: Shutterstock"},{"@type":"BreadcrumbList","@id":"https:\/\/digidem-bayern.de\/belastung-mit-schwerwiegenden-folgen\/#breadcrumb","itemListElement":[{"@type":"ListItem","position":1,"name":"Startseite","item":"https:\/\/digidem-bayern.de\/"},{"@type":"ListItem","position":2,"name":"Belastung mit schwerwiegenden Folgen"}]},{"@type":"WebSite","@id":"\/#website","url":"\/","name":"digiDEM Bavaria","description":"The digital dementia register in Bavaria researches and improves the structure of services for people with dementia and their relatives","publisher":{"@id":"\/#organization"},"potentialAction":[{"@type":"SearchAction","target":{"@type":"EntryPoint","urlTemplate":"\/?s={search_term_string}"},"query-input":{"@type":"PropertyValueSpecification","valueRequired":true,"valueName":"search_term_string"}}],"inLanguage":"en-US"},{"@type":"Organization","@id":"\/#organization","name":"digiDEM Bavaria","url":"\/","logo":{"@type":"ImageObject","inLanguage":"en-US","@id":"\/#\/schema\/logo\/image\/","url":"https:\/\/digidem-bayern.de\/wp-content\/uploads\/2022\/03\/cropped-Allgemeines_digiDEMLOGO-removebg-preview.png","contentUrl":"https:\/\/digidem-bayern.de\/wp-content\/uploads\/2022\/03\/cropped-Allgemeines_digiDEMLOGO-removebg-preview.png","width":612,"height":357,"caption":"digiDEM Bayern"},"image":{"@id":"\/#\/schema\/logo\/image\/"},"sameAs":["https:\/\/www.facebook.com\/digiDEMBayern\/","https:\/\/x.com\/digidem_bayern","https:\/\/www.instagram.com\/digidem.bayern","https:\/\/www.linkedin.com\/company\/digidem-bayern\/"]},{"@type":"Person","@id":"\/#\/schema\/person\/0bc1494f46fc2a051c761322a80e0941","name":"Ilona H\u00f6rath","url":"https:\/\/digidem-bayern.de\/en\/author\/hoeratia\/"}]}},"uagb_featured_image_src":{"full":["https:\/\/digidem-bayern.de\/wp-content\/uploads\/2024\/05\/03-shutterstock_Glyphosat-Urinprobe-2237960573.jpg",1000,667,false],"thumbnail":["https:\/\/digidem-bayern.de\/wp-content\/uploads\/2024\/05\/03-shutterstock_Glyphosat-Urinprobe-2237960573-80x80.jpg",80,80,true],"medium":["https:\/\/digidem-bayern.de\/wp-content\/uploads\/2024\/05\/03-shutterstock_Glyphosat-Urinprobe-2237960573-300x200.jpg",300,200,true],"medium_large":["https:\/\/digidem-bayern.de\/wp-content\/uploads\/2024\/05\/03-shutterstock_Glyphosat-Urinprobe-2237960573-768x512.jpg",768,512,true],"large":["https:\/\/digidem-bayern.de\/wp-content\/uploads\/2024\/05\/03-shutterstock_Glyphosat-Urinprobe-2237960573.jpg",1000,667,false],"1536x1536":["https:\/\/digidem-bayern.de\/wp-content\/uploads\/2024\/05\/03-shutterstock_Glyphosat-Urinprobe-2237960573.jpg",1000,667,false],"2048x2048":["https:\/\/digidem-bayern.de\/wp-content\/uploads\/2024\/05\/03-shutterstock_Glyphosat-Urinprobe-2237960573.jpg",1000,667,false],"trp-custom-language-flag":["https:\/\/digidem-bayern.de\/wp-content\/uploads\/2024\/05\/03-shutterstock_Glyphosat-Urinprobe-2237960573.jpg",18,12,false],"qubely_landscape":["https:\/\/digidem-bayern.de\/wp-content\/uploads\/2024\/05\/03-shutterstock_Glyphosat-Urinprobe-2237960573.jpg",1000,667,false],"qubely_portrait":["https:\/\/digidem-bayern.de\/wp-content\/uploads\/2024\/05\/03-shutterstock_Glyphosat-Urinprobe-2237960573-540x320.jpg",540,320,true],"qubely_thumbnail":["https:\/\/digidem-bayern.de\/wp-content\/uploads\/2024\/05\/03-shutterstock_Glyphosat-Urinprobe-2237960573-140x100.jpg",140,100,true],"post-thumbnail":["https:\/\/digidem-bayern.de\/wp-content\/uploads\/2024\/05\/03-shutterstock_Glyphosat-Urinprobe-2237960573-525x350.jpg",525,350,true],"kahuna-featured":["https:\/\/digidem-bayern.de\/wp-content\/uploads\/2024\/05\/03-shutterstock_Glyphosat-Urinprobe-2237960573-734x350.jpg",734,350,true],"kahuna-featured-lp":["https:\/\/digidem-bayern.de\/wp-content\/uploads\/2024\/05\/03-shutterstock_Glyphosat-Urinprobe-2237960573-520x350.jpg",520,350,true],"kahuna-featured-half":["https:\/\/digidem-bayern.de\/wp-content\/uploads\/2024\/05\/03-shutterstock_Glyphosat-Urinprobe-2237960573-800x350.jpg",800,350,true],"kahuna-featured-third":["https:\/\/digidem-bayern.de\/wp-content\/uploads\/2024\/05\/03-shutterstock_Glyphosat-Urinprobe-2237960573-512x350.jpg",512,350,true],"kahuna-lpbox-1":["https:\/\/digidem-bayern.de\/wp-content\/uploads\/2024\/05\/03-shutterstock_Glyphosat-Urinprobe-2237960573-520x300.jpg",520,300,true],"kahuna-lpbox-2":["https:\/\/digidem-bayern.de\/wp-content\/uploads\/2024\/05\/03-shutterstock_Glyphosat-Urinprobe-2237960573-520x350.jpg",520,350,true],"demand-language-flag":["https:\/\/digidem-bayern.de\/wp-content\/uploads\/2024\/05\/03-shutterstock_Glyphosat-Urinprobe-2237960573-36x36.jpg",36,36,true],"dddkt-language-flag":["https:\/\/digidem-bayern.de\/wp-content\/uploads\/2024\/05\/03-shutterstock_Glyphosat-Urinprobe-2237960573-36x36.jpg",36,36,true],"ddiqc-language-flag":["https:\/\/digidem-bayern.de\/wp-content\/uploads\/2024\/05\/03-shutterstock_Glyphosat-Urinprobe-2237960573-36x36.jpg",36,36,true],"ddtl-language-flag":["https:\/\/digidem-bayern.de\/wp-content\/uploads\/2024\/05\/03-shutterstock_Glyphosat-Urinprobe-2237960573-36x36.jpg",36,36,true],"mailpoet_newsletter_max":["https:\/\/digidem-bayern.de\/wp-content\/uploads\/2024\/05\/03-shutterstock_Glyphosat-Urinprobe-2237960573.jpg",1000,667,false],"kahuna-lpbox-3":["https:\/\/digidem-bayern.de\/wp-content\/uploads\/2024\/05\/03-shutterstock_Glyphosat-Urinprobe-2237960573-520x350.jpg",520,350,true],"kahuna-featured-square":["https:\/\/digidem-bayern.de\/wp-content\/uploads\/2024\/05\/03-shutterstock_Glyphosat-Urinprobe-2237960573-512x512.jpg",512,512,true],"kahuna-featured-square-large":["https:\/\/digidem-bayern.de\/wp-content\/uploads\/2024\/05\/03-shutterstock_Glyphosat-Urinprobe-2237960573.jpg",1000,667,false]},"uagb_author_info":{"display_name":"Ilona H\u00f6rath","author_link":"https:\/\/digidem-bayern.de\/en\/author\/hoeratia\/"},"uagb_comment_info":3,"uagb_excerpt":"Zu einem \u00fcberraschenden Ergebnis gelangen Forschende aus Taiwan: Sie lieferten den ersten Nachweis, dass sich Glyphosatbelastung mit unterschiedlichen Folgen f\u00fcr die neurologische Gesundheit der erwachsenen Bev\u00f6lkerung der USA in Verbindung bringen l\u00e4sst. Dies betrifft zum Beispiel eine nachlassende kognitive Leistungsf\u00e4higkeit, Anzeichen von Depressionen und H\u00f6rprobleme. Um zu den \u00fcberraschenden Ergebnissen &hellip;","_links":{"self":[{"href":"https:\/\/digidem-bayern.de\/en\/wp-json\/wp\/v2\/posts\/35109","targetHints":{"allow":["GET"]}}],"collection":[{"href":"https:\/\/digidem-bayern.de\/en\/wp-json\/wp\/v2\/posts"}],"about":[{"href":"https:\/\/digidem-bayern.de\/en\/wp-json\/wp\/v2\/types\/post"}],"author":[{"embeddable":true,"href":"https:\/\/digidem-bayern.de\/en\/wp-json\/wp\/v2\/users\/12"}],"replies":[{"embeddable":true,"href":"https:\/\/digidem-bayern.de\/en\/wp-json\/wp\/v2\/comments?post=35109"}],"version-history":[{"count":3,"href":"https:\/\/digidem-bayern.de\/en\/wp-json\/wp\/v2\/posts\/35109\/revisions"}],"predecessor-version":[{"id":35123,"href":"https:\/\/digidem-bayern.de\/en\/wp-json\/wp\/v2\/posts\/35109\/revisions\/35123"}],"wp:featuredmedia":[{"embeddable":true,"href":"https:\/\/digidem-bayern.de\/en\/wp-json\/wp\/v2\/media\/35100"}],"wp:attachment":[{"href":"https:\/\/digidem-bayern.de\/en\/wp-json\/wp\/v2\/media?parent=35109"}],"wp:term":[{"taxonomy":"category","embeddable":true,"href":"https:\/\/digidem-bayern.de\/en\/wp-json\/wp\/v2\/categories?post=35109"},{"taxonomy":"post_tag","embeddable":true,"href":"https:\/\/digidem-bayern.de\/en\/wp-json\/wp\/v2\/tags?post=35109"}],"curies":[{"name":"wp","href":"https:\/\/api.w.org\/{rel}","templated":true}]}}