{"id":34844,"date":"2024-05-10T09:52:45","date_gmt":"2024-05-10T07:52:45","guid":{"rendered":"https:\/\/digidem-bayern.de\/?p=34844"},"modified":"2024-05-10T10:02:09","modified_gmt":"2024-05-10T08:02:09","slug":"wertvolle-lern-app-fuer-die-mundhygiene","status":"publish","type":"post","link":"https:\/\/digidem-bayern.de\/en\/wertvolle-lern-app-fuer-die-mundhygiene\/","title":{"rendered":"Wertvolle Lern-App f\u00fcr die Mundhygiene"},"content":{"rendered":"<p>Menschen mit kognitiven Einschr\u00e4nkungen oder Demenz f\u00e4llt es immer schwerer, auf ihre Mundhygiene zu achten. So kann eine unzureichende Mundhygiene zum Beispiel zu einer Lungenentz\u00fcndung f\u00fchren. Gefragt sind dann die pflegenden An- und Zugeh\u00f6rigen, die Betroffenen bei der Zahnpflege besser zu unterst\u00fctzen.<\/p>\n\n\n\n<p>Die Forschenden aus den USA haben dazu eine spezielle App entwickelt, die pflegende Personen dabei unterst\u00fctzen soll, bei den Betroffenen eine gesunde Mundhygiene zu erreichen und auch beizubehalten. Sie kann dabei sowohl von pflegenden An- und Zugeh\u00f6rigen als auch von Krankenpflegern und -assistenten in Pflegeeinrichtungen genutzt werden. Die unterschiedlichen Tests f\u00fchrten dabei zu positiven Ergebnissen.<\/p>\n\n\n\n<p>Die Teilnehmenden der Pilotstudie der App berichteten etwa, dass ihnen die Bedeutung der Mundgesundheit bewusster geworden sei. \u201eSie erkannten auch den Wert der App bei der Identifizierung von Wissensl\u00fccken und der Bereitstellung praktischer Hilfe in realen Pflegesituationen\u201c, hei\u00dft es in der Studie. So w\u00fcssten die App-Anwenderinnen und -Anwender nun, wie man zum Beispiel eine Zahnprothese pflegt, wie man \u00fcberhaupt die Z\u00e4hne richtig putzt und wie man bei Menschen mit Demenz grunds\u00e4tzlich die Mundhygiene sicherstellt.<\/p>\n\n\n\n<div style=\"height:10px\" aria-hidden=\"true\" class=\"wp-block-spacer\"><\/div>\n\n\n\n<div class=\"wp-block-columns is-layout-flex wp-container-core-columns-is-layout-9d6595d7 wp-block-columns-is-layout-flex\">\n<div class=\"wp-block-column is-layout-flow wp-block-column-is-layout-flow\" style=\"flex-basis:20%\"><\/div>\n\n\n\n<div class=\"wp-block-column is-layout-flow wp-block-column-is-layout-flow\" style=\"flex-basis:60%\">\n<p class=\"has-text-align-center\"><strong>\u201eDie App hat in verschiedenen Tests gezeigt, dass sie zur Verbesserung der Mundgesundheit von Menschen mit Demenz beitragen kann<strong>.<\/strong>\u201c<\/strong><\/p>\n\n\n\n<p class=\"has-text-align-center\"><strong>Michael Zeiler, digiDEM Bayern-Wissenschaftler<\/strong><\/p>\n<\/div>\n\n\n\n<div class=\"wp-block-column is-layout-flow wp-block-column-is-layout-flow\" style=\"flex-basis:20%\"><\/div>\n<\/div>\n\n\n\n<div style=\"height:10px\" aria-hidden=\"true\" class=\"wp-block-spacer\"><\/div>\n\n\n\n<p>Gerade die professionellen Pflegekr\u00e4fte unterstrichen die Bedeutung von Schulungen in der Mundpflege, den Bedarf an praktischen Hilfsmitteln wie der entwickelten App und die Bedeutung kontinuierlicher Weiterbildung, um die Qualit\u00e4t der Pflege von Menschen mit Demenz zu verbessern.<\/p>\n\n\n\n<p>Die App stellte evidenzbasierte Informationen auf Abruf und weiterf\u00fchrende Links zu den Themen Mundgesundheitspflege und Mundhygieneroutinen in englischer Sprache zur Verf\u00fcgung. Bilder und kurze Videos trugen dazu bei, die F\u00e4higkeit der Teilnehmenden zu steigern, Zahnfleischbluten und andere Probleme der Mundgesundheit erkennen und darauf reagieren zu k\u00f6nnen.<\/p>\n\n\n\n<p>Zwar sind die Studienergebnisse nicht generalisierbar, betonen die Forschenden, da die App-Tests nur in einer bestimmten geographischen Region stattfanden. Doch das Pilotprojekt erf\u00fcllte seinen Zweck, den Nutzen der App zu testen, \u201eum eine bessere Mundgesundheitsversorgung f\u00fcr Menschen mit Demenz zu unterst\u00fctzen.\u201c<\/p>\n\n\n\n<p><strong>Tipp f\u00fcr die Praxis:<\/strong><\/p>\n\n\n\n<p>Erweitern Sie Ihr Wissen rund um das Thema der Mundhygiene. <a href=\"https:\/\/www.wegweiser-demenz.de\/wwd\/alltag-und-pflege\/alltagssituationen\/koerperpflege-und-inkontinenz-191764\">Dabei k\u00f6nnen Ihnen Online Angebote wie der Wegweiser Demenz helfen.<\/a><\/p>\n\n\n\n<p><a href=\"https:\/\/onlinelibrary.wiley.com\/doi\/10.1111\/scd.12961\">Hier gelangen Sie zur Studie.<\/a><\/p>\n\n\n\n<p style=\"font-size:20px\"><\/p>\n\n\n\n<div style=\"height:20px\" aria-hidden=\"true\" class=\"wp-block-spacer\"><\/div>\n\n\n\n<div style=\"height:20px\" aria-hidden=\"true\" class=\"wp-block-spacer\"><\/div>","protected":false},"excerpt":{"rendered":"<p>Menschen mit kognitiven Einschr\u00e4nkungen oder Demenz f\u00e4llt es immer schwerer, auf ihre Mundhygiene zu achten. So kann eine unzureichende Mundhygiene zum Beispiel zu einer Lungenentz\u00fcndung f\u00fchren. Gefragt sind dann die pflegenden An- und Zugeh\u00f6rigen, die Betroffenen bei der Zahnpflege besser zu unterst\u00fctzen. Die Forschenden aus den USA haben dazu eine &hellip;<\/p>","protected":false},"author":12,"featured_media":34849,"comment_status":"open","ping_status":"closed","sticky":false,"template":"","format":"standard","meta":{"qubely_global_settings":"","qubely_interactions":"","_uag_custom_page_level_css":"","footnotes":""},"categories":[8,5],"tags":[13,239,28,12,532,650,17,919,918,55,1073,243,561,1074,1075],"class_list":["post-34844","post","type-post","status-publish","format-standard","has-post-thumbnail","hentry","category-aktuelles-zu-digidem","category-wissenschaft-forschung","tag-alzheimer","tag-app","tag-bayern","tag-demenz-2","tag-demenz-app","tag-demenzpflege","tag-digidem-bayern","tag-digidem-bayern-digital-update","tag-digital-update","tag-digitales-demenzregister-bayern","tag-lern-app","tag-mundgesundheit","tag-mundhygiene","tag-mundpflege","tag-zahnpflege"],"qubely_featured_image_url":{"full":["https:\/\/digidem-bayern.de\/wp-content\/uploads\/2024\/05\/2024-05-10-Lern-App-Mundhygiene.png",1080,1080,false],"landscape":["https:\/\/digidem-bayern.de\/wp-content\/uploads\/2024\/05\/2024-05-10-Lern-App-Mundhygiene-1080x750.png",1080,750,true],"portraits":["https:\/\/digidem-bayern.de\/wp-content\/uploads\/2024\/05\/2024-05-10-Lern-App-Mundhygiene-540x320.png",540,320,true],"thumbnail":["https:\/\/digidem-bayern.de\/wp-content\/uploads\/2024\/05\/2024-05-10-Lern-App-Mundhygiene-80x80.png",80,80,true],"medium":["https:\/\/digidem-bayern.de\/wp-content\/uploads\/2024\/05\/2024-05-10-Lern-App-Mundhygiene-300x300.png",300,300,true],"medium_large":["https:\/\/digidem-bayern.de\/wp-content\/uploads\/2024\/05\/2024-05-10-Lern-App-Mundhygiene-768x768.png",768,768,true],"large":["https:\/\/digidem-bayern.de\/wp-content\/uploads\/2024\/05\/2024-05-10-Lern-App-Mundhygiene-1030x1030.png",1030,1030,true],"1536x1536":["https:\/\/digidem-bayern.de\/wp-content\/uploads\/2024\/05\/2024-05-10-Lern-App-Mundhygiene.png",1080,1080,false],"2048x2048":["https:\/\/digidem-bayern.de\/wp-content\/uploads\/2024\/05\/2024-05-10-Lern-App-Mundhygiene.png",1080,1080,false],"trp-custom-language-flag":["https:\/\/digidem-bayern.de\/wp-content\/uploads\/2024\/05\/2024-05-10-Lern-App-Mundhygiene.png",12,12,false],"qubely_landscape":["https:\/\/digidem-bayern.de\/wp-content\/uploads\/2024\/05\/2024-05-10-Lern-App-Mundhygiene-1080x750.png",1080,750,true],"qubely_portrait":["https:\/\/digidem-bayern.de\/wp-content\/uploads\/2024\/05\/2024-05-10-Lern-App-Mundhygiene-540x320.png",540,320,true],"qubely_thumbnail":["https:\/\/digidem-bayern.de\/wp-content\/uploads\/2024\/05\/2024-05-10-Lern-App-Mundhygiene-140x100.png",140,100,true],"post-thumbnail":["https:\/\/digidem-bayern.de\/wp-content\/uploads\/2024\/05\/2024-05-10-Lern-App-Mundhygiene-350x350.png",350,350,true],"kahuna-featured":["https:\/\/digidem-bayern.de\/wp-content\/uploads\/2024\/05\/2024-05-10-Lern-App-Mundhygiene-734x350.png",734,350,true],"kahuna-featured-lp":["https:\/\/digidem-bayern.de\/wp-content\/uploads\/2024\/05\/2024-05-10-Lern-App-Mundhygiene-520x350.png",520,350,true],"kahuna-featured-half":["https:\/\/digidem-bayern.de\/wp-content\/uploads\/2024\/05\/2024-05-10-Lern-App-Mundhygiene-800x350.png",800,350,true],"kahuna-featured-third":["https:\/\/digidem-bayern.de\/wp-content\/uploads\/2024\/05\/2024-05-10-Lern-App-Mundhygiene-512x350.png",512,350,true],"kahuna-lpbox-1":["https:\/\/digidem-bayern.de\/wp-content\/uploads\/2024\/05\/2024-05-10-Lern-App-Mundhygiene-520x300.png",520,300,true],"kahuna-lpbox-2":["https:\/\/digidem-bayern.de\/wp-content\/uploads\/2024\/05\/2024-05-10-Lern-App-Mundhygiene-520x350.png",520,350,true],"demand-language-flag":["https:\/\/digidem-bayern.de\/wp-content\/uploads\/2024\/05\/2024-05-10-Lern-App-Mundhygiene-36x36.png",36,36,true],"dddkt-language-flag":["https:\/\/digidem-bayern.de\/wp-content\/uploads\/2024\/05\/2024-05-10-Lern-App-Mundhygiene-36x36.png",36,36,true],"ddiqc-language-flag":["https:\/\/digidem-bayern.de\/wp-content\/uploads\/2024\/05\/2024-05-10-Lern-App-Mundhygiene-36x36.png",36,36,true],"ddtl-language-flag":["https:\/\/digidem-bayern.de\/wp-content\/uploads\/2024\/05\/2024-05-10-Lern-App-Mundhygiene-36x36.png",36,36,true],"mailpoet_newsletter_max":["https:\/\/digidem-bayern.de\/wp-content\/uploads\/2024\/05\/2024-05-10-Lern-App-Mundhygiene.png",1080,1080,false],"kahuna-lpbox-3":["https:\/\/digidem-bayern.de\/wp-content\/uploads\/2024\/05\/2024-05-10-Lern-App-Mundhygiene-520x350.png",520,350,true],"kahuna-featured-square":["https:\/\/digidem-bayern.de\/wp-content\/uploads\/2024\/05\/2024-05-10-Lern-App-Mundhygiene-512x512.png",512,512,true],"kahuna-featured-square-large":["https:\/\/digidem-bayern.de\/wp-content\/uploads\/2024\/05\/2024-05-10-Lern-App-Mundhygiene-1024x1024.png",1024,1024,true]},"qubely_author":{"display_name":"Ilona H\u00f6rath","author_link":"https:\/\/digidem-bayern.de\/en\/author\/hoeratia\/"},"qubely_comment":1,"qubely_category":"<a href=\"https:\/\/digidem-bayern.de\/en\/category\/aktuelles-zu-digidem\/\" rel=\"category tag\">Aktuelles zu digiDEM<\/a> <a href=\"https:\/\/digidem-bayern.de\/en\/category\/wissenschaft-forschung\/\" rel=\"category tag\">Wissenschaft &amp; Forschung<\/a>","qubely_excerpt":"Menschen mit kognitiven Einschr\u00e4nkungen oder Demenz f\u00e4llt es immer schwerer, auf ihre Mundhygiene zu achten. So kann eine unzureichende Mundhygiene zum Beispiel zu einer Lungenentz\u00fcndung f\u00fchren. Gefragt sind dann die pflegenden An- und Zugeh\u00f6rigen, die Betroffenen bei der Zahnpflege besser zu unterst\u00fctzen. Die Forschenden aus den USA haben dazu eine &hellip;","featured_image_urls_v2":{"full":["https:\/\/digidem-bayern.de\/wp-content\/uploads\/2024\/05\/2024-05-10-Lern-App-Mundhygiene.png",1080,1080,false],"thumbnail":["https:\/\/digidem-bayern.de\/wp-content\/uploads\/2024\/05\/2024-05-10-Lern-App-Mundhygiene-80x80.png",80,80,true],"medium":["https:\/\/digidem-bayern.de\/wp-content\/uploads\/2024\/05\/2024-05-10-Lern-App-Mundhygiene-300x300.png",300,300,true],"medium_large":["https:\/\/digidem-bayern.de\/wp-content\/uploads\/2024\/05\/2024-05-10-Lern-App-Mundhygiene-768x768.png",768,768,true],"large":["https:\/\/digidem-bayern.de\/wp-content\/uploads\/2024\/05\/2024-05-10-Lern-App-Mundhygiene-1030x1030.png",1030,1030,true],"1536x1536":["https:\/\/digidem-bayern.de\/wp-content\/uploads\/2024\/05\/2024-05-10-Lern-App-Mundhygiene.png",1080,1080,false],"2048x2048":["https:\/\/digidem-bayern.de\/wp-content\/uploads\/2024\/05\/2024-05-10-Lern-App-Mundhygiene.png",1080,1080,false],"trp-custom-language-flag":["https:\/\/digidem-bayern.de\/wp-content\/uploads\/2024\/05\/2024-05-10-Lern-App-Mundhygiene.png",12,12,false],"qubely_landscape":["https:\/\/digidem-bayern.de\/wp-content\/uploads\/2024\/05\/2024-05-10-Lern-App-Mundhygiene-1080x750.png",1080,750,true],"qubely_portrait":["https:\/\/digidem-bayern.de\/wp-content\/uploads\/2024\/05\/2024-05-10-Lern-App-Mundhygiene-540x320.png",540,320,true],"qubely_thumbnail":["https:\/\/digidem-bayern.de\/wp-content\/uploads\/2024\/05\/2024-05-10-Lern-App-Mundhygiene-140x100.png",140,100,true],"post-thumbnail":["https:\/\/digidem-bayern.de\/wp-content\/uploads\/2024\/05\/2024-05-10-Lern-App-Mundhygiene-350x350.png",350,350,true],"kahuna-featured":["https:\/\/digidem-bayern.de\/wp-content\/uploads\/2024\/05\/2024-05-10-Lern-App-Mundhygiene-734x350.png",734,350,true],"kahuna-featured-lp":["https:\/\/digidem-bayern.de\/wp-content\/uploads\/2024\/05\/2024-05-10-Lern-App-Mundhygiene-520x350.png",520,350,true],"kahuna-featured-half":["https:\/\/digidem-bayern.de\/wp-content\/uploads\/2024\/05\/2024-05-10-Lern-App-Mundhygiene-800x350.png",800,350,true],"kahuna-featured-third":["https:\/\/digidem-bayern.de\/wp-content\/uploads\/2024\/05\/2024-05-10-Lern-App-Mundhygiene-512x350.png",512,350,true],"kahuna-lpbox-1":["https:\/\/digidem-bayern.de\/wp-content\/uploads\/2024\/05\/2024-05-10-Lern-App-Mundhygiene-520x300.png",520,300,true],"kahuna-lpbox-2":["https:\/\/digidem-bayern.de\/wp-content\/uploads\/2024\/05\/2024-05-10-Lern-App-Mundhygiene-520x350.png",520,350,true],"demand-language-flag":["https:\/\/digidem-bayern.de\/wp-content\/uploads\/2024\/05\/2024-05-10-Lern-App-Mundhygiene-36x36.png",36,36,true],"dddkt-language-flag":["https:\/\/digidem-bayern.de\/wp-content\/uploads\/2024\/05\/2024-05-10-Lern-App-Mundhygiene-36x36.png",36,36,true],"ddiqc-language-flag":["https:\/\/digidem-bayern.de\/wp-content\/uploads\/2024\/05\/2024-05-10-Lern-App-Mundhygiene-36x36.png",36,36,true],"ddtl-language-flag":["https:\/\/digidem-bayern.de\/wp-content\/uploads\/2024\/05\/2024-05-10-Lern-App-Mundhygiene-36x36.png",36,36,true],"mailpoet_newsletter_max":["https:\/\/digidem-bayern.de\/wp-content\/uploads\/2024\/05\/2024-05-10-Lern-App-Mundhygiene.png",1080,1080,false],"kahuna-lpbox-3":["https:\/\/digidem-bayern.de\/wp-content\/uploads\/2024\/05\/2024-05-10-Lern-App-Mundhygiene-520x350.png",520,350,true],"kahuna-featured-square":["https:\/\/digidem-bayern.de\/wp-content\/uploads\/2024\/05\/2024-05-10-Lern-App-Mundhygiene-512x512.png",512,512,true],"kahuna-featured-square-large":["https:\/\/digidem-bayern.de\/wp-content\/uploads\/2024\/05\/2024-05-10-Lern-App-Mundhygiene-1024x1024.png",1024,1024,true]},"post_excerpt_stackable_v2":"<p>Menschen mit kognitiven Einschr\u00e4nkungen oder Demenz f\u00e4llt es immer schwerer, auf ihre Mundhygiene zu achten. So kann eine unzureichende Mundhygiene zum Beispiel zu einer Lungenentz\u00fcndung f\u00fchren. Gefragt sind dann die pflegenden An- und Zugeh\u00f6rigen, die Betroffenen bei der Zahnpflege besser zu unterst\u00fctzen. Die Forschenden aus den USA haben dazu eine spezielle App entwickelt, die pflegende Personen dabei unterst\u00fctzen soll, bei den Betroffenen eine gesunde Mundhygiene zu erreichen und auch beizubehalten. Sie kann dabei sowohl von pflegenden An- und Zugeh\u00f6rigen als auch von Krankenpflegern und -assistenten in Pflegeeinrichtungen genutzt werden. Die unterschiedlichen Tests f\u00fchrten dabei zu positiven Ergebnissen. Die Teilnehmenden der&hellip;<\/p>\n","category_list_v2":"<a href=\"https:\/\/digidem-bayern.de\/en\/category\/aktuelles-zu-digidem\/\" rel=\"category tag\">Aktuelles zu digiDEM<\/a>, <a href=\"https:\/\/digidem-bayern.de\/en\/category\/wissenschaft-forschung\/\" rel=\"category tag\">Wissenschaft &amp; Forschung<\/a>","author_info_v2":{"name":"Ilona H\u00f6rath","url":"https:\/\/digidem-bayern.de\/en\/author\/hoeratia\/"},"comments_num_v2":"0 comments","yoast_head":"<!-- This site is optimized with the Yoast SEO plugin v27.5 - https:\/\/yoast.com\/product\/yoast-seo-wordpress\/ -->\n<title>Wertvolle Lern-App f\u00fcr die Mundhygiene - digiDEM Bayern<\/title>\n<meta name=\"description\" content=\"Der Bayerische Landesapothekerkammer unterst\u00fctzt digiDEM Bayern mit Hilfe des Netzwerks &quot;Demenzfreundliche Apotheken&quot;.\" \/>\n<meta name=\"robots\" content=\"index, follow, max-snippet:-1, max-image-preview:large, max-video-preview:-1\" \/>\n<link rel=\"canonical\" href=\"https:\/\/digidem-bayern.de\/en\/wertvolle-lern-app-fuer-die-mundhygiene\/\" \/>\n<meta property=\"og:locale\" content=\"en_US\" \/>\n<meta property=\"og:type\" content=\"article\" \/>\n<meta property=\"og:title\" content=\"Wertvolle Lern-App f\u00fcr die Mundhygiene - digiDEM Bayern\" \/>\n<meta property=\"og:description\" content=\"Der Bayerische Landesapothekerkammer unterst\u00fctzt digiDEM Bayern mit Hilfe des Netzwerks &quot;Demenzfreundliche Apotheken&quot;.\" \/>\n<meta property=\"og:url\" content=\"https:\/\/digidem-bayern.de\/en\/wertvolle-lern-app-fuer-die-mundhygiene\/\" \/>\n<meta property=\"og:site_name\" content=\"digiDEM Bayern\" \/>\n<meta property=\"article:publisher\" content=\"https:\/\/www.facebook.com\/digiDEMBayern\/\" \/>\n<meta property=\"article:published_time\" content=\"2024-05-10T07:52:45+00:00\" \/>\n<meta property=\"article:modified_time\" content=\"2024-05-10T08:02:09+00:00\" \/>\n<meta property=\"og:image\" content=\"https:\/\/digidem-bayern.de\/wp-content\/uploads\/2024\/05\/2024-05-10-Lern-App-Mundhygiene.png\" \/>\n\t<meta property=\"og:image:width\" content=\"1080\" \/>\n\t<meta property=\"og:image:height\" content=\"1080\" \/>\n\t<meta property=\"og:image:type\" content=\"image\/png\" \/>\n<meta name=\"author\" content=\"Ilona H\u00f6rath\" \/>\n<meta name=\"twitter:label1\" content=\"Written by\" \/>\n\t<meta name=\"twitter:data1\" content=\"Ilona H\u00f6rath\" \/>\n\t<meta name=\"twitter:label2\" content=\"Est. reading time\" \/>\n\t<meta name=\"twitter:data2\" content=\"2 minutes\" \/>\n<script type=\"application\/ld+json\" class=\"yoast-schema-graph\">{\"@context\":\"https:\\\/\\\/schema.org\",\"@graph\":[{\"@type\":\"Article\",\"@id\":\"https:\\\/\\\/digidem-bayern.de\\\/wertvolle-lern-app-fuer-die-mundhygiene\\\/#article\",\"isPartOf\":{\"@id\":\"https:\\\/\\\/digidem-bayern.de\\\/wertvolle-lern-app-fuer-die-mundhygiene\\\/\"},\"author\":{\"name\":\"Ilona H\u00f6rath\",\"@id\":\"\\\/#\\\/schema\\\/person\\\/0bc1494f46fc2a051c761322a80e0941\"},\"headline\":\"Wertvolle Lern-App f\u00fcr die Mundhygiene\",\"datePublished\":\"2024-05-10T07:52:45+00:00\",\"dateModified\":\"2024-05-10T08:02:09+00:00\",\"mainEntityOfPage\":{\"@id\":\"https:\\\/\\\/digidem-bayern.de\\\/wertvolle-lern-app-fuer-die-mundhygiene\\\/\"},\"wordCount\":378,\"commentCount\":0,\"publisher\":{\"@id\":\"\\\/#organization\"},\"image\":{\"@id\":\"https:\\\/\\\/digidem-bayern.de\\\/wertvolle-lern-app-fuer-die-mundhygiene\\\/#primaryimage\"},\"thumbnailUrl\":\"https:\\\/\\\/digidem-bayern.de\\\/wp-content\\\/uploads\\\/2024\\\/05\\\/2024-05-10-Lern-App-Mundhygiene.png\",\"keywords\":[\"Alzheimer\",\"App\",\"Bayern\",\"Demenz\",\"Demenz-App\",\"Demenzpflege\",\"digidem Bayern\",\"digiDEM Bayern DIGITAL UPDATE\",\"DIGITAL UPDATE\",\"Digitales Demenzregister Bayern\",\"Lern-App\",\"Mundgesundheit\",\"Mundhygiene\",\"Mundpflege\",\"Zahnpflege\"],\"articleSection\":[\"Aktuelles zu digiDEM\",\"Wissenschaft &amp; Forschung\"],\"inLanguage\":\"en-US\",\"potentialAction\":[{\"@type\":\"CommentAction\",\"name\":\"Comment\",\"target\":[\"https:\\\/\\\/digidem-bayern.de\\\/wertvolle-lern-app-fuer-die-mundhygiene\\\/#respond\"]}]},{\"@type\":\"WebPage\",\"@id\":\"https:\\\/\\\/digidem-bayern.de\\\/wertvolle-lern-app-fuer-die-mundhygiene\\\/\",\"url\":\"https:\\\/\\\/digidem-bayern.de\\\/wertvolle-lern-app-fuer-die-mundhygiene\\\/\",\"name\":\"Wertvolle Lern-App f\u00fcr die Mundhygiene - digiDEM Bayern\",\"isPartOf\":{\"@id\":\"\\\/#website\"},\"primaryImageOfPage\":{\"@id\":\"https:\\\/\\\/digidem-bayern.de\\\/wertvolle-lern-app-fuer-die-mundhygiene\\\/#primaryimage\"},\"image\":{\"@id\":\"https:\\\/\\\/digidem-bayern.de\\\/wertvolle-lern-app-fuer-die-mundhygiene\\\/#primaryimage\"},\"thumbnailUrl\":\"https:\\\/\\\/digidem-bayern.de\\\/wp-content\\\/uploads\\\/2024\\\/05\\\/2024-05-10-Lern-App-Mundhygiene.png\",\"datePublished\":\"2024-05-10T07:52:45+00:00\",\"dateModified\":\"2024-05-10T08:02:09+00:00\",\"description\":\"Der Bayerische Landesapothekerkammer unterst\u00fctzt digiDEM Bayern mit Hilfe des Netzwerks \\\"Demenzfreundliche Apotheken\\\".\",\"breadcrumb\":{\"@id\":\"https:\\\/\\\/digidem-bayern.de\\\/wertvolle-lern-app-fuer-die-mundhygiene\\\/#breadcrumb\"},\"inLanguage\":\"en-US\",\"potentialAction\":[{\"@type\":\"ReadAction\",\"target\":[\"https:\\\/\\\/digidem-bayern.de\\\/wertvolle-lern-app-fuer-die-mundhygiene\\\/\"]}]},{\"@type\":\"ImageObject\",\"inLanguage\":\"en-US\",\"@id\":\"https:\\\/\\\/digidem-bayern.de\\\/wertvolle-lern-app-fuer-die-mundhygiene\\\/#primaryimage\",\"url\":\"https:\\\/\\\/digidem-bayern.de\\\/wp-content\\\/uploads\\\/2024\\\/05\\\/2024-05-10-Lern-App-Mundhygiene.png\",\"contentUrl\":\"https:\\\/\\\/digidem-bayern.de\\\/wp-content\\\/uploads\\\/2024\\\/05\\\/2024-05-10-Lern-App-Mundhygiene.png\",\"width\":1080,\"height\":1080,\"caption\":\"Menschen mit kognitiven Einschr\u00e4nkungen oder Demenz f\u00e4llt es immer schwerer, auf ihre Mundhygiene zu achten.\"},{\"@type\":\"BreadcrumbList\",\"@id\":\"https:\\\/\\\/digidem-bayern.de\\\/wertvolle-lern-app-fuer-die-mundhygiene\\\/#breadcrumb\",\"itemListElement\":[{\"@type\":\"ListItem\",\"position\":1,\"name\":\"Startseite\",\"item\":\"https:\\\/\\\/digidem-bayern.de\\\/\"},{\"@type\":\"ListItem\",\"position\":2,\"name\":\"Wertvolle Lern-App f\u00fcr die Mundhygiene\"}]},{\"@type\":\"WebSite\",\"@id\":\"\\\/#website\",\"url\":\"\\\/\",\"name\":\"digiDEM Bayern\",\"description\":\"Das digitale Demenzregister Bayern erforscht und verbessert die Angebotsstuktur f\u00fcr Menschen mit Demenz und deren Angeh\u00f6rige\",\"publisher\":{\"@id\":\"\\\/#organization\"},\"potentialAction\":[{\"@type\":\"SearchAction\",\"target\":{\"@type\":\"EntryPoint\",\"urlTemplate\":\"\\\/?s={search_term_string}\"},\"query-input\":{\"@type\":\"PropertyValueSpecification\",\"valueRequired\":true,\"valueName\":\"search_term_string\"}}],\"inLanguage\":\"en-US\"},{\"@type\":\"Organization\",\"@id\":\"\\\/#organization\",\"name\":\"digiDEM Bayern\",\"url\":\"\\\/\",\"logo\":{\"@type\":\"ImageObject\",\"inLanguage\":\"en-US\",\"@id\":\"\\\/#\\\/schema\\\/logo\\\/image\\\/\",\"url\":\"https:\\\/\\\/digidem-bayern.de\\\/wp-content\\\/uploads\\\/2022\\\/03\\\/cropped-Allgemeines_digiDEMLOGO-removebg-preview.png\",\"contentUrl\":\"https:\\\/\\\/digidem-bayern.de\\\/wp-content\\\/uploads\\\/2022\\\/03\\\/cropped-Allgemeines_digiDEMLOGO-removebg-preview.png\",\"width\":612,\"height\":357,\"caption\":\"digiDEM Bayern\"},\"image\":{\"@id\":\"\\\/#\\\/schema\\\/logo\\\/image\\\/\"},\"sameAs\":[\"https:\\\/\\\/www.facebook.com\\\/digiDEMBayern\\\/\",\"https:\\\/\\\/x.com\\\/digidem_bayern\",\"https:\\\/\\\/www.instagram.com\\\/digidem.bayern\",\"https:\\\/\\\/www.linkedin.com\\\/company\\\/digidem-bayern\\\/\"]},{\"@type\":\"Person\",\"@id\":\"\\\/#\\\/schema\\\/person\\\/0bc1494f46fc2a051c761322a80e0941\",\"name\":\"Ilona H\u00f6rath\",\"url\":\"https:\\\/\\\/digidem-bayern.de\\\/en\\\/author\\\/hoeratia\\\/\"}]}<\/script>\n<!-- \/ Yoast SEO plugin. -->","yoast_head_json":{"title":"Wertvolle Lern-App f\u00fcr die Mundhygiene - digiDEM Bayern","description":"Der Bayerische Landesapothekerkammer unterst\u00fctzt digiDEM Bayern mit Hilfe des Netzwerks \"Demenzfreundliche Apotheken\".","robots":{"index":"index","follow":"follow","max-snippet":"max-snippet:-1","max-image-preview":"max-image-preview:large","max-video-preview":"max-video-preview:-1"},"canonical":"https:\/\/digidem-bayern.de\/en\/wertvolle-lern-app-fuer-die-mundhygiene\/","og_locale":"en_US","og_type":"article","og_title":"Wertvolle Lern-App f\u00fcr die Mundhygiene - digiDEM Bayern","og_description":"Der Bayerische Landesapothekerkammer unterst\u00fctzt digiDEM Bayern mit Hilfe des Netzwerks \"Demenzfreundliche Apotheken\".","og_url":"https:\/\/digidem-bayern.de\/en\/wertvolle-lern-app-fuer-die-mundhygiene\/","og_site_name":"digiDEM Bayern","article_publisher":"https:\/\/www.facebook.com\/digiDEMBayern\/","article_published_time":"2024-05-10T07:52:45+00:00","article_modified_time":"2024-05-10T08:02:09+00:00","og_image":[{"width":1080,"height":1080,"url":"https:\/\/digidem-bayern.de\/wp-content\/uploads\/2024\/05\/2024-05-10-Lern-App-Mundhygiene.png","type":"image\/png"}],"author":"Ilona H\u00f6rath","twitter_misc":{"Written by":"Ilona H\u00f6rath","Est. reading time":"2 minutes"},"schema":{"@context":"https:\/\/schema.org","@graph":[{"@type":"Article","@id":"https:\/\/digidem-bayern.de\/wertvolle-lern-app-fuer-die-mundhygiene\/#article","isPartOf":{"@id":"https:\/\/digidem-bayern.de\/wertvolle-lern-app-fuer-die-mundhygiene\/"},"author":{"name":"Ilona H\u00f6rath","@id":"\/#\/schema\/person\/0bc1494f46fc2a051c761322a80e0941"},"headline":"Wertvolle Lern-App f\u00fcr die Mundhygiene","datePublished":"2024-05-10T07:52:45+00:00","dateModified":"2024-05-10T08:02:09+00:00","mainEntityOfPage":{"@id":"https:\/\/digidem-bayern.de\/wertvolle-lern-app-fuer-die-mundhygiene\/"},"wordCount":378,"commentCount":0,"publisher":{"@id":"\/#organization"},"image":{"@id":"https:\/\/digidem-bayern.de\/wertvolle-lern-app-fuer-die-mundhygiene\/#primaryimage"},"thumbnailUrl":"https:\/\/digidem-bayern.de\/wp-content\/uploads\/2024\/05\/2024-05-10-Lern-App-Mundhygiene.png","keywords":["Alzheimer","App","Bayern","Demenz","Demenz-App","Demenzpflege","digidem Bayern","digiDEM Bayern DIGITAL UPDATE","DIGITAL UPDATE","Digitales Demenzregister Bayern","Lern-App","Mundgesundheit","Mundhygiene","Mundpflege","Zahnpflege"],"articleSection":["Aktuelles zu digiDEM","Wissenschaft &amp; Forschung"],"inLanguage":"en-US","potentialAction":[{"@type":"CommentAction","name":"Comment","target":["https:\/\/digidem-bayern.de\/wertvolle-lern-app-fuer-die-mundhygiene\/#respond"]}]},{"@type":"WebPage","@id":"https:\/\/digidem-bayern.de\/wertvolle-lern-app-fuer-die-mundhygiene\/","url":"https:\/\/digidem-bayern.de\/wertvolle-lern-app-fuer-die-mundhygiene\/","name":"Wertvolle Lern-App f\u00fcr die Mundhygiene - digiDEM Bayern","isPartOf":{"@id":"\/#website"},"primaryImageOfPage":{"@id":"https:\/\/digidem-bayern.de\/wertvolle-lern-app-fuer-die-mundhygiene\/#primaryimage"},"image":{"@id":"https:\/\/digidem-bayern.de\/wertvolle-lern-app-fuer-die-mundhygiene\/#primaryimage"},"thumbnailUrl":"https:\/\/digidem-bayern.de\/wp-content\/uploads\/2024\/05\/2024-05-10-Lern-App-Mundhygiene.png","datePublished":"2024-05-10T07:52:45+00:00","dateModified":"2024-05-10T08:02:09+00:00","description":"Der Bayerische Landesapothekerkammer unterst\u00fctzt digiDEM Bayern mit Hilfe des Netzwerks \"Demenzfreundliche Apotheken\".","breadcrumb":{"@id":"https:\/\/digidem-bayern.de\/wertvolle-lern-app-fuer-die-mundhygiene\/#breadcrumb"},"inLanguage":"en-US","potentialAction":[{"@type":"ReadAction","target":["https:\/\/digidem-bayern.de\/wertvolle-lern-app-fuer-die-mundhygiene\/"]}]},{"@type":"ImageObject","inLanguage":"en-US","@id":"https:\/\/digidem-bayern.de\/wertvolle-lern-app-fuer-die-mundhygiene\/#primaryimage","url":"https:\/\/digidem-bayern.de\/wp-content\/uploads\/2024\/05\/2024-05-10-Lern-App-Mundhygiene.png","contentUrl":"https:\/\/digidem-bayern.de\/wp-content\/uploads\/2024\/05\/2024-05-10-Lern-App-Mundhygiene.png","width":1080,"height":1080,"caption":"Menschen mit kognitiven Einschr\u00e4nkungen oder Demenz f\u00e4llt es immer schwerer, auf ihre Mundhygiene zu achten."},{"@type":"BreadcrumbList","@id":"https:\/\/digidem-bayern.de\/wertvolle-lern-app-fuer-die-mundhygiene\/#breadcrumb","itemListElement":[{"@type":"ListItem","position":1,"name":"Startseite","item":"https:\/\/digidem-bayern.de\/"},{"@type":"ListItem","position":2,"name":"Wertvolle Lern-App f\u00fcr die Mundhygiene"}]},{"@type":"WebSite","@id":"\/#website","url":"\/","name":"digiDEM Bavaria","description":"The digital dementia register in Bavaria researches and improves the structure of services for people with dementia and their relatives","publisher":{"@id":"\/#organization"},"potentialAction":[{"@type":"SearchAction","target":{"@type":"EntryPoint","urlTemplate":"\/?s={search_term_string}"},"query-input":{"@type":"PropertyValueSpecification","valueRequired":true,"valueName":"search_term_string"}}],"inLanguage":"en-US"},{"@type":"Organization","@id":"\/#organization","name":"digiDEM Bavaria","url":"\/","logo":{"@type":"ImageObject","inLanguage":"en-US","@id":"\/#\/schema\/logo\/image\/","url":"https:\/\/digidem-bayern.de\/wp-content\/uploads\/2022\/03\/cropped-Allgemeines_digiDEMLOGO-removebg-preview.png","contentUrl":"https:\/\/digidem-bayern.de\/wp-content\/uploads\/2022\/03\/cropped-Allgemeines_digiDEMLOGO-removebg-preview.png","width":612,"height":357,"caption":"digiDEM Bayern"},"image":{"@id":"\/#\/schema\/logo\/image\/"},"sameAs":["https:\/\/www.facebook.com\/digiDEMBayern\/","https:\/\/x.com\/digidem_bayern","https:\/\/www.instagram.com\/digidem.bayern","https:\/\/www.linkedin.com\/company\/digidem-bayern\/"]},{"@type":"Person","@id":"\/#\/schema\/person\/0bc1494f46fc2a051c761322a80e0941","name":"Ilona H\u00f6rath","url":"https:\/\/digidem-bayern.de\/en\/author\/hoeratia\/"}]}},"uagb_featured_image_src":{"full":["https:\/\/digidem-bayern.de\/wp-content\/uploads\/2024\/05\/2024-05-10-Lern-App-Mundhygiene.png",1080,1080,false],"thumbnail":["https:\/\/digidem-bayern.de\/wp-content\/uploads\/2024\/05\/2024-05-10-Lern-App-Mundhygiene-80x80.png",80,80,true],"medium":["https:\/\/digidem-bayern.de\/wp-content\/uploads\/2024\/05\/2024-05-10-Lern-App-Mundhygiene-300x300.png",300,300,true],"medium_large":["https:\/\/digidem-bayern.de\/wp-content\/uploads\/2024\/05\/2024-05-10-Lern-App-Mundhygiene-768x768.png",768,768,true],"large":["https:\/\/digidem-bayern.de\/wp-content\/uploads\/2024\/05\/2024-05-10-Lern-App-Mundhygiene-1030x1030.png",1030,1030,true],"1536x1536":["https:\/\/digidem-bayern.de\/wp-content\/uploads\/2024\/05\/2024-05-10-Lern-App-Mundhygiene.png",1080,1080,false],"2048x2048":["https:\/\/digidem-bayern.de\/wp-content\/uploads\/2024\/05\/2024-05-10-Lern-App-Mundhygiene.png",1080,1080,false],"trp-custom-language-flag":["https:\/\/digidem-bayern.de\/wp-content\/uploads\/2024\/05\/2024-05-10-Lern-App-Mundhygiene.png",12,12,false],"qubely_landscape":["https:\/\/digidem-bayern.de\/wp-content\/uploads\/2024\/05\/2024-05-10-Lern-App-Mundhygiene-1080x750.png",1080,750,true],"qubely_portrait":["https:\/\/digidem-bayern.de\/wp-content\/uploads\/2024\/05\/2024-05-10-Lern-App-Mundhygiene-540x320.png",540,320,true],"qubely_thumbnail":["https:\/\/digidem-bayern.de\/wp-content\/uploads\/2024\/05\/2024-05-10-Lern-App-Mundhygiene-140x100.png",140,100,true],"post-thumbnail":["https:\/\/digidem-bayern.de\/wp-content\/uploads\/2024\/05\/2024-05-10-Lern-App-Mundhygiene-350x350.png",350,350,true],"kahuna-featured":["https:\/\/digidem-bayern.de\/wp-content\/uploads\/2024\/05\/2024-05-10-Lern-App-Mundhygiene-734x350.png",734,350,true],"kahuna-featured-lp":["https:\/\/digidem-bayern.de\/wp-content\/uploads\/2024\/05\/2024-05-10-Lern-App-Mundhygiene-520x350.png",520,350,true],"kahuna-featured-half":["https:\/\/digidem-bayern.de\/wp-content\/uploads\/2024\/05\/2024-05-10-Lern-App-Mundhygiene-800x350.png",800,350,true],"kahuna-featured-third":["https:\/\/digidem-bayern.de\/wp-content\/uploads\/2024\/05\/2024-05-10-Lern-App-Mundhygiene-512x350.png",512,350,true],"kahuna-lpbox-1":["https:\/\/digidem-bayern.de\/wp-content\/uploads\/2024\/05\/2024-05-10-Lern-App-Mundhygiene-520x300.png",520,300,true],"kahuna-lpbox-2":["https:\/\/digidem-bayern.de\/wp-content\/uploads\/2024\/05\/2024-05-10-Lern-App-Mundhygiene-520x350.png",520,350,true],"demand-language-flag":["https:\/\/digidem-bayern.de\/wp-content\/uploads\/2024\/05\/2024-05-10-Lern-App-Mundhygiene-36x36.png",36,36,true],"dddkt-language-flag":["https:\/\/digidem-bayern.de\/wp-content\/uploads\/2024\/05\/2024-05-10-Lern-App-Mundhygiene-36x36.png",36,36,true],"ddiqc-language-flag":["https:\/\/digidem-bayern.de\/wp-content\/uploads\/2024\/05\/2024-05-10-Lern-App-Mundhygiene-36x36.png",36,36,true],"ddtl-language-flag":["https:\/\/digidem-bayern.de\/wp-content\/uploads\/2024\/05\/2024-05-10-Lern-App-Mundhygiene-36x36.png",36,36,true],"mailpoet_newsletter_max":["https:\/\/digidem-bayern.de\/wp-content\/uploads\/2024\/05\/2024-05-10-Lern-App-Mundhygiene.png",1080,1080,false],"kahuna-lpbox-3":["https:\/\/digidem-bayern.de\/wp-content\/uploads\/2024\/05\/2024-05-10-Lern-App-Mundhygiene-520x350.png",520,350,true],"kahuna-featured-square":["https:\/\/digidem-bayern.de\/wp-content\/uploads\/2024\/05\/2024-05-10-Lern-App-Mundhygiene-512x512.png",512,512,true],"kahuna-featured-square-large":["https:\/\/digidem-bayern.de\/wp-content\/uploads\/2024\/05\/2024-05-10-Lern-App-Mundhygiene-1024x1024.png",1024,1024,true]},"uagb_author_info":{"display_name":"Ilona H\u00f6rath","author_link":"https:\/\/digidem-bayern.de\/en\/author\/hoeratia\/"},"uagb_comment_info":1,"uagb_excerpt":"Menschen mit kognitiven Einschr\u00e4nkungen oder Demenz f\u00e4llt es immer schwerer, auf ihre Mundhygiene zu achten. So kann eine unzureichende Mundhygiene zum Beispiel zu einer Lungenentz\u00fcndung f\u00fchren. Gefragt sind dann die pflegenden An- und Zugeh\u00f6rigen, die Betroffenen bei der Zahnpflege besser zu unterst\u00fctzen. Die Forschenden aus den USA haben dazu eine &hellip;","_links":{"self":[{"href":"https:\/\/digidem-bayern.de\/en\/wp-json\/wp\/v2\/posts\/34844","targetHints":{"allow":["GET"]}}],"collection":[{"href":"https:\/\/digidem-bayern.de\/en\/wp-json\/wp\/v2\/posts"}],"about":[{"href":"https:\/\/digidem-bayern.de\/en\/wp-json\/wp\/v2\/types\/post"}],"author":[{"embeddable":true,"href":"https:\/\/digidem-bayern.de\/en\/wp-json\/wp\/v2\/users\/12"}],"replies":[{"embeddable":true,"href":"https:\/\/digidem-bayern.de\/en\/wp-json\/wp\/v2\/comments?post=34844"}],"version-history":[{"count":2,"href":"https:\/\/digidem-bayern.de\/en\/wp-json\/wp\/v2\/posts\/34844\/revisions"}],"predecessor-version":[{"id":34852,"href":"https:\/\/digidem-bayern.de\/en\/wp-json\/wp\/v2\/posts\/34844\/revisions\/34852"}],"wp:featuredmedia":[{"embeddable":true,"href":"https:\/\/digidem-bayern.de\/en\/wp-json\/wp\/v2\/media\/34849"}],"wp:attachment":[{"href":"https:\/\/digidem-bayern.de\/en\/wp-json\/wp\/v2\/media?parent=34844"}],"wp:term":[{"taxonomy":"category","embeddable":true,"href":"https:\/\/digidem-bayern.de\/en\/wp-json\/wp\/v2\/categories?post=34844"},{"taxonomy":"post_tag","embeddable":true,"href":"https:\/\/digidem-bayern.de\/en\/wp-json\/wp\/v2\/tags?post=34844"}],"curies":[{"name":"wp","href":"https:\/\/api.w.org\/{rel}","templated":true}]}}