{"id":34577,"date":"2024-04-26T15:30:00","date_gmt":"2024-04-26T13:30:00","guid":{"rendered":"https:\/\/digidem-bayern.de\/?p=34577"},"modified":"2024-07-18T12:59:41","modified_gmt":"2024-07-18T10:59:41","slug":"03-lla-abfuehrmittel-koennen-demenzrisiko-erhoehen","status":"publish","type":"post","link":"https:\/\/digidem-bayern.de\/en\/03-lla-abfuehrmittel-koennen-demenzrisiko-erhoehen\/","title":{"rendered":"Abf\u00fchrmittel k\u00f6nnen Demenzrisiko erh\u00f6hen"},"content":{"rendered":"<p><strong><strong>Die meisten Abf\u00fchrmittel sind rezeptfrei erh\u00e4ltlich, ihre Einnahme ist weit verbreitet. Doch Forschende aus China sehen einen Zusammenhang zwischen dem kontinuierlichen Gebrauch von Abf\u00fchrmitteln und einem erh\u00f6hten Risiko f\u00fcr Demenzen jeglicher Art.<\/strong> <\/strong><\/p>\n\n\n\n<p> <\/p>\n\n\n\n<p>Chronische Verstopfung ist ein in der Bev\u00f6lkerung weit verbreitetes Thema, gerade unter \u00e4lteren Menschen. Etwa 40 Prozent der in Wohngemeinschaften lebenden \u00e4lteren Erwachsenen und sogar 70 Prozent der Pflegeheimbewohner sind davon betroffen. Abf\u00fchrmittel sind dabei f\u00fcr viele das erste Mittel der Wahl, um Abhilfe zu schaffen. Viele d\u00fcrfte \u00fcberraschen, was chinesische Forschende in dem Fachmagazin <em>Neurology<\/em> erstmals ver\u00f6ffentlicht haben. Die regelm\u00e4\u00dfige Einnahme von Abf\u00fchrmitteln war, so schreiben die Autoren, mit einem h\u00f6heren Risiko einer Demenz jeglicher Ursache verbunden.<\/p>\n\n\n<div class=\"wp-block-image\">\n<figure class=\"alignright size-full is-resized\"><img loading=\"lazy\" decoding=\"async\" width=\"1000\" height=\"667\" src=\"https:\/\/digidem-bayern.de\/wp-content\/uploads\/2024\/04\/shutterstock_Abfuehrmittel-644195584.jpg\" alt=\"Chronische Verstopfung ist ein in der Bev\u00f6lkerung weit verbreitetes Thema, gerade unter \u00e4lteren Menschen.\" class=\"wp-image-34614\" style=\"width:517px;height:auto\" srcset=\"https:\/\/digidem-bayern.de\/wp-content\/uploads\/2024\/04\/shutterstock_Abfuehrmittel-644195584.jpg 1000w, https:\/\/digidem-bayern.de\/wp-content\/uploads\/2024\/04\/shutterstock_Abfuehrmittel-644195584-300x200.jpg 300w, https:\/\/digidem-bayern.de\/wp-content\/uploads\/2024\/04\/shutterstock_Abfuehrmittel-644195584-768x512.jpg 768w, https:\/\/digidem-bayern.de\/wp-content\/uploads\/2024\/04\/shutterstock_Abfuehrmittel-644195584-525x350.jpg 525w\" sizes=\"auto, (max-width: 1000px) 100vw, 1000px\" \/><figcaption class=\"wp-element-caption\">Foto: Shutterstock<\/figcaption><\/figure>\n<\/div>\n\n\n<p>Insbesondere bei denjenigen war das Risiko h\u00f6her, eine Demenz zu entwickeln, die unterschiedliche Arten von Abf\u00fchrmitteln verwendeten oder sogenannte osmotische Abf\u00fchrmittel w\u00e4hlten. Zu diesen z\u00e4hlt zum Beispiel Glaubersalz. Sie ziehen Wasser in den Darm, was den Stuhl verd\u00fcnnt und letztlich Stuhlgang ausl\u00f6st. Bei denjenigen, die nur osmotische Abf\u00fchrmittel einnahmen, zeigte sich sogar ein noch h\u00f6heres Demenzrisiko.<\/p>\n\n\n\n<p><strong>Mehr als 500.000 Studienteilnehmende<\/strong><\/p>\n\n\n\n<p>In der Studie haben die Wissenschaftler und Wissenschaftlerinnen die Daten von mehr als 500.000 Teilnehmenden aus England, Wales und Schottland im Alter zwischen 40 und 69 Jahren ausgewertet. Mehr als 54 Prozent davon waren Frauen. Zum Zeitpunkt der Demenzdiagnose betrug das Durchschnittsalter 67,1 Jahre. Zu Studienbeginn war keiner der Freiwilligen an Demenz erkrankt. Die Daten stammten alle aus der sogenannten Biobank in Gro\u00dfbritannien. So berichteten die Personen etwa mit Hilfe von Touchscreen-Frageb\u00f6gen und in m\u00fcndlichen Interviews \u00fcber ihren Konsum von Abf\u00fchrmitteln.<\/p>\n\n\n\n<p>Innerhalb des langen Nachbeobachtungszeitraumes von durchschnittlich 9,8 Jahren wurde bei 1,3 Prozent der Teilnehmenden, die regelm\u00e4\u00dfig Abf\u00fchrmittel eingenommen hatten, die Diagnose Demenz gestellt. Bei jenen, die auf Abf\u00fchrmittel verzichteten, entwickelten jedoch nur 0,4 Prozent eine Demenz.<\/p>\n\n\n\n<p><strong>Einfluss auf Mikrobiom des Darmes und kognitive Funktionen<\/strong><\/p>\n\n\n\n<p>Zwar m\u00fcssen die Mechanismen, die den Zusammenhang zwischen der Einnahme von Abf\u00fchrmitteln und der Entstehung einer Demenz erkl\u00e4ren k\u00f6nnen, noch untersucht werden. Laut Autorengruppe k\u00f6nnte ein zugrunde liegender Wirkmechanismus sein, \u201edass Abf\u00fchrmittel die Zusammensetzung des Darmmikrobioms und beeinflussen und damit die Produktion zahlreicher sogenannter Neurotransmitter f\u00fcr eine normale kognitive Funktion beeintr\u00e4chtigen k\u00f6nnen.<\/p>\n\n\n\n<p>In der Studie weisen die Forschenden darauf hin:<strong> \u201e<\/strong>Wenn sich die langfristige Nebenwirkung von Abf\u00fchrmitteln auf die Kognition best\u00e4tigt, sollten Mediziner diese Informationen auch an die Beteiligten weitergeben, um das Risiko einer Demenz aufgrund von Missbrauch oder \u00fcberm\u00e4\u00dfigem Gebrauch von Abf\u00fchrmitteln zu verringern.\u201c Um Verstopfung zu lindern, empfehlen die Autoren anstelle der regelm\u00e4\u00dfigen Einnahme von Abf\u00fchrmitteln eine \u00c4nderung des Lebensstils etwa hin zu mehr Bewegung und mehr ballaststoffreicher Nahrung.<\/p>\n\n\n\n<p><strong>Tipp f\u00fcr die Praxis: <\/strong>Ballaststoffreiche Lebensmittel helfen die Darmbewegung anzuregen, sollten aber immer zusammen mit ausreichend Fl\u00fcssigkeit verzehrt werden.<\/p>\n\n\n\n<p>Hier geht&#8217;s zur Studie:<\/p>\n\n\n\n<p><a href=\"https:\/\/www.neurology.org\/doi\/full\/10.1212\/WNL.0000000000207081\">Association Between Regular Laxative Use and Incident Dementia in UK Biobank Participants<\/a><\/p>\n\n\n\n<p><\/p>\n\n\n\n<div style=\"height:20px\" aria-hidden=\"true\" class=\"wp-block-spacer\"><\/div>\n\n\n\n<div style=\"height:20px\" aria-hidden=\"true\" class=\"wp-block-spacer\"><\/div>","protected":false},"excerpt":{"rendered":"<p>Die meisten Abf\u00fchrmittel sind rezeptfrei erh\u00e4ltlich, ihre Einnahme ist weit verbreitet. Doch Forschende aus China sehen einen Zusammenhang zwischen dem kontinuierlichen Gebrauch von Abf\u00fchrmitteln und einem erh\u00f6hten Risiko f\u00fcr Demenzen jeglicher Art. Chronische Verstopfung ist ein in der Bev\u00f6lkerung weit verbreitetes Thema, gerade unter \u00e4lteren Menschen. Etwa 40 Prozent der &hellip;<\/p>","protected":false},"author":12,"featured_media":34614,"comment_status":"open","ping_status":"closed","sticky":false,"template":"","format":"standard","meta":{"qubely_global_settings":"","qubely_interactions":"","_uag_custom_page_level_css":"","footnotes":""},"categories":[5],"tags":[1045,13,1052,1051,1050,12,112,541,14,17,55,467,1047,757,1049,1048,1046],"class_list":["post-34577","post","type-post","status-publish","format-standard","has-post-thumbnail","hentry","category-wissenschaft-forschung","tag-abfuehrmittel","tag-alzheimer","tag-ballaststoffe","tag-ballaststoffreiche-ernaehrung","tag-darm","tag-demenz-2","tag-demenzdiagnose","tag-depression","tag-digidem","tag-digidem-bayern","tag-digitales-demenzregister-bayern","tag-gesundheit","tag-glaubersalz","tag-kognition","tag-mikrobiom","tag-stuhlgang","tag-verstopfung"],"qubely_featured_image_url":{"full":["https:\/\/digidem-bayern.de\/wp-content\/uploads\/2024\/04\/shutterstock_Abfuehrmittel-644195584.jpg",1000,667,false],"landscape":["https:\/\/digidem-bayern.de\/wp-content\/uploads\/2024\/04\/shutterstock_Abfuehrmittel-644195584.jpg",1000,667,false],"portraits":["https:\/\/digidem-bayern.de\/wp-content\/uploads\/2024\/04\/shutterstock_Abfuehrmittel-644195584-540x320.jpg",540,320,true],"thumbnail":["https:\/\/digidem-bayern.de\/wp-content\/uploads\/2024\/04\/shutterstock_Abfuehrmittel-644195584-80x80.jpg",80,80,true],"medium":["https:\/\/digidem-bayern.de\/wp-content\/uploads\/2024\/04\/shutterstock_Abfuehrmittel-644195584-300x200.jpg",300,200,true],"medium_large":["https:\/\/digidem-bayern.de\/wp-content\/uploads\/2024\/04\/shutterstock_Abfuehrmittel-644195584-768x512.jpg",768,512,true],"large":["https:\/\/digidem-bayern.de\/wp-content\/uploads\/2024\/04\/shutterstock_Abfuehrmittel-644195584.jpg",1000,667,false],"1536x1536":["https:\/\/digidem-bayern.de\/wp-content\/uploads\/2024\/04\/shutterstock_Abfuehrmittel-644195584.jpg",1000,667,false],"2048x2048":["https:\/\/digidem-bayern.de\/wp-content\/uploads\/2024\/04\/shutterstock_Abfuehrmittel-644195584.jpg",1000,667,false],"trp-custom-language-flag":["https:\/\/digidem-bayern.de\/wp-content\/uploads\/2024\/04\/shutterstock_Abfuehrmittel-644195584.jpg",18,12,false],"qubely_landscape":["https:\/\/digidem-bayern.de\/wp-content\/uploads\/2024\/04\/shutterstock_Abfuehrmittel-644195584.jpg",1000,667,false],"qubely_portrait":["https:\/\/digidem-bayern.de\/wp-content\/uploads\/2024\/04\/shutterstock_Abfuehrmittel-644195584-540x320.jpg",540,320,true],"qubely_thumbnail":["https:\/\/digidem-bayern.de\/wp-content\/uploads\/2024\/04\/shutterstock_Abfuehrmittel-644195584-140x100.jpg",140,100,true],"post-thumbnail":["https:\/\/digidem-bayern.de\/wp-content\/uploads\/2024\/04\/shutterstock_Abfuehrmittel-644195584-525x350.jpg",525,350,true],"kahuna-featured":["https:\/\/digidem-bayern.de\/wp-content\/uploads\/2024\/04\/shutterstock_Abfuehrmittel-644195584-734x350.jpg",734,350,true],"kahuna-featured-lp":["https:\/\/digidem-bayern.de\/wp-content\/uploads\/2024\/04\/shutterstock_Abfuehrmittel-644195584-520x350.jpg",520,350,true],"kahuna-featured-half":["https:\/\/digidem-bayern.de\/wp-content\/uploads\/2024\/04\/shutterstock_Abfuehrmittel-644195584-800x350.jpg",800,350,true],"kahuna-featured-third":["https:\/\/digidem-bayern.de\/wp-content\/uploads\/2024\/04\/shutterstock_Abfuehrmittel-644195584-512x350.jpg",512,350,true],"kahuna-lpbox-1":["https:\/\/digidem-bayern.de\/wp-content\/uploads\/2024\/04\/shutterstock_Abfuehrmittel-644195584-520x300.jpg",520,300,true],"kahuna-lpbox-2":["https:\/\/digidem-bayern.de\/wp-content\/uploads\/2024\/04\/shutterstock_Abfuehrmittel-644195584-520x350.jpg",520,350,true],"demand-language-flag":["https:\/\/digidem-bayern.de\/wp-content\/uploads\/2024\/04\/shutterstock_Abfuehrmittel-644195584-36x36.jpg",36,36,true],"dddkt-language-flag":["https:\/\/digidem-bayern.de\/wp-content\/uploads\/2024\/04\/shutterstock_Abfuehrmittel-644195584-36x36.jpg",36,36,true],"ddiqc-language-flag":["https:\/\/digidem-bayern.de\/wp-content\/uploads\/2024\/04\/shutterstock_Abfuehrmittel-644195584-36x36.jpg",36,36,true],"ddtl-language-flag":["https:\/\/digidem-bayern.de\/wp-content\/uploads\/2024\/04\/shutterstock_Abfuehrmittel-644195584-36x36.jpg",36,36,true],"mailpoet_newsletter_max":["https:\/\/digidem-bayern.de\/wp-content\/uploads\/2024\/04\/shutterstock_Abfuehrmittel-644195584.jpg",1000,667,false],"kahuna-lpbox-3":["https:\/\/digidem-bayern.de\/wp-content\/uploads\/2024\/04\/shutterstock_Abfuehrmittel-644195584-520x350.jpg",520,350,true],"kahuna-featured-square":["https:\/\/digidem-bayern.de\/wp-content\/uploads\/2024\/04\/shutterstock_Abfuehrmittel-644195584-512x512.jpg",512,512,true],"kahuna-featured-square-large":["https:\/\/digidem-bayern.de\/wp-content\/uploads\/2024\/04\/shutterstock_Abfuehrmittel-644195584.jpg",1000,667,false]},"qubely_author":{"display_name":"Ilona H\u00f6rath","author_link":"https:\/\/digidem-bayern.de\/en\/author\/hoeratia\/"},"qubely_comment":3,"qubely_category":"<a href=\"https:\/\/digidem-bayern.de\/en\/category\/wissenschaft-forschung\/\" rel=\"category tag\">Wissenschaft &amp; Forschung<\/a>","qubely_excerpt":"Die meisten Abf\u00fchrmittel sind rezeptfrei erh\u00e4ltlich, ihre Einnahme ist weit verbreitet. Doch Forschende aus China sehen einen Zusammenhang zwischen dem kontinuierlichen Gebrauch von Abf\u00fchrmitteln und einem erh\u00f6hten Risiko f\u00fcr Demenzen jeglicher Art. Chronische Verstopfung ist ein in der Bev\u00f6lkerung weit verbreitetes Thema, gerade unter \u00e4lteren Menschen. Etwa 40 Prozent der &hellip;","featured_image_urls_v2":{"full":["https:\/\/digidem-bayern.de\/wp-content\/uploads\/2024\/04\/shutterstock_Abfuehrmittel-644195584.jpg",1000,667,false],"thumbnail":["https:\/\/digidem-bayern.de\/wp-content\/uploads\/2024\/04\/shutterstock_Abfuehrmittel-644195584-80x80.jpg",80,80,true],"medium":["https:\/\/digidem-bayern.de\/wp-content\/uploads\/2024\/04\/shutterstock_Abfuehrmittel-644195584-300x200.jpg",300,200,true],"medium_large":["https:\/\/digidem-bayern.de\/wp-content\/uploads\/2024\/04\/shutterstock_Abfuehrmittel-644195584-768x512.jpg",768,512,true],"large":["https:\/\/digidem-bayern.de\/wp-content\/uploads\/2024\/04\/shutterstock_Abfuehrmittel-644195584.jpg",1000,667,false],"1536x1536":["https:\/\/digidem-bayern.de\/wp-content\/uploads\/2024\/04\/shutterstock_Abfuehrmittel-644195584.jpg",1000,667,false],"2048x2048":["https:\/\/digidem-bayern.de\/wp-content\/uploads\/2024\/04\/shutterstock_Abfuehrmittel-644195584.jpg",1000,667,false],"trp-custom-language-flag":["https:\/\/digidem-bayern.de\/wp-content\/uploads\/2024\/04\/shutterstock_Abfuehrmittel-644195584.jpg",18,12,false],"qubely_landscape":["https:\/\/digidem-bayern.de\/wp-content\/uploads\/2024\/04\/shutterstock_Abfuehrmittel-644195584.jpg",1000,667,false],"qubely_portrait":["https:\/\/digidem-bayern.de\/wp-content\/uploads\/2024\/04\/shutterstock_Abfuehrmittel-644195584-540x320.jpg",540,320,true],"qubely_thumbnail":["https:\/\/digidem-bayern.de\/wp-content\/uploads\/2024\/04\/shutterstock_Abfuehrmittel-644195584-140x100.jpg",140,100,true],"post-thumbnail":["https:\/\/digidem-bayern.de\/wp-content\/uploads\/2024\/04\/shutterstock_Abfuehrmittel-644195584-525x350.jpg",525,350,true],"kahuna-featured":["https:\/\/digidem-bayern.de\/wp-content\/uploads\/2024\/04\/shutterstock_Abfuehrmittel-644195584-734x350.jpg",734,350,true],"kahuna-featured-lp":["https:\/\/digidem-bayern.de\/wp-content\/uploads\/2024\/04\/shutterstock_Abfuehrmittel-644195584-520x350.jpg",520,350,true],"kahuna-featured-half":["https:\/\/digidem-bayern.de\/wp-content\/uploads\/2024\/04\/shutterstock_Abfuehrmittel-644195584-800x350.jpg",800,350,true],"kahuna-featured-third":["https:\/\/digidem-bayern.de\/wp-content\/uploads\/2024\/04\/shutterstock_Abfuehrmittel-644195584-512x350.jpg",512,350,true],"kahuna-lpbox-1":["https:\/\/digidem-bayern.de\/wp-content\/uploads\/2024\/04\/shutterstock_Abfuehrmittel-644195584-520x300.jpg",520,300,true],"kahuna-lpbox-2":["https:\/\/digidem-bayern.de\/wp-content\/uploads\/2024\/04\/shutterstock_Abfuehrmittel-644195584-520x350.jpg",520,350,true],"demand-language-flag":["https:\/\/digidem-bayern.de\/wp-content\/uploads\/2024\/04\/shutterstock_Abfuehrmittel-644195584-36x36.jpg",36,36,true],"dddkt-language-flag":["https:\/\/digidem-bayern.de\/wp-content\/uploads\/2024\/04\/shutterstock_Abfuehrmittel-644195584-36x36.jpg",36,36,true],"ddiqc-language-flag":["https:\/\/digidem-bayern.de\/wp-content\/uploads\/2024\/04\/shutterstock_Abfuehrmittel-644195584-36x36.jpg",36,36,true],"ddtl-language-flag":["https:\/\/digidem-bayern.de\/wp-content\/uploads\/2024\/04\/shutterstock_Abfuehrmittel-644195584-36x36.jpg",36,36,true],"mailpoet_newsletter_max":["https:\/\/digidem-bayern.de\/wp-content\/uploads\/2024\/04\/shutterstock_Abfuehrmittel-644195584.jpg",1000,667,false],"kahuna-lpbox-3":["https:\/\/digidem-bayern.de\/wp-content\/uploads\/2024\/04\/shutterstock_Abfuehrmittel-644195584-520x350.jpg",520,350,true],"kahuna-featured-square":["https:\/\/digidem-bayern.de\/wp-content\/uploads\/2024\/04\/shutterstock_Abfuehrmittel-644195584-512x512.jpg",512,512,true],"kahuna-featured-square-large":["https:\/\/digidem-bayern.de\/wp-content\/uploads\/2024\/04\/shutterstock_Abfuehrmittel-644195584.jpg",1000,667,false]},"post_excerpt_stackable_v2":"<p>Die meisten Abf\u00fchrmittel sind rezeptfrei erh\u00e4ltlich, ihre Einnahme ist weit verbreitet. Doch Forschende aus China sehen einen Zusammenhang zwischen dem kontinuierlichen Gebrauch von Abf\u00fchrmitteln und einem erh\u00f6hten Risiko f\u00fcr Demenzen jeglicher Art. Chronische Verstopfung ist ein in der Bev\u00f6lkerung weit verbreitetes Thema, gerade unter \u00e4lteren Menschen. Etwa 40 Prozent der in Wohngemeinschaften lebenden \u00e4lteren Erwachsenen und sogar 70 Prozent der Pflegeheimbewohner sind davon betroffen. Abf\u00fchrmittel sind dabei f\u00fcr viele das erste Mittel der Wahl, um Abhilfe zu schaffen. Viele d\u00fcrfte \u00fcberraschen, was chinesische Forschende in dem Fachmagazin Neurology erstmals ver\u00f6ffentlicht haben. Die regelm\u00e4\u00dfige Einnahme von Abf\u00fchrmitteln war, so schreiben die&hellip;<\/p>\n","category_list_v2":"<a href=\"https:\/\/digidem-bayern.de\/en\/category\/wissenschaft-forschung\/\" rel=\"category tag\">Wissenschaft &amp; Forschung<\/a>","author_info_v2":{"name":"Ilona H\u00f6rath","url":"https:\/\/digidem-bayern.de\/en\/author\/hoeratia\/"},"comments_num_v2":"0 comments","yoast_head":"<!-- This site is optimized with the Yoast SEO plugin v27.4 - https:\/\/yoast.com\/product\/yoast-seo-wordpress\/ -->\n<title>Abf\u00fchrmittel k\u00f6nnen Demenzrisiko erh\u00f6hen - digiDEM Bayern<\/title>\n<meta name=\"description\" content=\"Der Bayerische Landesapothekerkammer unterst\u00fctzt digiDEM Bayern mit Hilfe des Netzwerks &quot;Demenzfreundliche Apotheken&quot;.\" \/>\n<meta name=\"robots\" content=\"index, follow, max-snippet:-1, max-image-preview:large, max-video-preview:-1\" \/>\n<link rel=\"canonical\" href=\"https:\/\/digidem-bayern.de\/en\/03-lla-abfuehrmittel-koennen-demenzrisiko-erhoehen\/\" \/>\n<meta property=\"og:locale\" content=\"en_US\" \/>\n<meta property=\"og:type\" content=\"article\" \/>\n<meta property=\"og:title\" content=\"Abf\u00fchrmittel k\u00f6nnen Demenzrisiko erh\u00f6hen - digiDEM Bayern\" \/>\n<meta property=\"og:description\" content=\"Der Bayerische Landesapothekerkammer unterst\u00fctzt digiDEM Bayern mit Hilfe des Netzwerks &quot;Demenzfreundliche Apotheken&quot;.\" \/>\n<meta property=\"og:url\" content=\"https:\/\/digidem-bayern.de\/en\/03-lla-abfuehrmittel-koennen-demenzrisiko-erhoehen\/\" \/>\n<meta property=\"og:site_name\" content=\"digiDEM Bayern\" \/>\n<meta property=\"article:publisher\" content=\"https:\/\/www.facebook.com\/digiDEMBayern\/\" \/>\n<meta property=\"article:published_time\" content=\"2024-04-26T13:30:00+00:00\" \/>\n<meta property=\"article:modified_time\" content=\"2024-07-18T10:59:41+00:00\" \/>\n<meta property=\"og:image\" content=\"https:\/\/digidem-bayern.de\/wp-content\/uploads\/2024\/04\/shutterstock_Abfuehrmittel-644195584.jpg\" \/>\n\t<meta property=\"og:image:width\" content=\"1000\" \/>\n\t<meta property=\"og:image:height\" content=\"667\" \/>\n\t<meta property=\"og:image:type\" content=\"image\/jpeg\" \/>\n<meta name=\"author\" content=\"Ilona H\u00f6rath\" \/>\n<meta name=\"twitter:label1\" content=\"Written by\" \/>\n\t<meta name=\"twitter:data1\" content=\"Ilona H\u00f6rath\" \/>\n\t<meta name=\"twitter:label2\" content=\"Est. reading time\" \/>\n\t<meta name=\"twitter:data2\" content=\"2 minutes\" \/>\n<script type=\"application\/ld+json\" class=\"yoast-schema-graph\">{\"@context\":\"https:\\\/\\\/schema.org\",\"@graph\":[{\"@type\":\"Article\",\"@id\":\"https:\\\/\\\/digidem-bayern.de\\\/03-lla-abfuehrmittel-koennen-demenzrisiko-erhoehen\\\/#article\",\"isPartOf\":{\"@id\":\"https:\\\/\\\/digidem-bayern.de\\\/03-lla-abfuehrmittel-koennen-demenzrisiko-erhoehen\\\/\"},\"author\":{\"name\":\"Ilona H\u00f6rath\",\"@id\":\"\\\/#\\\/schema\\\/person\\\/0bc1494f46fc2a051c761322a80e0941\"},\"headline\":\"Abf\u00fchrmittel k\u00f6nnen Demenzrisiko erh\u00f6hen\",\"datePublished\":\"2024-04-26T13:30:00+00:00\",\"dateModified\":\"2024-07-18T10:59:41+00:00\",\"mainEntityOfPage\":{\"@id\":\"https:\\\/\\\/digidem-bayern.de\\\/03-lla-abfuehrmittel-koennen-demenzrisiko-erhoehen\\\/\"},\"wordCount\":496,\"commentCount\":0,\"publisher\":{\"@id\":\"\\\/#organization\"},\"image\":{\"@id\":\"https:\\\/\\\/digidem-bayern.de\\\/03-lla-abfuehrmittel-koennen-demenzrisiko-erhoehen\\\/#primaryimage\"},\"thumbnailUrl\":\"https:\\\/\\\/digidem-bayern.de\\\/wp-content\\\/uploads\\\/2024\\\/04\\\/shutterstock_Abfuehrmittel-644195584.jpg\",\"keywords\":[\"Abf\u00fchrmittel\",\"Alzheimer\",\"Ballaststoffe\",\"Ballaststoffreiche Ern\u00e4hrung\",\"Darm\",\"Demenz\",\"Demenzdiagnose\",\"Depression\",\"digidem\",\"digidem Bayern\",\"Digitales Demenzregister Bayern\",\"Gesundheit\",\"Glaubersalz\",\"Kognition\",\"Mikrobiom\",\"Stuhlgang\",\"Verstopfung\"],\"articleSection\":[\"Wissenschaft &amp; Forschung\"],\"inLanguage\":\"en-US\",\"potentialAction\":[{\"@type\":\"CommentAction\",\"name\":\"Comment\",\"target\":[\"https:\\\/\\\/digidem-bayern.de\\\/03-lla-abfuehrmittel-koennen-demenzrisiko-erhoehen\\\/#respond\"]}]},{\"@type\":\"WebPage\",\"@id\":\"https:\\\/\\\/digidem-bayern.de\\\/03-lla-abfuehrmittel-koennen-demenzrisiko-erhoehen\\\/\",\"url\":\"https:\\\/\\\/digidem-bayern.de\\\/03-lla-abfuehrmittel-koennen-demenzrisiko-erhoehen\\\/\",\"name\":\"Abf\u00fchrmittel k\u00f6nnen Demenzrisiko erh\u00f6hen - digiDEM Bayern\",\"isPartOf\":{\"@id\":\"\\\/#website\"},\"primaryImageOfPage\":{\"@id\":\"https:\\\/\\\/digidem-bayern.de\\\/03-lla-abfuehrmittel-koennen-demenzrisiko-erhoehen\\\/#primaryimage\"},\"image\":{\"@id\":\"https:\\\/\\\/digidem-bayern.de\\\/03-lla-abfuehrmittel-koennen-demenzrisiko-erhoehen\\\/#primaryimage\"},\"thumbnailUrl\":\"https:\\\/\\\/digidem-bayern.de\\\/wp-content\\\/uploads\\\/2024\\\/04\\\/shutterstock_Abfuehrmittel-644195584.jpg\",\"datePublished\":\"2024-04-26T13:30:00+00:00\",\"dateModified\":\"2024-07-18T10:59:41+00:00\",\"description\":\"Der Bayerische Landesapothekerkammer unterst\u00fctzt digiDEM Bayern mit Hilfe des Netzwerks \\\"Demenzfreundliche Apotheken\\\".\",\"breadcrumb\":{\"@id\":\"https:\\\/\\\/digidem-bayern.de\\\/03-lla-abfuehrmittel-koennen-demenzrisiko-erhoehen\\\/#breadcrumb\"},\"inLanguage\":\"en-US\",\"potentialAction\":[{\"@type\":\"ReadAction\",\"target\":[\"https:\\\/\\\/digidem-bayern.de\\\/03-lla-abfuehrmittel-koennen-demenzrisiko-erhoehen\\\/\"]}]},{\"@type\":\"ImageObject\",\"inLanguage\":\"en-US\",\"@id\":\"https:\\\/\\\/digidem-bayern.de\\\/03-lla-abfuehrmittel-koennen-demenzrisiko-erhoehen\\\/#primaryimage\",\"url\":\"https:\\\/\\\/digidem-bayern.de\\\/wp-content\\\/uploads\\\/2024\\\/04\\\/shutterstock_Abfuehrmittel-644195584.jpg\",\"contentUrl\":\"https:\\\/\\\/digidem-bayern.de\\\/wp-content\\\/uploads\\\/2024\\\/04\\\/shutterstock_Abfuehrmittel-644195584.jpg\",\"width\":1000,\"height\":667,\"caption\":\"Foto: Shuttersock\"},{\"@type\":\"BreadcrumbList\",\"@id\":\"https:\\\/\\\/digidem-bayern.de\\\/03-lla-abfuehrmittel-koennen-demenzrisiko-erhoehen\\\/#breadcrumb\",\"itemListElement\":[{\"@type\":\"ListItem\",\"position\":1,\"name\":\"Startseite\",\"item\":\"https:\\\/\\\/digidem-bayern.de\\\/\"},{\"@type\":\"ListItem\",\"position\":2,\"name\":\"Abf\u00fchrmittel k\u00f6nnen Demenzrisiko erh\u00f6hen\"}]},{\"@type\":\"WebSite\",\"@id\":\"\\\/#website\",\"url\":\"\\\/\",\"name\":\"digiDEM Bayern\",\"description\":\"Das digitale Demenzregister Bayern erforscht und verbessert die Angebotsstuktur f\u00fcr Menschen mit Demenz und deren Angeh\u00f6rige\",\"publisher\":{\"@id\":\"\\\/#organization\"},\"potentialAction\":[{\"@type\":\"SearchAction\",\"target\":{\"@type\":\"EntryPoint\",\"urlTemplate\":\"\\\/?s={search_term_string}\"},\"query-input\":{\"@type\":\"PropertyValueSpecification\",\"valueRequired\":true,\"valueName\":\"search_term_string\"}}],\"inLanguage\":\"en-US\"},{\"@type\":\"Organization\",\"@id\":\"\\\/#organization\",\"name\":\"digiDEM Bayern\",\"url\":\"\\\/\",\"logo\":{\"@type\":\"ImageObject\",\"inLanguage\":\"en-US\",\"@id\":\"\\\/#\\\/schema\\\/logo\\\/image\\\/\",\"url\":\"https:\\\/\\\/digidem-bayern.de\\\/wp-content\\\/uploads\\\/2022\\\/03\\\/cropped-Allgemeines_digiDEMLOGO-removebg-preview.png\",\"contentUrl\":\"https:\\\/\\\/digidem-bayern.de\\\/wp-content\\\/uploads\\\/2022\\\/03\\\/cropped-Allgemeines_digiDEMLOGO-removebg-preview.png\",\"width\":612,\"height\":357,\"caption\":\"digiDEM Bayern\"},\"image\":{\"@id\":\"\\\/#\\\/schema\\\/logo\\\/image\\\/\"},\"sameAs\":[\"https:\\\/\\\/www.facebook.com\\\/digiDEMBayern\\\/\",\"https:\\\/\\\/x.com\\\/digidem_bayern\",\"https:\\\/\\\/www.instagram.com\\\/digidem.bayern\",\"https:\\\/\\\/www.linkedin.com\\\/company\\\/digidem-bayern\\\/\"]},{\"@type\":\"Person\",\"@id\":\"\\\/#\\\/schema\\\/person\\\/0bc1494f46fc2a051c761322a80e0941\",\"name\":\"Ilona H\u00f6rath\",\"url\":\"https:\\\/\\\/digidem-bayern.de\\\/en\\\/author\\\/hoeratia\\\/\"}]}<\/script>\n<!-- \/ Yoast SEO plugin. -->","yoast_head_json":{"title":"Abf\u00fchrmittel k\u00f6nnen Demenzrisiko erh\u00f6hen - digiDEM Bayern","description":"Der Bayerische Landesapothekerkammer unterst\u00fctzt digiDEM Bayern mit Hilfe des Netzwerks \"Demenzfreundliche Apotheken\".","robots":{"index":"index","follow":"follow","max-snippet":"max-snippet:-1","max-image-preview":"max-image-preview:large","max-video-preview":"max-video-preview:-1"},"canonical":"https:\/\/digidem-bayern.de\/en\/03-lla-abfuehrmittel-koennen-demenzrisiko-erhoehen\/","og_locale":"en_US","og_type":"article","og_title":"Abf\u00fchrmittel k\u00f6nnen Demenzrisiko erh\u00f6hen - digiDEM Bayern","og_description":"Der Bayerische Landesapothekerkammer unterst\u00fctzt digiDEM Bayern mit Hilfe des Netzwerks \"Demenzfreundliche Apotheken\".","og_url":"https:\/\/digidem-bayern.de\/en\/03-lla-abfuehrmittel-koennen-demenzrisiko-erhoehen\/","og_site_name":"digiDEM Bayern","article_publisher":"https:\/\/www.facebook.com\/digiDEMBayern\/","article_published_time":"2024-04-26T13:30:00+00:00","article_modified_time":"2024-07-18T10:59:41+00:00","og_image":[{"width":1000,"height":667,"url":"https:\/\/digidem-bayern.de\/wp-content\/uploads\/2024\/04\/shutterstock_Abfuehrmittel-644195584.jpg","type":"image\/jpeg"}],"author":"Ilona H\u00f6rath","twitter_misc":{"Written by":"Ilona H\u00f6rath","Est. reading time":"2 minutes"},"schema":{"@context":"https:\/\/schema.org","@graph":[{"@type":"Article","@id":"https:\/\/digidem-bayern.de\/03-lla-abfuehrmittel-koennen-demenzrisiko-erhoehen\/#article","isPartOf":{"@id":"https:\/\/digidem-bayern.de\/03-lla-abfuehrmittel-koennen-demenzrisiko-erhoehen\/"},"author":{"name":"Ilona H\u00f6rath","@id":"\/#\/schema\/person\/0bc1494f46fc2a051c761322a80e0941"},"headline":"Abf\u00fchrmittel k\u00f6nnen Demenzrisiko erh\u00f6hen","datePublished":"2024-04-26T13:30:00+00:00","dateModified":"2024-07-18T10:59:41+00:00","mainEntityOfPage":{"@id":"https:\/\/digidem-bayern.de\/03-lla-abfuehrmittel-koennen-demenzrisiko-erhoehen\/"},"wordCount":496,"commentCount":0,"publisher":{"@id":"\/#organization"},"image":{"@id":"https:\/\/digidem-bayern.de\/03-lla-abfuehrmittel-koennen-demenzrisiko-erhoehen\/#primaryimage"},"thumbnailUrl":"https:\/\/digidem-bayern.de\/wp-content\/uploads\/2024\/04\/shutterstock_Abfuehrmittel-644195584.jpg","keywords":["Abf\u00fchrmittel","Alzheimer","Ballaststoffe","Ballaststoffreiche Ern\u00e4hrung","Darm","Demenz","Demenzdiagnose","Depression","digidem","digidem Bayern","Digitales Demenzregister Bayern","Gesundheit","Glaubersalz","Kognition","Mikrobiom","Stuhlgang","Verstopfung"],"articleSection":["Wissenschaft &amp; Forschung"],"inLanguage":"en-US","potentialAction":[{"@type":"CommentAction","name":"Comment","target":["https:\/\/digidem-bayern.de\/03-lla-abfuehrmittel-koennen-demenzrisiko-erhoehen\/#respond"]}]},{"@type":"WebPage","@id":"https:\/\/digidem-bayern.de\/03-lla-abfuehrmittel-koennen-demenzrisiko-erhoehen\/","url":"https:\/\/digidem-bayern.de\/03-lla-abfuehrmittel-koennen-demenzrisiko-erhoehen\/","name":"Abf\u00fchrmittel k\u00f6nnen Demenzrisiko erh\u00f6hen - digiDEM Bayern","isPartOf":{"@id":"\/#website"},"primaryImageOfPage":{"@id":"https:\/\/digidem-bayern.de\/03-lla-abfuehrmittel-koennen-demenzrisiko-erhoehen\/#primaryimage"},"image":{"@id":"https:\/\/digidem-bayern.de\/03-lla-abfuehrmittel-koennen-demenzrisiko-erhoehen\/#primaryimage"},"thumbnailUrl":"https:\/\/digidem-bayern.de\/wp-content\/uploads\/2024\/04\/shutterstock_Abfuehrmittel-644195584.jpg","datePublished":"2024-04-26T13:30:00+00:00","dateModified":"2024-07-18T10:59:41+00:00","description":"Der Bayerische Landesapothekerkammer unterst\u00fctzt digiDEM Bayern mit Hilfe des Netzwerks \"Demenzfreundliche Apotheken\".","breadcrumb":{"@id":"https:\/\/digidem-bayern.de\/03-lla-abfuehrmittel-koennen-demenzrisiko-erhoehen\/#breadcrumb"},"inLanguage":"en-US","potentialAction":[{"@type":"ReadAction","target":["https:\/\/digidem-bayern.de\/03-lla-abfuehrmittel-koennen-demenzrisiko-erhoehen\/"]}]},{"@type":"ImageObject","inLanguage":"en-US","@id":"https:\/\/digidem-bayern.de\/03-lla-abfuehrmittel-koennen-demenzrisiko-erhoehen\/#primaryimage","url":"https:\/\/digidem-bayern.de\/wp-content\/uploads\/2024\/04\/shutterstock_Abfuehrmittel-644195584.jpg","contentUrl":"https:\/\/digidem-bayern.de\/wp-content\/uploads\/2024\/04\/shutterstock_Abfuehrmittel-644195584.jpg","width":1000,"height":667,"caption":"Foto: Shuttersock"},{"@type":"BreadcrumbList","@id":"https:\/\/digidem-bayern.de\/03-lla-abfuehrmittel-koennen-demenzrisiko-erhoehen\/#breadcrumb","itemListElement":[{"@type":"ListItem","position":1,"name":"Startseite","item":"https:\/\/digidem-bayern.de\/"},{"@type":"ListItem","position":2,"name":"Abf\u00fchrmittel k\u00f6nnen Demenzrisiko erh\u00f6hen"}]},{"@type":"WebSite","@id":"\/#website","url":"\/","name":"digiDEM Bavaria","description":"The digital dementia register in Bavaria researches and improves the structure of services for people with dementia and their relatives","publisher":{"@id":"\/#organization"},"potentialAction":[{"@type":"SearchAction","target":{"@type":"EntryPoint","urlTemplate":"\/?s={search_term_string}"},"query-input":{"@type":"PropertyValueSpecification","valueRequired":true,"valueName":"search_term_string"}}],"inLanguage":"en-US"},{"@type":"Organization","@id":"\/#organization","name":"digiDEM Bavaria","url":"\/","logo":{"@type":"ImageObject","inLanguage":"en-US","@id":"\/#\/schema\/logo\/image\/","url":"https:\/\/digidem-bayern.de\/wp-content\/uploads\/2022\/03\/cropped-Allgemeines_digiDEMLOGO-removebg-preview.png","contentUrl":"https:\/\/digidem-bayern.de\/wp-content\/uploads\/2022\/03\/cropped-Allgemeines_digiDEMLOGO-removebg-preview.png","width":612,"height":357,"caption":"digiDEM Bayern"},"image":{"@id":"\/#\/schema\/logo\/image\/"},"sameAs":["https:\/\/www.facebook.com\/digiDEMBayern\/","https:\/\/x.com\/digidem_bayern","https:\/\/www.instagram.com\/digidem.bayern","https:\/\/www.linkedin.com\/company\/digidem-bayern\/"]},{"@type":"Person","@id":"\/#\/schema\/person\/0bc1494f46fc2a051c761322a80e0941","name":"Ilona H\u00f6rath","url":"https:\/\/digidem-bayern.de\/en\/author\/hoeratia\/"}]}},"uagb_featured_image_src":{"full":["https:\/\/digidem-bayern.de\/wp-content\/uploads\/2024\/04\/shutterstock_Abfuehrmittel-644195584.jpg",1000,667,false],"thumbnail":["https:\/\/digidem-bayern.de\/wp-content\/uploads\/2024\/04\/shutterstock_Abfuehrmittel-644195584-80x80.jpg",80,80,true],"medium":["https:\/\/digidem-bayern.de\/wp-content\/uploads\/2024\/04\/shutterstock_Abfuehrmittel-644195584-300x200.jpg",300,200,true],"medium_large":["https:\/\/digidem-bayern.de\/wp-content\/uploads\/2024\/04\/shutterstock_Abfuehrmittel-644195584-768x512.jpg",768,512,true],"large":["https:\/\/digidem-bayern.de\/wp-content\/uploads\/2024\/04\/shutterstock_Abfuehrmittel-644195584.jpg",1000,667,false],"1536x1536":["https:\/\/digidem-bayern.de\/wp-content\/uploads\/2024\/04\/shutterstock_Abfuehrmittel-644195584.jpg",1000,667,false],"2048x2048":["https:\/\/digidem-bayern.de\/wp-content\/uploads\/2024\/04\/shutterstock_Abfuehrmittel-644195584.jpg",1000,667,false],"trp-custom-language-flag":["https:\/\/digidem-bayern.de\/wp-content\/uploads\/2024\/04\/shutterstock_Abfuehrmittel-644195584.jpg",18,12,false],"qubely_landscape":["https:\/\/digidem-bayern.de\/wp-content\/uploads\/2024\/04\/shutterstock_Abfuehrmittel-644195584.jpg",1000,667,false],"qubely_portrait":["https:\/\/digidem-bayern.de\/wp-content\/uploads\/2024\/04\/shutterstock_Abfuehrmittel-644195584-540x320.jpg",540,320,true],"qubely_thumbnail":["https:\/\/digidem-bayern.de\/wp-content\/uploads\/2024\/04\/shutterstock_Abfuehrmittel-644195584-140x100.jpg",140,100,true],"post-thumbnail":["https:\/\/digidem-bayern.de\/wp-content\/uploads\/2024\/04\/shutterstock_Abfuehrmittel-644195584-525x350.jpg",525,350,true],"kahuna-featured":["https:\/\/digidem-bayern.de\/wp-content\/uploads\/2024\/04\/shutterstock_Abfuehrmittel-644195584-734x350.jpg",734,350,true],"kahuna-featured-lp":["https:\/\/digidem-bayern.de\/wp-content\/uploads\/2024\/04\/shutterstock_Abfuehrmittel-644195584-520x350.jpg",520,350,true],"kahuna-featured-half":["https:\/\/digidem-bayern.de\/wp-content\/uploads\/2024\/04\/shutterstock_Abfuehrmittel-644195584-800x350.jpg",800,350,true],"kahuna-featured-third":["https:\/\/digidem-bayern.de\/wp-content\/uploads\/2024\/04\/shutterstock_Abfuehrmittel-644195584-512x350.jpg",512,350,true],"kahuna-lpbox-1":["https:\/\/digidem-bayern.de\/wp-content\/uploads\/2024\/04\/shutterstock_Abfuehrmittel-644195584-520x300.jpg",520,300,true],"kahuna-lpbox-2":["https:\/\/digidem-bayern.de\/wp-content\/uploads\/2024\/04\/shutterstock_Abfuehrmittel-644195584-520x350.jpg",520,350,true],"demand-language-flag":["https:\/\/digidem-bayern.de\/wp-content\/uploads\/2024\/04\/shutterstock_Abfuehrmittel-644195584-36x36.jpg",36,36,true],"dddkt-language-flag":["https:\/\/digidem-bayern.de\/wp-content\/uploads\/2024\/04\/shutterstock_Abfuehrmittel-644195584-36x36.jpg",36,36,true],"ddiqc-language-flag":["https:\/\/digidem-bayern.de\/wp-content\/uploads\/2024\/04\/shutterstock_Abfuehrmittel-644195584-36x36.jpg",36,36,true],"ddtl-language-flag":["https:\/\/digidem-bayern.de\/wp-content\/uploads\/2024\/04\/shutterstock_Abfuehrmittel-644195584-36x36.jpg",36,36,true],"mailpoet_newsletter_max":["https:\/\/digidem-bayern.de\/wp-content\/uploads\/2024\/04\/shutterstock_Abfuehrmittel-644195584.jpg",1000,667,false],"kahuna-lpbox-3":["https:\/\/digidem-bayern.de\/wp-content\/uploads\/2024\/04\/shutterstock_Abfuehrmittel-644195584-520x350.jpg",520,350,true],"kahuna-featured-square":["https:\/\/digidem-bayern.de\/wp-content\/uploads\/2024\/04\/shutterstock_Abfuehrmittel-644195584-512x512.jpg",512,512,true],"kahuna-featured-square-large":["https:\/\/digidem-bayern.de\/wp-content\/uploads\/2024\/04\/shutterstock_Abfuehrmittel-644195584.jpg",1000,667,false]},"uagb_author_info":{"display_name":"Ilona H\u00f6rath","author_link":"https:\/\/digidem-bayern.de\/en\/author\/hoeratia\/"},"uagb_comment_info":3,"uagb_excerpt":"Die meisten Abf\u00fchrmittel sind rezeptfrei erh\u00e4ltlich, ihre Einnahme ist weit verbreitet. Doch Forschende aus China sehen einen Zusammenhang zwischen dem kontinuierlichen Gebrauch von Abf\u00fchrmitteln und einem erh\u00f6hten Risiko f\u00fcr Demenzen jeglicher Art. Chronische Verstopfung ist ein in der Bev\u00f6lkerung weit verbreitetes Thema, gerade unter \u00e4lteren Menschen. Etwa 40 Prozent der &hellip;","_links":{"self":[{"href":"https:\/\/digidem-bayern.de\/en\/wp-json\/wp\/v2\/posts\/34577","targetHints":{"allow":["GET"]}}],"collection":[{"href":"https:\/\/digidem-bayern.de\/en\/wp-json\/wp\/v2\/posts"}],"about":[{"href":"https:\/\/digidem-bayern.de\/en\/wp-json\/wp\/v2\/types\/post"}],"author":[{"embeddable":true,"href":"https:\/\/digidem-bayern.de\/en\/wp-json\/wp\/v2\/users\/12"}],"replies":[{"embeddable":true,"href":"https:\/\/digidem-bayern.de\/en\/wp-json\/wp\/v2\/comments?post=34577"}],"version-history":[{"count":4,"href":"https:\/\/digidem-bayern.de\/en\/wp-json\/wp\/v2\/posts\/34577\/revisions"}],"predecessor-version":[{"id":34651,"href":"https:\/\/digidem-bayern.de\/en\/wp-json\/wp\/v2\/posts\/34577\/revisions\/34651"}],"wp:featuredmedia":[{"embeddable":true,"href":"https:\/\/digidem-bayern.de\/en\/wp-json\/wp\/v2\/media\/34614"}],"wp:attachment":[{"href":"https:\/\/digidem-bayern.de\/en\/wp-json\/wp\/v2\/media?parent=34577"}],"wp:term":[{"taxonomy":"category","embeddable":true,"href":"https:\/\/digidem-bayern.de\/en\/wp-json\/wp\/v2\/categories?post=34577"},{"taxonomy":"post_tag","embeddable":true,"href":"https:\/\/digidem-bayern.de\/en\/wp-json\/wp\/v2\/tags?post=34577"}],"curies":[{"name":"wp","href":"https:\/\/api.w.org\/{rel}","templated":true}]}}