{"id":34078,"date":"2024-04-12T12:07:00","date_gmt":"2024-04-12T10:07:00","guid":{"rendered":"https:\/\/digidem-bayern.de\/?p=34078"},"modified":"2024-04-12T14:04:47","modified_gmt":"2024-04-12T12:04:47","slug":"1-demenz-screeningtag-in-kaufbeuren-in-schwaben","status":"publish","type":"post","link":"https:\/\/digidem-bayern.de\/en\/1-demenz-screeningtag-in-kaufbeuren-in-schwaben\/","title":{"rendered":"1. Demenz-Screeningtag in Kaufbeuren in Schwaben"},"content":{"rendered":"<div class=\"wp-block-image\">\n<figure class=\"alignright size-large is-resized\"><img loading=\"lazy\" decoding=\"async\" width=\"1030\" height=\"773\" src=\"https:\/\/digidem-bayern.de\/wp-content\/uploads\/2024\/04\/2024-03-14-03-Screeningtag-Kaufbeuren-Mindelheim_PKO_Vater_Schill_Franke_Foto-digiDEM-Bayern-Ilona-Hoerath-1030x773.jpeg\" alt=\"1. Demenz-Screeningtag in Kaufbeuren in Schwaben\" class=\"wp-image-34064\" style=\"width:536px;height:auto\" srcset=\"https:\/\/digidem-bayern.de\/wp-content\/uploads\/2024\/04\/2024-03-14-03-Screeningtag-Kaufbeuren-Mindelheim_PKO_Vater_Schill_Franke_Foto-digiDEM-Bayern-Ilona-Hoerath-1030x773.jpeg 1030w, https:\/\/digidem-bayern.de\/wp-content\/uploads\/2024\/04\/2024-03-14-03-Screeningtag-Kaufbeuren-Mindelheim_PKO_Vater_Schill_Franke_Foto-digiDEM-Bayern-Ilona-Hoerath-300x225.jpeg 300w, https:\/\/digidem-bayern.de\/wp-content\/uploads\/2024\/04\/2024-03-14-03-Screeningtag-Kaufbeuren-Mindelheim_PKO_Vater_Schill_Franke_Foto-digiDEM-Bayern-Ilona-Hoerath-768x576.jpeg 768w, https:\/\/digidem-bayern.de\/wp-content\/uploads\/2024\/04\/2024-03-14-03-Screeningtag-Kaufbeuren-Mindelheim_PKO_Vater_Schill_Franke_Foto-digiDEM-Bayern-Ilona-Hoerath-1536x1152.jpeg 1536w, https:\/\/digidem-bayern.de\/wp-content\/uploads\/2024\/04\/2024-03-14-03-Screeningtag-Kaufbeuren-Mindelheim_PKO_Vater_Schill_Franke_Foto-digiDEM-Bayern-Ilona-Hoerath-2048x1536.jpeg 2048w, https:\/\/digidem-bayern.de\/wp-content\/uploads\/2024\/04\/2024-03-14-03-Screeningtag-Kaufbeuren-Mindelheim_PKO_Vater_Schill_Franke_Foto-digiDEM-Bayern-Ilona-Hoerath-467x350.jpeg 467w, https:\/\/digidem-bayern.de\/wp-content\/uploads\/2024\/04\/2024-03-14-03-Screeningtag-Kaufbeuren-Mindelheim_PKO_Vater_Schill_Franke_Foto-digiDEM-Bayern-Ilona-Hoerath-1320x990.jpeg 1320w, https:\/\/digidem-bayern.de\/wp-content\/uploads\/2024\/04\/2024-03-14-03-Screeningtag-Kaufbeuren-Mindelheim_PKO_Vater_Schill_Franke_Foto-digiDEM-Bayern-Ilona-Hoerath.jpeg 1600w\" sizes=\"auto, (max-width: 1030px) 100vw, 1030px\" \/><figcaption class=\"wp-element-caption\">Sie freuten sich \u00fcber den Zuspruch in Kaufbeuren: (v. li.) digiDEM Bayern-Projektleiter Prof. Peter Kolominsky Rabas, Wolfgang Vater (Sozialgerontologe und Einrichtungsleiter der Aktions- und Begegnungsst\u00e4tte Blaue Blume Schwaben gGmbH), Oliver Schill (Zweiter B\u00fcrgermeister der Stadt Kaufbeuren) und Felix Franke (Seniorenbeauftragter der Stadt Kaufbeuren). Foto: digiDEM Bayern \/ Ilona H\u00f6rath<\/figcaption><\/figure>\n<\/div>\n\n\n<p>59 B\u00fcrgerinnen und B\u00fcrger kamen am 14. M\u00e4rz 2024 zu unserem 1. Demenz-Screeningtag in Kaufbeuren und haben ihre Ged\u00e4chtnisleistung testen lassen. Das gro\u00dfe Interesse an den kostenlosen Ged\u00e4chtnistests zeigt, wie wichtig es den Menschen ist, fr\u00fchzeitig Gewissheit zu erlangen: Auch in Kaufbeuren waren alle Screeningtermine fr\u00fchzeitig ausgebucht.<\/p>\n\n\n\n<p>Unser herzlicher Dank gilt unserem Kooperationspartner Wolfgang Vater, Sozialgerontologe und Einrichtungsleiter der&nbsp;Aktions- und Begegnungsst\u00e4tte&nbsp;Blaue Blume Schwaben gGmbH, f\u00fcr die perfekte Unterst\u00fctzung. Wir danken auch der Stadt Kaufbeuren f\u00fcr ihre Gastfreundschaft und dem Besuch von Oliver Schill,&nbsp;dem Zweiten B\u00fcrgermeister der Stadt Kaufbeuren und Felix Franke, dem Seniorenbeauftragten der Stadt Kaufbeuren.<\/p>\n\n\n\n<p><\/p>\n\n\n\n<p><\/p>\n\n\n\n<p><\/p>\n\n\n\n<p><\/p>\n\n\n\n<p><\/p>\n\n\n\n<p><\/p>\n\n\n\n<p><strong>Sehen Sie sich unser Video vom 1. Demenz-Screeningtag in Kaufbeuren an.<\/strong><\/p>\n\n\n\n<p>Oliver Schill, der Zweite B\u00fcrgermeister der Stadt Kaufbeuren, spricht im Video mit Felix Franke, dem Seniorenbeauftragten der Stadt Kaufbeuren, \u00fcber die Bedeutung von Demenz-Fr\u00fcherkennung.<\/p>\n\n\n\n<p><\/p>\n\n\n\n<div style=\"height:100px\" aria-hidden=\"true\" class=\"wp-block-spacer\"><\/div>\n\n\n\n<figure class=\"wp-block-embed is-type-video is-provider-youtube wp-block-embed-youtube wp-embed-aspect-16-9 wp-has-aspect-ratio\"><div class=\"wp-block-embed__wrapper\">\n<iframe loading=\"lazy\" title=\"Oliver Schill und Felix Franke: Wir freuen uns \u00fcber den Demenz-Screeningtag in Kaufbeuren.\" width=\"1223\" height=\"688\" src=\"https:\/\/www.youtube.com\/embed\/4ttfAWSwJwM?feature=oembed\" frameborder=\"0\" allow=\"accelerometer; autoplay; clipboard-write; encrypted-media; gyroscope; picture-in-picture; web-share\" referrerpolicy=\"strict-origin-when-cross-origin\" allowfullscreen><\/iframe>\n<\/div><\/figure>\n\n\n\n<div style=\"height:20px\" aria-hidden=\"true\" class=\"wp-block-spacer\"><\/div>\n\n\n\n<div style=\"height:20px\" aria-hidden=\"true\" class=\"wp-block-spacer\"><\/div>","protected":false},"excerpt":{"rendered":"<p>59 B\u00fcrgerinnen und B\u00fcrger kamen am 14. M\u00e4rz 2024 zu unserem 1. Demenz-Screeningtag in Kaufbeuren und haben ihre Ged\u00e4chtnisleistung testen lassen. Das gro\u00dfe Interesse an den kostenlosen Ged\u00e4chtnistests zeigt, wie wichtig es den Menschen ist, fr\u00fchzeitig Gewissheit zu erlangen: Auch in Kaufbeuren waren alle Screeningtermine fr\u00fchzeitig ausgebucht. Unser herzlicher Dank &hellip;<\/p>","protected":false},"author":12,"featured_media":34064,"comment_status":"open","ping_status":"closed","sticky":false,"template":"","format":"standard","meta":{"qubely_global_settings":"","qubely_interactions":"","_uag_custom_page_level_css":"","footnotes":""},"categories":[8],"tags":[13,691,1016,12,696,203,474,14,17,55,1018,420,997,1014,1015,1017,659],"class_list":["post-34078","post","type-post","status-publish","format-standard","has-post-thumbnail","hentry","category-aktuelles-zu-digidem","tag-alzheimer","tag-aufklaerung","tag-blaue-blume","tag-demenz-2","tag-demenz-screeningtag","tag-demenzpraevention","tag-demenzwissen","tag-digidem","tag-digidem-bayern","tag-digitales-demenzregister-bayern","tag-felix-franke","tag-gedaechtnisleistung","tag-gedaechtnistest","tag-kaufbeuren","tag-mindelheim","tag-oliver-schill","tag-schwaben"],"qubely_featured_image_url":{"full":["https:\/\/digidem-bayern.de\/wp-content\/uploads\/2024\/04\/2024-03-14-03-Screeningtag-Kaufbeuren-Mindelheim_PKO_Vater_Schill_Franke_Foto-digiDEM-Bayern-Ilona-Hoerath.jpeg",1600,1200,false],"landscape":["https:\/\/digidem-bayern.de\/wp-content\/uploads\/2024\/04\/2024-03-14-03-Screeningtag-Kaufbeuren-Mindelheim_PKO_Vater_Schill_Franke_Foto-digiDEM-Bayern-Ilona-Hoerath-1200x750.jpeg",1200,750,true],"portraits":["https:\/\/digidem-bayern.de\/wp-content\/uploads\/2024\/04\/2024-03-14-03-Screeningtag-Kaufbeuren-Mindelheim_PKO_Vater_Schill_Franke_Foto-digiDEM-Bayern-Ilona-Hoerath-540x320.jpeg",540,320,true],"thumbnail":["https:\/\/digidem-bayern.de\/wp-content\/uploads\/2024\/04\/2024-03-14-03-Screeningtag-Kaufbeuren-Mindelheim_PKO_Vater_Schill_Franke_Foto-digiDEM-Bayern-Ilona-Hoerath-80x80.jpeg",80,80,true],"medium":["https:\/\/digidem-bayern.de\/wp-content\/uploads\/2024\/04\/2024-03-14-03-Screeningtag-Kaufbeuren-Mindelheim_PKO_Vater_Schill_Franke_Foto-digiDEM-Bayern-Ilona-Hoerath-300x225.jpeg",300,225,true],"medium_large":["https:\/\/digidem-bayern.de\/wp-content\/uploads\/2024\/04\/2024-03-14-03-Screeningtag-Kaufbeuren-Mindelheim_PKO_Vater_Schill_Franke_Foto-digiDEM-Bayern-Ilona-Hoerath-768x576.jpeg",768,576,true],"large":["https:\/\/digidem-bayern.de\/wp-content\/uploads\/2024\/04\/2024-03-14-03-Screeningtag-Kaufbeuren-Mindelheim_PKO_Vater_Schill_Franke_Foto-digiDEM-Bayern-Ilona-Hoerath-1030x773.jpeg",1030,773,true],"1536x1536":["https:\/\/digidem-bayern.de\/wp-content\/uploads\/2024\/04\/2024-03-14-03-Screeningtag-Kaufbeuren-Mindelheim_PKO_Vater_Schill_Franke_Foto-digiDEM-Bayern-Ilona-Hoerath-1536x1152.jpeg",1536,1152,true],"2048x2048":["https:\/\/digidem-bayern.de\/wp-content\/uploads\/2024\/04\/2024-03-14-03-Screeningtag-Kaufbeuren-Mindelheim_PKO_Vater_Schill_Franke_Foto-digiDEM-Bayern-Ilona-Hoerath-2048x1536.jpeg",2048,1536,true],"trp-custom-language-flag":["https:\/\/digidem-bayern.de\/wp-content\/uploads\/2024\/04\/2024-03-14-03-Screeningtag-Kaufbeuren-Mindelheim_PKO_Vater_Schill_Franke_Foto-digiDEM-Bayern-Ilona-Hoerath.jpeg",16,12,false],"qubely_landscape":["https:\/\/digidem-bayern.de\/wp-content\/uploads\/2024\/04\/2024-03-14-03-Screeningtag-Kaufbeuren-Mindelheim_PKO_Vater_Schill_Franke_Foto-digiDEM-Bayern-Ilona-Hoerath-1200x750.jpeg",1200,750,true],"qubely_portrait":["https:\/\/digidem-bayern.de\/wp-content\/uploads\/2024\/04\/2024-03-14-03-Screeningtag-Kaufbeuren-Mindelheim_PKO_Vater_Schill_Franke_Foto-digiDEM-Bayern-Ilona-Hoerath-540x320.jpeg",540,320,true],"qubely_thumbnail":["https:\/\/digidem-bayern.de\/wp-content\/uploads\/2024\/04\/2024-03-14-03-Screeningtag-Kaufbeuren-Mindelheim_PKO_Vater_Schill_Franke_Foto-digiDEM-Bayern-Ilona-Hoerath-140x100.jpeg",140,100,true],"post-thumbnail":["https:\/\/digidem-bayern.de\/wp-content\/uploads\/2024\/04\/2024-03-14-03-Screeningtag-Kaufbeuren-Mindelheim_PKO_Vater_Schill_Franke_Foto-digiDEM-Bayern-Ilona-Hoerath-467x350.jpeg",467,350,true],"kahuna-featured":["https:\/\/digidem-bayern.de\/wp-content\/uploads\/2024\/04\/2024-03-14-03-Screeningtag-Kaufbeuren-Mindelheim_PKO_Vater_Schill_Franke_Foto-digiDEM-Bayern-Ilona-Hoerath-734x350.jpeg",734,350,true],"kahuna-featured-lp":["https:\/\/digidem-bayern.de\/wp-content\/uploads\/2024\/04\/2024-03-14-03-Screeningtag-Kaufbeuren-Mindelheim_PKO_Vater_Schill_Franke_Foto-digiDEM-Bayern-Ilona-Hoerath-520x350.jpeg",520,350,true],"kahuna-featured-half":["https:\/\/digidem-bayern.de\/wp-content\/uploads\/2024\/04\/2024-03-14-03-Screeningtag-Kaufbeuren-Mindelheim_PKO_Vater_Schill_Franke_Foto-digiDEM-Bayern-Ilona-Hoerath-800x350.jpeg",800,350,true],"kahuna-featured-third":["https:\/\/digidem-bayern.de\/wp-content\/uploads\/2024\/04\/2024-03-14-03-Screeningtag-Kaufbeuren-Mindelheim_PKO_Vater_Schill_Franke_Foto-digiDEM-Bayern-Ilona-Hoerath-512x350.jpeg",512,350,true],"kahuna-lpbox-1":["https:\/\/digidem-bayern.de\/wp-content\/uploads\/2024\/04\/2024-03-14-03-Screeningtag-Kaufbeuren-Mindelheim_PKO_Vater_Schill_Franke_Foto-digiDEM-Bayern-Ilona-Hoerath-520x300.jpeg",520,300,true],"kahuna-lpbox-2":["https:\/\/digidem-bayern.de\/wp-content\/uploads\/2024\/04\/2024-03-14-03-Screeningtag-Kaufbeuren-Mindelheim_PKO_Vater_Schill_Franke_Foto-digiDEM-Bayern-Ilona-Hoerath-520x350.jpeg",520,350,true],"demand-language-flag":["https:\/\/digidem-bayern.de\/wp-content\/uploads\/2024\/04\/2024-03-14-03-Screeningtag-Kaufbeuren-Mindelheim_PKO_Vater_Schill_Franke_Foto-digiDEM-Bayern-Ilona-Hoerath-36x36.jpeg",36,36,true],"dddkt-language-flag":["https:\/\/digidem-bayern.de\/wp-content\/uploads\/2024\/04\/2024-03-14-03-Screeningtag-Kaufbeuren-Mindelheim_PKO_Vater_Schill_Franke_Foto-digiDEM-Bayern-Ilona-Hoerath-36x36.jpeg",36,36,true],"ddiqc-language-flag":["https:\/\/digidem-bayern.de\/wp-content\/uploads\/2024\/04\/2024-03-14-03-Screeningtag-Kaufbeuren-Mindelheim_PKO_Vater_Schill_Franke_Foto-digiDEM-Bayern-Ilona-Hoerath-36x36.jpeg",36,36,true],"ddtl-language-flag":["https:\/\/digidem-bayern.de\/wp-content\/uploads\/2024\/04\/2024-03-14-03-Screeningtag-Kaufbeuren-Mindelheim_PKO_Vater_Schill_Franke_Foto-digiDEM-Bayern-Ilona-Hoerath-36x36.jpeg",36,36,true],"mailpoet_newsletter_max":["https:\/\/digidem-bayern.de\/wp-content\/uploads\/2024\/04\/2024-03-14-03-Screeningtag-Kaufbeuren-Mindelheim_PKO_Vater_Schill_Franke_Foto-digiDEM-Bayern-Ilona-Hoerath-1320x990.jpeg",1320,990,true],"kahuna-lpbox-3":["https:\/\/digidem-bayern.de\/wp-content\/uploads\/2024\/04\/2024-03-14-03-Screeningtag-Kaufbeuren-Mindelheim_PKO_Vater_Schill_Franke_Foto-digiDEM-Bayern-Ilona-Hoerath-520x350.jpeg",520,350,true],"kahuna-featured-square":["https:\/\/digidem-bayern.de\/wp-content\/uploads\/2024\/04\/2024-03-14-03-Screeningtag-Kaufbeuren-Mindelheim_PKO_Vater_Schill_Franke_Foto-digiDEM-Bayern-Ilona-Hoerath-512x512.jpeg",512,512,true],"kahuna-featured-square-large":["https:\/\/digidem-bayern.de\/wp-content\/uploads\/2024\/04\/2024-03-14-03-Screeningtag-Kaufbeuren-Mindelheim_PKO_Vater_Schill_Franke_Foto-digiDEM-Bayern-Ilona-Hoerath-1024x1024.jpeg",1024,1024,true]},"qubely_author":{"display_name":"Ilona H\u00f6rath","author_link":"https:\/\/digidem-bayern.de\/en\/author\/hoeratia\/"},"qubely_comment":3,"qubely_category":"<a href=\"https:\/\/digidem-bayern.de\/en\/category\/aktuelles-zu-digidem\/\" rel=\"category tag\">Aktuelles zu digiDEM<\/a>","qubely_excerpt":"59 B\u00fcrgerinnen und B\u00fcrger kamen am 14. M\u00e4rz 2024 zu unserem 1. Demenz-Screeningtag in Kaufbeuren und haben ihre Ged\u00e4chtnisleistung testen lassen. Das gro\u00dfe Interesse an den kostenlosen Ged\u00e4chtnistests zeigt, wie wichtig es den Menschen ist, fr\u00fchzeitig Gewissheit zu erlangen: Auch in Kaufbeuren waren alle Screeningtermine fr\u00fchzeitig ausgebucht. Unser herzlicher Dank &hellip;","featured_image_urls_v2":{"full":["https:\/\/digidem-bayern.de\/wp-content\/uploads\/2024\/04\/2024-03-14-03-Screeningtag-Kaufbeuren-Mindelheim_PKO_Vater_Schill_Franke_Foto-digiDEM-Bayern-Ilona-Hoerath.jpeg",1600,1200,false],"thumbnail":["https:\/\/digidem-bayern.de\/wp-content\/uploads\/2024\/04\/2024-03-14-03-Screeningtag-Kaufbeuren-Mindelheim_PKO_Vater_Schill_Franke_Foto-digiDEM-Bayern-Ilona-Hoerath-80x80.jpeg",80,80,true],"medium":["https:\/\/digidem-bayern.de\/wp-content\/uploads\/2024\/04\/2024-03-14-03-Screeningtag-Kaufbeuren-Mindelheim_PKO_Vater_Schill_Franke_Foto-digiDEM-Bayern-Ilona-Hoerath-300x225.jpeg",300,225,true],"medium_large":["https:\/\/digidem-bayern.de\/wp-content\/uploads\/2024\/04\/2024-03-14-03-Screeningtag-Kaufbeuren-Mindelheim_PKO_Vater_Schill_Franke_Foto-digiDEM-Bayern-Ilona-Hoerath-768x576.jpeg",768,576,true],"large":["https:\/\/digidem-bayern.de\/wp-content\/uploads\/2024\/04\/2024-03-14-03-Screeningtag-Kaufbeuren-Mindelheim_PKO_Vater_Schill_Franke_Foto-digiDEM-Bayern-Ilona-Hoerath-1030x773.jpeg",1030,773,true],"1536x1536":["https:\/\/digidem-bayern.de\/wp-content\/uploads\/2024\/04\/2024-03-14-03-Screeningtag-Kaufbeuren-Mindelheim_PKO_Vater_Schill_Franke_Foto-digiDEM-Bayern-Ilona-Hoerath-1536x1152.jpeg",1536,1152,true],"2048x2048":["https:\/\/digidem-bayern.de\/wp-content\/uploads\/2024\/04\/2024-03-14-03-Screeningtag-Kaufbeuren-Mindelheim_PKO_Vater_Schill_Franke_Foto-digiDEM-Bayern-Ilona-Hoerath-2048x1536.jpeg",2048,1536,true],"trp-custom-language-flag":["https:\/\/digidem-bayern.de\/wp-content\/uploads\/2024\/04\/2024-03-14-03-Screeningtag-Kaufbeuren-Mindelheim_PKO_Vater_Schill_Franke_Foto-digiDEM-Bayern-Ilona-Hoerath.jpeg",16,12,false],"qubely_landscape":["https:\/\/digidem-bayern.de\/wp-content\/uploads\/2024\/04\/2024-03-14-03-Screeningtag-Kaufbeuren-Mindelheim_PKO_Vater_Schill_Franke_Foto-digiDEM-Bayern-Ilona-Hoerath-1200x750.jpeg",1200,750,true],"qubely_portrait":["https:\/\/digidem-bayern.de\/wp-content\/uploads\/2024\/04\/2024-03-14-03-Screeningtag-Kaufbeuren-Mindelheim_PKO_Vater_Schill_Franke_Foto-digiDEM-Bayern-Ilona-Hoerath-540x320.jpeg",540,320,true],"qubely_thumbnail":["https:\/\/digidem-bayern.de\/wp-content\/uploads\/2024\/04\/2024-03-14-03-Screeningtag-Kaufbeuren-Mindelheim_PKO_Vater_Schill_Franke_Foto-digiDEM-Bayern-Ilona-Hoerath-140x100.jpeg",140,100,true],"post-thumbnail":["https:\/\/digidem-bayern.de\/wp-content\/uploads\/2024\/04\/2024-03-14-03-Screeningtag-Kaufbeuren-Mindelheim_PKO_Vater_Schill_Franke_Foto-digiDEM-Bayern-Ilona-Hoerath-467x350.jpeg",467,350,true],"kahuna-featured":["https:\/\/digidem-bayern.de\/wp-content\/uploads\/2024\/04\/2024-03-14-03-Screeningtag-Kaufbeuren-Mindelheim_PKO_Vater_Schill_Franke_Foto-digiDEM-Bayern-Ilona-Hoerath-734x350.jpeg",734,350,true],"kahuna-featured-lp":["https:\/\/digidem-bayern.de\/wp-content\/uploads\/2024\/04\/2024-03-14-03-Screeningtag-Kaufbeuren-Mindelheim_PKO_Vater_Schill_Franke_Foto-digiDEM-Bayern-Ilona-Hoerath-520x350.jpeg",520,350,true],"kahuna-featured-half":["https:\/\/digidem-bayern.de\/wp-content\/uploads\/2024\/04\/2024-03-14-03-Screeningtag-Kaufbeuren-Mindelheim_PKO_Vater_Schill_Franke_Foto-digiDEM-Bayern-Ilona-Hoerath-800x350.jpeg",800,350,true],"kahuna-featured-third":["https:\/\/digidem-bayern.de\/wp-content\/uploads\/2024\/04\/2024-03-14-03-Screeningtag-Kaufbeuren-Mindelheim_PKO_Vater_Schill_Franke_Foto-digiDEM-Bayern-Ilona-Hoerath-512x350.jpeg",512,350,true],"kahuna-lpbox-1":["https:\/\/digidem-bayern.de\/wp-content\/uploads\/2024\/04\/2024-03-14-03-Screeningtag-Kaufbeuren-Mindelheim_PKO_Vater_Schill_Franke_Foto-digiDEM-Bayern-Ilona-Hoerath-520x300.jpeg",520,300,true],"kahuna-lpbox-2":["https:\/\/digidem-bayern.de\/wp-content\/uploads\/2024\/04\/2024-03-14-03-Screeningtag-Kaufbeuren-Mindelheim_PKO_Vater_Schill_Franke_Foto-digiDEM-Bayern-Ilona-Hoerath-520x350.jpeg",520,350,true],"demand-language-flag":["https:\/\/digidem-bayern.de\/wp-content\/uploads\/2024\/04\/2024-03-14-03-Screeningtag-Kaufbeuren-Mindelheim_PKO_Vater_Schill_Franke_Foto-digiDEM-Bayern-Ilona-Hoerath-36x36.jpeg",36,36,true],"dddkt-language-flag":["https:\/\/digidem-bayern.de\/wp-content\/uploads\/2024\/04\/2024-03-14-03-Screeningtag-Kaufbeuren-Mindelheim_PKO_Vater_Schill_Franke_Foto-digiDEM-Bayern-Ilona-Hoerath-36x36.jpeg",36,36,true],"ddiqc-language-flag":["https:\/\/digidem-bayern.de\/wp-content\/uploads\/2024\/04\/2024-03-14-03-Screeningtag-Kaufbeuren-Mindelheim_PKO_Vater_Schill_Franke_Foto-digiDEM-Bayern-Ilona-Hoerath-36x36.jpeg",36,36,true],"ddtl-language-flag":["https:\/\/digidem-bayern.de\/wp-content\/uploads\/2024\/04\/2024-03-14-03-Screeningtag-Kaufbeuren-Mindelheim_PKO_Vater_Schill_Franke_Foto-digiDEM-Bayern-Ilona-Hoerath-36x36.jpeg",36,36,true],"mailpoet_newsletter_max":["https:\/\/digidem-bayern.de\/wp-content\/uploads\/2024\/04\/2024-03-14-03-Screeningtag-Kaufbeuren-Mindelheim_PKO_Vater_Schill_Franke_Foto-digiDEM-Bayern-Ilona-Hoerath-1320x990.jpeg",1320,990,true],"kahuna-lpbox-3":["https:\/\/digidem-bayern.de\/wp-content\/uploads\/2024\/04\/2024-03-14-03-Screeningtag-Kaufbeuren-Mindelheim_PKO_Vater_Schill_Franke_Foto-digiDEM-Bayern-Ilona-Hoerath-520x350.jpeg",520,350,true],"kahuna-featured-square":["https:\/\/digidem-bayern.de\/wp-content\/uploads\/2024\/04\/2024-03-14-03-Screeningtag-Kaufbeuren-Mindelheim_PKO_Vater_Schill_Franke_Foto-digiDEM-Bayern-Ilona-Hoerath-512x512.jpeg",512,512,true],"kahuna-featured-square-large":["https:\/\/digidem-bayern.de\/wp-content\/uploads\/2024\/04\/2024-03-14-03-Screeningtag-Kaufbeuren-Mindelheim_PKO_Vater_Schill_Franke_Foto-digiDEM-Bayern-Ilona-Hoerath-1024x1024.jpeg",1024,1024,true]},"post_excerpt_stackable_v2":"<p>Sie freuten sich \u00fcber den Zuspruch in Kaufbeuren: (v. li.) digiDEM Bayern-Projektleiter Prof. Peter Kolominsky Rabas, Wolfgang Vater (Sozialgerontologe und Einrichtungsleiter der Aktions- und Begegnungsst\u00e4tte Blaue Blume Schwaben gGmbH), Oliver Schill (Zweiter B\u00fcrgermeister der Stadt Kaufbeuren) und Felix Franke (Seniorenbeauftragter der Stadt Kaufbeuren). Foto: digiDEM Bayern \/ Ilona H\u00f6rath 59 B\u00fcrgerinnen und B\u00fcrger kamen am 14. M\u00e4rz 2024 zu unserem 1. Demenz-Screeningtag in Kaufbeuren und haben ihre Ged\u00e4chtnisleistung testen lassen. Das gro\u00dfe Interesse an den kostenlosen Ged\u00e4chtnistests zeigt, wie wichtig es den Menschen ist, fr\u00fchzeitig Gewissheit zu erlangen: Auch in Kaufbeuren waren alle Screeningtermine fr\u00fchzeitig ausgebucht. Unser herzlicher Dank gilt&hellip;<\/p>\n","category_list_v2":"<a href=\"https:\/\/digidem-bayern.de\/en\/category\/aktuelles-zu-digidem\/\" rel=\"category tag\">Aktuelles zu digiDEM<\/a>","author_info_v2":{"name":"Ilona H\u00f6rath","url":"https:\/\/digidem-bayern.de\/en\/author\/hoeratia\/"},"comments_num_v2":"0 comments","yoast_head":"<!-- This site is optimized with the Yoast SEO plugin v27.4 - https:\/\/yoast.com\/product\/yoast-seo-wordpress\/ -->\n<title>1. Demenz-Screeningtag in Kaufbeuren in Schwaben - digiDEM Bayern<\/title>\n<meta name=\"description\" content=\"Der Bayerische Landesapothekerkammer unterst\u00fctzt digiDEM Bayern mit Hilfe des Netzwerks &quot;Demenzfreundliche Apotheken&quot;.\" \/>\n<meta name=\"robots\" content=\"index, follow, max-snippet:-1, max-image-preview:large, max-video-preview:-1\" \/>\n<link rel=\"canonical\" href=\"https:\/\/digidem-bayern.de\/en\/1-demenz-screeningtag-in-kaufbeuren-in-schwaben\/\" \/>\n<meta property=\"og:locale\" content=\"en_US\" \/>\n<meta property=\"og:type\" content=\"article\" \/>\n<meta property=\"og:title\" content=\"1. Demenz-Screeningtag in Kaufbeuren in Schwaben - digiDEM Bayern\" \/>\n<meta property=\"og:description\" content=\"Der Bayerische Landesapothekerkammer unterst\u00fctzt digiDEM Bayern mit Hilfe des Netzwerks &quot;Demenzfreundliche Apotheken&quot;.\" \/>\n<meta property=\"og:url\" content=\"https:\/\/digidem-bayern.de\/en\/1-demenz-screeningtag-in-kaufbeuren-in-schwaben\/\" \/>\n<meta property=\"og:site_name\" content=\"digiDEM Bayern\" \/>\n<meta property=\"article:publisher\" content=\"https:\/\/www.facebook.com\/digiDEMBayern\/\" \/>\n<meta property=\"article:published_time\" content=\"2024-04-12T10:07:00+00:00\" \/>\n<meta property=\"article:modified_time\" content=\"2024-04-12T12:04:47+00:00\" \/>\n<meta property=\"og:image\" content=\"https:\/\/digidem-bayern.de\/wp-content\/uploads\/2024\/04\/2024-03-14-03-Screeningtag-Kaufbeuren-Mindelheim_PKO_Vater_Schill_Franke_Foto-digiDEM-Bayern-Ilona-Hoerath-1030x773.jpeg\" \/>\n\t<meta property=\"og:image:width\" content=\"1030\" \/>\n\t<meta property=\"og:image:height\" content=\"773\" \/>\n\t<meta property=\"og:image:type\" content=\"image\/jpeg\" \/>\n<meta name=\"author\" content=\"Ilona H\u00f6rath\" \/>\n<meta name=\"twitter:label1\" content=\"Written by\" \/>\n\t<meta name=\"twitter:data1\" content=\"Ilona H\u00f6rath\" \/>\n\t<meta name=\"twitter:label2\" content=\"Est. reading time\" \/>\n\t<meta name=\"twitter:data2\" content=\"2 minutes\" \/>\n<script type=\"application\/ld+json\" class=\"yoast-schema-graph\">{\"@context\":\"https:\\\/\\\/schema.org\",\"@graph\":[{\"@type\":\"Article\",\"@id\":\"https:\\\/\\\/digidem-bayern.de\\\/1-demenz-screeningtag-in-kaufbeuren-in-schwaben\\\/#article\",\"isPartOf\":{\"@id\":\"https:\\\/\\\/digidem-bayern.de\\\/1-demenz-screeningtag-in-kaufbeuren-in-schwaben\\\/\"},\"author\":{\"name\":\"Ilona H\u00f6rath\",\"@id\":\"\\\/#\\\/schema\\\/person\\\/0bc1494f46fc2a051c761322a80e0941\"},\"headline\":\"1. Demenz-Screeningtag in Kaufbeuren in Schwaben\",\"datePublished\":\"2024-04-12T10:07:00+00:00\",\"dateModified\":\"2024-04-12T12:04:47+00:00\",\"mainEntityOfPage\":{\"@id\":\"https:\\\/\\\/digidem-bayern.de\\\/1-demenz-screeningtag-in-kaufbeuren-in-schwaben\\\/\"},\"wordCount\":207,\"commentCount\":0,\"publisher\":{\"@id\":\"\\\/#organization\"},\"image\":{\"@id\":\"https:\\\/\\\/digidem-bayern.de\\\/1-demenz-screeningtag-in-kaufbeuren-in-schwaben\\\/#primaryimage\"},\"thumbnailUrl\":\"https:\\\/\\\/digidem-bayern.de\\\/wp-content\\\/uploads\\\/2024\\\/04\\\/2024-03-14-03-Screeningtag-Kaufbeuren-Mindelheim_PKO_Vater_Schill_Franke_Foto-digiDEM-Bayern-Ilona-Hoerath.jpeg\",\"keywords\":[\"Alzheimer\",\"Aufkl\u00e4rung\",\"Blaue Blume\",\"Demenz\",\"Demenz-Screeningtag\",\"Demenzpr\u00e4vention\",\"Demenzwissen\",\"digidem\",\"digidem Bayern\",\"Digitales Demenzregister Bayern\",\"Felix Franke\",\"Ged\u00e4chtnisleistung\",\"Ged\u00e4chtnistest\",\"Kaufbeuren\",\"Mindelheim\",\"Oliver Schill\",\"Schwaben\"],\"articleSection\":[\"Aktuelles zu digiDEM\"],\"inLanguage\":\"en-US\",\"potentialAction\":[{\"@type\":\"CommentAction\",\"name\":\"Comment\",\"target\":[\"https:\\\/\\\/digidem-bayern.de\\\/1-demenz-screeningtag-in-kaufbeuren-in-schwaben\\\/#respond\"]}]},{\"@type\":\"WebPage\",\"@id\":\"https:\\\/\\\/digidem-bayern.de\\\/1-demenz-screeningtag-in-kaufbeuren-in-schwaben\\\/\",\"url\":\"https:\\\/\\\/digidem-bayern.de\\\/1-demenz-screeningtag-in-kaufbeuren-in-schwaben\\\/\",\"name\":\"1. Demenz-Screeningtag in Kaufbeuren in Schwaben - digiDEM Bayern\",\"isPartOf\":{\"@id\":\"\\\/#website\"},\"primaryImageOfPage\":{\"@id\":\"https:\\\/\\\/digidem-bayern.de\\\/1-demenz-screeningtag-in-kaufbeuren-in-schwaben\\\/#primaryimage\"},\"image\":{\"@id\":\"https:\\\/\\\/digidem-bayern.de\\\/1-demenz-screeningtag-in-kaufbeuren-in-schwaben\\\/#primaryimage\"},\"thumbnailUrl\":\"https:\\\/\\\/digidem-bayern.de\\\/wp-content\\\/uploads\\\/2024\\\/04\\\/2024-03-14-03-Screeningtag-Kaufbeuren-Mindelheim_PKO_Vater_Schill_Franke_Foto-digiDEM-Bayern-Ilona-Hoerath.jpeg\",\"datePublished\":\"2024-04-12T10:07:00+00:00\",\"dateModified\":\"2024-04-12T12:04:47+00:00\",\"description\":\"Der Bayerische Landesapothekerkammer unterst\u00fctzt digiDEM Bayern mit Hilfe des Netzwerks \\\"Demenzfreundliche Apotheken\\\".\",\"breadcrumb\":{\"@id\":\"https:\\\/\\\/digidem-bayern.de\\\/1-demenz-screeningtag-in-kaufbeuren-in-schwaben\\\/#breadcrumb\"},\"inLanguage\":\"en-US\",\"potentialAction\":[{\"@type\":\"ReadAction\",\"target\":[\"https:\\\/\\\/digidem-bayern.de\\\/1-demenz-screeningtag-in-kaufbeuren-in-schwaben\\\/\"]}]},{\"@type\":\"ImageObject\",\"inLanguage\":\"en-US\",\"@id\":\"https:\\\/\\\/digidem-bayern.de\\\/1-demenz-screeningtag-in-kaufbeuren-in-schwaben\\\/#primaryimage\",\"url\":\"https:\\\/\\\/digidem-bayern.de\\\/wp-content\\\/uploads\\\/2024\\\/04\\\/2024-03-14-03-Screeningtag-Kaufbeuren-Mindelheim_PKO_Vater_Schill_Franke_Foto-digiDEM-Bayern-Ilona-Hoerath.jpeg\",\"contentUrl\":\"https:\\\/\\\/digidem-bayern.de\\\/wp-content\\\/uploads\\\/2024\\\/04\\\/2024-03-14-03-Screeningtag-Kaufbeuren-Mindelheim_PKO_Vater_Schill_Franke_Foto-digiDEM-Bayern-Ilona-Hoerath.jpeg\",\"width\":1600,\"height\":1200,\"caption\":\"Sie freuten sich \u00fcber den Zuspruch in Kaufbeuren: (v. li.) digiDEM Bayern-Projektleiter Prof. Peter Kolominsky Rabas, Wolfgang Vater (Sozialgerontologe und Einrichtungsleiter der Aktions- und Begegnungsst\u00e4tte Blaue Blume Schwaben gGmbH), Oliver Schill (Zweiter B\u00fcrgermeister der Stadt Kaufbeuren) und Felix Franke (Seniorenbeauftragter der Stadt Kaufbeuren). Foto: digiDEM Bayern \\\/ Ilona H\u00f6rath\"},{\"@type\":\"BreadcrumbList\",\"@id\":\"https:\\\/\\\/digidem-bayern.de\\\/1-demenz-screeningtag-in-kaufbeuren-in-schwaben\\\/#breadcrumb\",\"itemListElement\":[{\"@type\":\"ListItem\",\"position\":1,\"name\":\"Startseite\",\"item\":\"https:\\\/\\\/digidem-bayern.de\\\/\"},{\"@type\":\"ListItem\",\"position\":2,\"name\":\"1. Demenz-Screeningtag in Kaufbeuren in Schwaben\"}]},{\"@type\":\"WebSite\",\"@id\":\"\\\/#website\",\"url\":\"\\\/\",\"name\":\"digiDEM Bayern\",\"description\":\"Das digitale Demenzregister Bayern erforscht und verbessert die Angebotsstuktur f\u00fcr Menschen mit Demenz und deren Angeh\u00f6rige\",\"publisher\":{\"@id\":\"\\\/#organization\"},\"potentialAction\":[{\"@type\":\"SearchAction\",\"target\":{\"@type\":\"EntryPoint\",\"urlTemplate\":\"\\\/?s={search_term_string}\"},\"query-input\":{\"@type\":\"PropertyValueSpecification\",\"valueRequired\":true,\"valueName\":\"search_term_string\"}}],\"inLanguage\":\"en-US\"},{\"@type\":\"Organization\",\"@id\":\"\\\/#organization\",\"name\":\"digiDEM Bayern\",\"url\":\"\\\/\",\"logo\":{\"@type\":\"ImageObject\",\"inLanguage\":\"en-US\",\"@id\":\"\\\/#\\\/schema\\\/logo\\\/image\\\/\",\"url\":\"https:\\\/\\\/digidem-bayern.de\\\/wp-content\\\/uploads\\\/2022\\\/03\\\/cropped-Allgemeines_digiDEMLOGO-removebg-preview.png\",\"contentUrl\":\"https:\\\/\\\/digidem-bayern.de\\\/wp-content\\\/uploads\\\/2022\\\/03\\\/cropped-Allgemeines_digiDEMLOGO-removebg-preview.png\",\"width\":612,\"height\":357,\"caption\":\"digiDEM Bayern\"},\"image\":{\"@id\":\"\\\/#\\\/schema\\\/logo\\\/image\\\/\"},\"sameAs\":[\"https:\\\/\\\/www.facebook.com\\\/digiDEMBayern\\\/\",\"https:\\\/\\\/x.com\\\/digidem_bayern\",\"https:\\\/\\\/www.instagram.com\\\/digidem.bayern\",\"https:\\\/\\\/www.linkedin.com\\\/company\\\/digidem-bayern\\\/\"]},{\"@type\":\"Person\",\"@id\":\"\\\/#\\\/schema\\\/person\\\/0bc1494f46fc2a051c761322a80e0941\",\"name\":\"Ilona H\u00f6rath\",\"url\":\"https:\\\/\\\/digidem-bayern.de\\\/en\\\/author\\\/hoeratia\\\/\"}]}<\/script>\n<!-- \/ Yoast SEO plugin. -->","yoast_head_json":{"title":"1. Demenz-Screeningtag in Kaufbeuren in Schwaben - digiDEM Bayern","description":"Der Bayerische Landesapothekerkammer unterst\u00fctzt digiDEM Bayern mit Hilfe des Netzwerks \"Demenzfreundliche Apotheken\".","robots":{"index":"index","follow":"follow","max-snippet":"max-snippet:-1","max-image-preview":"max-image-preview:large","max-video-preview":"max-video-preview:-1"},"canonical":"https:\/\/digidem-bayern.de\/en\/1-demenz-screeningtag-in-kaufbeuren-in-schwaben\/","og_locale":"en_US","og_type":"article","og_title":"1. Demenz-Screeningtag in Kaufbeuren in Schwaben - digiDEM Bayern","og_description":"Der Bayerische Landesapothekerkammer unterst\u00fctzt digiDEM Bayern mit Hilfe des Netzwerks \"Demenzfreundliche Apotheken\".","og_url":"https:\/\/digidem-bayern.de\/en\/1-demenz-screeningtag-in-kaufbeuren-in-schwaben\/","og_site_name":"digiDEM Bayern","article_publisher":"https:\/\/www.facebook.com\/digiDEMBayern\/","article_published_time":"2024-04-12T10:07:00+00:00","article_modified_time":"2024-04-12T12:04:47+00:00","og_image":[{"width":1030,"height":773,"url":"https:\/\/digidem-bayern.de\/wp-content\/uploads\/2024\/04\/2024-03-14-03-Screeningtag-Kaufbeuren-Mindelheim_PKO_Vater_Schill_Franke_Foto-digiDEM-Bayern-Ilona-Hoerath-1030x773.jpeg","type":"image\/jpeg"}],"author":"Ilona H\u00f6rath","twitter_misc":{"Written by":"Ilona H\u00f6rath","Est. reading time":"2 minutes"},"schema":{"@context":"https:\/\/schema.org","@graph":[{"@type":"Article","@id":"https:\/\/digidem-bayern.de\/1-demenz-screeningtag-in-kaufbeuren-in-schwaben\/#article","isPartOf":{"@id":"https:\/\/digidem-bayern.de\/1-demenz-screeningtag-in-kaufbeuren-in-schwaben\/"},"author":{"name":"Ilona H\u00f6rath","@id":"\/#\/schema\/person\/0bc1494f46fc2a051c761322a80e0941"},"headline":"1. Demenz-Screeningtag in Kaufbeuren in Schwaben","datePublished":"2024-04-12T10:07:00+00:00","dateModified":"2024-04-12T12:04:47+00:00","mainEntityOfPage":{"@id":"https:\/\/digidem-bayern.de\/1-demenz-screeningtag-in-kaufbeuren-in-schwaben\/"},"wordCount":207,"commentCount":0,"publisher":{"@id":"\/#organization"},"image":{"@id":"https:\/\/digidem-bayern.de\/1-demenz-screeningtag-in-kaufbeuren-in-schwaben\/#primaryimage"},"thumbnailUrl":"https:\/\/digidem-bayern.de\/wp-content\/uploads\/2024\/04\/2024-03-14-03-Screeningtag-Kaufbeuren-Mindelheim_PKO_Vater_Schill_Franke_Foto-digiDEM-Bayern-Ilona-Hoerath.jpeg","keywords":["Alzheimer","Aufkl\u00e4rung","Blaue Blume","Demenz","Demenz-Screeningtag","Demenzpr\u00e4vention","Demenzwissen","digidem","digidem Bayern","Digitales Demenzregister Bayern","Felix Franke","Ged\u00e4chtnisleistung","Ged\u00e4chtnistest","Kaufbeuren","Mindelheim","Oliver Schill","Schwaben"],"articleSection":["Aktuelles zu digiDEM"],"inLanguage":"en-US","potentialAction":[{"@type":"CommentAction","name":"Comment","target":["https:\/\/digidem-bayern.de\/1-demenz-screeningtag-in-kaufbeuren-in-schwaben\/#respond"]}]},{"@type":"WebPage","@id":"https:\/\/digidem-bayern.de\/1-demenz-screeningtag-in-kaufbeuren-in-schwaben\/","url":"https:\/\/digidem-bayern.de\/1-demenz-screeningtag-in-kaufbeuren-in-schwaben\/","name":"1. Demenz-Screeningtag in Kaufbeuren in Schwaben - digiDEM Bayern","isPartOf":{"@id":"\/#website"},"primaryImageOfPage":{"@id":"https:\/\/digidem-bayern.de\/1-demenz-screeningtag-in-kaufbeuren-in-schwaben\/#primaryimage"},"image":{"@id":"https:\/\/digidem-bayern.de\/1-demenz-screeningtag-in-kaufbeuren-in-schwaben\/#primaryimage"},"thumbnailUrl":"https:\/\/digidem-bayern.de\/wp-content\/uploads\/2024\/04\/2024-03-14-03-Screeningtag-Kaufbeuren-Mindelheim_PKO_Vater_Schill_Franke_Foto-digiDEM-Bayern-Ilona-Hoerath.jpeg","datePublished":"2024-04-12T10:07:00+00:00","dateModified":"2024-04-12T12:04:47+00:00","description":"Der Bayerische Landesapothekerkammer unterst\u00fctzt digiDEM Bayern mit Hilfe des Netzwerks \"Demenzfreundliche Apotheken\".","breadcrumb":{"@id":"https:\/\/digidem-bayern.de\/1-demenz-screeningtag-in-kaufbeuren-in-schwaben\/#breadcrumb"},"inLanguage":"en-US","potentialAction":[{"@type":"ReadAction","target":["https:\/\/digidem-bayern.de\/1-demenz-screeningtag-in-kaufbeuren-in-schwaben\/"]}]},{"@type":"ImageObject","inLanguage":"en-US","@id":"https:\/\/digidem-bayern.de\/1-demenz-screeningtag-in-kaufbeuren-in-schwaben\/#primaryimage","url":"https:\/\/digidem-bayern.de\/wp-content\/uploads\/2024\/04\/2024-03-14-03-Screeningtag-Kaufbeuren-Mindelheim_PKO_Vater_Schill_Franke_Foto-digiDEM-Bayern-Ilona-Hoerath.jpeg","contentUrl":"https:\/\/digidem-bayern.de\/wp-content\/uploads\/2024\/04\/2024-03-14-03-Screeningtag-Kaufbeuren-Mindelheim_PKO_Vater_Schill_Franke_Foto-digiDEM-Bayern-Ilona-Hoerath.jpeg","width":1600,"height":1200,"caption":"Sie freuten sich \u00fcber den Zuspruch in Kaufbeuren: (v. li.) digiDEM Bayern-Projektleiter Prof. Peter Kolominsky Rabas, Wolfgang Vater (Sozialgerontologe und Einrichtungsleiter der Aktions- und Begegnungsst\u00e4tte Blaue Blume Schwaben gGmbH), Oliver Schill (Zweiter B\u00fcrgermeister der Stadt Kaufbeuren) und Felix Franke (Seniorenbeauftragter der Stadt Kaufbeuren). Foto: digiDEM Bayern \/ Ilona H\u00f6rath"},{"@type":"BreadcrumbList","@id":"https:\/\/digidem-bayern.de\/1-demenz-screeningtag-in-kaufbeuren-in-schwaben\/#breadcrumb","itemListElement":[{"@type":"ListItem","position":1,"name":"Startseite","item":"https:\/\/digidem-bayern.de\/"},{"@type":"ListItem","position":2,"name":"1. Demenz-Screeningtag in Kaufbeuren in Schwaben"}]},{"@type":"WebSite","@id":"\/#website","url":"\/","name":"digiDEM Bavaria","description":"The digital dementia register in Bavaria researches and improves the structure of services for people with dementia and their relatives","publisher":{"@id":"\/#organization"},"potentialAction":[{"@type":"SearchAction","target":{"@type":"EntryPoint","urlTemplate":"\/?s={search_term_string}"},"query-input":{"@type":"PropertyValueSpecification","valueRequired":true,"valueName":"search_term_string"}}],"inLanguage":"en-US"},{"@type":"Organization","@id":"\/#organization","name":"digiDEM Bavaria","url":"\/","logo":{"@type":"ImageObject","inLanguage":"en-US","@id":"\/#\/schema\/logo\/image\/","url":"https:\/\/digidem-bayern.de\/wp-content\/uploads\/2022\/03\/cropped-Allgemeines_digiDEMLOGO-removebg-preview.png","contentUrl":"https:\/\/digidem-bayern.de\/wp-content\/uploads\/2022\/03\/cropped-Allgemeines_digiDEMLOGO-removebg-preview.png","width":612,"height":357,"caption":"digiDEM Bayern"},"image":{"@id":"\/#\/schema\/logo\/image\/"},"sameAs":["https:\/\/www.facebook.com\/digiDEMBayern\/","https:\/\/x.com\/digidem_bayern","https:\/\/www.instagram.com\/digidem.bayern","https:\/\/www.linkedin.com\/company\/digidem-bayern\/"]},{"@type":"Person","@id":"\/#\/schema\/person\/0bc1494f46fc2a051c761322a80e0941","name":"Ilona H\u00f6rath","url":"https:\/\/digidem-bayern.de\/en\/author\/hoeratia\/"}]}},"uagb_featured_image_src":{"full":["https:\/\/digidem-bayern.de\/wp-content\/uploads\/2024\/04\/2024-03-14-03-Screeningtag-Kaufbeuren-Mindelheim_PKO_Vater_Schill_Franke_Foto-digiDEM-Bayern-Ilona-Hoerath.jpeg",1600,1200,false],"thumbnail":["https:\/\/digidem-bayern.de\/wp-content\/uploads\/2024\/04\/2024-03-14-03-Screeningtag-Kaufbeuren-Mindelheim_PKO_Vater_Schill_Franke_Foto-digiDEM-Bayern-Ilona-Hoerath-80x80.jpeg",80,80,true],"medium":["https:\/\/digidem-bayern.de\/wp-content\/uploads\/2024\/04\/2024-03-14-03-Screeningtag-Kaufbeuren-Mindelheim_PKO_Vater_Schill_Franke_Foto-digiDEM-Bayern-Ilona-Hoerath-300x225.jpeg",300,225,true],"medium_large":["https:\/\/digidem-bayern.de\/wp-content\/uploads\/2024\/04\/2024-03-14-03-Screeningtag-Kaufbeuren-Mindelheim_PKO_Vater_Schill_Franke_Foto-digiDEM-Bayern-Ilona-Hoerath-768x576.jpeg",768,576,true],"large":["https:\/\/digidem-bayern.de\/wp-content\/uploads\/2024\/04\/2024-03-14-03-Screeningtag-Kaufbeuren-Mindelheim_PKO_Vater_Schill_Franke_Foto-digiDEM-Bayern-Ilona-Hoerath-1030x773.jpeg",1030,773,true],"1536x1536":["https:\/\/digidem-bayern.de\/wp-content\/uploads\/2024\/04\/2024-03-14-03-Screeningtag-Kaufbeuren-Mindelheim_PKO_Vater_Schill_Franke_Foto-digiDEM-Bayern-Ilona-Hoerath-1536x1152.jpeg",1536,1152,true],"2048x2048":["https:\/\/digidem-bayern.de\/wp-content\/uploads\/2024\/04\/2024-03-14-03-Screeningtag-Kaufbeuren-Mindelheim_PKO_Vater_Schill_Franke_Foto-digiDEM-Bayern-Ilona-Hoerath-2048x1536.jpeg",2048,1536,true],"trp-custom-language-flag":["https:\/\/digidem-bayern.de\/wp-content\/uploads\/2024\/04\/2024-03-14-03-Screeningtag-Kaufbeuren-Mindelheim_PKO_Vater_Schill_Franke_Foto-digiDEM-Bayern-Ilona-Hoerath.jpeg",16,12,false],"qubely_landscape":["https:\/\/digidem-bayern.de\/wp-content\/uploads\/2024\/04\/2024-03-14-03-Screeningtag-Kaufbeuren-Mindelheim_PKO_Vater_Schill_Franke_Foto-digiDEM-Bayern-Ilona-Hoerath-1200x750.jpeg",1200,750,true],"qubely_portrait":["https:\/\/digidem-bayern.de\/wp-content\/uploads\/2024\/04\/2024-03-14-03-Screeningtag-Kaufbeuren-Mindelheim_PKO_Vater_Schill_Franke_Foto-digiDEM-Bayern-Ilona-Hoerath-540x320.jpeg",540,320,true],"qubely_thumbnail":["https:\/\/digidem-bayern.de\/wp-content\/uploads\/2024\/04\/2024-03-14-03-Screeningtag-Kaufbeuren-Mindelheim_PKO_Vater_Schill_Franke_Foto-digiDEM-Bayern-Ilona-Hoerath-140x100.jpeg",140,100,true],"post-thumbnail":["https:\/\/digidem-bayern.de\/wp-content\/uploads\/2024\/04\/2024-03-14-03-Screeningtag-Kaufbeuren-Mindelheim_PKO_Vater_Schill_Franke_Foto-digiDEM-Bayern-Ilona-Hoerath-467x350.jpeg",467,350,true],"kahuna-featured":["https:\/\/digidem-bayern.de\/wp-content\/uploads\/2024\/04\/2024-03-14-03-Screeningtag-Kaufbeuren-Mindelheim_PKO_Vater_Schill_Franke_Foto-digiDEM-Bayern-Ilona-Hoerath-734x350.jpeg",734,350,true],"kahuna-featured-lp":["https:\/\/digidem-bayern.de\/wp-content\/uploads\/2024\/04\/2024-03-14-03-Screeningtag-Kaufbeuren-Mindelheim_PKO_Vater_Schill_Franke_Foto-digiDEM-Bayern-Ilona-Hoerath-520x350.jpeg",520,350,true],"kahuna-featured-half":["https:\/\/digidem-bayern.de\/wp-content\/uploads\/2024\/04\/2024-03-14-03-Screeningtag-Kaufbeuren-Mindelheim_PKO_Vater_Schill_Franke_Foto-digiDEM-Bayern-Ilona-Hoerath-800x350.jpeg",800,350,true],"kahuna-featured-third":["https:\/\/digidem-bayern.de\/wp-content\/uploads\/2024\/04\/2024-03-14-03-Screeningtag-Kaufbeuren-Mindelheim_PKO_Vater_Schill_Franke_Foto-digiDEM-Bayern-Ilona-Hoerath-512x350.jpeg",512,350,true],"kahuna-lpbox-1":["https:\/\/digidem-bayern.de\/wp-content\/uploads\/2024\/04\/2024-03-14-03-Screeningtag-Kaufbeuren-Mindelheim_PKO_Vater_Schill_Franke_Foto-digiDEM-Bayern-Ilona-Hoerath-520x300.jpeg",520,300,true],"kahuna-lpbox-2":["https:\/\/digidem-bayern.de\/wp-content\/uploads\/2024\/04\/2024-03-14-03-Screeningtag-Kaufbeuren-Mindelheim_PKO_Vater_Schill_Franke_Foto-digiDEM-Bayern-Ilona-Hoerath-520x350.jpeg",520,350,true],"demand-language-flag":["https:\/\/digidem-bayern.de\/wp-content\/uploads\/2024\/04\/2024-03-14-03-Screeningtag-Kaufbeuren-Mindelheim_PKO_Vater_Schill_Franke_Foto-digiDEM-Bayern-Ilona-Hoerath-36x36.jpeg",36,36,true],"dddkt-language-flag":["https:\/\/digidem-bayern.de\/wp-content\/uploads\/2024\/04\/2024-03-14-03-Screeningtag-Kaufbeuren-Mindelheim_PKO_Vater_Schill_Franke_Foto-digiDEM-Bayern-Ilona-Hoerath-36x36.jpeg",36,36,true],"ddiqc-language-flag":["https:\/\/digidem-bayern.de\/wp-content\/uploads\/2024\/04\/2024-03-14-03-Screeningtag-Kaufbeuren-Mindelheim_PKO_Vater_Schill_Franke_Foto-digiDEM-Bayern-Ilona-Hoerath-36x36.jpeg",36,36,true],"ddtl-language-flag":["https:\/\/digidem-bayern.de\/wp-content\/uploads\/2024\/04\/2024-03-14-03-Screeningtag-Kaufbeuren-Mindelheim_PKO_Vater_Schill_Franke_Foto-digiDEM-Bayern-Ilona-Hoerath-36x36.jpeg",36,36,true],"mailpoet_newsletter_max":["https:\/\/digidem-bayern.de\/wp-content\/uploads\/2024\/04\/2024-03-14-03-Screeningtag-Kaufbeuren-Mindelheim_PKO_Vater_Schill_Franke_Foto-digiDEM-Bayern-Ilona-Hoerath-1320x990.jpeg",1320,990,true],"kahuna-lpbox-3":["https:\/\/digidem-bayern.de\/wp-content\/uploads\/2024\/04\/2024-03-14-03-Screeningtag-Kaufbeuren-Mindelheim_PKO_Vater_Schill_Franke_Foto-digiDEM-Bayern-Ilona-Hoerath-520x350.jpeg",520,350,true],"kahuna-featured-square":["https:\/\/digidem-bayern.de\/wp-content\/uploads\/2024\/04\/2024-03-14-03-Screeningtag-Kaufbeuren-Mindelheim_PKO_Vater_Schill_Franke_Foto-digiDEM-Bayern-Ilona-Hoerath-512x512.jpeg",512,512,true],"kahuna-featured-square-large":["https:\/\/digidem-bayern.de\/wp-content\/uploads\/2024\/04\/2024-03-14-03-Screeningtag-Kaufbeuren-Mindelheim_PKO_Vater_Schill_Franke_Foto-digiDEM-Bayern-Ilona-Hoerath-1024x1024.jpeg",1024,1024,true]},"uagb_author_info":{"display_name":"Ilona H\u00f6rath","author_link":"https:\/\/digidem-bayern.de\/en\/author\/hoeratia\/"},"uagb_comment_info":3,"uagb_excerpt":"59 B\u00fcrgerinnen und B\u00fcrger kamen am 14. M\u00e4rz 2024 zu unserem 1. Demenz-Screeningtag in Kaufbeuren und haben ihre Ged\u00e4chtnisleistung testen lassen. Das gro\u00dfe Interesse an den kostenlosen Ged\u00e4chtnistests zeigt, wie wichtig es den Menschen ist, fr\u00fchzeitig Gewissheit zu erlangen: Auch in Kaufbeuren waren alle Screeningtermine fr\u00fchzeitig ausgebucht. Unser herzlicher Dank &hellip;","_links":{"self":[{"href":"https:\/\/digidem-bayern.de\/en\/wp-json\/wp\/v2\/posts\/34078","targetHints":{"allow":["GET"]}}],"collection":[{"href":"https:\/\/digidem-bayern.de\/en\/wp-json\/wp\/v2\/posts"}],"about":[{"href":"https:\/\/digidem-bayern.de\/en\/wp-json\/wp\/v2\/types\/post"}],"author":[{"embeddable":true,"href":"https:\/\/digidem-bayern.de\/en\/wp-json\/wp\/v2\/users\/12"}],"replies":[{"embeddable":true,"href":"https:\/\/digidem-bayern.de\/en\/wp-json\/wp\/v2\/comments?post=34078"}],"version-history":[{"count":10,"href":"https:\/\/digidem-bayern.de\/en\/wp-json\/wp\/v2\/posts\/34078\/revisions"}],"predecessor-version":[{"id":34240,"href":"https:\/\/digidem-bayern.de\/en\/wp-json\/wp\/v2\/posts\/34078\/revisions\/34240"}],"wp:featuredmedia":[{"embeddable":true,"href":"https:\/\/digidem-bayern.de\/en\/wp-json\/wp\/v2\/media\/34064"}],"wp:attachment":[{"href":"https:\/\/digidem-bayern.de\/en\/wp-json\/wp\/v2\/media?parent=34078"}],"wp:term":[{"taxonomy":"category","embeddable":true,"href":"https:\/\/digidem-bayern.de\/en\/wp-json\/wp\/v2\/categories?post=34078"},{"taxonomy":"post_tag","embeddable":true,"href":"https:\/\/digidem-bayern.de\/en\/wp-json\/wp\/v2\/tags?post=34078"}],"curies":[{"name":"wp","href":"https:\/\/api.w.org\/{rel}","templated":true}]}}