{"id":33353,"date":"2024-02-29T18:21:12","date_gmt":"2024-02-29T17:21:12","guid":{"rendered":"https:\/\/digidem-bayern.de\/?p=33353"},"modified":"2024-02-29T18:22:23","modified_gmt":"2024-02-29T17:22:23","slug":"digidem-bayern-setzt-zeichen-gegen-hass-und-hetze-und-verlaesst-x-frueher-twitter","status":"publish","type":"post","link":"https:\/\/digidem-bayern.de\/en\/digidem-bayern-setzt-zeichen-gegen-hass-und-hetze-und-verlaesst-x-frueher-twitter\/","title":{"rendered":"digiDEM Bayern setzt Zeichen gegen Hass und Hetze und verl\u00e4sst X (fr\u00fcher Twitter)"},"content":{"rendered":"<p>Nach knapp f\u00fcnf Jahren auf Twitter (jetzt X) verabschieden wir uns von diesem Kanal.<\/p>\n\n\n\n<p>Wir bedauern diesen Schritt sehr. Nach der \u00dcbernahme von Twitter durch Elon Musk und der zunehmenden Verrohung dieses Netzwerks durch Hass, Hetze und rechter Propaganda sehen wir keine Alternative als uns von diesem Kanal endg\u00fcltig zu trennen.<\/p>\n\n\n\n<p>digiDEM Bayern steht uneingeschr\u00e4nkt f\u00fcr validierte und an wissenschaftlichen Tatsachen orientierte Informationen und setzt sich vorbehaltlos f\u00fcr die Freiheit der Wissenschaften und f\u00fcr den Respekt anderen Menschen gegen\u00fcber ein. Diese von digiDEM Bayern vertretenen Werte tritt X unter dem Deckmantel der freien Rede mit F\u00fc\u00dfen.<\/p>\n\n\n\n<p>Wir von digiDEM Bayern werden aber auch weiterhin in den sozialen Netzen aktiv sein: auf Facebook, YouTube und seit Kurzem auch auf Instagram und LinkedIn.<\/p>\n\n\n\n<p>Wir freuen uns darauf, alle, die uns bislang auf X gefolgt sind, auf diesen Kan\u00e4len begr\u00fc\u00dfen zu k\u00f6nnen.<\/p>\n\n\n\n<p>Beste Gr\u00fc\u00dfe<\/p>\n\n\n\n<p>Prof. Dr. med. Elmar Gr\u00e4\u00dfel, digiDEM Bayern-Projektleiter<\/p>\n\n\n\n<p>Prof. Dr. med. Peter Kolominsky-Rabas, digiDEM Bayern-Projektleiter<\/p>\n\n\n\n<p>digiDEM Bayern-Team<\/p>\n\n\n\n<div style=\"height:20px\" aria-hidden=\"true\" class=\"wp-block-spacer\"><\/div>\n\n\n\n<div style=\"height:20px\" aria-hidden=\"true\" class=\"wp-block-spacer\"><\/div>","protected":false},"excerpt":{"rendered":"<p>Nach knapp f\u00fcnf Jahren auf Twitter (jetzt X) verabschieden wir uns von diesem Kanal. Wir bedauern diesen Schritt sehr. Nach der \u00dcbernahme von Twitter durch Elon Musk und der zunehmenden Verrohung dieses Netzwerks durch Hass, Hetze und rechter Propaganda sehen wir keine Alternative als uns von diesem Kanal endg\u00fcltig zu &hellip;<\/p>","protected":false},"author":12,"featured_media":33352,"comment_status":"open","ping_status":"closed","sticky":false,"template":"","format":"standard","meta":{"qubely_global_settings":"","qubely_interactions":"","_uag_custom_page_level_css":"","footnotes":""},"categories":[8,5],"tags":[13,12,474,14,17,55,966,965,967,964],"class_list":["post-33353","post","type-post","status-publish","format-standard","has-post-thumbnail","hentry","category-aktuelles-zu-digidem","category-wissenschaft-forschung","tag-alzheimer","tag-demenz-2","tag-demenzwissen","tag-digidem","tag-digidem-bayern","tag-digitales-demenzregister-bayern","tag-elon-musk","tag-twitter","tag-werte","tag-x"],"qubely_featured_image_url":{"full":["https:\/\/digidem-bayern.de\/wp-content\/uploads\/2024\/02\/Logo_digiDEM_Bayern-1-11.png",1600,920,false],"landscape":["https:\/\/digidem-bayern.de\/wp-content\/uploads\/2024\/02\/Logo_digiDEM_Bayern-1-11-1200x750.png",1200,750,true],"portraits":["https:\/\/digidem-bayern.de\/wp-content\/uploads\/2024\/02\/Logo_digiDEM_Bayern-1-11-540x320.png",540,320,true],"thumbnail":["https:\/\/digidem-bayern.de\/wp-content\/uploads\/2024\/02\/Logo_digiDEM_Bayern-1-11-80x80.png",80,80,true],"medium":["https:\/\/digidem-bayern.de\/wp-content\/uploads\/2024\/02\/Logo_digiDEM_Bayern-1-11-300x173.png",300,173,true],"medium_large":["https:\/\/digidem-bayern.de\/wp-content\/uploads\/2024\/02\/Logo_digiDEM_Bayern-1-11-768x442.png",768,442,true],"large":["https:\/\/digidem-bayern.de\/wp-content\/uploads\/2024\/02\/Logo_digiDEM_Bayern-1-11-1030x592.png",1030,592,true],"1536x1536":["https:\/\/digidem-bayern.de\/wp-content\/uploads\/2024\/02\/Logo_digiDEM_Bayern-1-11-1536x883.png",1536,883,true],"2048x2048":["https:\/\/digidem-bayern.de\/wp-content\/uploads\/2024\/02\/Logo_digiDEM_Bayern-1-11.png",1600,920,false],"trp-custom-language-flag":["https:\/\/digidem-bayern.de\/wp-content\/uploads\/2024\/02\/Logo_digiDEM_Bayern-1-11.png",18,10,false],"qubely_landscape":["https:\/\/digidem-bayern.de\/wp-content\/uploads\/2024\/02\/Logo_digiDEM_Bayern-1-11-1200x750.png",1200,750,true],"qubely_portrait":["https:\/\/digidem-bayern.de\/wp-content\/uploads\/2024\/02\/Logo_digiDEM_Bayern-1-11-540x320.png",540,320,true],"qubely_thumbnail":["https:\/\/digidem-bayern.de\/wp-content\/uploads\/2024\/02\/Logo_digiDEM_Bayern-1-11-140x100.png",140,100,true],"post-thumbnail":["https:\/\/digidem-bayern.de\/wp-content\/uploads\/2024\/02\/Logo_digiDEM_Bayern-1-11-609x350.png",609,350,true],"kahuna-featured":["https:\/\/digidem-bayern.de\/wp-content\/uploads\/2024\/02\/Logo_digiDEM_Bayern-1-11-734x350.png",734,350,true],"kahuna-featured-lp":["https:\/\/digidem-bayern.de\/wp-content\/uploads\/2024\/02\/Logo_digiDEM_Bayern-1-11-520x350.png",520,350,true],"kahuna-featured-half":["https:\/\/digidem-bayern.de\/wp-content\/uploads\/2024\/02\/Logo_digiDEM_Bayern-1-11-800x350.png",800,350,true],"kahuna-featured-third":["https:\/\/digidem-bayern.de\/wp-content\/uploads\/2024\/02\/Logo_digiDEM_Bayern-1-11-512x350.png",512,350,true],"kahuna-lpbox-1":["https:\/\/digidem-bayern.de\/wp-content\/uploads\/2024\/02\/Logo_digiDEM_Bayern-1-11-520x300.png",520,300,true],"kahuna-lpbox-2":["https:\/\/digidem-bayern.de\/wp-content\/uploads\/2024\/02\/Logo_digiDEM_Bayern-1-11-520x350.png",520,350,true],"demand-language-flag":["https:\/\/digidem-bayern.de\/wp-content\/uploads\/2024\/02\/Logo_digiDEM_Bayern-1-11-36x36.png",36,36,true],"dddkt-language-flag":["https:\/\/digidem-bayern.de\/wp-content\/uploads\/2024\/02\/Logo_digiDEM_Bayern-1-11-36x36.png",36,36,true],"ddiqc-language-flag":["https:\/\/digidem-bayern.de\/wp-content\/uploads\/2024\/02\/Logo_digiDEM_Bayern-1-11-36x36.png",36,36,true],"ddtl-language-flag":["https:\/\/digidem-bayern.de\/wp-content\/uploads\/2024\/02\/Logo_digiDEM_Bayern-1-11-36x36.png",36,36,true],"mailpoet_newsletter_max":["https:\/\/digidem-bayern.de\/wp-content\/uploads\/2024\/02\/Logo_digiDEM_Bayern-1-11-1320x759.png",1320,759,true],"kahuna-lpbox-3":["https:\/\/digidem-bayern.de\/wp-content\/uploads\/2024\/02\/Logo_digiDEM_Bayern-1-11-520x350.png",520,350,true],"kahuna-featured-square":["https:\/\/digidem-bayern.de\/wp-content\/uploads\/2024\/02\/Logo_digiDEM_Bayern-1-11-512x512.png",512,512,true],"kahuna-featured-square-large":["https:\/\/digidem-bayern.de\/wp-content\/uploads\/2024\/02\/Logo_digiDEM_Bayern-1-11-1024x920.png",1024,920,true]},"qubely_author":{"display_name":"Ilona H\u00f6rath","author_link":"https:\/\/digidem-bayern.de\/en\/author\/hoeratia\/"},"qubely_comment":1,"qubely_category":"<a href=\"https:\/\/digidem-bayern.de\/en\/category\/aktuelles-zu-digidem\/\" rel=\"category tag\">Aktuelles zu digiDEM<\/a> <a href=\"https:\/\/digidem-bayern.de\/en\/category\/wissenschaft-forschung\/\" rel=\"category tag\">Wissenschaft &amp; Forschung<\/a>","qubely_excerpt":"Nach knapp f\u00fcnf Jahren auf Twitter (jetzt X) verabschieden wir uns von diesem Kanal. Wir bedauern diesen Schritt sehr. Nach der \u00dcbernahme von Twitter durch Elon Musk und der zunehmenden Verrohung dieses Netzwerks durch Hass, Hetze und rechter Propaganda sehen wir keine Alternative als uns von diesem Kanal endg\u00fcltig zu &hellip;","featured_image_urls_v2":{"full":["https:\/\/digidem-bayern.de\/wp-content\/uploads\/2024\/02\/Logo_digiDEM_Bayern-1-11.png",1600,920,false],"thumbnail":["https:\/\/digidem-bayern.de\/wp-content\/uploads\/2024\/02\/Logo_digiDEM_Bayern-1-11-80x80.png",80,80,true],"medium":["https:\/\/digidem-bayern.de\/wp-content\/uploads\/2024\/02\/Logo_digiDEM_Bayern-1-11-300x173.png",300,173,true],"medium_large":["https:\/\/digidem-bayern.de\/wp-content\/uploads\/2024\/02\/Logo_digiDEM_Bayern-1-11-768x442.png",768,442,true],"large":["https:\/\/digidem-bayern.de\/wp-content\/uploads\/2024\/02\/Logo_digiDEM_Bayern-1-11-1030x592.png",1030,592,true],"1536x1536":["https:\/\/digidem-bayern.de\/wp-content\/uploads\/2024\/02\/Logo_digiDEM_Bayern-1-11-1536x883.png",1536,883,true],"2048x2048":["https:\/\/digidem-bayern.de\/wp-content\/uploads\/2024\/02\/Logo_digiDEM_Bayern-1-11.png",1600,920,false],"trp-custom-language-flag":["https:\/\/digidem-bayern.de\/wp-content\/uploads\/2024\/02\/Logo_digiDEM_Bayern-1-11.png",18,10,false],"qubely_landscape":["https:\/\/digidem-bayern.de\/wp-content\/uploads\/2024\/02\/Logo_digiDEM_Bayern-1-11-1200x750.png",1200,750,true],"qubely_portrait":["https:\/\/digidem-bayern.de\/wp-content\/uploads\/2024\/02\/Logo_digiDEM_Bayern-1-11-540x320.png",540,320,true],"qubely_thumbnail":["https:\/\/digidem-bayern.de\/wp-content\/uploads\/2024\/02\/Logo_digiDEM_Bayern-1-11-140x100.png",140,100,true],"post-thumbnail":["https:\/\/digidem-bayern.de\/wp-content\/uploads\/2024\/02\/Logo_digiDEM_Bayern-1-11-609x350.png",609,350,true],"kahuna-featured":["https:\/\/digidem-bayern.de\/wp-content\/uploads\/2024\/02\/Logo_digiDEM_Bayern-1-11-734x350.png",734,350,true],"kahuna-featured-lp":["https:\/\/digidem-bayern.de\/wp-content\/uploads\/2024\/02\/Logo_digiDEM_Bayern-1-11-520x350.png",520,350,true],"kahuna-featured-half":["https:\/\/digidem-bayern.de\/wp-content\/uploads\/2024\/02\/Logo_digiDEM_Bayern-1-11-800x350.png",800,350,true],"kahuna-featured-third":["https:\/\/digidem-bayern.de\/wp-content\/uploads\/2024\/02\/Logo_digiDEM_Bayern-1-11-512x350.png",512,350,true],"kahuna-lpbox-1":["https:\/\/digidem-bayern.de\/wp-content\/uploads\/2024\/02\/Logo_digiDEM_Bayern-1-11-520x300.png",520,300,true],"kahuna-lpbox-2":["https:\/\/digidem-bayern.de\/wp-content\/uploads\/2024\/02\/Logo_digiDEM_Bayern-1-11-520x350.png",520,350,true],"demand-language-flag":["https:\/\/digidem-bayern.de\/wp-content\/uploads\/2024\/02\/Logo_digiDEM_Bayern-1-11-36x36.png",36,36,true],"dddkt-language-flag":["https:\/\/digidem-bayern.de\/wp-content\/uploads\/2024\/02\/Logo_digiDEM_Bayern-1-11-36x36.png",36,36,true],"ddiqc-language-flag":["https:\/\/digidem-bayern.de\/wp-content\/uploads\/2024\/02\/Logo_digiDEM_Bayern-1-11-36x36.png",36,36,true],"ddtl-language-flag":["https:\/\/digidem-bayern.de\/wp-content\/uploads\/2024\/02\/Logo_digiDEM_Bayern-1-11-36x36.png",36,36,true],"mailpoet_newsletter_max":["https:\/\/digidem-bayern.de\/wp-content\/uploads\/2024\/02\/Logo_digiDEM_Bayern-1-11-1320x759.png",1320,759,true],"kahuna-lpbox-3":["https:\/\/digidem-bayern.de\/wp-content\/uploads\/2024\/02\/Logo_digiDEM_Bayern-1-11-520x350.png",520,350,true],"kahuna-featured-square":["https:\/\/digidem-bayern.de\/wp-content\/uploads\/2024\/02\/Logo_digiDEM_Bayern-1-11-512x512.png",512,512,true],"kahuna-featured-square-large":["https:\/\/digidem-bayern.de\/wp-content\/uploads\/2024\/02\/Logo_digiDEM_Bayern-1-11-1024x920.png",1024,920,true]},"post_excerpt_stackable_v2":"<p>Nach knapp f\u00fcnf Jahren auf Twitter (jetzt X) verabschieden wir uns von diesem Kanal. Wir bedauern diesen Schritt sehr. Nach der \u00dcbernahme von Twitter durch Elon Musk und der zunehmenden Verrohung dieses Netzwerks durch Hass, Hetze und rechter Propaganda sehen wir keine Alternative als uns von diesem Kanal endg\u00fcltig zu trennen. digiDEM Bayern steht uneingeschr\u00e4nkt f\u00fcr validierte und an wissenschaftlichen Tatsachen orientierte Informationen und setzt sich vorbehaltlos f\u00fcr die Freiheit der Wissenschaften und f\u00fcr den Respekt anderen Menschen gegen\u00fcber ein. Diese von digiDEM Bayern vertretenen Werte tritt X unter dem Deckmantel der freien Rede mit F\u00fc\u00dfen. Wir von digiDEM Bayern&hellip;<\/p>\n","category_list_v2":"<a href=\"https:\/\/digidem-bayern.de\/en\/category\/aktuelles-zu-digidem\/\" rel=\"category tag\">Aktuelles zu digiDEM<\/a>, <a href=\"https:\/\/digidem-bayern.de\/en\/category\/wissenschaft-forschung\/\" rel=\"category tag\">Wissenschaft &amp; Forschung<\/a>","author_info_v2":{"name":"Ilona H\u00f6rath","url":"https:\/\/digidem-bayern.de\/en\/author\/hoeratia\/"},"comments_num_v2":"0 comments","yoast_head":"<!-- This site is optimized with the Yoast SEO plugin v27.5 - https:\/\/yoast.com\/product\/yoast-seo-wordpress\/ -->\n<title>digiDEM Bayern setzt Zeichen gegen Hass und Hetze und verl\u00e4sst X (fr\u00fcher Twitter) - digiDEM Bayern<\/title>\n<meta name=\"description\" content=\"Der Bayerische Landesapothekerkammer unterst\u00fctzt digiDEM Bayern mit Hilfe des Netzwerks &quot;Demenzfreundliche Apotheken&quot;.\" \/>\n<meta name=\"robots\" content=\"index, follow, max-snippet:-1, max-image-preview:large, max-video-preview:-1\" \/>\n<link rel=\"canonical\" href=\"https:\/\/digidem-bayern.de\/en\/digidem-bayern-setzt-zeichen-gegen-hass-und-hetze-und-verlaesst-x-frueher-twitter\/\" \/>\n<meta property=\"og:locale\" content=\"en_US\" \/>\n<meta property=\"og:type\" content=\"article\" \/>\n<meta property=\"og:title\" content=\"digiDEM Bayern setzt Zeichen gegen Hass und Hetze und verl\u00e4sst X (fr\u00fcher Twitter) - digiDEM Bayern\" \/>\n<meta property=\"og:description\" content=\"Der Bayerische Landesapothekerkammer unterst\u00fctzt digiDEM Bayern mit Hilfe des Netzwerks &quot;Demenzfreundliche Apotheken&quot;.\" \/>\n<meta property=\"og:url\" content=\"https:\/\/digidem-bayern.de\/en\/digidem-bayern-setzt-zeichen-gegen-hass-und-hetze-und-verlaesst-x-frueher-twitter\/\" \/>\n<meta property=\"og:site_name\" content=\"digiDEM Bayern\" \/>\n<meta property=\"article:publisher\" content=\"https:\/\/www.facebook.com\/digiDEMBayern\/\" \/>\n<meta property=\"article:published_time\" content=\"2024-02-29T17:21:12+00:00\" \/>\n<meta property=\"article:modified_time\" content=\"2024-02-29T17:22:23+00:00\" \/>\n<meta property=\"og:image\" content=\"https:\/\/digidem-bayern.de\/wp-content\/uploads\/2024\/02\/Logo_digiDEM_Bayern-1-11.png\" \/>\n\t<meta property=\"og:image:width\" content=\"1600\" \/>\n\t<meta property=\"og:image:height\" content=\"920\" \/>\n\t<meta property=\"og:image:type\" content=\"image\/png\" \/>\n<meta name=\"author\" content=\"Ilona H\u00f6rath\" \/>\n<meta name=\"twitter:label1\" content=\"Written by\" \/>\n\t<meta name=\"twitter:data1\" content=\"Ilona H\u00f6rath\" \/>\n\t<meta name=\"twitter:label2\" content=\"Est. reading time\" \/>\n\t<meta name=\"twitter:data2\" content=\"2 minutes\" \/>\n<script type=\"application\/ld+json\" class=\"yoast-schema-graph\">{\"@context\":\"https:\\\/\\\/schema.org\",\"@graph\":[{\"@type\":\"Article\",\"@id\":\"https:\\\/\\\/digidem-bayern.de\\\/digidem-bayern-setzt-zeichen-gegen-hass-und-hetze-und-verlaesst-x-frueher-twitter\\\/#article\",\"isPartOf\":{\"@id\":\"https:\\\/\\\/digidem-bayern.de\\\/digidem-bayern-setzt-zeichen-gegen-hass-und-hetze-und-verlaesst-x-frueher-twitter\\\/\"},\"author\":{\"name\":\"Ilona H\u00f6rath\",\"@id\":\"\\\/#\\\/schema\\\/person\\\/0bc1494f46fc2a051c761322a80e0941\"},\"headline\":\"digiDEM Bayern setzt Zeichen gegen Hass und Hetze und verl\u00e4sst X (fr\u00fcher Twitter)\",\"datePublished\":\"2024-02-29T17:21:12+00:00\",\"dateModified\":\"2024-02-29T17:22:23+00:00\",\"mainEntityOfPage\":{\"@id\":\"https:\\\/\\\/digidem-bayern.de\\\/digidem-bayern-setzt-zeichen-gegen-hass-und-hetze-und-verlaesst-x-frueher-twitter\\\/\"},\"wordCount\":185,\"commentCount\":0,\"publisher\":{\"@id\":\"\\\/#organization\"},\"image\":{\"@id\":\"https:\\\/\\\/digidem-bayern.de\\\/digidem-bayern-setzt-zeichen-gegen-hass-und-hetze-und-verlaesst-x-frueher-twitter\\\/#primaryimage\"},\"thumbnailUrl\":\"https:\\\/\\\/digidem-bayern.de\\\/wp-content\\\/uploads\\\/2024\\\/02\\\/Logo_digiDEM_Bayern-1-11.png\",\"keywords\":[\"Alzheimer\",\"Demenz\",\"Demenzwissen\",\"digidem\",\"digidem Bayern\",\"Digitales Demenzregister Bayern\",\"Elon Musk\",\"Twitter\",\"Werte\",\"X\"],\"articleSection\":[\"Aktuelles zu digiDEM\",\"Wissenschaft &amp; Forschung\"],\"inLanguage\":\"en-US\",\"potentialAction\":[{\"@type\":\"CommentAction\",\"name\":\"Comment\",\"target\":[\"https:\\\/\\\/digidem-bayern.de\\\/digidem-bayern-setzt-zeichen-gegen-hass-und-hetze-und-verlaesst-x-frueher-twitter\\\/#respond\"]}]},{\"@type\":\"WebPage\",\"@id\":\"https:\\\/\\\/digidem-bayern.de\\\/digidem-bayern-setzt-zeichen-gegen-hass-und-hetze-und-verlaesst-x-frueher-twitter\\\/\",\"url\":\"https:\\\/\\\/digidem-bayern.de\\\/digidem-bayern-setzt-zeichen-gegen-hass-und-hetze-und-verlaesst-x-frueher-twitter\\\/\",\"name\":\"digiDEM Bayern setzt Zeichen gegen Hass und Hetze und verl\u00e4sst X (fr\u00fcher Twitter) - digiDEM Bayern\",\"isPartOf\":{\"@id\":\"\\\/#website\"},\"primaryImageOfPage\":{\"@id\":\"https:\\\/\\\/digidem-bayern.de\\\/digidem-bayern-setzt-zeichen-gegen-hass-und-hetze-und-verlaesst-x-frueher-twitter\\\/#primaryimage\"},\"image\":{\"@id\":\"https:\\\/\\\/digidem-bayern.de\\\/digidem-bayern-setzt-zeichen-gegen-hass-und-hetze-und-verlaesst-x-frueher-twitter\\\/#primaryimage\"},\"thumbnailUrl\":\"https:\\\/\\\/digidem-bayern.de\\\/wp-content\\\/uploads\\\/2024\\\/02\\\/Logo_digiDEM_Bayern-1-11.png\",\"datePublished\":\"2024-02-29T17:21:12+00:00\",\"dateModified\":\"2024-02-29T17:22:23+00:00\",\"description\":\"Der Bayerische Landesapothekerkammer unterst\u00fctzt digiDEM Bayern mit Hilfe des Netzwerks \\\"Demenzfreundliche Apotheken\\\".\",\"breadcrumb\":{\"@id\":\"https:\\\/\\\/digidem-bayern.de\\\/digidem-bayern-setzt-zeichen-gegen-hass-und-hetze-und-verlaesst-x-frueher-twitter\\\/#breadcrumb\"},\"inLanguage\":\"en-US\",\"potentialAction\":[{\"@type\":\"ReadAction\",\"target\":[\"https:\\\/\\\/digidem-bayern.de\\\/digidem-bayern-setzt-zeichen-gegen-hass-und-hetze-und-verlaesst-x-frueher-twitter\\\/\"]}]},{\"@type\":\"ImageObject\",\"inLanguage\":\"en-US\",\"@id\":\"https:\\\/\\\/digidem-bayern.de\\\/digidem-bayern-setzt-zeichen-gegen-hass-und-hetze-und-verlaesst-x-frueher-twitter\\\/#primaryimage\",\"url\":\"https:\\\/\\\/digidem-bayern.de\\\/wp-content\\\/uploads\\\/2024\\\/02\\\/Logo_digiDEM_Bayern-1-11.png\",\"contentUrl\":\"https:\\\/\\\/digidem-bayern.de\\\/wp-content\\\/uploads\\\/2024\\\/02\\\/Logo_digiDEM_Bayern-1-11.png\",\"width\":1600,\"height\":920},{\"@type\":\"BreadcrumbList\",\"@id\":\"https:\\\/\\\/digidem-bayern.de\\\/digidem-bayern-setzt-zeichen-gegen-hass-und-hetze-und-verlaesst-x-frueher-twitter\\\/#breadcrumb\",\"itemListElement\":[{\"@type\":\"ListItem\",\"position\":1,\"name\":\"Startseite\",\"item\":\"https:\\\/\\\/digidem-bayern.de\\\/\"},{\"@type\":\"ListItem\",\"position\":2,\"name\":\"digiDEM Bayern setzt Zeichen gegen Hass und Hetze und verl\u00e4sst X (fr\u00fcher Twitter)\"}]},{\"@type\":\"WebSite\",\"@id\":\"\\\/#website\",\"url\":\"\\\/\",\"name\":\"digiDEM Bayern\",\"description\":\"Das digitale Demenzregister Bayern erforscht und verbessert die Angebotsstuktur f\u00fcr Menschen mit Demenz und deren Angeh\u00f6rige\",\"publisher\":{\"@id\":\"\\\/#organization\"},\"potentialAction\":[{\"@type\":\"SearchAction\",\"target\":{\"@type\":\"EntryPoint\",\"urlTemplate\":\"\\\/?s={search_term_string}\"},\"query-input\":{\"@type\":\"PropertyValueSpecification\",\"valueRequired\":true,\"valueName\":\"search_term_string\"}}],\"inLanguage\":\"en-US\"},{\"@type\":\"Organization\",\"@id\":\"\\\/#organization\",\"name\":\"digiDEM Bayern\",\"url\":\"\\\/\",\"logo\":{\"@type\":\"ImageObject\",\"inLanguage\":\"en-US\",\"@id\":\"\\\/#\\\/schema\\\/logo\\\/image\\\/\",\"url\":\"https:\\\/\\\/digidem-bayern.de\\\/wp-content\\\/uploads\\\/2022\\\/03\\\/cropped-Allgemeines_digiDEMLOGO-removebg-preview.png\",\"contentUrl\":\"https:\\\/\\\/digidem-bayern.de\\\/wp-content\\\/uploads\\\/2022\\\/03\\\/cropped-Allgemeines_digiDEMLOGO-removebg-preview.png\",\"width\":612,\"height\":357,\"caption\":\"digiDEM Bayern\"},\"image\":{\"@id\":\"\\\/#\\\/schema\\\/logo\\\/image\\\/\"},\"sameAs\":[\"https:\\\/\\\/www.facebook.com\\\/digiDEMBayern\\\/\",\"https:\\\/\\\/x.com\\\/digidem_bayern\",\"https:\\\/\\\/www.instagram.com\\\/digidem.bayern\",\"https:\\\/\\\/www.linkedin.com\\\/company\\\/digidem-bayern\\\/\"]},{\"@type\":\"Person\",\"@id\":\"\\\/#\\\/schema\\\/person\\\/0bc1494f46fc2a051c761322a80e0941\",\"name\":\"Ilona H\u00f6rath\",\"url\":\"https:\\\/\\\/digidem-bayern.de\\\/en\\\/author\\\/hoeratia\\\/\"}]}<\/script>\n<!-- \/ Yoast SEO plugin. -->","yoast_head_json":{"title":"digiDEM Bayern setzt Zeichen gegen Hass und Hetze und verl\u00e4sst X (fr\u00fcher Twitter) - digiDEM Bayern","description":"Der Bayerische Landesapothekerkammer unterst\u00fctzt digiDEM Bayern mit Hilfe des Netzwerks \"Demenzfreundliche Apotheken\".","robots":{"index":"index","follow":"follow","max-snippet":"max-snippet:-1","max-image-preview":"max-image-preview:large","max-video-preview":"max-video-preview:-1"},"canonical":"https:\/\/digidem-bayern.de\/en\/digidem-bayern-setzt-zeichen-gegen-hass-und-hetze-und-verlaesst-x-frueher-twitter\/","og_locale":"en_US","og_type":"article","og_title":"digiDEM Bayern setzt Zeichen gegen Hass und Hetze und verl\u00e4sst X (fr\u00fcher Twitter) - digiDEM Bayern","og_description":"Der Bayerische Landesapothekerkammer unterst\u00fctzt digiDEM Bayern mit Hilfe des Netzwerks \"Demenzfreundliche Apotheken\".","og_url":"https:\/\/digidem-bayern.de\/en\/digidem-bayern-setzt-zeichen-gegen-hass-und-hetze-und-verlaesst-x-frueher-twitter\/","og_site_name":"digiDEM Bayern","article_publisher":"https:\/\/www.facebook.com\/digiDEMBayern\/","article_published_time":"2024-02-29T17:21:12+00:00","article_modified_time":"2024-02-29T17:22:23+00:00","og_image":[{"width":1600,"height":920,"url":"https:\/\/digidem-bayern.de\/wp-content\/uploads\/2024\/02\/Logo_digiDEM_Bayern-1-11.png","type":"image\/png"}],"author":"Ilona H\u00f6rath","twitter_misc":{"Written by":"Ilona H\u00f6rath","Est. reading time":"2 minutes"},"schema":{"@context":"https:\/\/schema.org","@graph":[{"@type":"Article","@id":"https:\/\/digidem-bayern.de\/digidem-bayern-setzt-zeichen-gegen-hass-und-hetze-und-verlaesst-x-frueher-twitter\/#article","isPartOf":{"@id":"https:\/\/digidem-bayern.de\/digidem-bayern-setzt-zeichen-gegen-hass-und-hetze-und-verlaesst-x-frueher-twitter\/"},"author":{"name":"Ilona H\u00f6rath","@id":"\/#\/schema\/person\/0bc1494f46fc2a051c761322a80e0941"},"headline":"digiDEM Bayern setzt Zeichen gegen Hass und Hetze und verl\u00e4sst X (fr\u00fcher Twitter)","datePublished":"2024-02-29T17:21:12+00:00","dateModified":"2024-02-29T17:22:23+00:00","mainEntityOfPage":{"@id":"https:\/\/digidem-bayern.de\/digidem-bayern-setzt-zeichen-gegen-hass-und-hetze-und-verlaesst-x-frueher-twitter\/"},"wordCount":185,"commentCount":0,"publisher":{"@id":"\/#organization"},"image":{"@id":"https:\/\/digidem-bayern.de\/digidem-bayern-setzt-zeichen-gegen-hass-und-hetze-und-verlaesst-x-frueher-twitter\/#primaryimage"},"thumbnailUrl":"https:\/\/digidem-bayern.de\/wp-content\/uploads\/2024\/02\/Logo_digiDEM_Bayern-1-11.png","keywords":["Alzheimer","Demenz","Demenzwissen","digidem","digidem Bayern","Digitales Demenzregister Bayern","Elon Musk","Twitter","Werte","X"],"articleSection":["Aktuelles zu digiDEM","Wissenschaft &amp; Forschung"],"inLanguage":"en-US","potentialAction":[{"@type":"CommentAction","name":"Comment","target":["https:\/\/digidem-bayern.de\/digidem-bayern-setzt-zeichen-gegen-hass-und-hetze-und-verlaesst-x-frueher-twitter\/#respond"]}]},{"@type":"WebPage","@id":"https:\/\/digidem-bayern.de\/digidem-bayern-setzt-zeichen-gegen-hass-und-hetze-und-verlaesst-x-frueher-twitter\/","url":"https:\/\/digidem-bayern.de\/digidem-bayern-setzt-zeichen-gegen-hass-und-hetze-und-verlaesst-x-frueher-twitter\/","name":"digiDEM Bayern setzt Zeichen gegen Hass und Hetze und verl\u00e4sst X (fr\u00fcher Twitter) - digiDEM Bayern","isPartOf":{"@id":"\/#website"},"primaryImageOfPage":{"@id":"https:\/\/digidem-bayern.de\/digidem-bayern-setzt-zeichen-gegen-hass-und-hetze-und-verlaesst-x-frueher-twitter\/#primaryimage"},"image":{"@id":"https:\/\/digidem-bayern.de\/digidem-bayern-setzt-zeichen-gegen-hass-und-hetze-und-verlaesst-x-frueher-twitter\/#primaryimage"},"thumbnailUrl":"https:\/\/digidem-bayern.de\/wp-content\/uploads\/2024\/02\/Logo_digiDEM_Bayern-1-11.png","datePublished":"2024-02-29T17:21:12+00:00","dateModified":"2024-02-29T17:22:23+00:00","description":"Der Bayerische Landesapothekerkammer unterst\u00fctzt digiDEM Bayern mit Hilfe des Netzwerks \"Demenzfreundliche Apotheken\".","breadcrumb":{"@id":"https:\/\/digidem-bayern.de\/digidem-bayern-setzt-zeichen-gegen-hass-und-hetze-und-verlaesst-x-frueher-twitter\/#breadcrumb"},"inLanguage":"en-US","potentialAction":[{"@type":"ReadAction","target":["https:\/\/digidem-bayern.de\/digidem-bayern-setzt-zeichen-gegen-hass-und-hetze-und-verlaesst-x-frueher-twitter\/"]}]},{"@type":"ImageObject","inLanguage":"en-US","@id":"https:\/\/digidem-bayern.de\/digidem-bayern-setzt-zeichen-gegen-hass-und-hetze-und-verlaesst-x-frueher-twitter\/#primaryimage","url":"https:\/\/digidem-bayern.de\/wp-content\/uploads\/2024\/02\/Logo_digiDEM_Bayern-1-11.png","contentUrl":"https:\/\/digidem-bayern.de\/wp-content\/uploads\/2024\/02\/Logo_digiDEM_Bayern-1-11.png","width":1600,"height":920},{"@type":"BreadcrumbList","@id":"https:\/\/digidem-bayern.de\/digidem-bayern-setzt-zeichen-gegen-hass-und-hetze-und-verlaesst-x-frueher-twitter\/#breadcrumb","itemListElement":[{"@type":"ListItem","position":1,"name":"Startseite","item":"https:\/\/digidem-bayern.de\/"},{"@type":"ListItem","position":2,"name":"digiDEM Bayern setzt Zeichen gegen Hass und Hetze und verl\u00e4sst X (fr\u00fcher Twitter)"}]},{"@type":"WebSite","@id":"\/#website","url":"\/","name":"digiDEM Bavaria","description":"The digital dementia register in Bavaria researches and improves the structure of services for people with dementia and their relatives","publisher":{"@id":"\/#organization"},"potentialAction":[{"@type":"SearchAction","target":{"@type":"EntryPoint","urlTemplate":"\/?s={search_term_string}"},"query-input":{"@type":"PropertyValueSpecification","valueRequired":true,"valueName":"search_term_string"}}],"inLanguage":"en-US"},{"@type":"Organization","@id":"\/#organization","name":"digiDEM Bavaria","url":"\/","logo":{"@type":"ImageObject","inLanguage":"en-US","@id":"\/#\/schema\/logo\/image\/","url":"https:\/\/digidem-bayern.de\/wp-content\/uploads\/2022\/03\/cropped-Allgemeines_digiDEMLOGO-removebg-preview.png","contentUrl":"https:\/\/digidem-bayern.de\/wp-content\/uploads\/2022\/03\/cropped-Allgemeines_digiDEMLOGO-removebg-preview.png","width":612,"height":357,"caption":"digiDEM Bayern"},"image":{"@id":"\/#\/schema\/logo\/image\/"},"sameAs":["https:\/\/www.facebook.com\/digiDEMBayern\/","https:\/\/x.com\/digidem_bayern","https:\/\/www.instagram.com\/digidem.bayern","https:\/\/www.linkedin.com\/company\/digidem-bayern\/"]},{"@type":"Person","@id":"\/#\/schema\/person\/0bc1494f46fc2a051c761322a80e0941","name":"Ilona H\u00f6rath","url":"https:\/\/digidem-bayern.de\/en\/author\/hoeratia\/"}]}},"uagb_featured_image_src":{"full":["https:\/\/digidem-bayern.de\/wp-content\/uploads\/2024\/02\/Logo_digiDEM_Bayern-1-11.png",1600,920,false],"thumbnail":["https:\/\/digidem-bayern.de\/wp-content\/uploads\/2024\/02\/Logo_digiDEM_Bayern-1-11-80x80.png",80,80,true],"medium":["https:\/\/digidem-bayern.de\/wp-content\/uploads\/2024\/02\/Logo_digiDEM_Bayern-1-11-300x173.png",300,173,true],"medium_large":["https:\/\/digidem-bayern.de\/wp-content\/uploads\/2024\/02\/Logo_digiDEM_Bayern-1-11-768x442.png",768,442,true],"large":["https:\/\/digidem-bayern.de\/wp-content\/uploads\/2024\/02\/Logo_digiDEM_Bayern-1-11-1030x592.png",1030,592,true],"1536x1536":["https:\/\/digidem-bayern.de\/wp-content\/uploads\/2024\/02\/Logo_digiDEM_Bayern-1-11-1536x883.png",1536,883,true],"2048x2048":["https:\/\/digidem-bayern.de\/wp-content\/uploads\/2024\/02\/Logo_digiDEM_Bayern-1-11.png",1600,920,false],"trp-custom-language-flag":["https:\/\/digidem-bayern.de\/wp-content\/uploads\/2024\/02\/Logo_digiDEM_Bayern-1-11.png",18,10,false],"qubely_landscape":["https:\/\/digidem-bayern.de\/wp-content\/uploads\/2024\/02\/Logo_digiDEM_Bayern-1-11-1200x750.png",1200,750,true],"qubely_portrait":["https:\/\/digidem-bayern.de\/wp-content\/uploads\/2024\/02\/Logo_digiDEM_Bayern-1-11-540x320.png",540,320,true],"qubely_thumbnail":["https:\/\/digidem-bayern.de\/wp-content\/uploads\/2024\/02\/Logo_digiDEM_Bayern-1-11-140x100.png",140,100,true],"post-thumbnail":["https:\/\/digidem-bayern.de\/wp-content\/uploads\/2024\/02\/Logo_digiDEM_Bayern-1-11-609x350.png",609,350,true],"kahuna-featured":["https:\/\/digidem-bayern.de\/wp-content\/uploads\/2024\/02\/Logo_digiDEM_Bayern-1-11-734x350.png",734,350,true],"kahuna-featured-lp":["https:\/\/digidem-bayern.de\/wp-content\/uploads\/2024\/02\/Logo_digiDEM_Bayern-1-11-520x350.png",520,350,true],"kahuna-featured-half":["https:\/\/digidem-bayern.de\/wp-content\/uploads\/2024\/02\/Logo_digiDEM_Bayern-1-11-800x350.png",800,350,true],"kahuna-featured-third":["https:\/\/digidem-bayern.de\/wp-content\/uploads\/2024\/02\/Logo_digiDEM_Bayern-1-11-512x350.png",512,350,true],"kahuna-lpbox-1":["https:\/\/digidem-bayern.de\/wp-content\/uploads\/2024\/02\/Logo_digiDEM_Bayern-1-11-520x300.png",520,300,true],"kahuna-lpbox-2":["https:\/\/digidem-bayern.de\/wp-content\/uploads\/2024\/02\/Logo_digiDEM_Bayern-1-11-520x350.png",520,350,true],"demand-language-flag":["https:\/\/digidem-bayern.de\/wp-content\/uploads\/2024\/02\/Logo_digiDEM_Bayern-1-11-36x36.png",36,36,true],"dddkt-language-flag":["https:\/\/digidem-bayern.de\/wp-content\/uploads\/2024\/02\/Logo_digiDEM_Bayern-1-11-36x36.png",36,36,true],"ddiqc-language-flag":["https:\/\/digidem-bayern.de\/wp-content\/uploads\/2024\/02\/Logo_digiDEM_Bayern-1-11-36x36.png",36,36,true],"ddtl-language-flag":["https:\/\/digidem-bayern.de\/wp-content\/uploads\/2024\/02\/Logo_digiDEM_Bayern-1-11-36x36.png",36,36,true],"mailpoet_newsletter_max":["https:\/\/digidem-bayern.de\/wp-content\/uploads\/2024\/02\/Logo_digiDEM_Bayern-1-11-1320x759.png",1320,759,true],"kahuna-lpbox-3":["https:\/\/digidem-bayern.de\/wp-content\/uploads\/2024\/02\/Logo_digiDEM_Bayern-1-11-520x350.png",520,350,true],"kahuna-featured-square":["https:\/\/digidem-bayern.de\/wp-content\/uploads\/2024\/02\/Logo_digiDEM_Bayern-1-11-512x512.png",512,512,true],"kahuna-featured-square-large":["https:\/\/digidem-bayern.de\/wp-content\/uploads\/2024\/02\/Logo_digiDEM_Bayern-1-11-1024x920.png",1024,920,true]},"uagb_author_info":{"display_name":"Ilona H\u00f6rath","author_link":"https:\/\/digidem-bayern.de\/en\/author\/hoeratia\/"},"uagb_comment_info":1,"uagb_excerpt":"Nach knapp f\u00fcnf Jahren auf Twitter (jetzt X) verabschieden wir uns von diesem Kanal. Wir bedauern diesen Schritt sehr. Nach der \u00dcbernahme von Twitter durch Elon Musk und der zunehmenden Verrohung dieses Netzwerks durch Hass, Hetze und rechter Propaganda sehen wir keine Alternative als uns von diesem Kanal endg\u00fcltig zu &hellip;","_links":{"self":[{"href":"https:\/\/digidem-bayern.de\/en\/wp-json\/wp\/v2\/posts\/33353","targetHints":{"allow":["GET"]}}],"collection":[{"href":"https:\/\/digidem-bayern.de\/en\/wp-json\/wp\/v2\/posts"}],"about":[{"href":"https:\/\/digidem-bayern.de\/en\/wp-json\/wp\/v2\/types\/post"}],"author":[{"embeddable":true,"href":"https:\/\/digidem-bayern.de\/en\/wp-json\/wp\/v2\/users\/12"}],"replies":[{"embeddable":true,"href":"https:\/\/digidem-bayern.de\/en\/wp-json\/wp\/v2\/comments?post=33353"}],"version-history":[{"count":1,"href":"https:\/\/digidem-bayern.de\/en\/wp-json\/wp\/v2\/posts\/33353\/revisions"}],"predecessor-version":[{"id":33354,"href":"https:\/\/digidem-bayern.de\/en\/wp-json\/wp\/v2\/posts\/33353\/revisions\/33354"}],"wp:featuredmedia":[{"embeddable":true,"href":"https:\/\/digidem-bayern.de\/en\/wp-json\/wp\/v2\/media\/33352"}],"wp:attachment":[{"href":"https:\/\/digidem-bayern.de\/en\/wp-json\/wp\/v2\/media?parent=33353"}],"wp:term":[{"taxonomy":"category","embeddable":true,"href":"https:\/\/digidem-bayern.de\/en\/wp-json\/wp\/v2\/categories?post=33353"},{"taxonomy":"post_tag","embeddable":true,"href":"https:\/\/digidem-bayern.de\/en\/wp-json\/wp\/v2\/tags?post=33353"}],"curies":[{"name":"wp","href":"https:\/\/api.w.org\/{rel}","templated":true}]}}