{"id":33182,"date":"2024-02-27T09:16:00","date_gmt":"2024-02-27T08:16:00","guid":{"rendered":"https:\/\/digidem-bayern.de\/?p=33182"},"modified":"2024-04-12T11:17:47","modified_gmt":"2024-04-12T09:17:47","slug":"wenn-schulische-demenz-aufklaerung-spass-macht","status":"publish","type":"post","link":"https:\/\/digidem-bayern.de\/en\/wenn-schulische-demenz-aufklaerung-spass-macht\/","title":{"rendered":"Erfolgreiche Demenzaufkl\u00e4rung in der Schule"},"content":{"rendered":"\n<p><strong><em>Kids4Dementia<\/em> hei\u00dft ein Programm, das Kinder \u00fcber Demenz aufkl\u00e4ren m\u00f6chte. Doch wie wirksam war die fr\u00fchzeitige Aufkl\u00e4rung, wenn die Einstellung von Sch\u00fcler*innen gegen\u00fcber Menschen mit Demenz verbessert werden soll? Wie gut lie\u00df sich das Programm in der Schule umsetzen? Das haben australische Forschende untersucht.<\/strong><\/p>\n\n\n\n<p> <\/p>\n\n\n\n<p>Mehr als 75 Prozent der Menschen mit Demenz erleben Stigmatisierung. Die Folgen sind gravierend. Stigmatisierung tr\u00e4gt zur sozialen Isolation bei und z\u00f6gert die Suche nach Diagnose und Hilfe hinaus, urteilte die Weltgesundheitsorganisation (WHO) bereits 2012. Um das gesellschaftliche Bewusstsein f\u00fcr Demenz zu sch\u00e4rfen und um etwa Stereotype abzubauen, stellen junge Menschen eine wichtige Zielgruppe dar. Die Aufkl\u00e4rung \u00fcber Demenz durch Schulen k\u00f6nne alle Kinder unabh\u00e4ngig von ihrer Erfahrung mit Menschen mit Demenz informieren, hei\u00dft es in der Studie. &nbsp;<\/p>\n\n\n<div class=\"wp-block-image\">\n<figure class=\"alignright size-full is-resized\"><img loading=\"lazy\" decoding=\"async\" width=\"1000\" height=\"667\" src=\"https:\/\/digidem-bayern.de\/wp-content\/uploads\/2024\/02\/shutterstock_schueler-wissen-2016787982.jpg\" alt=\"Aufkl\u00e4rung und Wissensvermittlung \u00fcber Demenz und damit der Abbau von Stigmata kann gar nicht fr\u00fch genug beginnen.\" class=\"wp-image-33198\" style=\"width:526px;height:auto\" srcset=\"https:\/\/digidem-bayern.de\/wp-content\/uploads\/2024\/02\/shutterstock_schueler-wissen-2016787982.jpg 1000w, https:\/\/digidem-bayern.de\/wp-content\/uploads\/2024\/02\/shutterstock_schueler-wissen-2016787982-300x200.jpg 300w, https:\/\/digidem-bayern.de\/wp-content\/uploads\/2024\/02\/shutterstock_schueler-wissen-2016787982-768x512.jpg 768w, https:\/\/digidem-bayern.de\/wp-content\/uploads\/2024\/02\/shutterstock_schueler-wissen-2016787982-525x350.jpg 525w\" sizes=\"auto, (max-width: 1000px) 100vw, 1000px\" \/><figcaption class=\"wp-element-caption\">Foto: Shutterstock<\/figcaption><\/figure>\n<\/div>\n\n\n<p><strong>Animationen, Videos und Denkspiele<\/strong><\/p>\n\n\n\n<p><em>Kids4Dementia<\/em> ist ein multimediales Demenzaufkl\u00e4rungsprogramm, das australische Forschende entwickelt haben und das sich an 9- bis 12-J\u00e4hrige richtet. Vorkenntnisse seitens der Lehrer*innen waren nicht notwendig. Zu dem Programm geh\u00f6rte eine Webseite mit sieben Modulen, die mittels Animationen und Videos unterschiedliche Aspekte rund um das Thema Demenz veranschaulichte und \u201eGeschichten erz\u00e4hlte\u201c. Hauptdarsteller waren hierbei ein 10-j\u00e4hriger Junge, seine 12-j\u00e4hrige Schwester und ihr Gro\u00dfvater, der sich etwas anders verhielt als sonst. Ebenso beliebt waren etwa eingebaute Denkspiele, die den Sch\u00fcler*innen Spa\u00df bereiteten.<\/p>\n\n\n\n<p>203 Sch\u00fcler*innen nahmen an dem Programm teil, 67 davon befanden sich in der Kontrollgruppe. Sowohl vor als auch nach der Durchf\u00fchrung des Aufkl\u00e4rungsprogramm wurden mit Hilfe des Fragebogens &#8222;Kids Insight into Dementia Survey (KIDS)&#8220; Daten bez\u00fcglich der Einstellung der Kinder gegen\u00fcber Menschen mit Demenz erhoben.<\/p>\n\n\n\n<p><strong>Mehr Einf\u00fchlungsverm\u00f6gen und Empathie<\/strong><\/p>\n\n\n\n<p>Ob <em>Kids4Dementia<\/em> die Einstellung von Kindern gegen\u00fcber Menschen mit Demenz verbessert hat, beantworteten die Forschenden mit einem klaren \u201eJa\u201c. Die Einstellungsverbesserung war besonders ausgepr\u00e4gt bei Sch\u00fcler*innen, die noch nie von Demenz geh\u00f6rt hatten, so die Studie. \u201eDas Programm war f\u00fcr Lehrer und Sch\u00fcler akzeptabel und ansprechend\u201c und best\u00e4tigte zudem eine Verbesserung des Einf\u00fchlungsverm\u00f6gens. So urteilte ein Junge \u00fcber den zuk\u00fcnftigen Kontakt mit Menschen mit Demenz: \u201eIch h\u00e4tte nicht gewusst, was ich tun sollte, ich h\u00e4tte wahrscheinlich Angst bekommen&#8230; jetzt w\u00fcrde ich ihnen helfen und [\u2026] wie einen normalen Menschen behandeln\u201c. Festgestellt wurde auch eine verst\u00e4rkte Empathie f\u00fcr Menschen mit Demenz und ihre Angeh\u00f6rige.<\/p>\n\n\n\n<p><strong>Wissensvermehrung und Weiterempfehlung<\/strong><\/p>\n\n\n\n<p>Auch erweiterte das Programm das Wissen der Sch\u00fcler*innen. So erfuhr der Nachwuchs, dass Demenz \u201enicht ansteckend\u201c ist und dass auch Menschen im Alter zwischen 30 und 40 Jahren eine Demenz entwickeln k\u00f6nnen. Auch die Lehrer*innen stellten dem Programm eine gute Note aus. Sie wollten es anderen Lehrer*innen weiterempfehlen. Die Forschenden konnten also ein positives Fazit ziehen: \u201eDie Ergebnisse liefern vorl\u00e4ufige Belege f\u00fcr die Wirksamkeit von <em>Kids4Dementia<\/em> als ansprechendes, von Interessengruppen geleitetes und auf den Lehrplan abgestimmtes Aufkl\u00e4rungsprogramm zum Thema Demenz.\u201c<\/p>\n\n\n\n<p><strong>Tipp f\u00fcr die Praxis: <\/strong>Die Studie zeigt, dass die Aufkl\u00e4rung und Wissensvermittlung \u00fcber Demenz und damit der Abbau von Stigmata gar nicht fr\u00fch genug beginnen kann. Auch Kinder sind bereits sehr empf\u00e4nglich f\u00fcr das Thema Demenz. Eine M\u00f6glichkeit zur Vermittlung von Demenzwissen, auch f\u00fcr Kinder, stellt unser digiDEM Bayern-Wissenstest Demenz dar.<\/p>\n\n\n\n<p>Hier geht\u2019s zu der Studie:<\/p>\n\n\n\n<p><a href=\"https:\/\/journals.sagepub.com\/doi\/full\/10.1177\/1471301217731385\">The Kids4Dementia education program is effective in improving children\u2019s attitudes towards dementia<\/a><\/p>\n\n\n\n<p style=\"font-size:20px\">Testen Sie jetzt Ihr Demenzwissen. <a href=\"https:\/\/digidem-bayern.de\/digitales-angebot-digidem-wissenstest-alzheimer-demenz\/\">Hier geht\u2019s zum digiDEM Bayern-Wissenstest Demenz.<\/a><\/p>\n\n\n\n<div style=\"height:20px\" aria-hidden=\"true\" class=\"wp-block-spacer\"><\/div>\n\n\n\n<div style=\"height:20px\" aria-hidden=\"true\" class=\"wp-block-spacer\"><\/div>\n","protected":false},"excerpt":{"rendered":"<p>Kids4Dementia hei\u00dft ein Programm, das Kinder \u00fcber Demenz aufkl\u00e4ren m\u00f6chte. Doch wie wirksam war die fr\u00fchzeitige Aufkl\u00e4rung, wenn die Einstellung von Sch\u00fcler*innen gegen\u00fcber Menschen mit Demenz verbessert werden soll? Wie gut lie\u00df sich das Programm in der Schule umsetzen? Das haben australische Forschende untersucht. Mehr als 75 Prozent der Menschen &hellip;<\/p>","protected":false},"author":12,"featured_media":33198,"comment_status":"open","ping_status":"closed","sticky":false,"template":"","format":"standard","meta":{"qubely_global_settings":"","qubely_interactions":"","_uag_custom_page_level_css":"","footnotes":""},"categories":[5],"tags":[13,959,691,12,203,474,960,14,17,55,962,963,961,957,79,958,512],"class_list":["post-33182","post","type-post","status-publish","format-standard","has-post-thumbnail","hentry","category-wissenschaft-forschung","tag-alzheimer","tag-animation","tag-aufklaerung","tag-demenz-2","tag-demenzpraevention","tag-demenzwissen","tag-denkspiele","tag-digidem","tag-digidem-bayern","tag-digitales-demenzregister-bayern","tag-einfuehlungsvermoegen","tag-empathie","tag-nicht-ansteckend","tag-schueler","tag-stigmatisierung","tag-videos","tag-wissenstest-demenz"],"qubely_featured_image_url":{"full":["https:\/\/digidem-bayern.de\/wp-content\/uploads\/2024\/02\/shutterstock_schueler-wissen-2016787982.jpg",1000,667,false],"landscape":["https:\/\/digidem-bayern.de\/wp-content\/uploads\/2024\/02\/shutterstock_schueler-wissen-2016787982.jpg",1000,667,false],"portraits":["https:\/\/digidem-bayern.de\/wp-content\/uploads\/2024\/02\/shutterstock_schueler-wissen-2016787982-540x320.jpg",540,320,true],"thumbnail":["https:\/\/digidem-bayern.de\/wp-content\/uploads\/2024\/02\/shutterstock_schueler-wissen-2016787982-80x80.jpg",80,80,true],"medium":["https:\/\/digidem-bayern.de\/wp-content\/uploads\/2024\/02\/shutterstock_schueler-wissen-2016787982-300x200.jpg",300,200,true],"medium_large":["https:\/\/digidem-bayern.de\/wp-content\/uploads\/2024\/02\/shutterstock_schueler-wissen-2016787982-768x512.jpg",768,512,true],"large":["https:\/\/digidem-bayern.de\/wp-content\/uploads\/2024\/02\/shutterstock_schueler-wissen-2016787982.jpg",1000,667,false],"1536x1536":["https:\/\/digidem-bayern.de\/wp-content\/uploads\/2024\/02\/shutterstock_schueler-wissen-2016787982.jpg",1000,667,false],"2048x2048":["https:\/\/digidem-bayern.de\/wp-content\/uploads\/2024\/02\/shutterstock_schueler-wissen-2016787982.jpg",1000,667,false],"trp-custom-language-flag":["https:\/\/digidem-bayern.de\/wp-content\/uploads\/2024\/02\/shutterstock_schueler-wissen-2016787982.jpg",18,12,false],"qubely_landscape":["https:\/\/digidem-bayern.de\/wp-content\/uploads\/2024\/02\/shutterstock_schueler-wissen-2016787982.jpg",1000,667,false],"qubely_portrait":["https:\/\/digidem-bayern.de\/wp-content\/uploads\/2024\/02\/shutterstock_schueler-wissen-2016787982-540x320.jpg",540,320,true],"qubely_thumbnail":["https:\/\/digidem-bayern.de\/wp-content\/uploads\/2024\/02\/shutterstock_schueler-wissen-2016787982-140x100.jpg",140,100,true],"post-thumbnail":["https:\/\/digidem-bayern.de\/wp-content\/uploads\/2024\/02\/shutterstock_schueler-wissen-2016787982-525x350.jpg",525,350,true],"kahuna-featured":["https:\/\/digidem-bayern.de\/wp-content\/uploads\/2024\/02\/shutterstock_schueler-wissen-2016787982-734x350.jpg",734,350,true],"kahuna-featured-lp":["https:\/\/digidem-bayern.de\/wp-content\/uploads\/2024\/02\/shutterstock_schueler-wissen-2016787982-520x350.jpg",520,350,true],"kahuna-featured-half":["https:\/\/digidem-bayern.de\/wp-content\/uploads\/2024\/02\/shutterstock_schueler-wissen-2016787982-800x350.jpg",800,350,true],"kahuna-featured-third":["https:\/\/digidem-bayern.de\/wp-content\/uploads\/2024\/02\/shutterstock_schueler-wissen-2016787982-512x350.jpg",512,350,true],"kahuna-lpbox-1":["https:\/\/digidem-bayern.de\/wp-content\/uploads\/2024\/02\/shutterstock_schueler-wissen-2016787982-520x300.jpg",520,300,true],"kahuna-lpbox-2":["https:\/\/digidem-bayern.de\/wp-content\/uploads\/2024\/02\/shutterstock_schueler-wissen-2016787982-520x350.jpg",520,350,true],"demand-language-flag":["https:\/\/digidem-bayern.de\/wp-content\/uploads\/2024\/02\/shutterstock_schueler-wissen-2016787982-36x36.jpg",36,36,true],"dddkt-language-flag":["https:\/\/digidem-bayern.de\/wp-content\/uploads\/2024\/02\/shutterstock_schueler-wissen-2016787982-36x36.jpg",36,36,true],"ddiqc-language-flag":["https:\/\/digidem-bayern.de\/wp-content\/uploads\/2024\/02\/shutterstock_schueler-wissen-2016787982-36x36.jpg",36,36,true],"ddtl-language-flag":["https:\/\/digidem-bayern.de\/wp-content\/uploads\/2024\/02\/shutterstock_schueler-wissen-2016787982-36x36.jpg",36,36,true],"mailpoet_newsletter_max":["https:\/\/digidem-bayern.de\/wp-content\/uploads\/2024\/02\/shutterstock_schueler-wissen-2016787982.jpg",1000,667,false],"kahuna-lpbox-3":["https:\/\/digidem-bayern.de\/wp-content\/uploads\/2024\/02\/shutterstock_schueler-wissen-2016787982-520x350.jpg",520,350,true],"kahuna-featured-square":["https:\/\/digidem-bayern.de\/wp-content\/uploads\/2024\/02\/shutterstock_schueler-wissen-2016787982-512x512.jpg",512,512,true],"kahuna-featured-square-large":["https:\/\/digidem-bayern.de\/wp-content\/uploads\/2024\/02\/shutterstock_schueler-wissen-2016787982.jpg",1000,667,false]},"qubely_author":{"display_name":"Ilona H\u00f6rath","author_link":"https:\/\/digidem-bayern.de\/en\/author\/hoeratia\/"},"qubely_comment":0,"qubely_category":"<a href=\"https:\/\/digidem-bayern.de\/en\/category\/wissenschaft-forschung\/\" rel=\"category tag\">Wissenschaft &amp; Forschung<\/a>","qubely_excerpt":"Kids4Dementia hei\u00dft ein Programm, das Kinder \u00fcber Demenz aufkl\u00e4ren m\u00f6chte. Doch wie wirksam war die fr\u00fchzeitige Aufkl\u00e4rung, wenn die Einstellung von Sch\u00fcler*innen gegen\u00fcber Menschen mit Demenz verbessert werden soll? Wie gut lie\u00df sich das Programm in der Schule umsetzen? Das haben australische Forschende untersucht. Mehr als 75 Prozent der Menschen &hellip;","featured_image_urls_v2":{"full":["https:\/\/digidem-bayern.de\/wp-content\/uploads\/2024\/02\/shutterstock_schueler-wissen-2016787982.jpg",1000,667,false],"thumbnail":["https:\/\/digidem-bayern.de\/wp-content\/uploads\/2024\/02\/shutterstock_schueler-wissen-2016787982-80x80.jpg",80,80,true],"medium":["https:\/\/digidem-bayern.de\/wp-content\/uploads\/2024\/02\/shutterstock_schueler-wissen-2016787982-300x200.jpg",300,200,true],"medium_large":["https:\/\/digidem-bayern.de\/wp-content\/uploads\/2024\/02\/shutterstock_schueler-wissen-2016787982-768x512.jpg",768,512,true],"large":["https:\/\/digidem-bayern.de\/wp-content\/uploads\/2024\/02\/shutterstock_schueler-wissen-2016787982.jpg",1000,667,false],"1536x1536":["https:\/\/digidem-bayern.de\/wp-content\/uploads\/2024\/02\/shutterstock_schueler-wissen-2016787982.jpg",1000,667,false],"2048x2048":["https:\/\/digidem-bayern.de\/wp-content\/uploads\/2024\/02\/shutterstock_schueler-wissen-2016787982.jpg",1000,667,false],"trp-custom-language-flag":["https:\/\/digidem-bayern.de\/wp-content\/uploads\/2024\/02\/shutterstock_schueler-wissen-2016787982.jpg",18,12,false],"qubely_landscape":["https:\/\/digidem-bayern.de\/wp-content\/uploads\/2024\/02\/shutterstock_schueler-wissen-2016787982.jpg",1000,667,false],"qubely_portrait":["https:\/\/digidem-bayern.de\/wp-content\/uploads\/2024\/02\/shutterstock_schueler-wissen-2016787982-540x320.jpg",540,320,true],"qubely_thumbnail":["https:\/\/digidem-bayern.de\/wp-content\/uploads\/2024\/02\/shutterstock_schueler-wissen-2016787982-140x100.jpg",140,100,true],"post-thumbnail":["https:\/\/digidem-bayern.de\/wp-content\/uploads\/2024\/02\/shutterstock_schueler-wissen-2016787982-525x350.jpg",525,350,true],"kahuna-featured":["https:\/\/digidem-bayern.de\/wp-content\/uploads\/2024\/02\/shutterstock_schueler-wissen-2016787982-734x350.jpg",734,350,true],"kahuna-featured-lp":["https:\/\/digidem-bayern.de\/wp-content\/uploads\/2024\/02\/shutterstock_schueler-wissen-2016787982-520x350.jpg",520,350,true],"kahuna-featured-half":["https:\/\/digidem-bayern.de\/wp-content\/uploads\/2024\/02\/shutterstock_schueler-wissen-2016787982-800x350.jpg",800,350,true],"kahuna-featured-third":["https:\/\/digidem-bayern.de\/wp-content\/uploads\/2024\/02\/shutterstock_schueler-wissen-2016787982-512x350.jpg",512,350,true],"kahuna-lpbox-1":["https:\/\/digidem-bayern.de\/wp-content\/uploads\/2024\/02\/shutterstock_schueler-wissen-2016787982-520x300.jpg",520,300,true],"kahuna-lpbox-2":["https:\/\/digidem-bayern.de\/wp-content\/uploads\/2024\/02\/shutterstock_schueler-wissen-2016787982-520x350.jpg",520,350,true],"demand-language-flag":["https:\/\/digidem-bayern.de\/wp-content\/uploads\/2024\/02\/shutterstock_schueler-wissen-2016787982-36x36.jpg",36,36,true],"dddkt-language-flag":["https:\/\/digidem-bayern.de\/wp-content\/uploads\/2024\/02\/shutterstock_schueler-wissen-2016787982-36x36.jpg",36,36,true],"ddiqc-language-flag":["https:\/\/digidem-bayern.de\/wp-content\/uploads\/2024\/02\/shutterstock_schueler-wissen-2016787982-36x36.jpg",36,36,true],"ddtl-language-flag":["https:\/\/digidem-bayern.de\/wp-content\/uploads\/2024\/02\/shutterstock_schueler-wissen-2016787982-36x36.jpg",36,36,true],"mailpoet_newsletter_max":["https:\/\/digidem-bayern.de\/wp-content\/uploads\/2024\/02\/shutterstock_schueler-wissen-2016787982.jpg",1000,667,false],"kahuna-lpbox-3":["https:\/\/digidem-bayern.de\/wp-content\/uploads\/2024\/02\/shutterstock_schueler-wissen-2016787982-520x350.jpg",520,350,true],"kahuna-featured-square":["https:\/\/digidem-bayern.de\/wp-content\/uploads\/2024\/02\/shutterstock_schueler-wissen-2016787982-512x512.jpg",512,512,true],"kahuna-featured-square-large":["https:\/\/digidem-bayern.de\/wp-content\/uploads\/2024\/02\/shutterstock_schueler-wissen-2016787982.jpg",1000,667,false]},"post_excerpt_stackable_v2":"<p>Kids4Dementia hei\u00dft ein Programm, das Kinder \u00fcber Demenz aufkl\u00e4ren m\u00f6chte. Doch wie wirksam war die fr\u00fchzeitige Aufkl\u00e4rung, wenn die Einstellung von Sch\u00fcler*innen gegen\u00fcber Menschen mit Demenz verbessert werden soll? Wie gut lie\u00df sich das Programm in der Schule umsetzen? Das haben australische Forschende untersucht. Mehr als 75 Prozent der Menschen mit Demenz erleben Stigmatisierung. Die Folgen sind gravierend. Stigmatisierung tr\u00e4gt zur sozialen Isolation bei und z\u00f6gert die Suche nach Diagnose und Hilfe hinaus, urteilte die Weltgesundheitsorganisation (WHO) bereits 2012. Um das gesellschaftliche Bewusstsein f\u00fcr Demenz zu sch\u00e4rfen und um etwa Stereotype abzubauen, stellen junge Menschen eine wichtige Zielgruppe dar. Die&hellip;<\/p>\n","category_list_v2":"<a href=\"https:\/\/digidem-bayern.de\/en\/category\/wissenschaft-forschung\/\" rel=\"category tag\">Wissenschaft &amp; Forschung<\/a>","author_info_v2":{"name":"Ilona H\u00f6rath","url":"https:\/\/digidem-bayern.de\/en\/author\/hoeratia\/"},"comments_num_v2":"0 comments","yoast_head":"<!-- This site is optimized with the Yoast SEO plugin v27.4 - https:\/\/yoast.com\/product\/yoast-seo-wordpress\/ -->\n<title>Erfolgreiche Demenzaufkl\u00e4rung in der Schule - digiDEM Bayern<\/title>\n<meta name=\"description\" content=\"Der Bayerische Landesapothekerkammer unterst\u00fctzt digiDEM Bayern mit Hilfe des Netzwerks &quot;Demenzfreundliche Apotheken&quot;.\" \/>\n<meta name=\"robots\" content=\"index, follow, max-snippet:-1, max-image-preview:large, max-video-preview:-1\" \/>\n<link rel=\"canonical\" href=\"https:\/\/digidem-bayern.de\/en\/wenn-schulische-demenz-aufklaerung-spass-macht\/\" \/>\n<meta property=\"og:locale\" content=\"en_US\" \/>\n<meta property=\"og:type\" content=\"article\" \/>\n<meta property=\"og:title\" content=\"Erfolgreiche Demenzaufkl\u00e4rung in der Schule - digiDEM Bayern\" \/>\n<meta property=\"og:description\" content=\"Der Bayerische Landesapothekerkammer unterst\u00fctzt digiDEM Bayern mit Hilfe des Netzwerks &quot;Demenzfreundliche Apotheken&quot;.\" \/>\n<meta property=\"og:url\" content=\"https:\/\/digidem-bayern.de\/en\/wenn-schulische-demenz-aufklaerung-spass-macht\/\" \/>\n<meta property=\"og:site_name\" content=\"digiDEM Bayern\" \/>\n<meta property=\"article:publisher\" content=\"https:\/\/www.facebook.com\/digiDEMBayern\/\" \/>\n<meta property=\"article:published_time\" content=\"2024-02-27T08:16:00+00:00\" \/>\n<meta property=\"article:modified_time\" content=\"2024-04-12T09:17:47+00:00\" \/>\n<meta property=\"og:image\" content=\"https:\/\/digidem-bayern.de\/wp-content\/uploads\/2024\/02\/shutterstock_schueler-wissen-2016787982.jpg\" \/>\n\t<meta property=\"og:image:width\" content=\"1000\" \/>\n\t<meta property=\"og:image:height\" content=\"667\" \/>\n\t<meta property=\"og:image:type\" content=\"image\/jpeg\" \/>\n<meta name=\"author\" content=\"Ilona H\u00f6rath\" \/>\n<meta name=\"twitter:label1\" content=\"Written by\" \/>\n\t<meta name=\"twitter:data1\" content=\"Ilona H\u00f6rath\" \/>\n\t<meta name=\"twitter:label2\" content=\"Est. reading time\" \/>\n\t<meta name=\"twitter:data2\" content=\"2 minutes\" \/>\n<script type=\"application\/ld+json\" class=\"yoast-schema-graph\">{\"@context\":\"https:\\\/\\\/schema.org\",\"@graph\":[{\"@type\":\"Article\",\"@id\":\"https:\\\/\\\/digidem-bayern.de\\\/wenn-schulische-demenz-aufklaerung-spass-macht\\\/#article\",\"isPartOf\":{\"@id\":\"https:\\\/\\\/digidem-bayern.de\\\/wenn-schulische-demenz-aufklaerung-spass-macht\\\/\"},\"author\":{\"name\":\"Ilona H\u00f6rath\",\"@id\":\"\\\/#\\\/schema\\\/person\\\/0bc1494f46fc2a051c761322a80e0941\"},\"headline\":\"Erfolgreiche Demenzaufkl\u00e4rung in der Schule\",\"datePublished\":\"2024-02-27T08:16:00+00:00\",\"dateModified\":\"2024-04-12T09:17:47+00:00\",\"mainEntityOfPage\":{\"@id\":\"https:\\\/\\\/digidem-bayern.de\\\/wenn-schulische-demenz-aufklaerung-spass-macht\\\/\"},\"wordCount\":596,\"commentCount\":0,\"publisher\":{\"@id\":\"\\\/#organization\"},\"image\":{\"@id\":\"https:\\\/\\\/digidem-bayern.de\\\/wenn-schulische-demenz-aufklaerung-spass-macht\\\/#primaryimage\"},\"thumbnailUrl\":\"https:\\\/\\\/digidem-bayern.de\\\/wp-content\\\/uploads\\\/2024\\\/02\\\/shutterstock_schueler-wissen-2016787982.jpg\",\"keywords\":[\"Alzheimer\",\"Animation\",\"Aufkl\u00e4rung\",\"Demenz\",\"Demenzpr\u00e4vention\",\"Demenzwissen\",\"Denkspiele\",\"digidem\",\"digidem Bayern\",\"Digitales Demenzregister Bayern\",\"Einf\u00fchlungsverm\u00f6gen\",\"Empathie\",\"nicht ansteckend\",\"Sch\u00fcler\",\"Stigmatisierung\",\"Videos\",\"Wissenstest Demenz\"],\"articleSection\":[\"Wissenschaft &amp; Forschung\"],\"inLanguage\":\"en-US\",\"potentialAction\":[{\"@type\":\"CommentAction\",\"name\":\"Comment\",\"target\":[\"https:\\\/\\\/digidem-bayern.de\\\/wenn-schulische-demenz-aufklaerung-spass-macht\\\/#respond\"]}]},{\"@type\":\"WebPage\",\"@id\":\"https:\\\/\\\/digidem-bayern.de\\\/wenn-schulische-demenz-aufklaerung-spass-macht\\\/\",\"url\":\"https:\\\/\\\/digidem-bayern.de\\\/wenn-schulische-demenz-aufklaerung-spass-macht\\\/\",\"name\":\"Erfolgreiche Demenzaufkl\u00e4rung in der Schule - digiDEM Bayern\",\"isPartOf\":{\"@id\":\"\\\/#website\"},\"primaryImageOfPage\":{\"@id\":\"https:\\\/\\\/digidem-bayern.de\\\/wenn-schulische-demenz-aufklaerung-spass-macht\\\/#primaryimage\"},\"image\":{\"@id\":\"https:\\\/\\\/digidem-bayern.de\\\/wenn-schulische-demenz-aufklaerung-spass-macht\\\/#primaryimage\"},\"thumbnailUrl\":\"https:\\\/\\\/digidem-bayern.de\\\/wp-content\\\/uploads\\\/2024\\\/02\\\/shutterstock_schueler-wissen-2016787982.jpg\",\"datePublished\":\"2024-02-27T08:16:00+00:00\",\"dateModified\":\"2024-04-12T09:17:47+00:00\",\"description\":\"Der Bayerische Landesapothekerkammer unterst\u00fctzt digiDEM Bayern mit Hilfe des Netzwerks \\\"Demenzfreundliche Apotheken\\\".\",\"breadcrumb\":{\"@id\":\"https:\\\/\\\/digidem-bayern.de\\\/wenn-schulische-demenz-aufklaerung-spass-macht\\\/#breadcrumb\"},\"inLanguage\":\"en-US\",\"potentialAction\":[{\"@type\":\"ReadAction\",\"target\":[\"https:\\\/\\\/digidem-bayern.de\\\/wenn-schulische-demenz-aufklaerung-spass-macht\\\/\"]}]},{\"@type\":\"ImageObject\",\"inLanguage\":\"en-US\",\"@id\":\"https:\\\/\\\/digidem-bayern.de\\\/wenn-schulische-demenz-aufklaerung-spass-macht\\\/#primaryimage\",\"url\":\"https:\\\/\\\/digidem-bayern.de\\\/wp-content\\\/uploads\\\/2024\\\/02\\\/shutterstock_schueler-wissen-2016787982.jpg\",\"contentUrl\":\"https:\\\/\\\/digidem-bayern.de\\\/wp-content\\\/uploads\\\/2024\\\/02\\\/shutterstock_schueler-wissen-2016787982.jpg\",\"width\":1000,\"height\":667,\"caption\":\"Foto: Shutterstock\"},{\"@type\":\"BreadcrumbList\",\"@id\":\"https:\\\/\\\/digidem-bayern.de\\\/wenn-schulische-demenz-aufklaerung-spass-macht\\\/#breadcrumb\",\"itemListElement\":[{\"@type\":\"ListItem\",\"position\":1,\"name\":\"Startseite\",\"item\":\"https:\\\/\\\/digidem-bayern.de\\\/\"},{\"@type\":\"ListItem\",\"position\":2,\"name\":\"Erfolgreiche Demenzaufkl\u00e4rung in der Schule\"}]},{\"@type\":\"WebSite\",\"@id\":\"\\\/#website\",\"url\":\"\\\/\",\"name\":\"digiDEM Bayern\",\"description\":\"Das digitale Demenzregister Bayern erforscht und verbessert die Angebotsstuktur f\u00fcr Menschen mit Demenz und deren Angeh\u00f6rige\",\"publisher\":{\"@id\":\"\\\/#organization\"},\"potentialAction\":[{\"@type\":\"SearchAction\",\"target\":{\"@type\":\"EntryPoint\",\"urlTemplate\":\"\\\/?s={search_term_string}\"},\"query-input\":{\"@type\":\"PropertyValueSpecification\",\"valueRequired\":true,\"valueName\":\"search_term_string\"}}],\"inLanguage\":\"en-US\"},{\"@type\":\"Organization\",\"@id\":\"\\\/#organization\",\"name\":\"digiDEM Bayern\",\"url\":\"\\\/\",\"logo\":{\"@type\":\"ImageObject\",\"inLanguage\":\"en-US\",\"@id\":\"\\\/#\\\/schema\\\/logo\\\/image\\\/\",\"url\":\"https:\\\/\\\/digidem-bayern.de\\\/wp-content\\\/uploads\\\/2022\\\/03\\\/cropped-Allgemeines_digiDEMLOGO-removebg-preview.png\",\"contentUrl\":\"https:\\\/\\\/digidem-bayern.de\\\/wp-content\\\/uploads\\\/2022\\\/03\\\/cropped-Allgemeines_digiDEMLOGO-removebg-preview.png\",\"width\":612,\"height\":357,\"caption\":\"digiDEM Bayern\"},\"image\":{\"@id\":\"\\\/#\\\/schema\\\/logo\\\/image\\\/\"},\"sameAs\":[\"https:\\\/\\\/www.facebook.com\\\/digiDEMBayern\\\/\",\"https:\\\/\\\/x.com\\\/digidem_bayern\",\"https:\\\/\\\/www.instagram.com\\\/digidem.bayern\",\"https:\\\/\\\/www.linkedin.com\\\/company\\\/digidem-bayern\\\/\"]},{\"@type\":\"Person\",\"@id\":\"\\\/#\\\/schema\\\/person\\\/0bc1494f46fc2a051c761322a80e0941\",\"name\":\"Ilona H\u00f6rath\",\"url\":\"https:\\\/\\\/digidem-bayern.de\\\/en\\\/author\\\/hoeratia\\\/\"}]}<\/script>\n<!-- \/ Yoast SEO plugin. -->","yoast_head_json":{"title":"Erfolgreiche Demenzaufkl\u00e4rung in der Schule - digiDEM Bayern","description":"Der Bayerische Landesapothekerkammer unterst\u00fctzt digiDEM Bayern mit Hilfe des Netzwerks \"Demenzfreundliche Apotheken\".","robots":{"index":"index","follow":"follow","max-snippet":"max-snippet:-1","max-image-preview":"max-image-preview:large","max-video-preview":"max-video-preview:-1"},"canonical":"https:\/\/digidem-bayern.de\/en\/wenn-schulische-demenz-aufklaerung-spass-macht\/","og_locale":"en_US","og_type":"article","og_title":"Erfolgreiche Demenzaufkl\u00e4rung in der Schule - digiDEM Bayern","og_description":"Der Bayerische Landesapothekerkammer unterst\u00fctzt digiDEM Bayern mit Hilfe des Netzwerks \"Demenzfreundliche Apotheken\".","og_url":"https:\/\/digidem-bayern.de\/en\/wenn-schulische-demenz-aufklaerung-spass-macht\/","og_site_name":"digiDEM Bayern","article_publisher":"https:\/\/www.facebook.com\/digiDEMBayern\/","article_published_time":"2024-02-27T08:16:00+00:00","article_modified_time":"2024-04-12T09:17:47+00:00","og_image":[{"width":1000,"height":667,"url":"https:\/\/digidem-bayern.de\/wp-content\/uploads\/2024\/02\/shutterstock_schueler-wissen-2016787982.jpg","type":"image\/jpeg"}],"author":"Ilona H\u00f6rath","twitter_misc":{"Written by":"Ilona H\u00f6rath","Est. reading time":"2 minutes"},"schema":{"@context":"https:\/\/schema.org","@graph":[{"@type":"Article","@id":"https:\/\/digidem-bayern.de\/wenn-schulische-demenz-aufklaerung-spass-macht\/#article","isPartOf":{"@id":"https:\/\/digidem-bayern.de\/wenn-schulische-demenz-aufklaerung-spass-macht\/"},"author":{"name":"Ilona H\u00f6rath","@id":"\/#\/schema\/person\/0bc1494f46fc2a051c761322a80e0941"},"headline":"Erfolgreiche Demenzaufkl\u00e4rung in der Schule","datePublished":"2024-02-27T08:16:00+00:00","dateModified":"2024-04-12T09:17:47+00:00","mainEntityOfPage":{"@id":"https:\/\/digidem-bayern.de\/wenn-schulische-demenz-aufklaerung-spass-macht\/"},"wordCount":596,"commentCount":0,"publisher":{"@id":"\/#organization"},"image":{"@id":"https:\/\/digidem-bayern.de\/wenn-schulische-demenz-aufklaerung-spass-macht\/#primaryimage"},"thumbnailUrl":"https:\/\/digidem-bayern.de\/wp-content\/uploads\/2024\/02\/shutterstock_schueler-wissen-2016787982.jpg","keywords":["Alzheimer","Animation","Aufkl\u00e4rung","Demenz","Demenzpr\u00e4vention","Demenzwissen","Denkspiele","digidem","digidem Bayern","Digitales Demenzregister Bayern","Einf\u00fchlungsverm\u00f6gen","Empathie","nicht ansteckend","Sch\u00fcler","Stigmatisierung","Videos","Wissenstest Demenz"],"articleSection":["Wissenschaft &amp; Forschung"],"inLanguage":"en-US","potentialAction":[{"@type":"CommentAction","name":"Comment","target":["https:\/\/digidem-bayern.de\/wenn-schulische-demenz-aufklaerung-spass-macht\/#respond"]}]},{"@type":"WebPage","@id":"https:\/\/digidem-bayern.de\/wenn-schulische-demenz-aufklaerung-spass-macht\/","url":"https:\/\/digidem-bayern.de\/wenn-schulische-demenz-aufklaerung-spass-macht\/","name":"Erfolgreiche Demenzaufkl\u00e4rung in der Schule - digiDEM Bayern","isPartOf":{"@id":"\/#website"},"primaryImageOfPage":{"@id":"https:\/\/digidem-bayern.de\/wenn-schulische-demenz-aufklaerung-spass-macht\/#primaryimage"},"image":{"@id":"https:\/\/digidem-bayern.de\/wenn-schulische-demenz-aufklaerung-spass-macht\/#primaryimage"},"thumbnailUrl":"https:\/\/digidem-bayern.de\/wp-content\/uploads\/2024\/02\/shutterstock_schueler-wissen-2016787982.jpg","datePublished":"2024-02-27T08:16:00+00:00","dateModified":"2024-04-12T09:17:47+00:00","description":"Der Bayerische Landesapothekerkammer unterst\u00fctzt digiDEM Bayern mit Hilfe des Netzwerks \"Demenzfreundliche Apotheken\".","breadcrumb":{"@id":"https:\/\/digidem-bayern.de\/wenn-schulische-demenz-aufklaerung-spass-macht\/#breadcrumb"},"inLanguage":"en-US","potentialAction":[{"@type":"ReadAction","target":["https:\/\/digidem-bayern.de\/wenn-schulische-demenz-aufklaerung-spass-macht\/"]}]},{"@type":"ImageObject","inLanguage":"en-US","@id":"https:\/\/digidem-bayern.de\/wenn-schulische-demenz-aufklaerung-spass-macht\/#primaryimage","url":"https:\/\/digidem-bayern.de\/wp-content\/uploads\/2024\/02\/shutterstock_schueler-wissen-2016787982.jpg","contentUrl":"https:\/\/digidem-bayern.de\/wp-content\/uploads\/2024\/02\/shutterstock_schueler-wissen-2016787982.jpg","width":1000,"height":667,"caption":"Foto: Shutterstock"},{"@type":"BreadcrumbList","@id":"https:\/\/digidem-bayern.de\/wenn-schulische-demenz-aufklaerung-spass-macht\/#breadcrumb","itemListElement":[{"@type":"ListItem","position":1,"name":"Startseite","item":"https:\/\/digidem-bayern.de\/"},{"@type":"ListItem","position":2,"name":"Erfolgreiche Demenzaufkl\u00e4rung in der Schule"}]},{"@type":"WebSite","@id":"\/#website","url":"\/","name":"digiDEM Bavaria","description":"The digital dementia register in Bavaria researches and improves the structure of services for people with dementia and their relatives","publisher":{"@id":"\/#organization"},"potentialAction":[{"@type":"SearchAction","target":{"@type":"EntryPoint","urlTemplate":"\/?s={search_term_string}"},"query-input":{"@type":"PropertyValueSpecification","valueRequired":true,"valueName":"search_term_string"}}],"inLanguage":"en-US"},{"@type":"Organization","@id":"\/#organization","name":"digiDEM Bavaria","url":"\/","logo":{"@type":"ImageObject","inLanguage":"en-US","@id":"\/#\/schema\/logo\/image\/","url":"https:\/\/digidem-bayern.de\/wp-content\/uploads\/2022\/03\/cropped-Allgemeines_digiDEMLOGO-removebg-preview.png","contentUrl":"https:\/\/digidem-bayern.de\/wp-content\/uploads\/2022\/03\/cropped-Allgemeines_digiDEMLOGO-removebg-preview.png","width":612,"height":357,"caption":"digiDEM Bayern"},"image":{"@id":"\/#\/schema\/logo\/image\/"},"sameAs":["https:\/\/www.facebook.com\/digiDEMBayern\/","https:\/\/x.com\/digidem_bayern","https:\/\/www.instagram.com\/digidem.bayern","https:\/\/www.linkedin.com\/company\/digidem-bayern\/"]},{"@type":"Person","@id":"\/#\/schema\/person\/0bc1494f46fc2a051c761322a80e0941","name":"Ilona H\u00f6rath","url":"https:\/\/digidem-bayern.de\/en\/author\/hoeratia\/"}]}},"uagb_featured_image_src":{"full":["https:\/\/digidem-bayern.de\/wp-content\/uploads\/2024\/02\/shutterstock_schueler-wissen-2016787982.jpg",1000,667,false],"thumbnail":["https:\/\/digidem-bayern.de\/wp-content\/uploads\/2024\/02\/shutterstock_schueler-wissen-2016787982-80x80.jpg",80,80,true],"medium":["https:\/\/digidem-bayern.de\/wp-content\/uploads\/2024\/02\/shutterstock_schueler-wissen-2016787982-300x200.jpg",300,200,true],"medium_large":["https:\/\/digidem-bayern.de\/wp-content\/uploads\/2024\/02\/shutterstock_schueler-wissen-2016787982-768x512.jpg",768,512,true],"large":["https:\/\/digidem-bayern.de\/wp-content\/uploads\/2024\/02\/shutterstock_schueler-wissen-2016787982.jpg",1000,667,false],"1536x1536":["https:\/\/digidem-bayern.de\/wp-content\/uploads\/2024\/02\/shutterstock_schueler-wissen-2016787982.jpg",1000,667,false],"2048x2048":["https:\/\/digidem-bayern.de\/wp-content\/uploads\/2024\/02\/shutterstock_schueler-wissen-2016787982.jpg",1000,667,false],"trp-custom-language-flag":["https:\/\/digidem-bayern.de\/wp-content\/uploads\/2024\/02\/shutterstock_schueler-wissen-2016787982.jpg",18,12,false],"qubely_landscape":["https:\/\/digidem-bayern.de\/wp-content\/uploads\/2024\/02\/shutterstock_schueler-wissen-2016787982.jpg",1000,667,false],"qubely_portrait":["https:\/\/digidem-bayern.de\/wp-content\/uploads\/2024\/02\/shutterstock_schueler-wissen-2016787982-540x320.jpg",540,320,true],"qubely_thumbnail":["https:\/\/digidem-bayern.de\/wp-content\/uploads\/2024\/02\/shutterstock_schueler-wissen-2016787982-140x100.jpg",140,100,true],"post-thumbnail":["https:\/\/digidem-bayern.de\/wp-content\/uploads\/2024\/02\/shutterstock_schueler-wissen-2016787982-525x350.jpg",525,350,true],"kahuna-featured":["https:\/\/digidem-bayern.de\/wp-content\/uploads\/2024\/02\/shutterstock_schueler-wissen-2016787982-734x350.jpg",734,350,true],"kahuna-featured-lp":["https:\/\/digidem-bayern.de\/wp-content\/uploads\/2024\/02\/shutterstock_schueler-wissen-2016787982-520x350.jpg",520,350,true],"kahuna-featured-half":["https:\/\/digidem-bayern.de\/wp-content\/uploads\/2024\/02\/shutterstock_schueler-wissen-2016787982-800x350.jpg",800,350,true],"kahuna-featured-third":["https:\/\/digidem-bayern.de\/wp-content\/uploads\/2024\/02\/shutterstock_schueler-wissen-2016787982-512x350.jpg",512,350,true],"kahuna-lpbox-1":["https:\/\/digidem-bayern.de\/wp-content\/uploads\/2024\/02\/shutterstock_schueler-wissen-2016787982-520x300.jpg",520,300,true],"kahuna-lpbox-2":["https:\/\/digidem-bayern.de\/wp-content\/uploads\/2024\/02\/shutterstock_schueler-wissen-2016787982-520x350.jpg",520,350,true],"demand-language-flag":["https:\/\/digidem-bayern.de\/wp-content\/uploads\/2024\/02\/shutterstock_schueler-wissen-2016787982-36x36.jpg",36,36,true],"dddkt-language-flag":["https:\/\/digidem-bayern.de\/wp-content\/uploads\/2024\/02\/shutterstock_schueler-wissen-2016787982-36x36.jpg",36,36,true],"ddiqc-language-flag":["https:\/\/digidem-bayern.de\/wp-content\/uploads\/2024\/02\/shutterstock_schueler-wissen-2016787982-36x36.jpg",36,36,true],"ddtl-language-flag":["https:\/\/digidem-bayern.de\/wp-content\/uploads\/2024\/02\/shutterstock_schueler-wissen-2016787982-36x36.jpg",36,36,true],"mailpoet_newsletter_max":["https:\/\/digidem-bayern.de\/wp-content\/uploads\/2024\/02\/shutterstock_schueler-wissen-2016787982.jpg",1000,667,false],"kahuna-lpbox-3":["https:\/\/digidem-bayern.de\/wp-content\/uploads\/2024\/02\/shutterstock_schueler-wissen-2016787982-520x350.jpg",520,350,true],"kahuna-featured-square":["https:\/\/digidem-bayern.de\/wp-content\/uploads\/2024\/02\/shutterstock_schueler-wissen-2016787982-512x512.jpg",512,512,true],"kahuna-featured-square-large":["https:\/\/digidem-bayern.de\/wp-content\/uploads\/2024\/02\/shutterstock_schueler-wissen-2016787982.jpg",1000,667,false]},"uagb_author_info":{"display_name":"Ilona H\u00f6rath","author_link":"https:\/\/digidem-bayern.de\/en\/author\/hoeratia\/"},"uagb_comment_info":0,"uagb_excerpt":"Kids4Dementia hei\u00dft ein Programm, das Kinder \u00fcber Demenz aufkl\u00e4ren m\u00f6chte. Doch wie wirksam war die fr\u00fchzeitige Aufkl\u00e4rung, wenn die Einstellung von Sch\u00fcler*innen gegen\u00fcber Menschen mit Demenz verbessert werden soll? Wie gut lie\u00df sich das Programm in der Schule umsetzen? Das haben australische Forschende untersucht. Mehr als 75 Prozent der Menschen &hellip;","_links":{"self":[{"href":"https:\/\/digidem-bayern.de\/en\/wp-json\/wp\/v2\/posts\/33182","targetHints":{"allow":["GET"]}}],"collection":[{"href":"https:\/\/digidem-bayern.de\/en\/wp-json\/wp\/v2\/posts"}],"about":[{"href":"https:\/\/digidem-bayern.de\/en\/wp-json\/wp\/v2\/types\/post"}],"author":[{"embeddable":true,"href":"https:\/\/digidem-bayern.de\/en\/wp-json\/wp\/v2\/users\/12"}],"replies":[{"embeddable":true,"href":"https:\/\/digidem-bayern.de\/en\/wp-json\/wp\/v2\/comments?post=33182"}],"version-history":[{"count":6,"href":"https:\/\/digidem-bayern.de\/en\/wp-json\/wp\/v2\/posts\/33182\/revisions"}],"predecessor-version":[{"id":33220,"href":"https:\/\/digidem-bayern.de\/en\/wp-json\/wp\/v2\/posts\/33182\/revisions\/33220"}],"wp:featuredmedia":[{"embeddable":true,"href":"https:\/\/digidem-bayern.de\/en\/wp-json\/wp\/v2\/media\/33198"}],"wp:attachment":[{"href":"https:\/\/digidem-bayern.de\/en\/wp-json\/wp\/v2\/media?parent=33182"}],"wp:term":[{"taxonomy":"category","embeddable":true,"href":"https:\/\/digidem-bayern.de\/en\/wp-json\/wp\/v2\/categories?post=33182"},{"taxonomy":"post_tag","embeddable":true,"href":"https:\/\/digidem-bayern.de\/en\/wp-json\/wp\/v2\/tags?post=33182"}],"curies":[{"name":"wp","href":"https:\/\/api.w.org\/{rel}","templated":true}]}}